{"id":116899,"date":"2013-01-16T02:44:40","date_gmt":"2013-01-16T01:44:40","guid":{"rendered":"http:\/\/somos.vicencianos.org\/?p=116899"},"modified":"2013-01-16T02:44:40","modified_gmt":"2013-01-16T01:44:40","slug":"anales-celebra-sus-bodas-de-brillantes-1968","status":"publish","type":"post","link":"http:\/\/vincentians.com\/es\/anales-celebra-sus-bodas-de-brillantes-1968\/","title":{"rendered":"\u00abAnales\u00bb celebra sus bodas de brillantes (1968)"},"content":{"rendered":"<p><a href=\"http:\/\/vicencianos.org\/blog\/2013\/01\/16\/anales-celebra-sus-bodas-de-brillantes-1968\/anales\/\" rel=\"attachment wp-att-116920\"><img data-recalc-dims=\"1\" loading=\"lazy\" decoding=\"async\" class=\"alignleft size-full wp-image-116920\" alt=\"anales\" src=\"https:\/\/i0.wp.com\/vicencianos.org\/wp-content\/2012\/12\/anales.jpg?resize=227%2C335\" width=\"227\" height=\"335\" \/><\/a>Siempre hab\u00eda yo cre\u00eddo que al cumplir los setenta y cinco a\u00f1os de un suceso, principalmente de un matrimo\u00adnio, se celebraban las Bodas de Diamante, pero que. como es tan dif\u00edcil llegar a esta fecha, la costumbre hab\u00eda admi\u00adtido adelantarlas a los sesenta a\u00f1os. Pero consultando aho\u00adra un buen diccionario me he enterado que las Bodas de Diamante \u2014de Diamantes dice all\u00ed\u2014 se celebran realmente a los sesenta a\u00f1os. Y que al cumplir los setenta y cinco a\u00f1os se llaman Bodas de Brillantes. Fiado en esto he pues\u00adto el t\u00edtulo. Nuestros ANALES celebran, pues, en estos d\u00edas las Bodas de Brillantes, o sea, sus setenta y cinco a\u00f1os de existencia, puesto que comenzaron a publicarse en el a\u00f1o 1893.<\/p>\n<p>Creemos que es muy conveniente una conmemoraci\u00f3n un poco a fondo de esta grata efem\u00e9rides, pues ella nos podr\u00e1 servir, en primer lugar al Director para repesar su actuaci\u00f3n y sus criterios compar\u00e1ndolos con los de sus predecesores, tanto para ver sus aciertos como sus defec\u00adtos, y despu\u00e9s para ense\u00f1anza de los lectores y m\u00e1s a\u00fan de los colaboradores, sobre todo de los comprometidos. Hagamos primero una descripci\u00f3n de la colecci\u00f3n tal como se encuentra en nuestro archivo provincial.<\/p>\n<p>Mir\u00e1ndola por fuera echamos de ver que la colecci\u00f3n de la Revista consta de 75 vol\u00famenes, uno por cada uno de los setenta y cinco a\u00f1os de su existencia. Se ha mantenido constante \u2014como buen testigo de la tradici\u00f3n\u2014 en el formato, el mismo de su hermana mayor la de Par\u00eds, aun\u00adque \u00faltimamente las dos hab\u00edan crecido un poquito. En cuanto a la enumeraci\u00f3n de los tomos, hasta 1956 hab\u00eda ido con mucha regularidad, poni\u00e9ndose un tomo cada a\u00f1o, aunque algunos fueran incompletos; mas desde este a\u00f1o hubo varios despistes, manteniendo el mismo tomo por va\u00adrios a\u00f1os, por lo que en 1964 se dio un salto para acomo\u00addar la numeraci\u00f3n a la realidad de los a\u00f1os, pasando del tomo LXVI al LXXII, seg\u00fan lo exig\u00eda la cronolog\u00eda y la realidad de los vol\u00famenes encuadernados. Lo malo es que en seguida hubo otro despiste que en el pasado febrero ha habido que subsanar. Estamos, pues, ahora en el tomo &#8217;76, cumplidos ya los tres cuartos de siglo.<\/p>\n<p>Respecto del mes de su comienzo no se puede precisar mucho. El primer volumen comienza diciendo: Tomo I, n\u00famero 1.\u00b0, pero ya no hay ninguna otra indicaci\u00f3n. Por n\u00fameros sueltos que se han conservado se ve que fueron cuatro los n\u00fameros que se publicaron en el a\u00f1o, o sea, que era publicaci\u00f3n trimestral. Pero como el primer n\u00famero era traducci\u00f3n del primero de la edici\u00f3n de Par\u00eds, no es posible que tambi\u00e9n aqu\u00ed se publicara en enero; as\u00ed que ser\u00eda en febrero o m\u00e1s probablemente marzo.<\/p>\n<p>Vamos ahora a hacer un poco de historia, se\u00f1alando sus vicisitudes y sus novedades m\u00e1s se\u00f1aladas. Las distri\u00adbuiremos en per\u00edodos, seg\u00fan los diversos Directores que se fueron sucediendo.<\/p>\n<p>PERIODO 1.\u00b0 \u2014 DIRECCION DEL P. ELADIO ALVAREZ (A\u00f1os 1893-18951<\/p>\n<p>Sin duda alguna, el impulso de la publicaci\u00f3n de ANA\u00adLES tuvo que proceder del Visitador, P. Eladio Arn\u00e1iz, aunque en el Archivo no se ha podido encontrar el menor indicio de ello, ya que ni siquiera en las Actas del Consejo provincial se hace la menor alusi\u00f3n a ello. Confi\u00f3 su Direc\u00adci\u00f3n a uno de los Profesores de la Casa Central, todav\u00eda joven, el P. Eladio Alvarez, que ya hab\u00eda mostrado sus afi\u00adciones literarias traduciendo el libro del P. Aladel sobre la Medalla Milagrosa, publicado en 1881 y m\u00e1s tarde en 1895. En realidad s\u00f3lo se sabe que tuvo esta Direcci\u00f3n de ANA\u00adLES por una carta suya posterior. Su nombre no aparece en la Revista m\u00e1s que en la lista de difuntos del a\u00f1o 1897. Es bien extra\u00f1o que, llevando s\u00f3lo dos a\u00f1os en esta <b>Direc\u00adci\u00f3n, le destinaron, <\/b>un <b>poco violentamente, <\/b>fuera de Madrid, a Badajoz, aunque pasando antes unos d\u00edas \u2014de Ejercicios Espirituales\u2014 en \u00c1vila. A\u00fan es m\u00e1s extra\u00f1o que all\u00ed, despu\u00e9s de dos a\u00f1os igualmente, falleci\u00f3 de una pul\u00admon\u00eda cuando s\u00f3lo contaba cuarenta y seis a\u00f1os de edad, si bien nunca hab\u00eda tenido muy buena salud. Pero la ex\u00adtra\u00f1eza llega al colmo al ver que en ANALES no se dijo ni una palabra de esta defunci\u00f3n, y, sobre todo, que, ha\u00adbi\u00e9ndose publicado en los. ANALES de Par\u00eds una nota necrol\u00f3gica extremadamente laudatoria mandada, por el Pa\u00addre Villarejo, que hab\u00eda presenciado su muerte edificant\u00ed\u00adsima, en la edici\u00f3n espa\u00f1ola, que en este tiempo, corno ve\u00adremos, apenas era m\u00e1s que una traducci\u00f3n de aqu\u00e9lla, se suprimi\u00f3 dicho elogio.<\/p>\n<p>Pero volvamos atr\u00e1s ya a la Revista misma. Ya se ha indicado que el primer n\u00famero es traducci\u00f3n del que aca\u00adbaba de salir en Par\u00eds con el mismo t\u00edtulo, si bien \u00e9ste iba ya en el tomo LIX. Todo al pie de la letra, con relatos de todo el mundo, incluso con una biograf\u00eda de un Padre po\u00adlaco que ocupaba 37 p\u00e1ginas. Por otra carta del mismo Pa\u00addre: Alvarez nos enteramos de que no hac\u00eda \u00e9l solo la traducci\u00f3n, sino que la compart\u00eda con los PP. Llad\u00f3, Janices, Sola y Campomar. La \u00fanica diferencia que tiene con el ori\u00adginal es que, como la traducci\u00f3n sal\u00eda ocupando dos p\u00e1ginas m\u00e1s, para no pasar de los 60 del original, hubieron de suprimir la \u00faltima carta (casi todo eran cartas), que ocupaba precisamente dos p\u00e1ginas, y as\u00ed qued\u00f3 en todas sus dimensiones igual que la edici\u00f3n francesa.<\/p>\n<p>El 2.\u00b0 n\u00famero contin\u00faa igual. Si viene algo de Espa\u00f1a es porque estaba en la edici\u00f3n francesa. Son dos cartas seguidas: una del P. Villarejo al M. R. P. General, con la, narraci\u00f3n de un curso de misiones en la di\u00f3cesis de Ma\u00addrid, que ocupaba tres p\u00e1ginas y media, y otra al mismo de la Superiora de Santa Isabel, que cuenta la inaugura\u00adci\u00f3n de las Escuelas. Tienen que apretar la impresi\u00f3n, no dejando espacios en blanco para no adelantarse a la pa\u00adginaci\u00f3n del original, consiguiendo incluso con ello lo con\u00adtrario, y as\u00ed pueden meter, adem\u00e1s, las dos p\u00e1ginas que no cupieron en el n\u00famero anterior.<\/p>\n<p>El tercer n\u00famero comienza en las dos ediciones con un elogio a la edici\u00f3n espa\u00f1ola de ANALES seguido de una carta del M. R. P. Fiat al Visitador de Espa\u00f1a, P. Eladio Arn\u00e1iz, sobre el mismo. As\u00ed como al final del n\u00famero 2: se atrevieron ya a suprimir un anuncio de dos libros, que ven\u00eda al final, ahora se atreven con un interesante elenco de art\u00edculos de los Anales de Par\u00eds referentes a Espa\u00f1a, Cuba y Filipinas, que segu\u00eda a la citada carta laudatoria del P. Fiat quit\u00e1ndolo de all\u00ed, seg\u00fan afirma en nota y pas\u00e1ndolo al final del primer tomo. Y a\u00fan se atreven a m\u00e1s. Suprimen algunas cr\u00f3nicas menos interesantes, y, en su lugar, comienzan a publicar una \u00abHistoria de la Congre\u00adgaci\u00f3n de la Misi\u00f3n en Espa\u00f1a\u00bb, que en este n\u00famero se reduce a los intentos de fundaci\u00f3n en Espa\u00f1a en tiempos de San Vicente. Asimismo comienza a publicarse una bio\u00adgraf\u00eda del P. Mariano Maller, el anterior Visitador, falleci\u00addo hac\u00eda algo m\u00e1s de un a\u00f1o.<\/p>\n<p>Para el n\u00famero 4, \u00faltimo del tomo o a\u00f1o no encuen\u00adtran nada referente a Espa\u00f1a en la edici\u00f3n francesa, y ellos, despu\u00e9s de copiar lo referente a Francia, contin\u00faan la \u00abHis\u00adtoria de la Provincia de Espa\u00f1a\u00bb, y avisando en nota que no pueden continuar la biograf\u00eda empezada del P. Maller, ponen en su lugar la que \u00e9l hab\u00eda escrito del P. Borja, con\u00adsiderado por muchos como el m\u00e1s santo de los pa\u00fales espa\u00f1oles. Por cierto que al a\u00f1o siguiente la publicaron tam\u00adbi\u00e9n, aunque resumida, los Anales de Par\u00eds. A\u00fan hicieron lugar a una carta de un Padre del Colegio de Murgu\u00eda, que comunicaba a un antiguo condisc\u00edpulo detalles sumamente edificantes de la muerte de una Hija de la Caridad, Sor Josefa Herreros, fallecida en el Colegio de las Hermanas de dicha villa con se\u00f1ales extraordinarias de predestina\u00adci\u00f3n, incluso con repetidos anuncios de la fecha exacta de su muerte, hechos cuando estaba, al menos al parecer, en perfecta salud. Con esto y dos relatos de gracias atribuidas a la Medalla Milagrosa y al Beato Juan Gabriel Perboyre, ya llenan cerca de 30 p\u00e1ginas, que es un poco menos de la 11.<sup>a<\/sup> parte del total.<\/p>\n<p>El tomo II, correspondiente al a\u00f1o 1894, comienza co\u00admunicando a los lectores que la edici\u00f3n francesa de. Anales ha llegado ya a celebrar lo que ahora se llama las Bodas de Diamante, o sea, los sesenta a\u00f1os de vida. Aprovecha la ocasi\u00f3n para justificar la existencia de esta Revista, adu\u00adciendo las palabras y los ejemplos del mismo San Vicente, y aun copiando una larga r\u00e9plica del mismo contra los que no ve\u00edan bien que se publicaran los hechos edificantes de los misioneros. Y contin\u00faa luego citando palabras de va- r\u00edos Superiores generales sobre lo mismo, especialmente del P. Bor\u00e9, que, antes de ser Superior General, hab\u00eda sido durante bastante tiempo Director de los Anales, y que ex\u00adhortaba encarecidamente a todos a colaborar con m\u00e1s entusiasmo y constancia en esta obra. Asimismo otras del M. R. P. Fiat en que anima a que se publiquen Anales en varias lenguas, a\u00f1adiendo que Espa\u00f1a era la primera Pro\u00advincia que hab\u00eda secundado sus deseos.<\/p>\n<p>A continuaci\u00f3n anuncia una novedad: que, en adelante, al final de cada n\u00famero ir\u00e1n dos cuadernillos de suple\u00admento, con distinta paginaci\u00f3n, de modo que luego se pue\u00adda formar un tomo aparte. En realidad no siempre fueron fieles a la promesa, pues algunos n\u00fameros no tienen nada, tal vez por exceso de original. Y aun parece que pronto se cansaron y cambiaron de parecer. El Suplemento llevaba por t\u00edtulo: \u00abNoticias de los Sacerdotes, Cl\u00e9rigos y Coad, jutores ya difuntos de la Congregaci\u00f3n de la Misi\u00f3n\u00bb. Era la traducci\u00f3n de un libro que se iba publicando en Par\u00eds y que lleg\u00f3 a tener cinco tomos. Aqu\u00ed, no se ve claro por qu\u00e9, comienzan a publicar el tomo <a href=\"http:\/\/iii.se\/\">III se<\/a> encuentra tradu\u00adcido todo \u00e9l, parece que se complet\u00f3 m\u00e1s tarde indepen\u00addientemente de los Anales. Por eso en la portada, que se ve que es a\u00f1adida, lleva por fecha el a\u00f1o 1912. Respecto de los otros tornos, que son biograf\u00edas de los primeras compa\u00f1eros de San Vicente, el que esto escribe tiene un recuerdo personal de que, siendo Seminarista, all\u00e1 por el a\u00f1o 1923 \u00f3 24, le encomendaron, ya que estaba estudiando franc\u00e9s, la traducci\u00f3n de una de esas biograf\u00edas, la del Padre Francisco Fournier, que est\u00e1 en el tomo I y sabe que todo ese tomo fue repartido entre varios para traducirlo y publicarlo, todo ello por encargo del P. Eduardo Talar, Procurador provincial. Mas la cosa no lleg\u00f3 a t\u00e9rmino.<\/p>\n<p>Sin embargo, la informaci\u00f3n, sobre Espa\u00f1a a\u00fan no au\u00admenta. En todo el a\u00f1o apenas ponen cinco p\u00e1ginas de con\u00adtinuaci\u00f3n de la Historia de la Provincia; terminan la del Padre Borja; a\u00f1aden una peque\u00f1a biograf\u00eda del P. Nicol\u00e1s Arn\u00e1iz, Hermano del P. Visitador, y por cierto, redactada por un amigo suyo<sup>,<\/sup> seglar, y con otras cositas no llegan m\u00e1s que a un total de 66 p\u00e1ginas, que no llega a la 8-<sup>a<\/sup> par te del total.<\/p>\n<p>El tomo III, ya no dirigido todo \u00e9l por el P. Alvarez, comienza con largas relaciones de las Fiestas, Triduos y Novenas para solemnizar la reci\u00e9n instituida fiesta de. la Medalla Milagrosa. No s\u00f3lo se recogen las celebradas en las iglesias de Padres y Hermanas en Madrid, sino tam\u00adbi\u00e9n varias de provincias. Se empiezan ya a relatar misio\u00adnes varias; se cuenta brevemente la fundaci\u00f3n de la Casa de Paredes y con notable amplitud la de Las Palmas de Gran Canaria. Se describe tambi\u00e9n largamente la inaugu\u00adraci\u00f3n de la capilla del Colegio de los PP. de Murgu\u00eda. Con todo esto ya se llega a pasar un poco de las 100 p\u00e1ginas, sobre un total de 610. No es todav\u00eda mucho, pero ya son verdaderas noticias de la actividad de la Provincia.<\/p>\n<p>Claro que no vamos a continuar en este plan toda la colecci\u00f3n; pero los comienzos de las cosas siempre recaban de los historiadores una atenci\u00f3n especial.<\/p>\n<p>II PERIODO: DIRECCION DEL PADRE FRANCISCO MASFERRER<\/p>\n<p>No vamos a dar una extensa biograf\u00eda de este segundo Director de ANALES aunque el personaje se lo merece. S\u00f3lo pondremos escuetamente los datos de su ficha exis\u00adtente en el Archivo provincial.<\/p>\n<p>Nacido en Osor, provincia de Gerona, el 14 de octubre de 1844, ingres\u00f3 en la Congregaci\u00f3n a los diecinueve a\u00f1os. Estar\u00eda comenzando el estudio de la Teolog\u00eda cuando so\u00adbrevino la revoluci\u00f3n del 68, en cuyo centenario estamos y que habr\u00e1 que recordar tambi\u00e9n en ANALES por el in\u00adflujo que tuvo en el desarrollo de la Congregaci\u00f3n. Con esta ocasi\u00f3n fue destinado a Filipinas, donde estuvo nueve a\u00f1os. No se sabe bien por qu\u00e9 \u2014el Visitador P. Maller se queja en carta escrita en Germantown (Estados Unidos) de que le hayan tra\u00eddo porque hac\u00eda falta para las misiones de Barcelona y luego le hayan destinado a Sig\u00fcenza\u2014 a poco le trajeron a Madrid para sustituir al P. Llad\u00f3 como Director del Seminario interno. A pesar de ser de muy buen esp\u00edritu, se dice que ten\u00eda bastantes rarezas y tal vez por eso le mandaron el a\u00f1o 1889 a la reci\u00e9n fundada Casa de Arcos (Burgos). Parece que all\u00ed no cuaj\u00f3 pues al a\u00f1o si\u00adguiente se le encuentra en Barcelona de Asistente de la Casa y a poco de Superior. Y de aqu\u00ed le arrancan en el momento de la destituci\u00f3n del anterior Director de ANA\u00adLES para que le sustituyera tanto en esta direcci\u00f3n como el oficio de Profesor de Moral del Estudiantado.<\/p>\n<p>Se mantiene en la direcci\u00f3n de ANALES durante seis a\u00f1os. Contin\u00faa la marcha de su antecesor, ampliando po\u00adquito a poco el material de casa con noticias no s\u00f3lo de Espa\u00f1a, sino tal vez m\u00e1s de las provincias filiales de Cuba, M\u00e9jico y Filipinas. El tomo V ya pasa de 160 p\u00e1ginas reservadas: a Espa\u00f1a y sus provincias filiales. Como este to\u00admo corresponde al a\u00f1o 1898, el a\u00f1o de la p\u00e9rdida de nues\u00adtras colonias, hay en \u00e9l, y m\u00e1s en los dos siguientes mucho material referente a las peripecias de Padres y Hermanas en las guerras de Cuba y Filipinas. Todav\u00eda en el tomo <b>IX, <\/b>que fue el \u00faltimo que dirigi\u00f3, y s\u00f3lo a medias el P. Masferrer, a pesar de las m\u00faltiples relaciones de las fiestas de la Beatificaci\u00f3n del Beato Francisco Regis Clet y de la amplia descripci\u00f3n, con preciosas ilustraciones gr\u00e1ficas de las 200 p\u00e1ginas, cuando la paginaci\u00f3n del tomo da casi las 700 p\u00e1ginas.<\/p>\n<p>En agosto de 1901 cedi\u00f3 el P. Masferrer su encomienda a otras manos m\u00e1s j\u00f3venes, y a poco le destinaron a su tierra natal de Catalu\u00f1a, donde muri\u00f3 a los setenta y tres a\u00f1os.<\/p>\n","protected":false},"excerpt":{"rendered":"<p>Siempre hab\u00eda yo cre\u00eddo que al cumplir los setenta y cinco a\u00f1os de un suceso, principalmente de un matrimo\u00adnio, se celebraban las Bodas de Diamante, pero que. como es tan dif\u00edcil llegar a esta fecha, &#8230; <a href=\"http:\/\/vincentians.com\/es\/anales-celebra-sus-bodas-de-brillantes-1968\/\" class=\"more-link\">Read More<\/a><\/p>\n","protected":false},"author":4,"featured_media":116920,"comment_status":"open","ping_status":"open","sticky":false,"template":"","format":"standard","meta":{"jetpack_post_was_ever_published":false,"_jetpack_newsletter_access":"","_jetpack_dont_email_post_to_subs":false,"_jetpack_newsletter_tier_id":0,"_jetpack_memberships_contains_paywalled_content":false,"_jetpack_memberships_contains_paid_content":false,"footnotes":"","jetpack_publicize_message":"","jetpack_publicize_feature_enabled":true,"jetpack_social_post_already_shared":true,"jetpack_social_options":{"image_generator_settings":{"template":"highway","default_image_id":0,"font":"","enabled":false},"version":2}},"categories":[170],"tags":[196],"class_list":["post-116899","post","type-post","status-publish","format-standard","has-post-thumbnail","hentry","category-documentos-de-la-congregacion-de-la-mision","tag-perboyre"],"yoast_head":"<!-- This site is optimized with the Yoast SEO plugin v26.3 - https:\/\/yoast.com\/wordpress\/plugins\/seo\/ -->\n<title>&quot;Anales&quot; celebra sus bodas de brillantes (1968) - Somos Vicencianos<\/title>\n<meta name=\"robots\" content=\"index, follow, max-snippet:-1, max-image-preview:large, max-video-preview:-1\" \/>\n<link rel=\"canonical\" href=\"http:\/\/vincentians.com\/es\/anales-celebra-sus-bodas-de-brillantes-1968\/\" \/>\n<meta property=\"og:locale\" content=\"es_ES\" \/>\n<meta property=\"og:type\" content=\"article\" \/>\n<meta property=\"og:title\" content=\"&quot;Anales&quot; celebra sus bodas de brillantes (1968) - Somos Vicencianos\" \/>\n<meta property=\"og:description\" content=\"Siempre hab\u00eda yo cre\u00eddo que al cumplir los setenta y cinco a\u00f1os de un suceso, principalmente de un matrimo\u00adnio, se celebraban las Bodas de Diamante, pero que. como es tan dif\u00edcil llegar a esta fecha, ... Read More\" \/>\n<meta property=\"og:url\" content=\"http:\/\/vincentians.com\/es\/anales-celebra-sus-bodas-de-brillantes-1968\/\" \/>\n<meta property=\"og:site_name\" content=\"Somos Vicencianos\" \/>\n<meta property=\"article:publisher\" content=\"https:\/\/www.facebook.com\/WeAreVincentians\/\" \/>\n<meta property=\"article:author\" content=\"https:\/\/www.facebook.com\/JavierChento\" \/>\n<meta property=\"article:published_time\" content=\"2013-01-16T01:44:40+00:00\" \/>\n<meta name=\"author\" content=\"Francisco Javier Fern\u00e1ndez Chento\" \/>\n<meta name=\"twitter:card\" content=\"summary_large_image\" \/>\n<meta name=\"twitter:creator\" content=\"@https:\/\/twitter.com\/javierchento\" \/>\n<meta name=\"twitter:site\" content=\"@WeVincentians\" \/>\n<meta name=\"twitter:label1\" content=\"Escrito por\" \/>\n\t<meta name=\"twitter:data1\" content=\"Francisco Javier Fern\u00e1ndez Chento\" \/>\n\t<meta name=\"twitter:label2\" content=\"Tiempo de lectura\" \/>\n\t<meta name=\"twitter:data2\" content=\"14 minutos\" \/>\n<script type=\"application\/ld+json\" class=\"yoast-schema-graph\">{\"@context\":\"https:\/\/schema.org\",\"@graph\":[{\"@type\":\"Article\",\"@id\":\"http:\/\/vincentians.com\/es\/anales-celebra-sus-bodas-de-brillantes-1968\/#article\",\"isPartOf\":{\"@id\":\"http:\/\/vincentians.com\/es\/anales-celebra-sus-bodas-de-brillantes-1968\/\"},\"author\":{\"name\":\"Francisco Javier Fern\u00e1ndez Chento\",\"@id\":\"http:\/\/vincentians.com\/es\/#\/schema\/person\/9623ef4d9aa3b2dfb8c061f1499288f2\"},\"headline\":\"\u00abAnales\u00bb celebra sus bodas de brillantes (1968)\",\"datePublished\":\"2013-01-16T01:44:40+00:00\",\"mainEntityOfPage\":{\"@id\":\"http:\/\/vincentians.com\/es\/anales-celebra-sus-bodas-de-brillantes-1968\/\"},\"wordCount\":2732,\"commentCount\":0,\"publisher\":{\"@id\":\"http:\/\/vincentians.com\/es\/#organization\"},\"image\":{\"@id\":\"http:\/\/vincentians.com\/es\/anales-celebra-sus-bodas-de-brillantes-1968\/#primaryimage\"},\"thumbnailUrl\":\"\",\"keywords\":[\"Perboyre\"],\"articleSection\":[\"Documentos de la Congregaci\u00f3n de la Misi\u00f3n\"],\"inLanguage\":\"es\",\"potentialAction\":[{\"@type\":\"CommentAction\",\"name\":\"Comment\",\"target\":[\"http:\/\/vincentians.com\/es\/anales-celebra-sus-bodas-de-brillantes-1968\/#respond\"]}]},{\"@type\":\"WebPage\",\"@id\":\"http:\/\/vincentians.com\/es\/anales-celebra-sus-bodas-de-brillantes-1968\/\",\"url\":\"http:\/\/vincentians.com\/es\/anales-celebra-sus-bodas-de-brillantes-1968\/\",\"name\":\"\\\"Anales\\\" celebra sus bodas de brillantes (1968) - Somos Vicencianos\",\"isPartOf\":{\"@id\":\"http:\/\/vincentians.com\/es\/#website\"},\"primaryImageOfPage\":{\"@id\":\"http:\/\/vincentians.com\/es\/anales-celebra-sus-bodas-de-brillantes-1968\/#primaryimage\"},\"image\":{\"@id\":\"http:\/\/vincentians.com\/es\/anales-celebra-sus-bodas-de-brillantes-1968\/#primaryimage\"},\"thumbnailUrl\":\"\",\"datePublished\":\"2013-01-16T01:44:40+00:00\",\"breadcrumb\":{\"@id\":\"http:\/\/vincentians.com\/es\/anales-celebra-sus-bodas-de-brillantes-1968\/#breadcrumb\"},\"inLanguage\":\"es\",\"potentialAction\":[{\"@type\":\"ReadAction\",\"target\":[\"http:\/\/vincentians.com\/es\/anales-celebra-sus-bodas-de-brillantes-1968\/\"]}]},{\"@type\":\"ImageObject\",\"inLanguage\":\"es\",\"@id\":\"http:\/\/vincentians.com\/es\/anales-celebra-sus-bodas-de-brillantes-1968\/#primaryimage\",\"url\":\"\",\"contentUrl\":\"\"},{\"@type\":\"BreadcrumbList\",\"@id\":\"http:\/\/vincentians.com\/es\/anales-celebra-sus-bodas-de-brillantes-1968\/#breadcrumb\",\"itemListElement\":[{\"@type\":\"ListItem\",\"position\":1,\"name\":\"Portada\",\"item\":\"http:\/\/vincentians.com\/es\/\"},{\"@type\":\"ListItem\",\"position\":2,\"name\":\"\u00abAnales\u00bb celebra sus bodas de brillantes (1968)\"}]},{\"@type\":\"WebSite\",\"@id\":\"http:\/\/vincentians.com\/es\/#website\",\"url\":\"http:\/\/vincentians.com\/es\/\",\"name\":\"Somos Vicencianos\",\"description\":\"Know more to serve more\",\"publisher\":{\"@id\":\"http:\/\/vincentians.com\/es\/#organization\"},\"potentialAction\":[{\"@type\":\"SearchAction\",\"target\":{\"@type\":\"EntryPoint\",\"urlTemplate\":\"http:\/\/vincentians.com\/es\/?s={search_term_string}\"},\"query-input\":{\"@type\":\"PropertyValueSpecification\",\"valueRequired\":true,\"valueName\":\"search_term_string\"}}],\"inLanguage\":\"es\"},{\"@type\":\"Organization\",\"@id\":\"http:\/\/vincentians.com\/es\/#organization\",\"name\":\"The Vincentian Network\",\"url\":\"http:\/\/vincentians.com\/es\/\",\"logo\":{\"@type\":\"ImageObject\",\"inLanguage\":\"es\",\"@id\":\"http:\/\/vincentians.com\/es\/#\/schema\/logo\/image\/\",\"url\":\"https:\/\/i1.wp.com\/vincentians.com\/es\/wp-content\/uploads\/sites\/11\/2016\/06\/Vincentian-Network-logo-big.png?fit=778%2C778\",\"contentUrl\":\"https:\/\/i1.wp.com\/vincentians.com\/es\/wp-content\/uploads\/sites\/11\/2016\/06\/Vincentian-Network-logo-big.png?fit=778%2C778\",\"width\":778,\"height\":778,\"caption\":\"The Vincentian Network\"},\"image\":{\"@id\":\"http:\/\/vincentians.com\/es\/#\/schema\/logo\/image\/\"},\"sameAs\":[\"https:\/\/www.facebook.com\/WeAreVincentians\/\",\"https:\/\/x.com\/WeVincentians\"]},{\"@type\":\"Person\",\"@id\":\"http:\/\/vincentians.com\/es\/#\/schema\/person\/9623ef4d9aa3b2dfb8c061f1499288f2\",\"name\":\"Francisco Javier Fern\u00e1ndez Chento\",\"image\":{\"@type\":\"ImageObject\",\"inLanguage\":\"es\",\"@id\":\"http:\/\/vincentians.com\/es\/#\/schema\/person\/image\/\",\"url\":\"https:\/\/secure.gravatar.com\/avatar\/497d5cde87b4c3d097d0315953521681ba2cd523ee66e5077c3711f7021e65de?s=96&d=mm&r=g\",\"contentUrl\":\"https:\/\/secure.gravatar.com\/avatar\/497d5cde87b4c3d097d0315953521681ba2cd523ee66e5077c3711f7021e65de?s=96&d=mm&r=g\",\"caption\":\"Francisco Javier Fern\u00e1ndez Chento\"},\"description\":\"Director General y cofundador de La Red de Formaci\u00f3n Vicenciana. Javier es laico vicenciano, afiliado a la Congregaci\u00f3n de la Misi\u00f3n y miembro del Equipo de Misiones Populares de la provincia can\u00f3nica de Zaragoza (Espa\u00f1a) de la Congregaci\u00f3n de la Misi\u00f3n. Graduado en la Universidad Oberta de Catalunya con cuatro grados (Asistente de direcci\u00f3n, Gesti\u00f3n Administrativa, Recursos Humanos y Contabilidad Avanzada). Bil\u00edng\u00fce Espa\u00f1ol\/Ingl\u00e9s. gestiona y mantiene varias p\u00e1ginas web cristianas y vicencianas, incluida including La Red de Formaci\u00f3n Vicenciana, de la que es cofundador. Actualmente es responsable del \u00e1rea de Espa\u00f1ol de .famvin, la Red de Noticias de la Familia Vicenciana. Tambi\u00e9n es m\u00fasico cat\u00f3lico y ha editado varios discos. Es Director General y cofundador de Trovador, una reconocida compa\u00f1\u00eda discogr\u00e1fica critiana de Espa\u00f1a. Trabaja en las Tecnolog\u00edas de la Informaci\u00f3n, ofreciendo servicios de alojamiento, dise\u00f1o y mantenimiento Web, as\u00ed como asesoramiento, formaci\u00f3n y soluciones inform\u00e1ticas, gesti\u00f3n documental y digitalizaci\u00f3n de textos, edici\u00f3n y maquetaci\u00f3n de libros, revistas, flyers, etc.\",\"sameAs\":[\"http:\/\/chento.org\",\"https:\/\/www.facebook.com\/JavierChento\",\"https:\/\/x.com\/https:\/\/twitter.com\/javierchento\"],\"url\":\"http:\/\/vincentians.com\/es\/author\/chento\/\"}]}<\/script>\n<!-- \/ Yoast SEO plugin. -->","yoast_head_json":{"title":"\"Anales\" celebra sus bodas de brillantes (1968) - Somos Vicencianos","robots":{"index":"index","follow":"follow","max-snippet":"max-snippet:-1","max-image-preview":"max-image-preview:large","max-video-preview":"max-video-preview:-1"},"canonical":"http:\/\/vincentians.com\/es\/anales-celebra-sus-bodas-de-brillantes-1968\/","og_locale":"es_ES","og_type":"article","og_title":"\"Anales\" celebra sus bodas de brillantes (1968) - Somos Vicencianos","og_description":"Siempre hab\u00eda yo cre\u00eddo que al cumplir los setenta y cinco a\u00f1os de un suceso, principalmente de un matrimo\u00adnio, se celebraban las Bodas de Diamante, pero que. como es tan dif\u00edcil llegar a esta fecha, ... Read More","og_url":"http:\/\/vincentians.com\/es\/anales-celebra-sus-bodas-de-brillantes-1968\/","og_site_name":"Somos Vicencianos","article_publisher":"https:\/\/www.facebook.com\/WeAreVincentians\/","article_author":"https:\/\/www.facebook.com\/JavierChento","article_published_time":"2013-01-16T01:44:40+00:00","author":"Francisco Javier Fern\u00e1ndez Chento","twitter_card":"summary_large_image","twitter_creator":"@https:\/\/twitter.com\/javierchento","twitter_site":"@WeVincentians","twitter_misc":{"Escrito por":"Francisco Javier Fern\u00e1ndez Chento","Tiempo de lectura":"14 minutos"},"schema":{"@context":"https:\/\/schema.org","@graph":[{"@type":"Article","@id":"http:\/\/vincentians.com\/es\/anales-celebra-sus-bodas-de-brillantes-1968\/#article","isPartOf":{"@id":"http:\/\/vincentians.com\/es\/anales-celebra-sus-bodas-de-brillantes-1968\/"},"author":{"name":"Francisco Javier Fern\u00e1ndez Chento","@id":"http:\/\/vincentians.com\/es\/#\/schema\/person\/9623ef4d9aa3b2dfb8c061f1499288f2"},"headline":"\u00abAnales\u00bb celebra sus bodas de brillantes (1968)","datePublished":"2013-01-16T01:44:40+00:00","mainEntityOfPage":{"@id":"http:\/\/vincentians.com\/es\/anales-celebra-sus-bodas-de-brillantes-1968\/"},"wordCount":2732,"commentCount":0,"publisher":{"@id":"http:\/\/vincentians.com\/es\/#organization"},"image":{"@id":"http:\/\/vincentians.com\/es\/anales-celebra-sus-bodas-de-brillantes-1968\/#primaryimage"},"thumbnailUrl":"","keywords":["Perboyre"],"articleSection":["Documentos de la Congregaci\u00f3n de la Misi\u00f3n"],"inLanguage":"es","potentialAction":[{"@type":"CommentAction","name":"Comment","target":["http:\/\/vincentians.com\/es\/anales-celebra-sus-bodas-de-brillantes-1968\/#respond"]}]},{"@type":"WebPage","@id":"http:\/\/vincentians.com\/es\/anales-celebra-sus-bodas-de-brillantes-1968\/","url":"http:\/\/vincentians.com\/es\/anales-celebra-sus-bodas-de-brillantes-1968\/","name":"\"Anales\" celebra sus bodas de brillantes (1968) - Somos Vicencianos","isPartOf":{"@id":"http:\/\/vincentians.com\/es\/#website"},"primaryImageOfPage":{"@id":"http:\/\/vincentians.com\/es\/anales-celebra-sus-bodas-de-brillantes-1968\/#primaryimage"},"image":{"@id":"http:\/\/vincentians.com\/es\/anales-celebra-sus-bodas-de-brillantes-1968\/#primaryimage"},"thumbnailUrl":"","datePublished":"2013-01-16T01:44:40+00:00","breadcrumb":{"@id":"http:\/\/vincentians.com\/es\/anales-celebra-sus-bodas-de-brillantes-1968\/#breadcrumb"},"inLanguage":"es","potentialAction":[{"@type":"ReadAction","target":["http:\/\/vincentians.com\/es\/anales-celebra-sus-bodas-de-brillantes-1968\/"]}]},{"@type":"ImageObject","inLanguage":"es","@id":"http:\/\/vincentians.com\/es\/anales-celebra-sus-bodas-de-brillantes-1968\/#primaryimage","url":"","contentUrl":""},{"@type":"BreadcrumbList","@id":"http:\/\/vincentians.com\/es\/anales-celebra-sus-bodas-de-brillantes-1968\/#breadcrumb","itemListElement":[{"@type":"ListItem","position":1,"name":"Portada","item":"http:\/\/vincentians.com\/es\/"},{"@type":"ListItem","position":2,"name":"\u00abAnales\u00bb celebra sus bodas de brillantes (1968)"}]},{"@type":"WebSite","@id":"http:\/\/vincentians.com\/es\/#website","url":"http:\/\/vincentians.com\/es\/","name":"Somos Vicencianos","description":"Know more to serve more","publisher":{"@id":"http:\/\/vincentians.com\/es\/#organization"},"potentialAction":[{"@type":"SearchAction","target":{"@type":"EntryPoint","urlTemplate":"http:\/\/vincentians.com\/es\/?s={search_term_string}"},"query-input":{"@type":"PropertyValueSpecification","valueRequired":true,"valueName":"search_term_string"}}],"inLanguage":"es"},{"@type":"Organization","@id":"http:\/\/vincentians.com\/es\/#organization","name":"The Vincentian Network","url":"http:\/\/vincentians.com\/es\/","logo":{"@type":"ImageObject","inLanguage":"es","@id":"http:\/\/vincentians.com\/es\/#\/schema\/logo\/image\/","url":"https:\/\/i1.wp.com\/vincentians.com\/es\/wp-content\/uploads\/sites\/11\/2016\/06\/Vincentian-Network-logo-big.png?fit=778%2C778","contentUrl":"https:\/\/i1.wp.com\/vincentians.com\/es\/wp-content\/uploads\/sites\/11\/2016\/06\/Vincentian-Network-logo-big.png?fit=778%2C778","width":778,"height":778,"caption":"The Vincentian Network"},"image":{"@id":"http:\/\/vincentians.com\/es\/#\/schema\/logo\/image\/"},"sameAs":["https:\/\/www.facebook.com\/WeAreVincentians\/","https:\/\/x.com\/WeVincentians"]},{"@type":"Person","@id":"http:\/\/vincentians.com\/es\/#\/schema\/person\/9623ef4d9aa3b2dfb8c061f1499288f2","name":"Francisco Javier Fern\u00e1ndez Chento","image":{"@type":"ImageObject","inLanguage":"es","@id":"http:\/\/vincentians.com\/es\/#\/schema\/person\/image\/","url":"https:\/\/secure.gravatar.com\/avatar\/497d5cde87b4c3d097d0315953521681ba2cd523ee66e5077c3711f7021e65de?s=96&d=mm&r=g","contentUrl":"https:\/\/secure.gravatar.com\/avatar\/497d5cde87b4c3d097d0315953521681ba2cd523ee66e5077c3711f7021e65de?s=96&d=mm&r=g","caption":"Francisco Javier Fern\u00e1ndez Chento"},"description":"Director General y cofundador de La Red de Formaci\u00f3n Vicenciana. Javier es laico vicenciano, afiliado a la Congregaci\u00f3n de la Misi\u00f3n y miembro del Equipo de Misiones Populares de la provincia can\u00f3nica de Zaragoza (Espa\u00f1a) de la Congregaci\u00f3n de la Misi\u00f3n. Graduado en la Universidad Oberta de Catalunya con cuatro grados (Asistente de direcci\u00f3n, Gesti\u00f3n Administrativa, Recursos Humanos y Contabilidad Avanzada). Bil\u00edng\u00fce Espa\u00f1ol\/Ingl\u00e9s. gestiona y mantiene varias p\u00e1ginas web cristianas y vicencianas, incluida including La Red de Formaci\u00f3n Vicenciana, de la que es cofundador. Actualmente es responsable del \u00e1rea de Espa\u00f1ol de .famvin, la Red de Noticias de la Familia Vicenciana. Tambi\u00e9n es m\u00fasico cat\u00f3lico y ha editado varios discos. Es Director General y cofundador de Trovador, una reconocida compa\u00f1\u00eda discogr\u00e1fica critiana de Espa\u00f1a. Trabaja en las Tecnolog\u00edas de la Informaci\u00f3n, ofreciendo servicios de alojamiento, dise\u00f1o y mantenimiento Web, as\u00ed como asesoramiento, formaci\u00f3n y soluciones inform\u00e1ticas, gesti\u00f3n documental y digitalizaci\u00f3n de textos, edici\u00f3n y maquetaci\u00f3n de libros, revistas, flyers, etc.","sameAs":["http:\/\/chento.org","https:\/\/www.facebook.com\/JavierChento","https:\/\/x.com\/https:\/\/twitter.com\/javierchento"],"url":"http:\/\/vincentians.com\/es\/author\/chento\/"}]}},"jetpack_publicize_connections":[],"jetpack_featured_media_url":"","jetpack_sharing_enabled":true,"jetpack_shortlink":"https:\/\/wp.me\/p7ETMF-upt","jetpack-related-posts":[{"id":57539,"url":"http:\/\/vincentians.com\/es\/sesenta-anos-de-sacerdote-1951-2011-evocaciones-y-recuerdos\/","url_meta":{"origin":116899,"position":0},"title":"Sesenta a\u00f1os de sacerdote (1951-2011). Evocaciones y recuerdos","author":"Mitxel Olabu\u00e9naga","date":"03\/01\/2012","format":false,"excerpt":"Escribo este art\u00edculo, porque me lo ha pedido el P. Celestino, Director del Bolet\u00edn de la Provincia. Me ha sugerido que no sea una cr\u00f3nica, sino algo muy personal sobre el 60 aniversario de nuestra ordenaci\u00f3n sacerdotal, que hemos celebrado el 9 de septiembre pasado en la Bas\u00edlica de La\u2026","rel":"","context":"En \u00abBiograf\u00edas de Misioneros Pa\u00fales\u00bb","block_context":{"text":"Biograf\u00edas de Misioneros Pa\u00fales","link":"http:\/\/vincentians.com\/es\/category\/la-familia-vicenciana\/biografias-vicencianas\/biografias-de-misioneros-paules\/"},"img":{"alt_text":"","src":"https:\/\/i0.wp.com\/vincentians.com\/es\/wp-content\/uploads\/sites\/11\/2016\/07\/bio-cm.jpg?fit=1200%2C630&resize=350%2C200","width":350,"height":200,"srcset":"https:\/\/i0.wp.com\/vincentians.com\/es\/wp-content\/uploads\/sites\/11\/2016\/07\/bio-cm.jpg?fit=1200%2C630&resize=350%2C200 1x, https:\/\/i0.wp.com\/vincentians.com\/es\/wp-content\/uploads\/sites\/11\/2016\/07\/bio-cm.jpg?fit=1200%2C630&resize=525%2C300 1.5x, https:\/\/i0.wp.com\/vincentians.com\/es\/wp-content\/uploads\/sites\/11\/2016\/07\/bio-cm.jpg?fit=1200%2C630&resize=700%2C400 2x, https:\/\/i0.wp.com\/vincentians.com\/es\/wp-content\/uploads\/sites\/11\/2016\/07\/bio-cm.jpg?fit=1200%2C630&resize=1050%2C600 3x"},"classes":[]},{"id":134013,"url":"http:\/\/vincentians.com\/es\/curto-calle-pedro\/","url_meta":{"origin":116899,"position":1},"title":"Pedro Cruto Calle","author":"Mitxel Olabu\u00e9naga","date":"06\/01\/2015","format":false,"excerpt":"Nacimiento: 31.1.1877 en Galleguillos, Salamanca \/ Fecha de vocaci\u00f3n: 9.11.1895 en M\u00e9xico \/ Votos perpetuos: 1897 en M\u00e9xico. DESTINOS: Casa de M\u00e9rida en 1895 donde permaneci\u00f3 35 a\u00f1os \/ Central de M\u00e9xico por 2 a\u00f1os \/ Puebla \/ Tacubaya el 27.6.1932 \/ Seminario de Oaxaca de 19.5.1934 a 30.12.1941 \/\u2026","rel":"","context":"En \u00abBiograf\u00edas de Misioneros Pa\u00fales\u00bb","block_context":{"text":"Biograf\u00edas de Misioneros Pa\u00fales","link":"http:\/\/vincentians.com\/es\/category\/la-familia-vicenciana\/biografias-vicencianas\/biografias-de-misioneros-paules\/"},"img":{"alt_text":"","src":"https:\/\/i0.wp.com\/vincentians.com\/es\/wp-content\/uploads\/sites\/11\/2016\/07\/bio-cm.jpg?fit=1200%2C630&resize=350%2C200","width":350,"height":200,"srcset":"https:\/\/i0.wp.com\/vincentians.com\/es\/wp-content\/uploads\/sites\/11\/2016\/07\/bio-cm.jpg?fit=1200%2C630&resize=350%2C200 1x, https:\/\/i0.wp.com\/vincentians.com\/es\/wp-content\/uploads\/sites\/11\/2016\/07\/bio-cm.jpg?fit=1200%2C630&resize=525%2C300 1.5x, https:\/\/i0.wp.com\/vincentians.com\/es\/wp-content\/uploads\/sites\/11\/2016\/07\/bio-cm.jpg?fit=1200%2C630&resize=700%2C400 2x, https:\/\/i0.wp.com\/vincentians.com\/es\/wp-content\/uploads\/sites\/11\/2016\/07\/bio-cm.jpg?fit=1200%2C630&resize=1050%2C600 3x"},"classes":[]},{"id":115963,"url":"http:\/\/vincentians.com\/es\/bodas-de-plata-de-la-fundacion-de-montellano-sevilla-1969\/","url_meta":{"origin":116899,"position":2},"title":"Bodas de Plata de la Fundaci\u00f3n de Montellano (Sevilla) (1969)","author":"Francisco Javier Fern\u00e1ndez Chento","date":"15\/12\/2012","format":false,"excerpt":"Montellano dista de Sevilla 65 kil\u00f3metros. Su monumento prin\u00adcipal es el Castillo de las aguzaderas. El d\u00eda 1 de noviembre de 1969 se cumplieron los veinticinco a\u00f1os de la creaci\u00f3n en esta poblaci\u00f3n de la casa de S. Fernando y Santa Elisa. Se celebraron solemnes fies\u00adtas religiosas de acci\u00f3n de\u2026","rel":"","context":"En \u00abHijas de la Caridad\u00bb","block_context":{"text":"Hijas de la Caridad","link":"http:\/\/vincentians.com\/es\/category\/la-familia-vicenciana\/ramas\/hijas-de-la-caridad\/"},"img":{"alt_text":"montellano_capilla de la safa","src":"https:\/\/i0.wp.com\/vicencianos.org\/wp-content\/2012\/12\/montellano_capilla-de-la-safa-225x300.jpg?resize=350%2C200","width":350,"height":200},"classes":[]},{"id":119201,"url":"http:\/\/vincentians.com\/es\/sor-vicenta-abuin\/","url_meta":{"origin":116899,"position":3},"title":"Sor Vicenta Abu\u00edn","author":"Mitxel Olabu\u00e9naga","date":"23\/04\/2013","format":false,"excerpt":"\"A los ochenta y cuatro a\u00f1os de edad y sesenta y ocho de voca\u00adci\u00f3n religiosa dej\u00f3 de existir ayer, confortada con los santos sacra\u00admentos, la venerable religiosa e Hija de la Caridad del Colegio de la Visitaci\u00f3n (Salda\u00f1a), Sor Vicenta Abuin Fungueri\u00f1o. Sor Vicenta Abuin era considerada en nuestra ciudad\u2026","rel":"","context":"En \u00abBiograf\u00edas de Hijas de la Caridad\u00bb","block_context":{"text":"Biograf\u00edas de Hijas de la Caridad","link":"http:\/\/vincentians.com\/es\/category\/la-familia-vicenciana\/biografias-vicencianas\/biografias-de-hijas-de-la-caridad\/"},"img":{"alt_text":"","src":"https:\/\/i0.wp.com\/vincentians.com\/es\/wp-content\/uploads\/sites\/11\/2016\/07\/bio-hc.jpg?fit=1200%2C630&resize=350%2C200","width":350,"height":200,"srcset":"https:\/\/i0.wp.com\/vincentians.com\/es\/wp-content\/uploads\/sites\/11\/2016\/07\/bio-hc.jpg?fit=1200%2C630&resize=350%2C200 1x, https:\/\/i0.wp.com\/vincentians.com\/es\/wp-content\/uploads\/sites\/11\/2016\/07\/bio-hc.jpg?fit=1200%2C630&resize=525%2C300 1.5x, https:\/\/i0.wp.com\/vincentians.com\/es\/wp-content\/uploads\/sites\/11\/2016\/07\/bio-hc.jpg?fit=1200%2C630&resize=700%2C400 2x, https:\/\/i0.wp.com\/vincentians.com\/es\/wp-content\/uploads\/sites\/11\/2016\/07\/bio-hc.jpg?fit=1200%2C630&resize=1050%2C600 3x"},"classes":[]},{"id":118922,"url":"http:\/\/vincentians.com\/es\/parroquia-de-san-agustin-de-la-plaza-de-soberania-de-melilla\/","url_meta":{"origin":116899,"position":4},"title":"Parroquia de San Agust\u00edn de la Plaza de Soberan\u00eda de Melilla","author":"Mitxel Olabu\u00e9naga","date":"04\/04\/2013","format":false,"excerpt":"En ANALES de febrero \u00faltimo apareci\u00f3 una breve rese\u00f1a sobre la celebraci\u00f3n de las Bodas de Plata de la Parroquia y Comuni\u00addad de los PP. Pa\u00fales en Melilla. Accedo gustoso a la sugerencia del P. Jos\u00e9 M. Rom\u00e1n de publicar en ANALES una nota m\u00e1s ex\u00adtensa que recoja lo m\u00e1s\u2026","rel":"","context":"En \u00abHistoria de la Congregaci\u00f3n de la Misi\u00f3n en Espa\u00f1a\u00bb","block_context":{"text":"Historia de la Congregaci\u00f3n de la Misi\u00f3n en Espa\u00f1a","link":"http:\/\/vincentians.com\/es\/category\/historia-de-la-familia-vicenciana\/historia-de-la-congregacion-de-la-mision-en-espana\/"},"img":{"alt_text":"parroquiamelilla","src":"https:\/\/i0.wp.com\/vicencianos.org\/wp-content\/2013\/03\/parroquiamelilla.jpg?resize=350%2C200","width":350,"height":200},"classes":[]},{"id":116966,"url":"http:\/\/vincentians.com\/es\/sor-inocencia-garcia-romea\/","url_meta":{"origin":116899,"position":5},"title":"Sor Inocencia Garc\u00eda Romea","author":"Mitxel Olabu\u00e9naga","date":"03\/02\/2013","format":false,"excerpt":"En la tarde del pasado d\u00eda 27 tuvo lugar el sepelio de la bene\u00adm\u00e9rita Hija de la Caridad Sor Inocencia Garc\u00eda. Romea, ex Supe\u00adriora de las Escuelas \"Fundaci\u00f3n Pola\", de Gij\u00f3n. A pesar de lo intempestivo de la hora y el tiempo, su funeral y entierro constituyeron una manifestaci\u00f3n de\u2026","rel":"","context":"En \u00abBiograf\u00edas de Hijas de la Caridad\u00bb","block_context":{"text":"Biograf\u00edas de Hijas de la Caridad","link":"http:\/\/vincentians.com\/es\/category\/la-familia-vicenciana\/biografias-vicencianas\/biografias-de-hijas-de-la-caridad\/"},"img":{"alt_text":"","src":"https:\/\/i0.wp.com\/vincentians.com\/es\/wp-content\/uploads\/sites\/11\/2016\/07\/bio-hc.jpg?fit=1200%2C630&resize=350%2C200","width":350,"height":200,"srcset":"https:\/\/i0.wp.com\/vincentians.com\/es\/wp-content\/uploads\/sites\/11\/2016\/07\/bio-hc.jpg?fit=1200%2C630&resize=350%2C200 1x, https:\/\/i0.wp.com\/vincentians.com\/es\/wp-content\/uploads\/sites\/11\/2016\/07\/bio-hc.jpg?fit=1200%2C630&resize=525%2C300 1.5x, https:\/\/i0.wp.com\/vincentians.com\/es\/wp-content\/uploads\/sites\/11\/2016\/07\/bio-hc.jpg?fit=1200%2C630&resize=700%2C400 2x, https:\/\/i0.wp.com\/vincentians.com\/es\/wp-content\/uploads\/sites\/11\/2016\/07\/bio-hc.jpg?fit=1200%2C630&resize=1050%2C600 3x"},"classes":[]}],"_links":{"self":[{"href":"http:\/\/vincentians.com\/es\/wp-json\/wp\/v2\/posts\/116899","targetHints":{"allow":["GET"]}}],"collection":[{"href":"http:\/\/vincentians.com\/es\/wp-json\/wp\/v2\/posts"}],"about":[{"href":"http:\/\/vincentians.com\/es\/wp-json\/wp\/v2\/types\/post"}],"author":[{"embeddable":true,"href":"http:\/\/vincentians.com\/es\/wp-json\/wp\/v2\/users\/4"}],"replies":[{"embeddable":true,"href":"http:\/\/vincentians.com\/es\/wp-json\/wp\/v2\/comments?post=116899"}],"version-history":[{"count":0,"href":"http:\/\/vincentians.com\/es\/wp-json\/wp\/v2\/posts\/116899\/revisions"}],"wp:featuredmedia":[{"embeddable":true,"href":"http:\/\/vincentians.com\/es\/wp-json\/"}],"wp:attachment":[{"href":"http:\/\/vincentians.com\/es\/wp-json\/wp\/v2\/media?parent=116899"}],"wp:term":[{"taxonomy":"category","embeddable":true,"href":"http:\/\/vincentians.com\/es\/wp-json\/wp\/v2\/categories?post=116899"},{"taxonomy":"post_tag","embeddable":true,"href":"http:\/\/vincentians.com\/es\/wp-json\/wp\/v2\/tags?post=116899"}],"curies":[{"name":"wp","href":"https:\/\/api.w.org\/{rel}","templated":true}]}}