{"id":116629,"date":"2012-12-26T01:00:24","date_gmt":"2012-12-26T00:00:24","guid":{"rendered":"http:\/\/somos.vicencianos.org\/?p=116629"},"modified":"2016-07-26T11:25:03","modified_gmt":"2016-07-26T09:25:03","slug":"vicente-de-paul-carta-1035-a-antonio-portail-en-roma","status":"publish","type":"post","link":"http:\/\/vincentians.com\/es\/vicente-de-paul-carta-1035-a-antonio-portail-en-roma\/","title":{"rendered":"Vicente de Pa\u00fal, Carta 1035: A Antonio Portail, en Roma"},"content":{"rendered":"<p>4 octubre 1647.<\/p>\n<p>Acabamos de salir del retiro. Est\u00e1bamos dieciocho en una tanda y treinta y dos en otra. Hemos hecho la renovaci\u00f3n de los votos. Y como algunos han dicho que eran nulos y ten\u00edan dificultad en renovarlos (los principales eran el padre&#8230; y un cl\u00e9rigo), le he dicho a este \u00faltimo que no los renueve. Y el padre&#8230;. viniendo a verme para decirme que hab\u00edan cesado todas sus dificultades despu\u00e9s de un pobre discurso que les dirig\u00ed a todos ayer por la tarde, me pidi\u00f3 esta ma\u00f1ana permiso para renovarlos y, efectivamente, me ha tra\u00eddo un mont\u00f3n de cosas que ten\u00eda en privado para despojarse de ellas, aunque yo se las he dejado y le he permitido que renovara los votos con los dem\u00e1s.<\/p>\n<p>La peque\u00f1a pl\u00e1tica que les hice conten\u00eda dos puntos: el primero era sobre las razones que tenemos para renovarlos, siendo as\u00ed que Dios desea darnos la gracia que acompa\u00f1a a los votos; y el segundo sobre los medios. En el segundo dije dos cosas: una, que rogaba a los que no se sintieran decididos a perseverar que se retirasen; y la otra, que una se\u00f1al de que se tiene esta gracia es que est\u00e1 uno resuelto a no hablar jam\u00e1s contra esta santa acci\u00f3n y a defenderla en todas las ocasiones contra los que la ataquen, ya que sin duda se har\u00e1 todo lo posible por impugnar estos votos desde dentro y desde fuera.<\/p>\n<p>Dios bendijo, por lo visto, esta pl\u00e1tica. Nunca vi en todos tantos sentimientos de devoci\u00f3n, a no ser en m\u00ed, que soy el m\u00e1s miserable y el mayor pecador del mundo. Por consiguiente, si se impugna la cosa, ser\u00e1 por la reserva de la dispensa del papa; no obstante, los doctores de aqu\u00ed nos dicen que es posible hacerlos, que todos pueden renunciar a sus derechos a recurrir al ordinario a fin de dirigirse al papa para la dispensa. Al papa es al que pertenece en primer lugar dispensar de los votos, y s\u00f3lo a \u00e9l en lo referente a los votos de castidad y de peregrinaci\u00f3n a Roma.<\/p>\n<p>Nunca he visto tan bien como hoy la importancia de nuestros votos. Monse\u00f1or Ingoli nos puede ayudar mucho para la aprobaci\u00f3n, lo mismo que hizo con nuestra bula y con nuestra fundaci\u00f3n en Roma. Le ruego que el padre Dehorgny, el padre Alm\u00e9ras y usted le hagan comprender nuestra preocupaci\u00f3n por el robustecimiento de nuestro Instituto, del que est\u00e1 bastante bien informado, ya que los se\u00f1ores prelados no quieren que seamos religiosos y los religiosos nos aconsejan lo contrario, bas\u00e1ndose en la ligereza humana y en los grandes trabajos de nuestro estado; que la providencia de Dios ha inspirado finalmente a la Compa\u00f1\u00eda esta santa invenci\u00f3n de ponernos en un estado en el que tengamos la felicidad del estado religioso gracias a los votos simples, pero siguiendo entre el clero y en la obediencia a los se\u00f1ores obispos, como los m\u00e1s humildes sacerdotes de sus di\u00f3cesis, en cuanto a nuestros trabajos. Procurar\u00e9 enviarle hoy o el viernes el parecer de los doctores, los se\u00f1ores penitenciario, Duval, P\u00e9reyret, Cornet y Coqueret. Conf\u00edo en que, si se le prepara bien a dicho prelado, \u00e9l podr\u00e1 informar debidamente a Su Santidad y a la Congregaci\u00f3n de regulares para llevar a cabo nuestro asunto, pues \uf029qui\u00e9n podr\u00e1 impugnar razonablemente una cosa que no va contra los concilios, ni los c\u00e1nones, ni los decretos del papa, sino que es conforme con el uso de la Iglesia antes de los votos solemnes, cuando se les hac\u00eda simples y, por consiguiente, dispensables?<\/p>\n<p>Y si se dice que aqu\u00e9llos se consideraban religiosos, la respuesta es buena, reconociendo que estos votos constitu\u00edan el estado religioso de aquel tiempo, pero no puede ser as\u00ed ahora, ya que la Iglesia proh\u00edbe la instituci\u00f3n de nuevas congregaciones, si no profesan una de las cuatro reglas aprobadas por la Iglesia que abrazan los votos solemnes, o las autoriza el papa, como la de los jesuitas. Pues bien, nosotros no tomamos ninguna de esas cuatro reglas religiosas, y el Santo Padre no nos ha erigido en estado religioso, sino de cl\u00e9rigos seculares. De ah\u00ed se sigue que no estamos en un estado religioso, ya que declaramos que, aunque hacemos votos simples, no pretendemos ser religiosos, sino quedarnos siempre entre el clero.<\/p>\n<p>Y si se objeta que los votos solos, por su naturaleza, constituyen a una persona en el estado religioso, respondo que esto es verdad en el caso de los votos solemnes, pero no en el de los simples, ya que una persona particular o varias de ellas pueden hacer los tres votos simples en particular, sin ser por ello religiosos. Por tanto, si pueden hacerlo las personas particulares, \u00bfpor qu\u00e9 no una Compa\u00f1\u00eda?<\/p>\n<p>En nombre de Dios, padre, pase esta verdad y exp\u00f3ngala debidamente. Pida a Dios por este asunto y no pierda tiempo en \u00e9l. Si monse\u00f1or Ingoli lo ve bien y lo protege, tengo perfecta confianza de que se conseguir\u00e1 lo que deseamos.<\/p>\n","protected":false},"excerpt":{"rendered":"<p>4 octubre 1647. Acabamos de salir del retiro. Est\u00e1bamos dieciocho en una tanda y treinta y dos en otra. Hemos hecho la renovaci\u00f3n de los votos. Y como algunos han dicho que eran nulos y &#8230; <a href=\"http:\/\/vincentians.com\/es\/vicente-de-paul-carta-1035-a-antonio-portail-en-roma\/\" class=\"more-link\">Read More<\/a><\/p>\n","protected":false},"author":4,"featured_media":393753,"comment_status":"open","ping_status":"open","sticky":false,"template":"","format":"standard","meta":{"jetpack_post_was_ever_published":false,"_jetpack_newsletter_access":"","_jetpack_dont_email_post_to_subs":false,"_jetpack_newsletter_tier_id":0,"_jetpack_memberships_contains_paywalled_content":false,"_jetpack_memberships_contains_paid_content":false,"footnotes":"","jetpack_publicize_message":"","jetpack_publicize_feature_enabled":true,"jetpack_social_post_already_shared":true,"jetpack_social_options":{"image_generator_settings":{"template":"highway","default_image_id":0,"font":"","enabled":false},"version":2}},"categories":[65],"tags":[230,126,127],"class_list":["post-116629","post","type-post","status-publish","format-standard","has-post-thumbnail","hentry","category-escritos-de-vicente-de-paul","tag-almeras","tag-dehorgny","tag-portail"],"yoast_head":"<!-- This site is optimized with the Yoast SEO plugin v26.3 - https:\/\/yoast.com\/wordpress\/plugins\/seo\/ -->\n<title>Vicente de Pa\u00fal, Carta 1035: A Antonio Portail, en Roma - Somos Vicencianos<\/title>\n<meta name=\"robots\" content=\"index, follow, max-snippet:-1, max-image-preview:large, max-video-preview:-1\" \/>\n<link rel=\"canonical\" href=\"http:\/\/vincentians.com\/es\/vicente-de-paul-carta-1035-a-antonio-portail-en-roma\/\" \/>\n<meta property=\"og:locale\" content=\"es_ES\" \/>\n<meta property=\"og:type\" content=\"article\" \/>\n<meta property=\"og:title\" content=\"Vicente de Pa\u00fal, Carta 1035: A Antonio Portail, en Roma - Somos Vicencianos\" \/>\n<meta property=\"og:description\" content=\"4 octubre 1647. Acabamos de salir del retiro. Est\u00e1bamos dieciocho en una tanda y treinta y dos en otra. Hemos hecho la renovaci\u00f3n de los votos. Y como algunos han dicho que eran nulos y ... Read More\" \/>\n<meta property=\"og:url\" content=\"http:\/\/vincentians.com\/es\/vicente-de-paul-carta-1035-a-antonio-portail-en-roma\/\" \/>\n<meta property=\"og:site_name\" content=\"Somos Vicencianos\" \/>\n<meta property=\"article:publisher\" content=\"https:\/\/www.facebook.com\/WeAreVincentians\/\" \/>\n<meta property=\"article:author\" content=\"https:\/\/www.facebook.com\/JavierChento\" \/>\n<meta property=\"article:published_time\" content=\"2012-12-26T00:00:24+00:00\" \/>\n<meta property=\"article:modified_time\" content=\"2016-07-26T09:25:03+00:00\" \/>\n<meta property=\"og:image\" content=\"https:\/\/i0.wp.com\/vincentians.com\/es\/wp-content\/uploads\/sites\/11\/2016\/07\/escritos-vicente-de-paul.jpg?fit=1200%2C630\" \/>\n\t<meta property=\"og:image:width\" content=\"1200\" \/>\n\t<meta property=\"og:image:height\" content=\"630\" \/>\n\t<meta property=\"og:image:type\" content=\"image\/jpeg\" \/>\n<meta name=\"author\" content=\"Francisco Javier Fern\u00e1ndez Chento\" \/>\n<meta name=\"twitter:card\" content=\"summary_large_image\" \/>\n<meta name=\"twitter:creator\" content=\"@https:\/\/twitter.com\/javierchento\" \/>\n<meta name=\"twitter:site\" content=\"@WeVincentians\" \/>\n<meta name=\"twitter:label1\" content=\"Escrito por\" \/>\n\t<meta name=\"twitter:data1\" content=\"Francisco Javier Fern\u00e1ndez Chento\" \/>\n\t<meta name=\"twitter:label2\" content=\"Tiempo de lectura\" \/>\n\t<meta name=\"twitter:data2\" content=\"4 minutos\" \/>\n<script type=\"application\/ld+json\" class=\"yoast-schema-graph\">{\"@context\":\"https:\/\/schema.org\",\"@graph\":[{\"@type\":\"Article\",\"@id\":\"http:\/\/vincentians.com\/es\/vicente-de-paul-carta-1035-a-antonio-portail-en-roma\/#article\",\"isPartOf\":{\"@id\":\"http:\/\/vincentians.com\/es\/vicente-de-paul-carta-1035-a-antonio-portail-en-roma\/\"},\"author\":{\"name\":\"Francisco Javier Fern\u00e1ndez Chento\",\"@id\":\"http:\/\/vincentians.com\/es\/#\/schema\/person\/9623ef4d9aa3b2dfb8c061f1499288f2\"},\"headline\":\"Vicente de Pa\u00fal, Carta 1035: A Antonio Portail, en Roma\",\"datePublished\":\"2012-12-26T00:00:24+00:00\",\"dateModified\":\"2016-07-26T09:25:03+00:00\",\"mainEntityOfPage\":{\"@id\":\"http:\/\/vincentians.com\/es\/vicente-de-paul-carta-1035-a-antonio-portail-en-roma\/\"},\"wordCount\":889,\"commentCount\":0,\"publisher\":{\"@id\":\"http:\/\/vincentians.com\/es\/#organization\"},\"image\":{\"@id\":\"http:\/\/vincentians.com\/es\/vicente-de-paul-carta-1035-a-antonio-portail-en-roma\/#primaryimage\"},\"thumbnailUrl\":\"https:\/\/i0.wp.com\/vincentians.com\/es\/wp-content\/uploads\/sites\/11\/2016\/07\/escritos-vicente-de-paul.jpg?fit=1200%2C630\",\"keywords\":[\"Almer\u00e1s\",\"Dehorgny\",\"Portail\"],\"articleSection\":[\"Escritos de Vicente de Pa\u00fal\"],\"inLanguage\":\"es\",\"potentialAction\":[{\"@type\":\"CommentAction\",\"name\":\"Comment\",\"target\":[\"http:\/\/vincentians.com\/es\/vicente-de-paul-carta-1035-a-antonio-portail-en-roma\/#respond\"]}]},{\"@type\":\"WebPage\",\"@id\":\"http:\/\/vincentians.com\/es\/vicente-de-paul-carta-1035-a-antonio-portail-en-roma\/\",\"url\":\"http:\/\/vincentians.com\/es\/vicente-de-paul-carta-1035-a-antonio-portail-en-roma\/\",\"name\":\"Vicente de Pa\u00fal, Carta 1035: A Antonio Portail, en Roma - Somos Vicencianos\",\"isPartOf\":{\"@id\":\"http:\/\/vincentians.com\/es\/#website\"},\"primaryImageOfPage\":{\"@id\":\"http:\/\/vincentians.com\/es\/vicente-de-paul-carta-1035-a-antonio-portail-en-roma\/#primaryimage\"},\"image\":{\"@id\":\"http:\/\/vincentians.com\/es\/vicente-de-paul-carta-1035-a-antonio-portail-en-roma\/#primaryimage\"},\"thumbnailUrl\":\"https:\/\/i0.wp.com\/vincentians.com\/es\/wp-content\/uploads\/sites\/11\/2016\/07\/escritos-vicente-de-paul.jpg?fit=1200%2C630\",\"datePublished\":\"2012-12-26T00:00:24+00:00\",\"dateModified\":\"2016-07-26T09:25:03+00:00\",\"breadcrumb\":{\"@id\":\"http:\/\/vincentians.com\/es\/vicente-de-paul-carta-1035-a-antonio-portail-en-roma\/#breadcrumb\"},\"inLanguage\":\"es\",\"potentialAction\":[{\"@type\":\"ReadAction\",\"target\":[\"http:\/\/vincentians.com\/es\/vicente-de-paul-carta-1035-a-antonio-portail-en-roma\/\"]}]},{\"@type\":\"ImageObject\",\"inLanguage\":\"es\",\"@id\":\"http:\/\/vincentians.com\/es\/vicente-de-paul-carta-1035-a-antonio-portail-en-roma\/#primaryimage\",\"url\":\"https:\/\/i0.wp.com\/vincentians.com\/es\/wp-content\/uploads\/sites\/11\/2016\/07\/escritos-vicente-de-paul.jpg?fit=1200%2C630\",\"contentUrl\":\"https:\/\/i0.wp.com\/vincentians.com\/es\/wp-content\/uploads\/sites\/11\/2016\/07\/escritos-vicente-de-paul.jpg?fit=1200%2C630\",\"width\":1200,\"height\":630},{\"@type\":\"BreadcrumbList\",\"@id\":\"http:\/\/vincentians.com\/es\/vicente-de-paul-carta-1035-a-antonio-portail-en-roma\/#breadcrumb\",\"itemListElement\":[{\"@type\":\"ListItem\",\"position\":1,\"name\":\"Portada\",\"item\":\"http:\/\/vincentians.com\/es\/\"},{\"@type\":\"ListItem\",\"position\":2,\"name\":\"Vicente de Pa\u00fal, Carta 1035: A Antonio Portail, en Roma\"}]},{\"@type\":\"WebSite\",\"@id\":\"http:\/\/vincentians.com\/es\/#website\",\"url\":\"http:\/\/vincentians.com\/es\/\",\"name\":\"Somos Vicencianos\",\"description\":\"Know more to serve more\",\"publisher\":{\"@id\":\"http:\/\/vincentians.com\/es\/#organization\"},\"potentialAction\":[{\"@type\":\"SearchAction\",\"target\":{\"@type\":\"EntryPoint\",\"urlTemplate\":\"http:\/\/vincentians.com\/es\/?s={search_term_string}\"},\"query-input\":{\"@type\":\"PropertyValueSpecification\",\"valueRequired\":true,\"valueName\":\"search_term_string\"}}],\"inLanguage\":\"es\"},{\"@type\":\"Organization\",\"@id\":\"http:\/\/vincentians.com\/es\/#organization\",\"name\":\"The Vincentian Network\",\"url\":\"http:\/\/vincentians.com\/es\/\",\"logo\":{\"@type\":\"ImageObject\",\"inLanguage\":\"es\",\"@id\":\"http:\/\/vincentians.com\/es\/#\/schema\/logo\/image\/\",\"url\":\"https:\/\/i1.wp.com\/vincentians.com\/es\/wp-content\/uploads\/sites\/11\/2016\/06\/Vincentian-Network-logo-big.png?fit=778%2C778\",\"contentUrl\":\"https:\/\/i1.wp.com\/vincentians.com\/es\/wp-content\/uploads\/sites\/11\/2016\/06\/Vincentian-Network-logo-big.png?fit=778%2C778\",\"width\":778,\"height\":778,\"caption\":\"The Vincentian Network\"},\"image\":{\"@id\":\"http:\/\/vincentians.com\/es\/#\/schema\/logo\/image\/\"},\"sameAs\":[\"https:\/\/www.facebook.com\/WeAreVincentians\/\",\"https:\/\/x.com\/WeVincentians\"]},{\"@type\":\"Person\",\"@id\":\"http:\/\/vincentians.com\/es\/#\/schema\/person\/9623ef4d9aa3b2dfb8c061f1499288f2\",\"name\":\"Francisco Javier Fern\u00e1ndez Chento\",\"image\":{\"@type\":\"ImageObject\",\"inLanguage\":\"es\",\"@id\":\"http:\/\/vincentians.com\/es\/#\/schema\/person\/image\/\",\"url\":\"https:\/\/secure.gravatar.com\/avatar\/497d5cde87b4c3d097d0315953521681ba2cd523ee66e5077c3711f7021e65de?s=96&d=mm&r=g\",\"contentUrl\":\"https:\/\/secure.gravatar.com\/avatar\/497d5cde87b4c3d097d0315953521681ba2cd523ee66e5077c3711f7021e65de?s=96&d=mm&r=g\",\"caption\":\"Francisco Javier Fern\u00e1ndez Chento\"},\"description\":\"Director General y cofundador de La Red de Formaci\u00f3n Vicenciana. Javier es laico vicenciano, afiliado a la Congregaci\u00f3n de la Misi\u00f3n y miembro del Equipo de Misiones Populares de la provincia can\u00f3nica de Zaragoza (Espa\u00f1a) de la Congregaci\u00f3n de la Misi\u00f3n. Graduado en la Universidad Oberta de Catalunya con cuatro grados (Asistente de direcci\u00f3n, Gesti\u00f3n Administrativa, Recursos Humanos y Contabilidad Avanzada). Bil\u00edng\u00fce Espa\u00f1ol\/Ingl\u00e9s. gestiona y mantiene varias p\u00e1ginas web cristianas y vicencianas, incluida including La Red de Formaci\u00f3n Vicenciana, de la que es cofundador. Actualmente es responsable del \u00e1rea de Espa\u00f1ol de .famvin, la Red de Noticias de la Familia Vicenciana. Tambi\u00e9n es m\u00fasico cat\u00f3lico y ha editado varios discos. Es Director General y cofundador de Trovador, una reconocida compa\u00f1\u00eda discogr\u00e1fica critiana de Espa\u00f1a. Trabaja en las Tecnolog\u00edas de la Informaci\u00f3n, ofreciendo servicios de alojamiento, dise\u00f1o y mantenimiento Web, as\u00ed como asesoramiento, formaci\u00f3n y soluciones inform\u00e1ticas, gesti\u00f3n documental y digitalizaci\u00f3n de textos, edici\u00f3n y maquetaci\u00f3n de libros, revistas, flyers, etc.\",\"sameAs\":[\"http:\/\/chento.org\",\"https:\/\/www.facebook.com\/JavierChento\",\"https:\/\/x.com\/https:\/\/twitter.com\/javierchento\"],\"url\":\"http:\/\/vincentians.com\/es\/author\/chento\/\"}]}<\/script>\n<!-- \/ Yoast SEO plugin. -->","yoast_head_json":{"title":"Vicente de Pa\u00fal, Carta 1035: A Antonio Portail, en Roma - Somos Vicencianos","robots":{"index":"index","follow":"follow","max-snippet":"max-snippet:-1","max-image-preview":"max-image-preview:large","max-video-preview":"max-video-preview:-1"},"canonical":"http:\/\/vincentians.com\/es\/vicente-de-paul-carta-1035-a-antonio-portail-en-roma\/","og_locale":"es_ES","og_type":"article","og_title":"Vicente de Pa\u00fal, Carta 1035: A Antonio Portail, en Roma - Somos Vicencianos","og_description":"4 octubre 1647. Acabamos de salir del retiro. Est\u00e1bamos dieciocho en una tanda y treinta y dos en otra. Hemos hecho la renovaci\u00f3n de los votos. Y como algunos han dicho que eran nulos y ... Read More","og_url":"http:\/\/vincentians.com\/es\/vicente-de-paul-carta-1035-a-antonio-portail-en-roma\/","og_site_name":"Somos Vicencianos","article_publisher":"https:\/\/www.facebook.com\/WeAreVincentians\/","article_author":"https:\/\/www.facebook.com\/JavierChento","article_published_time":"2012-12-26T00:00:24+00:00","article_modified_time":"2016-07-26T09:25:03+00:00","og_image":[{"width":1200,"height":630,"url":"https:\/\/i0.wp.com\/vincentians.com\/es\/wp-content\/uploads\/sites\/11\/2016\/07\/escritos-vicente-de-paul.jpg?fit=1200%2C630","type":"image\/jpeg"}],"author":"Francisco Javier Fern\u00e1ndez Chento","twitter_card":"summary_large_image","twitter_creator":"@https:\/\/twitter.com\/javierchento","twitter_site":"@WeVincentians","twitter_misc":{"Escrito por":"Francisco Javier Fern\u00e1ndez Chento","Tiempo de lectura":"4 minutos"},"schema":{"@context":"https:\/\/schema.org","@graph":[{"@type":"Article","@id":"http:\/\/vincentians.com\/es\/vicente-de-paul-carta-1035-a-antonio-portail-en-roma\/#article","isPartOf":{"@id":"http:\/\/vincentians.com\/es\/vicente-de-paul-carta-1035-a-antonio-portail-en-roma\/"},"author":{"name":"Francisco Javier Fern\u00e1ndez Chento","@id":"http:\/\/vincentians.com\/es\/#\/schema\/person\/9623ef4d9aa3b2dfb8c061f1499288f2"},"headline":"Vicente de Pa\u00fal, Carta 1035: A Antonio Portail, en Roma","datePublished":"2012-12-26T00:00:24+00:00","dateModified":"2016-07-26T09:25:03+00:00","mainEntityOfPage":{"@id":"http:\/\/vincentians.com\/es\/vicente-de-paul-carta-1035-a-antonio-portail-en-roma\/"},"wordCount":889,"commentCount":0,"publisher":{"@id":"http:\/\/vincentians.com\/es\/#organization"},"image":{"@id":"http:\/\/vincentians.com\/es\/vicente-de-paul-carta-1035-a-antonio-portail-en-roma\/#primaryimage"},"thumbnailUrl":"https:\/\/i0.wp.com\/vincentians.com\/es\/wp-content\/uploads\/sites\/11\/2016\/07\/escritos-vicente-de-paul.jpg?fit=1200%2C630","keywords":["Almer\u00e1s","Dehorgny","Portail"],"articleSection":["Escritos de Vicente de Pa\u00fal"],"inLanguage":"es","potentialAction":[{"@type":"CommentAction","name":"Comment","target":["http:\/\/vincentians.com\/es\/vicente-de-paul-carta-1035-a-antonio-portail-en-roma\/#respond"]}]},{"@type":"WebPage","@id":"http:\/\/vincentians.com\/es\/vicente-de-paul-carta-1035-a-antonio-portail-en-roma\/","url":"http:\/\/vincentians.com\/es\/vicente-de-paul-carta-1035-a-antonio-portail-en-roma\/","name":"Vicente de Pa\u00fal, Carta 1035: A Antonio Portail, en Roma - Somos Vicencianos","isPartOf":{"@id":"http:\/\/vincentians.com\/es\/#website"},"primaryImageOfPage":{"@id":"http:\/\/vincentians.com\/es\/vicente-de-paul-carta-1035-a-antonio-portail-en-roma\/#primaryimage"},"image":{"@id":"http:\/\/vincentians.com\/es\/vicente-de-paul-carta-1035-a-antonio-portail-en-roma\/#primaryimage"},"thumbnailUrl":"https:\/\/i0.wp.com\/vincentians.com\/es\/wp-content\/uploads\/sites\/11\/2016\/07\/escritos-vicente-de-paul.jpg?fit=1200%2C630","datePublished":"2012-12-26T00:00:24+00:00","dateModified":"2016-07-26T09:25:03+00:00","breadcrumb":{"@id":"http:\/\/vincentians.com\/es\/vicente-de-paul-carta-1035-a-antonio-portail-en-roma\/#breadcrumb"},"inLanguage":"es","potentialAction":[{"@type":"ReadAction","target":["http:\/\/vincentians.com\/es\/vicente-de-paul-carta-1035-a-antonio-portail-en-roma\/"]}]},{"@type":"ImageObject","inLanguage":"es","@id":"http:\/\/vincentians.com\/es\/vicente-de-paul-carta-1035-a-antonio-portail-en-roma\/#primaryimage","url":"https:\/\/i0.wp.com\/vincentians.com\/es\/wp-content\/uploads\/sites\/11\/2016\/07\/escritos-vicente-de-paul.jpg?fit=1200%2C630","contentUrl":"https:\/\/i0.wp.com\/vincentians.com\/es\/wp-content\/uploads\/sites\/11\/2016\/07\/escritos-vicente-de-paul.jpg?fit=1200%2C630","width":1200,"height":630},{"@type":"BreadcrumbList","@id":"http:\/\/vincentians.com\/es\/vicente-de-paul-carta-1035-a-antonio-portail-en-roma\/#breadcrumb","itemListElement":[{"@type":"ListItem","position":1,"name":"Portada","item":"http:\/\/vincentians.com\/es\/"},{"@type":"ListItem","position":2,"name":"Vicente de Pa\u00fal, Carta 1035: A Antonio Portail, en Roma"}]},{"@type":"WebSite","@id":"http:\/\/vincentians.com\/es\/#website","url":"http:\/\/vincentians.com\/es\/","name":"Somos Vicencianos","description":"Know more to serve more","publisher":{"@id":"http:\/\/vincentians.com\/es\/#organization"},"potentialAction":[{"@type":"SearchAction","target":{"@type":"EntryPoint","urlTemplate":"http:\/\/vincentians.com\/es\/?s={search_term_string}"},"query-input":{"@type":"PropertyValueSpecification","valueRequired":true,"valueName":"search_term_string"}}],"inLanguage":"es"},{"@type":"Organization","@id":"http:\/\/vincentians.com\/es\/#organization","name":"The Vincentian Network","url":"http:\/\/vincentians.com\/es\/","logo":{"@type":"ImageObject","inLanguage":"es","@id":"http:\/\/vincentians.com\/es\/#\/schema\/logo\/image\/","url":"https:\/\/i1.wp.com\/vincentians.com\/es\/wp-content\/uploads\/sites\/11\/2016\/06\/Vincentian-Network-logo-big.png?fit=778%2C778","contentUrl":"https:\/\/i1.wp.com\/vincentians.com\/es\/wp-content\/uploads\/sites\/11\/2016\/06\/Vincentian-Network-logo-big.png?fit=778%2C778","width":778,"height":778,"caption":"The Vincentian Network"},"image":{"@id":"http:\/\/vincentians.com\/es\/#\/schema\/logo\/image\/"},"sameAs":["https:\/\/www.facebook.com\/WeAreVincentians\/","https:\/\/x.com\/WeVincentians"]},{"@type":"Person","@id":"http:\/\/vincentians.com\/es\/#\/schema\/person\/9623ef4d9aa3b2dfb8c061f1499288f2","name":"Francisco Javier Fern\u00e1ndez Chento","image":{"@type":"ImageObject","inLanguage":"es","@id":"http:\/\/vincentians.com\/es\/#\/schema\/person\/image\/","url":"https:\/\/secure.gravatar.com\/avatar\/497d5cde87b4c3d097d0315953521681ba2cd523ee66e5077c3711f7021e65de?s=96&d=mm&r=g","contentUrl":"https:\/\/secure.gravatar.com\/avatar\/497d5cde87b4c3d097d0315953521681ba2cd523ee66e5077c3711f7021e65de?s=96&d=mm&r=g","caption":"Francisco Javier Fern\u00e1ndez Chento"},"description":"Director General y cofundador de La Red de Formaci\u00f3n Vicenciana. Javier es laico vicenciano, afiliado a la Congregaci\u00f3n de la Misi\u00f3n y miembro del Equipo de Misiones Populares de la provincia can\u00f3nica de Zaragoza (Espa\u00f1a) de la Congregaci\u00f3n de la Misi\u00f3n. Graduado en la Universidad Oberta de Catalunya con cuatro grados (Asistente de direcci\u00f3n, Gesti\u00f3n Administrativa, Recursos Humanos y Contabilidad Avanzada). Bil\u00edng\u00fce Espa\u00f1ol\/Ingl\u00e9s. gestiona y mantiene varias p\u00e1ginas web cristianas y vicencianas, incluida including La Red de Formaci\u00f3n Vicenciana, de la que es cofundador. Actualmente es responsable del \u00e1rea de Espa\u00f1ol de .famvin, la Red de Noticias de la Familia Vicenciana. Tambi\u00e9n es m\u00fasico cat\u00f3lico y ha editado varios discos. Es Director General y cofundador de Trovador, una reconocida compa\u00f1\u00eda discogr\u00e1fica critiana de Espa\u00f1a. Trabaja en las Tecnolog\u00edas de la Informaci\u00f3n, ofreciendo servicios de alojamiento, dise\u00f1o y mantenimiento Web, as\u00ed como asesoramiento, formaci\u00f3n y soluciones inform\u00e1ticas, gesti\u00f3n documental y digitalizaci\u00f3n de textos, edici\u00f3n y maquetaci\u00f3n de libros, revistas, flyers, etc.","sameAs":["http:\/\/chento.org","https:\/\/www.facebook.com\/JavierChento","https:\/\/x.com\/https:\/\/twitter.com\/javierchento"],"url":"http:\/\/vincentians.com\/es\/author\/chento\/"}]}},"jetpack_publicize_connections":[],"jetpack_featured_media_url":"https:\/\/i0.wp.com\/vincentians.com\/es\/wp-content\/uploads\/sites\/11\/2016\/07\/escritos-vicente-de-paul.jpg?fit=1200%2C630","jetpack_sharing_enabled":true,"jetpack_shortlink":"https:\/\/wp.me\/p7ETMF-ul7","jetpack-related-posts":[{"id":127035,"url":"http:\/\/vincentians.com\/es\/afianzar-la-compania\/","url_meta":{"origin":116629,"position":0},"title":"Afianzar la Compa\u00f1\u00eda","author":"Mitxel Olabu\u00e9naga","date":"23\/01\/2024","format":false,"excerpt":"Los votos Durante el verano de 1640, mientras Luisa organizaba las comunidades de Angers y de los ni\u00f1os abandonados y se preocupaba de los galeotes, no olvidaba avanzar en las es\u00adtructuras de la Compa\u00f1\u00eda. Estaba convencida de que las Hijas de la Caridad formaban bastante m\u00e1s que una simple cofrad\u00eda;\u2026","rel":"","context":"En \u00abHistoria de las Hijas de la Caridad\u00bb","block_context":{"text":"Historia de las Hijas de la Caridad","link":"http:\/\/vincentians.com\/es\/category\/historia-de-la-familia-vicenciana\/historia-de-las-hijas-de-la-caridad\/"},"img":{"alt_text":"","src":"https:\/\/i0.wp.com\/vincentians.com\/es\/wp-content\/uploads\/sites\/11\/2013\/04\/hijas-caridaqd.jpg?fit=1200%2C675&resize=350%2C200","width":350,"height":200,"srcset":"https:\/\/i0.wp.com\/vincentians.com\/es\/wp-content\/uploads\/sites\/11\/2013\/04\/hijas-caridaqd.jpg?fit=1200%2C675&resize=350%2C200 1x, https:\/\/i0.wp.com\/vincentians.com\/es\/wp-content\/uploads\/sites\/11\/2013\/04\/hijas-caridaqd.jpg?fit=1200%2C675&resize=525%2C300 1.5x, https:\/\/i0.wp.com\/vincentians.com\/es\/wp-content\/uploads\/sites\/11\/2013\/04\/hijas-caridaqd.jpg?fit=1200%2C675&resize=700%2C400 2x, https:\/\/i0.wp.com\/vincentians.com\/es\/wp-content\/uploads\/sites\/11\/2013\/04\/hijas-caridaqd.jpg?fit=1200%2C675&resize=1050%2C600 3x"},"classes":[]},{"id":114874,"url":"http:\/\/vincentians.com\/es\/luisa-de-marillac-carta-0662-al-senor-vicente\/","url_meta":{"origin":116629,"position":1},"title":"Luisa de Marillac, Carta 0662: Al se\u00f1or Vicente","author":"Francisco Javier Fern\u00e1ndez Chento","date":"04\/12\/2012","format":false,"excerpt":"Hoy, domingo [diciembre 1658] Mi muy Honorable Padre: No me he atrevido a manifestar a su caridad, en nombre de toda la Compa\u00f1\u00eda de nuestras Hermanas, que nos considerar\u00edamos muy dichosas de que nos pusiera ma\u00f1ana en el santo altar bajo la protecci\u00f3n de la Sant\u00edsima Virgen, ni a suplicarle\u2026","rel":"","context":"En \u00abEscritos de Luisa de Marillac\u00bb","block_context":{"text":"Escritos de Luisa de Marillac","link":"http:\/\/vincentians.com\/es\/category\/escritos\/escritos-de-luisa-de-marillac\/"},"img":{"alt_text":"","src":"https:\/\/i0.wp.com\/vincentians.com\/es\/wp-content\/uploads\/sites\/11\/2016\/07\/escritos-luisa-de-marillac.jpg?fit=1200%2C630&resize=350%2C200","width":350,"height":200,"srcset":"https:\/\/i0.wp.com\/vincentians.com\/es\/wp-content\/uploads\/sites\/11\/2016\/07\/escritos-luisa-de-marillac.jpg?fit=1200%2C630&resize=350%2C200 1x, https:\/\/i0.wp.com\/vincentians.com\/es\/wp-content\/uploads\/sites\/11\/2016\/07\/escritos-luisa-de-marillac.jpg?fit=1200%2C630&resize=525%2C300 1.5x, https:\/\/i0.wp.com\/vincentians.com\/es\/wp-content\/uploads\/sites\/11\/2016\/07\/escritos-luisa-de-marillac.jpg?fit=1200%2C630&resize=700%2C400 2x, https:\/\/i0.wp.com\/vincentians.com\/es\/wp-content\/uploads\/sites\/11\/2016\/07\/escritos-luisa-de-marillac.jpg?fit=1200%2C630&resize=1050%2C600 3x"},"classes":[]},{"id":387673,"url":"http:\/\/vincentians.com\/es\/afianzar-la-compania-2\/","url_meta":{"origin":116629,"position":2},"title":"Afianzar la Compa\u00f1\u00eda","author":"Mitxel Olabu\u00e9naga","date":"17\/04\/2016","format":false,"excerpt":"Los votos Durante el verano de 1640, mientras Luisa organizaba las comunidades de Angers y de los ni\u00f1os abandonados y se preocupaba de los galeotes, no olvidaba avanzar en las es\u00adtructuras de la Compa\u00f1\u00eda. Estaba convencida de que las Hijas de la Caridad formaban bastante m\u00e1s que una simple cofrad\u00eda;\u2026","rel":"","context":"En \u00abEspiritualidad\u00bb","block_context":{"text":"Espiritualidad","link":"http:\/\/vincentians.com\/es\/category\/espiritualidad\/"},"img":{"alt_text":"LOGO HHC","src":"https:\/\/i0.wp.com\/vicencianos.org\/wp-content\/uploads\/2016\/03\/LOGO-HHC.gif?resize=350%2C200","width":350,"height":200},"classes":[]},{"id":126121,"url":"http:\/\/vincentians.com\/es\/vicente-de-paul-carta-1178-a-antonio-portail\/","url_meta":{"origin":116629,"position":3},"title":"Vicente de Pa\u00fal, Carta 1178: A Antonio Portail","author":"Francisco Javier Fern\u00e1ndez Chento","date":"18\/12\/2013","format":false,"excerpt":"Par\u00eds, 6 agosto 1649. Padre: La gracia de Nuestro Se\u00f1or sea siempre con nosotros. Le escribo con una pena muy grande y muy sensible como ya hace tiempo que no ten\u00eda. Acabo de saber la p\u00e9rdida que hemos sufrido del buen padre Brunet, tan buen obrero del Se\u00f1or, tan gran\u2026","rel":"","context":"En \u00abEscritos de Vicente de Pa\u00fal\u00bb","block_context":{"text":"Escritos de Vicente de Pa\u00fal","link":"http:\/\/vincentians.com\/es\/category\/escritos\/escritos-de-vicente-de-paul\/"},"img":{"alt_text":"","src":"https:\/\/i0.wp.com\/vincentians.com\/es\/wp-content\/uploads\/sites\/11\/2016\/07\/escritos-vicente-de-paul.jpg?fit=1200%2C630&resize=350%2C200","width":350,"height":200,"srcset":"https:\/\/i0.wp.com\/vincentians.com\/es\/wp-content\/uploads\/sites\/11\/2016\/07\/escritos-vicente-de-paul.jpg?fit=1200%2C630&resize=350%2C200 1x, https:\/\/i0.wp.com\/vincentians.com\/es\/wp-content\/uploads\/sites\/11\/2016\/07\/escritos-vicente-de-paul.jpg?fit=1200%2C630&resize=525%2C300 1.5x, https:\/\/i0.wp.com\/vincentians.com\/es\/wp-content\/uploads\/sites\/11\/2016\/07\/escritos-vicente-de-paul.jpg?fit=1200%2C630&resize=700%2C400 2x, https:\/\/i0.wp.com\/vincentians.com\/es\/wp-content\/uploads\/sites\/11\/2016\/07\/escritos-vicente-de-paul.jpg?fit=1200%2C630&resize=1050%2C600 3x"},"classes":[]},{"id":115915,"url":"http:\/\/vincentians.com\/es\/obrero-de-la-primera-hora-padre-portail-en-mosaico-iv\/","url_meta":{"origin":116629,"position":4},"title":"Obrero de la primera hora: Padre Portail en mosaico (IV)","author":"Francisco Javier Fern\u00e1ndez Chento","date":"24\/05\/2021","format":false,"excerpt":"4. Definici\u00f3n del perfil institucional de la Misi\u00f3n La Asamblea General de 1642 se hizo c\u00e9lebre. La Congregaci\u00f3n, 17 a\u00f1os despu\u00e9s de su fundaci\u00f3n, contaba con 10 Casas y estaba a punto de iniciarse el proceso de organizaci\u00f3n de sus primeras Provincias. En esa Asamblea, el Padre Vicente present\u00f3, por\u2026","rel":"","context":"En \u00abEn tiempos de Vicente de Pa\u00fal\u00bb","block_context":{"text":"En tiempos de Vicente de Pa\u00fal","link":"http:\/\/vincentians.com\/es\/category\/historia-de-la-familia-vicenciana\/en-tiempos-de-vicente-de-paul\/"},"img":{"alt_text":"","src":"https:\/\/i0.wp.com\/vincentians.com\/es\/wp-content\/uploads\/sites\/11\/2016\/09\/enviados-evangelizar-pobres.jpg?fit=1200%2C630&resize=350%2C200","width":350,"height":200,"srcset":"https:\/\/i0.wp.com\/vincentians.com\/es\/wp-content\/uploads\/sites\/11\/2016\/09\/enviados-evangelizar-pobres.jpg?fit=1200%2C630&resize=350%2C200 1x, https:\/\/i0.wp.com\/vincentians.com\/es\/wp-content\/uploads\/sites\/11\/2016\/09\/enviados-evangelizar-pobres.jpg?fit=1200%2C630&resize=525%2C300 1.5x, https:\/\/i0.wp.com\/vincentians.com\/es\/wp-content\/uploads\/sites\/11\/2016\/09\/enviados-evangelizar-pobres.jpg?fit=1200%2C630&resize=700%2C400 2x, https:\/\/i0.wp.com\/vincentians.com\/es\/wp-content\/uploads\/sites\/11\/2016\/09\/enviados-evangelizar-pobres.jpg?fit=1200%2C630&resize=1050%2C600 3x"},"classes":[]},{"id":124197,"url":"http:\/\/vincentians.com\/es\/vicente-de-paul-el-fundador\/","url_meta":{"origin":116629,"position":5},"title":"Vicente de Pa\u00fal: El fundador","author":"Francisco Javier Fern\u00e1ndez Chento","date":"03\/03\/2023","format":false,"excerpt":"Por a\u00f1os, Vicente hab\u00eda compartido con sacerdotes y seglares su atenci\u00f3n a los pobres. Ahora empieza por reunir a estos compa\u00f1eros en una comunidad permanente. Es decir, como Jesucristo, o el ap\u00f3stol Pablo, empieza a juntar sacerdotes y ayudantes para que compartan no s\u00f3lo sus deberes sino tambi\u00e9n toda su\u2026","rel":"","context":"En \u00abVicente de Pa\u00fal\u00bb","block_context":{"text":"Vicente de Pa\u00fal","link":"http:\/\/vincentians.com\/es\/category\/la-familia-vicenciana\/fundadores\/vicente-de-paul\/"},"img":{"alt_text":"","src":"https:\/\/i0.wp.com\/vincentians.com\/es\/wp-content\/uploads\/sites\/11\/2013\/04\/d.jpg?fit=1200%2C799&resize=350%2C200","width":350,"height":200,"srcset":"https:\/\/i0.wp.com\/vincentians.com\/es\/wp-content\/uploads\/sites\/11\/2013\/04\/d.jpg?fit=1200%2C799&resize=350%2C200 1x, https:\/\/i0.wp.com\/vincentians.com\/es\/wp-content\/uploads\/sites\/11\/2013\/04\/d.jpg?fit=1200%2C799&resize=525%2C300 1.5x, https:\/\/i0.wp.com\/vincentians.com\/es\/wp-content\/uploads\/sites\/11\/2013\/04\/d.jpg?fit=1200%2C799&resize=700%2C400 2x, https:\/\/i0.wp.com\/vincentians.com\/es\/wp-content\/uploads\/sites\/11\/2013\/04\/d.jpg?fit=1200%2C799&resize=1050%2C600 3x"},"classes":[]}],"_links":{"self":[{"href":"http:\/\/vincentians.com\/es\/wp-json\/wp\/v2\/posts\/116629","targetHints":{"allow":["GET"]}}],"collection":[{"href":"http:\/\/vincentians.com\/es\/wp-json\/wp\/v2\/posts"}],"about":[{"href":"http:\/\/vincentians.com\/es\/wp-json\/wp\/v2\/types\/post"}],"author":[{"embeddable":true,"href":"http:\/\/vincentians.com\/es\/wp-json\/wp\/v2\/users\/4"}],"replies":[{"embeddable":true,"href":"http:\/\/vincentians.com\/es\/wp-json\/wp\/v2\/comments?post=116629"}],"version-history":[{"count":0,"href":"http:\/\/vincentians.com\/es\/wp-json\/wp\/v2\/posts\/116629\/revisions"}],"wp:featuredmedia":[{"embeddable":true,"href":"http:\/\/vincentians.com\/es\/wp-json\/wp\/v2\/media\/393753"}],"wp:attachment":[{"href":"http:\/\/vincentians.com\/es\/wp-json\/wp\/v2\/media?parent=116629"}],"wp:term":[{"taxonomy":"category","embeddable":true,"href":"http:\/\/vincentians.com\/es\/wp-json\/wp\/v2\/categories?post=116629"},{"taxonomy":"post_tag","embeddable":true,"href":"http:\/\/vincentians.com\/es\/wp-json\/wp\/v2\/tags?post=116629"}],"curies":[{"name":"wp","href":"https:\/\/api.w.org\/{rel}","templated":true}]}}