{"id":11628,"date":"2010-03-04T08:00:52","date_gmt":"2010-03-04T07:00:52","guid":{"rendered":"http:\/\/somos.vicencianos.org\/blog\/?p=11628"},"modified":"2016-07-26T09:45:40","modified_gmt":"2016-07-26T07:45:40","slug":"programa-de-ayudas-al-estudio-en-puerto-cortes-honduras","status":"publish","type":"post","link":"http:\/\/vincentians.com\/es\/programa-de-ayudas-al-estudio-en-puerto-cortes-honduras\/","title":{"rendered":"Programa de ayudas al estudio en Puerto Cort\u00e9s (Honduras)"},"content":{"rendered":"<p><a href=\"https:\/\/i0.wp.com\/vicencianos.org\/vicencianos\/files\/2010\/02\/cobbler.jpg\"><img data-recalc-dims=\"1\" loading=\"lazy\" decoding=\"async\" class=\"size-medium wp-image-11631 alignright\" src=\"https:\/\/i0.wp.com\/vicencianos.org\/vicencianos\/files\/2010\/02\/cobbler-300x228.jpg?resize=300%2C228\" alt=\"\" width=\"300\" height=\"228\" \/><\/a>El <em>\u00abPrograma de Ayudas al Estudio\u00bb <\/em>est\u00e1 dirigido a j\u00f3venes y ni\u00f1os y ni\u00f1as provenientes del \u00e1rea rural de los Municipios de Puerto Cort\u00e9s y Omoa, departamento de Cort\u00e9s en la costa norte de la Rep\u00fablica de Honduras. Estos municipios corresponden a las Parroquias del Sagrado Coraz\u00f3n de Jes\u00fas (Puerto Cort\u00e9s)\u00a0 y de Santiago Ap\u00f3stol (Cuyamel), atendidas por los Misioneros Pa\u00fales de la Provincia de Zaragoza<\/p>\n<p>Durante el a\u00f1o 2009, el Programa ha apoyado a 139 estudiantes:<\/p>\n<ul>\n<li>51 muchachos<\/li>\n<li>88 muchachas;<\/li>\n<li>79 alumnos de Secundaria<\/li>\n<li>55 de Bachiller y Carrera<\/li>\n<\/ul>\n<p>La ayuda ha sido de 1,000 lempiras (40 euros) para gastos fijos del centro educativo y gastos de libros y material escolar para todos y cada uno de los alumnos.<\/p>\n<p>A 20 alumnos de las aldeas de monta\u00f1a se les ha ayudado adem\u00e1s con 7.200 lempiras (288 euros) en concepto de alojamiento, porque no pueden volver a sus casas cada d\u00eda.<\/p>\n<p>Y a 70 alumnos se les ha ayudado con el transporte al centro educativo, ya que para estudiar el bachillerato hay que viajar a Omoa o a Puerto Cort\u00e9s, d\u00f3nde se encuentran los dos \u00fanicos centros p\u00fablicos de la zona. Los gastos de transporte van de 1.500 lempiras (60 euros) a 7.200 (288 euros), dependiendo de la distancia entre la aldea y el lugar de estudio.<\/p>\n<p>\u00a1Gracias!<\/p>\n<h2>Testimonio de Mariela<\/h2>\n<blockquote><p>Apreciables amigos:<\/p>\n<p>Espero que quien lea esta carta se encuentre muy bien de salud. Bueno, despu\u00e9s de este saludo paso a lo siguiente.<\/p>\n<p>Me llamo Mariela y les env\u00edo esta carta para agradecerles lo mucho que me han ayudado, pues gracias a ustedes y a Dios, sigo estudiando y pienso seguir haci\u00e9ndolo. Mis padres se llaman Carmen y Jos\u00e9 Luis y son maravillosos porque ellos tambi\u00e9n est\u00e1n luchando para que mis hermanas y yo sigamos estudiando para ser unas profesionales. Por eso, yo los quiero mucho.<\/p>\n<p>Yo les doy las gracias por apoyarme con la beca que es una gran ayuda. Yo estudio Bachillerato T\u00e9cnico en Computaci\u00f3n y espero que en el futuro me salgan muy buenas oportunidades de trabajo, pues mis metas son ayudar a mis padres y seguir en la universidad. Espero hacer realidad mis sue\u00f1os gracias a ustedes y ser una buena persona.<\/p>\n<p>Muchisiiisiiimas gracias a las personas que me est\u00e1n apoyando. Le rezar\u00e9 mucho a la virgencita para que los cuide y los proteja mucho pues gracias a ella soy muy feliz en mi hogar y por eso en mi coraz\u00f3n s\u00f3lo hay felicidad. Gracias de nuevo por la ayuda.<\/p><\/blockquote>\n<h2>Formas de participar en el programa<\/h2>\n<p>Cada persona, grupo o comunidad puede comprometerse y apadrinar a uno o m\u00e1s ni\u00f1os\/as.<\/p>\n<ul>\n<li> Matr\u00edcula y materiales: 60 \u20ac anuales<\/li>\n<li>Matr\u00edcula y transporte: 300 \u20ac anuales<\/li>\n<li>Matr\u00edcula, transporte y alojamiento: 400 \u20ac anuales<\/li>\n<\/ul>\n<h2>D\u00f3nde recibir m\u00e1s informaci\u00f3n y entregar donativos<\/h2>\n<p>Las ayudas a Las comunidades vicencianas de Puerto Cort\u00e9s y Cuyamel se centralizan desde la Casa Provincial de los Misioneros Pa\u00fales de Zaragoza:<\/p>\n<p style=\"text-align: center\"><strong>Misioneros Pa\u00fales<\/strong><br \/>\nCalle MIsiones 9<br \/>\n50009 Zaragoza<br \/>\nTel\u00e9fono: 976 565 017 (preguntar por el padre Santiago Azc\u00e1rate)<br \/>\nFax: 976 563 529<br \/>\nEmail: <a href=\"mailto:cmzaragoza@famvin.org\" target=\"_blank\">cmzaragoza@famvin.org<\/a><\/p>\n<p>As\u00edmismo, se pueden enviar los donativos a la siguiente cuenta bancaria:<\/p>\n<p>Titular: <strong>Congregaci\u00f3n de la Misi\u00f3n<\/strong><br \/>\nBanco: <strong>Banco Popular<\/strong><br \/>\nN\u00famero de cuenta: <strong>0075 0006 01 06601828965<\/strong><br \/>\n<em><strong>Por favor, indicar en el apartado de comentarios de la transferencia \u00abPara ayuda a Honduras\u00bb y el titular.<\/strong><\/em><\/p>\n<p>Para los residentes espa\u00f1oles, esta ayuda es desgrabable fiscalmente en la Declaraci\u00f3n de la Renta.<\/p>\n<p style=\"text-align: center\">\n","protected":false},"excerpt":{"rendered":"<p>El \u00abPrograma de Ayudas al Estudio\u00bb est\u00e1 dirigido a j\u00f3venes y ni\u00f1os y ni\u00f1as provenientes del \u00e1rea rural de los Municipios de Puerto Cort\u00e9s y Omoa, departamento de Cort\u00e9s en la costa norte de la &#8230; <a href=\"http:\/\/vincentians.com\/es\/programa-de-ayudas-al-estudio-en-puerto-cortes-honduras\/\" class=\"more-link\">Read More<\/a><\/p>\n","protected":false},"author":4,"featured_media":0,"comment_status":"open","ping_status":"open","sticky":false,"template":"","format":"standard","meta":{"jetpack_post_was_ever_published":false,"_jetpack_newsletter_access":"","_jetpack_dont_email_post_to_subs":false,"_jetpack_newsletter_tier_id":0,"_jetpack_memberships_contains_paywalled_content":false,"_jetpack_memberships_contains_paid_content":false,"footnotes":"","jetpack_publicize_message":"","jetpack_publicize_feature_enabled":true,"jetpack_social_post_already_shared":true,"jetpack_social_options":{"image_generator_settings":{"template":"highway","default_image_id":0,"font":"","enabled":false},"version":2}},"categories":[16,201],"tags":[],"class_list":["post-11628","post","type-post","status-publish","format-standard","hentry","category-congregacion-de-la-mision","category-misiones-ad-gentes","no-post-thumbnail"],"yoast_head":"<!-- This site is optimized with the Yoast SEO plugin v26.3 - https:\/\/yoast.com\/wordpress\/plugins\/seo\/ -->\n<title>Programa de ayudas al estudio en Puerto Cort\u00e9s (Honduras) - Somos Vicencianos<\/title>\n<meta name=\"robots\" content=\"index, follow, max-snippet:-1, max-image-preview:large, max-video-preview:-1\" \/>\n<link rel=\"canonical\" href=\"http:\/\/vincentians.com\/es\/programa-de-ayudas-al-estudio-en-puerto-cortes-honduras\/\" \/>\n<meta property=\"og:locale\" content=\"es_ES\" \/>\n<meta property=\"og:type\" content=\"article\" \/>\n<meta property=\"og:title\" content=\"Programa de ayudas al estudio en Puerto Cort\u00e9s (Honduras) - Somos Vicencianos\" \/>\n<meta property=\"og:description\" content=\"El \u00abPrograma de Ayudas al Estudio\u00bb est\u00e1 dirigido a j\u00f3venes y ni\u00f1os y ni\u00f1as provenientes del \u00e1rea rural de los Municipios de Puerto Cort\u00e9s y Omoa, departamento de Cort\u00e9s en la costa norte de la ... Read More\" \/>\n<meta property=\"og:url\" content=\"http:\/\/vincentians.com\/es\/programa-de-ayudas-al-estudio-en-puerto-cortes-honduras\/\" \/>\n<meta property=\"og:site_name\" content=\"Somos Vicencianos\" \/>\n<meta property=\"article:publisher\" content=\"https:\/\/www.facebook.com\/WeAreVincentians\/\" \/>\n<meta property=\"article:author\" content=\"https:\/\/www.facebook.com\/JavierChento\" \/>\n<meta property=\"article:published_time\" content=\"2010-03-04T07:00:52+00:00\" \/>\n<meta property=\"article:modified_time\" content=\"2016-07-26T07:45:40+00:00\" \/>\n<meta property=\"og:image\" content=\"http:\/\/vicencianos.org\/vicencianos\/files\/2010\/02\/cobbler-300x228.jpg\" \/>\n<meta name=\"author\" content=\"Francisco Javier Fern\u00e1ndez Chento\" \/>\n<meta name=\"twitter:card\" content=\"summary_large_image\" \/>\n<meta name=\"twitter:creator\" content=\"@https:\/\/twitter.com\/javierchento\" \/>\n<meta name=\"twitter:site\" content=\"@WeVincentians\" \/>\n<meta name=\"twitter:label1\" content=\"Escrito por\" \/>\n\t<meta name=\"twitter:data1\" content=\"Francisco Javier Fern\u00e1ndez Chento\" \/>\n\t<meta name=\"twitter:label2\" content=\"Tiempo de lectura\" \/>\n\t<meta name=\"twitter:data2\" content=\"3 minutos\" \/>\n<script type=\"application\/ld+json\" class=\"yoast-schema-graph\">{\"@context\":\"https:\/\/schema.org\",\"@graph\":[{\"@type\":\"Article\",\"@id\":\"http:\/\/vincentians.com\/es\/programa-de-ayudas-al-estudio-en-puerto-cortes-honduras\/#article\",\"isPartOf\":{\"@id\":\"http:\/\/vincentians.com\/es\/programa-de-ayudas-al-estudio-en-puerto-cortes-honduras\/\"},\"author\":{\"name\":\"Francisco Javier Fern\u00e1ndez Chento\",\"@id\":\"http:\/\/vincentians.com\/es\/#\/schema\/person\/9623ef4d9aa3b2dfb8c061f1499288f2\"},\"headline\":\"Programa de ayudas al estudio en Puerto Cort\u00e9s (Honduras)\",\"datePublished\":\"2010-03-04T07:00:52+00:00\",\"dateModified\":\"2016-07-26T07:45:40+00:00\",\"mainEntityOfPage\":{\"@id\":\"http:\/\/vincentians.com\/es\/programa-de-ayudas-al-estudio-en-puerto-cortes-honduras\/\"},\"wordCount\":593,\"commentCount\":0,\"publisher\":{\"@id\":\"http:\/\/vincentians.com\/es\/#organization\"},\"image\":{\"@id\":\"http:\/\/vincentians.com\/es\/programa-de-ayudas-al-estudio-en-puerto-cortes-honduras\/#primaryimage\"},\"thumbnailUrl\":\"http:\/\/vicencianos.org\/vicencianos\/files\/2010\/02\/cobbler-300x228.jpg\",\"articleSection\":[\"Congregaci\u00f3n de la Misi\u00f3n\",\"Misiones \u00abAd gentes\u00bb\"],\"inLanguage\":\"es\",\"potentialAction\":[{\"@type\":\"CommentAction\",\"name\":\"Comment\",\"target\":[\"http:\/\/vincentians.com\/es\/programa-de-ayudas-al-estudio-en-puerto-cortes-honduras\/#respond\"]}]},{\"@type\":\"WebPage\",\"@id\":\"http:\/\/vincentians.com\/es\/programa-de-ayudas-al-estudio-en-puerto-cortes-honduras\/\",\"url\":\"http:\/\/vincentians.com\/es\/programa-de-ayudas-al-estudio-en-puerto-cortes-honduras\/\",\"name\":\"Programa de ayudas al estudio en Puerto Cort\u00e9s (Honduras) - Somos Vicencianos\",\"isPartOf\":{\"@id\":\"http:\/\/vincentians.com\/es\/#website\"},\"primaryImageOfPage\":{\"@id\":\"http:\/\/vincentians.com\/es\/programa-de-ayudas-al-estudio-en-puerto-cortes-honduras\/#primaryimage\"},\"image\":{\"@id\":\"http:\/\/vincentians.com\/es\/programa-de-ayudas-al-estudio-en-puerto-cortes-honduras\/#primaryimage\"},\"thumbnailUrl\":\"http:\/\/vicencianos.org\/vicencianos\/files\/2010\/02\/cobbler-300x228.jpg\",\"datePublished\":\"2010-03-04T07:00:52+00:00\",\"dateModified\":\"2016-07-26T07:45:40+00:00\",\"breadcrumb\":{\"@id\":\"http:\/\/vincentians.com\/es\/programa-de-ayudas-al-estudio-en-puerto-cortes-honduras\/#breadcrumb\"},\"inLanguage\":\"es\",\"potentialAction\":[{\"@type\":\"ReadAction\",\"target\":[\"http:\/\/vincentians.com\/es\/programa-de-ayudas-al-estudio-en-puerto-cortes-honduras\/\"]}]},{\"@type\":\"ImageObject\",\"inLanguage\":\"es\",\"@id\":\"http:\/\/vincentians.com\/es\/programa-de-ayudas-al-estudio-en-puerto-cortes-honduras\/#primaryimage\",\"url\":\"http:\/\/vicencianos.org\/vicencianos\/files\/2010\/02\/cobbler-300x228.jpg\",\"contentUrl\":\"http:\/\/vicencianos.org\/vicencianos\/files\/2010\/02\/cobbler-300x228.jpg\"},{\"@type\":\"BreadcrumbList\",\"@id\":\"http:\/\/vincentians.com\/es\/programa-de-ayudas-al-estudio-en-puerto-cortes-honduras\/#breadcrumb\",\"itemListElement\":[{\"@type\":\"ListItem\",\"position\":1,\"name\":\"Portada\",\"item\":\"http:\/\/vincentians.com\/es\/\"},{\"@type\":\"ListItem\",\"position\":2,\"name\":\"Programa de ayudas al estudio en Puerto Cort\u00e9s (Honduras)\"}]},{\"@type\":\"WebSite\",\"@id\":\"http:\/\/vincentians.com\/es\/#website\",\"url\":\"http:\/\/vincentians.com\/es\/\",\"name\":\"Somos Vicencianos\",\"description\":\"Know more to serve more\",\"publisher\":{\"@id\":\"http:\/\/vincentians.com\/es\/#organization\"},\"potentialAction\":[{\"@type\":\"SearchAction\",\"target\":{\"@type\":\"EntryPoint\",\"urlTemplate\":\"http:\/\/vincentians.com\/es\/?s={search_term_string}\"},\"query-input\":{\"@type\":\"PropertyValueSpecification\",\"valueRequired\":true,\"valueName\":\"search_term_string\"}}],\"inLanguage\":\"es\"},{\"@type\":\"Organization\",\"@id\":\"http:\/\/vincentians.com\/es\/#organization\",\"name\":\"The Vincentian Network\",\"url\":\"http:\/\/vincentians.com\/es\/\",\"logo\":{\"@type\":\"ImageObject\",\"inLanguage\":\"es\",\"@id\":\"http:\/\/vincentians.com\/es\/#\/schema\/logo\/image\/\",\"url\":\"https:\/\/i1.wp.com\/vincentians.com\/es\/wp-content\/uploads\/sites\/11\/2016\/06\/Vincentian-Network-logo-big.png?fit=778%2C778\",\"contentUrl\":\"https:\/\/i1.wp.com\/vincentians.com\/es\/wp-content\/uploads\/sites\/11\/2016\/06\/Vincentian-Network-logo-big.png?fit=778%2C778\",\"width\":778,\"height\":778,\"caption\":\"The Vincentian Network\"},\"image\":{\"@id\":\"http:\/\/vincentians.com\/es\/#\/schema\/logo\/image\/\"},\"sameAs\":[\"https:\/\/www.facebook.com\/WeAreVincentians\/\",\"https:\/\/x.com\/WeVincentians\"]},{\"@type\":\"Person\",\"@id\":\"http:\/\/vincentians.com\/es\/#\/schema\/person\/9623ef4d9aa3b2dfb8c061f1499288f2\",\"name\":\"Francisco Javier Fern\u00e1ndez Chento\",\"image\":{\"@type\":\"ImageObject\",\"inLanguage\":\"es\",\"@id\":\"http:\/\/vincentians.com\/es\/#\/schema\/person\/image\/\",\"url\":\"https:\/\/secure.gravatar.com\/avatar\/497d5cde87b4c3d097d0315953521681ba2cd523ee66e5077c3711f7021e65de?s=96&d=mm&r=g\",\"contentUrl\":\"https:\/\/secure.gravatar.com\/avatar\/497d5cde87b4c3d097d0315953521681ba2cd523ee66e5077c3711f7021e65de?s=96&d=mm&r=g\",\"caption\":\"Francisco Javier Fern\u00e1ndez Chento\"},\"description\":\"Director General y cofundador de La Red de Formaci\u00f3n Vicenciana. Javier es laico vicenciano, afiliado a la Congregaci\u00f3n de la Misi\u00f3n y miembro del Equipo de Misiones Populares de la provincia can\u00f3nica de Zaragoza (Espa\u00f1a) de la Congregaci\u00f3n de la Misi\u00f3n. Graduado en la Universidad Oberta de Catalunya con cuatro grados (Asistente de direcci\u00f3n, Gesti\u00f3n Administrativa, Recursos Humanos y Contabilidad Avanzada). Bil\u00edng\u00fce Espa\u00f1ol\/Ingl\u00e9s. gestiona y mantiene varias p\u00e1ginas web cristianas y vicencianas, incluida including La Red de Formaci\u00f3n Vicenciana, de la que es cofundador. Actualmente es responsable del \u00e1rea de Espa\u00f1ol de .famvin, la Red de Noticias de la Familia Vicenciana. Tambi\u00e9n es m\u00fasico cat\u00f3lico y ha editado varios discos. Es Director General y cofundador de Trovador, una reconocida compa\u00f1\u00eda discogr\u00e1fica critiana de Espa\u00f1a. Trabaja en las Tecnolog\u00edas de la Informaci\u00f3n, ofreciendo servicios de alojamiento, dise\u00f1o y mantenimiento Web, as\u00ed como asesoramiento, formaci\u00f3n y soluciones inform\u00e1ticas, gesti\u00f3n documental y digitalizaci\u00f3n de textos, edici\u00f3n y maquetaci\u00f3n de libros, revistas, flyers, etc.\",\"sameAs\":[\"http:\/\/chento.org\",\"https:\/\/www.facebook.com\/JavierChento\",\"https:\/\/x.com\/https:\/\/twitter.com\/javierchento\"],\"url\":\"http:\/\/vincentians.com\/es\/author\/chento\/\"}]}<\/script>\n<!-- \/ Yoast SEO plugin. -->","yoast_head_json":{"title":"Programa de ayudas al estudio en Puerto Cort\u00e9s (Honduras) - Somos Vicencianos","robots":{"index":"index","follow":"follow","max-snippet":"max-snippet:-1","max-image-preview":"max-image-preview:large","max-video-preview":"max-video-preview:-1"},"canonical":"http:\/\/vincentians.com\/es\/programa-de-ayudas-al-estudio-en-puerto-cortes-honduras\/","og_locale":"es_ES","og_type":"article","og_title":"Programa de ayudas al estudio en Puerto Cort\u00e9s (Honduras) - Somos Vicencianos","og_description":"El \u00abPrograma de Ayudas al Estudio\u00bb est\u00e1 dirigido a j\u00f3venes y ni\u00f1os y ni\u00f1as provenientes del \u00e1rea rural de los Municipios de Puerto Cort\u00e9s y Omoa, departamento de Cort\u00e9s en la costa norte de la ... Read More","og_url":"http:\/\/vincentians.com\/es\/programa-de-ayudas-al-estudio-en-puerto-cortes-honduras\/","og_site_name":"Somos Vicencianos","article_publisher":"https:\/\/www.facebook.com\/WeAreVincentians\/","article_author":"https:\/\/www.facebook.com\/JavierChento","article_published_time":"2010-03-04T07:00:52+00:00","article_modified_time":"2016-07-26T07:45:40+00:00","og_image":[{"url":"http:\/\/vicencianos.org\/vicencianos\/files\/2010\/02\/cobbler-300x228.jpg","type":"","width":"","height":""}],"author":"Francisco Javier Fern\u00e1ndez Chento","twitter_card":"summary_large_image","twitter_creator":"@https:\/\/twitter.com\/javierchento","twitter_site":"@WeVincentians","twitter_misc":{"Escrito por":"Francisco Javier Fern\u00e1ndez Chento","Tiempo de lectura":"3 minutos"},"schema":{"@context":"https:\/\/schema.org","@graph":[{"@type":"Article","@id":"http:\/\/vincentians.com\/es\/programa-de-ayudas-al-estudio-en-puerto-cortes-honduras\/#article","isPartOf":{"@id":"http:\/\/vincentians.com\/es\/programa-de-ayudas-al-estudio-en-puerto-cortes-honduras\/"},"author":{"name":"Francisco Javier Fern\u00e1ndez Chento","@id":"http:\/\/vincentians.com\/es\/#\/schema\/person\/9623ef4d9aa3b2dfb8c061f1499288f2"},"headline":"Programa de ayudas al estudio en Puerto Cort\u00e9s (Honduras)","datePublished":"2010-03-04T07:00:52+00:00","dateModified":"2016-07-26T07:45:40+00:00","mainEntityOfPage":{"@id":"http:\/\/vincentians.com\/es\/programa-de-ayudas-al-estudio-en-puerto-cortes-honduras\/"},"wordCount":593,"commentCount":0,"publisher":{"@id":"http:\/\/vincentians.com\/es\/#organization"},"image":{"@id":"http:\/\/vincentians.com\/es\/programa-de-ayudas-al-estudio-en-puerto-cortes-honduras\/#primaryimage"},"thumbnailUrl":"http:\/\/vicencianos.org\/vicencianos\/files\/2010\/02\/cobbler-300x228.jpg","articleSection":["Congregaci\u00f3n de la Misi\u00f3n","Misiones \u00abAd gentes\u00bb"],"inLanguage":"es","potentialAction":[{"@type":"CommentAction","name":"Comment","target":["http:\/\/vincentians.com\/es\/programa-de-ayudas-al-estudio-en-puerto-cortes-honduras\/#respond"]}]},{"@type":"WebPage","@id":"http:\/\/vincentians.com\/es\/programa-de-ayudas-al-estudio-en-puerto-cortes-honduras\/","url":"http:\/\/vincentians.com\/es\/programa-de-ayudas-al-estudio-en-puerto-cortes-honduras\/","name":"Programa de ayudas al estudio en Puerto Cort\u00e9s (Honduras) - Somos Vicencianos","isPartOf":{"@id":"http:\/\/vincentians.com\/es\/#website"},"primaryImageOfPage":{"@id":"http:\/\/vincentians.com\/es\/programa-de-ayudas-al-estudio-en-puerto-cortes-honduras\/#primaryimage"},"image":{"@id":"http:\/\/vincentians.com\/es\/programa-de-ayudas-al-estudio-en-puerto-cortes-honduras\/#primaryimage"},"thumbnailUrl":"http:\/\/vicencianos.org\/vicencianos\/files\/2010\/02\/cobbler-300x228.jpg","datePublished":"2010-03-04T07:00:52+00:00","dateModified":"2016-07-26T07:45:40+00:00","breadcrumb":{"@id":"http:\/\/vincentians.com\/es\/programa-de-ayudas-al-estudio-en-puerto-cortes-honduras\/#breadcrumb"},"inLanguage":"es","potentialAction":[{"@type":"ReadAction","target":["http:\/\/vincentians.com\/es\/programa-de-ayudas-al-estudio-en-puerto-cortes-honduras\/"]}]},{"@type":"ImageObject","inLanguage":"es","@id":"http:\/\/vincentians.com\/es\/programa-de-ayudas-al-estudio-en-puerto-cortes-honduras\/#primaryimage","url":"http:\/\/vicencianos.org\/vicencianos\/files\/2010\/02\/cobbler-300x228.jpg","contentUrl":"http:\/\/vicencianos.org\/vicencianos\/files\/2010\/02\/cobbler-300x228.jpg"},{"@type":"BreadcrumbList","@id":"http:\/\/vincentians.com\/es\/programa-de-ayudas-al-estudio-en-puerto-cortes-honduras\/#breadcrumb","itemListElement":[{"@type":"ListItem","position":1,"name":"Portada","item":"http:\/\/vincentians.com\/es\/"},{"@type":"ListItem","position":2,"name":"Programa de ayudas al estudio en Puerto Cort\u00e9s (Honduras)"}]},{"@type":"WebSite","@id":"http:\/\/vincentians.com\/es\/#website","url":"http:\/\/vincentians.com\/es\/","name":"Somos Vicencianos","description":"Know more to serve more","publisher":{"@id":"http:\/\/vincentians.com\/es\/#organization"},"potentialAction":[{"@type":"SearchAction","target":{"@type":"EntryPoint","urlTemplate":"http:\/\/vincentians.com\/es\/?s={search_term_string}"},"query-input":{"@type":"PropertyValueSpecification","valueRequired":true,"valueName":"search_term_string"}}],"inLanguage":"es"},{"@type":"Organization","@id":"http:\/\/vincentians.com\/es\/#organization","name":"The Vincentian Network","url":"http:\/\/vincentians.com\/es\/","logo":{"@type":"ImageObject","inLanguage":"es","@id":"http:\/\/vincentians.com\/es\/#\/schema\/logo\/image\/","url":"https:\/\/i1.wp.com\/vincentians.com\/es\/wp-content\/uploads\/sites\/11\/2016\/06\/Vincentian-Network-logo-big.png?fit=778%2C778","contentUrl":"https:\/\/i1.wp.com\/vincentians.com\/es\/wp-content\/uploads\/sites\/11\/2016\/06\/Vincentian-Network-logo-big.png?fit=778%2C778","width":778,"height":778,"caption":"The Vincentian Network"},"image":{"@id":"http:\/\/vincentians.com\/es\/#\/schema\/logo\/image\/"},"sameAs":["https:\/\/www.facebook.com\/WeAreVincentians\/","https:\/\/x.com\/WeVincentians"]},{"@type":"Person","@id":"http:\/\/vincentians.com\/es\/#\/schema\/person\/9623ef4d9aa3b2dfb8c061f1499288f2","name":"Francisco Javier Fern\u00e1ndez Chento","image":{"@type":"ImageObject","inLanguage":"es","@id":"http:\/\/vincentians.com\/es\/#\/schema\/person\/image\/","url":"https:\/\/secure.gravatar.com\/avatar\/497d5cde87b4c3d097d0315953521681ba2cd523ee66e5077c3711f7021e65de?s=96&d=mm&r=g","contentUrl":"https:\/\/secure.gravatar.com\/avatar\/497d5cde87b4c3d097d0315953521681ba2cd523ee66e5077c3711f7021e65de?s=96&d=mm&r=g","caption":"Francisco Javier Fern\u00e1ndez Chento"},"description":"Director General y cofundador de La Red de Formaci\u00f3n Vicenciana. Javier es laico vicenciano, afiliado a la Congregaci\u00f3n de la Misi\u00f3n y miembro del Equipo de Misiones Populares de la provincia can\u00f3nica de Zaragoza (Espa\u00f1a) de la Congregaci\u00f3n de la Misi\u00f3n. Graduado en la Universidad Oberta de Catalunya con cuatro grados (Asistente de direcci\u00f3n, Gesti\u00f3n Administrativa, Recursos Humanos y Contabilidad Avanzada). Bil\u00edng\u00fce Espa\u00f1ol\/Ingl\u00e9s. gestiona y mantiene varias p\u00e1ginas web cristianas y vicencianas, incluida including La Red de Formaci\u00f3n Vicenciana, de la que es cofundador. Actualmente es responsable del \u00e1rea de Espa\u00f1ol de .famvin, la Red de Noticias de la Familia Vicenciana. Tambi\u00e9n es m\u00fasico cat\u00f3lico y ha editado varios discos. Es Director General y cofundador de Trovador, una reconocida compa\u00f1\u00eda discogr\u00e1fica critiana de Espa\u00f1a. Trabaja en las Tecnolog\u00edas de la Informaci\u00f3n, ofreciendo servicios de alojamiento, dise\u00f1o y mantenimiento Web, as\u00ed como asesoramiento, formaci\u00f3n y soluciones inform\u00e1ticas, gesti\u00f3n documental y digitalizaci\u00f3n de textos, edici\u00f3n y maquetaci\u00f3n de libros, revistas, flyers, etc.","sameAs":["http:\/\/chento.org","https:\/\/www.facebook.com\/JavierChento","https:\/\/x.com\/https:\/\/twitter.com\/javierchento"],"url":"http:\/\/vincentians.com\/es\/author\/chento\/"}]}},"jetpack_publicize_connections":[],"jetpack_featured_media_url":"","jetpack_sharing_enabled":true,"jetpack_shortlink":"https:\/\/wp.me\/p7ETMF-31y","jetpack-related-posts":[{"id":40270,"url":"http:\/\/vincentians.com\/es\/compromiso-misionero-en-cortes-honduras\/","url_meta":{"origin":11628,"position":0},"title":"Compromiso misionero en Cort\u00e9s (Honduras)","author":"Francisco Javier Fern\u00e1ndez Chento","date":"30\/10\/2020","format":false,"excerpt":"I. La provincia de Zaragoza asume su compromiso misionero en Honduras En septiembre de 1989, la Provincia de Zaragoza asumi\u00f3 el cui\u00addado pastoral de la parroquia de Puerto Cort\u00e9s (Departamento de Cort\u00e9s, Honduras). De este modo, la Provincia respond\u00eda a un anhelo compartido en las Asambleas Provinciales: trabajar en un\u2026","rel":"","context":"En \u00abCongregaci\u00f3n de la Misi\u00f3n\u00bb","block_context":{"text":"Congregaci\u00f3n de la Misi\u00f3n","link":"http:\/\/vincentians.com\/es\/category\/la-familia-vicenciana\/ramas\/congregacion-de-la-mision\/"},"img":{"alt_text":"","src":"https:\/\/i0.wp.com\/vincentians.com\/es\/wp-content\/uploads\/sites\/11\/2015\/04\/tres-descubrimientos-de-Vicente-de-Paul.jpg?fit=1200%2C630&resize=350%2C200","width":350,"height":200,"srcset":"https:\/\/i0.wp.com\/vincentians.com\/es\/wp-content\/uploads\/sites\/11\/2015\/04\/tres-descubrimientos-de-Vicente-de-Paul.jpg?fit=1200%2C630&resize=350%2C200 1x, https:\/\/i0.wp.com\/vincentians.com\/es\/wp-content\/uploads\/sites\/11\/2015\/04\/tres-descubrimientos-de-Vicente-de-Paul.jpg?fit=1200%2C630&resize=525%2C300 1.5x, https:\/\/i0.wp.com\/vincentians.com\/es\/wp-content\/uploads\/sites\/11\/2015\/04\/tres-descubrimientos-de-Vicente-de-Paul.jpg?fit=1200%2C630&resize=700%2C400 2x, https:\/\/i0.wp.com\/vincentians.com\/es\/wp-content\/uploads\/sites\/11\/2015\/04\/tres-descubrimientos-de-Vicente-de-Paul.jpg?fit=1200%2C630&resize=1050%2C600 3x"},"classes":[]},{"id":130664,"url":"http:\/\/vincentians.com\/es\/el-vicariato-apostolico-de-san-pedro-sula-honduras-1911-1945-v\/","url_meta":{"origin":11628,"position":1},"title":"El Vicariato Apost\u00f3lico de San Pedro Sula (Honduras) 1911-1945 (V)","author":"Mitxel Olabu\u00e9naga","date":"07\/06\/2014","format":false,"excerpt":"V.\u2014 LABOR MISIONERA Ocupaciones parroquiales. En qu\u00e9 condiciones espirituales se hallaba la costa Norte hondure\u00f1a antes de la llegada de nuestros Padres? El P. GelaIn tiene la palabra: \"Al d\u00eda siguiente de mi llegada a Puerto Cort\u00e9s, me cont\u00f3 la se\u00f1ora que cuidaba de la iglesia de esta localidad: Ayer\u2026","rel":"","context":"En \u00abHistoria de la Congregaci\u00f3n de la Misi\u00f3n en Espa\u00f1a\u00bb","block_context":{"text":"Historia de la Congregaci\u00f3n de la Misi\u00f3n en Espa\u00f1a","link":"http:\/\/vincentians.com\/es\/category\/historia-de-la-familia-vicenciana\/historia-de-la-congregacion-de-la-mision-en-espana\/"},"img":{"alt_text":"La Ceiba","src":"https:\/\/i0.wp.com\/vicencianos.org\/wp-content\/2014\/06\/La-Ceiba.jpg?resize=350%2C200","width":350,"height":200},"classes":[]},{"id":128318,"url":"http:\/\/vincentians.com\/es\/nolberto-antonio-acosta-maldonado\/","url_meta":{"origin":11628,"position":2},"title":"Nolberto Antonio Acosta Maldonado","author":"Francisco Javier Fern\u00e1ndez Chento","date":"18\/01\/2014","format":false,"excerpt":"Nolberto Antonio Acosta Maldonado, nacido el 24 de marzo de 1994, es miembro de una familia de seis hermanos. En 2004 comienza a residir en el Hogar de Ni\u00f1os. De aquellos a\u00f1os recuerda agradecido la formaci\u00f3n integral recibida: alimento, ropa, educaci\u00f3n en valores... Sor Mar\u00eda Mercedes le promocion\u00f3 en su\u2026","rel":"","context":"En \u00abTestigos vicencianos\u00bb","block_context":{"text":"Testigos vicencianos","link":"http:\/\/vincentians.com\/es\/category\/la-familia-vicenciana\/testigos-vicencianos\/"},"img":{"alt_text":"norberto","src":"https:\/\/i0.wp.com\/vicencianos.org\/wp-content\/2014\/01\/norberto-282x300.jpg?resize=350%2C200","width":350,"height":200},"classes":[]},{"id":130662,"url":"http:\/\/vincentians.com\/es\/el-vicariato-apostolico-de-san-pedro-sula-honduras-1911-1945-iv\/","url_meta":{"origin":11628,"position":3},"title":"El Vicariato Apost\u00f3lico de San Pedro Sula (Honduras) 1911-1945 (IV)","author":"Mitxel Olabu\u00e9naga","date":"06\/06\/2014","format":false,"excerpt":"IV. \u2014 RESIDENCIAS I) San Pedro Sula. Esta ciudad, fundada por el Capit\u00e1n don Pedro Alvarado, es una de las m\u00e1s importantes de la Rep\u00fablica. Sus calles son anchas y espaciosas, poseyendo todos los adelantos y comodidades que exige la moderna civilizaci\u00f3n. I lene un grandioso y art\u00edstico parque, en\u2026","rel":"","context":"En \u00abHistoria de la Congregaci\u00f3n de la Misi\u00f3n en Espa\u00f1a\u00bb","block_context":{"text":"Historia de la Congregaci\u00f3n de la Misi\u00f3n en Espa\u00f1a","link":"http:\/\/vincentians.com\/es\/category\/historia-de-la-familia-vicenciana\/historia-de-la-congregacion-de-la-mision-en-espana\/"},"img":{"alt_text":"La Ceiba","src":"https:\/\/i0.wp.com\/vicencianos.org\/wp-content\/2014\/06\/La-Ceiba.jpg?resize=350%2C200","width":350,"height":200},"classes":[]},{"id":102799,"url":"http:\/\/vincentians.com\/es\/los-ninos-del-cementerio-de-addis-abeba-tienen-futuro-gracias-a-las-hijas-de-la-caridad\/","url_meta":{"origin":11628,"position":4},"title":"Los \u00abni\u00f1os del cementerio\u00bb de Addis Abeba tienen futuro gracias a las Hijas de la Caridad","author":"Francisco Javier Fern\u00e1ndez Chento","date":"26\/05\/2018","format":false,"excerpt":"No lejos de la escuela de las Hermanas de la Caridad de San Vicente de Pa\u00fal en Addis Abeba hay un cementerio. Con \u00e9l empez\u00f3 todo, pues en ese cementerio no solo encuentran el \u00faltimo descanso los muertos, sino que adem\u00e1s, durante mucho tiempo, sirvi\u00f3 de refugio para muchos enfermos\u2026","rel":"","context":"En \u00abHijas de la Caridad\u00bb","block_context":{"text":"Hijas de la Caridad","link":"http:\/\/vincentians.com\/es\/category\/la-familia-vicenciana\/ramas\/hijas-de-la-caridad\/"},"img":{"alt_text":"","src":"https:\/\/i0.wp.com\/vincentians.com\/es\/wp-content\/uploads\/sites\/11\/2016\/09\/vincentian-missionarie.jpg?fit=846%2C444&resize=350%2C200","width":350,"height":200,"srcset":"https:\/\/i0.wp.com\/vincentians.com\/es\/wp-content\/uploads\/sites\/11\/2016\/09\/vincentian-missionarie.jpg?fit=846%2C444&resize=350%2C200 1x, https:\/\/i0.wp.com\/vincentians.com\/es\/wp-content\/uploads\/sites\/11\/2016\/09\/vincentian-missionarie.jpg?fit=846%2C444&resize=525%2C300 1.5x, https:\/\/i0.wp.com\/vincentians.com\/es\/wp-content\/uploads\/sites\/11\/2016\/09\/vincentian-missionarie.jpg?fit=846%2C444&resize=700%2C400 2x"},"classes":[]},{"id":130654,"url":"http:\/\/vincentians.com\/es\/el-vicariato-apostolico-de-san-pedro-sula-honduras-1911-1945-i\/","url_meta":{"origin":11628,"position":5},"title":"El Vicariato Apost\u00f3lico de San Pedro Sula (Honduras) 1911-1945 (I)","author":"Mitxel Olabu\u00e9naga","date":"04\/06\/2014","format":false,"excerpt":"El 9 de abril de 1936 cumpli\u00e9ronse ya los primeros veinticinco a\u00f1os que nuestros Padres arribaron al Vicariato Apost\u00f3lico de San Pedro Sula. En los d\u00edas de nuestra Cruzada, se vieron impedidos los HH. Estudiantes de festejar tan fausto acontecimiento como deseaban y les dictaba su acendrado cari\u00f1o hacia la\u2026","rel":"","context":"En \u00abHistoria de la Congregaci\u00f3n de la Misi\u00f3n en Espa\u00f1a\u00bb","block_context":{"text":"Historia de la Congregaci\u00f3n de la Misi\u00f3n en Espa\u00f1a","link":"http:\/\/vincentians.com\/es\/category\/historia-de-la-familia-vicenciana\/historia-de-la-congregacion-de-la-mision-en-espana\/"},"img":{"alt_text":"","src":"","width":0,"height":0},"classes":[]}],"_links":{"self":[{"href":"http:\/\/vincentians.com\/es\/wp-json\/wp\/v2\/posts\/11628","targetHints":{"allow":["GET"]}}],"collection":[{"href":"http:\/\/vincentians.com\/es\/wp-json\/wp\/v2\/posts"}],"about":[{"href":"http:\/\/vincentians.com\/es\/wp-json\/wp\/v2\/types\/post"}],"author":[{"embeddable":true,"href":"http:\/\/vincentians.com\/es\/wp-json\/wp\/v2\/users\/4"}],"replies":[{"embeddable":true,"href":"http:\/\/vincentians.com\/es\/wp-json\/wp\/v2\/comments?post=11628"}],"version-history":[{"count":0,"href":"http:\/\/vincentians.com\/es\/wp-json\/wp\/v2\/posts\/11628\/revisions"}],"wp:attachment":[{"href":"http:\/\/vincentians.com\/es\/wp-json\/wp\/v2\/media?parent=11628"}],"wp:term":[{"taxonomy":"category","embeddable":true,"href":"http:\/\/vincentians.com\/es\/wp-json\/wp\/v2\/categories?post=11628"},{"taxonomy":"post_tag","embeddable":true,"href":"http:\/\/vincentians.com\/es\/wp-json\/wp\/v2\/tags?post=11628"}],"curies":[{"name":"wp","href":"https:\/\/api.w.org\/{rel}","templated":true}]}}