{"id":116052,"date":"2013-01-05T08:47:49","date_gmt":"2013-01-05T07:47:49","guid":{"rendered":"http:\/\/somos.vicencianos.org\/?p=116052"},"modified":"2016-07-26T19:19:21","modified_gmt":"2016-07-26T17:19:21","slug":"bergson-y-el-padre-pouget-viii","status":"publish","type":"post","link":"http:\/\/vincentians.com\/es\/bergson-y-el-padre-pouget-viii\/","title":{"rendered":"Bergson y el Padre Pouget (VIII)"},"content":{"rendered":"<p><a href=\"https:\/\/i0.wp.com\/vicencianos.org\/wp-content\/2012\/03\/pouget.jpg\"><img data-recalc-dims=\"1\" loading=\"lazy\" decoding=\"async\" class=\"alignright size-full wp-image-72935\" alt=\"pouget\" src=\"https:\/\/i0.wp.com\/vicencianos.org\/wp-content\/2012\/03\/pouget.jpg?resize=223%2C226\" width=\"223\" height=\"226\" \/><\/a>Viviendo de este modo en lo real, porque \u00absomos realistas\u00bb, me repet\u00eda con frecuencia; viviendo en el gran d\u00eda de la eternidad, porque \u00abactuamos en el tiempo, pero no vivimos en \u00e9l\u00bb; en contacto con el Divino Crucificado, porque \u00abs\u00f3lo El permanece con\u00admigo, pero s\u00f3lo El cuenta: s\u00f3lo importa el contacto de loeterno y lo divino\u00bb; amigo de los pobres y de los humildes, pobre \u00e9l mismo, no hubiese querido ser m\u00e1s rico que su Maestro, el Hijo del Hombre, que no tuvo una piedra donde descansar su cabeza, el padre Pouget se nos aparece como un santo.<\/p>\n<p>Todos aquellos que yo conduje hasta \u00e9l, todos los que gozaron de su contacto y del resplandor de sus prodigiosas luces, todos ellos, digo, experimentaron su influencia a medida de su propia vida interior. Los nombrar\u00e9 m\u00e1s adelante. Ser\u00eda preciso hablar de cada uno de ellos, de lo que recibieron de \u00e9l unos y otros. He aqu\u00ed tres de estos hombres, cuyo testimonio se me ha pedido que presentase aqu\u00ed.<\/p>\n<p>Emile Genty, amigo de Edouard Le Roy, norma\u00adlista de la promoci\u00f3n de 1896, catedr\u00e1tico de mate\u00adm\u00e1ticas, hoy d\u00eda director de las f\u00e1bricas Normant en Romorantin y presidente general del Comit\u00e9 central de la lana, es un hombre admirablemente dotado en todo. Eminente matem\u00e1tico, estima, seg\u00fan la expre\u00adsi\u00f3n de Pascal aFermat, de la que tanto gustaba el padre Pouget, que \u00abla geometr\u00eda es buena para hacer el ensayo, pero no el empleo de nuestra fuerza\u00bb. En el oto\u00f1o de 1905, le di a conocer al padre Pouget, as\u00ed como a nuestro gran amigo Maurice Legendre, luego director de la Casa de Vel\u00e1zquez, que tuvo trato \u00ednti\u00admo y frecuente con \u00e9l y nos dej\u00f3 escrito : \u00abEl padre Pouget era \u00fanico. Era la cima que, desde el borde mismo del oc\u00e9ano, se eleva enhiesta hacia el cielo&#8230; Un gigante intelectual, y mucho m\u00e1s que intelectual, en la aurora de una nueva Edad Media que debe ser todav\u00eda m\u00e1s grande que la otra\u00bb.<\/p>\n<p>Por su parte, Emile Genty, en una carta a Jean Guitton, nos dej\u00f3 un admirable esbozo del \u00abgrande y santo padre Pouget\u00bb, como \u00e9l le denomina ; a prop\u00f3\u00adsito de la demostraci\u00f3n que hab\u00eda intentado el padre Pouget de una proposici\u00f3n de Fermat que resisti\u00f3 los intentos de todos los matem\u00e1ticos, nos dice : \u00abTodo el padre Pouget est\u00e1 ah\u00ed: ning\u00fan problema le parece tan alto que no quiera medirlo ; y si fracasa, lo reconoce con la m\u00e1s conmovedora sencillez. Pero raramente ha fracasado en todo aquello que ha emprendido \u00bb A este respecto, Emile Genty evoca una circunstancia en la que le encargu\u00e9 de poner a punto con nuestro maes\u00adtro un texto de redacci\u00f3n particularmente delicado, que comprend\u00eda los derechos de la verdad y los debe\u00adres de la humildad: el padre Pouget, luego de haberlo sopesado durante dos horas, redact\u00f3, en veinte l\u00edneas, un texto lapidario, semejante a un diamante.<\/p>\n<p>Veinte a\u00f1os m\u00e1s tarde, Emmanuel Mounier prepa\u00adraba en Grenoble el primer a\u00f1o de Medicina; su hast\u00edo llegaba entonces hasta la desesperaci\u00f3n, casi hasta el suicidio. Despu\u00e9s de haber o\u00eddo unas confe\u00adrencias m\u00edas sobre Malebranche y sobre C\u00e9sar Franck, vino a verme con su padre, el 15 de marzo de 1924. Me pidi\u00f3, como \u00e9l dice, ponerse bajo mi direcci\u00f3n.<\/p>\n<p>Curs\u00f3, pues, conmigo su licenciatura, y luego obtuvo su diploma de estudios superiores de filosof\u00eda sobre \u00abel teocentrismo de Descartes\u00bb. Cuando parti\u00f3 para Par\u00eds, a fines de octubre de 1927, para preparar all\u00ed su c\u00e1tedra, lo recomend\u00e9 al padre Pouget como hac\u00eda con todos mis alumnos Se inscribi\u00f3 en su escuela y tra\u00adbaj\u00f3 asiduamente con \u00e9l hasta el d\u00eda en que otras preocupaciones, entre ellas la aparici\u00f3n de la revista <em>Esprit, <\/em>le apartaron de su lado. El padre Pouget esti\u00admaba en el m\u00e1s alto grado, al igual que yo, la profun\u00addidad y la seriedad de su esp\u00edritu, el fervor y la pureza de su alma. De \u00e9l, Mounier me dec\u00eda: \u00abCuando me encuentro en presencia del padre Pouget, me parece que estoy en presencia de la Verdad.\u00bb<\/p>\n<p>El 27 de febrero de 1933, despu\u00e9s de haber acom\u00adpa\u00f1ado al padre Pouget a su \u00faltima morada, Mounier me enviaba este testimonio que resuena en nuestros o\u00eddos como un mensaje del m\u00e1s all\u00e1: \u00abHe acompa\u00f1a\u00addo ayer, con Jean, a vuestro viejo amigo. Lleg\u00f3 a nosotros por detr\u00e1s del altar, primero por un cortejo invisible de salmos, luego a trav\u00e9s de la larga fila blanca de los suyos, y al fin \u00e9l mismo, en su ata\u00fad de madera blanca envuelto en un pa\u00f1o de plata. La po\u00adbreza del hombre en la gloria de la Iglesia: he aqu\u00ed algo realmente conmovedor&#8230; Creo que de la pobreza deber\u00e1n hacerse nuestros a\u00f1os futuros. \u00a1Dios sabe en qu\u00e9 forma! Desde hace algunos d\u00edas me preparo para la muerte. Y no ha mucho vivo entregado al renun\u00adciamiento, que es en el fondo la lucha de la Esperanza contra las confidencias humanas. Uno mis oraciones a las suyas.\u00bb<\/p>\n<p>En cuanto a Paul Claudel, yo no s\u00e9 si aceptar\u00eda to\u00addas las ideas del padre Pouget, al menos tal como las conoce por la interpretaci\u00f3n de Jean Guitton. Yo no s\u00e9 si har\u00eda suya su explicaci\u00f3n de la Escritura. Me lo ha dicho. Pero me ha dado a conocer tambi\u00e9n el atrac\u00adtivo que ejerce sobre \u00e9l este \u00abS\u00f3crates cristiano\u00bb, como \u00e9l lo denomina en un penetrante s\u00edmil.<\/p>\n<p>De hecho, el hombre que acaba de presentarnos de manera inolvidable tres santas figuras\u2014Charles Fou- cauld, Eve Lavalli\u00e9re, Th\u00e9r\u00e9se de Lisieux\u2014debe ser, m\u00e1s que nadie, sensible a la grandeza secreta de este <em>santo campesino, <\/em>en quien encuentra de nuevo un temperamento acorde con sus aspiraciones personales m\u00e1s profundas y con las aspiraciones de una \u00e9poca que sobrelleva cruelmente la ausencia de Dios.<\/p>\n<p>Claudel lo ha dicho: \u00abCristo vino a la tierra para restituir todo a Dios. Y nosotros estamos en la tierra para restituir, cada uno seg\u00fan sus medios, todo a Dios por medio de Cristo.\u00bb Esta era precisamente toda la ense\u00f1anza del padre Pouget. Entre Claudel y \u00e9l hay, como dijo Bergson, esa especie de armon\u00eda preesta\u00adblecida que es la se\u00f1al de lo verdadero y la impronta del amor.<\/p>\n<p>Y ahora, dejemos hablar a Bergson y al padre Pou\u00adget. Escuch\u00e9mosle. Dejemos que resuenen en lo m\u00e1s profundo de nosotros esas palabras que tienen, una a una, su peso eterno. Escuchemos sus silencios: hagamos el silencio en el interior de nosotros mismos.<\/p>\n<p>Porque s\u00f3lo en el silencio se oye la voz de Dios.<\/p>\n","protected":false},"excerpt":{"rendered":"<p>Viviendo de este modo en lo real, porque \u00absomos realistas\u00bb, me repet\u00eda con frecuencia; viviendo en el gran d\u00eda de la eternidad, porque \u00abactuamos en el tiempo, pero no vivimos en \u00e9l\u00bb; en contacto con &#8230; <a href=\"http:\/\/vincentians.com\/es\/bergson-y-el-padre-pouget-viii\/\" class=\"more-link\">Read More<\/a><\/p>\n","protected":false},"author":4,"featured_media":72935,"comment_status":"open","ping_status":"open","sticky":false,"template":"","format":"standard","meta":{"jetpack_post_was_ever_published":false,"_jetpack_newsletter_access":"","_jetpack_dont_email_post_to_subs":false,"_jetpack_newsletter_tier_id":0,"_jetpack_memberships_contains_paywalled_content":false,"_jetpack_memberships_contains_paid_content":false,"footnotes":"","jetpack_publicize_message":"","jetpack_publicize_feature_enabled":true,"jetpack_social_post_already_shared":true,"jetpack_social_options":{"image_generator_settings":{"template":"highway","default_image_id":0,"font":"","enabled":false},"version":2}},"categories":[28],"tags":[261,172],"class_list":["post-116052","post","type-post","status-publish","format-standard","has-post-thumbnail","hentry","category-formacion-vicenciana","tag-jean-guitton","tag-pobreza"],"yoast_head":"<!-- This site is optimized with the Yoast SEO plugin v26.3 - https:\/\/yoast.com\/wordpress\/plugins\/seo\/ -->\n<title>Bergson y el Padre Pouget (VIII) - Somos Vicencianos<\/title>\n<meta name=\"robots\" content=\"index, follow, max-snippet:-1, max-image-preview:large, max-video-preview:-1\" \/>\n<link rel=\"canonical\" href=\"http:\/\/vincentians.com\/es\/bergson-y-el-padre-pouget-viii\/\" \/>\n<meta property=\"og:locale\" content=\"es_ES\" \/>\n<meta property=\"og:type\" content=\"article\" \/>\n<meta property=\"og:title\" content=\"Bergson y el Padre Pouget (VIII) - Somos Vicencianos\" \/>\n<meta property=\"og:description\" content=\"Viviendo de este modo en lo real, porque \u00absomos realistas\u00bb, me repet\u00eda con frecuencia; viviendo en el gran d\u00eda de la eternidad, porque \u00abactuamos en el tiempo, pero no vivimos en \u00e9l\u00bb; en contacto con ... Read More\" \/>\n<meta property=\"og:url\" content=\"http:\/\/vincentians.com\/es\/bergson-y-el-padre-pouget-viii\/\" \/>\n<meta property=\"og:site_name\" content=\"Somos Vicencianos\" \/>\n<meta property=\"article:publisher\" content=\"https:\/\/www.facebook.com\/WeAreVincentians\/\" \/>\n<meta property=\"article:author\" content=\"https:\/\/www.facebook.com\/JavierChento\" \/>\n<meta property=\"article:published_time\" content=\"2013-01-05T07:47:49+00:00\" \/>\n<meta property=\"article:modified_time\" content=\"2016-07-26T17:19:21+00:00\" \/>\n<meta name=\"author\" content=\"Francisco Javier Fern\u00e1ndez Chento\" \/>\n<meta name=\"twitter:card\" content=\"summary_large_image\" \/>\n<meta name=\"twitter:creator\" content=\"@https:\/\/twitter.com\/javierchento\" \/>\n<meta name=\"twitter:site\" content=\"@WeVincentians\" \/>\n<meta name=\"twitter:label1\" content=\"Escrito por\" \/>\n\t<meta name=\"twitter:data1\" content=\"Francisco Javier Fern\u00e1ndez Chento\" \/>\n\t<meta name=\"twitter:label2\" content=\"Tiempo de lectura\" \/>\n\t<meta name=\"twitter:data2\" content=\"6 minutos\" \/>\n<script type=\"application\/ld+json\" class=\"yoast-schema-graph\">{\"@context\":\"https:\/\/schema.org\",\"@graph\":[{\"@type\":\"Article\",\"@id\":\"http:\/\/vincentians.com\/es\/bergson-y-el-padre-pouget-viii\/#article\",\"isPartOf\":{\"@id\":\"http:\/\/vincentians.com\/es\/bergson-y-el-padre-pouget-viii\/\"},\"author\":{\"name\":\"Francisco Javier Fern\u00e1ndez Chento\",\"@id\":\"http:\/\/vincentians.com\/es\/#\/schema\/person\/9623ef4d9aa3b2dfb8c061f1499288f2\"},\"headline\":\"Bergson y el Padre Pouget (VIII)\",\"datePublished\":\"2013-01-05T07:47:49+00:00\",\"dateModified\":\"2016-07-26T17:19:21+00:00\",\"mainEntityOfPage\":{\"@id\":\"http:\/\/vincentians.com\/es\/bergson-y-el-padre-pouget-viii\/\"},\"wordCount\":1166,\"commentCount\":0,\"publisher\":{\"@id\":\"http:\/\/vincentians.com\/es\/#organization\"},\"image\":{\"@id\":\"http:\/\/vincentians.com\/es\/bergson-y-el-padre-pouget-viii\/#primaryimage\"},\"thumbnailUrl\":\"\",\"keywords\":[\"Jean Guitton\",\"Pobreza\"],\"articleSection\":[\"Formaci\u00f3n Vicenciana\"],\"inLanguage\":\"es\",\"potentialAction\":[{\"@type\":\"CommentAction\",\"name\":\"Comment\",\"target\":[\"http:\/\/vincentians.com\/es\/bergson-y-el-padre-pouget-viii\/#respond\"]}]},{\"@type\":\"WebPage\",\"@id\":\"http:\/\/vincentians.com\/es\/bergson-y-el-padre-pouget-viii\/\",\"url\":\"http:\/\/vincentians.com\/es\/bergson-y-el-padre-pouget-viii\/\",\"name\":\"Bergson y el Padre Pouget (VIII) - Somos Vicencianos\",\"isPartOf\":{\"@id\":\"http:\/\/vincentians.com\/es\/#website\"},\"primaryImageOfPage\":{\"@id\":\"http:\/\/vincentians.com\/es\/bergson-y-el-padre-pouget-viii\/#primaryimage\"},\"image\":{\"@id\":\"http:\/\/vincentians.com\/es\/bergson-y-el-padre-pouget-viii\/#primaryimage\"},\"thumbnailUrl\":\"\",\"datePublished\":\"2013-01-05T07:47:49+00:00\",\"dateModified\":\"2016-07-26T17:19:21+00:00\",\"breadcrumb\":{\"@id\":\"http:\/\/vincentians.com\/es\/bergson-y-el-padre-pouget-viii\/#breadcrumb\"},\"inLanguage\":\"es\",\"potentialAction\":[{\"@type\":\"ReadAction\",\"target\":[\"http:\/\/vincentians.com\/es\/bergson-y-el-padre-pouget-viii\/\"]}]},{\"@type\":\"ImageObject\",\"inLanguage\":\"es\",\"@id\":\"http:\/\/vincentians.com\/es\/bergson-y-el-padre-pouget-viii\/#primaryimage\",\"url\":\"\",\"contentUrl\":\"\"},{\"@type\":\"BreadcrumbList\",\"@id\":\"http:\/\/vincentians.com\/es\/bergson-y-el-padre-pouget-viii\/#breadcrumb\",\"itemListElement\":[{\"@type\":\"ListItem\",\"position\":1,\"name\":\"Portada\",\"item\":\"http:\/\/vincentians.com\/es\/\"},{\"@type\":\"ListItem\",\"position\":2,\"name\":\"Bergson y el Padre Pouget (VIII)\"}]},{\"@type\":\"WebSite\",\"@id\":\"http:\/\/vincentians.com\/es\/#website\",\"url\":\"http:\/\/vincentians.com\/es\/\",\"name\":\"Somos Vicencianos\",\"description\":\"Know more to serve more\",\"publisher\":{\"@id\":\"http:\/\/vincentians.com\/es\/#organization\"},\"potentialAction\":[{\"@type\":\"SearchAction\",\"target\":{\"@type\":\"EntryPoint\",\"urlTemplate\":\"http:\/\/vincentians.com\/es\/?s={search_term_string}\"},\"query-input\":{\"@type\":\"PropertyValueSpecification\",\"valueRequired\":true,\"valueName\":\"search_term_string\"}}],\"inLanguage\":\"es\"},{\"@type\":\"Organization\",\"@id\":\"http:\/\/vincentians.com\/es\/#organization\",\"name\":\"The Vincentian Network\",\"url\":\"http:\/\/vincentians.com\/es\/\",\"logo\":{\"@type\":\"ImageObject\",\"inLanguage\":\"es\",\"@id\":\"http:\/\/vincentians.com\/es\/#\/schema\/logo\/image\/\",\"url\":\"https:\/\/i1.wp.com\/vincentians.com\/es\/wp-content\/uploads\/sites\/11\/2016\/06\/Vincentian-Network-logo-big.png?fit=778%2C778\",\"contentUrl\":\"https:\/\/i1.wp.com\/vincentians.com\/es\/wp-content\/uploads\/sites\/11\/2016\/06\/Vincentian-Network-logo-big.png?fit=778%2C778\",\"width\":778,\"height\":778,\"caption\":\"The Vincentian Network\"},\"image\":{\"@id\":\"http:\/\/vincentians.com\/es\/#\/schema\/logo\/image\/\"},\"sameAs\":[\"https:\/\/www.facebook.com\/WeAreVincentians\/\",\"https:\/\/x.com\/WeVincentians\"]},{\"@type\":\"Person\",\"@id\":\"http:\/\/vincentians.com\/es\/#\/schema\/person\/9623ef4d9aa3b2dfb8c061f1499288f2\",\"name\":\"Francisco Javier Fern\u00e1ndez Chento\",\"image\":{\"@type\":\"ImageObject\",\"inLanguage\":\"es\",\"@id\":\"http:\/\/vincentians.com\/es\/#\/schema\/person\/image\/\",\"url\":\"https:\/\/secure.gravatar.com\/avatar\/497d5cde87b4c3d097d0315953521681ba2cd523ee66e5077c3711f7021e65de?s=96&d=mm&r=g\",\"contentUrl\":\"https:\/\/secure.gravatar.com\/avatar\/497d5cde87b4c3d097d0315953521681ba2cd523ee66e5077c3711f7021e65de?s=96&d=mm&r=g\",\"caption\":\"Francisco Javier Fern\u00e1ndez Chento\"},\"description\":\"Director General y cofundador de La Red de Formaci\u00f3n Vicenciana. Javier es laico vicenciano, afiliado a la Congregaci\u00f3n de la Misi\u00f3n y miembro del Equipo de Misiones Populares de la provincia can\u00f3nica de Zaragoza (Espa\u00f1a) de la Congregaci\u00f3n de la Misi\u00f3n. Graduado en la Universidad Oberta de Catalunya con cuatro grados (Asistente de direcci\u00f3n, Gesti\u00f3n Administrativa, Recursos Humanos y Contabilidad Avanzada). Bil\u00edng\u00fce Espa\u00f1ol\/Ingl\u00e9s. gestiona y mantiene varias p\u00e1ginas web cristianas y vicencianas, incluida including La Red de Formaci\u00f3n Vicenciana, de la que es cofundador. Actualmente es responsable del \u00e1rea de Espa\u00f1ol de .famvin, la Red de Noticias de la Familia Vicenciana. Tambi\u00e9n es m\u00fasico cat\u00f3lico y ha editado varios discos. Es Director General y cofundador de Trovador, una reconocida compa\u00f1\u00eda discogr\u00e1fica critiana de Espa\u00f1a. Trabaja en las Tecnolog\u00edas de la Informaci\u00f3n, ofreciendo servicios de alojamiento, dise\u00f1o y mantenimiento Web, as\u00ed como asesoramiento, formaci\u00f3n y soluciones inform\u00e1ticas, gesti\u00f3n documental y digitalizaci\u00f3n de textos, edici\u00f3n y maquetaci\u00f3n de libros, revistas, flyers, etc.\",\"sameAs\":[\"http:\/\/chento.org\",\"https:\/\/www.facebook.com\/JavierChento\",\"https:\/\/x.com\/https:\/\/twitter.com\/javierchento\"],\"url\":\"http:\/\/vincentians.com\/es\/author\/chento\/\"}]}<\/script>\n<!-- \/ Yoast SEO plugin. -->","yoast_head_json":{"title":"Bergson y el Padre Pouget (VIII) - Somos Vicencianos","robots":{"index":"index","follow":"follow","max-snippet":"max-snippet:-1","max-image-preview":"max-image-preview:large","max-video-preview":"max-video-preview:-1"},"canonical":"http:\/\/vincentians.com\/es\/bergson-y-el-padre-pouget-viii\/","og_locale":"es_ES","og_type":"article","og_title":"Bergson y el Padre Pouget (VIII) - Somos Vicencianos","og_description":"Viviendo de este modo en lo real, porque \u00absomos realistas\u00bb, me repet\u00eda con frecuencia; viviendo en el gran d\u00eda de la eternidad, porque \u00abactuamos en el tiempo, pero no vivimos en \u00e9l\u00bb; en contacto con ... Read More","og_url":"http:\/\/vincentians.com\/es\/bergson-y-el-padre-pouget-viii\/","og_site_name":"Somos Vicencianos","article_publisher":"https:\/\/www.facebook.com\/WeAreVincentians\/","article_author":"https:\/\/www.facebook.com\/JavierChento","article_published_time":"2013-01-05T07:47:49+00:00","article_modified_time":"2016-07-26T17:19:21+00:00","author":"Francisco Javier Fern\u00e1ndez Chento","twitter_card":"summary_large_image","twitter_creator":"@https:\/\/twitter.com\/javierchento","twitter_site":"@WeVincentians","twitter_misc":{"Escrito por":"Francisco Javier Fern\u00e1ndez Chento","Tiempo de lectura":"6 minutos"},"schema":{"@context":"https:\/\/schema.org","@graph":[{"@type":"Article","@id":"http:\/\/vincentians.com\/es\/bergson-y-el-padre-pouget-viii\/#article","isPartOf":{"@id":"http:\/\/vincentians.com\/es\/bergson-y-el-padre-pouget-viii\/"},"author":{"name":"Francisco Javier Fern\u00e1ndez Chento","@id":"http:\/\/vincentians.com\/es\/#\/schema\/person\/9623ef4d9aa3b2dfb8c061f1499288f2"},"headline":"Bergson y el Padre Pouget (VIII)","datePublished":"2013-01-05T07:47:49+00:00","dateModified":"2016-07-26T17:19:21+00:00","mainEntityOfPage":{"@id":"http:\/\/vincentians.com\/es\/bergson-y-el-padre-pouget-viii\/"},"wordCount":1166,"commentCount":0,"publisher":{"@id":"http:\/\/vincentians.com\/es\/#organization"},"image":{"@id":"http:\/\/vincentians.com\/es\/bergson-y-el-padre-pouget-viii\/#primaryimage"},"thumbnailUrl":"","keywords":["Jean Guitton","Pobreza"],"articleSection":["Formaci\u00f3n Vicenciana"],"inLanguage":"es","potentialAction":[{"@type":"CommentAction","name":"Comment","target":["http:\/\/vincentians.com\/es\/bergson-y-el-padre-pouget-viii\/#respond"]}]},{"@type":"WebPage","@id":"http:\/\/vincentians.com\/es\/bergson-y-el-padre-pouget-viii\/","url":"http:\/\/vincentians.com\/es\/bergson-y-el-padre-pouget-viii\/","name":"Bergson y el Padre Pouget (VIII) - Somos Vicencianos","isPartOf":{"@id":"http:\/\/vincentians.com\/es\/#website"},"primaryImageOfPage":{"@id":"http:\/\/vincentians.com\/es\/bergson-y-el-padre-pouget-viii\/#primaryimage"},"image":{"@id":"http:\/\/vincentians.com\/es\/bergson-y-el-padre-pouget-viii\/#primaryimage"},"thumbnailUrl":"","datePublished":"2013-01-05T07:47:49+00:00","dateModified":"2016-07-26T17:19:21+00:00","breadcrumb":{"@id":"http:\/\/vincentians.com\/es\/bergson-y-el-padre-pouget-viii\/#breadcrumb"},"inLanguage":"es","potentialAction":[{"@type":"ReadAction","target":["http:\/\/vincentians.com\/es\/bergson-y-el-padre-pouget-viii\/"]}]},{"@type":"ImageObject","inLanguage":"es","@id":"http:\/\/vincentians.com\/es\/bergson-y-el-padre-pouget-viii\/#primaryimage","url":"","contentUrl":""},{"@type":"BreadcrumbList","@id":"http:\/\/vincentians.com\/es\/bergson-y-el-padre-pouget-viii\/#breadcrumb","itemListElement":[{"@type":"ListItem","position":1,"name":"Portada","item":"http:\/\/vincentians.com\/es\/"},{"@type":"ListItem","position":2,"name":"Bergson y el Padre Pouget (VIII)"}]},{"@type":"WebSite","@id":"http:\/\/vincentians.com\/es\/#website","url":"http:\/\/vincentians.com\/es\/","name":"Somos Vicencianos","description":"Know more to serve more","publisher":{"@id":"http:\/\/vincentians.com\/es\/#organization"},"potentialAction":[{"@type":"SearchAction","target":{"@type":"EntryPoint","urlTemplate":"http:\/\/vincentians.com\/es\/?s={search_term_string}"},"query-input":{"@type":"PropertyValueSpecification","valueRequired":true,"valueName":"search_term_string"}}],"inLanguage":"es"},{"@type":"Organization","@id":"http:\/\/vincentians.com\/es\/#organization","name":"The Vincentian Network","url":"http:\/\/vincentians.com\/es\/","logo":{"@type":"ImageObject","inLanguage":"es","@id":"http:\/\/vincentians.com\/es\/#\/schema\/logo\/image\/","url":"https:\/\/i1.wp.com\/vincentians.com\/es\/wp-content\/uploads\/sites\/11\/2016\/06\/Vincentian-Network-logo-big.png?fit=778%2C778","contentUrl":"https:\/\/i1.wp.com\/vincentians.com\/es\/wp-content\/uploads\/sites\/11\/2016\/06\/Vincentian-Network-logo-big.png?fit=778%2C778","width":778,"height":778,"caption":"The Vincentian Network"},"image":{"@id":"http:\/\/vincentians.com\/es\/#\/schema\/logo\/image\/"},"sameAs":["https:\/\/www.facebook.com\/WeAreVincentians\/","https:\/\/x.com\/WeVincentians"]},{"@type":"Person","@id":"http:\/\/vincentians.com\/es\/#\/schema\/person\/9623ef4d9aa3b2dfb8c061f1499288f2","name":"Francisco Javier Fern\u00e1ndez Chento","image":{"@type":"ImageObject","inLanguage":"es","@id":"http:\/\/vincentians.com\/es\/#\/schema\/person\/image\/","url":"https:\/\/secure.gravatar.com\/avatar\/497d5cde87b4c3d097d0315953521681ba2cd523ee66e5077c3711f7021e65de?s=96&d=mm&r=g","contentUrl":"https:\/\/secure.gravatar.com\/avatar\/497d5cde87b4c3d097d0315953521681ba2cd523ee66e5077c3711f7021e65de?s=96&d=mm&r=g","caption":"Francisco Javier Fern\u00e1ndez Chento"},"description":"Director General y cofundador de La Red de Formaci\u00f3n Vicenciana. Javier es laico vicenciano, afiliado a la Congregaci\u00f3n de la Misi\u00f3n y miembro del Equipo de Misiones Populares de la provincia can\u00f3nica de Zaragoza (Espa\u00f1a) de la Congregaci\u00f3n de la Misi\u00f3n. Graduado en la Universidad Oberta de Catalunya con cuatro grados (Asistente de direcci\u00f3n, Gesti\u00f3n Administrativa, Recursos Humanos y Contabilidad Avanzada). Bil\u00edng\u00fce Espa\u00f1ol\/Ingl\u00e9s. gestiona y mantiene varias p\u00e1ginas web cristianas y vicencianas, incluida including La Red de Formaci\u00f3n Vicenciana, de la que es cofundador. Actualmente es responsable del \u00e1rea de Espa\u00f1ol de .famvin, la Red de Noticias de la Familia Vicenciana. Tambi\u00e9n es m\u00fasico cat\u00f3lico y ha editado varios discos. Es Director General y cofundador de Trovador, una reconocida compa\u00f1\u00eda discogr\u00e1fica critiana de Espa\u00f1a. Trabaja en las Tecnolog\u00edas de la Informaci\u00f3n, ofreciendo servicios de alojamiento, dise\u00f1o y mantenimiento Web, as\u00ed como asesoramiento, formaci\u00f3n y soluciones inform\u00e1ticas, gesti\u00f3n documental y digitalizaci\u00f3n de textos, edici\u00f3n y maquetaci\u00f3n de libros, revistas, flyers, etc.","sameAs":["http:\/\/chento.org","https:\/\/www.facebook.com\/JavierChento","https:\/\/x.com\/https:\/\/twitter.com\/javierchento"],"url":"http:\/\/vincentians.com\/es\/author\/chento\/"}]}},"jetpack_publicize_connections":[],"jetpack_featured_media_url":"","jetpack_sharing_enabled":true,"jetpack_shortlink":"https:\/\/wp.me\/p7ETMF-ubO","jetpack-related-posts":[{"id":57665,"url":"http:\/\/vincentians.com\/es\/mounier-y-el-padre-pouget-la-fe-y-la-razon-un-binomio-posible\/","url_meta":{"origin":116052,"position":0},"title":"Mounier y el padre Pouget. La fe y la raz\u00f3n: un binomio posible","author":"Mitxel Olabu\u00e9naga","date":"05\/01\/2012","format":false,"excerpt":"Para el joven Emmanuel Mounier el encuentro con el padre Guillaume Pouget constituye uno de los acontecimientos m\u00e1s relevantes de sus primeros a\u00f1os de vida en Par\u00eds. Despu\u00e9s de haber conseguido el diploma de Estudios Superiores de Filosof\u00eda en Grenoble, bajo la direcci\u00f3n de Jacques Chevalier, en el oto\u00f1o de\u2026","rel":"","context":"En \u00abBiograf\u00edas de Misioneros Pa\u00fales\u00bb","block_context":{"text":"Biograf\u00edas de Misioneros Pa\u00fales","link":"http:\/\/vincentians.com\/es\/category\/la-familia-vicenciana\/biografias-vicencianas\/biografias-de-misioneros-paules\/"},"img":{"alt_text":"","src":"https:\/\/i0.wp.com\/vincentians.com\/es\/wp-content\/uploads\/sites\/11\/2016\/07\/bio-cm.jpg?fit=1200%2C630&resize=350%2C200","width":350,"height":200,"srcset":"https:\/\/i0.wp.com\/vincentians.com\/es\/wp-content\/uploads\/sites\/11\/2016\/07\/bio-cm.jpg?fit=1200%2C630&resize=350%2C200 1x, https:\/\/i0.wp.com\/vincentians.com\/es\/wp-content\/uploads\/sites\/11\/2016\/07\/bio-cm.jpg?fit=1200%2C630&resize=525%2C300 1.5x, https:\/\/i0.wp.com\/vincentians.com\/es\/wp-content\/uploads\/sites\/11\/2016\/07\/bio-cm.jpg?fit=1200%2C630&resize=700%2C400 2x, https:\/\/i0.wp.com\/vincentians.com\/es\/wp-content\/uploads\/sites\/11\/2016\/07\/bio-cm.jpg?fit=1200%2C630&resize=1050%2C600 3x"},"classes":[]},{"id":72934,"url":"http:\/\/vincentians.com\/es\/el-retrato-del-sr-pouget\/","url_meta":{"origin":116052,"position":1},"title":"El Retrato del Sr. Pouget","author":"Francisco Javier Fern\u00e1ndez Chento","date":"26\/07\/2017","format":false,"excerpt":"\u00a0El Retrato del Sr. Pouget ha aparecido antes de la guerra, por entregas, en una revista cuya influencia no sobrepasaba ciertos c\u00edrculos. No se puede decir que la obra en ese momento haya conocido otra cosa que una reputaci\u00f3n segura pero discreta. Acaba de ser editado en volumen y parece\u2026","rel":"","context":"En \u00abFormaci\u00f3n Vicenciana\u00bb","block_context":{"text":"Formaci\u00f3n Vicenciana","link":"http:\/\/vincentians.com\/es\/category\/formacion-vicenciana\/"},"img":{"alt_text":"","src":"https:\/\/i0.wp.com\/vincentians.com\/es\/wp-content\/uploads\/sites\/11\/2012\/04\/P.-Poug%C3%A9t.jpg?resize=350%2C200","width":350,"height":200},"classes":[]},{"id":6388,"url":"http:\/\/vincentians.com\/es\/tal-dia-como-hoy-24-de-febrero\/","url_meta":{"origin":116052,"position":2},"title":"Tal d\u00eda como hoy: 24 de febrero","author":"Francisco Javier Fern\u00e1ndez Chento","date":"24\/02\/2017","format":false,"excerpt":"1653. Conferencia de Vicente de Pa\u00fal a las Hijas de la Caridad sobre el Esp\u00edritu de la Compa\u00f1\u00eda. Es continuaci\u00f3n de las del 2 y 9 de febrero. Vicente comienza haciendo varias preguntas a las hermanas, entre ellas, \u00bfcu\u00e1ntas y cu\u00e1les son las virtudes que componen el esp\u00edritu de la\u2026","rel":"","context":"En \u00abEfem\u00e9rides Vicencianas\u00bb","block_context":{"text":"Efem\u00e9rides Vicencianas","link":"http:\/\/vincentians.com\/es\/category\/historia-de-la-familia-vicenciana\/efemerides-vicencianas\/"},"img":{"alt_text":"","src":"https:\/\/i0.wp.com\/vincentians.com\/es\/wp-content\/uploads\/sites\/11\/2016\/07\/ephemerides-fb.jpg?fit=1200%2C630&resize=350%2C200","width":350,"height":200,"srcset":"https:\/\/i0.wp.com\/vincentians.com\/es\/wp-content\/uploads\/sites\/11\/2016\/07\/ephemerides-fb.jpg?fit=1200%2C630&resize=350%2C200 1x, https:\/\/i0.wp.com\/vincentians.com\/es\/wp-content\/uploads\/sites\/11\/2016\/07\/ephemerides-fb.jpg?fit=1200%2C630&resize=525%2C300 1.5x, https:\/\/i0.wp.com\/vincentians.com\/es\/wp-content\/uploads\/sites\/11\/2016\/07\/ephemerides-fb.jpg?fit=1200%2C630&resize=700%2C400 2x, https:\/\/i0.wp.com\/vincentians.com\/es\/wp-content\/uploads\/sites\/11\/2016\/07\/ephemerides-fb.jpg?fit=1200%2C630&resize=1050%2C600 3x"},"classes":[]},{"id":57546,"url":"http:\/\/vincentians.com\/es\/monsieur-pouget-un-paul-demasiado-tiempo-olvidado\/","url_meta":{"origin":116052,"position":3},"title":"Monsieur Pouget, un pa\u00fal demasiado tiempo olvidado","author":"Francisco Javier Fern\u00e1ndez Chento","date":"04\/04\/2015","format":false,"excerpt":"En el mes de enero del a\u00f1o 1933, Guillaume Pouget, sacerdote de la Congregaci\u00f3n de la Misi\u00f3n de San Vicente de Pa\u00fal, acudi\u00f3 a visitar al ilustre fil\u00f3sofo Henri Bergson en su casa cerca de la Porte d\u2019Auteuil. El encuentro entre estas dos personalidades reflejaba m\u00e1s contradicciones que similitudes. Pouget,\u2026","rel":"","context":"En \u00abTestigos vicencianos\u00bb","block_context":{"text":"Testigos vicencianos","link":"http:\/\/vincentians.com\/es\/category\/la-familia-vicenciana\/testigos-vicencianos\/"},"img":{"alt_text":"","src":"https:\/\/i0.wp.com\/vicencianos.org\/wp-content\/2012\/01\/pouget_01-294x300.jpg?resize=350%2C200","width":350,"height":200},"classes":[]},{"id":26829,"url":"http:\/\/vincentians.com\/es\/retrato-del-sr-pouget-sacerdote-de-la-mision-i\/","url_meta":{"origin":116052,"position":4},"title":"Retrato del sr. Pouget, sacerdote de la Misi\u00f3n (I)","author":"Francisco Javier Fern\u00e1ndez Chento","date":"01\/07\/2025","format":false,"excerpt":"Acude a la reuni\u00f3n de los ancianos, \u00bfque te encuentras con un sabio? j\u00fantate a \u00e9l. Si VI, 34. Introducci\u00f3n Cuando los azares de la vida nos han colocado frente a un gran ejemplo, ser\u00eda verdaderamente una falta de esp\u00edritu guardarse esta ense\u00f1anza para s\u00ed solo. Los Ancianos insistieron mucho\u2026","rel":"","context":"En \u00abCongregaci\u00f3n de la Misi\u00f3n\u00bb","block_context":{"text":"Congregaci\u00f3n de la Misi\u00f3n","link":"http:\/\/vincentians.com\/es\/category\/la-familia-vicenciana\/ramas\/congregacion-de-la-mision\/"},"img":{"alt_text":"","src":"https:\/\/i0.wp.com\/vincentians.com\/es\/wp-content\/uploads\/sites\/11\/2013\/04\/f-4-scaled.jpg?fit=1200%2C570&resize=350%2C200","width":350,"height":200,"srcset":"https:\/\/i0.wp.com\/vincentians.com\/es\/wp-content\/uploads\/sites\/11\/2013\/04\/f-4-scaled.jpg?fit=1200%2C570&resize=350%2C200 1x, https:\/\/i0.wp.com\/vincentians.com\/es\/wp-content\/uploads\/sites\/11\/2013\/04\/f-4-scaled.jpg?fit=1200%2C570&resize=525%2C300 1.5x, https:\/\/i0.wp.com\/vincentians.com\/es\/wp-content\/uploads\/sites\/11\/2013\/04\/f-4-scaled.jpg?fit=1200%2C570&resize=700%2C400 2x, https:\/\/i0.wp.com\/vincentians.com\/es\/wp-content\/uploads\/sites\/11\/2013\/04\/f-4-scaled.jpg?fit=1200%2C570&resize=1050%2C600 3x"},"classes":[]},{"id":29069,"url":"http:\/\/vincentians.com\/es\/retrato-del-sr-pouget-sacerdote-de-la-mision-xvii\/","url_meta":{"origin":116052,"position":5},"title":"Retrato del sr. Pouget, sacerdote de la Misi\u00f3n (XVII)","author":"Francisco Javier Fern\u00e1ndez Chento","date":"17\/03\/2014","format":false,"excerpt":"Cap\u00edtulo\u00a0V: La espiritualidad del sr. Pouget Al trazar el retrato del sr. Pouget, tal como aparec\u00eda al visitante de la habitaci\u00f3n 104, se me hab\u00eda olvidado hablar de su alma. Separaci\u00f3n que resultaba imposible, \u00bfpues d\u00f3nde encontrar tabiques en un hombre cuyo temperamento reproduc\u00eda tan bien la unidad y la\u2026","rel":"","context":"En \u00abCongregaci\u00f3n de la Misi\u00f3n\u00bb","block_context":{"text":"Congregaci\u00f3n de la Misi\u00f3n","link":"http:\/\/vincentians.com\/es\/category\/la-familia-vicenciana\/ramas\/congregacion-de-la-mision\/"},"img":{"alt_text":"Bolet\u00edn Informativo Noviembre-Diciembre 2011","src":"https:\/\/i0.wp.com\/vicencianos.org\/wp-content\/2014\/03\/pouget_01-294x300.jpg?resize=350%2C200","width":350,"height":200},"classes":[]}],"_links":{"self":[{"href":"http:\/\/vincentians.com\/es\/wp-json\/wp\/v2\/posts\/116052","targetHints":{"allow":["GET"]}}],"collection":[{"href":"http:\/\/vincentians.com\/es\/wp-json\/wp\/v2\/posts"}],"about":[{"href":"http:\/\/vincentians.com\/es\/wp-json\/wp\/v2\/types\/post"}],"author":[{"embeddable":true,"href":"http:\/\/vincentians.com\/es\/wp-json\/wp\/v2\/users\/4"}],"replies":[{"embeddable":true,"href":"http:\/\/vincentians.com\/es\/wp-json\/wp\/v2\/comments?post=116052"}],"version-history":[{"count":0,"href":"http:\/\/vincentians.com\/es\/wp-json\/wp\/v2\/posts\/116052\/revisions"}],"wp:featuredmedia":[{"embeddable":true,"href":"http:\/\/vincentians.com\/es\/wp-json\/"}],"wp:attachment":[{"href":"http:\/\/vincentians.com\/es\/wp-json\/wp\/v2\/media?parent=116052"}],"wp:term":[{"taxonomy":"category","embeddable":true,"href":"http:\/\/vincentians.com\/es\/wp-json\/wp\/v2\/categories?post=116052"},{"taxonomy":"post_tag","embeddable":true,"href":"http:\/\/vincentians.com\/es\/wp-json\/wp\/v2\/tags?post=116052"}],"curies":[{"name":"wp","href":"https:\/\/api.w.org\/{rel}","templated":true}]}}