{"id":115978,"date":"2022-11-27T11:50:13","date_gmt":"2022-11-27T10:50:13","guid":{"rendered":"http:\/\/somos.vicencianos.org\/?p=115978"},"modified":"2022-11-27T11:48:17","modified_gmt":"2022-11-27T10:48:17","slug":"familia-vicenciana-y-medalla-milagrosa","status":"publish","type":"post","link":"http:\/\/vincentians.com\/es\/familia-vicenciana-y-medalla-milagrosa\/","title":{"rendered":"Familia Vicenciana y Medalla Milagrosa"},"content":{"rendered":"<h2>Lo que ha sido este legado desde 1830<\/h2>\n<p>El testimonio de la Historia nos dice que, si bien la Virgen se aparece a Santa Catalina Labour\u00e9, \u00e9sta, cumpliendo los deseos manifestados por la Madre de Dios, permanece oculta, desconocida, en el silencio m\u00e1s incomprensible; un silencio que a veces se ve favorecido por fen\u00f3menos humanamente inexplicables, como la amnesia que le afecta cuando es requerida para atestar ante el Juez Eclesi\u00e1stico, cuando se constituye el Primer Tribunal Eclesi\u00e1stico para investigar los hechos en torno a la Medalla.<\/p>\n<p>Los que deponen en esta Primera investigaci\u00f3n, ordenada por el Arzobispo de Par\u00eds, en 1835, son los Padres Etienne y Aladel.<\/p>\n<p>La Congregaci\u00f3n de la Misi\u00f3n aparece as\u00ed, desde el principio, como Coope\u00adradora y Ejecutora de las \u00d3rdenes que Santa Catalina recibe de la Virgen.<\/p>\n<p>El P. Aladel es quien, con el consentimiento del P. Etienne, hace acu\u00f1ar la Medalla, la difunde, la explica y fomenta el movimiento mariano por medio de sus publicaciones, las Famosas \u00abNoticia\u00bb que tanta popularidad tuvieron, aunque es verdad no fueron las \u00fanicas.<\/p>\n<h2>C\u00f3mo miran este legado los Papas<\/h2>\n<p>Los Documentos Pontificios reconocen que la doble Familia de San Vi\u00adcente ha participado m\u00e1s que ning\u00fan otro Organizaci\u00f3n en la difusi\u00f3n de la Medalla.<\/p>\n<p>PIO IX, en su Bula \u00abInef\u00e1bilis\u00bb llama BENM\u00c9RITAS a las dos Familias por su amor y devoci\u00f3n \u00e1 la Inmaculada Concepci\u00f3n. \u00c9l es quien aprueba la Instituci\u00f3n de los Hijos e Hijas de Mar\u00eda, en distintas fechas y con documentos propios y exclusivos, encomendando la <sub>.<\/sub>formaci\u00f3n de toda esta juventud mariana a la doble Familia. (V\u00e9anse los rescriptos. pontificios de 1847 y 1850).<\/p>\n<p>LEON XIII en un Document\u00f3 que escribe por intermedio del Cardenal Parochi, con motivo de la concesi\u00f3n de la Fiesta Especial de la Manifestaci\u00f3n de la Inmaculada de la Sagrada Medalla dice:<\/p>\n<p style=\"padding-left: 30px\"><em>\u00abLa parte especialisima que los Sacerdotes de la Misi\u00f3n y las Hijas de la Caridad han tomado mediante Ia difusi\u00f3n de la Medalla Milagrosa QUE LES FUERA CONFIADA POR LA MISMA VIRGEN es una VERDADERA MISI\u00d3N DEL CIELO de que los Hijos e Hijas de San Vicente pueden estar justamente orgullosos y que les es l\u00edcito considerar como una de sus brillantes glacias.\u00bb<\/em><\/p>\n<p>El efecto de este Pont\u00edfice por el Legado Mariano de la Medalla encomendada a la doble Congregaci\u00f3n lo demuestra bien a las claras por los varios Rescriptos que dirige al Superior General concedi\u00e9ndole facultad para celebrar fiestas, triduos, novenas y otros cultos en honor de la Inmaculada de la Sda. Medalla y avivando la piedad de los fieles con indulgencias plenarias y par\u00adciales, vinculadas a la participaci\u00f3n en dichos cultos o al simple hecho de llevar y honrar la Medalla.<\/p>\n<p>El hecho de que SAN P\u00cdO X nombrase en 1909 al Superior General de la Doble Compa\u00f1\u00eda DIRECTOR GENERAL de la reci\u00e9n instituida ASOCIACION DE LA MILAGROSA, aunque la petici\u00f3n fue hecha por los Obispos de Po\u00adlonia, indica bien claramente los criterios del Papa y su intenci\u00f3n de RES\u00adPONSABILIZAR A. TODA LA CONGREGACION de la vida de este orga\u00adnismo que muy pronto se extender\u00eda por todo el mundo.<\/p>\n<p>BENEDICTO XV accede gustoso a que la Iglesia de los PP. Pa\u00fales de Madrid adquiera rango de Bas\u00edlica dedicada a San Vicente y a la Milagrosa.<\/p>\n<p>PIO XI ampl\u00eda la Orbita de la Asociaci\u00f3n de los Hijos e Hijas de Mar\u00eda permitiendo que se implante tambi\u00e9n en cualquier parroquia.<\/p>\n<p>PIO XII confirma al Superior General en el cargo de Director Mundial del Movimiento Mariano de la Medalla, y le faculta para que pueda conceder a cualquier sacerdote el que imponga can\u00f3nicamente la Medalla.<\/p>\n<p>JUAN XXIII otorga en seis ocasiones distintas indulgencias y privilegios a la doble Familia Vicenciana lo mismo, que a la Asociaci\u00f3n de Hijas de Mar\u00eda y a la Asociaci\u00f3n de la Milagrosa. (Vide Mensaje de la Rue Du Bac, p\u00e1gi\u00adna 38. 39.)<\/p>\n<h2>Qu\u00e9 ha significado este legado para la Congregaci\u00f3n<\/h2>\n<p>Voy a concretarme \u00fanicamente a citar documentos referentes, a la Congregaci\u00f3n de los Misioneros, porque citar todo la que figura en los Archivos de las Hermanas, implicar\u00eda un estudio mucho m\u00e1s extenso.<\/p>\n<h3>Compromiso Apost\u00f3lico-Mariano, relacionado con la difusi\u00f3n del culto a la Inmaculada y su Medalla.<\/h3>\n<p>Repasando <em>las <\/em>Cartas Circulares de nuestros Superiores Generales obser\u00advamos la constante preocupaci\u00f3n por sostener el esp\u00edritu mariano y .concreta\u00admente por difundir la Medalla y su Mensaje.<\/p>\n<p>EL P. ETIENNE en su Circular de 1855 dice a toda la Congregaci\u00f3n: \u00abHemos de poner todo cuidado en extender en cuanto nos sea posible la Me\u00addalla Milagrosa. Ella ha sido ocasi\u00f3n de gracias extraordinarias y de conver\u00adsiones prodigiosas antes de que el misterio de la Inmaculada Concepci\u00f3n fuese declarado dogma de fe. LA MISION QUE EN ESTE ASPECTO hemos recibido del cielo no nos permite dudar de los hermosos \u00e9xitos que nos est\u00e1n reservados cuantas veces usemos de este medio para convertir a los pecadores.<\/p>\n<p>EL P. FIAT, en 1882, a ra\u00edz del Breve de Le\u00f3n XIII concediendo indul\u00adgencia plenaria el 27 de noviembre a cuantas personas visitaran capillas o igle\u00adsias de Padres Pa\u00fales o Hijas de la Caridad, escrib\u00eda su CELEBRE CARTA CIRCULAR enviada a doble familia:<\/p>\n<p style=\"padding-left: 30px\">\u00abNosotros tambi\u00e9n hemos recibido un signo, no directamente de la mano de Dios, sino de las manos de nuestra Inmaculada Madre. Este signo es la Medalla Milagrosa, cuya manifestaci\u00f3n es en estos d\u00edas de gracia el motivo de nuestra alegr\u00eda. S\u00ed, esta medalla es un signo que se nos ha dado a la vez para instruirnos, santificarnos y alentarnos\u00bb.<\/p>\n<p>El mismo P. Fiat, en otra solemn\u00edsima circular de 1894, a ra\u00edz de haber obtenido de Roma la Instituci\u00f3n Solemne de la Fiesta del 27 de noviembre dec\u00eda:<\/p>\n<p style=\"padding-left: 30px\">\u00ab&#8230; la Visita de la. Virgen a la Capilla de la calle del Bace es un gran\u00addioso acontecimiento, al cual est\u00e1n ligadas la protecci\u00f3n prometida y concedida a nuestras dos Comunidades y las bendiciones que se han derramado sobre ellas desde aquel tiempo.\u00bb<\/p>\n<h3>La opini\u00f3n de nuestras Asambleas<\/h3>\n<h4><em>Asamblea de <\/em>1902<\/h4>\n<p>En el n\u00fam. 553 de las \u00abActa et Constituciones\u00bb rese\u00f1a el tema mariano estudiado en la Asamblea y dice: \u00abLa Asamblea estudia los medios para que en las Misiones y a fin de poder propagar con mayor eficacia el culto a la Inmaculada de la Sagrada Medalla TAN QUERIDA DE LA FAMILIA VI\u00adCENCIANA por razones especial\u00edsimas&#8230; \u00ab.<\/p>\n<p>El propio Superior General promete\u2014en dicha Asamblea\u2014 tratar este punto en sus pr\u00f3ximas Cartas Circulares, impulsando como se merece esta realidad y avivando el Celo de los Misioneros en propagar este culto de la Bienaventurada Virgen Mar\u00eda.<\/p>\n<h4><em>En la Asamblea de <\/em>1931<\/h4>\n<p>Entre otros acuerdos y como medio para dar consistencia al fruto de las Misiones, recomienda:<\/p>\n<p style=\"padding-left: 30px\">\u00abQue, con el debido permiso del se\u00f1or Obispo, se entronice la Imagen de la Virgen Milagrosa en los lugares donde se misione.\u00bb<\/p>\n<p>(Resultar\u00eda emocionante revisar los Anales Espa\u00f1oles de la Congregaci\u00f3n de aquellos a\u00f1os y comprobar con cu\u00e1nto entusiasmo practicaron esta recomen\u00addaci\u00f3n nuestros Misioneros en Teruel. Burgos, Galicia, Badajoz, etc.)<\/p>\n<h4><em>Asamblea de <\/em>1947 (presidida por el P. Slattery).<\/h4>\n<p>En el n\u00fam. 646 de las Actas se lee : \u00abTodos los Visitadores procuren obte\u00adner de sus respectivos Obispos, Cartas Postulatorias que se env\u00eden a Roma para que se conceda que el Oficio y Misa de la Inmaculada de la Sagrada Medalla se haga extensivo a toda la Iglesia.\u00bb<\/p>\n<p>En el n\u00fam, 649 <em>de <\/em>la misma Asamblea insiste en:<\/p>\n<p style=\"padding-left: 30px\">\u00abQue para promover el culto a la Inmaculada de la Sagrada Medalla se celebren novenas, triduos y otros actos de culto sagrado\u00bb.<\/p>\n<h4><em>Asamblea <\/em>1955 (n\u00fam. 38)<\/h4>\n<p>Se propone a la Asamblea que para el mejor funcionamiento de las Aso\u00adciaciones de la Sagrada Medalla se nombre en cada Provincia un Director de dicha Asociaci\u00f3n, y que se tengan y preparen PATENTES para la instaura\u00adci\u00f3n&#8217; de dicho organismo, firmadas por el P. General y que se mantengan Re\u00adgistros donde se anoten los Miembros del Sector Organizado. Que se les re\u00adcomiende a dichos Miembros la Misi\u00f3n de propagar la Sagrada Medalla y el Culto llamado \u00abNovena Perpetua\u00bb.<\/p>\n<p>La Asamblea respondi\u00f3 que ya est\u00e1 establecido el que el Superior General delegue dicha responsabilidad en la persona del Visitador, quien a su vez y en su respectiva Provincia nombra un Representante suyo, del mismo modo que el Superior local nombra su Representante para la zona de su Residencia.<\/p>\n<p>La Asamblea aprob\u00f3 el ejercicio de los primeros s\u00e1bados de mes en honor de la Bienaventurada Virgen Mar\u00eda, en nuestras Iglesias o en los lugares donde ejercemos el ministerio.<\/p>\n<h2>C\u00f3mo vivimos esta responsabilidad hoy en d\u00eda<\/h2>\n<p>Por falta de datos concretos y recientes no podemos presentar el cuadro completo del Apostolado Mariano de nuestra Doble Familia. Daremos algunos.<\/p>\n<p>FRANCIA no ha dejado extinguir la devoci\u00f3n Mariana a la Inmaculada de la Sagrada Medalla. Solamente la dedicaci\u00f3n que supone el atender la Ca\u00adpilla de las Apariciones, con lo que significa de afluencia de peregrinos, misas continuas y el famos\u00edsimo Culto de Oraci\u00f3n Comunitaria (La Novena perpetua) de los mi\u00e9rcoles, hablan bastante claro.<\/p>\n<p>Pero Francia, sostiene adem\u00e1s el Movimiento Mariano y cultiva la piedad de muchas familias por medio de su bella revista \u00abLA MEDALLA MILA\u00adGROSA\u00bb.<\/p>\n<p>ITALIA sigue en la misma l\u00ednea de fidelidad a sus antecesores, y tambi\u00e9n sostiene su literatura mariana y sus santuarios (sobre todo el instaurad<sub>o<\/sub> en N\u00e1poles, por el Beato Justino de Jacobis). La Asociaci\u00f3n de la Milagrosa ad\u00adquiere un car\u00e1cter especial por medio de una organizaci\u00f3n mariana, llamada APOSTOLADO MARIANO DE CASALE.<\/p>\n<p>ESTADOS UNIDOS son los pioneros del gran movimiento de Oraci\u00f3n Co\u00admunitaria que all\u00ed se conoce como NOVENA PERPETUA. Ambas Provincias, la del Este y la del Oeste, sostienen magn\u00edficos Secretariados con un equipo que en Filadelfia pasa de 80 y en Perriville cuenta por lo menos la mitad. Equipos Misioneros han logrado recorrer casi todo el pa\u00eds dando peque\u00f1as Mi\u00adsiones de una semana y estableciendo como recuerdo la NOVENA PERPETUA o Acto de Oraci\u00f3n Comunitaria.<\/p>\n<p>FILIPINAS destaca hoy en d\u00eda entre las Provincias que mejor organizada tienen lo que llaman Asociaci\u00f3n de Hijas de Mar\u00eda, con sus varios Sectores de solteras y casadas. Por medio de su Secretariado Nacional se comunican con miles de familias, que a la vez secundan sus obras, sobre todo la cooperaci\u00f3n para la formaci\u00f3n de Becas Misioneras.<\/p>\n<p>Hace unos cuantos a\u00f1os pude comprobar por m\u00ed mismo el Movimiento Ma\u00adriano en Argentina, Brasil, Cuba, Puerto Rico y Santo Domingo. En todos esos pa\u00edses tiene vitalidad el esp\u00edritu mariano, con manifestaciones diversas, que hoy en d\u00eda, y a la distancia de una d\u00e9cada de a\u00f1os no puedo resumir.<\/p>\n<p>En ESPA\u00d1A hemos hecho una encuesta reciente \u2014la segunda que se ve\u00adrifica en ocho a\u00f1os\u2014 para comprobar la vitalidad de nuestro Movimiento Mariano. Adjunto publicamos las cifras globales por Provincias.<\/p>\n<p>La Estad\u00edstica que adjuntamos se refiere \u00fanicamente a la Asociaci\u00f3n de la Milagrosa, y a\u00fan de esta Organizaci\u00f3n a los Centros controlados directamente por el Secretariado Nacional.<\/p>\n<p>Sabemos que, esparcidos por toda la Pen\u00ednsula, y sobre todo en aquellos lugares donde han misionado nuestros venerables Misioneros de antes, y algu\u00adnos de nuestro tiempo, florecen n\u00facleos de devoci\u00f3n, sobre todo grupos de familias adscritos al Sector de la Visita Domiciliaria.<\/p>\n<p>Hace a\u00f1os enviamos una carta abierta a ocho mil sacerdotes de todas las di\u00f3cesis de Espa\u00f1a, pidi\u00e9ndoles datos sobre nuestro Movimiento Mariano. Te\u00adnemos unas 250 contestaciones positivas, d\u00e1ndonos los datos que tienen de sus parroquias.<\/p>\n<p>Faltan much\u00edsimos m\u00e1s. Este mismo a\u00f1o sabemos que en un pueblecito de Alicante se han instaurado 17 nuevos Coros por una se\u00f1ora agradecida a la Milagrosa. Lo mismo ocurre con se\u00f1oras educadas por las Hermanas y entu\u00adsiasmadas con la Medalla y la Visita Domiciliaria.<\/p>\n<p>En conjunto y como puede verse por la Estad\u00edstica, el Movimiento Maria\u00adno crece en grado considerable, aunque no faltan sus sombras y altibajos.<\/p>\n<p>Las cifras globales de la encuesta hace tres meses da los siguientes resultados:<\/p>\n<ul>\n<li>Familias que reciben la Visita Domiciliaria: 351.000.<\/li>\n<li>Centros con Asociaci\u00f3n Organizada: 285.<\/li>\n<li>Centros sin Junta Directiva impulsores del Movimiento Mariano: 766. Centros donde se tienen cultos anuales en honor de la Milagrosa: 934.<\/li>\n<li>Centros donde se practica el culto de Oraci\u00f3n Comunitaria (Novena Per\u00adpetua): 443.<\/li>\n<li>Promedio de medallas repartidas anualmente por estos Centros: 707.000. Promedio de estampas distribuidas anualmente por su medio: 242.000.<\/li>\n<li>Suscripciones al Bolet\u00edn Mensual Mar\u00eda Milagrosa (Hoja para las Familias de la V. Dom.): 60.000.<\/li>\n<\/ul>\n<p>Las Hijas de Mar\u00eda en Espa\u00f1a pasan de 50.000 y cuentan en cifras un poco gen\u00e9ricas (faltan los datos precisos y recientes) unos 500 Centros, La Organizaci\u00f3n de esta Asociaci\u00f3n es quiz\u00e1s la m\u00e1s perfecta por el empe\u00f1o que ha puesto su Director Nacional actual, el P. Cort\u00e1zar en dar cohesi\u00f3n y vinculaci\u00f3n al Secretariado Nacional. Partiendo desde los centros locales, funciona el Consejo Diocesano, quien a su vez est\u00e1 bajo la jurisdicci\u00f3n inmediata del Consejo de la Provincia Can\u00f3nica a que pertenece. El Padre ha aprovechado la actual divisi\u00f3n de Hermanaspor zonas pura establecer estos Consejos Provinciales o zonales. Y todos, tanto los diocesanos como los de Provincia est\u00e1n de\u00adpendiendo del Consejo Nacional. Una Hojita mensual \u00abLa voz de nuestra Ma\u00addre\u00bb lleva a todas las Hijas de Mar\u00eda las orientaciones del Director y la voz de aliento para cada mes, al mismo tiempo que informa de los acontecimientos importantes que les pueden interesar, y sobre todo, notifica las defunciones ocurridas para estrechar por la caridad de la plegaria los v\u00ednculos de una santa fraternidad.<\/p>\n<p>La labor constante y callada de las Hermanas encargadas de cada Centro, as\u00ed como de las Responsables del Secretariado de Di\u00f3cesis o de la Provincia, es la garant\u00eda m\u00e1xima de la vitalidad de este Organismo, que tanto ilusion\u00f3 a Santa Catalina y al que hoy tambi\u00e9n se le mira con el mismo cari\u00f1o.<\/p>\n<h2>Tres preguntas finales<\/h2>\n<p>Antes de poner punto final, quiero dejar en el aire tres \u00abContestaciones\u00bb que a muchos nos parece signo de una CRISIS de fidelidad al \u00abCOMPROMI\u00adSO\u00bb que implica nuestro LEGADO mariano.<\/p>\n<p>a) \u00bfPor qu\u00e9 eso de repartir la Medalla al final de las Misiones ha bajado al grado de \u00abiniciativa particular\u00bb? \u00bfPor qu\u00e9 hay tantos que ya no la reparten ni hablan de ella? Nuestro Secretariado est\u00e1 dispuesto a proveer de Medallas. incluso de aluminio, para todas las Misiones.<\/p>\n<p>b) \u00bfPor qu\u00e9 en unos sitios se va desvirtuando los cultos mensuales y hasta anuales y en cambio en otros crecen y prosperan, en contra de todos los malos augurios de quienes consideran todo esto como desfasado?<\/p>\n<p>c) \u00bfQui\u00e9n promueve esa actitud despectiva de algunas Hijas de la Ca\u00adridad hacia la representaci\u00f3n de la Virgen con los rayos, \u00abs\u00edmbolo de las gra\u00adcias que ella otorga\u00bb, alegando como \u00fanica raz\u00f3n para suprimirlos el que son antiest\u00e9ticos, cuando la Virgen misma escogi\u00f3 ese s\u00edmbolo para representar su funci\u00f3n de Mediadora y Dispensadora de las gracias y cuando as\u00ed la represen. tan en la Capilla de las Apariciones? \u00bfNo empeque\u00f1ecemos de esta manera el Mensaje de 1830, que empez\u00f3 fomentando el clima inmaculadista hasta lograr la proclamaci\u00f3n de un dogma y contin\u00faa actuando en la Iglesia hasta coronar su obra con el reconocimiento Oficial de otro? \u00bfSe concibe una aut\u00e9ntica re\u00adpresentaci\u00f3n de Mar\u00eda Milagrosa, sin rayos? \u00bfNo exist\u00edan ya representaciones de Mar\u00eda con los brazos invitando a la confianza en Im\u00e1genes construidas mucho antes de 1830?<\/p>\n<h2>Una Conclusi\u00f3n<\/h2>\n<p>\u00bfLos \u00absignos\u00bb de decadencia que se sienten en la interioridad de nuestras estructuras, podr\u00e1n ser superados con esa Intervenci\u00f3n Especial\u00edsima que Mar\u00eda nuestra Madre ha dispensado en otros tiempos, si la Doble Familia olvida y consideradesfasado el LEGADO que ELLA les confi\u00f3?<\/p>\n","protected":false},"excerpt":{"rendered":"<p>Lo que ha sido este legado desde 1830 El testimonio de la Historia nos dice que, si bien la Virgen se aparece a Santa Catalina Labour\u00e9, \u00e9sta, cumpliendo los deseos manifestados por la Madre de &#8230; <a href=\"http:\/\/vincentians.com\/es\/familia-vicenciana-y-medalla-milagrosa\/\" class=\"more-link\">Read More<\/a><\/p>\n","protected":false},"author":4,"featured_media":399749,"comment_status":"open","ping_status":"open","sticky":false,"template":"","format":"standard","meta":{"jetpack_post_was_ever_published":false,"_jetpack_newsletter_access":"","_jetpack_dont_email_post_to_subs":false,"_jetpack_newsletter_tier_id":0,"_jetpack_memberships_contains_paywalled_content":false,"_jetpack_memberships_contains_paid_content":false,"footnotes":"","jetpack_publicize_message":"","jetpack_publicize_feature_enabled":true,"jetpack_social_post_already_shared":true,"jetpack_social_options":{"image_generator_settings":{"template":"highway","default_image_id":0,"font":"","enabled":false},"version":2}},"categories":[8],"tags":[161,190],"class_list":["post-115978","post","type-post","status-publish","format-standard","has-post-thumbnail","hentry","category-virgen-maria","tag-etienne","tag-rue-du-bac"],"yoast_head":"<!-- This site is optimized with the Yoast SEO plugin v26.3 - https:\/\/yoast.com\/wordpress\/plugins\/seo\/ -->\n<title>Familia Vicenciana y Medalla Milagrosa - Somos Vicencianos<\/title>\n<meta name=\"robots\" content=\"index, follow, max-snippet:-1, max-image-preview:large, max-video-preview:-1\" \/>\n<link rel=\"canonical\" href=\"http:\/\/vincentians.com\/es\/familia-vicenciana-y-medalla-milagrosa\/\" \/>\n<meta property=\"og:locale\" content=\"es_ES\" \/>\n<meta property=\"og:type\" content=\"article\" \/>\n<meta property=\"og:title\" content=\"Familia Vicenciana y Medalla Milagrosa - Somos Vicencianos\" \/>\n<meta property=\"og:description\" content=\"Lo que ha sido este legado desde 1830 El testimonio de la Historia nos dice que, si bien la Virgen se aparece a Santa Catalina Labour\u00e9, \u00e9sta, cumpliendo los deseos manifestados por la Madre de ... Read More\" \/>\n<meta property=\"og:url\" content=\"http:\/\/vincentians.com\/es\/familia-vicenciana-y-medalla-milagrosa\/\" \/>\n<meta property=\"og:site_name\" content=\"Somos Vicencianos\" \/>\n<meta property=\"article:publisher\" content=\"https:\/\/www.facebook.com\/WeAreVincentians\/\" \/>\n<meta property=\"article:author\" content=\"https:\/\/www.facebook.com\/JavierChento\" \/>\n<meta property=\"article:published_time\" content=\"2022-11-27T10:50:13+00:00\" \/>\n<meta property=\"og:image\" content=\"https:\/\/i0.wp.com\/vincentians.com\/es\/wp-content\/uploads\/sites\/11\/2016\/08\/hijas-caridad.jpg?fit=1200%2C630\" \/>\n\t<meta property=\"og:image:width\" content=\"1200\" \/>\n\t<meta property=\"og:image:height\" content=\"630\" \/>\n\t<meta property=\"og:image:type\" content=\"image\/jpeg\" \/>\n<meta name=\"author\" content=\"Francisco Javier Fern\u00e1ndez Chento\" \/>\n<meta name=\"twitter:card\" content=\"summary_large_image\" \/>\n<meta name=\"twitter:creator\" content=\"@https:\/\/twitter.com\/javierchento\" \/>\n<meta name=\"twitter:site\" content=\"@WeVincentians\" \/>\n<meta name=\"twitter:label1\" content=\"Escrito por\" \/>\n\t<meta name=\"twitter:data1\" content=\"Francisco Javier Fern\u00e1ndez Chento\" \/>\n\t<meta name=\"twitter:label2\" content=\"Tiempo de lectura\" \/>\n\t<meta name=\"twitter:data2\" content=\"12 minutos\" \/>\n<script type=\"application\/ld+json\" class=\"yoast-schema-graph\">{\"@context\":\"https:\/\/schema.org\",\"@graph\":[{\"@type\":\"Article\",\"@id\":\"http:\/\/vincentians.com\/es\/familia-vicenciana-y-medalla-milagrosa\/#article\",\"isPartOf\":{\"@id\":\"http:\/\/vincentians.com\/es\/familia-vicenciana-y-medalla-milagrosa\/\"},\"author\":{\"name\":\"Francisco Javier Fern\u00e1ndez Chento\",\"@id\":\"http:\/\/vincentians.com\/es\/#\/schema\/person\/9623ef4d9aa3b2dfb8c061f1499288f2\"},\"headline\":\"Familia Vicenciana y Medalla Milagrosa\",\"datePublished\":\"2022-11-27T10:50:13+00:00\",\"mainEntityOfPage\":{\"@id\":\"http:\/\/vincentians.com\/es\/familia-vicenciana-y-medalla-milagrosa\/\"},\"wordCount\":2752,\"commentCount\":1,\"publisher\":{\"@id\":\"http:\/\/vincentians.com\/es\/#organization\"},\"image\":{\"@id\":\"http:\/\/vincentians.com\/es\/familia-vicenciana-y-medalla-milagrosa\/#primaryimage\"},\"thumbnailUrl\":\"https:\/\/i0.wp.com\/vincentians.com\/es\/wp-content\/uploads\/sites\/11\/2016\/08\/hijas-caridad.jpg?fit=1200%2C630\",\"keywords\":[\"Etienne\",\"Rue du Bac\"],\"articleSection\":[\"Virgen Mar\u00eda\"],\"inLanguage\":\"es\",\"potentialAction\":[{\"@type\":\"CommentAction\",\"name\":\"Comment\",\"target\":[\"http:\/\/vincentians.com\/es\/familia-vicenciana-y-medalla-milagrosa\/#respond\"]}]},{\"@type\":\"WebPage\",\"@id\":\"http:\/\/vincentians.com\/es\/familia-vicenciana-y-medalla-milagrosa\/\",\"url\":\"http:\/\/vincentians.com\/es\/familia-vicenciana-y-medalla-milagrosa\/\",\"name\":\"Familia Vicenciana y Medalla Milagrosa - Somos Vicencianos\",\"isPartOf\":{\"@id\":\"http:\/\/vincentians.com\/es\/#website\"},\"primaryImageOfPage\":{\"@id\":\"http:\/\/vincentians.com\/es\/familia-vicenciana-y-medalla-milagrosa\/#primaryimage\"},\"image\":{\"@id\":\"http:\/\/vincentians.com\/es\/familia-vicenciana-y-medalla-milagrosa\/#primaryimage\"},\"thumbnailUrl\":\"https:\/\/i0.wp.com\/vincentians.com\/es\/wp-content\/uploads\/sites\/11\/2016\/08\/hijas-caridad.jpg?fit=1200%2C630\",\"datePublished\":\"2022-11-27T10:50:13+00:00\",\"breadcrumb\":{\"@id\":\"http:\/\/vincentians.com\/es\/familia-vicenciana-y-medalla-milagrosa\/#breadcrumb\"},\"inLanguage\":\"es\",\"potentialAction\":[{\"@type\":\"ReadAction\",\"target\":[\"http:\/\/vincentians.com\/es\/familia-vicenciana-y-medalla-milagrosa\/\"]}]},{\"@type\":\"ImageObject\",\"inLanguage\":\"es\",\"@id\":\"http:\/\/vincentians.com\/es\/familia-vicenciana-y-medalla-milagrosa\/#primaryimage\",\"url\":\"https:\/\/i0.wp.com\/vincentians.com\/es\/wp-content\/uploads\/sites\/11\/2016\/08\/hijas-caridad.jpg?fit=1200%2C630\",\"contentUrl\":\"https:\/\/i0.wp.com\/vincentians.com\/es\/wp-content\/uploads\/sites\/11\/2016\/08\/hijas-caridad.jpg?fit=1200%2C630\",\"width\":1200,\"height\":630},{\"@type\":\"BreadcrumbList\",\"@id\":\"http:\/\/vincentians.com\/es\/familia-vicenciana-y-medalla-milagrosa\/#breadcrumb\",\"itemListElement\":[{\"@type\":\"ListItem\",\"position\":1,\"name\":\"Portada\",\"item\":\"http:\/\/vincentians.com\/es\/\"},{\"@type\":\"ListItem\",\"position\":2,\"name\":\"Familia Vicenciana y Medalla Milagrosa\"}]},{\"@type\":\"WebSite\",\"@id\":\"http:\/\/vincentians.com\/es\/#website\",\"url\":\"http:\/\/vincentians.com\/es\/\",\"name\":\"Somos Vicencianos\",\"description\":\"Know more to serve more\",\"publisher\":{\"@id\":\"http:\/\/vincentians.com\/es\/#organization\"},\"potentialAction\":[{\"@type\":\"SearchAction\",\"target\":{\"@type\":\"EntryPoint\",\"urlTemplate\":\"http:\/\/vincentians.com\/es\/?s={search_term_string}\"},\"query-input\":{\"@type\":\"PropertyValueSpecification\",\"valueRequired\":true,\"valueName\":\"search_term_string\"}}],\"inLanguage\":\"es\"},{\"@type\":\"Organization\",\"@id\":\"http:\/\/vincentians.com\/es\/#organization\",\"name\":\"The Vincentian Network\",\"url\":\"http:\/\/vincentians.com\/es\/\",\"logo\":{\"@type\":\"ImageObject\",\"inLanguage\":\"es\",\"@id\":\"http:\/\/vincentians.com\/es\/#\/schema\/logo\/image\/\",\"url\":\"https:\/\/i1.wp.com\/vincentians.com\/es\/wp-content\/uploads\/sites\/11\/2016\/06\/Vincentian-Network-logo-big.png?fit=778%2C778\",\"contentUrl\":\"https:\/\/i1.wp.com\/vincentians.com\/es\/wp-content\/uploads\/sites\/11\/2016\/06\/Vincentian-Network-logo-big.png?fit=778%2C778\",\"width\":778,\"height\":778,\"caption\":\"The Vincentian Network\"},\"image\":{\"@id\":\"http:\/\/vincentians.com\/es\/#\/schema\/logo\/image\/\"},\"sameAs\":[\"https:\/\/www.facebook.com\/WeAreVincentians\/\",\"https:\/\/x.com\/WeVincentians\"]},{\"@type\":\"Person\",\"@id\":\"http:\/\/vincentians.com\/es\/#\/schema\/person\/9623ef4d9aa3b2dfb8c061f1499288f2\",\"name\":\"Francisco Javier Fern\u00e1ndez Chento\",\"image\":{\"@type\":\"ImageObject\",\"inLanguage\":\"es\",\"@id\":\"http:\/\/vincentians.com\/es\/#\/schema\/person\/image\/\",\"url\":\"https:\/\/secure.gravatar.com\/avatar\/497d5cde87b4c3d097d0315953521681ba2cd523ee66e5077c3711f7021e65de?s=96&d=mm&r=g\",\"contentUrl\":\"https:\/\/secure.gravatar.com\/avatar\/497d5cde87b4c3d097d0315953521681ba2cd523ee66e5077c3711f7021e65de?s=96&d=mm&r=g\",\"caption\":\"Francisco Javier Fern\u00e1ndez Chento\"},\"description\":\"Director General y cofundador de La Red de Formaci\u00f3n Vicenciana. Javier es laico vicenciano, afiliado a la Congregaci\u00f3n de la Misi\u00f3n y miembro del Equipo de Misiones Populares de la provincia can\u00f3nica de Zaragoza (Espa\u00f1a) de la Congregaci\u00f3n de la Misi\u00f3n. Graduado en la Universidad Oberta de Catalunya con cuatro grados (Asistente de direcci\u00f3n, Gesti\u00f3n Administrativa, Recursos Humanos y Contabilidad Avanzada). Bil\u00edng\u00fce Espa\u00f1ol\/Ingl\u00e9s. gestiona y mantiene varias p\u00e1ginas web cristianas y vicencianas, incluida including La Red de Formaci\u00f3n Vicenciana, de la que es cofundador. Actualmente es responsable del \u00e1rea de Espa\u00f1ol de .famvin, la Red de Noticias de la Familia Vicenciana. Tambi\u00e9n es m\u00fasico cat\u00f3lico y ha editado varios discos. Es Director General y cofundador de Trovador, una reconocida compa\u00f1\u00eda discogr\u00e1fica critiana de Espa\u00f1a. Trabaja en las Tecnolog\u00edas de la Informaci\u00f3n, ofreciendo servicios de alojamiento, dise\u00f1o y mantenimiento Web, as\u00ed como asesoramiento, formaci\u00f3n y soluciones inform\u00e1ticas, gesti\u00f3n documental y digitalizaci\u00f3n de textos, edici\u00f3n y maquetaci\u00f3n de libros, revistas, flyers, etc.\",\"sameAs\":[\"http:\/\/chento.org\",\"https:\/\/www.facebook.com\/JavierChento\",\"https:\/\/x.com\/https:\/\/twitter.com\/javierchento\"],\"url\":\"http:\/\/vincentians.com\/es\/author\/chento\/\"}]}<\/script>\n<!-- \/ Yoast SEO plugin. -->","yoast_head_json":{"title":"Familia Vicenciana y Medalla Milagrosa - Somos Vicencianos","robots":{"index":"index","follow":"follow","max-snippet":"max-snippet:-1","max-image-preview":"max-image-preview:large","max-video-preview":"max-video-preview:-1"},"canonical":"http:\/\/vincentians.com\/es\/familia-vicenciana-y-medalla-milagrosa\/","og_locale":"es_ES","og_type":"article","og_title":"Familia Vicenciana y Medalla Milagrosa - Somos Vicencianos","og_description":"Lo que ha sido este legado desde 1830 El testimonio de la Historia nos dice que, si bien la Virgen se aparece a Santa Catalina Labour\u00e9, \u00e9sta, cumpliendo los deseos manifestados por la Madre de ... Read More","og_url":"http:\/\/vincentians.com\/es\/familia-vicenciana-y-medalla-milagrosa\/","og_site_name":"Somos Vicencianos","article_publisher":"https:\/\/www.facebook.com\/WeAreVincentians\/","article_author":"https:\/\/www.facebook.com\/JavierChento","article_published_time":"2022-11-27T10:50:13+00:00","og_image":[{"width":1200,"height":630,"url":"https:\/\/i0.wp.com\/vincentians.com\/es\/wp-content\/uploads\/sites\/11\/2016\/08\/hijas-caridad.jpg?fit=1200%2C630","type":"image\/jpeg"}],"author":"Francisco Javier Fern\u00e1ndez Chento","twitter_card":"summary_large_image","twitter_creator":"@https:\/\/twitter.com\/javierchento","twitter_site":"@WeVincentians","twitter_misc":{"Escrito por":"Francisco Javier Fern\u00e1ndez Chento","Tiempo de lectura":"12 minutos"},"schema":{"@context":"https:\/\/schema.org","@graph":[{"@type":"Article","@id":"http:\/\/vincentians.com\/es\/familia-vicenciana-y-medalla-milagrosa\/#article","isPartOf":{"@id":"http:\/\/vincentians.com\/es\/familia-vicenciana-y-medalla-milagrosa\/"},"author":{"name":"Francisco Javier Fern\u00e1ndez Chento","@id":"http:\/\/vincentians.com\/es\/#\/schema\/person\/9623ef4d9aa3b2dfb8c061f1499288f2"},"headline":"Familia Vicenciana y Medalla Milagrosa","datePublished":"2022-11-27T10:50:13+00:00","mainEntityOfPage":{"@id":"http:\/\/vincentians.com\/es\/familia-vicenciana-y-medalla-milagrosa\/"},"wordCount":2752,"commentCount":1,"publisher":{"@id":"http:\/\/vincentians.com\/es\/#organization"},"image":{"@id":"http:\/\/vincentians.com\/es\/familia-vicenciana-y-medalla-milagrosa\/#primaryimage"},"thumbnailUrl":"https:\/\/i0.wp.com\/vincentians.com\/es\/wp-content\/uploads\/sites\/11\/2016\/08\/hijas-caridad.jpg?fit=1200%2C630","keywords":["Etienne","Rue du Bac"],"articleSection":["Virgen Mar\u00eda"],"inLanguage":"es","potentialAction":[{"@type":"CommentAction","name":"Comment","target":["http:\/\/vincentians.com\/es\/familia-vicenciana-y-medalla-milagrosa\/#respond"]}]},{"@type":"WebPage","@id":"http:\/\/vincentians.com\/es\/familia-vicenciana-y-medalla-milagrosa\/","url":"http:\/\/vincentians.com\/es\/familia-vicenciana-y-medalla-milagrosa\/","name":"Familia Vicenciana y Medalla Milagrosa - Somos Vicencianos","isPartOf":{"@id":"http:\/\/vincentians.com\/es\/#website"},"primaryImageOfPage":{"@id":"http:\/\/vincentians.com\/es\/familia-vicenciana-y-medalla-milagrosa\/#primaryimage"},"image":{"@id":"http:\/\/vincentians.com\/es\/familia-vicenciana-y-medalla-milagrosa\/#primaryimage"},"thumbnailUrl":"https:\/\/i0.wp.com\/vincentians.com\/es\/wp-content\/uploads\/sites\/11\/2016\/08\/hijas-caridad.jpg?fit=1200%2C630","datePublished":"2022-11-27T10:50:13+00:00","breadcrumb":{"@id":"http:\/\/vincentians.com\/es\/familia-vicenciana-y-medalla-milagrosa\/#breadcrumb"},"inLanguage":"es","potentialAction":[{"@type":"ReadAction","target":["http:\/\/vincentians.com\/es\/familia-vicenciana-y-medalla-milagrosa\/"]}]},{"@type":"ImageObject","inLanguage":"es","@id":"http:\/\/vincentians.com\/es\/familia-vicenciana-y-medalla-milagrosa\/#primaryimage","url":"https:\/\/i0.wp.com\/vincentians.com\/es\/wp-content\/uploads\/sites\/11\/2016\/08\/hijas-caridad.jpg?fit=1200%2C630","contentUrl":"https:\/\/i0.wp.com\/vincentians.com\/es\/wp-content\/uploads\/sites\/11\/2016\/08\/hijas-caridad.jpg?fit=1200%2C630","width":1200,"height":630},{"@type":"BreadcrumbList","@id":"http:\/\/vincentians.com\/es\/familia-vicenciana-y-medalla-milagrosa\/#breadcrumb","itemListElement":[{"@type":"ListItem","position":1,"name":"Portada","item":"http:\/\/vincentians.com\/es\/"},{"@type":"ListItem","position":2,"name":"Familia Vicenciana y Medalla Milagrosa"}]},{"@type":"WebSite","@id":"http:\/\/vincentians.com\/es\/#website","url":"http:\/\/vincentians.com\/es\/","name":"Somos Vicencianos","description":"Know more to serve more","publisher":{"@id":"http:\/\/vincentians.com\/es\/#organization"},"potentialAction":[{"@type":"SearchAction","target":{"@type":"EntryPoint","urlTemplate":"http:\/\/vincentians.com\/es\/?s={search_term_string}"},"query-input":{"@type":"PropertyValueSpecification","valueRequired":true,"valueName":"search_term_string"}}],"inLanguage":"es"},{"@type":"Organization","@id":"http:\/\/vincentians.com\/es\/#organization","name":"The Vincentian Network","url":"http:\/\/vincentians.com\/es\/","logo":{"@type":"ImageObject","inLanguage":"es","@id":"http:\/\/vincentians.com\/es\/#\/schema\/logo\/image\/","url":"https:\/\/i1.wp.com\/vincentians.com\/es\/wp-content\/uploads\/sites\/11\/2016\/06\/Vincentian-Network-logo-big.png?fit=778%2C778","contentUrl":"https:\/\/i1.wp.com\/vincentians.com\/es\/wp-content\/uploads\/sites\/11\/2016\/06\/Vincentian-Network-logo-big.png?fit=778%2C778","width":778,"height":778,"caption":"The Vincentian Network"},"image":{"@id":"http:\/\/vincentians.com\/es\/#\/schema\/logo\/image\/"},"sameAs":["https:\/\/www.facebook.com\/WeAreVincentians\/","https:\/\/x.com\/WeVincentians"]},{"@type":"Person","@id":"http:\/\/vincentians.com\/es\/#\/schema\/person\/9623ef4d9aa3b2dfb8c061f1499288f2","name":"Francisco Javier Fern\u00e1ndez Chento","image":{"@type":"ImageObject","inLanguage":"es","@id":"http:\/\/vincentians.com\/es\/#\/schema\/person\/image\/","url":"https:\/\/secure.gravatar.com\/avatar\/497d5cde87b4c3d097d0315953521681ba2cd523ee66e5077c3711f7021e65de?s=96&d=mm&r=g","contentUrl":"https:\/\/secure.gravatar.com\/avatar\/497d5cde87b4c3d097d0315953521681ba2cd523ee66e5077c3711f7021e65de?s=96&d=mm&r=g","caption":"Francisco Javier Fern\u00e1ndez Chento"},"description":"Director General y cofundador de La Red de Formaci\u00f3n Vicenciana. Javier es laico vicenciano, afiliado a la Congregaci\u00f3n de la Misi\u00f3n y miembro del Equipo de Misiones Populares de la provincia can\u00f3nica de Zaragoza (Espa\u00f1a) de la Congregaci\u00f3n de la Misi\u00f3n. Graduado en la Universidad Oberta de Catalunya con cuatro grados (Asistente de direcci\u00f3n, Gesti\u00f3n Administrativa, Recursos Humanos y Contabilidad Avanzada). Bil\u00edng\u00fce Espa\u00f1ol\/Ingl\u00e9s. gestiona y mantiene varias p\u00e1ginas web cristianas y vicencianas, incluida including La Red de Formaci\u00f3n Vicenciana, de la que es cofundador. Actualmente es responsable del \u00e1rea de Espa\u00f1ol de .famvin, la Red de Noticias de la Familia Vicenciana. Tambi\u00e9n es m\u00fasico cat\u00f3lico y ha editado varios discos. Es Director General y cofundador de Trovador, una reconocida compa\u00f1\u00eda discogr\u00e1fica critiana de Espa\u00f1a. Trabaja en las Tecnolog\u00edas de la Informaci\u00f3n, ofreciendo servicios de alojamiento, dise\u00f1o y mantenimiento Web, as\u00ed como asesoramiento, formaci\u00f3n y soluciones inform\u00e1ticas, gesti\u00f3n documental y digitalizaci\u00f3n de textos, edici\u00f3n y maquetaci\u00f3n de libros, revistas, flyers, etc.","sameAs":["http:\/\/chento.org","https:\/\/www.facebook.com\/JavierChento","https:\/\/x.com\/https:\/\/twitter.com\/javierchento"],"url":"http:\/\/vincentians.com\/es\/author\/chento\/"}]}},"jetpack_publicize_connections":[],"jetpack_featured_media_url":"https:\/\/i0.wp.com\/vincentians.com\/es\/wp-content\/uploads\/sites\/11\/2016\/08\/hijas-caridad.jpg?fit=1200%2C630","jetpack_sharing_enabled":true,"jetpack_shortlink":"https:\/\/wp.me\/p7ETMF-uaC","jetpack-related-posts":[{"id":125879,"url":"http:\/\/vincentians.com\/es\/la-medalla-de-la-madre-2-el-relato-de-las-apariciones\/","url_meta":{"origin":115978,"position":0},"title":"La medalla de la Madre: 2. El relato de las apariciones","author":"Francisco Javier Fern\u00e1ndez Chento","date":"28\/11\/2013","format":false,"excerpt":"2. El relato de las apariciones Entraremos ahora en la relaci\u00f3n de las principales apariciones con que fue favorecida santa Catalina, sobre todo el texto de la aparici\u00f3n del 27 de noviembre de 1830. Pues desde el tiempo, en que hac\u00eda el seminario. Catalina tuvo numerosas apariciones, algunas de las\u2026","rel":"","context":"En \u00abCatalina Labour\u00e9\u00bb","block_context":{"text":"Catalina Labour\u00e9","link":"http:\/\/vincentians.com\/es\/category\/la-familia-vicenciana\/la-familia-vicenciana-en-los-altares\/santos\/catalina-laboure\/"},"img":{"alt_text":"","src":"https:\/\/i0.wp.com\/vicencianos.org\/wp-content\/2011\/11\/peregrinacion_paris_2-201x300.jpg?resize=350%2C200","width":350,"height":200},"classes":[]},{"id":125932,"url":"http:\/\/vincentians.com\/es\/la-medalla-milagrosa-un-signo-para-nuestro-tiempo\/","url_meta":{"origin":115978,"position":1},"title":"La Medalla Milagrosa, un signo para nuestro tiempo","author":"Francisco Javier Fern\u00e1ndez Chento","date":"27\/11\/2020","format":false,"excerpt":"El hombre y los signos Desde siempre el hombre se ha enfrentado a su propia limitaci\u00f3n de expresi\u00f3n. Siente, en lo m\u00e1s \u00edntimo de su ser, la necesidad imperiosa de relacionarse, de comunicarse con una especie de lenguaje universal que haga comprensible a los dem\u00e1s sus m\u00e1s hondos sentimientos\u2026; y\u2026","rel":"","context":"En \u00abVirgen Mar\u00eda\u00bb","block_context":{"text":"Virgen Mar\u00eda","link":"http:\/\/vincentians.com\/es\/category\/espiritualidad\/virgen-maria\/"},"img":{"alt_text":"","src":"","width":0,"height":0},"classes":[]},{"id":109333,"url":"http:\/\/vincentians.com\/es\/mision-historica-de-la-milagrosa\/","url_meta":{"origin":115978,"position":2},"title":"Misi\u00f3n hist\u00f3rica de La Milagrosa","author":"Francisco Javier Fern\u00e1ndez Chento","date":"27\/11\/2022","format":false,"excerpt":"Amadas Hermanas, se\u00f1ores y amados sacerdotes: El t\u00edtulo de la conferencia quiz\u00e1 pueda parecer a algunos ex\u00adcesivamente ambicioso: LA MISION HISTORICA DE LA MILA\u00adGROSA. En realidad a m\u00ed tambi\u00e9n me lo parece, sobre todo una vez que lo vi estampado en letras de molde; porque mi prop\u00f3sito es muy sencillo.\u2026","rel":"","context":"En \u00abVirgen Mar\u00eda\u00bb","block_context":{"text":"Virgen Mar\u00eda","link":"http:\/\/vincentians.com\/es\/category\/espiritualidad\/virgen-maria\/"},"img":{"alt_text":"","src":"https:\/\/i0.wp.com\/vincentians.com\/es\/wp-content\/uploads\/sites\/11\/2018\/11\/La-milagrosa3.jpg?fit=670%2C430&resize=350%2C200","width":350,"height":200,"srcset":"https:\/\/i0.wp.com\/vincentians.com\/es\/wp-content\/uploads\/sites\/11\/2018\/11\/La-milagrosa3.jpg?fit=670%2C430&resize=350%2C200 1x, https:\/\/i0.wp.com\/vincentians.com\/es\/wp-content\/uploads\/sites\/11\/2018\/11\/La-milagrosa3.jpg?fit=670%2C430&resize=525%2C300 1.5x"},"classes":[]},{"id":40127,"url":"http:\/\/vincentians.com\/es\/fecha-numero-y-autenticidad-de-las-apariciones-de-la-virgen-milagrosa\/","url_meta":{"origin":115978,"position":3},"title":"Fecha, n\u00famero y autenticidad de las apariciones de la Virgen Milagrosa","author":"Francisco Javier Fern\u00e1ndez Chento","date":"27\/12\/2023","format":false,"excerpt":"Hace 150 a\u00f1os, Catalina Labour\u00e9, campesina borgo\u00f1ona que hab\u00eda entrado en el seminario de la rue du Bac el 21 de abril de 1830, tuvo visiones del coraz\u00f3n de Monsieur Vincent, desde el lunes 26 de abril hasta el 2 de mayo, y luego aparicio\u00adnes de la Virgen, quien pidi\u00f3\u2026","rel":"","context":"En \u00abVirgen Mar\u00eda\u00bb","block_context":{"text":"Virgen Mar\u00eda","link":"http:\/\/vincentians.com\/es\/category\/espiritualidad\/virgen-maria\/"},"img":{"alt_text":"","src":"https:\/\/i0.wp.com\/vincentians.com\/es\/wp-content\/uploads\/sites\/11\/2013\/05\/La-milagrosa3.jpg?fit=670%2C430&resize=350%2C200","width":350,"height":200,"srcset":"https:\/\/i0.wp.com\/vincentians.com\/es\/wp-content\/uploads\/sites\/11\/2013\/05\/La-milagrosa3.jpg?fit=670%2C430&resize=350%2C200 1x, https:\/\/i0.wp.com\/vincentians.com\/es\/wp-content\/uploads\/sites\/11\/2013\/05\/La-milagrosa3.jpg?fit=670%2C430&resize=525%2C300 1.5x"},"classes":[]},{"id":32785,"url":"http:\/\/vincentians.com\/es\/j-m-v-fechas-importantes\/","url_meta":{"origin":115978,"position":4},"title":"J.M.V.: Fechas importantes","author":"Francisco Javier Fern\u00e1ndez Chento","date":"02\/04\/2011","format":false,"excerpt":"Juventudes Marianas Vicentinas Hijos e Hijas de Mar\u00eda JMV-HHM NUESTRO ORIGEN FECHAS IMPORTANTES \u00a0 1581 24 de Abril Nace en Pouy (Francia), San Vicente de Pa\u00fal, el futuro fundador de la Congregaci\u00f3n de la Misi\u00f3n y de las Hijas de la Caridad. 1600 23 de Septiembre El Joven Vicente de\u2026","rel":"","context":"En \u00abJuventudes Marianas Vicencianas\u00bb","block_context":{"text":"Juventudes Marianas Vicencianas","link":"http:\/\/vincentians.com\/es\/category\/la-familia-vicenciana\/ramas\/juventudes-marianas-vicencianas\/"},"img":{"alt_text":"","src":"","width":0,"height":0},"classes":[]},{"id":40249,"url":"http:\/\/vincentians.com\/es\/descripcion-de-la-aparicion-y-virgen-del-globo\/","url_meta":{"origin":115978,"position":5},"title":"Descripci\u00f3n de la aparici\u00f3n y Virgen del Globo","author":"Francisco Javier Fern\u00e1ndez Chento","date":"07\/05\/2015","format":false,"excerpt":"\u00bfCual era el tenor de las dos apariciones de la Medalla de la que son modelo? Tal contenido est\u00e1 atestiguado de manera m\u00e1s notable que el n\u00famero y fecha de ellas, pues seg\u00fan expre\u00adsi\u00f3n de Aladel recogida por Catalina (n.\u00b0 457, p. 295), se pre\u00adsentaba como un cuadro, es decir,\u2026","rel":"","context":"En \u00abVirgen Mar\u00eda\u00bb","block_context":{"text":"Virgen Mar\u00eda","link":"http:\/\/vincentians.com\/es\/category\/espiritualidad\/virgen-maria\/"},"img":{"alt_text":"","src":"https:\/\/i0.wp.com\/vicencianos.org\/wp-content\/2011\/05\/virgen_de_globo-214x300.jpg?resize=350%2C200","width":350,"height":200},"classes":[]}],"_links":{"self":[{"href":"http:\/\/vincentians.com\/es\/wp-json\/wp\/v2\/posts\/115978","targetHints":{"allow":["GET"]}}],"collection":[{"href":"http:\/\/vincentians.com\/es\/wp-json\/wp\/v2\/posts"}],"about":[{"href":"http:\/\/vincentians.com\/es\/wp-json\/wp\/v2\/types\/post"}],"author":[{"embeddable":true,"href":"http:\/\/vincentians.com\/es\/wp-json\/wp\/v2\/users\/4"}],"replies":[{"embeddable":true,"href":"http:\/\/vincentians.com\/es\/wp-json\/wp\/v2\/comments?post=115978"}],"version-history":[{"count":1,"href":"http:\/\/vincentians.com\/es\/wp-json\/wp\/v2\/posts\/115978\/revisions"}],"predecessor-version":[{"id":401913,"href":"http:\/\/vincentians.com\/es\/wp-json\/wp\/v2\/posts\/115978\/revisions\/401913"}],"wp:featuredmedia":[{"embeddable":true,"href":"http:\/\/vincentians.com\/es\/wp-json\/wp\/v2\/media\/399749"}],"wp:attachment":[{"href":"http:\/\/vincentians.com\/es\/wp-json\/wp\/v2\/media?parent=115978"}],"wp:term":[{"taxonomy":"category","embeddable":true,"href":"http:\/\/vincentians.com\/es\/wp-json\/wp\/v2\/categories?post=115978"},{"taxonomy":"post_tag","embeddable":true,"href":"http:\/\/vincentians.com\/es\/wp-json\/wp\/v2\/tags?post=115978"}],"curies":[{"name":"wp","href":"https:\/\/api.w.org\/{rel}","templated":true}]}}