{"id":115917,"date":"2021-05-28T08:30:00","date_gmt":"2021-05-28T06:30:00","guid":{"rendered":"http:\/\/somos.vicencianos.org\/?p=115917"},"modified":"2021-03-14T10:43:05","modified_gmt":"2021-03-14T09:43:05","slug":"obrero-de-la-primera-hora-padre-portail-en-mosaico-vi","status":"publish","type":"post","link":"http:\/\/vincentians.com\/es\/obrero-de-la-primera-hora-padre-portail-en-mosaico-vi\/","title":{"rendered":"Obrero de la primera hora: Padre Portail en mosaico (VI)"},"content":{"rendered":"<h2><strong>6. Renacimiento para la Vida<\/strong><\/h2>\n<p>La salud del Padre Portail oscilaba bastante (cf. SV I,526; V,588; VI,191). Todav\u00eda en 1640, San Vicente da noticias de un problema que le afectaba a la vista (cf. SV I,288). Con el pasar de los a\u00f1os, los achaques aumentan, no s\u00f3lo para Portail, como tambi\u00e9n para Luisa, Vicente y varios Cohermanos de la primera generaci\u00f3n (cf. SV VI,581; VII,60). El riguroso invierno de 1658-1659 quebrant\u00f3 la salud de Portail, oblig\u00e1ndolo a disminuir el ritmo de sus actividades (cf. SV VIII,248). En enero de 1659, Santa Luisa escribe a una Hermana: <em>\u00abEl Padre Portail, durante todo el invierno, estuvo enfermo. De momento, ya est\u00e1 como siempre, aunque nuestras Hermanas no tengan el consuelo de hablarle, sino raramente, por causa de esta enfermedad\u00bb <\/em>(SL C.669).Sorprendentemente, un a\u00f1o despu\u00e9s, Luisa dir\u00e1: <em>\u00abEl Padre Portail est\u00e1 mucho mejor\u00a0 que en el a\u00f1o pasado\u00bb <\/em>(SL C.714. cf. SL C.718). El d\u00eda 13 de febrero de 1660, Vicente comunica al superior de la Casa de Varsovia: <em>\u00abLa se\u00f1orita Le Gras cay\u00f3 enferma poco despu\u00e9s, hasta el punto de que no nos atrevemos a esperar que se recupere; estamos muy preocupados. Y lo que colma nuestro dolor es que el Padre Portail est\u00e1 tambi\u00e9n gravemente enfermo. Los dos han recibido el vi\u00e1tico el mismo d\u00eda\u00bb <\/em>(SV VIII,241)<em>. <\/em><\/p>\n<p>Despu\u00e9s de nueve d\u00edas de enfermedad, Antonio Portail parti\u00f3 a la <em>Misi\u00f3n del Cielo<\/em>, el 14 de febrero de 1660, un mes antes que Luisa y siete meses antes que su fundador. Era, entonces, septuagenario y su tiempo de pertenencia a la Compa\u00f1\u00eda correspond\u00eda a la edad de la misma: 45 anos. El fruto ya estaba maduro y el Se\u00f1or vino a recogerlo. Pasada la probaci\u00f3n de la vida, disipada la niebla de las humanas inseguridades, el Cielo se abri\u00f3 para acoger qui\u00e9n ya en la tierra en Dios viviera, en la fecunda simplicidad de una vida hecha donaci\u00f3n. Delante del Dios de toda consolaci\u00f3n, podr\u00eda Portail haber hecho suya la po\u00e9tica intuici\u00f3n de Monse\u00f1or Pedro Casald\u00e1liga: <em>\u00abLlegu\u00e9 a la eternidad con el gozoso asombro de ver que anduve toda la vida en la palma de Tu mano\u00bb<\/em>.<\/p>\n<p>En una circular a varios Cohermanos, San Vicente comunica, consternado, el fallecimiento de su compa\u00f1ero de la primera hora: <em>\u00abDios nos ha querido privar del buen Padre Portail. Muri\u00f3 el s\u00e1bado, 14 de este mes, que era el noveno de su enfermedad; comenz\u00f3 con una especie de letargo, que se convirti\u00f3 luego en fiebre continua y en otros espasmos. Despu\u00e9s, tuvo la conciencia y el habla bastantes libres. Siempre hab\u00eda tenido miedo de morir, pero al ver acercarse la muerte la consider\u00f3 como paz y resignaci\u00f3n y me dijo varias veces, cuando le visitaba, que no le quedaba ninguna huella de sus temores pasados. Termin\u00f3 como hab\u00eda vivido, usando bien sus sufrimientos, practicando las virtudes, deseando honrar a Dios y consumir sus d\u00edas como Nuestro Se\u00f1or en el cumplimiento de su voluntad. Fue uno de los primeros que trabajaron en las misiones y contribuy\u00f3 siempre a la dem\u00e1s ocupaciones de la compa\u00f1\u00eda, a la que hizo notables servicios; de forma que habr\u00edamos perdido mucho en su persona si Dios no dispusiese todas las cosas para mayor bien y no nos hiciese encontrar nuestro beneficio donde creemos recibir alg\u00fan da\u00f1o. Hay motivos para esperar que este servidor suyo nos ser\u00e1 m\u00e1s \u00fatil en el cielo que lo hubiese sido en la tierra\u00bb<\/em> (SV VIII,248;257). Sabemos que San Vicente pronunci\u00f3 una conferencia sobre las virtudes del Padre Portail, el d\u00eda 20 de febrero de 1660. Lamentablemente, el texto no lleg\u00f3 hasta nosotros (cf. SV XII,484). Coste menciona tambi\u00e9n una carta de Vicente a una sobrina de Portail, religiosa Ursulina, en la cual \u00e9l comunica la muerte de su venerado compa\u00f1ero (cf. SV VIII,303). Para los que creen, el fin es un comienzo infinito que se llama eternidad: vida pacificada en la acogida maternal del \u00fanico amor capaz de llenar todos los vac\u00edos de la existencia y de conducirla a la plenitud tan so\u00f1ada.<\/p>\n","protected":false},"excerpt":{"rendered":"<p>6. Renacimiento para la Vida La salud del Padre Portail oscilaba bastante (cf. SV I,526; V,588; VI,191). Todav\u00eda en 1640, San Vicente da noticias de un problema que le afectaba a la vista (cf. SV &#8230; <a href=\"http:\/\/vincentians.com\/es\/obrero-de-la-primera-hora-padre-portail-en-mosaico-vi\/\" class=\"more-link\">Read More<\/a><\/p>\n","protected":false},"author":4,"featured_media":399998,"comment_status":"open","ping_status":"open","sticky":false,"template":"","format":"standard","meta":{"jetpack_post_was_ever_published":false,"_jetpack_newsletter_access":"","_jetpack_dont_email_post_to_subs":false,"_jetpack_newsletter_tier_id":0,"_jetpack_memberships_contains_paywalled_content":false,"_jetpack_memberships_contains_paid_content":false,"footnotes":"","jetpack_publicize_message":"","jetpack_publicize_feature_enabled":true,"jetpack_social_post_already_shared":true,"jetpack_social_options":{"image_generator_settings":{"template":"highway","default_image_id":0,"font":"","enabled":false},"version":2}},"categories":[17],"tags":[127],"class_list":["post-115917","post","type-post","status-publish","format-standard","has-post-thumbnail","hentry","category-en-tiempos-de-vicente-de-paul","tag-portail"],"yoast_head":"<!-- This site is optimized with the Yoast SEO plugin v26.3 - https:\/\/yoast.com\/wordpress\/plugins\/seo\/ -->\n<title>Obrero de la primera hora: Padre Portail en mosaico (VI) - Somos Vicencianos<\/title>\n<meta name=\"robots\" content=\"index, follow, max-snippet:-1, max-image-preview:large, max-video-preview:-1\" \/>\n<link rel=\"canonical\" href=\"http:\/\/vincentians.com\/es\/obrero-de-la-primera-hora-padre-portail-en-mosaico-vi\/\" \/>\n<meta property=\"og:locale\" content=\"es_ES\" \/>\n<meta property=\"og:type\" content=\"article\" \/>\n<meta property=\"og:title\" content=\"Obrero de la primera hora: Padre Portail en mosaico (VI) - Somos Vicencianos\" \/>\n<meta property=\"og:description\" content=\"6. Renacimiento para la Vida La salud del Padre Portail oscilaba bastante (cf. SV I,526; V,588; VI,191). Todav\u00eda en 1640, San Vicente da noticias de un problema que le afectaba a la vista (cf. SV ... Read More\" \/>\n<meta property=\"og:url\" content=\"http:\/\/vincentians.com\/es\/obrero-de-la-primera-hora-padre-portail-en-mosaico-vi\/\" \/>\n<meta property=\"og:site_name\" content=\"Somos Vicencianos\" \/>\n<meta property=\"article:publisher\" content=\"https:\/\/www.facebook.com\/WeAreVincentians\/\" \/>\n<meta property=\"article:author\" content=\"https:\/\/www.facebook.com\/JavierChento\" \/>\n<meta property=\"article:published_time\" content=\"2021-05-28T06:30:00+00:00\" \/>\n<meta property=\"og:image\" content=\"https:\/\/i0.wp.com\/vincentians.com\/es\/wp-content\/uploads\/sites\/11\/2016\/09\/enviados-evangelizar-pobres.jpg?fit=1200%2C630\" \/>\n\t<meta property=\"og:image:width\" content=\"1200\" \/>\n\t<meta property=\"og:image:height\" content=\"630\" \/>\n\t<meta property=\"og:image:type\" content=\"image\/jpeg\" \/>\n<meta name=\"author\" content=\"Francisco Javier Fern\u00e1ndez Chento\" \/>\n<meta name=\"twitter:card\" content=\"summary_large_image\" \/>\n<meta name=\"twitter:creator\" content=\"@https:\/\/twitter.com\/javierchento\" \/>\n<meta name=\"twitter:site\" content=\"@WeVincentians\" \/>\n<meta name=\"twitter:label1\" content=\"Escrito por\" \/>\n\t<meta name=\"twitter:data1\" content=\"Francisco Javier Fern\u00e1ndez Chento\" \/>\n\t<meta name=\"twitter:label2\" content=\"Tiempo de lectura\" \/>\n\t<meta name=\"twitter:data2\" content=\"4 minutos\" \/>\n<script type=\"application\/ld+json\" class=\"yoast-schema-graph\">{\"@context\":\"https:\/\/schema.org\",\"@graph\":[{\"@type\":\"Article\",\"@id\":\"http:\/\/vincentians.com\/es\/obrero-de-la-primera-hora-padre-portail-en-mosaico-vi\/#article\",\"isPartOf\":{\"@id\":\"http:\/\/vincentians.com\/es\/obrero-de-la-primera-hora-padre-portail-en-mosaico-vi\/\"},\"author\":{\"name\":\"Francisco Javier Fern\u00e1ndez Chento\",\"@id\":\"http:\/\/vincentians.com\/es\/#\/schema\/person\/9623ef4d9aa3b2dfb8c061f1499288f2\"},\"headline\":\"Obrero de la primera hora: Padre Portail en mosaico (VI)\",\"datePublished\":\"2021-05-28T06:30:00+00:00\",\"mainEntityOfPage\":{\"@id\":\"http:\/\/vincentians.com\/es\/obrero-de-la-primera-hora-padre-portail-en-mosaico-vi\/\"},\"wordCount\":714,\"commentCount\":1,\"publisher\":{\"@id\":\"http:\/\/vincentians.com\/es\/#organization\"},\"image\":{\"@id\":\"http:\/\/vincentians.com\/es\/obrero-de-la-primera-hora-padre-portail-en-mosaico-vi\/#primaryimage\"},\"thumbnailUrl\":\"https:\/\/i0.wp.com\/vincentians.com\/es\/wp-content\/uploads\/sites\/11\/2016\/09\/enviados-evangelizar-pobres.jpg?fit=1200%2C630\",\"keywords\":[\"Portail\"],\"articleSection\":[\"En tiempos de Vicente de Pa\u00fal\"],\"inLanguage\":\"es\",\"potentialAction\":[{\"@type\":\"CommentAction\",\"name\":\"Comment\",\"target\":[\"http:\/\/vincentians.com\/es\/obrero-de-la-primera-hora-padre-portail-en-mosaico-vi\/#respond\"]}]},{\"@type\":\"WebPage\",\"@id\":\"http:\/\/vincentians.com\/es\/obrero-de-la-primera-hora-padre-portail-en-mosaico-vi\/\",\"url\":\"http:\/\/vincentians.com\/es\/obrero-de-la-primera-hora-padre-portail-en-mosaico-vi\/\",\"name\":\"Obrero de la primera hora: Padre Portail en mosaico (VI) - Somos Vicencianos\",\"isPartOf\":{\"@id\":\"http:\/\/vincentians.com\/es\/#website\"},\"primaryImageOfPage\":{\"@id\":\"http:\/\/vincentians.com\/es\/obrero-de-la-primera-hora-padre-portail-en-mosaico-vi\/#primaryimage\"},\"image\":{\"@id\":\"http:\/\/vincentians.com\/es\/obrero-de-la-primera-hora-padre-portail-en-mosaico-vi\/#primaryimage\"},\"thumbnailUrl\":\"https:\/\/i0.wp.com\/vincentians.com\/es\/wp-content\/uploads\/sites\/11\/2016\/09\/enviados-evangelizar-pobres.jpg?fit=1200%2C630\",\"datePublished\":\"2021-05-28T06:30:00+00:00\",\"breadcrumb\":{\"@id\":\"http:\/\/vincentians.com\/es\/obrero-de-la-primera-hora-padre-portail-en-mosaico-vi\/#breadcrumb\"},\"inLanguage\":\"es\",\"potentialAction\":[{\"@type\":\"ReadAction\",\"target\":[\"http:\/\/vincentians.com\/es\/obrero-de-la-primera-hora-padre-portail-en-mosaico-vi\/\"]}]},{\"@type\":\"ImageObject\",\"inLanguage\":\"es\",\"@id\":\"http:\/\/vincentians.com\/es\/obrero-de-la-primera-hora-padre-portail-en-mosaico-vi\/#primaryimage\",\"url\":\"https:\/\/i0.wp.com\/vincentians.com\/es\/wp-content\/uploads\/sites\/11\/2016\/09\/enviados-evangelizar-pobres.jpg?fit=1200%2C630\",\"contentUrl\":\"https:\/\/i0.wp.com\/vincentians.com\/es\/wp-content\/uploads\/sites\/11\/2016\/09\/enviados-evangelizar-pobres.jpg?fit=1200%2C630\",\"width\":1200,\"height\":630},{\"@type\":\"BreadcrumbList\",\"@id\":\"http:\/\/vincentians.com\/es\/obrero-de-la-primera-hora-padre-portail-en-mosaico-vi\/#breadcrumb\",\"itemListElement\":[{\"@type\":\"ListItem\",\"position\":1,\"name\":\"Portada\",\"item\":\"http:\/\/vincentians.com\/es\/\"},{\"@type\":\"ListItem\",\"position\":2,\"name\":\"Obrero de la primera hora: Padre Portail en mosaico (VI)\"}]},{\"@type\":\"WebSite\",\"@id\":\"http:\/\/vincentians.com\/es\/#website\",\"url\":\"http:\/\/vincentians.com\/es\/\",\"name\":\"Somos Vicencianos\",\"description\":\"Know more to serve more\",\"publisher\":{\"@id\":\"http:\/\/vincentians.com\/es\/#organization\"},\"potentialAction\":[{\"@type\":\"SearchAction\",\"target\":{\"@type\":\"EntryPoint\",\"urlTemplate\":\"http:\/\/vincentians.com\/es\/?s={search_term_string}\"},\"query-input\":{\"@type\":\"PropertyValueSpecification\",\"valueRequired\":true,\"valueName\":\"search_term_string\"}}],\"inLanguage\":\"es\"},{\"@type\":\"Organization\",\"@id\":\"http:\/\/vincentians.com\/es\/#organization\",\"name\":\"The Vincentian Network\",\"url\":\"http:\/\/vincentians.com\/es\/\",\"logo\":{\"@type\":\"ImageObject\",\"inLanguage\":\"es\",\"@id\":\"http:\/\/vincentians.com\/es\/#\/schema\/logo\/image\/\",\"url\":\"https:\/\/i1.wp.com\/vincentians.com\/es\/wp-content\/uploads\/sites\/11\/2016\/06\/Vincentian-Network-logo-big.png?fit=778%2C778\",\"contentUrl\":\"https:\/\/i1.wp.com\/vincentians.com\/es\/wp-content\/uploads\/sites\/11\/2016\/06\/Vincentian-Network-logo-big.png?fit=778%2C778\",\"width\":778,\"height\":778,\"caption\":\"The Vincentian Network\"},\"image\":{\"@id\":\"http:\/\/vincentians.com\/es\/#\/schema\/logo\/image\/\"},\"sameAs\":[\"https:\/\/www.facebook.com\/WeAreVincentians\/\",\"https:\/\/x.com\/WeVincentians\"]},{\"@type\":\"Person\",\"@id\":\"http:\/\/vincentians.com\/es\/#\/schema\/person\/9623ef4d9aa3b2dfb8c061f1499288f2\",\"name\":\"Francisco Javier Fern\u00e1ndez Chento\",\"image\":{\"@type\":\"ImageObject\",\"inLanguage\":\"es\",\"@id\":\"http:\/\/vincentians.com\/es\/#\/schema\/person\/image\/\",\"url\":\"https:\/\/secure.gravatar.com\/avatar\/497d5cde87b4c3d097d0315953521681ba2cd523ee66e5077c3711f7021e65de?s=96&d=mm&r=g\",\"contentUrl\":\"https:\/\/secure.gravatar.com\/avatar\/497d5cde87b4c3d097d0315953521681ba2cd523ee66e5077c3711f7021e65de?s=96&d=mm&r=g\",\"caption\":\"Francisco Javier Fern\u00e1ndez Chento\"},\"description\":\"Director General y cofundador de La Red de Formaci\u00f3n Vicenciana. Javier es laico vicenciano, afiliado a la Congregaci\u00f3n de la Misi\u00f3n y miembro del Equipo de Misiones Populares de la provincia can\u00f3nica de Zaragoza (Espa\u00f1a) de la Congregaci\u00f3n de la Misi\u00f3n. Graduado en la Universidad Oberta de Catalunya con cuatro grados (Asistente de direcci\u00f3n, Gesti\u00f3n Administrativa, Recursos Humanos y Contabilidad Avanzada). Bil\u00edng\u00fce Espa\u00f1ol\/Ingl\u00e9s. gestiona y mantiene varias p\u00e1ginas web cristianas y vicencianas, incluida including La Red de Formaci\u00f3n Vicenciana, de la que es cofundador. Actualmente es responsable del \u00e1rea de Espa\u00f1ol de .famvin, la Red de Noticias de la Familia Vicenciana. Tambi\u00e9n es m\u00fasico cat\u00f3lico y ha editado varios discos. Es Director General y cofundador de Trovador, una reconocida compa\u00f1\u00eda discogr\u00e1fica critiana de Espa\u00f1a. Trabaja en las Tecnolog\u00edas de la Informaci\u00f3n, ofreciendo servicios de alojamiento, dise\u00f1o y mantenimiento Web, as\u00ed como asesoramiento, formaci\u00f3n y soluciones inform\u00e1ticas, gesti\u00f3n documental y digitalizaci\u00f3n de textos, edici\u00f3n y maquetaci\u00f3n de libros, revistas, flyers, etc.\",\"sameAs\":[\"http:\/\/chento.org\",\"https:\/\/www.facebook.com\/JavierChento\",\"https:\/\/x.com\/https:\/\/twitter.com\/javierchento\"],\"url\":\"http:\/\/vincentians.com\/es\/author\/chento\/\"}]}<\/script>\n<!-- \/ Yoast SEO plugin. -->","yoast_head_json":{"title":"Obrero de la primera hora: Padre Portail en mosaico (VI) - Somos Vicencianos","robots":{"index":"index","follow":"follow","max-snippet":"max-snippet:-1","max-image-preview":"max-image-preview:large","max-video-preview":"max-video-preview:-1"},"canonical":"http:\/\/vincentians.com\/es\/obrero-de-la-primera-hora-padre-portail-en-mosaico-vi\/","og_locale":"es_ES","og_type":"article","og_title":"Obrero de la primera hora: Padre Portail en mosaico (VI) - Somos Vicencianos","og_description":"6. Renacimiento para la Vida La salud del Padre Portail oscilaba bastante (cf. SV I,526; V,588; VI,191). Todav\u00eda en 1640, San Vicente da noticias de un problema que le afectaba a la vista (cf. SV ... Read More","og_url":"http:\/\/vincentians.com\/es\/obrero-de-la-primera-hora-padre-portail-en-mosaico-vi\/","og_site_name":"Somos Vicencianos","article_publisher":"https:\/\/www.facebook.com\/WeAreVincentians\/","article_author":"https:\/\/www.facebook.com\/JavierChento","article_published_time":"2021-05-28T06:30:00+00:00","og_image":[{"width":1200,"height":630,"url":"https:\/\/i0.wp.com\/vincentians.com\/es\/wp-content\/uploads\/sites\/11\/2016\/09\/enviados-evangelizar-pobres.jpg?fit=1200%2C630","type":"image\/jpeg"}],"author":"Francisco Javier Fern\u00e1ndez Chento","twitter_card":"summary_large_image","twitter_creator":"@https:\/\/twitter.com\/javierchento","twitter_site":"@WeVincentians","twitter_misc":{"Escrito por":"Francisco Javier Fern\u00e1ndez Chento","Tiempo de lectura":"4 minutos"},"schema":{"@context":"https:\/\/schema.org","@graph":[{"@type":"Article","@id":"http:\/\/vincentians.com\/es\/obrero-de-la-primera-hora-padre-portail-en-mosaico-vi\/#article","isPartOf":{"@id":"http:\/\/vincentians.com\/es\/obrero-de-la-primera-hora-padre-portail-en-mosaico-vi\/"},"author":{"name":"Francisco Javier Fern\u00e1ndez Chento","@id":"http:\/\/vincentians.com\/es\/#\/schema\/person\/9623ef4d9aa3b2dfb8c061f1499288f2"},"headline":"Obrero de la primera hora: Padre Portail en mosaico (VI)","datePublished":"2021-05-28T06:30:00+00:00","mainEntityOfPage":{"@id":"http:\/\/vincentians.com\/es\/obrero-de-la-primera-hora-padre-portail-en-mosaico-vi\/"},"wordCount":714,"commentCount":1,"publisher":{"@id":"http:\/\/vincentians.com\/es\/#organization"},"image":{"@id":"http:\/\/vincentians.com\/es\/obrero-de-la-primera-hora-padre-portail-en-mosaico-vi\/#primaryimage"},"thumbnailUrl":"https:\/\/i0.wp.com\/vincentians.com\/es\/wp-content\/uploads\/sites\/11\/2016\/09\/enviados-evangelizar-pobres.jpg?fit=1200%2C630","keywords":["Portail"],"articleSection":["En tiempos de Vicente de Pa\u00fal"],"inLanguage":"es","potentialAction":[{"@type":"CommentAction","name":"Comment","target":["http:\/\/vincentians.com\/es\/obrero-de-la-primera-hora-padre-portail-en-mosaico-vi\/#respond"]}]},{"@type":"WebPage","@id":"http:\/\/vincentians.com\/es\/obrero-de-la-primera-hora-padre-portail-en-mosaico-vi\/","url":"http:\/\/vincentians.com\/es\/obrero-de-la-primera-hora-padre-portail-en-mosaico-vi\/","name":"Obrero de la primera hora: Padre Portail en mosaico (VI) - Somos Vicencianos","isPartOf":{"@id":"http:\/\/vincentians.com\/es\/#website"},"primaryImageOfPage":{"@id":"http:\/\/vincentians.com\/es\/obrero-de-la-primera-hora-padre-portail-en-mosaico-vi\/#primaryimage"},"image":{"@id":"http:\/\/vincentians.com\/es\/obrero-de-la-primera-hora-padre-portail-en-mosaico-vi\/#primaryimage"},"thumbnailUrl":"https:\/\/i0.wp.com\/vincentians.com\/es\/wp-content\/uploads\/sites\/11\/2016\/09\/enviados-evangelizar-pobres.jpg?fit=1200%2C630","datePublished":"2021-05-28T06:30:00+00:00","breadcrumb":{"@id":"http:\/\/vincentians.com\/es\/obrero-de-la-primera-hora-padre-portail-en-mosaico-vi\/#breadcrumb"},"inLanguage":"es","potentialAction":[{"@type":"ReadAction","target":["http:\/\/vincentians.com\/es\/obrero-de-la-primera-hora-padre-portail-en-mosaico-vi\/"]}]},{"@type":"ImageObject","inLanguage":"es","@id":"http:\/\/vincentians.com\/es\/obrero-de-la-primera-hora-padre-portail-en-mosaico-vi\/#primaryimage","url":"https:\/\/i0.wp.com\/vincentians.com\/es\/wp-content\/uploads\/sites\/11\/2016\/09\/enviados-evangelizar-pobres.jpg?fit=1200%2C630","contentUrl":"https:\/\/i0.wp.com\/vincentians.com\/es\/wp-content\/uploads\/sites\/11\/2016\/09\/enviados-evangelizar-pobres.jpg?fit=1200%2C630","width":1200,"height":630},{"@type":"BreadcrumbList","@id":"http:\/\/vincentians.com\/es\/obrero-de-la-primera-hora-padre-portail-en-mosaico-vi\/#breadcrumb","itemListElement":[{"@type":"ListItem","position":1,"name":"Portada","item":"http:\/\/vincentians.com\/es\/"},{"@type":"ListItem","position":2,"name":"Obrero de la primera hora: Padre Portail en mosaico (VI)"}]},{"@type":"WebSite","@id":"http:\/\/vincentians.com\/es\/#website","url":"http:\/\/vincentians.com\/es\/","name":"Somos Vicencianos","description":"Know more to serve more","publisher":{"@id":"http:\/\/vincentians.com\/es\/#organization"},"potentialAction":[{"@type":"SearchAction","target":{"@type":"EntryPoint","urlTemplate":"http:\/\/vincentians.com\/es\/?s={search_term_string}"},"query-input":{"@type":"PropertyValueSpecification","valueRequired":true,"valueName":"search_term_string"}}],"inLanguage":"es"},{"@type":"Organization","@id":"http:\/\/vincentians.com\/es\/#organization","name":"The Vincentian Network","url":"http:\/\/vincentians.com\/es\/","logo":{"@type":"ImageObject","inLanguage":"es","@id":"http:\/\/vincentians.com\/es\/#\/schema\/logo\/image\/","url":"https:\/\/i1.wp.com\/vincentians.com\/es\/wp-content\/uploads\/sites\/11\/2016\/06\/Vincentian-Network-logo-big.png?fit=778%2C778","contentUrl":"https:\/\/i1.wp.com\/vincentians.com\/es\/wp-content\/uploads\/sites\/11\/2016\/06\/Vincentian-Network-logo-big.png?fit=778%2C778","width":778,"height":778,"caption":"The Vincentian Network"},"image":{"@id":"http:\/\/vincentians.com\/es\/#\/schema\/logo\/image\/"},"sameAs":["https:\/\/www.facebook.com\/WeAreVincentians\/","https:\/\/x.com\/WeVincentians"]},{"@type":"Person","@id":"http:\/\/vincentians.com\/es\/#\/schema\/person\/9623ef4d9aa3b2dfb8c061f1499288f2","name":"Francisco Javier Fern\u00e1ndez Chento","image":{"@type":"ImageObject","inLanguage":"es","@id":"http:\/\/vincentians.com\/es\/#\/schema\/person\/image\/","url":"https:\/\/secure.gravatar.com\/avatar\/497d5cde87b4c3d097d0315953521681ba2cd523ee66e5077c3711f7021e65de?s=96&d=mm&r=g","contentUrl":"https:\/\/secure.gravatar.com\/avatar\/497d5cde87b4c3d097d0315953521681ba2cd523ee66e5077c3711f7021e65de?s=96&d=mm&r=g","caption":"Francisco Javier Fern\u00e1ndez Chento"},"description":"Director General y cofundador de La Red de Formaci\u00f3n Vicenciana. Javier es laico vicenciano, afiliado a la Congregaci\u00f3n de la Misi\u00f3n y miembro del Equipo de Misiones Populares de la provincia can\u00f3nica de Zaragoza (Espa\u00f1a) de la Congregaci\u00f3n de la Misi\u00f3n. Graduado en la Universidad Oberta de Catalunya con cuatro grados (Asistente de direcci\u00f3n, Gesti\u00f3n Administrativa, Recursos Humanos y Contabilidad Avanzada). Bil\u00edng\u00fce Espa\u00f1ol\/Ingl\u00e9s. gestiona y mantiene varias p\u00e1ginas web cristianas y vicencianas, incluida including La Red de Formaci\u00f3n Vicenciana, de la que es cofundador. Actualmente es responsable del \u00e1rea de Espa\u00f1ol de .famvin, la Red de Noticias de la Familia Vicenciana. Tambi\u00e9n es m\u00fasico cat\u00f3lico y ha editado varios discos. Es Director General y cofundador de Trovador, una reconocida compa\u00f1\u00eda discogr\u00e1fica critiana de Espa\u00f1a. Trabaja en las Tecnolog\u00edas de la Informaci\u00f3n, ofreciendo servicios de alojamiento, dise\u00f1o y mantenimiento Web, as\u00ed como asesoramiento, formaci\u00f3n y soluciones inform\u00e1ticas, gesti\u00f3n documental y digitalizaci\u00f3n de textos, edici\u00f3n y maquetaci\u00f3n de libros, revistas, flyers, etc.","sameAs":["http:\/\/chento.org","https:\/\/www.facebook.com\/JavierChento","https:\/\/x.com\/https:\/\/twitter.com\/javierchento"],"url":"http:\/\/vincentians.com\/es\/author\/chento\/"}]}},"jetpack_publicize_connections":[],"jetpack_featured_media_url":"https:\/\/i0.wp.com\/vincentians.com\/es\/wp-content\/uploads\/sites\/11\/2016\/09\/enviados-evangelizar-pobres.jpg?fit=1200%2C630","jetpack_sharing_enabled":true,"jetpack_shortlink":"https:\/\/wp.me\/p7ETMF-u9D","jetpack-related-posts":[{"id":115903,"url":"http:\/\/vincentians.com\/es\/obrero-de-la-primera-hora-padre-portail-en-mosaico-ii\/","url_meta":{"origin":115917,"position":0},"title":"Obrero de la primera hora: Padre Portail en mosaico (II)","author":"Francisco Javier Fern\u00e1ndez Chento","date":"20\/05\/2021","format":false,"excerpt":"2. En los or\u00edgenes de la Misi\u00f3n En el d\u00eda 4 de septiembre de 1626, juntamente con Vicente de Pa\u00fal, Francisco du Coudray y Jean de la Salle, los dos \u00faltimos del clero de Amiens, Portail firma el Acta de Asociaci\u00f3n, certificado de nacimiento de la Congregaci\u00f3n da Misi\u00f3n (cf.\u2026","rel":"","context":"En \u00abEn tiempos de Vicente de Pa\u00fal\u00bb","block_context":{"text":"En tiempos de Vicente de Pa\u00fal","link":"http:\/\/vincentians.com\/es\/category\/historia-de-la-familia-vicenciana\/en-tiempos-de-vicente-de-paul\/"},"img":{"alt_text":"","src":"https:\/\/i0.wp.com\/vincentians.com\/es\/wp-content\/uploads\/sites\/11\/2016\/09\/enviados-evangelizar-pobres.jpg?fit=1200%2C630&resize=350%2C200","width":350,"height":200,"srcset":"https:\/\/i0.wp.com\/vincentians.com\/es\/wp-content\/uploads\/sites\/11\/2016\/09\/enviados-evangelizar-pobres.jpg?fit=1200%2C630&resize=350%2C200 1x, https:\/\/i0.wp.com\/vincentians.com\/es\/wp-content\/uploads\/sites\/11\/2016\/09\/enviados-evangelizar-pobres.jpg?fit=1200%2C630&resize=525%2C300 1.5x, https:\/\/i0.wp.com\/vincentians.com\/es\/wp-content\/uploads\/sites\/11\/2016\/09\/enviados-evangelizar-pobres.jpg?fit=1200%2C630&resize=700%2C400 2x, https:\/\/i0.wp.com\/vincentians.com\/es\/wp-content\/uploads\/sites\/11\/2016\/09\/enviados-evangelizar-pobres.jpg?fit=1200%2C630&resize=1050%2C600 3x"},"classes":[]},{"id":115913,"url":"http:\/\/vincentians.com\/es\/obrero-de-la-primera-hora-padre-portail-en-mosaico-iii\/","url_meta":{"origin":115917,"position":1},"title":"Obrero de la primera hora: Padre Portail en mosaico (III)","author":"Francisco Javier Fern\u00e1ndez Chento","date":"22\/05\/2021","format":false,"excerpt":"3. Primer Director de las Hijas de la Caridad Despu\u00e9s de 1640, el Padre Portail se convierte en el primer Director de las Hijas da Caridad (cf. SV IX,507), oficio que ocupar\u00e1 hasta el fin de sus d\u00edas, concili\u00e1ndolo con la acci\u00f3n misionera al lado de los pobres y con\u2026","rel":"","context":"En \u00abEn tiempos de Vicente de Pa\u00fal\u00bb","block_context":{"text":"En tiempos de Vicente de Pa\u00fal","link":"http:\/\/vincentians.com\/es\/category\/historia-de-la-familia-vicenciana\/en-tiempos-de-vicente-de-paul\/"},"img":{"alt_text":"","src":"https:\/\/i0.wp.com\/vincentians.com\/es\/wp-content\/uploads\/sites\/11\/2016\/09\/enviados-evangelizar-pobres.jpg?fit=1200%2C630&resize=350%2C200","width":350,"height":200,"srcset":"https:\/\/i0.wp.com\/vincentians.com\/es\/wp-content\/uploads\/sites\/11\/2016\/09\/enviados-evangelizar-pobres.jpg?fit=1200%2C630&resize=350%2C200 1x, https:\/\/i0.wp.com\/vincentians.com\/es\/wp-content\/uploads\/sites\/11\/2016\/09\/enviados-evangelizar-pobres.jpg?fit=1200%2C630&resize=525%2C300 1.5x, https:\/\/i0.wp.com\/vincentians.com\/es\/wp-content\/uploads\/sites\/11\/2016\/09\/enviados-evangelizar-pobres.jpg?fit=1200%2C630&resize=700%2C400 2x, https:\/\/i0.wp.com\/vincentians.com\/es\/wp-content\/uploads\/sites\/11\/2016\/09\/enviados-evangelizar-pobres.jpg?fit=1200%2C630&resize=1050%2C600 3x"},"classes":[]},{"id":115915,"url":"http:\/\/vincentians.com\/es\/obrero-de-la-primera-hora-padre-portail-en-mosaico-iv\/","url_meta":{"origin":115917,"position":2},"title":"Obrero de la primera hora: Padre Portail en mosaico (IV)","author":"Francisco Javier Fern\u00e1ndez Chento","date":"24\/05\/2021","format":false,"excerpt":"4. Definici\u00f3n del perfil institucional de la Misi\u00f3n La Asamblea General de 1642 se hizo c\u00e9lebre. La Congregaci\u00f3n, 17 a\u00f1os despu\u00e9s de su fundaci\u00f3n, contaba con 10 Casas y estaba a punto de iniciarse el proceso de organizaci\u00f3n de sus primeras Provincias. En esa Asamblea, el Padre Vicente present\u00f3, por\u2026","rel":"","context":"En \u00abEn tiempos de Vicente de Pa\u00fal\u00bb","block_context":{"text":"En tiempos de Vicente de Pa\u00fal","link":"http:\/\/vincentians.com\/es\/category\/historia-de-la-familia-vicenciana\/en-tiempos-de-vicente-de-paul\/"},"img":{"alt_text":"","src":"https:\/\/i0.wp.com\/vincentians.com\/es\/wp-content\/uploads\/sites\/11\/2016\/09\/enviados-evangelizar-pobres.jpg?fit=1200%2C630&resize=350%2C200","width":350,"height":200,"srcset":"https:\/\/i0.wp.com\/vincentians.com\/es\/wp-content\/uploads\/sites\/11\/2016\/09\/enviados-evangelizar-pobres.jpg?fit=1200%2C630&resize=350%2C200 1x, https:\/\/i0.wp.com\/vincentians.com\/es\/wp-content\/uploads\/sites\/11\/2016\/09\/enviados-evangelizar-pobres.jpg?fit=1200%2C630&resize=525%2C300 1.5x, https:\/\/i0.wp.com\/vincentians.com\/es\/wp-content\/uploads\/sites\/11\/2016\/09\/enviados-evangelizar-pobres.jpg?fit=1200%2C630&resize=700%2C400 2x, https:\/\/i0.wp.com\/vincentians.com\/es\/wp-content\/uploads\/sites\/11\/2016\/09\/enviados-evangelizar-pobres.jpg?fit=1200%2C630&resize=1050%2C600 3x"},"classes":[]},{"id":115916,"url":"http:\/\/vincentians.com\/es\/obrero-de-la-primera-hora-padre-portail-en-mosaico-v\/","url_meta":{"origin":115917,"position":3},"title":"Obrero de la primera hora: Padre Portail en mosaico (V)","author":"Francisco Javier Fern\u00e1ndez Chento","date":"26\/05\/2021","format":false,"excerpt":"5. Como amigos que se quieren bien La timidez caracter\u00edstica del perfil sicol\u00f3gico de Portail se hizo conocida de todos. Inicialmente, aunque ya estuviese al servicio de los pobres en las misiones, le costaba mucho presentarse delante de asambleas m\u00e1s numerosas. Mientras tanto, los desaf\u00edos de la misi\u00f3n lo convocar\u00edan\u2026","rel":"","context":"En \u00abEn tiempos de Vicente de Pa\u00fal\u00bb","block_context":{"text":"En tiempos de Vicente de Pa\u00fal","link":"http:\/\/vincentians.com\/es\/category\/historia-de-la-familia-vicenciana\/en-tiempos-de-vicente-de-paul\/"},"img":{"alt_text":"","src":"https:\/\/i0.wp.com\/vincentians.com\/es\/wp-content\/uploads\/sites\/11\/2016\/09\/enviados-evangelizar-pobres.jpg?fit=1200%2C630&resize=350%2C200","width":350,"height":200,"srcset":"https:\/\/i0.wp.com\/vincentians.com\/es\/wp-content\/uploads\/sites\/11\/2016\/09\/enviados-evangelizar-pobres.jpg?fit=1200%2C630&resize=350%2C200 1x, https:\/\/i0.wp.com\/vincentians.com\/es\/wp-content\/uploads\/sites\/11\/2016\/09\/enviados-evangelizar-pobres.jpg?fit=1200%2C630&resize=525%2C300 1.5x, https:\/\/i0.wp.com\/vincentians.com\/es\/wp-content\/uploads\/sites\/11\/2016\/09\/enviados-evangelizar-pobres.jpg?fit=1200%2C630&resize=700%2C400 2x, https:\/\/i0.wp.com\/vincentians.com\/es\/wp-content\/uploads\/sites\/11\/2016\/09\/enviados-evangelizar-pobres.jpg?fit=1200%2C630&resize=1050%2C600 3x"},"classes":[]},{"id":24212,"url":"http:\/\/vincentians.com\/es\/obrero-de-la-primera-hora-padre-portail-en-mosaico-i\/","url_meta":{"origin":115917,"position":4},"title":"Obrero de la primera hora: Padre Portail en mosaico (I)","author":"Francisco Javier Fern\u00e1ndez Chento","date":"18\/05\/2021","format":false,"excerpt":"Al convocar el A\u00f1o Jubilar de la Familia Vicenciana, a trav\u00e9s de la circular de 13 de mayo de 2009, el Superior General quiso recordar: \"Adem\u00e1s de celebrar la muerte y la resurrecci\u00f3n de San Vicente y Santa Luisa, celebraremos tambi\u00e9n la muerte y resurrecci\u00f3n de un compa\u00f1ero muy pr\u00f3ximo,\u2026","rel":"","context":"En \u00abEn tiempos de Vicente de Pa\u00fal\u00bb","block_context":{"text":"En tiempos de Vicente de Pa\u00fal","link":"http:\/\/vincentians.com\/es\/category\/historia-de-la-familia-vicenciana\/en-tiempos-de-vicente-de-paul\/"},"img":{"alt_text":"","src":"https:\/\/i0.wp.com\/vincentians.com\/es\/wp-content\/uploads\/sites\/11\/2016\/09\/enviados-evangelizar-pobres.jpg?fit=1200%2C630&resize=350%2C200","width":350,"height":200,"srcset":"https:\/\/i0.wp.com\/vincentians.com\/es\/wp-content\/uploads\/sites\/11\/2016\/09\/enviados-evangelizar-pobres.jpg?fit=1200%2C630&resize=350%2C200 1x, https:\/\/i0.wp.com\/vincentians.com\/es\/wp-content\/uploads\/sites\/11\/2016\/09\/enviados-evangelizar-pobres.jpg?fit=1200%2C630&resize=525%2C300 1.5x, https:\/\/i0.wp.com\/vincentians.com\/es\/wp-content\/uploads\/sites\/11\/2016\/09\/enviados-evangelizar-pobres.jpg?fit=1200%2C630&resize=700%2C400 2x, https:\/\/i0.wp.com\/vincentians.com\/es\/wp-content\/uploads\/sites\/11\/2016\/09\/enviados-evangelizar-pobres.jpg?fit=1200%2C630&resize=1050%2C600 3x"},"classes":[]},{"id":119413,"url":"http:\/\/vincentians.com\/es\/san-vicente-de-paul-fundador\/","url_meta":{"origin":115917,"position":5},"title":"San Vicente de Pa\u00fal, fundador","author":"Francisco Javier Fern\u00e1ndez Chento","date":"06\/04\/2013","format":false,"excerpt":"La Comunidad de las Hijas de la Caridad y su estilo emi\u00adnentemente apost\u00f3lico, no han sido creaciones espont\u00e1neas, que podr\u00edan estudiarse y profundizar independientemente de todo con\u00adtexto. Antes de ser una Instituci\u00f3n, fue una etapa en el recorrido de Vicente de Pa\u00fal. Pero, para hacernos una idea justa de la\u2026","rel":"","context":"En \u00abFormaci\u00f3n Vicenciana\u00bb","block_context":{"text":"Formaci\u00f3n Vicenciana","link":"http:\/\/vincentians.com\/es\/category\/formacion-vicenciana\/"},"img":{"alt_text":"","src":"https:\/\/i0.wp.com\/vicencianos.org\/wp-content\/2012\/07\/saint-vincent-de-paul-111-197x300.jpg?resize=350%2C200","width":350,"height":200},"classes":[]}],"_links":{"self":[{"href":"http:\/\/vincentians.com\/es\/wp-json\/wp\/v2\/posts\/115917","targetHints":{"allow":["GET"]}}],"collection":[{"href":"http:\/\/vincentians.com\/es\/wp-json\/wp\/v2\/posts"}],"about":[{"href":"http:\/\/vincentians.com\/es\/wp-json\/wp\/v2\/types\/post"}],"author":[{"embeddable":true,"href":"http:\/\/vincentians.com\/es\/wp-json\/wp\/v2\/users\/4"}],"replies":[{"embeddable":true,"href":"http:\/\/vincentians.com\/es\/wp-json\/wp\/v2\/comments?post=115917"}],"version-history":[{"count":2,"href":"http:\/\/vincentians.com\/es\/wp-json\/wp\/v2\/posts\/115917\/revisions"}],"predecessor-version":[{"id":403493,"href":"http:\/\/vincentians.com\/es\/wp-json\/wp\/v2\/posts\/115917\/revisions\/403493"}],"wp:featuredmedia":[{"embeddable":true,"href":"http:\/\/vincentians.com\/es\/wp-json\/wp\/v2\/media\/399998"}],"wp:attachment":[{"href":"http:\/\/vincentians.com\/es\/wp-json\/wp\/v2\/media?parent=115917"}],"wp:term":[{"taxonomy":"category","embeddable":true,"href":"http:\/\/vincentians.com\/es\/wp-json\/wp\/v2\/categories?post=115917"},{"taxonomy":"post_tag","embeddable":true,"href":"http:\/\/vincentians.com\/es\/wp-json\/wp\/v2\/tags?post=115917"}],"curies":[{"name":"wp","href":"https:\/\/api.w.org\/{rel}","templated":true}]}}