{"id":115065,"date":"2019-02-23T08:06:37","date_gmt":"2019-02-23T07:06:37","guid":{"rendered":"http:\/\/somos.vicencianos.org\/?p=115065"},"modified":"2019-01-27T13:37:09","modified_gmt":"2019-01-27T12:37:09","slug":"casas-de-las-hijas-de-la-caridad-en-paris-en-tiempos-de-san-vicente-iv","status":"publish","type":"post","link":"http:\/\/vincentians.com\/es\/casas-de-las-hijas-de-la-caridad-en-paris-en-tiempos-de-san-vicente-iv\/","title":{"rendered":"Casas de las Hijas de la Caridad en Par\u00eds en tiempos de San Vicente (IV)"},"content":{"rendered":"<h2><strong>Casas-Madre de las Hijas de la Caridad 1633-&#8230;<\/strong><\/h2>\n<h3>1) Primera, en Monge, N221 (antes Versailles) (A\u00d1OS 1633-1636) (II,135).<\/h3>\n<p>Fue el \u00faltimo de los varios inmuebles del barrio de San V\u00edctor en los que vivi\u00f3 Luisa de Marillac de 1626 a 1636. Este casa de la calle Versailles la ocup\u00f3 durante los a\u00f1os 1632-1636 y estaba frente a otra que ten\u00eda una ense\u00f1a de la Espada Real.<\/p>\n<p>Esta calle era ya conocida en el siglo XI y desde 1270 se llam\u00f3 de Versailles porque en ella vivi\u00f3 Pedro de Versailles.<\/p>\n<p>En esta casa, junto con Luisa de Marillac, se reunieron las tres o cuatro primeras Hijas de la Caridad el 29 de noviembre de 1633, para formar la Primera Comunidad. Esta calle con sus viviendas se suprimi\u00f3 entre los a\u00f1os 1859 y 1864&#8242; al abrirse la calle amplia y trasversal, dedicada al ge\u00f3metra Gaspar Monge.<\/p>\n<p>La antigua casa de Luisa estaba edificada hacia el n\u00famero 21 de la actual calle Monge.<\/p>\n<h3>2) Segunda, en Marx-Dormoy, N22 (a.La Chapelle) (A\u00d1OS 1636-1641) (II, 109)<\/h3>\n<p>Al entrar al pueblo de La Chapelle, saliendo por el arrabal de San Dionisio, en la actual calle Marx-Dormoy, n. 22, tuvieron las Hijas de la Caridad la segunda Casa Madre, desde 1636 hasta 1641.<\/p>\n<h3>3) Tercera, en Fauburg Saint-Denis, No 112 (A\u00d1OS 1641-1793) (II, 502)<\/h3>\n<p>Luisa de Marillac, con sus Hijas, se traslad\u00f3, el 9 de mayo de 1641, desde el pueblo de la Chapelle, a dos casas del arrabal de San Dionisio, alquiladas por las Damas de la Caridad. Estas casas estaban frente a San L\u00e1zaro y San Vicente las compr\u00f3 el 6 de septiembre de 1641 para vend\u00e9rselas el 1 de abril de 1653 a las mismas Hijas de la Caridad. Ya en 1641 San Vicente se hab\u00eda gastado 5.000 libras para acondicionarlas y en 1642 tuvo que reconstruir un piso que se le desplom\u00f3, pero fueron entre los a\u00f1os 1656 al 1658 cuando se hizo una profunda remodelaci\u00f3n que termin\u00f3 el 19 de Agosto de 1659, cuando la Ciudad les conced\u00eda una conducci\u00f3n de agua para la casa y que fue una realidad a finales de ese mismo aso, despu\u00e9s de hacer un gran dep\u00f3sito.<\/p>\n<p>Aqu\u00ed muri\u00f3 Santa Luisa y, enterrada en la capilla de la Visitaci\u00f3n de San Lorenzo el 17 de marzo de 1660, volvieron sus restos a esta casa en la tarde del 24 de noviembre de 1755.<\/p>\n<p>En la Revoluci\u00f3n el 6 de abril de 1792 una ley suprim\u00eda todas las Congregaciones religiosas y sus bienes pasaban a propiedad de la Naci\u00f3n. Aunque las Hijas de la Caridad no eran mencionadas en la Ley, el 23 de agosto recibieron una orden de abandonar la casa en tres d\u00edas y tuvieron que salir.<\/p>\n<p>El 1 de octubre la casa se convirti\u00f3 en cuartel. En 1797 la finca fue vendida al Sr. Lebrun bajo la condici\u00f3n de abrir una calle (la Fidelidad). En septiembre estaba todo dispuesto para derribar el edificio. Al enterarse algunas hermanas que trabajaban en aquella zona, el 25 de Septiembre de 1797 consiguieron comprarle, al Sr. Lebrun, el doble ata\u00fad de plomo y madera con los restos de su Fundadora.<\/p>\n<p>La antigua casa y huerta est\u00e1 hoy ocupada por le cuadril\u00e1tero formado por las calles Faubourg-Saint-Denis, Jarry, Magenta y Strasbourg. No existe ning\u00fan edificio de los primitivos y la fachada principal de los antiguos estar\u00eda actualmente entre los n\u00fameros 94 a 114 de la calle de Faubourg-Saint-Denis a la altura del boulevard Magenta.<\/p>\n<h3>4) Cuarta, en Champollion, N245 (a.Magons-Sorbonne) (1797 1801).<\/h3>\n<p>Sor Deleau, Superiora General, despu\u00e9s que fue expulsada a finales de agosto de 1793 de la casa del barrio de San Denis, permaneci\u00f3 escondida en Par\u00eds, pero en noviembre tuvo que retirarse a Bray (Somme).<\/p>\n<p>En 1797 volvi\u00f3 a Par\u00eds y se estableci\u00f3 en el n245 de la calle Magons-Sorbonne, actualmente calle Champollion.<\/p>\n<p>El 25 de Septiembre de 1797 compraba por 60 libras, al Sr. Lebrun, el f\u00e9retro con los restos de Santa Luisa y los ocultaba en una cueva de la casa n2 9 del Faubourg de Saint-Martin, hasta el 11 de octubre, que en la presencia del Vicario Sr. Emery abrieron el f\u00e9retro y pusieron los restos en una caja mas peque\u00f1a y la trajeron a esta casa nueva, donde ya hab\u00edan empezado a venir algunas Hermanas.<\/p>\n<p>El 12 de Diciembre de 1800 Sor Deleau consegu\u00eda de Napole\u00f3n autorizaci\u00f3n para formar alumnas que sirvieran en los Hospitales. Este permiso le permiti\u00f3 abrir oficialmente esta casa, donde reuni\u00f3 a las hermanas y comenz\u00f3 a recibir nuevas postulantes. Aqu\u00ed permanecieron hasta 1801 que se les dio una casa m\u00e1s amplia en el n2 11 de la calle Vieux-Colombier<\/p>\n<h3>5) Quinta, en la calle Vieux-Colombier, N211 (A\u00d1OS 1801-1815)<\/h3>\n<p>La parroquia de San Sulpicio ten\u00eda desde 1680 en el n2 11 de la calle Vieux\u00adColombier un establecimiento para las hu\u00e9rfanas de la Parroquia, llamado Orfelinato de la Madre de Dios. Este edificio fue cerrado por la Revoluci\u00f3n y la Administraci\u00f3n napole\u00f3nica se lo asign\u00f3 a Sor Deleau para que pudiera desarrollar la escuela de enfermeras que Napole\u00f3n le hab\u00eda permitido abrir por decreto del 12 de diciembre de 1800.<\/p>\n<p>El 21 de Enero de 1801 llegaban las Hermanas a esta nueva Casa Madre. Aqu\u00ed vino a vivir el Vicario de la C. M., Padre Placiard, (muerto el 16 de Sptiembre de 1807) y en su presencia se abri\u00f3 el 4 de mayo de 1804 la caja que conten\u00eda los restos de Santa Luisa.<\/p>\n<p>El 23 de diciembre de 1804, por la tarde, el Papa P\u00edo VII visit\u00f3 a las Hermanas en esta casa y les dio la bendici\u00f3n.<\/p>\n<p>El 25 de marzo de 1805 el Cardenal Fesch, t\u00edo de Napole\u00f3n y gran Capell\u00e1n de Francia, celebr\u00f3 en la capilla de la casa la Eucarist\u00eda en la que las Hermanas volvieron por primera vez, despu\u00e9s de la Revoluci\u00f3n, a vestir su H\u00e1bito, aunque un poco cambiado, y renovaron en Comunidad los Votos ( La obediencia a los Superiores era para los obispos por disposici\u00f3n de Napole\u00f3n, esta situaci\u00f3n, sobre qui\u00e9nes eran sus verdaderos superiores, no se arregl\u00f3 hasta el a\u00f1o 1815, gracias a los esfuerzos del P. Hanon, Vicario General de la C.M., y por disposici\u00f3n expresa del Papa P\u00edo VII que envi\u00f3 un Breve al Vicario General de Par\u00eds, Mgr. Astros. Seg\u00fan el Breve pasaban de nuevo depender del Superior General de la C.M.).<\/p>\n<p>Aqu\u00ed entr\u00f3 en la Compa\u00f1\u00eda el 25 de mayo de 1802 Sor Juana Mar\u00eda Rendu, m\u00e1s conocida por Sor Rosal\u00eda. Tambi\u00e9n el 18 de julio de 1806 llegaban a esta casa los restos de San Vicente que hab\u00edan estado ocultos en la calle Nueva de San Etienne.<\/p>\n<p>Para el 18 de septiembre de 1806 1 a Compa\u00f1\u00eda estaba ya trabajando en 283 establecimientos de Francia<\/p>\n<p>En mayo de 1813 la ciudad les asigna una nueva casa, el palacete de Chatillon en la calle Du Bac. Hab\u00eda que reparar y acomodar la nueva casa, pero las obras iban despacio y los acontecimientos se precipitaron. Las Hermanas tienen que marcharse el 29 de junio de 1815, aunque las obras est\u00e9n sin terminar.<\/p>\n<p>Desde 1823 esta casa de la calle del Vieux-Colombier es propiedad de la Asistencia P\u00fablica que tiene aqu\u00ed instalado un puesto de bomberos.<\/p>\n<h3>6) Sexta, en la calle Du Bac, N2 140 (ant. 132) (A\u00d1OS 1815-&#8230;) (I, 133)<\/h3>\n<p>Esta casa era en 1760 propiedad del duque Luis Cesar de la Baume Le Blanc, duque de La Valli\u00e9re, sobrino de la famosa marquesa de la Valliere (1644-1710), gran bibli\u00f3filo, cuyos libros fueron a parar a los fondos de la biblioteca del Arsenal y esta casa, cuando muri\u00f3 el Duque el 16 de marzo de 1780, pas\u00f3 a su hija Adriana-Emilia-Felicidad, marquesa de Chatillon, por su esposo.<\/p>\n<p>En la Revoluci\u00f3n la casa se convirti\u00f3 en bien nacional y en mayo de 1813 la Ciudad la compr\u00f3 y se la asign\u00f3 a las Hijas de la Caridad, luego, comenzaron las obras de reestructuraci\u00f3n por cuenta de la Ciudad<\/p>\n<p>El 18 de junio de 1815 Napole\u00f3n cae derrotado en Waterloo y los ej\u00e9rcitos vencedores se ponen en camino hacia Par\u00eds, el 28 de junio est\u00e1n ya en el barrio de San Den\u00eds. Las autoridades tienen que sacar precipitadamente de este barrio a las j\u00f3venes que all\u00ed se educan en La Legi\u00f3n de Honor y que van a ser las nuevas inquilinas de la casa que tienen que dejar las Hermanas en la calle Vieux\u00adColombier.<\/p>\n<p>Este acontecimiento les obliga a las Hermanas a salir para la casa de la calle du Bac, aunque las obras no acabar\u00e1n hasta el 31 de Enero de 1816.<\/p>\n<p>A las 10 de la ma\u00f1ana del 29 de junio de 1815 alquilan un coche para llevar precipitadamente las reliquias de los Fundadores, eran los primeros en llegar a la nueva Casa Madre. Bendecida la capilla el 6 de agosto de 1815, se coloc\u00f3 el cuerpo de San Vicente el 15 de agosto debajo de un altar que hab\u00eda hacia mitad de la nave en el muro de la izquierda, all\u00ed permaneci\u00f3 hasta 1830. Los restos de Santa Luisa estuvieron primeramente en la sacrist\u00eda y luego en una habitaci\u00f3n llamada de la \u00abRetraite\u00bb, hasta el 5 de noviembre de 1824 que pas\u00f3 a la capilla en una fosa que se hizo<\/p>\n<p>El 30 de marzo de 1830 los restos de San Vicente sal\u00edan para el Arzobispado de Par\u00eds, para colocarlos en la nueva caja que el arzobispo Quelen hab\u00eda encargado al orfebre Odiot. El 25 de abril se ten\u00eda la procesi\u00f3n del traslado desde Notre\u00adDame hasta la nueva casa de la C.M. en la calle de Sevres n9 95.<\/p>\n<p>Zoe Laboure (Sor Catalina) era novicia desde el 21 de abril y en este a\u00f1o de 1830 le acontecieron las visiones del coraz\u00f3n de San Vicente y las apariciones de la Virgen en la noche del 18 al 19 de julio y luego en la tarde del 27 de septiembre.<\/p>\n<p>En 1849 hubo que engrandecer la Capilla, se tiraron los muros laterales, para abrir naves y tribunas y al mismo tiempo se corri\u00f3 el presbiterio hacia atr\u00e1s, a expensas de la antigua sacrist\u00eda.<\/p>\n<p>En 1858 el Emperador Napole\u00f3n III y la emperatriz Clara Eugenia visitaban la casa para agradecerles personalmente los trabajos que hab\u00edan realizado con ocasi\u00f3n de la guerra de Oriente, ya que el P. Etienne hab\u00eda paralizado las gestiones que el Gobierno estaba haciendo para dar a los Padres y Hermanas la Cruz de la Legi\u00f3n de Honor en premio a su comportamiento.<\/p>\n<p>El 21 de mayo de 1871, con ocasi\u00f3n del levantamiento de la Comuna, las tropas cercaron y vigilaron estrechamente la casa y las 150 novicias tuvieron que salir. Los d\u00edas 23 y 24 se daba un combate para derribar la barricada que se hab\u00eda levantado en la cercana Abad\u00eda-aux-Bois y sembraron de balas el edificio y el patio de las Hermanas. Actualmente sigue siendo la casa Madre de las Hijas de la Caridad.<\/p>\n","protected":false},"excerpt":{"rendered":"<p>Casas-Madre de las Hijas de la Caridad 1633-&#8230; 1) Primera, en Monge, N221 (antes Versailles) (A\u00d1OS 1633-1636) (II,135). Fue el \u00faltimo de los varios inmuebles del barrio de San V\u00edctor en los que vivi\u00f3 Luisa &#8230; <a href=\"http:\/\/vincentians.com\/es\/casas-de-las-hijas-de-la-caridad-en-paris-en-tiempos-de-san-vicente-iv\/\" class=\"more-link\">Read More<\/a><\/p>\n","protected":false},"author":5,"featured_media":399748,"comment_status":"open","ping_status":"open","sticky":false,"template":"","format":"standard","meta":{"jetpack_post_was_ever_published":false,"_jetpack_newsletter_access":"","_jetpack_dont_email_post_to_subs":false,"_jetpack_newsletter_tier_id":0,"_jetpack_memberships_contains_paywalled_content":false,"_jetpack_memberships_contains_paid_content":false,"footnotes":"","jetpack_publicize_message":"","jetpack_publicize_feature_enabled":true,"jetpack_social_post_already_shared":true,"jetpack_social_options":{"image_generator_settings":{"template":"highway","default_image_id":0,"font":"","enabled":false},"version":2}},"categories":[17,237],"tags":[173,161,143,140],"class_list":["post-115065","post","type-post","status-publish","format-standard","has-post-thumbnail","hentry","category-en-tiempos-de-vicente-de-paul","category-historia-de-las-hijas-de-la-caridad","tag-chatillon-les-dombes","tag-etienne","tag-san-lazaro","tag-san-sulpicio"],"yoast_head":"<!-- This site is optimized with the Yoast SEO plugin v26.3 - https:\/\/yoast.com\/wordpress\/plugins\/seo\/ -->\n<title>Casas de las Hijas de la Caridad en Par\u00eds en tiempos de San Vicente (IV) - Somos Vicencianos<\/title>\n<meta name=\"robots\" content=\"index, follow, max-snippet:-1, max-image-preview:large, max-video-preview:-1\" \/>\n<link rel=\"canonical\" href=\"http:\/\/vincentians.com\/es\/casas-de-las-hijas-de-la-caridad-en-paris-en-tiempos-de-san-vicente-iv\/\" \/>\n<meta property=\"og:locale\" content=\"es_ES\" \/>\n<meta property=\"og:type\" content=\"article\" \/>\n<meta property=\"og:title\" content=\"Casas de las Hijas de la Caridad en Par\u00eds en tiempos de San Vicente (IV) - Somos Vicencianos\" \/>\n<meta property=\"og:description\" content=\"Casas-Madre de las Hijas de la Caridad 1633-&#8230; 1) Primera, en Monge, N221 (antes Versailles) (A\u00d1OS 1633-1636) (II,135). Fue el \u00faltimo de los varios inmuebles del barrio de San V\u00edctor en los que vivi\u00f3 Luisa ... Read More\" \/>\n<meta property=\"og:url\" content=\"http:\/\/vincentians.com\/es\/casas-de-las-hijas-de-la-caridad-en-paris-en-tiempos-de-san-vicente-iv\/\" \/>\n<meta property=\"og:site_name\" content=\"Somos Vicencianos\" \/>\n<meta property=\"article:publisher\" content=\"https:\/\/www.facebook.com\/WeAreVincentians\/\" \/>\n<meta property=\"article:published_time\" content=\"2019-02-23T07:06:37+00:00\" \/>\n<meta property=\"og:image\" content=\"https:\/\/i0.wp.com\/vincentians.com\/es\/wp-content\/uploads\/sites\/11\/2016\/08\/con-damas-de-la-caridad.jpg?fit=1200%2C630\" \/>\n\t<meta property=\"og:image:width\" content=\"1200\" \/>\n\t<meta property=\"og:image:height\" content=\"630\" \/>\n\t<meta property=\"og:image:type\" content=\"image\/jpeg\" \/>\n<meta name=\"author\" content=\"Mitxel Olabu\u00e9naga\" \/>\n<meta name=\"twitter:card\" content=\"summary_large_image\" \/>\n<meta name=\"twitter:creator\" content=\"@WeVincentians\" \/>\n<meta name=\"twitter:site\" content=\"@WeVincentians\" \/>\n<meta name=\"twitter:label1\" content=\"Escrito por\" \/>\n\t<meta name=\"twitter:data1\" content=\"Mitxel Olabu\u00e9naga\" \/>\n\t<meta name=\"twitter:label2\" content=\"Tiempo de lectura\" \/>\n\t<meta name=\"twitter:data2\" content=\"9 minutos\" \/>\n<script type=\"application\/ld+json\" class=\"yoast-schema-graph\">{\"@context\":\"https:\/\/schema.org\",\"@graph\":[{\"@type\":\"Article\",\"@id\":\"http:\/\/vincentians.com\/es\/casas-de-las-hijas-de-la-caridad-en-paris-en-tiempos-de-san-vicente-iv\/#article\",\"isPartOf\":{\"@id\":\"http:\/\/vincentians.com\/es\/casas-de-las-hijas-de-la-caridad-en-paris-en-tiempos-de-san-vicente-iv\/\"},\"author\":{\"name\":\"Mitxel Olabu\u00e9naga\",\"@id\":\"http:\/\/vincentians.com\/es\/#\/schema\/person\/7c2670b4445a7ca9d164ea6acdb31859\"},\"headline\":\"Casas de las Hijas de la Caridad en Par\u00eds en tiempos de San Vicente (IV)\",\"datePublished\":\"2019-02-23T07:06:37+00:00\",\"mainEntityOfPage\":{\"@id\":\"http:\/\/vincentians.com\/es\/casas-de-las-hijas-de-la-caridad-en-paris-en-tiempos-de-san-vicente-iv\/\"},\"wordCount\":1824,\"commentCount\":2,\"publisher\":{\"@id\":\"http:\/\/vincentians.com\/es\/#organization\"},\"image\":{\"@id\":\"http:\/\/vincentians.com\/es\/casas-de-las-hijas-de-la-caridad-en-paris-en-tiempos-de-san-vicente-iv\/#primaryimage\"},\"thumbnailUrl\":\"https:\/\/i0.wp.com\/vincentians.com\/es\/wp-content\/uploads\/sites\/11\/2016\/08\/con-damas-de-la-caridad.jpg?fit=1200%2C630\",\"keywords\":[\"Chatillon\",\"Etienne\",\"San L\u00e1zaro\",\"San Sulpicio\"],\"articleSection\":[\"En tiempos de Vicente de Pa\u00fal\",\"Historia de las Hijas de la Caridad\"],\"inLanguage\":\"es\",\"potentialAction\":[{\"@type\":\"CommentAction\",\"name\":\"Comment\",\"target\":[\"http:\/\/vincentians.com\/es\/casas-de-las-hijas-de-la-caridad-en-paris-en-tiempos-de-san-vicente-iv\/#respond\"]}]},{\"@type\":\"WebPage\",\"@id\":\"http:\/\/vincentians.com\/es\/casas-de-las-hijas-de-la-caridad-en-paris-en-tiempos-de-san-vicente-iv\/\",\"url\":\"http:\/\/vincentians.com\/es\/casas-de-las-hijas-de-la-caridad-en-paris-en-tiempos-de-san-vicente-iv\/\",\"name\":\"Casas de las Hijas de la Caridad en Par\u00eds en tiempos de San Vicente (IV) - Somos Vicencianos\",\"isPartOf\":{\"@id\":\"http:\/\/vincentians.com\/es\/#website\"},\"primaryImageOfPage\":{\"@id\":\"http:\/\/vincentians.com\/es\/casas-de-las-hijas-de-la-caridad-en-paris-en-tiempos-de-san-vicente-iv\/#primaryimage\"},\"image\":{\"@id\":\"http:\/\/vincentians.com\/es\/casas-de-las-hijas-de-la-caridad-en-paris-en-tiempos-de-san-vicente-iv\/#primaryimage\"},\"thumbnailUrl\":\"https:\/\/i0.wp.com\/vincentians.com\/es\/wp-content\/uploads\/sites\/11\/2016\/08\/con-damas-de-la-caridad.jpg?fit=1200%2C630\",\"datePublished\":\"2019-02-23T07:06:37+00:00\",\"breadcrumb\":{\"@id\":\"http:\/\/vincentians.com\/es\/casas-de-las-hijas-de-la-caridad-en-paris-en-tiempos-de-san-vicente-iv\/#breadcrumb\"},\"inLanguage\":\"es\",\"potentialAction\":[{\"@type\":\"ReadAction\",\"target\":[\"http:\/\/vincentians.com\/es\/casas-de-las-hijas-de-la-caridad-en-paris-en-tiempos-de-san-vicente-iv\/\"]}]},{\"@type\":\"ImageObject\",\"inLanguage\":\"es\",\"@id\":\"http:\/\/vincentians.com\/es\/casas-de-las-hijas-de-la-caridad-en-paris-en-tiempos-de-san-vicente-iv\/#primaryimage\",\"url\":\"https:\/\/i0.wp.com\/vincentians.com\/es\/wp-content\/uploads\/sites\/11\/2016\/08\/con-damas-de-la-caridad.jpg?fit=1200%2C630\",\"contentUrl\":\"https:\/\/i0.wp.com\/vincentians.com\/es\/wp-content\/uploads\/sites\/11\/2016\/08\/con-damas-de-la-caridad.jpg?fit=1200%2C630\",\"width\":1200,\"height\":630},{\"@type\":\"BreadcrumbList\",\"@id\":\"http:\/\/vincentians.com\/es\/casas-de-las-hijas-de-la-caridad-en-paris-en-tiempos-de-san-vicente-iv\/#breadcrumb\",\"itemListElement\":[{\"@type\":\"ListItem\",\"position\":1,\"name\":\"Portada\",\"item\":\"http:\/\/vincentians.com\/es\/\"},{\"@type\":\"ListItem\",\"position\":2,\"name\":\"Casas de las Hijas de la Caridad en Par\u00eds en tiempos de San Vicente (IV)\"}]},{\"@type\":\"WebSite\",\"@id\":\"http:\/\/vincentians.com\/es\/#website\",\"url\":\"http:\/\/vincentians.com\/es\/\",\"name\":\"Somos Vicencianos\",\"description\":\"Know more to serve more\",\"publisher\":{\"@id\":\"http:\/\/vincentians.com\/es\/#organization\"},\"potentialAction\":[{\"@type\":\"SearchAction\",\"target\":{\"@type\":\"EntryPoint\",\"urlTemplate\":\"http:\/\/vincentians.com\/es\/?s={search_term_string}\"},\"query-input\":{\"@type\":\"PropertyValueSpecification\",\"valueRequired\":true,\"valueName\":\"search_term_string\"}}],\"inLanguage\":\"es\"},{\"@type\":\"Organization\",\"@id\":\"http:\/\/vincentians.com\/es\/#organization\",\"name\":\"The Vincentian Network\",\"url\":\"http:\/\/vincentians.com\/es\/\",\"logo\":{\"@type\":\"ImageObject\",\"inLanguage\":\"es\",\"@id\":\"http:\/\/vincentians.com\/es\/#\/schema\/logo\/image\/\",\"url\":\"https:\/\/i1.wp.com\/vincentians.com\/es\/wp-content\/uploads\/sites\/11\/2016\/06\/Vincentian-Network-logo-big.png?fit=778%2C778\",\"contentUrl\":\"https:\/\/i1.wp.com\/vincentians.com\/es\/wp-content\/uploads\/sites\/11\/2016\/06\/Vincentian-Network-logo-big.png?fit=778%2C778\",\"width\":778,\"height\":778,\"caption\":\"The Vincentian Network\"},\"image\":{\"@id\":\"http:\/\/vincentians.com\/es\/#\/schema\/logo\/image\/\"},\"sameAs\":[\"https:\/\/www.facebook.com\/WeAreVincentians\/\",\"https:\/\/x.com\/WeVincentians\"]},{\"@type\":\"Person\",\"@id\":\"http:\/\/vincentians.com\/es\/#\/schema\/person\/7c2670b4445a7ca9d164ea6acdb31859\",\"name\":\"Mitxel Olabu\u00e9naga\",\"image\":{\"@type\":\"ImageObject\",\"inLanguage\":\"es\",\"@id\":\"http:\/\/vincentians.com\/es\/#\/schema\/person\/image\/\",\"url\":\"https:\/\/secure.gravatar.com\/avatar\/34137ec2e2b8939cbbed975731e71f3f4f1defc7266ded337a5ce0f925426877?s=96&d=mm&r=g\",\"contentUrl\":\"https:\/\/secure.gravatar.com\/avatar\/34137ec2e2b8939cbbed975731e71f3f4f1defc7266ded337a5ce0f925426877?s=96&d=mm&r=g\",\"caption\":\"Mitxel Olabu\u00e9naga\"},\"url\":\"http:\/\/vincentians.com\/es\/author\/mitxel\/\"}]}<\/script>\n<!-- \/ Yoast SEO plugin. -->","yoast_head_json":{"title":"Casas de las Hijas de la Caridad en Par\u00eds en tiempos de San Vicente (IV) - Somos Vicencianos","robots":{"index":"index","follow":"follow","max-snippet":"max-snippet:-1","max-image-preview":"max-image-preview:large","max-video-preview":"max-video-preview:-1"},"canonical":"http:\/\/vincentians.com\/es\/casas-de-las-hijas-de-la-caridad-en-paris-en-tiempos-de-san-vicente-iv\/","og_locale":"es_ES","og_type":"article","og_title":"Casas de las Hijas de la Caridad en Par\u00eds en tiempos de San Vicente (IV) - Somos Vicencianos","og_description":"Casas-Madre de las Hijas de la Caridad 1633-&#8230; 1) Primera, en Monge, N221 (antes Versailles) (A\u00d1OS 1633-1636) (II,135). Fue el \u00faltimo de los varios inmuebles del barrio de San V\u00edctor en los que vivi\u00f3 Luisa ... Read More","og_url":"http:\/\/vincentians.com\/es\/casas-de-las-hijas-de-la-caridad-en-paris-en-tiempos-de-san-vicente-iv\/","og_site_name":"Somos Vicencianos","article_publisher":"https:\/\/www.facebook.com\/WeAreVincentians\/","article_published_time":"2019-02-23T07:06:37+00:00","og_image":[{"width":1200,"height":630,"url":"https:\/\/i0.wp.com\/vincentians.com\/es\/wp-content\/uploads\/sites\/11\/2016\/08\/con-damas-de-la-caridad.jpg?fit=1200%2C630","type":"image\/jpeg"}],"author":"Mitxel Olabu\u00e9naga","twitter_card":"summary_large_image","twitter_creator":"@WeVincentians","twitter_site":"@WeVincentians","twitter_misc":{"Escrito por":"Mitxel Olabu\u00e9naga","Tiempo de lectura":"9 minutos"},"schema":{"@context":"https:\/\/schema.org","@graph":[{"@type":"Article","@id":"http:\/\/vincentians.com\/es\/casas-de-las-hijas-de-la-caridad-en-paris-en-tiempos-de-san-vicente-iv\/#article","isPartOf":{"@id":"http:\/\/vincentians.com\/es\/casas-de-las-hijas-de-la-caridad-en-paris-en-tiempos-de-san-vicente-iv\/"},"author":{"name":"Mitxel Olabu\u00e9naga","@id":"http:\/\/vincentians.com\/es\/#\/schema\/person\/7c2670b4445a7ca9d164ea6acdb31859"},"headline":"Casas de las Hijas de la Caridad en Par\u00eds en tiempos de San Vicente (IV)","datePublished":"2019-02-23T07:06:37+00:00","mainEntityOfPage":{"@id":"http:\/\/vincentians.com\/es\/casas-de-las-hijas-de-la-caridad-en-paris-en-tiempos-de-san-vicente-iv\/"},"wordCount":1824,"commentCount":2,"publisher":{"@id":"http:\/\/vincentians.com\/es\/#organization"},"image":{"@id":"http:\/\/vincentians.com\/es\/casas-de-las-hijas-de-la-caridad-en-paris-en-tiempos-de-san-vicente-iv\/#primaryimage"},"thumbnailUrl":"https:\/\/i0.wp.com\/vincentians.com\/es\/wp-content\/uploads\/sites\/11\/2016\/08\/con-damas-de-la-caridad.jpg?fit=1200%2C630","keywords":["Chatillon","Etienne","San L\u00e1zaro","San Sulpicio"],"articleSection":["En tiempos de Vicente de Pa\u00fal","Historia de las Hijas de la Caridad"],"inLanguage":"es","potentialAction":[{"@type":"CommentAction","name":"Comment","target":["http:\/\/vincentians.com\/es\/casas-de-las-hijas-de-la-caridad-en-paris-en-tiempos-de-san-vicente-iv\/#respond"]}]},{"@type":"WebPage","@id":"http:\/\/vincentians.com\/es\/casas-de-las-hijas-de-la-caridad-en-paris-en-tiempos-de-san-vicente-iv\/","url":"http:\/\/vincentians.com\/es\/casas-de-las-hijas-de-la-caridad-en-paris-en-tiempos-de-san-vicente-iv\/","name":"Casas de las Hijas de la Caridad en Par\u00eds en tiempos de San Vicente (IV) - Somos Vicencianos","isPartOf":{"@id":"http:\/\/vincentians.com\/es\/#website"},"primaryImageOfPage":{"@id":"http:\/\/vincentians.com\/es\/casas-de-las-hijas-de-la-caridad-en-paris-en-tiempos-de-san-vicente-iv\/#primaryimage"},"image":{"@id":"http:\/\/vincentians.com\/es\/casas-de-las-hijas-de-la-caridad-en-paris-en-tiempos-de-san-vicente-iv\/#primaryimage"},"thumbnailUrl":"https:\/\/i0.wp.com\/vincentians.com\/es\/wp-content\/uploads\/sites\/11\/2016\/08\/con-damas-de-la-caridad.jpg?fit=1200%2C630","datePublished":"2019-02-23T07:06:37+00:00","breadcrumb":{"@id":"http:\/\/vincentians.com\/es\/casas-de-las-hijas-de-la-caridad-en-paris-en-tiempos-de-san-vicente-iv\/#breadcrumb"},"inLanguage":"es","potentialAction":[{"@type":"ReadAction","target":["http:\/\/vincentians.com\/es\/casas-de-las-hijas-de-la-caridad-en-paris-en-tiempos-de-san-vicente-iv\/"]}]},{"@type":"ImageObject","inLanguage":"es","@id":"http:\/\/vincentians.com\/es\/casas-de-las-hijas-de-la-caridad-en-paris-en-tiempos-de-san-vicente-iv\/#primaryimage","url":"https:\/\/i0.wp.com\/vincentians.com\/es\/wp-content\/uploads\/sites\/11\/2016\/08\/con-damas-de-la-caridad.jpg?fit=1200%2C630","contentUrl":"https:\/\/i0.wp.com\/vincentians.com\/es\/wp-content\/uploads\/sites\/11\/2016\/08\/con-damas-de-la-caridad.jpg?fit=1200%2C630","width":1200,"height":630},{"@type":"BreadcrumbList","@id":"http:\/\/vincentians.com\/es\/casas-de-las-hijas-de-la-caridad-en-paris-en-tiempos-de-san-vicente-iv\/#breadcrumb","itemListElement":[{"@type":"ListItem","position":1,"name":"Portada","item":"http:\/\/vincentians.com\/es\/"},{"@type":"ListItem","position":2,"name":"Casas de las Hijas de la Caridad en Par\u00eds en tiempos de San Vicente (IV)"}]},{"@type":"WebSite","@id":"http:\/\/vincentians.com\/es\/#website","url":"http:\/\/vincentians.com\/es\/","name":"Somos Vicencianos","description":"Know more to serve more","publisher":{"@id":"http:\/\/vincentians.com\/es\/#organization"},"potentialAction":[{"@type":"SearchAction","target":{"@type":"EntryPoint","urlTemplate":"http:\/\/vincentians.com\/es\/?s={search_term_string}"},"query-input":{"@type":"PropertyValueSpecification","valueRequired":true,"valueName":"search_term_string"}}],"inLanguage":"es"},{"@type":"Organization","@id":"http:\/\/vincentians.com\/es\/#organization","name":"The Vincentian Network","url":"http:\/\/vincentians.com\/es\/","logo":{"@type":"ImageObject","inLanguage":"es","@id":"http:\/\/vincentians.com\/es\/#\/schema\/logo\/image\/","url":"https:\/\/i1.wp.com\/vincentians.com\/es\/wp-content\/uploads\/sites\/11\/2016\/06\/Vincentian-Network-logo-big.png?fit=778%2C778","contentUrl":"https:\/\/i1.wp.com\/vincentians.com\/es\/wp-content\/uploads\/sites\/11\/2016\/06\/Vincentian-Network-logo-big.png?fit=778%2C778","width":778,"height":778,"caption":"The Vincentian Network"},"image":{"@id":"http:\/\/vincentians.com\/es\/#\/schema\/logo\/image\/"},"sameAs":["https:\/\/www.facebook.com\/WeAreVincentians\/","https:\/\/x.com\/WeVincentians"]},{"@type":"Person","@id":"http:\/\/vincentians.com\/es\/#\/schema\/person\/7c2670b4445a7ca9d164ea6acdb31859","name":"Mitxel Olabu\u00e9naga","image":{"@type":"ImageObject","inLanguage":"es","@id":"http:\/\/vincentians.com\/es\/#\/schema\/person\/image\/","url":"https:\/\/secure.gravatar.com\/avatar\/34137ec2e2b8939cbbed975731e71f3f4f1defc7266ded337a5ce0f925426877?s=96&d=mm&r=g","contentUrl":"https:\/\/secure.gravatar.com\/avatar\/34137ec2e2b8939cbbed975731e71f3f4f1defc7266ded337a5ce0f925426877?s=96&d=mm&r=g","caption":"Mitxel Olabu\u00e9naga"},"url":"http:\/\/vincentians.com\/es\/author\/mitxel\/"}]}},"jetpack_publicize_connections":[],"jetpack_featured_media_url":"https:\/\/i0.wp.com\/vincentians.com\/es\/wp-content\/uploads\/sites\/11\/2016\/08\/con-damas-de-la-caridad.jpg?fit=1200%2C630","jetpack_sharing_enabled":true,"jetpack_shortlink":"https:\/\/wp.me\/p7ETMF-tVT","jetpack-related-posts":[{"id":115059,"url":"http:\/\/vincentians.com\/es\/casas-de-las-hijas-de-la-caridad-en-paris-en-tiempos-de-san-vicente-iii\/","url_meta":{"origin":115065,"position":0},"title":"Casas de las Hijas de la Caridad en Par\u00eds en tiempos de San Vicente (III)","author":"Mitxel Olabu\u00e9naga","date":"21\/02\/2019","format":false,"excerpt":"2) Otras casas en Par\u00eds a) Hospicio de Quinze-Vingts (15 x 20 = 300) (II, 425) Era un hospicio para ciegos. Fundado entre 1254 y 1261 por el rey San Luis en recuerdo de la mutilaci\u00f3n de 300 cruzados a quienes les sacaron los ojos en Tierra Santa. Era un\u2026","rel":"","context":"En \u00abEn tiempos de Vicente de Pa\u00fal\u00bb","block_context":{"text":"En tiempos de Vicente de Pa\u00fal","link":"http:\/\/vincentians.com\/es\/category\/historia-de-la-familia-vicenciana\/en-tiempos-de-vicente-de-paul\/"},"img":{"alt_text":"","src":"https:\/\/i0.wp.com\/vincentians.com\/es\/wp-content\/uploads\/sites\/11\/2016\/08\/con-damas-de-la-caridad.jpg?fit=1200%2C630&resize=350%2C200","width":350,"height":200,"srcset":"https:\/\/i0.wp.com\/vincentians.com\/es\/wp-content\/uploads\/sites\/11\/2016\/08\/con-damas-de-la-caridad.jpg?fit=1200%2C630&resize=350%2C200 1x, https:\/\/i0.wp.com\/vincentians.com\/es\/wp-content\/uploads\/sites\/11\/2016\/08\/con-damas-de-la-caridad.jpg?fit=1200%2C630&resize=525%2C300 1.5x, https:\/\/i0.wp.com\/vincentians.com\/es\/wp-content\/uploads\/sites\/11\/2016\/08\/con-damas-de-la-caridad.jpg?fit=1200%2C630&resize=700%2C400 2x, https:\/\/i0.wp.com\/vincentians.com\/es\/wp-content\/uploads\/sites\/11\/2016\/08\/con-damas-de-la-caridad.jpg?fit=1200%2C630&resize=1050%2C600 3x"},"classes":[]},{"id":128927,"url":"http:\/\/vincentians.com\/es\/santa-luisa-de-marillac-una-mujer-para-nuestro-tiempo\/","url_meta":{"origin":115065,"position":1},"title":"Santa Luisa de Marillac, una mujer para nuestro tiempo","author":"Francisco Javier Fern\u00e1ndez Chento","date":"09\/05\/2025","format":false,"excerpt":"\"Hoy m\u00e1s que nunca , necesitamos, para vivir en esperanza, mirar las estrellas\" E. Tarac\u00f2n. Luisa de Marillac ha sido, es y sigue siendo en la Iglesia una estrella de primera magnitud por la luminosidad de su vida espiritual, por el brillo de su caridad y por el equilibrio y\u2026","rel":"","context":"En \u00abLuisa de Marillac\u00bb","block_context":{"text":"Luisa de Marillac","link":"http:\/\/vincentians.com\/es\/category\/la-familia-vicenciana\/fundadores\/luisa-de-marillac\/"},"img":{"alt_text":"","src":"https:\/\/i0.wp.com\/vincentians.com\/es\/wp-content\/uploads\/sites\/11\/2017\/10\/hijas-caridad1.jpg?fit=846%2C446&resize=350%2C200","width":350,"height":200,"srcset":"https:\/\/i0.wp.com\/vincentians.com\/es\/wp-content\/uploads\/sites\/11\/2017\/10\/hijas-caridad1.jpg?fit=846%2C446&resize=350%2C200 1x, https:\/\/i0.wp.com\/vincentians.com\/es\/wp-content\/uploads\/sites\/11\/2017\/10\/hijas-caridad1.jpg?fit=846%2C446&resize=525%2C300 1.5x, https:\/\/i0.wp.com\/vincentians.com\/es\/wp-content\/uploads\/sites\/11\/2017\/10\/hijas-caridad1.jpg?fit=846%2C446&resize=700%2C400 2x"},"classes":[]},{"id":387337,"url":"http:\/\/vincentians.com\/es\/fechas-en-la-vida-de-santa-luisa\/","url_meta":{"origin":115065,"position":2},"title":"Fechas en la vida de Santa Luisa","author":"Francisco Javier Fern\u00e1ndez Chento","date":"17\/10\/2021","format":false,"excerpt":"1591: Nace el 12 de agosto. Padres desconocidos, ciertamente de la familia Marillac. 1612: Rechazada en las religiosas capuchinas. 1613: Casada el 5 de febrero con Antonio Le Gras. Tuvo un hijo que se llam\u00f3 Miguel. 1625: Muere Antonio Le Gras el 21 de diciembre. Acepta a San Vicente de\u2026","rel":"","context":"En \u00abLuisa de Marillac\u00bb","block_context":{"text":"Luisa de Marillac","link":"http:\/\/vincentians.com\/es\/category\/la-familia-vicenciana\/fundadores\/luisa-de-marillac\/"},"img":{"alt_text":"","src":"https:\/\/i0.wp.com\/vincentians.com\/es\/wp-content\/uploads\/sites\/11\/2016\/08\/sata-luisa-de-marillac.jpg?fit=1200%2C630&resize=350%2C200","width":350,"height":200,"srcset":"https:\/\/i0.wp.com\/vincentians.com\/es\/wp-content\/uploads\/sites\/11\/2016\/08\/sata-luisa-de-marillac.jpg?fit=1200%2C630&resize=350%2C200 1x, https:\/\/i0.wp.com\/vincentians.com\/es\/wp-content\/uploads\/sites\/11\/2016\/08\/sata-luisa-de-marillac.jpg?fit=1200%2C630&resize=525%2C300 1.5x, https:\/\/i0.wp.com\/vincentians.com\/es\/wp-content\/uploads\/sites\/11\/2016\/08\/sata-luisa-de-marillac.jpg?fit=1200%2C630&resize=700%2C400 2x, https:\/\/i0.wp.com\/vincentians.com\/es\/wp-content\/uploads\/sites\/11\/2016\/08\/sata-luisa-de-marillac.jpg?fit=1200%2C630&resize=1050%2C600 3x"},"classes":[]},{"id":387863,"url":"http:\/\/vincentians.com\/es\/san-vicente-amigo-de-los-pobres-anos-de-desarrollo-1633-1653\/","url_meta":{"origin":115065,"position":3},"title":"San Vicente: Amigo de los pobres: a\u00f1os de desarrollo (1633-1653)","author":"Mitxel Olabu\u00e9naga","date":"15\/10\/2016","format":false,"excerpt":"La vida en San L\u00e1zaro Las lucecillas de las habitaciones se iban apagando una tras otra. En poco tiempo, lentamente, se extinguieron todas. Ha\u00adb\u00eda silencio absoluto en la \u00abcartuja\u00bb. Bueno, una pluma raspeaba en la celda donde permanec\u00eda encendido el \u00fanico quinqu\u00e9. Era el puesto de guardia; all\u00ed viv\u00eda el\u2026","rel":"","context":"En \u00abFormaci\u00f3n Vicenciana\u00bb","block_context":{"text":"Formaci\u00f3n Vicenciana","link":"http:\/\/vincentians.com\/es\/category\/formacion-vicenciana\/"},"img":{"alt_text":"","src":"https:\/\/i0.wp.com\/vincentians.com\/es\/wp-content\/uploads\/sites\/11\/2016\/07\/st-vincent-de-paul.jpg?fit=1200%2C630&resize=350%2C200","width":350,"height":200,"srcset":"https:\/\/i0.wp.com\/vincentians.com\/es\/wp-content\/uploads\/sites\/11\/2016\/07\/st-vincent-de-paul.jpg?fit=1200%2C630&resize=350%2C200 1x, https:\/\/i0.wp.com\/vincentians.com\/es\/wp-content\/uploads\/sites\/11\/2016\/07\/st-vincent-de-paul.jpg?fit=1200%2C630&resize=525%2C300 1.5x, https:\/\/i0.wp.com\/vincentians.com\/es\/wp-content\/uploads\/sites\/11\/2016\/07\/st-vincent-de-paul.jpg?fit=1200%2C630&resize=700%2C400 2x, https:\/\/i0.wp.com\/vincentians.com\/es\/wp-content\/uploads\/sites\/11\/2016\/07\/st-vincent-de-paul.jpg?fit=1200%2C630&resize=1050%2C600 3x"},"classes":[]},{"id":126442,"url":"http:\/\/vincentians.com\/es\/luisa-de-marillac-camino-de-la-autonomia\/","url_meta":{"origin":115065,"position":4},"title":"Luisa de Marillac: Camino de la autonom\u00eda","author":"Francisco Javier Fern\u00e1ndez Chento","date":"03\/02\/2024","format":false,"excerpt":"Al extenderse las Caridades por las parroquias de Par\u00eds, aument\u00f3 el n\u00famero de Hijas de la Caridad. No hab\u00eda Caridad que no pidiera a las j\u00f3venes de la se\u00f1orita Le Gras. Car\u00adgadas con los pucheros de la comida y con los medicamentos, visitaban, casa por casa, generalmente buhardillas, a todos\u2026","rel":"","context":"En \u00abFormaci\u00f3n Vicenciana\u00bb","block_context":{"text":"Formaci\u00f3n Vicenciana","link":"http:\/\/vincentians.com\/es\/category\/formacion-vicenciana\/"},"img":{"alt_text":"","src":"https:\/\/i0.wp.com\/vincentians.com\/es\/wp-content\/uploads\/sites\/11\/2022\/01\/c.jpg?fit=1200%2C675&resize=350%2C200","width":350,"height":200,"srcset":"https:\/\/i0.wp.com\/vincentians.com\/es\/wp-content\/uploads\/sites\/11\/2022\/01\/c.jpg?fit=1200%2C675&resize=350%2C200 1x, https:\/\/i0.wp.com\/vincentians.com\/es\/wp-content\/uploads\/sites\/11\/2022\/01\/c.jpg?fit=1200%2C675&resize=525%2C300 1.5x, https:\/\/i0.wp.com\/vincentians.com\/es\/wp-content\/uploads\/sites\/11\/2022\/01\/c.jpg?fit=1200%2C675&resize=700%2C400 2x, https:\/\/i0.wp.com\/vincentians.com\/es\/wp-content\/uploads\/sites\/11\/2022\/01\/c.jpg?fit=1200%2C675&resize=1050%2C600 3x"},"classes":[]},{"id":125956,"url":"http:\/\/vincentians.com\/es\/las-hijas-de-la-caridad\/","url_meta":{"origin":115065,"position":5},"title":"Las Hijas de la Caridad","author":"Francisco Javier Fern\u00e1ndez Chento","date":"07\/12\/2013","format":false,"excerpt":"Evoluci\u00f3n de las Caridades Aunque las Caridades estaban fundadas desde 1617, los dos santos las van a perfec\u00adcionar, acomod\u00e1ndolas a la realidad concreta de las se\u00f1oras de Par\u00eds y a los pobres de la ciudad. Sin cambiar ni el fin ni la naturaleza, las Caridades de Vicente de Pa\u00fal evolucio\u00adnaron\u2026","rel":"","context":"En \u00abLuisa de Marillac\u00bb","block_context":{"text":"Luisa de Marillac","link":"http:\/\/vincentians.com\/es\/category\/la-familia-vicenciana\/fundadores\/luisa-de-marillac\/"},"img":{"alt_text":"Santa Luisa de Marillac","src":"https:\/\/i0.wp.com\/vicencianos.org\/wp-content\/2013\/09\/santaluisa3.jpg?resize=350%2C200","width":350,"height":200},"classes":[]}],"_links":{"self":[{"href":"http:\/\/vincentians.com\/es\/wp-json\/wp\/v2\/posts\/115065","targetHints":{"allow":["GET"]}}],"collection":[{"href":"http:\/\/vincentians.com\/es\/wp-json\/wp\/v2\/posts"}],"about":[{"href":"http:\/\/vincentians.com\/es\/wp-json\/wp\/v2\/types\/post"}],"author":[{"embeddable":true,"href":"http:\/\/vincentians.com\/es\/wp-json\/wp\/v2\/users\/5"}],"replies":[{"embeddable":true,"href":"http:\/\/vincentians.com\/es\/wp-json\/wp\/v2\/comments?post=115065"}],"version-history":[{"count":1,"href":"http:\/\/vincentians.com\/es\/wp-json\/wp\/v2\/posts\/115065\/revisions"}],"predecessor-version":[{"id":402126,"href":"http:\/\/vincentians.com\/es\/wp-json\/wp\/v2\/posts\/115065\/revisions\/402126"}],"wp:featuredmedia":[{"embeddable":true,"href":"http:\/\/vincentians.com\/es\/wp-json\/wp\/v2\/media\/399748"}],"wp:attachment":[{"href":"http:\/\/vincentians.com\/es\/wp-json\/wp\/v2\/media?parent=115065"}],"wp:term":[{"taxonomy":"category","embeddable":true,"href":"http:\/\/vincentians.com\/es\/wp-json\/wp\/v2\/categories?post=115065"},{"taxonomy":"post_tag","embeddable":true,"href":"http:\/\/vincentians.com\/es\/wp-json\/wp\/v2\/tags?post=115065"}],"curies":[{"name":"wp","href":"https:\/\/api.w.org\/{rel}","templated":true}]}}