{"id":115059,"date":"2019-02-21T08:03:07","date_gmt":"2019-02-21T07:03:07","guid":{"rendered":"http:\/\/somos.vicencianos.org\/?p=115059"},"modified":"2019-01-27T13:35:48","modified_gmt":"2019-01-27T12:35:48","slug":"casas-de-las-hijas-de-la-caridad-en-paris-en-tiempos-de-san-vicente-iii","status":"publish","type":"post","link":"http:\/\/vincentians.com\/es\/casas-de-las-hijas-de-la-caridad-en-paris-en-tiempos-de-san-vicente-iii\/","title":{"rendered":"Casas de las Hijas de la Caridad en Par\u00eds en tiempos de San Vicente (III)"},"content":{"rendered":"<h2><strong>2) Otras casas en Par\u00eds<\/strong><\/h2>\n<h3>a) Hospicio de Quinze-Vingts (15 x 20 = 300) (II, 425)<\/h3>\n<p>Era un hospicio para ciegos. Fundado entre 1254 y 1261 por el rey San Luis en recuerdo de la mutilaci\u00f3n de 300 cruzados a quienes les sacaron los ojos en Tierra Santa. Era un lugar con muchos privilegios: ten\u00eda franquicia, justicia propia, cementerio, y su iglesia, desde 1282, era parroquia para ellos, mediante el pago de 10 libras y 25 sueldos a su colegiata-parroquia de San Germ\u00e1n l&#8217;Auxerrois<\/p>\n<p>La iglesia fue reconstruida en 1387 y tambi\u00e9n desde 1748 a 1756 estuvieron en obras. En 1777 el Cardenal Luis de Rohan, administrador del Hospicio vendi\u00f3 el terreno y llev\u00f3 en 1780 esta instituci\u00f3n a la calle Clarenton n\u00famero 28, a la casa de los antiguos Mosqueteros Negros. El antiguo Hospicio fue demolido en 1781.<\/p>\n<p>En la iglesia del Hospicio fue enterrado en 1560 Antonio Gond\u00ed, _padre de Alberto y Pedro de Gondi, primer cardenal de Retz; cuando se trasladaron al nuevo Hospicio de Clarenton se llevaron los huesos y las placas de los all\u00ed enterrados, entre ellos la de Juan Francisco de Gondi, primer arzobispo de Par\u00eds.<\/p>\n<h3>b) Las trece casas (I, 502)<\/h3>\n<p>Hospicio para ni\u00f1os abandonados, compuesto por trece casas (m\u00e1s tarde ser\u00e1n catorce). Eran unos edificios que San Vicente hab\u00eda comprado con el dinero que el Rey hab\u00eda dado para la fundaci\u00f3n de la casa de los misioneros en Sed\u00e1n. Vicente se los arrend\u00f3 a las Damas en agosto de 1645. Las Hijas <em>de <\/em>la Caridad estuvieron desde el principio y aqu\u00ed ten\u00edan a los ni\u00f1os abandonados, sobre todo los m\u00e1s peque\u00f1os que necesitaban nodrizas. Desde 1654 se hicieron cargo de todos los ni\u00f1os, que al morir sus madres de parto en el Hotel-Dieu, se quedaban hu\u00e9rfanos. Las Hijas de la Caridad permanecieron aqu\u00ed hasta 1792, a pesar de haber creado el nuevo edificio oficial de los Enfants-Trouves en la Cit\u00e9. Actualmente los inmuebles han sido sustituidos por los edificios comprendidos entre los n\u00fameros 132 y 148 de la calle Faubourg-de-Saint-Denis.<\/p>\n<h3>c) Hospicio de los incurables (II, 520)<\/h3>\n<p>Este hospicio fue construido por el Cardenal de La Rochefoucauld entre los a\u00f1os 1633 y 1638. La inauguraci\u00f3n fue el 11 de marzo de 1640. Estaba destinado a los hombres y mujeres incurables que no fueran epil\u00e9pticos, ven\u00e9reos o afectados de \u00abhumores fr\u00edos\u00bb.<\/p>\n<p>Ten\u00eda cinco salas para hombres y otras cinco para mujeres, ten\u00eda la forma de cruz y en el centro estaba la iglesia, dedicada a Nuestra Se\u00f1ora. Hab\u00eda tambi\u00e9n habitaciones particulares para personas de calidad, en una de ellas estuvo Pedro de Camus, obispo de Belley, que muri\u00f3 aqu\u00ed en 1653 y fue tambi\u00e9n enterrado en este Hospicio<\/p>\n<p>En 1802 se cerr\u00f3 el Hospicio: los hombres fueron llevados a la casa de los Recoletos del barrio de San Mart\u00edn y las mujeres al pueblo de Ivry. El Hospicio qued\u00f3 vac\u00edo hasta 1874, que se abri\u00f3 como Hospital, con el nombre de Hospital Temporal, y en 1878 con el de Laenec, nombre que permanece actualmente. Fue engrandecido en 1930-36 y hoy d\u00eda tiene unas 740 camas. En la capilla primitiva, que todav\u00eda existe, adem\u00e1s de los restos del Obispo de Belley, est\u00e1n tambi\u00e9n enterradas las entra\u00f1as del Cardenal de La Rochefoucauld desde 1645. (El fue enterrado en Santa Genoveva y su coraz\u00f3n en la casa Madre de los Jesuitas, calle San Antonio).<\/p>\n<h3>d) Hospital de las\u00a0 \u00abPetites Maisons\u00bb (11,519)<\/h3>\n<p>La ciudad de Par\u00eds fund\u00f3 en 1497 una leproser\u00eda, con el nombre de Maladrerie de San Germ\u00e1n. Suprimida en 1544 fue remplazada por el Hospital de las Petites\u00adMaisons para enfermos pobres, ni\u00f1os ti\u00f1osos, mujeres epil\u00e9pticas, locos y enfermos ven\u00e9reos.<\/p>\n<p>Ten\u00eda forma de trapecio, con muchos patios, rodeados de peque\u00f1as casas, donde viv\u00edan m\u00e1s de 400 viejos indigentes de ambos sexos: casados y viudos. Ten\u00eda capilla y cementerio propios.<\/p>\n<p>Fue engrandecido en los a\u00f1os 1611, 1615, 1643 y 1785. Reorganizado en 1801, tom\u00f3 el nombre de Petites-Menaqes, para s\u00f3lo esposos, viudos y viudas de m\u00e1s de 60 a\u00f1os. (Los Ni\u00f1os ti\u00f1osos tuvieron una casa aparte que se llam\u00f3 Santa Reina). Restaurado de nuevo en los a\u00f1os 1828, 1843 y 1847 fue por \u00faltimo suprimido en 1864 y los viejos fueron llevados al pueblo de Issy. En 1868 fue demolido y se hizo la plaza Boucicaut y la calle de Velpeau.<\/p>\n<p>La enfermer\u00eda de este Hospicio fue atendido por las Hijas de la Caridad desde 1655.<\/p>\n<h3>e) Hospicio-Asilo del Nombre de Jes\u00fas (I, 513)<\/h3>\n<p>Llamado as\u00ed por el escudo que ten\u00eda en la fachada. Era una casa que compraron los Padres San L\u00e1zaro entre los a\u00f1os 1643 y 1647 y que en 1653, al recibir San Vicente una limosna de 100.000 libras, convirti\u00f3 en un Hospicio para ancianos. Se cre\u00f3 un Consejo de Administraci\u00f3n compuesto por el Sr. de Gond\u00ed y dos burgueses. Las Hijas de la Caridad eran las que lo serv\u00edan, Santa luisa fue la fiel administradora y los Padres de San L\u00e1zaro eran los Capellanes. Se eligieron a 20 hombres y 20 mujeres mayores de 60 a\u00f1os. Aqu\u00ed se les atend\u00eda y al mismo tiempo los pensionistas trabajaban seg\u00fan sus posibilidades y sus habilidades. En 1654 se compr\u00f3 una casa contigua que sirvi\u00f3 de ampliaci\u00f3n, poniendo en ella capilla, comedores&#8230;<\/p>\n<p>En la Revoluci\u00f3n, en 1790, se cerr\u00f3 este Hospicio y en 1802 se puso una Casa Municipal de Salud. En 1818 fue la Casa Madre de los Hermanos de las Escuelas Cristianas hasta que en 1847 fue expropiado el edificio, donde en 1850 se construy\u00f3 la actual Estaci\u00f3n de ferrocarril del Este. ( El Hospicio estaba enfrente de la actual calle Impasse Boutron).<\/p>\n<h3>f) Hotel-Dieu (II, 235)<\/h3>\n<p>Aunque la tradici\u00f3n pone a San Landry, 28 obispo de Paris muerto en 656, como el fundador del Hospital, parece ser que fue hacia el a\u00f1o 826 cuando se construyeron una serie de refugios para pobres y enfermos con una capilla dedicada a San Crist\u00f3bal y que en 1157 aparece todo este complejo con el nombre de Hotel-Dieu-Saint-Christophe.<\/p>\n<p>En 1165 el obispo Mauricio de Sully, creador de Notre-Dame, fue el que empez\u00f3 a reconstruir estos servicios de caridad, tirando los viejos refugios en 1195 y construyendo otros nuevos que no acabaron hasta 1255. Desde entonces la obra siempre fue muy favorecida por todas las autoridades. Los can\u00f3nigos y el obispo, al morir, estaban obligados a entregar la cama al Hospital. El rey Felipe Augusto antes de partir para las cruzadas les garantiz\u00f3 la paja que necesitaran, pero fue San Luis y su madre Blanca de Castilla los primeros grandes benefactores con la creaci\u00f3n de verdaderas salas para los enfermos<\/p>\n<p>Se admit\u00eda a todos menos a los contagiosos, tampoco a los epil\u00e9pticos y los de enfermedades ven\u00e9reas. La mortalidad fue siempre muy grande, m\u00e1s del 207., y en los lechos se amontonaban algunas veces hasta 8 personas en cada uno, se dec\u00eda que en cada lecho hab\u00eda a la vez un enfermo, un moribundo y uno que ya hab\u00eda muerto.<\/p>\n<p>En 1505 la Ciudad tom\u00f3 la administraci\u00f3n, que hasta ahora hab\u00edan llevado los can\u00f3nigos, y en 1535 el servicio espiritual y material qued\u00f3 asegurado por los Can\u00f3nigos de San V\u00edctor y por unas 120 monjas Agustinas Hospitalarias, aunque en realidad tuvieron muchas deficiencias. Grandes obras hubo entre 1602 y 1609 y en 1619 fueron rehechas algunas salas, adem\u00e1s de la nueva de San Carlos (1602\u00ad1606), al otro lado del r\u00edo, que fue unida en 1626 por el Puente de Dobl\u00f3n sobre el que se edific\u00f3 la sala de San Cosme o del Rosario.<\/p>\n<p>A pesar de las obras siguieron las deficiencias y las dificultades. Esto llev\u00f3 a unas cuantas se\u00f1oras (en especial a la Sra.Geusault) a asociarse y fundar las Damas del Hotel-Dieu (1634) que acabaron llevando alli a las Hijas de la Caridad para servicios complementarios. Ellas ten\u00edan al principio unas habitaciones donde preparaban los extras que llevaban al Hospital pero viv\u00edan en la casa de la calle Versailles. Al trasladarse en 1636 Santa Luisa a la Chapelle ellas comenzaron a vivir en una casa junto al Hotel-Dieu.<\/p>\n<p>En 1651 se hizo el puente de San Carlos con un pasadizo de cristales. (Este puente se convirti\u00f3 en 1854 en una pasarela y finalmente acab\u00f3 demolido en 1878, por la dificultad que causaba a la navegaci\u00f3n). Entre 1714 y 1719 a la sala de San Carlos se le a\u00f1adi\u00f3 la de san Antonio que prolongaba el Hospital por la otra orilla del r\u00edo hasta el Petit-Pont<\/p>\n<p>En el siglo XVIII una serie de incendios: uno en agosto de 1738, otro en 1742 y un tercero en diciembre de 1772, en el que murieron 14 personas y hubo m\u00e1s de 19 heridos, oblig\u00f3 a plantearse una serie de proyectos que de momento ninguno lleg\u00f3 a efecto.<\/p>\n<p>En la Revoluci\u00f3n se le llamo la Casa de la Humanidad. Fue en parte reconstruido en 1802, ampliado por la demolici\u00f3n de la capilla de San Crist\u00f3bal y lleg\u00f3 a tener 2.200 camas.<\/p>\n<p>En 1867 comenz\u00f3 a construirse en la isla, al lado opuesto del antiguo, el nuevo Hotel-Dieu. La obra del actual Hotel-Dieu es obra de Diet. Es actualmente un grandioso edificio con capacidad para 950 camas y que en aquel tiempo cost\u00f3 m\u00e1s de 30 millones de francos. El 11 de agosto de 1877, el Presidente Mac-Mahon lo inauguraba y al a\u00f1o siguiente se demol\u00eda el antiguo.<\/p>\n<h3>g) Hospital General<\/h3>\n<p>Fue creado por Orden Real el 27 de marzo de 1656 a instancias sobre todo de la Compa\u00f1\u00eda del Sant\u00edsimo Sacramento, viendo el \u00e9xito del Hospicio del Nombre de Jes\u00fas fundado por San Vicente. La direcci\u00f3n espiritual se supon\u00eda que la llevar\u00eda San Vicente pero Vicente despu\u00e9s de tener una peque\u00f1a asamblea con los suyos declino el oficio. Abelly, ayudado por 12 \u00f3 15 eclesi\u00e1sticos, fue el primer director, pero por poco tiempo.<\/p>\n<p>Se calculaba en unos 50.000 los pobres que vagaban por la ciudad .y con esta determinaci\u00f3n se pretend\u00eda acabar con la mendicidad. Se les convoc\u00f3 para que acudieran a estos establecimientos, que ahora se creaban, pero a la vista de los pocos que voluntariamente se presentaron el 7 de mayo de 1657, d\u00eda de la apertura, se acudi\u00f3 a la fuerza para encerrarlos en ellos.<\/p>\n<p>Este Hospital General lo formaron en principio un conjunto de 5 edificios que estaban en distintos lugares y ten\u00eda cada uno una funci\u00f3n espec\u00edfica:<\/p>\n<p><strong>La Salpetri\u00e9re<\/strong><strong> = \u00a0MUJERES (I, 636) <\/strong><\/p>\n<p>Desde el a\u00f1o 1550 hasta el a\u00f1o 1634 la p\u00f3lvora se fabricaba y se guardaba en el Arsenal, pero esto era un peligro al estar dentro de la muralla, por eso se hab\u00eda creado este edificio de la Salpetri\u00e9re fuera de la ciudad. Durante un tiempo, unos 20 a\u00f1os, hab\u00eda funcionado como tal, pero ahora al no tener ninguna funci\u00f3n, se le acomod\u00f3 para funciones del nuevo Hospital General.<\/p>\n<p>Este edificio fue destinado para ser albergue de mujeres que fueron divididas en dos grupos, las inv\u00e1lidas: ciegas, paral\u00edticas&#8230;locas, (que estaban encadenadas a la pared de los s\u00f3tanos) y las v\u00e1lidas, que trabajaban bajo la vigilancia de sus maestros. Ten\u00edan 15 dormitorios de unos 80 m. de largo. Tambi\u00e9n hab\u00eda matrimonios viejos que viv\u00edan en 820 peque\u00f1as celdas de 4 X 3 metros. Hab\u00eda adem\u00e1s ni\u00f1as que viv\u00edan con sus madres hasta los 12 \u00f3 14 a\u00f1os y despu\u00e9s se las llevaba a un pabell\u00f3n a parte, el de Santa Clara, donde aprend\u00edan un oficio, y a los 20 a\u00f1os las colocaban en la ciudad.<\/p>\n<p>En esta secci\u00f3n de mujeres del Hospital General trabajaron las Hijas de la Caridad y fue la m\u00e1s desarrollada: se abri\u00f3 con 1024 personas, en 1663 ya hab\u00eda 2.579 y en 1679 lleg\u00f3 a 3.963. Desde 1664 se a\u00f1adieron unos departamentos para c\u00e1rceles.<\/p>\n<p>En la Revoluci\u00f3n lleg\u00f3 a tener 10.000 mujeres y se llam\u00f3 el Hospicio de las Viejas-Mujeres, en el siglo pasado se hicieron muchas obras y actualmente lo ocupan los Hospitales de la nueva Piti\u00e9 y el de la Salpetri\u00e9re, con m\u00e1s de 4.500 camas.<\/p>\n<p><strong>Biatre = \u00a0HOMBRES<\/strong><\/p>\n<p>En este pueblo se hab\u00eda habilitado un fortaleza para que sirviera de Hospicio para los inv\u00e1lidos de guerra pero en realidad nunca hab\u00eda funcionado. En los a\u00f1os 1647 y 1650 parte de sus dependencias hab\u00edan servido para cuidar a los ni\u00f1os abandonados que atendieron las Hijas de la Caridad.<\/p>\n<p>Al crearse este Hospital General se habilito para poner aqu\u00ed la secci\u00f3n de los hombres<\/p>\n<p><strong>La Piti\u00e9 = NI\u00d1OS (II, 10) <\/strong><\/p>\n<p>Maria de M\u00e9dicis hab\u00eda construido esta casa como refugio de viejos mendigos y vagabundos, donde eran encerrados a la fuerza. Ten\u00eda una capilla dedicada a Notre-Dame-de-la-Piti\u00e9 de aqu\u00ed su nombre. En 1657 este edificio form\u00f3 parte del Hospital General y pusieron aqu\u00ed las oficinas de la administraci\u00f3n de todo el Hospital General. Tambi\u00e9n alberg\u00f3 a los ni\u00f1os, hijos de mendigos, hu\u00e9rfanos y ni\u00f1os abandonados, donde se les ense\u00f1aba a leer, a escribir y un oficio. Hab\u00eda dos secciones la Gran Piti\u00e9 con 500 camas para ni\u00f1as y la Peque\u00f1a Piti\u00e9 con 120 camas para ni\u00f1os.<\/p>\n<p>En la Revoluci\u00f3n lleg\u00f3 a tener m\u00e1s de 1400 ni\u00f1os y se llam\u00f3 Casa de los Alumnos de la Patria. Al crearse el nuevo Hospital de la Piti\u00e9 fue demolido el antiguo en 1912 y actualmente en su solar se ha construido el Instituto Musulm\u00e1n y una Mezquita.<\/p>\n<p><strong>Escipi\u00f3n Sardin\u00ed, &gt; Hospital Santa Marta (II, 507)<\/strong><\/p>\n<p>Antigua casa de Scipion Sardini, era \u00e9ste un antiguo toscano que vino con Catalina de M\u00e9dicis y que lleg\u00f3 a ser un banquero del Rey, las gentes no lo quer\u00edan y sol\u00edan decir: \u00aben otro tiempo sardina hoy es enorme ballena, as\u00ed engorda Francia a los peque\u00f1os pececillos italianos\u00bb. Se cas\u00f3 con una de las del \u00abescuadr\u00f3n volante\u00bb, creado por la reina Catalina, pero en tiempos de Enrique IV decay\u00f3 su influencia. Muri\u00f3 en 1609 y su casa (no tuvo hijos) se convirti\u00f3 en 1614 en el Hospital de Santa Marta. En 1636 fue una prisi\u00f3n para los presos apestados de la Conserjer\u00eda. En 1656 esta casa form\u00f3 parte del Hospital General y desde 1675 fue la panader\u00eda y la carnicer\u00eda de los hospitales y hospicios de Par\u00eds.<\/p>\n<p><strong>La Savonerie (II, 179)<\/strong><\/p>\n<p>Maria de M\u00e9dicis hab\u00eda fundado en 1615 una casa para Hu\u00e9rfanos, que la asoci\u00f3 con las manufacturas de los Gobelinos que montaron aqu\u00ed una fabrica de jab\u00f3n en<\/p>\n<p>ti\u00a0 la que emplearon a los hu\u00e9rfanos. En 1625 se transfiri\u00f3 tambi\u00e9n aqu\u00ed la tapicer\u00eda que Enrique IV hab\u00eda puesto en el Louvre. En 1626 Luis XIII compr\u00f3 esta Tapicer\u00eda y desde entonces se convirti\u00f3 en una casa de tapicer\u00eda donde trabajaban los hu\u00e9rfanos.<\/p>\n<p>Cuando se fund\u00f3 el Hospital General form\u00f3 parte de \u00e9l y se tra\u00edan ni\u00f1os para que aprendieran el oficio, pero dur\u00f3 poco. Actualmente es el Palacio de Arte Moderno<\/p>\n<h3>h) Casa de ni\u00f1os abandonados, en la calle Boulangers (I, 219)<\/h3>\n<p>Las Damas de la Caridad establecieron en esta calle de Boulangers, entre los a\u00f1os 1638 y 1645, una casa (Couche) para los ni\u00f1os abandonados. De esta casa se encarg\u00f3 personalmente Luisa de Marillac con sus Hijas de la Caridad sobre todo desde la ampliaci\u00f3n hecha en 1640.<\/p>\n<p>El lugar exacto de esta casa dentro de la calle no se conoce.<\/p>\n","protected":false},"excerpt":{"rendered":"<p>2) Otras casas en Par\u00eds a) Hospicio de Quinze-Vingts (15 x 20 = 300) (II, 425) Era un hospicio para ciegos. Fundado entre 1254 y 1261 por el rey San Luis en recuerdo de la &#8230; <a href=\"http:\/\/vincentians.com\/es\/casas-de-las-hijas-de-la-caridad-en-paris-en-tiempos-de-san-vicente-iii\/\" class=\"more-link\">Read More<\/a><\/p>\n","protected":false},"author":5,"featured_media":399748,"comment_status":"open","ping_status":"open","sticky":false,"template":"","format":"standard","meta":{"jetpack_post_was_ever_published":false,"_jetpack_newsletter_access":"","_jetpack_dont_email_post_to_subs":false,"_jetpack_newsletter_tier_id":0,"_jetpack_memberships_contains_paywalled_content":false,"_jetpack_memberships_contains_paid_content":false,"footnotes":"","jetpack_publicize_message":"","jetpack_publicize_feature_enabled":true,"jetpack_social_post_already_shared":true,"jetpack_social_options":{"image_generator_settings":{"template":"highway","default_image_id":0,"font":"","enabled":false},"version":2}},"categories":[17,237],"tags":[218,119,143],"class_list":["post-115059","post","type-post","status-publish","format-standard","has-post-thumbnail","hentry","category-en-tiempos-de-vicente-de-paul","category-historia-de-las-hijas-de-la-caridad","tag-abelly","tag-gondi","tag-san-lazaro"],"yoast_head":"<!-- This site is optimized with the Yoast SEO plugin v26.3 - https:\/\/yoast.com\/wordpress\/plugins\/seo\/ -->\n<title>Casas de las Hijas de la Caridad en Par\u00eds en tiempos de San Vicente (III) - Somos Vicencianos<\/title>\n<meta name=\"robots\" content=\"index, follow, max-snippet:-1, max-image-preview:large, max-video-preview:-1\" \/>\n<link rel=\"canonical\" href=\"http:\/\/vincentians.com\/es\/casas-de-las-hijas-de-la-caridad-en-paris-en-tiempos-de-san-vicente-iii\/\" \/>\n<meta property=\"og:locale\" content=\"es_ES\" \/>\n<meta property=\"og:type\" content=\"article\" \/>\n<meta property=\"og:title\" content=\"Casas de las Hijas de la Caridad en Par\u00eds en tiempos de San Vicente (III) - Somos Vicencianos\" \/>\n<meta property=\"og:description\" content=\"2) Otras casas en Par\u00eds a) Hospicio de Quinze-Vingts (15 x 20 = 300) (II, 425) Era un hospicio para ciegos. Fundado entre 1254 y 1261 por el rey San Luis en recuerdo de la ... Read More\" \/>\n<meta property=\"og:url\" content=\"http:\/\/vincentians.com\/es\/casas-de-las-hijas-de-la-caridad-en-paris-en-tiempos-de-san-vicente-iii\/\" \/>\n<meta property=\"og:site_name\" content=\"Somos Vicencianos\" \/>\n<meta property=\"article:publisher\" content=\"https:\/\/www.facebook.com\/WeAreVincentians\/\" \/>\n<meta property=\"article:published_time\" content=\"2019-02-21T07:03:07+00:00\" \/>\n<meta property=\"og:image\" content=\"https:\/\/i0.wp.com\/vincentians.com\/es\/wp-content\/uploads\/sites\/11\/2016\/08\/con-damas-de-la-caridad.jpg?fit=1200%2C630\" \/>\n\t<meta property=\"og:image:width\" content=\"1200\" \/>\n\t<meta property=\"og:image:height\" content=\"630\" \/>\n\t<meta property=\"og:image:type\" content=\"image\/jpeg\" \/>\n<meta name=\"author\" content=\"Mitxel Olabu\u00e9naga\" \/>\n<meta name=\"twitter:card\" content=\"summary_large_image\" \/>\n<meta name=\"twitter:creator\" content=\"@WeVincentians\" \/>\n<meta name=\"twitter:site\" content=\"@WeVincentians\" \/>\n<meta name=\"twitter:label1\" content=\"Escrito por\" \/>\n\t<meta name=\"twitter:data1\" content=\"Mitxel Olabu\u00e9naga\" \/>\n\t<meta name=\"twitter:label2\" content=\"Tiempo de lectura\" \/>\n\t<meta name=\"twitter:data2\" content=\"13 minutos\" \/>\n<script type=\"application\/ld+json\" class=\"yoast-schema-graph\">{\"@context\":\"https:\/\/schema.org\",\"@graph\":[{\"@type\":\"Article\",\"@id\":\"http:\/\/vincentians.com\/es\/casas-de-las-hijas-de-la-caridad-en-paris-en-tiempos-de-san-vicente-iii\/#article\",\"isPartOf\":{\"@id\":\"http:\/\/vincentians.com\/es\/casas-de-las-hijas-de-la-caridad-en-paris-en-tiempos-de-san-vicente-iii\/\"},\"author\":{\"name\":\"Mitxel Olabu\u00e9naga\",\"@id\":\"http:\/\/vincentians.com\/es\/#\/schema\/person\/7c2670b4445a7ca9d164ea6acdb31859\"},\"headline\":\"Casas de las Hijas de la Caridad en Par\u00eds en tiempos de San Vicente (III)\",\"datePublished\":\"2019-02-21T07:03:07+00:00\",\"mainEntityOfPage\":{\"@id\":\"http:\/\/vincentians.com\/es\/casas-de-las-hijas-de-la-caridad-en-paris-en-tiempos-de-san-vicente-iii\/\"},\"wordCount\":2576,\"commentCount\":0,\"publisher\":{\"@id\":\"http:\/\/vincentians.com\/es\/#organization\"},\"image\":{\"@id\":\"http:\/\/vincentians.com\/es\/casas-de-las-hijas-de-la-caridad-en-paris-en-tiempos-de-san-vicente-iii\/#primaryimage\"},\"thumbnailUrl\":\"https:\/\/i0.wp.com\/vincentians.com\/es\/wp-content\/uploads\/sites\/11\/2016\/08\/con-damas-de-la-caridad.jpg?fit=1200%2C630\",\"keywords\":[\"Abelly\",\"Gondi\",\"San L\u00e1zaro\"],\"articleSection\":[\"En tiempos de Vicente de Pa\u00fal\",\"Historia de las Hijas de la Caridad\"],\"inLanguage\":\"es\",\"potentialAction\":[{\"@type\":\"CommentAction\",\"name\":\"Comment\",\"target\":[\"http:\/\/vincentians.com\/es\/casas-de-las-hijas-de-la-caridad-en-paris-en-tiempos-de-san-vicente-iii\/#respond\"]}]},{\"@type\":\"WebPage\",\"@id\":\"http:\/\/vincentians.com\/es\/casas-de-las-hijas-de-la-caridad-en-paris-en-tiempos-de-san-vicente-iii\/\",\"url\":\"http:\/\/vincentians.com\/es\/casas-de-las-hijas-de-la-caridad-en-paris-en-tiempos-de-san-vicente-iii\/\",\"name\":\"Casas de las Hijas de la Caridad en Par\u00eds en tiempos de San Vicente (III) - Somos Vicencianos\",\"isPartOf\":{\"@id\":\"http:\/\/vincentians.com\/es\/#website\"},\"primaryImageOfPage\":{\"@id\":\"http:\/\/vincentians.com\/es\/casas-de-las-hijas-de-la-caridad-en-paris-en-tiempos-de-san-vicente-iii\/#primaryimage\"},\"image\":{\"@id\":\"http:\/\/vincentians.com\/es\/casas-de-las-hijas-de-la-caridad-en-paris-en-tiempos-de-san-vicente-iii\/#primaryimage\"},\"thumbnailUrl\":\"https:\/\/i0.wp.com\/vincentians.com\/es\/wp-content\/uploads\/sites\/11\/2016\/08\/con-damas-de-la-caridad.jpg?fit=1200%2C630\",\"datePublished\":\"2019-02-21T07:03:07+00:00\",\"breadcrumb\":{\"@id\":\"http:\/\/vincentians.com\/es\/casas-de-las-hijas-de-la-caridad-en-paris-en-tiempos-de-san-vicente-iii\/#breadcrumb\"},\"inLanguage\":\"es\",\"potentialAction\":[{\"@type\":\"ReadAction\",\"target\":[\"http:\/\/vincentians.com\/es\/casas-de-las-hijas-de-la-caridad-en-paris-en-tiempos-de-san-vicente-iii\/\"]}]},{\"@type\":\"ImageObject\",\"inLanguage\":\"es\",\"@id\":\"http:\/\/vincentians.com\/es\/casas-de-las-hijas-de-la-caridad-en-paris-en-tiempos-de-san-vicente-iii\/#primaryimage\",\"url\":\"https:\/\/i0.wp.com\/vincentians.com\/es\/wp-content\/uploads\/sites\/11\/2016\/08\/con-damas-de-la-caridad.jpg?fit=1200%2C630\",\"contentUrl\":\"https:\/\/i0.wp.com\/vincentians.com\/es\/wp-content\/uploads\/sites\/11\/2016\/08\/con-damas-de-la-caridad.jpg?fit=1200%2C630\",\"width\":1200,\"height\":630},{\"@type\":\"BreadcrumbList\",\"@id\":\"http:\/\/vincentians.com\/es\/casas-de-las-hijas-de-la-caridad-en-paris-en-tiempos-de-san-vicente-iii\/#breadcrumb\",\"itemListElement\":[{\"@type\":\"ListItem\",\"position\":1,\"name\":\"Portada\",\"item\":\"http:\/\/vincentians.com\/es\/\"},{\"@type\":\"ListItem\",\"position\":2,\"name\":\"Casas de las Hijas de la Caridad en Par\u00eds en tiempos de San Vicente (III)\"}]},{\"@type\":\"WebSite\",\"@id\":\"http:\/\/vincentians.com\/es\/#website\",\"url\":\"http:\/\/vincentians.com\/es\/\",\"name\":\"Somos Vicencianos\",\"description\":\"Know more to serve more\",\"publisher\":{\"@id\":\"http:\/\/vincentians.com\/es\/#organization\"},\"potentialAction\":[{\"@type\":\"SearchAction\",\"target\":{\"@type\":\"EntryPoint\",\"urlTemplate\":\"http:\/\/vincentians.com\/es\/?s={search_term_string}\"},\"query-input\":{\"@type\":\"PropertyValueSpecification\",\"valueRequired\":true,\"valueName\":\"search_term_string\"}}],\"inLanguage\":\"es\"},{\"@type\":\"Organization\",\"@id\":\"http:\/\/vincentians.com\/es\/#organization\",\"name\":\"The Vincentian Network\",\"url\":\"http:\/\/vincentians.com\/es\/\",\"logo\":{\"@type\":\"ImageObject\",\"inLanguage\":\"es\",\"@id\":\"http:\/\/vincentians.com\/es\/#\/schema\/logo\/image\/\",\"url\":\"https:\/\/i1.wp.com\/vincentians.com\/es\/wp-content\/uploads\/sites\/11\/2016\/06\/Vincentian-Network-logo-big.png?fit=778%2C778\",\"contentUrl\":\"https:\/\/i1.wp.com\/vincentians.com\/es\/wp-content\/uploads\/sites\/11\/2016\/06\/Vincentian-Network-logo-big.png?fit=778%2C778\",\"width\":778,\"height\":778,\"caption\":\"The Vincentian Network\"},\"image\":{\"@id\":\"http:\/\/vincentians.com\/es\/#\/schema\/logo\/image\/\"},\"sameAs\":[\"https:\/\/www.facebook.com\/WeAreVincentians\/\",\"https:\/\/x.com\/WeVincentians\"]},{\"@type\":\"Person\",\"@id\":\"http:\/\/vincentians.com\/es\/#\/schema\/person\/7c2670b4445a7ca9d164ea6acdb31859\",\"name\":\"Mitxel Olabu\u00e9naga\",\"image\":{\"@type\":\"ImageObject\",\"inLanguage\":\"es\",\"@id\":\"http:\/\/vincentians.com\/es\/#\/schema\/person\/image\/\",\"url\":\"https:\/\/secure.gravatar.com\/avatar\/34137ec2e2b8939cbbed975731e71f3f4f1defc7266ded337a5ce0f925426877?s=96&d=mm&r=g\",\"contentUrl\":\"https:\/\/secure.gravatar.com\/avatar\/34137ec2e2b8939cbbed975731e71f3f4f1defc7266ded337a5ce0f925426877?s=96&d=mm&r=g\",\"caption\":\"Mitxel Olabu\u00e9naga\"},\"url\":\"http:\/\/vincentians.com\/es\/author\/mitxel\/\"}]}<\/script>\n<!-- \/ Yoast SEO plugin. -->","yoast_head_json":{"title":"Casas de las Hijas de la Caridad en Par\u00eds en tiempos de San Vicente (III) - Somos Vicencianos","robots":{"index":"index","follow":"follow","max-snippet":"max-snippet:-1","max-image-preview":"max-image-preview:large","max-video-preview":"max-video-preview:-1"},"canonical":"http:\/\/vincentians.com\/es\/casas-de-las-hijas-de-la-caridad-en-paris-en-tiempos-de-san-vicente-iii\/","og_locale":"es_ES","og_type":"article","og_title":"Casas de las Hijas de la Caridad en Par\u00eds en tiempos de San Vicente (III) - Somos Vicencianos","og_description":"2) Otras casas en Par\u00eds a) Hospicio de Quinze-Vingts (15 x 20 = 300) (II, 425) Era un hospicio para ciegos. Fundado entre 1254 y 1261 por el rey San Luis en recuerdo de la ... Read More","og_url":"http:\/\/vincentians.com\/es\/casas-de-las-hijas-de-la-caridad-en-paris-en-tiempos-de-san-vicente-iii\/","og_site_name":"Somos Vicencianos","article_publisher":"https:\/\/www.facebook.com\/WeAreVincentians\/","article_published_time":"2019-02-21T07:03:07+00:00","og_image":[{"width":1200,"height":630,"url":"https:\/\/i0.wp.com\/vincentians.com\/es\/wp-content\/uploads\/sites\/11\/2016\/08\/con-damas-de-la-caridad.jpg?fit=1200%2C630","type":"image\/jpeg"}],"author":"Mitxel Olabu\u00e9naga","twitter_card":"summary_large_image","twitter_creator":"@WeVincentians","twitter_site":"@WeVincentians","twitter_misc":{"Escrito por":"Mitxel Olabu\u00e9naga","Tiempo de lectura":"13 minutos"},"schema":{"@context":"https:\/\/schema.org","@graph":[{"@type":"Article","@id":"http:\/\/vincentians.com\/es\/casas-de-las-hijas-de-la-caridad-en-paris-en-tiempos-de-san-vicente-iii\/#article","isPartOf":{"@id":"http:\/\/vincentians.com\/es\/casas-de-las-hijas-de-la-caridad-en-paris-en-tiempos-de-san-vicente-iii\/"},"author":{"name":"Mitxel Olabu\u00e9naga","@id":"http:\/\/vincentians.com\/es\/#\/schema\/person\/7c2670b4445a7ca9d164ea6acdb31859"},"headline":"Casas de las Hijas de la Caridad en Par\u00eds en tiempos de San Vicente (III)","datePublished":"2019-02-21T07:03:07+00:00","mainEntityOfPage":{"@id":"http:\/\/vincentians.com\/es\/casas-de-las-hijas-de-la-caridad-en-paris-en-tiempos-de-san-vicente-iii\/"},"wordCount":2576,"commentCount":0,"publisher":{"@id":"http:\/\/vincentians.com\/es\/#organization"},"image":{"@id":"http:\/\/vincentians.com\/es\/casas-de-las-hijas-de-la-caridad-en-paris-en-tiempos-de-san-vicente-iii\/#primaryimage"},"thumbnailUrl":"https:\/\/i0.wp.com\/vincentians.com\/es\/wp-content\/uploads\/sites\/11\/2016\/08\/con-damas-de-la-caridad.jpg?fit=1200%2C630","keywords":["Abelly","Gondi","San L\u00e1zaro"],"articleSection":["En tiempos de Vicente de Pa\u00fal","Historia de las Hijas de la Caridad"],"inLanguage":"es","potentialAction":[{"@type":"CommentAction","name":"Comment","target":["http:\/\/vincentians.com\/es\/casas-de-las-hijas-de-la-caridad-en-paris-en-tiempos-de-san-vicente-iii\/#respond"]}]},{"@type":"WebPage","@id":"http:\/\/vincentians.com\/es\/casas-de-las-hijas-de-la-caridad-en-paris-en-tiempos-de-san-vicente-iii\/","url":"http:\/\/vincentians.com\/es\/casas-de-las-hijas-de-la-caridad-en-paris-en-tiempos-de-san-vicente-iii\/","name":"Casas de las Hijas de la Caridad en Par\u00eds en tiempos de San Vicente (III) - Somos Vicencianos","isPartOf":{"@id":"http:\/\/vincentians.com\/es\/#website"},"primaryImageOfPage":{"@id":"http:\/\/vincentians.com\/es\/casas-de-las-hijas-de-la-caridad-en-paris-en-tiempos-de-san-vicente-iii\/#primaryimage"},"image":{"@id":"http:\/\/vincentians.com\/es\/casas-de-las-hijas-de-la-caridad-en-paris-en-tiempos-de-san-vicente-iii\/#primaryimage"},"thumbnailUrl":"https:\/\/i0.wp.com\/vincentians.com\/es\/wp-content\/uploads\/sites\/11\/2016\/08\/con-damas-de-la-caridad.jpg?fit=1200%2C630","datePublished":"2019-02-21T07:03:07+00:00","breadcrumb":{"@id":"http:\/\/vincentians.com\/es\/casas-de-las-hijas-de-la-caridad-en-paris-en-tiempos-de-san-vicente-iii\/#breadcrumb"},"inLanguage":"es","potentialAction":[{"@type":"ReadAction","target":["http:\/\/vincentians.com\/es\/casas-de-las-hijas-de-la-caridad-en-paris-en-tiempos-de-san-vicente-iii\/"]}]},{"@type":"ImageObject","inLanguage":"es","@id":"http:\/\/vincentians.com\/es\/casas-de-las-hijas-de-la-caridad-en-paris-en-tiempos-de-san-vicente-iii\/#primaryimage","url":"https:\/\/i0.wp.com\/vincentians.com\/es\/wp-content\/uploads\/sites\/11\/2016\/08\/con-damas-de-la-caridad.jpg?fit=1200%2C630","contentUrl":"https:\/\/i0.wp.com\/vincentians.com\/es\/wp-content\/uploads\/sites\/11\/2016\/08\/con-damas-de-la-caridad.jpg?fit=1200%2C630","width":1200,"height":630},{"@type":"BreadcrumbList","@id":"http:\/\/vincentians.com\/es\/casas-de-las-hijas-de-la-caridad-en-paris-en-tiempos-de-san-vicente-iii\/#breadcrumb","itemListElement":[{"@type":"ListItem","position":1,"name":"Portada","item":"http:\/\/vincentians.com\/es\/"},{"@type":"ListItem","position":2,"name":"Casas de las Hijas de la Caridad en Par\u00eds en tiempos de San Vicente (III)"}]},{"@type":"WebSite","@id":"http:\/\/vincentians.com\/es\/#website","url":"http:\/\/vincentians.com\/es\/","name":"Somos Vicencianos","description":"Know more to serve more","publisher":{"@id":"http:\/\/vincentians.com\/es\/#organization"},"potentialAction":[{"@type":"SearchAction","target":{"@type":"EntryPoint","urlTemplate":"http:\/\/vincentians.com\/es\/?s={search_term_string}"},"query-input":{"@type":"PropertyValueSpecification","valueRequired":true,"valueName":"search_term_string"}}],"inLanguage":"es"},{"@type":"Organization","@id":"http:\/\/vincentians.com\/es\/#organization","name":"The Vincentian Network","url":"http:\/\/vincentians.com\/es\/","logo":{"@type":"ImageObject","inLanguage":"es","@id":"http:\/\/vincentians.com\/es\/#\/schema\/logo\/image\/","url":"https:\/\/i1.wp.com\/vincentians.com\/es\/wp-content\/uploads\/sites\/11\/2016\/06\/Vincentian-Network-logo-big.png?fit=778%2C778","contentUrl":"https:\/\/i1.wp.com\/vincentians.com\/es\/wp-content\/uploads\/sites\/11\/2016\/06\/Vincentian-Network-logo-big.png?fit=778%2C778","width":778,"height":778,"caption":"The Vincentian Network"},"image":{"@id":"http:\/\/vincentians.com\/es\/#\/schema\/logo\/image\/"},"sameAs":["https:\/\/www.facebook.com\/WeAreVincentians\/","https:\/\/x.com\/WeVincentians"]},{"@type":"Person","@id":"http:\/\/vincentians.com\/es\/#\/schema\/person\/7c2670b4445a7ca9d164ea6acdb31859","name":"Mitxel Olabu\u00e9naga","image":{"@type":"ImageObject","inLanguage":"es","@id":"http:\/\/vincentians.com\/es\/#\/schema\/person\/image\/","url":"https:\/\/secure.gravatar.com\/avatar\/34137ec2e2b8939cbbed975731e71f3f4f1defc7266ded337a5ce0f925426877?s=96&d=mm&r=g","contentUrl":"https:\/\/secure.gravatar.com\/avatar\/34137ec2e2b8939cbbed975731e71f3f4f1defc7266ded337a5ce0f925426877?s=96&d=mm&r=g","caption":"Mitxel Olabu\u00e9naga"},"url":"http:\/\/vincentians.com\/es\/author\/mitxel\/"}]}},"jetpack_publicize_connections":[],"jetpack_featured_media_url":"https:\/\/i0.wp.com\/vincentians.com\/es\/wp-content\/uploads\/sites\/11\/2016\/08\/con-damas-de-la-caridad.jpg?fit=1200%2C630","jetpack_sharing_enabled":true,"jetpack_shortlink":"https:\/\/wp.me\/p7ETMF-tVN","jetpack-related-posts":[{"id":118131,"url":"http:\/\/vincentians.com\/es\/centenario-de-las-hermanas-de-la-caridad-en-el-hospicio-de-san-jose-manila-1965\/","url_meta":{"origin":115059,"position":0},"title":"Centenario de las Hermanas de la Caridad en el Hospicio de San Jos\u00e9 (Manila 1965)","author":"Mitxel Olabu\u00e9naga","date":"08\/03\/2013","format":false,"excerpt":"En el Hospicio de San Jos\u00e9, donde \"a ning\u00fan pobre le falt\u00f3 el pan de la tierra ni a ning\u00fan moribundo le falt\u00f3 el pan del Cielo\", se tuvo en los d\u00edas 27, 28 y 29 de junio de 1965 grandiosa celebra\u00adci\u00f3n del Centenario de la llegada de las Hermanas\u2026","rel":"","context":"En \u00abHistoria de las Hijas de la Caridad\u00bb","block_context":{"text":"Historia de las Hijas de la Caridad","link":"http:\/\/vincentians.com\/es\/category\/historia-de-la-familia-vicenciana\/historia-de-las-hijas-de-la-caridad\/"},"img":{"alt_text":"sam_0993","src":"https:\/\/i0.wp.com\/vicencianos.org\/wp-content\/2013\/02\/sam_0993.jpg?resize=350%2C200","width":350,"height":200},"classes":[]},{"id":130372,"url":"http:\/\/vincentians.com\/es\/un-perfil-heroico-santa-luisa-de-marillac-17\/","url_meta":{"origin":115059,"position":1},"title":"Un perfil heroico: santa Luisa de Marillac (17)","author":"Francisco Javier Fern\u00e1ndez Chento","date":"11\/03\/2015","format":false,"excerpt":"Id, pues, a las salidas de los caminos, y a todos cuantos encontr\u00e9is convidadlos a las bodas. (Mat., XXII.) Las obras emprendidas en la Caridad se afianzaban por todas partes bajo el prudente cuidado de los santos fundadores. Parec\u00eda imposible que dos vidas tan llenas pudieran multiplicarse nuevamente en el\u2026","rel":"","context":"En \u00abLuisa de Marillac\u00bb","block_context":{"text":"Luisa de Marillac","link":"http:\/\/vincentians.com\/es\/category\/la-familia-vicenciana\/fundadores\/luisa-de-marillac\/"},"img":{"alt_text":"OLYMPUS DIGITAL CAMERA","src":"https:\/\/i0.wp.com\/vicencianos.org\/wp-content\/2014\/04\/louise-marillac-300x248.jpg?resize=350%2C200","width":350,"height":200},"classes":[]},{"id":115056,"url":"http:\/\/vincentians.com\/es\/casas-de-las-hijas-de-la-caridad-en-paris-en-tiempos-de-san-vicente-i\/","url_meta":{"origin":115059,"position":2},"title":"Casas de las Hijas de la Caridad en Par\u00eds en tiempos de San Vicente (I)","author":"Mitxel Olabu\u00e9naga","date":"16\/03\/2019","format":false,"excerpt":"1) Parroquias a) San Salvador (II, 482) Fue la primera parroquia de Paris donde se estableci\u00f3, en el a\u00f1o 1629, una Cofrad\u00eda de la Caridad. Historia: En 1248 se construy\u00f3 una iglesia-capilla, en lugar de otra m\u00e1s peque\u00f1a, que era un anexo de la parroquia de San Germ\u00e1n L'Auxerrois y\u2026","rel":"","context":"En \u00abEn tiempos de Vicente de Pa\u00fal\u00bb","block_context":{"text":"En tiempos de Vicente de Pa\u00fal","link":"http:\/\/vincentians.com\/es\/category\/historia-de-la-familia-vicenciana\/en-tiempos-de-vicente-de-paul\/"},"img":{"alt_text":"","src":"https:\/\/i0.wp.com\/vincentians.com\/es\/wp-content\/uploads\/sites\/11\/2016\/08\/con-damas-de-la-caridad.jpg?fit=1200%2C630&resize=350%2C200","width":350,"height":200,"srcset":"https:\/\/i0.wp.com\/vincentians.com\/es\/wp-content\/uploads\/sites\/11\/2016\/08\/con-damas-de-la-caridad.jpg?fit=1200%2C630&resize=350%2C200 1x, https:\/\/i0.wp.com\/vincentians.com\/es\/wp-content\/uploads\/sites\/11\/2016\/08\/con-damas-de-la-caridad.jpg?fit=1200%2C630&resize=525%2C300 1.5x, https:\/\/i0.wp.com\/vincentians.com\/es\/wp-content\/uploads\/sites\/11\/2016\/08\/con-damas-de-la-caridad.jpg?fit=1200%2C630&resize=700%2C400 2x, https:\/\/i0.wp.com\/vincentians.com\/es\/wp-content\/uploads\/sites\/11\/2016\/08\/con-damas-de-la-caridad.jpg?fit=1200%2C630&resize=1050%2C600 3x"},"classes":[]},{"id":127443,"url":"http:\/\/vincentians.com\/es\/la-soledad-de-los-ancianos-ii\/","url_meta":{"origin":115059,"position":3},"title":"La soledad de los ancianos (II)","author":"Francisco Javier Fern\u00e1ndez Chento","date":"27\/02\/2024","format":false,"excerpt":"Elecci\u00f3n de los hospitalizados Santa Luisa concede una importancia capital, sobre todo al principio, al crear un ambiente de paz serena en la que se pueda colocar a estos pobres queridos. \"Qu\u00e9 grande es esta obra, escribe, y qu\u00e9 importante po\u00adnerle unos buenos cimientos, tanto para hacerla lo m\u00e1s per\u00adfecta\u2026","rel":"","context":"En \u00abFormaci\u00f3n Vicenciana\u00bb","block_context":{"text":"Formaci\u00f3n Vicenciana","link":"http:\/\/vincentians.com\/es\/category\/formacion-vicenciana\/"},"img":{"alt_text":"","src":"https:\/\/i0.wp.com\/vincentians.com\/es\/wp-content\/uploads\/sites\/11\/2023\/08\/aa.gif?fit=868%2C430&resize=350%2C200","width":350,"height":200,"srcset":"https:\/\/i0.wp.com\/vincentians.com\/es\/wp-content\/uploads\/sites\/11\/2023\/08\/aa.gif?fit=868%2C430&resize=350%2C200 1x, https:\/\/i0.wp.com\/vincentians.com\/es\/wp-content\/uploads\/sites\/11\/2023\/08\/aa.gif?fit=868%2C430&resize=525%2C300 1.5x, https:\/\/i0.wp.com\/vincentians.com\/es\/wp-content\/uploads\/sites\/11\/2023\/08\/aa.gif?fit=868%2C430&resize=700%2C400 2x"},"classes":[]},{"id":387343,"url":"http:\/\/vincentians.com\/es\/san-vicente-frente-a-las-realidades-de-su-tiempo\/","url_meta":{"origin":115059,"position":4},"title":"San Vicente frente a las realidades de su tiempo","author":"Francisco Javier Fern\u00e1ndez Chento","date":"24\/05\/2015","format":false,"excerpt":"A pesar de todas las influencias espirituales y la dif\u00edcil situaci\u00f3n de Francia en el Siglo XVII, realmente es el contacto con los pobres, desde la experiencia de la parroquia de Clichy, en las afueras de Par\u00eds, en que Vicente de Pa\u00fal empieza a encontrar el camino de lo que\u2026","rel":"","context":"En \u00abFormaci\u00f3n Vicenciana\u00bb","block_context":{"text":"Formaci\u00f3n Vicenciana","link":"http:\/\/vincentians.com\/es\/category\/formacion-vicenciana\/"},"img":{"alt_text":"san-vicente-de-paul-y-pobres","src":"https:\/\/i0.wp.com\/vicencianos.org\/wp-content\/2014\/04\/san-vicente-de-paul-y-pobres-300x208.jpg?resize=350%2C200","width":350,"height":200},"classes":[]},{"id":17368,"url":"http:\/\/vincentians.com\/es\/relato-de-maynard-de-la-translacion-de-las-reliquias-de-san-vicente-de-paul\/","url_meta":{"origin":115059,"position":5},"title":"Relato de Maynard de la traslaci\u00f3n de las reliquias de san Vicente de Pa\u00fal","author":"Francisco Javier Fern\u00e1ndez Chento","date":"17\/06\/2015","format":false,"excerpt":"Cerrada y sellada la urna el 23 de abril de 1830, al d\u00eda siguiente, 24, aniversario del nacimiento de san Vicente de Pa\u00fal, se la traslad\u00f3, del palacio episcopal a la iglesia metropolitana. Se hab\u00eda decorado el presbiterio, el coro, la nave y el p\u00f3rtico de la iglesia, tapizados merced\u2026","rel":"","context":"En \u00abEn tiempos de Vicente de Pa\u00fal\u00bb","block_context":{"text":"En tiempos de Vicente de Pa\u00fal","link":"http:\/\/vincentians.com\/es\/category\/historia-de-la-familia-vicenciana\/en-tiempos-de-vicente-de-paul\/"},"img":{"alt_text":"","src":"https:\/\/i0.wp.com\/vicencianos.org\/wp-content\/2013\/07\/traslacion-reliquias-vicente-300x201.jpg?resize=350%2C200","width":350,"height":200},"classes":[]}],"_links":{"self":[{"href":"http:\/\/vincentians.com\/es\/wp-json\/wp\/v2\/posts\/115059","targetHints":{"allow":["GET"]}}],"collection":[{"href":"http:\/\/vincentians.com\/es\/wp-json\/wp\/v2\/posts"}],"about":[{"href":"http:\/\/vincentians.com\/es\/wp-json\/wp\/v2\/types\/post"}],"author":[{"embeddable":true,"href":"http:\/\/vincentians.com\/es\/wp-json\/wp\/v2\/users\/5"}],"replies":[{"embeddable":true,"href":"http:\/\/vincentians.com\/es\/wp-json\/wp\/v2\/comments?post=115059"}],"version-history":[{"count":1,"href":"http:\/\/vincentians.com\/es\/wp-json\/wp\/v2\/posts\/115059\/revisions"}],"predecessor-version":[{"id":402124,"href":"http:\/\/vincentians.com\/es\/wp-json\/wp\/v2\/posts\/115059\/revisions\/402124"}],"wp:featuredmedia":[{"embeddable":true,"href":"http:\/\/vincentians.com\/es\/wp-json\/wp\/v2\/media\/399748"}],"wp:attachment":[{"href":"http:\/\/vincentians.com\/es\/wp-json\/wp\/v2\/media?parent=115059"}],"wp:term":[{"taxonomy":"category","embeddable":true,"href":"http:\/\/vincentians.com\/es\/wp-json\/wp\/v2\/categories?post=115059"},{"taxonomy":"post_tag","embeddable":true,"href":"http:\/\/vincentians.com\/es\/wp-json\/wp\/v2\/tags?post=115059"}],"curies":[{"name":"wp","href":"https:\/\/api.w.org\/{rel}","templated":true}]}}