{"id":11413,"date":"2023-08-27T08:00:15","date_gmt":"2023-08-27T06:00:15","guid":{"rendered":"http:\/\/somos.vicencianos.org\/blog\/2010\/03\/02\/portail-el-discipulo-y-colaborador\/"},"modified":"2023-08-02T17:26:00","modified_gmt":"2023-08-02T15:26:00","slug":"portail-el-discipulo-y-colaborador","status":"publish","type":"post","link":"http:\/\/vincentians.com\/es\/portail-el-discipulo-y-colaborador\/","title":{"rendered":"Portail, el disc\u00edpulo y colaborador"},"content":{"rendered":"<p>La primera escena en que encontramos a Portail como colaborador de Vicente tal vez tenemos que situarla en 1622. Vicente va a Marsella para tomar posesi\u00f3n de su responsabilidad como capell\u00e1n de las galeras, y Portail queda en su lugar en la parroquia y en las tareas de servicio a los pobres que realizaba Vicente, especialmente de los condenados a galeras. Los galeotes eran objeto de la atenci\u00f3n de Portail, las primicias de su ministerio. Junto a ellos conoce la cruda realidad de la pobreza y la violencia. Se sabe que, con frecuencia, pasaba temporadas conviviendo con ellos.<\/p>\n<p>El 16 de marzo de 1624, Portail toma posesi\u00f3n del Colegio de \u00abBons Enfants\u00bb en nombre de Vicente, designado para este cargo el 1\u00ba de marzo. En realidad, no eran m\u00e1s que ellos dos. Para las tareas misionales contrataban a un tercer sacerdote. Cuando sal\u00edan para predicar las misiones en las tierras de los Gondi y en otras parroquias, confiaban las llaves de la casa a un vecino.<\/p>\n<p>Vicente siempre fue consciente del papel desempe\u00f1ado por Portail en el origen y desarrollo de la Congregaci\u00f3n. En una conferencia de 1658, cuando recuerde los humildes or\u00edgenes, reivindicar\u00e1 la acci\u00f3n de Dios, pues \u00ab\u00bfQui\u00e9n es el que ha fundado la compa\u00f1\u00eda? \u00bfQui\u00e9n nos ha dedicado a las misiones, a los ordenandos, etc.? \u00bfHe sido yo? De ning\u00fan modo. \u00bfHa sido el P. Portail, a quien Dios junt\u00f3 conmigo desde el principio? Ni mucho menos; nosotros no\u00a0 pens\u00e1bamos en ello, ni ten\u00edamos ning\u00fan plan a este respecto. \u00bfQui\u00e9n ha sido entonces el autor de todo esto? Ha sido Dios, su providencia y su pura bondad\u00bb. Al reconocer a Dios como autor, no deja de valorar el papel que Portail desempe\u00f1\u00f3 en el origen de la Congregaci\u00f3n. Como alguien podr\u00eda preguntarse si no ser\u00eda obra de \u00e9l; por eso Vicente se adelanta a resolver la duda. Ni Portail, ni Vicente.<\/p>\n<p>Portail ser\u00e1 siempre el confidente con el que se comparten las inquietudes. Pongamos un ejemplo de los muchos que podr\u00edamos citar. Le escribe en 1635: \u00abEl n\u00famero de los que han entrado entre nosotros desde su partida es de seis. \u00a1Cu\u00e1nto temo, se\u00f1or, la muchedumbre (\u00a1!) y la propagaci\u00f3n!\u00bb<\/p>\n<p>En realidad era mucho m\u00e1s que un confidente. Pasados los a\u00f1os, cuando Vicente ya est\u00e9 anciano y enfermo, de alg\u00fan modo se le considerar\u00e1 su cuidador. As\u00ed, en una carta de la Duquesa de Aiguillon, se le reprocha que permita excesos corporales en Vicente en raz\u00f3n de su celo apost\u00f3lico: \u00abNo puedo menos de extra\u00f1arme de que el P. Portail y los dem\u00e1s buenos padres de San L\u00e1zaro permitan que el Sr. Vicente vaya a trabajar al campo con el calor que hace, con los a\u00f1os que tiene y estando tanto tiempo al aire con este sol. Me parece que su vida es demasiado preciosa y demasiado \u00fatil a la Iglesia para que le permitan prodigarla de este modo\u00bb.<\/p>\n<p>El P. Portail era un verdadero disc\u00edpulo espiritual de Vicente. Conoc\u00eda sus actitudes interiores y de d\u00f3nde proven\u00eda aquel gran celo que manifestaba en todo. La fuente era Jesucristo. He aqu\u00ed el testimonio que el Superior de una de sus casas nos ha dejado por escrito: \u00a0\u00abEl amor que el Sr. Vicente sent\u00eda por Nuestro Se\u00f1or, hac\u00eda que no le perdiera casi nunca de vista, andando siempre en su presencia y conform\u00e1ndose a \u00c9l en todos sus actos, palabras y pensamientos. Porque puedo decir en verdad, y lo sabemos todos, que no hablaba casi nunca sin que adujera al mismo tiempo alguna m\u00e1xima o alg\u00fan hecho del Hijo de Dios, \u00a1tan lleno estaba de su esp\u00edritu y tan de acuerdo con sus directrices! A menudo he admirado qu\u00e9 bien aplicaba y qu\u00e9 a prop\u00f3sito las palabras y los ejemplos del Divino Salvador. Y esto en todo lo que aconsejaba o recomendaba. He o\u00eddo decir a uno de los m\u00e1s antiguos sacerdotes de nuestra Congregaci\u00f3n, al Sr. Portail que lo conoc\u00eda y trataba con \u00e9l desde hacia cuarenta y cinco o cincuenta a\u00f1os, que el Sr. Vicente era una de las im\u00e1genes m\u00e1s perfectas de Jesucristo que hab\u00eda conocido en la tierra; y que no le hab\u00eda o\u00eddo nunca decir, ni visto hacer algo, que no estuviera relacionado con quien ha sido propuesto a los hombres como su ejemplo, y les ha dicho: Exemplum dedi vobis, ut quemadmodum ego feci, ita et vos faciatis.\u00bb<\/p>\n<p>El testimonio dado es la expresi\u00f3n del impacto que el maestro causaba en el disc\u00edpulo fiel y cercano. Y no cabe duda de que marc\u00f3 toda su vida.<\/p>\n","protected":false},"excerpt":{"rendered":"<p>La primera escena en que encontramos a Portail como colaborador de Vicente tal vez tenemos que situarla en 1622. Vicente va a Marsella para tomar posesi\u00f3n de su responsabilidad como capell\u00e1n de las galeras, y &#8230; <a href=\"http:\/\/vincentians.com\/es\/portail-el-discipulo-y-colaborador\/\" class=\"more-link\">Read More<\/a><\/p>\n","protected":false},"author":5,"featured_media":391249,"comment_status":"open","ping_status":"open","sticky":false,"template":"","format":"standard","meta":{"jetpack_post_was_ever_published":false,"_jetpack_newsletter_access":"","_jetpack_dont_email_post_to_subs":false,"_jetpack_newsletter_tier_id":0,"_jetpack_memberships_contains_paywalled_content":false,"_jetpack_memberships_contains_paid_content":false,"footnotes":"","jetpack_publicize_message":"","jetpack_publicize_feature_enabled":true,"jetpack_social_post_already_shared":true,"jetpack_social_options":{"image_generator_settings":{"template":"highway","default_image_id":0,"font":"","enabled":false},"version":2}},"categories":[19],"tags":[163,152,119,172,127,143],"class_list":["post-11413","post","type-post","status-publish","format-standard","has-post-thumbnail","hentry","category-biografias-de-misioneros-paules","tag-bons-enfants","tag-duquesa-de-aiguillon","tag-gondi","tag-pobreza","tag-portail","tag-san-lazaro"],"yoast_head":"<!-- This site is optimized with the Yoast SEO plugin v26.3 - https:\/\/yoast.com\/wordpress\/plugins\/seo\/ -->\n<title>Portail, el disc\u00edpulo y colaborador - Somos Vicencianos<\/title>\n<meta name=\"robots\" content=\"index, follow, max-snippet:-1, max-image-preview:large, max-video-preview:-1\" \/>\n<link rel=\"canonical\" href=\"http:\/\/vincentians.com\/es\/portail-el-discipulo-y-colaborador\/\" \/>\n<meta property=\"og:locale\" content=\"es_ES\" \/>\n<meta property=\"og:type\" content=\"article\" \/>\n<meta property=\"og:title\" content=\"Portail, el disc\u00edpulo y colaborador - Somos Vicencianos\" \/>\n<meta property=\"og:description\" content=\"La primera escena en que encontramos a Portail como colaborador de Vicente tal vez tenemos que situarla en 1622. Vicente va a Marsella para tomar posesi\u00f3n de su responsabilidad como capell\u00e1n de las galeras, y ... Read More\" \/>\n<meta property=\"og:url\" content=\"http:\/\/vincentians.com\/es\/portail-el-discipulo-y-colaborador\/\" \/>\n<meta property=\"og:site_name\" content=\"Somos Vicencianos\" \/>\n<meta property=\"article:publisher\" content=\"https:\/\/www.facebook.com\/WeAreVincentians\/\" \/>\n<meta property=\"article:published_time\" content=\"2023-08-27T06:00:15+00:00\" \/>\n<meta property=\"og:image\" content=\"https:\/\/i0.wp.com\/vincentians.com\/es\/wp-content\/uploads\/sites\/11\/2016\/07\/bio-cm.jpg?fit=1200%2C630\" \/>\n\t<meta property=\"og:image:width\" content=\"1200\" \/>\n\t<meta property=\"og:image:height\" content=\"630\" \/>\n\t<meta property=\"og:image:type\" content=\"image\/jpeg\" \/>\n<meta name=\"author\" content=\"Mitxel Olabu\u00e9naga\" \/>\n<meta name=\"twitter:card\" content=\"summary_large_image\" \/>\n<meta name=\"twitter:creator\" content=\"@WeVincentians\" \/>\n<meta name=\"twitter:site\" content=\"@WeVincentians\" \/>\n<meta name=\"twitter:label1\" content=\"Escrito por\" \/>\n\t<meta name=\"twitter:data1\" content=\"Mitxel Olabu\u00e9naga\" \/>\n\t<meta name=\"twitter:label2\" content=\"Tiempo de lectura\" \/>\n\t<meta name=\"twitter:data2\" content=\"4 minutos\" \/>\n<script type=\"application\/ld+json\" class=\"yoast-schema-graph\">{\"@context\":\"https:\/\/schema.org\",\"@graph\":[{\"@type\":\"Article\",\"@id\":\"http:\/\/vincentians.com\/es\/portail-el-discipulo-y-colaborador\/#article\",\"isPartOf\":{\"@id\":\"http:\/\/vincentians.com\/es\/portail-el-discipulo-y-colaborador\/\"},\"author\":{\"name\":\"Mitxel Olabu\u00e9naga\",\"@id\":\"http:\/\/vincentians.com\/es\/#\/schema\/person\/7c2670b4445a7ca9d164ea6acdb31859\"},\"headline\":\"Portail, el disc\u00edpulo y colaborador\",\"datePublished\":\"2023-08-27T06:00:15+00:00\",\"mainEntityOfPage\":{\"@id\":\"http:\/\/vincentians.com\/es\/portail-el-discipulo-y-colaborador\/\"},\"wordCount\":811,\"commentCount\":0,\"publisher\":{\"@id\":\"http:\/\/vincentians.com\/es\/#organization\"},\"image\":{\"@id\":\"http:\/\/vincentians.com\/es\/portail-el-discipulo-y-colaborador\/#primaryimage\"},\"thumbnailUrl\":\"https:\/\/i0.wp.com\/vincentians.com\/es\/wp-content\/uploads\/sites\/11\/2016\/07\/bio-cm.jpg?fit=1200%2C630\",\"keywords\":[\"Bons Enfants\",\"Duquesa de Aiguillon\",\"Gondi\",\"Pobreza\",\"Portail\",\"San L\u00e1zaro\"],\"articleSection\":[\"Biograf\u00edas de Misioneros Pa\u00fales\"],\"inLanguage\":\"es\",\"potentialAction\":[{\"@type\":\"CommentAction\",\"name\":\"Comment\",\"target\":[\"http:\/\/vincentians.com\/es\/portail-el-discipulo-y-colaborador\/#respond\"]}]},{\"@type\":\"WebPage\",\"@id\":\"http:\/\/vincentians.com\/es\/portail-el-discipulo-y-colaborador\/\",\"url\":\"http:\/\/vincentians.com\/es\/portail-el-discipulo-y-colaborador\/\",\"name\":\"Portail, el disc\u00edpulo y colaborador - Somos Vicencianos\",\"isPartOf\":{\"@id\":\"http:\/\/vincentians.com\/es\/#website\"},\"primaryImageOfPage\":{\"@id\":\"http:\/\/vincentians.com\/es\/portail-el-discipulo-y-colaborador\/#primaryimage\"},\"image\":{\"@id\":\"http:\/\/vincentians.com\/es\/portail-el-discipulo-y-colaborador\/#primaryimage\"},\"thumbnailUrl\":\"https:\/\/i0.wp.com\/vincentians.com\/es\/wp-content\/uploads\/sites\/11\/2016\/07\/bio-cm.jpg?fit=1200%2C630\",\"datePublished\":\"2023-08-27T06:00:15+00:00\",\"breadcrumb\":{\"@id\":\"http:\/\/vincentians.com\/es\/portail-el-discipulo-y-colaborador\/#breadcrumb\"},\"inLanguage\":\"es\",\"potentialAction\":[{\"@type\":\"ReadAction\",\"target\":[\"http:\/\/vincentians.com\/es\/portail-el-discipulo-y-colaborador\/\"]}]},{\"@type\":\"ImageObject\",\"inLanguage\":\"es\",\"@id\":\"http:\/\/vincentians.com\/es\/portail-el-discipulo-y-colaborador\/#primaryimage\",\"url\":\"https:\/\/i0.wp.com\/vincentians.com\/es\/wp-content\/uploads\/sites\/11\/2016\/07\/bio-cm.jpg?fit=1200%2C630\",\"contentUrl\":\"https:\/\/i0.wp.com\/vincentians.com\/es\/wp-content\/uploads\/sites\/11\/2016\/07\/bio-cm.jpg?fit=1200%2C630\",\"width\":1200,\"height\":630},{\"@type\":\"BreadcrumbList\",\"@id\":\"http:\/\/vincentians.com\/es\/portail-el-discipulo-y-colaborador\/#breadcrumb\",\"itemListElement\":[{\"@type\":\"ListItem\",\"position\":1,\"name\":\"Portada\",\"item\":\"http:\/\/vincentians.com\/es\/\"},{\"@type\":\"ListItem\",\"position\":2,\"name\":\"Portail, el disc\u00edpulo y colaborador\"}]},{\"@type\":\"WebSite\",\"@id\":\"http:\/\/vincentians.com\/es\/#website\",\"url\":\"http:\/\/vincentians.com\/es\/\",\"name\":\"Somos Vicencianos\",\"description\":\"Know more to serve more\",\"publisher\":{\"@id\":\"http:\/\/vincentians.com\/es\/#organization\"},\"potentialAction\":[{\"@type\":\"SearchAction\",\"target\":{\"@type\":\"EntryPoint\",\"urlTemplate\":\"http:\/\/vincentians.com\/es\/?s={search_term_string}\"},\"query-input\":{\"@type\":\"PropertyValueSpecification\",\"valueRequired\":true,\"valueName\":\"search_term_string\"}}],\"inLanguage\":\"es\"},{\"@type\":\"Organization\",\"@id\":\"http:\/\/vincentians.com\/es\/#organization\",\"name\":\"The Vincentian Network\",\"url\":\"http:\/\/vincentians.com\/es\/\",\"logo\":{\"@type\":\"ImageObject\",\"inLanguage\":\"es\",\"@id\":\"http:\/\/vincentians.com\/es\/#\/schema\/logo\/image\/\",\"url\":\"https:\/\/i1.wp.com\/vincentians.com\/es\/wp-content\/uploads\/sites\/11\/2016\/06\/Vincentian-Network-logo-big.png?fit=778%2C778\",\"contentUrl\":\"https:\/\/i1.wp.com\/vincentians.com\/es\/wp-content\/uploads\/sites\/11\/2016\/06\/Vincentian-Network-logo-big.png?fit=778%2C778\",\"width\":778,\"height\":778,\"caption\":\"The Vincentian Network\"},\"image\":{\"@id\":\"http:\/\/vincentians.com\/es\/#\/schema\/logo\/image\/\"},\"sameAs\":[\"https:\/\/www.facebook.com\/WeAreVincentians\/\",\"https:\/\/x.com\/WeVincentians\"]},{\"@type\":\"Person\",\"@id\":\"http:\/\/vincentians.com\/es\/#\/schema\/person\/7c2670b4445a7ca9d164ea6acdb31859\",\"name\":\"Mitxel Olabu\u00e9naga\",\"image\":{\"@type\":\"ImageObject\",\"inLanguage\":\"es\",\"@id\":\"http:\/\/vincentians.com\/es\/#\/schema\/person\/image\/\",\"url\":\"https:\/\/secure.gravatar.com\/avatar\/34137ec2e2b8939cbbed975731e71f3f4f1defc7266ded337a5ce0f925426877?s=96&d=mm&r=g\",\"contentUrl\":\"https:\/\/secure.gravatar.com\/avatar\/34137ec2e2b8939cbbed975731e71f3f4f1defc7266ded337a5ce0f925426877?s=96&d=mm&r=g\",\"caption\":\"Mitxel Olabu\u00e9naga\"},\"url\":\"http:\/\/vincentians.com\/es\/author\/mitxel\/\"}]}<\/script>\n<!-- \/ Yoast SEO plugin. -->","yoast_head_json":{"title":"Portail, el disc\u00edpulo y colaborador - Somos Vicencianos","robots":{"index":"index","follow":"follow","max-snippet":"max-snippet:-1","max-image-preview":"max-image-preview:large","max-video-preview":"max-video-preview:-1"},"canonical":"http:\/\/vincentians.com\/es\/portail-el-discipulo-y-colaborador\/","og_locale":"es_ES","og_type":"article","og_title":"Portail, el disc\u00edpulo y colaborador - Somos Vicencianos","og_description":"La primera escena en que encontramos a Portail como colaborador de Vicente tal vez tenemos que situarla en 1622. Vicente va a Marsella para tomar posesi\u00f3n de su responsabilidad como capell\u00e1n de las galeras, y ... Read More","og_url":"http:\/\/vincentians.com\/es\/portail-el-discipulo-y-colaborador\/","og_site_name":"Somos Vicencianos","article_publisher":"https:\/\/www.facebook.com\/WeAreVincentians\/","article_published_time":"2023-08-27T06:00:15+00:00","og_image":[{"width":1200,"height":630,"url":"https:\/\/i0.wp.com\/vincentians.com\/es\/wp-content\/uploads\/sites\/11\/2016\/07\/bio-cm.jpg?fit=1200%2C630","type":"image\/jpeg"}],"author":"Mitxel Olabu\u00e9naga","twitter_card":"summary_large_image","twitter_creator":"@WeVincentians","twitter_site":"@WeVincentians","twitter_misc":{"Escrito por":"Mitxel Olabu\u00e9naga","Tiempo de lectura":"4 minutos"},"schema":{"@context":"https:\/\/schema.org","@graph":[{"@type":"Article","@id":"http:\/\/vincentians.com\/es\/portail-el-discipulo-y-colaborador\/#article","isPartOf":{"@id":"http:\/\/vincentians.com\/es\/portail-el-discipulo-y-colaborador\/"},"author":{"name":"Mitxel Olabu\u00e9naga","@id":"http:\/\/vincentians.com\/es\/#\/schema\/person\/7c2670b4445a7ca9d164ea6acdb31859"},"headline":"Portail, el disc\u00edpulo y colaborador","datePublished":"2023-08-27T06:00:15+00:00","mainEntityOfPage":{"@id":"http:\/\/vincentians.com\/es\/portail-el-discipulo-y-colaborador\/"},"wordCount":811,"commentCount":0,"publisher":{"@id":"http:\/\/vincentians.com\/es\/#organization"},"image":{"@id":"http:\/\/vincentians.com\/es\/portail-el-discipulo-y-colaborador\/#primaryimage"},"thumbnailUrl":"https:\/\/i0.wp.com\/vincentians.com\/es\/wp-content\/uploads\/sites\/11\/2016\/07\/bio-cm.jpg?fit=1200%2C630","keywords":["Bons Enfants","Duquesa de Aiguillon","Gondi","Pobreza","Portail","San L\u00e1zaro"],"articleSection":["Biograf\u00edas de Misioneros Pa\u00fales"],"inLanguage":"es","potentialAction":[{"@type":"CommentAction","name":"Comment","target":["http:\/\/vincentians.com\/es\/portail-el-discipulo-y-colaborador\/#respond"]}]},{"@type":"WebPage","@id":"http:\/\/vincentians.com\/es\/portail-el-discipulo-y-colaborador\/","url":"http:\/\/vincentians.com\/es\/portail-el-discipulo-y-colaborador\/","name":"Portail, el disc\u00edpulo y colaborador - Somos Vicencianos","isPartOf":{"@id":"http:\/\/vincentians.com\/es\/#website"},"primaryImageOfPage":{"@id":"http:\/\/vincentians.com\/es\/portail-el-discipulo-y-colaborador\/#primaryimage"},"image":{"@id":"http:\/\/vincentians.com\/es\/portail-el-discipulo-y-colaborador\/#primaryimage"},"thumbnailUrl":"https:\/\/i0.wp.com\/vincentians.com\/es\/wp-content\/uploads\/sites\/11\/2016\/07\/bio-cm.jpg?fit=1200%2C630","datePublished":"2023-08-27T06:00:15+00:00","breadcrumb":{"@id":"http:\/\/vincentians.com\/es\/portail-el-discipulo-y-colaborador\/#breadcrumb"},"inLanguage":"es","potentialAction":[{"@type":"ReadAction","target":["http:\/\/vincentians.com\/es\/portail-el-discipulo-y-colaborador\/"]}]},{"@type":"ImageObject","inLanguage":"es","@id":"http:\/\/vincentians.com\/es\/portail-el-discipulo-y-colaborador\/#primaryimage","url":"https:\/\/i0.wp.com\/vincentians.com\/es\/wp-content\/uploads\/sites\/11\/2016\/07\/bio-cm.jpg?fit=1200%2C630","contentUrl":"https:\/\/i0.wp.com\/vincentians.com\/es\/wp-content\/uploads\/sites\/11\/2016\/07\/bio-cm.jpg?fit=1200%2C630","width":1200,"height":630},{"@type":"BreadcrumbList","@id":"http:\/\/vincentians.com\/es\/portail-el-discipulo-y-colaborador\/#breadcrumb","itemListElement":[{"@type":"ListItem","position":1,"name":"Portada","item":"http:\/\/vincentians.com\/es\/"},{"@type":"ListItem","position":2,"name":"Portail, el disc\u00edpulo y colaborador"}]},{"@type":"WebSite","@id":"http:\/\/vincentians.com\/es\/#website","url":"http:\/\/vincentians.com\/es\/","name":"Somos Vicencianos","description":"Know more to serve more","publisher":{"@id":"http:\/\/vincentians.com\/es\/#organization"},"potentialAction":[{"@type":"SearchAction","target":{"@type":"EntryPoint","urlTemplate":"http:\/\/vincentians.com\/es\/?s={search_term_string}"},"query-input":{"@type":"PropertyValueSpecification","valueRequired":true,"valueName":"search_term_string"}}],"inLanguage":"es"},{"@type":"Organization","@id":"http:\/\/vincentians.com\/es\/#organization","name":"The Vincentian Network","url":"http:\/\/vincentians.com\/es\/","logo":{"@type":"ImageObject","inLanguage":"es","@id":"http:\/\/vincentians.com\/es\/#\/schema\/logo\/image\/","url":"https:\/\/i1.wp.com\/vincentians.com\/es\/wp-content\/uploads\/sites\/11\/2016\/06\/Vincentian-Network-logo-big.png?fit=778%2C778","contentUrl":"https:\/\/i1.wp.com\/vincentians.com\/es\/wp-content\/uploads\/sites\/11\/2016\/06\/Vincentian-Network-logo-big.png?fit=778%2C778","width":778,"height":778,"caption":"The Vincentian Network"},"image":{"@id":"http:\/\/vincentians.com\/es\/#\/schema\/logo\/image\/"},"sameAs":["https:\/\/www.facebook.com\/WeAreVincentians\/","https:\/\/x.com\/WeVincentians"]},{"@type":"Person","@id":"http:\/\/vincentians.com\/es\/#\/schema\/person\/7c2670b4445a7ca9d164ea6acdb31859","name":"Mitxel Olabu\u00e9naga","image":{"@type":"ImageObject","inLanguage":"es","@id":"http:\/\/vincentians.com\/es\/#\/schema\/person\/image\/","url":"https:\/\/secure.gravatar.com\/avatar\/34137ec2e2b8939cbbed975731e71f3f4f1defc7266ded337a5ce0f925426877?s=96&d=mm&r=g","contentUrl":"https:\/\/secure.gravatar.com\/avatar\/34137ec2e2b8939cbbed975731e71f3f4f1defc7266ded337a5ce0f925426877?s=96&d=mm&r=g","caption":"Mitxel Olabu\u00e9naga"},"url":"http:\/\/vincentians.com\/es\/author\/mitxel\/"}]}},"jetpack_publicize_connections":[],"jetpack_featured_media_url":"https:\/\/i0.wp.com\/vincentians.com\/es\/wp-content\/uploads\/sites\/11\/2016\/07\/bio-cm.jpg?fit=1200%2C630","jetpack_sharing_enabled":true,"jetpack_shortlink":"https:\/\/wp.me\/p7ETMF-2Y5","jetpack-related-posts":[{"id":115258,"url":"http:\/\/vincentians.com\/es\/casas-de-la-congregacion-de-la-mision-en-paris-en-tiempos-de-san-vicente-i\/","url_meta":{"origin":11413,"position":0},"title":"Casas de la Congregaci\u00f3n de la Misi\u00f3n en Par\u00eds en tiempos de San Vicente (I)","author":"Francisco Javier Fern\u00e1ndez Chento","date":"04\/10\/2018","format":false,"excerpt":"Bons-Enfants (En la calle des Ecoles n2 2-4) Hacia 1250 ya exist\u00eda la casa con el nombre de Colegio de Bons-Enfants. Era un Colegio Menor fundado por el Rey San Luis que le dej\u00f3 unas \u00f3n0 libras de renta. La finca ten\u00eda unos 4.000 m 2 y los edificios ocupaban\u2026","rel":"","context":"En \u00abEn tiempos de Vicente de Pa\u00fal\u00bb","block_context":{"text":"En tiempos de Vicente de Pa\u00fal","link":"http:\/\/vincentians.com\/es\/category\/historia-de-la-familia-vicenciana\/en-tiempos-de-vicente-de-paul\/"},"img":{"alt_text":"","src":"https:\/\/i0.wp.com\/vincentians.com\/es\/wp-content\/uploads\/sites\/11\/2015\/04\/tres-descubrimientos-de-Vicente-de-Paul.jpg?fit=1200%2C630&resize=350%2C200","width":350,"height":200,"srcset":"https:\/\/i0.wp.com\/vincentians.com\/es\/wp-content\/uploads\/sites\/11\/2015\/04\/tres-descubrimientos-de-Vicente-de-Paul.jpg?fit=1200%2C630&resize=350%2C200 1x, https:\/\/i0.wp.com\/vincentians.com\/es\/wp-content\/uploads\/sites\/11\/2015\/04\/tres-descubrimientos-de-Vicente-de-Paul.jpg?fit=1200%2C630&resize=525%2C300 1.5x, https:\/\/i0.wp.com\/vincentians.com\/es\/wp-content\/uploads\/sites\/11\/2015\/04\/tres-descubrimientos-de-Vicente-de-Paul.jpg?fit=1200%2C630&resize=700%2C400 2x, https:\/\/i0.wp.com\/vincentians.com\/es\/wp-content\/uploads\/sites\/11\/2015\/04\/tres-descubrimientos-de-Vicente-de-Paul.jpg?fit=1200%2C630&resize=1050%2C600 3x"},"classes":[]},{"id":119709,"url":"http:\/\/vincentians.com\/es\/el-senor-vicente-relee-su-vida-misionero\/","url_meta":{"origin":11413,"position":1},"title":"El Se\u00f1or Vicente relee su vida: Misionero","author":"Francisco Javier Fern\u00e1ndez Chento","date":"19\/04\/2022","format":false,"excerpt":"Siete largos a\u00f1os van ante todo a transcurrir, en la misma l\u00ednea que los tres precedentes: misionar s\u00f3lo en los pueblos de las tierras de los Gondi, y sin embargo de manera muy diferente. Entregado del todo a estas misiones a las pobres gentes de los campos, tengo ahora mi\u2026","rel":"","context":"En \u00abVicente de Pa\u00fal\u00bb","block_context":{"text":"Vicente de Pa\u00fal","link":"http:\/\/vincentians.com\/es\/category\/la-familia-vicenciana\/fundadores\/vicente-de-paul\/"},"img":{"alt_text":"","src":"https:\/\/i0.wp.com\/vincentians.com\/es\/wp-content\/uploads\/sites\/11\/2013\/04\/f-8-scaled.jpg?fit=1200%2C570&resize=350%2C200","width":350,"height":200,"srcset":"https:\/\/i0.wp.com\/vincentians.com\/es\/wp-content\/uploads\/sites\/11\/2013\/04\/f-8-scaled.jpg?fit=1200%2C570&resize=350%2C200 1x, https:\/\/i0.wp.com\/vincentians.com\/es\/wp-content\/uploads\/sites\/11\/2013\/04\/f-8-scaled.jpg?fit=1200%2C570&resize=525%2C300 1.5x, https:\/\/i0.wp.com\/vincentians.com\/es\/wp-content\/uploads\/sites\/11\/2013\/04\/f-8-scaled.jpg?fit=1200%2C570&resize=700%2C400 2x, https:\/\/i0.wp.com\/vincentians.com\/es\/wp-content\/uploads\/sites\/11\/2013\/04\/f-8-scaled.jpg?fit=1200%2C570&resize=1050%2C600 3x"},"classes":[]},{"id":3683,"url":"http:\/\/vincentians.com\/es\/vicente-de-paul-documento-031-poderes-dados-por-san-vicente-a-los-pp-portail-y-feron-para-tomar-posesion-del-colegio-de-bons-enfants\/","url_meta":{"origin":11413,"position":2},"title":"Vicente de Pa\u00fal, Documento 031: Poderes Dados Por San Vicente A Los PP. Portail Y Feron Para Tomar Posesi\u00f3n Del Colegio De Bons-Enfants","author":"Francisco Javier Fern\u00e1ndez Chento","date":"08\/01\/2010","format":false,"excerpt":"2 marzo 1624 En nombre del Se\u00f1or. Am\u00e9n. Sea conocido de todos, por el tenor de este p\u00fablico instrumento, que en el a\u00f1o 1624, s\u00e1bado d\u00eda 2 del mes de marzo por la tarde ante m\u00ed, Tom\u00e1s Gallot cl\u00e9rigo de Par\u00eds, licenciado en ambos derechos civil y can\u00f3nico, por autoridad\u2026","rel":"","context":"En \u00abEscritos de Vicente de Pa\u00fal\u00bb","block_context":{"text":"Escritos de Vicente de Pa\u00fal","link":"http:\/\/vincentians.com\/es\/category\/escritos\/escritos-de-vicente-de-paul\/"},"img":{"alt_text":"","src":"https:\/\/i0.wp.com\/vincentians.com\/es\/wp-content\/uploads\/sites\/11\/2016\/07\/escritos-vicente-de-paul.jpg?fit=1200%2C630&resize=350%2C200","width":350,"height":200,"srcset":"https:\/\/i0.wp.com\/vincentians.com\/es\/wp-content\/uploads\/sites\/11\/2016\/07\/escritos-vicente-de-paul.jpg?fit=1200%2C630&resize=350%2C200 1x, https:\/\/i0.wp.com\/vincentians.com\/es\/wp-content\/uploads\/sites\/11\/2016\/07\/escritos-vicente-de-paul.jpg?fit=1200%2C630&resize=525%2C300 1.5x, https:\/\/i0.wp.com\/vincentians.com\/es\/wp-content\/uploads\/sites\/11\/2016\/07\/escritos-vicente-de-paul.jpg?fit=1200%2C630&resize=700%2C400 2x, https:\/\/i0.wp.com\/vincentians.com\/es\/wp-content\/uploads\/sites\/11\/2016\/07\/escritos-vicente-de-paul.jpg?fit=1200%2C630&resize=1050%2C600 3x"},"classes":[]},{"id":24212,"url":"http:\/\/vincentians.com\/es\/obrero-de-la-primera-hora-padre-portail-en-mosaico-i\/","url_meta":{"origin":11413,"position":3},"title":"Obrero de la primera hora: Padre Portail en mosaico (I)","author":"Francisco Javier Fern\u00e1ndez Chento","date":"18\/05\/2021","format":false,"excerpt":"Al convocar el A\u00f1o Jubilar de la Familia Vicenciana, a trav\u00e9s de la circular de 13 de mayo de 2009, el Superior General quiso recordar: \"Adem\u00e1s de celebrar la muerte y la resurrecci\u00f3n de San Vicente y Santa Luisa, celebraremos tambi\u00e9n la muerte y resurrecci\u00f3n de un compa\u00f1ero muy pr\u00f3ximo,\u2026","rel":"","context":"En \u00abEn tiempos de Vicente de Pa\u00fal\u00bb","block_context":{"text":"En tiempos de Vicente de Pa\u00fal","link":"http:\/\/vincentians.com\/es\/category\/historia-de-la-familia-vicenciana\/en-tiempos-de-vicente-de-paul\/"},"img":{"alt_text":"","src":"https:\/\/i0.wp.com\/vincentians.com\/es\/wp-content\/uploads\/sites\/11\/2016\/09\/enviados-evangelizar-pobres.jpg?fit=1200%2C630&resize=350%2C200","width":350,"height":200,"srcset":"https:\/\/i0.wp.com\/vincentians.com\/es\/wp-content\/uploads\/sites\/11\/2016\/09\/enviados-evangelizar-pobres.jpg?fit=1200%2C630&resize=350%2C200 1x, https:\/\/i0.wp.com\/vincentians.com\/es\/wp-content\/uploads\/sites\/11\/2016\/09\/enviados-evangelizar-pobres.jpg?fit=1200%2C630&resize=525%2C300 1.5x, https:\/\/i0.wp.com\/vincentians.com\/es\/wp-content\/uploads\/sites\/11\/2016\/09\/enviados-evangelizar-pobres.jpg?fit=1200%2C630&resize=700%2C400 2x, https:\/\/i0.wp.com\/vincentians.com\/es\/wp-content\/uploads\/sites\/11\/2016\/09\/enviados-evangelizar-pobres.jpg?fit=1200%2C630&resize=1050%2C600 3x"},"classes":[]},{"id":100656,"url":"http:\/\/vincentians.com\/es\/vicente-de-paul-carta-0956-a-juan-martin\/","url_meta":{"origin":11413,"position":4},"title":"Vicente de Pa\u00fal, Carta 0956: A Juan Martin","author":"Francisco Javier Fern\u00e1ndez Chento","date":"03\/09\/2012","format":false,"excerpt":"Par\u00eds, 11 enero 1647. Padre: La gracia de Nuestro Se\u00f1or sea siempre con nosotros. Recib\u00ed su querida carta con un afecto muy sincero y cari\u00f1oso por su querida alma, que cada vez me parece m\u00e1s bendecida y escogida por la mano de Dios para procurar su gloria en las almas\u2026","rel":"","context":"En \u00abEscritos de Vicente de Pa\u00fal\u00bb","block_context":{"text":"Escritos de Vicente de Pa\u00fal","link":"http:\/\/vincentians.com\/es\/category\/escritos\/escritos-de-vicente-de-paul\/"},"img":{"alt_text":"","src":"https:\/\/i0.wp.com\/vincentians.com\/es\/wp-content\/uploads\/sites\/11\/2016\/07\/escritos-vicente-de-paul.jpg?fit=1200%2C630&resize=350%2C200","width":350,"height":200,"srcset":"https:\/\/i0.wp.com\/vincentians.com\/es\/wp-content\/uploads\/sites\/11\/2016\/07\/escritos-vicente-de-paul.jpg?fit=1200%2C630&resize=350%2C200 1x, https:\/\/i0.wp.com\/vincentians.com\/es\/wp-content\/uploads\/sites\/11\/2016\/07\/escritos-vicente-de-paul.jpg?fit=1200%2C630&resize=525%2C300 1.5x, https:\/\/i0.wp.com\/vincentians.com\/es\/wp-content\/uploads\/sites\/11\/2016\/07\/escritos-vicente-de-paul.jpg?fit=1200%2C630&resize=700%2C400 2x, https:\/\/i0.wp.com\/vincentians.com\/es\/wp-content\/uploads\/sites\/11\/2016\/07\/escritos-vicente-de-paul.jpg?fit=1200%2C630&resize=1050%2C600 3x"},"classes":[]},{"id":117490,"url":"http:\/\/vincentians.com\/es\/vicente-de-paul-carta-1060-a-antonio-portail-sacerdote-de-la-mision-en-marsella\/","url_meta":{"origin":11413,"position":5},"title":"Vicente de Pa\u00fal, Carta 1060: A Antonio Portail, Sacerdote De La Misi\u00f3n, En Marsella","author":"Francisco Javier Fern\u00e1ndez Chento","date":"23\/01\/2013","format":false,"excerpt":"Par\u00eds. 7 febrero 1648. Padre: La gracia de Nuestro Se\u00f1or sea siempre con nosotros. \u00a1Dios m\u00edo! \u00a1Cu\u00e1nto me consuela la conferencia que ha tenido usted sobre los defectos de las misiones en las galeras! El fruto que se ha sacado es una se\u00f1al de que Dios ha visto con agrado\u2026","rel":"","context":"En \u00abEscritos de Vicente de Pa\u00fal\u00bb","block_context":{"text":"Escritos de Vicente de Pa\u00fal","link":"http:\/\/vincentians.com\/es\/category\/escritos\/escritos-de-vicente-de-paul\/"},"img":{"alt_text":"","src":"https:\/\/i0.wp.com\/vincentians.com\/es\/wp-content\/uploads\/sites\/11\/2016\/07\/escritos-vicente-de-paul.jpg?fit=1200%2C630&resize=350%2C200","width":350,"height":200,"srcset":"https:\/\/i0.wp.com\/vincentians.com\/es\/wp-content\/uploads\/sites\/11\/2016\/07\/escritos-vicente-de-paul.jpg?fit=1200%2C630&resize=350%2C200 1x, https:\/\/i0.wp.com\/vincentians.com\/es\/wp-content\/uploads\/sites\/11\/2016\/07\/escritos-vicente-de-paul.jpg?fit=1200%2C630&resize=525%2C300 1.5x, https:\/\/i0.wp.com\/vincentians.com\/es\/wp-content\/uploads\/sites\/11\/2016\/07\/escritos-vicente-de-paul.jpg?fit=1200%2C630&resize=700%2C400 2x, https:\/\/i0.wp.com\/vincentians.com\/es\/wp-content\/uploads\/sites\/11\/2016\/07\/escritos-vicente-de-paul.jpg?fit=1200%2C630&resize=1050%2C600 3x"},"classes":[]}],"_links":{"self":[{"href":"http:\/\/vincentians.com\/es\/wp-json\/wp\/v2\/posts\/11413","targetHints":{"allow":["GET"]}}],"collection":[{"href":"http:\/\/vincentians.com\/es\/wp-json\/wp\/v2\/posts"}],"about":[{"href":"http:\/\/vincentians.com\/es\/wp-json\/wp\/v2\/types\/post"}],"author":[{"embeddable":true,"href":"http:\/\/vincentians.com\/es\/wp-json\/wp\/v2\/users\/5"}],"replies":[{"embeddable":true,"href":"http:\/\/vincentians.com\/es\/wp-json\/wp\/v2\/comments?post=11413"}],"version-history":[{"count":1,"href":"http:\/\/vincentians.com\/es\/wp-json\/wp\/v2\/posts\/11413\/revisions"}],"predecessor-version":[{"id":404850,"href":"http:\/\/vincentians.com\/es\/wp-json\/wp\/v2\/posts\/11413\/revisions\/404850"}],"wp:featuredmedia":[{"embeddable":true,"href":"http:\/\/vincentians.com\/es\/wp-json\/wp\/v2\/media\/391249"}],"wp:attachment":[{"href":"http:\/\/vincentians.com\/es\/wp-json\/wp\/v2\/media?parent=11413"}],"wp:term":[{"taxonomy":"category","embeddable":true,"href":"http:\/\/vincentians.com\/es\/wp-json\/wp\/v2\/categories?post=11413"},{"taxonomy":"post_tag","embeddable":true,"href":"http:\/\/vincentians.com\/es\/wp-json\/wp\/v2\/tags?post=11413"}],"curies":[{"name":"wp","href":"https:\/\/api.w.org\/{rel}","templated":true}]}}