{"id":114121,"date":"2012-10-26T09:54:57","date_gmt":"2012-10-26T07:54:57","guid":{"rendered":"http:\/\/somos.vicencianos.org\/?p=114121"},"modified":"2012-10-26T09:54:57","modified_gmt":"2012-10-26T07:54:57","slug":"estatutos-del-centro-internacional-de-formacion-san-vicente-de-paul-cif","status":"publish","type":"post","link":"http:\/\/vincentians.com\/es\/estatutos-del-centro-internacional-de-formacion-san-vicente-de-paul-cif\/","title":{"rendered":"Estatutos del Centro Internacional de Formaci\u00f3n San Vicente de Pa\u00fal (CIF)"},"content":{"rendered":"<p><strong>1. Identidad<\/strong><\/p>\n<p>El Centro Internacional de Formaci\u00f3n San Vicente de Pa\u00fal (CIF) es una obra establecida por el Superior General de la Congregaci\u00f3n de la Misi\u00f3n con su consejo para ofrecer programas de formaci\u00f3n vicenciana. Los programas se dirigen en primer lugar a los miembros de la Congregaci\u00f3n de la Misi\u00f3n, pero, de vez en cuando, pueden ser admitidos como participantes miembros de otros grupos que comparten el carisma vicenciano. El CIF tiene su sede en la Casa Madre de la Congregaci\u00f3n de la Misi\u00f3n en Par\u00eds.<br \/>\n<strong><\/strong><\/p>\n<p><strong>2. Administraci\u00f3n y finanzas<\/strong><\/p>\n<p>La responsabilidad \u00faltima del CIF recae sobre el Superior General. Con la ayuda de su consejo, revisa y eval\u00faa los programas, examina y aprueba los presupuestos y el calendario. El Superior General nombra designa intermediario entre \u00e9l mismo y los directores del CIF. La administraci\u00f3n diaria del programa es responsabilidad de sus directores.<\/p>\n<p>El CIF se autofinancia a s\u00ed mismo a trav\u00e9s de las aportaciones de las provincias y de quienes env\u00edan participantes a sus diferentes programas.<br \/>\n<strong><\/strong><\/p>\n<p><strong>3. Directores<\/strong><\/p>\n<p>Un equipo compuesto por un Director y uno o m\u00e1s Directores Asistentes, normalmente miembros de la Congregaci\u00f3n de la Misi\u00f3n, tiene la responsabilidad local del Centro y de sus programas. El nombramiento y el cese de los miembros del equipo corresponde al Superior General. Sus mandatos duran tres a\u00f1os y son renovables.<\/p>\n<p>Los Directores, durante el tiempo de su mandato, siguen perteneciendo jur\u00eddicamente a sus respectivas provincias. Corresponde a sus Visitador asignarles a una casa de su provincia para que puedan gozar de sus derechos y estar sujetos a las obligaciones que su Visitador determine. Los Visitadores, sin embargo, les ofrecen a la Curia General y el Superior General les destina a la Casa Madre. En la pobreza personal, los miembros del equipo tendr\u00e1n en cuenta las normas de sus propias provincias y las disposiciones de sus respectivos Visitadores.<br \/>\n<strong><\/strong><\/p>\n<p><strong>4. Relaciones con la Casa Madre<\/strong><\/p>\n<p>Un convenio escrito, aprobado por el Superior General y firmado por el Superior de la Casa Madre y el Director, regula las relaciones mutuas entre la Casa Madre y el CIF. Este convenio ser\u00e1 revisado y renovado para cada a\u00f1o.<br \/>\n<em><\/em><\/p>\n<p><em>Aprobado por el Consejo General<\/em><\/p>\n<p>24 de mayo de 1999<\/p>\n","protected":false},"excerpt":{"rendered":"<p>1. Identidad El Centro Internacional de Formaci\u00f3n San Vicente de Pa\u00fal (CIF) es una obra establecida por el Superior General de la Congregaci\u00f3n de la Misi\u00f3n con su consejo para ofrecer programas de formaci\u00f3n vicenciana. &#8230; <a href=\"http:\/\/vincentians.com\/es\/estatutos-del-centro-internacional-de-formacion-san-vicente-de-paul-cif\/\" class=\"more-link\">Read More<\/a><\/p>\n","protected":false},"author":4,"featured_media":108331,"comment_status":"open","ping_status":"open","sticky":false,"template":"","format":"standard","meta":{"jetpack_post_was_ever_published":false,"_jetpack_newsletter_access":"","_jetpack_dont_email_post_to_subs":false,"_jetpack_newsletter_tier_id":0,"_jetpack_memberships_contains_paywalled_content":false,"_jetpack_memberships_contains_paid_content":false,"footnotes":"","jetpack_publicize_message":"","jetpack_publicize_feature_enabled":true,"jetpack_social_post_already_shared":true,"jetpack_social_options":{"image_generator_settings":{"template":"highway","default_image_id":0,"font":"","enabled":false},"version":2}},"categories":[321],"tags":[172],"class_list":["post-114121","post","type-post","status-publish","format-standard","has-post-thumbnail","hentry","category-documentos-de-otras-ramas-e-instituciones-vicencianas","tag-pobreza"],"yoast_head":"<!-- This site is optimized with the Yoast SEO plugin v26.3 - https:\/\/yoast.com\/wordpress\/plugins\/seo\/ -->\n<title>Estatutos del Centro Internacional de Formaci\u00f3n San Vicente de Pa\u00fal (CIF) - Somos Vicencianos<\/title>\n<meta name=\"robots\" content=\"index, follow, max-snippet:-1, max-image-preview:large, max-video-preview:-1\" \/>\n<link rel=\"canonical\" href=\"http:\/\/vincentians.com\/es\/estatutos-del-centro-internacional-de-formacion-san-vicente-de-paul-cif\/\" \/>\n<meta property=\"og:locale\" content=\"es_ES\" \/>\n<meta property=\"og:type\" content=\"article\" \/>\n<meta property=\"og:title\" content=\"Estatutos del Centro Internacional de Formaci\u00f3n San Vicente de Pa\u00fal (CIF) - Somos Vicencianos\" \/>\n<meta property=\"og:description\" content=\"1. Identidad El Centro Internacional de Formaci\u00f3n San Vicente de Pa\u00fal (CIF) es una obra establecida por el Superior General de la Congregaci\u00f3n de la Misi\u00f3n con su consejo para ofrecer programas de formaci\u00f3n vicenciana. ... Read More\" \/>\n<meta property=\"og:url\" content=\"http:\/\/vincentians.com\/es\/estatutos-del-centro-internacional-de-formacion-san-vicente-de-paul-cif\/\" \/>\n<meta property=\"og:site_name\" content=\"Somos Vicencianos\" \/>\n<meta property=\"article:publisher\" content=\"https:\/\/www.facebook.com\/WeAreVincentians\/\" \/>\n<meta property=\"article:author\" content=\"https:\/\/www.facebook.com\/JavierChento\" \/>\n<meta property=\"article:published_time\" content=\"2012-10-26T07:54:57+00:00\" \/>\n<meta name=\"author\" content=\"Francisco Javier Fern\u00e1ndez Chento\" \/>\n<meta name=\"twitter:card\" content=\"summary_large_image\" \/>\n<meta name=\"twitter:creator\" content=\"@https:\/\/twitter.com\/javierchento\" \/>\n<meta name=\"twitter:site\" content=\"@WeVincentians\" \/>\n<meta name=\"twitter:label1\" content=\"Escrito por\" \/>\n\t<meta name=\"twitter:data1\" content=\"Francisco Javier Fern\u00e1ndez Chento\" \/>\n\t<meta name=\"twitter:label2\" content=\"Tiempo de lectura\" \/>\n\t<meta name=\"twitter:data2\" content=\"2 minutos\" \/>\n<script type=\"application\/ld+json\" class=\"yoast-schema-graph\">{\"@context\":\"https:\/\/schema.org\",\"@graph\":[{\"@type\":\"Article\",\"@id\":\"http:\/\/vincentians.com\/es\/estatutos-del-centro-internacional-de-formacion-san-vicente-de-paul-cif\/#article\",\"isPartOf\":{\"@id\":\"http:\/\/vincentians.com\/es\/estatutos-del-centro-internacional-de-formacion-san-vicente-de-paul-cif\/\"},\"author\":{\"name\":\"Francisco Javier Fern\u00e1ndez Chento\",\"@id\":\"http:\/\/vincentians.com\/es\/#\/schema\/person\/9623ef4d9aa3b2dfb8c061f1499288f2\"},\"headline\":\"Estatutos del Centro Internacional de Formaci\u00f3n San Vicente de Pa\u00fal (CIF)\",\"datePublished\":\"2012-10-26T07:54:57+00:00\",\"mainEntityOfPage\":{\"@id\":\"http:\/\/vincentians.com\/es\/estatutos-del-centro-internacional-de-formacion-san-vicente-de-paul-cif\/\"},\"wordCount\":394,\"commentCount\":0,\"publisher\":{\"@id\":\"http:\/\/vincentians.com\/es\/#organization\"},\"image\":{\"@id\":\"http:\/\/vincentians.com\/es\/estatutos-del-centro-internacional-de-formacion-san-vicente-de-paul-cif\/#primaryimage\"},\"thumbnailUrl\":\"\",\"keywords\":[\"Pobreza\"],\"articleSection\":[\"Documentos de otras Ramas e Instituciones vicencianas\"],\"inLanguage\":\"es\",\"potentialAction\":[{\"@type\":\"CommentAction\",\"name\":\"Comment\",\"target\":[\"http:\/\/vincentians.com\/es\/estatutos-del-centro-internacional-de-formacion-san-vicente-de-paul-cif\/#respond\"]}]},{\"@type\":\"WebPage\",\"@id\":\"http:\/\/vincentians.com\/es\/estatutos-del-centro-internacional-de-formacion-san-vicente-de-paul-cif\/\",\"url\":\"http:\/\/vincentians.com\/es\/estatutos-del-centro-internacional-de-formacion-san-vicente-de-paul-cif\/\",\"name\":\"Estatutos del Centro Internacional de Formaci\u00f3n San Vicente de Pa\u00fal (CIF) - Somos Vicencianos\",\"isPartOf\":{\"@id\":\"http:\/\/vincentians.com\/es\/#website\"},\"primaryImageOfPage\":{\"@id\":\"http:\/\/vincentians.com\/es\/estatutos-del-centro-internacional-de-formacion-san-vicente-de-paul-cif\/#primaryimage\"},\"image\":{\"@id\":\"http:\/\/vincentians.com\/es\/estatutos-del-centro-internacional-de-formacion-san-vicente-de-paul-cif\/#primaryimage\"},\"thumbnailUrl\":\"\",\"datePublished\":\"2012-10-26T07:54:57+00:00\",\"breadcrumb\":{\"@id\":\"http:\/\/vincentians.com\/es\/estatutos-del-centro-internacional-de-formacion-san-vicente-de-paul-cif\/#breadcrumb\"},\"inLanguage\":\"es\",\"potentialAction\":[{\"@type\":\"ReadAction\",\"target\":[\"http:\/\/vincentians.com\/es\/estatutos-del-centro-internacional-de-formacion-san-vicente-de-paul-cif\/\"]}]},{\"@type\":\"ImageObject\",\"inLanguage\":\"es\",\"@id\":\"http:\/\/vincentians.com\/es\/estatutos-del-centro-internacional-de-formacion-san-vicente-de-paul-cif\/#primaryimage\",\"url\":\"\",\"contentUrl\":\"\"},{\"@type\":\"BreadcrumbList\",\"@id\":\"http:\/\/vincentians.com\/es\/estatutos-del-centro-internacional-de-formacion-san-vicente-de-paul-cif\/#breadcrumb\",\"itemListElement\":[{\"@type\":\"ListItem\",\"position\":1,\"name\":\"Portada\",\"item\":\"http:\/\/vincentians.com\/es\/\"},{\"@type\":\"ListItem\",\"position\":2,\"name\":\"Estatutos del Centro Internacional de Formaci\u00f3n San Vicente de Pa\u00fal (CIF)\"}]},{\"@type\":\"WebSite\",\"@id\":\"http:\/\/vincentians.com\/es\/#website\",\"url\":\"http:\/\/vincentians.com\/es\/\",\"name\":\"Somos Vicencianos\",\"description\":\"Know more to serve more\",\"publisher\":{\"@id\":\"http:\/\/vincentians.com\/es\/#organization\"},\"potentialAction\":[{\"@type\":\"SearchAction\",\"target\":{\"@type\":\"EntryPoint\",\"urlTemplate\":\"http:\/\/vincentians.com\/es\/?s={search_term_string}\"},\"query-input\":{\"@type\":\"PropertyValueSpecification\",\"valueRequired\":true,\"valueName\":\"search_term_string\"}}],\"inLanguage\":\"es\"},{\"@type\":\"Organization\",\"@id\":\"http:\/\/vincentians.com\/es\/#organization\",\"name\":\"The Vincentian Network\",\"url\":\"http:\/\/vincentians.com\/es\/\",\"logo\":{\"@type\":\"ImageObject\",\"inLanguage\":\"es\",\"@id\":\"http:\/\/vincentians.com\/es\/#\/schema\/logo\/image\/\",\"url\":\"https:\/\/i1.wp.com\/vincentians.com\/es\/wp-content\/uploads\/sites\/11\/2016\/06\/Vincentian-Network-logo-big.png?fit=778%2C778\",\"contentUrl\":\"https:\/\/i1.wp.com\/vincentians.com\/es\/wp-content\/uploads\/sites\/11\/2016\/06\/Vincentian-Network-logo-big.png?fit=778%2C778\",\"width\":778,\"height\":778,\"caption\":\"The Vincentian Network\"},\"image\":{\"@id\":\"http:\/\/vincentians.com\/es\/#\/schema\/logo\/image\/\"},\"sameAs\":[\"https:\/\/www.facebook.com\/WeAreVincentians\/\",\"https:\/\/x.com\/WeVincentians\"]},{\"@type\":\"Person\",\"@id\":\"http:\/\/vincentians.com\/es\/#\/schema\/person\/9623ef4d9aa3b2dfb8c061f1499288f2\",\"name\":\"Francisco Javier Fern\u00e1ndez Chento\",\"image\":{\"@type\":\"ImageObject\",\"inLanguage\":\"es\",\"@id\":\"http:\/\/vincentians.com\/es\/#\/schema\/person\/image\/\",\"url\":\"https:\/\/secure.gravatar.com\/avatar\/497d5cde87b4c3d097d0315953521681ba2cd523ee66e5077c3711f7021e65de?s=96&d=mm&r=g\",\"contentUrl\":\"https:\/\/secure.gravatar.com\/avatar\/497d5cde87b4c3d097d0315953521681ba2cd523ee66e5077c3711f7021e65de?s=96&d=mm&r=g\",\"caption\":\"Francisco Javier Fern\u00e1ndez Chento\"},\"description\":\"Director General y cofundador de La Red de Formaci\u00f3n Vicenciana. Javier es laico vicenciano, afiliado a la Congregaci\u00f3n de la Misi\u00f3n y miembro del Equipo de Misiones Populares de la provincia can\u00f3nica de Zaragoza (Espa\u00f1a) de la Congregaci\u00f3n de la Misi\u00f3n. Graduado en la Universidad Oberta de Catalunya con cuatro grados (Asistente de direcci\u00f3n, Gesti\u00f3n Administrativa, Recursos Humanos y Contabilidad Avanzada). Bil\u00edng\u00fce Espa\u00f1ol\/Ingl\u00e9s. gestiona y mantiene varias p\u00e1ginas web cristianas y vicencianas, incluida including La Red de Formaci\u00f3n Vicenciana, de la que es cofundador. Actualmente es responsable del \u00e1rea de Espa\u00f1ol de .famvin, la Red de Noticias de la Familia Vicenciana. Tambi\u00e9n es m\u00fasico cat\u00f3lico y ha editado varios discos. Es Director General y cofundador de Trovador, una reconocida compa\u00f1\u00eda discogr\u00e1fica critiana de Espa\u00f1a. Trabaja en las Tecnolog\u00edas de la Informaci\u00f3n, ofreciendo servicios de alojamiento, dise\u00f1o y mantenimiento Web, as\u00ed como asesoramiento, formaci\u00f3n y soluciones inform\u00e1ticas, gesti\u00f3n documental y digitalizaci\u00f3n de textos, edici\u00f3n y maquetaci\u00f3n de libros, revistas, flyers, etc.\",\"sameAs\":[\"http:\/\/chento.org\",\"https:\/\/www.facebook.com\/JavierChento\",\"https:\/\/x.com\/https:\/\/twitter.com\/javierchento\"],\"url\":\"http:\/\/vincentians.com\/es\/author\/chento\/\"}]}<\/script>\n<!-- \/ Yoast SEO plugin. -->","yoast_head_json":{"title":"Estatutos del Centro Internacional de Formaci\u00f3n San Vicente de Pa\u00fal (CIF) - Somos Vicencianos","robots":{"index":"index","follow":"follow","max-snippet":"max-snippet:-1","max-image-preview":"max-image-preview:large","max-video-preview":"max-video-preview:-1"},"canonical":"http:\/\/vincentians.com\/es\/estatutos-del-centro-internacional-de-formacion-san-vicente-de-paul-cif\/","og_locale":"es_ES","og_type":"article","og_title":"Estatutos del Centro Internacional de Formaci\u00f3n San Vicente de Pa\u00fal (CIF) - Somos Vicencianos","og_description":"1. Identidad El Centro Internacional de Formaci\u00f3n San Vicente de Pa\u00fal (CIF) es una obra establecida por el Superior General de la Congregaci\u00f3n de la Misi\u00f3n con su consejo para ofrecer programas de formaci\u00f3n vicenciana. ... Read More","og_url":"http:\/\/vincentians.com\/es\/estatutos-del-centro-internacional-de-formacion-san-vicente-de-paul-cif\/","og_site_name":"Somos Vicencianos","article_publisher":"https:\/\/www.facebook.com\/WeAreVincentians\/","article_author":"https:\/\/www.facebook.com\/JavierChento","article_published_time":"2012-10-26T07:54:57+00:00","author":"Francisco Javier Fern\u00e1ndez Chento","twitter_card":"summary_large_image","twitter_creator":"@https:\/\/twitter.com\/javierchento","twitter_site":"@WeVincentians","twitter_misc":{"Escrito por":"Francisco Javier Fern\u00e1ndez Chento","Tiempo de lectura":"2 minutos"},"schema":{"@context":"https:\/\/schema.org","@graph":[{"@type":"Article","@id":"http:\/\/vincentians.com\/es\/estatutos-del-centro-internacional-de-formacion-san-vicente-de-paul-cif\/#article","isPartOf":{"@id":"http:\/\/vincentians.com\/es\/estatutos-del-centro-internacional-de-formacion-san-vicente-de-paul-cif\/"},"author":{"name":"Francisco Javier Fern\u00e1ndez Chento","@id":"http:\/\/vincentians.com\/es\/#\/schema\/person\/9623ef4d9aa3b2dfb8c061f1499288f2"},"headline":"Estatutos del Centro Internacional de Formaci\u00f3n San Vicente de Pa\u00fal (CIF)","datePublished":"2012-10-26T07:54:57+00:00","mainEntityOfPage":{"@id":"http:\/\/vincentians.com\/es\/estatutos-del-centro-internacional-de-formacion-san-vicente-de-paul-cif\/"},"wordCount":394,"commentCount":0,"publisher":{"@id":"http:\/\/vincentians.com\/es\/#organization"},"image":{"@id":"http:\/\/vincentians.com\/es\/estatutos-del-centro-internacional-de-formacion-san-vicente-de-paul-cif\/#primaryimage"},"thumbnailUrl":"","keywords":["Pobreza"],"articleSection":["Documentos de otras Ramas e Instituciones vicencianas"],"inLanguage":"es","potentialAction":[{"@type":"CommentAction","name":"Comment","target":["http:\/\/vincentians.com\/es\/estatutos-del-centro-internacional-de-formacion-san-vicente-de-paul-cif\/#respond"]}]},{"@type":"WebPage","@id":"http:\/\/vincentians.com\/es\/estatutos-del-centro-internacional-de-formacion-san-vicente-de-paul-cif\/","url":"http:\/\/vincentians.com\/es\/estatutos-del-centro-internacional-de-formacion-san-vicente-de-paul-cif\/","name":"Estatutos del Centro Internacional de Formaci\u00f3n San Vicente de Pa\u00fal (CIF) - Somos Vicencianos","isPartOf":{"@id":"http:\/\/vincentians.com\/es\/#website"},"primaryImageOfPage":{"@id":"http:\/\/vincentians.com\/es\/estatutos-del-centro-internacional-de-formacion-san-vicente-de-paul-cif\/#primaryimage"},"image":{"@id":"http:\/\/vincentians.com\/es\/estatutos-del-centro-internacional-de-formacion-san-vicente-de-paul-cif\/#primaryimage"},"thumbnailUrl":"","datePublished":"2012-10-26T07:54:57+00:00","breadcrumb":{"@id":"http:\/\/vincentians.com\/es\/estatutos-del-centro-internacional-de-formacion-san-vicente-de-paul-cif\/#breadcrumb"},"inLanguage":"es","potentialAction":[{"@type":"ReadAction","target":["http:\/\/vincentians.com\/es\/estatutos-del-centro-internacional-de-formacion-san-vicente-de-paul-cif\/"]}]},{"@type":"ImageObject","inLanguage":"es","@id":"http:\/\/vincentians.com\/es\/estatutos-del-centro-internacional-de-formacion-san-vicente-de-paul-cif\/#primaryimage","url":"","contentUrl":""},{"@type":"BreadcrumbList","@id":"http:\/\/vincentians.com\/es\/estatutos-del-centro-internacional-de-formacion-san-vicente-de-paul-cif\/#breadcrumb","itemListElement":[{"@type":"ListItem","position":1,"name":"Portada","item":"http:\/\/vincentians.com\/es\/"},{"@type":"ListItem","position":2,"name":"Estatutos del Centro Internacional de Formaci\u00f3n San Vicente de Pa\u00fal (CIF)"}]},{"@type":"WebSite","@id":"http:\/\/vincentians.com\/es\/#website","url":"http:\/\/vincentians.com\/es\/","name":"Somos Vicencianos","description":"Know more to serve more","publisher":{"@id":"http:\/\/vincentians.com\/es\/#organization"},"potentialAction":[{"@type":"SearchAction","target":{"@type":"EntryPoint","urlTemplate":"http:\/\/vincentians.com\/es\/?s={search_term_string}"},"query-input":{"@type":"PropertyValueSpecification","valueRequired":true,"valueName":"search_term_string"}}],"inLanguage":"es"},{"@type":"Organization","@id":"http:\/\/vincentians.com\/es\/#organization","name":"The Vincentian Network","url":"http:\/\/vincentians.com\/es\/","logo":{"@type":"ImageObject","inLanguage":"es","@id":"http:\/\/vincentians.com\/es\/#\/schema\/logo\/image\/","url":"https:\/\/i1.wp.com\/vincentians.com\/es\/wp-content\/uploads\/sites\/11\/2016\/06\/Vincentian-Network-logo-big.png?fit=778%2C778","contentUrl":"https:\/\/i1.wp.com\/vincentians.com\/es\/wp-content\/uploads\/sites\/11\/2016\/06\/Vincentian-Network-logo-big.png?fit=778%2C778","width":778,"height":778,"caption":"The Vincentian Network"},"image":{"@id":"http:\/\/vincentians.com\/es\/#\/schema\/logo\/image\/"},"sameAs":["https:\/\/www.facebook.com\/WeAreVincentians\/","https:\/\/x.com\/WeVincentians"]},{"@type":"Person","@id":"http:\/\/vincentians.com\/es\/#\/schema\/person\/9623ef4d9aa3b2dfb8c061f1499288f2","name":"Francisco Javier Fern\u00e1ndez Chento","image":{"@type":"ImageObject","inLanguage":"es","@id":"http:\/\/vincentians.com\/es\/#\/schema\/person\/image\/","url":"https:\/\/secure.gravatar.com\/avatar\/497d5cde87b4c3d097d0315953521681ba2cd523ee66e5077c3711f7021e65de?s=96&d=mm&r=g","contentUrl":"https:\/\/secure.gravatar.com\/avatar\/497d5cde87b4c3d097d0315953521681ba2cd523ee66e5077c3711f7021e65de?s=96&d=mm&r=g","caption":"Francisco Javier Fern\u00e1ndez Chento"},"description":"Director General y cofundador de La Red de Formaci\u00f3n Vicenciana. Javier es laico vicenciano, afiliado a la Congregaci\u00f3n de la Misi\u00f3n y miembro del Equipo de Misiones Populares de la provincia can\u00f3nica de Zaragoza (Espa\u00f1a) de la Congregaci\u00f3n de la Misi\u00f3n. Graduado en la Universidad Oberta de Catalunya con cuatro grados (Asistente de direcci\u00f3n, Gesti\u00f3n Administrativa, Recursos Humanos y Contabilidad Avanzada). Bil\u00edng\u00fce Espa\u00f1ol\/Ingl\u00e9s. gestiona y mantiene varias p\u00e1ginas web cristianas y vicencianas, incluida including La Red de Formaci\u00f3n Vicenciana, de la que es cofundador. Actualmente es responsable del \u00e1rea de Espa\u00f1ol de .famvin, la Red de Noticias de la Familia Vicenciana. Tambi\u00e9n es m\u00fasico cat\u00f3lico y ha editado varios discos. Es Director General y cofundador de Trovador, una reconocida compa\u00f1\u00eda discogr\u00e1fica critiana de Espa\u00f1a. Trabaja en las Tecnolog\u00edas de la Informaci\u00f3n, ofreciendo servicios de alojamiento, dise\u00f1o y mantenimiento Web, as\u00ed como asesoramiento, formaci\u00f3n y soluciones inform\u00e1ticas, gesti\u00f3n documental y digitalizaci\u00f3n de textos, edici\u00f3n y maquetaci\u00f3n de libros, revistas, flyers, etc.","sameAs":["http:\/\/chento.org","https:\/\/www.facebook.com\/JavierChento","https:\/\/x.com\/https:\/\/twitter.com\/javierchento"],"url":"http:\/\/vincentians.com\/es\/author\/chento\/"}]}},"jetpack_publicize_connections":[],"jetpack_featured_media_url":"","jetpack_sharing_enabled":true,"jetpack_shortlink":"https:\/\/wp.me\/p7ETMF-tGF","jetpack-related-posts":[{"id":31286,"url":"http:\/\/vincentians.com\/es\/la-formacion-de-los-formadores\/","url_meta":{"origin":114121,"position":0},"title":"La formaci\u00f3n de los formadores","author":"Francisco Javier Fern\u00e1ndez Chento","date":"27\/03\/2014","format":false,"excerpt":"Importancia de este tema No es necesario recordar el lugar prominente que los recientes documentos de la Congregaci\u00f3n han dado a la formaci\u00f3n. Nuestras Constituciones y Estatutos (77-99), as\u00ed como las \u00faltimas Asambleas Generales la consideran como algo crucial. La carta de la Asamblea General de 1992 a los cohermanos\u2026","rel":"","context":"En \u00abFormaci\u00f3n Vicenciana\u00bb","block_context":{"text":"Formaci\u00f3n Vicenciana","link":"http:\/\/vincentians.com\/es\/category\/formacion-vicenciana\/"},"img":{"alt_text":"","src":"https:\/\/i0.wp.com\/vicencianos.org\/wp-content\/2011\/03\/formador-300x300.jpg?resize=350%2C200","width":350,"height":200},"classes":[]},{"id":122918,"url":"http:\/\/vincentians.com\/es\/animacion-de-la-formacion\/","url_meta":{"origin":114121,"position":1},"title":"Animaci\u00f3n de la formaci\u00f3n","author":"Francisco Javier Fern\u00e1ndez Chento","date":"21\/09\/2022","format":false,"excerpt":"1. Introducci\u00f3n Cuando se me encomend\u00f3 presentar esta Comunicaci\u00f3n se me dijo que lo hiciera desde mi experiencia pastoral en el campo de la Familia Vicenciana. Lo voy a intentar. Quiero empezar afir\u00admando que considero una gracia muy grande el haber podido trabajar como Consiliario o Asesor o simplemente como\u2026","rel":"","context":"En \u00abFormaci\u00f3n Cristiana\u00bb","block_context":{"text":"Formaci\u00f3n Cristiana","link":"http:\/\/vincentians.com\/es\/category\/formacion-cristiana\/"},"img":{"alt_text":"","src":"https:\/\/i0.wp.com\/vincentians.com\/es\/wp-content\/uploads\/sites\/11\/2013\/04\/formacion_permanente.jpg?fit=303%2C303&resize=350%2C200","width":350,"height":200},"classes":[]},{"id":140032,"url":"http:\/\/vincentians.com\/es\/las-asambleas-generales-en-la-congregacion-de-la-mision-historia-y-resultados\/","url_meta":{"origin":114121,"position":2},"title":"Las Asambleas Generales en la Congregaci\u00f3n de la Misi\u00f3n: Historia y Resultados","author":"Mitxel Olabu\u00e9naga","date":"20\/02\/2015","format":false,"excerpt":"Introducci\u00f3n La autoridad suprema en la Congregaci\u00f3n, su asamblea general, ha sido crucial para su desarrollo y direcci\u00f3n. En su casi cuatro siglos de existencia, la Congregaci\u00f3n ha celebrado cuarenta y uno de estos encuentros, el primero fue en 1661. Vicente mismo, sin embargo, celebr\u00f3 asambleas preliminares en 1642 y\u2026","rel":"","context":"En \u00abHistoria de la Congregaci\u00f3n de la Misi\u00f3n\u00bb","block_context":{"text":"Historia de la Congregaci\u00f3n de la Misi\u00f3n","link":"http:\/\/vincentians.com\/es\/category\/historia-de-la-familia-vicenciana\/historia-de-la-congregacion-de-la-mision\/"},"img":{"alt_text":"logocm","src":"https:\/\/i0.wp.com\/vicencianos.org\/wp-content\/2011\/12\/logocm-245x300.png?resize=350%2C200","width":350,"height":200},"classes":[]},{"id":134512,"url":"http:\/\/vincentians.com\/es\/dos-papas-santos-simpatizantes-del-carisma-vicentino\/","url_meta":{"origin":114121,"position":3},"title":"Dos papas santos simpatizantes del carisma vicentino","author":"Francisco Javier Fern\u00e1ndez Chento","date":"31\/12\/2014","format":false,"excerpt":"El Papa Francisco canoniz\u00f3 a los papas Juan XXIII (1881\u20131963) y Juan Pablo II (1929\u20132005) el 27 de abril de 2014 en Roma, en el contexto del 50 aniversario de la apertura del Concilio Vaticano II convocado por el papa Roncalli, convirti\u00e9ndose as\u00ed en los otros pont\u00edfices proclamados santos en\u2026","rel":"","context":"En \u00abFormaci\u00f3n Vicenciana\u00bb","block_context":{"text":"Formaci\u00f3n Vicenciana","link":"http:\/\/vincentians.com\/es\/category\/formacion-vicenciana\/"},"img":{"alt_text":"juan23_y_juanpablo2","src":"https:\/\/i0.wp.com\/vicencianos.org\/wp-content\/2014\/12\/juan23_y_juanpablo2.jpg?resize=350%2C200","width":350,"height":200},"classes":[]},{"id":140030,"url":"http:\/\/vincentians.com\/es\/multiculturalismo-solidaridad-y-colaboracion\/","url_meta":{"origin":114121,"position":4},"title":"Multiculturalismo, Solidaridad, y Colaboraci\u00f3n","author":"Francisco Javier Fern\u00e1ndez Chento","date":"22\/02\/2015","format":false,"excerpt":"I. Introducci\u00f3n \u201cDej\u00e9monos renovar por la vitalidad misionera de nuestra vocaci\u00f3n Vicenciana\u201d (Lema de la AG 2016. Cf Marzo 25, 2014 Carta de la Comisi\u00f3n Preparatoria a los Visitadores) Los temas relevantes de la AG 2016 no son f\u00e1ciles de explorar. Hablan de una cuesti\u00f3n importante para nosotros como Misioneros\u2026","rel":"","context":"En \u00abEspiritualidad vicenciana\u00bb","block_context":{"text":"Espiritualidad vicenciana","link":"http:\/\/vincentians.com\/es\/category\/espiritualidad\/espiritualidad-vicenciana\/"},"img":{"alt_text":"multiculturalismo","src":"https:\/\/i0.wp.com\/vicencianos.org\/wp-content\/2015\/02\/multiculturalismo-300x201.jpg?resize=350%2C200","width":350,"height":200},"classes":[]},{"id":398637,"url":"http:\/\/vincentians.com\/es\/aportacion-del-carisma-vicenciano-la-mision-la-iglesia-1\/","url_meta":{"origin":114121,"position":5},"title":"Aportaci\u00f3n del carisma vicenciano a la Misi\u00f3n de la Iglesia (1)","author":"Francisco Javier Fern\u00e1ndez Chento","date":"04\/08\/2016","format":false,"excerpt":"Introducci\u00f3n: Al reflexionar sobre la aportaci\u00f3n del carisma vicenciano a la Misi\u00f3n de la Iglesia, me parece necesario formular previamente algunas precisiones. 1.- Cuando hablamos de carisma vicenciano, nos referimos al don del Esp\u00edritu suscitado por Dios en su Iglesia en las personas de Vicente de Pa\u00fal y de Luisa\u2026","rel":"","context":"En \u00abFormaci\u00f3n Vicenciana\u00bb","block_context":{"text":"Formaci\u00f3n Vicenciana","link":"http:\/\/vincentians.com\/es\/category\/formacion-vicenciana\/"},"img":{"alt_text":"","src":"https:\/\/i0.wp.com\/vincentians.com\/es\/wp-content\/uploads\/sites\/11\/2016\/06\/contributions-charism.jpg?fit=1200%2C630&resize=350%2C200","width":350,"height":200,"srcset":"https:\/\/i0.wp.com\/vincentians.com\/es\/wp-content\/uploads\/sites\/11\/2016\/06\/contributions-charism.jpg?fit=1200%2C630&resize=350%2C200 1x, https:\/\/i0.wp.com\/vincentians.com\/es\/wp-content\/uploads\/sites\/11\/2016\/06\/contributions-charism.jpg?fit=1200%2C630&resize=525%2C300 1.5x, https:\/\/i0.wp.com\/vincentians.com\/es\/wp-content\/uploads\/sites\/11\/2016\/06\/contributions-charism.jpg?fit=1200%2C630&resize=700%2C400 2x, https:\/\/i0.wp.com\/vincentians.com\/es\/wp-content\/uploads\/sites\/11\/2016\/06\/contributions-charism.jpg?fit=1200%2C630&resize=1050%2C600 3x"},"classes":[]}],"_links":{"self":[{"href":"http:\/\/vincentians.com\/es\/wp-json\/wp\/v2\/posts\/114121","targetHints":{"allow":["GET"]}}],"collection":[{"href":"http:\/\/vincentians.com\/es\/wp-json\/wp\/v2\/posts"}],"about":[{"href":"http:\/\/vincentians.com\/es\/wp-json\/wp\/v2\/types\/post"}],"author":[{"embeddable":true,"href":"http:\/\/vincentians.com\/es\/wp-json\/wp\/v2\/users\/4"}],"replies":[{"embeddable":true,"href":"http:\/\/vincentians.com\/es\/wp-json\/wp\/v2\/comments?post=114121"}],"version-history":[{"count":0,"href":"http:\/\/vincentians.com\/es\/wp-json\/wp\/v2\/posts\/114121\/revisions"}],"wp:featuredmedia":[{"embeddable":true,"href":"http:\/\/vincentians.com\/es\/wp-json\/"}],"wp:attachment":[{"href":"http:\/\/vincentians.com\/es\/wp-json\/wp\/v2\/media?parent=114121"}],"wp:term":[{"taxonomy":"category","embeddable":true,"href":"http:\/\/vincentians.com\/es\/wp-json\/wp\/v2\/categories?post=114121"},{"taxonomy":"post_tag","embeddable":true,"href":"http:\/\/vincentians.com\/es\/wp-json\/wp\/v2\/tags?post=114121"}],"curies":[{"name":"wp","href":"https:\/\/api.w.org\/{rel}","templated":true}]}}