{"id":114120,"date":"2012-10-26T09:57:07","date_gmt":"2012-10-26T07:57:07","guid":{"rendered":"http:\/\/somos.vicencianos.org\/?p=114120"},"modified":"2012-10-26T09:57:07","modified_gmt":"2012-10-26T07:57:07","slug":"estatutos-del-secretariado-internacional-de-estudios-vicencianos-siev","status":"publish","type":"post","link":"http:\/\/vincentians.com\/es\/estatutos-del-secretariado-internacional-de-estudios-vicencianos-siev\/","title":{"rendered":"Estatutos del Secretariado Internacional de Estudios Vicencianos (SIEV)"},"content":{"rendered":"<p>1.1 Como respuesta al postulado aprobado por la Asamblea General de 1980: <em>\u00abSe propone que cada Provincia o grupo de Provincias tengan una organizaci\u00f3n propia para la promoci\u00f3n de estudios b\u00e1sicas y la divulgaci\u00f3n de los mismos (de San Vicente, Santa Luisa, la historia de las Compa\u00f1\u00edas, etc.). Otra organizaci\u00f3n de nivel internacional tendr\u00e1 por finalidad coordinar estos esfuerzos y difundir sus resultados\u00bb<\/em>, el Superior General y su Consejo instituyeron un organismo internacional denominado Secretariado Internacional de Estudios Vicencianos (SIEV)<\/p>\n<p>1.2 Su sede social est\u00e1 establecida en Roma, en la Curia General, Via dei Capasso, 30.<\/p>\n<p>2.1 El SIEV tiene como objetivo: animar, informar y promover cuanto se refiere a los estudios vicencianos. Est\u00e1 en relaci\u00f3n con los organismos provinciales e interprovinciales de la Congregaci\u00f3n de la Misi\u00f3n y con toda la Familia Vicenciana.<\/p>\n<p>2.2 Para realizar este objetivo, el SIEV:<\/p>\n<dl>\n<dd>2.2.1 asegura la informaci\u00f3n y la comunicaci\u00f3n por medio de las publicaciones de la C.M.;<\/dd>\n<\/dl>\n<dl>\n<dd>2.2.2 da cuenta de la situaci\u00f3n de los estudios vicencianos existentes;<\/dd>\n<\/dl>\n<dl>\n<dd>2.2.3 promueve nuevos estudios de todo tipo;<\/dd>\n<\/dl>\n<dl>\n<dd>2.2.4 proporciona instrumentos de trabajo concretos para la formaci\u00f3n vicenciana;<\/dd>\n<\/dl>\n<dl>\n<dd>2.2.5 invita a los especialistas a encontrarse en coloquios para poner en com\u00fan los resultados de sus investigaciones;<\/dd>\n<\/dl>\n<dl>\n<dd>2.2.6 promueve la publicaci\u00f3n de una bibliograf\u00eda vicenciana lo m\u00e1s completa posible;<\/dd>\n<\/dl>\n<dl>\n<dd>2.2.7 despierta el inter\u00e9s por la puesta en orden y la utilizaci\u00f3n de los archivos provinciales, con miras a la historia de las Provincias;<\/dd>\n<\/dl>\n<dl>\n<dd>2.2.8 impulsa estudios hist\u00f3ricos sobre la Congregaci\u00f3n e invita a las provincias a publicar sus propios Anales;<\/dd>\n<\/dl>\n<dl>\n<dd>2.2.9 propone al Consejo General la realizaci\u00f3n de meses internacionales de estudios vicencianos.<\/dd>\n<\/dl>\n<p>3.1 <strong>Miembros<\/strong><\/p>\n<dl>\n<dd>3.1.1 El SIEV est\u00e1 constituido por un n\u00famero de cohermanos que no ser\u00e1 superior a 10 ni inferior a 5. Un representante del Consejo General formar\u00e1 tambi\u00e9n parte del grupo.<\/dd>\n<\/dl>\n<dl>\n<dd>3.1.2 Los miembros son elegidos en raz\u00f3n de su competencia vicenciana, al mismo tiempo que se asegurar\u00e1 la representatividad de las lenguas.<\/dd>\n<\/dl>\n<dl>\n<dd>3.1.3 Son nombrados por el Superior General y su Consejo, previo acuerdo con los respectivos Visitadores.<\/dd>\n<\/dl>\n<dl>\n<dd>3.1.4 Son nombrados por 6 a\u00f1os, que pueden ser renovados por otros 3.<\/dd>\n<\/dl>\n<p>3.2 <strong>El Secretario Ejecutivo<\/strong><\/p>\n<dl>\n<dd>3.2.1 El SIEV est\u00e1 dirigido por un Secretario Ejecutivo.<\/dd>\n<\/dl>\n<dl>\n<dd>3.2.2 \u00c9ste es nombrado por el Superior General y su Consejo, despu\u00e9s de haber consultado a los miembros del SIEV.<\/dd>\n<\/dl>\n<dl>\n<dd>3.2.3 Su mandato es de 3 a\u00f1os, pudiendo ser renovado dos veces.<\/dd>\n<\/dl>\n<dl>\n<dd>3.2.4 Sus funciones son:<\/dd>\n<\/dl>\n<dl>\n<dd>\n<dl>\n<dd>3.2.4.1 convocar las reuniones y presidirlas;<\/dd>\n<\/dl>\n<\/dd>\n<\/dl>\n<dl>\n<dd>\n<dl>\n<dd>3.2.4.2 presentar al Superior General y a su Consejo un informe anual de las actividades del SIEV;<\/dd>\n<\/dl>\n<\/dd>\n<\/dl>\n<dl>\n<dd>\n<dl>\n<dd>3.2.4.3 ponerse en relaci\u00f3n con los organismos de estudio y de animaci\u00f3n vicenciana;<\/dd>\n<\/dl>\n<\/dd>\n<\/dl>\n<dl>\n<dd>\n<dl>\n<dd>3.2.4.4 conservar y clasificar los archivos del SIEV.<\/dd>\n<\/dl>\n<\/dd>\n<\/dl>\n<p>3.3 <strong>Reuniones<\/strong><\/p>\n<dl>\n<dd>3.3.1 Los miembros del SIEV se re\u00fanen una vez al a\u00f1o. En caso necesario, podr\u00e1n programar otros encuentros complementarios.<\/dd>\n<\/dl>\n<dl>\n<dd>3.3.2 Todos los miembros del SIEV est\u00e1n obligados a participar en todas las reuniones.<\/dd>\n<\/dl>\n<p>4.1 <strong>Presupuesto<\/strong><\/p>\n<dl>\n<dd>4.1.1 El SIEV tiene su propio presupuesto, gestionado por el Secretario Ejecutivo de acuerdo con el Ec\u00f3nomo General.<\/dd>\n<\/dl>\n<p>4.2 En cada reuni\u00f3n anual, el Secretario Ejecutivo presenta al Superior General y a su Consejo las cuentas del a\u00f1o transcurrido.<\/p>\n<p>4.3 El presupuesto previsto, estudiado por todos los miembros del SIEV, es presentado al y aprobado por el Superior General y su Consejo.<\/p>\n<p>4.4 Los ingresos est\u00e1n a cargo del Ec\u00f3nomo General y de las Provincias, seg\u00fan las condiciones establecidas por el Superior General y su Consejo. Tales ingresos deben cubrir los gastos de las reuniones del SIEV y los gastos de funcionamiento del Secretariado.<\/p>\n<p><em>Roma, 22 de octubre de 1999<\/em><\/p>\n<p>Robert P. Maloney, C.M.<br \/>\nSuperior General<\/p>\n","protected":false},"excerpt":{"rendered":"<p>1.1 Como respuesta al postulado aprobado por la Asamblea General de 1980: \u00abSe propone que cada Provincia o grupo de Provincias tengan una organizaci\u00f3n propia para la promoci\u00f3n de estudios b\u00e1sicas y la divulgaci\u00f3n de &#8230; <a href=\"http:\/\/vincentians.com\/es\/estatutos-del-secretariado-internacional-de-estudios-vicencianos-siev\/\" class=\"more-link\">Read More<\/a><\/p>\n","protected":false},"author":4,"featured_media":99267,"comment_status":"open","ping_status":"open","sticky":false,"template":"","format":"standard","meta":{"jetpack_post_was_ever_published":false,"_jetpack_newsletter_access":"","_jetpack_dont_email_post_to_subs":false,"_jetpack_newsletter_tier_id":0,"_jetpack_memberships_contains_paywalled_content":false,"_jetpack_memberships_contains_paid_content":false,"footnotes":"","jetpack_publicize_message":"","jetpack_publicize_feature_enabled":true,"jetpack_social_post_already_shared":true,"jetpack_social_options":{"image_generator_settings":{"template":"highway","default_image_id":0,"font":"","enabled":false},"version":2}},"categories":[321],"tags":[],"class_list":["post-114120","post","type-post","status-publish","format-standard","has-post-thumbnail","hentry","category-documentos-de-otras-ramas-e-instituciones-vicencianas"],"yoast_head":"<!-- This site is optimized with the Yoast SEO plugin v26.3 - https:\/\/yoast.com\/wordpress\/plugins\/seo\/ -->\n<title>Estatutos del Secretariado Internacional de Estudios Vicencianos (SIEV) - Somos Vicencianos<\/title>\n<meta name=\"robots\" content=\"index, follow, max-snippet:-1, max-image-preview:large, max-video-preview:-1\" \/>\n<link rel=\"canonical\" href=\"http:\/\/vincentians.com\/es\/estatutos-del-secretariado-internacional-de-estudios-vicencianos-siev\/\" \/>\n<meta property=\"og:locale\" content=\"es_ES\" \/>\n<meta property=\"og:type\" content=\"article\" \/>\n<meta property=\"og:title\" content=\"Estatutos del Secretariado Internacional de Estudios Vicencianos (SIEV) - Somos Vicencianos\" \/>\n<meta property=\"og:description\" content=\"1.1 Como respuesta al postulado aprobado por la Asamblea General de 1980: \u00abSe propone que cada Provincia o grupo de Provincias tengan una organizaci\u00f3n propia para la promoci\u00f3n de estudios b\u00e1sicas y la divulgaci\u00f3n de ... Read More\" \/>\n<meta property=\"og:url\" content=\"http:\/\/vincentians.com\/es\/estatutos-del-secretariado-internacional-de-estudios-vicencianos-siev\/\" \/>\n<meta property=\"og:site_name\" content=\"Somos Vicencianos\" \/>\n<meta property=\"article:publisher\" content=\"https:\/\/www.facebook.com\/WeAreVincentians\/\" \/>\n<meta property=\"article:author\" content=\"https:\/\/www.facebook.com\/JavierChento\" \/>\n<meta property=\"article:published_time\" content=\"2012-10-26T07:57:07+00:00\" \/>\n<meta name=\"author\" content=\"Francisco Javier Fern\u00e1ndez Chento\" \/>\n<meta name=\"twitter:card\" content=\"summary_large_image\" \/>\n<meta name=\"twitter:creator\" content=\"@https:\/\/twitter.com\/javierchento\" \/>\n<meta name=\"twitter:site\" content=\"@WeVincentians\" \/>\n<meta name=\"twitter:label1\" content=\"Escrito por\" \/>\n\t<meta name=\"twitter:data1\" content=\"Francisco Javier Fern\u00e1ndez Chento\" \/>\n\t<meta name=\"twitter:label2\" content=\"Tiempo de lectura\" \/>\n\t<meta name=\"twitter:data2\" content=\"3 minutos\" \/>\n<script type=\"application\/ld+json\" class=\"yoast-schema-graph\">{\"@context\":\"https:\/\/schema.org\",\"@graph\":[{\"@type\":\"Article\",\"@id\":\"http:\/\/vincentians.com\/es\/estatutos-del-secretariado-internacional-de-estudios-vicencianos-siev\/#article\",\"isPartOf\":{\"@id\":\"http:\/\/vincentians.com\/es\/estatutos-del-secretariado-internacional-de-estudios-vicencianos-siev\/\"},\"author\":{\"name\":\"Francisco Javier Fern\u00e1ndez Chento\",\"@id\":\"http:\/\/vincentians.com\/es\/#\/schema\/person\/9623ef4d9aa3b2dfb8c061f1499288f2\"},\"headline\":\"Estatutos del Secretariado Internacional de Estudios Vicencianos (SIEV)\",\"datePublished\":\"2012-10-26T07:57:07+00:00\",\"mainEntityOfPage\":{\"@id\":\"http:\/\/vincentians.com\/es\/estatutos-del-secretariado-internacional-de-estudios-vicencianos-siev\/\"},\"wordCount\":603,\"commentCount\":0,\"publisher\":{\"@id\":\"http:\/\/vincentians.com\/es\/#organization\"},\"image\":{\"@id\":\"http:\/\/vincentians.com\/es\/estatutos-del-secretariado-internacional-de-estudios-vicencianos-siev\/#primaryimage\"},\"thumbnailUrl\":\"\",\"articleSection\":[\"Documentos de otras Ramas e Instituciones vicencianas\"],\"inLanguage\":\"es\",\"potentialAction\":[{\"@type\":\"CommentAction\",\"name\":\"Comment\",\"target\":[\"http:\/\/vincentians.com\/es\/estatutos-del-secretariado-internacional-de-estudios-vicencianos-siev\/#respond\"]}]},{\"@type\":\"WebPage\",\"@id\":\"http:\/\/vincentians.com\/es\/estatutos-del-secretariado-internacional-de-estudios-vicencianos-siev\/\",\"url\":\"http:\/\/vincentians.com\/es\/estatutos-del-secretariado-internacional-de-estudios-vicencianos-siev\/\",\"name\":\"Estatutos del Secretariado Internacional de Estudios Vicencianos (SIEV) - Somos Vicencianos\",\"isPartOf\":{\"@id\":\"http:\/\/vincentians.com\/es\/#website\"},\"primaryImageOfPage\":{\"@id\":\"http:\/\/vincentians.com\/es\/estatutos-del-secretariado-internacional-de-estudios-vicencianos-siev\/#primaryimage\"},\"image\":{\"@id\":\"http:\/\/vincentians.com\/es\/estatutos-del-secretariado-internacional-de-estudios-vicencianos-siev\/#primaryimage\"},\"thumbnailUrl\":\"\",\"datePublished\":\"2012-10-26T07:57:07+00:00\",\"breadcrumb\":{\"@id\":\"http:\/\/vincentians.com\/es\/estatutos-del-secretariado-internacional-de-estudios-vicencianos-siev\/#breadcrumb\"},\"inLanguage\":\"es\",\"potentialAction\":[{\"@type\":\"ReadAction\",\"target\":[\"http:\/\/vincentians.com\/es\/estatutos-del-secretariado-internacional-de-estudios-vicencianos-siev\/\"]}]},{\"@type\":\"ImageObject\",\"inLanguage\":\"es\",\"@id\":\"http:\/\/vincentians.com\/es\/estatutos-del-secretariado-internacional-de-estudios-vicencianos-siev\/#primaryimage\",\"url\":\"\",\"contentUrl\":\"\"},{\"@type\":\"BreadcrumbList\",\"@id\":\"http:\/\/vincentians.com\/es\/estatutos-del-secretariado-internacional-de-estudios-vicencianos-siev\/#breadcrumb\",\"itemListElement\":[{\"@type\":\"ListItem\",\"position\":1,\"name\":\"Portada\",\"item\":\"http:\/\/vincentians.com\/es\/\"},{\"@type\":\"ListItem\",\"position\":2,\"name\":\"Estatutos del Secretariado Internacional de Estudios Vicencianos (SIEV)\"}]},{\"@type\":\"WebSite\",\"@id\":\"http:\/\/vincentians.com\/es\/#website\",\"url\":\"http:\/\/vincentians.com\/es\/\",\"name\":\"Somos Vicencianos\",\"description\":\"Know more to serve more\",\"publisher\":{\"@id\":\"http:\/\/vincentians.com\/es\/#organization\"},\"potentialAction\":[{\"@type\":\"SearchAction\",\"target\":{\"@type\":\"EntryPoint\",\"urlTemplate\":\"http:\/\/vincentians.com\/es\/?s={search_term_string}\"},\"query-input\":{\"@type\":\"PropertyValueSpecification\",\"valueRequired\":true,\"valueName\":\"search_term_string\"}}],\"inLanguage\":\"es\"},{\"@type\":\"Organization\",\"@id\":\"http:\/\/vincentians.com\/es\/#organization\",\"name\":\"The Vincentian Network\",\"url\":\"http:\/\/vincentians.com\/es\/\",\"logo\":{\"@type\":\"ImageObject\",\"inLanguage\":\"es\",\"@id\":\"http:\/\/vincentians.com\/es\/#\/schema\/logo\/image\/\",\"url\":\"https:\/\/i1.wp.com\/vincentians.com\/es\/wp-content\/uploads\/sites\/11\/2016\/06\/Vincentian-Network-logo-big.png?fit=778%2C778\",\"contentUrl\":\"https:\/\/i1.wp.com\/vincentians.com\/es\/wp-content\/uploads\/sites\/11\/2016\/06\/Vincentian-Network-logo-big.png?fit=778%2C778\",\"width\":778,\"height\":778,\"caption\":\"The Vincentian Network\"},\"image\":{\"@id\":\"http:\/\/vincentians.com\/es\/#\/schema\/logo\/image\/\"},\"sameAs\":[\"https:\/\/www.facebook.com\/WeAreVincentians\/\",\"https:\/\/x.com\/WeVincentians\"]},{\"@type\":\"Person\",\"@id\":\"http:\/\/vincentians.com\/es\/#\/schema\/person\/9623ef4d9aa3b2dfb8c061f1499288f2\",\"name\":\"Francisco Javier Fern\u00e1ndez Chento\",\"image\":{\"@type\":\"ImageObject\",\"inLanguage\":\"es\",\"@id\":\"http:\/\/vincentians.com\/es\/#\/schema\/person\/image\/\",\"url\":\"https:\/\/secure.gravatar.com\/avatar\/497d5cde87b4c3d097d0315953521681ba2cd523ee66e5077c3711f7021e65de?s=96&d=mm&r=g\",\"contentUrl\":\"https:\/\/secure.gravatar.com\/avatar\/497d5cde87b4c3d097d0315953521681ba2cd523ee66e5077c3711f7021e65de?s=96&d=mm&r=g\",\"caption\":\"Francisco Javier Fern\u00e1ndez Chento\"},\"description\":\"Director General y cofundador de La Red de Formaci\u00f3n Vicenciana. Javier es laico vicenciano, afiliado a la Congregaci\u00f3n de la Misi\u00f3n y miembro del Equipo de Misiones Populares de la provincia can\u00f3nica de Zaragoza (Espa\u00f1a) de la Congregaci\u00f3n de la Misi\u00f3n. Graduado en la Universidad Oberta de Catalunya con cuatro grados (Asistente de direcci\u00f3n, Gesti\u00f3n Administrativa, Recursos Humanos y Contabilidad Avanzada). Bil\u00edng\u00fce Espa\u00f1ol\/Ingl\u00e9s. gestiona y mantiene varias p\u00e1ginas web cristianas y vicencianas, incluida including La Red de Formaci\u00f3n Vicenciana, de la que es cofundador. Actualmente es responsable del \u00e1rea de Espa\u00f1ol de .famvin, la Red de Noticias de la Familia Vicenciana. Tambi\u00e9n es m\u00fasico cat\u00f3lico y ha editado varios discos. Es Director General y cofundador de Trovador, una reconocida compa\u00f1\u00eda discogr\u00e1fica critiana de Espa\u00f1a. Trabaja en las Tecnolog\u00edas de la Informaci\u00f3n, ofreciendo servicios de alojamiento, dise\u00f1o y mantenimiento Web, as\u00ed como asesoramiento, formaci\u00f3n y soluciones inform\u00e1ticas, gesti\u00f3n documental y digitalizaci\u00f3n de textos, edici\u00f3n y maquetaci\u00f3n de libros, revistas, flyers, etc.\",\"sameAs\":[\"http:\/\/chento.org\",\"https:\/\/www.facebook.com\/JavierChento\",\"https:\/\/x.com\/https:\/\/twitter.com\/javierchento\"],\"url\":\"http:\/\/vincentians.com\/es\/author\/chento\/\"}]}<\/script>\n<!-- \/ Yoast SEO plugin. -->","yoast_head_json":{"title":"Estatutos del Secretariado Internacional de Estudios Vicencianos (SIEV) - Somos Vicencianos","robots":{"index":"index","follow":"follow","max-snippet":"max-snippet:-1","max-image-preview":"max-image-preview:large","max-video-preview":"max-video-preview:-1"},"canonical":"http:\/\/vincentians.com\/es\/estatutos-del-secretariado-internacional-de-estudios-vicencianos-siev\/","og_locale":"es_ES","og_type":"article","og_title":"Estatutos del Secretariado Internacional de Estudios Vicencianos (SIEV) - Somos Vicencianos","og_description":"1.1 Como respuesta al postulado aprobado por la Asamblea General de 1980: \u00abSe propone que cada Provincia o grupo de Provincias tengan una organizaci\u00f3n propia para la promoci\u00f3n de estudios b\u00e1sicas y la divulgaci\u00f3n de ... Read More","og_url":"http:\/\/vincentians.com\/es\/estatutos-del-secretariado-internacional-de-estudios-vicencianos-siev\/","og_site_name":"Somos Vicencianos","article_publisher":"https:\/\/www.facebook.com\/WeAreVincentians\/","article_author":"https:\/\/www.facebook.com\/JavierChento","article_published_time":"2012-10-26T07:57:07+00:00","author":"Francisco Javier Fern\u00e1ndez Chento","twitter_card":"summary_large_image","twitter_creator":"@https:\/\/twitter.com\/javierchento","twitter_site":"@WeVincentians","twitter_misc":{"Escrito por":"Francisco Javier Fern\u00e1ndez Chento","Tiempo de lectura":"3 minutos"},"schema":{"@context":"https:\/\/schema.org","@graph":[{"@type":"Article","@id":"http:\/\/vincentians.com\/es\/estatutos-del-secretariado-internacional-de-estudios-vicencianos-siev\/#article","isPartOf":{"@id":"http:\/\/vincentians.com\/es\/estatutos-del-secretariado-internacional-de-estudios-vicencianos-siev\/"},"author":{"name":"Francisco Javier Fern\u00e1ndez Chento","@id":"http:\/\/vincentians.com\/es\/#\/schema\/person\/9623ef4d9aa3b2dfb8c061f1499288f2"},"headline":"Estatutos del Secretariado Internacional de Estudios Vicencianos (SIEV)","datePublished":"2012-10-26T07:57:07+00:00","mainEntityOfPage":{"@id":"http:\/\/vincentians.com\/es\/estatutos-del-secretariado-internacional-de-estudios-vicencianos-siev\/"},"wordCount":603,"commentCount":0,"publisher":{"@id":"http:\/\/vincentians.com\/es\/#organization"},"image":{"@id":"http:\/\/vincentians.com\/es\/estatutos-del-secretariado-internacional-de-estudios-vicencianos-siev\/#primaryimage"},"thumbnailUrl":"","articleSection":["Documentos de otras Ramas e Instituciones vicencianas"],"inLanguage":"es","potentialAction":[{"@type":"CommentAction","name":"Comment","target":["http:\/\/vincentians.com\/es\/estatutos-del-secretariado-internacional-de-estudios-vicencianos-siev\/#respond"]}]},{"@type":"WebPage","@id":"http:\/\/vincentians.com\/es\/estatutos-del-secretariado-internacional-de-estudios-vicencianos-siev\/","url":"http:\/\/vincentians.com\/es\/estatutos-del-secretariado-internacional-de-estudios-vicencianos-siev\/","name":"Estatutos del Secretariado Internacional de Estudios Vicencianos (SIEV) - Somos Vicencianos","isPartOf":{"@id":"http:\/\/vincentians.com\/es\/#website"},"primaryImageOfPage":{"@id":"http:\/\/vincentians.com\/es\/estatutos-del-secretariado-internacional-de-estudios-vicencianos-siev\/#primaryimage"},"image":{"@id":"http:\/\/vincentians.com\/es\/estatutos-del-secretariado-internacional-de-estudios-vicencianos-siev\/#primaryimage"},"thumbnailUrl":"","datePublished":"2012-10-26T07:57:07+00:00","breadcrumb":{"@id":"http:\/\/vincentians.com\/es\/estatutos-del-secretariado-internacional-de-estudios-vicencianos-siev\/#breadcrumb"},"inLanguage":"es","potentialAction":[{"@type":"ReadAction","target":["http:\/\/vincentians.com\/es\/estatutos-del-secretariado-internacional-de-estudios-vicencianos-siev\/"]}]},{"@type":"ImageObject","inLanguage":"es","@id":"http:\/\/vincentians.com\/es\/estatutos-del-secretariado-internacional-de-estudios-vicencianos-siev\/#primaryimage","url":"","contentUrl":""},{"@type":"BreadcrumbList","@id":"http:\/\/vincentians.com\/es\/estatutos-del-secretariado-internacional-de-estudios-vicencianos-siev\/#breadcrumb","itemListElement":[{"@type":"ListItem","position":1,"name":"Portada","item":"http:\/\/vincentians.com\/es\/"},{"@type":"ListItem","position":2,"name":"Estatutos del Secretariado Internacional de Estudios Vicencianos (SIEV)"}]},{"@type":"WebSite","@id":"http:\/\/vincentians.com\/es\/#website","url":"http:\/\/vincentians.com\/es\/","name":"Somos Vicencianos","description":"Know more to serve more","publisher":{"@id":"http:\/\/vincentians.com\/es\/#organization"},"potentialAction":[{"@type":"SearchAction","target":{"@type":"EntryPoint","urlTemplate":"http:\/\/vincentians.com\/es\/?s={search_term_string}"},"query-input":{"@type":"PropertyValueSpecification","valueRequired":true,"valueName":"search_term_string"}}],"inLanguage":"es"},{"@type":"Organization","@id":"http:\/\/vincentians.com\/es\/#organization","name":"The Vincentian Network","url":"http:\/\/vincentians.com\/es\/","logo":{"@type":"ImageObject","inLanguage":"es","@id":"http:\/\/vincentians.com\/es\/#\/schema\/logo\/image\/","url":"https:\/\/i1.wp.com\/vincentians.com\/es\/wp-content\/uploads\/sites\/11\/2016\/06\/Vincentian-Network-logo-big.png?fit=778%2C778","contentUrl":"https:\/\/i1.wp.com\/vincentians.com\/es\/wp-content\/uploads\/sites\/11\/2016\/06\/Vincentian-Network-logo-big.png?fit=778%2C778","width":778,"height":778,"caption":"The Vincentian Network"},"image":{"@id":"http:\/\/vincentians.com\/es\/#\/schema\/logo\/image\/"},"sameAs":["https:\/\/www.facebook.com\/WeAreVincentians\/","https:\/\/x.com\/WeVincentians"]},{"@type":"Person","@id":"http:\/\/vincentians.com\/es\/#\/schema\/person\/9623ef4d9aa3b2dfb8c061f1499288f2","name":"Francisco Javier Fern\u00e1ndez Chento","image":{"@type":"ImageObject","inLanguage":"es","@id":"http:\/\/vincentians.com\/es\/#\/schema\/person\/image\/","url":"https:\/\/secure.gravatar.com\/avatar\/497d5cde87b4c3d097d0315953521681ba2cd523ee66e5077c3711f7021e65de?s=96&d=mm&r=g","contentUrl":"https:\/\/secure.gravatar.com\/avatar\/497d5cde87b4c3d097d0315953521681ba2cd523ee66e5077c3711f7021e65de?s=96&d=mm&r=g","caption":"Francisco Javier Fern\u00e1ndez Chento"},"description":"Director General y cofundador de La Red de Formaci\u00f3n Vicenciana. Javier es laico vicenciano, afiliado a la Congregaci\u00f3n de la Misi\u00f3n y miembro del Equipo de Misiones Populares de la provincia can\u00f3nica de Zaragoza (Espa\u00f1a) de la Congregaci\u00f3n de la Misi\u00f3n. Graduado en la Universidad Oberta de Catalunya con cuatro grados (Asistente de direcci\u00f3n, Gesti\u00f3n Administrativa, Recursos Humanos y Contabilidad Avanzada). Bil\u00edng\u00fce Espa\u00f1ol\/Ingl\u00e9s. gestiona y mantiene varias p\u00e1ginas web cristianas y vicencianas, incluida including La Red de Formaci\u00f3n Vicenciana, de la que es cofundador. Actualmente es responsable del \u00e1rea de Espa\u00f1ol de .famvin, la Red de Noticias de la Familia Vicenciana. Tambi\u00e9n es m\u00fasico cat\u00f3lico y ha editado varios discos. Es Director General y cofundador de Trovador, una reconocida compa\u00f1\u00eda discogr\u00e1fica critiana de Espa\u00f1a. Trabaja en las Tecnolog\u00edas de la Informaci\u00f3n, ofreciendo servicios de alojamiento, dise\u00f1o y mantenimiento Web, as\u00ed como asesoramiento, formaci\u00f3n y soluciones inform\u00e1ticas, gesti\u00f3n documental y digitalizaci\u00f3n de textos, edici\u00f3n y maquetaci\u00f3n de libros, revistas, flyers, etc.","sameAs":["http:\/\/chento.org","https:\/\/www.facebook.com\/JavierChento","https:\/\/x.com\/https:\/\/twitter.com\/javierchento"],"url":"http:\/\/vincentians.com\/es\/author\/chento\/"}]}},"jetpack_publicize_connections":[],"jetpack_featured_media_url":"","jetpack_sharing_enabled":true,"jetpack_shortlink":"https:\/\/wp.me\/p7ETMF-tGE","jetpack-related-posts":[{"id":31227,"url":"http:\/\/vincentians.com\/es\/organismos-de-estudios-y-de-animacion-vicenciana\/","url_meta":{"origin":114120,"position":0},"title":"Organismos de estudios y de animaci\u00f3n vicenciana","author":"Francisco Javier Fern\u00e1ndez Chento","date":"12\/03\/2014","format":false,"excerpt":"La Asamblea General de 1980 pidi\u00f3 que \"Cada Provincia o grupo de Provincias tenga una organizaci\u00f3n propia para la promoci\u00f3n de estudios fundamentales y su divulgaci\u00f3n (San Vicente, Santa Luisa, historia de la compa\u00f1\u00eda, etc). Una organizaci\u00f3n a nivel internacional tendr\u00e1 por fin coordinar estos esfuerzos y difundir los resultados\".\u2026","rel":"","context":"En \u00abCongregaci\u00f3n de la Misi\u00f3n\u00bb","block_context":{"text":"Congregaci\u00f3n de la Misi\u00f3n","link":"http:\/\/vincentians.com\/es\/category\/la-familia-vicenciana\/ramas\/congregacion-de-la-mision\/"},"img":{"alt_text":"","src":"https:\/\/i0.wp.com\/vicencianos.org\/wp-content\/2011\/03\/caridad_mision-249x300.jpg?resize=350%2C200","width":350,"height":200},"classes":[]},{"id":114121,"url":"http:\/\/vincentians.com\/es\/estatutos-del-centro-internacional-de-formacion-san-vicente-de-paul-cif\/","url_meta":{"origin":114120,"position":1},"title":"Estatutos del Centro Internacional de Formaci\u00f3n San Vicente de Pa\u00fal (CIF)","author":"Francisco Javier Fern\u00e1ndez Chento","date":"26\/10\/2012","format":false,"excerpt":"1. Identidad El Centro Internacional de Formaci\u00f3n San Vicente de Pa\u00fal (CIF) es una obra establecida por el Superior General de la Congregaci\u00f3n de la Misi\u00f3n con su consejo para ofrecer programas de formaci\u00f3n vicenciana. Los programas se dirigen en primer lugar a los miembros de la Congregaci\u00f3n de la\u2026","rel":"","context":"En \u00abDocumentos de otras Ramas e Instituciones vicencianas\u00bb","block_context":{"text":"Documentos de otras Ramas e Instituciones vicencianas","link":"http:\/\/vincentians.com\/es\/category\/formacion-vicenciana\/documentos-oficiales-de-la-familia-vicenciana\/documentos-de-otras-ramas-e-instituciones-vicencianas\/"},"img":{"alt_text":"","src":"","width":0,"height":0},"classes":[]},{"id":140030,"url":"http:\/\/vincentians.com\/es\/multiculturalismo-solidaridad-y-colaboracion\/","url_meta":{"origin":114120,"position":2},"title":"Multiculturalismo, Solidaridad, y Colaboraci\u00f3n","author":"Francisco Javier Fern\u00e1ndez Chento","date":"22\/02\/2015","format":false,"excerpt":"I. Introducci\u00f3n \u201cDej\u00e9monos renovar por la vitalidad misionera de nuestra vocaci\u00f3n Vicenciana\u201d (Lema de la AG 2016. Cf Marzo 25, 2014 Carta de la Comisi\u00f3n Preparatoria a los Visitadores) Los temas relevantes de la AG 2016 no son f\u00e1ciles de explorar. Hablan de una cuesti\u00f3n importante para nosotros como Misioneros\u2026","rel":"","context":"En \u00abEspiritualidad vicenciana\u00bb","block_context":{"text":"Espiritualidad vicenciana","link":"http:\/\/vincentians.com\/es\/category\/espiritualidad\/espiritualidad-vicenciana\/"},"img":{"alt_text":"multiculturalismo","src":"https:\/\/i0.wp.com\/vicencianos.org\/wp-content\/2015\/02\/multiculturalismo-300x201.jpg?resize=350%2C200","width":350,"height":200},"classes":[]},{"id":140032,"url":"http:\/\/vincentians.com\/es\/las-asambleas-generales-en-la-congregacion-de-la-mision-historia-y-resultados\/","url_meta":{"origin":114120,"position":3},"title":"Las Asambleas Generales en la Congregaci\u00f3n de la Misi\u00f3n: Historia y Resultados","author":"Mitxel Olabu\u00e9naga","date":"20\/02\/2015","format":false,"excerpt":"Introducci\u00f3n La autoridad suprema en la Congregaci\u00f3n, su asamblea general, ha sido crucial para su desarrollo y direcci\u00f3n. En su casi cuatro siglos de existencia, la Congregaci\u00f3n ha celebrado cuarenta y uno de estos encuentros, el primero fue en 1661. Vicente mismo, sin embargo, celebr\u00f3 asambleas preliminares en 1642 y\u2026","rel":"","context":"En \u00abHistoria de la Congregaci\u00f3n de la Misi\u00f3n\u00bb","block_context":{"text":"Historia de la Congregaci\u00f3n de la Misi\u00f3n","link":"http:\/\/vincentians.com\/es\/category\/historia-de-la-familia-vicenciana\/historia-de-la-congregacion-de-la-mision\/"},"img":{"alt_text":"logocm","src":"https:\/\/i0.wp.com\/vicencianos.org\/wp-content\/2011\/12\/logocm-245x300.png?resize=350%2C200","width":350,"height":200},"classes":[]},{"id":127199,"url":"http:\/\/vincentians.com\/es\/misioneros-vicencianos-con-dios-entre-los-mas-pobres\/","url_meta":{"origin":114120,"position":4},"title":"Misioneros Vicencianos: con Dios entre los m\u00e1s pobres","author":"Francisco Javier Fern\u00e1ndez Chento","date":"15\/01\/2024","format":false,"excerpt":"Bajo la denominaci\u00f3n de Misioneros Vicencianos se hace referencia en este art\u00edculo al carisma misionero de los Padres Pa\u00fales, Hijas de la Caridad y Misioneros Seglares Vicencianos. Una galer\u00eda de hombres y mujeres de talla excepcional que se encuentran all\u00ed donde m\u00e1s se les necesita \u2013entre los perseguidos, hu\u00e9rfanos, hambrientos,\u2026","rel":"","context":"En \u00abMisiones \u00abAd gentes\u00bb\u00bb","block_context":{"text":"Misiones \u00abAd gentes\u00bb","link":"http:\/\/vincentians.com\/es\/category\/servicios-y-ministerios\/misiones-ad-gentes\/"},"img":{"alt_text":"","src":"https:\/\/i0.wp.com\/vincentians.com\/es\/wp-content\/uploads\/sites\/11\/2016\/09\/enviados-evangelizar-pobres.jpg?fit=1200%2C630&resize=350%2C200","width":350,"height":200,"srcset":"https:\/\/i0.wp.com\/vincentians.com\/es\/wp-content\/uploads\/sites\/11\/2016\/09\/enviados-evangelizar-pobres.jpg?fit=1200%2C630&resize=350%2C200 1x, https:\/\/i0.wp.com\/vincentians.com\/es\/wp-content\/uploads\/sites\/11\/2016\/09\/enviados-evangelizar-pobres.jpg?fit=1200%2C630&resize=525%2C300 1.5x, https:\/\/i0.wp.com\/vincentians.com\/es\/wp-content\/uploads\/sites\/11\/2016\/09\/enviados-evangelizar-pobres.jpg?fit=1200%2C630&resize=700%2C400 2x, https:\/\/i0.wp.com\/vincentians.com\/es\/wp-content\/uploads\/sites\/11\/2016\/09\/enviados-evangelizar-pobres.jpg?fit=1200%2C630&resize=1050%2C600 3x"},"classes":[]},{"id":115978,"url":"http:\/\/vincentians.com\/es\/familia-vicenciana-y-medalla-milagrosa\/","url_meta":{"origin":114120,"position":5},"title":"Familia Vicenciana y Medalla Milagrosa","author":"Francisco Javier Fern\u00e1ndez Chento","date":"27\/11\/2022","format":false,"excerpt":"Lo que ha sido este legado desde 1830 El testimonio de la Historia nos dice que, si bien la Virgen se aparece a Santa Catalina Labour\u00e9, \u00e9sta, cumpliendo los deseos manifestados por la Madre de Dios, permanece oculta, desconocida, en el silencio m\u00e1s incomprensible; un silencio que a veces se\u2026","rel":"","context":"En \u00abVirgen Mar\u00eda\u00bb","block_context":{"text":"Virgen Mar\u00eda","link":"http:\/\/vincentians.com\/es\/category\/espiritualidad\/virgen-maria\/"},"img":{"alt_text":"","src":"https:\/\/i0.wp.com\/vincentians.com\/es\/wp-content\/uploads\/sites\/11\/2016\/08\/hijas-caridad.jpg?fit=1200%2C630&resize=350%2C200","width":350,"height":200,"srcset":"https:\/\/i0.wp.com\/vincentians.com\/es\/wp-content\/uploads\/sites\/11\/2016\/08\/hijas-caridad.jpg?fit=1200%2C630&resize=350%2C200 1x, https:\/\/i0.wp.com\/vincentians.com\/es\/wp-content\/uploads\/sites\/11\/2016\/08\/hijas-caridad.jpg?fit=1200%2C630&resize=525%2C300 1.5x, https:\/\/i0.wp.com\/vincentians.com\/es\/wp-content\/uploads\/sites\/11\/2016\/08\/hijas-caridad.jpg?fit=1200%2C630&resize=700%2C400 2x, https:\/\/i0.wp.com\/vincentians.com\/es\/wp-content\/uploads\/sites\/11\/2016\/08\/hijas-caridad.jpg?fit=1200%2C630&resize=1050%2C600 3x"},"classes":[]}],"_links":{"self":[{"href":"http:\/\/vincentians.com\/es\/wp-json\/wp\/v2\/posts\/114120","targetHints":{"allow":["GET"]}}],"collection":[{"href":"http:\/\/vincentians.com\/es\/wp-json\/wp\/v2\/posts"}],"about":[{"href":"http:\/\/vincentians.com\/es\/wp-json\/wp\/v2\/types\/post"}],"author":[{"embeddable":true,"href":"http:\/\/vincentians.com\/es\/wp-json\/wp\/v2\/users\/4"}],"replies":[{"embeddable":true,"href":"http:\/\/vincentians.com\/es\/wp-json\/wp\/v2\/comments?post=114120"}],"version-history":[{"count":0,"href":"http:\/\/vincentians.com\/es\/wp-json\/wp\/v2\/posts\/114120\/revisions"}],"wp:featuredmedia":[{"embeddable":true,"href":"http:\/\/vincentians.com\/es\/wp-json\/"}],"wp:attachment":[{"href":"http:\/\/vincentians.com\/es\/wp-json\/wp\/v2\/media?parent=114120"}],"wp:term":[{"taxonomy":"category","embeddable":true,"href":"http:\/\/vincentians.com\/es\/wp-json\/wp\/v2\/categories?post=114120"},{"taxonomy":"post_tag","embeddable":true,"href":"http:\/\/vincentians.com\/es\/wp-json\/wp\/v2\/tags?post=114120"}],"curies":[{"name":"wp","href":"https:\/\/api.w.org\/{rel}","templated":true}]}}