{"id":114059,"date":"2021-06-15T08:08:35","date_gmt":"2021-06-15T06:08:35","guid":{"rendered":"http:\/\/somos.vicencianos.org\/?p=114059"},"modified":"2021-03-14T11:13:26","modified_gmt":"2021-03-14T10:13:26","slug":"paris-en-tiempos-de-san-vicente-de-paul-i","status":"publish","type":"post","link":"http:\/\/vincentians.com\/es\/paris-en-tiempos-de-san-vicente-de-paul-i\/","title":{"rendered":"Par\u00eds en tiempos de San Vicente de Pa\u00fal (I)"},"content":{"rendered":"<h2>1) Extensi\u00f3n<\/h2>\n<p>La ciudad de Paris, cuando Vicente de Pa\u00fal lleg\u00f3 a finales de 1608, ocupaba unas 439 hect\u00e1reas y estaba rodeada por la muralla que el rey Carlos V hab\u00eda construido en 1383. Luego se ampli\u00f3 la muralla en tiempos de Luis XIII hacia el noroeste, entre los a\u00f1os 1633 y 1636.<\/p>\n<p>Las PUERTAS de la muralla de la margen derecha del r\u00edo Sena eran: la de San Antonio, el Temple, San Mart\u00edn, San Dionisio, Montmatre, San Honor\u00e9, la Puerta Nueva y en los extremos, junto al r\u00edo, las Torres de Billy (al este), y Bous y Coin (al oeste). En la ampliaci\u00f3n que hizo Luis XIII se hicieron nuevas puertas: La Poissonnerie, Richelieu, Gaillon y la de La Conferencia<\/p>\n<p>Las PUERTAS de la muralla en la margen izquierda eran s\u00f3lo seis: Bussy, San Germ\u00e1n, Gibard o San Miguel, San Jacques, San Marcel, San V\u00edctor y las Torres de Nesle (al oeste) y de La Tournelle (al este). (La extensi\u00f3n de Par\u00eds en el a\u00f1o 1954 era de 10.540 hect\u00e1reas.)<\/p>\n<h2>2) Habitantes<\/h2>\n<p>El censo de los Comisarios del Chatelet hecho en el a\u00f1o 1637, le atribu\u00eda unas 20.000 casas y unes 415.000 personas. Esto parece exagerado y se le suele asignar en estas fechas unos 300.000 habitantes. (N\u00e1poles ten\u00eda entonces unos 280.000, Londres 270.000, Venecia 150.000, Sevilla 130.000, Roma 113.000 y Madrid apenas llegaba a los 100.000.)<\/p>\n<h2>3) Instituciones<\/h2>\n<p>El Gobierno de Par\u00eds era ejercido por un conjunto armonioso de todos los cuerpos: Casa del Rey, Cuerpos de Magistrados (Parlamento, Chatelet), corporaciones religiosas, universitarias, militares, de oficios\u00a0 El Cuerpo de la Villa (Ayuntamiento) era uno m\u00e1s. Se puede decir que hasta la Revoluci\u00f3n Francesa nunca fue una Municipalidad o Ayuntamiento propiamente.<\/p>\n<h3><strong>a)\u00a0 <\/strong><strong>La corte<\/strong><\/h3>\n<p>Lo esencial de la Corte es la Casa del Rey, compuesta en su rama militar por m\u00e1s de 7.000 y en la civil por m\u00e1s de 1.500 personas.<\/p>\n<p>Entre sus componentes podemos contar a los representantes del rey en el gobierno y en la administraci\u00f3n de la ciudad que vest\u00edan la librea real con los colores de los Borbones (rojo, blanco y azul). El Consejo del Rey y sus ministros, junto con el Secretario de Estado, ten\u00eda competencia en la seguridad de la ciudad, las costumbres, las finanzas a trav\u00e9s del Superintendente y &#8230; etc. De su Canciller depend\u00eda la impresi\u00f3n de los libros y su censura, y bajo \u00e9l estaban exclusivamente las Universidades, Colegios y Academias. El mismo Rey comunicaba a los electores el nombre de quien ten\u00edan que elegir, cada dos a\u00f1os, como Preboste de Mercaderes (Alcalde). Hasta el mismo escudo de la ciudad llevaba los distintivos de la realeza.<\/p>\n<h3><strong>b)\u00a0 <\/strong><strong>El parlamento<\/strong><\/h3>\n<p>El Parlamento que sesionaba en el antiguo Palacio de los Reyes en la Cit\u00e9 era el Tribunal Supremo del Estado, pero tambi\u00e9n por medio de sus diversas C\u00e1maras ejerc\u00eda un alto gobierno o \u00abpol\u00edtica general\u00bb sobre la ciudad. Ten\u00eda una C\u00e1mara de Investigaci\u00f3n competente en los problemas de la ciudad, daba las \u00d3rdenes en caso de escasez de pan, pon\u00eda el precio del carb\u00f3n, ratificaba las \u00f3rdenes de las autoridades inferiores y mandaba registrar las cartas patentes de los oficios jurados&#8230; etc.<\/p>\n<h3><strong>c) El Chatelet<\/strong><\/h3>\n<p>El Chatelet, que ten\u00eda dos edificios, uno, el Gran Chatelet, al comienzo de la calle de San Denis, y otro, el Petit Chatelet, al final del Petit Pont, era un Tribunal de la Ciudad, del Prebostado y del Vizcondado de Par\u00eds con categor\u00eda de Baillaje y Presidial (Audiencia). Era presidido por el Preboste de Par\u00eds, cargo meramente honorable, la labor la llevaban un lugarteniente civil y otro criminal, con decisiones conjuntas hasta 1630 y luego separadas.<\/p>\n<p>El Chatelet era el verdadero \u00f3rgano administrativo de Par\u00eds. Su competencia abarcaba todo lo concerniente a la justicia contenciosa, distributiva y graciosa de la ciudad, prebostado y vizcondado de Par\u00eds. De \u00e9l depend\u00eda fundamentalmente la seguridad ciudadana, el permiso y control de armas, la limpieza. El daba las \u00f3rdenes en los incendios o inundaciones. De \u00e9l depend\u00eda la provisi\u00f3n, tasas y precios de los productos, ten\u00eda la vigilancia del heno y su almacenaje en las orillas de los r\u00edos, vigilaba los mercados, ferias, carnicer\u00edas, fondas, albergues\u00a0 y lugares de mala fama. Controlaban los pesos y medidas, sobrevigilaban los talleres de las corporaciones artesanales y la entrega de sus diplomas. Juzgaban y multaban a los delincuentes que cog\u00edan in fraganti, pero si el delito exig\u00eda penas aflictivas era necesario hacer una denuncia por escrito y juzgarlo en la Presidial. Recib\u00edan de los cirujanos sus declaraciones sobre los heridos que atend\u00edan. Deb\u00edan ejecutar todas las \u00d3rdenes, y Reglamentaciones que ven\u00edan del Consejo del Rey y del Parlamento.<\/p>\n<p>No ten\u00edan competencia sobre los eclesi\u00e1sticos, ni hombres de justicia ni militares.<\/p>\n<p>Tampoco ten\u00edan competencia en el \u00abenclos\u00bb del Palacio de la Cit\u00e9 (Parlamento), ni en las 27 jurisdicciones se\u00f1oriales ni en las que depend\u00edan del Obispado o de algunas Comunidades Religiosas como San L\u00e1zaro que ten\u00edan derecho a ejercer alta, media y baja justicia sobre lugares y calles determinadas.<\/p>\n<h3><strong>d) <\/strong><strong>El hotel de ville (ayuntamiento)<\/strong><\/h3>\n<p>El Cuerpo de la Ville fue en un principio una Corporaci\u00f3n para regular las actividades comerciales a la que los reyes les fueron dando otras competencias y que desde el a\u00f1o 1415 recibieron una Real Ordenanza que estructuraba el Cuerpo y se\u00f1alaba sus competencias. Esta ordenanza permaneci\u00f3 en vigor hasta 1789.<\/p>\n<p>A la cabeza de la villa se encontraba el Bureau de la Villa, compuesto por el Petit Bureau y el Grand Bureau. El Petit Bureau lo compon\u00edan el Preboste de Mercaderes (Alcalde), cuatro Concejales, un Procurador del Rey y la Villa, un Escribano-Notario y un Recaudador. El Grand Bureau estaba compuesto por el Petit Bureau y 24 Consejeros y sol\u00eda llamarse el Consejo de la Villa.<\/p>\n<p>En el Bureau de la Villa hab\u00eda diversos funcionarios: Oficiales y Ayudantes, diez Sargentos o hujieres, un arquitecto o maestro de obras <em>de <\/em>la ciudad, un capit\u00e1n de artiller\u00eda, un impresor, escribanos, y otros empleados : medidores de trigo y vino, costaleros, descargadores, portadores de trigo, carb\u00f3n, vino, madera, pregoneros de mercanc\u00edas, de ventas, de alquileres, de defunciones.<\/p>\n<p>Contribu\u00edan a la seguridad ciudadana con tres compa\u00f1\u00edas de 100 arqueros armados con arcabuces, espadas, dagas y alabardas. Eran estos \u00ablos Arqueros <em>de <\/em>la Ville\u00bb. Exist\u00eda tambi\u00e9n la milicia burguesa compuesta por 133 compa\u00f1\u00edas, dos por distrito.<\/p>\n<p>Entre las competencias del Hotel de Ville figuraba tambi\u00e9n el mantenimiento de puentes, muelles, fuentes. Competencia suya era la organizaci\u00f3n de las fiestas y diversiones y la navegaci\u00f3n por el R\u00edo Sena. Era adem\u00e1s juez en las causas de comercio para los mercaderes y entend\u00edan en las rentas constituidas del Hotel de la Ville y en los impuestos sobre las mercanc\u00edas. Junto a los Tesoreros de Francia y el Bureau de Financiaci\u00f3n interven\u00edan en el campo de la construcci\u00f3n. Era tambi\u00e9n el que regulaba las ceremonias p\u00fablicas.<\/p>\n<p>Hab\u00eda. Audiencia los lunes, martes y viernes, de 11 a 13, y sus juicios pod\u00edan apelarse ante el Parlamento<\/p>\n<p>Sus oficinas hab\u00edan estado en principio en la Maison de la Marchandise (plaza del Chatelet). En 1357 pas\u00f3 a la plaza de la Greve, a la casa de los Piliers. El Rey Francisco I en 1533, dado el deterioro en que hab\u00eda ca\u00eddo, comenz\u00f3 la reconstrucci\u00f3n del edificio nuevo del Hotel de Ville, pero no se acab\u00f3 hasta el reinado de Luis XIII en el a\u00f1o 1628.<\/p>\n","protected":false},"excerpt":{"rendered":"<p>1) Extensi\u00f3n La ciudad de Paris, cuando Vicente de Pa\u00fal lleg\u00f3 a finales de 1608, ocupaba unas 439 hect\u00e1reas y estaba rodeada por la muralla que el rey Carlos V hab\u00eda construido en 1383. Luego &#8230; <a href=\"http:\/\/vincentians.com\/es\/paris-en-tiempos-de-san-vicente-de-paul-i\/\" class=\"more-link\">Read More<\/a><\/p>\n","protected":false},"author":4,"featured_media":398731,"comment_status":"open","ping_status":"open","sticky":false,"template":"","format":"standard","meta":{"jetpack_post_was_ever_published":false,"_jetpack_newsletter_access":"","_jetpack_dont_email_post_to_subs":false,"_jetpack_newsletter_tier_id":0,"_jetpack_memberships_contains_paywalled_content":false,"_jetpack_memberships_contains_paid_content":false,"footnotes":"","jetpack_publicize_message":"","jetpack_publicize_feature_enabled":true,"jetpack_social_post_already_shared":true,"jetpack_social_options":{"image_generator_settings":{"template":"highway","default_image_id":0,"font":"","enabled":false},"version":2}},"categories":[17],"tags":[143],"class_list":["post-114059","post","type-post","status-publish","format-standard","has-post-thumbnail","hentry","category-en-tiempos-de-vicente-de-paul","tag-san-lazaro"],"yoast_head":"<!-- This site is optimized with the Yoast SEO plugin v26.3 - https:\/\/yoast.com\/wordpress\/plugins\/seo\/ -->\n<title>Par\u00eds en tiempos de San Vicente de Pa\u00fal (I) - Somos Vicencianos<\/title>\n<meta name=\"robots\" content=\"index, follow, max-snippet:-1, max-image-preview:large, max-video-preview:-1\" \/>\n<link rel=\"canonical\" href=\"http:\/\/vincentians.com\/es\/paris-en-tiempos-de-san-vicente-de-paul-i\/\" \/>\n<meta property=\"og:locale\" content=\"es_ES\" \/>\n<meta property=\"og:type\" content=\"article\" \/>\n<meta property=\"og:title\" content=\"Par\u00eds en tiempos de San Vicente de Pa\u00fal (I) - Somos Vicencianos\" \/>\n<meta property=\"og:description\" content=\"1) Extensi\u00f3n La ciudad de Paris, cuando Vicente de Pa\u00fal lleg\u00f3 a finales de 1608, ocupaba unas 439 hect\u00e1reas y estaba rodeada por la muralla que el rey Carlos V hab\u00eda construido en 1383. Luego ... Read More\" \/>\n<meta property=\"og:url\" content=\"http:\/\/vincentians.com\/es\/paris-en-tiempos-de-san-vicente-de-paul-i\/\" \/>\n<meta property=\"og:site_name\" content=\"Somos Vicencianos\" \/>\n<meta property=\"article:publisher\" content=\"https:\/\/www.facebook.com\/WeAreVincentians\/\" \/>\n<meta property=\"article:author\" content=\"https:\/\/www.facebook.com\/JavierChento\" \/>\n<meta property=\"article:published_time\" content=\"2021-06-15T06:08:35+00:00\" \/>\n<meta property=\"og:image\" content=\"https:\/\/i0.wp.com\/vincentians.com\/es\/wp-content\/uploads\/sites\/11\/2011\/06\/Clichy-la-Garenne.jpg?fit=1200%2C630\" \/>\n\t<meta property=\"og:image:width\" content=\"1200\" \/>\n\t<meta property=\"og:image:height\" content=\"630\" \/>\n\t<meta property=\"og:image:type\" content=\"image\/jpeg\" \/>\n<meta name=\"author\" content=\"Francisco Javier Fern\u00e1ndez Chento\" \/>\n<meta name=\"twitter:card\" content=\"summary_large_image\" \/>\n<meta name=\"twitter:creator\" content=\"@https:\/\/twitter.com\/javierchento\" \/>\n<meta name=\"twitter:site\" content=\"@WeVincentians\" \/>\n<meta name=\"twitter:label1\" content=\"Escrito por\" \/>\n\t<meta name=\"twitter:data1\" content=\"Francisco Javier Fern\u00e1ndez Chento\" \/>\n\t<meta name=\"twitter:label2\" content=\"Tiempo de lectura\" \/>\n\t<meta name=\"twitter:data2\" content=\"6 minutos\" \/>\n<script type=\"application\/ld+json\" class=\"yoast-schema-graph\">{\"@context\":\"https:\/\/schema.org\",\"@graph\":[{\"@type\":\"Article\",\"@id\":\"http:\/\/vincentians.com\/es\/paris-en-tiempos-de-san-vicente-de-paul-i\/#article\",\"isPartOf\":{\"@id\":\"http:\/\/vincentians.com\/es\/paris-en-tiempos-de-san-vicente-de-paul-i\/\"},\"author\":{\"name\":\"Francisco Javier Fern\u00e1ndez Chento\",\"@id\":\"http:\/\/vincentians.com\/es\/#\/schema\/person\/9623ef4d9aa3b2dfb8c061f1499288f2\"},\"headline\":\"Par\u00eds en tiempos de San Vicente de Pa\u00fal (I)\",\"datePublished\":\"2021-06-15T06:08:35+00:00\",\"mainEntityOfPage\":{\"@id\":\"http:\/\/vincentians.com\/es\/paris-en-tiempos-de-san-vicente-de-paul-i\/\"},\"wordCount\":1293,\"commentCount\":0,\"publisher\":{\"@id\":\"http:\/\/vincentians.com\/es\/#organization\"},\"image\":{\"@id\":\"http:\/\/vincentians.com\/es\/paris-en-tiempos-de-san-vicente-de-paul-i\/#primaryimage\"},\"thumbnailUrl\":\"https:\/\/i0.wp.com\/vincentians.com\/es\/wp-content\/uploads\/sites\/11\/2011\/06\/Clichy-la-Garenne.jpg?fit=1200%2C630\",\"keywords\":[\"San L\u00e1zaro\"],\"articleSection\":[\"En tiempos de Vicente de Pa\u00fal\"],\"inLanguage\":\"es\",\"potentialAction\":[{\"@type\":\"CommentAction\",\"name\":\"Comment\",\"target\":[\"http:\/\/vincentians.com\/es\/paris-en-tiempos-de-san-vicente-de-paul-i\/#respond\"]}]},{\"@type\":\"WebPage\",\"@id\":\"http:\/\/vincentians.com\/es\/paris-en-tiempos-de-san-vicente-de-paul-i\/\",\"url\":\"http:\/\/vincentians.com\/es\/paris-en-tiempos-de-san-vicente-de-paul-i\/\",\"name\":\"Par\u00eds en tiempos de San Vicente de Pa\u00fal (I) - Somos Vicencianos\",\"isPartOf\":{\"@id\":\"http:\/\/vincentians.com\/es\/#website\"},\"primaryImageOfPage\":{\"@id\":\"http:\/\/vincentians.com\/es\/paris-en-tiempos-de-san-vicente-de-paul-i\/#primaryimage\"},\"image\":{\"@id\":\"http:\/\/vincentians.com\/es\/paris-en-tiempos-de-san-vicente-de-paul-i\/#primaryimage\"},\"thumbnailUrl\":\"https:\/\/i0.wp.com\/vincentians.com\/es\/wp-content\/uploads\/sites\/11\/2011\/06\/Clichy-la-Garenne.jpg?fit=1200%2C630\",\"datePublished\":\"2021-06-15T06:08:35+00:00\",\"breadcrumb\":{\"@id\":\"http:\/\/vincentians.com\/es\/paris-en-tiempos-de-san-vicente-de-paul-i\/#breadcrumb\"},\"inLanguage\":\"es\",\"potentialAction\":[{\"@type\":\"ReadAction\",\"target\":[\"http:\/\/vincentians.com\/es\/paris-en-tiempos-de-san-vicente-de-paul-i\/\"]}]},{\"@type\":\"ImageObject\",\"inLanguage\":\"es\",\"@id\":\"http:\/\/vincentians.com\/es\/paris-en-tiempos-de-san-vicente-de-paul-i\/#primaryimage\",\"url\":\"https:\/\/i0.wp.com\/vincentians.com\/es\/wp-content\/uploads\/sites\/11\/2011\/06\/Clichy-la-Garenne.jpg?fit=1200%2C630\",\"contentUrl\":\"https:\/\/i0.wp.com\/vincentians.com\/es\/wp-content\/uploads\/sites\/11\/2011\/06\/Clichy-la-Garenne.jpg?fit=1200%2C630\",\"width\":1200,\"height\":630},{\"@type\":\"BreadcrumbList\",\"@id\":\"http:\/\/vincentians.com\/es\/paris-en-tiempos-de-san-vicente-de-paul-i\/#breadcrumb\",\"itemListElement\":[{\"@type\":\"ListItem\",\"position\":1,\"name\":\"Portada\",\"item\":\"http:\/\/vincentians.com\/es\/\"},{\"@type\":\"ListItem\",\"position\":2,\"name\":\"Par\u00eds en tiempos de San Vicente de Pa\u00fal (I)\"}]},{\"@type\":\"WebSite\",\"@id\":\"http:\/\/vincentians.com\/es\/#website\",\"url\":\"http:\/\/vincentians.com\/es\/\",\"name\":\"Somos Vicencianos\",\"description\":\"Know more to serve more\",\"publisher\":{\"@id\":\"http:\/\/vincentians.com\/es\/#organization\"},\"potentialAction\":[{\"@type\":\"SearchAction\",\"target\":{\"@type\":\"EntryPoint\",\"urlTemplate\":\"http:\/\/vincentians.com\/es\/?s={search_term_string}\"},\"query-input\":{\"@type\":\"PropertyValueSpecification\",\"valueRequired\":true,\"valueName\":\"search_term_string\"}}],\"inLanguage\":\"es\"},{\"@type\":\"Organization\",\"@id\":\"http:\/\/vincentians.com\/es\/#organization\",\"name\":\"The Vincentian Network\",\"url\":\"http:\/\/vincentians.com\/es\/\",\"logo\":{\"@type\":\"ImageObject\",\"inLanguage\":\"es\",\"@id\":\"http:\/\/vincentians.com\/es\/#\/schema\/logo\/image\/\",\"url\":\"https:\/\/i1.wp.com\/vincentians.com\/es\/wp-content\/uploads\/sites\/11\/2016\/06\/Vincentian-Network-logo-big.png?fit=778%2C778\",\"contentUrl\":\"https:\/\/i1.wp.com\/vincentians.com\/es\/wp-content\/uploads\/sites\/11\/2016\/06\/Vincentian-Network-logo-big.png?fit=778%2C778\",\"width\":778,\"height\":778,\"caption\":\"The Vincentian Network\"},\"image\":{\"@id\":\"http:\/\/vincentians.com\/es\/#\/schema\/logo\/image\/\"},\"sameAs\":[\"https:\/\/www.facebook.com\/WeAreVincentians\/\",\"https:\/\/x.com\/WeVincentians\"]},{\"@type\":\"Person\",\"@id\":\"http:\/\/vincentians.com\/es\/#\/schema\/person\/9623ef4d9aa3b2dfb8c061f1499288f2\",\"name\":\"Francisco Javier Fern\u00e1ndez Chento\",\"image\":{\"@type\":\"ImageObject\",\"inLanguage\":\"es\",\"@id\":\"http:\/\/vincentians.com\/es\/#\/schema\/person\/image\/\",\"url\":\"https:\/\/secure.gravatar.com\/avatar\/497d5cde87b4c3d097d0315953521681ba2cd523ee66e5077c3711f7021e65de?s=96&d=mm&r=g\",\"contentUrl\":\"https:\/\/secure.gravatar.com\/avatar\/497d5cde87b4c3d097d0315953521681ba2cd523ee66e5077c3711f7021e65de?s=96&d=mm&r=g\",\"caption\":\"Francisco Javier Fern\u00e1ndez Chento\"},\"description\":\"Director General y cofundador de La Red de Formaci\u00f3n Vicenciana. Javier es laico vicenciano, afiliado a la Congregaci\u00f3n de la Misi\u00f3n y miembro del Equipo de Misiones Populares de la provincia can\u00f3nica de Zaragoza (Espa\u00f1a) de la Congregaci\u00f3n de la Misi\u00f3n. Graduado en la Universidad Oberta de Catalunya con cuatro grados (Asistente de direcci\u00f3n, Gesti\u00f3n Administrativa, Recursos Humanos y Contabilidad Avanzada). Bil\u00edng\u00fce Espa\u00f1ol\/Ingl\u00e9s. gestiona y mantiene varias p\u00e1ginas web cristianas y vicencianas, incluida including La Red de Formaci\u00f3n Vicenciana, de la que es cofundador. Actualmente es responsable del \u00e1rea de Espa\u00f1ol de .famvin, la Red de Noticias de la Familia Vicenciana. Tambi\u00e9n es m\u00fasico cat\u00f3lico y ha editado varios discos. Es Director General y cofundador de Trovador, una reconocida compa\u00f1\u00eda discogr\u00e1fica critiana de Espa\u00f1a. Trabaja en las Tecnolog\u00edas de la Informaci\u00f3n, ofreciendo servicios de alojamiento, dise\u00f1o y mantenimiento Web, as\u00ed como asesoramiento, formaci\u00f3n y soluciones inform\u00e1ticas, gesti\u00f3n documental y digitalizaci\u00f3n de textos, edici\u00f3n y maquetaci\u00f3n de libros, revistas, flyers, etc.\",\"sameAs\":[\"http:\/\/chento.org\",\"https:\/\/www.facebook.com\/JavierChento\",\"https:\/\/x.com\/https:\/\/twitter.com\/javierchento\"],\"url\":\"http:\/\/vincentians.com\/es\/author\/chento\/\"}]}<\/script>\n<!-- \/ Yoast SEO plugin. -->","yoast_head_json":{"title":"Par\u00eds en tiempos de San Vicente de Pa\u00fal (I) - Somos Vicencianos","robots":{"index":"index","follow":"follow","max-snippet":"max-snippet:-1","max-image-preview":"max-image-preview:large","max-video-preview":"max-video-preview:-1"},"canonical":"http:\/\/vincentians.com\/es\/paris-en-tiempos-de-san-vicente-de-paul-i\/","og_locale":"es_ES","og_type":"article","og_title":"Par\u00eds en tiempos de San Vicente de Pa\u00fal (I) - Somos Vicencianos","og_description":"1) Extensi\u00f3n La ciudad de Paris, cuando Vicente de Pa\u00fal lleg\u00f3 a finales de 1608, ocupaba unas 439 hect\u00e1reas y estaba rodeada por la muralla que el rey Carlos V hab\u00eda construido en 1383. Luego ... Read More","og_url":"http:\/\/vincentians.com\/es\/paris-en-tiempos-de-san-vicente-de-paul-i\/","og_site_name":"Somos Vicencianos","article_publisher":"https:\/\/www.facebook.com\/WeAreVincentians\/","article_author":"https:\/\/www.facebook.com\/JavierChento","article_published_time":"2021-06-15T06:08:35+00:00","og_image":[{"width":1200,"height":630,"url":"https:\/\/i0.wp.com\/vincentians.com\/es\/wp-content\/uploads\/sites\/11\/2011\/06\/Clichy-la-Garenne.jpg?fit=1200%2C630","type":"image\/jpeg"}],"author":"Francisco Javier Fern\u00e1ndez Chento","twitter_card":"summary_large_image","twitter_creator":"@https:\/\/twitter.com\/javierchento","twitter_site":"@WeVincentians","twitter_misc":{"Escrito por":"Francisco Javier Fern\u00e1ndez Chento","Tiempo de lectura":"6 minutos"},"schema":{"@context":"https:\/\/schema.org","@graph":[{"@type":"Article","@id":"http:\/\/vincentians.com\/es\/paris-en-tiempos-de-san-vicente-de-paul-i\/#article","isPartOf":{"@id":"http:\/\/vincentians.com\/es\/paris-en-tiempos-de-san-vicente-de-paul-i\/"},"author":{"name":"Francisco Javier Fern\u00e1ndez Chento","@id":"http:\/\/vincentians.com\/es\/#\/schema\/person\/9623ef4d9aa3b2dfb8c061f1499288f2"},"headline":"Par\u00eds en tiempos de San Vicente de Pa\u00fal (I)","datePublished":"2021-06-15T06:08:35+00:00","mainEntityOfPage":{"@id":"http:\/\/vincentians.com\/es\/paris-en-tiempos-de-san-vicente-de-paul-i\/"},"wordCount":1293,"commentCount":0,"publisher":{"@id":"http:\/\/vincentians.com\/es\/#organization"},"image":{"@id":"http:\/\/vincentians.com\/es\/paris-en-tiempos-de-san-vicente-de-paul-i\/#primaryimage"},"thumbnailUrl":"https:\/\/i0.wp.com\/vincentians.com\/es\/wp-content\/uploads\/sites\/11\/2011\/06\/Clichy-la-Garenne.jpg?fit=1200%2C630","keywords":["San L\u00e1zaro"],"articleSection":["En tiempos de Vicente de Pa\u00fal"],"inLanguage":"es","potentialAction":[{"@type":"CommentAction","name":"Comment","target":["http:\/\/vincentians.com\/es\/paris-en-tiempos-de-san-vicente-de-paul-i\/#respond"]}]},{"@type":"WebPage","@id":"http:\/\/vincentians.com\/es\/paris-en-tiempos-de-san-vicente-de-paul-i\/","url":"http:\/\/vincentians.com\/es\/paris-en-tiempos-de-san-vicente-de-paul-i\/","name":"Par\u00eds en tiempos de San Vicente de Pa\u00fal (I) - Somos Vicencianos","isPartOf":{"@id":"http:\/\/vincentians.com\/es\/#website"},"primaryImageOfPage":{"@id":"http:\/\/vincentians.com\/es\/paris-en-tiempos-de-san-vicente-de-paul-i\/#primaryimage"},"image":{"@id":"http:\/\/vincentians.com\/es\/paris-en-tiempos-de-san-vicente-de-paul-i\/#primaryimage"},"thumbnailUrl":"https:\/\/i0.wp.com\/vincentians.com\/es\/wp-content\/uploads\/sites\/11\/2011\/06\/Clichy-la-Garenne.jpg?fit=1200%2C630","datePublished":"2021-06-15T06:08:35+00:00","breadcrumb":{"@id":"http:\/\/vincentians.com\/es\/paris-en-tiempos-de-san-vicente-de-paul-i\/#breadcrumb"},"inLanguage":"es","potentialAction":[{"@type":"ReadAction","target":["http:\/\/vincentians.com\/es\/paris-en-tiempos-de-san-vicente-de-paul-i\/"]}]},{"@type":"ImageObject","inLanguage":"es","@id":"http:\/\/vincentians.com\/es\/paris-en-tiempos-de-san-vicente-de-paul-i\/#primaryimage","url":"https:\/\/i0.wp.com\/vincentians.com\/es\/wp-content\/uploads\/sites\/11\/2011\/06\/Clichy-la-Garenne.jpg?fit=1200%2C630","contentUrl":"https:\/\/i0.wp.com\/vincentians.com\/es\/wp-content\/uploads\/sites\/11\/2011\/06\/Clichy-la-Garenne.jpg?fit=1200%2C630","width":1200,"height":630},{"@type":"BreadcrumbList","@id":"http:\/\/vincentians.com\/es\/paris-en-tiempos-de-san-vicente-de-paul-i\/#breadcrumb","itemListElement":[{"@type":"ListItem","position":1,"name":"Portada","item":"http:\/\/vincentians.com\/es\/"},{"@type":"ListItem","position":2,"name":"Par\u00eds en tiempos de San Vicente de Pa\u00fal (I)"}]},{"@type":"WebSite","@id":"http:\/\/vincentians.com\/es\/#website","url":"http:\/\/vincentians.com\/es\/","name":"Somos Vicencianos","description":"Know more to serve more","publisher":{"@id":"http:\/\/vincentians.com\/es\/#organization"},"potentialAction":[{"@type":"SearchAction","target":{"@type":"EntryPoint","urlTemplate":"http:\/\/vincentians.com\/es\/?s={search_term_string}"},"query-input":{"@type":"PropertyValueSpecification","valueRequired":true,"valueName":"search_term_string"}}],"inLanguage":"es"},{"@type":"Organization","@id":"http:\/\/vincentians.com\/es\/#organization","name":"The Vincentian Network","url":"http:\/\/vincentians.com\/es\/","logo":{"@type":"ImageObject","inLanguage":"es","@id":"http:\/\/vincentians.com\/es\/#\/schema\/logo\/image\/","url":"https:\/\/i1.wp.com\/vincentians.com\/es\/wp-content\/uploads\/sites\/11\/2016\/06\/Vincentian-Network-logo-big.png?fit=778%2C778","contentUrl":"https:\/\/i1.wp.com\/vincentians.com\/es\/wp-content\/uploads\/sites\/11\/2016\/06\/Vincentian-Network-logo-big.png?fit=778%2C778","width":778,"height":778,"caption":"The Vincentian Network"},"image":{"@id":"http:\/\/vincentians.com\/es\/#\/schema\/logo\/image\/"},"sameAs":["https:\/\/www.facebook.com\/WeAreVincentians\/","https:\/\/x.com\/WeVincentians"]},{"@type":"Person","@id":"http:\/\/vincentians.com\/es\/#\/schema\/person\/9623ef4d9aa3b2dfb8c061f1499288f2","name":"Francisco Javier Fern\u00e1ndez Chento","image":{"@type":"ImageObject","inLanguage":"es","@id":"http:\/\/vincentians.com\/es\/#\/schema\/person\/image\/","url":"https:\/\/secure.gravatar.com\/avatar\/497d5cde87b4c3d097d0315953521681ba2cd523ee66e5077c3711f7021e65de?s=96&d=mm&r=g","contentUrl":"https:\/\/secure.gravatar.com\/avatar\/497d5cde87b4c3d097d0315953521681ba2cd523ee66e5077c3711f7021e65de?s=96&d=mm&r=g","caption":"Francisco Javier Fern\u00e1ndez Chento"},"description":"Director General y cofundador de La Red de Formaci\u00f3n Vicenciana. Javier es laico vicenciano, afiliado a la Congregaci\u00f3n de la Misi\u00f3n y miembro del Equipo de Misiones Populares de la provincia can\u00f3nica de Zaragoza (Espa\u00f1a) de la Congregaci\u00f3n de la Misi\u00f3n. Graduado en la Universidad Oberta de Catalunya con cuatro grados (Asistente de direcci\u00f3n, Gesti\u00f3n Administrativa, Recursos Humanos y Contabilidad Avanzada). Bil\u00edng\u00fce Espa\u00f1ol\/Ingl\u00e9s. gestiona y mantiene varias p\u00e1ginas web cristianas y vicencianas, incluida including La Red de Formaci\u00f3n Vicenciana, de la que es cofundador. Actualmente es responsable del \u00e1rea de Espa\u00f1ol de .famvin, la Red de Noticias de la Familia Vicenciana. Tambi\u00e9n es m\u00fasico cat\u00f3lico y ha editado varios discos. Es Director General y cofundador de Trovador, una reconocida compa\u00f1\u00eda discogr\u00e1fica critiana de Espa\u00f1a. Trabaja en las Tecnolog\u00edas de la Informaci\u00f3n, ofreciendo servicios de alojamiento, dise\u00f1o y mantenimiento Web, as\u00ed como asesoramiento, formaci\u00f3n y soluciones inform\u00e1ticas, gesti\u00f3n documental y digitalizaci\u00f3n de textos, edici\u00f3n y maquetaci\u00f3n de libros, revistas, flyers, etc.","sameAs":["http:\/\/chento.org","https:\/\/www.facebook.com\/JavierChento","https:\/\/x.com\/https:\/\/twitter.com\/javierchento"],"url":"http:\/\/vincentians.com\/es\/author\/chento\/"}]}},"jetpack_publicize_connections":[],"jetpack_featured_media_url":"https:\/\/i0.wp.com\/vincentians.com\/es\/wp-content\/uploads\/sites\/11\/2011\/06\/Clichy-la-Garenne.jpg?fit=1200%2C630","jetpack_sharing_enabled":true,"jetpack_shortlink":"https:\/\/wp.me\/p7ETMF-tFF","jetpack-related-posts":[{"id":115062,"url":"http:\/\/vincentians.com\/es\/casas-de-las-hijas-de-la-caridad-en-paris-en-tiempos-de-san-vicente-ii\/","url_meta":{"origin":114059,"position":0},"title":"Casas de las Hijas de la Caridad en Par\u00eds en tiempos de San Vicente (II)","author":"Mitxel Olabu\u00e9naga","date":"20\/02\/2019","format":false,"excerpt":"1) Parroquias (continuaci\u00f3n) m) Santiago de Alto Paso (II, 442) Para atender a los parroquianos alejados de las parroquias de S. Benito, de S. Medardo y de S. Hip\u00f3lito se habilit\u00f3 la capilla que la Comendadur\u00eda de Santiago de Alto Paso, (sucursal de la Orden Militar de Italia del Alto\u2026","rel":"","context":"En \u00abEn tiempos de Vicente de Pa\u00fal\u00bb","block_context":{"text":"En tiempos de Vicente de Pa\u00fal","link":"http:\/\/vincentians.com\/es\/category\/historia-de-la-familia-vicenciana\/en-tiempos-de-vicente-de-paul\/"},"img":{"alt_text":"","src":"https:\/\/i0.wp.com\/vincentians.com\/es\/wp-content\/uploads\/sites\/11\/2016\/08\/hijas-caridad.jpg?fit=1200%2C630&resize=350%2C200","width":350,"height":200,"srcset":"https:\/\/i0.wp.com\/vincentians.com\/es\/wp-content\/uploads\/sites\/11\/2016\/08\/hijas-caridad.jpg?fit=1200%2C630&resize=350%2C200 1x, https:\/\/i0.wp.com\/vincentians.com\/es\/wp-content\/uploads\/sites\/11\/2016\/08\/hijas-caridad.jpg?fit=1200%2C630&resize=525%2C300 1.5x, https:\/\/i0.wp.com\/vincentians.com\/es\/wp-content\/uploads\/sites\/11\/2016\/08\/hijas-caridad.jpg?fit=1200%2C630&resize=700%2C400 2x, https:\/\/i0.wp.com\/vincentians.com\/es\/wp-content\/uploads\/sites\/11\/2016\/08\/hijas-caridad.jpg?fit=1200%2C630&resize=1050%2C600 3x"},"classes":[]},{"id":115056,"url":"http:\/\/vincentians.com\/es\/casas-de-las-hijas-de-la-caridad-en-paris-en-tiempos-de-san-vicente-i\/","url_meta":{"origin":114059,"position":1},"title":"Casas de las Hijas de la Caridad en Par\u00eds en tiempos de San Vicente (I)","author":"Mitxel Olabu\u00e9naga","date":"16\/03\/2019","format":false,"excerpt":"1) Parroquias a) San Salvador (II, 482) Fue la primera parroquia de Paris donde se estableci\u00f3, en el a\u00f1o 1629, una Cofrad\u00eda de la Caridad. Historia: En 1248 se construy\u00f3 una iglesia-capilla, en lugar de otra m\u00e1s peque\u00f1a, que era un anexo de la parroquia de San Germ\u00e1n L'Auxerrois y\u2026","rel":"","context":"En \u00abEn tiempos de Vicente de Pa\u00fal\u00bb","block_context":{"text":"En tiempos de Vicente de Pa\u00fal","link":"http:\/\/vincentians.com\/es\/category\/historia-de-la-familia-vicenciana\/en-tiempos-de-vicente-de-paul\/"},"img":{"alt_text":"","src":"https:\/\/i0.wp.com\/vincentians.com\/es\/wp-content\/uploads\/sites\/11\/2016\/08\/con-damas-de-la-caridad.jpg?fit=1200%2C630&resize=350%2C200","width":350,"height":200,"srcset":"https:\/\/i0.wp.com\/vincentians.com\/es\/wp-content\/uploads\/sites\/11\/2016\/08\/con-damas-de-la-caridad.jpg?fit=1200%2C630&resize=350%2C200 1x, https:\/\/i0.wp.com\/vincentians.com\/es\/wp-content\/uploads\/sites\/11\/2016\/08\/con-damas-de-la-caridad.jpg?fit=1200%2C630&resize=525%2C300 1.5x, https:\/\/i0.wp.com\/vincentians.com\/es\/wp-content\/uploads\/sites\/11\/2016\/08\/con-damas-de-la-caridad.jpg?fit=1200%2C630&resize=700%2C400 2x, https:\/\/i0.wp.com\/vincentians.com\/es\/wp-content\/uploads\/sites\/11\/2016\/08\/con-damas-de-la-caridad.jpg?fit=1200%2C630&resize=1050%2C600 3x"},"classes":[]},{"id":16376,"url":"http:\/\/vincentians.com\/es\/lugares-vicencianos-buzet-sur-tarn-nuestra-senora-gracia\/","url_meta":{"origin":114059,"position":2},"title":"Lugares vicencianos: Buzet-sur-Tarn, Nuestra Se\u00f1ora de Gracia","author":"Francisco Javier Fern\u00e1ndez Chento","date":"07\/08\/2016","format":false,"excerpt":"Buzet-sur-Tarn tendr\u00e1 hoy los 500 habitantes. Est\u00e1 a la orilla izquierda (sur) del r\u00edo Tarn, unos 40 kil\u00f3metros al norte de Toulouse. Formaba una \"bastide\", en una cadena de fortines que Francia construy\u00f3 por el sur en el siglo XIII, todos de una misma o parecida traza: rectangular, a menudo\u2026","rel":"","context":"En \u00abLugares Vicencianos\u00bb","block_context":{"text":"Lugares Vicencianos","link":"http:\/\/vincentians.com\/es\/category\/historia-de-la-familia-vicenciana\/lugares-vicencianos\/"},"img":{"alt_text":"","src":"https:\/\/i0.wp.com\/vincentians.com\/es\/wp-content\/uploads\/sites\/11\/2011\/06\/Buzet-sur-Tarn.jpg?fit=1200%2C630&resize=350%2C200","width":350,"height":200,"srcset":"https:\/\/i0.wp.com\/vincentians.com\/es\/wp-content\/uploads\/sites\/11\/2011\/06\/Buzet-sur-Tarn.jpg?fit=1200%2C630&resize=350%2C200 1x, https:\/\/i0.wp.com\/vincentians.com\/es\/wp-content\/uploads\/sites\/11\/2011\/06\/Buzet-sur-Tarn.jpg?fit=1200%2C630&resize=525%2C300 1.5x, https:\/\/i0.wp.com\/vincentians.com\/es\/wp-content\/uploads\/sites\/11\/2011\/06\/Buzet-sur-Tarn.jpg?fit=1200%2C630&resize=700%2C400 2x, https:\/\/i0.wp.com\/vincentians.com\/es\/wp-content\/uploads\/sites\/11\/2011\/06\/Buzet-sur-Tarn.jpg?fit=1200%2C630&resize=1050%2C600 3x"},"classes":[]},{"id":119727,"url":"http:\/\/vincentians.com\/es\/el-senor-vicente-relee-su-vida-san-lazaro\/","url_meta":{"origin":114059,"position":3},"title":"El Se\u00f1or Vicente relee su vida: San L\u00e1zaro","author":"Francisco Javier Fern\u00e1ndez Chento","date":"02\/05\/2013","format":false,"excerpt":"Yo me acercaba a los 50 a\u00f1os \u2013la edad en que una gran parte de la gente se muere- y ten\u00eda ante los ojos el ejemplo reciente del Cardenal de B\u00e9rulle\u2026el 7de septiembre de 1630, hice mi testamento, testamento espiritual, para comenzar, pero tambi\u00e9n a favor de mis hermanos y\u2026","rel":"","context":"En \u00abVicente de Pa\u00fal\u00bb","block_context":{"text":"Vicente de Pa\u00fal","link":"http:\/\/vincentians.com\/es\/category\/la-familia-vicenciana\/fundadores\/vicente-de-paul\/"},"img":{"alt_text":"","src":"","width":0,"height":0},"classes":[]},{"id":114068,"url":"http:\/\/vincentians.com\/es\/paris-en-tiempos-de-san-vicente-de-paul-iii\/","url_meta":{"origin":114059,"position":4},"title":"Par\u00eds en tiempos de San Vicente de Pa\u00fal (III)","author":"Francisco Javier Fern\u00e1ndez Chento","date":"12\/02\/2019","format":false,"excerpt":"6) Urbanizaci\u00f3n A) Calles y casas 1) Calles En el a\u00f1o 1280 Par\u00eds ten\u00eda 310 calles) a la muerte de Luis XIV (1715) hab\u00eda 653. (Actualmente -1957- hay 5.218). Las calles en general conservaban el trazado de los antiguos caminos. Los nombres proven\u00edan de los lugares que atravesaban, de un\u2026","rel":"","context":"En \u00abEn tiempos de Vicente de Pa\u00fal\u00bb","block_context":{"text":"En tiempos de Vicente de Pa\u00fal","link":"http:\/\/vincentians.com\/es\/category\/historia-de-la-familia-vicenciana\/en-tiempos-de-vicente-de-paul\/"},"img":{"alt_text":"","src":"https:\/\/i0.wp.com\/vincentians.com\/es\/wp-content\/uploads\/sites\/11\/2016\/10\/ranquines.jpg?fit=1200%2C630&resize=350%2C200","width":350,"height":200,"srcset":"https:\/\/i0.wp.com\/vincentians.com\/es\/wp-content\/uploads\/sites\/11\/2016\/10\/ranquines.jpg?fit=1200%2C630&resize=350%2C200 1x, https:\/\/i0.wp.com\/vincentians.com\/es\/wp-content\/uploads\/sites\/11\/2016\/10\/ranquines.jpg?fit=1200%2C630&resize=525%2C300 1.5x, https:\/\/i0.wp.com\/vincentians.com\/es\/wp-content\/uploads\/sites\/11\/2016\/10\/ranquines.jpg?fit=1200%2C630&resize=700%2C400 2x, https:\/\/i0.wp.com\/vincentians.com\/es\/wp-content\/uploads\/sites\/11\/2016\/10\/ranquines.jpg?fit=1200%2C630&resize=1050%2C600 3x"},"classes":[]},{"id":65889,"url":"http:\/\/vincentians.com\/es\/barbara-angiboust-una-hija-de-la-caridad-silenciosa-segunda-parte\/","url_meta":{"origin":114059,"position":5},"title":"B\u00e1rbara Angiboust, una Hija de la Caridad silenciosa (Segunda parte)","author":"Mitxel Olabu\u00e9naga","date":"05\/07\/2021","format":false,"excerpt":"\u00a0 Sor B\u00e1rbara hab\u00eda alcanzado una madurez humana y espiritual. El 25 de marzo de 1642 San Vicente la escogi\u00f3, junto con Santa Luisa de Marillac, Sor Enriqueta Gesseaume, Sor Isabel Turgis y otra Hermana, para que fueran las cinco primeras Hijas de la Caridad que hicieran los votos en\u2026","rel":"","context":"En \u00abHistoria de las Hijas de la Caridad\u00bb","block_context":{"text":"Historia de las Hijas de la Caridad","link":"http:\/\/vincentians.com\/es\/category\/historia-de-la-familia-vicenciana\/historia-de-las-hijas-de-la-caridad\/"},"img":{"alt_text":"","src":"https:\/\/i0.wp.com\/vincentians.com\/es\/wp-content\/uploads\/sites\/11\/2019\/11\/hijas-caridaqd.jpg?fit=1200%2C675&resize=350%2C200","width":350,"height":200,"srcset":"https:\/\/i0.wp.com\/vincentians.com\/es\/wp-content\/uploads\/sites\/11\/2019\/11\/hijas-caridaqd.jpg?fit=1200%2C675&resize=350%2C200 1x, https:\/\/i0.wp.com\/vincentians.com\/es\/wp-content\/uploads\/sites\/11\/2019\/11\/hijas-caridaqd.jpg?fit=1200%2C675&resize=525%2C300 1.5x, https:\/\/i0.wp.com\/vincentians.com\/es\/wp-content\/uploads\/sites\/11\/2019\/11\/hijas-caridaqd.jpg?fit=1200%2C675&resize=700%2C400 2x, https:\/\/i0.wp.com\/vincentians.com\/es\/wp-content\/uploads\/sites\/11\/2019\/11\/hijas-caridaqd.jpg?fit=1200%2C675&resize=1050%2C600 3x"},"classes":[]}],"_links":{"self":[{"href":"http:\/\/vincentians.com\/es\/wp-json\/wp\/v2\/posts\/114059","targetHints":{"allow":["GET"]}}],"collection":[{"href":"http:\/\/vincentians.com\/es\/wp-json\/wp\/v2\/posts"}],"about":[{"href":"http:\/\/vincentians.com\/es\/wp-json\/wp\/v2\/types\/post"}],"author":[{"embeddable":true,"href":"http:\/\/vincentians.com\/es\/wp-json\/wp\/v2\/users\/4"}],"replies":[{"embeddable":true,"href":"http:\/\/vincentians.com\/es\/wp-json\/wp\/v2\/comments?post=114059"}],"version-history":[{"count":1,"href":"http:\/\/vincentians.com\/es\/wp-json\/wp\/v2\/posts\/114059\/revisions"}],"predecessor-version":[{"id":403508,"href":"http:\/\/vincentians.com\/es\/wp-json\/wp\/v2\/posts\/114059\/revisions\/403508"}],"wp:featuredmedia":[{"embeddable":true,"href":"http:\/\/vincentians.com\/es\/wp-json\/wp\/v2\/media\/398731"}],"wp:attachment":[{"href":"http:\/\/vincentians.com\/es\/wp-json\/wp\/v2\/media?parent=114059"}],"wp:term":[{"taxonomy":"category","embeddable":true,"href":"http:\/\/vincentians.com\/es\/wp-json\/wp\/v2\/categories?post=114059"},{"taxonomy":"post_tag","embeddable":true,"href":"http:\/\/vincentians.com\/es\/wp-json\/wp\/v2\/tags?post=114059"}],"curies":[{"name":"wp","href":"https:\/\/api.w.org\/{rel}","templated":true}]}}