{"id":11400,"date":"2011-08-11T07:41:59","date_gmt":"2011-08-11T05:41:59","guid":{"rendered":"http:\/\/somos.vicencianos.org\/blog\/?p=11400"},"modified":"2016-07-26T09:44:48","modified_gmt":"2016-07-26T07:44:48","slug":"el-sacerdocio-vicenciano-sacerdocio-misionero","status":"publish","type":"post","link":"http:\/\/vincentians.com\/es\/el-sacerdocio-vicenciano-sacerdocio-misionero\/","title":{"rendered":"El sacerdocio vicenciano, sacerdocio misionero"},"content":{"rendered":"<p><a href=\"https:\/\/i0.wp.com\/vicencianos.org\/wp-content\/2010\/02\/annussacerd1.jpg\"><img data-recalc-dims=\"1\" loading=\"lazy\" decoding=\"async\" class=\"alignright size-medium wp-image-48048\" title=\"annussacerd\" src=\"https:\/\/i0.wp.com\/vicencianos.org\/wp-content\/2010\/02\/annussacerd1-215x300.jpg?resize=215%2C300\" alt=\"\" width=\"215\" height=\"300\" \/><\/a>Jes\u00fas es <em>el <\/em>sacerdote del Nuevo Testamento. No hay otro sacerdocio que el suyo. \u00abYo soy el camino, la verdad y la vida\u00bb, nos dice Jes\u00fas, \u00abnadie se acerca al Padre sino por m\u00ed\u00bb<span id='easy-footnote-1-11400' class='easy-footnote-margin-adjust'><\/span><span class='easy-footnote'><a href='http:\/\/vincentians.com\/es\/el-sacerdocio-vicenciano-sacerdocio-misionero\/#easy-footnote-bottom-1-11400' title='Jn 14, 6.'><sup>1<\/sup><\/a><\/span>. Es \u00e9l en quien el Verbo de Dios se hizo carne, revel\u00e1ndonos al Padre en su persona. Es \u00e9l quien ofrece el sacrificio \u00abuna vez para siempre\u00bb, seg\u00fan la expresi\u00f3n del autor de la carta a los Hebreos<span id='easy-footnote-2-11400' class='easy-footnote-margin-adjust'><\/span><span class='easy-footnote'><a href='http:\/\/vincentians.com\/es\/el-sacerdocio-vicenciano-sacerdocio-misionero\/#easy-footnote-bottom-2-11400' title='Hb 9,12 y 26; 10, 12 y 14.'><sup>2<\/sup><\/a><\/span>. Es \u00e9l quien apacienta a las ovejas. \u00abYo soy el pastor\u00bb<span id='easy-footnote-3-11400' class='easy-footnote-margin-adjust'><\/span><span class='easy-footnote'><a href='http:\/\/vincentians.com\/es\/el-sacerdocio-vicenciano-sacerdocio-misionero\/#easy-footnote-bottom-3-11400' title='Jn 10,11.'><sup>3<\/sup><\/a><\/span>. \u00abYo soy la vid\u00bb<span id='easy-footnote-4-11400' class='easy-footnote-margin-adjust'><\/span><span class='easy-footnote'><a href='http:\/\/vincentians.com\/es\/el-sacerdocio-vicenciano-sacerdocio-misionero\/#easy-footnote-bottom-4-11400' title='Jn 15,6.'><sup>4<\/sup><\/a><\/span>. \u00abYo soy la puerta\u00bb<span id='easy-footnote-5-11400' class='easy-footnote-margin-adjust'><\/span><span class='easy-footnote'><a href='http:\/\/vincentians.com\/es\/el-sacerdocio-vicenciano-sacerdocio-misionero\/#easy-footnote-bottom-5-11400' title='Jn 10,9.'><sup>5<\/sup><\/a><\/span>. Yo soy la luz\u00bb<span id='easy-footnote-6-11400' class='easy-footnote-margin-adjust'><\/span><span class='easy-footnote'><a href='http:\/\/vincentians.com\/es\/el-sacerdocio-vicenciano-sacerdocio-misionero\/#easy-footnote-bottom-6-11400' title='Jn 8,12.'><sup>6<\/sup><\/a><\/span>. \u00abYo soy el pan vivo bajado del cielo\u2026 El que come mi carne y bebe mi sangre tiene vida eterna\u00bb<span id='easy-footnote-7-11400' class='easy-footnote-margin-adjust'><\/span><span class='easy-footnote'><a href='http:\/\/vincentians.com\/es\/el-sacerdocio-vicenciano-sacerdocio-misionero\/#easy-footnote-bottom-7-11400' title='Jn 6,51.'><sup>7<\/sup><\/a><\/span>. Todo el sacerdocio ministerial<span id='easy-footnote-8-11400' class='easy-footnote-margin-adjust'><\/span><span class='easy-footnote'><a href='http:\/\/vincentians.com\/es\/el-sacerdocio-vicenciano-sacerdocio-misionero\/#easy-footnote-bottom-8-11400' title='Como resulta evidente por la ocasi\u00f3n escogida (el 400 aniversario de la ordenaci\u00f3n sacerdotal de San Vicente), este art\u00edculo se centra en el sacerdocio ministerial. Podr\u00edase escribir tambi\u00e9n largamente sobre el sacerdocio de todos los bautizados -especialmente a la luz de la doctrina del Vaticano II y posterior-; quede, sin embargo, este tema para otra oportunidad.'><sup>8<\/sup><\/a><\/span> es una participaci\u00f3n del de Jes\u00fas.<\/p>\n<p>Dicho esto, he enunciado ya la cosa m\u00e1s fundamental del sacerdocio. Como un servicio al Reino, y a la Iglesia en cuanto signo del Reino, su hontanar y modelo es la vida, muerte y resurrecci\u00f3n de Jes\u00fas.<\/p>\n<p>Este art\u00edculo intenta situar la visi\u00f3n de San Vicente sobre el sacerdocio dentro de un marco teol\u00f3gico y sacar unas cuantas consecuencias del modelo de sacerdocio que \u00e9l escogi\u00f3.<\/p>\n<h2><strong>Variedad de modelos<\/strong><\/h2>\n<p>El sacerdocio, como todo misterio, es rico, y por eso se revela en una amplia variedad de aspectos. El Vaticano II analiza el sacerdocio bajo los tres tradicionales de ense\u00f1ar, santificar y gobernar<span id='easy-footnote-9-11400' class='easy-footnote-margin-adjust'><\/span><span class='easy-footnote'><a href='http:\/\/vincentians.com\/es\/el-sacerdocio-vicenciano-sacerdocio-misionero\/#easy-footnote-bottom-9-11400' title='Presbyterorum Ordinis 1, 4-6; cf. Lumen Gentium 28.'><sup>9<\/sup><\/a><\/span>. Avery Dulles presenta cinco modelos de sacerdocio<span id='easy-footnote-10-11400' class='easy-footnote-margin-adjust'><\/span><span class='easy-footnote'><a href='http:\/\/vincentians.com\/es\/el-sacerdocio-vicenciano-sacerdocio-misionero\/#easy-footnote-bottom-10-11400' title='Avery Dulles, \u00abModels for Ministerial Priesthood\u00bb, America 20 (#18, October 11, 1990) 284-289.'><sup>10<\/sup><\/a><\/span>: el clerical, el de pastor, el de presidente, el de mensajero y el de servidor. A continuaci\u00f3n, reconociendo que estos modelos se refieren a funciones del sacerdote y percibiendo lo limitado de abordar el sacerdocio desde la perspectiva funcional, dise\u00f1a un modelo-s\u00edntesis, que \u00e9l llama \u00abrepresentativo\u00bb, pues piensa que el sacerdote en cada una de sus funciones representa a Cristo como cabeza del cuerpo<span id='easy-footnote-11-11400' class='easy-footnote-margin-adjust'><\/span><span class='easy-footnote'><a href='http:\/\/vincentians.com\/es\/el-sacerdocio-vicenciano-sacerdocio-misionero\/#easy-footnote-bottom-11-11400' title='Como lo dice el Vaticano II, el sacerdote act\u00faa \u00abin persona Christi capitis\u00bb (Presbyterorum Ordinis, 2).'><sup>11<\/sup><\/a><\/span>.<\/p>\n<p>En una charla en 1995, Rembert Weakland tambi\u00e9n describe el papel del sacerdote bajo cinco categor\u00edas<span id='easy-footnote-12-11400' class='easy-footnote-margin-adjust'><\/span><span class='easy-footnote'><a href='http:\/\/vincentians.com\/es\/el-sacerdocio-vicenciano-sacerdocio-misionero\/#easy-footnote-bottom-12-11400' title='Rembert Weakland, \u00abA Renewed Priesthood in a Renewed Church\u00bb, America 25 (# 19, October 26, 1995) 327- 334.'><sup>12<\/sup><\/a><\/span>: la de maestro\/predicador, la de presidente, la de m\u00e9dico, la del que capacita, la de l\u00edder. De manera semejante, Walter Burghardt, reflexionando sobre su rica experiencia con los sacerdotes, habla de los modelos jurisdicional, cultual, pastoral, prof\u00e9tico y mon\u00e1stico<span id='easy-footnote-13-11400' class='easy-footnote-margin-adjust'><\/span><span class='easy-footnote'><a href='http:\/\/vincentians.com\/es\/el-sacerdocio-vicenciano-sacerdocio-misionero\/#easy-footnote-bottom-13-11400' title='Walter Burghardt, \u00abOn Turning Eighty: Autobiografy in Search of Meanig\u00bb, Woodstock Report (# 41, March 1995) 2-11.'><sup>13<\/sup><\/a><\/span>.<\/p>\n<p>Estos diferentes an\u00e1lisis ponen de relieve muy claramente una cosa: el sacerdocio implica una variedad de funciones, aunque ninguna de ellas lo describe adecuadamente. Al vivirlo hay diferentes acentuaciones y modelos. C\u00f3mo los sacerdotes dan cuerpo a estas funciones, concretamente variar\u00e1 de \u00e9poca a \u00e9poca, de cultura a cultura y frecuentemente de persona a persona.<\/p>\n<h2><strong>Papeles sacerdotales en el Nuevo Testamento<\/strong><\/h2>\n<p>Raymond Brown, en un breve, pero muy influyente libro <em>Priest and Bishop<\/em><span id='easy-footnote-14-11400' class='easy-footnote-margin-adjust'><\/span><span class='easy-footnote'><a href='http:\/\/vincentians.com\/es\/el-sacerdocio-vicenciano-sacerdocio-misionero\/#easy-footnote-bottom-14-11400' title='Raymond Brown, Priest and Bishop (New York, Paulist, 1970).'><sup>14<\/sup><\/a><\/span><em>, <\/em>analiza cuatro papeles principales que convergen en el sacerdocio ministerial, describi\u00e9ndolos en estos t\u00e9rminos:<\/p>\n<h3><em>1. <\/em><em>Disc\u00edpulo<\/em><\/h3>\n<p>Jes\u00fas llama a los doce para que vivan con \u00e9l m\u00e1s \u00edntimamente: \u00abVosotros sois mis amigos\u00bb<span id='easy-footnote-15-11400' class='easy-footnote-margin-adjust'><\/span><span class='easy-footnote'><a href='http:\/\/vincentians.com\/es\/el-sacerdocio-vicenciano-sacerdocio-misionero\/#easy-footnote-bottom-15-11400' title='Jn 15,14.'><sup>15<\/sup><\/a><\/span>. Esto estableci\u00f3 una pauta para que la Iglesia viera a los sacerdotes como especialmente obligados a un fiel discipulado. Si los cristianos est\u00e1n llamados a ser la luz del mundo, el sacerdote est\u00e1 llamado a ser la luz de la comunidad.<\/p>\n<p>Es claro en el Nuevo Testamento que todos los cristianos est\u00e1n llamados a ser disc\u00edpulos, pero es asimismo claro que Jes\u00fas da a algunos un particular papel de direcci\u00f3n demandando de ellos especiales exigencias.<\/p>\n<h3><em>2. <\/em><em>Ap\u00f3stol<\/em><\/h3>\n<p>Pero el sacerdote no esta llamado solamente a <em>estar con<\/em> Jes\u00fas, sino que, adem\u00e1s, en el nombre de \u00e9ste es <em>enviado <\/em>a<em> <\/em>los dem\u00e1s.<\/p>\n<p>El ap\u00f3stol es una figura misionera, alguien que va de un sitio a otro. La nota distintiva de su ministerio es el servicio. Este servicio se presta en primer lugar a Jes\u00fas, siendo su embajador, y despu\u00e9s a los dem\u00e1s. El Nuevo Testamento describe una serie de servicios que el ap\u00f3stol comparte con los dem\u00e1s:<\/p>\n<ul>\n<li>el de la predicaci\u00f3n<\/li>\n<li>el de la ense\u00f1anza<\/li>\n<li>el del consejo<\/li>\n<li>el de la oraci\u00f3n<\/li>\n<li>el de la consolaci\u00f3n<\/li>\n<li>el de los trabajos ordinarios.<\/li>\n<li>el de la correcci\u00f3n<\/li>\n<li>el de la visitaci\u00f3n<\/li>\n<li>el de hacerse amigo<\/li>\n<li>el del sufrimiento<\/li>\n<li>el de recolectar dinero<\/li>\n<\/ul>\n<h3>3.<em> Presb\u00edtero-Obispo<\/em><\/h3>\n<p>El presb\u00edtero-obispo es una figura residencial. Es responsable de la vida cotidiana de una Iglesia local. Su tarea es organizar, estabilizar, gobernar bien la comunidad. El gobierno es una de sus principales responsabilidades. Ha de gobernar como un pastor que se interesa profundamente por su reba\u00f1o.<\/p>\n<p>La mayor\u00eda de las estructuras del sacerdocio cristiano se desarrollan alrededor de esta imagen, aunque se complementan sistem\u00e1ticamente con las figuras del disc\u00edpulo y del siervo.<\/p>\n<h3>4. <em>Preside en la Eucarist\u00eda<\/em><\/h3>\n<p>El Nuevo Testamento da testimonio de una rica variedad de interpretaciones de la Eucarist\u00eda y de un gradual desarrollo respecto a su pr\u00e1ctica. Al final del siglo primero, como consta evidentemente en la <em>Didaj\u00e9, <\/em>la Eucarist\u00eda<em> <\/em>era ya considerada como un sacrificio. Siendo esto as\u00ed, el ministerio de presidirla era reconocido como un ejercicio del sacerdocio. El presb\u00edtero-obispo era tenido como el presidente nato y centro de unidad en la comunidad.<\/p>\n<p>Para el tiempo de Ignacio de Antioqu\u00eda (que muri\u00f3 alrededor del a\u00f1o 110), los cuatro papeles descritos por Brown se hab\u00edan mezclado, surgiendo as\u00ed el pleno concepto del sacerdocio ministerial cristiano. El sacerdocio se presenta en formas diversas en la medida en que se acent\u00fae uno u otro de los papeles, pero los cuatro tienen en com\u00fan el dar testimonio de Jes\u00fas: \u00abSed imitadores m\u00edos como yo lo soy de Cristo\u00bb<span id='easy-footnote-16-11400' class='easy-footnote-margin-adjust'><\/span><span class='easy-footnote'><a href='http:\/\/vincentians.com\/es\/el-sacerdocio-vicenciano-sacerdocio-misionero\/#easy-footnote-bottom-16-11400' title='1Co 11,1.'><sup>16<\/sup><\/a><\/span>.<\/p>\n<h2><strong>Una perspectiva teol\u00f3gica contempor\u00e1nea<\/strong><span id='easy-footnote-17-11400' class='easy-footnote-margin-adjust'><\/span><span class='easy-footnote'><a href='http:\/\/vincentians.com\/es\/el-sacerdocio-vicenciano-sacerdocio-misionero\/#easy-footnote-bottom-17-11400' title='Entre otros muchos trabajos, el lector puede consultar: Raymond Brown, Priest and Bishop: Biblical Reflections (New York, Paulist Press, 1970); Bernard Cooke, Ministry to Word and Sacraments: History and Theology (Philadelphia, Fortress Press, 1976); Donald B. Cozzens, The Changing Face of the Prieshood (Collegeville, MN, The Liturgical Press, 2000; Jean Galot, Theology of the Priesthood (San Francisco, Ignatius Press, 1984); Nathan Mitchell, Mission and Ministry: History and Theology in the Sacrament of Order (Wilmington, Del, Michael Glazier, 1982); Henry J. M. Nouwen, Creative Ministry (Garden City, NY, Doubleday, 1971); Henry J. M. Nouwen, The Wounded Healer (Garden City, NY, Doubleday, 1972; John W O&amp;#8217;Malley, S. J., \u00abOne Priesthood: Two Traditions\u00bb, en A Concert of Charisms, Editado por Paul K. Hennessy (New York, Paulist Press, 1977) 9-24; Thomas O&amp;#8217;Meara, Theology of Ministry (New York, Paulist Press, 1983); Kenneth B. Osborne, Priesthood: A History of the Ordained Ministry in the Roman Catholic Church (New York, Paulist Pres, 1988); William D. Perri, A Radical Challenger for Priesthood Today: From Trial to Transformation (Mystic, CT: Twenty-Third Publications, 1996); David N. Power, O. M. I., Ministers of Christ and His Church: A Theology of the Priesthood London, Geoffrey Chapman, 1969); \u00abTheologies of Religious Life and Priesthood\u00bb, en A Concert of Charisms, Editado por Paul K. Hennessy (New York, Paulist Press, 1997) 61-103; Karl Rahner, Servants of the Lord (New York, Herder and Herder, 1968); Karl Hermann Schelkle, Discipleship and Priesthood; Edward Schillebeeckx, The Church with a Human Face: A New and Expanded Theology of Ministry, Trad. John Bowden (New York, Crossroad, 1985).'><sup>17<\/sup><\/a><\/span><\/h2>\n<p>Quiz\u00e1 el m\u00e1s influyente an\u00e1lisis contempor\u00e1neo del sacerdocio ministerial se encuentra en los escritos de Karl Rahner<span id='easy-footnote-18-11400' class='easy-footnote-margin-adjust'><\/span><span class='easy-footnote'><a href='http:\/\/vincentians.com\/es\/el-sacerdocio-vicenciano-sacerdocio-misionero\/#easy-footnote-bottom-18-11400' title='Cf. Karl Rahner, Servants of the Lord (New York, Herder and Herder, 1968) \u00abUnderstanding the Priestly Office\u00bb, en Theological Investigations XXII (New York, Crossword, 1991) 208-213.'><sup>18<\/sup><\/a><\/span>. La visi\u00f3n de Rahner podr\u00eda resumirse como sigue:<\/p>\n<p>El papel primordial del sacerdote es proclamar la palabra que eficazmente forma y sostiene a la comunidad cristiana. El sacerdote participa en la misi\u00f3n de Cristo enviado por el Padre para proclamar el Reino de Dios. El sacerdote es, en consecuencia, un servidor del Reino y de la Iglesia en cuanto signo de ese Reino. Un momento cumbre en su ministerio es la liturgia, especialmente la Eucarist\u00eda, en la que el sacerdote proclama eficazmente \u00ab\u00e9ste es mi cuerpo\u2026 \u00e9sta es mi sangre\u00bb, y el Se\u00f1or mismo se hace realmente presente sacramentalmente para alimentar y fortalecer a su pueblo. Rahner resume: \u00abEsta palabra eficaz ha sido entregada al sacerdote. Se le ha dado la palabra de Dios. Eso es lo que lo constituye sacerdote\u00bb<span id='easy-footnote-19-11400' class='easy-footnote-margin-adjust'><\/span><span class='easy-footnote'><a href='http:\/\/vincentians.com\/es\/el-sacerdocio-vicenciano-sacerdocio-misionero\/#easy-footnote-bottom-19-11400' title='Karl Rahner, \u00abPriest and Poet\u00bb, en Theological Investigations, III traducido por Karl H. Kruger and Boniface Kruger (New York, Helicon, 1967) 303.'><sup>19<\/sup><\/a><\/span>.<\/p>\n<p>Como l\u00edder en la comunidad cristiana, el sacerdote est\u00e1 llamado al testimonio prof\u00e9tico, a vivir la palabra que predica, a \u00abimitar lo que trata\u00bb, de modo que pueda proclamar el evangelio no s\u00f3lo con su palabra sino tambi\u00e9n con su vida. En este sentido, el sacerdocio cristiano combina los papeles del profeta y del sacerdote del Antiguo Testamento.<\/p>\n<p>El papel del sacerdote en la edificaci\u00f3n de la comunidad conlleva una serie de funciones, tradicionalmente descritas como <em>ense\u00f1ar <\/em>(\u00abprofeta\u00bb, dedicado a la palabra), <em>gobernar <\/em>(\u00abrey\u00bb, \u00abpastor del reba\u00f1o\u00bb, dedicado al liderazgo como pastor) y <em>santificar <\/em>(\u00absacerdote\u00bb, dedicado a los sacramentos y a otras formas de oraci\u00f3n).<\/p>\n<p>Es evidente que en el planteamiento de Rahner, la proclamaci\u00f3n de la palabra de Dios, que forma a la comunidad, est\u00e1 en el coraz\u00f3n de la identidad sacerdotal. Las funciones tradicionales del sacerdote dimanan de esta identidad. Esto es clar\u00edsimo en el caso de la predicaci\u00f3n y ense\u00f1anza (\u00abprofeta\u00bb). Pero el ministerio sacramental (\u00absacerdote\u00bb) es tambi\u00e9n un aspecto del papel del sacerdote como proclamador cuando aplica la palabra eficaz de Dios a los momentos cruciales de la vida de los creyentes. De igual manera, el liderazgo pastoral (\u00abrey\u00bb) implica discernir lo que la palabra de Dios est\u00e1 diciendo en las circunstancias concretas de la vida de la comunidad para llevarlo a la pr\u00e1ctica mediante decisiones.<\/p>\n<h2><strong>El sacerdocio para San Vicente<\/strong><span id='easy-footnote-20-11400' class='easy-footnote-margin-adjust'><\/span><span class='easy-footnote'><a href='http:\/\/vincentians.com\/es\/el-sacerdocio-vicenciano-sacerdocio-misionero\/#easy-footnote-bottom-20-11400' title='El lector podr\u00eda consultar: D&amp;#8217;Agnel, Saint Vincent de Paul, guide du pr\u00eatre, 1928; J. Dalarue, L&amp;#8217;Id\u00e9al missionnaire du pr\u00eatre d&amp;#8217;apr\u00e8s saint Vincent de Paul, 1946; L. Mezzadri, \u00abLa espiritualidad sacerdotal,\u00bb Anales (1983) 627; L. Mezzadri, \u00abJ\u00e9sus-Christ, figure du pr\u00eatre missionnaire dans l&amp;#8217;oeuvre de Monsieur Vincent\u00bb, Vincentiana (1986) 323; E. Motte, San Vicente de Pa\u00fal y el sacerdocio, 1915; L. Nuovo, \u00abSacerdocio\u00bb, Diccionario de Espiritualidad Vicenciana (Salamanca, CEME, 1995) 550-552; J. B. Rouanet, San Vicente de Pa\u00fal, sacerdote instrumento de Jesucristo, 1960; C. Sens, \u00abComme pr\u00eatre missionnaire\u00bb, Au temps de St. Vincent de Paul\u2026 et aujourd&amp;#8217;hui\u2026, 1981; R. Fac\u00e9lina, \u00abVocation and Mission of the Priest According to St. Vincent de Paul\u00bb en Vincentiana (2000) 218-227.'><sup>20<\/sup><\/a><\/span><\/h2>\n<p>San Vicente recibi\u00f3 profundamente la influencia del pensamiento y vocabulario de sus contempor\u00e1neos y maestros. B\u00e9rulle, al que tanto debi\u00f3 San Vicente y del que finalmente se distanci\u00f3, centra en gran medida su espiritualidad en el sacerdocio<span id='easy-footnote-21-11400' class='easy-footnote-margin-adjust'><\/span><span class='easy-footnote'><a href='http:\/\/vincentians.com\/es\/el-sacerdocio-vicenciano-sacerdocio-misionero\/#easy-footnote-bottom-21-11400' title='Ren\u00e9 Deville, \u00abL&amp;#8217;\u00c9cole fran\u00e7aise de spiritualit\u00e9 (Par\u00eds, Desclee, 1987) 112. Cf. Michel Dupuy, B\u00e9rulle et le sacerdoce. \u00c9tude historique et doctrinale. Textes in\u00e9dits Par\u00eds, Lethielleux, 1969).'><sup>21<\/sup><\/a><\/span>. En las conferencias y cartas de San Vicente encontramos en gran n\u00famero las mismas frases y \u00e9nfasis que descubrimos en los escritos de B\u00e9rulle, Olier y Juan Eudes. Hablan ellos, sobre todo, de Cristo como el centro de todo y de la necesidad para el sacerdote de vaciarse de s\u00ed mismo y de \u00abrevestirse del Se\u00f1or Jesucristo\u00bb<span id='easy-footnote-22-11400' class='easy-footnote-margin-adjust'><\/span><span class='easy-footnote'><a href='http:\/\/vincentians.com\/es\/el-sacerdocio-vicenciano-sacerdocio-misionero\/#easy-footnote-bottom-22-11400' title='Rm 13,14.'><sup>22<\/sup><\/a><\/span>. Animan a los sacerdotes a vivir \u00abla religi\u00f3n para con el Padre\u00bb<span id='easy-footnote-23-11400' class='easy-footnote-margin-adjust'><\/span><span class='easy-footnote'><a href='http:\/\/vincentians.com\/es\/el-sacerdocio-vicenciano-sacerdocio-misionero\/#easy-footnote-bottom-23-11400' title='Cf. J. J. Olier, Introduction \u00e0 la vie et aux virtus Chr\u00e9tiens, (Edition Amiot, 1954) 7-9. El t\u00e9rmino es dif\u00edcil de traducir. Significa fundamentalmente establecer una relaci\u00f3n de alianza con Dios en un contexto eclesial.'><sup>23<\/sup><\/a><\/span>. Tienen una aguda conciencia del \u00abeminente\u00bb papel del sacerdote y de la necesidad de que \u00e9ste sea santo<span id='easy-footnote-24-11400' class='easy-footnote-margin-adjust'><\/span><span class='easy-footnote'><a href='http:\/\/vincentians.com\/es\/el-sacerdocio-vicenciano-sacerdocio-misionero\/#easy-footnote-bottom-24-11400' title='B\u00e9rulle, con notable exageraci\u00f3n, describe la p\u00e9rdida de la santidad entre los sacerdotes de esta manera: \u00abLos primeros sacerdotes eran realmente santos y doctores de la Iglesia. Dios conservaba dentro de este mismo orden la autoridad, la santidad y la doctrina, uniendo estas tres perfecciones en el orden sacerdotal\u2026 Sin embargo, el tiempo, que corrompe todas las cosas, acarre\u00f3 la relajaci\u00f3n en la mayor\u00eda del clero. Estas tres cualidades: la autoridad, la santidad y la doctrina, que el Esp\u00edritu hab\u00eda unido, fueron separadas por el esp\u00edritu humano y el del mundo. La autoridad ha permanecido en los prelados, la santidad en los religiosos, y la doctrina en las escuelas\u00bb. Cf. \u00abA letter on the Priesthood\u00bb, citada en B\u00e9rulle and the French School, Selected Writings, editado con una introducci\u00f3n por William M. Thompson (New York, Paulist Press, 1989) 184.'><sup>24<\/sup><\/a><\/span>.<\/p>\n<p>Vicente se uni\u00f3 a estos y a otros l\u00edderes de su tiempo en la reforma del clero, llegando a ser uno de sus principales impulsores. Como acontec\u00eda frecuentemente en \u00e9l, su visi\u00f3n del sacerdocio, aunque influenciada por sus maestros, fue independiente de las de ellos, especialmente cuando tuvo en perspectiva el sacerdocio en la Congregaci\u00f3n que el fund\u00f3.<\/p>\n<p>Para Vicente en sus a\u00f1os maduros, Jes\u00fas sacerdote es ante todo el misionero del Padre, el Evangelizador de los Pobres. Sab\u00eda muy bien que hab\u00eda habido sacerdotes muy sabios como San Jer\u00f3nimo, Alberto Magno, Tom\u00e1s de Aquino; que hab\u00eda habido sacerdotes residenciales sobresalientes como Ambrosio, Basilio, Cris\u00f3stomo; que hab\u00eda habido sacerdotes monjes de gran influencia como Benito; y sacerdotes de curia reformadores como Belarmino; que hab\u00eda habido celosos sacerdotes de la calle como Felipe Neri; y que en su propio tiempo hab\u00eda maravillosos sacerdotes ense\u00f1antes, especialmente entre los Jesuitas. Todo esto entraba en los esquemas de su pensamiento, pero \u00e9l escogi\u00f3 centrarse en otro modelo: el sacerdote como misionero<span id='easy-footnote-25-11400' class='easy-footnote-margin-adjust'><\/span><span class='easy-footnote'><a href='http:\/\/vincentians.com\/es\/el-sacerdocio-vicenciano-sacerdocio-misionero\/#easy-footnote-bottom-25-11400' title='Cf. SV XII, 262 \/ XI, 553: \u00bb Todas (las Congregaciones) tienden a amarle, pero cada una lo ama de manera distinta: los cartujos por la soledad, los capuchinos por la pobreza, otros por el canto de sus alabanzas; y nosotros, hermanos m\u00edos, si tenemos amor, hemos de demostrarlo llevando al pueblo a que ame a Dios y al pr\u00f3jimo\u2026\u00bb'><sup>25<\/sup><\/a><\/span>.<\/p>\n<p>Sin embargo, San Vicente escribi\u00f3 relativamente poco sobre el sacerdocio. Tampoco habl\u00f3 sobre \u00e9l de una manera sistem\u00e1tica y teol\u00f3gica. Su perspectiva es ampliamente pr\u00e1ctica, como era su manera de ser. Al mismo tiempo que en parte comparte la visi\u00f3n de los que m\u00e1s influyeron en \u00e9l, particularmente B\u00e9rulle, su pensamiento gradualmente crece y se desarrolla de manera distinta de la de ellos. Podr\u00edamos resumir sus ense\u00f1anzas bajo cuatro enunciados:<\/p>\n<h3><em>1. <\/em><em>Fue muy cr\u00edtico con el sacerdocio tal y como lo encontr\u00f3 en realidad en la Francia de principios del siglo XVII<\/em><\/h3>\n<p>Un gran n\u00famero de los sacerdotes con los que Vicente se encontr\u00f3 eran ignorantes. Sus vidas eran desordenadas y corruptas. Muchos obispos se preocupaban de sus intereses y ten\u00edan poco cuidado de su reba\u00f1o. Como un sacerdote le dijo en 1642, \u00ablos m\u00e1s escandalosos son los m\u00e1s poderosos, y la carne y la sangre han suplantado, por decirlo as\u00ed, al evangelio y al esp\u00edritu de Jesucristo\u00bb<span id='easy-footnote-26-11400' class='easy-footnote-margin-adjust'><\/span><span class='easy-footnote'><a href='http:\/\/vincentians.com\/es\/el-sacerdocio-vicenciano-sacerdocio-misionero\/#easy-footnote-bottom-26-11400' title='SV II, 282 \/ II, 237.'><sup>26<\/sup><\/a><\/span>. Vicente cre\u00eda que los sacerdotes y los obispos eran la causa principal de los males de la Iglesia<span id='easy-footnote-27-11400' class='easy-footnote-margin-adjust'><\/span><span class='easy-footnote'><a href='http:\/\/vincentians.com\/es\/el-sacerdocio-vicenciano-sacerdocio-misionero\/#easy-footnote-bottom-27-11400' title='SV XI, 308-309 \/ XI, 204-205.'><sup>27<\/sup><\/a><\/span>. Cita a Juan Cris\u00f3stomo como diciendo que pocos sacerdotes se salvar\u00e1n<span id='easy-footnote-28-11400' class='easy-footnote-margin-adjust'><\/span><span class='easy-footnote'><a href='http:\/\/vincentians.com\/es\/el-sacerdocio-vicenciano-sacerdocio-misionero\/#easy-footnote-bottom-28-11400' title='SV VII, 463 \/ VII, 396.'><sup>28<\/sup><\/a><\/span>.<\/p>\n<p>Por supuesto, Vicente era consciente de que \u00e9l mismo no se hab\u00eda librado de la tentaci\u00f3n de abrazar el sacerdocio como una c\u00f3moda carrera. Se orden\u00f3 a los 19 a\u00f1os, precisamente con ese objetivo en mente. Pero pas\u00f3 por una notable conversi\u00f3n en la que una serie de acontecimientos purific\u00f3 su visi\u00f3n del sacerdocio. No narrar\u00e9 aqu\u00ed esos acontecimientos pues son bien sabidos por el lector, y otros lo han hecho con frecuencia y bien<span id='easy-footnote-29-11400' class='easy-footnote-margin-adjust'><\/span><span class='easy-footnote'><a href='http:\/\/vincentians.com\/es\/el-sacerdocio-vicenciano-sacerdocio-misionero\/#easy-footnote-bottom-29-11400' title='Como Dodin, Rom\u00e1n, Mezzadri y otros muchos lo han se\u00f1alado, no se puede comprender plenamente la visi\u00f3n de Vicente sobre el sacerdocio (y otras muchas cosas en su vida) sin conocer la serie de acontecimientos que lo llevaron a su conversi\u00f3n. Cf. Andr\u00e9 Dodin, Saint Vincent de Paul et la charit\u00e9 (Par\u00eds, Editions du Seuil, 1960) 11-25; Luigi\u00a0 Mezzadri, \u00abJesus-Christ, figure du Pr\u00eatre-Missionnaire, dans l&amp;#8217;oevre de Monsieur Vincent\u00bb, en Vincentiana n\u00ba 3-4 (Mayo-Agosto) 1986, 326-330; Jos\u00e9 Mar\u00eda Rom\u00e1n, \u00abThe Priestly Journey of St. Vincent de Paul. The Beginnings: 1600-1612\u2033, en Vincentiana n\u00ba 3 (Mayo-Junio) 2000, 207-217.'><sup>29<\/sup><\/a><\/span>.<\/p>\n<p>Vicente lleg\u00f3 a ver el sacerdocio como una alt\u00edsima vocaci\u00f3n de la que \u00e9l se consideraba indigno. Escrib\u00eda en 1656: \u00abEse estado es el m\u00e1s sublime que hay en la tierra, pues es el mismo que Nuestro Se\u00f1or quiso aceptar y practicar. En cuanto a m\u00ed, si hubiera sabido lo que era, cuando tuve la temeridad de entrar en \u00e9l, como lo supe m\u00e1s tarde, hubiera preferido quedarme a labrar la tierra antes que comprometerme en un estado tan tremendo\u2026 Ciertamente, los sacerdotes de este tiempo tienen muchos motivos para temer los juicios de Dios, pues aparte de sus propios pecados \u00e9l les pedir\u00e1 cuenta de los de los pueblos, por no haber procurado satisfacer por ellos a su justicia irritada, tal como era su obligaci\u00f3n; y lo que es m\u00e1s tremendo todav\u00eda, Dios les imputar\u00e1 la causa de los castigos que les env\u00eda\u2026 Digamos m\u00e1s a\u00fan, que ha sido de la mala vida de los eclesi\u00e1sticos de donde han venido todos los des\u00f3rdenes que han desolado a esta santa Esposa del Salvador\u2026\u00bb<span id='easy-footnote-30-11400' class='easy-footnote-margin-adjust'><\/span><span class='easy-footnote'><a href='http:\/\/vincentians.com\/es\/el-sacerdocio-vicenciano-sacerdocio-misionero\/#easy-footnote-bottom-30-11400' title='SV V, 568 \/ V, 540-541.'><sup>30<\/sup><\/a><\/span>.<\/p>\n<p>En su conferencia del 6 de diciembre de 1658, Vicente exclama: \u00abNo hay nada mayor que un sacerdote, a quien Dios le da todo poder sobre su cuerpo natural y su cuerpo m\u00edstico, el poder de perdonar los pecados, etc. \u00a1Dios m\u00edo! \u00a1Qu\u00e9 poder! \u00a1Qu\u00e9 dignidad!\u00bb<span id='easy-footnote-31-11400' class='easy-footnote-margin-adjust'><\/span><span class='easy-footnote'><a href='http:\/\/vincentians.com\/es\/el-sacerdocio-vicenciano-sacerdocio-misionero\/#easy-footnote-bottom-31-11400' title='SV XII, 85 \/ XI, 391.'><sup>31<\/sup><\/a><\/span>.<\/p>\n<h3><em>2. El sacerdote, por el car\u00e1cter sacramental, participa del sacerdocio de Jes\u00fas<span id='easy-footnote-32-11400' class='easy-footnote-margin-adjust'><\/span><span class='easy-footnote'><a href='http:\/\/vincentians.com\/es\/el-sacerdocio-vicenciano-sacerdocio-misionero\/#easy-footnote-bottom-32-11400' title='&lt;\/em&gt;SV XI, 7, 344 \/ XI, 702, 236.&lt;em&gt;'><sup>32<\/sup><\/a><\/span><\/em><em>. Es su instrumento.<\/em><\/h3>\n<p>En una conferencia sobre la formaci\u00f3n del clero, Vicente afirma que el car\u00e1cter sacerdotal es una participaci\u00f3n en el sacerdocio del Hijo de Dios. Es un car\u00e1cter totalmente divino e incomparable<span id='easy-footnote-33-11400' class='easy-footnote-margin-adjust'><\/span><span class='easy-footnote'><a href='http:\/\/vincentians.com\/es\/el-sacerdocio-vicenciano-sacerdocio-misionero\/#easy-footnote-bottom-33-11400' title='SV XI, 7 \/ XI, 702.'><sup>33<\/sup><\/a><\/span>.<\/p>\n<p>Al repetir a menudo este punto, San Vicente se sit\u00faa en la corriente principal de toda la tradici\u00f3n cristiana. Jes\u00fas es <em>el <\/em>sacerdote. Todos los dem\u00e1s sacerdotes son participantes del sacerdocio de Jes\u00fas. Son sus instrumentos<span id='easy-footnote-34-11400' class='easy-footnote-margin-adjust'><\/span><span class='easy-footnote'><a href='http:\/\/vincentians.com\/es\/el-sacerdocio-vicenciano-sacerdocio-misionero\/#easy-footnote-bottom-34-11400' title='SV XII, 80 \/ XI, 387.'><sup>34<\/sup><\/a><\/span>. Este principio teol\u00f3gico le infund\u00eda a San Vicente un religioso temor ante la dignidad del sacerdocio<span id='easy-footnote-35-11400' class='easy-footnote-margin-adjust'><\/span><span class='easy-footnote'><a href='http:\/\/vincentians.com\/es\/el-sacerdocio-vicenciano-sacerdocio-misionero\/#easy-footnote-bottom-35-11400' title='SV VII, 463 \/ VII, 396; XI, 93 \/ XI, 787.'><sup>35<\/sup><\/a><\/span>. Ello le llevaba a decir m\u00e1s de cien veces (\u00e9l mismo as\u00ed lo afirma)<span id='easy-footnote-36-11400' class='easy-footnote-margin-adjust'><\/span><span class='easy-footnote'><a href='http:\/\/vincentians.com\/es\/el-sacerdocio-vicenciano-sacerdocio-misionero\/#easy-footnote-bottom-36-11400' title='SV VII, 463 \/ VII, 396.'><sup>36<\/sup><\/a><\/span> que si no fuera ya sacerdote, no lo ser\u00eda jam\u00e1s.<\/p>\n<p>En un lenguaje que recuerda al de B\u00e9rulle y al de Olier, Vicente escribe a un sacerdote de la Misi\u00f3n:<\/p>\n<p><em>\u00a1Qu\u00e9 feliz es usted, padre, por servir de instrumento en manos de Nuestro Se\u00f1or para formar buenos sacerdotes, y un instrumento tal como usted, que los ilumina y los entusiasma al mismo tiempo! Con eso desempe\u00f1a usted el oficio del Esp\u00edritu Santo, que es el \u00fanico al que pertenece iluminar y encender los corazones; o mejor dicho, es ese Esp\u00edritu santo y santificador el que act\u00faa por medio de usted, ya que mora y obra en usted mismo, no s\u00f3lo para hacerle vivir de su vida divina, sino tambi\u00e9n para restablecer su misma vida y operaciones en esos se\u00f1ores, llamados al ministerio m\u00e1s alto que existe en la tierra, por el que tienen que ejercer las dos grandes virtudes de Jesucristo, a saber la religi\u00f3n para con el Padre<span id='easy-footnote-37-11400' class='easy-footnote-margin-adjust'><\/span><span class='easy-footnote'><a href='http:\/\/vincentians.com\/es\/el-sacerdocio-vicenciano-sacerdocio-misionero\/#easy-footnote-bottom-37-11400' title='&lt;\/em&gt;En franc\u00e9s la religion vers le P\u00e8re et la charit\u00e9 vers les hommes. Esta terminolog\u00eda es muy caracter\u00edstica de la \u00ab\u00c9cole Fran\u00e7aise\u00bb. Cf. Olier, Pietas, n. 4 (Editions Amiot, 1954) 165, donde se usan casi exactamente las mismas palabras.&lt;em&gt;'><sup>37<\/sup><\/a><\/span> <\/em><em>y la caridad para con los hombres<span id='easy-footnote-38-11400' class='easy-footnote-margin-adjust'><\/span><span class='easy-footnote'><a href='http:\/\/vincentians.com\/es\/el-sacerdocio-vicenciano-sacerdocio-misionero\/#easy-footnote-bottom-38-11400' title='&lt;\/em&gt;SV VI 393 \/ VI, 370.&lt;em&gt;'><sup>38<\/sup><\/a><\/span><\/em>.<\/p>\n<p>Desde luego, como la vida y misi\u00f3n del sacerdote est\u00e1n tan intr\u00ednsecamente ligadas a las de Jes\u00fas, consiguientemente \u00abel revestirse del Se\u00f1or Jesucristo\u00bb significa en concreto adquirir las virtudes de Jes\u00fas, particularmente las cinco virtudes misioneras que Vicente inculca a los miembros de su Congregaci\u00f3n. Significa tambi\u00e9n permanecer ante el Padre fielmente en oraci\u00f3n y escuchar su palabra. Vicente dice a Guillermo Desdames el 30 de enero de 1960, que encontrar\u00e1 en Cristo todas las virtudes \u00aby si le deja hacer, \u00e9l las ejercer\u00e1 en usted y por usted\u00bb<span id='easy-footnote-39-11400' class='easy-footnote-margin-adjust'><\/span><span class='easy-footnote'><a href='http:\/\/vincentians.com\/es\/el-sacerdocio-vicenciano-sacerdocio-misionero\/#easy-footnote-bottom-39-11400' title='SV VIII, 231 \/ VIII, 218.'><sup>39<\/sup><\/a><\/span>.<\/p>\n<h3><em>3. Su modelo dominante del sacerdocio es el modelo misionero<span id='easy-footnote-40-11400' class='easy-footnote-margin-adjust'><\/span><span class='easy-footnote'><a href='http:\/\/vincentians.com\/es\/el-sacerdocio-vicenciano-sacerdocio-misionero\/#easy-footnote-bottom-40-11400' title='&lt;\/em&gt;SV XI, 67 \/ XI, 754.&lt;em&gt;'><sup>40<\/sup><\/a><\/span><\/em><\/h3>\n<p>Independiz\u00e1ndose totalmente de las ense\u00f1anzas de B\u00e9rulle, su antiguo maestro, Vicente hace una elecci\u00f3n definitiva de su modelo de sacerdocio: el sacerdote es para \u00e9l predominantemente un misionero: \u00abDios env\u00eda a los sacerdotes como envi\u00f3 a su Hijo para la salvaci\u00f3n de las almas\u00bb<span id='easy-footnote-41-11400' class='easy-footnote-margin-adjust'><\/span><span class='easy-footnote'><a href='http:\/\/vincentians.com\/es\/el-sacerdocio-vicenciano-sacerdocio-misionero\/#easy-footnote-bottom-41-11400' title='SV VIII, 33 \/ VIII, 33.'><sup>41<\/sup><\/a><\/span>. Est\u00e1 claro que Vicente centra en el modelo de \u00abap\u00f3stol\u00bb o misionero lo que Raymond Brown describe como prominente en el Nuevo Testamento:<\/p>\n<p><em>Padres, el que dice misionero dice ap\u00f3stol; por tanto, es preciso que actuemos como los ap\u00f3stoles, ya que hemos sido enviados, como ellos, a instruir a los pueblos; es preciso que vayamos con toda bondad y sencillez, si queremos ser misioneros e imitar a los ap\u00f3stoles y a Jesucristo<\/em><span id='easy-footnote-42-11400' class='easy-footnote-margin-adjust'><\/span><span class='easy-footnote'><a href='http:\/\/vincentians.com\/es\/el-sacerdocio-vicenciano-sacerdocio-misionero\/#easy-footnote-bottom-42-11400' title='SV XI, 267 \/ XI, 172.'><sup>42<\/sup><\/a><\/span>.<\/p>\n<p>Luigi Mezzadri expresa la cuesti\u00f3n muy sucintamente: \u00abEntre el concepto del Pseudo-Dionisio sobre el sacerdote como &#8216;el hombre del culto&#8217; y el de San Agust\u00edn como &#8216;el hombre para la misi\u00f3n&#8217; Vicente instintivamente elige el segundo\u00bb<span id='easy-footnote-43-11400' class='easy-footnote-margin-adjust'><\/span><span class='easy-footnote'><a href='http:\/\/vincentians.com\/es\/el-sacerdocio-vicenciano-sacerdocio-misionero\/#easy-footnote-bottom-43-11400' title='Luigi Mezzadri , o.c., 348; cf. tambi\u00e9n, \u00abLa conversione di S. Vincenzo de&amp;#8217; Paoli. Realt\u00e0 storica e proiezione attuale\u00bb, en Annali della Missione 84 (1977) 176-182.'><sup>43<\/sup><\/a><\/span>.<\/p>\n<p>Vicente vuelve sobre el tema una y otra vez:<\/p>\n<p><em>As\u00ed es como hablan y como act\u00faan las almas verdaderamente apost\u00f3licas que, habi\u00e9ndose consagrado plenamente a Dios, desean que Nuestro Se\u00f1or, su Hijo, sea conocido y servido igualmente por todas las naciones de la tierra por las que vino \u00e9l mismo a este mundo, y est\u00e1n resueltos a trabajar y a morir por ellas, como \u00e9l lo hizo. Hasta ah\u00ed es hasta donde tiene que extenderse el celo de los misioneros, pues aunque no puedan ir a todas partes ni hacer todo el bien que desear\u00edan, sin embargo hacen bien en desearlo y en ofrecerse a Dios para servirle de instrumento en la conversi\u00f3n de las almas\u2026<span id='easy-footnote-44-11400' class='easy-footnote-margin-adjust'><\/span><span class='easy-footnote'><a href='http:\/\/vincentians.com\/es\/el-sacerdocio-vicenciano-sacerdocio-misionero\/#easy-footnote-bottom-44-11400' title='&lt;\/em&gt;SV VII, 333 \/ VII, 285-286.&lt;em&gt;'><sup>44<\/sup><\/a><\/span><\/em><em> <\/em><\/p>\n<h3>4. <em>El sacerdote misionero es para los pobres<\/em><\/h3>\n<p><em> <\/em>Toda la vida del sacerdote misionero debe estar dedicada a los pobres. San Vicente lo expresa muy elocuentemente:<\/p>\n<p><em>Que los sacerdotes se dediquen al cuidado de los pobres, \u00bfno fue \u00e9se el oficio de Nuestro Se\u00f1or y de muchos grandes santos, que no s\u00f3lo recomendaron el cuidado de los pobres, sino que los consolaron, animaron y cuidaron ellos mismos? \u00bfNo son los pobres los miembros afligidos de Nuestro Se\u00f1or? \u00bfNo son hermanos nuestros? Y si los sacerdotes los abandonan, \u00bfqui\u00e9n quer\u00e9is que los asista? De modo que, si hay algunos entre nosotros que crean que est\u00e1n en la misi\u00f3n para evangelizar a los pobres y no para cuidarlos, para remediar sus necesidades espirituales y no las temporales, les dir\u00e9 que tenemos que asistirlos y hacer que los asistan de todas las maneras<span id='easy-footnote-45-11400' class='easy-footnote-margin-adjust'><\/span><span class='easy-footnote'><a href='http:\/\/vincentians.com\/es\/el-sacerdocio-vicenciano-sacerdocio-misionero\/#easy-footnote-bottom-45-11400' title='&lt;\/em&gt;SV XII, 87 \/ XI, 393; cf. XI, 202 y 391 \/ XI, 121 y 215; XII, 84 \/ XI, 390.&lt;em&gt;'><sup>45<\/sup><\/a><\/span><\/em>.<\/p>\n<p>Vicente recomienda una caridad pastoral pr\u00e1ctica, concreta, y el deseo de buscar a los m\u00e1s pobres entre los pobres dondequiera que est\u00e9n:<\/p>\n<p><em>Dar a conocer a Dios a los pobres, anunciarles a Jesucristo, decirles que est\u00e1 cerca el reino de los cielos y que ese reino es para los pobres, \u00a1oh, qu\u00e9 grande es esto!<span id='easy-footnote-46-11400' class='easy-footnote-margin-adjust'><\/span><span class='easy-footnote'><a href='http:\/\/vincentians.com\/es\/el-sacerdocio-vicenciano-sacerdocio-misionero\/#easy-footnote-bottom-46-11400' title='&lt;\/em&gt;SV XII, 80 \/ XI, 387.&lt;em&gt;'><sup>46<\/sup><\/a><\/span><\/em>.<\/p>\n<p>E insiste:<\/p>\n<p><em>Se le hubiera podido preguntar al Hijo de Dios: &#8216;\u00bfPara qu\u00e9 has venido?&#8217; Para evangelizar a los pobres. Eso es lo que el Padre te orden\u00f3\u2026 Puede decirse que venir a evangelizar a los pobres no se entiende solamente ense\u00f1ar los misterios necesarios para la salvaci\u00f3n, sino hacer todas las cosas predichas y figuradas por los profetas, hacer efectivo el evangelio<span id='easy-footnote-47-11400' class='easy-footnote-margin-adjust'><\/span><span class='easy-footnote'><a href='http:\/\/vincentians.com\/es\/el-sacerdocio-vicenciano-sacerdocio-misionero\/#easy-footnote-bottom-47-11400' title='&lt;\/em&gt;SV XII, 84 \/ XI, 391.&lt;em&gt;'><sup>47<\/sup><\/a><\/span><\/em>.<\/p>\n<h2><strong>Algunas consecuencias<\/strong><\/h2>\n<p>Perm\u00edtaseme presentar, en esta ocasi\u00f3n del 400 aniversario de la ordenaci\u00f3n de San Vicente, unas <em>pocas <\/em>consecuencias de la elecci\u00f3n que \u00e9l hizo del modelo misionero para el sacerdocio<span id='easy-footnote-48-11400' class='easy-footnote-margin-adjust'><\/span><span class='easy-footnote'><a href='http:\/\/vincentians.com\/es\/el-sacerdocio-vicenciano-sacerdocio-misionero\/#easy-footnote-bottom-48-11400' title='Cf. Robert P. Maloney, \u00abOn Beimg A Missionary Today\u00bb, en He Hears the Cry of the Poor (Hyde Park, NY: New City Press, 1995) 118-125.'><sup>48<\/sup><\/a><\/span>.<\/p>\n<ol>\n<li>Durante este per\u00edodo posterior al Vaticano II, muchos observadores han notado el fen\u00f3meno que, en ocasiones, es llamado \u00abasimilaci\u00f3n o absorci\u00f3n parroquial\u00bb. Especialmente en los pa\u00edses donde hay una gran escasez de sacerdotes diocesanos, muchos obispos han pedido a los religiosos y miembros de Sociedades de Vida Apost\u00f3lica que se hagan cargo de parroquias. Desde el punto de vista de los obispos, estas peticiones son plenamente comprensibles, ya que en sus di\u00f3cesis necesitan sacerdotes residenciales para atender al pueblo; su modelo predominante de sacerdocio es necesariamente el residente (el tercero presentado anteriormente en el esquema de Raymond Brown). Pero desde el punto de vista de una congregaci\u00f3n misionera, la absorci\u00f3n parroquial puede conllevar la inmovilidad y la domesticaci\u00f3n de un carisma que requiere que el sacerdote vaya a cualquier parte del mundo donde las necesidades de los pobres lo est\u00e1n llamando. En otra parte he escrito extensamente sobre la actitud de San Vicente respecto a las parroquias<span id='easy-footnote-49-11400' class='easy-footnote-margin-adjust'><\/span><span class='easy-footnote'><a href='http:\/\/vincentians.com\/es\/el-sacerdocio-vicenciano-sacerdocio-misionero\/#easy-footnote-bottom-49-11400' title='Cf. Robert P. Maloney, \u00abOn Vicentian Involvment in Parishes\u00bb, en Vincentiana n\u00ba 2 (Marzo-Abril) 1997, 105- 116.'><sup>49<\/sup><\/a><\/span>. Perm\u00edtaseme aqu\u00ed decir simplemente que la Congregaci\u00f3n, y todas sus provincias, deben hacer todo esfuerzo posible para conservar plenamente su movilidad, a\u00fan ante las peticiones de los obispos de hacerse cargo de parroquias.<\/li>\n<li>Cuando San Vicente pon\u00eda de relieve la grandeza asombrosa del estado sacerdotal, en cuanto que es una participaci\u00f3n del ministerio de Cristo, miraba esa realidad como terreno para la humildad, ya que el sacerdote ser\u00e1 siempre indigno de participar en el \u00aboficio del Hijo de Dios\u00bb<span id='easy-footnote-50-11400' class='easy-footnote-margin-adjust'><\/span><span class='easy-footnote'><a href='http:\/\/vincentians.com\/es\/el-sacerdocio-vicenciano-sacerdocio-misionero\/#easy-footnote-bottom-50-11400' title='SV XII, 80 \/ XI, 387.'><sup>50<\/sup><\/a><\/span>. No cometi\u00f3 el error de confundir la ordenaci\u00f3n para este \u00abasombroso\u00bb estado con la promoci\u00f3n a una prestigiosa posici\u00f3n social. Los sacerdotes son en \u00faltimo t\u00e9rmino servidores. Nuestro estilo de vida como misioneros debe manifestar esto. Aunque es, sin duda, importante que celebremos gozosamente las ordenaciones, hay una tendencia en algunos pa\u00edses, como con frecuencia lo atestiguan lo rectores de seminarios, al triunfalismo y a celebraciones suntuosas. Me siento feliz de que ordinariamente no es este el caso en la Congregaci\u00f3n, aunque desgraciadamente s\u00ed que lo es algunas veces. Las ordenaciones deben significar claramente y celebrar la llamada a la misi\u00f3n y al ministerio itinerante, no la elevaci\u00f3n a una posici\u00f3n social (fuera de la de ser un servidor).<\/li>\n<li>Mientras los sacerdotes diocesanos y obispos se centran en la Iglesia local, los misioneros deben desarrollar y alimentar constantemente un sentido universal del Reino y de la Iglesia. San Vicente fue admirable a este respecto. En una \u00e9poca en que la mayor\u00eda de la gente viv\u00eda y mor\u00eda dentro de unos diez kil\u00f3metros alrededor de su lugar de nacimiento, \u00e9l envi\u00f3 misioneros a Polonia, Italia, Argelia, Madagascar, Irlanda, Escocia, a las H\u00e9bridas y a las Orkneys. Hoy, cuando la Familia Vicenciana se ha extendido por m\u00e1s de 135 pa\u00edses, es con mayor raz\u00f3n fundamental que los misioneros tengan una visi\u00f3n del mundo global.<\/li>\n<li>Los misioneros tienen una espec\u00edfica forma de relacionarse con los obispos del lugar. La vida de San Vicente ilustra esto admirablemente. Fue obediente sin perder su independencia. Repetidamente hace hincapi\u00e9 en que cuando demos misiones en una di\u00f3cesis ha de ser llamados por el ordinario local y bajo su obediencia. Pero al mismo tiempo resisti\u00f3 todo intento de algunos obispos de someter a la Congregaci\u00f3n. De hecho trabaj\u00f3 durante a\u00f1os para conseguir la exenci\u00f3n de su autoridad con el fin de que conserv\u00e1ramos nuestra naturaleza itinerante y misionera. (Hizo iguales esfuerzos con \u00e9xito semejante respecto a las Hijas de la Caridad). Larga es la tradici\u00f3n de tensiones en la Iglesia entre los grupos exentos<span id='easy-footnote-51-11400' class='easy-footnote-margin-adjust'><\/span><span class='easy-footnote'><a href='http:\/\/vincentians.com\/es\/el-sacerdocio-vicenciano-sacerdocio-misionero\/#easy-footnote-bottom-51-11400' title='Cf. Canon 591.'><sup>51<\/sup><\/a><\/span> y los ordinarios del lugar<span id='easy-footnote-52-11400' class='easy-footnote-margin-adjust'><\/span><span class='easy-footnote'><a href='http:\/\/vincentians.com\/es\/el-sacerdocio-vicenciano-sacerdocio-misionero\/#easy-footnote-bottom-52-11400' title='En el siglo V, Juan Casiano escribi\u00f3: \u00abUn monje debe huir por todos los medios de las mujeres y de los obispos\u00bb, a\u00f1adiendo que \u00e9sta era una \u00abantigua m\u00e1xima de los Padres\u00bb. Su preocupaci\u00f3n, por supuesto, era que los obispos interferir\u00edan en la vida de los monjes o tratar\u00edan de utilizarlos para sus propios fines. Cf. De Institutis coenobiorum et de octo principalium vitiorum remediis 11.18 (ed. J-C. Guy, SC 109. 444; trad. E. C. S. Gibson, NPNF, 2nd series, 11. 279.'><sup>52<\/sup><\/a><\/span>. Es muy importante que los superiores religiosos sepan tratar estas tensiones con equilibrio. Por una parte, el obispo tiene la autoridad cuando estamos ocupados en una misi\u00f3n apost\u00f3lica en sus di\u00f3cesis. Pero por otra, de la autoridad de nuestros propios superiores dependen la elecci\u00f3n de a qu\u00e9 di\u00f3cesis hay que ir, la duraci\u00f3n y condiciones de nuestra estancia, y el momento de nuestra retirada. El di\u00e1logo es, sin duda, important\u00edsimo en estos asuntos, pero nuestros propios superiores han de ser firmes en promover y proteger el carisma de la Congregaci\u00f3n.<\/li>\n<li>Despu\u00e9s de un comienzo un tanto dudoso como sacerdote, Vicente lleg\u00f3 a ser un gran reformador, que habl\u00f3 frecuentemente a los sacerdotes y sobre los sacerdotes. En sus conferencias a los miembros de la Congregaci\u00f3n, Vicente, al enviar a los misioneros, repetidamente exhorta sobre un tema: que sean santos. Si participamos de la vocaci\u00f3n misionera de Jes\u00fas, consiguientemente debemos \u00abesforzarnos, en cuanto nos sea posible, en imitar las virtudes que este Soberano Maestro se dign\u00f3 ense\u00f1arnos con sus palabras y ejemplos\u00bb<span id='easy-footnote-53-11400' class='easy-footnote-margin-adjust'><\/span><span class='easy-footnote'><a href='http:\/\/vincentians.com\/es\/el-sacerdocio-vicenciano-sacerdocio-misionero\/#easy-footnote-bottom-53-11400' title='Reglas Comunes I, 1.'><sup>53<\/sup><\/a><\/span>.<\/li>\n<li>S\u00e9ame permitido presentar, como conclusi\u00f3n de este art\u00edculo, <em>diez <\/em>notas caracter\u00edsticas del sacerdote misionero hoy. Seguramente hay otras muchas.<\/li>\n<ol>\n<li>Es un evangelizador itinerante, ardiendo en el deseo de difundir la Buena Nueva.<\/li>\n<li>Tiene una perspectiva internacional, una visi\u00f3n global del mundo.<\/li>\n<li>Est\u00e1 en una vital interacci\u00f3n respecto a la cultura del pa\u00eds donde sirve.<\/li>\n<li>Aprende la lengua de su gente.<\/li>\n<li>Est\u00e1 profundamente enraizado en la Escritura.<\/li>\n<li>Es creativo al encarar las necesidades de los pobres.<\/li>\n<li>Est\u00e1 bien informado sobre la doctrina social de la Iglesia.<\/li>\n<li>Est\u00e1 comprometido en la formaci\u00f3n permanente.<\/li>\n<li>Es un hombre de Dios, profundamente enraizado en Cristo.<\/li>\n<li>Vive las cinco virtudes misioneras: sencillez, humildad, mansedumbre, mortificaci\u00f3n, y celo.<\/li>\n<\/ol>\n<\/ol>\n<p>Ser <em>misionero \u2212<\/em>esa es la vocaci\u00f3n de los sacerdotes vicencianos\u2212 es respirar profundamente el esp\u00edritu misionero que San Vicente infundi\u00f3 a la Congregaci\u00f3n, dejar que ese esp\u00edritu llene nuestras mentes y corazones, y despu\u00e9s partir. \u00abId por todo el mundo y proclamad la Buena Nueva a toda la creaci\u00f3n\u00bb (Mc 16, 15).<\/p>\n<p style=\"text-align: right\"><em><br \/>\n<\/em><em><\/em><\/p>\n","protected":false},"excerpt":{"rendered":"<p>Jes\u00fas es el sacerdote del Nuevo Testamento. No hay otro sacerdocio que el suyo. \u00abYo soy el camino, la verdad y la vida\u00bb, nos dice Jes\u00fas, \u00abnadie se acerca al Padre sino por m\u00ed\u00bb. Es &#8230; <a href=\"http:\/\/vincentians.com\/es\/el-sacerdocio-vicenciano-sacerdocio-misionero\/\" class=\"more-link\">Read More<\/a><\/p>\n","protected":false},"author":4,"featured_media":48048,"comment_status":"open","ping_status":"open","sticky":false,"template":"","format":"standard","meta":{"jetpack_post_was_ever_published":false,"_jetpack_newsletter_access":"","_jetpack_dont_email_post_to_subs":false,"_jetpack_newsletter_tier_id":0,"_jetpack_memberships_contains_paywalled_content":false,"_jetpack_memberships_contains_paid_content":false,"footnotes":"","jetpack_publicize_message":"","jetpack_publicize_feature_enabled":true,"jetpack_social_post_already_shared":true,"jetpack_social_options":{"image_generator_settings":{"template":"highway","default_image_id":0,"font":"","enabled":false},"version":2}},"categories":[16],"tags":[168],"class_list":["post-11400","post","type-post","status-publish","format-standard","has-post-thumbnail","hentry","category-congregacion-de-la-mision","tag-argel"],"yoast_head":"<!-- This site is optimized with the Yoast SEO plugin v26.3 - https:\/\/yoast.com\/wordpress\/plugins\/seo\/ -->\n<title>El sacerdocio vicenciano, sacerdocio misionero - Somos Vicencianos<\/title>\n<meta name=\"robots\" content=\"index, follow, max-snippet:-1, max-image-preview:large, max-video-preview:-1\" \/>\n<link rel=\"canonical\" href=\"http:\/\/vincentians.com\/es\/el-sacerdocio-vicenciano-sacerdocio-misionero\/\" \/>\n<meta property=\"og:locale\" content=\"es_ES\" \/>\n<meta property=\"og:type\" content=\"article\" \/>\n<meta property=\"og:title\" content=\"El sacerdocio vicenciano, sacerdocio misionero - Somos Vicencianos\" \/>\n<meta property=\"og:description\" content=\"Jes\u00fas es el sacerdote del Nuevo Testamento. No hay otro sacerdocio que el suyo. \u00abYo soy el camino, la verdad y la vida\u00bb, nos dice Jes\u00fas, \u00abnadie se acerca al Padre sino por m\u00ed\u00bb. Es ... Read More\" \/>\n<meta property=\"og:url\" content=\"http:\/\/vincentians.com\/es\/el-sacerdocio-vicenciano-sacerdocio-misionero\/\" \/>\n<meta property=\"og:site_name\" content=\"Somos Vicencianos\" \/>\n<meta property=\"article:publisher\" content=\"https:\/\/www.facebook.com\/WeAreVincentians\/\" \/>\n<meta property=\"article:author\" content=\"https:\/\/www.facebook.com\/JavierChento\" \/>\n<meta property=\"article:published_time\" content=\"2011-08-11T05:41:59+00:00\" \/>\n<meta property=\"article:modified_time\" content=\"2016-07-26T07:44:48+00:00\" \/>\n<meta name=\"author\" content=\"Francisco Javier Fern\u00e1ndez Chento\" \/>\n<meta name=\"twitter:card\" content=\"summary_large_image\" \/>\n<meta name=\"twitter:creator\" content=\"@https:\/\/twitter.com\/javierchento\" \/>\n<meta name=\"twitter:site\" content=\"@WeVincentians\" \/>\n<meta name=\"twitter:label1\" content=\"Escrito por\" \/>\n\t<meta name=\"twitter:data1\" content=\"Francisco Javier Fern\u00e1ndez Chento\" \/>\n\t<meta name=\"twitter:label2\" content=\"Tiempo de lectura\" \/>\n\t<meta name=\"twitter:data2\" content=\"27 minutos\" \/>\n<script type=\"application\/ld+json\" class=\"yoast-schema-graph\">{\"@context\":\"https:\/\/schema.org\",\"@graph\":[{\"@type\":\"Article\",\"@id\":\"http:\/\/vincentians.com\/es\/el-sacerdocio-vicenciano-sacerdocio-misionero\/#article\",\"isPartOf\":{\"@id\":\"http:\/\/vincentians.com\/es\/el-sacerdocio-vicenciano-sacerdocio-misionero\/\"},\"author\":{\"name\":\"Francisco Javier Fern\u00e1ndez Chento\",\"@id\":\"http:\/\/vincentians.com\/es\/#\/schema\/person\/9623ef4d9aa3b2dfb8c061f1499288f2\"},\"headline\":\"El sacerdocio vicenciano, sacerdocio misionero\",\"datePublished\":\"2011-08-11T05:41:59+00:00\",\"dateModified\":\"2016-07-26T07:44:48+00:00\",\"mainEntityOfPage\":{\"@id\":\"http:\/\/vincentians.com\/es\/el-sacerdocio-vicenciano-sacerdocio-misionero\/\"},\"wordCount\":5434,\"commentCount\":0,\"publisher\":{\"@id\":\"http:\/\/vincentians.com\/es\/#organization\"},\"image\":{\"@id\":\"http:\/\/vincentians.com\/es\/el-sacerdocio-vicenciano-sacerdocio-misionero\/#primaryimage\"},\"thumbnailUrl\":\"\",\"keywords\":[\"Argel\"],\"articleSection\":[\"Congregaci\u00f3n de la Misi\u00f3n\"],\"inLanguage\":\"es\",\"potentialAction\":[{\"@type\":\"CommentAction\",\"name\":\"Comment\",\"target\":[\"http:\/\/vincentians.com\/es\/el-sacerdocio-vicenciano-sacerdocio-misionero\/#respond\"]}]},{\"@type\":\"WebPage\",\"@id\":\"http:\/\/vincentians.com\/es\/el-sacerdocio-vicenciano-sacerdocio-misionero\/\",\"url\":\"http:\/\/vincentians.com\/es\/el-sacerdocio-vicenciano-sacerdocio-misionero\/\",\"name\":\"El sacerdocio vicenciano, sacerdocio misionero - Somos Vicencianos\",\"isPartOf\":{\"@id\":\"http:\/\/vincentians.com\/es\/#website\"},\"primaryImageOfPage\":{\"@id\":\"http:\/\/vincentians.com\/es\/el-sacerdocio-vicenciano-sacerdocio-misionero\/#primaryimage\"},\"image\":{\"@id\":\"http:\/\/vincentians.com\/es\/el-sacerdocio-vicenciano-sacerdocio-misionero\/#primaryimage\"},\"thumbnailUrl\":\"\",\"datePublished\":\"2011-08-11T05:41:59+00:00\",\"dateModified\":\"2016-07-26T07:44:48+00:00\",\"breadcrumb\":{\"@id\":\"http:\/\/vincentians.com\/es\/el-sacerdocio-vicenciano-sacerdocio-misionero\/#breadcrumb\"},\"inLanguage\":\"es\",\"potentialAction\":[{\"@type\":\"ReadAction\",\"target\":[\"http:\/\/vincentians.com\/es\/el-sacerdocio-vicenciano-sacerdocio-misionero\/\"]}]},{\"@type\":\"ImageObject\",\"inLanguage\":\"es\",\"@id\":\"http:\/\/vincentians.com\/es\/el-sacerdocio-vicenciano-sacerdocio-misionero\/#primaryimage\",\"url\":\"\",\"contentUrl\":\"\"},{\"@type\":\"BreadcrumbList\",\"@id\":\"http:\/\/vincentians.com\/es\/el-sacerdocio-vicenciano-sacerdocio-misionero\/#breadcrumb\",\"itemListElement\":[{\"@type\":\"ListItem\",\"position\":1,\"name\":\"Portada\",\"item\":\"http:\/\/vincentians.com\/es\/\"},{\"@type\":\"ListItem\",\"position\":2,\"name\":\"El sacerdocio vicenciano, sacerdocio misionero\"}]},{\"@type\":\"WebSite\",\"@id\":\"http:\/\/vincentians.com\/es\/#website\",\"url\":\"http:\/\/vincentians.com\/es\/\",\"name\":\"Somos Vicencianos\",\"description\":\"Know more to serve more\",\"publisher\":{\"@id\":\"http:\/\/vincentians.com\/es\/#organization\"},\"potentialAction\":[{\"@type\":\"SearchAction\",\"target\":{\"@type\":\"EntryPoint\",\"urlTemplate\":\"http:\/\/vincentians.com\/es\/?s={search_term_string}\"},\"query-input\":{\"@type\":\"PropertyValueSpecification\",\"valueRequired\":true,\"valueName\":\"search_term_string\"}}],\"inLanguage\":\"es\"},{\"@type\":\"Organization\",\"@id\":\"http:\/\/vincentians.com\/es\/#organization\",\"name\":\"The Vincentian Network\",\"url\":\"http:\/\/vincentians.com\/es\/\",\"logo\":{\"@type\":\"ImageObject\",\"inLanguage\":\"es\",\"@id\":\"http:\/\/vincentians.com\/es\/#\/schema\/logo\/image\/\",\"url\":\"https:\/\/i1.wp.com\/vincentians.com\/es\/wp-content\/uploads\/sites\/11\/2016\/06\/Vincentian-Network-logo-big.png?fit=778%2C778\",\"contentUrl\":\"https:\/\/i1.wp.com\/vincentians.com\/es\/wp-content\/uploads\/sites\/11\/2016\/06\/Vincentian-Network-logo-big.png?fit=778%2C778\",\"width\":778,\"height\":778,\"caption\":\"The Vincentian Network\"},\"image\":{\"@id\":\"http:\/\/vincentians.com\/es\/#\/schema\/logo\/image\/\"},\"sameAs\":[\"https:\/\/www.facebook.com\/WeAreVincentians\/\",\"https:\/\/x.com\/WeVincentians\"]},{\"@type\":\"Person\",\"@id\":\"http:\/\/vincentians.com\/es\/#\/schema\/person\/9623ef4d9aa3b2dfb8c061f1499288f2\",\"name\":\"Francisco Javier Fern\u00e1ndez Chento\",\"image\":{\"@type\":\"ImageObject\",\"inLanguage\":\"es\",\"@id\":\"http:\/\/vincentians.com\/es\/#\/schema\/person\/image\/\",\"url\":\"https:\/\/secure.gravatar.com\/avatar\/497d5cde87b4c3d097d0315953521681ba2cd523ee66e5077c3711f7021e65de?s=96&d=mm&r=g\",\"contentUrl\":\"https:\/\/secure.gravatar.com\/avatar\/497d5cde87b4c3d097d0315953521681ba2cd523ee66e5077c3711f7021e65de?s=96&d=mm&r=g\",\"caption\":\"Francisco Javier Fern\u00e1ndez Chento\"},\"description\":\"Director General y cofundador de La Red de Formaci\u00f3n Vicenciana. Javier es laico vicenciano, afiliado a la Congregaci\u00f3n de la Misi\u00f3n y miembro del Equipo de Misiones Populares de la provincia can\u00f3nica de Zaragoza (Espa\u00f1a) de la Congregaci\u00f3n de la Misi\u00f3n. Graduado en la Universidad Oberta de Catalunya con cuatro grados (Asistente de direcci\u00f3n, Gesti\u00f3n Administrativa, Recursos Humanos y Contabilidad Avanzada). Bil\u00edng\u00fce Espa\u00f1ol\/Ingl\u00e9s. gestiona y mantiene varias p\u00e1ginas web cristianas y vicencianas, incluida including La Red de Formaci\u00f3n Vicenciana, de la que es cofundador. Actualmente es responsable del \u00e1rea de Espa\u00f1ol de .famvin, la Red de Noticias de la Familia Vicenciana. Tambi\u00e9n es m\u00fasico cat\u00f3lico y ha editado varios discos. Es Director General y cofundador de Trovador, una reconocida compa\u00f1\u00eda discogr\u00e1fica critiana de Espa\u00f1a. Trabaja en las Tecnolog\u00edas de la Informaci\u00f3n, ofreciendo servicios de alojamiento, dise\u00f1o y mantenimiento Web, as\u00ed como asesoramiento, formaci\u00f3n y soluciones inform\u00e1ticas, gesti\u00f3n documental y digitalizaci\u00f3n de textos, edici\u00f3n y maquetaci\u00f3n de libros, revistas, flyers, etc.\",\"sameAs\":[\"http:\/\/chento.org\",\"https:\/\/www.facebook.com\/JavierChento\",\"https:\/\/x.com\/https:\/\/twitter.com\/javierchento\"],\"url\":\"http:\/\/vincentians.com\/es\/author\/chento\/\"}]}<\/script>\n<!-- \/ Yoast SEO plugin. -->","yoast_head_json":{"title":"El sacerdocio vicenciano, sacerdocio misionero - Somos Vicencianos","robots":{"index":"index","follow":"follow","max-snippet":"max-snippet:-1","max-image-preview":"max-image-preview:large","max-video-preview":"max-video-preview:-1"},"canonical":"http:\/\/vincentians.com\/es\/el-sacerdocio-vicenciano-sacerdocio-misionero\/","og_locale":"es_ES","og_type":"article","og_title":"El sacerdocio vicenciano, sacerdocio misionero - Somos Vicencianos","og_description":"Jes\u00fas es el sacerdote del Nuevo Testamento. No hay otro sacerdocio que el suyo. \u00abYo soy el camino, la verdad y la vida\u00bb, nos dice Jes\u00fas, \u00abnadie se acerca al Padre sino por m\u00ed\u00bb. Es ... Read More","og_url":"http:\/\/vincentians.com\/es\/el-sacerdocio-vicenciano-sacerdocio-misionero\/","og_site_name":"Somos Vicencianos","article_publisher":"https:\/\/www.facebook.com\/WeAreVincentians\/","article_author":"https:\/\/www.facebook.com\/JavierChento","article_published_time":"2011-08-11T05:41:59+00:00","article_modified_time":"2016-07-26T07:44:48+00:00","author":"Francisco Javier Fern\u00e1ndez Chento","twitter_card":"summary_large_image","twitter_creator":"@https:\/\/twitter.com\/javierchento","twitter_site":"@WeVincentians","twitter_misc":{"Escrito por":"Francisco Javier Fern\u00e1ndez Chento","Tiempo de lectura":"27 minutos"},"schema":{"@context":"https:\/\/schema.org","@graph":[{"@type":"Article","@id":"http:\/\/vincentians.com\/es\/el-sacerdocio-vicenciano-sacerdocio-misionero\/#article","isPartOf":{"@id":"http:\/\/vincentians.com\/es\/el-sacerdocio-vicenciano-sacerdocio-misionero\/"},"author":{"name":"Francisco Javier Fern\u00e1ndez Chento","@id":"http:\/\/vincentians.com\/es\/#\/schema\/person\/9623ef4d9aa3b2dfb8c061f1499288f2"},"headline":"El sacerdocio vicenciano, sacerdocio misionero","datePublished":"2011-08-11T05:41:59+00:00","dateModified":"2016-07-26T07:44:48+00:00","mainEntityOfPage":{"@id":"http:\/\/vincentians.com\/es\/el-sacerdocio-vicenciano-sacerdocio-misionero\/"},"wordCount":5434,"commentCount":0,"publisher":{"@id":"http:\/\/vincentians.com\/es\/#organization"},"image":{"@id":"http:\/\/vincentians.com\/es\/el-sacerdocio-vicenciano-sacerdocio-misionero\/#primaryimage"},"thumbnailUrl":"","keywords":["Argel"],"articleSection":["Congregaci\u00f3n de la Misi\u00f3n"],"inLanguage":"es","potentialAction":[{"@type":"CommentAction","name":"Comment","target":["http:\/\/vincentians.com\/es\/el-sacerdocio-vicenciano-sacerdocio-misionero\/#respond"]}]},{"@type":"WebPage","@id":"http:\/\/vincentians.com\/es\/el-sacerdocio-vicenciano-sacerdocio-misionero\/","url":"http:\/\/vincentians.com\/es\/el-sacerdocio-vicenciano-sacerdocio-misionero\/","name":"El sacerdocio vicenciano, sacerdocio misionero - Somos Vicencianos","isPartOf":{"@id":"http:\/\/vincentians.com\/es\/#website"},"primaryImageOfPage":{"@id":"http:\/\/vincentians.com\/es\/el-sacerdocio-vicenciano-sacerdocio-misionero\/#primaryimage"},"image":{"@id":"http:\/\/vincentians.com\/es\/el-sacerdocio-vicenciano-sacerdocio-misionero\/#primaryimage"},"thumbnailUrl":"","datePublished":"2011-08-11T05:41:59+00:00","dateModified":"2016-07-26T07:44:48+00:00","breadcrumb":{"@id":"http:\/\/vincentians.com\/es\/el-sacerdocio-vicenciano-sacerdocio-misionero\/#breadcrumb"},"inLanguage":"es","potentialAction":[{"@type":"ReadAction","target":["http:\/\/vincentians.com\/es\/el-sacerdocio-vicenciano-sacerdocio-misionero\/"]}]},{"@type":"ImageObject","inLanguage":"es","@id":"http:\/\/vincentians.com\/es\/el-sacerdocio-vicenciano-sacerdocio-misionero\/#primaryimage","url":"","contentUrl":""},{"@type":"BreadcrumbList","@id":"http:\/\/vincentians.com\/es\/el-sacerdocio-vicenciano-sacerdocio-misionero\/#breadcrumb","itemListElement":[{"@type":"ListItem","position":1,"name":"Portada","item":"http:\/\/vincentians.com\/es\/"},{"@type":"ListItem","position":2,"name":"El sacerdocio vicenciano, sacerdocio misionero"}]},{"@type":"WebSite","@id":"http:\/\/vincentians.com\/es\/#website","url":"http:\/\/vincentians.com\/es\/","name":"Somos Vicencianos","description":"Know more to serve more","publisher":{"@id":"http:\/\/vincentians.com\/es\/#organization"},"potentialAction":[{"@type":"SearchAction","target":{"@type":"EntryPoint","urlTemplate":"http:\/\/vincentians.com\/es\/?s={search_term_string}"},"query-input":{"@type":"PropertyValueSpecification","valueRequired":true,"valueName":"search_term_string"}}],"inLanguage":"es"},{"@type":"Organization","@id":"http:\/\/vincentians.com\/es\/#organization","name":"The Vincentian Network","url":"http:\/\/vincentians.com\/es\/","logo":{"@type":"ImageObject","inLanguage":"es","@id":"http:\/\/vincentians.com\/es\/#\/schema\/logo\/image\/","url":"https:\/\/i1.wp.com\/vincentians.com\/es\/wp-content\/uploads\/sites\/11\/2016\/06\/Vincentian-Network-logo-big.png?fit=778%2C778","contentUrl":"https:\/\/i1.wp.com\/vincentians.com\/es\/wp-content\/uploads\/sites\/11\/2016\/06\/Vincentian-Network-logo-big.png?fit=778%2C778","width":778,"height":778,"caption":"The Vincentian Network"},"image":{"@id":"http:\/\/vincentians.com\/es\/#\/schema\/logo\/image\/"},"sameAs":["https:\/\/www.facebook.com\/WeAreVincentians\/","https:\/\/x.com\/WeVincentians"]},{"@type":"Person","@id":"http:\/\/vincentians.com\/es\/#\/schema\/person\/9623ef4d9aa3b2dfb8c061f1499288f2","name":"Francisco Javier Fern\u00e1ndez Chento","image":{"@type":"ImageObject","inLanguage":"es","@id":"http:\/\/vincentians.com\/es\/#\/schema\/person\/image\/","url":"https:\/\/secure.gravatar.com\/avatar\/497d5cde87b4c3d097d0315953521681ba2cd523ee66e5077c3711f7021e65de?s=96&d=mm&r=g","contentUrl":"https:\/\/secure.gravatar.com\/avatar\/497d5cde87b4c3d097d0315953521681ba2cd523ee66e5077c3711f7021e65de?s=96&d=mm&r=g","caption":"Francisco Javier Fern\u00e1ndez Chento"},"description":"Director General y cofundador de La Red de Formaci\u00f3n Vicenciana. Javier es laico vicenciano, afiliado a la Congregaci\u00f3n de la Misi\u00f3n y miembro del Equipo de Misiones Populares de la provincia can\u00f3nica de Zaragoza (Espa\u00f1a) de la Congregaci\u00f3n de la Misi\u00f3n. Graduado en la Universidad Oberta de Catalunya con cuatro grados (Asistente de direcci\u00f3n, Gesti\u00f3n Administrativa, Recursos Humanos y Contabilidad Avanzada). Bil\u00edng\u00fce Espa\u00f1ol\/Ingl\u00e9s. gestiona y mantiene varias p\u00e1ginas web cristianas y vicencianas, incluida including La Red de Formaci\u00f3n Vicenciana, de la que es cofundador. Actualmente es responsable del \u00e1rea de Espa\u00f1ol de .famvin, la Red de Noticias de la Familia Vicenciana. Tambi\u00e9n es m\u00fasico cat\u00f3lico y ha editado varios discos. Es Director General y cofundador de Trovador, una reconocida compa\u00f1\u00eda discogr\u00e1fica critiana de Espa\u00f1a. Trabaja en las Tecnolog\u00edas de la Informaci\u00f3n, ofreciendo servicios de alojamiento, dise\u00f1o y mantenimiento Web, as\u00ed como asesoramiento, formaci\u00f3n y soluciones inform\u00e1ticas, gesti\u00f3n documental y digitalizaci\u00f3n de textos, edici\u00f3n y maquetaci\u00f3n de libros, revistas, flyers, etc.","sameAs":["http:\/\/chento.org","https:\/\/www.facebook.com\/JavierChento","https:\/\/x.com\/https:\/\/twitter.com\/javierchento"],"url":"http:\/\/vincentians.com\/es\/author\/chento\/"}]}},"jetpack_publicize_connections":[],"jetpack_featured_media_url":"","jetpack_sharing_enabled":true,"jetpack_shortlink":"https:\/\/wp.me\/p7ETMF-2XS","jetpack-related-posts":[{"id":117159,"url":"http:\/\/vincentians.com\/es\/presbyterorum-ordinis\/","url_meta":{"origin":11400,"position":0},"title":"Presbyterorum ordinis","author":"Francisco Javier Fern\u00e1ndez Chento","date":"16\/04\/2013","format":false,"excerpt":"DECRETO PRESBYTERORUM ORDINIS SOBRE EL MINISTERIO Y LA VIDA DE LOS PRESB\u00cdTEROS Proemio 1. Repetidas veces ha tra\u00eddo este Sagrado Concilio a la memoria de todos la excelencia del Orden de los presb\u00edteros en la Iglesia. Y como se asignan a este Orden en la renovaci\u00f3n de la Iglesia influjos\u2026","rel":"","context":"En \u00abConcilio Vaticano II\u00bb","block_context":{"text":"Concilio Vaticano II","link":"http:\/\/vincentians.com\/es\/category\/formacion-cristiana\/concilios-ecumenicos\/concilio-vaticano-ii\/"},"img":{"alt_text":"","src":"","width":0,"height":0},"classes":[]},{"id":144671,"url":"http:\/\/vincentians.com\/es\/el-servicio-de-los-pobres-con-espiritu-y-en-comunidad\/","url_meta":{"origin":11400,"position":1},"title":"El servicio de los Pobres con \u00abEsp\u00edritu\u00bb y en comunidad","author":"Francisco Javier Fern\u00e1ndez Chento","date":"09\/05\/2015","format":false,"excerpt":"Pre\u00e1mbulo: \u00bfQu\u00e9 significa el t\u00edtulo de nuestra reflexi\u00f3n? \u00a1El Servicio de los pobres con \u00abEsp\u00edritu\u00bb y en comunidad! El t\u00edtulo dado a esta charla \u00a1est\u00e1 inspirado por el Papa Francisco. En efecto, en su exhortaci\u00f3n \u201cLa Alegr\u00eda del Evangelio\u201d(Evangelii Gaudium), el cap\u00edtulo cinco conlleva un t\u00edtulo asombroso \u00ab\u00a0Evangelizadores con Esp\u00edritu\u00bb.\u2026","rel":"","context":"En \u00abEspiritualidad vicenciana\u00bb","block_context":{"text":"Espiritualidad vicenciana","link":"http:\/\/vincentians.com\/es\/category\/espiritualidad\/espiritualidad-vicenciana\/"},"img":{"alt_text":"svp-laicos-1","src":"https:\/\/i0.wp.com\/vicencianos.org\/wp-content\/2011\/11\/svp-laicos-1-300x228.jpg?resize=350%2C200","width":350,"height":200},"classes":[]},{"id":125375,"url":"http:\/\/vincentians.com\/es\/lumen-fidei-capitulo-1\/","url_meta":{"origin":11400,"position":2},"title":"Lumen Fidei (Cap\u00edtulo 1)","author":"Francisco Javier Fern\u00e1ndez Chento","date":"16\/11\/2013","format":false,"excerpt":"\u00a0 Cap\u00edtulo primero: Hemos cre\u00eddo en el amor (cf. 1 Jn 4,16) Abrah\u00e1n, nuestro padre en la fe 8. La fe nos abre el camino y acompa\u00f1a nuestros pasos a lo largo de la historia. Por eso, si queremos entender lo que es la fe, tenemos que narrar su recorrido,\u2026","rel":"","context":"En \u00abDocumentos Pontificios\u00bb","block_context":{"text":"Documentos Pontificios","link":"http:\/\/vincentians.com\/es\/category\/formacion-cristiana\/documentos-pontificios\/"},"img":{"alt_text":"Lumen-fidei","src":"https:\/\/i0.wp.com\/vicencianos.org\/wp-content\/2013\/11\/Lumen-fidei-300x300.jpg?resize=350%2C200","width":350,"height":200},"classes":[]},{"id":125376,"url":"http:\/\/vincentians.com\/es\/lumen-fidei-capitulo-2\/","url_meta":{"origin":11400,"position":3},"title":"Lumen Fidei (Cap\u00edtulo 2)","author":"Francisco Javier Fern\u00e1ndez Chento","date":"17\/11\/2013","format":false,"excerpt":"\u00a0 Cap\u00edtulo segundo: Si no cre\u00e9is, no comprender\u00e9is (cf. Is 7,9) Fe y verdad 23. Si no cre\u00e9is, no comprender\u00e9is (cf. Is 7,9). La versi\u00f3n griega de la Biblia hebrea, la traducci\u00f3n de los Setenta realizada en Alejandr\u00eda de Egipto, traduce as\u00ed las palabras del profeta Isa\u00edas al rey Acaz.\u2026","rel":"","context":"En \u00abDocumentos Pontificios\u00bb","block_context":{"text":"Documentos Pontificios","link":"http:\/\/vincentians.com\/es\/category\/formacion-cristiana\/documentos-pontificios\/"},"img":{"alt_text":"Lumen-fidei","src":"https:\/\/i0.wp.com\/vicencianos.org\/wp-content\/2013\/11\/Lumen-fidei-300x300.jpg?resize=350%2C200","width":350,"height":200},"classes":[]},{"id":119879,"url":"http:\/\/vincentians.com\/es\/identificacion-de-jesucristo-con-el-pobre-parte-i-capitulo-4\/","url_meta":{"origin":11400,"position":4},"title":"Identificaci\u00f3n de Jesucristo con el pobre. Parte I, Cap\u00edtulo 4","author":"Francisco Javier Fern\u00e1ndez Chento","date":"13\/02\/2015","format":false,"excerpt":"IV: Los fundamentos de la identificaci\u00f3n en Mt 25, 31-46 y sentido de la misma Examinado el pasaje evang\u00e9lico, estudiemos ahora m\u00e1s detenidamente la doctrina que se desprende de \u00e9l.Pueden proponerse varias cuestiones acerca del grado de realidad que puede revestir la identidad afirmada por el Rey: \u00bfTiene un sentido\u2026","rel":"","context":"En \u00abFormaci\u00f3n Vicenciana\u00bb","block_context":{"text":"Formaci\u00f3n Vicenciana","link":"http:\/\/vincentians.com\/es\/category\/formacion-vicenciana\/"},"img":{"alt_text":"","src":"","width":0,"height":0},"classes":[]},{"id":386892,"url":"http:\/\/vincentians.com\/es\/volver-a-jesus-para-evangelizar\/","url_meta":{"origin":11400,"position":5},"title":"Volver a Jes\u00fas para evangelizar","author":"Francisco Javier Fern\u00e1ndez Chento","date":"25\/01\/2016","format":false,"excerpt":"Me alegra inmensamente que la pr\u00f3xima Asamblea de la Congregaci\u00f3n de la Misi\u00f3n tenga como tema de reflexi\u00f3n y motivaci\u00f3n un asunto que tiene que ver con su identidad apost\u00f3lica: la Nueva Evangelizaci\u00f3n. Conviene, sin embargo, recordar que la evangelizaci\u00f3n tiene un gran supuesto: la contemplaci\u00f3n de Cristo enviado por\u2026","rel":"","context":"En \u00abFormaci\u00f3n Vicenciana\u00bb","block_context":{"text":"Formaci\u00f3n Vicenciana","link":"http:\/\/vincentians.com\/es\/category\/formacion-vicenciana\/"},"img":{"alt_text":"hora de evangelizar","src":"https:\/\/i0.wp.com\/vicencianos.org\/wp-content\/uploads\/2016\/01\/hora-de-evangelizar-300x283.jpg?resize=350%2C200","width":350,"height":200},"classes":[]}],"_links":{"self":[{"href":"http:\/\/vincentians.com\/es\/wp-json\/wp\/v2\/posts\/11400","targetHints":{"allow":["GET"]}}],"collection":[{"href":"http:\/\/vincentians.com\/es\/wp-json\/wp\/v2\/posts"}],"about":[{"href":"http:\/\/vincentians.com\/es\/wp-json\/wp\/v2\/types\/post"}],"author":[{"embeddable":true,"href":"http:\/\/vincentians.com\/es\/wp-json\/wp\/v2\/users\/4"}],"replies":[{"embeddable":true,"href":"http:\/\/vincentians.com\/es\/wp-json\/wp\/v2\/comments?post=11400"}],"version-history":[{"count":0,"href":"http:\/\/vincentians.com\/es\/wp-json\/wp\/v2\/posts\/11400\/revisions"}],"wp:featuredmedia":[{"embeddable":true,"href":"http:\/\/vincentians.com\/es\/wp-json\/"}],"wp:attachment":[{"href":"http:\/\/vincentians.com\/es\/wp-json\/wp\/v2\/media?parent=11400"}],"wp:term":[{"taxonomy":"category","embeddable":true,"href":"http:\/\/vincentians.com\/es\/wp-json\/wp\/v2\/categories?post=11400"},{"taxonomy":"post_tag","embeddable":true,"href":"http:\/\/vincentians.com\/es\/wp-json\/wp\/v2\/tags?post=11400"}],"curies":[{"name":"wp","href":"https:\/\/api.w.org\/{rel}","templated":true}]}}