{"id":11381,"date":"2010-02-28T00:01:02","date_gmt":"2010-02-27T23:01:02","guid":{"rendered":"http:\/\/www.vicencianos.org\/web\/2010\/02\/28\/vicente-de-paul-documento-082-estudio-sobre-la-gracia\/"},"modified":"2016-07-26T19:51:08","modified_gmt":"2016-07-26T17:51:08","slug":"vicente-de-paul-documento-082-estudio-sobre-la-gracia","status":"publish","type":"post","link":"http:\/\/vincentians.com\/es\/vicente-de-paul-documento-082-estudio-sobre-la-gracia\/","title":{"rendered":"Vicente de Pa\u00fal, Documento 082: Estudio Sobre La Gracia"},"content":{"rendered":"<p>De la gracia<\/p>\n<p>1\u00ba\u00a0 Conviene estar bien instruidos sobre las diferencias que existen hoy en la iglesia sobre el tema de la gracia.<\/p>\n<p>2\u00ba\u00a0 Estas diferencias consisten en que la antigua opini\u00f3n de la iglesia es que Dios les da a todos los hombres, tanto fieles como infieles, las gracias suficientes para salvarse, y que se pueden aceptar o rechazar esas gracias. Y los que tienen nuevas opiniones sostienen que no hay gracias suficientes que se den a todos los hombres; que no hay m\u00e1s que gracias eficaces, que se dan a pocas personas, y que aquellos a los que se les dan no pueden resistir a ellas.<\/p>\n<p>3\u00ba\u00a0 Las razones por las que queremos, como ha cre\u00eddo la iglesia hasta el presente, que hay gracias suficientes dadas a todos y que es posible resistir a ellas.<\/p>\n<p>4\u00ba\u00a0 Las razones de los adversarios.<\/p>\n<p>5\u00ba\u00a0 Los medios para confirmarse y perseverar en la creencia antigua de la iglesia.<\/p>\n<p>I. \u00bfCu\u00e1les son los motivos que tenemos para estar bien instruidos en el tema propuesto?<\/p>\n<p>1\u00ba Que se corre el peligro de verse enga\u00f1ado en el caso de nuevas opiniones y de seguir el error en lugar de la verdad; en este sentido dice el Esp\u00edritu santo que el ignorante ser\u00e1 ignorado y que morir\u00e1 en su ignorancia. Ese es el motivo de que muchos, por no haberse ilustrado anteriormente en las opiniones de Lutero y de Calvino, hayan ca\u00eddo en el error.<\/p>\n<p>2\u00ba\u00a0 Que va en ello nuestra salvaci\u00f3n, que consiste en creer todo lo que la iglesia ense\u00f1a y que, en cierto modo, los que no quieren recibir instrucci\u00f3n en las cosas de su salvaci\u00f3n se dirigen a su condenaci\u00f3n.<\/p>\n<p>3\u00ba\u00a0 Que es prudente tener ideas claras, en la religi\u00f3n, en caso de divisi\u00f3n y es una temeridad y un grave peligro obrar de otra manera.<\/p>\n<p>\u00bfEn qu\u00e9 consisten esas diferencias?<\/p>\n<p>Ya lo hemos dicho: consiste en saber si Dios les da a los hombres, a todos los hombres, tanto fieles como infieles, esas ayudas que llamamos gracias para que se salven, y que los hombres pueden abusar de esas gracias y rechazarlas. Y que los de las nuevas opiniones defienden lo contrario: que no hay gracias suficientes dadas a todos, sino s\u00f3lo gracias eficaces, que solamente se dan a algunos, y que los que reciben esas gracias no pueden abusar de ellas rechaz\u00e1ndolas.<\/p>\n<p>Y para entender mejor esta cuesti\u00f3n conviene recordar que hace unos mil doscientos a\u00f1os sostuvo Pelagio que el hombre pod\u00eda realizar las obras necesarias para la salvaci\u00f3n por sus pobres medios humanos, sin m\u00e1s ayuda de Dios que la de las predicaciones, la lectura de buenos libros, y otros medios exteriores semejantes, que nos llevan hacia Dios.<\/p>\n<p>Que san Agust\u00edn, contempor\u00e1neo suyo, se opuso a estas opiniones de Pelagio y sostuvo que el hombre, por sus propias fuerzas, ayudado por los medios exteriores de la predicaci\u00f3n, etc., no pod\u00eda realizar las cosas necesarias para la salvaci\u00f3n, y que se necesitaba una gracia actual y sobrenatural de Dios por medio de Jesucristo. que nos hiciera abrazar los bienes necesarios para la salvaci\u00f3n y huir del mal. En esto fue seguido san Agust\u00edn por los soberanos pont\u00edfices y por la iglesia, con excepci\u00f3n de algunas personas que siguieron la opini\u00f3n de Pelagio.<\/p>\n<p>De esta disputa que surgi\u00f3 entre san Agust\u00edn y Pelagio han ido surgiendo de vez en cuando algunas otras dependientes de aquella, sucediendo lo mismo que en algunas enfermedades malignas, que nunca se curan, sino que de vez en cuando hacen brotar otras nuevas, lo mismo que aquella que produce cierto mal que no me atrevo a nombrar, junto con fiebres cuartanas en algunos.<\/p>\n<p>La de los semipelagianos surgi\u00f3 inmediatamente despu\u00e9s de la muerte de san Agust\u00edn. Estos propusieron una opini\u00f3n media, que estaba de acuerdo con la de san Agust\u00edn en sostener que los hombres no pod\u00edan nada sin la gracia de Dios, y con Pelagio en que dec\u00edan que los hombres ten\u00edan dentro de si un principio de obras buenas, que daba lugar a que Dios les diera esas gracias; por eso se llamaron semipelagianos y fueron condenados por la iglesia.<\/p>\n<p>Cuatrocientos a\u00f1os m\u00e1s tarde, ese error produjo otro, que era que Nuestro Se\u00f1or no hab\u00eda muerto por todos; de forma que el obispo de Troyes, al no poder asistir a la elecci\u00f3n de un obispo en Par\u00eds, envi\u00f3 a un procurador para votar a uno, expresamente con la condici\u00f3n de que creyese que Nuestro Se\u00f1or no hab\u00eda muerto por todos. Y aquella opini\u00f3n, de que Nuestro Se\u00f1or no hab\u00eda muerto por todos era para excluir la gracia suficiente dada a todos los hombres.<\/p>\n<p>El a\u00f1o 1560 Bayo, doctor y decano de Lovaina, defendi\u00f3 un c\u00famulo de opiniones, entre las que hab\u00eda algunas contra la libertad de indiferencia, diciendo que lo voluntario, aunque necesario, estaba de acuerdo con la libertad que se ha entendido siempre como libertad de indiferencia; hac\u00eda esto para mostrar que es imposible resistir a la gracia. Y esas opiniones fueron condenadas por P\u00edo V; rechazadas una vez m\u00e1s bajo el pontificado de Gregorio XIII, este papa conden\u00f3 expl\u00edcitamente esas opiniones.<\/p>\n<p>Pero volvieron a empezar el a\u00f1o 1640 por obra del obispo de Ypres, Jansenio, y han sido defendidas tambi\u00e9n por el abad de Saint-Cyran y otras muchas personas que las han abrazado. Pero lo mismo que lo que queda de una enfermedad, como hemos dicho, es otra enfermedad distinta, tambi\u00e9n los errores de Jansenio son diferentes de aquellos que hubo en tiempos de san Agust\u00edn.<\/p>\n<p>Las opiniones de Pelagio iban en contra de la necesidad de la gracia interior para la salvaci\u00f3n; y las de estos tiempos son que Dios no les da a todos la gracia de salvarse, y que las gracias que da a algunos obran necesariamente, de forma que es imposible resistir a ellas.<\/p>\n<p>Seg\u00fan esto, hemos de demostrar que Dios da gracias suficientes a todos los hombres y que Nuestro Se\u00f1or, al darnos esas gracias, no coacciona a nuestro libre albedr\u00edo, sino que le deja la libertad de emplear bien esas gracias o de abusar de ellas.<\/p>\n<p>La prueba de lo que afirmo se saca de la sagrada Escritura, de los concilios, de los santos padres y de la raz\u00f3n.<\/p>\n<p>He aqu\u00ed las que hacen ver que la bondad de Dios es tan grande que les da medios a todos los hombres de salvarse. San Pablo dice de Dios que quiere que todos los hombres sean salvos. De aqu\u00ed se hace este argumento: si quiere que todos los hombres se salven, es necesario que les d\u00e9 a todos los hombres los medios para poder salvarse, sabiendo muy bien que no pueden conseguirlo por sus propias fuerzas, ya que ha hecho decir a san Pablo: No podemos decir Abba, Padre, m\u00e1s que en el Esp\u00edritu santo. La misma Escritura dice tambi\u00e9n de Dios que no quiere que nadie perezca Siendo esto as\u00ed, es necesario que les d\u00e9 a todos la ayuda para impedirlo.<\/p>\n<p>En tercer lugar vemos que ha dado un medio universal para salvar a todo el mundo, que es el de la muerte y pasi\u00f3n de nuestro Se\u00f1or: Uno ha muerto por todos. Y san Juan dice en otro lugar: Muri\u00f3 como propiciaci\u00f3n por nuestros pecados, no s\u00f3lo por los nuestros, sino por los de todo el mundo.<\/p>\n<p>Y la iglesia, para demostrar que lo entiende de esta manera, pone en labios del sacerdote estas palabras en la oblaci\u00f3n del c\u00e1liz: Te ofrecemos, Se\u00f1or, el c\u00e1liz de salvaci\u00f3n, suplicando a tu clemencia que suba hasta la presencia de tu divina majestad por nuestra salvaci\u00f3n y la de todo el mundo.<\/p>\n<p>Y el concilio de Orange dice que todos los bautizados pueden y deben realizar las cosas necesarias para la salvaci\u00f3n con la gracia preveniente de Cristo.<\/p>\n<p>Y san Agust\u00edn, en relaci\u00f3n con aquellas palabras: Ilumina a todo hombre que viene a este mundo, se pregunta c\u00f3mo es que no todos son iluminados, y responde: No es que les falte la luz, sino que ellos faltan a la luz.<\/p>\n<p>Y este mismo santo, al preguntarse c\u00f3mo es que, aunque Dios les da siempre su gracia y su buena voluntad a todos los hombres, no todos se salvan, responde: porque no quieren; eso es lo que dice, y advertid c\u00f3mo da a todos esa gracia.<\/p>\n<p>Y su disc\u00edpulo san Pr\u00f3spero dice, hablando de la gracia que esta ayuda se les concede a todos. Y Pablo Osorio dice que cree firmemente que se les da a todos los hombres la gracia para que se salven: No s\u00f3lo a los fieles, sino a todas las gentes; y no s\u00f3lo algunos d\u00edas, sino todos los d\u00edas, en cada tiempo, en cada hora, en cada momento, en cada instante. Y luego concluye diciendo que a ning\u00fan hombre le falta esa ayuda.<\/p>\n<p>Y ciertamente no puedo explicarme c\u00f3mo Dios, que es una bondad infinita, que tiene siempre los brazos abiertos para abrazar a los pecadores seg\u00fan se dice: Todos los d\u00edas abro mis manos a un pueblo que no cree y que me contradice, ser\u00eda capaz de negar sus gracias a todos los que se las piden y se dejar\u00eda aventajar por la bondad de David, que se preocupaba por encontrar a alguno de su casa, que fuera su enemigo, para concederle su misericordia.<\/p>\n<p>A\u00f1adid a ello que, si Dios niega a algunos sus gracias, no habr\u00eda motivos para exigirles la observancia de los mandamientos de Dios, que \u00e9l sabe que no pueden cumplir sin su ayuda; y eso ser\u00eda una acusaci\u00f3n contra la justicia de Dios, si los condenase por eso; pero no puede pensarse en esa posibilidad, porque de ello se seguir\u00eda que no habr\u00eda infierno para los hombres.<\/p>\n<p>Seg\u00fan esto, se deduce que Dios es tan bueno que, lo mismo que no depende del sol el que todo el mundo vea, sino de la falta de vista, o de que uno cierra las ventanas a los ojos, tambi\u00e9n Dios env\u00eda sus gracias a todo el mundo, sin que dependa de \u00e9l que todo el mundo se salve.<\/p>\n<p>El bienaventurado obispo de Ginebra demuestra esto con la comparaci\u00f3n de unos peregrinos que, habi\u00e9ndose dormido todos, a la hora de despertar, unos se levantan, caminan y llegan felizmente al sitio adonde se dirig\u00edan, mientras que otros se despiertan tarde, se extrav\u00edan durante la noche y son asaltados y saqueados por los ladrones; pues bien, el sol sali\u00f3 a la misma hora para todos, y no depende de \u00e9l el que no todos se levanten y lleguen felizmente al lugar adonde iban.<\/p>\n<p>Estas son las objeciones en contra:<\/p>\n<p>Se afirma que san Agust\u00edn dijo: Dios no quiere que todos se salven. Esto es verdad en relaci\u00f3n con los que no han querido observar los mandamientos, pero no en relaci\u00f3n con quienes los observamos. Dios desea que todo el mundo se salve y les da a todos los medios para ello pero, si no los observan, la culpa no es de Dios, sino de ellos.<\/p>\n<p>Se objeta tambi\u00e9n que:<\/p>\n<p>Hemos dicho que la segunda dificultad consiste en la opini\u00f3n que tienen los seguidores de las nuevas opiniones, de que la gracia de Dios act\u00faa de tal forma que no puede resistirlo nuestro libre albedr\u00edo.<\/p>\n<p>Estas son las razones en contra de esta afirmaci\u00f3n:<\/p>\n<p>El concilio de Trento dice lo contrario en la sesi\u00f3n 6 Sobre la justificaci\u00f3n, fulminando el anatema contra los que creen que nuestra voluntad no puede resistir al movimiento de la gracia, bas\u00e1ndose en la Escritura, que dice: \u00bfHasta cu\u00e1ndo vais a resistir al Esp\u00edritu Santo? Os llam\u00e9 y no me escuchasteis. \u00a1Jerusal\u00e9n, Jerusal\u00e9n! \u00a1Cu\u00e1ntas veces quise reunir a tus hijos, lo mismo que re\u00fane la gallina a sus polluelos, y no quisiste!, y en san Agust\u00edn que afirma (como se dijo anteriormente) que los hombres no observan los mandamientos de Dios, porque no quieren. Y dice tambi\u00e9n de Esa\u00fa: Esa\u00fa no quiso correr, y no corri\u00f3; si hubiera querido, habr\u00eda corrido y habr\u00eda llegado al para\u00edso si, despu\u00e9s de despreciar su vocaci\u00f3n, no hubiera sido reprobado. Y el mismo san Agust\u00edn en otra ocasi\u00f3n, hablando del fara\u00f3n y de Nabucodonosor, dice: \u00abLos dos eran reyes, los dos persiguieron a Dios y Dios los castig\u00f3 a los dos con infinita clemencia; uno de ellos se arrepinti\u00f3, otro luch\u00f3 con su libre albedr\u00edo contra la verdad de Dios misericordios\u00edsimo\u00bb.<\/p>\n<p>El bienaventurado obispo de Ginebra para expresar c\u00f3mo puede ser esto, se sirve de la comparaci\u00f3n de las aves que no tienen patas: al no poder levantarse para volar m\u00e1s que con la ayuda del viento y extendiendo sus alas, pueden tambi\u00e9n quedarse en el lugar en que est\u00e1n si no extienden las alas; puede soplar perfectamente el viento, pero no se las llevar\u00e1 si ellas no quieren y no extienden las alas. Tambi\u00e9n se ve esto en la comparaci\u00f3n de los peregrinos que citamos anteriormente, en la de nuestros ojos que pueden rechazar los rayos del sol, y de los nav\u00edos que est\u00e1n en el mar y que pueden rechazar el impulso del viento recogiendo sus velas.<\/p>\n<p>Estas son las razones por las que Dios les ha dejado a los hombres la libertad de rechazar su gracia.<\/p>\n<p>Si as\u00ed no fuera, el hombre lo har\u00eda todo por necesidad y por consiguiente no podr\u00eda tener m\u00e9rito alguno. \u00bfQu\u00e9 m\u00e9rito tiene un forzado en saludar al general de las galeras? Un hidalgo libre de la provincia le honrar\u00e1 mucho m\u00e1s al saludarle que diez mil forzados.<\/p>\n<p>Seg\u00fan todo esto, se seguir\u00eda que el hombre no tendr\u00eda ning\u00fan m\u00e9rito en el bien que hace, ni en el mal que evita, y por consiguiente que no habr\u00eda recompensa, ni por tanto cielo, y que, al no haber tampoco infierno como se ha dicho, trabajar\u00edamos in\u00fatilmente, har\u00edamos el bien y huir\u00edamos del mal sin esperanza alguna de recompensa y sin temor alguno de ser castigados.<\/p>\n<p>En una palabra, de all\u00ed se seguir\u00eda, como dice santo Tom\u00e1s en el libro De lege evangelica, que nuestra religi\u00f3n es vana y una pura locura, de ah\u00ed viene quiz\u00e1s que uno de los autores de estas bonitas opiniones, desde que entr\u00f3 en ellas, abandon\u00f3 el ayuno y la abstinencia y dej\u00f3 de celebrar la santa misa, que antes celebraba todos los d\u00edas, y que su segundo de a bordo no ha hecho nunca un acto exterior de virtud a los ojos de quienes lo han tratado.<\/p>\n<p>Estas son sus objeciones:<\/p>\n<p>Seg\u00fan san Agust\u00edn, Dios conduce al alma inflexiblemente, de una forma insuperable e indeclinable; por tanto, nuestro libre albedr\u00edo no Puede defenderse contra esta moci\u00f3n de Dios.<\/p>\n<p>Respondo que, por parte de la gracia, la gracia s\u00ed que obra de esa manera, pero que por parte de la voluntad ocurre lo mismo que cuando el sol conduce a la facultad de ver de forma insuperable, etc., pero que no puede obrar de esa manera cuando el hombre cierra sus p\u00e1rpados e impide el efecto del esplendor del sol.<\/p>\n<p>San Agust\u00edn dice que Dios no les da a los hombres actualmente la gracia de querer y de no querer, como hizo con Ad\u00e1n, por culpa de su pecado y de la decadencia de la virtud del libre albedr\u00edo.<\/p>\n<p>Pero respondo que, aunque no tengamos esta gracia inherente en nosotros, por la raz\u00f3n indicada, Dios nos la da cuando la necesitamos. Pues, \u00bfc\u00f3mo dir\u00eda, si no, el concilio de Trento que el hombre contribuye al movimiento de la gracia y la rechaza si quiere, fulminando el anatema contra quienes dicen lo contrario?<\/p>\n<p>San Agust\u00edn pone la libertad en el deleite de hacer el bien y huir del mal, pero no en la indiferencia.<\/p>\n<p>Respondo que las autoridades mencionadas de Esa\u00fa y de los dos reyes que \u00e9l alega demuestran que ellos pueden hacer el bien y huir del mal.<\/p>\n<p>Dicen que el voluntario necesario es esa libertad que siempre se entiende de indiferencia.<\/p>\n<p>Respondo que esa opini\u00f3n est\u00e1 condenada, lo mismo que la que dice que esa clase de libertad no se encuentra en la Escritura.Pudo pecar y no pec\u00f3, hacer el mal y no lo hizo. He puesto ante ti el fuego y el agua extiende la mano hacia lo que quieras.<\/p>\n<p>San Agust\u00edn est\u00e1 formalmente en contra de las opiniones antiguas de la iglesia en torno a la gracia.<\/p>\n<p>Eso es lo que les parece a los de este partido; los pasajes anteriormente citados demuestran lo contrario.<\/p>\n<p>\u00bfQui\u00e9n es el que te distingue?. Esta es otra objeci\u00f3n.<\/p>\n<p>Respondo que no soy yo, sino la gracia de Dios conmigo.<\/p>\n<p>La justificaci\u00f3n es obra de Dios, y no de los hombres. No es del que quiere, ni, etc..<\/p>\n<p>Respondo que esto es verdad de nuestras propias fuerzas, pero no con la gracia de Dios, con la cual cooperamos nosotros en nuestra justificaci\u00f3n.<\/p>\n<p>La opini\u00f3n moderna es m\u00e1s humilde, mientras que la antigua es orgullosa.<\/p>\n<p>Respondo lo que dice san Pablo: El que se glor\u00eda, que se glor\u00ede en el Se\u00f1or; no podemos nada sin la gracia y por eso toda la gloria se le debe a \u00e9l, lo mismo que un maestro que toma y dirige la mano del ni\u00f1o para hacerle escrihir.<\/p>\n","protected":false},"excerpt":{"rendered":"<p>De la gracia 1\u00ba\u00a0 Conviene estar bien instruidos sobre las diferencias que existen hoy en la iglesia sobre el tema de la gracia. 2\u00ba\u00a0 Estas diferencias consisten en que la antigua opini\u00f3n de la iglesia &#8230; <a href=\"http:\/\/vincentians.com\/es\/vicente-de-paul-documento-082-estudio-sobre-la-gracia\/\" class=\"more-link\">Read More<\/a><\/p>\n","protected":false},"author":4,"featured_media":393753,"comment_status":"open","ping_status":"open","sticky":false,"template":"","format":"standard","meta":{"jetpack_post_was_ever_published":false,"_jetpack_newsletter_access":"","_jetpack_dont_email_post_to_subs":false,"_jetpack_newsletter_tier_id":0,"_jetpack_memberships_contains_paywalled_content":false,"_jetpack_memberships_contains_paid_content":false,"footnotes":"","jetpack_publicize_message":"","jetpack_publicize_feature_enabled":true,"jetpack_social_post_already_shared":true,"jetpack_social_options":{"image_generator_settings":{"template":"highway","default_image_id":0,"font":"","enabled":false},"version":2}},"categories":[65],"tags":[],"class_list":["post-11381","post","type-post","status-publish","format-standard","has-post-thumbnail","hentry","category-escritos-de-vicente-de-paul"],"yoast_head":"<!-- This site is optimized with the Yoast SEO plugin v26.3 - https:\/\/yoast.com\/wordpress\/plugins\/seo\/ -->\n<title>Vicente de Pa\u00fal, Documento 082: Estudio Sobre La Gracia - Somos Vicencianos<\/title>\n<meta name=\"robots\" content=\"index, follow, max-snippet:-1, max-image-preview:large, max-video-preview:-1\" \/>\n<link rel=\"canonical\" href=\"http:\/\/vincentians.com\/es\/vicente-de-paul-documento-082-estudio-sobre-la-gracia\/\" \/>\n<meta property=\"og:locale\" content=\"es_ES\" \/>\n<meta property=\"og:type\" content=\"article\" \/>\n<meta property=\"og:title\" content=\"Vicente de Pa\u00fal, Documento 082: Estudio Sobre La Gracia - Somos Vicencianos\" \/>\n<meta property=\"og:description\" content=\"De la gracia 1\u00ba\u00a0 Conviene estar bien instruidos sobre las diferencias que existen hoy en la iglesia sobre el tema de la gracia. 2\u00ba\u00a0 Estas diferencias consisten en que la antigua opini\u00f3n de la iglesia ... Read More\" \/>\n<meta property=\"og:url\" content=\"http:\/\/vincentians.com\/es\/vicente-de-paul-documento-082-estudio-sobre-la-gracia\/\" \/>\n<meta property=\"og:site_name\" content=\"Somos Vicencianos\" \/>\n<meta property=\"article:publisher\" content=\"https:\/\/www.facebook.com\/WeAreVincentians\/\" \/>\n<meta property=\"article:author\" content=\"https:\/\/www.facebook.com\/JavierChento\" \/>\n<meta property=\"article:published_time\" content=\"2010-02-27T23:01:02+00:00\" \/>\n<meta property=\"article:modified_time\" content=\"2016-07-26T17:51:08+00:00\" \/>\n<meta property=\"og:image\" content=\"https:\/\/i0.wp.com\/vincentians.com\/es\/wp-content\/uploads\/sites\/11\/2016\/07\/escritos-vicente-de-paul.jpg?fit=1200%2C630\" \/>\n\t<meta property=\"og:image:width\" content=\"1200\" \/>\n\t<meta property=\"og:image:height\" content=\"630\" \/>\n\t<meta property=\"og:image:type\" content=\"image\/jpeg\" \/>\n<meta name=\"author\" content=\"Francisco Javier Fern\u00e1ndez Chento\" \/>\n<meta name=\"twitter:card\" content=\"summary_large_image\" \/>\n<meta name=\"twitter:creator\" content=\"@https:\/\/twitter.com\/javierchento\" \/>\n<meta name=\"twitter:site\" content=\"@WeVincentians\" \/>\n<meta name=\"twitter:label1\" content=\"Escrito por\" \/>\n\t<meta name=\"twitter:data1\" content=\"Francisco Javier Fern\u00e1ndez Chento\" \/>\n\t<meta name=\"twitter:label2\" content=\"Tiempo de lectura\" \/>\n\t<meta name=\"twitter:data2\" content=\"15 minutos\" \/>\n<script type=\"application\/ld+json\" class=\"yoast-schema-graph\">{\"@context\":\"https:\/\/schema.org\",\"@graph\":[{\"@type\":\"Article\",\"@id\":\"http:\/\/vincentians.com\/es\/vicente-de-paul-documento-082-estudio-sobre-la-gracia\/#article\",\"isPartOf\":{\"@id\":\"http:\/\/vincentians.com\/es\/vicente-de-paul-documento-082-estudio-sobre-la-gracia\/\"},\"author\":{\"name\":\"Francisco Javier Fern\u00e1ndez Chento\",\"@id\":\"http:\/\/vincentians.com\/es\/#\/schema\/person\/9623ef4d9aa3b2dfb8c061f1499288f2\"},\"headline\":\"Vicente de Pa\u00fal, Documento 082: Estudio Sobre La Gracia\",\"datePublished\":\"2010-02-27T23:01:02+00:00\",\"dateModified\":\"2016-07-26T17:51:08+00:00\",\"mainEntityOfPage\":{\"@id\":\"http:\/\/vincentians.com\/es\/vicente-de-paul-documento-082-estudio-sobre-la-gracia\/\"},\"wordCount\":3032,\"commentCount\":0,\"publisher\":{\"@id\":\"http:\/\/vincentians.com\/es\/#organization\"},\"image\":{\"@id\":\"http:\/\/vincentians.com\/es\/vicente-de-paul-documento-082-estudio-sobre-la-gracia\/#primaryimage\"},\"thumbnailUrl\":\"https:\/\/i0.wp.com\/vincentians.com\/es\/wp-content\/uploads\/sites\/11\/2016\/07\/escritos-vicente-de-paul.jpg?fit=1200%2C630\",\"articleSection\":[\"Escritos de Vicente de Pa\u00fal\"],\"inLanguage\":\"es\",\"potentialAction\":[{\"@type\":\"CommentAction\",\"name\":\"Comment\",\"target\":[\"http:\/\/vincentians.com\/es\/vicente-de-paul-documento-082-estudio-sobre-la-gracia\/#respond\"]}]},{\"@type\":\"WebPage\",\"@id\":\"http:\/\/vincentians.com\/es\/vicente-de-paul-documento-082-estudio-sobre-la-gracia\/\",\"url\":\"http:\/\/vincentians.com\/es\/vicente-de-paul-documento-082-estudio-sobre-la-gracia\/\",\"name\":\"Vicente de Pa\u00fal, Documento 082: Estudio Sobre La Gracia - Somos Vicencianos\",\"isPartOf\":{\"@id\":\"http:\/\/vincentians.com\/es\/#website\"},\"primaryImageOfPage\":{\"@id\":\"http:\/\/vincentians.com\/es\/vicente-de-paul-documento-082-estudio-sobre-la-gracia\/#primaryimage\"},\"image\":{\"@id\":\"http:\/\/vincentians.com\/es\/vicente-de-paul-documento-082-estudio-sobre-la-gracia\/#primaryimage\"},\"thumbnailUrl\":\"https:\/\/i0.wp.com\/vincentians.com\/es\/wp-content\/uploads\/sites\/11\/2016\/07\/escritos-vicente-de-paul.jpg?fit=1200%2C630\",\"datePublished\":\"2010-02-27T23:01:02+00:00\",\"dateModified\":\"2016-07-26T17:51:08+00:00\",\"breadcrumb\":{\"@id\":\"http:\/\/vincentians.com\/es\/vicente-de-paul-documento-082-estudio-sobre-la-gracia\/#breadcrumb\"},\"inLanguage\":\"es\",\"potentialAction\":[{\"@type\":\"ReadAction\",\"target\":[\"http:\/\/vincentians.com\/es\/vicente-de-paul-documento-082-estudio-sobre-la-gracia\/\"]}]},{\"@type\":\"ImageObject\",\"inLanguage\":\"es\",\"@id\":\"http:\/\/vincentians.com\/es\/vicente-de-paul-documento-082-estudio-sobre-la-gracia\/#primaryimage\",\"url\":\"https:\/\/i0.wp.com\/vincentians.com\/es\/wp-content\/uploads\/sites\/11\/2016\/07\/escritos-vicente-de-paul.jpg?fit=1200%2C630\",\"contentUrl\":\"https:\/\/i0.wp.com\/vincentians.com\/es\/wp-content\/uploads\/sites\/11\/2016\/07\/escritos-vicente-de-paul.jpg?fit=1200%2C630\",\"width\":1200,\"height\":630},{\"@type\":\"BreadcrumbList\",\"@id\":\"http:\/\/vincentians.com\/es\/vicente-de-paul-documento-082-estudio-sobre-la-gracia\/#breadcrumb\",\"itemListElement\":[{\"@type\":\"ListItem\",\"position\":1,\"name\":\"Portada\",\"item\":\"http:\/\/vincentians.com\/es\/\"},{\"@type\":\"ListItem\",\"position\":2,\"name\":\"Vicente de Pa\u00fal, Documento 082: Estudio Sobre La Gracia\"}]},{\"@type\":\"WebSite\",\"@id\":\"http:\/\/vincentians.com\/es\/#website\",\"url\":\"http:\/\/vincentians.com\/es\/\",\"name\":\"Somos Vicencianos\",\"description\":\"Know more to serve more\",\"publisher\":{\"@id\":\"http:\/\/vincentians.com\/es\/#organization\"},\"potentialAction\":[{\"@type\":\"SearchAction\",\"target\":{\"@type\":\"EntryPoint\",\"urlTemplate\":\"http:\/\/vincentians.com\/es\/?s={search_term_string}\"},\"query-input\":{\"@type\":\"PropertyValueSpecification\",\"valueRequired\":true,\"valueName\":\"search_term_string\"}}],\"inLanguage\":\"es\"},{\"@type\":\"Organization\",\"@id\":\"http:\/\/vincentians.com\/es\/#organization\",\"name\":\"The Vincentian Network\",\"url\":\"http:\/\/vincentians.com\/es\/\",\"logo\":{\"@type\":\"ImageObject\",\"inLanguage\":\"es\",\"@id\":\"http:\/\/vincentians.com\/es\/#\/schema\/logo\/image\/\",\"url\":\"https:\/\/i1.wp.com\/vincentians.com\/es\/wp-content\/uploads\/sites\/11\/2016\/06\/Vincentian-Network-logo-big.png?fit=778%2C778\",\"contentUrl\":\"https:\/\/i1.wp.com\/vincentians.com\/es\/wp-content\/uploads\/sites\/11\/2016\/06\/Vincentian-Network-logo-big.png?fit=778%2C778\",\"width\":778,\"height\":778,\"caption\":\"The Vincentian Network\"},\"image\":{\"@id\":\"http:\/\/vincentians.com\/es\/#\/schema\/logo\/image\/\"},\"sameAs\":[\"https:\/\/www.facebook.com\/WeAreVincentians\/\",\"https:\/\/x.com\/WeVincentians\"]},{\"@type\":\"Person\",\"@id\":\"http:\/\/vincentians.com\/es\/#\/schema\/person\/9623ef4d9aa3b2dfb8c061f1499288f2\",\"name\":\"Francisco Javier Fern\u00e1ndez Chento\",\"image\":{\"@type\":\"ImageObject\",\"inLanguage\":\"es\",\"@id\":\"http:\/\/vincentians.com\/es\/#\/schema\/person\/image\/\",\"url\":\"https:\/\/secure.gravatar.com\/avatar\/497d5cde87b4c3d097d0315953521681ba2cd523ee66e5077c3711f7021e65de?s=96&d=mm&r=g\",\"contentUrl\":\"https:\/\/secure.gravatar.com\/avatar\/497d5cde87b4c3d097d0315953521681ba2cd523ee66e5077c3711f7021e65de?s=96&d=mm&r=g\",\"caption\":\"Francisco Javier Fern\u00e1ndez Chento\"},\"description\":\"Director General y cofundador de La Red de Formaci\u00f3n Vicenciana. Javier es laico vicenciano, afiliado a la Congregaci\u00f3n de la Misi\u00f3n y miembro del Equipo de Misiones Populares de la provincia can\u00f3nica de Zaragoza (Espa\u00f1a) de la Congregaci\u00f3n de la Misi\u00f3n. Graduado en la Universidad Oberta de Catalunya con cuatro grados (Asistente de direcci\u00f3n, Gesti\u00f3n Administrativa, Recursos Humanos y Contabilidad Avanzada). Bil\u00edng\u00fce Espa\u00f1ol\/Ingl\u00e9s. gestiona y mantiene varias p\u00e1ginas web cristianas y vicencianas, incluida including La Red de Formaci\u00f3n Vicenciana, de la que es cofundador. Actualmente es responsable del \u00e1rea de Espa\u00f1ol de .famvin, la Red de Noticias de la Familia Vicenciana. Tambi\u00e9n es m\u00fasico cat\u00f3lico y ha editado varios discos. Es Director General y cofundador de Trovador, una reconocida compa\u00f1\u00eda discogr\u00e1fica critiana de Espa\u00f1a. Trabaja en las Tecnolog\u00edas de la Informaci\u00f3n, ofreciendo servicios de alojamiento, dise\u00f1o y mantenimiento Web, as\u00ed como asesoramiento, formaci\u00f3n y soluciones inform\u00e1ticas, gesti\u00f3n documental y digitalizaci\u00f3n de textos, edici\u00f3n y maquetaci\u00f3n de libros, revistas, flyers, etc.\",\"sameAs\":[\"http:\/\/chento.org\",\"https:\/\/www.facebook.com\/JavierChento\",\"https:\/\/x.com\/https:\/\/twitter.com\/javierchento\"],\"url\":\"http:\/\/vincentians.com\/es\/author\/chento\/\"}]}<\/script>\n<!-- \/ Yoast SEO plugin. -->","yoast_head_json":{"title":"Vicente de Pa\u00fal, Documento 082: Estudio Sobre La Gracia - Somos Vicencianos","robots":{"index":"index","follow":"follow","max-snippet":"max-snippet:-1","max-image-preview":"max-image-preview:large","max-video-preview":"max-video-preview:-1"},"canonical":"http:\/\/vincentians.com\/es\/vicente-de-paul-documento-082-estudio-sobre-la-gracia\/","og_locale":"es_ES","og_type":"article","og_title":"Vicente de Pa\u00fal, Documento 082: Estudio Sobre La Gracia - Somos Vicencianos","og_description":"De la gracia 1\u00ba\u00a0 Conviene estar bien instruidos sobre las diferencias que existen hoy en la iglesia sobre el tema de la gracia. 2\u00ba\u00a0 Estas diferencias consisten en que la antigua opini\u00f3n de la iglesia ... Read More","og_url":"http:\/\/vincentians.com\/es\/vicente-de-paul-documento-082-estudio-sobre-la-gracia\/","og_site_name":"Somos Vicencianos","article_publisher":"https:\/\/www.facebook.com\/WeAreVincentians\/","article_author":"https:\/\/www.facebook.com\/JavierChento","article_published_time":"2010-02-27T23:01:02+00:00","article_modified_time":"2016-07-26T17:51:08+00:00","og_image":[{"width":1200,"height":630,"url":"https:\/\/i0.wp.com\/vincentians.com\/es\/wp-content\/uploads\/sites\/11\/2016\/07\/escritos-vicente-de-paul.jpg?fit=1200%2C630","type":"image\/jpeg"}],"author":"Francisco Javier Fern\u00e1ndez Chento","twitter_card":"summary_large_image","twitter_creator":"@https:\/\/twitter.com\/javierchento","twitter_site":"@WeVincentians","twitter_misc":{"Escrito por":"Francisco Javier Fern\u00e1ndez Chento","Tiempo de lectura":"15 minutos"},"schema":{"@context":"https:\/\/schema.org","@graph":[{"@type":"Article","@id":"http:\/\/vincentians.com\/es\/vicente-de-paul-documento-082-estudio-sobre-la-gracia\/#article","isPartOf":{"@id":"http:\/\/vincentians.com\/es\/vicente-de-paul-documento-082-estudio-sobre-la-gracia\/"},"author":{"name":"Francisco Javier Fern\u00e1ndez Chento","@id":"http:\/\/vincentians.com\/es\/#\/schema\/person\/9623ef4d9aa3b2dfb8c061f1499288f2"},"headline":"Vicente de Pa\u00fal, Documento 082: Estudio Sobre La Gracia","datePublished":"2010-02-27T23:01:02+00:00","dateModified":"2016-07-26T17:51:08+00:00","mainEntityOfPage":{"@id":"http:\/\/vincentians.com\/es\/vicente-de-paul-documento-082-estudio-sobre-la-gracia\/"},"wordCount":3032,"commentCount":0,"publisher":{"@id":"http:\/\/vincentians.com\/es\/#organization"},"image":{"@id":"http:\/\/vincentians.com\/es\/vicente-de-paul-documento-082-estudio-sobre-la-gracia\/#primaryimage"},"thumbnailUrl":"https:\/\/i0.wp.com\/vincentians.com\/es\/wp-content\/uploads\/sites\/11\/2016\/07\/escritos-vicente-de-paul.jpg?fit=1200%2C630","articleSection":["Escritos de Vicente de Pa\u00fal"],"inLanguage":"es","potentialAction":[{"@type":"CommentAction","name":"Comment","target":["http:\/\/vincentians.com\/es\/vicente-de-paul-documento-082-estudio-sobre-la-gracia\/#respond"]}]},{"@type":"WebPage","@id":"http:\/\/vincentians.com\/es\/vicente-de-paul-documento-082-estudio-sobre-la-gracia\/","url":"http:\/\/vincentians.com\/es\/vicente-de-paul-documento-082-estudio-sobre-la-gracia\/","name":"Vicente de Pa\u00fal, Documento 082: Estudio Sobre La Gracia - Somos Vicencianos","isPartOf":{"@id":"http:\/\/vincentians.com\/es\/#website"},"primaryImageOfPage":{"@id":"http:\/\/vincentians.com\/es\/vicente-de-paul-documento-082-estudio-sobre-la-gracia\/#primaryimage"},"image":{"@id":"http:\/\/vincentians.com\/es\/vicente-de-paul-documento-082-estudio-sobre-la-gracia\/#primaryimage"},"thumbnailUrl":"https:\/\/i0.wp.com\/vincentians.com\/es\/wp-content\/uploads\/sites\/11\/2016\/07\/escritos-vicente-de-paul.jpg?fit=1200%2C630","datePublished":"2010-02-27T23:01:02+00:00","dateModified":"2016-07-26T17:51:08+00:00","breadcrumb":{"@id":"http:\/\/vincentians.com\/es\/vicente-de-paul-documento-082-estudio-sobre-la-gracia\/#breadcrumb"},"inLanguage":"es","potentialAction":[{"@type":"ReadAction","target":["http:\/\/vincentians.com\/es\/vicente-de-paul-documento-082-estudio-sobre-la-gracia\/"]}]},{"@type":"ImageObject","inLanguage":"es","@id":"http:\/\/vincentians.com\/es\/vicente-de-paul-documento-082-estudio-sobre-la-gracia\/#primaryimage","url":"https:\/\/i0.wp.com\/vincentians.com\/es\/wp-content\/uploads\/sites\/11\/2016\/07\/escritos-vicente-de-paul.jpg?fit=1200%2C630","contentUrl":"https:\/\/i0.wp.com\/vincentians.com\/es\/wp-content\/uploads\/sites\/11\/2016\/07\/escritos-vicente-de-paul.jpg?fit=1200%2C630","width":1200,"height":630},{"@type":"BreadcrumbList","@id":"http:\/\/vincentians.com\/es\/vicente-de-paul-documento-082-estudio-sobre-la-gracia\/#breadcrumb","itemListElement":[{"@type":"ListItem","position":1,"name":"Portada","item":"http:\/\/vincentians.com\/es\/"},{"@type":"ListItem","position":2,"name":"Vicente de Pa\u00fal, Documento 082: Estudio Sobre La Gracia"}]},{"@type":"WebSite","@id":"http:\/\/vincentians.com\/es\/#website","url":"http:\/\/vincentians.com\/es\/","name":"Somos Vicencianos","description":"Know more to serve more","publisher":{"@id":"http:\/\/vincentians.com\/es\/#organization"},"potentialAction":[{"@type":"SearchAction","target":{"@type":"EntryPoint","urlTemplate":"http:\/\/vincentians.com\/es\/?s={search_term_string}"},"query-input":{"@type":"PropertyValueSpecification","valueRequired":true,"valueName":"search_term_string"}}],"inLanguage":"es"},{"@type":"Organization","@id":"http:\/\/vincentians.com\/es\/#organization","name":"The Vincentian Network","url":"http:\/\/vincentians.com\/es\/","logo":{"@type":"ImageObject","inLanguage":"es","@id":"http:\/\/vincentians.com\/es\/#\/schema\/logo\/image\/","url":"https:\/\/i1.wp.com\/vincentians.com\/es\/wp-content\/uploads\/sites\/11\/2016\/06\/Vincentian-Network-logo-big.png?fit=778%2C778","contentUrl":"https:\/\/i1.wp.com\/vincentians.com\/es\/wp-content\/uploads\/sites\/11\/2016\/06\/Vincentian-Network-logo-big.png?fit=778%2C778","width":778,"height":778,"caption":"The Vincentian Network"},"image":{"@id":"http:\/\/vincentians.com\/es\/#\/schema\/logo\/image\/"},"sameAs":["https:\/\/www.facebook.com\/WeAreVincentians\/","https:\/\/x.com\/WeVincentians"]},{"@type":"Person","@id":"http:\/\/vincentians.com\/es\/#\/schema\/person\/9623ef4d9aa3b2dfb8c061f1499288f2","name":"Francisco Javier Fern\u00e1ndez Chento","image":{"@type":"ImageObject","inLanguage":"es","@id":"http:\/\/vincentians.com\/es\/#\/schema\/person\/image\/","url":"https:\/\/secure.gravatar.com\/avatar\/497d5cde87b4c3d097d0315953521681ba2cd523ee66e5077c3711f7021e65de?s=96&d=mm&r=g","contentUrl":"https:\/\/secure.gravatar.com\/avatar\/497d5cde87b4c3d097d0315953521681ba2cd523ee66e5077c3711f7021e65de?s=96&d=mm&r=g","caption":"Francisco Javier Fern\u00e1ndez Chento"},"description":"Director General y cofundador de La Red de Formaci\u00f3n Vicenciana. Javier es laico vicenciano, afiliado a la Congregaci\u00f3n de la Misi\u00f3n y miembro del Equipo de Misiones Populares de la provincia can\u00f3nica de Zaragoza (Espa\u00f1a) de la Congregaci\u00f3n de la Misi\u00f3n. Graduado en la Universidad Oberta de Catalunya con cuatro grados (Asistente de direcci\u00f3n, Gesti\u00f3n Administrativa, Recursos Humanos y Contabilidad Avanzada). Bil\u00edng\u00fce Espa\u00f1ol\/Ingl\u00e9s. gestiona y mantiene varias p\u00e1ginas web cristianas y vicencianas, incluida including La Red de Formaci\u00f3n Vicenciana, de la que es cofundador. Actualmente es responsable del \u00e1rea de Espa\u00f1ol de .famvin, la Red de Noticias de la Familia Vicenciana. Tambi\u00e9n es m\u00fasico cat\u00f3lico y ha editado varios discos. Es Director General y cofundador de Trovador, una reconocida compa\u00f1\u00eda discogr\u00e1fica critiana de Espa\u00f1a. Trabaja en las Tecnolog\u00edas de la Informaci\u00f3n, ofreciendo servicios de alojamiento, dise\u00f1o y mantenimiento Web, as\u00ed como asesoramiento, formaci\u00f3n y soluciones inform\u00e1ticas, gesti\u00f3n documental y digitalizaci\u00f3n de textos, edici\u00f3n y maquetaci\u00f3n de libros, revistas, flyers, etc.","sameAs":["http:\/\/chento.org","https:\/\/www.facebook.com\/JavierChento","https:\/\/x.com\/https:\/\/twitter.com\/javierchento"],"url":"http:\/\/vincentians.com\/es\/author\/chento\/"}]}},"jetpack_publicize_connections":[],"jetpack_featured_media_url":"https:\/\/i0.wp.com\/vincentians.com\/es\/wp-content\/uploads\/sites\/11\/2016\/07\/escritos-vicente-de-paul.jpg?fit=1200%2C630","jetpack_sharing_enabled":true,"jetpack_shortlink":"https:\/\/wp.me\/p7ETMF-2Xz","jetpack-related-posts":[{"id":39503,"url":"http:\/\/vincentians.com\/es\/espiritualidad-vicenciana-gracia\/","url_meta":{"origin":11381,"position":0},"title":"Espiritualidad vicenciana: Gracia","author":"Francisco Javier Fern\u00e1ndez Chento","date":"18\/09\/2014","format":false,"excerpt":"Introducci\u00f3n El concepto de gracia (\"jaris\" en griego y \"gra\u00adtia\" en lat\u00edn) es central en la reflexi\u00f3n teol\u00f3gica cristiana, pero a la vez es de los m\u00e1s discutidos y dif\u00edciles de comprender y definir por la plurali\u00addad de significados e interpretaciones que ha re\u00adcibido a lo largo de la historia.\u2026","rel":"","context":"En \u00abEspiritualidad vicenciana\u00bb","block_context":{"text":"Espiritualidad vicenciana","link":"http:\/\/vincentians.com\/es\/category\/espiritualidad\/espiritualidad-vicenciana\/"},"img":{"alt_text":"","src":"https:\/\/i0.wp.com\/vincentians.com\/es\/wp-content\/uploads\/sites\/11\/2016\/07\/espiritualidad-vicenciana.jpg?fit=1200%2C630&resize=350%2C200","width":350,"height":200,"srcset":"https:\/\/i0.wp.com\/vincentians.com\/es\/wp-content\/uploads\/sites\/11\/2016\/07\/espiritualidad-vicenciana.jpg?fit=1200%2C630&resize=350%2C200 1x, https:\/\/i0.wp.com\/vincentians.com\/es\/wp-content\/uploads\/sites\/11\/2016\/07\/espiritualidad-vicenciana.jpg?fit=1200%2C630&resize=525%2C300 1.5x, https:\/\/i0.wp.com\/vincentians.com\/es\/wp-content\/uploads\/sites\/11\/2016\/07\/espiritualidad-vicenciana.jpg?fit=1200%2C630&resize=700%2C400 2x, https:\/\/i0.wp.com\/vincentians.com\/es\/wp-content\/uploads\/sites\/11\/2016\/07\/espiritualidad-vicenciana.jpg?fit=1200%2C630&resize=1050%2C600 3x"},"classes":[]},{"id":118538,"url":"http:\/\/vincentians.com\/es\/vicente-de-paul-carta-1091-a-juan-dehorgny\/","url_meta":{"origin":11381,"position":1},"title":"Vicente de Pa\u00fal, Carta 1091: A Juan Dehorgny","author":"Francisco Javier Fern\u00e1ndez Chento","date":"14\/03\/2013","format":false,"excerpt":"Par\u00eds, 25 junio 1648 Padre: La gracia de Nuestro Se\u00f1or sea siempre con nosotros Su \u00faltima carta habla de dos cosas: primero, que les damos cargos de cierta importancia a nuestros hermanos coadjutores, y segundo, que hemos hecho mal en declararnos contrarios a las opiniones de los tiempos Le dir\u00e9\u2026","rel":"","context":"En \u00abEscritos de Vicente de Pa\u00fal\u00bb","block_context":{"text":"Escritos de Vicente de Pa\u00fal","link":"http:\/\/vincentians.com\/es\/category\/escritos\/escritos-de-vicente-de-paul\/"},"img":{"alt_text":"","src":"https:\/\/i0.wp.com\/vincentians.com\/es\/wp-content\/uploads\/sites\/11\/2016\/07\/escritos-vicente-de-paul.jpg?fit=1200%2C630&resize=350%2C200","width":350,"height":200,"srcset":"https:\/\/i0.wp.com\/vincentians.com\/es\/wp-content\/uploads\/sites\/11\/2016\/07\/escritos-vicente-de-paul.jpg?fit=1200%2C630&resize=350%2C200 1x, https:\/\/i0.wp.com\/vincentians.com\/es\/wp-content\/uploads\/sites\/11\/2016\/07\/escritos-vicente-de-paul.jpg?fit=1200%2C630&resize=525%2C300 1.5x, https:\/\/i0.wp.com\/vincentians.com\/es\/wp-content\/uploads\/sites\/11\/2016\/07\/escritos-vicente-de-paul.jpg?fit=1200%2C630&resize=700%2C400 2x, https:\/\/i0.wp.com\/vincentians.com\/es\/wp-content\/uploads\/sites\/11\/2016\/07\/escritos-vicente-de-paul.jpg?fit=1200%2C630&resize=1050%2C600 3x"},"classes":[]},{"id":108317,"url":"http:\/\/vincentians.com\/es\/san-vicente-de-paul-su-vida-su-tiempo-sus-obras-su-influencia-libro-6-capitulo-1\/","url_meta":{"origin":11381,"position":2},"title":"San Vicente de Pa\u00fal. Su vida, su tiempo; sus obras, su influencia. Libro 6, cap\u00edtulo 1","author":"Francisco Javier Fern\u00e1ndez Chento","date":"18\/01\/2015","format":false,"excerpt":"Libro VI. Las Misiones Cap\u00edtulo Primero: Teor\u00eda de las Misiones I. Misiones en general. \u2013Misiones populares de san Vicente de Pa\u00fal. La acci\u00f3n de la Iglesia entre los pueblos no es m\u00e1s que una prolongaci\u00f3n del apostolado. Entonces, el apostolado es la palabra. Ense\u00f1ad, hablad, ha dicho el Maestro, y\u2026","rel":"","context":"En \u00abVicente de Pa\u00fal\u00bb","block_context":{"text":"Vicente de Pa\u00fal","link":"http:\/\/vincentians.com\/es\/category\/la-familia-vicenciana\/fundadores\/vicente-de-paul\/"},"img":{"alt_text":"","src":"","width":0,"height":0},"classes":[]},{"id":107900,"url":"http:\/\/vincentians.com\/es\/san-vicente-de-paul-su-vida-su-tiempo-sus-obras-su-influencia-libro-5-capitulo-4\/","url_meta":{"origin":11381,"position":3},"title":"San Vicente de Pa\u00fal. Su vida, su tiempo; sus obras, su influencia. Libro 5, cap\u00edtulo 4","author":"Francisco Javier Fern\u00e1ndez Chento","date":"17\/01\/2015","format":false,"excerpt":"Cap\u00edtulo IV. Vicente y el jansenismo despu\u00e9s de la bula. I. Primera conducta de Vicente, -El hecho y el derecho. \u2013Historia y discusi\u00f3n. Desde el momento que lleg\u00f3 la bula, Vicente, lleno de una gratitud y de una alegr\u00eda santas, comenz\u00f3 por dar y mandar dar gracias a Dios. \"Demos\u2026","rel":"","context":"En \u00abVicente de Pa\u00fal\u00bb","block_context":{"text":"Vicente de Pa\u00fal","link":"http:\/\/vincentians.com\/es\/category\/la-familia-vicenciana\/fundadores\/vicente-de-paul\/"},"img":{"alt_text":"","src":"","width":0,"height":0},"classes":[]},{"id":404702,"url":"http:\/\/vincentians.com\/es\/san-vicente-de-paul-o-la-clarividente-oposicion-al-jansenismo-iii\/","url_meta":{"origin":11381,"position":4},"title":"San Vicente de Pa\u00fal o la clarividente oposici\u00f3n al jansenismo (III)","author":"Mitxel Olabu\u00e9naga","date":"16\/06\/2023","format":false,"excerpt":"PUBLICACI\u00d3N DEL AUGUSTINUS DE JANSENIO Y REACCI\u00d3N DE VICENTE DE PA\u00daL En honor a la verdad, el jansenismo pretend\u00eda una vuelta a la Iglesia primitiva, tratando de purificar la fe cat\u00f3lica, intensificar la vida cristiana y restaurar la idea de Providencia. La obra fun\u00addamental del jansenismo, el Augustinus, comenzada en\u2026","rel":"","context":"En \u00abFormaci\u00f3n Vicenciana\u00bb","block_context":{"text":"Formaci\u00f3n Vicenciana","link":"http:\/\/vincentians.com\/es\/category\/formacion-vicenciana\/"},"img":{"alt_text":"","src":"https:\/\/i0.wp.com\/vincentians.com\/es\/wp-content\/uploads\/sites\/11\/2013\/04\/Hijas-de-la-Caridad-4.jpg?fit=640%2C426&resize=350%2C200","width":350,"height":200,"srcset":"https:\/\/i0.wp.com\/vincentians.com\/es\/wp-content\/uploads\/sites\/11\/2013\/04\/Hijas-de-la-Caridad-4.jpg?fit=640%2C426&resize=350%2C200 1x, https:\/\/i0.wp.com\/vincentians.com\/es\/wp-content\/uploads\/sites\/11\/2013\/04\/Hijas-de-la-Caridad-4.jpg?fit=640%2C426&resize=525%2C300 1.5x"},"classes":[]},{"id":398959,"url":"http:\/\/vincentians.com\/es\/vicente-paul-carta-1364-unos-sacerdotes-la-mision-san-vicente\/","url_meta":{"origin":11381,"position":5},"title":"Vicente de Pa\u00fal, Carta 1364: Unos Sacerdotes de la Misi\u00f3n a San Vicente","author":"Francisco Javier Fern\u00e1ndez Chento","date":"26\/12\/2016","format":false,"excerpt":"[1650 o enero de 1651] No tenemos palabras suficientes para expresarle nuestra gratitud. Vemos muy bien c\u00f3mo la mano de Dios ha descargado sobre esta provincia; su abundancia se ha trocado en esterilidad y su alegr\u00eda en l\u00e1grimas. Sus aldeas, antes tan pobladas, ya no son m\u00e1s que ruinas desiertas.\u2026","rel":"","context":"En \u00abEscritos de Vicente de Pa\u00fal\u00bb","block_context":{"text":"Escritos de Vicente de Pa\u00fal","link":"http:\/\/vincentians.com\/es\/category\/escritos\/escritos-de-vicente-de-paul\/"},"img":{"alt_text":"","src":"https:\/\/i0.wp.com\/vincentians.com\/es\/wp-content\/uploads\/sites\/11\/2016\/07\/escritos-vicente-de-paul.jpg?fit=1200%2C630&resize=350%2C200","width":350,"height":200,"srcset":"https:\/\/i0.wp.com\/vincentians.com\/es\/wp-content\/uploads\/sites\/11\/2016\/07\/escritos-vicente-de-paul.jpg?fit=1200%2C630&resize=350%2C200 1x, https:\/\/i0.wp.com\/vincentians.com\/es\/wp-content\/uploads\/sites\/11\/2016\/07\/escritos-vicente-de-paul.jpg?fit=1200%2C630&resize=525%2C300 1.5x, https:\/\/i0.wp.com\/vincentians.com\/es\/wp-content\/uploads\/sites\/11\/2016\/07\/escritos-vicente-de-paul.jpg?fit=1200%2C630&resize=700%2C400 2x, https:\/\/i0.wp.com\/vincentians.com\/es\/wp-content\/uploads\/sites\/11\/2016\/07\/escritos-vicente-de-paul.jpg?fit=1200%2C630&resize=1050%2C600 3x"},"classes":[]}],"_links":{"self":[{"href":"http:\/\/vincentians.com\/es\/wp-json\/wp\/v2\/posts\/11381","targetHints":{"allow":["GET"]}}],"collection":[{"href":"http:\/\/vincentians.com\/es\/wp-json\/wp\/v2\/posts"}],"about":[{"href":"http:\/\/vincentians.com\/es\/wp-json\/wp\/v2\/types\/post"}],"author":[{"embeddable":true,"href":"http:\/\/vincentians.com\/es\/wp-json\/wp\/v2\/users\/4"}],"replies":[{"embeddable":true,"href":"http:\/\/vincentians.com\/es\/wp-json\/wp\/v2\/comments?post=11381"}],"version-history":[{"count":0,"href":"http:\/\/vincentians.com\/es\/wp-json\/wp\/v2\/posts\/11381\/revisions"}],"wp:featuredmedia":[{"embeddable":true,"href":"http:\/\/vincentians.com\/es\/wp-json\/wp\/v2\/media\/393753"}],"wp:attachment":[{"href":"http:\/\/vincentians.com\/es\/wp-json\/wp\/v2\/media?parent=11381"}],"wp:term":[{"taxonomy":"category","embeddable":true,"href":"http:\/\/vincentians.com\/es\/wp-json\/wp\/v2\/categories?post=11381"},{"taxonomy":"post_tag","embeddable":true,"href":"http:\/\/vincentians.com\/es\/wp-json\/wp\/v2\/tags?post=11381"}],"curies":[{"name":"wp","href":"https:\/\/api.w.org\/{rel}","templated":true}]}}