{"id":11377,"date":"2010-02-24T00:20:59","date_gmt":"2010-02-23T23:20:59","guid":{"rendered":"http:\/\/www.vicencianos.org\/web\/2010\/02\/24\/vicente-de-paul-documento-078-carta-de-los-obispos-de-francia-al-papa-inocencio-x\/"},"modified":"2016-07-26T19:51:09","modified_gmt":"2016-07-26T17:51:09","slug":"vicente-de-paul-documento-078-carta-de-los-obispos-de-francia-al-papa-inocencio-x","status":"publish","type":"post","link":"http:\/\/vincentians.com\/es\/vicente-de-paul-documento-078-carta-de-los-obispos-de-francia-al-papa-inocencio-x\/","title":{"rendered":"Vicente de Pa\u00fal, Documento 078: Carta De Los Obispos De Francia Al Papa Inocencio X"},"content":{"rendered":"[1651]\n<p>Beat\u00edsimo padre.<\/p>\n<p>Es costumbre solemne de la iglesia confiar a la Sede apost\u00f3lica los asuntos de mayor importancia, lo que la fe de Pedro, que no ha de fallar, pide siempre retener como derecho propio.<\/p>\n<p>Obedientes con toda justicia a esta ley, cre\u00edmos conveniente escribir a V. Santidad sobre un grav\u00edsimo asunto concerniente a la religi\u00f3n.<\/p>\n<p>Hace ya diez anos que Francia est\u00e1 conmovida por vehementes perturbaciones con gran tristeza por nuestra parte, debido al libro p\u00f3stumo y a la doctrina del Reverendo Cornelio Jansenio, Obispo de Ypr\u00e8s. Conven\u00eda, ciertamente, calmar tales perturbaciones con la autoridad del Concilio de Trento, o con la Bula, mediante la cual, Urbano VIII, de feliz memoria, se pronunci\u00f3 contra las tesis de Jansenio, lo que confirm\u00f3 P\u00edo V y Gregorio XIIl con sus decretos, en contra de Bayo. Con nuevo documento se reafirm\u00f3 la verdad y la fuerza de la Bula, pero como no se dict\u00f3 censura concreta a cada una de las proposiciones, se ha dado pie para la evasi\u00f3n y cavilaciones de algunos.<\/p>\n<p>Esperamos que todo esto se acabe de una vez, si, como lo pedimos, V. Santidad define clara y distintamente lo que se ha de pensar sobre este asunto. Pedimos, pues, que sobre estas proposiciones, en las que principalmente la discusi\u00f3n y controversia es m\u00e1s peligrosa y ardiente, V. Santidad dictamine sentencia clara y cierta sobre cada una de ellas.<\/p>\n<p>Primera: Que algunos preceptos divinos son imposibles a los hombres justos que quieren y se esfuerzan, teniendo en cuenta las fuerzas presentes que poseen; les falta la gracia que les haga posibles dichos preceptos.<\/p>\n<p>Segunda: Que en el estado de naturaleza ca\u00edda nunca se resiste a la gracia interior.<\/p>\n<p>Tercera: Que para merecer y desmerecer en el estado de naturaleza ca\u00edda no se requiere en el hombre la libertad de necesidad, sino que es suficiente la libertad de coacci\u00f3n.<\/p>\n<p>Cuarta. Que los semipelagianos admit\u00edan la necesidad de la gracia preveniente, aun para el inicio en la fe: y en esto se equivocan los herejes, quienes quieren que la gracia sea tal que la voluntad humana pueda resistirla.<\/p>\n<p>Quinta. Que es semipelagiano el decir que Cristo muri\u00f3 por todos los hombres absolutamente, y que por todos derram\u00f3 su sangre.<\/p>\n<p>V. Santidad ha experimentado, no hace mucho, cuanto vale la autoridad de la S. A. combatiendo el error de una doble cabeza de la iglesia, inmediatamente la tempestad queda calmada, los vientos y el mar obedecen al mandato y voz de Cristo. Por lo tanto, ardientemente deseamos, Beat\u00edsimo Padre, que dictando sentencia clara y firme sobre el sentido de dichas proposiciones, a la que el mismo Reverendo Jansenio, pr\u00f3ximo a la muerte, someti\u00f3 su obra, aclares toda obscuridad, alientes los \u00e1nimos fluctuantes, proh\u00edbas las desavenencias y restituyas a la iglesia el esplendor y la tranquilidad.<\/p>\n<p>Mientras esta esperanza brilla en nuestras almas, deseamos y pedimos por V. Santidad muchos y pr\u00f3speros a\u00f1os y que el Rey inmortal de los siglos le a\u00f1ada a esta vida la felicidad eterna.<\/p>\n","protected":false},"excerpt":{"rendered":"<p>[1651] Beat\u00edsimo padre. Es costumbre solemne de la iglesia confiar a la Sede apost\u00f3lica los asuntos de mayor importancia, lo que la fe de Pedro, que no ha de fallar, pide siempre retener como derecho &#8230; <a href=\"http:\/\/vincentians.com\/es\/vicente-de-paul-documento-078-carta-de-los-obispos-de-francia-al-papa-inocencio-x\/\" class=\"more-link\">Read More<\/a><\/p>\n","protected":false},"author":4,"featured_media":393753,"comment_status":"open","ping_status":"open","sticky":false,"template":"","format":"standard","meta":{"jetpack_post_was_ever_published":false,"_jetpack_newsletter_access":"","_jetpack_dont_email_post_to_subs":false,"_jetpack_newsletter_tier_id":0,"_jetpack_memberships_contains_paywalled_content":false,"_jetpack_memberships_contains_paid_content":false,"footnotes":"","jetpack_publicize_message":"","jetpack_publicize_feature_enabled":true,"jetpack_social_post_already_shared":true,"jetpack_social_options":{"image_generator_settings":{"template":"highway","default_image_id":0,"font":"","enabled":false},"version":2}},"categories":[65],"tags":[129],"class_list":["post-11377","post","type-post","status-publish","format-standard","has-post-thumbnail","hentry","category-escritos-de-vicente-de-paul","tag-urbano-viii"],"yoast_head":"<!-- This site is optimized with the Yoast SEO plugin v26.3 - https:\/\/yoast.com\/wordpress\/plugins\/seo\/ -->\n<title>Vicente de Pa\u00fal, Documento 078: Carta De Los Obispos De Francia Al Papa Inocencio X - Somos Vicencianos<\/title>\n<meta name=\"robots\" content=\"index, follow, max-snippet:-1, max-image-preview:large, max-video-preview:-1\" \/>\n<link rel=\"canonical\" href=\"http:\/\/vincentians.com\/es\/vicente-de-paul-documento-078-carta-de-los-obispos-de-francia-al-papa-inocencio-x\/\" \/>\n<meta property=\"og:locale\" content=\"es_ES\" \/>\n<meta property=\"og:type\" content=\"article\" \/>\n<meta property=\"og:title\" content=\"Vicente de Pa\u00fal, Documento 078: Carta De Los Obispos De Francia Al Papa Inocencio X - Somos Vicencianos\" \/>\n<meta property=\"og:description\" content=\"[1651] Beat\u00edsimo padre. Es costumbre solemne de la iglesia confiar a la Sede apost\u00f3lica los asuntos de mayor importancia, lo que la fe de Pedro, que no ha de fallar, pide siempre retener como derecho ... Read More\" \/>\n<meta property=\"og:url\" content=\"http:\/\/vincentians.com\/es\/vicente-de-paul-documento-078-carta-de-los-obispos-de-francia-al-papa-inocencio-x\/\" \/>\n<meta property=\"og:site_name\" content=\"Somos Vicencianos\" \/>\n<meta property=\"article:publisher\" content=\"https:\/\/www.facebook.com\/WeAreVincentians\/\" \/>\n<meta property=\"article:author\" content=\"https:\/\/www.facebook.com\/JavierChento\" \/>\n<meta property=\"article:published_time\" content=\"2010-02-23T23:20:59+00:00\" \/>\n<meta property=\"article:modified_time\" content=\"2016-07-26T17:51:09+00:00\" \/>\n<meta property=\"og:image\" content=\"https:\/\/i0.wp.com\/vincentians.com\/es\/wp-content\/uploads\/sites\/11\/2016\/07\/escritos-vicente-de-paul.jpg?fit=1200%2C630\" \/>\n\t<meta property=\"og:image:width\" content=\"1200\" \/>\n\t<meta property=\"og:image:height\" content=\"630\" \/>\n\t<meta property=\"og:image:type\" content=\"image\/jpeg\" \/>\n<meta name=\"author\" content=\"Francisco Javier Fern\u00e1ndez Chento\" \/>\n<meta name=\"twitter:card\" content=\"summary_large_image\" \/>\n<meta name=\"twitter:creator\" content=\"@https:\/\/twitter.com\/javierchento\" \/>\n<meta name=\"twitter:site\" content=\"@WeVincentians\" \/>\n<meta name=\"twitter:label1\" content=\"Escrito por\" \/>\n\t<meta name=\"twitter:data1\" content=\"Francisco Javier Fern\u00e1ndez Chento\" \/>\n\t<meta name=\"twitter:label2\" content=\"Tiempo de lectura\" \/>\n\t<meta name=\"twitter:data2\" content=\"3 minutos\" \/>\n<script type=\"application\/ld+json\" class=\"yoast-schema-graph\">{\"@context\":\"https:\/\/schema.org\",\"@graph\":[{\"@type\":\"Article\",\"@id\":\"http:\/\/vincentians.com\/es\/vicente-de-paul-documento-078-carta-de-los-obispos-de-francia-al-papa-inocencio-x\/#article\",\"isPartOf\":{\"@id\":\"http:\/\/vincentians.com\/es\/vicente-de-paul-documento-078-carta-de-los-obispos-de-francia-al-papa-inocencio-x\/\"},\"author\":{\"name\":\"Francisco Javier Fern\u00e1ndez Chento\",\"@id\":\"https:\/\/vincentians.com\/es\/#\/schema\/person\/9623ef4d9aa3b2dfb8c061f1499288f2\"},\"headline\":\"Vicente de Pa\u00fal, Documento 078: Carta De Los Obispos De Francia Al Papa Inocencio X\",\"datePublished\":\"2010-02-23T23:20:59+00:00\",\"dateModified\":\"2016-07-26T17:51:09+00:00\",\"mainEntityOfPage\":{\"@id\":\"http:\/\/vincentians.com\/es\/vicente-de-paul-documento-078-carta-de-los-obispos-de-francia-al-papa-inocencio-x\/\"},\"wordCount\":533,\"commentCount\":0,\"publisher\":{\"@id\":\"https:\/\/vincentians.com\/es\/#organization\"},\"image\":{\"@id\":\"http:\/\/vincentians.com\/es\/vicente-de-paul-documento-078-carta-de-los-obispos-de-francia-al-papa-inocencio-x\/#primaryimage\"},\"thumbnailUrl\":\"https:\/\/i0.wp.com\/vincentians.com\/es\/wp-content\/uploads\/sites\/11\/2016\/07\/escritos-vicente-de-paul.jpg?fit=1200%2C630\",\"keywords\":[\"Urbano VIII\"],\"articleSection\":[\"Escritos de Vicente de Pa\u00fal\"],\"inLanguage\":\"es\",\"potentialAction\":[{\"@type\":\"CommentAction\",\"name\":\"Comment\",\"target\":[\"http:\/\/vincentians.com\/es\/vicente-de-paul-documento-078-carta-de-los-obispos-de-francia-al-papa-inocencio-x\/#respond\"]}]},{\"@type\":\"WebPage\",\"@id\":\"http:\/\/vincentians.com\/es\/vicente-de-paul-documento-078-carta-de-los-obispos-de-francia-al-papa-inocencio-x\/\",\"url\":\"http:\/\/vincentians.com\/es\/vicente-de-paul-documento-078-carta-de-los-obispos-de-francia-al-papa-inocencio-x\/\",\"name\":\"Vicente de Pa\u00fal, Documento 078: Carta De Los Obispos De Francia Al Papa Inocencio X - Somos Vicencianos\",\"isPartOf\":{\"@id\":\"https:\/\/vincentians.com\/es\/#website\"},\"primaryImageOfPage\":{\"@id\":\"http:\/\/vincentians.com\/es\/vicente-de-paul-documento-078-carta-de-los-obispos-de-francia-al-papa-inocencio-x\/#primaryimage\"},\"image\":{\"@id\":\"http:\/\/vincentians.com\/es\/vicente-de-paul-documento-078-carta-de-los-obispos-de-francia-al-papa-inocencio-x\/#primaryimage\"},\"thumbnailUrl\":\"https:\/\/i0.wp.com\/vincentians.com\/es\/wp-content\/uploads\/sites\/11\/2016\/07\/escritos-vicente-de-paul.jpg?fit=1200%2C630\",\"datePublished\":\"2010-02-23T23:20:59+00:00\",\"dateModified\":\"2016-07-26T17:51:09+00:00\",\"breadcrumb\":{\"@id\":\"http:\/\/vincentians.com\/es\/vicente-de-paul-documento-078-carta-de-los-obispos-de-francia-al-papa-inocencio-x\/#breadcrumb\"},\"inLanguage\":\"es\",\"potentialAction\":[{\"@type\":\"ReadAction\",\"target\":[\"http:\/\/vincentians.com\/es\/vicente-de-paul-documento-078-carta-de-los-obispos-de-francia-al-papa-inocencio-x\/\"]}]},{\"@type\":\"ImageObject\",\"inLanguage\":\"es\",\"@id\":\"http:\/\/vincentians.com\/es\/vicente-de-paul-documento-078-carta-de-los-obispos-de-francia-al-papa-inocencio-x\/#primaryimage\",\"url\":\"https:\/\/i0.wp.com\/vincentians.com\/es\/wp-content\/uploads\/sites\/11\/2016\/07\/escritos-vicente-de-paul.jpg?fit=1200%2C630\",\"contentUrl\":\"https:\/\/i0.wp.com\/vincentians.com\/es\/wp-content\/uploads\/sites\/11\/2016\/07\/escritos-vicente-de-paul.jpg?fit=1200%2C630\",\"width\":1200,\"height\":630},{\"@type\":\"BreadcrumbList\",\"@id\":\"http:\/\/vincentians.com\/es\/vicente-de-paul-documento-078-carta-de-los-obispos-de-francia-al-papa-inocencio-x\/#breadcrumb\",\"itemListElement\":[{\"@type\":\"ListItem\",\"position\":1,\"name\":\"Portada\",\"item\":\"https:\/\/vincentians.com\/es\/\"},{\"@type\":\"ListItem\",\"position\":2,\"name\":\"Vicente de Pa\u00fal, Documento 078: Carta De Los Obispos De Francia Al Papa Inocencio X\"}]},{\"@type\":\"WebSite\",\"@id\":\"https:\/\/vincentians.com\/es\/#website\",\"url\":\"https:\/\/vincentians.com\/es\/\",\"name\":\"Somos Vicencianos\",\"description\":\"Know more to serve more\",\"publisher\":{\"@id\":\"https:\/\/vincentians.com\/es\/#organization\"},\"potentialAction\":[{\"@type\":\"SearchAction\",\"target\":{\"@type\":\"EntryPoint\",\"urlTemplate\":\"https:\/\/vincentians.com\/es\/?s={search_term_string}\"},\"query-input\":{\"@type\":\"PropertyValueSpecification\",\"valueRequired\":true,\"valueName\":\"search_term_string\"}}],\"inLanguage\":\"es\"},{\"@type\":\"Organization\",\"@id\":\"https:\/\/vincentians.com\/es\/#organization\",\"name\":\"The Vincentian Network\",\"url\":\"https:\/\/vincentians.com\/es\/\",\"logo\":{\"@type\":\"ImageObject\",\"inLanguage\":\"es\",\"@id\":\"https:\/\/vincentians.com\/es\/#\/schema\/logo\/image\/\",\"url\":\"https:\/\/i1.wp.com\/vincentians.com\/es\/wp-content\/uploads\/sites\/11\/2016\/06\/Vincentian-Network-logo-big.png?fit=778%2C778\",\"contentUrl\":\"https:\/\/i1.wp.com\/vincentians.com\/es\/wp-content\/uploads\/sites\/11\/2016\/06\/Vincentian-Network-logo-big.png?fit=778%2C778\",\"width\":778,\"height\":778,\"caption\":\"The Vincentian Network\"},\"image\":{\"@id\":\"https:\/\/vincentians.com\/es\/#\/schema\/logo\/image\/\"},\"sameAs\":[\"https:\/\/www.facebook.com\/WeAreVincentians\/\",\"https:\/\/x.com\/WeVincentians\"]},{\"@type\":\"Person\",\"@id\":\"https:\/\/vincentians.com\/es\/#\/schema\/person\/9623ef4d9aa3b2dfb8c061f1499288f2\",\"name\":\"Francisco Javier Fern\u00e1ndez Chento\",\"image\":{\"@type\":\"ImageObject\",\"inLanguage\":\"es\",\"@id\":\"https:\/\/vincentians.com\/es\/#\/schema\/person\/image\/\",\"url\":\"https:\/\/secure.gravatar.com\/avatar\/497d5cde87b4c3d097d0315953521681ba2cd523ee66e5077c3711f7021e65de?s=96&d=mm&r=g\",\"contentUrl\":\"https:\/\/secure.gravatar.com\/avatar\/497d5cde87b4c3d097d0315953521681ba2cd523ee66e5077c3711f7021e65de?s=96&d=mm&r=g\",\"caption\":\"Francisco Javier Fern\u00e1ndez Chento\"},\"description\":\"Director General y cofundador de La Red de Formaci\u00f3n Vicenciana. Javier es laico vicenciano, afiliado a la Congregaci\u00f3n de la Misi\u00f3n y miembro del Equipo de Misiones Populares de la provincia can\u00f3nica de Zaragoza (Espa\u00f1a) de la Congregaci\u00f3n de la Misi\u00f3n. Graduado en la Universidad Oberta de Catalunya con cuatro grados (Asistente de direcci\u00f3n, Gesti\u00f3n Administrativa, Recursos Humanos y Contabilidad Avanzada). Bil\u00edng\u00fce Espa\u00f1ol\/Ingl\u00e9s. gestiona y mantiene varias p\u00e1ginas web cristianas y vicencianas, incluida including La Red de Formaci\u00f3n Vicenciana, de la que es cofundador. Actualmente es responsable del \u00e1rea de Espa\u00f1ol de .famvin, la Red de Noticias de la Familia Vicenciana. Tambi\u00e9n es m\u00fasico cat\u00f3lico y ha editado varios discos. Es Director General y cofundador de Trovador, una reconocida compa\u00f1\u00eda discogr\u00e1fica critiana de Espa\u00f1a. Trabaja en las Tecnolog\u00edas de la Informaci\u00f3n, ofreciendo servicios de alojamiento, dise\u00f1o y mantenimiento Web, as\u00ed como asesoramiento, formaci\u00f3n y soluciones inform\u00e1ticas, gesti\u00f3n documental y digitalizaci\u00f3n de textos, edici\u00f3n y maquetaci\u00f3n de libros, revistas, flyers, etc.\",\"sameAs\":[\"http:\/\/chento.org\",\"https:\/\/www.facebook.com\/JavierChento\",\"https:\/\/x.com\/https:\/\/twitter.com\/javierchento\"],\"url\":\"http:\/\/vincentians.com\/es\/author\/chento\/\"}]}<\/script>\n<!-- \/ Yoast SEO plugin. -->","yoast_head_json":{"title":"Vicente de Pa\u00fal, Documento 078: Carta De Los Obispos De Francia Al Papa Inocencio X - Somos Vicencianos","robots":{"index":"index","follow":"follow","max-snippet":"max-snippet:-1","max-image-preview":"max-image-preview:large","max-video-preview":"max-video-preview:-1"},"canonical":"http:\/\/vincentians.com\/es\/vicente-de-paul-documento-078-carta-de-los-obispos-de-francia-al-papa-inocencio-x\/","og_locale":"es_ES","og_type":"article","og_title":"Vicente de Pa\u00fal, Documento 078: Carta De Los Obispos De Francia Al Papa Inocencio X - Somos Vicencianos","og_description":"[1651] Beat\u00edsimo padre. Es costumbre solemne de la iglesia confiar a la Sede apost\u00f3lica los asuntos de mayor importancia, lo que la fe de Pedro, que no ha de fallar, pide siempre retener como derecho ... Read More","og_url":"http:\/\/vincentians.com\/es\/vicente-de-paul-documento-078-carta-de-los-obispos-de-francia-al-papa-inocencio-x\/","og_site_name":"Somos Vicencianos","article_publisher":"https:\/\/www.facebook.com\/WeAreVincentians\/","article_author":"https:\/\/www.facebook.com\/JavierChento","article_published_time":"2010-02-23T23:20:59+00:00","article_modified_time":"2016-07-26T17:51:09+00:00","og_image":[{"width":1200,"height":630,"url":"https:\/\/i0.wp.com\/vincentians.com\/es\/wp-content\/uploads\/sites\/11\/2016\/07\/escritos-vicente-de-paul.jpg?fit=1200%2C630","type":"image\/jpeg"}],"author":"Francisco Javier Fern\u00e1ndez Chento","twitter_card":"summary_large_image","twitter_creator":"@https:\/\/twitter.com\/javierchento","twitter_site":"@WeVincentians","twitter_misc":{"Escrito por":"Francisco Javier Fern\u00e1ndez Chento","Tiempo de lectura":"3 minutos"},"schema":{"@context":"https:\/\/schema.org","@graph":[{"@type":"Article","@id":"http:\/\/vincentians.com\/es\/vicente-de-paul-documento-078-carta-de-los-obispos-de-francia-al-papa-inocencio-x\/#article","isPartOf":{"@id":"http:\/\/vincentians.com\/es\/vicente-de-paul-documento-078-carta-de-los-obispos-de-francia-al-papa-inocencio-x\/"},"author":{"name":"Francisco Javier Fern\u00e1ndez Chento","@id":"https:\/\/vincentians.com\/es\/#\/schema\/person\/9623ef4d9aa3b2dfb8c061f1499288f2"},"headline":"Vicente de Pa\u00fal, Documento 078: Carta De Los Obispos De Francia Al Papa Inocencio X","datePublished":"2010-02-23T23:20:59+00:00","dateModified":"2016-07-26T17:51:09+00:00","mainEntityOfPage":{"@id":"http:\/\/vincentians.com\/es\/vicente-de-paul-documento-078-carta-de-los-obispos-de-francia-al-papa-inocencio-x\/"},"wordCount":533,"commentCount":0,"publisher":{"@id":"https:\/\/vincentians.com\/es\/#organization"},"image":{"@id":"http:\/\/vincentians.com\/es\/vicente-de-paul-documento-078-carta-de-los-obispos-de-francia-al-papa-inocencio-x\/#primaryimage"},"thumbnailUrl":"https:\/\/i0.wp.com\/vincentians.com\/es\/wp-content\/uploads\/sites\/11\/2016\/07\/escritos-vicente-de-paul.jpg?fit=1200%2C630","keywords":["Urbano VIII"],"articleSection":["Escritos de Vicente de Pa\u00fal"],"inLanguage":"es","potentialAction":[{"@type":"CommentAction","name":"Comment","target":["http:\/\/vincentians.com\/es\/vicente-de-paul-documento-078-carta-de-los-obispos-de-francia-al-papa-inocencio-x\/#respond"]}]},{"@type":"WebPage","@id":"http:\/\/vincentians.com\/es\/vicente-de-paul-documento-078-carta-de-los-obispos-de-francia-al-papa-inocencio-x\/","url":"http:\/\/vincentians.com\/es\/vicente-de-paul-documento-078-carta-de-los-obispos-de-francia-al-papa-inocencio-x\/","name":"Vicente de Pa\u00fal, Documento 078: Carta De Los Obispos De Francia Al Papa Inocencio X - Somos Vicencianos","isPartOf":{"@id":"https:\/\/vincentians.com\/es\/#website"},"primaryImageOfPage":{"@id":"http:\/\/vincentians.com\/es\/vicente-de-paul-documento-078-carta-de-los-obispos-de-francia-al-papa-inocencio-x\/#primaryimage"},"image":{"@id":"http:\/\/vincentians.com\/es\/vicente-de-paul-documento-078-carta-de-los-obispos-de-francia-al-papa-inocencio-x\/#primaryimage"},"thumbnailUrl":"https:\/\/i0.wp.com\/vincentians.com\/es\/wp-content\/uploads\/sites\/11\/2016\/07\/escritos-vicente-de-paul.jpg?fit=1200%2C630","datePublished":"2010-02-23T23:20:59+00:00","dateModified":"2016-07-26T17:51:09+00:00","breadcrumb":{"@id":"http:\/\/vincentians.com\/es\/vicente-de-paul-documento-078-carta-de-los-obispos-de-francia-al-papa-inocencio-x\/#breadcrumb"},"inLanguage":"es","potentialAction":[{"@type":"ReadAction","target":["http:\/\/vincentians.com\/es\/vicente-de-paul-documento-078-carta-de-los-obispos-de-francia-al-papa-inocencio-x\/"]}]},{"@type":"ImageObject","inLanguage":"es","@id":"http:\/\/vincentians.com\/es\/vicente-de-paul-documento-078-carta-de-los-obispos-de-francia-al-papa-inocencio-x\/#primaryimage","url":"https:\/\/i0.wp.com\/vincentians.com\/es\/wp-content\/uploads\/sites\/11\/2016\/07\/escritos-vicente-de-paul.jpg?fit=1200%2C630","contentUrl":"https:\/\/i0.wp.com\/vincentians.com\/es\/wp-content\/uploads\/sites\/11\/2016\/07\/escritos-vicente-de-paul.jpg?fit=1200%2C630","width":1200,"height":630},{"@type":"BreadcrumbList","@id":"http:\/\/vincentians.com\/es\/vicente-de-paul-documento-078-carta-de-los-obispos-de-francia-al-papa-inocencio-x\/#breadcrumb","itemListElement":[{"@type":"ListItem","position":1,"name":"Portada","item":"https:\/\/vincentians.com\/es\/"},{"@type":"ListItem","position":2,"name":"Vicente de Pa\u00fal, Documento 078: Carta De Los Obispos De Francia Al Papa Inocencio X"}]},{"@type":"WebSite","@id":"https:\/\/vincentians.com\/es\/#website","url":"https:\/\/vincentians.com\/es\/","name":"Somos Vicencianos","description":"Know more to serve more","publisher":{"@id":"https:\/\/vincentians.com\/es\/#organization"},"potentialAction":[{"@type":"SearchAction","target":{"@type":"EntryPoint","urlTemplate":"https:\/\/vincentians.com\/es\/?s={search_term_string}"},"query-input":{"@type":"PropertyValueSpecification","valueRequired":true,"valueName":"search_term_string"}}],"inLanguage":"es"},{"@type":"Organization","@id":"https:\/\/vincentians.com\/es\/#organization","name":"The Vincentian Network","url":"https:\/\/vincentians.com\/es\/","logo":{"@type":"ImageObject","inLanguage":"es","@id":"https:\/\/vincentians.com\/es\/#\/schema\/logo\/image\/","url":"https:\/\/i1.wp.com\/vincentians.com\/es\/wp-content\/uploads\/sites\/11\/2016\/06\/Vincentian-Network-logo-big.png?fit=778%2C778","contentUrl":"https:\/\/i1.wp.com\/vincentians.com\/es\/wp-content\/uploads\/sites\/11\/2016\/06\/Vincentian-Network-logo-big.png?fit=778%2C778","width":778,"height":778,"caption":"The Vincentian Network"},"image":{"@id":"https:\/\/vincentians.com\/es\/#\/schema\/logo\/image\/"},"sameAs":["https:\/\/www.facebook.com\/WeAreVincentians\/","https:\/\/x.com\/WeVincentians"]},{"@type":"Person","@id":"https:\/\/vincentians.com\/es\/#\/schema\/person\/9623ef4d9aa3b2dfb8c061f1499288f2","name":"Francisco Javier Fern\u00e1ndez Chento","image":{"@type":"ImageObject","inLanguage":"es","@id":"https:\/\/vincentians.com\/es\/#\/schema\/person\/image\/","url":"https:\/\/secure.gravatar.com\/avatar\/497d5cde87b4c3d097d0315953521681ba2cd523ee66e5077c3711f7021e65de?s=96&d=mm&r=g","contentUrl":"https:\/\/secure.gravatar.com\/avatar\/497d5cde87b4c3d097d0315953521681ba2cd523ee66e5077c3711f7021e65de?s=96&d=mm&r=g","caption":"Francisco Javier Fern\u00e1ndez Chento"},"description":"Director General y cofundador de La Red de Formaci\u00f3n Vicenciana. Javier es laico vicenciano, afiliado a la Congregaci\u00f3n de la Misi\u00f3n y miembro del Equipo de Misiones Populares de la provincia can\u00f3nica de Zaragoza (Espa\u00f1a) de la Congregaci\u00f3n de la Misi\u00f3n. Graduado en la Universidad Oberta de Catalunya con cuatro grados (Asistente de direcci\u00f3n, Gesti\u00f3n Administrativa, Recursos Humanos y Contabilidad Avanzada). Bil\u00edng\u00fce Espa\u00f1ol\/Ingl\u00e9s. gestiona y mantiene varias p\u00e1ginas web cristianas y vicencianas, incluida including La Red de Formaci\u00f3n Vicenciana, de la que es cofundador. Actualmente es responsable del \u00e1rea de Espa\u00f1ol de .famvin, la Red de Noticias de la Familia Vicenciana. Tambi\u00e9n es m\u00fasico cat\u00f3lico y ha editado varios discos. Es Director General y cofundador de Trovador, una reconocida compa\u00f1\u00eda discogr\u00e1fica critiana de Espa\u00f1a. Trabaja en las Tecnolog\u00edas de la Informaci\u00f3n, ofreciendo servicios de alojamiento, dise\u00f1o y mantenimiento Web, as\u00ed como asesoramiento, formaci\u00f3n y soluciones inform\u00e1ticas, gesti\u00f3n documental y digitalizaci\u00f3n de textos, edici\u00f3n y maquetaci\u00f3n de libros, revistas, flyers, etc.","sameAs":["http:\/\/chento.org","https:\/\/www.facebook.com\/JavierChento","https:\/\/x.com\/https:\/\/twitter.com\/javierchento"],"url":"http:\/\/vincentians.com\/es\/author\/chento\/"}]}},"jetpack_publicize_connections":[],"jetpack_featured_media_url":"https:\/\/i0.wp.com\/vincentians.com\/es\/wp-content\/uploads\/sites\/11\/2016\/07\/escritos-vicente-de-paul.jpg?fit=1200%2C630","jetpack_sharing_enabled":true,"jetpack_shortlink":"https:\/\/wp.me\/p7ETMF-2Xv","jetpack-related-posts":[{"id":119750,"url":"http:\/\/vincentians.com\/es\/el-senor-vicente-relee-su-vida-hombres-de-oracion\/","url_meta":{"origin":11377,"position":0},"title":"El Se\u00f1or Vicente relee su vida: Hombres de oraci\u00f3n","author":"Francisco Javier Fern\u00e1ndez Chento","date":"06\/05\/2013","format":false,"excerpt":"En medio de tantas ocupaciones, he puesto todo el inter\u00e9s en seguir fiel al estudio, especialmente en teolog\u00eda. Hubo en particular que hacer frente a las teor\u00edas de Ba\u00efus despu\u00e9s de Jansenio y Arnaud. En efecto, en 1637 yo hab\u00eda tenido que adoptar postura, pero fue sobre todo a partir\u2026","rel":"","context":"En \u00abVicente de Pa\u00fal\u00bb","block_context":{"text":"Vicente de Pa\u00fal","link":"http:\/\/vincentians.com\/es\/category\/la-familia-vicenciana\/fundadores\/vicente-de-paul\/"},"img":{"alt_text":"","src":"","width":0,"height":0},"classes":[]},{"id":121553,"url":"http:\/\/vincentians.com\/es\/el-siglo-xvii-frances\/","url_meta":{"origin":11377,"position":1},"title":"El siglo XVII franc\u00e9s","author":"Francisco Javier Fern\u00e1ndez Chento","date":"21\/04\/2022","format":false,"excerpt":"El siglo XVII fue un gran siglo franc\u00e9s, tambi\u00e9n en el orden religioso. Francia, aliada de los protestantes de cara al exterior, pas\u00f3 en su pol\u00edtica interna desde la tolerancia acordada por el Edicto de Nantes a la estricta unidad cat\u00f3\u00adlica. El Cristianismo franc\u00e9s, pese a las sombras jansenis\u00adtas, dio\u2026","rel":"","context":"En \u00abEn tiempos de Vicente de Pa\u00fal\u00bb","block_context":{"text":"En tiempos de Vicente de Pa\u00fal","link":"http:\/\/vincentians.com\/es\/category\/historia-de-la-familia-vicenciana\/en-tiempos-de-vicente-de-paul\/"},"img":{"alt_text":"","src":"https:\/\/i0.wp.com\/vincentians.com\/es\/wp-content\/uploads\/sites\/11\/2013\/04\/p.jpg?fit=550%2C289&resize=350%2C200","width":350,"height":200,"srcset":"https:\/\/i0.wp.com\/vincentians.com\/es\/wp-content\/uploads\/sites\/11\/2013\/04\/p.jpg?fit=550%2C289&resize=350%2C200 1x, https:\/\/i0.wp.com\/vincentians.com\/es\/wp-content\/uploads\/sites\/11\/2013\/04\/p.jpg?fit=550%2C289&resize=525%2C300 1.5x"},"classes":[]},{"id":98951,"url":"http:\/\/vincentians.com\/es\/el-jansenismo\/","url_meta":{"origin":11377,"position":2},"title":"El jansenismo","author":"Francisco Javier Fern\u00e1ndez Chento","date":"10\/04\/2015","format":false,"excerpt":"El sabio holand\u00e9s Cornelio Jansen, en lat\u00edn Jansenius, obispo de Ypr\u00e9s, dej\u00f3 a su muerte, en 1638, una obra sobre la teolog\u00eda de san Agust\u00edn, en la que ense\u00f1aba que la naturaleza humana hab\u00eda quedado totalmente pervertida por el pecado original y que la gracia divina operaba de un modo\u2026","rel":"","context":"En \u00abEn tiempos de Vicente de Pa\u00fal\u00bb","block_context":{"text":"En tiempos de Vicente de Pa\u00fal","link":"http:\/\/vincentians.com\/es\/category\/historia-de-la-familia-vicenciana\/en-tiempos-de-vicente-de-paul\/"},"img":{"alt_text":"","src":"https:\/\/i0.wp.com\/vicencianos.org\/wp-content\/2012\/08\/jansenio-258x300.jpg?resize=350%2C200","width":350,"height":200},"classes":[]},{"id":118538,"url":"http:\/\/vincentians.com\/es\/vicente-de-paul-carta-1091-a-juan-dehorgny\/","url_meta":{"origin":11377,"position":3},"title":"Vicente de Pa\u00fal, Carta 1091: A Juan Dehorgny","author":"Francisco Javier Fern\u00e1ndez Chento","date":"14\/03\/2013","format":false,"excerpt":"Par\u00eds, 25 junio 1648 Padre: La gracia de Nuestro Se\u00f1or sea siempre con nosotros Su \u00faltima carta habla de dos cosas: primero, que les damos cargos de cierta importancia a nuestros hermanos coadjutores, y segundo, que hemos hecho mal en declararnos contrarios a las opiniones de los tiempos Le dir\u00e9\u2026","rel":"","context":"En \u00abEscritos de Vicente de Pa\u00fal\u00bb","block_context":{"text":"Escritos de Vicente de Pa\u00fal","link":"http:\/\/vincentians.com\/es\/category\/escritos\/escritos-de-vicente-de-paul\/"},"img":{"alt_text":"","src":"https:\/\/i0.wp.com\/vincentians.com\/es\/wp-content\/uploads\/sites\/11\/2016\/07\/escritos-vicente-de-paul.jpg?fit=1200%2C630&resize=350%2C200","width":350,"height":200,"srcset":"https:\/\/i0.wp.com\/vincentians.com\/es\/wp-content\/uploads\/sites\/11\/2016\/07\/escritos-vicente-de-paul.jpg?fit=1200%2C630&resize=350%2C200 1x, https:\/\/i0.wp.com\/vincentians.com\/es\/wp-content\/uploads\/sites\/11\/2016\/07\/escritos-vicente-de-paul.jpg?fit=1200%2C630&resize=525%2C300 1.5x, https:\/\/i0.wp.com\/vincentians.com\/es\/wp-content\/uploads\/sites\/11\/2016\/07\/escritos-vicente-de-paul.jpg?fit=1200%2C630&resize=700%2C400 2x, https:\/\/i0.wp.com\/vincentians.com\/es\/wp-content\/uploads\/sites\/11\/2016\/07\/escritos-vicente-de-paul.jpg?fit=1200%2C630&resize=1050%2C600 3x"},"classes":[]},{"id":118566,"url":"http:\/\/vincentians.com\/es\/vicente-de-paul-carta-1105-alano-de-solminihac-a-san-vicente\/","url_meta":{"origin":11377,"position":4},"title":"Vicente de Pa\u00fal, Carta 1105: Alano De Solminihac A San Vicente","author":"Francisco Javier Fern\u00e1ndez Chento","date":"28\/03\/2013","format":false,"excerpt":"Mercu\u00e9s, 28 julio 1648. Padre: El cuidado que hab\u00eda puesto para que no se hablara de las nuevas opiniones en esta ciudad de Cahors ni en el resto de mi di\u00f3cesis ha hecho que hayamos vivido con gran tranquilidad hasta ahora. Pero como el enemigo com\u00fan de la paz no\u2026","rel":"","context":"En \u00abEscritos de Vicente de Pa\u00fal\u00bb","block_context":{"text":"Escritos de Vicente de Pa\u00fal","link":"http:\/\/vincentians.com\/es\/category\/escritos\/escritos-de-vicente-de-paul\/"},"img":{"alt_text":"","src":"https:\/\/i0.wp.com\/vincentians.com\/es\/wp-content\/uploads\/sites\/11\/2016\/07\/escritos-vicente-de-paul.jpg?fit=1200%2C630&resize=350%2C200","width":350,"height":200,"srcset":"https:\/\/i0.wp.com\/vincentians.com\/es\/wp-content\/uploads\/sites\/11\/2016\/07\/escritos-vicente-de-paul.jpg?fit=1200%2C630&resize=350%2C200 1x, https:\/\/i0.wp.com\/vincentians.com\/es\/wp-content\/uploads\/sites\/11\/2016\/07\/escritos-vicente-de-paul.jpg?fit=1200%2C630&resize=525%2C300 1.5x, https:\/\/i0.wp.com\/vincentians.com\/es\/wp-content\/uploads\/sites\/11\/2016\/07\/escritos-vicente-de-paul.jpg?fit=1200%2C630&resize=700%2C400 2x, https:\/\/i0.wp.com\/vincentians.com\/es\/wp-content\/uploads\/sites\/11\/2016\/07\/escritos-vicente-de-paul.jpg?fit=1200%2C630&resize=1050%2C600 3x"},"classes":[]},{"id":107900,"url":"http:\/\/vincentians.com\/es\/san-vicente-de-paul-su-vida-su-tiempo-sus-obras-su-influencia-libro-5-capitulo-4\/","url_meta":{"origin":11377,"position":5},"title":"San Vicente de Pa\u00fal. Su vida, su tiempo; sus obras, su influencia. Libro 5, cap\u00edtulo 4","author":"Francisco Javier Fern\u00e1ndez Chento","date":"17\/01\/2015","format":false,"excerpt":"Cap\u00edtulo IV. Vicente y el jansenismo despu\u00e9s de la bula. I. Primera conducta de Vicente, -El hecho y el derecho. \u2013Historia y discusi\u00f3n. Desde el momento que lleg\u00f3 la bula, Vicente, lleno de una gratitud y de una alegr\u00eda santas, comenz\u00f3 por dar y mandar dar gracias a Dios. \"Demos\u2026","rel":"","context":"En \u00abVicente de Pa\u00fal\u00bb","block_context":{"text":"Vicente de Pa\u00fal","link":"http:\/\/vincentians.com\/es\/category\/la-familia-vicenciana\/fundadores\/vicente-de-paul\/"},"img":{"alt_text":"","src":"","width":0,"height":0},"classes":[]}],"_links":{"self":[{"href":"http:\/\/vincentians.com\/es\/wp-json\/wp\/v2\/posts\/11377","targetHints":{"allow":["GET"]}}],"collection":[{"href":"http:\/\/vincentians.com\/es\/wp-json\/wp\/v2\/posts"}],"about":[{"href":"http:\/\/vincentians.com\/es\/wp-json\/wp\/v2\/types\/post"}],"author":[{"embeddable":true,"href":"http:\/\/vincentians.com\/es\/wp-json\/wp\/v2\/users\/4"}],"replies":[{"embeddable":true,"href":"http:\/\/vincentians.com\/es\/wp-json\/wp\/v2\/comments?post=11377"}],"version-history":[{"count":0,"href":"http:\/\/vincentians.com\/es\/wp-json\/wp\/v2\/posts\/11377\/revisions"}],"wp:featuredmedia":[{"embeddable":true,"href":"http:\/\/vincentians.com\/es\/wp-json\/wp\/v2\/media\/393753"}],"wp:attachment":[{"href":"http:\/\/vincentians.com\/es\/wp-json\/wp\/v2\/media?parent=11377"}],"wp:term":[{"taxonomy":"category","embeddable":true,"href":"http:\/\/vincentians.com\/es\/wp-json\/wp\/v2\/categories?post=11377"},{"taxonomy":"post_tag","embeddable":true,"href":"http:\/\/vincentians.com\/es\/wp-json\/wp\/v2\/tags?post=11377"}],"curies":[{"name":"wp","href":"https:\/\/api.w.org\/{rel}","templated":true}]}}