{"id":11369,"date":"2010-02-16T08:20:53","date_gmt":"2010-02-16T07:20:53","guid":{"rendered":"http:\/\/www.vicencianos.org\/web\/2010\/02\/16\/vicente-de-paul-documento-070-quejas-contra-el-retraso-del-senor-vicente-en-responder-a-unas-dudas-surgidas-a-proposito-de-un-monasterio\/"},"modified":"2016-07-26T19:51:10","modified_gmt":"2016-07-26T17:51:10","slug":"vicente-de-paul-documento-070-quejas-contra-el-retraso-del-senor-vicente-en-responder-a-unas-dudas-surgidas-a-proposito-de-un-monasterio","status":"publish","type":"post","link":"http:\/\/vincentians.com\/es\/vicente-de-paul-documento-070-quejas-contra-el-retraso-del-senor-vicente-en-responder-a-unas-dudas-surgidas-a-proposito-de-un-monasterio\/","title":{"rendered":"Vicente de Pa\u00fal, Documento 070: Quejas Contra El Retraso Del Se\u00f1or Vicente En Responder A Unas Dudas Surgidas A Proposito De Un Monasterio"},"content":{"rendered":"<p>Para aclaraci\u00f3n de las dudas surgidas en el consejo de conciencia celebrado en Saint-Germain-en-Laye el 28 de octubre \u00faltimo (1648), sobre si el priorato de Proulian, de la orden de Santo Domingo, es electivo o si depende del nombramiento de rey.<\/p>\n<p>Se advertir\u00e1 que el monasterio de Proulian es de fundaci\u00f3n real, por lo que sus prioras han obtenido su provisi\u00f3n en Roma en virtud del nombramiento que hacen de ellas los reyes de Francia y como han hecho desde siempre, sin que se recuerde lo contrario, tal como aparece por los ejemplos siguientes:<\/p>\n<p>Primero, el a\u00f1o 1554, habiendo quedado vacante el priorato de Proulian por fallecimiento de la priora que estaba entonces en el cargo, el rey Francisco I, a imitaci\u00f3n de sus predecesores que hab\u00edan nombrado siempre a dicha priora, nombr\u00f3 a Margarita de Navarra, religiosa, para que la proveyera el santo padre el Papa.<\/p>\n<p>Tras la muerte de dicha Margarita de Navarra, el rey Enrique ll nombr\u00f3 priora a Margarita de Monluc, hija del mariscal de Monluc, que debido a sus enfermedades ordinarias resign\u00f3 dicho priorato de Proulian en favor de sor Catalina de Baratuau, religiosa de dicho monasterio.<\/p>\n<p>Habiendo sido aprobada esta resignaci\u00f3n por el rey Enrique lll, Su Majestad dio \u00f3rdenes de expedir un breve el 27 de enero de 1588, en virtud del cual dicha religiosa obtuvo su provisi\u00f3n en la corte de Roma el I de abril de dicho a\u00f1o, tomando posesi\u00f3n del priorato el 3 de agosto de 1588.<\/p>\n<p>Despu\u00e9s de haber gozado pac\u00edficamente de dicho priorato de Proulian desde 1588 hasta el a\u00f1o 1605, la mencionada Catalina de Baratuau, vi\u00e9ndose cargada de a\u00f1os y con muy mala salud, quiso descargarse de la direcci\u00f3n de las religiosas y ponerla en manos de Antonieta de S\u00e9rillac, en favor de la cual hizo una resignaci\u00f3n entregando el priorato en manos del rey de feliz memoria Enrique IV, que en breve de 24 de febrero de 1606 nombr\u00f3 priora a dicha Antonieta de S\u00e9rillac; \u00e9sta fue mantenida en plena posesi\u00f3n del mismo priorato por decreto del consejo supremo del 16 de septiembre de 1608, sin tener en consideraci\u00f3n la pretendida elecci\u00f3n que algunas religiosas de Proulian hab\u00edan hecho de la persona de sor Eleonor Dassis a la que hab\u00edan elegido priora de dicho monasterio, aboliendo el derecho de nombramiento, ni la oposici\u00f3n del general de la orden de Santo Domingo ni la del provincial de los Predicadores de la provincia de Toulouse; puede verse dicho breve y decreto, las notas en las letras A y B.<\/p>\n<p>Despu\u00e9s de dicho decreto, Antonieta de S\u00e9rillac goz\u00f3 siempre durante su vida sin contradicci\u00f3n alguna de dicho priorato de Proulian, rindi\u00e9ndole siempre las religiosas la obediencia que le deb\u00edan durante los cuarenta y dos a\u00f1os que ella rigi\u00f3 y gobern\u00f3 el monasterio de Proulian. Despu\u00e9s de aquel tiempo, vi\u00e9ndose aquejada de numerosas enfermedades, resolvi\u00f3 descargarse de la direcci\u00f3n de dicho monasterio, encargado a sor Luisa de S\u00e9rillac, religiosa del mismo, educada y formada desde su infancia en la religi\u00f3n de santo Domingo por dicha Antonieta, su t\u00eda. Para ello dio los debidos poderes para poner dicho priorato en manos de Su Majestad y obtener su breve de nombramiento en favor de dicha Luisa de S\u00e9rillac. Estos poderes y resignaci\u00f3n fueron entregados en manos del se\u00f1or Vicente, para que \u00e9ste informase al consejo de conciencia. Pero en lugar de hacerlo, ha ido retrasando su propuesta de la resignaci\u00f3n a dicho consejo hasta el punto de que inter has moras ha fallecido la mencionada Antonieta de S\u00e9rillac. Este acta de resignaci\u00f3n lleva la fecha de 15 de enero de 1647, anotada con la letra C.<\/p>\n<p>Tras la muerte de dicha Antonieta de S\u00e9rillac, la ambici\u00f3n de la mencionada Dassis recobr\u00f3 sus viejas energ\u00edas, pues con la intriga de cinco o seis religiosas de dicho monasterio se ha hecho elegir priora de Proulian, sin tener en cuenta que, como no hab\u00eda podido mantenerse la primera elecci\u00f3n que se hab\u00eda hecho de su persona hace cuarenta y dos a\u00f1os, tal como hab\u00eda declarado el decreto del consejo supremo teni\u00e9ndola por nula y abusiva, tampoco puede aceptarse esta segunda elecci\u00f3n por carecer de todo fundamento.<\/p>\n<p>Esta consideraci\u00f3n ha obligado a siete religiosas de las m\u00e1s antiguas del monasterio de Proulian a oponerse a la elecci\u00f3n de dicha Dassis, sosteniendo, tal como decidi\u00f3 el decreto anterior, que dicho priorato no es electivo, sino que depende del nombramiento del rey. Dicha acta de oposici\u00f3n, con fecha de 18 de septiembre pasado, est\u00e1 anotada con la letra D.<\/p>\n<p>La mencionada sor Luisa de S\u00e9rillac, que no puede ver todos estos des\u00f3rdenes de Proulian m\u00e1s que con ojos ba\u00f1ados en l\u00e1grimas ni considerarlos m\u00e1s que con un esp\u00edritu lleno de dolor por la falta de admisi\u00f3n de dicha resignaci\u00f3n que hab\u00eda hecho en su favor del dicho priorato de Proulian su t\u00eda la mencionada Antonieta de S\u00e9rillac, suplica muy humildemente a Su Majestad que no permita que el retraso del se\u00f1or Vicente le resulte perjudicial, sino que le haga el favor de nombrarla para dicho priorato, ordene la expedici\u00f3n del breve y con ello obligue a dicha Luisa de S\u00e9rillac a seguir rezando durante toda su vida por la salud de Su Majestad.<\/p>\n<p>Y para justificaci\u00f3n de que dicha Luisa tiene la edad requerida y las debidas cualidades, acompa\u00f1a el certificado de su bautismo y el acta de su profesi\u00f3n, anotados con las letras E y F.<\/p>\n","protected":false},"excerpt":{"rendered":"<p>Para aclaraci\u00f3n de las dudas surgidas en el consejo de conciencia celebrado en Saint-Germain-en-Laye el 28 de octubre \u00faltimo (1648), sobre si el priorato de Proulian, de la orden de Santo Domingo, es electivo o &#8230; <a href=\"http:\/\/vincentians.com\/es\/vicente-de-paul-documento-070-quejas-contra-el-retraso-del-senor-vicente-en-responder-a-unas-dudas-surgidas-a-proposito-de-un-monasterio\/\" class=\"more-link\">Read More<\/a><\/p>\n","protected":false},"author":4,"featured_media":393753,"comment_status":"open","ping_status":"open","sticky":false,"template":"","format":"standard","meta":{"jetpack_post_was_ever_published":false,"_jetpack_newsletter_access":"","_jetpack_dont_email_post_to_subs":false,"_jetpack_newsletter_tier_id":0,"_jetpack_memberships_contains_paywalled_content":false,"_jetpack_memberships_contains_paid_content":false,"footnotes":"","jetpack_publicize_message":"","jetpack_publicize_feature_enabled":true,"jetpack_social_post_already_shared":true,"jetpack_social_options":{"image_generator_settings":{"template":"highway","default_image_id":0,"font":"","enabled":false},"version":2}},"categories":[65],"tags":[147],"class_list":["post-11369","post","type-post","status-publish","format-standard","has-post-thumbnail","hentry","category-escritos-de-vicente-de-paul","tag-santo-domingo"],"yoast_head":"<!-- This site is optimized with the Yoast SEO plugin v26.3 - https:\/\/yoast.com\/wordpress\/plugins\/seo\/ -->\n<title>Vicente de Pa\u00fal, Documento 070: Quejas Contra El Retraso Del Se\u00f1or Vicente En Responder A Unas Dudas Surgidas A Proposito De Un Monasterio - Somos Vicencianos<\/title>\n<meta name=\"robots\" content=\"index, follow, max-snippet:-1, max-image-preview:large, max-video-preview:-1\" \/>\n<link rel=\"canonical\" href=\"http:\/\/vincentians.com\/es\/vicente-de-paul-documento-070-quejas-contra-el-retraso-del-senor-vicente-en-responder-a-unas-dudas-surgidas-a-proposito-de-un-monasterio\/\" \/>\n<meta property=\"og:locale\" content=\"es_ES\" \/>\n<meta property=\"og:type\" content=\"article\" \/>\n<meta property=\"og:title\" content=\"Vicente de Pa\u00fal, Documento 070: Quejas Contra El Retraso Del Se\u00f1or Vicente En Responder A Unas Dudas Surgidas A Proposito De Un Monasterio - Somos Vicencianos\" \/>\n<meta property=\"og:description\" content=\"Para aclaraci\u00f3n de las dudas surgidas en el consejo de conciencia celebrado en Saint-Germain-en-Laye el 28 de octubre \u00faltimo (1648), sobre si el priorato de Proulian, de la orden de Santo Domingo, es electivo o ... Read More\" \/>\n<meta property=\"og:url\" content=\"http:\/\/vincentians.com\/es\/vicente-de-paul-documento-070-quejas-contra-el-retraso-del-senor-vicente-en-responder-a-unas-dudas-surgidas-a-proposito-de-un-monasterio\/\" \/>\n<meta property=\"og:site_name\" content=\"Somos Vicencianos\" \/>\n<meta property=\"article:publisher\" content=\"https:\/\/www.facebook.com\/WeAreVincentians\/\" \/>\n<meta property=\"article:author\" content=\"https:\/\/www.facebook.com\/JavierChento\" \/>\n<meta property=\"article:published_time\" content=\"2010-02-16T07:20:53+00:00\" \/>\n<meta property=\"article:modified_time\" content=\"2016-07-26T17:51:10+00:00\" \/>\n<meta property=\"og:image\" content=\"https:\/\/i0.wp.com\/vincentians.com\/es\/wp-content\/uploads\/sites\/11\/2016\/07\/escritos-vicente-de-paul.jpg?fit=1200%2C630\" \/>\n\t<meta property=\"og:image:width\" content=\"1200\" \/>\n\t<meta property=\"og:image:height\" content=\"630\" \/>\n\t<meta property=\"og:image:type\" content=\"image\/jpeg\" \/>\n<meta name=\"author\" content=\"Francisco Javier Fern\u00e1ndez Chento\" \/>\n<meta name=\"twitter:card\" content=\"summary_large_image\" \/>\n<meta name=\"twitter:creator\" content=\"@https:\/\/twitter.com\/javierchento\" \/>\n<meta name=\"twitter:site\" content=\"@WeVincentians\" \/>\n<meta name=\"twitter:label1\" content=\"Escrito por\" \/>\n\t<meta name=\"twitter:data1\" content=\"Francisco Javier Fern\u00e1ndez Chento\" \/>\n\t<meta name=\"twitter:label2\" content=\"Tiempo de lectura\" \/>\n\t<meta name=\"twitter:data2\" content=\"5 minutos\" \/>\n<script type=\"application\/ld+json\" class=\"yoast-schema-graph\">{\"@context\":\"https:\/\/schema.org\",\"@graph\":[{\"@type\":\"Article\",\"@id\":\"http:\/\/vincentians.com\/es\/vicente-de-paul-documento-070-quejas-contra-el-retraso-del-senor-vicente-en-responder-a-unas-dudas-surgidas-a-proposito-de-un-monasterio\/#article\",\"isPartOf\":{\"@id\":\"http:\/\/vincentians.com\/es\/vicente-de-paul-documento-070-quejas-contra-el-retraso-del-senor-vicente-en-responder-a-unas-dudas-surgidas-a-proposito-de-un-monasterio\/\"},\"author\":{\"name\":\"Francisco Javier Fern\u00e1ndez Chento\",\"@id\":\"https:\/\/vincentians.com\/es\/#\/schema\/person\/9623ef4d9aa3b2dfb8c061f1499288f2\"},\"headline\":\"Vicente de Pa\u00fal, Documento 070: Quejas Contra El Retraso Del Se\u00f1or Vicente En Responder A Unas Dudas Surgidas A Proposito De Un Monasterio\",\"datePublished\":\"2010-02-16T07:20:53+00:00\",\"dateModified\":\"2016-07-26T17:51:10+00:00\",\"mainEntityOfPage\":{\"@id\":\"http:\/\/vincentians.com\/es\/vicente-de-paul-documento-070-quejas-contra-el-retraso-del-senor-vicente-en-responder-a-unas-dudas-surgidas-a-proposito-de-un-monasterio\/\"},\"wordCount\":982,\"commentCount\":0,\"publisher\":{\"@id\":\"https:\/\/vincentians.com\/es\/#organization\"},\"image\":{\"@id\":\"http:\/\/vincentians.com\/es\/vicente-de-paul-documento-070-quejas-contra-el-retraso-del-senor-vicente-en-responder-a-unas-dudas-surgidas-a-proposito-de-un-monasterio\/#primaryimage\"},\"thumbnailUrl\":\"https:\/\/i0.wp.com\/vincentians.com\/es\/wp-content\/uploads\/sites\/11\/2016\/07\/escritos-vicente-de-paul.jpg?fit=1200%2C630\",\"keywords\":[\"Santo Domingo\"],\"articleSection\":[\"Escritos de Vicente de Pa\u00fal\"],\"inLanguage\":\"es\",\"potentialAction\":[{\"@type\":\"CommentAction\",\"name\":\"Comment\",\"target\":[\"http:\/\/vincentians.com\/es\/vicente-de-paul-documento-070-quejas-contra-el-retraso-del-senor-vicente-en-responder-a-unas-dudas-surgidas-a-proposito-de-un-monasterio\/#respond\"]}]},{\"@type\":\"WebPage\",\"@id\":\"http:\/\/vincentians.com\/es\/vicente-de-paul-documento-070-quejas-contra-el-retraso-del-senor-vicente-en-responder-a-unas-dudas-surgidas-a-proposito-de-un-monasterio\/\",\"url\":\"http:\/\/vincentians.com\/es\/vicente-de-paul-documento-070-quejas-contra-el-retraso-del-senor-vicente-en-responder-a-unas-dudas-surgidas-a-proposito-de-un-monasterio\/\",\"name\":\"Vicente de Pa\u00fal, Documento 070: Quejas Contra El Retraso Del Se\u00f1or Vicente En Responder A Unas Dudas Surgidas A Proposito De Un Monasterio - Somos Vicencianos\",\"isPartOf\":{\"@id\":\"https:\/\/vincentians.com\/es\/#website\"},\"primaryImageOfPage\":{\"@id\":\"http:\/\/vincentians.com\/es\/vicente-de-paul-documento-070-quejas-contra-el-retraso-del-senor-vicente-en-responder-a-unas-dudas-surgidas-a-proposito-de-un-monasterio\/#primaryimage\"},\"image\":{\"@id\":\"http:\/\/vincentians.com\/es\/vicente-de-paul-documento-070-quejas-contra-el-retraso-del-senor-vicente-en-responder-a-unas-dudas-surgidas-a-proposito-de-un-monasterio\/#primaryimage\"},\"thumbnailUrl\":\"https:\/\/i0.wp.com\/vincentians.com\/es\/wp-content\/uploads\/sites\/11\/2016\/07\/escritos-vicente-de-paul.jpg?fit=1200%2C630\",\"datePublished\":\"2010-02-16T07:20:53+00:00\",\"dateModified\":\"2016-07-26T17:51:10+00:00\",\"breadcrumb\":{\"@id\":\"http:\/\/vincentians.com\/es\/vicente-de-paul-documento-070-quejas-contra-el-retraso-del-senor-vicente-en-responder-a-unas-dudas-surgidas-a-proposito-de-un-monasterio\/#breadcrumb\"},\"inLanguage\":\"es\",\"potentialAction\":[{\"@type\":\"ReadAction\",\"target\":[\"http:\/\/vincentians.com\/es\/vicente-de-paul-documento-070-quejas-contra-el-retraso-del-senor-vicente-en-responder-a-unas-dudas-surgidas-a-proposito-de-un-monasterio\/\"]}]},{\"@type\":\"ImageObject\",\"inLanguage\":\"es\",\"@id\":\"http:\/\/vincentians.com\/es\/vicente-de-paul-documento-070-quejas-contra-el-retraso-del-senor-vicente-en-responder-a-unas-dudas-surgidas-a-proposito-de-un-monasterio\/#primaryimage\",\"url\":\"https:\/\/i0.wp.com\/vincentians.com\/es\/wp-content\/uploads\/sites\/11\/2016\/07\/escritos-vicente-de-paul.jpg?fit=1200%2C630\",\"contentUrl\":\"https:\/\/i0.wp.com\/vincentians.com\/es\/wp-content\/uploads\/sites\/11\/2016\/07\/escritos-vicente-de-paul.jpg?fit=1200%2C630\",\"width\":1200,\"height\":630},{\"@type\":\"BreadcrumbList\",\"@id\":\"http:\/\/vincentians.com\/es\/vicente-de-paul-documento-070-quejas-contra-el-retraso-del-senor-vicente-en-responder-a-unas-dudas-surgidas-a-proposito-de-un-monasterio\/#breadcrumb\",\"itemListElement\":[{\"@type\":\"ListItem\",\"position\":1,\"name\":\"Portada\",\"item\":\"https:\/\/vincentians.com\/es\/\"},{\"@type\":\"ListItem\",\"position\":2,\"name\":\"Vicente de Pa\u00fal, Documento 070: Quejas Contra El Retraso Del Se\u00f1or Vicente En Responder A Unas Dudas Surgidas A Proposito De Un Monasterio\"}]},{\"@type\":\"WebSite\",\"@id\":\"https:\/\/vincentians.com\/es\/#website\",\"url\":\"https:\/\/vincentians.com\/es\/\",\"name\":\"Somos Vicencianos\",\"description\":\"Know more to serve more\",\"publisher\":{\"@id\":\"https:\/\/vincentians.com\/es\/#organization\"},\"potentialAction\":[{\"@type\":\"SearchAction\",\"target\":{\"@type\":\"EntryPoint\",\"urlTemplate\":\"https:\/\/vincentians.com\/es\/?s={search_term_string}\"},\"query-input\":{\"@type\":\"PropertyValueSpecification\",\"valueRequired\":true,\"valueName\":\"search_term_string\"}}],\"inLanguage\":\"es\"},{\"@type\":\"Organization\",\"@id\":\"https:\/\/vincentians.com\/es\/#organization\",\"name\":\"The Vincentian Network\",\"url\":\"https:\/\/vincentians.com\/es\/\",\"logo\":{\"@type\":\"ImageObject\",\"inLanguage\":\"es\",\"@id\":\"https:\/\/vincentians.com\/es\/#\/schema\/logo\/image\/\",\"url\":\"https:\/\/i1.wp.com\/vincentians.com\/es\/wp-content\/uploads\/sites\/11\/2016\/06\/Vincentian-Network-logo-big.png?fit=778%2C778\",\"contentUrl\":\"https:\/\/i1.wp.com\/vincentians.com\/es\/wp-content\/uploads\/sites\/11\/2016\/06\/Vincentian-Network-logo-big.png?fit=778%2C778\",\"width\":778,\"height\":778,\"caption\":\"The Vincentian Network\"},\"image\":{\"@id\":\"https:\/\/vincentians.com\/es\/#\/schema\/logo\/image\/\"},\"sameAs\":[\"https:\/\/www.facebook.com\/WeAreVincentians\/\",\"https:\/\/x.com\/WeVincentians\"]},{\"@type\":\"Person\",\"@id\":\"https:\/\/vincentians.com\/es\/#\/schema\/person\/9623ef4d9aa3b2dfb8c061f1499288f2\",\"name\":\"Francisco Javier Fern\u00e1ndez Chento\",\"image\":{\"@type\":\"ImageObject\",\"inLanguage\":\"es\",\"@id\":\"https:\/\/vincentians.com\/es\/#\/schema\/person\/image\/\",\"url\":\"https:\/\/secure.gravatar.com\/avatar\/497d5cde87b4c3d097d0315953521681ba2cd523ee66e5077c3711f7021e65de?s=96&d=mm&r=g\",\"contentUrl\":\"https:\/\/secure.gravatar.com\/avatar\/497d5cde87b4c3d097d0315953521681ba2cd523ee66e5077c3711f7021e65de?s=96&d=mm&r=g\",\"caption\":\"Francisco Javier Fern\u00e1ndez Chento\"},\"description\":\"Director General y cofundador de La Red de Formaci\u00f3n Vicenciana. Javier es laico vicenciano, afiliado a la Congregaci\u00f3n de la Misi\u00f3n y miembro del Equipo de Misiones Populares de la provincia can\u00f3nica de Zaragoza (Espa\u00f1a) de la Congregaci\u00f3n de la Misi\u00f3n. Graduado en la Universidad Oberta de Catalunya con cuatro grados (Asistente de direcci\u00f3n, Gesti\u00f3n Administrativa, Recursos Humanos y Contabilidad Avanzada). Bil\u00edng\u00fce Espa\u00f1ol\/Ingl\u00e9s. gestiona y mantiene varias p\u00e1ginas web cristianas y vicencianas, incluida including La Red de Formaci\u00f3n Vicenciana, de la que es cofundador. Actualmente es responsable del \u00e1rea de Espa\u00f1ol de .famvin, la Red de Noticias de la Familia Vicenciana. Tambi\u00e9n es m\u00fasico cat\u00f3lico y ha editado varios discos. Es Director General y cofundador de Trovador, una reconocida compa\u00f1\u00eda discogr\u00e1fica critiana de Espa\u00f1a. Trabaja en las Tecnolog\u00edas de la Informaci\u00f3n, ofreciendo servicios de alojamiento, dise\u00f1o y mantenimiento Web, as\u00ed como asesoramiento, formaci\u00f3n y soluciones inform\u00e1ticas, gesti\u00f3n documental y digitalizaci\u00f3n de textos, edici\u00f3n y maquetaci\u00f3n de libros, revistas, flyers, etc.\",\"sameAs\":[\"http:\/\/chento.org\",\"https:\/\/www.facebook.com\/JavierChento\",\"https:\/\/x.com\/https:\/\/twitter.com\/javierchento\"],\"url\":\"http:\/\/vincentians.com\/es\/author\/chento\/\"}]}<\/script>\n<!-- \/ Yoast SEO plugin. -->","yoast_head_json":{"title":"Vicente de Pa\u00fal, Documento 070: Quejas Contra El Retraso Del Se\u00f1or Vicente En Responder A Unas Dudas Surgidas A Proposito De Un Monasterio - Somos Vicencianos","robots":{"index":"index","follow":"follow","max-snippet":"max-snippet:-1","max-image-preview":"max-image-preview:large","max-video-preview":"max-video-preview:-1"},"canonical":"http:\/\/vincentians.com\/es\/vicente-de-paul-documento-070-quejas-contra-el-retraso-del-senor-vicente-en-responder-a-unas-dudas-surgidas-a-proposito-de-un-monasterio\/","og_locale":"es_ES","og_type":"article","og_title":"Vicente de Pa\u00fal, Documento 070: Quejas Contra El Retraso Del Se\u00f1or Vicente En Responder A Unas Dudas Surgidas A Proposito De Un Monasterio - Somos Vicencianos","og_description":"Para aclaraci\u00f3n de las dudas surgidas en el consejo de conciencia celebrado en Saint-Germain-en-Laye el 28 de octubre \u00faltimo (1648), sobre si el priorato de Proulian, de la orden de Santo Domingo, es electivo o ... Read More","og_url":"http:\/\/vincentians.com\/es\/vicente-de-paul-documento-070-quejas-contra-el-retraso-del-senor-vicente-en-responder-a-unas-dudas-surgidas-a-proposito-de-un-monasterio\/","og_site_name":"Somos Vicencianos","article_publisher":"https:\/\/www.facebook.com\/WeAreVincentians\/","article_author":"https:\/\/www.facebook.com\/JavierChento","article_published_time":"2010-02-16T07:20:53+00:00","article_modified_time":"2016-07-26T17:51:10+00:00","og_image":[{"width":1200,"height":630,"url":"https:\/\/i0.wp.com\/vincentians.com\/es\/wp-content\/uploads\/sites\/11\/2016\/07\/escritos-vicente-de-paul.jpg?fit=1200%2C630","type":"image\/jpeg"}],"author":"Francisco Javier Fern\u00e1ndez Chento","twitter_card":"summary_large_image","twitter_creator":"@https:\/\/twitter.com\/javierchento","twitter_site":"@WeVincentians","twitter_misc":{"Escrito por":"Francisco Javier Fern\u00e1ndez Chento","Tiempo de lectura":"5 minutos"},"schema":{"@context":"https:\/\/schema.org","@graph":[{"@type":"Article","@id":"http:\/\/vincentians.com\/es\/vicente-de-paul-documento-070-quejas-contra-el-retraso-del-senor-vicente-en-responder-a-unas-dudas-surgidas-a-proposito-de-un-monasterio\/#article","isPartOf":{"@id":"http:\/\/vincentians.com\/es\/vicente-de-paul-documento-070-quejas-contra-el-retraso-del-senor-vicente-en-responder-a-unas-dudas-surgidas-a-proposito-de-un-monasterio\/"},"author":{"name":"Francisco Javier Fern\u00e1ndez Chento","@id":"https:\/\/vincentians.com\/es\/#\/schema\/person\/9623ef4d9aa3b2dfb8c061f1499288f2"},"headline":"Vicente de Pa\u00fal, Documento 070: Quejas Contra El Retraso Del Se\u00f1or Vicente En Responder A Unas Dudas Surgidas A Proposito De Un Monasterio","datePublished":"2010-02-16T07:20:53+00:00","dateModified":"2016-07-26T17:51:10+00:00","mainEntityOfPage":{"@id":"http:\/\/vincentians.com\/es\/vicente-de-paul-documento-070-quejas-contra-el-retraso-del-senor-vicente-en-responder-a-unas-dudas-surgidas-a-proposito-de-un-monasterio\/"},"wordCount":982,"commentCount":0,"publisher":{"@id":"https:\/\/vincentians.com\/es\/#organization"},"image":{"@id":"http:\/\/vincentians.com\/es\/vicente-de-paul-documento-070-quejas-contra-el-retraso-del-senor-vicente-en-responder-a-unas-dudas-surgidas-a-proposito-de-un-monasterio\/#primaryimage"},"thumbnailUrl":"https:\/\/i0.wp.com\/vincentians.com\/es\/wp-content\/uploads\/sites\/11\/2016\/07\/escritos-vicente-de-paul.jpg?fit=1200%2C630","keywords":["Santo Domingo"],"articleSection":["Escritos de Vicente de Pa\u00fal"],"inLanguage":"es","potentialAction":[{"@type":"CommentAction","name":"Comment","target":["http:\/\/vincentians.com\/es\/vicente-de-paul-documento-070-quejas-contra-el-retraso-del-senor-vicente-en-responder-a-unas-dudas-surgidas-a-proposito-de-un-monasterio\/#respond"]}]},{"@type":"WebPage","@id":"http:\/\/vincentians.com\/es\/vicente-de-paul-documento-070-quejas-contra-el-retraso-del-senor-vicente-en-responder-a-unas-dudas-surgidas-a-proposito-de-un-monasterio\/","url":"http:\/\/vincentians.com\/es\/vicente-de-paul-documento-070-quejas-contra-el-retraso-del-senor-vicente-en-responder-a-unas-dudas-surgidas-a-proposito-de-un-monasterio\/","name":"Vicente de Pa\u00fal, Documento 070: Quejas Contra El Retraso Del Se\u00f1or Vicente En Responder A Unas Dudas Surgidas A Proposito De Un Monasterio - Somos Vicencianos","isPartOf":{"@id":"https:\/\/vincentians.com\/es\/#website"},"primaryImageOfPage":{"@id":"http:\/\/vincentians.com\/es\/vicente-de-paul-documento-070-quejas-contra-el-retraso-del-senor-vicente-en-responder-a-unas-dudas-surgidas-a-proposito-de-un-monasterio\/#primaryimage"},"image":{"@id":"http:\/\/vincentians.com\/es\/vicente-de-paul-documento-070-quejas-contra-el-retraso-del-senor-vicente-en-responder-a-unas-dudas-surgidas-a-proposito-de-un-monasterio\/#primaryimage"},"thumbnailUrl":"https:\/\/i0.wp.com\/vincentians.com\/es\/wp-content\/uploads\/sites\/11\/2016\/07\/escritos-vicente-de-paul.jpg?fit=1200%2C630","datePublished":"2010-02-16T07:20:53+00:00","dateModified":"2016-07-26T17:51:10+00:00","breadcrumb":{"@id":"http:\/\/vincentians.com\/es\/vicente-de-paul-documento-070-quejas-contra-el-retraso-del-senor-vicente-en-responder-a-unas-dudas-surgidas-a-proposito-de-un-monasterio\/#breadcrumb"},"inLanguage":"es","potentialAction":[{"@type":"ReadAction","target":["http:\/\/vincentians.com\/es\/vicente-de-paul-documento-070-quejas-contra-el-retraso-del-senor-vicente-en-responder-a-unas-dudas-surgidas-a-proposito-de-un-monasterio\/"]}]},{"@type":"ImageObject","inLanguage":"es","@id":"http:\/\/vincentians.com\/es\/vicente-de-paul-documento-070-quejas-contra-el-retraso-del-senor-vicente-en-responder-a-unas-dudas-surgidas-a-proposito-de-un-monasterio\/#primaryimage","url":"https:\/\/i0.wp.com\/vincentians.com\/es\/wp-content\/uploads\/sites\/11\/2016\/07\/escritos-vicente-de-paul.jpg?fit=1200%2C630","contentUrl":"https:\/\/i0.wp.com\/vincentians.com\/es\/wp-content\/uploads\/sites\/11\/2016\/07\/escritos-vicente-de-paul.jpg?fit=1200%2C630","width":1200,"height":630},{"@type":"BreadcrumbList","@id":"http:\/\/vincentians.com\/es\/vicente-de-paul-documento-070-quejas-contra-el-retraso-del-senor-vicente-en-responder-a-unas-dudas-surgidas-a-proposito-de-un-monasterio\/#breadcrumb","itemListElement":[{"@type":"ListItem","position":1,"name":"Portada","item":"https:\/\/vincentians.com\/es\/"},{"@type":"ListItem","position":2,"name":"Vicente de Pa\u00fal, Documento 070: Quejas Contra El Retraso Del Se\u00f1or Vicente En Responder A Unas Dudas Surgidas A Proposito De Un Monasterio"}]},{"@type":"WebSite","@id":"https:\/\/vincentians.com\/es\/#website","url":"https:\/\/vincentians.com\/es\/","name":"Somos Vicencianos","description":"Know more to serve more","publisher":{"@id":"https:\/\/vincentians.com\/es\/#organization"},"potentialAction":[{"@type":"SearchAction","target":{"@type":"EntryPoint","urlTemplate":"https:\/\/vincentians.com\/es\/?s={search_term_string}"},"query-input":{"@type":"PropertyValueSpecification","valueRequired":true,"valueName":"search_term_string"}}],"inLanguage":"es"},{"@type":"Organization","@id":"https:\/\/vincentians.com\/es\/#organization","name":"The Vincentian Network","url":"https:\/\/vincentians.com\/es\/","logo":{"@type":"ImageObject","inLanguage":"es","@id":"https:\/\/vincentians.com\/es\/#\/schema\/logo\/image\/","url":"https:\/\/i1.wp.com\/vincentians.com\/es\/wp-content\/uploads\/sites\/11\/2016\/06\/Vincentian-Network-logo-big.png?fit=778%2C778","contentUrl":"https:\/\/i1.wp.com\/vincentians.com\/es\/wp-content\/uploads\/sites\/11\/2016\/06\/Vincentian-Network-logo-big.png?fit=778%2C778","width":778,"height":778,"caption":"The Vincentian Network"},"image":{"@id":"https:\/\/vincentians.com\/es\/#\/schema\/logo\/image\/"},"sameAs":["https:\/\/www.facebook.com\/WeAreVincentians\/","https:\/\/x.com\/WeVincentians"]},{"@type":"Person","@id":"https:\/\/vincentians.com\/es\/#\/schema\/person\/9623ef4d9aa3b2dfb8c061f1499288f2","name":"Francisco Javier Fern\u00e1ndez Chento","image":{"@type":"ImageObject","inLanguage":"es","@id":"https:\/\/vincentians.com\/es\/#\/schema\/person\/image\/","url":"https:\/\/secure.gravatar.com\/avatar\/497d5cde87b4c3d097d0315953521681ba2cd523ee66e5077c3711f7021e65de?s=96&d=mm&r=g","contentUrl":"https:\/\/secure.gravatar.com\/avatar\/497d5cde87b4c3d097d0315953521681ba2cd523ee66e5077c3711f7021e65de?s=96&d=mm&r=g","caption":"Francisco Javier Fern\u00e1ndez Chento"},"description":"Director General y cofundador de La Red de Formaci\u00f3n Vicenciana. Javier es laico vicenciano, afiliado a la Congregaci\u00f3n de la Misi\u00f3n y miembro del Equipo de Misiones Populares de la provincia can\u00f3nica de Zaragoza (Espa\u00f1a) de la Congregaci\u00f3n de la Misi\u00f3n. Graduado en la Universidad Oberta de Catalunya con cuatro grados (Asistente de direcci\u00f3n, Gesti\u00f3n Administrativa, Recursos Humanos y Contabilidad Avanzada). Bil\u00edng\u00fce Espa\u00f1ol\/Ingl\u00e9s. gestiona y mantiene varias p\u00e1ginas web cristianas y vicencianas, incluida including La Red de Formaci\u00f3n Vicenciana, de la que es cofundador. Actualmente es responsable del \u00e1rea de Espa\u00f1ol de .famvin, la Red de Noticias de la Familia Vicenciana. Tambi\u00e9n es m\u00fasico cat\u00f3lico y ha editado varios discos. Es Director General y cofundador de Trovador, una reconocida compa\u00f1\u00eda discogr\u00e1fica critiana de Espa\u00f1a. Trabaja en las Tecnolog\u00edas de la Informaci\u00f3n, ofreciendo servicios de alojamiento, dise\u00f1o y mantenimiento Web, as\u00ed como asesoramiento, formaci\u00f3n y soluciones inform\u00e1ticas, gesti\u00f3n documental y digitalizaci\u00f3n de textos, edici\u00f3n y maquetaci\u00f3n de libros, revistas, flyers, etc.","sameAs":["http:\/\/chento.org","https:\/\/www.facebook.com\/JavierChento","https:\/\/x.com\/https:\/\/twitter.com\/javierchento"],"url":"http:\/\/vincentians.com\/es\/author\/chento\/"}]}},"jetpack_publicize_connections":[],"jetpack_featured_media_url":"https:\/\/i0.wp.com\/vincentians.com\/es\/wp-content\/uploads\/sites\/11\/2016\/07\/escritos-vicente-de-paul.jpg?fit=1200%2C630","jetpack_sharing_enabled":true,"jetpack_shortlink":"https:\/\/wp.me\/p7ETMF-2Xn","jetpack-related-posts":[{"id":404690,"url":"http:\/\/vincentians.com\/es\/la-fundacion-de-san-lazaro-i\/","url_meta":{"origin":11369,"position":0},"title":"La fundaci\u00f3n de san L\u00e1zaro (I)","author":"Mitxel Olabu\u00e9naga","date":"04\/06\/2023","format":false,"excerpt":"HISTORIA El P. M. J. Parang, archivero que fue de la Casa Madre de la Congregaci\u00f3n de la Misi\u00f3n, en Par\u00eds, nos avisa que no podemos encontrar t\u00edtulos originales del antiguo emplazamiento de los terrenos de la casa de San L\u00e1zaro, porque se perdieron durante la guerra de los cien\u2026","rel":"","context":"En \u00abEn tiempos de Vicente de Pa\u00fal\u00bb","block_context":{"text":"En tiempos de Vicente de Pa\u00fal","link":"http:\/\/vincentians.com\/es\/category\/historia-de-la-familia-vicenciana\/en-tiempos-de-vicente-de-paul\/"},"img":{"alt_text":"","src":"https:\/\/i0.wp.com\/vincentians.com\/es\/wp-content\/uploads\/sites\/11\/2013\/04\/Entorno-de-San-Vicente-6-Berceau.jpg?fit=640%2C421&resize=350%2C200","width":350,"height":200,"srcset":"https:\/\/i0.wp.com\/vincentians.com\/es\/wp-content\/uploads\/sites\/11\/2013\/04\/Entorno-de-San-Vicente-6-Berceau.jpg?fit=640%2C421&resize=350%2C200 1x, https:\/\/i0.wp.com\/vincentians.com\/es\/wp-content\/uploads\/sites\/11\/2013\/04\/Entorno-de-San-Vicente-6-Berceau.jpg?fit=640%2C421&resize=525%2C300 1.5x"},"classes":[]},{"id":48657,"url":"http:\/\/vincentians.com\/es\/vida-de-san-vicente-de-paul-de-fray-juan-del-santisimo-sacramento-libro-primero-capitulo-20\/","url_meta":{"origin":11369,"position":1},"title":"Vida de San Vicente de Pa\u00fal, de Fray Juan del Sant\u00edsimo Sacramento. Libro primero, cap\u00edtulo 20","author":"Francisco Javier Fern\u00e1ndez Chento","date":"24\/08\/2011","format":false,"excerpt":"Cap\u00edtulo XX: Entran Vicente y sus misioneros en el priorato de San L\u00e1zaro de la ciudad de Par\u00eds. La Congregaci\u00f3n de la Misi\u00f3n iba creciendo de d\u00eda en d\u00eda por el gran n\u00famero de sacerdotes que entraban a ella, pero el local que ten\u00eda Vicente era poco c\u00f3modo y de\u2026","rel":"","context":"En \u00abVicente de Pa\u00fal\u00bb","block_context":{"text":"Vicente de Pa\u00fal","link":"http:\/\/vincentians.com\/es\/category\/la-familia-vicenciana\/fundadores\/vicente-de-paul\/"},"img":{"alt_text":"","src":"https:\/\/i0.wp.com\/vincentians.com\/es\/wp-content\/uploads\/sites\/11\/2016\/07\/san-vicente-de-fray-juan-del-santisimo-sacramento.jpg?fit=1200%2C630&resize=350%2C200","width":350,"height":200,"srcset":"https:\/\/i0.wp.com\/vincentians.com\/es\/wp-content\/uploads\/sites\/11\/2016\/07\/san-vicente-de-fray-juan-del-santisimo-sacramento.jpg?fit=1200%2C630&resize=350%2C200 1x, https:\/\/i0.wp.com\/vincentians.com\/es\/wp-content\/uploads\/sites\/11\/2016\/07\/san-vicente-de-fray-juan-del-santisimo-sacramento.jpg?fit=1200%2C630&resize=525%2C300 1.5x, https:\/\/i0.wp.com\/vincentians.com\/es\/wp-content\/uploads\/sites\/11\/2016\/07\/san-vicente-de-fray-juan-del-santisimo-sacramento.jpg?fit=1200%2C630&resize=700%2C400 2x, https:\/\/i0.wp.com\/vincentians.com\/es\/wp-content\/uploads\/sites\/11\/2016\/07\/san-vicente-de-fray-juan-del-santisimo-sacramento.jpg?fit=1200%2C630&resize=1050%2C600 3x"},"classes":[]},{"id":398967,"url":"http:\/\/vincentians.com\/es\/vicente-paul-carta-1355-una-abadesa\/","url_meta":{"origin":11369,"position":2},"title":"Vicente de Pa\u00fal, Carta 1355: A Una Abadesa","author":"Francisco Javier Fern\u00e1ndez Chento","date":"24\/11\/2016","format":false,"excerpt":"\u00a0 \u00a0[Entre 1643 y 1652] Me tomo la confianza, se\u00f1ora abadesa, de interceder ante usted, para rogarle que acepte en su abad\u00eda a una de sus religiosas, que dice ser priora de..., y que no pudiendo seguir en su priorato por culpa de la miseria de los tiempos, ha quedado\u2026","rel":"","context":"En \u00abEscritos de Vicente de Pa\u00fal\u00bb","block_context":{"text":"Escritos de Vicente de Pa\u00fal","link":"http:\/\/vincentians.com\/es\/category\/escritos\/escritos-de-vicente-de-paul\/"},"img":{"alt_text":"","src":"https:\/\/i0.wp.com\/vincentians.com\/es\/wp-content\/uploads\/sites\/11\/2016\/07\/escritos-vicente-de-paul.jpg?fit=1200%2C630&resize=350%2C200","width":350,"height":200,"srcset":"https:\/\/i0.wp.com\/vincentians.com\/es\/wp-content\/uploads\/sites\/11\/2016\/07\/escritos-vicente-de-paul.jpg?fit=1200%2C630&resize=350%2C200 1x, https:\/\/i0.wp.com\/vincentians.com\/es\/wp-content\/uploads\/sites\/11\/2016\/07\/escritos-vicente-de-paul.jpg?fit=1200%2C630&resize=525%2C300 1.5x, https:\/\/i0.wp.com\/vincentians.com\/es\/wp-content\/uploads\/sites\/11\/2016\/07\/escritos-vicente-de-paul.jpg?fit=1200%2C630&resize=700%2C400 2x, https:\/\/i0.wp.com\/vincentians.com\/es\/wp-content\/uploads\/sites\/11\/2016\/07\/escritos-vicente-de-paul.jpg?fit=1200%2C630&resize=1050%2C600 3x"},"classes":[]},{"id":15442,"url":"http:\/\/vincentians.com\/es\/vicente-de-paul-documento-131-contrato-de-union-del-priorato-de-san-lazaro-a-la-congregacion-de-la-mision\/","url_meta":{"origin":11369,"position":3},"title":"Vicente de Pa\u00fal, Documento 131: Contrato De Uni\u00f3n Del Priorato De San L\u00e1zaro A La Congregaci\u00f3n De La Misi\u00f3n","author":"Francisco Javier Fern\u00e1ndez Chento","date":"18\/04\/2010","format":false,"excerpt":"7 enero 1632 A todos los que vean la presente, Luis S\u00e9guier, caballero bar\u00f3n de Aint-Brisson, se\u00f1or de Ruaux y de Saint-Firmin consejero del rey, gentilhombre ordinario de su c\u00e1mara y guardi\u00e1n del prebostado de Par\u00eds, salud. Hacemos saber que ante los notarios archiveros del rey nuestro se\u00f1or en el\u2026","rel":"","context":"En \u00abEscritos de Vicente de Pa\u00fal\u00bb","block_context":{"text":"Escritos de Vicente de Pa\u00fal","link":"http:\/\/vincentians.com\/es\/category\/escritos\/escritos-de-vicente-de-paul\/"},"img":{"alt_text":"","src":"https:\/\/i0.wp.com\/vincentians.com\/es\/wp-content\/uploads\/sites\/11\/2016\/07\/escritos-vicente-de-paul.jpg?fit=1200%2C630&resize=350%2C200","width":350,"height":200,"srcset":"https:\/\/i0.wp.com\/vincentians.com\/es\/wp-content\/uploads\/sites\/11\/2016\/07\/escritos-vicente-de-paul.jpg?fit=1200%2C630&resize=350%2C200 1x, https:\/\/i0.wp.com\/vincentians.com\/es\/wp-content\/uploads\/sites\/11\/2016\/07\/escritos-vicente-de-paul.jpg?fit=1200%2C630&resize=525%2C300 1.5x, https:\/\/i0.wp.com\/vincentians.com\/es\/wp-content\/uploads\/sites\/11\/2016\/07\/escritos-vicente-de-paul.jpg?fit=1200%2C630&resize=700%2C400 2x, https:\/\/i0.wp.com\/vincentians.com\/es\/wp-content\/uploads\/sites\/11\/2016\/07\/escritos-vicente-de-paul.jpg?fit=1200%2C630&resize=1050%2C600 3x"},"classes":[]},{"id":115261,"url":"http:\/\/vincentians.com\/es\/casas-de-la-congregacion-de-la-mision-en-paris-en-tiempos-de-san-vicente-ii\/","url_meta":{"origin":11369,"position":4},"title":"Casas de la Congregaci\u00f3n de la Misi\u00f3n en Par\u00eds en tiempos de San Vicente (II)","author":"Francisco Javier Fern\u00e1ndez Chento","date":"06\/10\/2018","format":false,"excerpt":"San L\u00e1zaro El origen de la Casa de San L\u00e1zaro es dif\u00edcil de conocer al perderse sus t\u00edtulos con la guerra de los cien a\u00f1os y con las que siguieron despu\u00e9s. Parece probable que en principio hubo un monasterio dedicado a San Lorenzo pero que fue destruido por los normandos\u2026","rel":"","context":"En \u00abEn tiempos de Vicente de Pa\u00fal\u00bb","block_context":{"text":"En tiempos de Vicente de Pa\u00fal","link":"http:\/\/vincentians.com\/es\/category\/historia-de-la-familia-vicenciana\/en-tiempos-de-vicente-de-paul\/"},"img":{"alt_text":"","src":"https:\/\/i0.wp.com\/vincentians.com\/es\/wp-content\/uploads\/sites\/11\/2011\/11\/HIjas-Caridad.jpg?fit=1200%2C600&resize=350%2C200","width":350,"height":200,"srcset":"https:\/\/i0.wp.com\/vincentians.com\/es\/wp-content\/uploads\/sites\/11\/2011\/11\/HIjas-Caridad.jpg?fit=1200%2C600&resize=350%2C200 1x, https:\/\/i0.wp.com\/vincentians.com\/es\/wp-content\/uploads\/sites\/11\/2011\/11\/HIjas-Caridad.jpg?fit=1200%2C600&resize=525%2C300 1.5x, https:\/\/i0.wp.com\/vincentians.com\/es\/wp-content\/uploads\/sites\/11\/2011\/11\/HIjas-Caridad.jpg?fit=1200%2C600&resize=700%2C400 2x, https:\/\/i0.wp.com\/vincentians.com\/es\/wp-content\/uploads\/sites\/11\/2011\/11\/HIjas-Caridad.jpg?fit=1200%2C600&resize=1050%2C600 3x"},"classes":[]},{"id":50191,"url":"http:\/\/vincentians.com\/es\/vicente-de-paul-carta-0732-alano-de-solminihac-obispo-de-cahors-a-san-vicente\/","url_meta":{"origin":11369,"position":5},"title":"Vicente de Pa\u00fal, Carta 0732: Alano De Solminihac, Obispo De Cahors, A San Vicente","author":"Francisco Javier Fern\u00e1ndez Chento","date":"01\/10\/2011","format":false,"excerpt":"Mercues, 27 de enero de 1644. Padre: Apenas recib\u00ed su carta, hice partir al padre Dufestel, que se fue a buscar al prior de la abad\u00eda de Chancelade, para dirigirse luego los dos a la abad\u00eda de Saint-Pardoux, donde han hecho el informe que deseaba Su Majestad, y que ahora\u2026","rel":"","context":"En \u00abEscritos de Vicente de Pa\u00fal\u00bb","block_context":{"text":"Escritos de Vicente de Pa\u00fal","link":"http:\/\/vincentians.com\/es\/category\/escritos\/escritos-de-vicente-de-paul\/"},"img":{"alt_text":"","src":"https:\/\/i0.wp.com\/vincentians.com\/es\/wp-content\/uploads\/sites\/11\/2016\/07\/escritos-vicente-de-paul.jpg?fit=1200%2C630&resize=350%2C200","width":350,"height":200,"srcset":"https:\/\/i0.wp.com\/vincentians.com\/es\/wp-content\/uploads\/sites\/11\/2016\/07\/escritos-vicente-de-paul.jpg?fit=1200%2C630&resize=350%2C200 1x, https:\/\/i0.wp.com\/vincentians.com\/es\/wp-content\/uploads\/sites\/11\/2016\/07\/escritos-vicente-de-paul.jpg?fit=1200%2C630&resize=525%2C300 1.5x, https:\/\/i0.wp.com\/vincentians.com\/es\/wp-content\/uploads\/sites\/11\/2016\/07\/escritos-vicente-de-paul.jpg?fit=1200%2C630&resize=700%2C400 2x, https:\/\/i0.wp.com\/vincentians.com\/es\/wp-content\/uploads\/sites\/11\/2016\/07\/escritos-vicente-de-paul.jpg?fit=1200%2C630&resize=1050%2C600 3x"},"classes":[]}],"_links":{"self":[{"href":"http:\/\/vincentians.com\/es\/wp-json\/wp\/v2\/posts\/11369","targetHints":{"allow":["GET"]}}],"collection":[{"href":"http:\/\/vincentians.com\/es\/wp-json\/wp\/v2\/posts"}],"about":[{"href":"http:\/\/vincentians.com\/es\/wp-json\/wp\/v2\/types\/post"}],"author":[{"embeddable":true,"href":"http:\/\/vincentians.com\/es\/wp-json\/wp\/v2\/users\/4"}],"replies":[{"embeddable":true,"href":"http:\/\/vincentians.com\/es\/wp-json\/wp\/v2\/comments?post=11369"}],"version-history":[{"count":0,"href":"http:\/\/vincentians.com\/es\/wp-json\/wp\/v2\/posts\/11369\/revisions"}],"wp:featuredmedia":[{"embeddable":true,"href":"http:\/\/vincentians.com\/es\/wp-json\/wp\/v2\/media\/393753"}],"wp:attachment":[{"href":"http:\/\/vincentians.com\/es\/wp-json\/wp\/v2\/media?parent=11369"}],"wp:term":[{"taxonomy":"category","embeddable":true,"href":"http:\/\/vincentians.com\/es\/wp-json\/wp\/v2\/categories?post=11369"},{"taxonomy":"post_tag","embeddable":true,"href":"http:\/\/vincentians.com\/es\/wp-json\/wp\/v2\/tags?post=11369"}],"curies":[{"name":"wp","href":"https:\/\/api.w.org\/{rel}","templated":true}]}}