{"id":11275,"date":"2010-02-17T05:32:52","date_gmt":"2010-02-17T04:32:52","guid":{"rendered":"http:\/\/somos.vicencianos.org\/blog\/?p=11275"},"modified":"2010-02-17T05:32:52","modified_gmt":"2010-02-17T04:32:52","slug":"hermana-metase-en-casa-que-vamos-a-empezar-a-disparar","status":"publish","type":"post","link":"http:\/\/vincentians.com\/es\/hermana-metase-en-casa-que-vamos-a-empezar-a-disparar\/","title":{"rendered":"&#8216;Hermana, m\u00e9tase en casa que vamos a empezar a disparar&#8217;"},"content":{"rendered":"<p style=\"text-align: center\"><a href=\"https:\/\/i0.wp.com\/vicencianos.org\/vicencianos\/files\/2010\/02\/1266365765_0.jpg\"><img data-recalc-dims=\"1\" loading=\"lazy\" decoding=\"async\" class=\"alignnone size-full wp-image-11276\" src=\"https:\/\/i0.wp.com\/vicencianos.org\/vicencianos\/files\/2010\/02\/1266365765_0.jpg?resize=574%2C337\" alt=\"\" width=\"574\" height=\"337\" \/><\/a><\/p>\n<p>Cit\u00e9 Soleil es como la barriada de la pel\u00edcula &#8216;Ciudad de Dios&#8217; de Fernando Meirelles, la trepidante cinta que muestra la miseria y la delincuencia de una de las favelas de R\u00edo de Janeiro. All\u00e1 donde la vida no vale ni un real y <strong>la venganza a tiros es moneda de cambio<\/strong>. Cit\u00e9 Soleil es esa favela trasladada a Puerto Pr\u00edncipe. Pocos que no sean de all\u00ed osan entrar. Es terreno vedado si no quieres que te atraquen y te metan un tiro a las primeras de cambio.<\/p>\n<p>La Polic\u00eda haitiana incluso monta puestos a la entrada de la barriada para evitar el paso de veh\u00edculos de no residentes. Fot\u00f3grafos como <strong>Jos\u00e9 Luis Cuesta<\/strong> o <strong>Crist\u00f3bal Manuel<\/strong> han sido algunos de los <strong>pocos periodistas espa\u00f1oles que se han atrevido a sumergirse en ese laberinto de favelas<\/strong>, separadas por el espacio justo para poder pasar entre ellas casi de lado. Distancia exigua pero suficiente para que un &#8216;Ze Peque\u00f1o&#8217; haitiano te descerraje dos tiros sin verlas venir.<\/p>\n<p>Tres mil de los cerca de <strong>320.000 habitantes<\/strong> de la barriada murieron en el se\u00edsmo y unos 15.000 resultaron heridos. La ayuda humanitaria, sin embargo, tard\u00f3 casi dos semanas en llegar. Fue un despliegue casi de zona de guerra. Helic\u00f3pteros estadounidenses sobrevolando las chabolas, soldados apostados en los tejados y en los veh\u00edculos militares. Y todo, para repartir sacos de arroz.<\/p>\n<p>Tras el terremoto, cerca de <strong>4.000 presos que vieron como los muros<\/strong> de la c\u00e1rcel se ven\u00edan abajo y lograron huir volvieron en su mayor\u00eda a Cit\u00e9 Soleil, uno de las barrios m\u00e1s pobres del mundo, donde el crimen organizado funciona por bandas criminales, responsables de que cada d\u00eda se atiendan all\u00ed hasta tres heridos de bala.<\/p>\n<p>Las \u00fanicas trabajadoras sociales que durante los \u00faltimos treinta a\u00f1os han vivido all\u00ed, han curado las heridas de los hijos de los pobres y delincuentes, les han dado comida y educaci\u00f3n, han sido las Hijas de la Caridad, entre ellas una espa\u00f1ola, Sor Pilar.<\/p>\n<h3>Respeto reverencial<\/h3>\n<p><a href=\"https:\/\/i0.wp.com\/vicencianos.org\/vicencianos\/files\/2010\/02\/1266365765_extras_ladillos_1_0.jpg\"><img data-recalc-dims=\"1\" loading=\"lazy\" decoding=\"async\" class=\"alignright size-full wp-image-11277\" src=\"https:\/\/i0.wp.com\/vicencianos.org\/vicencianos\/files\/2010\/02\/1266365765_extras_ladillos_1_0.jpg?resize=240%2C237\" alt=\"\" width=\"240\" height=\"237\" \/><\/a>El respeto que les profesan los vecinos de los chamizos de aquel lugar infesto de basura es reverencial. \u00abNos avisaban cuando iba a ver problemas; nos dec\u00edan: &#8216;Hermanas, m\u00e9tanse en casa que vamos a empezar a disparar'\u00bb, recuerda Sor Pilar, que muchas veces ha acudido a trabajar en la legaci\u00f3n que las hermanas tienen all\u00ed adem\u00e1s de en Silve La Plane. Dice la hermana que incluso alguna vez han parado tiroteos para dejarlas pasar y que las propias bandas vigilaban que nadie se atreviera a desvalijar los pocos medicamentos que almacenaban en el dispensario. Su grado de ascendencia era tal que hasta se permit\u00eda darles consejos. \u00abRecuerdo que un d\u00eda le dije a uno de ellos &#8216;\u00bfPero cu\u00e1ndo &#8216;v\u00e1is a dejar de dar tiros por ah\u00ed?&#8217;; \u00e9l me respondi\u00f3 <strong>&#8216;Es que no tenemos con que comer'\u00bb<\/strong>.<\/p>\n<p>Por muy m\u00edseros que sea su concepto de lo que vale la vida, los delincuentes de Cit\u00e9 Soleil parecen los primeros en darse cuenta de lo que hacen estas hermanas, as\u00ed como muchos misioneros y voluntarios repartidos por todo el pa\u00eds, muchos de los cuales dan todo a cambio de nada y est\u00e1n orgullosos de su trabajo. \u00abLlevo ya aqu\u00ed 27 a\u00f1os; cuando vuelvo a Pamplona mi familia me dice que me quede, que ya hecho mucho aqu\u00ed; yo siempre les respondo lo mismo; aqu\u00ed ten\u00e9is toda la ayuda que quer\u00e1is, no os falta de nada; all\u00ed no tienen ni para comer\u00bb, asevera Sor Pilar en un relato que te congela la sangre. \u00abY merece mucho la pena\u00bb, remacha.<\/p>\n<p>Espa\u00f1a se ha volcado con la ayuda a Hait\u00ed. El propio Ej\u00e9rcito, ONG\u00b4s, bomberos, m\u00e9dicos y particulares han acudido all\u00ed pocas horas despu\u00e9s de la cat\u00e1strofe para ayudar, como as\u00ed hizo el proyecto de cooperaci\u00f3n de Madrid Rumbo al Sur (MRS), dirigido por Telmo Aldaz de la Quadra Salcedo, al que ELMUNDO.es ha acompa\u00f1ado durante seis d\u00edas para ver el reparto de ayuda y el trabajo en la zona.<\/p>\n<p>Desde Madrid, mucha gesti\u00f3n previa y durante el viaje, llevada a cabo por Isabel y Mar Aldaz, y duro trabajo en Leogane, donde se ha instalado un campamento junto a la ONG Acoger y Compartir para los ni\u00f1os hu\u00e9rfanos de Puerto Pr\u00edncipe, en un vergel donde los chavales podr\u00e1n seguir sus estudios y tener agua potable, despu\u00e9s de que bomberos alemanes ayudaran ayer al equipo de MRS a llenar el dep\u00f3sito que hab\u00edan instalado. En total, se han repartido por los barrios m\u00e1s pobres hasta seis toneladas de ayuda humanitaria.<\/p>\n<h3>A\u00f1os de trabajo<\/h3>\n<p>Tres de los miembros del grupo se quedan ahora all\u00ed para instalar otra tienda militar de campa\u00f1a en Los Cayos, a seis horas en coche de Leogane. Y otros muchos cooperantes espa\u00f1oles permanecer\u00e1n all\u00ed durante meses, como Bomberos Unidos Sin Fronteras, que da asistencia m\u00e9dica en varios puntos del pa\u00eds. A muchos se les ha quedado y se les <strong>quedar\u00e1 grabado a sangre y fuego en la mente los ojos de la miseria<\/strong>, como a Anika Coll, de los Bomberos de la Comunidad de Madrid, que cuando volvi\u00f3 a Madrid pidi\u00f3 a MRS que ayudara al padre de un ni\u00f1o peque\u00f1o al que consiguieron salvar de entre los escombros y que perdi\u00f3 a otro de sus hijos.<\/p>\n<p>Quedan a\u00f1os de trabajo en Hait\u00ed, que vuelve a partir de cero como en 1808, cuando se declar\u00f3 la primera rep\u00fablica independiente negra del mundo. El gobierno corrupto es el mayor obst\u00e1culo que tienen los cerca de nueve millones de personas \u2013uno de ellos sin hogar tras el se\u00edsmo- que viven en el pa\u00eds. La ayuda econ\u00f3mica que est\u00e1 llegando al pueblo haitiano es may\u00fascula, pero deber\u00e1 ser auditada por la Comunidad Internacional, que tampoco debe excederse en su paternalismo.<\/p>\n<p>\u00abNosotros somos lo que tenemos que levantar esto\u00bb, me dec\u00eda orgulloso hace varios d\u00edas un abogado de Puerto Pr\u00edncipe. Pues eso. Ense\u00f1arles a pescar y no darles un pez como muchas veces se ha hecho hasta ahora en esta &#8216;isla africana&#8217; p\u00e9rdida en el C\u00e1ribe donde s\u00f3lo existe una verdad absoluta: la fe.<\/p>\n<p style=\"text-align: right\"><em>Autor: Roberto B\u00e9cares<br \/>\nFuente: Diario El Mundo<br \/>\nPublicado el mi\u00e9rcoles, 17 de febrero de 2010<\/em><\/p>\n<p style=\"text-align: center\"><em><a href=\"https:\/\/i0.wp.com\/vicencianos.org\/vicencianos\/files\/2010\/02\/1266365765_extras_ladillos_2_0.jpg\"><img data-recalc-dims=\"1\" loading=\"lazy\" decoding=\"async\" class=\"alignnone size-full wp-image-11278\" src=\"https:\/\/i0.wp.com\/vicencianos.org\/vicencianos\/files\/2010\/02\/1266365765_extras_ladillos_2_0.jpg?resize=470%2C192\" alt=\"\" width=\"470\" height=\"192\" \/><\/a><br \/>\n<\/em><\/p>\n","protected":false},"excerpt":{"rendered":"<p>Cit\u00e9 Soleil es como la barriada de la pel\u00edcula &#8216;Ciudad de Dios&#8217; de Fernando Meirelles, la trepidante cinta que muestra la miseria y la delincuencia de una de las favelas de R\u00edo de Janeiro. All\u00e1 &#8230; <a href=\"http:\/\/vincentians.com\/es\/hermana-metase-en-casa-que-vamos-a-empezar-a-disparar\/\" class=\"more-link\">Read More<\/a><\/p>\n","protected":false},"author":4,"featured_media":0,"comment_status":"open","ping_status":"open","sticky":false,"template":"","format":"standard","meta":{"jetpack_post_was_ever_published":false,"_jetpack_newsletter_access":"","_jetpack_dont_email_post_to_subs":false,"_jetpack_newsletter_tier_id":0,"_jetpack_memberships_contains_paywalled_content":false,"_jetpack_memberships_contains_paid_content":false,"footnotes":"","jetpack_publicize_message":"","jetpack_publicize_feature_enabled":true,"jetpack_social_post_already_shared":true,"jetpack_social_options":{"image_generator_settings":{"template":"highway","default_image_id":0,"font":"","enabled":false},"version":2}},"categories":[199],"tags":[],"class_list":["post-11275","post","type-post","status-publish","format-standard","hentry","category-hijas-de-la-caridad","no-post-thumbnail"],"yoast_head":"<!-- This site is optimized with the Yoast SEO plugin v26.3 - https:\/\/yoast.com\/wordpress\/plugins\/seo\/ -->\n<title>&#039;Hermana, m\u00e9tase en casa que vamos a empezar a disparar&#039; - Somos Vicencianos<\/title>\n<meta name=\"robots\" content=\"index, follow, max-snippet:-1, max-image-preview:large, max-video-preview:-1\" \/>\n<link rel=\"canonical\" href=\"http:\/\/vincentians.com\/es\/hermana-metase-en-casa-que-vamos-a-empezar-a-disparar\/\" \/>\n<meta property=\"og:locale\" content=\"es_ES\" \/>\n<meta property=\"og:type\" content=\"article\" \/>\n<meta property=\"og:title\" content=\"&#039;Hermana, m\u00e9tase en casa que vamos a empezar a disparar&#039; - Somos Vicencianos\" \/>\n<meta property=\"og:description\" content=\"Cit\u00e9 Soleil es como la barriada de la pel\u00edcula &#8216;Ciudad de Dios&#8217; de Fernando Meirelles, la trepidante cinta que muestra la miseria y la delincuencia de una de las favelas de R\u00edo de Janeiro. All\u00e1 ... Read More\" \/>\n<meta property=\"og:url\" content=\"http:\/\/vincentians.com\/es\/hermana-metase-en-casa-que-vamos-a-empezar-a-disparar\/\" \/>\n<meta property=\"og:site_name\" content=\"Somos Vicencianos\" \/>\n<meta property=\"article:publisher\" content=\"https:\/\/www.facebook.com\/WeAreVincentians\/\" \/>\n<meta property=\"article:author\" content=\"https:\/\/www.facebook.com\/JavierChento\" \/>\n<meta property=\"article:published_time\" content=\"2010-02-17T04:32:52+00:00\" \/>\n<meta property=\"og:image\" content=\"http:\/\/vicencianos.org\/vicencianos\/files\/2010\/02\/1266365765_0.jpg\" \/>\n<meta name=\"author\" content=\"Francisco Javier Fern\u00e1ndez Chento\" \/>\n<meta name=\"twitter:card\" content=\"summary_large_image\" \/>\n<meta name=\"twitter:creator\" content=\"@https:\/\/twitter.com\/javierchento\" \/>\n<meta name=\"twitter:site\" content=\"@WeVincentians\" \/>\n<meta name=\"twitter:label1\" content=\"Escrito por\" \/>\n\t<meta name=\"twitter:data1\" content=\"Francisco Javier Fern\u00e1ndez Chento\" \/>\n\t<meta name=\"twitter:label2\" content=\"Tiempo de lectura\" \/>\n\t<meta name=\"twitter:data2\" content=\"5 minutos\" \/>\n<script type=\"application\/ld+json\" class=\"yoast-schema-graph\">{\"@context\":\"https:\/\/schema.org\",\"@graph\":[{\"@type\":\"Article\",\"@id\":\"http:\/\/vincentians.com\/es\/hermana-metase-en-casa-que-vamos-a-empezar-a-disparar\/#article\",\"isPartOf\":{\"@id\":\"http:\/\/vincentians.com\/es\/hermana-metase-en-casa-que-vamos-a-empezar-a-disparar\/\"},\"author\":{\"name\":\"Francisco Javier Fern\u00e1ndez Chento\",\"@id\":\"http:\/\/vincentians.com\/es\/#\/schema\/person\/9623ef4d9aa3b2dfb8c061f1499288f2\"},\"headline\":\"&#8216;Hermana, m\u00e9tase en casa que vamos a empezar a disparar&#8217;\",\"datePublished\":\"2010-02-17T04:32:52+00:00\",\"mainEntityOfPage\":{\"@id\":\"http:\/\/vincentians.com\/es\/hermana-metase-en-casa-que-vamos-a-empezar-a-disparar\/\"},\"wordCount\":1095,\"commentCount\":0,\"publisher\":{\"@id\":\"http:\/\/vincentians.com\/es\/#organization\"},\"image\":{\"@id\":\"http:\/\/vincentians.com\/es\/hermana-metase-en-casa-que-vamos-a-empezar-a-disparar\/#primaryimage\"},\"thumbnailUrl\":\"http:\/\/vicencianos.org\/vicencianos\/files\/2010\/02\/1266365765_0.jpg\",\"articleSection\":[\"Hijas de la Caridad\"],\"inLanguage\":\"es\",\"potentialAction\":[{\"@type\":\"CommentAction\",\"name\":\"Comment\",\"target\":[\"http:\/\/vincentians.com\/es\/hermana-metase-en-casa-que-vamos-a-empezar-a-disparar\/#respond\"]}]},{\"@type\":\"WebPage\",\"@id\":\"http:\/\/vincentians.com\/es\/hermana-metase-en-casa-que-vamos-a-empezar-a-disparar\/\",\"url\":\"http:\/\/vincentians.com\/es\/hermana-metase-en-casa-que-vamos-a-empezar-a-disparar\/\",\"name\":\"'Hermana, m\u00e9tase en casa que vamos a empezar a disparar' - Somos Vicencianos\",\"isPartOf\":{\"@id\":\"http:\/\/vincentians.com\/es\/#website\"},\"primaryImageOfPage\":{\"@id\":\"http:\/\/vincentians.com\/es\/hermana-metase-en-casa-que-vamos-a-empezar-a-disparar\/#primaryimage\"},\"image\":{\"@id\":\"http:\/\/vincentians.com\/es\/hermana-metase-en-casa-que-vamos-a-empezar-a-disparar\/#primaryimage\"},\"thumbnailUrl\":\"http:\/\/vicencianos.org\/vicencianos\/files\/2010\/02\/1266365765_0.jpg\",\"datePublished\":\"2010-02-17T04:32:52+00:00\",\"breadcrumb\":{\"@id\":\"http:\/\/vincentians.com\/es\/hermana-metase-en-casa-que-vamos-a-empezar-a-disparar\/#breadcrumb\"},\"inLanguage\":\"es\",\"potentialAction\":[{\"@type\":\"ReadAction\",\"target\":[\"http:\/\/vincentians.com\/es\/hermana-metase-en-casa-que-vamos-a-empezar-a-disparar\/\"]}]},{\"@type\":\"ImageObject\",\"inLanguage\":\"es\",\"@id\":\"http:\/\/vincentians.com\/es\/hermana-metase-en-casa-que-vamos-a-empezar-a-disparar\/#primaryimage\",\"url\":\"http:\/\/vicencianos.org\/vicencianos\/files\/2010\/02\/1266365765_0.jpg\",\"contentUrl\":\"http:\/\/vicencianos.org\/vicencianos\/files\/2010\/02\/1266365765_0.jpg\"},{\"@type\":\"BreadcrumbList\",\"@id\":\"http:\/\/vincentians.com\/es\/hermana-metase-en-casa-que-vamos-a-empezar-a-disparar\/#breadcrumb\",\"itemListElement\":[{\"@type\":\"ListItem\",\"position\":1,\"name\":\"Portada\",\"item\":\"http:\/\/vincentians.com\/es\/\"},{\"@type\":\"ListItem\",\"position\":2,\"name\":\"&#8216;Hermana, m\u00e9tase en casa que vamos a empezar a disparar&#8217;\"}]},{\"@type\":\"WebSite\",\"@id\":\"http:\/\/vincentians.com\/es\/#website\",\"url\":\"http:\/\/vincentians.com\/es\/\",\"name\":\"Somos Vicencianos\",\"description\":\"Know more to serve more\",\"publisher\":{\"@id\":\"http:\/\/vincentians.com\/es\/#organization\"},\"potentialAction\":[{\"@type\":\"SearchAction\",\"target\":{\"@type\":\"EntryPoint\",\"urlTemplate\":\"http:\/\/vincentians.com\/es\/?s={search_term_string}\"},\"query-input\":{\"@type\":\"PropertyValueSpecification\",\"valueRequired\":true,\"valueName\":\"search_term_string\"}}],\"inLanguage\":\"es\"},{\"@type\":\"Organization\",\"@id\":\"http:\/\/vincentians.com\/es\/#organization\",\"name\":\"The Vincentian Network\",\"url\":\"http:\/\/vincentians.com\/es\/\",\"logo\":{\"@type\":\"ImageObject\",\"inLanguage\":\"es\",\"@id\":\"http:\/\/vincentians.com\/es\/#\/schema\/logo\/image\/\",\"url\":\"https:\/\/i1.wp.com\/vincentians.com\/es\/wp-content\/uploads\/sites\/11\/2016\/06\/Vincentian-Network-logo-big.png?fit=778%2C778\",\"contentUrl\":\"https:\/\/i1.wp.com\/vincentians.com\/es\/wp-content\/uploads\/sites\/11\/2016\/06\/Vincentian-Network-logo-big.png?fit=778%2C778\",\"width\":778,\"height\":778,\"caption\":\"The Vincentian Network\"},\"image\":{\"@id\":\"http:\/\/vincentians.com\/es\/#\/schema\/logo\/image\/\"},\"sameAs\":[\"https:\/\/www.facebook.com\/WeAreVincentians\/\",\"https:\/\/x.com\/WeVincentians\"]},{\"@type\":\"Person\",\"@id\":\"http:\/\/vincentians.com\/es\/#\/schema\/person\/9623ef4d9aa3b2dfb8c061f1499288f2\",\"name\":\"Francisco Javier Fern\u00e1ndez Chento\",\"image\":{\"@type\":\"ImageObject\",\"inLanguage\":\"es\",\"@id\":\"http:\/\/vincentians.com\/es\/#\/schema\/person\/image\/\",\"url\":\"https:\/\/secure.gravatar.com\/avatar\/497d5cde87b4c3d097d0315953521681ba2cd523ee66e5077c3711f7021e65de?s=96&d=mm&r=g\",\"contentUrl\":\"https:\/\/secure.gravatar.com\/avatar\/497d5cde87b4c3d097d0315953521681ba2cd523ee66e5077c3711f7021e65de?s=96&d=mm&r=g\",\"caption\":\"Francisco Javier Fern\u00e1ndez Chento\"},\"description\":\"Director General y cofundador de La Red de Formaci\u00f3n Vicenciana. Javier es laico vicenciano, afiliado a la Congregaci\u00f3n de la Misi\u00f3n y miembro del Equipo de Misiones Populares de la provincia can\u00f3nica de Zaragoza (Espa\u00f1a) de la Congregaci\u00f3n de la Misi\u00f3n. Graduado en la Universidad Oberta de Catalunya con cuatro grados (Asistente de direcci\u00f3n, Gesti\u00f3n Administrativa, Recursos Humanos y Contabilidad Avanzada). Bil\u00edng\u00fce Espa\u00f1ol\/Ingl\u00e9s. gestiona y mantiene varias p\u00e1ginas web cristianas y vicencianas, incluida including La Red de Formaci\u00f3n Vicenciana, de la que es cofundador. Actualmente es responsable del \u00e1rea de Espa\u00f1ol de .famvin, la Red de Noticias de la Familia Vicenciana. Tambi\u00e9n es m\u00fasico cat\u00f3lico y ha editado varios discos. Es Director General y cofundador de Trovador, una reconocida compa\u00f1\u00eda discogr\u00e1fica critiana de Espa\u00f1a. Trabaja en las Tecnolog\u00edas de la Informaci\u00f3n, ofreciendo servicios de alojamiento, dise\u00f1o y mantenimiento Web, as\u00ed como asesoramiento, formaci\u00f3n y soluciones inform\u00e1ticas, gesti\u00f3n documental y digitalizaci\u00f3n de textos, edici\u00f3n y maquetaci\u00f3n de libros, revistas, flyers, etc.\",\"sameAs\":[\"http:\/\/chento.org\",\"https:\/\/www.facebook.com\/JavierChento\",\"https:\/\/x.com\/https:\/\/twitter.com\/javierchento\"],\"url\":\"http:\/\/vincentians.com\/es\/author\/chento\/\"}]}<\/script>\n<!-- \/ Yoast SEO plugin. -->","yoast_head_json":{"title":"'Hermana, m\u00e9tase en casa que vamos a empezar a disparar' - Somos Vicencianos","robots":{"index":"index","follow":"follow","max-snippet":"max-snippet:-1","max-image-preview":"max-image-preview:large","max-video-preview":"max-video-preview:-1"},"canonical":"http:\/\/vincentians.com\/es\/hermana-metase-en-casa-que-vamos-a-empezar-a-disparar\/","og_locale":"es_ES","og_type":"article","og_title":"'Hermana, m\u00e9tase en casa que vamos a empezar a disparar' - Somos Vicencianos","og_description":"Cit\u00e9 Soleil es como la barriada de la pel\u00edcula &#8216;Ciudad de Dios&#8217; de Fernando Meirelles, la trepidante cinta que muestra la miseria y la delincuencia de una de las favelas de R\u00edo de Janeiro. All\u00e1 ... Read More","og_url":"http:\/\/vincentians.com\/es\/hermana-metase-en-casa-que-vamos-a-empezar-a-disparar\/","og_site_name":"Somos Vicencianos","article_publisher":"https:\/\/www.facebook.com\/WeAreVincentians\/","article_author":"https:\/\/www.facebook.com\/JavierChento","article_published_time":"2010-02-17T04:32:52+00:00","og_image":[{"url":"http:\/\/vicencianos.org\/vicencianos\/files\/2010\/02\/1266365765_0.jpg","type":"","width":"","height":""}],"author":"Francisco Javier Fern\u00e1ndez Chento","twitter_card":"summary_large_image","twitter_creator":"@https:\/\/twitter.com\/javierchento","twitter_site":"@WeVincentians","twitter_misc":{"Escrito por":"Francisco Javier Fern\u00e1ndez Chento","Tiempo de lectura":"5 minutos"},"schema":{"@context":"https:\/\/schema.org","@graph":[{"@type":"Article","@id":"http:\/\/vincentians.com\/es\/hermana-metase-en-casa-que-vamos-a-empezar-a-disparar\/#article","isPartOf":{"@id":"http:\/\/vincentians.com\/es\/hermana-metase-en-casa-que-vamos-a-empezar-a-disparar\/"},"author":{"name":"Francisco Javier Fern\u00e1ndez Chento","@id":"http:\/\/vincentians.com\/es\/#\/schema\/person\/9623ef4d9aa3b2dfb8c061f1499288f2"},"headline":"&#8216;Hermana, m\u00e9tase en casa que vamos a empezar a disparar&#8217;","datePublished":"2010-02-17T04:32:52+00:00","mainEntityOfPage":{"@id":"http:\/\/vincentians.com\/es\/hermana-metase-en-casa-que-vamos-a-empezar-a-disparar\/"},"wordCount":1095,"commentCount":0,"publisher":{"@id":"http:\/\/vincentians.com\/es\/#organization"},"image":{"@id":"http:\/\/vincentians.com\/es\/hermana-metase-en-casa-que-vamos-a-empezar-a-disparar\/#primaryimage"},"thumbnailUrl":"http:\/\/vicencianos.org\/vicencianos\/files\/2010\/02\/1266365765_0.jpg","articleSection":["Hijas de la Caridad"],"inLanguage":"es","potentialAction":[{"@type":"CommentAction","name":"Comment","target":["http:\/\/vincentians.com\/es\/hermana-metase-en-casa-que-vamos-a-empezar-a-disparar\/#respond"]}]},{"@type":"WebPage","@id":"http:\/\/vincentians.com\/es\/hermana-metase-en-casa-que-vamos-a-empezar-a-disparar\/","url":"http:\/\/vincentians.com\/es\/hermana-metase-en-casa-que-vamos-a-empezar-a-disparar\/","name":"'Hermana, m\u00e9tase en casa que vamos a empezar a disparar' - Somos Vicencianos","isPartOf":{"@id":"http:\/\/vincentians.com\/es\/#website"},"primaryImageOfPage":{"@id":"http:\/\/vincentians.com\/es\/hermana-metase-en-casa-que-vamos-a-empezar-a-disparar\/#primaryimage"},"image":{"@id":"http:\/\/vincentians.com\/es\/hermana-metase-en-casa-que-vamos-a-empezar-a-disparar\/#primaryimage"},"thumbnailUrl":"http:\/\/vicencianos.org\/vicencianos\/files\/2010\/02\/1266365765_0.jpg","datePublished":"2010-02-17T04:32:52+00:00","breadcrumb":{"@id":"http:\/\/vincentians.com\/es\/hermana-metase-en-casa-que-vamos-a-empezar-a-disparar\/#breadcrumb"},"inLanguage":"es","potentialAction":[{"@type":"ReadAction","target":["http:\/\/vincentians.com\/es\/hermana-metase-en-casa-que-vamos-a-empezar-a-disparar\/"]}]},{"@type":"ImageObject","inLanguage":"es","@id":"http:\/\/vincentians.com\/es\/hermana-metase-en-casa-que-vamos-a-empezar-a-disparar\/#primaryimage","url":"http:\/\/vicencianos.org\/vicencianos\/files\/2010\/02\/1266365765_0.jpg","contentUrl":"http:\/\/vicencianos.org\/vicencianos\/files\/2010\/02\/1266365765_0.jpg"},{"@type":"BreadcrumbList","@id":"http:\/\/vincentians.com\/es\/hermana-metase-en-casa-que-vamos-a-empezar-a-disparar\/#breadcrumb","itemListElement":[{"@type":"ListItem","position":1,"name":"Portada","item":"http:\/\/vincentians.com\/es\/"},{"@type":"ListItem","position":2,"name":"&#8216;Hermana, m\u00e9tase en casa que vamos a empezar a disparar&#8217;"}]},{"@type":"WebSite","@id":"http:\/\/vincentians.com\/es\/#website","url":"http:\/\/vincentians.com\/es\/","name":"Somos Vicencianos","description":"Know more to serve more","publisher":{"@id":"http:\/\/vincentians.com\/es\/#organization"},"potentialAction":[{"@type":"SearchAction","target":{"@type":"EntryPoint","urlTemplate":"http:\/\/vincentians.com\/es\/?s={search_term_string}"},"query-input":{"@type":"PropertyValueSpecification","valueRequired":true,"valueName":"search_term_string"}}],"inLanguage":"es"},{"@type":"Organization","@id":"http:\/\/vincentians.com\/es\/#organization","name":"The Vincentian Network","url":"http:\/\/vincentians.com\/es\/","logo":{"@type":"ImageObject","inLanguage":"es","@id":"http:\/\/vincentians.com\/es\/#\/schema\/logo\/image\/","url":"https:\/\/i1.wp.com\/vincentians.com\/es\/wp-content\/uploads\/sites\/11\/2016\/06\/Vincentian-Network-logo-big.png?fit=778%2C778","contentUrl":"https:\/\/i1.wp.com\/vincentians.com\/es\/wp-content\/uploads\/sites\/11\/2016\/06\/Vincentian-Network-logo-big.png?fit=778%2C778","width":778,"height":778,"caption":"The Vincentian Network"},"image":{"@id":"http:\/\/vincentians.com\/es\/#\/schema\/logo\/image\/"},"sameAs":["https:\/\/www.facebook.com\/WeAreVincentians\/","https:\/\/x.com\/WeVincentians"]},{"@type":"Person","@id":"http:\/\/vincentians.com\/es\/#\/schema\/person\/9623ef4d9aa3b2dfb8c061f1499288f2","name":"Francisco Javier Fern\u00e1ndez Chento","image":{"@type":"ImageObject","inLanguage":"es","@id":"http:\/\/vincentians.com\/es\/#\/schema\/person\/image\/","url":"https:\/\/secure.gravatar.com\/avatar\/497d5cde87b4c3d097d0315953521681ba2cd523ee66e5077c3711f7021e65de?s=96&d=mm&r=g","contentUrl":"https:\/\/secure.gravatar.com\/avatar\/497d5cde87b4c3d097d0315953521681ba2cd523ee66e5077c3711f7021e65de?s=96&d=mm&r=g","caption":"Francisco Javier Fern\u00e1ndez Chento"},"description":"Director General y cofundador de La Red de Formaci\u00f3n Vicenciana. Javier es laico vicenciano, afiliado a la Congregaci\u00f3n de la Misi\u00f3n y miembro del Equipo de Misiones Populares de la provincia can\u00f3nica de Zaragoza (Espa\u00f1a) de la Congregaci\u00f3n de la Misi\u00f3n. Graduado en la Universidad Oberta de Catalunya con cuatro grados (Asistente de direcci\u00f3n, Gesti\u00f3n Administrativa, Recursos Humanos y Contabilidad Avanzada). Bil\u00edng\u00fce Espa\u00f1ol\/Ingl\u00e9s. gestiona y mantiene varias p\u00e1ginas web cristianas y vicencianas, incluida including La Red de Formaci\u00f3n Vicenciana, de la que es cofundador. Actualmente es responsable del \u00e1rea de Espa\u00f1ol de .famvin, la Red de Noticias de la Familia Vicenciana. Tambi\u00e9n es m\u00fasico cat\u00f3lico y ha editado varios discos. Es Director General y cofundador de Trovador, una reconocida compa\u00f1\u00eda discogr\u00e1fica critiana de Espa\u00f1a. Trabaja en las Tecnolog\u00edas de la Informaci\u00f3n, ofreciendo servicios de alojamiento, dise\u00f1o y mantenimiento Web, as\u00ed como asesoramiento, formaci\u00f3n y soluciones inform\u00e1ticas, gesti\u00f3n documental y digitalizaci\u00f3n de textos, edici\u00f3n y maquetaci\u00f3n de libros, revistas, flyers, etc.","sameAs":["http:\/\/chento.org","https:\/\/www.facebook.com\/JavierChento","https:\/\/x.com\/https:\/\/twitter.com\/javierchento"],"url":"http:\/\/vincentians.com\/es\/author\/chento\/"}]}},"jetpack_publicize_connections":[],"jetpack_featured_media_url":"","jetpack_sharing_enabled":true,"jetpack_shortlink":"https:\/\/wp.me\/p7ETMF-2VR","jetpack-related-posts":[{"id":17339,"url":"http:\/\/vincentians.com\/es\/el-trabajo-de-las-hijas-de-la-caridad-en-haiti\/","url_meta":{"origin":11275,"position":0},"title":"El trabajo de las Hijas de la Caridad en Hait\u00ed","author":"Francisco Javier Fern\u00e1ndez Chento","date":"09\/11\/2013","format":false,"excerpt":"Cit\u00e9 Soleil es como la barriada de la pel\u00edcula 'Ciudad de Dios' de Fernando Meirelles, la trepidante cinta que muestra la miseria y la delincuencia de una de las favelas de R\u00edo de Janeiro. All\u00e1 donde la vida no vale ni un real y la venganza a tiros es moneda\u2026","rel":"","context":"En \u00abHijas de la Caridad\u00bb","block_context":{"text":"Hijas de la Caridad","link":"http:\/\/vincentians.com\/es\/category\/la-familia-vicenciana\/ramas\/hijas-de-la-caridad\/"},"img":{"alt_text":"Las Hijas de la Caridad en Hait\u00ed","src":"https:\/\/i0.wp.com\/vicencianos.org\/vicencianos\/files\/2010\/04\/Haiti-43-300x224.jpg?resize=350%2C200","width":350,"height":200},"classes":[]},{"id":35551,"url":"http:\/\/vincentians.com\/es\/dom-helder-obispo-profeta\/","url_meta":{"origin":11275,"position":1},"title":"Dom H\u00e9lder, obispo profeta","author":"Francisco Javier Fern\u00e1ndez Chento","date":"11\/06\/2014","format":false,"excerpt":"En los a\u00f1os setenta, despu\u00e9s de Pel\u00e9, el brasile\u00f1o m\u00e1s famoso en el mundo fue el Arzobispo de Recife, Dom H\u00e9lder C\u00e1mara. De Pel\u00e9 sabemos muy bien a qu\u00e9 se debi\u00f3 su fama. Pero, \u00bfde Dom H\u00e9lder? Para la dictadura militar que gobern\u00f3 de 1964 a 1984 a Brasil, Dom\u2026","rel":"","context":"En \u00abTestigos cristianos\u00bb","block_context":{"text":"Testigos cristianos","link":"http:\/\/vincentians.com\/es\/category\/formacion-cristiana\/testigos-cristianos\/"},"img":{"alt_text":"H\u00e9lder C\u00e2mara","src":"https:\/\/i0.wp.com\/vicencianos.org\/wp-content\/2011\/04\/Helder_Camara-234x300.jpg?resize=350%2C200","width":350,"height":200},"classes":[]},{"id":13270,"url":"http:\/\/vincentians.com\/es\/empezar-de-nuevo\/","url_meta":{"origin":11275,"position":2},"title":"Empezar de nuevo","author":"Francisco Javier Fern\u00e1ndez Chento","date":"08\/02\/2010","format":false,"excerpt":"Hemos vuelto a Santo Domingo para recoger al padre Jos\u00e9 Miguel de Haro que viene en un vuelo de Air Europa al aeropuerto de Las Am\u00e9ricas. Al salir de Puerto Pr\u00edncipe nos paramos a preguntar en una interminable cola para que era. Nos cuentan que han perdido toda su documentaci\u00f3n.\u2026","rel":"","context":"En \u00abHijas de la Caridad\u00bb","block_context":{"text":"Hijas de la Caridad","link":"http:\/\/vincentians.com\/es\/category\/la-familia-vicenciana\/ramas\/hijas-de-la-caridad\/"},"img":{"alt_text":"","src":"https:\/\/i0.wp.com\/vicencianos.org\/vicencianos\/files\/2010\/03\/reparto-de-comida-haiti-300x211.jpg?resize=350%2C200","width":350,"height":200},"classes":[]},{"id":13265,"url":"http:\/\/vincentians.com\/es\/la-dificil-tarea-de-aprender-a-ser-madre-en-haiti\/","url_meta":{"origin":11275,"position":3},"title":"La dif\u00edcil tarea de aprender a ser madre en Hait\u00ed","author":"Francisco Javier Fern\u00e1ndez Chento","date":"16\/09\/2013","format":false,"excerpt":"La ciudad de Puerto Pr\u00edncipe, una ca\u00f3tica capital que impacta por su pobreza y su insalubridad, esconde tambi\u00e9n agradables sorpresas, como un centro donde decenas de j\u00f3venes madres haitianas aprenden a \"querer\" a sus bebes, en muchos casos hijos no deseados. En medio del caos de 'Cit\u00e9 Soleil', uno de\u2026","rel":"","context":"En \u00abHijas de la Caridad\u00bb","block_context":{"text":"Hijas de la Caridad","link":"http:\/\/vincentians.com\/es\/category\/la-familia-vicenciana\/ramas\/hijas-de-la-caridad\/"},"img":{"alt_text":"","src":"https:\/\/i0.wp.com\/vicencianos.org\/vicencianos\/files\/2010\/01\/ninyo_haiti-300x198.jpg?resize=350%2C200","width":350,"height":200},"classes":[]},{"id":58797,"url":"http:\/\/vincentians.com\/es\/palabras-del-cardenal-jose-saraiva-martins-en-la-beatificacion-de-la-beata-lindalva\/","url_meta":{"origin":11275,"position":4},"title":"Palabras del cardenal Jos\u00e9 Saraiva Martins en la beatificaci\u00f3n de la beata Lindalva","author":"Francisco Javier Fern\u00e1ndez Chento","date":"07\/01\/2021","format":false,"excerpt":"Ha sido para m\u00ed una gran alegr\u00eda poder presidir, en nombre del Santo Padre Benedicto XVI, el solemne rito de la beatificaci\u00f3n de sor Lindalva, la primera Hija de la Caridad brasile\u00f1a en ser elevada al honor de los altares. Me alegro vivamente con la Iglesia de Dios que est\u00e1\u2026","rel":"","context":"En \u00abLindalva Justo De Oliveira\u00bb","block_context":{"text":"Lindalva Justo De Oliveira","link":"http:\/\/vincentians.com\/es\/category\/la-familia-vicenciana\/la-familia-vicenciana-en-los-altares\/beatos\/lindalva-justo-de-oliveira\/"},"img":{"alt_text":"","src":"","width":0,"height":0},"classes":[]},{"id":2337,"url":"http:\/\/vincentians.com\/es\/luz-en-el-vertedero\/","url_meta":{"origin":11275,"position":5},"title":"Luz en el vertedero","author":"Francisco Javier Fern\u00e1ndez Chento","date":"21\/03\/2023","format":false,"excerpt":"\u00a0 La Cit\u00e9 du Soleil es un inmenso vertedero humano, una de esas estampas de la pobreza africana en la que los ni\u00f1os y los cerdos se buscan la vida escarbando en los montones de basura. Pero la Ciudad del Sol est\u00e1 en Puerto Pr\u00edncipe, la capital de Hait\u00ed, a\u2026","rel":"","context":"En \u00abHijas de la Caridad\u00bb","block_context":{"text":"Hijas de la Caridad","link":"http:\/\/vincentians.com\/es\/category\/la-familia-vicenciana\/ramas\/hijas-de-la-caridad\/"},"img":{"alt_text":"","src":"https:\/\/i0.wp.com\/vincentians.com\/es\/wp-content\/uploads\/sites\/11\/2013\/04\/36.jpg?fit=1200%2C795&resize=350%2C200","width":350,"height":200,"srcset":"https:\/\/i0.wp.com\/vincentians.com\/es\/wp-content\/uploads\/sites\/11\/2013\/04\/36.jpg?fit=1200%2C795&resize=350%2C200 1x, https:\/\/i0.wp.com\/vincentians.com\/es\/wp-content\/uploads\/sites\/11\/2013\/04\/36.jpg?fit=1200%2C795&resize=525%2C300 1.5x, https:\/\/i0.wp.com\/vincentians.com\/es\/wp-content\/uploads\/sites\/11\/2013\/04\/36.jpg?fit=1200%2C795&resize=700%2C400 2x, https:\/\/i0.wp.com\/vincentians.com\/es\/wp-content\/uploads\/sites\/11\/2013\/04\/36.jpg?fit=1200%2C795&resize=1050%2C600 3x"},"classes":[]}],"_links":{"self":[{"href":"http:\/\/vincentians.com\/es\/wp-json\/wp\/v2\/posts\/11275","targetHints":{"allow":["GET"]}}],"collection":[{"href":"http:\/\/vincentians.com\/es\/wp-json\/wp\/v2\/posts"}],"about":[{"href":"http:\/\/vincentians.com\/es\/wp-json\/wp\/v2\/types\/post"}],"author":[{"embeddable":true,"href":"http:\/\/vincentians.com\/es\/wp-json\/wp\/v2\/users\/4"}],"replies":[{"embeddable":true,"href":"http:\/\/vincentians.com\/es\/wp-json\/wp\/v2\/comments?post=11275"}],"version-history":[{"count":0,"href":"http:\/\/vincentians.com\/es\/wp-json\/wp\/v2\/posts\/11275\/revisions"}],"wp:attachment":[{"href":"http:\/\/vincentians.com\/es\/wp-json\/wp\/v2\/media?parent=11275"}],"wp:term":[{"taxonomy":"category","embeddable":true,"href":"http:\/\/vincentians.com\/es\/wp-json\/wp\/v2\/categories?post=11275"},{"taxonomy":"post_tag","embeddable":true,"href":"http:\/\/vincentians.com\/es\/wp-json\/wp\/v2\/tags?post=11275"}],"curies":[{"name":"wp","href":"https:\/\/api.w.org\/{rel}","templated":true}]}}