{"id":11144,"date":"2010-02-12T14:04:06","date_gmt":"2010-02-12T13:04:06","guid":{"rendered":"http:\/\/somos.vicencianos.org\/blog\/?p=11144"},"modified":"2016-07-26T09:45:40","modified_gmt":"2016-07-26T07:45:40","slug":"ano-jubilar-sacerdotal","status":"publish","type":"post","link":"http:\/\/vincentians.com\/es\/ano-jubilar-sacerdotal\/","title":{"rendered":"A\u00f1o Jubilar Sacerdotal"},"content":{"rendered":"<h2>Introducci\u00f3n.<\/h2>\n<p><a href=\"https:\/\/i0.wp.com\/vicencianos.org\/vicencianos\/files\/2010\/02\/1202696091_f.jpg\"><img data-recalc-dims=\"1\" loading=\"lazy\" decoding=\"async\" class=\"alignright size-medium wp-image-11488\" src=\"https:\/\/i0.wp.com\/vicencianos.org\/vicencianos\/files\/2010\/02\/1202696091_f-289x300.jpg?resize=289%2C300\" alt=\"\" width=\"289\" height=\"300\" \/><\/a>Quiero ofrecer unos puntos de reflexi\u00f3n sobre el A\u00f1o Jubilar Sacerdotal, convocado por el Papa Benedicto XVI con ocasi\u00f3n del 150 aniversario de la muerte de San Juan Mar\u00eda Vianney, Cura de Ars. El Papa hizo la apertura el 19 de junio de 2009, solemnidad del Sagrado Coraz\u00f3n de Jes\u00fas y jornada de santificaci\u00f3n sacerdotal, en presencia de la reliquia del Cura de Ars, llevada por el Obispo de Belley-Ars-. La clausura tendr\u00e1 lugar el 19 de junio de 2010 en la plaza de San Pedro.<\/p>\n<p>Durante este A\u00f1o Jubilar, Benedicto XVI proclamar\u00e1 al Cura de Ars patrono de los sacerdotes de todo el mundo. Se publicar\u00e1, adem\u00e1s, el Directorio para los Confesores y Directores espirituales, junto con una recopilaci\u00f3n de textos del Sumo Pont\u00edfice sobre los temas esenciales de la misi\u00f3n sacerdotal en la \u00e9poca actual.<\/p>\n<p>La Congregaci\u00f3n para el Clero, de acuerdo con los Ordinarios diocesanos y los Superiores de los Institutos religiosos, se preocupar\u00e1n de promover y coordinar las diversas iniciativas espirituales y pastorales que se presenten para hacer percibir cada vez m\u00e1s la importancia del papel y de la misi\u00f3n del sacerdote en la Iglesia y en la sociedad contempor\u00e1nea, como tambi\u00e9n la necesidad de potenciar la formaci\u00f3n permanente lig\u00e1ndola a los seminaristas.<\/p>\n<p>Los puntos de reflexi\u00f3n que expongo est\u00e1n inspirados en la Carta del Papa a los sacerdotes y en la carta del Cardenal Claudio Hummes, Prefecto de la Congregaci\u00f3n para el Clero, adem\u00e1s de otros libros publicados \u00faltimamente sobre esta materia.<\/p>\n<h2><strong>Conveniencia de este A\u00f1o Santo.<\/strong><\/h2>\n<p>Es oportuno reflexionar sobre la conveniencia de este a\u00f1o jubilar, pues algunos pueden pensar que\u00a0 proponer hoy al Cura de Ars como modelo de los sacerdotes es un tanto extra\u00f1o y desfasado, dado que las circunstancias en la Iglesia y en la sociedad de hoy son muy distintas de las de aquella \u00e9poca. El Cardenal Hummes responde a esta cuesti\u00f3n claramente en una entrevista que le hizo el Director de Vida Nueva, en la que afirma: <em>\u00abCreo que este A\u00f1o Santo ha venido en un momento muy propicio y por ello debemos dar gracias a Dios. Se trata de un empe\u00f1o personal del Papa, que est\u00e1 muy ilusionado y emocionado con esta celebraci\u00f3n. Hoy vivimos en un mundo con una cultura urbana\u00a0 posmoderna y relativista. Esta cultura es ya la imperante en Occidente y comienza a dominar en otras partes del mundo. Est\u00e1 en contra de la religi\u00f3n y considera que \u00e9sta debe estar relegada a la esfera privada. Este A\u00f1o Sacerdotal, precisamente, puede ayudarlos a mejorar su condici\u00f3n. No debemos demonizar la cultura actual y crear guetos para resistir. Esto es algo err\u00f3neo. La sociedad actual debe y puede ser evangelizada, lo mismo que ocurre en cualquier otra cultura. Por dos veces dice el evangelio de San Juan que Jesucristo vino al mundo no para condenarlo, sino para salvarlo. Por eso el sacerdote debe profundizar siempre en su condici\u00f3n de disc\u00edpulo de Jes\u00fas. El disc\u00edpulo que se ha dejado entusiasmar por Jesucristo y tiene una fuerte relaci\u00f3n personal con \u00e9l ser\u00e1 un buen misionero. Para reforzar la conciencia misionera frente a esta sociedad cerrada a la religi\u00f3n hace falta una fuerte experiencia de Jesucristo. Esta es sin duda ninguna la cuesti\u00f3n m\u00e1s importante\u00bb.<\/em><\/p>\n<h2><strong>Objetivos del A\u00f1o Santo.<\/strong><\/h2>\n<p>En la Carta dirigida a los sacerdotes, el Papa marca algunos objetivos, de los cuales, el principal es la Santidad sacerdotal, de la que depende la eficacia de su ministerio. Tambi\u00e9n expone algunos m\u00e1s relacionados con el objetivo principal como es la importancia del sacerdote en la Iglesia y en la sociedad de hoy. Por eso, hemos de pedir mucho por las vocaciones al sacerdocio. Sin sacerdote no hay Eucarist\u00eda y sin Eucarist\u00eda no hay Iglesia. La promoci\u00f3n de los laicos y de los nuevos Movimientos eclesiales, que son como una nueva primavera del Esp\u00edritu, lo recomienda tambi\u00e9n. Tanto la Iglesia como la sociedad necesitan hoy puntos de referencia, como el Cura de Ars y\u00a0 otros sacerdotes m\u00e1s cercanos que tenemos en nuestras iglesias locales y en nuestras comunidades para que nos estimulen a seguir sus pasos. As\u00ed evitaremos la tentaci\u00f3n del desaliento que con frecuencia nos puede acechar. <\/p>\n<h2><strong>Santidad sacerdotal.<\/strong><\/h2>\n<p>El sacerdote tiene la obligaci\u00f3n de aspirar a la Santidad, como lo exige su ministerio y su misi\u00f3n. Por el Sacramento del Orden, es configurado a Cristo como Sumo Sacerdote, Pastor y esposo de su Iglesia y constituido en disc\u00edpulo del Se\u00f1or para permanecer unido a \u00c9l, actuar en su nombre en la Iglesia y desde la Iglesia y reflejar en su vida y en su actuaci\u00f3n la misma santidad de Dios. El Santo Cura de Ars sigue siendo una referencia v\u00e1lida para la santidad del sacerdote de nuestro tiempo, porque las virtudes, el celo y el estilo de vida que \u00e9l encarna en su persona y refleja en su ministerio, son una imagen transparente del \u00fanico buen Pastor, Jesucristo. El Papa recuerda el peligro del \u00abactivismo\u00bb y recomienda reservar tiempo para la oraci\u00f3n, la Liturgia de las Horas, la Eucarist\u00eda diaria, la pr\u00e1ctica del Sacramento de la penitencia&#8230;<\/p>\n<h2><strong> Importancia del sacerdote en la Iglesia y en la sociedad.<\/strong><\/h2>\n<p>Hoy es urgente que el Pueblo de Dios y la Sociedad perciban la importancia del papel y de la misi\u00f3n del sacerdote. Las encuestas que se han hecho sobre este asunto nos revelan una escasa valoraci\u00f3n del sacerdote. F\u00e1cilmente se hacen extensivos los fallos de determinados sacerdotes a todos los dem\u00e1s y eso no es justo. Aun admitiendo que entre los sacerdotes se den fallos, pues somos humanos y no \u00e1ngeles, es incomparablemente mayor el n\u00famero de sacerdotes que cumplen con su misi\u00f3n, entregados generosamente al servicio de Dios, de la Iglesia y de la sociedad.<\/p>\n<p>El Cura de Ars era muy humilde, pero consciente de ser, como sacerdote, un don de Dios para su gente,\u00a0 no dudaba en afirmar: <em>\u00abUn buen Pastor seg\u00fan el coraz\u00f3n de Dios es el tesoro m\u00e1s grande que el buen Dios puede conceder a una parroquia y uno de los dones m\u00e1s preciosos de la divina misericordia<\/em>\u00ab. El Cura de Ars ense\u00f1aba a sus parroquianos, sobre todo, con el testimonio de su vida.<\/p>\n<h2><strong>Pastoral vocacional.<\/strong><\/h2>\n<p>El A\u00f1o sacerdotal nos brinda la oportunidad de promover la pastoral vocacional y la vida religiosa, en sus diversas formas. Tenemos que reconocer que en los \u00faltimos decenios han disminuido notablemente las vocaciones en Espa\u00f1a y en el continente europeo. En otros continentes como \u00c1frica y Asia est\u00e1n creciendo de manera clara. El Papa Benedicto XVI, en el Encuentro Europeo con los responsables de la pastoral vocacional (4 de julio de 2009), ha marcado un itinerario bien concreto sobre este punto: <em>\u00abel testimonio sencillo y cre\u00edble, la comuni\u00f3n, con itinerarios concertados y compartidos en la Iglesia particular, la cotidianidad, que educa a seguir al Se\u00f1or en la vida diaria, la escucha, inspirada por el Esp\u00edritu Santo, para orientar a los j\u00f3venes en la b\u00fasqueda de Dios y de la verdadera felicidad y, en fin, la verdad, que engendra libertad interior\u00bb.<\/em><\/p>\n<p>Por ello, lo primero que debemos hacer es dar un testimonio \u00absencillo y cre\u00edble\u00bb de nuestra vocaci\u00f3n, sin grandes alardes, pero profundamente convencidos de que el haber conocido a Cristo y haberle seguido es el mayor de los tesoros que se nos ha concedido en esta vida. El Papa recomienda que en este A\u00f1o sacerdotal se multiplique en las di\u00f3cesis, en las parroquias, en las comunidades religiosas (especialmente en las mon\u00e1sticas) en las asociaciones y movimientos de todo el mundo la adoraci\u00f3n eucar\u00edstica, por la santificaci\u00f3n del clero y por las vocaciones sacerdotales, respondiendo a la invitaci\u00f3n de Jes\u00fas a orar \u00abal due\u00f1o de la mies que env\u00ede obreros a su mies\u00bb Mt 9,38. (Benedicto XVI, 1 de julio de 2009).<\/p>\n<h2><strong>Coordinar la pastoral del sacerdote diocesano y del sacerdote religioso.<\/strong><\/h2>\n<p>El A\u00f1o Sacerdotal es para todos los sacerdotes del mundo, tanto diocesanos como religiosos. Por eso el Papa ha dado a la Congregaci\u00f3n para el Clero la responsabilidad de coordinar y promover este A\u00f1o Santo en armon\u00eda con los Obispos y los Superiores Generales. Esto ayudar\u00e1 a una mayor comuni\u00f3n. Obviamente, hay diferencias y situaciones espec\u00edficas, pero el trabajo, al final, es el mismo, pues todos trabajamos por una misma causa, que es la extensi\u00f3n del Reino de Cristo.<\/p>\n<h2><strong>Modelos de referencia.<\/strong><\/h2>\n<p>La importancia de l\u00edderes, tanto en la Iglesia como en la Sociedad, siempre se ha tenido muy presente para una buena formaci\u00f3n. Siempre se ha dicho que \u00ablas palabras mueven, pero los ejemplos arrastran\u00bb. Por eso, el Papa recomienda que se recuerden aquellos sacerdotes que se han distinguido por un vigoroso testimonio evang\u00e9lico. Es necesario fijarse de modelos concretos. En Espa\u00f1a est\u00e1 la figura de Juan de \u00c1vila, que esperamos sea pronto declarado Doctor de la Iglesia. En todas las Iglesias locales y en las Comunidades religiosas abundan, gracias a Dios, estos modelos, cuyas vidas han sido ejemplares. Faro luminoso es la figura de San Pablo, cuyo A\u00f1o Jubilar acabamos de celebrar. Pero no olvidemos que el primero y principal modelo de referencia es Jesucristo, el Buen Pastor.<\/p>\n<h2><strong>La nueva primavera del Esp\u00edritu.<\/strong><\/h2>\n<p>En la Carta a los sacerdotes dice textualmente el Papa: \u00ab<em>Me complace invitar particularmente en este A\u00f1o Santo, a percibir la nueva primavera que el Esp\u00edritu est\u00e1 suscitando en nuestros d\u00edas en la Iglesia, a la que los Movimientos eclesiales y las nuevas comunidades han contribuido positivamente. El Esp\u00edritu es multiforme en sus dones&#8230; El sopla donde quiere. Lo hace de modo inesperado, en lugares inesperados y en formas nunca antes imaginadas&#8230; El quiere vuestra multiformidad y os quiere para el \u00fanico Cuerpo<\/em>\u00ab. A los presb\u00edteros corresponde examinar los esp\u00edritus si son de Dios, tanto los humildes como los m\u00e1s altos, reconocerlos con alegr\u00eda y fomentarlos con empe\u00f1o. Dichos dones, que llevan a muchos a una espiritualidad m\u00e1s elevada, pueden hacer bien no s\u00f3lo a los fieles laicos sino tambi\u00e9n a los mismos ministros.<\/p>\n<h2><strong>Los sacerdotes no deber\u00edan resignarse a ver sus confesonarios vac\u00edos.<\/strong><\/h2>\n<p>El Cura de Ars se distingui\u00f3, sobre todo, por las muchas horas que pas\u00f3 en el confesonario. Dice el Papa: <em>\u00abLos sacerdotes no deber\u00edan resignarse nunca a ver vac\u00edos sus confesonarios ni limitarse a constatar la indiferencia de los fieles a este sacramento. En Francia, en tiempo del Santo Cura de Ars, no era ni m\u00e1s f\u00e1cil ni m\u00e1s frecuente que en nuestros d\u00edas, pues el vendaval revolucionario hab\u00eda arrasado desde hac\u00eda tiempo la pr\u00e1ctica religiosa. Pero \u00e9l intent\u00f3 por todos los medios, en la predicaci\u00f3n y con consejos persuasivos, que sus parroquianos redescubriesen el significado y la belleza de la Penitencia sacramental mostr\u00e1ndola como una exigencia de la presencia eucar\u00edstica. Supo iniciar un \u00abc\u00edrculo virtuoso\u00bb. Con su prolongado estar ante el Sagrario en la Iglesia, consigui\u00f3 que los fieles comenzasen a imitarlo, yendo a visitar a Jes\u00fas, seguros de que all\u00ed encontrar\u00edan tambi\u00e9n a su p\u00e1rroco, disponible para escucharlos y perdonarlos.\u00a0 Al final, una muchedumbre cada vez mayor de penitentes, provenientes de toda Francia y de Europa lo reten\u00edan en el confesonario hasta 16 horas al d\u00eda. Se comentaba que Ars se hab\u00eda convertido en \u00abel gran hospital de las almas\u00bb. El Cura de Ars consigui\u00f3 en su tiempo cambiar el coraz\u00f3n y la vida de muchas personas, porque fue capaz de hacerlos sentir el amor misericordioso del Se\u00f1or. A un hermano sacerdote le explicaba: \u00abLe dir\u00e9 cu\u00e1l es mi receta: doy a los pecadores una penitencia peque\u00f1a y el resto lo hago yo por ellos\u00bb.<\/em><\/p>\n<h2><strong>El Papa conf\u00eda este A\u00f1o Sacerdotal a\u00a0 la Virgen.<\/strong><\/h2>\n<p>Conf\u00edo este A\u00f1o Sacerdotal a la Sant\u00edsima Virgen Mar\u00eda, pidi\u00e9ndole que suscite en cada presb\u00edtero un generoso y renovado impulso de los ideales de total donaci\u00f3n a Cristo y a la Iglesia que inspiraron el pensamiento y la tarea del Santo Cura de Ars. Queridos sacerdotes, Cristo cuenta con vosotros. A ejemplo del Santo Cura de Ars, dejaos conquistar por El y ser\u00e9is tambi\u00e9n vosotros, en el mundo de hoy, mensajeros de esperanza, reconciliaci\u00f3n y paz.<\/p>\n<p style=\"text-align: right\"><em>Autor: <\/em><em><em>Jos\u00e9 Luis Cort\u00e1zar, C.M.<br \/>\nFuente: Anales, Enero-Febrero de 2010<\/em><br \/>\n<\/em><\/p>\n","protected":false},"excerpt":{"rendered":"<p>Introducci\u00f3n. Quiero ofrecer unos puntos de reflexi\u00f3n sobre el A\u00f1o Jubilar Sacerdotal, convocado por el Papa Benedicto XVI con ocasi\u00f3n del 150 aniversario de la muerte de San Juan Mar\u00eda Vianney, Cura de Ars. El &#8230; <a href=\"http:\/\/vincentians.com\/es\/ano-jubilar-sacerdotal\/\" class=\"more-link\">Read More<\/a><\/p>\n","protected":false},"author":4,"featured_media":0,"comment_status":"open","ping_status":"open","sticky":false,"template":"","format":"standard","meta":{"jetpack_post_was_ever_published":false,"_jetpack_newsletter_access":"","_jetpack_dont_email_post_to_subs":false,"_jetpack_newsletter_tier_id":0,"_jetpack_memberships_contains_paywalled_content":false,"_jetpack_memberships_contains_paid_content":false,"footnotes":"","jetpack_publicize_message":"","jetpack_publicize_feature_enabled":true,"jetpack_social_post_already_shared":true,"jetpack_social_options":{"image_generator_settings":{"template":"highway","default_image_id":0,"font":"","enabled":false},"version":2}},"categories":[16],"tags":[],"class_list":["post-11144","post","type-post","status-publish","format-standard","hentry","category-congregacion-de-la-mision","no-post-thumbnail"],"yoast_head":"<!-- This site is optimized with the Yoast SEO plugin v26.3 - https:\/\/yoast.com\/wordpress\/plugins\/seo\/ -->\n<title>A\u00f1o Jubilar Sacerdotal - Somos Vicencianos<\/title>\n<meta name=\"robots\" content=\"index, follow, max-snippet:-1, max-image-preview:large, max-video-preview:-1\" \/>\n<link rel=\"canonical\" href=\"http:\/\/vincentians.com\/es\/ano-jubilar-sacerdotal\/\" \/>\n<meta property=\"og:locale\" content=\"es_ES\" \/>\n<meta property=\"og:type\" content=\"article\" \/>\n<meta property=\"og:title\" content=\"A\u00f1o Jubilar Sacerdotal - Somos Vicencianos\" \/>\n<meta property=\"og:description\" content=\"Introducci\u00f3n. Quiero ofrecer unos puntos de reflexi\u00f3n sobre el A\u00f1o Jubilar Sacerdotal, convocado por el Papa Benedicto XVI con ocasi\u00f3n del 150 aniversario de la muerte de San Juan Mar\u00eda Vianney, Cura de Ars. El ... Read More\" \/>\n<meta property=\"og:url\" content=\"http:\/\/vincentians.com\/es\/ano-jubilar-sacerdotal\/\" \/>\n<meta property=\"og:site_name\" content=\"Somos Vicencianos\" \/>\n<meta property=\"article:publisher\" content=\"https:\/\/www.facebook.com\/WeAreVincentians\/\" \/>\n<meta property=\"article:author\" content=\"https:\/\/www.facebook.com\/JavierChento\" \/>\n<meta property=\"article:published_time\" content=\"2010-02-12T13:04:06+00:00\" \/>\n<meta property=\"article:modified_time\" content=\"2016-07-26T07:45:40+00:00\" \/>\n<meta property=\"og:image\" content=\"http:\/\/vicencianos.org\/vicencianos\/files\/2010\/02\/1202696091_f-289x300.jpg\" \/>\n<meta name=\"author\" content=\"Francisco Javier Fern\u00e1ndez Chento\" \/>\n<meta name=\"twitter:card\" content=\"summary_large_image\" \/>\n<meta name=\"twitter:creator\" content=\"@https:\/\/twitter.com\/javierchento\" \/>\n<meta name=\"twitter:site\" content=\"@WeVincentians\" \/>\n<meta name=\"twitter:label1\" content=\"Escrito por\" \/>\n\t<meta name=\"twitter:data1\" content=\"Francisco Javier Fern\u00e1ndez Chento\" \/>\n\t<meta name=\"twitter:label2\" content=\"Tiempo de lectura\" \/>\n\t<meta name=\"twitter:data2\" content=\"11 minutos\" \/>\n<script type=\"application\/ld+json\" class=\"yoast-schema-graph\">{\"@context\":\"https:\/\/schema.org\",\"@graph\":[{\"@type\":\"Article\",\"@id\":\"http:\/\/vincentians.com\/es\/ano-jubilar-sacerdotal\/#article\",\"isPartOf\":{\"@id\":\"http:\/\/vincentians.com\/es\/ano-jubilar-sacerdotal\/\"},\"author\":{\"name\":\"Francisco Javier Fern\u00e1ndez Chento\",\"@id\":\"http:\/\/vincentians.com\/es\/#\/schema\/person\/9623ef4d9aa3b2dfb8c061f1499288f2\"},\"headline\":\"A\u00f1o Jubilar Sacerdotal\",\"datePublished\":\"2010-02-12T13:04:06+00:00\",\"dateModified\":\"2016-07-26T07:45:40+00:00\",\"mainEntityOfPage\":{\"@id\":\"http:\/\/vincentians.com\/es\/ano-jubilar-sacerdotal\/\"},\"wordCount\":2146,\"commentCount\":0,\"publisher\":{\"@id\":\"http:\/\/vincentians.com\/es\/#organization\"},\"image\":{\"@id\":\"http:\/\/vincentians.com\/es\/ano-jubilar-sacerdotal\/#primaryimage\"},\"thumbnailUrl\":\"http:\/\/vicencianos.org\/vicencianos\/files\/2010\/02\/1202696091_f-289x300.jpg\",\"articleSection\":[\"Congregaci\u00f3n de la Misi\u00f3n\"],\"inLanguage\":\"es\",\"potentialAction\":[{\"@type\":\"CommentAction\",\"name\":\"Comment\",\"target\":[\"http:\/\/vincentians.com\/es\/ano-jubilar-sacerdotal\/#respond\"]}]},{\"@type\":\"WebPage\",\"@id\":\"http:\/\/vincentians.com\/es\/ano-jubilar-sacerdotal\/\",\"url\":\"http:\/\/vincentians.com\/es\/ano-jubilar-sacerdotal\/\",\"name\":\"A\u00f1o Jubilar Sacerdotal - Somos Vicencianos\",\"isPartOf\":{\"@id\":\"http:\/\/vincentians.com\/es\/#website\"},\"primaryImageOfPage\":{\"@id\":\"http:\/\/vincentians.com\/es\/ano-jubilar-sacerdotal\/#primaryimage\"},\"image\":{\"@id\":\"http:\/\/vincentians.com\/es\/ano-jubilar-sacerdotal\/#primaryimage\"},\"thumbnailUrl\":\"http:\/\/vicencianos.org\/vicencianos\/files\/2010\/02\/1202696091_f-289x300.jpg\",\"datePublished\":\"2010-02-12T13:04:06+00:00\",\"dateModified\":\"2016-07-26T07:45:40+00:00\",\"breadcrumb\":{\"@id\":\"http:\/\/vincentians.com\/es\/ano-jubilar-sacerdotal\/#breadcrumb\"},\"inLanguage\":\"es\",\"potentialAction\":[{\"@type\":\"ReadAction\",\"target\":[\"http:\/\/vincentians.com\/es\/ano-jubilar-sacerdotal\/\"]}]},{\"@type\":\"ImageObject\",\"inLanguage\":\"es\",\"@id\":\"http:\/\/vincentians.com\/es\/ano-jubilar-sacerdotal\/#primaryimage\",\"url\":\"http:\/\/vicencianos.org\/vicencianos\/files\/2010\/02\/1202696091_f-289x300.jpg\",\"contentUrl\":\"http:\/\/vicencianos.org\/vicencianos\/files\/2010\/02\/1202696091_f-289x300.jpg\"},{\"@type\":\"BreadcrumbList\",\"@id\":\"http:\/\/vincentians.com\/es\/ano-jubilar-sacerdotal\/#breadcrumb\",\"itemListElement\":[{\"@type\":\"ListItem\",\"position\":1,\"name\":\"Portada\",\"item\":\"http:\/\/vincentians.com\/es\/\"},{\"@type\":\"ListItem\",\"position\":2,\"name\":\"A\u00f1o Jubilar Sacerdotal\"}]},{\"@type\":\"WebSite\",\"@id\":\"http:\/\/vincentians.com\/es\/#website\",\"url\":\"http:\/\/vincentians.com\/es\/\",\"name\":\"Somos Vicencianos\",\"description\":\"Know more to serve more\",\"publisher\":{\"@id\":\"http:\/\/vincentians.com\/es\/#organization\"},\"potentialAction\":[{\"@type\":\"SearchAction\",\"target\":{\"@type\":\"EntryPoint\",\"urlTemplate\":\"http:\/\/vincentians.com\/es\/?s={search_term_string}\"},\"query-input\":{\"@type\":\"PropertyValueSpecification\",\"valueRequired\":true,\"valueName\":\"search_term_string\"}}],\"inLanguage\":\"es\"},{\"@type\":\"Organization\",\"@id\":\"http:\/\/vincentians.com\/es\/#organization\",\"name\":\"The Vincentian Network\",\"url\":\"http:\/\/vincentians.com\/es\/\",\"logo\":{\"@type\":\"ImageObject\",\"inLanguage\":\"es\",\"@id\":\"http:\/\/vincentians.com\/es\/#\/schema\/logo\/image\/\",\"url\":\"https:\/\/i1.wp.com\/vincentians.com\/es\/wp-content\/uploads\/sites\/11\/2016\/06\/Vincentian-Network-logo-big.png?fit=778%2C778\",\"contentUrl\":\"https:\/\/i1.wp.com\/vincentians.com\/es\/wp-content\/uploads\/sites\/11\/2016\/06\/Vincentian-Network-logo-big.png?fit=778%2C778\",\"width\":778,\"height\":778,\"caption\":\"The Vincentian Network\"},\"image\":{\"@id\":\"http:\/\/vincentians.com\/es\/#\/schema\/logo\/image\/\"},\"sameAs\":[\"https:\/\/www.facebook.com\/WeAreVincentians\/\",\"https:\/\/x.com\/WeVincentians\"]},{\"@type\":\"Person\",\"@id\":\"http:\/\/vincentians.com\/es\/#\/schema\/person\/9623ef4d9aa3b2dfb8c061f1499288f2\",\"name\":\"Francisco Javier Fern\u00e1ndez Chento\",\"image\":{\"@type\":\"ImageObject\",\"inLanguage\":\"es\",\"@id\":\"http:\/\/vincentians.com\/es\/#\/schema\/person\/image\/\",\"url\":\"https:\/\/secure.gravatar.com\/avatar\/497d5cde87b4c3d097d0315953521681ba2cd523ee66e5077c3711f7021e65de?s=96&d=mm&r=g\",\"contentUrl\":\"https:\/\/secure.gravatar.com\/avatar\/497d5cde87b4c3d097d0315953521681ba2cd523ee66e5077c3711f7021e65de?s=96&d=mm&r=g\",\"caption\":\"Francisco Javier Fern\u00e1ndez Chento\"},\"description\":\"Director General y cofundador de La Red de Formaci\u00f3n Vicenciana. Javier es laico vicenciano, afiliado a la Congregaci\u00f3n de la Misi\u00f3n y miembro del Equipo de Misiones Populares de la provincia can\u00f3nica de Zaragoza (Espa\u00f1a) de la Congregaci\u00f3n de la Misi\u00f3n. Graduado en la Universidad Oberta de Catalunya con cuatro grados (Asistente de direcci\u00f3n, Gesti\u00f3n Administrativa, Recursos Humanos y Contabilidad Avanzada). Bil\u00edng\u00fce Espa\u00f1ol\/Ingl\u00e9s. gestiona y mantiene varias p\u00e1ginas web cristianas y vicencianas, incluida including La Red de Formaci\u00f3n Vicenciana, de la que es cofundador. Actualmente es responsable del \u00e1rea de Espa\u00f1ol de .famvin, la Red de Noticias de la Familia Vicenciana. Tambi\u00e9n es m\u00fasico cat\u00f3lico y ha editado varios discos. Es Director General y cofundador de Trovador, una reconocida compa\u00f1\u00eda discogr\u00e1fica critiana de Espa\u00f1a. Trabaja en las Tecnolog\u00edas de la Informaci\u00f3n, ofreciendo servicios de alojamiento, dise\u00f1o y mantenimiento Web, as\u00ed como asesoramiento, formaci\u00f3n y soluciones inform\u00e1ticas, gesti\u00f3n documental y digitalizaci\u00f3n de textos, edici\u00f3n y maquetaci\u00f3n de libros, revistas, flyers, etc.\",\"sameAs\":[\"http:\/\/chento.org\",\"https:\/\/www.facebook.com\/JavierChento\",\"https:\/\/x.com\/https:\/\/twitter.com\/javierchento\"],\"url\":\"http:\/\/vincentians.com\/es\/author\/chento\/\"}]}<\/script>\n<!-- \/ Yoast SEO plugin. -->","yoast_head_json":{"title":"A\u00f1o Jubilar Sacerdotal - Somos Vicencianos","robots":{"index":"index","follow":"follow","max-snippet":"max-snippet:-1","max-image-preview":"max-image-preview:large","max-video-preview":"max-video-preview:-1"},"canonical":"http:\/\/vincentians.com\/es\/ano-jubilar-sacerdotal\/","og_locale":"es_ES","og_type":"article","og_title":"A\u00f1o Jubilar Sacerdotal - Somos Vicencianos","og_description":"Introducci\u00f3n. Quiero ofrecer unos puntos de reflexi\u00f3n sobre el A\u00f1o Jubilar Sacerdotal, convocado por el Papa Benedicto XVI con ocasi\u00f3n del 150 aniversario de la muerte de San Juan Mar\u00eda Vianney, Cura de Ars. El ... Read More","og_url":"http:\/\/vincentians.com\/es\/ano-jubilar-sacerdotal\/","og_site_name":"Somos Vicencianos","article_publisher":"https:\/\/www.facebook.com\/WeAreVincentians\/","article_author":"https:\/\/www.facebook.com\/JavierChento","article_published_time":"2010-02-12T13:04:06+00:00","article_modified_time":"2016-07-26T07:45:40+00:00","og_image":[{"url":"http:\/\/vicencianos.org\/vicencianos\/files\/2010\/02\/1202696091_f-289x300.jpg","type":"","width":"","height":""}],"author":"Francisco Javier Fern\u00e1ndez Chento","twitter_card":"summary_large_image","twitter_creator":"@https:\/\/twitter.com\/javierchento","twitter_site":"@WeVincentians","twitter_misc":{"Escrito por":"Francisco Javier Fern\u00e1ndez Chento","Tiempo de lectura":"11 minutos"},"schema":{"@context":"https:\/\/schema.org","@graph":[{"@type":"Article","@id":"http:\/\/vincentians.com\/es\/ano-jubilar-sacerdotal\/#article","isPartOf":{"@id":"http:\/\/vincentians.com\/es\/ano-jubilar-sacerdotal\/"},"author":{"name":"Francisco Javier Fern\u00e1ndez Chento","@id":"http:\/\/vincentians.com\/es\/#\/schema\/person\/9623ef4d9aa3b2dfb8c061f1499288f2"},"headline":"A\u00f1o Jubilar Sacerdotal","datePublished":"2010-02-12T13:04:06+00:00","dateModified":"2016-07-26T07:45:40+00:00","mainEntityOfPage":{"@id":"http:\/\/vincentians.com\/es\/ano-jubilar-sacerdotal\/"},"wordCount":2146,"commentCount":0,"publisher":{"@id":"http:\/\/vincentians.com\/es\/#organization"},"image":{"@id":"http:\/\/vincentians.com\/es\/ano-jubilar-sacerdotal\/#primaryimage"},"thumbnailUrl":"http:\/\/vicencianos.org\/vicencianos\/files\/2010\/02\/1202696091_f-289x300.jpg","articleSection":["Congregaci\u00f3n de la Misi\u00f3n"],"inLanguage":"es","potentialAction":[{"@type":"CommentAction","name":"Comment","target":["http:\/\/vincentians.com\/es\/ano-jubilar-sacerdotal\/#respond"]}]},{"@type":"WebPage","@id":"http:\/\/vincentians.com\/es\/ano-jubilar-sacerdotal\/","url":"http:\/\/vincentians.com\/es\/ano-jubilar-sacerdotal\/","name":"A\u00f1o Jubilar Sacerdotal - Somos Vicencianos","isPartOf":{"@id":"http:\/\/vincentians.com\/es\/#website"},"primaryImageOfPage":{"@id":"http:\/\/vincentians.com\/es\/ano-jubilar-sacerdotal\/#primaryimage"},"image":{"@id":"http:\/\/vincentians.com\/es\/ano-jubilar-sacerdotal\/#primaryimage"},"thumbnailUrl":"http:\/\/vicencianos.org\/vicencianos\/files\/2010\/02\/1202696091_f-289x300.jpg","datePublished":"2010-02-12T13:04:06+00:00","dateModified":"2016-07-26T07:45:40+00:00","breadcrumb":{"@id":"http:\/\/vincentians.com\/es\/ano-jubilar-sacerdotal\/#breadcrumb"},"inLanguage":"es","potentialAction":[{"@type":"ReadAction","target":["http:\/\/vincentians.com\/es\/ano-jubilar-sacerdotal\/"]}]},{"@type":"ImageObject","inLanguage":"es","@id":"http:\/\/vincentians.com\/es\/ano-jubilar-sacerdotal\/#primaryimage","url":"http:\/\/vicencianos.org\/vicencianos\/files\/2010\/02\/1202696091_f-289x300.jpg","contentUrl":"http:\/\/vicencianos.org\/vicencianos\/files\/2010\/02\/1202696091_f-289x300.jpg"},{"@type":"BreadcrumbList","@id":"http:\/\/vincentians.com\/es\/ano-jubilar-sacerdotal\/#breadcrumb","itemListElement":[{"@type":"ListItem","position":1,"name":"Portada","item":"http:\/\/vincentians.com\/es\/"},{"@type":"ListItem","position":2,"name":"A\u00f1o Jubilar Sacerdotal"}]},{"@type":"WebSite","@id":"http:\/\/vincentians.com\/es\/#website","url":"http:\/\/vincentians.com\/es\/","name":"Somos Vicencianos","description":"Know more to serve more","publisher":{"@id":"http:\/\/vincentians.com\/es\/#organization"},"potentialAction":[{"@type":"SearchAction","target":{"@type":"EntryPoint","urlTemplate":"http:\/\/vincentians.com\/es\/?s={search_term_string}"},"query-input":{"@type":"PropertyValueSpecification","valueRequired":true,"valueName":"search_term_string"}}],"inLanguage":"es"},{"@type":"Organization","@id":"http:\/\/vincentians.com\/es\/#organization","name":"The Vincentian Network","url":"http:\/\/vincentians.com\/es\/","logo":{"@type":"ImageObject","inLanguage":"es","@id":"http:\/\/vincentians.com\/es\/#\/schema\/logo\/image\/","url":"https:\/\/i1.wp.com\/vincentians.com\/es\/wp-content\/uploads\/sites\/11\/2016\/06\/Vincentian-Network-logo-big.png?fit=778%2C778","contentUrl":"https:\/\/i1.wp.com\/vincentians.com\/es\/wp-content\/uploads\/sites\/11\/2016\/06\/Vincentian-Network-logo-big.png?fit=778%2C778","width":778,"height":778,"caption":"The Vincentian Network"},"image":{"@id":"http:\/\/vincentians.com\/es\/#\/schema\/logo\/image\/"},"sameAs":["https:\/\/www.facebook.com\/WeAreVincentians\/","https:\/\/x.com\/WeVincentians"]},{"@type":"Person","@id":"http:\/\/vincentians.com\/es\/#\/schema\/person\/9623ef4d9aa3b2dfb8c061f1499288f2","name":"Francisco Javier Fern\u00e1ndez Chento","image":{"@type":"ImageObject","inLanguage":"es","@id":"http:\/\/vincentians.com\/es\/#\/schema\/person\/image\/","url":"https:\/\/secure.gravatar.com\/avatar\/497d5cde87b4c3d097d0315953521681ba2cd523ee66e5077c3711f7021e65de?s=96&d=mm&r=g","contentUrl":"https:\/\/secure.gravatar.com\/avatar\/497d5cde87b4c3d097d0315953521681ba2cd523ee66e5077c3711f7021e65de?s=96&d=mm&r=g","caption":"Francisco Javier Fern\u00e1ndez Chento"},"description":"Director General y cofundador de La Red de Formaci\u00f3n Vicenciana. Javier es laico vicenciano, afiliado a la Congregaci\u00f3n de la Misi\u00f3n y miembro del Equipo de Misiones Populares de la provincia can\u00f3nica de Zaragoza (Espa\u00f1a) de la Congregaci\u00f3n de la Misi\u00f3n. Graduado en la Universidad Oberta de Catalunya con cuatro grados (Asistente de direcci\u00f3n, Gesti\u00f3n Administrativa, Recursos Humanos y Contabilidad Avanzada). Bil\u00edng\u00fce Espa\u00f1ol\/Ingl\u00e9s. gestiona y mantiene varias p\u00e1ginas web cristianas y vicencianas, incluida including La Red de Formaci\u00f3n Vicenciana, de la que es cofundador. Actualmente es responsable del \u00e1rea de Espa\u00f1ol de .famvin, la Red de Noticias de la Familia Vicenciana. Tambi\u00e9n es m\u00fasico cat\u00f3lico y ha editado varios discos. Es Director General y cofundador de Trovador, una reconocida compa\u00f1\u00eda discogr\u00e1fica critiana de Espa\u00f1a. Trabaja en las Tecnolog\u00edas de la Informaci\u00f3n, ofreciendo servicios de alojamiento, dise\u00f1o y mantenimiento Web, as\u00ed como asesoramiento, formaci\u00f3n y soluciones inform\u00e1ticas, gesti\u00f3n documental y digitalizaci\u00f3n de textos, edici\u00f3n y maquetaci\u00f3n de libros, revistas, flyers, etc.","sameAs":["http:\/\/chento.org","https:\/\/www.facebook.com\/JavierChento","https:\/\/x.com\/https:\/\/twitter.com\/javierchento"],"url":"http:\/\/vincentians.com\/es\/author\/chento\/"}]}},"jetpack_publicize_connections":[],"jetpack_featured_media_url":"","jetpack_sharing_enabled":true,"jetpack_shortlink":"https:\/\/wp.me\/p7ETMF-2TK","jetpack-related-posts":[{"id":57539,"url":"http:\/\/vincentians.com\/es\/sesenta-anos-de-sacerdote-1951-2011-evocaciones-y-recuerdos\/","url_meta":{"origin":11144,"position":0},"title":"Sesenta a\u00f1os de sacerdote (1951-2011). Evocaciones y recuerdos","author":"Mitxel Olabu\u00e9naga","date":"03\/01\/2012","format":false,"excerpt":"Escribo este art\u00edculo, porque me lo ha pedido el P. Celestino, Director del Bolet\u00edn de la Provincia. Me ha sugerido que no sea una cr\u00f3nica, sino algo muy personal sobre el 60 aniversario de nuestra ordenaci\u00f3n sacerdotal, que hemos celebrado el 9 de septiembre pasado en la Bas\u00edlica de La\u2026","rel":"","context":"En \u00abBiograf\u00edas de Misioneros Pa\u00fales\u00bb","block_context":{"text":"Biograf\u00edas de Misioneros Pa\u00fales","link":"http:\/\/vincentians.com\/es\/category\/la-familia-vicenciana\/biografias-vicencianas\/biografias-de-misioneros-paules\/"},"img":{"alt_text":"","src":"https:\/\/i0.wp.com\/vincentians.com\/es\/wp-content\/uploads\/sites\/11\/2016\/07\/bio-cm.jpg?fit=1200%2C630&resize=350%2C200","width":350,"height":200,"srcset":"https:\/\/i0.wp.com\/vincentians.com\/es\/wp-content\/uploads\/sites\/11\/2016\/07\/bio-cm.jpg?fit=1200%2C630&resize=350%2C200 1x, https:\/\/i0.wp.com\/vincentians.com\/es\/wp-content\/uploads\/sites\/11\/2016\/07\/bio-cm.jpg?fit=1200%2C630&resize=525%2C300 1.5x, https:\/\/i0.wp.com\/vincentians.com\/es\/wp-content\/uploads\/sites\/11\/2016\/07\/bio-cm.jpg?fit=1200%2C630&resize=700%2C400 2x, https:\/\/i0.wp.com\/vincentians.com\/es\/wp-content\/uploads\/sites\/11\/2016\/07\/bio-cm.jpg?fit=1200%2C630&resize=1050%2C600 3x"},"classes":[]},{"id":107609,"url":"http:\/\/vincentians.com\/es\/san-jose-maria-de-yermo-y-parres-mexico-1851-1904\/","url_meta":{"origin":11144,"position":1},"title":"San Jos\u00e9 Mar\u00eda de Yermo y Parres: M\u00e9xico 1851-1904","author":"Francisco Javier Fern\u00e1ndez Chento","date":"20\/09\/2018","format":false,"excerpt":"El Padre Jos\u00e9 Mar\u00eda de Yermo y Parres, a finales del siglo XIX, vivi\u00f3 su ministerio presbiteral en M\u00e9xico, especialmente en tres grandes l\u00edneas de santificaci\u00f3n: la vida de oraci\u00f3n, el servicio a los pobres y la dedicaci\u00f3n a los ejercicios espirituales de los sacerdotes. \"En \u00e9l est\u00e1n delineados con\u2026","rel":"","context":"En \u00abJos\u00e9 Mar\u00eda Yermo\u00bb","block_context":{"text":"Jos\u00e9 Mar\u00eda Yermo","link":"http:\/\/vincentians.com\/es\/category\/la-familia-vicenciana\/la-familia-vicenciana-en-los-altares\/santos\/jose-maria-yermo\/"},"img":{"alt_text":"","src":"https:\/\/i0.wp.com\/vincentians.com\/es\/wp-content\/uploads\/sites\/11\/2016\/09\/revolucion-francesa.jpg?fit=1200%2C630&resize=350%2C200","width":350,"height":200,"srcset":"https:\/\/i0.wp.com\/vincentians.com\/es\/wp-content\/uploads\/sites\/11\/2016\/09\/revolucion-francesa.jpg?fit=1200%2C630&resize=350%2C200 1x, https:\/\/i0.wp.com\/vincentians.com\/es\/wp-content\/uploads\/sites\/11\/2016\/09\/revolucion-francesa.jpg?fit=1200%2C630&resize=525%2C300 1.5x, https:\/\/i0.wp.com\/vincentians.com\/es\/wp-content\/uploads\/sites\/11\/2016\/09\/revolucion-francesa.jpg?fit=1200%2C630&resize=700%2C400 2x, https:\/\/i0.wp.com\/vincentians.com\/es\/wp-content\/uploads\/sites\/11\/2016\/09\/revolucion-francesa.jpg?fit=1200%2C630&resize=1050%2C600 3x"},"classes":[]},{"id":127636,"url":"http:\/\/vincentians.com\/es\/florentino-meneses-curieses\/","url_meta":{"origin":11144,"position":2},"title":"Florentino Meneses Curieses","author":"Mitxel Olabu\u00e9naga","date":"24\/01\/2014","format":false,"excerpt":"El P. Florentino naci\u00f3 el 15 de enero del a\u00f1o 1928 en Villamuriel de Cerrato, Palencia. Sus padres fueron: D. Florentino y D\u00f1\u00aa Primitiva. Fue bautizado el d\u00eda 22 de este mismo mes.\u00a0Ingres\u00f3 en la Congregaci\u00f3n de la Misi\u00f3n el 19 de septiembre de 1944, en Hortaleza (Madrid). En este\u2026","rel":"","context":"En \u00abBiograf\u00edas de Misioneros Pa\u00fales\u00bb","block_context":{"text":"Biograf\u00edas de Misioneros Pa\u00fales","link":"http:\/\/vincentians.com\/es\/category\/la-familia-vicenciana\/biografias-vicencianas\/biografias-de-misioneros-paules\/"},"img":{"alt_text":"","src":"https:\/\/i0.wp.com\/vincentians.com\/es\/wp-content\/uploads\/sites\/11\/2016\/07\/bio-cm.jpg?fit=1200%2C630&resize=350%2C200","width":350,"height":200,"srcset":"https:\/\/i0.wp.com\/vincentians.com\/es\/wp-content\/uploads\/sites\/11\/2016\/07\/bio-cm.jpg?fit=1200%2C630&resize=350%2C200 1x, https:\/\/i0.wp.com\/vincentians.com\/es\/wp-content\/uploads\/sites\/11\/2016\/07\/bio-cm.jpg?fit=1200%2C630&resize=525%2C300 1.5x, https:\/\/i0.wp.com\/vincentians.com\/es\/wp-content\/uploads\/sites\/11\/2016\/07\/bio-cm.jpg?fit=1200%2C630&resize=700%2C400 2x, https:\/\/i0.wp.com\/vincentians.com\/es\/wp-content\/uploads\/sites\/11\/2016\/07\/bio-cm.jpg?fit=1200%2C630&resize=1050%2C600 3x"},"classes":[]},{"id":13735,"url":"http:\/\/vincentians.com\/es\/vocacion-sacerdotal\/","url_meta":{"origin":11144,"position":3},"title":"Vocaci\u00f3n sacerdotal","author":"Francisco Javier Fern\u00e1ndez Chento","date":"19\/01\/2023","format":false,"excerpt":"En la fiesta de San Jos\u00e9 se celebra en muchos lugares el D\u00eda del Seminario. En este a\u00f1o dedicado a la figura y la misi\u00f3n de los sacerdotes, hay que prestar una cuidadosa atenci\u00f3n a la vocaci\u00f3n sacerdotal. Hoy es dif\u00edcil escuchar la vocaci\u00f3n al sacerdocio. Es casi imposible si\u2026","rel":"","context":"En \u00abFormaci\u00f3n Cristiana\u00bb","block_context":{"text":"Formaci\u00f3n Cristiana","link":"http:\/\/vincentians.com\/es\/category\/formacion-cristiana\/"},"img":{"alt_text":"","src":"https:\/\/i0.wp.com\/vincentians.com\/es\/wp-content\/uploads\/sites\/11\/2013\/04\/f-1-scaled.jpg?fit=1200%2C570&resize=350%2C200","width":350,"height":200,"srcset":"https:\/\/i0.wp.com\/vincentians.com\/es\/wp-content\/uploads\/sites\/11\/2013\/04\/f-1-scaled.jpg?fit=1200%2C570&resize=350%2C200 1x, https:\/\/i0.wp.com\/vincentians.com\/es\/wp-content\/uploads\/sites\/11\/2013\/04\/f-1-scaled.jpg?fit=1200%2C570&resize=525%2C300 1.5x, https:\/\/i0.wp.com\/vincentians.com\/es\/wp-content\/uploads\/sites\/11\/2013\/04\/f-1-scaled.jpg?fit=1200%2C570&resize=700%2C400 2x, https:\/\/i0.wp.com\/vincentians.com\/es\/wp-content\/uploads\/sites\/11\/2013\/04\/f-1-scaled.jpg?fit=1200%2C570&resize=1050%2C600 3x"},"classes":[]},{"id":404614,"url":"http:\/\/vincentians.com\/es\/san-vicente-un-sacerdote-lleno-de-celo-i\/","url_meta":{"origin":11144,"position":4},"title":"San Vicente, un sacerdote lleno de celo (I)","author":"Mitxel Olabu\u00e9naga","date":"22\/03\/2023","format":false,"excerpt":"Benedicto XVI el 16 de junio de 2009 convoc\u00f3 oficialmente un A\u00f1o Sacerdotal con ocasi\u00f3n del 150 aniversario de la muerte de san Juan Mar\u00eda Vianney, Cura de Ars. Comenzaron las jorna\u00addas el 19 de junio de 2009, solemnidad del Sagrado Coraz\u00f3n de Jes\u00fas, y fueron clausuradas el 11 de\u2026","rel":"","context":"En \u00abEspiritualidad vicenciana\u00bb","block_context":{"text":"Espiritualidad vicenciana","link":"http:\/\/vincentians.com\/es\/category\/espiritualidad\/espiritualidad-vicenciana\/"},"img":{"alt_text":"","src":"https:\/\/i0.wp.com\/vincentians.com\/es\/wp-content\/uploads\/sites\/11\/2015\/02\/St_Vincent_De_Paul_-bible-1.jpg?fit=1200%2C630&resize=350%2C200","width":350,"height":200,"srcset":"https:\/\/i0.wp.com\/vincentians.com\/es\/wp-content\/uploads\/sites\/11\/2015\/02\/St_Vincent_De_Paul_-bible-1.jpg?fit=1200%2C630&resize=350%2C200 1x, https:\/\/i0.wp.com\/vincentians.com\/es\/wp-content\/uploads\/sites\/11\/2015\/02\/St_Vincent_De_Paul_-bible-1.jpg?fit=1200%2C630&resize=525%2C300 1.5x, https:\/\/i0.wp.com\/vincentians.com\/es\/wp-content\/uploads\/sites\/11\/2015\/02\/St_Vincent_De_Paul_-bible-1.jpg?fit=1200%2C630&resize=700%2C400 2x, https:\/\/i0.wp.com\/vincentians.com\/es\/wp-content\/uploads\/sites\/11\/2015\/02\/St_Vincent_De_Paul_-bible-1.jpg?fit=1200%2C630&resize=1050%2C600 3x"},"classes":[]},{"id":387167,"url":"http:\/\/vincentians.com\/es\/la-mies-es-mucha-y-los-obreros-son-pocos\/","url_meta":{"origin":11144,"position":5},"title":"La mies es mucha y los obreros son pocos","author":"Mitxel Olabu\u00e9naga","date":"10\/03\/2016","format":false,"excerpt":"\u00abRecorr\u00eda Jes\u00fas todos los pueblos y aldeas, ensenando en las sinagogas, proclamando la buena noticia del Reino, curando todo achaque y enfermedad. Viendo el gent\u00edo, le dio lastima de ellos, porque andaban maltrechos v derrengados como ovejas sin pastor. Entonces dijo a sus disc\u00edpulos: la mies es mucha y los\u2026","rel":"","context":"En \u00abEspiritualidad\u00bb","block_context":{"text":"Espiritualidad","link":"http:\/\/vincentians.com\/es\/category\/espiritualidad\/"},"img":{"alt_text":"asd","src":"https:\/\/i0.wp.com\/vicencianos.org\/wp-content\/uploads\/2016\/03\/asd-250x300.gif?resize=350%2C200","width":350,"height":200},"classes":[]}],"_links":{"self":[{"href":"http:\/\/vincentians.com\/es\/wp-json\/wp\/v2\/posts\/11144","targetHints":{"allow":["GET"]}}],"collection":[{"href":"http:\/\/vincentians.com\/es\/wp-json\/wp\/v2\/posts"}],"about":[{"href":"http:\/\/vincentians.com\/es\/wp-json\/wp\/v2\/types\/post"}],"author":[{"embeddable":true,"href":"http:\/\/vincentians.com\/es\/wp-json\/wp\/v2\/users\/4"}],"replies":[{"embeddable":true,"href":"http:\/\/vincentians.com\/es\/wp-json\/wp\/v2\/comments?post=11144"}],"version-history":[{"count":0,"href":"http:\/\/vincentians.com\/es\/wp-json\/wp\/v2\/posts\/11144\/revisions"}],"wp:attachment":[{"href":"http:\/\/vincentians.com\/es\/wp-json\/wp\/v2\/media?parent=11144"}],"wp:term":[{"taxonomy":"category","embeddable":true,"href":"http:\/\/vincentians.com\/es\/wp-json\/wp\/v2\/categories?post=11144"},{"taxonomy":"post_tag","embeddable":true,"href":"http:\/\/vincentians.com\/es\/wp-json\/wp\/v2\/tags?post=11144"}],"curies":[{"name":"wp","href":"https:\/\/api.w.org\/{rel}","templated":true}]}}