{"id":10065,"date":"2023-07-15T08:19:09","date_gmt":"2023-07-15T06:19:09","guid":{"rendered":"http:\/\/somos.vicencianos.org\/blog\/?p=10065"},"modified":"2023-04-15T12:38:07","modified_gmt":"2023-04-15T10:38:07","slug":"curso-de-formacion-sobre-la-enciclica-la-caridad-en-la-verdad","status":"publish","type":"post","link":"http:\/\/vincentians.com\/es\/curso-de-formacion-sobre-la-enciclica-la-caridad-en-la-verdad\/","title":{"rendered":"Curso de formaci\u00f3n sobre la enc\u00edclica &quot;La Caridad en la Verdad&quot;"},"content":{"rendered":"<p style=\"padding-left: 30px\"><em>Del 28 al 29 de diciembre tuvo lugar en la Casa Provincial de la Congregaci\u00f3n de la Misi\u00f3n de Zaragoza un curso de formaci\u00f3n para misioneros, impartido por Jos\u00e9-Rom\u00e1n Flecha Andr\u00e9s, catedr\u00e1tico de Bio\u00e9tica de la Universidad Pontificia de Salamanca. A continuaci\u00f3n ofrecemos los apuntes de dicho curso.<\/em><\/p>\n<h2>1. Globalizaci\u00f3n y desarrollo<\/h2>\n<p>Firmada el d\u00eda 29 de junio y ampliamente esperada, el d\u00eda 7 de julio se ha publicado la tercera carta enc\u00edclica del Papa Benedicto XVI. La primera estaba dedicada al amor y la segunda a la esperanza.<\/p>\n<p>Esta tercera carta lleva por t\u00edtulo \u00abCaritas in veritate\u00bb por la frase con la que se abre: \u00abLa caridad en la verdad, de la que Jesucristo se ha hecho testigo con su vida terrenal y, sobre todo, con su muerte y resurrecci\u00f3n, es la principal fuerza impulsora del aut\u00e9ntico desarroll\u00f3 de cada persona y de toda la humanidad\u00bb (CV 1).<\/p>\n<p>La alusi\u00f3n al desarrollo nos recuerda que este amplio documento pretend\u00eda en principio conmemorar los 40 a\u00f1os de la enc\u00edclica \u00abEl Progreso de los pueblos\u00bb publicada por Pablo VI en 1967. En sinton\u00eda con ella, tambi\u00e9n este Papa insiste en la necesidad de promover un desarrollo integral y no solamente econ\u00f3mico o tecnol\u00f3gico.<\/p>\n<h3>La crisis econ\u00f3mica<\/h3>\n<p>Como ya hab\u00eda trascendido anteriormente, la nueva enc\u00edclica dedica una amplia atenci\u00f3n al fen\u00f3meno de la crisis econ\u00f3mica y financiera. Seg\u00fan el Papa, la crisis \u00abnos obliga a revisar nuestro camino, a darnos nuevas reglas y a encontrar nuevas formas de compromiso, a apoyarnos en las experiencias positivas y a rechazar las negativas. De este modo la crisis se convierte en ocasi\u00f3n de discernir y proyectar de un modo nuevo\u00bb (CV 21).<\/p>\n<p>Benedicto XVI menciona repetidamente el fen\u00f3meno de la globalizaci\u00f3n de la pro\u00adducci\u00f3n, el mercado y la econom\u00eda para afirmar que puede implicar aspectos positivos y negativos.<\/p>\n<p>De todas formas, \u00abla globalizaci\u00f3n ha de entenderse ciertamente como un proceso socioecon\u00f3mico, pero no es \u00e9sta su \u00fanica dimensi\u00f3n\u00bb (CV 42). En un mundo globalizado, todo nos invita a redescubrir los ideales de la gratuidad y la fraternidad.<\/p>\n<h3>Empresa y moralidad<\/h3>\n<p>Estando as\u00ed las cosas, alude el Papa al nuevo papel de las empresas en esta \u00e9poca, y a los problemas que genera su deslocalizaci\u00f3n. Como se sabe, muchas grandes empresas, cambian de lugar y hasta de pa\u00eds, buscando mayores rendimientos, desgravaciones fiscales o leyes laborales m\u00e1s permisivas. En muchos casos hay personas que quedan sin trabajo y regiones que ven frustradas sus esperanzas de desarrollo.<\/p>\n<p>La enc\u00edclica recuerda que el desarrollo econ\u00f3mico ha estado aquejado por desvia\u00adciones y problemas que la crisis ha puesto de manifiesto. Entre ellos menciona \u00abuna acti\u00advidad financiera mal utilizada y en buena parte especulativa, los imponentes flujos migratorios, frecuentemente provocados y despu\u00e9s no gestionados adecuadamente, o la explotaci\u00f3n sin reglas de los recursos de la tierra\u00bb (CV 21).<\/p>\n<p>Sabe el Papa que hoy se procura dar un estilo \u00e9tico a la empresa, pero afirma que no es indiferente cualquier \u00e9tica. Subraya las tasas aduaneras que se imponen a los pa\u00edses en v\u00edas de desarrollo y recuerda el problema del desempleo y las dificultades para mantener la seguridad social. Considera el papel de los sindicatos y espera que se desvinculen del \u00e1mbito pol\u00edtico para acercarse m\u00e1s a la sociedad civil. Alude a los aten\u00adtados contra la familia y la vida humana y la utilizaci\u00f3n de la religi\u00f3n como excusa para la violencia.<\/p>\n<p>Aboga el Papa por un nuevo di\u00e1logo interdisciplinar, mientras propugna una socie\u00addad que redescubra la centralidad de la persona, abierta a la trascendencia y que pro\u00admueva un desarrollo genuinamente integral.<\/p>\n<h2>2. Amor, verdad y libertad<\/h2>\n<p>En el primer p\u00e1rrafo de su enc\u00edclica \u00abCaridad en la verdad\u00bb, firmada el 29 de junio de 2009, el Papa afirma que \u00abla caridad en la verdad es la principal fuerza impulsora del aut\u00e9ntico desarrollo de cada persona y de toda la humanidad\u00bb (CV 1). Esta afirmaci\u00f3n requiere una sencilla observaci\u00f3n. Seg\u00fan el Papa, \u00abel amor <em>\u2014\u00bbcaritas\u00bb\u2014 <\/em>es una fuerza extraordinaria, que mueve a las personas a comprometerse con valent\u00eda y generosidad en el campo de la justicia y de la paz\u00bb. Ya se sabe que el amor desencadena enormes energ\u00edas tanto en la persona que ama como en la que se siente amada.<\/p>\n<p>Es cierto que el amor puede confundirse con falsas apariencias. Por eso requiere la garant\u00eda de la verdad, como la verdad, pide el calor y la dedicaci\u00f3n que brotan del amor. La verdad se propone, no se impone. Y tal propuesta s\u00f3lo es cre\u00edble cuando nace del amor: \u00abDefender la verdad, proponerla con humildad y convicci\u00f3n y testimoniarla en la vida son formas exigentes e insustituibles de caridad\u00bb. Estas experiencias fundamentales nunca se deber\u00edan olvidar. Obedecen a la naturaleza humana, que un creyente descubre como dise\u00f1ada por Dios. \u00abTodos los hombres perciben el impulso interior de amar de manera aut\u00e9ntica; amor y verdad nunca los abandonan completamente, porque son la vocaci\u00f3n que Dios ha puesto en el coraz\u00f3n y en la mente de cada ser humano\u00bb.<\/p>\n<h3>El amor viene de Dios<\/h3>\n<p>Junto a la explicaci\u00f3n racional, la enc\u00edclica presenta una explicaci\u00f3n religiosa que puede ser compartida por los creyentes en un Dios personal. De hecho, la fuerza del amor \u00abtiene su origen en Dios, Amor eterno y Verdad absoluta\u00bb. En el verso con el que Dante concluye la Divina Comedia confiesa que su amor y su querer se vieron al fin mo\u00advidos por el Amor que mueve al sol y las estrellas.<\/p>\n<p>La verdad no es un invento de la persona, sino que obedece al designio de Dios. En la identidad del querer de la persona con el proyecto \u00faltimo de Dios consiste la verdadera libertad: \u00abCada uno encuentra su propio bien asumiendo el proyecto que Dios tiene sobre \u00e9l, para realizarlo plenamente: en efecto, encuentra en dicho proyecto su verdad y, acep\u00adtando esta verdad, se hace libre\u00bb. Algunos han dicho que \u00abla libertad nos hace verdaderos\u00bb.<\/p>\n<p>Esa afirmaci\u00f3n tiene el m\u00e9rito de repudia la falsedad de toda dictadura. Pero al decir que \u00abLa verdad os har\u00e1 libres\u00bb, Jes\u00fas nos ense\u00f1a que aceptar la realidad \u00faltima del ser humano, como ha sido querido por Dios, es la fuente de la aut\u00e9ntica libertad.<\/p>\n<h3>Jesucristo en el centro<\/h3>\n<p>Finalmente, la enc\u00edclica incluye una tercera referencia espec\u00edficamente cristiana: \u00abJesucristo purifica y libera de nuestras limitaciones humanas la b\u00fasqueda del amor y la verdad, y nos desvela plenamente la iniciativa de amor y el proyecto de vida verdadera que Dios ha preparado para nosotros\u00bb.<\/p>\n<p>La fe cristiana afirma que Jes\u00fas revela la verdad sobre Dios y la verdad \u00faltima so\u00adbre el ser humano. \u00abEn Cristo, la <em>caridad en la verdad <\/em>se convierte en el Rostro de su Persona, en una vocaci\u00f3n a amar a hermanos en la verdad de su proyecto. En efecto, \u00c9l mismo es la Verdad\u00bb.<\/p>\n<p>As\u00ed pues, la enc\u00edclica se sit\u00faa en primer lugar en un plano racional, com\u00fan a creyentes y no creyentes, apela despu\u00e9s a la fe en Dios que comparten muchas personas que profesan diferentes religiones; y termina haciendo una explicita confesi\u00f3n cristiana.<\/p>\n<h2>3. Desarrollo y vocaci\u00f3n<\/h2>\n<p>En la enc\u00edclica \u00abLa caridad en la verdad\u00bb de Benedicto XVI retorna de nuevo la cuesti\u00f3n del desarrollo, a la que ya Pablo VI hab\u00eda dedicado una larga atenci\u00f3n en 1967. La palabra \u00abdesarrollo\u00bb aparece ya en el n. 4, con una frase que puede parecer provocadora: \u00abEn el contexto social y cultural actual, en el que est\u00e1 difundida la tendencia a relativizar lo verdadero, vivir la caridad en la verdad lleva a comprender que la adhesi\u00f3n a los valores del cristianismo no es s\u00f3lo un elemento \u00fatil, sino indispensable para la construcci\u00f3n de una buena sociedad y un verdadero desarrollo humano integral\u00bb (CV 4). La clave para entender esta afirmaci\u00f3n se encuentra en esas \u00faltimas palabras. \u00bfPero qu\u00e9 es un verda\u00addero desarrollo humano integral? En realidad nos cuesta trabajo entender lo que es y los que no es.<\/p>\n<h3>Lo que no es el desarrollo<\/h3>\n<p>Para comenzar, el desarrollo no puede reducirse a la acumulaci\u00f3n de tecnolog\u00eda. Podemos contar con grandes y poderosos instrumentos y, sin embargo, no avanzar en el conocimiento de nosotros mismos ni en el entendimiento con los dem\u00e1s. El movimiento ecologista nos ha ayudado a comprender que no basta perfeccionar la t\u00e9cnica, sino que es preciso apelar a la \u00e9tica para mantener un crecimiento sostenible.<\/p>\n<p>Por otra parte, el desarrollo tampoco puede ser ego\u00edsta. Es ya un t\u00f3pico afirmar que no seremos libres mientras siga habiendo esclavos a nuestro alrededor. De forma seme\u00adjante, se puede tambi\u00e9n afirmar que no habr\u00e1 desarrollo humano integral, mientras se permita o se provoque el subdesarrollo de los dem\u00e1s, sean individuos o pueblos enteros. Por eso la enc\u00edclica afirma que \u00abla verdad originaria del amor de Dios, que se nos ha dado gratuitamente, es lo que abre nuestra vida al don y hace posible esperar en un desarrollo de todo el hombre y de todos los hombres\u00bb (CV 8).<\/p>\n<p>Finalmente, el desarrollo tampoco puede ser parcial. El crecimiento parcial de un \u00f3rgano genera una monstruosidad. Tambi\u00e9n el desarrollo social tiene que ser integral. La integridad del desarrollo ha de incluir el cuerpo y el esp\u00edritu, la horizontalidad y la vertica\u00adlidad de las relaciones, el tener y el ser, el individuo y el grupo, la humanidad y el ambiente creado.<\/p>\n<p>Por eso repite la enc\u00edclica que el desarrollo no puede ser considerado antihumano. Este mundo secularizado no puede ni debe acusar a los cristianos de ser enemigos del progreso, siempre que se entienda liberado de esas tres tentaciones de tecnologismo, ego\u00edsmo y parcialidad.<\/p>\n<h3>La fe y el progreso<\/h3>\n<p>Es preciso insistir. Se equivocan los que piensan que la fe es enemiga del progreso. Seg\u00fan el Papa, \u00abla idea de un mundo sin desarrollo expresa desconfianza en el hombre y en Dios\u00bb (CV 14). Dios no es un freno para el desarrollo humano. Pero tampoco se puede promover el desarrollo humano de espalda o en contra del proyecto divino sobre el hombre y sobre el mundo. De ah\u00ed que el desarrollo humano integral haya de ser entendido como una vocaci\u00f3n, es decir, como la respuesta humana y humanizadora al proyecto de Dios (CV 11.16). Es verdad que ese proyecto puede ser descubierto por la raz\u00f3n, pero tambi\u00e9n es verdad que el creyente sepa que la raz\u00f3n no es negada sino ayudada y purificada por la fe.<\/p>\n<p>Los valores y los ideales propios de la fe cristiana no son un obst\u00e1culo, sino un est\u00edmulo para un desarrollo integral, que se basa necesariamente en la caridad y en la verdad. Cuesta trabajo hacerlo entender a algunos, pero no estamos llamados a imponer nuestra fe, sino a proponerla con humildad y respeto.<\/p>\n<h2>4. Laicismo, raz\u00f3n y Fe<\/h2>\n<p>Adem\u00e1s de apuntar a los problemas sociales de hoy, la enc\u00edclica \u00abCaridad en la ver\u00addad\u00bb, de Benedicto XVI ha evocado el mayor tab\u00fa de nuestro tiempo: el que considera la fe como el mayor obst\u00e1culo para la realizaci\u00f3n humana. Nuestra sociedad secularizada ignora y desprecia la fuerza y la riqueza de la fe. Ya al comienzo de la enc\u00edclica dice el Papa que \u00abla verdad es luz que da sentido y valor a la caridad. Esta luz es simult\u00e1nea\u00admente la de la raz\u00f3n y la de la fe, por medio de la cual la inteligencia llega a la verdad natural y sobrenatural de la caridad, percibiendo su significado de entrega, acogida y comuni\u00f3n\u00bb (CV 3). Como si necesitara legitimar los pronunciamientos de la doctrina social de la Iglesia, recuerda el Papa que \u00e9sta no es otra cosa que la caridad en la verdad que se aplica a los asuntos sociales. Esa doctrina es servicio de la caridad, pero en la verdad. \u00abEs al mismo tiempo verdad de la fe y de la raz\u00f3n, en la distinci\u00f3n y la sinergia a la vez de los dos \u00e1mbitos cognitivos\u00bb (CV 5).<\/p>\n<h3>Dos tentaciones<\/h3>\n<p>Cuando la fe ignora la raz\u00f3n puede caer en el fundamentalismo. Cuando la raz\u00f3n desprecia la fe cae en el laicismo. Ambas posturas son reductivas y excluyentes. Aunque se miren con recelo, ambas nacen del mismo error antropol\u00f3gico. Las dos privan al ser humano de algo que le es propio: su ser racional y su ser creyente.<\/p>\n<p>El mundo de hoy piensa que esas posturas son antag\u00f3nicas. Pero es una sorpresa descubrir que nacen de la misma ra\u00edz. \u00abEn el laicismo y en el fundamentalismo se pierde la posibilidad de un di\u00e1logo fecundo y de una provechosa colaboraci\u00f3n entre la raz\u00f3n y la fe religiosa. <em>La raz\u00f3n necesita siempre ser purificada por la fe, <\/em>y esto vale tambi\u00e9n para la raz\u00f3n pol\u00edtica, que no debe creerse omnipotente. A su vez, <em>la religi\u00f3n tiene siempre necesidad de ser purificada por la raz\u00f3n <\/em>para mostrar su aut\u00e9ntico rostro humano. La ruptura de este di\u00e1logo comporta un coste muy gravoso para el desarrollo de la humani\u00addad\u00bb (CV 56). Es bueno subrayar esa necesaria relaci\u00f3n que ha de existir entre la fe y la raz\u00f3n. Ambas se enriquecen y se purifican en el encuentro. Ambas pierden cuando se excluyen la una a la otra.<\/p>\n<h3>Investigaci\u00f3n y bio\u00e9tica<\/h3>\n<p>Si esa mutua excomuni\u00f3n da\u00f1a el \u00e1mbito pol\u00edtico, falsea tambi\u00e9n el campo de la investigaci\u00f3n, como se ve hoy d\u00eda en la discusi\u00f3n bio\u00e9tica. En ella parece imponerse la elecci\u00f3n entre dos tipos de raz\u00f3n: una raz\u00f3n abierta a la trascendencia o una raz\u00f3n en\u00adcerrada en la inmanencia. Es una alternativa decisiva que, al final se vuelve contra el sentido \u00faltimo del hombre y de lo humano. La fe y la raz\u00f3n descubren al ser humano el camino de la salvaci\u00f3n.<\/p>\n<p>\u00abLa racionalidad del quehacer t\u00e9cnico centrada s\u00f3lo en s\u00ed misma se revela &#8216;como irracional, porque comporta un rechazo firme del sentido y del valor. Por ello, la cerraz\u00f3n a la trascendencia tropieza con la dificultad de pensar c\u00f3mo es posible que de la nada haya surgido el ser y de la casualidad la inteligencia. Ante estos problemas tan dram\u00e1ti\u00adcos, raz\u00f3n y fe se ayudan mutuamente. S\u00f3lo juntas salvar\u00e1n al hombre. <em>Atra\u00edda por el <\/em><em>puro quehacer t\u00e9cnico, la raz\u00f3n sin la fe se ve avocada a perderse en la ilusi\u00f3n de su propia omnipotencia. La fe sin la raz\u00f3n <\/em>corre <em>el riesgo de alejarse de la vida concreta de <\/em><em>las personas\u00bb <\/em>(CV 74).<\/p>\n<p>Nuestra sociedad no deber\u00eda tener miedo de la fe. Tampoco debe abdicar de la raz\u00f3n para caer en la telara\u00f1a del espontane\u00edsmo, del mero sentimiento o del pragmatismo. No nos ayuda a ser personas la irracionalidad del gusto o del placer, pero tampoco la b\u00fasqueda exclusiva de la utilidad y los buenos resultados.<\/p>\n<p>\u00abDios revela el hombre al hombre; la raz\u00f3n y la fe colaboran a la hora de mostrarle el bien, con tal que lo quiera ver; la ley natural, en la que brilla la Raz\u00f3n creadora, indica la grandeza del hombre, pero tambi\u00e9n su miseria, cuando desconoce el reclamo de la verdad moral\u00bb (CV 75).<\/p>\n<h2>5. Cuatro problemas de hoy<\/h2>\n<p>La enc\u00edclica \u00abCaridad en la verdad\u00bb no pretende ser un muestrario de calamidades. Es una profunda reflexi\u00f3n sobre el ser humano y sus \u00faltimas aspiraciones, sobre sus energ\u00edas y posibilidades, sobre todo si se mantiene unido a la fuente divina del amor y de la gracia. Sin embargo, el Papa Benedicto XVI no se mueve en el \u00e1mbito de la pura abstracci\u00f3n. De hecho, nos invita a mirar con atenci\u00f3n el panorama que hoy presenta nuestra sociedad. En ella descubre algunos fen\u00f3menos que requieren una mayor responsabilidad moral. Baste recordar cuatro de ellos.<\/p>\n<h3>Colaboraci\u00f3n y educaci\u00f3n<\/h3>\n<p>En primer lugar aparece la dimensi\u00f3n mundial de la crisis econ\u00f3mica. De una u otra forma nos afecta a todos y revela la crisis de los valores morales que padecemos. Con todo, \u00abla ayuda al desarrollo de los pa\u00edses pobres debe considerarse un verdadero instru\u00admentos de creaci\u00f3n de riqueza para todos\u00bb.<\/p>\n<p>Ante la crisis mundial se impone m\u00e1s que nunca la apelaci\u00f3n a los principios de solidaridad y de subsidiariedad. Los pa\u00edses m\u00e1s desarrollados pueden y deben eliminar derroches, rentas abusivas y gastos burocr\u00e1ticos y destinar mayores porcentajes de su producto interior bruto para ayudas al desarrollo (CV 60).<\/p>\n<p>En segundo lugar, el Papa menciona la educaci\u00f3n. No se trata s\u00f3lo de la instruc\u00adci\u00f3n o de la formaci\u00f3n profesional, Entendida como formaci\u00f3n completa de la persona, la educaci\u00f3n es una condici\u00f3n esencial para la eficacia de la colaboraci\u00f3n internacional. En consecuencia, la solidaridad internacional ha de facilitar a los pa\u00edses en v\u00edas de desarrollo un mayor y mejor acceso a la educaci\u00f3n (CV 61).<\/p>\n<h3>Las migraciones y el trabajo<\/h3>\n<p>En tercer lugar, se presenta hoy el fen\u00f3meno de las migraciones. Siempre han exis\u00adtido, pero hoy nos asombran, por habernos tomado por sorpresa y por algo m\u00e1s. El fen\u00f3\u00admeno es impresionante \u00abpor sus dimensiones, por los problemas sociales, econ\u00f3micos, pol\u00edticos, culturales y religiosos que suscita, y por los dram\u00e1ticos desaf\u00edos que plantea a las comunidades nacionales y a la comunidad internacional\u00bb. Seg\u00fan el Papa, es preciso prestar atenci\u00f3n a las exigencias y los derechos de las personas y las familias que emigran, pero tambi\u00e9n a las de las sociedades de destino. Es hora de ver a los trabajadores extranjeros no s\u00f3lo como fuente de dificultades, sino tambi\u00e9n de desarrollo econ\u00f3mico para el pa\u00eds de origen y el pa\u00eds de destino (CV 62).<\/p>\n<p>Finalmente, en la enc\u00edclica se alude a la necesidad que toda persona experimenta de tener un trabajo \u00abdecente\u00bb. Pero \u00bfQu\u00e9 significa en este caso la decencia?.<\/p>\n<p>El Papa anota siete exigencias para que el trabajo sea \u00abdecente\u00bb. Que el trabajo sea expresi\u00f3n de la dignidad esencial de toda persona: un trabajo libremente elegido, que asocie a los trabajadores al desarrollo de su comunidad; un trabajo que haga que los trabajadores sean respetados, evitando toda discriminaci\u00f3n; un trabajo que permita satis\u00adfacer las necesidades de las familias y escolarizar a los hijos sin que se vean obligados a trabajar; un trabajo que consienta a los trabajadores organizarse libremente y hacer o\u00edr su voz; un trabajo que deje espacio para reencontrarse con las propias ra\u00edces en el \u00e1mbito personal, familiar y espiritual; un trabajo que asegure una condici\u00f3n digna a los trabajadores que llegan a la jubilaci\u00f3n\u00bb (CV 63). He ah\u00ed un buen examen de conciencia tanto para los individuos, como para las empresas, para los pol\u00edticos y para las adminis\u00adtraciones p\u00fablicas.<\/p>\n<h2>6. Valores para una nueva sociedad<\/h2>\n<p>En la enc\u00edclica \u00abLa caridad en la verdad\u00bb, el Papa Benedicto XVI ha observado los principales problemas sociales que pueden observarse hoy en nuestro mundo. Es evidente que en muchas ocasiones se trata de darles soluci\u00f3n apelando a la gran abun\u00addancia medios t\u00e9cnicos que hoy est\u00e1n disponibles. Pero eso no basta. Para el Papa es evidente, por ejemplo, que la paz no es s\u00f3lo producto de la t\u00e9cnica (CV 72). Requiere, di\u00e1logo y educaci\u00f3n. Para promover la paz y la convivencia social hace falta un recurso a la \u00e9tica, a los valores universales, al cambio del coraz\u00f3n humano. Teniendo en cuenta estas premisas, no es extra\u00f1o que en la enc\u00edclica se encuentren mencionados algunos grandes ideales, como la gratuidad, la fraternidad, la conciencia y la virtud.<\/p>\n<h3>Gratuidad y fraternidad<\/h3>\n<p>En primer lugar, hay que afirmar que la gratuidad y la conciencia del don acompa\u00ad\u00f1an a una recta comprensi\u00f3n del amor. \u00abLa caridad en la verdad pone al hombre ante la sorprendente experiencia del don\u00bb (CV 34). Nuestra sociedad del mercado ha pensado que era necesario promover la libertad en los negocios para crear riqueza. Las leyes pod\u00edan asegurar la justicia. Una vez conseguida la justicia se pod\u00eda pensar en la caridad y en la gratuidad. Una de las interpelaciones m\u00e1s llamativas de la enc\u00edclica es la de afirmar que la gratuidad no es un ep\u00edlogo sino una condici\u00f3n de la misma justicia.<\/p>\n<p>Por otra parte, sabemos que la revoluci\u00f3n francesa proclam\u00f3 los grandes ideales de la libertad, la igualdad y la fraternidad. El liberalismo occidental se ha quedado con una libertad sin igualdad. El comunismo m\u00e1s radical promovi\u00f3 una igualdad sin libertad, defendida con muros y alambradas.<\/p>\n<p>Ninguna revoluci\u00f3n parece propugnar una fraternidad que har\u00eda que la libertad fuera ). m\u00e1s igualitaria y la igualdad fuera m\u00e1s libre. Es m\u00e1s, la misma palabra \u00abfraternidad\u00bb molesta a los que han prescindido de una Paternidad universal.<\/p>\n<p>\u00abLa sociedad cada vez m\u00e1s globalizada nos hace m\u00e1s cercanos, pero no m\u00e1s her\u00admanos. La raz\u00f3n, por s\u00ed sola, es capaz de aceptar la igualdad entre los hombres y de establecer una convivencia c\u00edvica entre ellos, pero no consigue fundar la hermandad. \u00c9sta nace de una vocaci\u00f3n trascendente de Dios Padre, el primero que nos ha amado, y que nos ha ense\u00f1ado mediante el Hijo lo que es la caridad fraterna\u00bb (CV 19).<\/p>\n<h3>La ciencia y la conciencia<\/h3>\n<p>En tercer lugar, es necesario redescubrir el valor de la conciencia. En una cultura tan pragm\u00e1tica, \u00abla conciencia est\u00e1 llamada \u00fanicamente a tomar nota de una mera posibilidad t\u00e9cnica\u00bb (CV 75). La conciencia moral queda oscurecida por la estad\u00edstica o por las posi\u00adbilidades abiertas a la investigaci\u00f3n de todo tipo. \u00abEl riesgo de nuestro tiempo es que la interdependencia de hecho entre los hombres y los pueblos no se corresponda con la interacci\u00f3n \u00e9tica de la conciencia y el intelecto, de la que pueda resultar un desarrollo realmente humano\u00bb.<\/p>\n<p>S\u00f3lo el amor vence al mal con el bien y \u00ababre la conciencia del ser humano a rela\u00adciones rec\u00edprocas de libertad y de responsabilidad\u00bb (CV 9). No basta la ciencia si no est\u00e1 asistida por la conciencia. Finalmente, frente a una mentalidad del lucro, de la eficacia o de la ley, es preciso redescubrir la orientaci\u00f3n de la virtud: la esperanza que sostiene a la raz\u00f3n y le da fuerza para orientar la voluntad; la fe, que la suscita y la caridad en la ver\u00addad, que se nutre de ella y, al mismo tiempo, la manifiesta (CV 34).<\/p>\n<p>Junto a la herencia cl\u00e1sica de virtudes morales, como la prudencia, la justicia, la for\u00adtaleza y la templanza, esas tres virtudes teologales son la gran aportaci\u00f3n cristiana a la humanidad.<\/p>\n<h2>7. Dios en el horizonte<\/h2>\n<p>La Iglesia es siempre un blanco f\u00e1cil para todos los ataques. Cuando habla de Dios, es acusada de olvidar la suerte de los hombres. Cuando habla de los problemas de este mundo, se le pide que los deje a los gobernantes de la tierra y se limite a hablar del cielo. En su tercera enc\u00edclica \u00abCaritas in veritate\u00bb, el Papa Benedicto XVI ha dedicado una amplia atenci\u00f3n a los graves aspectos que hoy presenta la cuesti\u00f3n social. Pero nunca ha olvi\u00addado la dimensi\u00f3n trascendente del ser humano. Al contrario, una y otra vez ha repetido que sin prestarle atenci\u00f3n no es posible promover un desarrollo integral. Al final de la en\u00adc\u00edclica se ofrecen siete pensamientos tan \u00abreligiosos\u00bb como humanos.<\/p>\n<ol>\n<li>\u00abSin Dios el hombre no sabe donde ir ni tampoco logra entender qui\u00e9n es\u00bb (CV 78). Le t\u00e9cnica le ayuda a aprender el c\u00f3mo se ha de manejar el mundo, pero no le des\u00advela los \u00faltimos porqu\u00e9s. Y, sobre todo, no le revela la honda verdad de s\u00ed mismo.<\/li>\n<li>S\u00f3lo si pensamos que se nos ha llamado individualmente y como comunidad a formar parte de la familia de Dios como hijos suyos, seremos capaces de forjar un pen\u00adsamiento nuevo y sacar nuevas energ\u00edas al servicio de un humanismo \u00edntegro y verdade\u00adro\u00bb (CV 78). La conciencia de la paternidad de Dios nos ayudar\u00e1 a vivir como hijos y co\u00admo hermanos.<\/li>\n<li>\u00abLa disponibilidad para con Dios provoca la disponibilidad para con los hermanos y una vida entendida como una tarea solidaria y gozosa. Al contrario, la cerraz\u00f3n ideol\u00f3\u00adgica a Dios y el indiferentismo ateo, que olvida al Creador y corre el peligro de olvidar tambi\u00e9n los valores humanos, se presentan hoy como uno de los mayores obst\u00e1culos para el desarrollo. <em>El humanismo que excluye a Dios es un humanismo inhumano\u00bb <\/em>(CV 78). El promete\u00edsmo de la cultura contempor\u00e1nea no s\u00f3lo ignora el verdadero rostro de Dios, sino que olvida la vocaci\u00f3n solidaria del ser humano.<\/li>\n<li><em>\u00abEl amor de Dios nos invita a salir de lo que es limitado y no definitivo, nos da va\u00ad<\/em><em>lor para trabajar y seguir en busca del bien de todos\u00bb <\/em>(CV 78). Nuestras preocupaciones inmediatas son justas y leg\u00edtimas, pero no pueden agotar la vocaci\u00f3n final a la que hemos sido llamados. Las satisfacciones no equivalen a la felicidad.<\/li>\n<li>\u00abDios nos da la fuerza para luchar y sufrir por amor al bien com\u00fan, porque \u00c9l es nuestro Todo, nuestra esperanza m\u00e1s grande\u00bb (CV 78). Dios no nos dispensa del esfuer\u00adzo ni nos aleja de los hombres. Al contrario nos llama a vivir en paz y justicia en la familia humana.<\/li>\n<li><em>El desarrollo necesita cristianos con los brazos levantados hacia Dios <\/em>en oraci\u00f3n, cristianos conscientes de que el amor lleno de verdad, <em>caritas in veritate, <\/em>del que proce\u00adde el aut\u00e9ntico desarrollo, no es el resultado de nuestro esfuerzo sino un don\u00bb (CV 79). Nuestro trabajo es precedido, acompa\u00f1ado y coronado por la gracia y la misericordia que trascienden nuestras fuerzas.<\/li>\n<li>\u00abEl anhelo del cristiano es que toda la familia humana pueda invocar a Dios como `Padre nuestro\u00bb (CV 79). La oraci\u00f3n que Jes\u00fas nos ense\u00f1\u00f3 no nos cierra en un intimismo narcisista, sino que nos abre al amor de Dios en el que se cifra el bien de toda la familia humana.<\/li>\n<\/ol>\n<h2>La Caridad en la Verdad<\/h2>\n<p><em>La tercera carta enc\u00edclica de Benedicto XVI<\/em><\/p>\n<p>1) EL DESARROLLO<\/p>\n<ul>\n<li>El desarrollo humano integral es vocaci\u00f3n (CV 11.16)<\/li>\n<li>El desarrollo no puede ser considerado antihumano (CV 14)<\/li>\n<li>El desarrollo exige que se respete la verdad (CV 18)<\/li>\n<li>El desarrollo comporta que su centro sea la caridad (CV 19)<\/li>\n<li>Riqueza mundial y desigualdades (CV 22)<\/li>\n<li>Diferencias culturales (CV 26)<\/li>\n<li>La apertura a la vida y el aut\u00e9ntico desarrollo (CV 28)<\/li>\n<li>Falta de respeto a la vida (CV 28)<\/li>\n<li>Desarrollo y derecho a la libertad religiosa (CV 29)<\/li>\n<\/ul>\n<p>2) ALGUNAS URGENCIAS CONCRETAS<\/p>\n<ul>\n<li>Relaci\u00f3n del hombre con el ambiente natural (CV 48)<\/li>\n<li>La crisis econ\u00f3mica actual (CV 60)<\/li>\n<li>El acceso a la educaci\u00f3n y el turismo internacional (CV 61) Las migraciones (CV 62)<\/li>\n<li>Pobreza, desocupaci\u00f3n y sindicatos (CV 63-64) El mundo de las finanzas (CV 65)<\/li>\n<li>Asociaciones de consumidores (CV 66)<\/li>\n<\/ul>\n<p>3)\u00a0\u00a0 EL MENSAJE DE LA FE<\/p>\n<ul>\n<li>La fe y la raz\u00f3n en di\u00e1logo (CV 3.5.56.74)<\/li>\n<li>La Trinidad de Dios (CV 5.54)<\/li>\n<li>Ciudad del hombre y ciudad de Dios (CV 7)<\/li>\n<li>La verdad nos har\u00e1 libres (CV 9)<\/li>\n<\/ul>\n<p>4)\u00a0\u00a0 LOS GRANDES IDEALES<\/p>\n<ul>\n<li>La fraternidad (CV 19.34)<\/li>\n<li>La gratuidad y el don (CV 8.18.34.37.68)<\/li>\n<li>La conciencia y el intelecto (CV 9)<\/li>\n<li>La fuerza de las virtudes (CV 34)<\/li>\n<\/ul>\n<p>5)\u00a0\u00a0 EL DESARROLLO Y LA TECNICA<\/p>\n<ul>\n<li>Ambig\u00fcedad de la globalizaci\u00f3n (CV 5.7.33.42)<\/li>\n<li>Ambig\u00fcedad de la tecnolog\u00eda (CV 14.23.48.50)<\/li>\n<\/ul>\n<p>6)\u00a0\u00a0 DIOS EN EL HORIZONTE<\/p>\n<ul>\n<li>\u00abSin Dios el hombre no sabe d\u00f3nde ir ni logra entender qui\u00e9n es\u00bb (CV 78)<\/li>\n<li>\u00abEl amor de Dios nos invita a salir de lo que es limitado y no definitivo\u00bb (CV 78)<\/li>\n<li>\u00abEl desarrollo necesita cristianos con los brazos levantados hacia Dios\u00bb (CV 79)<\/li>\n<\/ul>\n","protected":false},"excerpt":{"rendered":"<p>Del 28 al 29 de diciembre tuvo lugar en la Casa Provincial de la Congregaci\u00f3n de la Misi\u00f3n de Zaragoza un curso de formaci\u00f3n para misioneros, impartido por Jos\u00e9-Rom\u00e1n Flecha Andr\u00e9s, catedr\u00e1tico de Bio\u00e9tica de &#8230; <a href=\"http:\/\/vincentians.com\/es\/curso-de-formacion-sobre-la-enciclica-la-caridad-en-la-verdad\/\" class=\"more-link\">Read More<\/a><\/p>\n","protected":false},"author":4,"featured_media":404048,"comment_status":"open","ping_status":"open","sticky":false,"template":"","format":"standard","meta":{"jetpack_post_was_ever_published":false,"_jetpack_newsletter_access":"","_jetpack_dont_email_post_to_subs":false,"_jetpack_newsletter_tier_id":0,"_jetpack_memberships_contains_paywalled_content":false,"_jetpack_memberships_contains_paid_content":false,"footnotes":"","jetpack_publicize_message":"","jetpack_publicize_feature_enabled":true,"jetpack_social_post_already_shared":true,"jetpack_social_options":{"image_generator_settings":{"template":"highway","default_image_id":0,"font":"","enabled":false},"version":2}},"categories":[29],"tags":[172],"class_list":["post-10065","post","type-post","status-publish","format-standard","has-post-thumbnail","hentry","category-formacion-cristiana","tag-pobreza"],"yoast_head":"<!-- This site is optimized with the Yoast SEO plugin v26.3 - https:\/\/yoast.com\/wordpress\/plugins\/seo\/ -->\n<title>Curso de formaci\u00f3n sobre la enc\u00edclica &quot;La Caridad en la Verdad&quot; - Somos Vicencianos<\/title>\n<meta name=\"robots\" content=\"index, follow, max-snippet:-1, max-image-preview:large, max-video-preview:-1\" \/>\n<link rel=\"canonical\" href=\"https:\/\/vincentians.com\/es\/curso-de-formacion-sobre-la-enciclica-la-caridad-en-la-verdad\/\" \/>\n<meta property=\"og:locale\" content=\"es_ES\" \/>\n<meta property=\"og:type\" content=\"article\" \/>\n<meta property=\"og:title\" content=\"Curso de formaci\u00f3n sobre la enc\u00edclica &quot;La Caridad en la Verdad&quot; - Somos Vicencianos\" \/>\n<meta property=\"og:description\" content=\"Del 28 al 29 de diciembre tuvo lugar en la Casa Provincial de la Congregaci\u00f3n de la Misi\u00f3n de Zaragoza un curso de formaci\u00f3n para misioneros, impartido por Jos\u00e9-Rom\u00e1n Flecha Andr\u00e9s, catedr\u00e1tico de Bio\u00e9tica de ... Read More\" \/>\n<meta property=\"og:url\" content=\"https:\/\/vincentians.com\/es\/curso-de-formacion-sobre-la-enciclica-la-caridad-en-la-verdad\/\" \/>\n<meta property=\"og:site_name\" content=\"Somos Vicencianos\" \/>\n<meta property=\"article:publisher\" content=\"https:\/\/www.facebook.com\/WeAreVincentians\/\" \/>\n<meta property=\"article:author\" content=\"https:\/\/www.facebook.com\/JavierChento\" \/>\n<meta property=\"article:published_time\" content=\"2023-07-15T06:19:09+00:00\" \/>\n<meta property=\"og:image\" content=\"https:\/\/i0.wp.com\/vincentians.com\/es\/wp-content\/uploads\/sites\/11\/2013\/04\/36.jpg?fit=2432%2C1612&ssl=1\" \/>\n\t<meta property=\"og:image:width\" content=\"2432\" \/>\n\t<meta property=\"og:image:height\" content=\"1612\" \/>\n\t<meta property=\"og:image:type\" content=\"image\/jpeg\" \/>\n<meta name=\"author\" content=\"Francisco Javier Fern\u00e1ndez Chento\" \/>\n<meta name=\"twitter:card\" content=\"summary_large_image\" \/>\n<meta name=\"twitter:creator\" content=\"@https:\/\/twitter.com\/javierchento\" \/>\n<meta name=\"twitter:site\" content=\"@WeVincentians\" \/>\n<meta name=\"twitter:label1\" content=\"Escrito por\" \/>\n\t<meta name=\"twitter:data1\" content=\"Francisco Javier Fern\u00e1ndez Chento\" \/>\n\t<meta name=\"twitter:label2\" content=\"Tiempo de lectura\" \/>\n\t<meta name=\"twitter:data2\" content=\"21 minutos\" \/>\n<script type=\"application\/ld+json\" class=\"yoast-schema-graph\">{\"@context\":\"https:\/\/schema.org\",\"@graph\":[{\"@type\":\"Article\",\"@id\":\"https:\/\/vincentians.com\/es\/curso-de-formacion-sobre-la-enciclica-la-caridad-en-la-verdad\/#article\",\"isPartOf\":{\"@id\":\"https:\/\/vincentians.com\/es\/curso-de-formacion-sobre-la-enciclica-la-caridad-en-la-verdad\/\"},\"author\":{\"name\":\"Francisco Javier Fern\u00e1ndez Chento\",\"@id\":\"http:\/\/vincentians.com\/es\/#\/schema\/person\/9623ef4d9aa3b2dfb8c061f1499288f2\"},\"headline\":\"Curso de formaci\u00f3n sobre la enc\u00edclica &quot;La Caridad en la Verdad&quot;\",\"datePublished\":\"2023-07-15T06:19:09+00:00\",\"mainEntityOfPage\":{\"@id\":\"https:\/\/vincentians.com\/es\/curso-de-formacion-sobre-la-enciclica-la-caridad-en-la-verdad\/\"},\"wordCount\":4758,\"commentCount\":0,\"publisher\":{\"@id\":\"http:\/\/vincentians.com\/es\/#organization\"},\"image\":{\"@id\":\"https:\/\/vincentians.com\/es\/curso-de-formacion-sobre-la-enciclica-la-caridad-en-la-verdad\/#primaryimage\"},\"thumbnailUrl\":\"https:\/\/i0.wp.com\/vincentians.com\/es\/wp-content\/uploads\/sites\/11\/2013\/04\/36.jpg?fit=2432%2C1612\",\"keywords\":[\"Pobreza\"],\"articleSection\":[\"Formaci\u00f3n Cristiana\"],\"inLanguage\":\"es\",\"potentialAction\":[{\"@type\":\"CommentAction\",\"name\":\"Comment\",\"target\":[\"https:\/\/vincentians.com\/es\/curso-de-formacion-sobre-la-enciclica-la-caridad-en-la-verdad\/#respond\"]}]},{\"@type\":\"WebPage\",\"@id\":\"https:\/\/vincentians.com\/es\/curso-de-formacion-sobre-la-enciclica-la-caridad-en-la-verdad\/\",\"url\":\"https:\/\/vincentians.com\/es\/curso-de-formacion-sobre-la-enciclica-la-caridad-en-la-verdad\/\",\"name\":\"Curso de formaci\u00f3n sobre la enc\u00edclica &quot;La Caridad en la Verdad&quot; - Somos Vicencianos\",\"isPartOf\":{\"@id\":\"http:\/\/vincentians.com\/es\/#website\"},\"primaryImageOfPage\":{\"@id\":\"https:\/\/vincentians.com\/es\/curso-de-formacion-sobre-la-enciclica-la-caridad-en-la-verdad\/#primaryimage\"},\"image\":{\"@id\":\"https:\/\/vincentians.com\/es\/curso-de-formacion-sobre-la-enciclica-la-caridad-en-la-verdad\/#primaryimage\"},\"thumbnailUrl\":\"https:\/\/i0.wp.com\/vincentians.com\/es\/wp-content\/uploads\/sites\/11\/2013\/04\/36.jpg?fit=2432%2C1612\",\"datePublished\":\"2023-07-15T06:19:09+00:00\",\"breadcrumb\":{\"@id\":\"https:\/\/vincentians.com\/es\/curso-de-formacion-sobre-la-enciclica-la-caridad-en-la-verdad\/#breadcrumb\"},\"inLanguage\":\"es\",\"potentialAction\":[{\"@type\":\"ReadAction\",\"target\":[\"https:\/\/vincentians.com\/es\/curso-de-formacion-sobre-la-enciclica-la-caridad-en-la-verdad\/\"]}]},{\"@type\":\"ImageObject\",\"inLanguage\":\"es\",\"@id\":\"https:\/\/vincentians.com\/es\/curso-de-formacion-sobre-la-enciclica-la-caridad-en-la-verdad\/#primaryimage\",\"url\":\"https:\/\/i0.wp.com\/vincentians.com\/es\/wp-content\/uploads\/sites\/11\/2013\/04\/36.jpg?fit=2432%2C1612\",\"contentUrl\":\"https:\/\/i0.wp.com\/vincentians.com\/es\/wp-content\/uploads\/sites\/11\/2013\/04\/36.jpg?fit=2432%2C1612\",\"width\":2432,\"height\":1612},{\"@type\":\"BreadcrumbList\",\"@id\":\"https:\/\/vincentians.com\/es\/curso-de-formacion-sobre-la-enciclica-la-caridad-en-la-verdad\/#breadcrumb\",\"itemListElement\":[{\"@type\":\"ListItem\",\"position\":1,\"name\":\"Portada\",\"item\":\"http:\/\/vincentians.com\/es\/\"},{\"@type\":\"ListItem\",\"position\":2,\"name\":\"Curso de formaci\u00f3n sobre la enc\u00edclica &quot;La Caridad en la Verdad&quot;\"}]},{\"@type\":\"WebSite\",\"@id\":\"http:\/\/vincentians.com\/es\/#website\",\"url\":\"http:\/\/vincentians.com\/es\/\",\"name\":\"Somos Vicencianos\",\"description\":\"Know more to serve more\",\"publisher\":{\"@id\":\"http:\/\/vincentians.com\/es\/#organization\"},\"potentialAction\":[{\"@type\":\"SearchAction\",\"target\":{\"@type\":\"EntryPoint\",\"urlTemplate\":\"http:\/\/vincentians.com\/es\/?s={search_term_string}\"},\"query-input\":{\"@type\":\"PropertyValueSpecification\",\"valueRequired\":true,\"valueName\":\"search_term_string\"}}],\"inLanguage\":\"es\"},{\"@type\":\"Organization\",\"@id\":\"http:\/\/vincentians.com\/es\/#organization\",\"name\":\"The Vincentian Network\",\"url\":\"http:\/\/vincentians.com\/es\/\",\"logo\":{\"@type\":\"ImageObject\",\"inLanguage\":\"es\",\"@id\":\"http:\/\/vincentians.com\/es\/#\/schema\/logo\/image\/\",\"url\":\"https:\/\/i1.wp.com\/vincentians.com\/es\/wp-content\/uploads\/sites\/11\/2016\/06\/Vincentian-Network-logo-big.png?fit=778%2C778\",\"contentUrl\":\"https:\/\/i1.wp.com\/vincentians.com\/es\/wp-content\/uploads\/sites\/11\/2016\/06\/Vincentian-Network-logo-big.png?fit=778%2C778\",\"width\":778,\"height\":778,\"caption\":\"The Vincentian Network\"},\"image\":{\"@id\":\"http:\/\/vincentians.com\/es\/#\/schema\/logo\/image\/\"},\"sameAs\":[\"https:\/\/www.facebook.com\/WeAreVincentians\/\",\"https:\/\/x.com\/WeVincentians\"]},{\"@type\":\"Person\",\"@id\":\"http:\/\/vincentians.com\/es\/#\/schema\/person\/9623ef4d9aa3b2dfb8c061f1499288f2\",\"name\":\"Francisco Javier Fern\u00e1ndez Chento\",\"image\":{\"@type\":\"ImageObject\",\"inLanguage\":\"es\",\"@id\":\"http:\/\/vincentians.com\/es\/#\/schema\/person\/image\/\",\"url\":\"https:\/\/secure.gravatar.com\/avatar\/497d5cde87b4c3d097d0315953521681ba2cd523ee66e5077c3711f7021e65de?s=96&d=mm&r=g\",\"contentUrl\":\"https:\/\/secure.gravatar.com\/avatar\/497d5cde87b4c3d097d0315953521681ba2cd523ee66e5077c3711f7021e65de?s=96&d=mm&r=g\",\"caption\":\"Francisco Javier Fern\u00e1ndez Chento\"},\"description\":\"Director General y cofundador de La Red de Formaci\u00f3n Vicenciana. Javier es laico vicenciano, afiliado a la Congregaci\u00f3n de la Misi\u00f3n y miembro del Equipo de Misiones Populares de la provincia can\u00f3nica de Zaragoza (Espa\u00f1a) de la Congregaci\u00f3n de la Misi\u00f3n. Graduado en la Universidad Oberta de Catalunya con cuatro grados (Asistente de direcci\u00f3n, Gesti\u00f3n Administrativa, Recursos Humanos y Contabilidad Avanzada). Bil\u00edng\u00fce Espa\u00f1ol\/Ingl\u00e9s. gestiona y mantiene varias p\u00e1ginas web cristianas y vicencianas, incluida including La Red de Formaci\u00f3n Vicenciana, de la que es cofundador. Actualmente es responsable del \u00e1rea de Espa\u00f1ol de .famvin, la Red de Noticias de la Familia Vicenciana. Tambi\u00e9n es m\u00fasico cat\u00f3lico y ha editado varios discos. Es Director General y cofundador de Trovador, una reconocida compa\u00f1\u00eda discogr\u00e1fica critiana de Espa\u00f1a. Trabaja en las Tecnolog\u00edas de la Informaci\u00f3n, ofreciendo servicios de alojamiento, dise\u00f1o y mantenimiento Web, as\u00ed como asesoramiento, formaci\u00f3n y soluciones inform\u00e1ticas, gesti\u00f3n documental y digitalizaci\u00f3n de textos, edici\u00f3n y maquetaci\u00f3n de libros, revistas, flyers, etc.\",\"sameAs\":[\"http:\/\/chento.org\",\"https:\/\/www.facebook.com\/JavierChento\",\"https:\/\/x.com\/https:\/\/twitter.com\/javierchento\"],\"url\":\"http:\/\/vincentians.com\/es\/author\/chento\/\"}]}<\/script>\n<!-- \/ Yoast SEO plugin. -->","yoast_head_json":{"title":"Curso de formaci\u00f3n sobre la enc\u00edclica &quot;La Caridad en la Verdad&quot; - Somos Vicencianos","robots":{"index":"index","follow":"follow","max-snippet":"max-snippet:-1","max-image-preview":"max-image-preview:large","max-video-preview":"max-video-preview:-1"},"canonical":"https:\/\/vincentians.com\/es\/curso-de-formacion-sobre-la-enciclica-la-caridad-en-la-verdad\/","og_locale":"es_ES","og_type":"article","og_title":"Curso de formaci\u00f3n sobre la enc\u00edclica &quot;La Caridad en la Verdad&quot; - Somos Vicencianos","og_description":"Del 28 al 29 de diciembre tuvo lugar en la Casa Provincial de la Congregaci\u00f3n de la Misi\u00f3n de Zaragoza un curso de formaci\u00f3n para misioneros, impartido por Jos\u00e9-Rom\u00e1n Flecha Andr\u00e9s, catedr\u00e1tico de Bio\u00e9tica de ... Read More","og_url":"https:\/\/vincentians.com\/es\/curso-de-formacion-sobre-la-enciclica-la-caridad-en-la-verdad\/","og_site_name":"Somos Vicencianos","article_publisher":"https:\/\/www.facebook.com\/WeAreVincentians\/","article_author":"https:\/\/www.facebook.com\/JavierChento","article_published_time":"2023-07-15T06:19:09+00:00","og_image":[{"width":2432,"height":1612,"url":"https:\/\/i0.wp.com\/vincentians.com\/es\/wp-content\/uploads\/sites\/11\/2013\/04\/36.jpg?fit=2432%2C1612&ssl=1","type":"image\/jpeg"}],"author":"Francisco Javier Fern\u00e1ndez Chento","twitter_card":"summary_large_image","twitter_creator":"@https:\/\/twitter.com\/javierchento","twitter_site":"@WeVincentians","twitter_misc":{"Escrito por":"Francisco Javier Fern\u00e1ndez Chento","Tiempo de lectura":"21 minutos"},"schema":{"@context":"https:\/\/schema.org","@graph":[{"@type":"Article","@id":"https:\/\/vincentians.com\/es\/curso-de-formacion-sobre-la-enciclica-la-caridad-en-la-verdad\/#article","isPartOf":{"@id":"https:\/\/vincentians.com\/es\/curso-de-formacion-sobre-la-enciclica-la-caridad-en-la-verdad\/"},"author":{"name":"Francisco Javier Fern\u00e1ndez Chento","@id":"http:\/\/vincentians.com\/es\/#\/schema\/person\/9623ef4d9aa3b2dfb8c061f1499288f2"},"headline":"Curso de formaci\u00f3n sobre la enc\u00edclica &quot;La Caridad en la Verdad&quot;","datePublished":"2023-07-15T06:19:09+00:00","mainEntityOfPage":{"@id":"https:\/\/vincentians.com\/es\/curso-de-formacion-sobre-la-enciclica-la-caridad-en-la-verdad\/"},"wordCount":4758,"commentCount":0,"publisher":{"@id":"http:\/\/vincentians.com\/es\/#organization"},"image":{"@id":"https:\/\/vincentians.com\/es\/curso-de-formacion-sobre-la-enciclica-la-caridad-en-la-verdad\/#primaryimage"},"thumbnailUrl":"https:\/\/i0.wp.com\/vincentians.com\/es\/wp-content\/uploads\/sites\/11\/2013\/04\/36.jpg?fit=2432%2C1612","keywords":["Pobreza"],"articleSection":["Formaci\u00f3n Cristiana"],"inLanguage":"es","potentialAction":[{"@type":"CommentAction","name":"Comment","target":["https:\/\/vincentians.com\/es\/curso-de-formacion-sobre-la-enciclica-la-caridad-en-la-verdad\/#respond"]}]},{"@type":"WebPage","@id":"https:\/\/vincentians.com\/es\/curso-de-formacion-sobre-la-enciclica-la-caridad-en-la-verdad\/","url":"https:\/\/vincentians.com\/es\/curso-de-formacion-sobre-la-enciclica-la-caridad-en-la-verdad\/","name":"Curso de formaci\u00f3n sobre la enc\u00edclica &quot;La Caridad en la Verdad&quot; - Somos Vicencianos","isPartOf":{"@id":"http:\/\/vincentians.com\/es\/#website"},"primaryImageOfPage":{"@id":"https:\/\/vincentians.com\/es\/curso-de-formacion-sobre-la-enciclica-la-caridad-en-la-verdad\/#primaryimage"},"image":{"@id":"https:\/\/vincentians.com\/es\/curso-de-formacion-sobre-la-enciclica-la-caridad-en-la-verdad\/#primaryimage"},"thumbnailUrl":"https:\/\/i0.wp.com\/vincentians.com\/es\/wp-content\/uploads\/sites\/11\/2013\/04\/36.jpg?fit=2432%2C1612","datePublished":"2023-07-15T06:19:09+00:00","breadcrumb":{"@id":"https:\/\/vincentians.com\/es\/curso-de-formacion-sobre-la-enciclica-la-caridad-en-la-verdad\/#breadcrumb"},"inLanguage":"es","potentialAction":[{"@type":"ReadAction","target":["https:\/\/vincentians.com\/es\/curso-de-formacion-sobre-la-enciclica-la-caridad-en-la-verdad\/"]}]},{"@type":"ImageObject","inLanguage":"es","@id":"https:\/\/vincentians.com\/es\/curso-de-formacion-sobre-la-enciclica-la-caridad-en-la-verdad\/#primaryimage","url":"https:\/\/i0.wp.com\/vincentians.com\/es\/wp-content\/uploads\/sites\/11\/2013\/04\/36.jpg?fit=2432%2C1612","contentUrl":"https:\/\/i0.wp.com\/vincentians.com\/es\/wp-content\/uploads\/sites\/11\/2013\/04\/36.jpg?fit=2432%2C1612","width":2432,"height":1612},{"@type":"BreadcrumbList","@id":"https:\/\/vincentians.com\/es\/curso-de-formacion-sobre-la-enciclica-la-caridad-en-la-verdad\/#breadcrumb","itemListElement":[{"@type":"ListItem","position":1,"name":"Portada","item":"http:\/\/vincentians.com\/es\/"},{"@type":"ListItem","position":2,"name":"Curso de formaci\u00f3n sobre la enc\u00edclica &quot;La Caridad en la Verdad&quot;"}]},{"@type":"WebSite","@id":"http:\/\/vincentians.com\/es\/#website","url":"http:\/\/vincentians.com\/es\/","name":"Somos Vicencianos","description":"Know more to serve more","publisher":{"@id":"http:\/\/vincentians.com\/es\/#organization"},"potentialAction":[{"@type":"SearchAction","target":{"@type":"EntryPoint","urlTemplate":"http:\/\/vincentians.com\/es\/?s={search_term_string}"},"query-input":{"@type":"PropertyValueSpecification","valueRequired":true,"valueName":"search_term_string"}}],"inLanguage":"es"},{"@type":"Organization","@id":"http:\/\/vincentians.com\/es\/#organization","name":"The Vincentian Network","url":"http:\/\/vincentians.com\/es\/","logo":{"@type":"ImageObject","inLanguage":"es","@id":"http:\/\/vincentians.com\/es\/#\/schema\/logo\/image\/","url":"https:\/\/i1.wp.com\/vincentians.com\/es\/wp-content\/uploads\/sites\/11\/2016\/06\/Vincentian-Network-logo-big.png?fit=778%2C778","contentUrl":"https:\/\/i1.wp.com\/vincentians.com\/es\/wp-content\/uploads\/sites\/11\/2016\/06\/Vincentian-Network-logo-big.png?fit=778%2C778","width":778,"height":778,"caption":"The Vincentian Network"},"image":{"@id":"http:\/\/vincentians.com\/es\/#\/schema\/logo\/image\/"},"sameAs":["https:\/\/www.facebook.com\/WeAreVincentians\/","https:\/\/x.com\/WeVincentians"]},{"@type":"Person","@id":"http:\/\/vincentians.com\/es\/#\/schema\/person\/9623ef4d9aa3b2dfb8c061f1499288f2","name":"Francisco Javier Fern\u00e1ndez Chento","image":{"@type":"ImageObject","inLanguage":"es","@id":"http:\/\/vincentians.com\/es\/#\/schema\/person\/image\/","url":"https:\/\/secure.gravatar.com\/avatar\/497d5cde87b4c3d097d0315953521681ba2cd523ee66e5077c3711f7021e65de?s=96&d=mm&r=g","contentUrl":"https:\/\/secure.gravatar.com\/avatar\/497d5cde87b4c3d097d0315953521681ba2cd523ee66e5077c3711f7021e65de?s=96&d=mm&r=g","caption":"Francisco Javier Fern\u00e1ndez Chento"},"description":"Director General y cofundador de La Red de Formaci\u00f3n Vicenciana. Javier es laico vicenciano, afiliado a la Congregaci\u00f3n de la Misi\u00f3n y miembro del Equipo de Misiones Populares de la provincia can\u00f3nica de Zaragoza (Espa\u00f1a) de la Congregaci\u00f3n de la Misi\u00f3n. Graduado en la Universidad Oberta de Catalunya con cuatro grados (Asistente de direcci\u00f3n, Gesti\u00f3n Administrativa, Recursos Humanos y Contabilidad Avanzada). Bil\u00edng\u00fce Espa\u00f1ol\/Ingl\u00e9s. gestiona y mantiene varias p\u00e1ginas web cristianas y vicencianas, incluida including La Red de Formaci\u00f3n Vicenciana, de la que es cofundador. Actualmente es responsable del \u00e1rea de Espa\u00f1ol de .famvin, la Red de Noticias de la Familia Vicenciana. Tambi\u00e9n es m\u00fasico cat\u00f3lico y ha editado varios discos. Es Director General y cofundador de Trovador, una reconocida compa\u00f1\u00eda discogr\u00e1fica critiana de Espa\u00f1a. Trabaja en las Tecnolog\u00edas de la Informaci\u00f3n, ofreciendo servicios de alojamiento, dise\u00f1o y mantenimiento Web, as\u00ed como asesoramiento, formaci\u00f3n y soluciones inform\u00e1ticas, gesti\u00f3n documental y digitalizaci\u00f3n de textos, edici\u00f3n y maquetaci\u00f3n de libros, revistas, flyers, etc.","sameAs":["http:\/\/chento.org","https:\/\/www.facebook.com\/JavierChento","https:\/\/x.com\/https:\/\/twitter.com\/javierchento"],"url":"http:\/\/vincentians.com\/es\/author\/chento\/"}]}},"jetpack_publicize_connections":[],"jetpack_featured_media_url":"https:\/\/i0.wp.com\/vincentians.com\/es\/wp-content\/uploads\/sites\/11\/2013\/04\/36.jpg?fit=2432%2C1612","jetpack_sharing_enabled":true,"jetpack_shortlink":"https:\/\/wp.me\/p7ETMF-2Cl","jetpack-related-posts":[{"id":120720,"url":"http:\/\/vincentians.com\/es\/la-enciclica-dios-es-amor-mirada-de-conjunto-dios-es-amor-el-corazon-de-la-fe-cristiana\/","url_meta":{"origin":10065,"position":0},"title":"La enc\u00edclica Dios es amor; mirada de conjunto; el coraz\u00f3n de la fe cristiana","author":"Francisco Javier Fern\u00e1ndez Chento","date":"21\/02\/2022","format":false,"excerpt":"Los n\u00fameros entre corchetes hacen referencia a los n\u00fameros de la misma Enc\u00edclica. 1. Una enc\u00edclica Mucho se ha hablado sobre la \"primera\" enc\u00edclica de este Papa. Los medios de comunicaci\u00f3n se encargaron de crear un ambien\u00adte de expectaci\u00f3n en torno a ella. En realidad, \u00bfes algo nuevo? Habr\u00eda que\u2026","rel":"","context":"En \u00abFormaci\u00f3n Vicenciana\u00bb","block_context":{"text":"Formaci\u00f3n Vicenciana","link":"http:\/\/vincentians.com\/es\/category\/formacion-vicenciana\/"},"img":{"alt_text":"","src":"https:\/\/i0.wp.com\/vincentians.com\/es\/wp-content\/uploads\/sites\/11\/2013\/04\/formacion_permanente.jpg?fit=303%2C303&resize=350%2C200","width":350,"height":200},"classes":[]},{"id":121548,"url":"http:\/\/vincentians.com\/es\/enciclica-quadragesimo-anno\/","url_meta":{"origin":10065,"position":1},"title":"Enc\u00edclica Quadragesimo anno","author":"Francisco Javier Fern\u00e1ndez Chento","date":"13\/04\/2022","format":false,"excerpt":"Cuando se public\u00f3 la enc\u00edclica Quadragesimo anno se hab\u00eda producido un notable cambio en las circunstancias sociales y econ\u00f3micas respecto a las que reg\u00edan cuando se public\u00f3 la enc\u00edclica Rerum novarum. Tres eran los principales datos de ese cambio: El mal padecido por la sociedad en 1891 era la lucha\u2026","rel":"","context":"En \u00abDocumentos Pontificios\u00bb","block_context":{"text":"Documentos Pontificios","link":"http:\/\/vincentians.com\/es\/category\/formacion-cristiana\/documentos-pontificios\/"},"img":{"alt_text":"","src":"https:\/\/i0.wp.com\/vincentians.com\/es\/wp-content\/uploads\/sites\/11\/2013\/04\/Biblioteca_panoramica.jpg?fit=750%2C500&resize=350%2C200","width":350,"height":200,"srcset":"https:\/\/i0.wp.com\/vincentians.com\/es\/wp-content\/uploads\/sites\/11\/2013\/04\/Biblioteca_panoramica.jpg?fit=750%2C500&resize=350%2C200 1x, https:\/\/i0.wp.com\/vincentians.com\/es\/wp-content\/uploads\/sites\/11\/2013\/04\/Biblioteca_panoramica.jpg?fit=750%2C500&resize=525%2C300 1.5x, https:\/\/i0.wp.com\/vincentians.com\/es\/wp-content\/uploads\/sites\/11\/2013\/04\/Biblioteca_panoramica.jpg?fit=750%2C500&resize=700%2C400 2x"},"classes":[]},{"id":120722,"url":"http:\/\/vincentians.com\/es\/la-caridad-tarea-de-la-iglesia-en-la-enciclica-dios-es-amor\/","url_meta":{"origin":10065,"position":2},"title":"La Caridad, tarea de la Iglesia en la Enc\u00edclica &quot;Dios es Amor&quot;","author":"Francisco Javier Fern\u00e1ndez Chento","date":"23\/02\/2022","format":false,"excerpt":"Introducci\u00f3n Ves la Trinidad, si ves el Amor, comienza afirmando el Papa Benedicto XVI en la segunda parte de su Enc\u00edclica, trayendo a colaci\u00f3n las palabras de san Agust\u00edn. Permitidme tambi\u00e9n, que lo diga de otra forma, citando ahora a san Juan: Tanto am\u00f3 Dios al mundo que entrego a\u2026","rel":"","context":"En \u00abFormaci\u00f3n Vicenciana\u00bb","block_context":{"text":"Formaci\u00f3n Vicenciana","link":"http:\/\/vincentians.com\/es\/category\/formacion-vicenciana\/"},"img":{"alt_text":"","src":"https:\/\/i0.wp.com\/vincentians.com\/es\/wp-content\/uploads\/sites\/11\/2013\/04\/Entorno-de-San-Vicente-1-Berceau.jpg?fit=640%2C433&resize=350%2C200","width":350,"height":200,"srcset":"https:\/\/i0.wp.com\/vincentians.com\/es\/wp-content\/uploads\/sites\/11\/2013\/04\/Entorno-de-San-Vicente-1-Berceau.jpg?fit=640%2C433&resize=350%2C200 1x, https:\/\/i0.wp.com\/vincentians.com\/es\/wp-content\/uploads\/sites\/11\/2013\/04\/Entorno-de-San-Vicente-1-Berceau.jpg?fit=640%2C433&resize=525%2C300 1.5x"},"classes":[]},{"id":387505,"url":"http:\/\/vincentians.com\/es\/la-lucha-de-sor-vitalia-una-indigena-tzeltal-para-llegar-a-ser-una-hija-de-la-caridad-en-mexico\/","url_meta":{"origin":10065,"position":3},"title":"La lucha de Sor Vitalia, una ind\u00edgena tzeltal, para llegar a ser una Hija de la Caridad en M\u00e9xico","author":"Mitxel Olabu\u00e9naga","date":"22\/04\/2016","format":false,"excerpt":"Sor Vitalia Morales naci\u00f3 en Chiapas, M\u00e9xico, hace 47 a\u00f1os y es ind\u00edgena tzeltal (uno de los\u00a0grupos \u00e9tnicos de tantos pueblos ind\u00edgenas del sur del pa\u00eds). Tambi\u00e9n es religiosa de las Hijas de la Caridad\u00a0de San Vicente de Pa\u00fal. La comunidad en la que vive est\u00e1 compuesta por 19 Hermanas\u2026","rel":"","context":"En \u00abHijas de la Caridad\u00bb","block_context":{"text":"Hijas de la Caridad","link":"http:\/\/vincentians.com\/es\/category\/la-familia-vicenciana\/ramas\/hijas-de-la-caridad\/"},"img":{"alt_text":"asd","src":"https:\/\/i0.wp.com\/vicencianos.org\/wp-content\/uploads\/2016\/04\/asd-2-300x94.jpg?resize=350%2C200","width":350,"height":200},"classes":[]},{"id":121858,"url":"http:\/\/vincentians.com\/es\/enciclica-sollicitudo-rei-socialis\/","url_meta":{"origin":10065,"position":4},"title":"Enc\u00edclica &quot;Sollicitudo rei socialis&quot;","author":"Francisco Javier Fern\u00e1ndez Chento","date":"04\/05\/2013","format":false,"excerpt":"\"Sollicitudo rei socialis\" al cumplirse el vig\u00e9simo aniversario de la Populorum Progressio 1987.12.30 Bendici\u00f3n Venerables Hermanos, amad\u00edsimos Hijos e Hijas: salud y Bendici\u00f3n Apost\u00f3lica I.\u2014 Introducci\u00f3n 1. La preocupaci\u00f3n social de la Iglesia, orientada al desarrollo aut\u00e9ntico del hombre y de la sociedad, que respete y promueva en toda su\u2026","rel":"","context":"En \u00abDoctrina Social de la Iglesia\u00bb","block_context":{"text":"Doctrina Social de la Iglesia","link":"http:\/\/vincentians.com\/es\/category\/formacion-cristiana\/doctrina-social-de-la-iglesia\/"},"img":{"alt_text":"POPE JOHN PAUL II SEEN IN IMAGE RELEASED BY POSTULATION OF SAINTHOOD CAUSE","src":"https:\/\/i0.wp.com\/vicencianos.org\/wp-content\/2013\/05\/juan_pablo_ii-212x300.jpg?resize=350%2C200","width":350,"height":200},"classes":[]},{"id":104293,"url":"http:\/\/vincentians.com\/es\/novena-biblica-en-honor-al-beato-federico-ozanam-dia-septimo\/","url_meta":{"origin":10065,"position":5},"title":"Novena b\u00edblica en honor al beato Federico Ozanam: D\u00eda s\u00e9ptimo","author":"Francisco Javier Fern\u00e1ndez Chento","date":"07\/09\/2012","format":false,"excerpt":"Oraci\u00f3n Oh Dios de Caridad infinita, que no dejas de compadecerte de nosotros y contin\u00faas la obra misericordiosa de tu Divino Hijo Jesucristo en la historia de cada hombre. Te damos infinitas gracias por el amor que se hace manifiesto por medio de la gracia bautismal en todos y cada\u2026","rel":"","context":"En \u00abFederico Ozanam\u00bb","block_context":{"text":"Federico Ozanam","link":"http:\/\/vincentians.com\/es\/category\/la-familia-vicenciana\/fundadores\/federico-ozanam\/"},"img":{"alt_text":"","src":"https:\/\/i0.wp.com\/vicencianos.org\/wp-content\/2012\/09\/beato_ozanam_pobre-225x300.jpg?resize=350%2C200","width":350,"height":200},"classes":[]}],"_links":{"self":[{"href":"http:\/\/vincentians.com\/es\/wp-json\/wp\/v2\/posts\/10065","targetHints":{"allow":["GET"]}}],"collection":[{"href":"http:\/\/vincentians.com\/es\/wp-json\/wp\/v2\/posts"}],"about":[{"href":"http:\/\/vincentians.com\/es\/wp-json\/wp\/v2\/types\/post"}],"author":[{"embeddable":true,"href":"http:\/\/vincentians.com\/es\/wp-json\/wp\/v2\/users\/4"}],"replies":[{"embeddable":true,"href":"http:\/\/vincentians.com\/es\/wp-json\/wp\/v2\/comments?post=10065"}],"version-history":[{"count":1,"href":"http:\/\/vincentians.com\/es\/wp-json\/wp\/v2\/posts\/10065\/revisions"}],"predecessor-version":[{"id":404822,"href":"http:\/\/vincentians.com\/es\/wp-json\/wp\/v2\/posts\/10065\/revisions\/404822"}],"wp:featuredmedia":[{"embeddable":true,"href":"http:\/\/vincentians.com\/es\/wp-json\/wp\/v2\/media\/404048"}],"wp:attachment":[{"href":"http:\/\/vincentians.com\/es\/wp-json\/wp\/v2\/media?parent=10065"}],"wp:term":[{"taxonomy":"category","embeddable":true,"href":"http:\/\/vincentians.com\/es\/wp-json\/wp\/v2\/categories?post=10065"},{"taxonomy":"post_tag","embeddable":true,"href":"http:\/\/vincentians.com\/es\/wp-json\/wp\/v2\/tags?post=10065"}],"curies":[{"name":"wp","href":"https:\/\/api.w.org\/{rel}","templated":true}]}}