{"id":64426,"date":"2015-02-16T06:49:44","date_gmt":"2015-02-16T05:49:44","guid":{"rendered":"http:\/\/somos.vicencianos.org\/?p=64426"},"modified":"2016-07-10T15:04:31","modified_gmt":"2016-07-10T13:04:31","slug":"saint-elizabeth-ann-seton-as-educator","status":"publish","type":"post","link":"http:\/\/vincentians.com\/en\/saint-elizabeth-ann-seton-as-educator\/","title":{"rendered":"Saint Elizabeth Ann Seton as Educator"},"content":{"rendered":"<p>As we celebrate Catholic School Week, it is interesting to go back in time and wonder, \u201cWhat exactly was Saint Elizabeth Seton\u2019s first school like? How was it organized? What textbooks were used? What about the discipline? How much Religion was taught? Thanks to Annabelle Melville we have some answers to these questions as well as some insights into the Foundress of the American Catholic Parochial School System.<\/p>\n<p>A look into Elizabeth\u2019s school comes from a letter she wrote to her friend Eliza Sadler, \u201cThe days passed in quiet and order, and the energetic little head mistress went about with her manner of looking upon twenty people in a room with a look of affection and interest, showing an interest in all, and a concern for their concerns.\u201d<\/p>\n<h2><strong>How was the school organized?<\/strong><\/h2>\n<p>Mother Seton was the head, with Sister Kitty Mullen in charge of discipline and four Sisters as Mistresses of Education. The Sister in charge of discipline preserved good order during both class and recreation periods and was responsible for decorum when the girls went abroad as a group. Mother Seton was informed in weekly reports of any \u201ccapital fault.\u201d<\/p>\n<h2><strong>What textbooks were used?<\/strong><\/h2>\n<p>The expense account for the school\u2019s first year shows that catechisms, spellers and grammars were the three chief texts purchased. As the school grew, and it grew by leaps and bounds, the organization developed and the curriculum expanded. The principal subjects were reading, grammar, geography, arithmetic, music, and needlework. The languages of French, Spanish and Italian were offered as electives.<\/p>\n<h2><strong>What was the schedule of the day?<\/strong><\/h2>\n<p>The routine of the school day varied very little from summer to winter, and because for the most part the students were boarders, their schedule governed their entire day. They rose at 5:45, were allowed a half hour to dress, and were at prayers by 6:15 AM. Breakfast was at 7:30 and the time before eating was divided between Mass and Study. Classes began at 8:00AM and continued until 11:30 when \u201cbeads took place.\u201d From dinner until 3:00PM a recreation period took place. Classes were then resumed and were interrupted by a brief period of recreation until 7:00 PM when dinner was served. After supper one of the older girls read from a spiritual book which was explained by Mother Seton or one of the other girls. The older girls could then study until retirement.<\/p>\n<h2><strong>Were there rewards? First Honors? Demerits? Plan Books? Teacher Observations?<\/strong><\/h2>\n<p>Teachers at St. Joseph were expected to make daily notes on the achievements of their pupils. \u201cBad points\u201d had to be remedied by two \u201cgood points\u201d by the end of each month. Mother Seton visited each class once a month to make suggestions to both teachers and pupils. Medals and certificates were used as rewards and the six girls who excelled were given extra rewards in the form of books.<\/p>\n<h2><strong>How much Religion was taught?<br \/>\n<\/strong><\/h2>\n<p>We can see that religion was not only taught but periods of prayer were interspersed throughout the day. It is a matter of record that after the girls left the peace and tranquility of St. Joseph\u2019s, they often wrote to Mother Seton expressing gratitude for their formation and stating that the habit of prayer and recollection accompanied them throughout their lives.<\/p>\n","protected":false},"excerpt":{"rendered":"<p>As we celebrate Catholic School Week, it is interesting to go back in time and wonder, \u201cWhat exactly was Saint Elizabeth Seton\u2019s first school like? How was it organized? What textbooks were used? What about &#8230; <a href=\"http:\/\/vincentians.com\/en\/saint-elizabeth-ann-seton-as-educator\/\" class=\"more-link\">Read More<\/a><\/p>\n","protected":false},"author":4,"featured_media":149247,"comment_status":"open","ping_status":"open","sticky":false,"template":"","format":"standard","meta":{"jetpack_post_was_ever_published":false,"_jetpack_newsletter_access":"","_jetpack_dont_email_post_to_subs":false,"_jetpack_newsletter_tier_id":0,"_jetpack_memberships_contains_paywalled_content":false,"_jetpack_memberships_contains_paid_content":false,"footnotes":"","jetpack_publicize_message":"","jetpack_publicize_feature_enabled":true,"jetpack_social_post_already_shared":false,"jetpack_social_options":{"image_generator_settings":{"template":"highway","default_image_id":0,"font":"","enabled":false},"version":2}},"categories":[24],"tags":[],"class_list":["post-64426","post","type-post","status-publish","format-standard","has-post-thumbnail","hentry","category-elisabeth-ann-bayley-seton"],"yoast_head":"<!-- This site is optimized with the Yoast SEO plugin v26.3 - https:\/\/yoast.com\/wordpress\/plugins\/seo\/ -->\n<title>Saint Elizabeth Ann Seton as Educator - We are Vincentians<\/title>\n<meta name=\"robots\" content=\"index, follow, max-snippet:-1, max-image-preview:large, max-video-preview:-1\" \/>\n<link rel=\"canonical\" href=\"http:\/\/vincentians.com\/en\/saint-elizabeth-ann-seton-as-educator\/\" \/>\n<meta property=\"og:locale\" content=\"en_US\" \/>\n<meta property=\"og:type\" content=\"article\" \/>\n<meta property=\"og:title\" content=\"Saint Elizabeth Ann Seton as Educator - We are Vincentians\" \/>\n<meta property=\"og:description\" content=\"As we celebrate Catholic School Week, it is interesting to go back in time and wonder, \u201cWhat exactly was Saint Elizabeth Seton\u2019s first school like? How was it organized? What textbooks were used? What about ... Read More\" \/>\n<meta property=\"og:url\" content=\"http:\/\/vincentians.com\/en\/saint-elizabeth-ann-seton-as-educator\/\" \/>\n<meta property=\"og:site_name\" content=\"We are Vincentians\" \/>\n<meta property=\"article:publisher\" content=\"https:\/\/www.facebook.com\/WeAreVincentians\/\" \/>\n<meta property=\"article:author\" content=\"https:\/\/www.facebook.com\/JavierChento\" \/>\n<meta property=\"article:published_time\" content=\"2015-02-16T05:49:44+00:00\" \/>\n<meta property=\"article:modified_time\" content=\"2016-07-10T13:04:31+00:00\" \/>\n<meta property=\"og:image\" content=\"https:\/\/i0.wp.com\/vincentians.com\/en\/wp-content\/uploads\/sites\/2\/2016\/01\/seton.jpg?fit=1200%2C630\" \/>\n\t<meta property=\"og:image:width\" content=\"1200\" \/>\n\t<meta property=\"og:image:height\" content=\"630\" \/>\n\t<meta property=\"og:image:type\" content=\"image\/jpeg\" \/>\n<meta name=\"author\" content=\"Francisco Javier Fern\u00e1ndez Chento\" \/>\n<meta name=\"twitter:card\" content=\"summary_large_image\" \/>\n<meta name=\"twitter:creator\" content=\"@https:\/\/twitter.com\/javierchento\" \/>\n<meta name=\"twitter:site\" content=\"@WeVincentians\" \/>\n<meta name=\"twitter:label1\" content=\"Written by\" \/>\n\t<meta name=\"twitter:data1\" content=\"Francisco Javier Fern\u00e1ndez Chento\" \/>\n\t<meta name=\"twitter:label2\" content=\"Est. reading time\" \/>\n\t<meta name=\"twitter:data2\" content=\"3 minutes\" \/>\n<script type=\"application\/ld+json\" class=\"yoast-schema-graph\">{\"@context\":\"https:\/\/schema.org\",\"@graph\":[{\"@type\":\"Article\",\"@id\":\"http:\/\/vincentians.com\/en\/saint-elizabeth-ann-seton-as-educator\/#article\",\"isPartOf\":{\"@id\":\"http:\/\/vincentians.com\/en\/saint-elizabeth-ann-seton-as-educator\/\"},\"author\":{\"name\":\"Francisco Javier Fern\u00e1ndez Chento\",\"@id\":\"https:\/\/vincentians.com\/en\/#\/schema\/person\/9623ef4d9aa3b2dfb8c061f1499288f2\"},\"headline\":\"Saint Elizabeth Ann Seton as Educator\",\"datePublished\":\"2015-02-16T05:49:44+00:00\",\"dateModified\":\"2016-07-10T13:04:31+00:00\",\"mainEntityOfPage\":{\"@id\":\"http:\/\/vincentians.com\/en\/saint-elizabeth-ann-seton-as-educator\/\"},\"wordCount\":549,\"commentCount\":0,\"publisher\":{\"@id\":\"https:\/\/vincentians.com\/en\/#organization\"},\"image\":{\"@id\":\"http:\/\/vincentians.com\/en\/saint-elizabeth-ann-seton-as-educator\/#primaryimage\"},\"thumbnailUrl\":\"https:\/\/i0.wp.com\/vincentians.com\/en\/wp-content\/uploads\/sites\/2\/2016\/01\/seton.jpg?fit=1200%2C630\",\"articleSection\":[\"Elisabeth Ann Bayley Seton\"],\"inLanguage\":\"en-US\",\"potentialAction\":[{\"@type\":\"CommentAction\",\"name\":\"Comment\",\"target\":[\"http:\/\/vincentians.com\/en\/saint-elizabeth-ann-seton-as-educator\/#respond\"]}]},{\"@type\":\"WebPage\",\"@id\":\"http:\/\/vincentians.com\/en\/saint-elizabeth-ann-seton-as-educator\/\",\"url\":\"http:\/\/vincentians.com\/en\/saint-elizabeth-ann-seton-as-educator\/\",\"name\":\"Saint Elizabeth Ann Seton as Educator - We are Vincentians\",\"isPartOf\":{\"@id\":\"https:\/\/vincentians.com\/en\/#website\"},\"primaryImageOfPage\":{\"@id\":\"http:\/\/vincentians.com\/en\/saint-elizabeth-ann-seton-as-educator\/#primaryimage\"},\"image\":{\"@id\":\"http:\/\/vincentians.com\/en\/saint-elizabeth-ann-seton-as-educator\/#primaryimage\"},\"thumbnailUrl\":\"https:\/\/i0.wp.com\/vincentians.com\/en\/wp-content\/uploads\/sites\/2\/2016\/01\/seton.jpg?fit=1200%2C630\",\"datePublished\":\"2015-02-16T05:49:44+00:00\",\"dateModified\":\"2016-07-10T13:04:31+00:00\",\"breadcrumb\":{\"@id\":\"http:\/\/vincentians.com\/en\/saint-elizabeth-ann-seton-as-educator\/#breadcrumb\"},\"inLanguage\":\"en-US\",\"potentialAction\":[{\"@type\":\"ReadAction\",\"target\":[\"http:\/\/vincentians.com\/en\/saint-elizabeth-ann-seton-as-educator\/\"]}]},{\"@type\":\"ImageObject\",\"inLanguage\":\"en-US\",\"@id\":\"http:\/\/vincentians.com\/en\/saint-elizabeth-ann-seton-as-educator\/#primaryimage\",\"url\":\"https:\/\/i0.wp.com\/vincentians.com\/en\/wp-content\/uploads\/sites\/2\/2016\/01\/seton.jpg?fit=1200%2C630\",\"contentUrl\":\"https:\/\/i0.wp.com\/vincentians.com\/en\/wp-content\/uploads\/sites\/2\/2016\/01\/seton.jpg?fit=1200%2C630\",\"width\":1200,\"height\":630},{\"@type\":\"BreadcrumbList\",\"@id\":\"http:\/\/vincentians.com\/en\/saint-elizabeth-ann-seton-as-educator\/#breadcrumb\",\"itemListElement\":[{\"@type\":\"ListItem\",\"position\":1,\"name\":\"Portada\",\"item\":\"https:\/\/vincentians.com\/en\/\"},{\"@type\":\"ListItem\",\"position\":2,\"name\":\"Saint Elizabeth Ann Seton as Educator\"}]},{\"@type\":\"WebSite\",\"@id\":\"https:\/\/vincentians.com\/en\/#website\",\"url\":\"https:\/\/vincentians.com\/en\/\",\"name\":\"We are Vincentians\",\"description\":\"Know more to serve more\",\"publisher\":{\"@id\":\"https:\/\/vincentians.com\/en\/#organization\"},\"potentialAction\":[{\"@type\":\"SearchAction\",\"target\":{\"@type\":\"EntryPoint\",\"urlTemplate\":\"https:\/\/vincentians.com\/en\/?s={search_term_string}\"},\"query-input\":{\"@type\":\"PropertyValueSpecification\",\"valueRequired\":true,\"valueName\":\"search_term_string\"}}],\"inLanguage\":\"en-US\"},{\"@type\":\"Organization\",\"@id\":\"https:\/\/vincentians.com\/en\/#organization\",\"name\":\"The Vincentian Network\",\"url\":\"https:\/\/vincentians.com\/en\/\",\"logo\":{\"@type\":\"ImageObject\",\"inLanguage\":\"en-US\",\"@id\":\"https:\/\/vincentians.com\/en\/#\/schema\/logo\/image\/\",\"url\":\"https:\/\/i1.wp.com\/vincentians.com\/en\/wp-content\/uploads\/sites\/2\/2016\/06\/Vincentian-Network-logo-big.png?fit=778%2C778&ssl=1\",\"contentUrl\":\"https:\/\/i1.wp.com\/vincentians.com\/en\/wp-content\/uploads\/sites\/2\/2016\/06\/Vincentian-Network-logo-big.png?fit=778%2C778&ssl=1\",\"width\":778,\"height\":778,\"caption\":\"The Vincentian Network\"},\"image\":{\"@id\":\"https:\/\/vincentians.com\/en\/#\/schema\/logo\/image\/\"},\"sameAs\":[\"https:\/\/www.facebook.com\/WeAreVincentians\/\",\"https:\/\/x.com\/WeVincentians\"]},{\"@type\":\"Person\",\"@id\":\"https:\/\/vincentians.com\/en\/#\/schema\/person\/9623ef4d9aa3b2dfb8c061f1499288f2\",\"name\":\"Francisco Javier Fern\u00e1ndez Chento\",\"image\":{\"@type\":\"ImageObject\",\"inLanguage\":\"en-US\",\"@id\":\"https:\/\/vincentians.com\/en\/#\/schema\/person\/image\/\",\"url\":\"https:\/\/secure.gravatar.com\/avatar\/497d5cde87b4c3d097d0315953521681ba2cd523ee66e5077c3711f7021e65de?s=96&d=mm&r=g\",\"contentUrl\":\"https:\/\/secure.gravatar.com\/avatar\/497d5cde87b4c3d097d0315953521681ba2cd523ee66e5077c3711f7021e65de?s=96&d=mm&r=g\",\"caption\":\"Francisco Javier Fern\u00e1ndez Chento\"},\"description\":\"Director General y cofundador de La Red de Formaci\u00f3n Vicenciana. Javier es laico vicenciano, afiliado a la Congregaci\u00f3n de la Misi\u00f3n y miembro del Equipo de Misiones Populares de la provincia can\u00f3nica de Zaragoza (Espa\u00f1a) de la Congregaci\u00f3n de la Misi\u00f3n. Graduado en la Universidad Oberta de Catalunya con cuatro grados (Asistente de direcci\u00f3n, Gesti\u00f3n Administrativa, Recursos Humanos y Contabilidad Avanzada). Bil\u00edng\u00fce Espa\u00f1ol\/Ingl\u00e9s. gestiona y mantiene varias p\u00e1ginas web cristianas y vicencianas, incluida including La Red de Formaci\u00f3n Vicenciana, de la que es cofundador. Actualmente es responsable del \u00e1rea de Espa\u00f1ol de .famvin, la Red de Noticias de la Familia Vicenciana. Tambi\u00e9n es m\u00fasico cat\u00f3lico y ha editado varios discos. Es Director General y cofundador de Trovador, una reconocida compa\u00f1\u00eda discogr\u00e1fica critiana de Espa\u00f1a. Trabaja en las Tecnolog\u00edas de la Informaci\u00f3n, ofreciendo servicios de alojamiento, dise\u00f1o y mantenimiento Web, as\u00ed como asesoramiento, formaci\u00f3n y soluciones inform\u00e1ticas, gesti\u00f3n documental y digitalizaci\u00f3n de textos, edici\u00f3n y maquetaci\u00f3n de libros, revistas, flyers, etc.\",\"sameAs\":[\"http:\/\/chento.org\",\"https:\/\/www.facebook.com\/JavierChento\",\"https:\/\/x.com\/https:\/\/twitter.com\/javierchento\"],\"url\":\"http:\/\/vincentians.com\/en\/author\/chento\/\"}]}<\/script>\n<!-- \/ Yoast SEO plugin. -->","yoast_head_json":{"title":"Saint Elizabeth Ann Seton as Educator - We are Vincentians","robots":{"index":"index","follow":"follow","max-snippet":"max-snippet:-1","max-image-preview":"max-image-preview:large","max-video-preview":"max-video-preview:-1"},"canonical":"http:\/\/vincentians.com\/en\/saint-elizabeth-ann-seton-as-educator\/","og_locale":"en_US","og_type":"article","og_title":"Saint Elizabeth Ann Seton as Educator - We are Vincentians","og_description":"As we celebrate Catholic School Week, it is interesting to go back in time and wonder, \u201cWhat exactly was Saint Elizabeth Seton\u2019s first school like? How was it organized? What textbooks were used? What about ... Read More","og_url":"http:\/\/vincentians.com\/en\/saint-elizabeth-ann-seton-as-educator\/","og_site_name":"We are Vincentians","article_publisher":"https:\/\/www.facebook.com\/WeAreVincentians\/","article_author":"https:\/\/www.facebook.com\/JavierChento","article_published_time":"2015-02-16T05:49:44+00:00","article_modified_time":"2016-07-10T13:04:31+00:00","og_image":[{"width":1200,"height":630,"url":"https:\/\/i0.wp.com\/vincentians.com\/en\/wp-content\/uploads\/sites\/2\/2016\/01\/seton.jpg?fit=1200%2C630","type":"image\/jpeg"}],"author":"Francisco Javier Fern\u00e1ndez Chento","twitter_card":"summary_large_image","twitter_creator":"@https:\/\/twitter.com\/javierchento","twitter_site":"@WeVincentians","twitter_misc":{"Written by":"Francisco Javier Fern\u00e1ndez Chento","Est. reading time":"3 minutes"},"schema":{"@context":"https:\/\/schema.org","@graph":[{"@type":"Article","@id":"http:\/\/vincentians.com\/en\/saint-elizabeth-ann-seton-as-educator\/#article","isPartOf":{"@id":"http:\/\/vincentians.com\/en\/saint-elizabeth-ann-seton-as-educator\/"},"author":{"name":"Francisco Javier Fern\u00e1ndez Chento","@id":"https:\/\/vincentians.com\/en\/#\/schema\/person\/9623ef4d9aa3b2dfb8c061f1499288f2"},"headline":"Saint Elizabeth Ann Seton as Educator","datePublished":"2015-02-16T05:49:44+00:00","dateModified":"2016-07-10T13:04:31+00:00","mainEntityOfPage":{"@id":"http:\/\/vincentians.com\/en\/saint-elizabeth-ann-seton-as-educator\/"},"wordCount":549,"commentCount":0,"publisher":{"@id":"https:\/\/vincentians.com\/en\/#organization"},"image":{"@id":"http:\/\/vincentians.com\/en\/saint-elizabeth-ann-seton-as-educator\/#primaryimage"},"thumbnailUrl":"https:\/\/i0.wp.com\/vincentians.com\/en\/wp-content\/uploads\/sites\/2\/2016\/01\/seton.jpg?fit=1200%2C630","articleSection":["Elisabeth Ann Bayley Seton"],"inLanguage":"en-US","potentialAction":[{"@type":"CommentAction","name":"Comment","target":["http:\/\/vincentians.com\/en\/saint-elizabeth-ann-seton-as-educator\/#respond"]}]},{"@type":"WebPage","@id":"http:\/\/vincentians.com\/en\/saint-elizabeth-ann-seton-as-educator\/","url":"http:\/\/vincentians.com\/en\/saint-elizabeth-ann-seton-as-educator\/","name":"Saint Elizabeth Ann Seton as Educator - We are Vincentians","isPartOf":{"@id":"https:\/\/vincentians.com\/en\/#website"},"primaryImageOfPage":{"@id":"http:\/\/vincentians.com\/en\/saint-elizabeth-ann-seton-as-educator\/#primaryimage"},"image":{"@id":"http:\/\/vincentians.com\/en\/saint-elizabeth-ann-seton-as-educator\/#primaryimage"},"thumbnailUrl":"https:\/\/i0.wp.com\/vincentians.com\/en\/wp-content\/uploads\/sites\/2\/2016\/01\/seton.jpg?fit=1200%2C630","datePublished":"2015-02-16T05:49:44+00:00","dateModified":"2016-07-10T13:04:31+00:00","breadcrumb":{"@id":"http:\/\/vincentians.com\/en\/saint-elizabeth-ann-seton-as-educator\/#breadcrumb"},"inLanguage":"en-US","potentialAction":[{"@type":"ReadAction","target":["http:\/\/vincentians.com\/en\/saint-elizabeth-ann-seton-as-educator\/"]}]},{"@type":"ImageObject","inLanguage":"en-US","@id":"http:\/\/vincentians.com\/en\/saint-elizabeth-ann-seton-as-educator\/#primaryimage","url":"https:\/\/i0.wp.com\/vincentians.com\/en\/wp-content\/uploads\/sites\/2\/2016\/01\/seton.jpg?fit=1200%2C630","contentUrl":"https:\/\/i0.wp.com\/vincentians.com\/en\/wp-content\/uploads\/sites\/2\/2016\/01\/seton.jpg?fit=1200%2C630","width":1200,"height":630},{"@type":"BreadcrumbList","@id":"http:\/\/vincentians.com\/en\/saint-elizabeth-ann-seton-as-educator\/#breadcrumb","itemListElement":[{"@type":"ListItem","position":1,"name":"Portada","item":"https:\/\/vincentians.com\/en\/"},{"@type":"ListItem","position":2,"name":"Saint Elizabeth Ann Seton as Educator"}]},{"@type":"WebSite","@id":"https:\/\/vincentians.com\/en\/#website","url":"https:\/\/vincentians.com\/en\/","name":"We are Vincentians","description":"Know more to serve more","publisher":{"@id":"https:\/\/vincentians.com\/en\/#organization"},"potentialAction":[{"@type":"SearchAction","target":{"@type":"EntryPoint","urlTemplate":"https:\/\/vincentians.com\/en\/?s={search_term_string}"},"query-input":{"@type":"PropertyValueSpecification","valueRequired":true,"valueName":"search_term_string"}}],"inLanguage":"en-US"},{"@type":"Organization","@id":"https:\/\/vincentians.com\/en\/#organization","name":"The Vincentian Network","url":"https:\/\/vincentians.com\/en\/","logo":{"@type":"ImageObject","inLanguage":"en-US","@id":"https:\/\/vincentians.com\/en\/#\/schema\/logo\/image\/","url":"https:\/\/i1.wp.com\/vincentians.com\/en\/wp-content\/uploads\/sites\/2\/2016\/06\/Vincentian-Network-logo-big.png?fit=778%2C778&ssl=1","contentUrl":"https:\/\/i1.wp.com\/vincentians.com\/en\/wp-content\/uploads\/sites\/2\/2016\/06\/Vincentian-Network-logo-big.png?fit=778%2C778&ssl=1","width":778,"height":778,"caption":"The Vincentian Network"},"image":{"@id":"https:\/\/vincentians.com\/en\/#\/schema\/logo\/image\/"},"sameAs":["https:\/\/www.facebook.com\/WeAreVincentians\/","https:\/\/x.com\/WeVincentians"]},{"@type":"Person","@id":"https:\/\/vincentians.com\/en\/#\/schema\/person\/9623ef4d9aa3b2dfb8c061f1499288f2","name":"Francisco Javier Fern\u00e1ndez Chento","image":{"@type":"ImageObject","inLanguage":"en-US","@id":"https:\/\/vincentians.com\/en\/#\/schema\/person\/image\/","url":"https:\/\/secure.gravatar.com\/avatar\/497d5cde87b4c3d097d0315953521681ba2cd523ee66e5077c3711f7021e65de?s=96&d=mm&r=g","contentUrl":"https:\/\/secure.gravatar.com\/avatar\/497d5cde87b4c3d097d0315953521681ba2cd523ee66e5077c3711f7021e65de?s=96&d=mm&r=g","caption":"Francisco Javier Fern\u00e1ndez Chento"},"description":"Director General y cofundador de La Red de Formaci\u00f3n Vicenciana. Javier es laico vicenciano, afiliado a la Congregaci\u00f3n de la Misi\u00f3n y miembro del Equipo de Misiones Populares de la provincia can\u00f3nica de Zaragoza (Espa\u00f1a) de la Congregaci\u00f3n de la Misi\u00f3n. Graduado en la Universidad Oberta de Catalunya con cuatro grados (Asistente de direcci\u00f3n, Gesti\u00f3n Administrativa, Recursos Humanos y Contabilidad Avanzada). Bil\u00edng\u00fce Espa\u00f1ol\/Ingl\u00e9s. gestiona y mantiene varias p\u00e1ginas web cristianas y vicencianas, incluida including La Red de Formaci\u00f3n Vicenciana, de la que es cofundador. Actualmente es responsable del \u00e1rea de Espa\u00f1ol de .famvin, la Red de Noticias de la Familia Vicenciana. Tambi\u00e9n es m\u00fasico cat\u00f3lico y ha editado varios discos. Es Director General y cofundador de Trovador, una reconocida compa\u00f1\u00eda discogr\u00e1fica critiana de Espa\u00f1a. Trabaja en las Tecnolog\u00edas de la Informaci\u00f3n, ofreciendo servicios de alojamiento, dise\u00f1o y mantenimiento Web, as\u00ed como asesoramiento, formaci\u00f3n y soluciones inform\u00e1ticas, gesti\u00f3n documental y digitalizaci\u00f3n de textos, edici\u00f3n y maquetaci\u00f3n de libros, revistas, flyers, etc.","sameAs":["http:\/\/chento.org","https:\/\/www.facebook.com\/JavierChento","https:\/\/x.com\/https:\/\/twitter.com\/javierchento"],"url":"http:\/\/vincentians.com\/en\/author\/chento\/"}]}},"jetpack_publicize_connections":[],"jetpack_featured_media_url":"https:\/\/i0.wp.com\/vincentians.com\/en\/wp-content\/uploads\/sites\/2\/2016\/01\/seton.jpg?fit=1200%2C630","jetpack_sharing_enabled":true,"jetpack_shortlink":"https:\/\/wp.me\/p7K2Ow-gL8","jetpack-related-posts":[{"id":58521,"url":"http:\/\/vincentians.com\/en\/saint-elizabeth-ann-seton\/","url_meta":{"origin":64426,"position":0},"title":"Saint Elizabeth Ann Seton","author":"Francisco Javier Fern\u00e1ndez Chento","date":"December 11, 2012","format":false,"excerpt":"Convert to Roman Catholicism; foundress of the American Sisters of Charity, which was the first sisterhood native to the United States; a wife, mother, widow, sole parent, foundress, educator, social minister, and spiritual leader, Elizabeth Bayley Seton was the first person born in the United States to become a canonized\u2026","rel":"","context":"In &quot;Elisabeth Ann Bayley Seton&quot;","block_context":{"text":"Elisabeth Ann Bayley Seton","link":"http:\/\/vincentians.com\/en\/category\/the-vincentian-family\/founders\/elisabeth-ann-bayley-seton\/"},"img":{"alt_text":"","src":"https:\/\/i0.wp.com\/vincentians.com\/en\/wp-content\/uploads\/sites\/2\/2016\/01\/seton.jpg?fit=1200%2C630&resize=350%2C200","width":350,"height":200,"srcset":"https:\/\/i0.wp.com\/vincentians.com\/en\/wp-content\/uploads\/sites\/2\/2016\/01\/seton.jpg?fit=1200%2C630&resize=350%2C200 1x, https:\/\/i0.wp.com\/vincentians.com\/en\/wp-content\/uploads\/sites\/2\/2016\/01\/seton.jpg?fit=1200%2C630&resize=525%2C300 1.5x, https:\/\/i0.wp.com\/vincentians.com\/en\/wp-content\/uploads\/sites\/2\/2016\/01\/seton.jpg?fit=1200%2C630&resize=700%2C400 2x, https:\/\/i0.wp.com\/vincentians.com\/en\/wp-content\/uploads\/sites\/2\/2016\/01\/seton.jpg?fit=1200%2C630&resize=1050%2C600 3x"},"classes":[]},{"id":43326,"url":"http:\/\/vincentians.com\/en\/the-setons-the-bayleys-and-the-roosevelts\/","url_meta":{"origin":64426,"position":1},"title":"The Setons, the Bayleys, and the Roosevelts","author":"Francisco Javier Fern\u00e1ndez Chento","date":"July 1, 2016","format":false,"excerpt":"Archbishop Robert Seton was remembered as a fairly eccentric character who made a good deal of his family background. A pastor, scholar, and enthusiast of ecclesiastical minutiae, he was also a genealogist who traced his roots back to medieval Europe. In 1899, he published a 438-page history, An Old Family:\u2026","rel":"","context":"In &quot;Elisabeth Ann Bayley Seton&quot;","block_context":{"text":"Elisabeth Ann Bayley Seton","link":"http:\/\/vincentians.com\/en\/category\/the-vincentian-family\/founders\/elisabeth-ann-bayley-seton\/"},"img":{"alt_text":"","src":"https:\/\/i0.wp.com\/vincentians.com\/en\/wp-content\/uploads\/sites\/2\/2016\/01\/seton.jpg?fit=1200%2C630&resize=350%2C200","width":350,"height":200,"srcset":"https:\/\/i0.wp.com\/vincentians.com\/en\/wp-content\/uploads\/sites\/2\/2016\/01\/seton.jpg?fit=1200%2C630&resize=350%2C200 1x, https:\/\/i0.wp.com\/vincentians.com\/en\/wp-content\/uploads\/sites\/2\/2016\/01\/seton.jpg?fit=1200%2C630&resize=525%2C300 1.5x, https:\/\/i0.wp.com\/vincentians.com\/en\/wp-content\/uploads\/sites\/2\/2016\/01\/seton.jpg?fit=1200%2C630&resize=700%2C400 2x, https:\/\/i0.wp.com\/vincentians.com\/en\/wp-content\/uploads\/sites\/2\/2016\/01\/seton.jpg?fit=1200%2C630&resize=1050%2C600 3x"},"classes":[]},{"id":108952,"url":"http:\/\/vincentians.com\/en\/st-elizabeth-ann-seton-hazard-yet-forward\/","url_meta":{"origin":64426,"position":2},"title":"St. Elizabeth Ann Seton: Hazard yet Forward","author":"Francisco Javier Fern\u00e1ndez Chento","date":"January 4, 2014","format":false,"excerpt":"St. Elizabeth Ann Seton (1774-1821) was born Elizabeth Ann Bayley on August 28, 1774, in New York and was raised Episcopalian. She was the daughter of Richard Bayley, a respected physician in the city, and Catherine, the daughter of an Episcopal rector. In 1777, Catherine died while giving birth, leaving\u2026","rel":"","context":"In &quot;Elisabeth Ann Bayley Seton&quot;","block_context":{"text":"Elisabeth Ann Bayley Seton","link":"http:\/\/vincentians.com\/en\/category\/the-vincentian-family\/founders\/elisabeth-ann-bayley-seton\/"},"img":{"alt_text":"","src":"https:\/\/i0.wp.com\/vincentians.com\/en\/wp-content\/uploads\/sites\/2\/2016\/01\/seton.jpg?fit=1200%2C630&resize=350%2C200","width":350,"height":200,"srcset":"https:\/\/i0.wp.com\/vincentians.com\/en\/wp-content\/uploads\/sites\/2\/2016\/01\/seton.jpg?fit=1200%2C630&resize=350%2C200 1x, https:\/\/i0.wp.com\/vincentians.com\/en\/wp-content\/uploads\/sites\/2\/2016\/01\/seton.jpg?fit=1200%2C630&resize=525%2C300 1.5x, https:\/\/i0.wp.com\/vincentians.com\/en\/wp-content\/uploads\/sites\/2\/2016\/01\/seton.jpg?fit=1200%2C630&resize=700%2C400 2x, https:\/\/i0.wp.com\/vincentians.com\/en\/wp-content\/uploads\/sites\/2\/2016\/01\/seton.jpg?fit=1200%2C630&resize=1050%2C600 3x"},"classes":[]},{"id":104346,"url":"http:\/\/vincentians.com\/en\/elizabeth-letter-1-003-to-william-magee-seton\/","url_meta":{"origin":64426,"position":3},"title":"Elizabeth, Letter 1-003: To William Magee Seton","author":"Francisco Javier Fern\u00e1ndez Chento","date":"August 3, 2016","format":false,"excerpt":"(No date) My dearest Will, Mrs. Sadler is not going to the Concert and wishes very much to see us there this Evening\u2014do not be too late\u2014 Yours EB","rel":"","context":"In &quot;Writings of Elizabeth Ann Seton&quot;","block_context":{"text":"Writings of Elizabeth Ann Seton","link":"http:\/\/vincentians.com\/en\/category\/writings\/writings-of-elizabeth-ann-seton\/"},"img":{"alt_text":"","src":"https:\/\/i0.wp.com\/vincentians.com\/en\/wp-content\/uploads\/sites\/2\/2016\/06\/Writings-of-Elizabeth-Ann-Seton.jpg?fit=1200%2C630&resize=350%2C200","width":350,"height":200,"srcset":"https:\/\/i0.wp.com\/vincentians.com\/en\/wp-content\/uploads\/sites\/2\/2016\/06\/Writings-of-Elizabeth-Ann-Seton.jpg?fit=1200%2C630&resize=350%2C200 1x, https:\/\/i0.wp.com\/vincentians.com\/en\/wp-content\/uploads\/sites\/2\/2016\/06\/Writings-of-Elizabeth-Ann-Seton.jpg?fit=1200%2C630&resize=525%2C300 1.5x, https:\/\/i0.wp.com\/vincentians.com\/en\/wp-content\/uploads\/sites\/2\/2016\/06\/Writings-of-Elizabeth-Ann-Seton.jpg?fit=1200%2C630&resize=700%2C400 2x, https:\/\/i0.wp.com\/vincentians.com\/en\/wp-content\/uploads\/sites\/2\/2016\/06\/Writings-of-Elizabeth-Ann-Seton.jpg?fit=1200%2C630&resize=1050%2C600 3x"},"classes":[]},{"id":108503,"url":"http:\/\/vincentians.com\/en\/elizabeth-letter-1-013-draft-to-mrs-john-seton\/","url_meta":{"origin":64426,"position":4},"title":"Elizabeth, Letter 1-013: Draft to Mrs. John Seton","author":"Francisco Javier Fern\u00e1ndez Chento","date":"October 16, 2016","format":false,"excerpt":"[n.d. 1797] Surely my dear Grandmother will not be surprised at my writing to her, to express a small share of that sincere affection I have always felt for her since I have been the wife of her W. M. and the Daughter of a son who so affectionately loves\u2026","rel":"","context":"In &quot;Writings of Elizabeth Ann Seton&quot;","block_context":{"text":"Writings of Elizabeth Ann Seton","link":"http:\/\/vincentians.com\/en\/category\/writings\/writings-of-elizabeth-ann-seton\/"},"img":{"alt_text":"","src":"https:\/\/i0.wp.com\/vincentians.com\/en\/wp-content\/uploads\/sites\/2\/2016\/06\/Writings-of-Elizabeth-Ann-Seton.jpg?fit=1200%2C630&resize=350%2C200","width":350,"height":200,"srcset":"https:\/\/i0.wp.com\/vincentians.com\/en\/wp-content\/uploads\/sites\/2\/2016\/06\/Writings-of-Elizabeth-Ann-Seton.jpg?fit=1200%2C630&resize=350%2C200 1x, https:\/\/i0.wp.com\/vincentians.com\/en\/wp-content\/uploads\/sites\/2\/2016\/06\/Writings-of-Elizabeth-Ann-Seton.jpg?fit=1200%2C630&resize=525%2C300 1.5x, https:\/\/i0.wp.com\/vincentians.com\/en\/wp-content\/uploads\/sites\/2\/2016\/06\/Writings-of-Elizabeth-Ann-Seton.jpg?fit=1200%2C630&resize=700%2C400 2x, https:\/\/i0.wp.com\/vincentians.com\/en\/wp-content\/uploads\/sites\/2\/2016\/06\/Writings-of-Elizabeth-Ann-Seton.jpg?fit=1200%2C630&resize=1050%2C600 3x"},"classes":[]},{"id":104344,"url":"http:\/\/vincentians.com\/en\/elizabeth-letter-1-005-to-william-magee-seton\/","url_meta":{"origin":64426,"position":5},"title":"Elizabeth, Letter 1-005: To William Magee Seton","author":"Francisco Javier Fern\u00e1ndez Chento","date":"August 21, 2016","format":false,"excerpt":"(No date) An unavoidable Something obliges Mrs. [Eliza] Sadler to drink tea with Mrs. Constable\u2014If you are anxious to see your Eliza you will find her at Mrs. Atkinsons at the Piano Your own-","rel":"","context":"In &quot;Writings of Elizabeth Ann Seton&quot;","block_context":{"text":"Writings of Elizabeth Ann Seton","link":"http:\/\/vincentians.com\/en\/category\/writings\/writings-of-elizabeth-ann-seton\/"},"img":{"alt_text":"","src":"https:\/\/i0.wp.com\/vincentians.com\/en\/wp-content\/uploads\/sites\/2\/2016\/06\/Writings-of-Elizabeth-Ann-Seton.jpg?fit=1200%2C630&resize=350%2C200","width":350,"height":200,"srcset":"https:\/\/i0.wp.com\/vincentians.com\/en\/wp-content\/uploads\/sites\/2\/2016\/06\/Writings-of-Elizabeth-Ann-Seton.jpg?fit=1200%2C630&resize=350%2C200 1x, https:\/\/i0.wp.com\/vincentians.com\/en\/wp-content\/uploads\/sites\/2\/2016\/06\/Writings-of-Elizabeth-Ann-Seton.jpg?fit=1200%2C630&resize=525%2C300 1.5x, https:\/\/i0.wp.com\/vincentians.com\/en\/wp-content\/uploads\/sites\/2\/2016\/06\/Writings-of-Elizabeth-Ann-Seton.jpg?fit=1200%2C630&resize=700%2C400 2x, https:\/\/i0.wp.com\/vincentians.com\/en\/wp-content\/uploads\/sites\/2\/2016\/06\/Writings-of-Elizabeth-Ann-Seton.jpg?fit=1200%2C630&resize=1050%2C600 3x"},"classes":[]}],"_links":{"self":[{"href":"http:\/\/vincentians.com\/en\/wp-json\/wp\/v2\/posts\/64426","targetHints":{"allow":["GET"]}}],"collection":[{"href":"http:\/\/vincentians.com\/en\/wp-json\/wp\/v2\/posts"}],"about":[{"href":"http:\/\/vincentians.com\/en\/wp-json\/wp\/v2\/types\/post"}],"author":[{"embeddable":true,"href":"http:\/\/vincentians.com\/en\/wp-json\/wp\/v2\/users\/4"}],"replies":[{"embeddable":true,"href":"http:\/\/vincentians.com\/en\/wp-json\/wp\/v2\/comments?post=64426"}],"version-history":[{"count":0,"href":"http:\/\/vincentians.com\/en\/wp-json\/wp\/v2\/posts\/64426\/revisions"}],"wp:featuredmedia":[{"embeddable":true,"href":"http:\/\/vincentians.com\/en\/wp-json\/wp\/v2\/media\/149247"}],"wp:attachment":[{"href":"http:\/\/vincentians.com\/en\/wp-json\/wp\/v2\/media?parent=64426"}],"wp:term":[{"taxonomy":"category","embeddable":true,"href":"http:\/\/vincentians.com\/en\/wp-json\/wp\/v2\/categories?post=64426"},{"taxonomy":"post_tag","embeddable":true,"href":"http:\/\/vincentians.com\/en\/wp-json\/wp\/v2\/tags?post=64426"}],"curies":[{"name":"wp","href":"https:\/\/api.w.org\/{rel}","templated":true}]}}