{"id":58837,"date":"2012-12-24T04:55:36","date_gmt":"2012-12-24T03:55:36","guid":{"rendered":"http:\/\/somos.vicencianos.org\/?p=58837"},"modified":"2016-07-10T09:38:13","modified_gmt":"2016-07-10T07:38:13","slug":"saint-vincent-de-paul-1595-1617","status":"publish","type":"post","link":"http:\/\/vincentians.com\/en\/saint-vincent-de-paul-1595-1617\/","title":{"rendered":"Saint Vincent De Paul, 1595-1617"},"content":{"rendered":"<div>\n<p>The purpose of this paper is to survey the formative years of Saint Vincent de Paul, with special emphasis on his growth in sanc\u00adtity. It will be presented in three parts. The first deals with his life from the time that he left his childhood home in the village of Pouy to go school in Dax until his disappearance in 1605. The second deals with the missing years, 1605-1608, (that is, the controversy over the Tunisian captivity). The third covers his life in Paris from his ar\u00adrival in 1609 until the time of the first sermon of the mission at Folleville.<\/p>\n<h2><strong>Part I: 1595-1605<\/strong><\/h2>\n<p>Jean de Paul had decided on an ecclesiastical career for his son and this meant that the boy had to be educated. Fortunately for him, the Franciscan Friars had a secondary school or <em>coll\u00e9ge <\/em>in nearby Dax. It was there that the young Vincent went. The question is: when?<\/p>\n<p>The chronology of these years is not always clear. Saint Vin\u00adcent says of himself, &#8220;ayant v\u00e9cu \u00e1 la campagne jusques en l&#8217;age de quinze ans&#8221;. Coste interprets this to mean that Saint Vincent went to school in Dax at the beginning of his fifteenth year and so he favors the date of 1595. Abelly, on the other hand, says that he began his studies in Dax &#8220;environ l&#8217;an 1588&#8221;. Since Abelly dated Vincent&#8217;s birth in 1576, it would have meant that the future saint was about twelve years old. Abelly also says that he spent vine years in his studies, finishing them, that is, about the year 1597. The latter date seems certain\u2014his degree in theology, dated October 1604, said that he had been studying there for seven years. The best that can be said is that Vincent probably entered the Franciscan school at Dax in 1594 or 1595, at the age of fourteen or fifteen, and stayed there until he went to Toulouse in 1597. The only known incident from this period is the famous one that he once related to Madame de Lamoignon.<\/p>\n<p><em>Je me souviens qu&#8217;une fois&#8230; au coll\u00e9ge ou j&#8217;\u00e9tudiais, on vint me dire <\/em><em>que mon pare, qui \u00e9tait un pauvre paysan, me demandait. Je refusai <\/em><em>de lui aller parler; en quoi je fis un grand p\u00e9ch\u00e9.<\/em><\/p>\n<p>Through the agency of the Franciscan Guardian (superior), the future saint had come to the notice of M. de Comet, the district judge of Pouy, who became his benefactor and paid for his education. Vincent lived at his house during the rest of his stay in Dax and tutored the Comet children while pursuing his own studies. Vincent, accord\u00ading to Coste, studied at Dax for two years and, by the French system, finished the fifth and fourth grades (or forms), thus completing his famous fourth form to which he was to refer in later life.<\/p>\n<p>On 20 December 1596, with the permission of the Chapter of Dax (for the see was vacant) he received tonsure and the four minor orders at the collegiate church of Bidache at the hands of the Bishop of the neighboring diocese of Tarbes. By modern reckoning Vin\u00adcent was fifteen years old. The following year he left to begin his theological studies at the university of Toulouse. According to Abel\u00adly, he interrupted his course of studies to spend some time at the University of Zaragoza in Spain. &#8220;Il est vray que pendant ce temps il passa en Espagne, &amp; fit quelque sejour \u00e1 Saragosse pour y faire aussi quelques \u00e9tudes&#8221;. Coste does not accept the story, which he considers unlikely for a young student in straitened circumstances (though such changes of schools were not uncommon in that cen\u00adtury). Father Rom\u00e1n, on the other hand, spends considerable time in proving the likelihood of the account and showing that Saint Vin\u00adcent had a first hand knowledge of Spain. Granted that some of the Saint&#8217; s statements do indicate a knowledge of things Spanish, this would not have been extraordinary for someone born fifty miles from the border and who had frequent contact with the Spanish-born queen of France, Anne of Austria. His one clear statement<\/p>\n<p><em>Je me suis trouv\u00e9 dans un royaume o\u00f9 un religieux, allant trouver le roi, demanda quelque nouvelle de la tour, et celui \u00e1 qui il s&#8217;addressa lui dit: &#8220;Eh quoi! mon Pire, faut-il que les religieux se m\u00ealent des af\u00adfaires des rois!&#8221; C&#8217;est que dans ce royaume-l\u00e0 on ne parle point du roi. Et parte que c&#8217;est une personne sacr\u00e9e, ils ont tant de respect pour tout ce qui le regarde, qu&#8217;ils n&#8217;en parlent jamais. Et de l\u00e0 vient qu&#8217;en ce royaume tous son unis au roi, et il n&#8217;est pas permis de dire une parole contre ses ordres&#8230;&#8221;.<\/em><\/p>\n<p>may very refer to Spain but it does not demonstrate that he pursued theological courses in Zaragoza. In the present state of knowledge it would have to be said that the matter is open to some skepticism.<\/p>\n<p>Coste has also given us a rather complete description of the organization of the university and its nations. As Rom\u00e1n has pointed out, however, these questions have distracted historians from a far more important one: what kind of theological education was given at Toulose? What schools and systems of theology predominated? Which teachers were most influential, and how would they have af\u00adfected the thought and formation of the young Vincent? Unfortunate\u00adly, we cannot answer these questions because the matter has not been sufficiently researched.<\/p>\n<p>During his first year at the university his father died. His will, which was dated 7 February 1598, urged his family to spare no sacrifice so that Vincent could continue his studies. Either these sacrifices were insufficient or Vincent did not wish to be a burden to his family because he soon accepted an offer to direct an academy for small boys at Buzet-sur-Tarn, a short distance from Toulouse. Vincent seems to have been a natural teacher for the reputation of his small school soon spread. He soon moved the school to Toulouse so that he could continue his studies. This combination of being teacher and student was not unusual for those times. Despite the suc\u00adcess of his school, Vincent&#8217;s financial situation seems to have remain\u00aded somewhat precarious.<\/p>\n<p>On 19 September 1598, he was ordained a subdeacon and three months later, 19 December, a deacon, both times by the same Bishop of Tarbes who had given him tonsure and minor orders. The see of Dax was still vacant at the time of the ordination to the sub\u00addiaconate. It appears that by the time of the second ordination the new bishop of Dax was not yet in his see for the dimissorials for both orders were issued by the vicar general. Dimissorial letters for his ordination to the priesthood were issued on 13 September 1599 by the Vicar General of Dax. It seems plausible that his intention was to be ordained at the following Ember Days (Quarter Tense), the traditional time for such ordinations. For reasons now unknown, he waited more than a year before accepting ordination. When the time came he did not go to his own bishop or even to the neighbor\u00ading Bishop of Tarbes. Rather, he went to some distance and inconve\u00adnience to receive ordination from Fran\u00c7ois de Bourdelle, Bishop of Perigueux, on 23 September 1600. The ceremony was performed in the bishop&#8217;s private chapel in what is now the village of Ch\u00e1teau\u00adl&#8217;Ev\u00e9que. Why P\u00e9rigueux? The Bishop of P\u00e9rigueux was old (eight\u00adfour years of age), blind, and famous for the case with which he per\u00adformed irregular ordinations. He died a little over a month later. Though Vincent was only nineteen years old, that should not have caused him to go to such trouble. His dimissorials were in order and there had been no problem &gt;i age in his previous advances tow\u00adard the priesthood. It must be admitted that the matter is obscure.<\/p>\n<p>Coste says of Vincent that &#8220;the young priest was not twenty years of age.&#8221; This, of course, is based on Coste&#8217;s reckoning that Saint Vincent was born in 1581.<\/p>\n<p>His ordination at such an early age, however, does present some problems. The Council of Trent had decreed twenty-four years of age as the minimum for priesthood. The disciplinary decrees of Trent, however, were not accepted in France until 1615. Irregular ordina\u00adtions were frequent snd dispensations easily come by, though there is no evidence for such in the life of Saint Vincent. Diebold has shown that the newly-appointed Bishop of Dax, Jean-Jacques Dussault, was a reformer who attempted to put the Tridentine program of reform into practice. For that purpose he convened a diocesan synod on 18 April 1600, between Vincent&#8217;s dimissorials and his ordination. Is it possible that the bishop&#8217;s reforming tendencies obstructed Vin\u00adcent&#8217;s progress to the priesthood and caused him to go elsewhere?. That is plausible. The young man was not yet a saint and he was following a path common at the time, one that he had already followed for his earlier orders. It seems certain that in later days the memory of this method of achieving the priesthood was painful to him. His closest associates, even those who had been with him from the foundation of the Congregation of the Mission, never heard him speak of his ordination nor did they know the date and location of it.<\/p>\n<p><em>Ils voudraient bien savoir comment il se s\u00e9para du l\u00e9gat d&#8217;Avignon, qui <\/em><em>le mena \u00e1 Rome, ce qu&#8217;il fit en cette tour-l\u00e0, oie il alla en sortant d&#8217;Italie, <\/em><em>en quel temps il vint \u00e1 Paris et pourquoi, en quelle ann\u00e9e et en quel lieu <\/em><em>il a \u00e9t\u00e9 fait pr\u00eatre&#8230; <\/em><em>Il ne nous parle jamais de lui&#8230;<\/em><\/p>\n<p>It was only after his death that the documents were found. It may also explain, together with the Berullian exaltation of the priesthood, Vincent&#8217;s statement, repeated in various forms at various times, &#8220;Pour moi, si j&#8217;avais su ce que c&#8217;\u00e9tait, quand, j&#8217;eus la t\u00e9m\u00e9rit\u00e9 d&#8217;y entrer, comme je l&#8217;ai su depuis, j&#8217;aurais aim\u00e9 labourer la terre, que de m&#8217;engager \u00e1 un \u00e9tat si redoutable.&#8221; Expressions such as these are the feelings of an old man, advanced in sanctity, looking back on the follies of youth.<\/p>\n<p>Whatever the circumstances of his ordination, it is difficult to say for certain if they harmed his standing with his bishop. In 1607 he asked for a letter of recommendation from him that he had always had a good reputation. Almost immediately, through the interces\u00adsion of M. de Comet, he received an appointment as pastor of the parish of Tilh, a very good parish of the diocese. Again, the uncer\u00adtainties that surround Vincent&#8217;s early life arise again. According to Abelly, the appointment was made by the Vicar General of Dax because the see was vacant. Coste, on the other hand, says that it was the Bishop who appointed him. (In actual fact the see was not vacant; however, even when it had a bishop, the Vicar General issued documents, such as the dimissorial for Vincent&#8217;s diaconate). In the absence of the original documentation, we have no certitude just how he was appointed.<\/p>\n<p>Vincent never took possession of the parish. The appointment was contested by a certain Father Saint-Sub\u00e9, who was awarded the parish by the Roman Curia. Vincent, according to Abelly, did not wish to enter into litigation over it because it would have meant discontinuing his studies. Father Rom\u00e1n has pointed out that to see any special holiness in this is to project the later Vincent back into his youth. Vincent had against him his youth, the fact that the Roman Curia had made a decision, and perhaps the antipathy of his own bishop who had had no part in either his ordination or appointment.<\/p>\n<p>There is evidence, however, that Vincent did pursue the mat\u00adter. It is incontrovertible that he went to Rome at about this time and the affair of Tilh would be the only plausible explanation for it. In later life he made <em>fine <\/em>specific references to a stay in Rome. On 20 July 1631 he wrote to Fran\u00c7ois du Coudray, one of the first Vincentians to be stationed in the Eternal City,<\/p>\n<p><em>O Monsieur, que vous \u00eates heureux de marcher par-dessus la terre <\/em><em>ont marche tant de grands et saints personnages! Cette consid\u00e9ration <\/em><em>m&#8217;\u00e9mut tellement lorsque je fus \u00e1 Rome il y a trente ans, que, quoique <\/em><em>je fusse charg\u00e9 de p\u00e9ch\u00e9s, je ne laissai point de m&#8217;attendrir, m\u00eame <\/em><em>jusqu&#8217;aux larmes, ce me semble.<\/em><\/p>\n<p>That Vincent was not using the term &#8220;trente ans&#8221; in a wide sense is shown by the four other references, all of which place the journey in the pontificate of Pope Clement VIII.<\/p>\n<p>J&#8217;ai va un saint Pape, qui \u00e9tait Cl\u00e9ment VIII, un fort saint homme, tellement saint que les h\u00e9r\u00e9tiques m\u00eames disaient, &#8220;Le Pape Cl\u00e9ment est un saint.&#8221; Il \u00e9tait tellement touch\u00e9 de Dieu et avait le don des larmes en telle abondance que, quand il montait un chemin que l&#8217;on appelle l&#8217;\u00e9chelle saine [La Scala Santa], il baignait tout en larmes.<\/p>\n<p>&#8230;Le Pape Cl\u00e9ment huiti\u00e8me, que j&#8217;ai eu l&#8217;honneur de voir et qui est un saint&#8230;<\/p>\n<p>Et ce saint Pape, que j&#8217;ai eu le bonheur de voir&#8230;<\/p>\n<p>Pape Cl\u00e9ment VIII, que j&#8217;ai eu l&#8217;honneur de voir.<\/p>\n<p>Since Clement VIII died in 1605, it is certain that Vincent is referring to a visit to Rome prior to the one he claimed to have made in 1607\/1608 after his return from Tunis. This trip probably took place around 1601 in an attempt to win back the parish. It was some\u00adthing that Vincent remembered fondly, though he never explained why he had been in Rome and quite obviously no one ever asked him. Though this may seem to be a rather small point, it is of supreme importance in evaluating the veracity of the Tunisian captivity. Vincent returned to his studies, his boarding school and his hope of eventully having an ecclesiastical career. In 1604 he received his degree of Bachelor of Theology, which authorized him to expound the second book of Peter Lombard&#8217;s <em>Sentences. <\/em>This, together with the Licentiate in Canon Law that he would later receive in Paris, were to be the only degrees that he would ever have.<\/p>\n<p>With the year 1605 we come to an important and crucial part of the life of Saint Vincent de Paul. Before doing so, however, it would be good to pause and ask: what kind of man are we dealing with at this time? What kind of person was he at the age of twenty-four? The answer will have to avoid two extremes. The one is hagiographic, the tendency of biographers such as Abelly, Collet, and most of those of the nineteenth century to find the holiness of the later years in his youth and young manhood. The other, toward which authors like Redier have tended, is to see a wild and turbulent young priest who did not seem worthy of his calling.<\/p>\n<p>Several characteristics can be discerned in the young Vincent. He was obviously intelligent. He must have been a good and attrac\u00adtive person. Otherwise, it would be difficult to understand how some\u00adone like. M. de Comet could have become his benefactor or how his boarding school could have been a success. He was devout enough to have been moved to years by his experiences in Rome. He seems to have been a naturally good teacher, as the school and his later experience with the Gondis indicate. He also showed dedication to his family. The detachment of the later years is not found in the young priest. That he was primarily interested in a respectable clerical career is beyond doubt. He was constantly looking for a good benefice, one that would enable him to lead the respectable life of a devoted but comfortably situated pastor. Though he had great potential, he was limited in his outlook and ambitions. He seems to have been in many ways a typical Gascon: lively, impetuous, given to dramatic exag\u00adgeration, a bit tumultuous and rather hot-headed and choleric.<\/p>\n<p>Was he, however, even more roguish and turbulent? Was he capable bf more impulsive and violent steps in his pursuit of money? And was he capable of lying, even to his benefactor? The answer to these questions will depend on whether or not one believes the story of the Tunisian captivity.<\/p>\n<h2><strong>Part II: The missing years, 1605-1607<\/strong><\/h2>\n<p>By his own account, Saint Vincent de Paul was heavily in debt in the year 1605. Hence the first part of that year saw him involved in several attempts to obtain the money necessary to satisfy his creditors. Then, suddenly, in July of 1605 he disappeared from view and was not heard from again until July of 1607. These are the miss\u00ading years of Saint Vincent de Paul when, in Father Dodin&#8217;s phrase, he &#8220;escapes the rigorous control of history&#8221;.<\/p>\n<p>What had happened to him? One answer was given by Saint Vincent himself in his two famous letters to M. de Comet, the younger brother of his benefactor. The first was written from Avignon on 24 July 1607, the second from Rome, 28 February 1608. They describe what Henri Bremond has called &#8220;the last chapter of the Ara\u00adbian Nights&#8221;.<\/p>\n<p>The contents are familiar to all who have studied the Saint&#8217; s life. He tells how he had been left a legacy by a kindly widow of Toulouse and that this legacy included a debt of three or four hun\u00addred crowns <em>(\u00e9cus) <\/em>owed to her by &#8220;un m\u00e9chant mauvais&#8221;. Vincent went to Toulouse but found that his man had fled to Marseille. He went to Marseille, jailed his quarry, and settled the debt for 300 <em>\u00e9cus. <\/em>A gentlemen with whom he had been lodging persuaded him to return to Toulouse by taking a boat from Marseille to Narbonne. Vincent did so but the chip was captured by Barbary pirates who enslaved the passengers. Vincent himself claimed to have been wounded in the fighting. He recounted how they were sold in Tunis and how his first master, a fisherman, had to get rid of him &#8220;pour n&#8217;avoir rien de si contraire que la mer&#8221;. He was then sold to an alchemist who taught him some tricks of the trade. The alchemist died after being summoned to Constantinople and Vincent passed to tne old man&#8217; s nephew who sold him when he heard that the French am\u00adbassador, Savary de Breves, was coming to Tunis to ransom Chris\u00adtian captives.<\/p>\n<p>His final owner was a Christian renegade from &#8220;Nici&#8221; (Nice or An\u00adnecy) in Savoy whose Turkish wife befriended Saint Vincent. It was through her instrumentality that the renegade decided to return to his religion and flee to Europe. The two escaped in July 1607 and after a journey across the Mediterranean in a small skiff, they arriv\u00aded at Aigues-Mortes on the 28th of that month. The renegade was received back into the Church by the papal legate, Pietro Montoro (or Montorio) and then entered the <em>Fate Ben Fratelli. <\/em>Vincent joined the legate&#8217; s household and accompanied him to Rome, where he con\u00adtinued his studies and made strenuous efforts to gain himself a good benefice.<\/p>\n<p>Some time in 1608 or 1609 Vincent went to Paris, which was to be the scene of his life&#8217; s work. There is no evidence that he stopped at Dax or Pouy, despite his Glose to both places. The younger Comet died in 1609 and another connection with his native province was severed. His last visit was in 1622 when he went south to give a mission to the galley slaves. For the rest of his days Paris was his city.<\/p>\n<p>After Comet&#8217;s death, the two letters passed to his sister, Catherine de Comet, the wife of Jean de Saint-Martin. In the years that followed, their existente was forgotten, even by Saint Vincent himself. The events they described, if they had ever been know to Vincent&#8217;s friends and relatives in Pouy and Dax, also fell into oblivion.<\/p>\n<p>In 1658 the letters were rediscovered by Catherine de Comet&#8217;s son, Saint Martin d&#8217;Ag\u00e9s, who had inherited them from his mother. Overjoyed by his discovery, he took them to his uncle, the Canon de Saint-Martin, a close friend of Saint Vincent&#8217;s. The canon thought that his friend would enjoy seeing them again and had copies for\u00adwarded to him. The response was not what the good canon had an\u00adticipated. Sain Vincent burned the copies and wrote to Saint-Martin begging him to return the originals. Brother Bertrand Ducournau, Vincent&#8217;s secretary, added a postscript to the letter to warn the canon that the letters would be destroyed if they fell into the Saint&#8217; s hands. As a result the canon never answered the request. Ducournau advised him to make contact with Father Jean Watebled, the superior of the College de Bons Enfants in Paris. This the canon did.<\/p>\n<p>Watebled informed Antoine Portail, Rene Alm\u00e9ras, and others of Vincent&#8217;s associates of the discovery. The account of the captivity was a total surprise to all because Vincent had never mentioned a word of it. Brother Ducournau echoed the general astonishment in a letter to the Canon de Saint-Martin in August 1658.<\/p>\n<p><em>Aucun de nous n &#8216;avait jamais su certainement qu&#8217;il eut \u00e9t\u00e9 en Barbarie <\/em><em>et encore moins qu&#8217;il eut converti son patron. Pour moi, Monsieur, j&#8217;ad\u00admire la conversion de cet apostate, l&#8217;humilit\u00e9 de son esclave, l&#8217;assurance <\/em><em>qu&#8217;il sentait en son \u00e2me d&#8217;avoir libert\u00e9, et la gr\u00e2ce qu&#8217;il avait de se faire <\/em><em>aimer des Tures&#8230; mais je vous assure que j&#8217;admire encore plus la force <\/em><em>qu&#8217;il a eue de ne dire jamais un seul mot de toutes ces choses \u00e1 pas un de la Compagnie, quoiqu&#8217;il ait eu occasion d&#8217;en parler cent et cent fois, <\/em><em>en parlant de l&#8217;assistance des captifs, qu&#8217;il a enteprise depuis douze ou <\/em><em>quinze ans&#8230; Si ces deux lettres \u00e9taient tomb\u00e9es en ses mains, jamais personne ne les aurait vues.<\/em><\/p>\n<p>This testimony was corroborated by Vincent&#8217;s other secretary, Brother Louis Robinau.<\/p>\n<p><em>Having had the honor, during the space of thirteen whole years, of being <\/em><em>as near to him as anyone in the Community, with the exception of only two or three persons, nevetheless he never said to me nor even hinted, either by word or in writing, that he had been a slave, although many times he happened to chance on the subject of Barbary, on the wretchedness of the poor slaves, and he wrote rather often to that country.<\/em><\/p>\n<p>It is quite clear that Saint Vincent, who was always reserved about himself, was quite reticent in speaking to his associates about his early life. What he did say fell into the category of formalized statements about his poor childhood or his life as a swineherd. Even for those who had know him the longest, his life prior to his arrival in Paris was a closed book. His ordination to the priesthood, his trip to Rome, and the reasons why he went to Paris without a benefice from the papal legate were all things that were never mentioned. His silente about the sojourn in Tunis was to assume great importante in the controversy that eventually swirled around his account.<\/p>\n<p>Saint Vincent continued his efforts to regain possession of the two letters. On 18 March 1660, at the age of seventy-nine and with only six months to live, he wrote an anguished appeal to Saint\u00adMartin:<\/p>\n<p><em>Je vous conjure, par toutes les gr\u00e2ces qu&#8217;il a plu a Dieu de vous faire, <\/em><em>de me faire celle de m&#8217;envoyer cette mis\u00e9rable lettre qui fait mention de la Tur\u00ad<\/em><em>quie; je parle de celle que M. d&#8217;Ag\u00e9s a trouv\u00e9e parmi les papiers de M. son <\/em><em>p\u00e8re. Je vous prie derechef, par les entrailles de J\u00e9sus-Christ Notre-Seigneur, de me faire au plus t\u00f4t la gr\u00e2ce que je vous demande.<\/em><\/p>\n<p>The canon did not reply. In the following centuries, after in\u00adnumerable adventures, the letters finally ended up in the possession of the Vincentian Fathers and the Daughters of Charity.<\/p>\n<p>The authenticity of the letters has never been in doubt. They are clearly in the handwriting of Saint Vincent and he never disavowed them. Nor, for three centuries, did anyone doubt the truth of their contents.<\/p>\n<p>Although Abelly used the letters and quoted them in his life of Saint Vincent, he did not give a complete account. In quoting the first letter, he removed the reference to the captives&#8217; being stripped totally naked and suppressed the referentes to Vincent&#8217;s par\u00adticipation in the experimenta of the alchemist. Because Abelly&#8217;s work was written with an eye to future canonization, these omissions are understandable.<\/p>\n<p>Abelly&#8217;s work was the basis for the second major life of Saint Vincent, <em>La vie de Saint Vincent de Paul, <\/em>by Pierre Collet, C.M., published at Nancy in 1748. Collet was not an historian and his work clearly reflects this. He was guilty of even more outrageous historical sins than was Abelly.<\/p>\n<p>With regard to the Tunisian captivity, Collet repeated Abelly&#8217;s account. Between the first and second editions of his work, however, Collet made some interpolations in the account that were to muddy the waters for two centuries. Since the matter is rather complex, some preliminary points should be emphasized.<\/p>\n<p>In his letter of 24 July 1607 Vincent did not mention the narre of his last owner nor did he identify him in any way except to say that he was a renegade from Nice or Annecy in Savoy. He said nothing about the man&#8217; s having been a priest or former religious.<\/p>\n<p>In that same letter he stated that they arrived at Aigues-Mortes on 28 June 1607 and very quickly thereafter <em>(t\u00f3t apr\u00e9s) went <\/em>to Avignon for the renegade&#8217; s reconciliation and abjuration before an unnamed papal legate. In neither of his letters did Vincent mention the legate &#8216;s narre. In the summer of 1607 the papal vice-legate in Avignon was Msgr. Pietro Montore (written Montorio in most modern histories). He became vice- legate in 1604 to serve the customary three year term whic expired on 24 June 1607, although he remained in Avignon until November of that year, awaiting the arrival of his successor Msgr. Giuseppe Ferreri. When Vincent wrote in his second letter that the legate, after learning some of the old alchemist&#8217; s tricks, was more delighted than if &#8220;io le avesse datto un monte di oro&#8221; (&#8220;I had given him a mountain of gold&#8221;), he was apparently making a pun on the legate&#8217;s narre.<\/p>\n<p>In addition to these bare facts there is other evidence that dates from the eighteenth century.<\/p>\n<p>1) In the Mus\u00e9e Calvet at Avignon there is a manuscript entitled <em>Journal historique et recherches pour servir \u00e1 l&#8217;histoire d&#8217;Avignon <\/em><em>(1170-1740) <\/em>by Joseph-Laurent Drapier. It contains the following en\u00adtry which the author said was taken from the register of the collegiate chapter of the church of Saint-Pierre, Avignon.<\/p>\n<p><em>Monsieur Vincent de Paul, apostolic missionary, brought about the ab\u00ad<\/em><em>juration of a renegade before Msgr. Pietro Montorio, vice-legate of Avignon. The ceremony took place in the parish of Saint-Pierre.<\/em><\/p>\n<p>In the aboye passage the word &#8220;renegade&#8221; has been erased and the phrase &#8220;minister named Guillaume Gautier, who had been a priest and a Franciscan&#8221; substituted. After this entry, someone has added, &#8220;M. Vincent de Paul was afterward canonized&#8221;. This last entry would obviously have to be after 1737. Drapier did not give a date for the recantation but the mention of Montorio would put it within the period 1604-1607.<\/p>\n<p>2) Another manuscript history, <em>Notes sur l&#8217;histoire d&#8217;Avignon: dix\u00ad<\/em><em>huiti\u00e9me si\u00e9cle\u201e <\/em>by Canon Massilian, contains the following: <em>1607. 29 June. Saint Vincent de Paul, having converted a renegade, <\/em><em>brought about his abjuration in the church of Saint-Pierre, 29 June 1607, at <\/em><em>the hands of Msgr. Pietro de Montorio, vice-legate of Avignon, who was pres\u00adent there, during the office of Saint Peter.<\/em><\/p>\n<p>3) The <em>Delib\u00e9rations du Chapitre de Saint-Pi erre d&#8217;Avignon: registre du <\/em><em>XVIIIe si\u00e9cle, <\/em>after describing some abjurations that took place on 29 June 1775, adds, &#8220;At the beginning of the last century, Saint Vin\u00adcent de Paul brought about the same thing in our church, on the same day, before Msgr. Pietro Francesco de Montorio, Bishop of Nicastro, vice-legate of Avignon.<\/p>\n<p>All three of these documents agree in crediting Saint Vincent with the reconciliation of a renegade but without giving the narre of the renegade (if we temporarily leave aside the insertion about Guillaume Gautier) or the circumstances of the abjuration. All three agree that the abjuration occurred during the term of Montorio and two specify it as 29 June 1607. All three date from the eighteenth century and rely on a common source, the book of deliberations of the chapter of Saint-Pierre, a book now lost. Hence the three documents are no more reliable than their source.<\/p>\n<p>At this stage of the discussion, however, two points must be stressed. First, the date of 29 June 1607, if accurate, presents grave difficulties for Vincent&#8217;s account. It would mean that Vincent and his convert, after an exhausting and lengthy journey across the Mediterranean in a small boat, immediately left Aigues-Mortes for Marseille where, without any investigation, the renegade was recon\u00adciled in a formal ceremony. Second, the insertion that identifies the renegade as Guillaume Gautier must be rejected.<\/p>\n<p>Where did this Gautier come from? In a book called <em>Conclusions <\/em><em>capitulaires du Chapitre de Saint-Pierre, <\/em>which was discoverd in the eight\u00adeenth century, is to be found the following entry.<\/p>\n<p><em>On Saint Peter&#8217;s day, 29 June 1608, the Most Illustrious and Most <\/em><em>Reverend Msgr. Giuseppe Ferreri, Archbishop of Urbino and vice-legate of <\/em><em>Avignon, chanted the Pontifical Mass and presided at Second Vespers, having <\/em><em>beforehand publicly received in the same church a Calvinist minister named <\/em><em>Guillaume Gautier, who had been a priest in the Franciscan order.<\/em><\/p>\n<p>If we temporarily put aside the dubious insertion previously mentioned, the differences are obvious. This document identifies a renegade named Gautier. It puts the abjuration a full year after Vincent&#8217;s return. It says that the abjuration took place before Montorio&#8217;s successor.\u00a0 It makes no mention of Vincent de Paul. How, then, did Gautier become identified with the renegade of Vincent&#8217;s account? In 1757 Collet visited Avignon and made the acquaintance of a prominent local historian, Joseph-Louis-Dominique\u00a0de Cambis, the Marquis de Velleron. The latter showed him the en\u00adtry concerning Gautier and perhaps some of the others\u2014we do not know for sure. Whichever ones Collet saw, he quickly concluded that Gautier was Vincent&#8217;s renegade. In an abridged edition of his biography published at Avignon in 1762, Collet identified the renegade as Gautier and added, &#8220;I learned this bit of information on the spot in 1757 from the virtuous and learned M. le Marquis de Cambis. Gautier was reconciled to the Church on 29 June 1608. M. Ferreri had succeeded Pietro Montorio in 1607.&#8221; Collet seemed not at all bothered about the discrepancy in dates. It is now almost impossible to say what led him to make the identification.<\/p>\n<p>Cambis was taken aback by this identification and hastened to disabuse Collet. He pointed out that the date of 29 June 1608 made it impossible because it was a full year after the return. Equally im\u00adpossible was the date of 29 June 1607 because it would have meant that Vincent and his companion, after their Mediterranean journey, set out for Avignon on the very day of their arrival at Aigues-Mortes, &#8220;a good twelve leagues away&#8221;. Even in the eighteenth century the journey was a day and a half by coach. Cambis also pointed out that it would be doubtful that such a reconciliation would have taken place without extensive preliminary investigation. Cambis noted that he found no trace of the abjuration of Vincent&#8217;s renegade in the records of the Holy Office. He did not mention another obvious fact: Gautier was a reconvert from Calvinism, not Islam.<\/p>\n<p>Collet was now faced with an insuperable problem of chronology but he was unwilling to give up the identification. His solution was simplicity itself. In the next edition of his abridged life (Paris, 1764), he backdated Saint Vincent&#8217;s arrival at Aigues-Mortes to 18 June. This identification has had remarkable staying power and can still be found in even recent histories.<\/p>\n<p>The conclusions to be drawn from this are:<\/p>\n<ol>\n<li>There is no way of knowing the name of Vincent&#8217;s renegade or the precise day when the abjuration took place. If it did occur, it was during the terco of Montorio.<\/li>\n<li>There is a later tradition that Vincent was involved in the reconciliation of a renegade at Avignon on 29 June 1607. The inser\u00adtion of the name of Guillaume Gautier into this tradition must be rejected and may even have resulted from Collet&#8217;s erroneous iden\u00adtification. There is no way of evaluating the validity of this tradition but if it is true, it casts suspicion on Vicent&#8217;s claim to have arrived at Aigues-Mortes on 28 June.<\/li>\n<\/ol>\n<p>There the matter stood until the twentieth century.<\/p>\n<p>In 1926 a young French author named Antoine Redier was search\u00ading for a subject for a biography. Since biographies of saint were fashionable and potentially profitable, he decided to write a life of Saint Vincent de Paul. He acknowledged that his motives were less than spiritual and that he hunted for the topic as he would for an apartment. In search of information, he sought out Father Pierre Coste, C.M., the acknowledged authority on Saint Vincent. Coste had recently published his monumental edition of the <em>Correspondance, <\/em><em>Entretiens, Documents, <\/em>thus for the first time bringing together in one place the sources of the Saint&#8217;s life. Five years after this he would publish his biography, <em>Monsieur Vincent: le grand saint du grand si\u00e9cle. <\/em>Redier, whose own account of his dealings with Coste is manifestly self-serving, said that he was the first person to make use of the CED, that he worked under Coste&#8217;s direction &#8220;dans sa cellule et sous son regard&#8221;, and that Coste told him that he would have the unique privilege of writing the &#8220;true life&#8221; of Saint Vincent de Paul. And that is what Redier would title his book, <em>La oraie vie de Saint Vincent <\/em><em>de Paul. <\/em><\/p>\n<p>Redier went to Dax and to the Berceau in search of background. During his stay there he was surprised to learn from one of the Vincentian priests that Father Coste did not believe in the truth of Vincent&#8217;s captivity account. On his return to Paris, Redier asked Coste about this and claimed to have received an affirmative answer. The principal reason was Saint Vincent&#8217;s inexplicable silence over the matter and his frenzied attempts to regain possession of the let\u00adters. Coste did not think that humility, the most frequently alleged reason for the silence, was persuasive. When Redier eventually published his biography, however, he contented himself with saying that the letters contained a mingling of the true and the false.<\/p>\n<p>Redier&#8217;s comment aroused the interest of Pierre Grandchamp, chief of the <em>Residence G\u00e9n\u00e9rale <\/em>of Tunis, a prominent historian who in 1927 was preparing to publish the sixth volume of his series called <em>La France en Tunisie \u00e0 la fin du seizi\u00e8me siecle et au dix-huiti\u00e8me siecle. <\/em>He secured a photocopy of Vincent&#8217;s letters from Coste and put his evaluation of them into the forward to his book. It was later printed separately as &#8220;La pretendue captivit\u00e9 de Saint Vincent de Paul \u00e1 Tunis (1605-1607)&#8221;. Though he was careful to emphasize that his rejection of the truth of the accounts did not reflect on the later Vincent, who was indeed a saint and a French national hero, his work aroused heated controversy. The first response was in newspaper and journal reviews and later in letters, anides and books. That the debate should have been found in the papes of <em>L&#8217;Ami du Clerg\u00e9 <\/em>is a understandable but that it should also agitated <em>Le Tunisie Socialiste <\/em>is a remarkable testimony to Saint Vincent&#8217;s stature in France. So strong were the reactions that in 1929 Grandchamp had to publish his <em>Obser\u00ad<\/em><em>vations Nouvelles<\/em>.<\/p>\n<p>When Coste&#8217;s life of Saint Vincent appeared in 1931, the con\u00adtroversy aroused by Grandchamp&#8217;s articles was at full heat. Coste dealt with the question in a lengthy footnote. (36) His response to Grandchamp was somewhat confusing, especially with regard to the identification of the renegade with Guillaume Gautier. The strongest argument he used against the Grandchamp thesis was the one that troubled him the most: the psychological one. What was the motive that Vincent would have had for such a complex web of deceit, especially when it would have involved deceiving his own mother? In general, however, Coste did what he supposedly told Redier he would do: he gave a weak defense of a position that he did not really believe.<\/p>\n<p>The first lengthy attempt at rebuttal on the part of a Vincen\u00adtian was the book <em>Captivit\u00e9 et oeuvres de Saint Vincent de Paul en Barbarie <\/em>by Father Raymond Gleizes, C.M. (Paris, 1930). The book dealt both with the controversy over the captivity and with the other works of Saint Vincent in North Africa. Gleizes, who had had personal experience there, was not a professional historian and so the book was not very effective. In 1937 Father Joseph Giuchard, C.M., at\u00adtempted a more thoroughgoing refutation in his work <em>Saint Vincent <\/em><em>de Paul, esclave \u00e1 Tunis <\/em>(Paris, 1937). The book was massive and thorough but was justly criticized as being a collection of undigested data. Grandchamp replied with a harsh review in the <em>Revue Tuni\u00ad<\/em><em>sienne, <\/em>January 1938. A more persistent critic of Guichard was Father Pierre Debongnie, C.SS.R., professor of church history at the Univer\u00adsity of Louvain who wrote a series of articles on Saint Vincent for the <em>Revue d&#8217;Histoire Eccl\u00e9siasti que <\/em>from 1936 to 1963. Jean Calvet, in his life of Saint Vincent de Paul (1948) sided with the traditional account.<\/p>\n<p>The cudgels were taken up anew in 1960 by Father G.F. Rossi, C.M., of the Collegio Alberoni in Piacenza, Italy, in an article ti\u00adtled &#8220;La schavit\u00fa di San Vincenzo de&#8217; Paoli \u00e9 un fatto storico,&#8221; <em>Divus <\/em><em>Thomas, <\/em>LXIII (1960), 468-522. The article was verbose and Rossi showed little historical awareness or critical sense in approaching any of the data. Worse was the polemical and personal tone of the article in the <em>Reme. <\/em>It was also in 1960 that Father Andr\u00e9 Dodin, C.M., published his .<em>Saint Vincent de Paul et la charit\u00e9 <\/em>(Paris, 1960) in which he somewhat tentatively allied himsef with the revisionist school. He appears to have been the first Vincentian of scholarly repute to have doubted in print the veracity of Vincent&#8217;s story. In 1966 the con\u00adtroversy carne full circle when the <em>Cahiers de Tunisie <\/em>reprinted all of Grandchamp&#8217;s articles. The latest contributions to the half century of controversy has been the article by Professor Guy Turbet-Delof of the University of Bordeaux, &#8220;Saint Vincent de Paul, a-t-il \u00e9t\u00e9 esclave \u00e1 Tunis?&#8221; <em>Revue d&#8217;Histoire de l&#8217;Eglise de France, <\/em>LVIII (1972), 329-340, and &#8220;Saint Vincent de Paul et la Barbarie en 1657-1658, <em>Revue de l&#8217;Occident Musulman et de la Mediterran\u00e9e <\/em>(ler semestre, 1967), 153-165. The former concludes that the Tunisian adventure could easily have occurred as Saint Vincent described it and the special value of the latter is that it supplies a plausible explanation for Saint Vincent&#8217;s desire to destroy the two letters.<\/p>\n<p>What were Grandchamp&#8217;s arguments that provoked what one anonymous critic called &#8220;this painful polemic!&#8221;. A detailed con\u00adsideration would be too long for this paper. Let us look at them in a general way by dividing them into three categories.<\/p>\n<\/div>\n<p>The first are the arguments from silence, that is, from the lack of references, documentation, or expected results. Thus, Grandchamp pointed out that there were no written references to the combat in the waters off Provence, nothing further was said about Vincent&#8217;s companions (including the gentleman who persuaded him to make the voyage), no mention of the subsequent fate of the ship that he was on, Vincent&#8217;s failure to make contact with the French consul in Tunis, the failure to say anything further about the Turkish wife who aided him in his escape. Grandchamp&#8217;s critics were not slow to point out the weakness of such argumentation. Coste, on the other hand, believed that the accumulated silences ammounted to a positive argument.<\/p>\n<p>The second category of arguments was based on Vincent&#8217;s sup\u00adposed ignorance of Tunis and things Moslem, e.g. , the freedom with which the Moslem wives of the renegade spoke to him, the fact that his description of the acts of the corsairs did not tally with known data, that Vincent apparently describes Tunis as a seaport when it is actually on an inland lake, that contrary to Vincent&#8217;s statement all land did not belong to the Sultan, and his use of the word <em>temat <\/em>to characterize a non-hereditary fief.<\/p>\n<p>The third category, and probably the most damaging, was the difficulty of reconciling Vincent&#8217;s account with some known data, specifically the chronology of his sale to the last master and his escape. He states that Savary de Breves &#8220;was coming&#8221; <em>(venait) <\/em>to ransom captives when in fact he has already departed from Tunis.<\/p>\n<p>One thing is clear: almost all the arguments, both for and against the veracity of Vincent de Paul&#8217;s story are based on internal evidence, that is, on the intrinsic reliability, accuracy, and probability of what is found in the letters themselves. Thus authorities have been able to look at identical data and arrive at diametrically opposed conclusions.<\/p>\n<p>Will it ever be possible to arrive at a resolution of this problem? An affirmative answer can be given only if it if possible to link Vin\u00adcent&#8217;s account to some known facts. It is my belief that this can be done.<\/p>\n<p>The key, I believe, is to be found in the question of Vincent&#8217;s visit to Rome in 1608, as described in his letter of 28 February of that year. If it can be demonstrated that Vincent was not in Rome in that year, then it can be presumed that the story of the Tunisian captivity is equally false.<\/p>\n<p>We have already pointed out that Saint Vincent was definitely in Rome about the year 1601 and before the death of Clement VIII in 1605. The pope had proclaimed a jubilee from January 1600 to January 1601. There are five different references to that trip, all of which we have cited earlier. There is no reference in all of the CED to any other stay in Rome or one in the years 1607 or 1608. His silence on this score is absolute as his silence on the captivity. The most commonly alleged motive for the latter silence is humility. This would not apply to his silence on the Roman stay. He did not ex\u00adplain why he went there the first time nor did anyone ask him. The same could easily have been done with regard to the second journey. This silence is even more inexplicable than his silence about the cap\u00adtivity.<\/p>\n<p>In his letter from Rome, Vincent wrote:<\/p>\n<p><em>Il n&#8217;y rien de nouveau que je vous puisse \u00e9crire, fors la conversion de trois familles tartares, qui se sont venues christianiser en cette ville, que Sa Saintet\u00e9 re\u00e7ut la larme \u00e1 l&#8217;oeil, et la catholisation d&#8217;un \u00e9v\u00eaque ambas\u00adsadeur, tour les Grecs schismatiques.<\/em><\/p>\n<p>While the conversion of three Tartar families may not have left a permanent imprint in Vatican records, surely the reconciliation of a schismatic bishop who was also acting as an ambassador for Or\u00adthodoxy must have beert noted somewhere.<\/p>\n<p>The fact is that such an event reflects the Rome of Clement VIII&#8217; s jubilee year more than it does the Rome of Paul V in 1608. Clement VIII had been deeply involved in efforts, with uneven suc\u00adcess, to bring about reunion with some of the schismatic churches. Conversions and reconciliations were a major feature of the jubilee. There is no evidence of such activity, at least to the same degree, in 1608. <em>If <\/em>Saint Vincent&#8217;s second letter is not truthful and he was not in Rome, it may well be that he inserted an event from his first, visit in order to give verisimilitude to his statements. Hence it would also be more probable that the pope who received the three families &#8220;la larme a l&#8217;oeil&#8221; would be Clement VIII who had the gift of tears in such abundante and bathed the Scala Santa with them.<\/p>\n<p>It is my personal belief that Vincent de Paul was never in Tunisia and never made a second visit to Rome, that the letters were a hoax designed to cover up his disappearance at a time of heavy debts.<\/p>\n<h2><strong>Part III: The road to sanctity, 1609-1617<\/strong><\/h2>\n<p>Some time between 1608 and 1610 Saint Vincent de Paul went to Paris. Between his arrival and the first sermon of the mission, 25 January 1617, he underwent a period of accelerated spiritual growth that set him firmly on the road to sainthood and which some have called &#8220;conversion&#8221;.<\/p>\n<p>What does conversion mean? For our purposes it can be defin\u00aded in three ways.<\/p>\n<p>1) A transition from a state of unbelief to one of belief, from non-Christian to Christian, from non-Catholic to Catholic. Obviously there is no question of such a conversion in the life of Saint Vincent.<\/p>\n<p>2) A change from an irregular or sinful life to one of practicing Christianity. In the case of saints this will develop into sanctity, as in the case of Saint Augustine. Again, the evidence does not support such a conversion in the life of Saint Vincent.<\/p>\n<p>3) A change from being a good but ordinary Christian to the state of heroic sanctity. This involves a decision or change of life and attitudes that would lead from a state of acceptable but hardly outstand\u00ading goodness to a state of heroic sanctity. It differs from a more gradual growth in holiness in that it involves a definite shift in a way of life, a movement away from an earlier path, perhaps as the result of some event or occurrence in a person&#8217; s life. From the historical point of view, this is the only definition applicable to Saint Vincent&#8217;s life.<\/p>\n<p>Is there justification for speaking of a conversion in the life of Saint Vincent? Most modern scholars have answered in the affirm\u00adative. There is less agreement, however, about when it took place or under what circumstances.<\/p>\n<p>Coste does not treat the matter as such. He does mention that<\/p>\n<p>&#8220;Vincent de Paul, on le voit, n&#8217;\u00e9tait d\u00e9ja plus en 1611 tel que le peint la lettre qu&#8217;il \u00e9crivait \u00e1 sa m\u00e9re l&#8217;ann\u00e9e pr\u00e9c\u00e9dente.&#8221; The letter he refers to is that of Saint Vincent to his mother, 17 February 1610, in which he talks about his concern for his family and for secur\u00ading a good benefice. It will be mentioned later.<\/p>\n<p>Redier sees the conversion as having taken place in the years 1610\/1611 after Saint Vincent had become chaplain to the retired Queen Marguerite, at which time he began to have a sharper view of the vanity of the world. Pierre Debongnie cites the incident of the falce accusation of theft by the Judge of Sore as the event that set Vincent firmly on the road to sancity. He says that this had to occur some time in late 1610 or early 1611 and views it as a com\u00adplete rupture with the past. Father Defrennes, on the other hand, considers the key event toi be the long temptation against faith, possibly three or four years, that followed on the help given to the doctor of theology.<\/p>\n<p>Other authors do not feel that it can be dated so presisely. The Abb\u00e9 Br\u00e9mond situates it generically between 1610 and 1620. Father Dodin feels that it is rash, in the present state of documeta\u00adtion, to try to fix the date too precisely. He sees it as happening be\u00adtween 1613 and 1617. He also believes that it was an acceleration of an evolutionary rhythm already at work.<\/p>\n<p>Let us study this matter in more detail. In order to do so, we will look at the know events in Saint Vincent&#8217;s life between 1610 and 1617. To begin with, we shall deal with those incidents that can be dated in some fashion and then go to those whose dates are uncertain.<\/p>\n<p>We do not know exactly when Saint Vincent de Paul arrived in Paris\u2014or why. Father Dodin dates it in September 1608, Father Coste at some unknow time in 1609. Most modern authors join Coste in rejecting Abelly&#8217;s story that Saint Vincent went to Paris on a secret mission from the pope to King Henry IV. The first clear date for his Paris stay is 17 February 1610, when he wrote to his mother in Pouy. In this well-know letter, he expressed his delire to secure a good benefice and to live out the rest of his days near her. In sharp contrast with his attitudes in later life, he was largely concerned with his family and the fortunes of his brothers, sisters, nephews and other relatives. The next letter from Saint Vincent will be dated six years later, by which time a definite change will have taken place. Still, as Coste says, &#8220;la situation de Vincent de Paul ne semble pas bien brilliante&#8221;. A few days after this letter, however, he was enrolled as a chaplain to the retired Queen Marguerite of Valois, the former wife of Henry IV. His prin\u00adcipal duty consisted of distributing alms for the ex-queen.<\/p>\n<p>Although it is impossible to date precisely the first meeting of Vincent de Paul with Pierre de Berulle, it seems that it can have been no later than 1610. The future saint soon took him as a spiritual direc\u00adtor and the influence was strong and lasting. The basic ideas of Berulle will be dealt with by other speakers at these conferences. Close to this time also we can place his first contacts with Andr\u00e9 Duval, whose influence may have been even longer-lasting than that of Berulle. There is not doubt that both men were important during these for\u00admative years of Vincent&#8217;s vocation.<\/p>\n<p>We know from documentation a few months later that he was near the royal palace. (50). This documentation, dated 17 May 1610, granted him the Cistercian Abbey of Saint Leonard des Chaumes in the Diocese of Saintes. Vincent had his long awaited benefice but it did not bring him nearly the income that he needed or wanted. Perhaps what is more significat is that now that he had two ec clesiastical positions, there is no evidence of any attempt to help his family financially, as he indicated he wanted to do in his letter to his mother.<\/p>\n<p>The next dated occurence is even more important. On 20 Oc\u00adtober 1611, almost a year and a half gaining the abbey of Saint Leonard, Saint Vincent made a gift of 15,000 <em>liares <\/em>to the hospital of the Brothers of Saint John of God in Paris. The money had been given to him by John Latanne (or de la Thane), the master of the Paris mint <em>(maitre particulier de la monnai e en cette ville de Paris). <\/em>The ques\u00adtion at issue here, one that has been raised by scholars, is whether or not Saint Vincent was acting on his own or as the representative of de la Thane. Was this done merely in his capacity as chaplain to the queen or had the money actually been given to the Abb\u00e9 de Paul for his own personal use? If the latter is the case, then this would be striking evidence of an advance in santity from the time of the letter of 17 February 1610. Even if, as seems more likely, the former is the case, it still indicates a high degree of trust and some sort of association of Vincent de Paul with a charitable donation. It is in\u00adteresting that this is the last document that identifies Vincent de Paul as a chaplain to Queen Marguerite.<\/p>\n<p>Less than a month after this the Abb\u00e9 de Paul was appointed to the parish of Clichy. The pastor, Francois Bourgoing, like Vin\u00adcent a disciple of B\u00e9rulle, had resigned the parish in Vincent&#8217;s favor at B\u00e9rulle&#8217;s suggestion. For unknow reasons the new pastor did not take possession of the parish until 2 May 1612. The story of his brief sojourn as parish priest of Clichy is well-know. He himself con\u00adfessed that he was happier than the Archbishop of Paris or the pope and he aten looked back on his years there with great affection. It was at Clichy that he first met Antoine Portail. There is no reason to doubt the available evidence that he was an outstanding pastor. His actual stay in the parish lasted only a year. In 1613, at Berulle&#8217;s advice, he accepted a position as chaplain and tutor in the house of the Gondis. It should be noted that he did not give up the parish in Clichy until 1626. During that time he directed it through an administrator and although he made visits, he was essentially an absentee pastor, a not unusual occurrence in those times. He was, in addition, still the abbot of Saint Leonard and now he was also a chaplain and tutor to an aristocratic family. Again, there is no evidence that he tried to help his family.<\/p>\n<p>In 1614, through the instrumentality of the Gondis, Saint Vin\u00adcent was given the parish of Gamaches in the Diocese of Rouen. Very little is know about this appointment, not even if he took possession of it. In the following year he was appointed treasurer and canon of the Chapter of Ecouis, a post over which his patron, M. de Gondi had the right of patronage. Although he did visit Ecouis, he again was essentially an absentee canon. He accepted the post through a procurator and eventually the chapter was to complain about his lack of residence. There is no indication as to when he may have re\u00adsigned from this benefice. Coste says that he probably did not hold it long but Debongnie claims that he kept it for thirty years. A year and a half later, on 29 October 1616, he resigned the Abbey of Saint Leonard. It may be, as Coste said, that he was learning the duties of clergy and growing more aware of what benefices in- volved, but it should also be noted that Saint Leonard was heavily burdened with lawsuits and had apparently not returned the hoped\u00adfor income.<\/p>\n<p>In addition to these events, there are others which are difficult or impossible to date and which play important roles in Saint Vin\u00adcent&#8217;s development. These are the false accusation of the Judge of Sore and the temptation against faith of the doctor of theology.<\/p>\n<p>The incident of the false accusation was given, without excessive detail, by Saint Vincent in a conference of 9 June 1650.<\/p>\n<p><em>Ily a une personne dans la Compagnie qui, \u00e9tant accus\u00e9e d&#8217;avoir vol\u00e9 son compagnon et ayant \u00e9t\u00e9 publi\u00e9e pour telle dans la maison, quoique la chose ne fut pas vraie, ne voulut pourtant jamais s&#8217;en justifier, et pensa en elle-m\u00eame, se voyant ainsi faussement acus\u00e9e, &#8220;Te justifieras-tu? Voil\u00e0 une chose dont tu es accus\u00e9e, qui n&#8217;est pas veritable. Oh! non, dit-elle, s&#8217;\u00e9l\u00e9vant \u00e1 Dieu, il faut que je souffre cela patiemment.&#8221; Et elle le fit ainsi. Qu&#8217;arriva-t-il ensuite? Messieurs, voici ce qui arriva. Six mois apr\u00e8s, celui qui avait vol\u00e9 \u00e9tant \u00e1 cent lieues d&#8217;ici, reconnut sa faute et en \u00e9crivit et demanda pardon.<\/em><\/p>\n<p>Abelly adds far more details. He dates the event in 1609, says that the person who made the accusation as the Judge of Sore and identifies the thief as an apothecary&#8217;s boy. He adds far more details also about the eventual way in which the truth was uncovered. It is significat that Abelly also quotes from a conference of Saint Vin\u00adcent describing the incident, a conference distinct from the one given aboye and now lost. As was his wont, Saint Vincent spoke of the incident in the third person but both times without the wealth of detail given by Abelly. Where did Abelly get these details? Are they ac\u00adcurate? It is difficult now to say.<\/p>\n<p>One aspect of Abelly&#8217;s description that may be questionable is the date he gives, 1609. Although it has been accepted by both Coste and Rom\u00e1n, it can be surmised that it is a bit early for such an act of virtue. Debongnie dates it in 1610 or early 1611.<\/p>\n<p>The divergences between Saint Vincent&#8217;s account of an event and Abelly&#8217;s emerge more strongly in the account of the temptation of faith of a doctor of theology. Abelly quoted the account as given by Saint Vincent in an undated conference. It concerned a famous doctor of theology, who had been the canon theologian in his own diocese and who had become attached to the hous\u00e9 of Queen Marguerite. Because of the excessive leisure that he had, he was as\u00adsailed by temptations against faith. He consulted S. Vincent and told him of his distress, which was so great that he had even temptations to suicide. He had been dispensed from saying his breviary, Mass or any prayer at all. He was advised to turn his hand or point a finger toward Rome or some church as sign of his belief in what the Roman Church taught. The theologian was delivered from these temptations very suddenly after falling seriously ill. He eventually died free of the temptations.<\/p>\n<p>To this story Abelly added further details about the good doc\u00adtor&#8217; s deliverance which he claimed learned <em>&#8220;selon le t\u00e9moignage <\/em><em>qu&#8217;une personne tris-digne de foy en a donn\u00e9 par \u00e9crit, laquelle n&#8217;avoit aucune <\/em><em>connoissance du discours de M. Vincent cy-dessus rapport\u00e9&#8221;<\/em>. According to this witness, Saint Vincent delivered tne man from temptations by asking God to transfer the temptations to him and that he thus suffered from these assaults on faith for some three or four years. During that time he wrote out the creed and put it near his heart, so that whenever he touched it, it would be the equivalent of an act of faith. He also began working with the sick poor of the H\u00f3pital de la Charit\u00e9 in the Faubourg Saint Germain. He was finally delivered when he made a promise to consecrate the rest of his life to the service of the poor.<\/p>\n<p>Abelly&#8217;s elaboration of this story is not without its difficulties. Aside from the unnamed person on whose testimony it relies, he claimed <em>&#8220;il pluisieurs autres de merite et de vertu encore vivantes, qui <\/em><em>ont assur\u00e9 la mesme chose, comme l&#8217;ayant apprise de M. Vincent mesme, qui leur avoit declar\u00e9 en confiance ce qui s&#8217;\u00e9stoit passe \u00e1 son \u00e9gard en cette occasion, pour les porter \u00e1 se servir des mesmes rem\u00e9des&#8230; <\/em>&#8220;. Abelly was writing close to half a century after the events recorded, so there was little or no possibility that there was a contemporary witness to this. There is no other evidence of any promise or vow to serve the poor. What casts a true shadow over the story, however, is again Saint Vincent&#8217;s famed reticence to talk about himself and his own spiritual ex\u00adperiences. Inevitably, if these would have given him honor in any way, he would narrate them in the third person. It is rather unlikely that he would have shared such a personal experience with anyone, even in giving spiritual direction. In view of this, it would be better to restrict ourselves to Saint Vincent&#8217;s own account. (63).<\/p>\n<p>Even if we put aside the second account given by Abelly, we are still faced with a priest who has advanced in virtue enough that he can be consulted on a personal problem by a recognized theological expert. Because of the fact that the theologian was employed by the Queen, apparently at the same as Saint Vincent, we can date it some time in 1610 or early 1611.<\/p>\n<p>How, then, can we judge the incidents of Saint Vincent&#8217;s life in the years 1610-1617 in terms of conversion?<\/p>\n<p>My own belief, and it is little more than that, is that the prin\u00adcipal lines of Saint Vincent&#8217;s spiritual growth were complete by the time he went to Clichy. That would mean that the principal incidents described aboye, including the false accusation which I see as the key one, and his &#8220;great leap forward&#8221; in holiness occurred between 1610 and 1612. The change was not complete. The old line, especially the accumulation of benefices and attachment to his family, were long in disappearing. The essential change, however, had taken place and he was well on the road to sainthood. He was also ready to give the first mission at Folleville.<\/p>\n","protected":false},"excerpt":{"rendered":"<p>The purpose of this paper is to survey the formative years of Saint Vincent de Paul, with special emphasis on his growth in sanc\u00adtity. It will be presented in three parts. The first deals with &#8230; <a href=\"http:\/\/vincentians.com\/en\/saint-vincent-de-paul-1595-1617\/\" class=\"more-link\">Read More<\/a><\/p>\n","protected":false},"author":4,"featured_media":149772,"comment_status":"open","ping_status":"open","sticky":false,"template":"","format":"standard","meta":{"jetpack_post_was_ever_published":false,"_jetpack_newsletter_access":"","_jetpack_dont_email_post_to_subs":false,"_jetpack_newsletter_tier_id":0,"_jetpack_memberships_contains_paywalled_content":false,"_jetpack_memberships_contains_paid_content":false,"footnotes":"","jetpack_publicize_message":"","jetpack_publicize_feature_enabled":true,"jetpack_social_post_already_shared":false,"jetpack_social_options":{"image_generator_settings":{"template":"highway","default_image_id":0,"font":"","enabled":false},"version":2}},"categories":[5],"tags":[],"class_list":["post-58837","post","type-post","status-publish","format-standard","has-post-thumbnail","hentry","category-vincent-de-paul"],"yoast_head":"<!-- This site is optimized with the Yoast SEO plugin v26.3 - https:\/\/yoast.com\/wordpress\/plugins\/seo\/ -->\n<title>Saint Vincent De Paul, 1595-1617 - We are Vincentians<\/title>\n<meta name=\"robots\" content=\"index, follow, max-snippet:-1, max-image-preview:large, max-video-preview:-1\" \/>\n<link rel=\"canonical\" href=\"https:\/\/vincentians.com\/en\/saint-vincent-de-paul-1595-1617\/\" \/>\n<meta property=\"og:locale\" content=\"en_US\" \/>\n<meta property=\"og:type\" content=\"article\" \/>\n<meta property=\"og:title\" content=\"Saint Vincent De Paul, 1595-1617 - We are Vincentians\" \/>\n<meta property=\"og:description\" content=\"The purpose of this paper is to survey the formative years of Saint Vincent de Paul, with special emphasis on his growth in sanc\u00adtity. It will be presented in three parts. The first deals with ... Read More\" \/>\n<meta property=\"og:url\" content=\"https:\/\/vincentians.com\/en\/saint-vincent-de-paul-1595-1617\/\" \/>\n<meta property=\"og:site_name\" content=\"We are Vincentians\" \/>\n<meta property=\"article:publisher\" content=\"https:\/\/www.facebook.com\/WeAreVincentians\/\" \/>\n<meta property=\"article:author\" content=\"https:\/\/www.facebook.com\/JavierChento\" \/>\n<meta property=\"article:published_time\" content=\"2012-12-24T03:55:36+00:00\" \/>\n<meta property=\"article:modified_time\" content=\"2016-07-10T07:38:13+00:00\" \/>\n<meta property=\"og:image\" content=\"https:\/\/i0.wp.com\/vincentians.com\/en\/wp-content\/uploads\/sites\/2\/2016\/07\/st-vincent-de-paul.jpg?fit=1200%2C630&ssl=1\" \/>\n\t<meta property=\"og:image:width\" content=\"1200\" \/>\n\t<meta property=\"og:image:height\" content=\"630\" \/>\n\t<meta property=\"og:image:type\" content=\"image\/jpeg\" \/>\n<meta name=\"author\" content=\"Francisco Javier Fern\u00e1ndez Chento\" \/>\n<meta name=\"twitter:card\" content=\"summary_large_image\" \/>\n<meta name=\"twitter:creator\" content=\"@https:\/\/twitter.com\/javierchento\" \/>\n<meta name=\"twitter:site\" content=\"@WeVincentians\" \/>\n<meta name=\"twitter:label1\" content=\"Written by\" \/>\n\t<meta name=\"twitter:data1\" content=\"Francisco Javier Fern\u00e1ndez Chento\" \/>\n\t<meta name=\"twitter:label2\" content=\"Est. reading time\" \/>\n\t<meta name=\"twitter:data2\" content=\"50 minutes\" \/>\n<script type=\"application\/ld+json\" class=\"yoast-schema-graph\">{\"@context\":\"https:\/\/schema.org\",\"@graph\":[{\"@type\":\"Article\",\"@id\":\"https:\/\/vincentians.com\/en\/saint-vincent-de-paul-1595-1617\/#article\",\"isPartOf\":{\"@id\":\"https:\/\/vincentians.com\/en\/saint-vincent-de-paul-1595-1617\/\"},\"author\":{\"name\":\"Francisco Javier Fern\u00e1ndez Chento\",\"@id\":\"https:\/\/vincentians.com\/en\/#\/schema\/person\/9623ef4d9aa3b2dfb8c061f1499288f2\"},\"headline\":\"Saint Vincent De Paul, 1595-1617\",\"datePublished\":\"2012-12-24T03:55:36+00:00\",\"dateModified\":\"2016-07-10T07:38:13+00:00\",\"mainEntityOfPage\":{\"@id\":\"https:\/\/vincentians.com\/en\/saint-vincent-de-paul-1595-1617\/\"},\"wordCount\":10067,\"commentCount\":0,\"publisher\":{\"@id\":\"https:\/\/vincentians.com\/en\/#organization\"},\"image\":{\"@id\":\"https:\/\/vincentians.com\/en\/saint-vincent-de-paul-1595-1617\/#primaryimage\"},\"thumbnailUrl\":\"https:\/\/i0.wp.com\/vincentians.com\/en\/wp-content\/uploads\/sites\/2\/2016\/07\/st-vincent-de-paul.jpg?fit=1200%2C630\",\"articleSection\":[\"Vincent de Paul\"],\"inLanguage\":\"en-US\",\"potentialAction\":[{\"@type\":\"CommentAction\",\"name\":\"Comment\",\"target\":[\"https:\/\/vincentians.com\/en\/saint-vincent-de-paul-1595-1617\/#respond\"]}]},{\"@type\":\"WebPage\",\"@id\":\"https:\/\/vincentians.com\/en\/saint-vincent-de-paul-1595-1617\/\",\"url\":\"https:\/\/vincentians.com\/en\/saint-vincent-de-paul-1595-1617\/\",\"name\":\"Saint Vincent De Paul, 1595-1617 - We are Vincentians\",\"isPartOf\":{\"@id\":\"https:\/\/vincentians.com\/en\/#website\"},\"primaryImageOfPage\":{\"@id\":\"https:\/\/vincentians.com\/en\/saint-vincent-de-paul-1595-1617\/#primaryimage\"},\"image\":{\"@id\":\"https:\/\/vincentians.com\/en\/saint-vincent-de-paul-1595-1617\/#primaryimage\"},\"thumbnailUrl\":\"https:\/\/i0.wp.com\/vincentians.com\/en\/wp-content\/uploads\/sites\/2\/2016\/07\/st-vincent-de-paul.jpg?fit=1200%2C630\",\"datePublished\":\"2012-12-24T03:55:36+00:00\",\"dateModified\":\"2016-07-10T07:38:13+00:00\",\"breadcrumb\":{\"@id\":\"https:\/\/vincentians.com\/en\/saint-vincent-de-paul-1595-1617\/#breadcrumb\"},\"inLanguage\":\"en-US\",\"potentialAction\":[{\"@type\":\"ReadAction\",\"target\":[\"https:\/\/vincentians.com\/en\/saint-vincent-de-paul-1595-1617\/\"]}]},{\"@type\":\"ImageObject\",\"inLanguage\":\"en-US\",\"@id\":\"https:\/\/vincentians.com\/en\/saint-vincent-de-paul-1595-1617\/#primaryimage\",\"url\":\"https:\/\/i0.wp.com\/vincentians.com\/en\/wp-content\/uploads\/sites\/2\/2016\/07\/st-vincent-de-paul.jpg?fit=1200%2C630\",\"contentUrl\":\"https:\/\/i0.wp.com\/vincentians.com\/en\/wp-content\/uploads\/sites\/2\/2016\/07\/st-vincent-de-paul.jpg?fit=1200%2C630\",\"width\":1200,\"height\":630},{\"@type\":\"BreadcrumbList\",\"@id\":\"https:\/\/vincentians.com\/en\/saint-vincent-de-paul-1595-1617\/#breadcrumb\",\"itemListElement\":[{\"@type\":\"ListItem\",\"position\":1,\"name\":\"Portada\",\"item\":\"https:\/\/vincentians.com\/en\/\"},{\"@type\":\"ListItem\",\"position\":2,\"name\":\"Saint Vincent De Paul, 1595-1617\"}]},{\"@type\":\"WebSite\",\"@id\":\"https:\/\/vincentians.com\/en\/#website\",\"url\":\"https:\/\/vincentians.com\/en\/\",\"name\":\"We are Vincentians\",\"description\":\"Know more to serve more\",\"publisher\":{\"@id\":\"https:\/\/vincentians.com\/en\/#organization\"},\"potentialAction\":[{\"@type\":\"SearchAction\",\"target\":{\"@type\":\"EntryPoint\",\"urlTemplate\":\"https:\/\/vincentians.com\/en\/?s={search_term_string}\"},\"query-input\":{\"@type\":\"PropertyValueSpecification\",\"valueRequired\":true,\"valueName\":\"search_term_string\"}}],\"inLanguage\":\"en-US\"},{\"@type\":\"Organization\",\"@id\":\"https:\/\/vincentians.com\/en\/#organization\",\"name\":\"The Vincentian Network\",\"url\":\"https:\/\/vincentians.com\/en\/\",\"logo\":{\"@type\":\"ImageObject\",\"inLanguage\":\"en-US\",\"@id\":\"https:\/\/vincentians.com\/en\/#\/schema\/logo\/image\/\",\"url\":\"https:\/\/i1.wp.com\/vincentians.com\/en\/wp-content\/uploads\/sites\/2\/2016\/06\/Vincentian-Network-logo-big.png?fit=778%2C778&ssl=1\",\"contentUrl\":\"https:\/\/i1.wp.com\/vincentians.com\/en\/wp-content\/uploads\/sites\/2\/2016\/06\/Vincentian-Network-logo-big.png?fit=778%2C778&ssl=1\",\"width\":778,\"height\":778,\"caption\":\"The Vincentian Network\"},\"image\":{\"@id\":\"https:\/\/vincentians.com\/en\/#\/schema\/logo\/image\/\"},\"sameAs\":[\"https:\/\/www.facebook.com\/WeAreVincentians\/\",\"https:\/\/x.com\/WeVincentians\"]},{\"@type\":\"Person\",\"@id\":\"https:\/\/vincentians.com\/en\/#\/schema\/person\/9623ef4d9aa3b2dfb8c061f1499288f2\",\"name\":\"Francisco Javier Fern\u00e1ndez Chento\",\"image\":{\"@type\":\"ImageObject\",\"inLanguage\":\"en-US\",\"@id\":\"https:\/\/vincentians.com\/en\/#\/schema\/person\/image\/\",\"url\":\"https:\/\/secure.gravatar.com\/avatar\/497d5cde87b4c3d097d0315953521681ba2cd523ee66e5077c3711f7021e65de?s=96&d=mm&r=g\",\"contentUrl\":\"https:\/\/secure.gravatar.com\/avatar\/497d5cde87b4c3d097d0315953521681ba2cd523ee66e5077c3711f7021e65de?s=96&d=mm&r=g\",\"caption\":\"Francisco Javier Fern\u00e1ndez Chento\"},\"description\":\"Director General y cofundador de La Red de Formaci\u00f3n Vicenciana. Javier es laico vicenciano, afiliado a la Congregaci\u00f3n de la Misi\u00f3n y miembro del Equipo de Misiones Populares de la provincia can\u00f3nica de Zaragoza (Espa\u00f1a) de la Congregaci\u00f3n de la Misi\u00f3n. Graduado en la Universidad Oberta de Catalunya con cuatro grados (Asistente de direcci\u00f3n, Gesti\u00f3n Administrativa, Recursos Humanos y Contabilidad Avanzada). Bil\u00edng\u00fce Espa\u00f1ol\/Ingl\u00e9s. gestiona y mantiene varias p\u00e1ginas web cristianas y vicencianas, incluida including La Red de Formaci\u00f3n Vicenciana, de la que es cofundador. Actualmente es responsable del \u00e1rea de Espa\u00f1ol de .famvin, la Red de Noticias de la Familia Vicenciana. Tambi\u00e9n es m\u00fasico cat\u00f3lico y ha editado varios discos. Es Director General y cofundador de Trovador, una reconocida compa\u00f1\u00eda discogr\u00e1fica critiana de Espa\u00f1a. Trabaja en las Tecnolog\u00edas de la Informaci\u00f3n, ofreciendo servicios de alojamiento, dise\u00f1o y mantenimiento Web, as\u00ed como asesoramiento, formaci\u00f3n y soluciones inform\u00e1ticas, gesti\u00f3n documental y digitalizaci\u00f3n de textos, edici\u00f3n y maquetaci\u00f3n de libros, revistas, flyers, etc.\",\"sameAs\":[\"http:\/\/chento.org\",\"https:\/\/www.facebook.com\/JavierChento\",\"https:\/\/x.com\/https:\/\/twitter.com\/javierchento\"],\"url\":\"http:\/\/vincentians.com\/en\/author\/chento\/\"}]}<\/script>\n<!-- \/ Yoast SEO plugin. -->","yoast_head_json":{"title":"Saint Vincent De Paul, 1595-1617 - We are Vincentians","robots":{"index":"index","follow":"follow","max-snippet":"max-snippet:-1","max-image-preview":"max-image-preview:large","max-video-preview":"max-video-preview:-1"},"canonical":"https:\/\/vincentians.com\/en\/saint-vincent-de-paul-1595-1617\/","og_locale":"en_US","og_type":"article","og_title":"Saint Vincent De Paul, 1595-1617 - We are Vincentians","og_description":"The purpose of this paper is to survey the formative years of Saint Vincent de Paul, with special emphasis on his growth in sanc\u00adtity. It will be presented in three parts. The first deals with ... Read More","og_url":"https:\/\/vincentians.com\/en\/saint-vincent-de-paul-1595-1617\/","og_site_name":"We are Vincentians","article_publisher":"https:\/\/www.facebook.com\/WeAreVincentians\/","article_author":"https:\/\/www.facebook.com\/JavierChento","article_published_time":"2012-12-24T03:55:36+00:00","article_modified_time":"2016-07-10T07:38:13+00:00","og_image":[{"width":1200,"height":630,"url":"https:\/\/i0.wp.com\/vincentians.com\/en\/wp-content\/uploads\/sites\/2\/2016\/07\/st-vincent-de-paul.jpg?fit=1200%2C630&ssl=1","type":"image\/jpeg"}],"author":"Francisco Javier Fern\u00e1ndez Chento","twitter_card":"summary_large_image","twitter_creator":"@https:\/\/twitter.com\/javierchento","twitter_site":"@WeVincentians","twitter_misc":{"Written by":"Francisco Javier Fern\u00e1ndez Chento","Est. reading time":"50 minutes"},"schema":{"@context":"https:\/\/schema.org","@graph":[{"@type":"Article","@id":"https:\/\/vincentians.com\/en\/saint-vincent-de-paul-1595-1617\/#article","isPartOf":{"@id":"https:\/\/vincentians.com\/en\/saint-vincent-de-paul-1595-1617\/"},"author":{"name":"Francisco Javier Fern\u00e1ndez Chento","@id":"https:\/\/vincentians.com\/en\/#\/schema\/person\/9623ef4d9aa3b2dfb8c061f1499288f2"},"headline":"Saint Vincent De Paul, 1595-1617","datePublished":"2012-12-24T03:55:36+00:00","dateModified":"2016-07-10T07:38:13+00:00","mainEntityOfPage":{"@id":"https:\/\/vincentians.com\/en\/saint-vincent-de-paul-1595-1617\/"},"wordCount":10067,"commentCount":0,"publisher":{"@id":"https:\/\/vincentians.com\/en\/#organization"},"image":{"@id":"https:\/\/vincentians.com\/en\/saint-vincent-de-paul-1595-1617\/#primaryimage"},"thumbnailUrl":"https:\/\/i0.wp.com\/vincentians.com\/en\/wp-content\/uploads\/sites\/2\/2016\/07\/st-vincent-de-paul.jpg?fit=1200%2C630","articleSection":["Vincent de Paul"],"inLanguage":"en-US","potentialAction":[{"@type":"CommentAction","name":"Comment","target":["https:\/\/vincentians.com\/en\/saint-vincent-de-paul-1595-1617\/#respond"]}]},{"@type":"WebPage","@id":"https:\/\/vincentians.com\/en\/saint-vincent-de-paul-1595-1617\/","url":"https:\/\/vincentians.com\/en\/saint-vincent-de-paul-1595-1617\/","name":"Saint Vincent De Paul, 1595-1617 - We are Vincentians","isPartOf":{"@id":"https:\/\/vincentians.com\/en\/#website"},"primaryImageOfPage":{"@id":"https:\/\/vincentians.com\/en\/saint-vincent-de-paul-1595-1617\/#primaryimage"},"image":{"@id":"https:\/\/vincentians.com\/en\/saint-vincent-de-paul-1595-1617\/#primaryimage"},"thumbnailUrl":"https:\/\/i0.wp.com\/vincentians.com\/en\/wp-content\/uploads\/sites\/2\/2016\/07\/st-vincent-de-paul.jpg?fit=1200%2C630","datePublished":"2012-12-24T03:55:36+00:00","dateModified":"2016-07-10T07:38:13+00:00","breadcrumb":{"@id":"https:\/\/vincentians.com\/en\/saint-vincent-de-paul-1595-1617\/#breadcrumb"},"inLanguage":"en-US","potentialAction":[{"@type":"ReadAction","target":["https:\/\/vincentians.com\/en\/saint-vincent-de-paul-1595-1617\/"]}]},{"@type":"ImageObject","inLanguage":"en-US","@id":"https:\/\/vincentians.com\/en\/saint-vincent-de-paul-1595-1617\/#primaryimage","url":"https:\/\/i0.wp.com\/vincentians.com\/en\/wp-content\/uploads\/sites\/2\/2016\/07\/st-vincent-de-paul.jpg?fit=1200%2C630","contentUrl":"https:\/\/i0.wp.com\/vincentians.com\/en\/wp-content\/uploads\/sites\/2\/2016\/07\/st-vincent-de-paul.jpg?fit=1200%2C630","width":1200,"height":630},{"@type":"BreadcrumbList","@id":"https:\/\/vincentians.com\/en\/saint-vincent-de-paul-1595-1617\/#breadcrumb","itemListElement":[{"@type":"ListItem","position":1,"name":"Portada","item":"https:\/\/vincentians.com\/en\/"},{"@type":"ListItem","position":2,"name":"Saint Vincent De Paul, 1595-1617"}]},{"@type":"WebSite","@id":"https:\/\/vincentians.com\/en\/#website","url":"https:\/\/vincentians.com\/en\/","name":"We are Vincentians","description":"Know more to serve more","publisher":{"@id":"https:\/\/vincentians.com\/en\/#organization"},"potentialAction":[{"@type":"SearchAction","target":{"@type":"EntryPoint","urlTemplate":"https:\/\/vincentians.com\/en\/?s={search_term_string}"},"query-input":{"@type":"PropertyValueSpecification","valueRequired":true,"valueName":"search_term_string"}}],"inLanguage":"en-US"},{"@type":"Organization","@id":"https:\/\/vincentians.com\/en\/#organization","name":"The Vincentian Network","url":"https:\/\/vincentians.com\/en\/","logo":{"@type":"ImageObject","inLanguage":"en-US","@id":"https:\/\/vincentians.com\/en\/#\/schema\/logo\/image\/","url":"https:\/\/i1.wp.com\/vincentians.com\/en\/wp-content\/uploads\/sites\/2\/2016\/06\/Vincentian-Network-logo-big.png?fit=778%2C778&ssl=1","contentUrl":"https:\/\/i1.wp.com\/vincentians.com\/en\/wp-content\/uploads\/sites\/2\/2016\/06\/Vincentian-Network-logo-big.png?fit=778%2C778&ssl=1","width":778,"height":778,"caption":"The Vincentian Network"},"image":{"@id":"https:\/\/vincentians.com\/en\/#\/schema\/logo\/image\/"},"sameAs":["https:\/\/www.facebook.com\/WeAreVincentians\/","https:\/\/x.com\/WeVincentians"]},{"@type":"Person","@id":"https:\/\/vincentians.com\/en\/#\/schema\/person\/9623ef4d9aa3b2dfb8c061f1499288f2","name":"Francisco Javier Fern\u00e1ndez Chento","image":{"@type":"ImageObject","inLanguage":"en-US","@id":"https:\/\/vincentians.com\/en\/#\/schema\/person\/image\/","url":"https:\/\/secure.gravatar.com\/avatar\/497d5cde87b4c3d097d0315953521681ba2cd523ee66e5077c3711f7021e65de?s=96&d=mm&r=g","contentUrl":"https:\/\/secure.gravatar.com\/avatar\/497d5cde87b4c3d097d0315953521681ba2cd523ee66e5077c3711f7021e65de?s=96&d=mm&r=g","caption":"Francisco Javier Fern\u00e1ndez Chento"},"description":"Director General y cofundador de La Red de Formaci\u00f3n Vicenciana. Javier es laico vicenciano, afiliado a la Congregaci\u00f3n de la Misi\u00f3n y miembro del Equipo de Misiones Populares de la provincia can\u00f3nica de Zaragoza (Espa\u00f1a) de la Congregaci\u00f3n de la Misi\u00f3n. Graduado en la Universidad Oberta de Catalunya con cuatro grados (Asistente de direcci\u00f3n, Gesti\u00f3n Administrativa, Recursos Humanos y Contabilidad Avanzada). Bil\u00edng\u00fce Espa\u00f1ol\/Ingl\u00e9s. gestiona y mantiene varias p\u00e1ginas web cristianas y vicencianas, incluida including La Red de Formaci\u00f3n Vicenciana, de la que es cofundador. Actualmente es responsable del \u00e1rea de Espa\u00f1ol de .famvin, la Red de Noticias de la Familia Vicenciana. Tambi\u00e9n es m\u00fasico cat\u00f3lico y ha editado varios discos. Es Director General y cofundador de Trovador, una reconocida compa\u00f1\u00eda discogr\u00e1fica critiana de Espa\u00f1a. Trabaja en las Tecnolog\u00edas de la Informaci\u00f3n, ofreciendo servicios de alojamiento, dise\u00f1o y mantenimiento Web, as\u00ed como asesoramiento, formaci\u00f3n y soluciones inform\u00e1ticas, gesti\u00f3n documental y digitalizaci\u00f3n de textos, edici\u00f3n y maquetaci\u00f3n de libros, revistas, flyers, etc.","sameAs":["http:\/\/chento.org","https:\/\/www.facebook.com\/JavierChento","https:\/\/x.com\/https:\/\/twitter.com\/javierchento"],"url":"http:\/\/vincentians.com\/en\/author\/chento\/"}]}},"jetpack_publicize_connections":[],"jetpack_featured_media_url":"https:\/\/i0.wp.com\/vincentians.com\/en\/wp-content\/uploads\/sites\/2\/2016\/07\/st-vincent-de-paul.jpg?fit=1200%2C630","jetpack_sharing_enabled":true,"jetpack_shortlink":"https:\/\/wp.me\/p7K2Ow-fiZ","jetpack-related-posts":[{"id":52361,"url":"http:\/\/vincentians.com\/en\/the-founders-historical-context-chronology-of-events\/","url_meta":{"origin":58837,"position":0},"title":"The founders&#8217; historical context: chronology of events","author":"Francisco Javier Fern\u00e1ndez Chento","date":"January 20, 2016","format":false,"excerpt":"SAINT VINCENT POLITICS RELIGION ARTS & LITERATURE 1581 Birth of SVP in Pouy (Landes) Birth of Saint-Cyran Montaigne, Essays 1582 Death of Saint Teresa of Avila 1585 Death of Gregory XIII and election of Sixtus V, Birth of Francois Bourgoing 1588 General situation in Blois, Assassination of the Duke de\u2026","rel":"","context":"In &quot;At the time of Vincent de Paul&quot;","block_context":{"text":"At the time of Vincent de Paul","link":"http:\/\/vincentians.com\/en\/category\/history-of-the-vincentian-family\/at-the-time-of-vincent-de-paul\/"},"img":{"alt_text":"","src":"https:\/\/i0.wp.com\/vincentians.com\/en\/wp-content\/uploads\/sites\/2\/2016\/01\/vincent-louise.jpg?fit=1200%2C630&resize=350%2C200","width":350,"height":200,"srcset":"https:\/\/i0.wp.com\/vincentians.com\/en\/wp-content\/uploads\/sites\/2\/2016\/01\/vincent-louise.jpg?fit=1200%2C630&resize=350%2C200 1x, https:\/\/i0.wp.com\/vincentians.com\/en\/wp-content\/uploads\/sites\/2\/2016\/01\/vincent-louise.jpg?fit=1200%2C630&resize=525%2C300 1.5x, https:\/\/i0.wp.com\/vincentians.com\/en\/wp-content\/uploads\/sites\/2\/2016\/01\/vincent-louise.jpg?fit=1200%2C630&resize=700%2C400 2x, https:\/\/i0.wp.com\/vincentians.com\/en\/wp-content\/uploads\/sites\/2\/2016\/01\/vincent-louise.jpg?fit=1200%2C630&resize=1050%2C600 3x"},"classes":[]},{"id":41990,"url":"http:\/\/vincentians.com\/en\/vincentian-family-tree\/","url_meta":{"origin":58837,"position":1},"title":"Vincentian Family Tree","author":"Francisco Javier Fern\u00e1ndez Chento","date":"January 6, 2016","format":false,"excerpt":"Catholic Institutes of Consecrated Life And Societies of Apostolic Life 1.1 Institutes founded by Vincent de Paul. FRANCE Congregation of the Mission (Lazarists or Vincentian Fathers and Brothers) Company of the Daughters of Charity of Saint Vincent de Paul, Servants of the Sick Poor (Grey Sisters) 1.2 Institutes which adopted\u2026","rel":"","context":"In &quot;Branches&quot;","block_context":{"text":"Branches","link":"http:\/\/vincentians.com\/en\/category\/the-vincentian-family\/branches\/"},"img":{"alt_text":"","src":"https:\/\/i0.wp.com\/vincentians.com\/en\/wp-content\/uploads\/sites\/2\/2016\/01\/family-tree.jpg?fit=1200%2C630&resize=350%2C200","width":350,"height":200,"srcset":"https:\/\/i0.wp.com\/vincentians.com\/en\/wp-content\/uploads\/sites\/2\/2016\/01\/family-tree.jpg?fit=1200%2C630&resize=350%2C200 1x, https:\/\/i0.wp.com\/vincentians.com\/en\/wp-content\/uploads\/sites\/2\/2016\/01\/family-tree.jpg?fit=1200%2C630&resize=525%2C300 1.5x, https:\/\/i0.wp.com\/vincentians.com\/en\/wp-content\/uploads\/sites\/2\/2016\/01\/family-tree.jpg?fit=1200%2C630&resize=700%2C400 2x, https:\/\/i0.wp.com\/vincentians.com\/en\/wp-content\/uploads\/sites\/2\/2016\/01\/family-tree.jpg?fit=1200%2C630&resize=1050%2C600 3x"},"classes":[]},{"id":106901,"url":"http:\/\/vincentians.com\/en\/saint-vincent-de-paul-1600-1614-a-psycho-spiritual-study\/","url_meta":{"origin":58837,"position":2},"title":"Saint Vincent De Paul 1600-1614, A Psycho-spiritual Study","author":"Francisco Javier Fern\u00e1ndez Chento","date":"May 16, 2015","format":false,"excerpt":"Introduction In this study we will look at Vincent\u2019s life from his ordination in 1600 to the time he vowed to serve the poor in 1614. For the sake of clarity we will divide these 14 years into three separate stages: 1600-1605 early-adult transition, during which Vincent was ordained; 1605-1608\u2026","rel":"","context":"In &quot;Vincent de Paul&quot;","block_context":{"text":"Vincent de Paul","link":"http:\/\/vincentians.com\/en\/category\/the-vincentian-family\/founders\/vincent-de-paul\/"},"img":{"alt_text":"","src":"https:\/\/i0.wp.com\/vincentians.com\/en\/wp-content\/uploads\/sites\/2\/2016\/01\/vincent-de-paul.jpg?fit=1200%2C630&resize=350%2C200","width":350,"height":200,"srcset":"https:\/\/i0.wp.com\/vincentians.com\/en\/wp-content\/uploads\/sites\/2\/2016\/01\/vincent-de-paul.jpg?fit=1200%2C630&resize=350%2C200 1x, https:\/\/i0.wp.com\/vincentians.com\/en\/wp-content\/uploads\/sites\/2\/2016\/01\/vincent-de-paul.jpg?fit=1200%2C630&resize=525%2C300 1.5x, https:\/\/i0.wp.com\/vincentians.com\/en\/wp-content\/uploads\/sites\/2\/2016\/01\/vincent-de-paul.jpg?fit=1200%2C630&resize=700%2C400 2x, https:\/\/i0.wp.com\/vincentians.com\/en\/wp-content\/uploads\/sites\/2\/2016\/01\/vincent-de-paul.jpg?fit=1200%2C630&resize=1050%2C600 3x"},"classes":[]},{"id":109180,"url":"http:\/\/vincentians.com\/en\/saint-vincent-paul-biography-03-plans-and-setbacks\/","url_meta":{"origin":58837,"position":3},"title":"Saint Vincent de Paul, a biography 03 &#8211; Plans and setbacks","author":"Francisco Javier Fern\u00e1ndez Chento","date":"December 23, 2016","format":false,"excerpt":"Part two: The years of pilgrimage and apprenticeship (1600 \u2011 1617) Chapter III: Plans and setbacks The first project No sooner is Vincent ordained than it seems he achieved the objective he had so much set his heart on: an ecclesiastical benefice. He was to devise many schemes between the\u2026","rel":"","context":"In &quot;Vincent de Paul&quot;","block_context":{"text":"Vincent de Paul","link":"http:\/\/vincentians.com\/en\/category\/the-vincentian-family\/founders\/vincent-de-paul\/"},"img":{"alt_text":"","src":"https:\/\/i0.wp.com\/vincentians.com\/en\/wp-content\/uploads\/sites\/2\/2016\/07\/Saint-Vincent-de-Paul-a-biography.jpg?fit=1200%2C630&resize=350%2C200","width":350,"height":200,"srcset":"https:\/\/i0.wp.com\/vincentians.com\/en\/wp-content\/uploads\/sites\/2\/2016\/07\/Saint-Vincent-de-Paul-a-biography.jpg?fit=1200%2C630&resize=350%2C200 1x, https:\/\/i0.wp.com\/vincentians.com\/en\/wp-content\/uploads\/sites\/2\/2016\/07\/Saint-Vincent-de-Paul-a-biography.jpg?fit=1200%2C630&resize=525%2C300 1.5x, https:\/\/i0.wp.com\/vincentians.com\/en\/wp-content\/uploads\/sites\/2\/2016\/07\/Saint-Vincent-de-Paul-a-biography.jpg?fit=1200%2C630&resize=700%2C400 2x, https:\/\/i0.wp.com\/vincentians.com\/en\/wp-content\/uploads\/sites\/2\/2016\/07\/Saint-Vincent-de-Paul-a-biography.jpg?fit=1200%2C630&resize=1050%2C600 3x"},"classes":[]},{"id":107322,"url":"http:\/\/vincentians.com\/en\/ephemerides-may-13th\/","url_meta":{"origin":58837,"position":4},"title":"Ephemerides: May, 13th","author":"Francisco Javier Fern\u00e1ndez Chento","date":"May 13, 2017","format":false,"excerpt":"1622: The bishop of Soissons, Charles de Macqueville, at the request of Mrs. de Gondi, authorized the establishment of Confraternities of Charity in the villages of the barony of Montmirail, approved the settlement of these associations, delegated Vincent de Paul to make the establishment, and his own movement, granting indulgences\u2026","rel":"","context":"In &quot;Vincentian ephemerides&quot;","block_context":{"text":"Vincentian ephemerides","link":"http:\/\/vincentians.com\/en\/category\/history-of-the-vincentian-family\/vincentian-ephemerides\/"},"img":{"alt_text":"","src":"https:\/\/i0.wp.com\/vincentians.com\/en\/wp-content\/uploads\/sites\/2\/2016\/07\/ephemerides-fb.jpg?fit=1200%2C630&resize=350%2C200","width":350,"height":200,"srcset":"https:\/\/i0.wp.com\/vincentians.com\/en\/wp-content\/uploads\/sites\/2\/2016\/07\/ephemerides-fb.jpg?fit=1200%2C630&resize=350%2C200 1x, https:\/\/i0.wp.com\/vincentians.com\/en\/wp-content\/uploads\/sites\/2\/2016\/07\/ephemerides-fb.jpg?fit=1200%2C630&resize=525%2C300 1.5x, https:\/\/i0.wp.com\/vincentians.com\/en\/wp-content\/uploads\/sites\/2\/2016\/07\/ephemerides-fb.jpg?fit=1200%2C630&resize=700%2C400 2x, https:\/\/i0.wp.com\/vincentians.com\/en\/wp-content\/uploads\/sites\/2\/2016\/07\/ephemerides-fb.jpg?fit=1200%2C630&resize=1050%2C600 3x"},"classes":[]},{"id":100869,"url":"http:\/\/vincentians.com\/en\/where-was-vincent-de-paul-born\/","url_meta":{"origin":58837,"position":5},"title":"Where was Vincent de Paul Born?","author":"Francisco Javier Fern\u00e1ndez Chento","date":"August 4, 2016","format":false,"excerpt":"1. Documentation Vincent's Words Vincent: he states that he is French: \"they [the Italians] think that we French act too quickly\" (CCD:II:267). He is also a Gascon: \"I entreat you to help a poor Gascon to do so\" (CCD:II:82, note 20). He is from the Diocese of Dax: \"His Lordship\u2026","rel":"","context":"In &quot;Vincent de Paul&quot;","block_context":{"text":"Vincent de Paul","link":"http:\/\/vincentians.com\/en\/category\/the-vincentian-family\/founders\/vincent-de-paul\/"},"img":{"alt_text":"","src":"https:\/\/i0.wp.com\/vincentians.com\/en\/wp-content\/uploads\/sites\/2\/2012\/12\/vincent-de-paul-landes-background.jpg?fit=1200%2C630&resize=350%2C200","width":350,"height":200,"srcset":"https:\/\/i0.wp.com\/vincentians.com\/en\/wp-content\/uploads\/sites\/2\/2012\/12\/vincent-de-paul-landes-background.jpg?fit=1200%2C630&resize=350%2C200 1x, https:\/\/i0.wp.com\/vincentians.com\/en\/wp-content\/uploads\/sites\/2\/2012\/12\/vincent-de-paul-landes-background.jpg?fit=1200%2C630&resize=525%2C300 1.5x, https:\/\/i0.wp.com\/vincentians.com\/en\/wp-content\/uploads\/sites\/2\/2012\/12\/vincent-de-paul-landes-background.jpg?fit=1200%2C630&resize=700%2C400 2x, https:\/\/i0.wp.com\/vincentians.com\/en\/wp-content\/uploads\/sites\/2\/2012\/12\/vincent-de-paul-landes-background.jpg?fit=1200%2C630&resize=1050%2C600 3x"},"classes":[]}],"_links":{"self":[{"href":"http:\/\/vincentians.com\/en\/wp-json\/wp\/v2\/posts\/58837","targetHints":{"allow":["GET"]}}],"collection":[{"href":"http:\/\/vincentians.com\/en\/wp-json\/wp\/v2\/posts"}],"about":[{"href":"http:\/\/vincentians.com\/en\/wp-json\/wp\/v2\/types\/post"}],"author":[{"embeddable":true,"href":"http:\/\/vincentians.com\/en\/wp-json\/wp\/v2\/users\/4"}],"replies":[{"embeddable":true,"href":"http:\/\/vincentians.com\/en\/wp-json\/wp\/v2\/comments?post=58837"}],"version-history":[{"count":0,"href":"http:\/\/vincentians.com\/en\/wp-json\/wp\/v2\/posts\/58837\/revisions"}],"wp:featuredmedia":[{"embeddable":true,"href":"http:\/\/vincentians.com\/en\/wp-json\/wp\/v2\/media\/149772"}],"wp:attachment":[{"href":"http:\/\/vincentians.com\/en\/wp-json\/wp\/v2\/media?parent=58837"}],"wp:term":[{"taxonomy":"category","embeddable":true,"href":"http:\/\/vincentians.com\/en\/wp-json\/wp\/v2\/categories?post=58837"},{"taxonomy":"post_tag","embeddable":true,"href":"http:\/\/vincentians.com\/en\/wp-json\/wp\/v2\/tags?post=58837"}],"curies":[{"name":"wp","href":"https:\/\/api.w.org\/{rel}","templated":true}]}}