{"id":52953,"date":"2014-12-11T05:40:36","date_gmt":"2014-12-11T04:40:36","guid":{"rendered":"http:\/\/somos.vicencianos.org\/blog\/2011\/10\/monsieur-vincent-the-man-and-a-man-of-balance\/"},"modified":"2016-07-10T09:32:03","modified_gmt":"2016-07-10T07:32:03","slug":"monsieur-vincent-the-man-and-a-man-of-balance","status":"publish","type":"post","link":"http:\/\/vincentians.com\/en\/monsieur-vincent-the-man-and-a-man-of-balance\/","title":{"rendered":"Monsieur Vincent: the man and&#8230; A man of balance"},"content":{"rendered":"<p>While he was alive, Monsieur Vincent never let himself be manipulated. Even today, he escapes any attempts to limit him. It is impossible to enclose him in one position or another. He is not con\u00adservative despite the great pressures of the last century; nor is he progressive despite the solicitations of the post-conciliar years!<\/p>\n<p>All those who have come to know him well like to say again and again: he is a <strong>man of balance<\/strong>.<\/p>\n<p>His first biographer justly remarked the following: &#8220;He was not restricted to the practice of any particular virtue; rather he received from God a sense of openness and a capacity of the heart which allowed him to embrace all Christian virtues, possessing them all to a perfect degree.&#8221;<span id='easy-footnote-1-52953' class='easy-footnote-margin-adjust'><\/span><span class='easy-footnote'><a href='http:\/\/vincentians.com\/en\/monsieur-vincent-the-man-and-a-man-of-balance\/#easy-footnote-bottom-1-52953' title='&lt;em&gt;La vie du venerable serviteur de Dieu. Vincent de Paul, &lt;\/em&gt;L. Abelly, vol. III, chap. II, p. 2.'><sup>1<\/sup><\/a><\/span>\n<p>I would like to present to you this human balance of M. Vincent from three perspectives:<\/p>\n<ul>\n<li>on the natural level with his earthy realism and his adaptability;<\/li>\n<li>on the psychological level with his mastery of self which involved a play between impulsivity and stalling;<\/li>\n<li>by trying to create a summary related to his love of earth.<\/li>\n<\/ul>\n<p>This will be an opportunity for you to meet anew our Founder and inspiration.<\/p>\n<h2>I. A realistic and adaptable country man<\/h2>\n<p>As we have said, we need to guard against any form of label\u00adling. When we gaze on the earliest portrait of M. Vincent done by Simon Francois, he is looking at us with a mischievous expression. We even have the impression that he is laughing at us a bit. His physical countenance reveals to us his humanity. And I am sure that it is full of sensitivity and nuances and that it is very complex.<\/p>\n<p>He lived the first fifteen years of his life in the countryside, in that beloved corner of Landes\u2014 where I myself lived for twenty years! And I am content to recall it! He later described it as &#8220;the land from which I come!&#8221; It was here that he learned realism. He knew the earth. He knew the importance of work and he admired those who were not afraid to get their hands dirty. He himself took care of the cows, worked the land, and participated in all the work of the country\u00adside and the farm. I particularly like this passage that hints at his admiration for the peasant women of the Ile-de-France, the models of the first Daughters of Charity: &#8220;Most of them are satisfied with a little bread and soup, although they are unceasingly engaged in hard work&#8230;. They come home from their work to have a meager repast, tired out and fatigued, wet through and dirty, and they are barely at home when, if the weather is suitable for work or if their father and mother tell them to go back to it, they do so at once, without pausing on account of their weariness or mudstains and without thinking of how they are treated.&#8221;<span id='easy-footnote-2-52953' class='easy-footnote-margin-adjust'><\/span><span class='easy-footnote'><a href='http:\/\/vincentians.com\/en\/monsieur-vincent-the-man-and-a-man-of-balance\/#easy-footnote-bottom-2-52953' title='Pierre Coste, C.M. &lt;em&gt;Saint Vincent de Paul:\u2022 Correspondence. &lt;\/em&gt;&lt;em&gt;Conferences. Documents. 12 Volumes. &lt;\/em&gt;IX, Conference 13, p. 69 and p. 75. Referred to in the following as Coste followed by the volume number; Conference, Letter or Document number and page.'><sup>2<\/sup><\/a><\/span>\n<p>Vincent likes to see and take time to discover people and things, to dwell at length on them. He often uses the verb &#8220;to see&#8221; in his letters as if to signify that one can never go wrong through obser\u00advation. To the Pope, in describing the misery of the kingdom of France, he wrote: &#8220;It is a small thing to hear and read these things; they must be seen and ascertained with one&#8217;s own eyes.&#8221;<span id='easy-footnote-3-52953' class='easy-footnote-margin-adjust'><\/span><span class='easy-footnote'><a href='http:\/\/vincentians.com\/en\/monsieur-vincent-the-man-and-a-man-of-balance\/#easy-footnote-bottom-3-52953' title='Coste IV, Letter 1539, p. 446.'><sup>3<\/sup><\/a><\/span>\n<p>When he gives advice about bringing material help to poor persons, he writes to Brother Jean Parre of the need to be vigilant and particular:<\/p>\n<p style=\"padding-left: 30px;\">&#8220;The Ladies wanted me to ask you, as I now do, to find out discreetly, in every canton and village through which you pass, the number of poor persons who will need to be clothed next winter, in whole or in part, so we can estimate the amount of money needed and you can get the clothing ready early. It is thought that we should buy linsey\u00adwoolsey rather than serge. It will be necessary, then, for you to write down the names of those poor people so that when the time for distribution arrives they will get the alms, and not others who can manage without them. Now, to discern this correctly, those poor people should be observed in their own homes so you can see for your\u00adself who are the neediest and who are less so.&#8221;<span id='easy-footnote-4-52953' class='easy-footnote-margin-adjust'><\/span><span class='easy-footnote'><a href='http:\/\/vincentians.com\/en\/monsieur-vincent-the-man-and-a-man-of-balance\/#easy-footnote-bottom-4-52953' title='Coste VI, Letter 2316, p. 388.'><sup>4<\/sup><\/a><\/span>\n<p>For good country people, there is never a question of being tricked. They know how to take necessary measures and to give advice marked by good sense and experience.<\/p>\n<p>As we see already, this country man is not a brute; he is not crude or stupid. He is full of sensitivity, ingenuity and intelligence.<\/p>\n<p>We need to imagine this peasant arriving in Paris in 1608. Right away, he knows how to form the best relationships: with Gascons, so as not to forget his roots; with clerics, so as to advance in his position; with bourgeois, to accomplish his goals, and in spiritual relationships, to change his manner of being a priest and apostle.<\/p>\n<p>Thus, he quickly becomes friends with Berulle, Duval, and a doctor of the Sorbonne through whom he made other acquaintances. He becomes one of the chaplains of Marguerite de Valois, the first wife of Henri IV, Queen Margot&#8230;. He makes connections with the first Oratorian priests. He enters the home of the de Gondis, one of the most powerful families in France. In a few years, he enters into Court life, he assists King Louis XIII who is overcome by illness; he is a mem\u00adber of the Council of Conscience; he rubs shoulders with Richelieu, he dares to speak out against Mazarin&#8230; at the same time, he frequents the company of Saint Francis de Sales, Saint Jane de Chantal, Saint Louise de Marillac. His correspondences are highly varied: several popes, cardinals, bishops, founders of orders, abbots, priests, religious. This little peasant of Landes never imagined such a destiny! Even as a young man, he had famous acquaintances, thanks to his relatives on his mother&#8217;s side of the family in Peyroux, near the Arthous Abbey, but not to the extent of those of his adult life.<\/p>\n<p>However, his humility constantly leads him to the truth: he knows that he is a swineherd, the son of a poor labourer.<span id='easy-footnote-5-52953' class='easy-footnote-margin-adjust'><\/span><span class='easy-footnote'><a href='http:\/\/vincentians.com\/en\/monsieur-vincent-the-man-and-a-man-of-balance\/#easy-footnote-bottom-5-52953' title='Coste IV, Letter 1372, p. 219.'><sup>5<\/sup><\/a><\/span> And he admits with no guile: &#8220;As for myself, if I were not a priest, I should still perhaps be tending swine as I once used to do.&#8221;<span id='easy-footnote-6-52953' class='easy-footnote-margin-adjust'><\/span><span class='easy-footnote'><a href='http:\/\/vincentians.com\/en\/monsieur-vincent-the-man-and-a-man-of-balance\/#easy-footnote-bottom-6-52953' title='Coste X, Conference 115, p. 547.'><sup>6<\/sup><\/a><\/span> With this same accent on truth, he will become the Abbot of Saint Leonard de Chaumes, the pastor of the parish at Clichy, the head of the College des Bons-Enfants, General Chaplain of the galley slaves, Superior of the Visitandines in Paris, Superior of the Congregation of the Mission and the Daughters of Charity.<\/p>\n<p>Pay careful attention: he is a man in contrasting situations who never destroys his balance by favouring one situation over another. Without a doubt, his life can be summed up in this observation made one day in the autumn of 1657, as if, in the evening of his life, he is judging it: &#8220;Sisters, we come from poor people, you and I. I am the son of a tiller of the soil; I was fed as country people are fed and now that I am Superior of the Mission, shall I grow conceited and wish to be treated as a gentleman? 0 Sisters, let us remember our station in life, and we shall see that we have good reason to thank God.&#8221;<span id='easy-footnote-7-52953' class='easy-footnote-margin-adjust'><\/span><span class='easy-footnote'><a href='http:\/\/vincentians.com\/en\/monsieur-vincent-the-man-and-a-man-of-balance\/#easy-footnote-bottom-7-52953' title='Op. cit., Conference 85, p. 275.'><sup>7<\/sup><\/a><\/span>\n<h2>II. A man, master of self<\/h2>\n<p>On the psychological level, Saint Vincent is also a master of balance. At first glance, his nature betrays him: he is a southerner, with all the signs of an impulsive and hotheaded character, hearty and overflowing with life.<\/p>\n<p><strong>He lives!<\/strong> At a speed of 100 km an hour, we would say today. During his youth, we never see him staying in one place for very long&#8230;. He is at Dax, only as long as necessary, then he leaves for Toulouse, Bidache, Perigueux, Italy, Buzet, perhaps Barbary, Avignon, again in Rome, then finally in Paris. In looking at a geographical map that he drew, Father Dodin remarked without malice: &#8220;God writes straight with crooked lines.&#8221;<span id='easy-footnote-8-52953' class='easy-footnote-margin-adjust'><\/span><span class='easy-footnote'><a href='http:\/\/vincentians.com\/en\/monsieur-vincent-the-man-and-a-man-of-balance\/#easy-footnote-bottom-8-52953' title='Andre Dodin, &lt;em&gt;Saint Vincent de Paul et la charite &lt;\/em&gt;(Seuil, 1960), p. 151.'><sup>8<\/sup><\/a><\/span> This is true on the psychological level as well as the geographical one.<\/p>\n<p><strong>He speaks.<\/strong> His eloquence, never strained, always natural, enraptures crowds and inspires generosity. We see this well at Folleville and at Chatillon: he moves hearts and impels them to action. He has obvious success with women, with his twinkling eyes that say as much as his articulate words. He can turn them &#8220;like a cr\u00eape.&#8221;<\/p>\n<p><strong>He bubbles with enthusiasm. <\/strong>He allows himself to be moved before moving others. He can never resist those in misery. He states without boasting: &#8220;the poor people who do not know where to go or what to do, who are already suffering and who become more numerous each day, they are my burden and my sorrow.&#8221;<span id='easy-footnote-9-52953' class='easy-footnote-margin-adjust'><\/span><span class='easy-footnote'><a href='http:\/\/vincentians.com\/en\/monsieur-vincent-the-man-and-a-man-of-balance\/#easy-footnote-bottom-9-52953' title='Collet I, p. 479.'><sup>9<\/sup><\/a><\/span> We understand how he can say, in all honesty, in speaking about the disenfranchised he meets: &#8220;If he is sick, I am sick also; if he is in prison, I am there, too; if he has irons on his feet, so have I.&#8221;<span id='easy-footnote-10-52953' class='easy-footnote-margin-adjust'><\/span><span class='easy-footnote'><a href='http:\/\/vincentians.com\/en\/monsieur-vincent-the-man-and-a-man-of-balance\/#easy-footnote-bottom-10-52953' title='Coste X, Conference 115, p. 545.'><sup>10<\/sup><\/a><\/span> It is no exaggeration; it is his heart expressing itself, overflowing with compassion and mercy, the spirit with which he wants to see us clothed.<span id='easy-footnote-11-52953' class='easy-footnote-margin-adjust'><\/span><span class='easy-footnote'><a href='http:\/\/vincentians.com\/en\/monsieur-vincent-the-man-and-a-man-of-balance\/#easy-footnote-bottom-11-52953' title='Conferences to the CM&amp;#8217;s, Conference 152, p. 321.'><sup>11<\/sup><\/a><\/span>\n<p><strong>He is expressive. <\/strong>In his conferences and writings, I am struck by all of his expressions. We have a sense that his listeners who took notes and reconstructed his texts in secret were always impressed by his very southern manner of speaking: he encourages with ah!s and oh!s; he calls out to his listeners: &#8220;Oh Fathers, Oh Brothers;&#8221; he uses little expressions that indicated movement and life: &#8220;thus it is!&#8221; or &#8220;let&#8217;s go, let&#8217;s see;&#8221; the expressions which show the commitment of his whole being: &#8220;let us give ourselves to God.&#8221; He often speaks in the infinitive verb form, which in French indicates order and decisiveness. We sense that his will has been convinced and that he wants to engage others. His style simply flows from his heart and soul.<\/p>\n<p><strong>He prays wholeheartedly. And <\/strong>he addresses God in a direct and passionate way: &#8220;Oh my Jesus!,&#8221; &#8220;Oh my Saviour Jesus Christ,&#8221; &#8220;Oh Saviour,&#8221; &#8220;Saviour of our souls,&#8221; &#8220;Oh infinite Providence,&#8221; etc. The passion that lives within him is the passion of God.<\/p>\n<p>But he must also deal with a character marked by impetuous\u00adness. He easily becomes angry and he complains about it himself. He admits in public: &#8220;Oh! wretch that I am! I have been studying this lesson (on meekness) for so long and have not yet learned it! I fly into a passion; I lose my temper; I complain; I find fault&#8230;. I have not yet learned to be meek.&#8221;<span id='easy-footnote-12-52953' class='easy-footnote-margin-adjust'><\/span><span class='easy-footnote'><a href='http:\/\/vincentians.com\/en\/monsieur-vincent-the-man-and-a-man-of-balance\/#easy-footnote-bottom-12-52953' title='Op. cit., Conference 202, p. 519.'><sup>12<\/sup><\/a><\/span> To the Sisters, he confesses his fits of anger:<\/p>\n<p>&#8220;I am astonished at how they bear with me in my fits of hastiness, passion and my other failings; yes, I am astonished at how they put up with me.&#8221;<span id='easy-footnote-13-52953' class='easy-footnote-margin-adjust'><\/span><span class='easy-footnote'><a href='http:\/\/vincentians.com\/en\/monsieur-vincent-the-man-and-a-man-of-balance\/#easy-footnote-bottom-13-52953' title='Coste X, Conference 95, p. 388.'><sup>13<\/sup><\/a><\/span>\n<p>His irritable temper would come up against others. In par\u00adticular against some brothers, not all of whom had the same easy spirit and the same culture as Brothers Regnard, Parre, Ducourneau, Robinau. Here is how he interacted with one of them: &#8220;Ah! brother, it is true that it is a great fault, and one that I do not think is committed even amongst poor people in the world. To tear a coat deliberately! to tear a gift that was given to you! What! You should rejoice if it was not such as you would desire! And to tear it to pieces! 0 Savior! 0 brother! What a great fault! What a great fault! Humble yourself profoundly for it. Has anyone ever seen a peasant, a countryman, tearing a coat that was given him, however poor it may have been! And you brother, you tear a coat that was given you! Perhaps you need one and, instead of wearing it, no matter what sort it may have been, and accepting it gratefully, you tear it! Ah! my poor brother, what a great fault, humble yourself profoundly for it.<\/p>\n<p>But did you not commit this fault because of another, a still greater fault, which you committed the previous day! 0 brother, shall I mention it? I, as well as you, must swallow down the shame because I, too, am guilty. Brother, the day before yesterday you drank to excess, and did so even so far as to let it appear when you came into the house from outside. 0 Savior! to take too much wine so that it became apparent! To behave like a drunken man! 0 wretched man, it is I, a sinner who am the cause of this disorder, and it would not have happened were it not for the sins of this wretched man. 0 Brother, let both of us be filled with shame and confusion! And then, you fell asleep in the kitchen in the presence of our brothers! What an example for newcomers! What will they say of you? What will they say of me for allowing such persons in the Company? `Do people here live like this? What! do they encourage and tolerate such vices?&#8217; 0 Savior! what a scandal! 0 Gentlemen, pray for us! 0 brothers, have compassion on our brothers and pray that you may be able to bear with us. He is our brother. For the love of God, have pity on his misery. Ah! my poor brother, this fault must have been the result of some other fault. People do not fall into gross faults all of a sudden, but rather for a punishment for other failings. 0 brother, you have, thanks be to God, been often humiliated for this failing. But you must have grown lax. You must have been unfaithful to God. Ah! brother, what shall we do now? You have failings, you have passions and you give into them after all those humiliations, prayers, recommendations and the resolutions you have taken! What shall we do now? What has become of the spirit of humility? What has happened to all the good advice that was given you? What has become of it? Where now are all those protestations? Where are they, brother? Where are the resolutions you took to serve God faithfully? What has become of them? 0 my poor brother! And what will be the result of the humiliation you are now undergoing? What will be the result of this cup of confusion which we are drinking? 0 brother, will you change on account of it? We should hope so, seeing that God has given you the grace to humble yourself. Accept in good part this humiliation in the presence of all and offer it to God as a satisfaction. We will pray to God for you and hope that He will give you, if you desire it, the grace to behave better in the future.&#8221;<span id='easy-footnote-14-52953' class='easy-footnote-margin-adjust'><\/span><span class='easy-footnote'><a href='http:\/\/vincentians.com\/en\/monsieur-vincent-the-man-and-a-man-of-balance\/#easy-footnote-bottom-14-52953' title='Conferences to the CM&amp;#8217;s, Conference 137, pp. 284-286.'><sup>14<\/sup><\/a><\/span>\n<p>He also knows how to reprimand the priests: &#8220;Yesterday I happened to speak abruptly to a priest of our Company in a sharp, harsh manner.&#8221;<span id='easy-footnote-15-52953' class='easy-footnote-margin-adjust'><\/span><span class='easy-footnote'><a href='http:\/\/vincentians.com\/en\/monsieur-vincent-the-man-and-a-man-of-balance\/#easy-footnote-bottom-15-52953' title='Coste IX, Conference 27, p. 218.'><sup>15<\/sup><\/a><\/span>\n<p>He calls to mind the wrath of God in reprimanding the Sisters of Nantes who were becoming careless, and uses the following terms:<\/p>\n<p style=\"padding-left: 30px;\">&#8220;God says: &#8216;I called you from your home to enjoy the rewards promised to those who serve Me, and you have made yourself unworthy of them; therefore, I shall give to someone else the crown I had prepared for you;&#8217; and He will call a young woman from Touraine, or Saintonge, or Brittany to come here to receive the crown that, in His mercy, He had intended for Marie, Francoise, Jeanne, or someone else whom He had called and who made her\u00adself unworthy of it.&#8221;<span id='easy-footnote-16-52953' class='easy-footnote-margin-adjust'><\/span><span class='easy-footnote'><a href='http:\/\/vincentians.com\/en\/monsieur-vincent-the-man-and-a-man-of-balance\/#easy-footnote-bottom-16-52953' title='Op. cit.. Conference 32, p. 275.'><sup>16<\/sup><\/a><\/span>\n<p>It is amusing to read according to the pen of Abelly: &#8220;M. Vincent was irritable by nature, a lively spirit, and consequently easily prone to anger.&#8221;<span id='easy-footnote-17-52953' class='easy-footnote-margin-adjust'><\/span><span class='easy-footnote'><a href='http:\/\/vincentians.com\/en\/monsieur-vincent-the-man-and-a-man-of-balance\/#easy-footnote-bottom-17-52953' title='Abelly III. XII. p. 177.'><sup>17<\/sup><\/a><\/span> It is worth noting that the biographer entrusted with preparing Vincent&#8217;s beatification process would say that he was notorious for his temper!<\/p>\n<p>An anecdote appearing in the writings of Collet states that at the time of Vincent&#8217;s autopsy (required for famous people!) his spleen was as hard as bone: &#8220;Many people attribute this insoluble produc\u00adtion to the violence that he had to inflict upon himself to combat a strict and melancholy disposition, which nature and temperament had given to him.&#8221;<span id='easy-footnote-18-52953' class='easy-footnote-margin-adjust'><\/span><span class='easy-footnote'><a href='http:\/\/vincentians.com\/en\/monsieur-vincent-the-man-and-a-man-of-balance\/#easy-footnote-bottom-18-52953' title='Collet II, p. 46.'><sup>18<\/sup><\/a><\/span> This stone is still on display in the museum of Saint Lazare.<\/p>\n<p>Violence and passion that would become mild and temperate! From this, what lessons he gives. He calms those who need to be moderated.<\/p>\n<p>To Louise de Marillac, lively and impatient, he writes: &#8220;Mon <em>Dieu, <\/em>my daughter, what great hidden treasures there are in holy Providence and how marvellously Our Lord is honored by those who follow it and do not try to get ahead of it!&#8217;<span id='easy-footnote-19-52953' class='easy-footnote-margin-adjust'><\/span><span class='easy-footnote'><a href='http:\/\/vincentians.com\/en\/monsieur-vincent-the-man-and-a-man-of-balance\/#easy-footnote-bottom-19-52953' title='Coste I, Letter 31, p. 59.'><sup>19<\/sup><\/a><\/span>\n<p>To Robert de Sergis, very impulsive and too selfish: &#8220;let us abandon ourselves to Divine Providence. It will know quite well how to procure what we need.&#8221;<span id='easy-footnote-20-52953' class='easy-footnote-margin-adjust'><\/span><span class='easy-footnote'><a href='http:\/\/vincentians.com\/en\/monsieur-vincent-the-man-and-a-man-of-balance\/#easy-footnote-bottom-20-52953' title='Op. cit., Letter 245, p. 346.'><sup>20<\/sup><\/a><\/span>\n<p>To Bernard Codoing, always in a hurry: &#8220;I have a particular devotion to following the adorable Providence of God step by step.&#8221;<span id='easy-footnote-21-52953' class='easy-footnote-margin-adjust'><\/span><span class='easy-footnote'><a href='http:\/\/vincentians.com\/en\/monsieur-vincent-the-man-and-a-man-of-balance\/#easy-footnote-bottom-21-52953' title='Coste II, Letter 559, p. 237.'><sup>21<\/sup><\/a><\/span> We could give other examples&#8230;<\/p>\n<p>Saint Vincent, categorized by the philosopher Lescene as emotional, active, secondary to his passionate nature, succeeded as a shining example of gentleness. In contact with Francis de Sales and his writings, he became a man who was so affable, cordial and friendly that his biographers were mystified. For Vincent, &#8220;gentleness wins hearts.&#8221;<span id='easy-footnote-22-52953' class='easy-footnote-margin-adjust'><\/span><span class='easy-footnote'><a href='http:\/\/vincentians.com\/en\/monsieur-vincent-the-man-and-a-man-of-balance\/#easy-footnote-bottom-22-52953' title='Coste VII, Letter 2636, p. 241.'><sup>22<\/sup><\/a><\/span> Gentleness is the essence of being missionary. It is essential for the missioners and the Daughters of Charity.<\/p>\n<p>I like very specially the following remark about affability, the daughter of gentleness, which seeks the union of hearts and mental\u00adities. It is like a work of art that reflects from a person:<\/p>\n<p style=\"padding-left: 30px;\">&#8220;We have all greater need of affability inasmuch as we are obliged by our vocation to hold converse frequently amongst ourselves and also with our neighbour. And this conversation is all the more difficult, either amongst ourselves, because we come from different countries, or are of very diverse characters and temperaments or, with our neighbor, because he frequently tries our patience severely. The virtue of affability removes these difficulties and as it is the soul, as it were, of good conversation, it renders the conversation not only useful but agreeable. Affability causes us to be polite and courteous when conversing, and to be deferential towards one another.&#8221;<span id='easy-footnote-23-52953' class='easy-footnote-margin-adjust'><\/span><span class='easy-footnote'><a href='http:\/\/vincentians.com\/en\/monsieur-vincent-the-man-and-a-man-of-balance\/#easy-footnote-bottom-23-52953' title='Conferences to the CM&amp;#8217;s, Conference 41, pp. 69-70.'><sup>23<\/sup><\/a><\/span>\n<h2>III. Proposal for synthesis<\/h2>\n<p>One night, I was meditating on the Latin word for &#8220;earth&#8221; and I decided to create a link with Saint Vincent around three related words in French that I would like to propose to you: Humus (earth)&#8230; humour (humor)&#8230; humeur (temperament).<\/p>\n<p>It seems to me that their common root best sums up the human balance of M. Vincent.<\/p>\n<h3><strong>1. Humus (Earth)<\/strong><\/h3>\n<p>All his life, Saint Vincent loved earth. We can say that he remained in physical contact with it. Throughout his life, he was alternately a farmer and a shepherd&#8230;.<\/p>\n<p>Two memorable scenes illustrate this very well.<\/p>\n<p>&#8211; First, the loss of the farm at ORSIGNY. Even if he recounts the events of that day in order to announce the unfortunate conclusion of the process, with a great spirit of abandonment to Divine Providence, it does not prevent him from expressing some profound sentiments:<\/p>\n<p style=\"padding-left: 30px;\">&#8220;&#8230;it has now pleased His Providence to deprive us of a property that has just been taken away from us! The loss is a considerable one for the Company, yes, very considerable.&#8221;<span id='easy-footnote-24-52953' class='easy-footnote-margin-adjust'><\/span><span class='easy-footnote'><a href='http:\/\/vincentians.com\/en\/monsieur-vincent-the-man-and-a-man-of-balance\/#easy-footnote-bottom-24-52953' title='Op. cit., Conference 189, p. 456.'><sup>24<\/sup><\/a><\/span>\n<p>This farm was located in the hamlet of Orsigny, close to the current plateau of Saclay where the Mission has had something since 1642. It was given to the Congregation on December 22, 1644, thanks to M. and Mademoiselle Norais. According to a study done by a confrere, Father Marius Denigot, it was 60 to 70 hectares in size.<\/p>\n<p>On the same topic, we should also add Sevran, Gonesse, Grigny, Freneville and even others; some have spoken of a &#8220;real estate management&#8221; of Saint Vincent, and the expression is accurate, for he was a good manager who knew the inestimable value of earth. At the time, Orsigny provided the means for Saint Lazare to exist and permitted an efficient way to combat poverty. Vincent was a country man exiled to the city surrounded by peasant towns. He was proud of this, and played a part in making the poor people the primary beneficiaries.<\/p>\n<p>&#8211; The second scene to which I refer in order to illustrate the earthy realism of M. Vincent also involves farms. We are at the time of the Fronde, a civil war involving the Ile-de-France in 1648 and 1649. M. Vincent leaves Paris and goes to find the Queen at Saint Germain en Laye to request from her the resignation of Mazarin.<\/p>\n<p>Saint Vincent failed in this request, as is evident by the nego\u00adtiations between the Queen and Mazarin. Vincent is forced to flee the city, heading west to seek shelter in a series of houses belonging to the Congregation.<\/p>\n<p>At his departure, he stops at Villepreux and learns that the farm at Orsigny is being pillaged. Aware of the coming danger, Saint Vincent goes to &#8220;salvage the remains&#8221; which consist of 240 sheep and 2 horses. He heads off leading this convoy of animals all the way to Richelieu, marching all day February 23 in the snow, until he comes to the home of a lady he knows.<span id='easy-footnote-25-52953' class='easy-footnote-margin-adjust'><\/span><span class='easy-footnote'><a href='http:\/\/vincentians.com\/en\/monsieur-vincent-the-man-and-a-man-of-balance\/#easy-footnote-bottom-25-52953' title='Coste III, Letter 1091. p. 408.'><sup>25<\/sup><\/a><\/span> From there, he departs for Mans, and then leaves that city very quickly. The passage along the streambeds of Potline, near Durtal, proves almost fatal for him. Horse and rider fall into the water, and he requires the assistance of a confrere to free him from the horse. He dries off in a nearby cottage, conversing in a friendly manner with the owner and leaving once more on horse\u00adback until he reaches a lodge in which to spend the night, where, his biographer assures us, he ate with a good appetite and catechised the adults and children after the meal!<span id='easy-footnote-26-52953' class='easy-footnote-margin-adjust'><\/span><span class='easy-footnote'><a href='http:\/\/vincentians.com\/en\/monsieur-vincent-the-man-and-a-man-of-balance\/#easy-footnote-bottom-26-52953' title='AbeIly II, chap. XXXIX, p. 184.'><sup>26<\/sup><\/a><\/span>\n<p>We can see that Saint Vincent is a man of the land. To keep him in his office in Paris would be to amputate the best part of him. He is a man of reality, of experience! He is a man of the weather, of nature, of practical details. He demonstrates this himself in the midst of an inspiring spiritual instruction with a young superior, an instruction momentarily interrupted by a brother who comes to speak about another matter:<\/p>\n<p style=\"padding-left: 30px;\">&#8220;You see, Sir, how I must pass from the things of God, of which we were speaking just now, to temporal matters; from this you should learn that it is the duty of a Superior to provide not only for spiritual things but also to extend his care to temporal ones&#8230;. This seems to me to be a very powerful consideration for enabling you to understand that one should not only devote oneself to that which is noble, such as functions concerned with spiritual matters, but also that a Superior, who represents in a manner the full compass of the power of God, should apply himself to the care of the smallest temporal affairs, reminding him\u00adself that such care is not unworthy of him. Give yourself to God then to procure the temporal prosperity of the house to which you are going.&#8221;<span id='easy-footnote-27-52953' class='easy-footnote-margin-adjust'><\/span><span class='easy-footnote'><a href='http:\/\/vincentians.com\/en\/monsieur-vincent-the-man-and-a-man-of-balance\/#easy-footnote-bottom-27-52953' title='Conferences to the CM&amp;#8217;s, Conference 153, p. 329.'><sup>27<\/sup><\/a><\/span>\n<p>As a peasant, he is always attentive to events. He likes to reflect on creatures and things. He verifies the guidance of the Holy Spirit in his life.<span id='easy-footnote-28-52953' class='easy-footnote-margin-adjust'><\/span><span class='easy-footnote'><a href='http:\/\/vincentians.com\/en\/monsieur-vincent-the-man-and-a-man-of-balance\/#easy-footnote-bottom-28-52953' title='Op. cit., Conference 18, pp. 46-47.'><sup>28<\/sup><\/a><\/span> He is open to the great events of his life and times as well as the multiple facets of everyday. God is at work in the framework of each day, and Saint Vincent delights in examining and reading the &#8220;signs of the times.&#8221;<\/p>\n<h3><strong>2. Humour (Humor)<\/strong><\/h3>\n<p>Those who rub shoulders with people from the Landes region know that they love clever words. Their humor is created through finesse, irony, cutting remarks, with loud bursts of laughter, a twinkle of the eye, shoulders heaving with laughter and spirited plays on words. I cannot imagine them any other way. Humor is a work of art for M. Vincent because he experienced the ruthless rhythms present in nature, the tradition passed on by his family, common sense, sayings, proverbs and country wisdom. I will gladly give a few examples here.<\/p>\n<p>He has an innate gift of observation and he appreciates nature and animals:<\/p>\n<p>&#8220;As to what you say about honor not making you vain but that dishonour saddens you, I must tell you, Monsieur, that you know the anatomy of the human will better than<\/p>\n<p>I for you are a learned man and I am a nitwit&#8230;. We are, indeed, more sensitive to pain than to pleasure, to the prick of a rose than to its fragrance.&#8221;<span id='easy-footnote-29-52953' class='easy-footnote-margin-adjust'><\/span><span class='easy-footnote'><a href='http:\/\/vincentians.com\/en\/monsieur-vincent-the-man-and-a-man-of-balance\/#easy-footnote-bottom-29-52953' title='Coste IV, Letter 1242, p. 55.'><sup>29<\/sup><\/a><\/span>\n<p>Saint Vincent especially likes clever words, little remarks that spice up a conversation and show his origins; in correct French this is called a <em>gasconnade <\/em>(gasconism).<\/p>\n<p>To Saint Louise, who was too possessive and worried about her son: &#8220;Oh! Our Lord most certainly did well not to choose you for His mother.&#8221;<span id='easy-footnote-30-52953' class='easy-footnote-margin-adjust'><\/span><span class='easy-footnote'><a href='http:\/\/vincentians.com\/en\/monsieur-vincent-the-man-and-a-man-of-balance\/#easy-footnote-bottom-30-52953' title='Coste I, Letter 69, p. 109.'><sup>30<\/sup><\/a><\/span>\n<p>To a confrere who was struggling to learning Italian: &#8220;I am greatly consoled that Brother Demortier has already made such progress in the language that he knows how to say <em>Signor, si.<\/em>&#8220;<span id='easy-footnote-31-52953' class='easy-footnote-margin-adjust'><\/span><span class='easy-footnote'><a href='http:\/\/vincentians.com\/en\/monsieur-vincent-the-man-and-a-man-of-balance\/#easy-footnote-bottom-31-52953' title='Coste VI, Letter 2290, p. 351.'><sup>31<\/sup><\/a><\/span> <em><br \/>\n<\/em><\/p>\n<p>One day he discusses the virtues of medicine: &#8220;People think that doctors kill more patients than they cure,&#8221;<span id='easy-footnote-32-52953' class='easy-footnote-margin-adjust'><\/span><span class='easy-footnote'><a href='http:\/\/vincentians.com\/en\/monsieur-vincent-the-man-and-a-man-of-balance\/#easy-footnote-bottom-32-52953' title='Coste IV, Letter 1407, p. 259.'><sup>32<\/sup><\/a><\/span> or on another occasion: &#8220;exceedingly good health indicates an impending illness.&#8221;<span id='easy-footnote-33-52953' class='easy-footnote-margin-adjust'><\/span><span class='easy-footnote'><a href='http:\/\/vincentians.com\/en\/monsieur-vincent-the-man-and-a-man-of-balance\/#easy-footnote-bottom-33-52953' title='Coste II, Letter 460, p. 84.'><sup>33<\/sup><\/a><\/span> &#8220;Health is a precarious state that leads to no good!&#8221; The following will make wine producers very happy: &#8220;Confidence in God is truly an excellent remedy but God did not forbid us to take, along with it, a little drop of wine before going out.&#8221;<span id='easy-footnote-34-52953' class='easy-footnote-margin-adjust'><\/span><span class='easy-footnote'><a href='http:\/\/vincentians.com\/en\/monsieur-vincent-the-man-and-a-man-of-balance\/#easy-footnote-bottom-34-52953' title='Coste III, Letter 974, p. 219.'><sup>34<\/sup><\/a><\/span> And finally, this trait that was among the treasures of his life was destined for a confrere who wanted to go visit his &#8220;elderly&#8221; father: &#8220;Your father is only forty or forty-five years of age at the most, enjoying good health, able to work and who is, in fact, working. Otherwise, he would not have re\u00admarried&#8230; a young woman eighteen years of age, who is one of the most beautiful girls in town&#8230;&#8221;<span id='easy-footnote-35-52953' class='easy-footnote-margin-adjust'><\/span><span class='easy-footnote'><a href='http:\/\/vincentians.com\/en\/monsieur-vincent-the-man-and-a-man-of-balance\/#easy-footnote-bottom-35-52953' title='Coste II, Letter 781, p. 611.'><sup>35<\/sup><\/a><\/span>\n<p>We see that M. Vincent was not lacking in mischievousness and spirit. I quite admire the judgment of a Priest of the Mission who was a great deal like M. Vincent, Father Gaston Pierre, former Superior of the Berceau of Saint Vincent de Paul. He described Saint Vincent&#8217;s judgment in the following way: &#8220;His humour was very effective, it had a way of sweetening medicine, teaching a lesson with\u00adout offending, giving advice without wounding, helping others to swallow half-truths while leaving aside innuendos&#8221; <em>(L&#8217; humour gascon chez Saint Vincent de Paul, <\/em>p. 178). I like to listen to Saint Vincent explain another characteristic of Gascon humor, its clever ability to disguise the truth, as he is in the process of rebuking a confrere who arranged a large loan without consulting him about it: &#8220;If you were a Gascon or a Norman, I would not find it strange. To think, however, that a straightforward man from Picardy, whom I consider one the most sincere men in the Company, would have hidden that from me\u2014how can I not be surprised&#8230;?&#8221;<span id='easy-footnote-36-52953' class='easy-footnote-margin-adjust'><\/span><span class='easy-footnote'><a href='http:\/\/vincentians.com\/en\/monsieur-vincent-the-man-and-a-man-of-balance\/#easy-footnote-bottom-36-52953' title='Coste V, Letter 1783, pp. 199-200.'><sup>36<\/sup><\/a><\/span>\n<p>Only simple peasant origins could allow him such keenness. This is a reminder to us, perhaps, that in doing great deeds, he did not believe it necessary to put on great airs or to speak in eloquent terms. The earth had taught him two key virtues: simplicity and humility. He became what he received from earth!<\/p>\n<h3><strong>3. Humeur (Temperament)<\/strong><\/h3>\n<p>Saint Vincent had a fiery temperament. To put it simply, let us say that he had a strong personality. Caught up with his appearance, we can forget to note the strength that emanates from his jaw. His goatee hides the sureness and the energy of his expression.<\/p>\n<p>Having delicate health, often confined at home by a high fever, with his legs in poor condition beginning early on in life, obliging him to be bled or purged often as was the custom of his day, sent for treatment at Forges-les-Eaux (coastal area of the River Seine), a frequent sufferer of insomnia, he keeps on going, on horse back, travelling, giving missions, using a carriage that he referred to as his &#8220;disgrace&#8221; or &#8220;ignominy,&#8221; when he was prevented from travelling in another manner. His personal motto that guides all of his life is: &#8220;All our work is in action.&#8221;<\/p>\n<p>The number of his works, his interventions and foundations demonstrate his zeal. France has retained his charitable activities and often represents him with children surrounding him or in his arms; other countries have been more sensitive to the image of his mission\u00adary preaching. We need to keep in mind the synthesis of these two commitments. We need to hear him tirelessly repeat: &#8220;We should hasten to render assistance to the spiritual needs of our neighbour as though we were running to put out a fire&#8221;<span id='easy-footnote-37-52953' class='easy-footnote-margin-adjust'><\/span><span class='easy-footnote'><a href='http:\/\/vincentians.com\/en\/monsieur-vincent-the-man-and-a-man-of-balance\/#easy-footnote-bottom-37-52953' title='Conferences to the CM&amp;#8217;s, Conference 76. pp. 91-92.'><sup>37<\/sup><\/a><\/span> and confess with a cry of alarm: &#8220;This thought often occurs to me and it fills me with shame. &#8216;Miserable man, have you earned the bread you are about to eat, this bread which comes to you by the work of the poor?'&#8221;<span id='easy-footnote-38-52953' class='easy-footnote-margin-adjust'><\/span><span class='easy-footnote'><a href='http:\/\/vincentians.com\/en\/monsieur-vincent-the-man-and-a-man-of-balance\/#easy-footnote-bottom-38-52953' title='Op. cit., Conference 125, p. 198.'><sup>38<\/sup><\/a><\/span> When he would come back from a mission, it would seem that on returning to Paris, the city gates should fall upon him and crush him, because the Good News had not yet been proclaimed to other villages.<span id='easy-footnote-39-52953' class='easy-footnote-margin-adjust'><\/span><span class='easy-footnote'><a href='http:\/\/vincentians.com\/en\/monsieur-vincent-the-man-and-a-man-of-balance\/#easy-footnote-bottom-39-52953' title='Op. cit., Conference 177, p. 407.'><sup>39<\/sup><\/a><\/span> We forget too often that he himself continued to give missions until the age of seventy-six!<\/p>\n<p>He is also a tireless worker. In the office. On the road. In Paris. In the provinces&#8230; His days are seventeen hours in length: three hours of prayer, nine and one-half hours of work itself, and three and one-half hours of diverse activities. Such a schedule did not just happen; it began in his early childhood, from his custom of going forward despite all opposition, in spite of the whims of time and temperature, his hand to the plough or the shepherd&#8217;s staff.<\/p>\n<p>To his confreres, and especially to the Sisters, he inculcates a deliberate way, and true spirituality of work. He uses strong words that communicate clearly his intent: God works and God wants us to work;<span id='easy-footnote-40-52953' class='easy-footnote-margin-adjust'><\/span><span class='easy-footnote'><a href='http:\/\/vincentians.com\/en\/monsieur-vincent-the-man-and-a-man-of-balance\/#easy-footnote-bottom-40-52953' title='Coste IX, Conference 42, pp. 383-384.'><sup>40<\/sup><\/a><\/span> Jesus never ceased working day and night at all hours;<span id='easy-footnote-41-52953' class='easy-footnote-margin-adjust'><\/span><span class='easy-footnote'><a href='http:\/\/vincentians.com\/en\/monsieur-vincent-the-man-and-a-man-of-balance\/#easy-footnote-bottom-41-52953' title='Ibid., p. 385.'><sup>41<\/sup><\/a><\/span> it was important &#8220;to not be a burden to anyone;&#8221;<span id='easy-footnote-42-52953' class='easy-footnote-margin-adjust'><\/span><span class='easy-footnote'><a href='http:\/\/vincentians.com\/en\/monsieur-vincent-the-man-and-a-man-of-balance\/#easy-footnote-bottom-42-52953' title='Ibid., p. 387.'><sup>42<\/sup><\/a><\/span> &#8220;to earn one&#8217;s own living.&#8221;<span id='easy-footnote-43-52953' class='easy-footnote-margin-adjust'><\/span><span class='easy-footnote'><a href='http:\/\/vincentians.com\/en\/monsieur-vincent-the-man-and-a-man-of-balance\/#easy-footnote-bottom-43-52953' title='Ibid.'><sup>43<\/sup><\/a><\/span> &#8220;We should sell ourselves to rescue our brothers and sisters from destitution.&#8221;<span id='easy-footnote-44-52953' class='easy-footnote-margin-adjust'><\/span><span class='easy-footnote'><a href='http:\/\/vincentians.com\/en\/monsieur-vincent-the-man-and-a-man-of-balance\/#easy-footnote-bottom-44-52953' title='Ibid., p. 390.'><sup>44<\/sup><\/a><\/span> It is all summed up in the famous saying: &#8220;We are living on the patrimony of Jesus Christ, on the sweat of the poor.&#8221;<span id='easy-footnote-45-52953' class='easy-footnote-margin-adjust'><\/span><span class='easy-footnote'><a href='http:\/\/vincentians.com\/en\/monsieur-vincent-the-man-and-a-man-of-balance\/#easy-footnote-bottom-45-52953' title='Conferences to the CM&amp;#8217;s, Conference 125, p. 198.'><sup>45<\/sup><\/a><\/span>\n<h2>Conclusion<\/h2>\n<p>Fiery temperament&#8230; Gascon to the core&#8230; man of the earth, here is a peasant man much at home among us. Thus, it gives me great pleasure to call to mind with you his enduring memory. Listen to him revealing himself in confessing his God. He shares with us the secret of his heart as he situates his earthiness, his sense of humour and his overflowing personality all under the mark of humility.<\/p>\n<p style=\"padding-left: 30px;\">&#8220;A truly humble spirit humbles itself as much amid hon\u00adours as amid insults, acting like the honeybee which makes its honey equally well from the dew that falls on the wormwood as from that which falls on the rose.&#8221;<span id='easy-footnote-46-52953' class='easy-footnote-margin-adjust'><\/span><span class='easy-footnote'><a href='http:\/\/vincentians.com\/en\/monsieur-vincent-the-man-and-a-man-of-balance\/#easy-footnote-bottom-46-52953' title='Coste I, Letter 58, p. 94.'><sup>46<\/sup><\/a><\/span>\n<p>This Monsieur Vincent shows us balance and life. How I love him!<\/p>\n","protected":false},"excerpt":{"rendered":"<p>While he was alive, Monsieur Vincent never let himself be manipulated. Even today, he escapes any attempts to limit him. It is impossible to enclose him in one position or another. He is not con\u00adservative &#8230; <a href=\"http:\/\/vincentians.com\/en\/monsieur-vincent-the-man-and-a-man-of-balance\/\" class=\"more-link\">Read More<\/a><\/p>\n","protected":false},"author":4,"featured_media":150196,"comment_status":"open","ping_status":"open","sticky":false,"template":"","format":"standard","meta":{"jetpack_post_was_ever_published":false,"_jetpack_newsletter_access":"","_jetpack_dont_email_post_to_subs":false,"_jetpack_newsletter_tier_id":0,"_jetpack_memberships_contains_paywalled_content":false,"_jetpack_memberships_contains_paid_content":false,"footnotes":"","jetpack_publicize_message":"","jetpack_publicize_feature_enabled":true,"jetpack_social_post_already_shared":false,"jetpack_social_options":{"image_generator_settings":{"template":"highway","default_image_id":0,"font":"","enabled":false},"version":2}},"categories":[5],"tags":[],"class_list":["post-52953","post","type-post","status-publish","format-standard","has-post-thumbnail","hentry","category-vincent-de-paul"],"yoast_head":"<!-- This site is optimized with the Yoast SEO plugin v26.3 - https:\/\/yoast.com\/wordpress\/plugins\/seo\/ -->\n<title>Monsieur Vincent: the man and... A man of balance - We are Vincentians<\/title>\n<meta name=\"robots\" content=\"index, follow, max-snippet:-1, max-image-preview:large, max-video-preview:-1\" \/>\n<link rel=\"canonical\" href=\"http:\/\/vincentians.com\/en\/monsieur-vincent-the-man-and-a-man-of-balance\/\" \/>\n<meta property=\"og:locale\" content=\"en_US\" \/>\n<meta property=\"og:type\" content=\"article\" \/>\n<meta property=\"og:title\" content=\"Monsieur Vincent: the man and... A man of balance - We are Vincentians\" \/>\n<meta property=\"og:description\" content=\"While he was alive, Monsieur Vincent never let himself be manipulated. Even today, he escapes any attempts to limit him. It is impossible to enclose him in one position or another. He is not con\u00adservative ... Read More\" \/>\n<meta property=\"og:url\" content=\"http:\/\/vincentians.com\/en\/monsieur-vincent-the-man-and-a-man-of-balance\/\" \/>\n<meta property=\"og:site_name\" content=\"We are Vincentians\" \/>\n<meta property=\"article:publisher\" content=\"https:\/\/www.facebook.com\/WeAreVincentians\/\" \/>\n<meta property=\"article:author\" content=\"https:\/\/www.facebook.com\/JavierChento\" \/>\n<meta property=\"article:published_time\" content=\"2014-12-11T04:40:36+00:00\" \/>\n<meta property=\"article:modified_time\" content=\"2016-07-10T07:32:03+00:00\" \/>\n<meta property=\"og:image\" content=\"https:\/\/i0.wp.com\/vincentians.com\/en\/wp-content\/uploads\/sites\/2\/2012\/11\/vincent-de-paul-statue.jpg?fit=1200%2C630\" \/>\n\t<meta property=\"og:image:width\" content=\"1200\" \/>\n\t<meta property=\"og:image:height\" content=\"630\" \/>\n\t<meta property=\"og:image:type\" content=\"image\/jpeg\" \/>\n<meta name=\"author\" content=\"Francisco Javier Fern\u00e1ndez Chento\" \/>\n<meta name=\"twitter:card\" content=\"summary_large_image\" \/>\n<meta name=\"twitter:creator\" content=\"@https:\/\/twitter.com\/javierchento\" \/>\n<meta name=\"twitter:site\" content=\"@WeVincentians\" \/>\n<meta name=\"twitter:label1\" content=\"Written by\" \/>\n\t<meta name=\"twitter:data1\" content=\"Francisco Javier Fern\u00e1ndez Chento\" \/>\n\t<meta name=\"twitter:label2\" content=\"Est. reading time\" \/>\n\t<meta name=\"twitter:data2\" content=\"28 minutes\" \/>\n<script type=\"application\/ld+json\" class=\"yoast-schema-graph\">{\"@context\":\"https:\/\/schema.org\",\"@graph\":[{\"@type\":\"Article\",\"@id\":\"http:\/\/vincentians.com\/en\/monsieur-vincent-the-man-and-a-man-of-balance\/#article\",\"isPartOf\":{\"@id\":\"http:\/\/vincentians.com\/en\/monsieur-vincent-the-man-and-a-man-of-balance\/\"},\"author\":{\"name\":\"Francisco Javier Fern\u00e1ndez Chento\",\"@id\":\"https:\/\/vincentians.com\/en\/#\/schema\/person\/9623ef4d9aa3b2dfb8c061f1499288f2\"},\"headline\":\"Monsieur Vincent: the man and&#8230; A man of balance\",\"datePublished\":\"2014-12-11T04:40:36+00:00\",\"dateModified\":\"2016-07-10T07:32:03+00:00\",\"mainEntityOfPage\":{\"@id\":\"http:\/\/vincentians.com\/en\/monsieur-vincent-the-man-and-a-man-of-balance\/\"},\"wordCount\":5580,\"commentCount\":0,\"publisher\":{\"@id\":\"https:\/\/vincentians.com\/en\/#organization\"},\"image\":{\"@id\":\"http:\/\/vincentians.com\/en\/monsieur-vincent-the-man-and-a-man-of-balance\/#primaryimage\"},\"thumbnailUrl\":\"https:\/\/i0.wp.com\/vincentians.com\/en\/wp-content\/uploads\/sites\/2\/2012\/11\/vincent-de-paul-statue.jpg?fit=1200%2C630\",\"articleSection\":[\"Vincent de Paul\"],\"inLanguage\":\"en-US\",\"potentialAction\":[{\"@type\":\"CommentAction\",\"name\":\"Comment\",\"target\":[\"http:\/\/vincentians.com\/en\/monsieur-vincent-the-man-and-a-man-of-balance\/#respond\"]}]},{\"@type\":\"WebPage\",\"@id\":\"http:\/\/vincentians.com\/en\/monsieur-vincent-the-man-and-a-man-of-balance\/\",\"url\":\"http:\/\/vincentians.com\/en\/monsieur-vincent-the-man-and-a-man-of-balance\/\",\"name\":\"Monsieur Vincent: the man and... A man of balance - We are Vincentians\",\"isPartOf\":{\"@id\":\"https:\/\/vincentians.com\/en\/#website\"},\"primaryImageOfPage\":{\"@id\":\"http:\/\/vincentians.com\/en\/monsieur-vincent-the-man-and-a-man-of-balance\/#primaryimage\"},\"image\":{\"@id\":\"http:\/\/vincentians.com\/en\/monsieur-vincent-the-man-and-a-man-of-balance\/#primaryimage\"},\"thumbnailUrl\":\"https:\/\/i0.wp.com\/vincentians.com\/en\/wp-content\/uploads\/sites\/2\/2012\/11\/vincent-de-paul-statue.jpg?fit=1200%2C630\",\"datePublished\":\"2014-12-11T04:40:36+00:00\",\"dateModified\":\"2016-07-10T07:32:03+00:00\",\"breadcrumb\":{\"@id\":\"http:\/\/vincentians.com\/en\/monsieur-vincent-the-man-and-a-man-of-balance\/#breadcrumb\"},\"inLanguage\":\"en-US\",\"potentialAction\":[{\"@type\":\"ReadAction\",\"target\":[\"http:\/\/vincentians.com\/en\/monsieur-vincent-the-man-and-a-man-of-balance\/\"]}]},{\"@type\":\"ImageObject\",\"inLanguage\":\"en-US\",\"@id\":\"http:\/\/vincentians.com\/en\/monsieur-vincent-the-man-and-a-man-of-balance\/#primaryimage\",\"url\":\"https:\/\/i0.wp.com\/vincentians.com\/en\/wp-content\/uploads\/sites\/2\/2012\/11\/vincent-de-paul-statue.jpg?fit=1200%2C630\",\"contentUrl\":\"https:\/\/i0.wp.com\/vincentians.com\/en\/wp-content\/uploads\/sites\/2\/2012\/11\/vincent-de-paul-statue.jpg?fit=1200%2C630\",\"width\":1200,\"height\":630},{\"@type\":\"BreadcrumbList\",\"@id\":\"http:\/\/vincentians.com\/en\/monsieur-vincent-the-man-and-a-man-of-balance\/#breadcrumb\",\"itemListElement\":[{\"@type\":\"ListItem\",\"position\":1,\"name\":\"Portada\",\"item\":\"https:\/\/vincentians.com\/en\/\"},{\"@type\":\"ListItem\",\"position\":2,\"name\":\"Monsieur Vincent: the man and&#8230; A man of balance\"}]},{\"@type\":\"WebSite\",\"@id\":\"https:\/\/vincentians.com\/en\/#website\",\"url\":\"https:\/\/vincentians.com\/en\/\",\"name\":\"We are Vincentians\",\"description\":\"Know more to serve more\",\"publisher\":{\"@id\":\"https:\/\/vincentians.com\/en\/#organization\"},\"potentialAction\":[{\"@type\":\"SearchAction\",\"target\":{\"@type\":\"EntryPoint\",\"urlTemplate\":\"https:\/\/vincentians.com\/en\/?s={search_term_string}\"},\"query-input\":{\"@type\":\"PropertyValueSpecification\",\"valueRequired\":true,\"valueName\":\"search_term_string\"}}],\"inLanguage\":\"en-US\"},{\"@type\":\"Organization\",\"@id\":\"https:\/\/vincentians.com\/en\/#organization\",\"name\":\"The Vincentian Network\",\"url\":\"https:\/\/vincentians.com\/en\/\",\"logo\":{\"@type\":\"ImageObject\",\"inLanguage\":\"en-US\",\"@id\":\"https:\/\/vincentians.com\/en\/#\/schema\/logo\/image\/\",\"url\":\"https:\/\/i1.wp.com\/vincentians.com\/en\/wp-content\/uploads\/sites\/2\/2016\/06\/Vincentian-Network-logo-big.png?fit=778%2C778&ssl=1\",\"contentUrl\":\"https:\/\/i1.wp.com\/vincentians.com\/en\/wp-content\/uploads\/sites\/2\/2016\/06\/Vincentian-Network-logo-big.png?fit=778%2C778&ssl=1\",\"width\":778,\"height\":778,\"caption\":\"The Vincentian Network\"},\"image\":{\"@id\":\"https:\/\/vincentians.com\/en\/#\/schema\/logo\/image\/\"},\"sameAs\":[\"https:\/\/www.facebook.com\/WeAreVincentians\/\",\"https:\/\/x.com\/WeVincentians\"]},{\"@type\":\"Person\",\"@id\":\"https:\/\/vincentians.com\/en\/#\/schema\/person\/9623ef4d9aa3b2dfb8c061f1499288f2\",\"name\":\"Francisco Javier Fern\u00e1ndez Chento\",\"image\":{\"@type\":\"ImageObject\",\"inLanguage\":\"en-US\",\"@id\":\"https:\/\/vincentians.com\/en\/#\/schema\/person\/image\/\",\"url\":\"https:\/\/secure.gravatar.com\/avatar\/497d5cde87b4c3d097d0315953521681ba2cd523ee66e5077c3711f7021e65de?s=96&d=mm&r=g\",\"contentUrl\":\"https:\/\/secure.gravatar.com\/avatar\/497d5cde87b4c3d097d0315953521681ba2cd523ee66e5077c3711f7021e65de?s=96&d=mm&r=g\",\"caption\":\"Francisco Javier Fern\u00e1ndez Chento\"},\"description\":\"Director General y cofundador de La Red de Formaci\u00f3n Vicenciana. Javier es laico vicenciano, afiliado a la Congregaci\u00f3n de la Misi\u00f3n y miembro del Equipo de Misiones Populares de la provincia can\u00f3nica de Zaragoza (Espa\u00f1a) de la Congregaci\u00f3n de la Misi\u00f3n. Graduado en la Universidad Oberta de Catalunya con cuatro grados (Asistente de direcci\u00f3n, Gesti\u00f3n Administrativa, Recursos Humanos y Contabilidad Avanzada). Bil\u00edng\u00fce Espa\u00f1ol\/Ingl\u00e9s. gestiona y mantiene varias p\u00e1ginas web cristianas y vicencianas, incluida including La Red de Formaci\u00f3n Vicenciana, de la que es cofundador. Actualmente es responsable del \u00e1rea de Espa\u00f1ol de .famvin, la Red de Noticias de la Familia Vicenciana. Tambi\u00e9n es m\u00fasico cat\u00f3lico y ha editado varios discos. Es Director General y cofundador de Trovador, una reconocida compa\u00f1\u00eda discogr\u00e1fica critiana de Espa\u00f1a. Trabaja en las Tecnolog\u00edas de la Informaci\u00f3n, ofreciendo servicios de alojamiento, dise\u00f1o y mantenimiento Web, as\u00ed como asesoramiento, formaci\u00f3n y soluciones inform\u00e1ticas, gesti\u00f3n documental y digitalizaci\u00f3n de textos, edici\u00f3n y maquetaci\u00f3n de libros, revistas, flyers, etc.\",\"sameAs\":[\"http:\/\/chento.org\",\"https:\/\/www.facebook.com\/JavierChento\",\"https:\/\/x.com\/https:\/\/twitter.com\/javierchento\"],\"url\":\"http:\/\/vincentians.com\/en\/author\/chento\/\"}]}<\/script>\n<!-- \/ Yoast SEO plugin. -->","yoast_head_json":{"title":"Monsieur Vincent: the man and... A man of balance - We are Vincentians","robots":{"index":"index","follow":"follow","max-snippet":"max-snippet:-1","max-image-preview":"max-image-preview:large","max-video-preview":"max-video-preview:-1"},"canonical":"http:\/\/vincentians.com\/en\/monsieur-vincent-the-man-and-a-man-of-balance\/","og_locale":"en_US","og_type":"article","og_title":"Monsieur Vincent: the man and... A man of balance - We are Vincentians","og_description":"While he was alive, Monsieur Vincent never let himself be manipulated. Even today, he escapes any attempts to limit him. It is impossible to enclose him in one position or another. He is not con\u00adservative ... Read More","og_url":"http:\/\/vincentians.com\/en\/monsieur-vincent-the-man-and-a-man-of-balance\/","og_site_name":"We are Vincentians","article_publisher":"https:\/\/www.facebook.com\/WeAreVincentians\/","article_author":"https:\/\/www.facebook.com\/JavierChento","article_published_time":"2014-12-11T04:40:36+00:00","article_modified_time":"2016-07-10T07:32:03+00:00","og_image":[{"width":1200,"height":630,"url":"https:\/\/i0.wp.com\/vincentians.com\/en\/wp-content\/uploads\/sites\/2\/2012\/11\/vincent-de-paul-statue.jpg?fit=1200%2C630","type":"image\/jpeg"}],"author":"Francisco Javier Fern\u00e1ndez Chento","twitter_card":"summary_large_image","twitter_creator":"@https:\/\/twitter.com\/javierchento","twitter_site":"@WeVincentians","twitter_misc":{"Written by":"Francisco Javier Fern\u00e1ndez Chento","Est. reading time":"28 minutes"},"schema":{"@context":"https:\/\/schema.org","@graph":[{"@type":"Article","@id":"http:\/\/vincentians.com\/en\/monsieur-vincent-the-man-and-a-man-of-balance\/#article","isPartOf":{"@id":"http:\/\/vincentians.com\/en\/monsieur-vincent-the-man-and-a-man-of-balance\/"},"author":{"name":"Francisco Javier Fern\u00e1ndez Chento","@id":"https:\/\/vincentians.com\/en\/#\/schema\/person\/9623ef4d9aa3b2dfb8c061f1499288f2"},"headline":"Monsieur Vincent: the man and&#8230; A man of balance","datePublished":"2014-12-11T04:40:36+00:00","dateModified":"2016-07-10T07:32:03+00:00","mainEntityOfPage":{"@id":"http:\/\/vincentians.com\/en\/monsieur-vincent-the-man-and-a-man-of-balance\/"},"wordCount":5580,"commentCount":0,"publisher":{"@id":"https:\/\/vincentians.com\/en\/#organization"},"image":{"@id":"http:\/\/vincentians.com\/en\/monsieur-vincent-the-man-and-a-man-of-balance\/#primaryimage"},"thumbnailUrl":"https:\/\/i0.wp.com\/vincentians.com\/en\/wp-content\/uploads\/sites\/2\/2012\/11\/vincent-de-paul-statue.jpg?fit=1200%2C630","articleSection":["Vincent de Paul"],"inLanguage":"en-US","potentialAction":[{"@type":"CommentAction","name":"Comment","target":["http:\/\/vincentians.com\/en\/monsieur-vincent-the-man-and-a-man-of-balance\/#respond"]}]},{"@type":"WebPage","@id":"http:\/\/vincentians.com\/en\/monsieur-vincent-the-man-and-a-man-of-balance\/","url":"http:\/\/vincentians.com\/en\/monsieur-vincent-the-man-and-a-man-of-balance\/","name":"Monsieur Vincent: the man and... A man of balance - We are Vincentians","isPartOf":{"@id":"https:\/\/vincentians.com\/en\/#website"},"primaryImageOfPage":{"@id":"http:\/\/vincentians.com\/en\/monsieur-vincent-the-man-and-a-man-of-balance\/#primaryimage"},"image":{"@id":"http:\/\/vincentians.com\/en\/monsieur-vincent-the-man-and-a-man-of-balance\/#primaryimage"},"thumbnailUrl":"https:\/\/i0.wp.com\/vincentians.com\/en\/wp-content\/uploads\/sites\/2\/2012\/11\/vincent-de-paul-statue.jpg?fit=1200%2C630","datePublished":"2014-12-11T04:40:36+00:00","dateModified":"2016-07-10T07:32:03+00:00","breadcrumb":{"@id":"http:\/\/vincentians.com\/en\/monsieur-vincent-the-man-and-a-man-of-balance\/#breadcrumb"},"inLanguage":"en-US","potentialAction":[{"@type":"ReadAction","target":["http:\/\/vincentians.com\/en\/monsieur-vincent-the-man-and-a-man-of-balance\/"]}]},{"@type":"ImageObject","inLanguage":"en-US","@id":"http:\/\/vincentians.com\/en\/monsieur-vincent-the-man-and-a-man-of-balance\/#primaryimage","url":"https:\/\/i0.wp.com\/vincentians.com\/en\/wp-content\/uploads\/sites\/2\/2012\/11\/vincent-de-paul-statue.jpg?fit=1200%2C630","contentUrl":"https:\/\/i0.wp.com\/vincentians.com\/en\/wp-content\/uploads\/sites\/2\/2012\/11\/vincent-de-paul-statue.jpg?fit=1200%2C630","width":1200,"height":630},{"@type":"BreadcrumbList","@id":"http:\/\/vincentians.com\/en\/monsieur-vincent-the-man-and-a-man-of-balance\/#breadcrumb","itemListElement":[{"@type":"ListItem","position":1,"name":"Portada","item":"https:\/\/vincentians.com\/en\/"},{"@type":"ListItem","position":2,"name":"Monsieur Vincent: the man and&#8230; A man of balance"}]},{"@type":"WebSite","@id":"https:\/\/vincentians.com\/en\/#website","url":"https:\/\/vincentians.com\/en\/","name":"We are Vincentians","description":"Know more to serve more","publisher":{"@id":"https:\/\/vincentians.com\/en\/#organization"},"potentialAction":[{"@type":"SearchAction","target":{"@type":"EntryPoint","urlTemplate":"https:\/\/vincentians.com\/en\/?s={search_term_string}"},"query-input":{"@type":"PropertyValueSpecification","valueRequired":true,"valueName":"search_term_string"}}],"inLanguage":"en-US"},{"@type":"Organization","@id":"https:\/\/vincentians.com\/en\/#organization","name":"The Vincentian Network","url":"https:\/\/vincentians.com\/en\/","logo":{"@type":"ImageObject","inLanguage":"en-US","@id":"https:\/\/vincentians.com\/en\/#\/schema\/logo\/image\/","url":"https:\/\/i1.wp.com\/vincentians.com\/en\/wp-content\/uploads\/sites\/2\/2016\/06\/Vincentian-Network-logo-big.png?fit=778%2C778&ssl=1","contentUrl":"https:\/\/i1.wp.com\/vincentians.com\/en\/wp-content\/uploads\/sites\/2\/2016\/06\/Vincentian-Network-logo-big.png?fit=778%2C778&ssl=1","width":778,"height":778,"caption":"The Vincentian Network"},"image":{"@id":"https:\/\/vincentians.com\/en\/#\/schema\/logo\/image\/"},"sameAs":["https:\/\/www.facebook.com\/WeAreVincentians\/","https:\/\/x.com\/WeVincentians"]},{"@type":"Person","@id":"https:\/\/vincentians.com\/en\/#\/schema\/person\/9623ef4d9aa3b2dfb8c061f1499288f2","name":"Francisco Javier Fern\u00e1ndez Chento","image":{"@type":"ImageObject","inLanguage":"en-US","@id":"https:\/\/vincentians.com\/en\/#\/schema\/person\/image\/","url":"https:\/\/secure.gravatar.com\/avatar\/497d5cde87b4c3d097d0315953521681ba2cd523ee66e5077c3711f7021e65de?s=96&d=mm&r=g","contentUrl":"https:\/\/secure.gravatar.com\/avatar\/497d5cde87b4c3d097d0315953521681ba2cd523ee66e5077c3711f7021e65de?s=96&d=mm&r=g","caption":"Francisco Javier Fern\u00e1ndez Chento"},"description":"Director General y cofundador de La Red de Formaci\u00f3n Vicenciana. Javier es laico vicenciano, afiliado a la Congregaci\u00f3n de la Misi\u00f3n y miembro del Equipo de Misiones Populares de la provincia can\u00f3nica de Zaragoza (Espa\u00f1a) de la Congregaci\u00f3n de la Misi\u00f3n. Graduado en la Universidad Oberta de Catalunya con cuatro grados (Asistente de direcci\u00f3n, Gesti\u00f3n Administrativa, Recursos Humanos y Contabilidad Avanzada). Bil\u00edng\u00fce Espa\u00f1ol\/Ingl\u00e9s. gestiona y mantiene varias p\u00e1ginas web cristianas y vicencianas, incluida including La Red de Formaci\u00f3n Vicenciana, de la que es cofundador. Actualmente es responsable del \u00e1rea de Espa\u00f1ol de .famvin, la Red de Noticias de la Familia Vicenciana. Tambi\u00e9n es m\u00fasico cat\u00f3lico y ha editado varios discos. Es Director General y cofundador de Trovador, una reconocida compa\u00f1\u00eda discogr\u00e1fica critiana de Espa\u00f1a. Trabaja en las Tecnolog\u00edas de la Informaci\u00f3n, ofreciendo servicios de alojamiento, dise\u00f1o y mantenimiento Web, as\u00ed como asesoramiento, formaci\u00f3n y soluciones inform\u00e1ticas, gesti\u00f3n documental y digitalizaci\u00f3n de textos, edici\u00f3n y maquetaci\u00f3n de libros, revistas, flyers, etc.","sameAs":["http:\/\/chento.org","https:\/\/www.facebook.com\/JavierChento","https:\/\/x.com\/https:\/\/twitter.com\/javierchento"],"url":"http:\/\/vincentians.com\/en\/author\/chento\/"}]}},"jetpack_publicize_connections":[],"jetpack_featured_media_url":"https:\/\/i0.wp.com\/vincentians.com\/en\/wp-content\/uploads\/sites\/2\/2012\/11\/vincent-de-paul-statue.jpg?fit=1200%2C630","jetpack_sharing_enabled":true,"jetpack_shortlink":"https:\/\/wp.me\/p7K2Ow-dM5","jetpack-related-posts":[{"id":104727,"url":"http:\/\/vincentians.com\/en\/the-life-of-vincent-de-paul-abelly-book-i-chapter-xvi\/","url_meta":{"origin":52953,"position":0},"title":"The Life of Vincent de Paul (Abelly): Book I, Chapter XVI","author":"Francisco Javier Fern\u00e1ndez Chento","date":"July 18, 2016","format":false,"excerpt":"He is Chosen by the Blessed Francis de Sales, Bishop of Geneva, and by Mother de Chantal as the First Spiritual Father and Superior of the Religious of the Visitation of Saint Mary in Paris It had been several years since God had brought into being the saintly order of\u2026","rel":"","context":"In &quot;Vincent de Paul&quot;","block_context":{"text":"Vincent de Paul","link":"http:\/\/vincentians.com\/en\/category\/the-vincentian-family\/founders\/vincent-de-paul\/"},"img":{"alt_text":"","src":"https:\/\/i0.wp.com\/vincentians.com\/en\/wp-content\/uploads\/sites\/2\/2016\/07\/abelly-feat.jpg?fit=1200%2C630&resize=350%2C200","width":350,"height":200,"srcset":"https:\/\/i0.wp.com\/vincentians.com\/en\/wp-content\/uploads\/sites\/2\/2016\/07\/abelly-feat.jpg?fit=1200%2C630&resize=350%2C200 1x, https:\/\/i0.wp.com\/vincentians.com\/en\/wp-content\/uploads\/sites\/2\/2016\/07\/abelly-feat.jpg?fit=1200%2C630&resize=525%2C300 1.5x, https:\/\/i0.wp.com\/vincentians.com\/en\/wp-content\/uploads\/sites\/2\/2016\/07\/abelly-feat.jpg?fit=1200%2C630&resize=700%2C400 2x, https:\/\/i0.wp.com\/vincentians.com\/en\/wp-content\/uploads\/sites\/2\/2016\/07\/abelly-feat.jpg?fit=1200%2C630&resize=1050%2C600 3x"},"classes":[]},{"id":104722,"url":"http:\/\/vincentians.com\/en\/the-life-of-vincent-de-paul-abelly-book-i-chapter-xi\/","url_meta":{"origin":52953,"position":1},"title":"The Life of Vincent de Paul (Abelly): Book I, Chapter XI","author":"Francisco Javier Fern\u00e1ndez Chento","date":"July 13, 2016","format":false,"excerpt":"The Conversion of Several Heretics whom Monsieur Vincent Brought Back to the Catholic Church While Monsieur Vincent was at Chatillon, God used his zeal and prudence to influence several people who had fallen into heresy. He was able to bring them back to the path of truth. We will recount\u2026","rel":"","context":"In &quot;Vincent de Paul&quot;","block_context":{"text":"Vincent de Paul","link":"http:\/\/vincentians.com\/en\/category\/the-vincentian-family\/founders\/vincent-de-paul\/"},"img":{"alt_text":"","src":"https:\/\/i0.wp.com\/vincentians.com\/en\/wp-content\/uploads\/sites\/2\/2016\/07\/abelly-feat.jpg?fit=1200%2C630&resize=350%2C200","width":350,"height":200,"srcset":"https:\/\/i0.wp.com\/vincentians.com\/en\/wp-content\/uploads\/sites\/2\/2016\/07\/abelly-feat.jpg?fit=1200%2C630&resize=350%2C200 1x, https:\/\/i0.wp.com\/vincentians.com\/en\/wp-content\/uploads\/sites\/2\/2016\/07\/abelly-feat.jpg?fit=1200%2C630&resize=525%2C300 1.5x, https:\/\/i0.wp.com\/vincentians.com\/en\/wp-content\/uploads\/sites\/2\/2016\/07\/abelly-feat.jpg?fit=1200%2C630&resize=700%2C400 2x, https:\/\/i0.wp.com\/vincentians.com\/en\/wp-content\/uploads\/sites\/2\/2016\/07\/abelly-feat.jpg?fit=1200%2C630&resize=1050%2C600 3x"},"classes":[]},{"id":105316,"url":"http:\/\/vincentians.com\/en\/the-life-of-vincent-de-paul-abelly-book-i-chapter-xxxvi\/","url_meta":{"origin":52953,"position":2},"title":"The Life of Vincent de Paul (Abelly): Book I, Chapter XXXVI","author":"Francisco Javier Fern\u00e1ndez Chento","date":"August 8, 2016","format":false,"excerpt":"Services Provided by Monsieur Vincent to the Late King, Louis XIII of Glorious Memory, in His Last Illness, for the Spiritual Good of his Soul The dignity of kings lifts them so far beyond that of others that Scripture calls them gods, seeing they are vicars and living images of\u2026","rel":"","context":"In &quot;Vincent de Paul&quot;","block_context":{"text":"Vincent de Paul","link":"http:\/\/vincentians.com\/en\/category\/the-vincentian-family\/founders\/vincent-de-paul\/"},"img":{"alt_text":"","src":"https:\/\/i0.wp.com\/vincentians.com\/en\/wp-content\/uploads\/sites\/2\/2016\/07\/abelly-feat.jpg?fit=1200%2C630&resize=350%2C200","width":350,"height":200,"srcset":"https:\/\/i0.wp.com\/vincentians.com\/en\/wp-content\/uploads\/sites\/2\/2016\/07\/abelly-feat.jpg?fit=1200%2C630&resize=350%2C200 1x, https:\/\/i0.wp.com\/vincentians.com\/en\/wp-content\/uploads\/sites\/2\/2016\/07\/abelly-feat.jpg?fit=1200%2C630&resize=525%2C300 1.5x, https:\/\/i0.wp.com\/vincentians.com\/en\/wp-content\/uploads\/sites\/2\/2016\/07\/abelly-feat.jpg?fit=1200%2C630&resize=700%2C400 2x, https:\/\/i0.wp.com\/vincentians.com\/en\/wp-content\/uploads\/sites\/2\/2016\/07\/abelly-feat.jpg?fit=1200%2C630&resize=1050%2C600 3x"},"classes":[]},{"id":108663,"url":"http:\/\/vincentians.com\/en\/the-life-of-vincent-de-paul-abelly-book-iii-chapter-i\/","url_meta":{"origin":52953,"position":3},"title":"The Life of Vincent de Paul (Abelly): Book III, Chapter I","author":"Francisco Javier Fern\u00e1ndez Chento","date":"November 11, 2016","format":false,"excerpt":"BOOK THREE: His Virtues CHAPTER ONE: Some General Observations on the Virtues of Monsieur Vincent Before speaking in detail of the virtues of Monsieur Vincent, we have thought it necessary to make several remarks about four or five of the remarkable aspects of his practice of them. First, Monsieur Vincent\u2026","rel":"","context":"In &quot;Vincent de Paul&quot;","block_context":{"text":"Vincent de Paul","link":"http:\/\/vincentians.com\/en\/category\/the-vincentian-family\/founders\/vincent-de-paul\/"},"img":{"alt_text":"","src":"https:\/\/i0.wp.com\/vincentians.com\/en\/wp-content\/uploads\/sites\/2\/2016\/07\/abelly-feat.jpg?fit=1200%2C630&resize=350%2C200","width":350,"height":200,"srcset":"https:\/\/i0.wp.com\/vincentians.com\/en\/wp-content\/uploads\/sites\/2\/2016\/07\/abelly-feat.jpg?fit=1200%2C630&resize=350%2C200 1x, https:\/\/i0.wp.com\/vincentians.com\/en\/wp-content\/uploads\/sites\/2\/2016\/07\/abelly-feat.jpg?fit=1200%2C630&resize=525%2C300 1.5x, https:\/\/i0.wp.com\/vincentians.com\/en\/wp-content\/uploads\/sites\/2\/2016\/07\/abelly-feat.jpg?fit=1200%2C630&resize=700%2C400 2x, https:\/\/i0.wp.com\/vincentians.com\/en\/wp-content\/uploads\/sites\/2\/2016\/07\/abelly-feat.jpg?fit=1200%2C630&resize=1050%2C600 3x"},"classes":[]},{"id":105332,"url":"http:\/\/vincentians.com\/en\/the-life-of-vincent-de-paul-abelly-book-i-chapter-xli\/","url_meta":{"origin":52953,"position":4},"title":"The Life of Vincent de Paul (Abelly): Book I, Chapter XLI","author":"Francisco Javier Fern\u00e1ndez Chento","date":"August 13, 2016","format":false,"excerpt":"The Death of the Prior of Saint Lazare. Monsieur Vincent's Appreciation of Him Monsieur Adrian Le Bon, the prior of Saint Lazare, was the instrument in God's hand, as we have said, for bringing Monsieur Vincent and his priests to Saint Lazare. Not only did he agree that Monsieur Vincent\u2026","rel":"","context":"In &quot;Vincent de Paul&quot;","block_context":{"text":"Vincent de Paul","link":"http:\/\/vincentians.com\/en\/category\/the-vincentian-family\/founders\/vincent-de-paul\/"},"img":{"alt_text":"","src":"https:\/\/i0.wp.com\/vincentians.com\/en\/wp-content\/uploads\/sites\/2\/2016\/07\/abelly-feat.jpg?fit=1200%2C630&resize=350%2C200","width":350,"height":200,"srcset":"https:\/\/i0.wp.com\/vincentians.com\/en\/wp-content\/uploads\/sites\/2\/2016\/07\/abelly-feat.jpg?fit=1200%2C630&resize=350%2C200 1x, https:\/\/i0.wp.com\/vincentians.com\/en\/wp-content\/uploads\/sites\/2\/2016\/07\/abelly-feat.jpg?fit=1200%2C630&resize=525%2C300 1.5x, https:\/\/i0.wp.com\/vincentians.com\/en\/wp-content\/uploads\/sites\/2\/2016\/07\/abelly-feat.jpg?fit=1200%2C630&resize=700%2C400 2x, https:\/\/i0.wp.com\/vincentians.com\/en\/wp-content\/uploads\/sites\/2\/2016\/07\/abelly-feat.jpg?fit=1200%2C630&resize=1050%2C600 3x"},"classes":[]},{"id":104181,"url":"http:\/\/vincentians.com\/en\/the-life-of-vincent-de-paul-abelly-book-i-chapter-v\/","url_meta":{"origin":52953,"position":5},"title":"The Life of Vincent de Paul (Abelly): Book I, Chapter V","author":"Francisco Javier Fern\u00e1ndez Chento","date":"July 7, 2016","format":false,"excerpt":"Monsieur Vincent's Return to France; His First Stay in Paris Monsieur Vincent stayed in Rome until the end of 1608 at the kindness of the vice-legate, who gave him board and lodging. He wrote thirty years later to one of the priests of the Congregation in Rome: \"I was pleased\u2026","rel":"","context":"In &quot;Vincent de Paul&quot;","block_context":{"text":"Vincent de Paul","link":"http:\/\/vincentians.com\/en\/category\/the-vincentian-family\/founders\/vincent-de-paul\/"},"img":{"alt_text":"","src":"https:\/\/i0.wp.com\/vincentians.com\/en\/wp-content\/uploads\/sites\/2\/2016\/07\/abelly-feat.jpg?fit=1200%2C630&resize=350%2C200","width":350,"height":200,"srcset":"https:\/\/i0.wp.com\/vincentians.com\/en\/wp-content\/uploads\/sites\/2\/2016\/07\/abelly-feat.jpg?fit=1200%2C630&resize=350%2C200 1x, https:\/\/i0.wp.com\/vincentians.com\/en\/wp-content\/uploads\/sites\/2\/2016\/07\/abelly-feat.jpg?fit=1200%2C630&resize=525%2C300 1.5x, https:\/\/i0.wp.com\/vincentians.com\/en\/wp-content\/uploads\/sites\/2\/2016\/07\/abelly-feat.jpg?fit=1200%2C630&resize=700%2C400 2x, https:\/\/i0.wp.com\/vincentians.com\/en\/wp-content\/uploads\/sites\/2\/2016\/07\/abelly-feat.jpg?fit=1200%2C630&resize=1050%2C600 3x"},"classes":[]}],"_links":{"self":[{"href":"http:\/\/vincentians.com\/en\/wp-json\/wp\/v2\/posts\/52953","targetHints":{"allow":["GET"]}}],"collection":[{"href":"http:\/\/vincentians.com\/en\/wp-json\/wp\/v2\/posts"}],"about":[{"href":"http:\/\/vincentians.com\/en\/wp-json\/wp\/v2\/types\/post"}],"author":[{"embeddable":true,"href":"http:\/\/vincentians.com\/en\/wp-json\/wp\/v2\/users\/4"}],"replies":[{"embeddable":true,"href":"http:\/\/vincentians.com\/en\/wp-json\/wp\/v2\/comments?post=52953"}],"version-history":[{"count":0,"href":"http:\/\/vincentians.com\/en\/wp-json\/wp\/v2\/posts\/52953\/revisions"}],"wp:featuredmedia":[{"embeddable":true,"href":"http:\/\/vincentians.com\/en\/wp-json\/wp\/v2\/media\/150196"}],"wp:attachment":[{"href":"http:\/\/vincentians.com\/en\/wp-json\/wp\/v2\/media?parent=52953"}],"wp:term":[{"taxonomy":"category","embeddable":true,"href":"http:\/\/vincentians.com\/en\/wp-json\/wp\/v2\/categories?post=52953"},{"taxonomy":"post_tag","embeddable":true,"href":"http:\/\/vincentians.com\/en\/wp-json\/wp\/v2\/tags?post=52953"}],"curies":[{"name":"wp","href":"https:\/\/api.w.org\/{rel}","templated":true}]}}