{"id":52931,"date":"2016-08-07T18:00:06","date_gmt":"2016-08-07T16:00:06","guid":{"rendered":"http:\/\/somos.vicencianos.org\/blog\/2011\/10\/vincent-de-paul-patron-of-refugees\/"},"modified":"2016-08-02T06:14:55","modified_gmt":"2016-08-02T04:14:55","slug":"vincent-de-paul-patron-of-refugees","status":"publish","type":"post","link":"http:\/\/vincentians.com\/en\/vincent-de-paul-patron-of-refugees\/","title":{"rendered":"Vincent de Paul, Patron of Refugees"},"content":{"rendered":"<div>\n<p>The image that would best dramatize Vincent de Paul as the patron of charity would be to show him at the center of a whirlwind, its inner circle ringed with persons who defined his life: his missionaries and Daughters, his lay collaborators and benefactors, their energies spinning out into the multitudes of the poor, the sick and the abandoned, the beneficiaries of merryThis image best portrays Vincent the spontaneous benefactor in times of crisis. The poor were always with him, true, and he served them in orderly ways through established institutions and ministries of his missionaries and the sisters. In disasters that came without warning, though, he was at his most characteristic, responding instinctively, improvising, attending to thousands of details and adapting his strategy to them, and exhausting himself in personally working side by side with co-workers.One such crisis that comes easily to mind was his response to the floods of refugees that streamed into Paris as a result of the mid-century civil wars of the Fronde. Springing into action he dunned the queen and her Court for aid to fill the endless needs. He served on committees of nobles, and other public officials, to work for peace and to dispense public aid to address the effects of wars, religious and political. He interceded with the queen for protection for the poor against pillaging soldiers, both friendly and hostile. Closer to home, he comforted his missionaries and sisters \u2014 and found relief or replacements for them \u2014 as they were beaten down by stress, disease and death in spending themselves in their missions.Amidst all these events he was able to talk about these conditions, which he revealed as news items reported in letters to confreres who were far away from Paris and Saint-Laxare. Two correspondents in particular were Jean Dehorgny, superior at Rome, and Lambert aux Coureaux, superior in Warsaw. The reports, one would think, were more than news items. They seemed to be outlets for him to vent his anguish over all that was happening to the poor, and over the struggles of his communities to keep up with the desolation.<\/p>\n<\/div>\n<div>\n<p>&#8220;Our little news is always the same,&#8221; he sighed to Lambert aux Couteaux. The poor people from the country have been scattered, some of them driven from their homes by fear of being mistreated by the soldiers and have taken refuge in Paris. There is hope that the prayers and good works of many have alleviated some of the suffering, and that some measures have been taken to bring about peace. He then recounts &#8220;the good works&#8221; that have been done in Paris: &#8220;(1) The daily distribution of soup to nearly fifteen thousand poor persons, both the bashful poor and the refugees. (2) About eight hundred refugee girls have been placed in private houses, where they are taken care of and instructed. You can imagine how much harm would have been done if they had been left wandering around&#8230;. (3) We are going to rescue from the same danger the nuns from the country, whom the armies have thrown into Paris. Some are on the streets, some are living in questionable places, and others are staying with relatives. Since, however, they are all in a state of dissipation and danger, it was felt that enclosing them in a monastery, under the care of the Daughters of Sainte-Marie (the Visitation Nuns], would be most pleasing to God.&#8221;<\/p>\n<p>He extended a hand even to &#8220;poor pastors, curates, and other priests from rural areas who have left their parishes to flee to this city. We are getting some every day; they will be fed and will be trained in the things they should know and practice.&#8221;<\/p>\n<p>Vincent pays special tribute to the Daughters of Charity in these &#8220;many holy projects.&#8221; The sisters are &#8220;more involved than we in the corporal assistance of the poor. They prepare and distribute :he soup daily for thirteen hundred bashful poor, at the home of Mademoiselle Le Gras and for eight hundred refugees in the faubourg Saint-Denis. In Saint-Paul parish alone four or five sisters make the distribution to five thousand poor persons, in addition to the sixty to eighty patients they have on their hands.&#8221;<\/p>\n<p>Throughout the massive program, Vincent is attentive not only to corporal assistance, but to spiritual needs as well, even though his action might seem to conflict with his established policy. As he tells Jean Dehorgny, &#8220;I have volunteered to have missions given to [the refugees], in line with the maxim which states that we should take our good wherever we find it. We are obliged to go and serve them in the rural areas, when they are there. They are our portion, and now that they are coming to us, driven out by the hardships of war, which is emptying the countryside, it seems that we are more obliged to work for their salvation in their present affliction in the place where they are now, subject, of course to the good pleasure of the archbishop.&#8221;<\/p>\n<p>Some persons, Vincent was sure, would object that it was not the Congregation&#8217;s policy to give missions in episcopal cities. In the saint&#8217;s view, both obligations could still be honored in the present situation: &#8220;I have replied that the submission we owe to the bishops does not allow us to dispense from such missions, when they instruct us to do so, and that you yourself have just finished one in Terni, where [the cardinal) had ordered you to work. Consequently, we could do the same here on the orders of the archbishop of Paris, especially since it will be only for these poor afflicted refugees here.&#8221;<\/p>\n<\/div>\n<div>\n<p>&#8220;We should take our good wherever we find it.&#8221; Such is the instinct of the patron of charity \u2014 spontaneous, inclusive, selfless. Whatever the occasion demanded, Vincent would respond appropriately. &#8220;The prayers and good works of many&#8221; were always at hand as resources, but his zeal and his practical sense supplied the drive and the direction that effected the marvels of charity for which Vincent de Paul has become famous.<\/p>\n<\/div>\n","protected":false},"excerpt":{"rendered":"<p>The image that would best dramatize Vincent de Paul as the patron of charity would be to show him at the center of a whirlwind, its inner circle ringed with persons who defined his life: &#8230; <a href=\"http:\/\/vincentians.com\/en\/vincent-de-paul-patron-of-refugees\/\" class=\"more-link\">Read More<\/a><\/p>\n","protected":false},"author":4,"featured_media":150248,"comment_status":"open","ping_status":"open","sticky":false,"template":"","format":"standard","meta":{"jetpack_post_was_ever_published":false,"_jetpack_newsletter_access":"","_jetpack_dont_email_post_to_subs":false,"_jetpack_newsletter_tier_id":0,"_jetpack_memberships_contains_paywalled_content":false,"_jetpack_memberships_contains_paid_content":false,"footnotes":"","jetpack_publicize_message":"","jetpack_publicize_feature_enabled":true,"jetpack_social_post_already_shared":true,"jetpack_social_options":{"image_generator_settings":{"template":"highway","default_image_id":0,"font":"","enabled":false},"version":2}},"categories":[5],"tags":[],"class_list":["post-52931","post","type-post","status-publish","format-standard","has-post-thumbnail","hentry","category-vincent-de-paul"],"yoast_head":"<!-- This site is optimized with the Yoast SEO plugin v26.3 - https:\/\/yoast.com\/wordpress\/plugins\/seo\/ -->\n<title>Vincent de Paul, Patron of Refugees - We are Vincentians<\/title>\n<meta name=\"robots\" content=\"index, follow, max-snippet:-1, max-image-preview:large, max-video-preview:-1\" \/>\n<link rel=\"canonical\" href=\"http:\/\/vincentians.com\/en\/vincent-de-paul-patron-of-refugees\/\" \/>\n<meta property=\"og:locale\" content=\"en_US\" \/>\n<meta property=\"og:type\" content=\"article\" \/>\n<meta property=\"og:title\" content=\"Vincent de Paul, Patron of Refugees - We are Vincentians\" \/>\n<meta property=\"og:description\" content=\"The image that would best dramatize Vincent de Paul as the patron of charity would be to show him at the center of a whirlwind, its inner circle ringed with persons who defined his life: ... Read More\" \/>\n<meta property=\"og:url\" content=\"http:\/\/vincentians.com\/en\/vincent-de-paul-patron-of-refugees\/\" \/>\n<meta property=\"og:site_name\" content=\"We are Vincentians\" \/>\n<meta property=\"article:publisher\" content=\"https:\/\/www.facebook.com\/WeAreVincentians\/\" \/>\n<meta property=\"article:author\" content=\"https:\/\/www.facebook.com\/JavierChento\" \/>\n<meta property=\"article:published_time\" content=\"2016-08-07T16:00:06+00:00\" \/>\n<meta property=\"og:image\" content=\"https:\/\/i0.wp.com\/vincentians.com\/en\/wp-content\/uploads\/sites\/2\/2013\/12\/vincent-de-paul-with-poor.jpg?fit=1200%2C630\" \/>\n\t<meta property=\"og:image:width\" content=\"1200\" \/>\n\t<meta property=\"og:image:height\" content=\"630\" \/>\n\t<meta property=\"og:image:type\" content=\"image\/jpeg\" \/>\n<meta name=\"author\" content=\"Francisco Javier Fern\u00e1ndez Chento\" \/>\n<meta name=\"twitter:card\" content=\"summary_large_image\" \/>\n<meta name=\"twitter:creator\" content=\"@https:\/\/twitter.com\/javierchento\" \/>\n<meta name=\"twitter:site\" content=\"@WeVincentians\" \/>\n<meta name=\"twitter:label1\" content=\"Written by\" \/>\n\t<meta name=\"twitter:data1\" content=\"Francisco Javier Fern\u00e1ndez Chento\" \/>\n\t<meta name=\"twitter:label2\" content=\"Est. reading time\" \/>\n\t<meta name=\"twitter:data2\" content=\"5 minutes\" \/>\n<script type=\"application\/ld+json\" class=\"yoast-schema-graph\">{\"@context\":\"https:\/\/schema.org\",\"@graph\":[{\"@type\":\"Article\",\"@id\":\"http:\/\/vincentians.com\/en\/vincent-de-paul-patron-of-refugees\/#article\",\"isPartOf\":{\"@id\":\"http:\/\/vincentians.com\/en\/vincent-de-paul-patron-of-refugees\/\"},\"author\":{\"name\":\"Francisco Javier Fern\u00e1ndez Chento\",\"@id\":\"https:\/\/vincentians.com\/en\/#\/schema\/person\/9623ef4d9aa3b2dfb8c061f1499288f2\"},\"headline\":\"Vincent de Paul, Patron of Refugees\",\"datePublished\":\"2016-08-07T16:00:06+00:00\",\"mainEntityOfPage\":{\"@id\":\"http:\/\/vincentians.com\/en\/vincent-de-paul-patron-of-refugees\/\"},\"wordCount\":1013,\"commentCount\":0,\"publisher\":{\"@id\":\"https:\/\/vincentians.com\/en\/#organization\"},\"image\":{\"@id\":\"http:\/\/vincentians.com\/en\/vincent-de-paul-patron-of-refugees\/#primaryimage\"},\"thumbnailUrl\":\"https:\/\/i0.wp.com\/vincentians.com\/en\/wp-content\/uploads\/sites\/2\/2013\/12\/vincent-de-paul-with-poor.jpg?fit=1200%2C630\",\"articleSection\":[\"Vincent de Paul\"],\"inLanguage\":\"en-US\",\"potentialAction\":[{\"@type\":\"CommentAction\",\"name\":\"Comment\",\"target\":[\"http:\/\/vincentians.com\/en\/vincent-de-paul-patron-of-refugees\/#respond\"]}]},{\"@type\":\"WebPage\",\"@id\":\"http:\/\/vincentians.com\/en\/vincent-de-paul-patron-of-refugees\/\",\"url\":\"http:\/\/vincentians.com\/en\/vincent-de-paul-patron-of-refugees\/\",\"name\":\"Vincent de Paul, Patron of Refugees - We are Vincentians\",\"isPartOf\":{\"@id\":\"https:\/\/vincentians.com\/en\/#website\"},\"primaryImageOfPage\":{\"@id\":\"http:\/\/vincentians.com\/en\/vincent-de-paul-patron-of-refugees\/#primaryimage\"},\"image\":{\"@id\":\"http:\/\/vincentians.com\/en\/vincent-de-paul-patron-of-refugees\/#primaryimage\"},\"thumbnailUrl\":\"https:\/\/i0.wp.com\/vincentians.com\/en\/wp-content\/uploads\/sites\/2\/2013\/12\/vincent-de-paul-with-poor.jpg?fit=1200%2C630\",\"datePublished\":\"2016-08-07T16:00:06+00:00\",\"breadcrumb\":{\"@id\":\"http:\/\/vincentians.com\/en\/vincent-de-paul-patron-of-refugees\/#breadcrumb\"},\"inLanguage\":\"en-US\",\"potentialAction\":[{\"@type\":\"ReadAction\",\"target\":[\"http:\/\/vincentians.com\/en\/vincent-de-paul-patron-of-refugees\/\"]}]},{\"@type\":\"ImageObject\",\"inLanguage\":\"en-US\",\"@id\":\"http:\/\/vincentians.com\/en\/vincent-de-paul-patron-of-refugees\/#primaryimage\",\"url\":\"https:\/\/i0.wp.com\/vincentians.com\/en\/wp-content\/uploads\/sites\/2\/2013\/12\/vincent-de-paul-with-poor.jpg?fit=1200%2C630\",\"contentUrl\":\"https:\/\/i0.wp.com\/vincentians.com\/en\/wp-content\/uploads\/sites\/2\/2013\/12\/vincent-de-paul-with-poor.jpg?fit=1200%2C630\",\"width\":1200,\"height\":630},{\"@type\":\"BreadcrumbList\",\"@id\":\"http:\/\/vincentians.com\/en\/vincent-de-paul-patron-of-refugees\/#breadcrumb\",\"itemListElement\":[{\"@type\":\"ListItem\",\"position\":1,\"name\":\"Portada\",\"item\":\"https:\/\/vincentians.com\/en\/\"},{\"@type\":\"ListItem\",\"position\":2,\"name\":\"Vincent de Paul, Patron of Refugees\"}]},{\"@type\":\"WebSite\",\"@id\":\"https:\/\/vincentians.com\/en\/#website\",\"url\":\"https:\/\/vincentians.com\/en\/\",\"name\":\"We are Vincentians\",\"description\":\"Know more to serve more\",\"publisher\":{\"@id\":\"https:\/\/vincentians.com\/en\/#organization\"},\"potentialAction\":[{\"@type\":\"SearchAction\",\"target\":{\"@type\":\"EntryPoint\",\"urlTemplate\":\"https:\/\/vincentians.com\/en\/?s={search_term_string}\"},\"query-input\":{\"@type\":\"PropertyValueSpecification\",\"valueRequired\":true,\"valueName\":\"search_term_string\"}}],\"inLanguage\":\"en-US\"},{\"@type\":\"Organization\",\"@id\":\"https:\/\/vincentians.com\/en\/#organization\",\"name\":\"The Vincentian Network\",\"url\":\"https:\/\/vincentians.com\/en\/\",\"logo\":{\"@type\":\"ImageObject\",\"inLanguage\":\"en-US\",\"@id\":\"https:\/\/vincentians.com\/en\/#\/schema\/logo\/image\/\",\"url\":\"https:\/\/i1.wp.com\/vincentians.com\/en\/wp-content\/uploads\/sites\/2\/2016\/06\/Vincentian-Network-logo-big.png?fit=778%2C778&ssl=1\",\"contentUrl\":\"https:\/\/i1.wp.com\/vincentians.com\/en\/wp-content\/uploads\/sites\/2\/2016\/06\/Vincentian-Network-logo-big.png?fit=778%2C778&ssl=1\",\"width\":778,\"height\":778,\"caption\":\"The Vincentian Network\"},\"image\":{\"@id\":\"https:\/\/vincentians.com\/en\/#\/schema\/logo\/image\/\"},\"sameAs\":[\"https:\/\/www.facebook.com\/WeAreVincentians\/\",\"https:\/\/x.com\/WeVincentians\"]},{\"@type\":\"Person\",\"@id\":\"https:\/\/vincentians.com\/en\/#\/schema\/person\/9623ef4d9aa3b2dfb8c061f1499288f2\",\"name\":\"Francisco Javier Fern\u00e1ndez Chento\",\"image\":{\"@type\":\"ImageObject\",\"inLanguage\":\"en-US\",\"@id\":\"https:\/\/vincentians.com\/en\/#\/schema\/person\/image\/\",\"url\":\"https:\/\/secure.gravatar.com\/avatar\/497d5cde87b4c3d097d0315953521681ba2cd523ee66e5077c3711f7021e65de?s=96&d=mm&r=g\",\"contentUrl\":\"https:\/\/secure.gravatar.com\/avatar\/497d5cde87b4c3d097d0315953521681ba2cd523ee66e5077c3711f7021e65de?s=96&d=mm&r=g\",\"caption\":\"Francisco Javier Fern\u00e1ndez Chento\"},\"description\":\"Director General y cofundador de La Red de Formaci\u00f3n Vicenciana. Javier es laico vicenciano, afiliado a la Congregaci\u00f3n de la Misi\u00f3n y miembro del Equipo de Misiones Populares de la provincia can\u00f3nica de Zaragoza (Espa\u00f1a) de la Congregaci\u00f3n de la Misi\u00f3n. Graduado en la Universidad Oberta de Catalunya con cuatro grados (Asistente de direcci\u00f3n, Gesti\u00f3n Administrativa, Recursos Humanos y Contabilidad Avanzada). Bil\u00edng\u00fce Espa\u00f1ol\/Ingl\u00e9s. gestiona y mantiene varias p\u00e1ginas web cristianas y vicencianas, incluida including La Red de Formaci\u00f3n Vicenciana, de la que es cofundador. Actualmente es responsable del \u00e1rea de Espa\u00f1ol de .famvin, la Red de Noticias de la Familia Vicenciana. Tambi\u00e9n es m\u00fasico cat\u00f3lico y ha editado varios discos. Es Director General y cofundador de Trovador, una reconocida compa\u00f1\u00eda discogr\u00e1fica critiana de Espa\u00f1a. Trabaja en las Tecnolog\u00edas de la Informaci\u00f3n, ofreciendo servicios de alojamiento, dise\u00f1o y mantenimiento Web, as\u00ed como asesoramiento, formaci\u00f3n y soluciones inform\u00e1ticas, gesti\u00f3n documental y digitalizaci\u00f3n de textos, edici\u00f3n y maquetaci\u00f3n de libros, revistas, flyers, etc.\",\"sameAs\":[\"http:\/\/chento.org\",\"https:\/\/www.facebook.com\/JavierChento\",\"https:\/\/x.com\/https:\/\/twitter.com\/javierchento\"],\"url\":\"http:\/\/vincentians.com\/en\/author\/chento\/\"}]}<\/script>\n<!-- \/ Yoast SEO plugin. -->","yoast_head_json":{"title":"Vincent de Paul, Patron of Refugees - We are Vincentians","robots":{"index":"index","follow":"follow","max-snippet":"max-snippet:-1","max-image-preview":"max-image-preview:large","max-video-preview":"max-video-preview:-1"},"canonical":"http:\/\/vincentians.com\/en\/vincent-de-paul-patron-of-refugees\/","og_locale":"en_US","og_type":"article","og_title":"Vincent de Paul, Patron of Refugees - We are Vincentians","og_description":"The image that would best dramatize Vincent de Paul as the patron of charity would be to show him at the center of a whirlwind, its inner circle ringed with persons who defined his life: ... Read More","og_url":"http:\/\/vincentians.com\/en\/vincent-de-paul-patron-of-refugees\/","og_site_name":"We are Vincentians","article_publisher":"https:\/\/www.facebook.com\/WeAreVincentians\/","article_author":"https:\/\/www.facebook.com\/JavierChento","article_published_time":"2016-08-07T16:00:06+00:00","og_image":[{"width":1200,"height":630,"url":"https:\/\/i0.wp.com\/vincentians.com\/en\/wp-content\/uploads\/sites\/2\/2013\/12\/vincent-de-paul-with-poor.jpg?fit=1200%2C630","type":"image\/jpeg"}],"author":"Francisco Javier Fern\u00e1ndez Chento","twitter_card":"summary_large_image","twitter_creator":"@https:\/\/twitter.com\/javierchento","twitter_site":"@WeVincentians","twitter_misc":{"Written by":"Francisco Javier Fern\u00e1ndez Chento","Est. reading time":"5 minutes"},"schema":{"@context":"https:\/\/schema.org","@graph":[{"@type":"Article","@id":"http:\/\/vincentians.com\/en\/vincent-de-paul-patron-of-refugees\/#article","isPartOf":{"@id":"http:\/\/vincentians.com\/en\/vincent-de-paul-patron-of-refugees\/"},"author":{"name":"Francisco Javier Fern\u00e1ndez Chento","@id":"https:\/\/vincentians.com\/en\/#\/schema\/person\/9623ef4d9aa3b2dfb8c061f1499288f2"},"headline":"Vincent de Paul, Patron of Refugees","datePublished":"2016-08-07T16:00:06+00:00","mainEntityOfPage":{"@id":"http:\/\/vincentians.com\/en\/vincent-de-paul-patron-of-refugees\/"},"wordCount":1013,"commentCount":0,"publisher":{"@id":"https:\/\/vincentians.com\/en\/#organization"},"image":{"@id":"http:\/\/vincentians.com\/en\/vincent-de-paul-patron-of-refugees\/#primaryimage"},"thumbnailUrl":"https:\/\/i0.wp.com\/vincentians.com\/en\/wp-content\/uploads\/sites\/2\/2013\/12\/vincent-de-paul-with-poor.jpg?fit=1200%2C630","articleSection":["Vincent de Paul"],"inLanguage":"en-US","potentialAction":[{"@type":"CommentAction","name":"Comment","target":["http:\/\/vincentians.com\/en\/vincent-de-paul-patron-of-refugees\/#respond"]}]},{"@type":"WebPage","@id":"http:\/\/vincentians.com\/en\/vincent-de-paul-patron-of-refugees\/","url":"http:\/\/vincentians.com\/en\/vincent-de-paul-patron-of-refugees\/","name":"Vincent de Paul, Patron of Refugees - We are Vincentians","isPartOf":{"@id":"https:\/\/vincentians.com\/en\/#website"},"primaryImageOfPage":{"@id":"http:\/\/vincentians.com\/en\/vincent-de-paul-patron-of-refugees\/#primaryimage"},"image":{"@id":"http:\/\/vincentians.com\/en\/vincent-de-paul-patron-of-refugees\/#primaryimage"},"thumbnailUrl":"https:\/\/i0.wp.com\/vincentians.com\/en\/wp-content\/uploads\/sites\/2\/2013\/12\/vincent-de-paul-with-poor.jpg?fit=1200%2C630","datePublished":"2016-08-07T16:00:06+00:00","breadcrumb":{"@id":"http:\/\/vincentians.com\/en\/vincent-de-paul-patron-of-refugees\/#breadcrumb"},"inLanguage":"en-US","potentialAction":[{"@type":"ReadAction","target":["http:\/\/vincentians.com\/en\/vincent-de-paul-patron-of-refugees\/"]}]},{"@type":"ImageObject","inLanguage":"en-US","@id":"http:\/\/vincentians.com\/en\/vincent-de-paul-patron-of-refugees\/#primaryimage","url":"https:\/\/i0.wp.com\/vincentians.com\/en\/wp-content\/uploads\/sites\/2\/2013\/12\/vincent-de-paul-with-poor.jpg?fit=1200%2C630","contentUrl":"https:\/\/i0.wp.com\/vincentians.com\/en\/wp-content\/uploads\/sites\/2\/2013\/12\/vincent-de-paul-with-poor.jpg?fit=1200%2C630","width":1200,"height":630},{"@type":"BreadcrumbList","@id":"http:\/\/vincentians.com\/en\/vincent-de-paul-patron-of-refugees\/#breadcrumb","itemListElement":[{"@type":"ListItem","position":1,"name":"Portada","item":"https:\/\/vincentians.com\/en\/"},{"@type":"ListItem","position":2,"name":"Vincent de Paul, Patron of Refugees"}]},{"@type":"WebSite","@id":"https:\/\/vincentians.com\/en\/#website","url":"https:\/\/vincentians.com\/en\/","name":"We are Vincentians","description":"Know more to serve more","publisher":{"@id":"https:\/\/vincentians.com\/en\/#organization"},"potentialAction":[{"@type":"SearchAction","target":{"@type":"EntryPoint","urlTemplate":"https:\/\/vincentians.com\/en\/?s={search_term_string}"},"query-input":{"@type":"PropertyValueSpecification","valueRequired":true,"valueName":"search_term_string"}}],"inLanguage":"en-US"},{"@type":"Organization","@id":"https:\/\/vincentians.com\/en\/#organization","name":"The Vincentian Network","url":"https:\/\/vincentians.com\/en\/","logo":{"@type":"ImageObject","inLanguage":"en-US","@id":"https:\/\/vincentians.com\/en\/#\/schema\/logo\/image\/","url":"https:\/\/i1.wp.com\/vincentians.com\/en\/wp-content\/uploads\/sites\/2\/2016\/06\/Vincentian-Network-logo-big.png?fit=778%2C778&ssl=1","contentUrl":"https:\/\/i1.wp.com\/vincentians.com\/en\/wp-content\/uploads\/sites\/2\/2016\/06\/Vincentian-Network-logo-big.png?fit=778%2C778&ssl=1","width":778,"height":778,"caption":"The Vincentian Network"},"image":{"@id":"https:\/\/vincentians.com\/en\/#\/schema\/logo\/image\/"},"sameAs":["https:\/\/www.facebook.com\/WeAreVincentians\/","https:\/\/x.com\/WeVincentians"]},{"@type":"Person","@id":"https:\/\/vincentians.com\/en\/#\/schema\/person\/9623ef4d9aa3b2dfb8c061f1499288f2","name":"Francisco Javier Fern\u00e1ndez Chento","image":{"@type":"ImageObject","inLanguage":"en-US","@id":"https:\/\/vincentians.com\/en\/#\/schema\/person\/image\/","url":"https:\/\/secure.gravatar.com\/avatar\/497d5cde87b4c3d097d0315953521681ba2cd523ee66e5077c3711f7021e65de?s=96&d=mm&r=g","contentUrl":"https:\/\/secure.gravatar.com\/avatar\/497d5cde87b4c3d097d0315953521681ba2cd523ee66e5077c3711f7021e65de?s=96&d=mm&r=g","caption":"Francisco Javier Fern\u00e1ndez Chento"},"description":"Director General y cofundador de La Red de Formaci\u00f3n Vicenciana. Javier es laico vicenciano, afiliado a la Congregaci\u00f3n de la Misi\u00f3n y miembro del Equipo de Misiones Populares de la provincia can\u00f3nica de Zaragoza (Espa\u00f1a) de la Congregaci\u00f3n de la Misi\u00f3n. Graduado en la Universidad Oberta de Catalunya con cuatro grados (Asistente de direcci\u00f3n, Gesti\u00f3n Administrativa, Recursos Humanos y Contabilidad Avanzada). Bil\u00edng\u00fce Espa\u00f1ol\/Ingl\u00e9s. gestiona y mantiene varias p\u00e1ginas web cristianas y vicencianas, incluida including La Red de Formaci\u00f3n Vicenciana, de la que es cofundador. Actualmente es responsable del \u00e1rea de Espa\u00f1ol de .famvin, la Red de Noticias de la Familia Vicenciana. Tambi\u00e9n es m\u00fasico cat\u00f3lico y ha editado varios discos. Es Director General y cofundador de Trovador, una reconocida compa\u00f1\u00eda discogr\u00e1fica critiana de Espa\u00f1a. Trabaja en las Tecnolog\u00edas de la Informaci\u00f3n, ofreciendo servicios de alojamiento, dise\u00f1o y mantenimiento Web, as\u00ed como asesoramiento, formaci\u00f3n y soluciones inform\u00e1ticas, gesti\u00f3n documental y digitalizaci\u00f3n de textos, edici\u00f3n y maquetaci\u00f3n de libros, revistas, flyers, etc.","sameAs":["http:\/\/chento.org","https:\/\/www.facebook.com\/JavierChento","https:\/\/x.com\/https:\/\/twitter.com\/javierchento"],"url":"http:\/\/vincentians.com\/en\/author\/chento\/"}]}},"jetpack_publicize_connections":[],"jetpack_featured_media_url":"https:\/\/i0.wp.com\/vincentians.com\/en\/wp-content\/uploads\/sites\/2\/2013\/12\/vincent-de-paul-with-poor.jpg?fit=1200%2C630","jetpack_sharing_enabled":true,"jetpack_shortlink":"https:\/\/wp.me\/p7K2Ow-dLJ","jetpack-related-posts":[{"id":41990,"url":"http:\/\/vincentians.com\/en\/vincentian-family-tree\/","url_meta":{"origin":52931,"position":0},"title":"Vincentian Family Tree","author":"Francisco Javier Fern\u00e1ndez Chento","date":"January 6, 2016","format":false,"excerpt":"Catholic Institutes of Consecrated Life And Societies of Apostolic Life 1.1 Institutes founded by Vincent de Paul. FRANCE Congregation of the Mission (Lazarists or Vincentian Fathers and Brothers) Company of the Daughters of Charity of Saint Vincent de Paul, Servants of the Sick Poor (Grey Sisters) 1.2 Institutes which adopted\u2026","rel":"","context":"In &quot;Branches&quot;","block_context":{"text":"Branches","link":"http:\/\/vincentians.com\/en\/category\/the-vincentian-family\/branches\/"},"img":{"alt_text":"","src":"https:\/\/i0.wp.com\/vincentians.com\/en\/wp-content\/uploads\/sites\/2\/2016\/01\/family-tree.jpg?fit=1200%2C630&resize=350%2C200","width":350,"height":200,"srcset":"https:\/\/i0.wp.com\/vincentians.com\/en\/wp-content\/uploads\/sites\/2\/2016\/01\/family-tree.jpg?fit=1200%2C630&resize=350%2C200 1x, https:\/\/i0.wp.com\/vincentians.com\/en\/wp-content\/uploads\/sites\/2\/2016\/01\/family-tree.jpg?fit=1200%2C630&resize=525%2C300 1.5x, https:\/\/i0.wp.com\/vincentians.com\/en\/wp-content\/uploads\/sites\/2\/2016\/01\/family-tree.jpg?fit=1200%2C630&resize=700%2C400 2x, https:\/\/i0.wp.com\/vincentians.com\/en\/wp-content\/uploads\/sites\/2\/2016\/01\/family-tree.jpg?fit=1200%2C630&resize=1050%2C600 3x"},"classes":[]},{"id":150959,"url":"http:\/\/vincentians.com\/en\/frederic-ozanam-and-the-way-of-st-vincent-paul\/","url_meta":{"origin":52931,"position":1},"title":"Frederic Ozanam and the way of St. Vincent de Paul","author":"Francisco Javier Fern\u00e1ndez Chento","date":"July 17, 2016","format":false,"excerpt":"Frederic Ozanam and his colleagues were quick to learn the way of St. Vincent de Paul or the Vincentian way of going to help people who were poor. The Vincentian way is the way of Incarnation. The reality that Vincent de Paul brought to every experience was: \u2018God is in\u2026","rel":"","context":"In &quot;Fr\u00e9d\u00e9ric Ozanam&quot;","block_context":{"text":"Fr\u00e9d\u00e9ric Ozanam","link":"http:\/\/vincentians.com\/en\/category\/the-vincentian-family\/founders\/frederic-ozanam\/"},"img":{"alt_text":"","src":"https:\/\/i0.wp.com\/vincentians.com\/en\/wp-content\/uploads\/sites\/2\/2016\/07\/young-ozanam.jpg?fit=1200%2C630&resize=350%2C200","width":350,"height":200,"srcset":"https:\/\/i0.wp.com\/vincentians.com\/en\/wp-content\/uploads\/sites\/2\/2016\/07\/young-ozanam.jpg?fit=1200%2C630&resize=350%2C200 1x, https:\/\/i0.wp.com\/vincentians.com\/en\/wp-content\/uploads\/sites\/2\/2016\/07\/young-ozanam.jpg?fit=1200%2C630&resize=525%2C300 1.5x, https:\/\/i0.wp.com\/vincentians.com\/en\/wp-content\/uploads\/sites\/2\/2016\/07\/young-ozanam.jpg?fit=1200%2C630&resize=700%2C400 2x, https:\/\/i0.wp.com\/vincentians.com\/en\/wp-content\/uploads\/sites\/2\/2016\/07\/young-ozanam.jpg?fit=1200%2C630&resize=1050%2C600 3x"},"classes":[]},{"id":100871,"url":"http:\/\/vincentians.com\/en\/vincents-infancy-fifteen-years-in-a-rural-area\/","url_meta":{"origin":52931,"position":2},"title":"Vincent&#8217;s Infancy: Fifteen Years in a Rural Area","author":"Francisco Javier Fern\u00e1ndez Chento","date":"August 7, 2016","format":false,"excerpt":"1. Vincent, son of plowmen and farmers I was saying with consolation, a few days ago when I was preaching in a community, that I am the son of a poor farmer; and in another gathering, that I have looked after pigs (CCD:I:206). Alas! Monsieur, how you embarrass the son\u2026","rel":"","context":"In &quot;Vincent de Paul&quot;","block_context":{"text":"Vincent de Paul","link":"http:\/\/vincentians.com\/en\/category\/the-vincentian-family\/founders\/vincent-de-paul\/"},"img":{"alt_text":"","src":"https:\/\/i0.wp.com\/vincentians.com\/en\/wp-content\/uploads\/sites\/2\/2012\/12\/vincent-de-paul-ranquines-background.jpg?fit=1200%2C630&resize=350%2C200","width":350,"height":200,"srcset":"https:\/\/i0.wp.com\/vincentians.com\/en\/wp-content\/uploads\/sites\/2\/2012\/12\/vincent-de-paul-ranquines-background.jpg?fit=1200%2C630&resize=350%2C200 1x, https:\/\/i0.wp.com\/vincentians.com\/en\/wp-content\/uploads\/sites\/2\/2012\/12\/vincent-de-paul-ranquines-background.jpg?fit=1200%2C630&resize=525%2C300 1.5x, https:\/\/i0.wp.com\/vincentians.com\/en\/wp-content\/uploads\/sites\/2\/2012\/12\/vincent-de-paul-ranquines-background.jpg?fit=1200%2C630&resize=700%2C400 2x, https:\/\/i0.wp.com\/vincentians.com\/en\/wp-content\/uploads\/sites\/2\/2012\/12\/vincent-de-paul-ranquines-background.jpg?fit=1200%2C630&resize=1050%2C600 3x"},"classes":[]},{"id":108145,"url":"http:\/\/vincentians.com\/en\/how-st-vincent-ferrer-influenced-st-vincent-de-paul\/","url_meta":{"origin":52931,"position":3},"title":"How St Vincent Ferrer influenced St Vincent de Paul","author":"Francisco Javier Fern\u00e1ndez Chento","date":"November 18, 2013","format":false,"excerpt":"When I was reading about the life and works of Vincent Ferrer, whom I admire enormously, I was surprised to find that some of his biographers mentioned that he had a significant influence on St Vincent de Paul. For instance, in his book, St Vincent Ferrer: The Angel of the\u2026","rel":"","context":"In &quot;Vincent de Paul&quot;","block_context":{"text":"Vincent de Paul","link":"http:\/\/vincentians.com\/en\/category\/the-vincentian-family\/founders\/vincent-de-paul\/"},"img":{"alt_text":"","src":"https:\/\/i0.wp.com\/vincentians.com\/en\/wp-content\/uploads\/sites\/2\/2013\/11\/st-vincent-ferrer.jpg?fit=1200%2C630&resize=350%2C200","width":350,"height":200,"srcset":"https:\/\/i0.wp.com\/vincentians.com\/en\/wp-content\/uploads\/sites\/2\/2013\/11\/st-vincent-ferrer.jpg?fit=1200%2C630&resize=350%2C200 1x, https:\/\/i0.wp.com\/vincentians.com\/en\/wp-content\/uploads\/sites\/2\/2013\/11\/st-vincent-ferrer.jpg?fit=1200%2C630&resize=525%2C300 1.5x, https:\/\/i0.wp.com\/vincentians.com\/en\/wp-content\/uploads\/sites\/2\/2013\/11\/st-vincent-ferrer.jpg?fit=1200%2C630&resize=700%2C400 2x, https:\/\/i0.wp.com\/vincentians.com\/en\/wp-content\/uploads\/sites\/2\/2013\/11\/st-vincent-ferrer.jpg?fit=1200%2C630&resize=1050%2C600 3x"},"classes":[]},{"id":65031,"url":"http:\/\/vincentians.com\/en\/frederic-ozanam-a-layman-for-now-chapter-3\/","url_meta":{"origin":52931,"position":4},"title":"Fr\u00e9d\u00e9ric Ozanam, A Layman for Now. Chapter 3","author":"Francisco Javier Fern\u00e1ndez Chento","date":"September 11, 2016","format":false,"excerpt":"Chapter 3 - The Spirit of Gospel and St. Vincent de Paul Frederic Ozanam is appropriately buried in the crypt of the Church of St. Joseph des Carmes which adjoins and serves the students attending the Institut Catholique in Paris. Above his tomb is a mural depicting the parable of\u2026","rel":"","context":"In &quot;Fr\u00e9d\u00e9ric Ozanam&quot;","block_context":{"text":"Fr\u00e9d\u00e9ric Ozanam","link":"http:\/\/vincentians.com\/en\/category\/the-vincentian-family\/founders\/frederic-ozanam\/"},"img":{"alt_text":"","src":"https:\/\/i0.wp.com\/vincentians.com\/en\/wp-content\/uploads\/sites\/2\/2016\/07\/frederic-ozanam-layman-for-now.jpg?fit=1200%2C630&resize=350%2C200","width":350,"height":200,"srcset":"https:\/\/i0.wp.com\/vincentians.com\/en\/wp-content\/uploads\/sites\/2\/2016\/07\/frederic-ozanam-layman-for-now.jpg?fit=1200%2C630&resize=350%2C200 1x, https:\/\/i0.wp.com\/vincentians.com\/en\/wp-content\/uploads\/sites\/2\/2016\/07\/frederic-ozanam-layman-for-now.jpg?fit=1200%2C630&resize=525%2C300 1.5x, https:\/\/i0.wp.com\/vincentians.com\/en\/wp-content\/uploads\/sites\/2\/2016\/07\/frederic-ozanam-layman-for-now.jpg?fit=1200%2C630&resize=700%2C400 2x, https:\/\/i0.wp.com\/vincentians.com\/en\/wp-content\/uploads\/sites\/2\/2016\/07\/frederic-ozanam-layman-for-now.jpg?fit=1200%2C630&resize=1050%2C600 3x"},"classes":[]},{"id":105332,"url":"http:\/\/vincentians.com\/en\/the-life-of-vincent-de-paul-abelly-book-i-chapter-xli\/","url_meta":{"origin":52931,"position":5},"title":"The Life of Vincent de Paul (Abelly): Book I, Chapter XLI","author":"Francisco Javier Fern\u00e1ndez Chento","date":"August 13, 2016","format":false,"excerpt":"The Death of the Prior of Saint Lazare. Monsieur Vincent's Appreciation of Him Monsieur Adrian Le Bon, the prior of Saint Lazare, was the instrument in God's hand, as we have said, for bringing Monsieur Vincent and his priests to Saint Lazare. Not only did he agree that Monsieur Vincent\u2026","rel":"","context":"In &quot;Vincent de Paul&quot;","block_context":{"text":"Vincent de Paul","link":"http:\/\/vincentians.com\/en\/category\/the-vincentian-family\/founders\/vincent-de-paul\/"},"img":{"alt_text":"","src":"https:\/\/i0.wp.com\/vincentians.com\/en\/wp-content\/uploads\/sites\/2\/2016\/07\/abelly-feat.jpg?fit=1200%2C630&resize=350%2C200","width":350,"height":200,"srcset":"https:\/\/i0.wp.com\/vincentians.com\/en\/wp-content\/uploads\/sites\/2\/2016\/07\/abelly-feat.jpg?fit=1200%2C630&resize=350%2C200 1x, https:\/\/i0.wp.com\/vincentians.com\/en\/wp-content\/uploads\/sites\/2\/2016\/07\/abelly-feat.jpg?fit=1200%2C630&resize=525%2C300 1.5x, https:\/\/i0.wp.com\/vincentians.com\/en\/wp-content\/uploads\/sites\/2\/2016\/07\/abelly-feat.jpg?fit=1200%2C630&resize=700%2C400 2x, https:\/\/i0.wp.com\/vincentians.com\/en\/wp-content\/uploads\/sites\/2\/2016\/07\/abelly-feat.jpg?fit=1200%2C630&resize=1050%2C600 3x"},"classes":[]}],"_links":{"self":[{"href":"http:\/\/vincentians.com\/en\/wp-json\/wp\/v2\/posts\/52931","targetHints":{"allow":["GET"]}}],"collection":[{"href":"http:\/\/vincentians.com\/en\/wp-json\/wp\/v2\/posts"}],"about":[{"href":"http:\/\/vincentians.com\/en\/wp-json\/wp\/v2\/types\/post"}],"author":[{"embeddable":true,"href":"http:\/\/vincentians.com\/en\/wp-json\/wp\/v2\/users\/4"}],"replies":[{"embeddable":true,"href":"http:\/\/vincentians.com\/en\/wp-json\/wp\/v2\/comments?post=52931"}],"version-history":[{"count":0,"href":"http:\/\/vincentians.com\/en\/wp-json\/wp\/v2\/posts\/52931\/revisions"}],"wp:featuredmedia":[{"embeddable":true,"href":"http:\/\/vincentians.com\/en\/wp-json\/wp\/v2\/media\/150248"}],"wp:attachment":[{"href":"http:\/\/vincentians.com\/en\/wp-json\/wp\/v2\/media?parent=52931"}],"wp:term":[{"taxonomy":"category","embeddable":true,"href":"http:\/\/vincentians.com\/en\/wp-json\/wp\/v2\/categories?post=52931"},{"taxonomy":"post_tag","embeddable":true,"href":"http:\/\/vincentians.com\/en\/wp-json\/wp\/v2\/tags?post=52931"}],"curies":[{"name":"wp","href":"https:\/\/api.w.org\/{rel}","templated":true}]}}