{"id":52588,"date":"2015-05-16T06:31:36","date_gmt":"2015-05-16T04:31:36","guid":{"rendered":"http:\/\/somos.vicencianos.org\/blog\/2011\/10\/society-at-the-time-of-saint-vincent-de-paul\/"},"modified":"2016-07-10T19:24:51","modified_gmt":"2016-07-10T17:24:51","slug":"society-at-the-time-of-saint-vincent-de-paul-i","status":"publish","type":"post","link":"http:\/\/vincentians.com\/en\/society-at-the-time-of-saint-vincent-de-paul-i\/","title":{"rendered":"Society at the time of Saint Vincent de Paul (I)"},"content":{"rendered":"<h2>Introduction<\/h2>\n<p>In the spirit of Vincent de Paul, life, thoughts and action inter\u00admingle and come forth from within him. That is why it is impossible to approach this committed and daring believer outside the political, social, economic and religious circumstances that developed during his lifetime. His life and his thoughts were a constant effort to assimilate the reality of his time and to respond generously to the situations and the problems that history offered to him. It is impossible to discover the <em>meaning <\/em>of history, to reread the &#8220;writings of history,&#8221; to interpret the <em>Vincent de Paul event, <\/em>without knowing the <em>archaeology of history. <\/em>Anything else would only be projected fantasies inconsistent with history, creating a &#8220;view&#8221; lacking in meaning and objective. To forget this would be to ignore the fact that Vincent de Paul was the type of man for whom life and thought develop in reciprocal interaction. The realities of his life, the circumstances and opportunities that came his way, the ongoing experiences that shaped him, become a rich source for reflection, which in turn become a source for practical ways of acting. That is why his life constitutes a hermeneutical principle for his thought, and his doctrine is the formulation of his <em>faith and his experience. <\/em>In this faith and in this experience, he integrates what he is and what he under\u00adstands, what he discovers and what he suspects, that is, the political, social, economic and religious world in which his life unfolds.<\/p>\n<h2>Difficulties in understanding institutional history at the time of Vincent de Paul<\/h2>\n<p>To analyze the society in the time of Vincent de Paul (1581\u00ad1660) does not involve the application of certain pre-established schema, taken from certain old or new systems conceived on the edge or outside of society. The role of the historian is not to construct pre\u00adestablished systems, but rather to observe, discover, try to understand and help promote understanding.<\/p>\n<p>All scholastic, juridical or worldly forms of classification vanish before the essential: this society was above all a rural society, organized in function of the earth. It developed in several demographic, economic, juridical and mental frameworks which help us to understand it. In this sense, it should be noted that the notion of a &#8220;society of orders,&#8221; even if it is interesting, useful and frequently exact, cannot completely explain this society. The uncompromising formalism of the notion of &#8220;society of classes&#8221; is also useful, and to some extent exact, but it also falls short of taking into account what this society involves. To under\u00adstand the society at the time of Vincent de Paul, it is necessary to enter into it slowly, to analyze its demographical, economical, political and religious aspects. Our re-reading of the history of this society has to happen necessarily within &#8220;what has been written&#8221; and in &#8220;what has been said.&#8221; If unfortunately we do not have all the secrets of this key that allows us to interpret them, we can, however, take note of the dangers that exist when examining it.<\/p>\n<h3>First danger: the sources<\/h3>\n<p>For a long time, an understanding of the institutional history of France at the time of Vincent de Paul was developed almost exclu\u00adsively from official texts: ordinances, administrative rules, instructions addressed to those who were to apply them and put them into practice in the provinces. In this way, there was a tendency to overestimate the efficiency of the &#8220;administrative monarchy.&#8221; We cannot doubt the value of these documents. At the same time, however, it must be admitted that they do not show us the concrete application of these decisions that were made at the highest governmental level of the nation. Moreover, given the fact that they were done repeatedly, we would tend to doubt their effectiveness. There are other sources, such as notary, judicial and private sources, which today allow us to perceive much more clearly the concrete resistances that arose against the orders coming from central power.<\/p>\n<h3>Second danger: atomization of institutional studies<\/h3>\n<p>In keeping with an apparent logic, one can successively approach the Councils of the King, the executive officers, the judiciary bodies, the officers responsible for fiscal functions, the recruitment and organization of armies and the units of local life. All of these aspects have been examined in excellent studies, to which we will refer. The purpose is to understand the broad outline of the global functioning of the system as it evolved.<\/p>\n<h3>Third danger: the temptation to characterize history in a linear way<\/h3>\n<p>One cannot doubt the growing efficiency throughout the 17th century of the system or machinery of centralized power in French society whose decisive progress occurred at the end of the same century during the reign of Louis XIV. But this progress was not attained without reactions and repercussions: periodically the political, eco\u00adnomical, or military situation called into question what had already been considered to be established.<\/p>\n","protected":false},"excerpt":{"rendered":"<p>Introduction In the spirit of Vincent de Paul, life, thoughts and action inter\u00admingle and come forth from within him. That is why it is impossible to approach this committed and daring believer outside the political, &#8230; <a href=\"http:\/\/vincentians.com\/en\/society-at-the-time-of-saint-vincent-de-paul-i\/\" class=\"more-link\">Read More<\/a><\/p>\n","protected":false},"author":4,"featured_media":149124,"comment_status":"open","ping_status":"open","sticky":false,"template":"","format":"standard","meta":{"jetpack_post_was_ever_published":false,"_jetpack_newsletter_access":"","_jetpack_dont_email_post_to_subs":false,"_jetpack_newsletter_tier_id":0,"_jetpack_memberships_contains_paywalled_content":false,"_jetpack_memberships_contains_paid_content":false,"footnotes":"","jetpack_publicize_message":"","jetpack_publicize_feature_enabled":true,"jetpack_social_post_already_shared":false,"jetpack_social_options":{"image_generator_settings":{"template":"highway","default_image_id":0,"font":"","enabled":false},"version":2}},"categories":[17],"tags":[],"class_list":["post-52588","post","type-post","status-publish","format-standard","has-post-thumbnail","hentry","category-at-the-time-of-vincent-de-paul"],"yoast_head":"<!-- This site is optimized with the Yoast SEO plugin v26.3 - https:\/\/yoast.com\/wordpress\/plugins\/seo\/ -->\n<title>Society at the time of Saint Vincent de Paul (I) - We are Vincentians<\/title>\n<meta name=\"robots\" content=\"index, follow, max-snippet:-1, max-image-preview:large, max-video-preview:-1\" \/>\n<link rel=\"canonical\" href=\"http:\/\/vincentians.com\/en\/society-at-the-time-of-saint-vincent-de-paul-i\/\" \/>\n<meta property=\"og:locale\" content=\"en_US\" \/>\n<meta property=\"og:type\" content=\"article\" \/>\n<meta property=\"og:title\" content=\"Society at the time of Saint Vincent de Paul (I) - We are Vincentians\" \/>\n<meta property=\"og:description\" content=\"Introduction In the spirit of Vincent de Paul, life, thoughts and action inter\u00admingle and come forth from within him. That is why it is impossible to approach this committed and daring believer outside the political, ... Read More\" \/>\n<meta property=\"og:url\" content=\"http:\/\/vincentians.com\/en\/society-at-the-time-of-saint-vincent-de-paul-i\/\" \/>\n<meta property=\"og:site_name\" content=\"We are Vincentians\" \/>\n<meta property=\"article:publisher\" content=\"https:\/\/www.facebook.com\/WeAreVincentians\/\" \/>\n<meta property=\"article:author\" content=\"https:\/\/www.facebook.com\/JavierChento\" \/>\n<meta property=\"article:published_time\" content=\"2015-05-16T04:31:36+00:00\" \/>\n<meta property=\"article:modified_time\" content=\"2016-07-10T17:24:51+00:00\" \/>\n<meta property=\"og:image\" content=\"https:\/\/i0.wp.com\/vincentians.com\/en\/wp-content\/uploads\/sites\/2\/2016\/06\/Society-at-the-time-of-Saint-Vincent-de-Paul.jpg?fit=1200%2C630\" \/>\n\t<meta property=\"og:image:width\" content=\"1200\" \/>\n\t<meta property=\"og:image:height\" content=\"630\" \/>\n\t<meta property=\"og:image:type\" content=\"image\/jpeg\" \/>\n<meta name=\"author\" content=\"Francisco Javier Fern\u00e1ndez Chento\" \/>\n<meta name=\"twitter:card\" content=\"summary_large_image\" \/>\n<meta name=\"twitter:creator\" content=\"@https:\/\/twitter.com\/javierchento\" \/>\n<meta name=\"twitter:site\" content=\"@WeVincentians\" \/>\n<meta name=\"twitter:label1\" content=\"Written by\" \/>\n\t<meta name=\"twitter:data1\" content=\"Francisco Javier Fern\u00e1ndez Chento\" \/>\n\t<meta name=\"twitter:label2\" content=\"Est. reading time\" \/>\n\t<meta name=\"twitter:data2\" content=\"4 minutes\" \/>\n<script type=\"application\/ld+json\" class=\"yoast-schema-graph\">{\"@context\":\"https:\/\/schema.org\",\"@graph\":[{\"@type\":\"Article\",\"@id\":\"http:\/\/vincentians.com\/en\/society-at-the-time-of-saint-vincent-de-paul-i\/#article\",\"isPartOf\":{\"@id\":\"http:\/\/vincentians.com\/en\/society-at-the-time-of-saint-vincent-de-paul-i\/\"},\"author\":{\"name\":\"Francisco Javier Fern\u00e1ndez Chento\",\"@id\":\"https:\/\/vincentians.com\/en\/#\/schema\/person\/9623ef4d9aa3b2dfb8c061f1499288f2\"},\"headline\":\"Society at the time of Saint Vincent de Paul (I)\",\"datePublished\":\"2015-05-16T04:31:36+00:00\",\"dateModified\":\"2016-07-10T17:24:51+00:00\",\"mainEntityOfPage\":{\"@id\":\"http:\/\/vincentians.com\/en\/society-at-the-time-of-saint-vincent-de-paul-i\/\"},\"wordCount\":824,\"commentCount\":0,\"publisher\":{\"@id\":\"https:\/\/vincentians.com\/en\/#organization\"},\"image\":{\"@id\":\"http:\/\/vincentians.com\/en\/society-at-the-time-of-saint-vincent-de-paul-i\/#primaryimage\"},\"thumbnailUrl\":\"https:\/\/i0.wp.com\/vincentians.com\/en\/wp-content\/uploads\/sites\/2\/2016\/06\/Society-at-the-time-of-Saint-Vincent-de-Paul.jpg?fit=1200%2C630\",\"articleSection\":[\"At the time of Vincent de Paul\"],\"inLanguage\":\"en-US\",\"potentialAction\":[{\"@type\":\"CommentAction\",\"name\":\"Comment\",\"target\":[\"http:\/\/vincentians.com\/en\/society-at-the-time-of-saint-vincent-de-paul-i\/#respond\"]}]},{\"@type\":\"WebPage\",\"@id\":\"http:\/\/vincentians.com\/en\/society-at-the-time-of-saint-vincent-de-paul-i\/\",\"url\":\"http:\/\/vincentians.com\/en\/society-at-the-time-of-saint-vincent-de-paul-i\/\",\"name\":\"Society at the time of Saint Vincent de Paul (I) - We are Vincentians\",\"isPartOf\":{\"@id\":\"https:\/\/vincentians.com\/en\/#website\"},\"primaryImageOfPage\":{\"@id\":\"http:\/\/vincentians.com\/en\/society-at-the-time-of-saint-vincent-de-paul-i\/#primaryimage\"},\"image\":{\"@id\":\"http:\/\/vincentians.com\/en\/society-at-the-time-of-saint-vincent-de-paul-i\/#primaryimage\"},\"thumbnailUrl\":\"https:\/\/i0.wp.com\/vincentians.com\/en\/wp-content\/uploads\/sites\/2\/2016\/06\/Society-at-the-time-of-Saint-Vincent-de-Paul.jpg?fit=1200%2C630\",\"datePublished\":\"2015-05-16T04:31:36+00:00\",\"dateModified\":\"2016-07-10T17:24:51+00:00\",\"breadcrumb\":{\"@id\":\"http:\/\/vincentians.com\/en\/society-at-the-time-of-saint-vincent-de-paul-i\/#breadcrumb\"},\"inLanguage\":\"en-US\",\"potentialAction\":[{\"@type\":\"ReadAction\",\"target\":[\"http:\/\/vincentians.com\/en\/society-at-the-time-of-saint-vincent-de-paul-i\/\"]}]},{\"@type\":\"ImageObject\",\"inLanguage\":\"en-US\",\"@id\":\"http:\/\/vincentians.com\/en\/society-at-the-time-of-saint-vincent-de-paul-i\/#primaryimage\",\"url\":\"https:\/\/i0.wp.com\/vincentians.com\/en\/wp-content\/uploads\/sites\/2\/2016\/06\/Society-at-the-time-of-Saint-Vincent-de-Paul.jpg?fit=1200%2C630\",\"contentUrl\":\"https:\/\/i0.wp.com\/vincentians.com\/en\/wp-content\/uploads\/sites\/2\/2016\/06\/Society-at-the-time-of-Saint-Vincent-de-Paul.jpg?fit=1200%2C630\",\"width\":1200,\"height\":630},{\"@type\":\"BreadcrumbList\",\"@id\":\"http:\/\/vincentians.com\/en\/society-at-the-time-of-saint-vincent-de-paul-i\/#breadcrumb\",\"itemListElement\":[{\"@type\":\"ListItem\",\"position\":1,\"name\":\"Portada\",\"item\":\"https:\/\/vincentians.com\/en\/\"},{\"@type\":\"ListItem\",\"position\":2,\"name\":\"Society at the time of Saint Vincent de Paul (I)\"}]},{\"@type\":\"WebSite\",\"@id\":\"https:\/\/vincentians.com\/en\/#website\",\"url\":\"https:\/\/vincentians.com\/en\/\",\"name\":\"We are Vincentians\",\"description\":\"Know more to serve more\",\"publisher\":{\"@id\":\"https:\/\/vincentians.com\/en\/#organization\"},\"potentialAction\":[{\"@type\":\"SearchAction\",\"target\":{\"@type\":\"EntryPoint\",\"urlTemplate\":\"https:\/\/vincentians.com\/en\/?s={search_term_string}\"},\"query-input\":{\"@type\":\"PropertyValueSpecification\",\"valueRequired\":true,\"valueName\":\"search_term_string\"}}],\"inLanguage\":\"en-US\"},{\"@type\":\"Organization\",\"@id\":\"https:\/\/vincentians.com\/en\/#organization\",\"name\":\"The Vincentian Network\",\"url\":\"https:\/\/vincentians.com\/en\/\",\"logo\":{\"@type\":\"ImageObject\",\"inLanguage\":\"en-US\",\"@id\":\"https:\/\/vincentians.com\/en\/#\/schema\/logo\/image\/\",\"url\":\"https:\/\/i1.wp.com\/vincentians.com\/en\/wp-content\/uploads\/sites\/2\/2016\/06\/Vincentian-Network-logo-big.png?fit=778%2C778&ssl=1\",\"contentUrl\":\"https:\/\/i1.wp.com\/vincentians.com\/en\/wp-content\/uploads\/sites\/2\/2016\/06\/Vincentian-Network-logo-big.png?fit=778%2C778&ssl=1\",\"width\":778,\"height\":778,\"caption\":\"The Vincentian Network\"},\"image\":{\"@id\":\"https:\/\/vincentians.com\/en\/#\/schema\/logo\/image\/\"},\"sameAs\":[\"https:\/\/www.facebook.com\/WeAreVincentians\/\",\"https:\/\/x.com\/WeVincentians\"]},{\"@type\":\"Person\",\"@id\":\"https:\/\/vincentians.com\/en\/#\/schema\/person\/9623ef4d9aa3b2dfb8c061f1499288f2\",\"name\":\"Francisco Javier Fern\u00e1ndez Chento\",\"image\":{\"@type\":\"ImageObject\",\"inLanguage\":\"en-US\",\"@id\":\"https:\/\/vincentians.com\/en\/#\/schema\/person\/image\/\",\"url\":\"https:\/\/secure.gravatar.com\/avatar\/497d5cde87b4c3d097d0315953521681ba2cd523ee66e5077c3711f7021e65de?s=96&d=mm&r=g\",\"contentUrl\":\"https:\/\/secure.gravatar.com\/avatar\/497d5cde87b4c3d097d0315953521681ba2cd523ee66e5077c3711f7021e65de?s=96&d=mm&r=g\",\"caption\":\"Francisco Javier Fern\u00e1ndez Chento\"},\"description\":\"Director General y cofundador de La Red de Formaci\u00f3n Vicenciana. Javier es laico vicenciano, afiliado a la Congregaci\u00f3n de la Misi\u00f3n y miembro del Equipo de Misiones Populares de la provincia can\u00f3nica de Zaragoza (Espa\u00f1a) de la Congregaci\u00f3n de la Misi\u00f3n. Graduado en la Universidad Oberta de Catalunya con cuatro grados (Asistente de direcci\u00f3n, Gesti\u00f3n Administrativa, Recursos Humanos y Contabilidad Avanzada). Bil\u00edng\u00fce Espa\u00f1ol\/Ingl\u00e9s. gestiona y mantiene varias p\u00e1ginas web cristianas y vicencianas, incluida including La Red de Formaci\u00f3n Vicenciana, de la que es cofundador. Actualmente es responsable del \u00e1rea de Espa\u00f1ol de .famvin, la Red de Noticias de la Familia Vicenciana. Tambi\u00e9n es m\u00fasico cat\u00f3lico y ha editado varios discos. Es Director General y cofundador de Trovador, una reconocida compa\u00f1\u00eda discogr\u00e1fica critiana de Espa\u00f1a. Trabaja en las Tecnolog\u00edas de la Informaci\u00f3n, ofreciendo servicios de alojamiento, dise\u00f1o y mantenimiento Web, as\u00ed como asesoramiento, formaci\u00f3n y soluciones inform\u00e1ticas, gesti\u00f3n documental y digitalizaci\u00f3n de textos, edici\u00f3n y maquetaci\u00f3n de libros, revistas, flyers, etc.\",\"sameAs\":[\"http:\/\/chento.org\",\"https:\/\/www.facebook.com\/JavierChento\",\"https:\/\/x.com\/https:\/\/twitter.com\/javierchento\"],\"url\":\"http:\/\/vincentians.com\/en\/author\/chento\/\"}]}<\/script>\n<!-- \/ Yoast SEO plugin. -->","yoast_head_json":{"title":"Society at the time of Saint Vincent de Paul (I) - We are Vincentians","robots":{"index":"index","follow":"follow","max-snippet":"max-snippet:-1","max-image-preview":"max-image-preview:large","max-video-preview":"max-video-preview:-1"},"canonical":"http:\/\/vincentians.com\/en\/society-at-the-time-of-saint-vincent-de-paul-i\/","og_locale":"en_US","og_type":"article","og_title":"Society at the time of Saint Vincent de Paul (I) - We are Vincentians","og_description":"Introduction In the spirit of Vincent de Paul, life, thoughts and action inter\u00admingle and come forth from within him. That is why it is impossible to approach this committed and daring believer outside the political, ... Read More","og_url":"http:\/\/vincentians.com\/en\/society-at-the-time-of-saint-vincent-de-paul-i\/","og_site_name":"We are Vincentians","article_publisher":"https:\/\/www.facebook.com\/WeAreVincentians\/","article_author":"https:\/\/www.facebook.com\/JavierChento","article_published_time":"2015-05-16T04:31:36+00:00","article_modified_time":"2016-07-10T17:24:51+00:00","og_image":[{"width":1200,"height":630,"url":"https:\/\/i0.wp.com\/vincentians.com\/en\/wp-content\/uploads\/sites\/2\/2016\/06\/Society-at-the-time-of-Saint-Vincent-de-Paul.jpg?fit=1200%2C630","type":"image\/jpeg"}],"author":"Francisco Javier Fern\u00e1ndez Chento","twitter_card":"summary_large_image","twitter_creator":"@https:\/\/twitter.com\/javierchento","twitter_site":"@WeVincentians","twitter_misc":{"Written by":"Francisco Javier Fern\u00e1ndez Chento","Est. reading time":"4 minutes"},"schema":{"@context":"https:\/\/schema.org","@graph":[{"@type":"Article","@id":"http:\/\/vincentians.com\/en\/society-at-the-time-of-saint-vincent-de-paul-i\/#article","isPartOf":{"@id":"http:\/\/vincentians.com\/en\/society-at-the-time-of-saint-vincent-de-paul-i\/"},"author":{"name":"Francisco Javier Fern\u00e1ndez Chento","@id":"https:\/\/vincentians.com\/en\/#\/schema\/person\/9623ef4d9aa3b2dfb8c061f1499288f2"},"headline":"Society at the time of Saint Vincent de Paul (I)","datePublished":"2015-05-16T04:31:36+00:00","dateModified":"2016-07-10T17:24:51+00:00","mainEntityOfPage":{"@id":"http:\/\/vincentians.com\/en\/society-at-the-time-of-saint-vincent-de-paul-i\/"},"wordCount":824,"commentCount":0,"publisher":{"@id":"https:\/\/vincentians.com\/en\/#organization"},"image":{"@id":"http:\/\/vincentians.com\/en\/society-at-the-time-of-saint-vincent-de-paul-i\/#primaryimage"},"thumbnailUrl":"https:\/\/i0.wp.com\/vincentians.com\/en\/wp-content\/uploads\/sites\/2\/2016\/06\/Society-at-the-time-of-Saint-Vincent-de-Paul.jpg?fit=1200%2C630","articleSection":["At the time of Vincent de Paul"],"inLanguage":"en-US","potentialAction":[{"@type":"CommentAction","name":"Comment","target":["http:\/\/vincentians.com\/en\/society-at-the-time-of-saint-vincent-de-paul-i\/#respond"]}]},{"@type":"WebPage","@id":"http:\/\/vincentians.com\/en\/society-at-the-time-of-saint-vincent-de-paul-i\/","url":"http:\/\/vincentians.com\/en\/society-at-the-time-of-saint-vincent-de-paul-i\/","name":"Society at the time of Saint Vincent de Paul (I) - We are Vincentians","isPartOf":{"@id":"https:\/\/vincentians.com\/en\/#website"},"primaryImageOfPage":{"@id":"http:\/\/vincentians.com\/en\/society-at-the-time-of-saint-vincent-de-paul-i\/#primaryimage"},"image":{"@id":"http:\/\/vincentians.com\/en\/society-at-the-time-of-saint-vincent-de-paul-i\/#primaryimage"},"thumbnailUrl":"https:\/\/i0.wp.com\/vincentians.com\/en\/wp-content\/uploads\/sites\/2\/2016\/06\/Society-at-the-time-of-Saint-Vincent-de-Paul.jpg?fit=1200%2C630","datePublished":"2015-05-16T04:31:36+00:00","dateModified":"2016-07-10T17:24:51+00:00","breadcrumb":{"@id":"http:\/\/vincentians.com\/en\/society-at-the-time-of-saint-vincent-de-paul-i\/#breadcrumb"},"inLanguage":"en-US","potentialAction":[{"@type":"ReadAction","target":["http:\/\/vincentians.com\/en\/society-at-the-time-of-saint-vincent-de-paul-i\/"]}]},{"@type":"ImageObject","inLanguage":"en-US","@id":"http:\/\/vincentians.com\/en\/society-at-the-time-of-saint-vincent-de-paul-i\/#primaryimage","url":"https:\/\/i0.wp.com\/vincentians.com\/en\/wp-content\/uploads\/sites\/2\/2016\/06\/Society-at-the-time-of-Saint-Vincent-de-Paul.jpg?fit=1200%2C630","contentUrl":"https:\/\/i0.wp.com\/vincentians.com\/en\/wp-content\/uploads\/sites\/2\/2016\/06\/Society-at-the-time-of-Saint-Vincent-de-Paul.jpg?fit=1200%2C630","width":1200,"height":630},{"@type":"BreadcrumbList","@id":"http:\/\/vincentians.com\/en\/society-at-the-time-of-saint-vincent-de-paul-i\/#breadcrumb","itemListElement":[{"@type":"ListItem","position":1,"name":"Portada","item":"https:\/\/vincentians.com\/en\/"},{"@type":"ListItem","position":2,"name":"Society at the time of Saint Vincent de Paul (I)"}]},{"@type":"WebSite","@id":"https:\/\/vincentians.com\/en\/#website","url":"https:\/\/vincentians.com\/en\/","name":"We are Vincentians","description":"Know more to serve more","publisher":{"@id":"https:\/\/vincentians.com\/en\/#organization"},"potentialAction":[{"@type":"SearchAction","target":{"@type":"EntryPoint","urlTemplate":"https:\/\/vincentians.com\/en\/?s={search_term_string}"},"query-input":{"@type":"PropertyValueSpecification","valueRequired":true,"valueName":"search_term_string"}}],"inLanguage":"en-US"},{"@type":"Organization","@id":"https:\/\/vincentians.com\/en\/#organization","name":"The Vincentian Network","url":"https:\/\/vincentians.com\/en\/","logo":{"@type":"ImageObject","inLanguage":"en-US","@id":"https:\/\/vincentians.com\/en\/#\/schema\/logo\/image\/","url":"https:\/\/i1.wp.com\/vincentians.com\/en\/wp-content\/uploads\/sites\/2\/2016\/06\/Vincentian-Network-logo-big.png?fit=778%2C778&ssl=1","contentUrl":"https:\/\/i1.wp.com\/vincentians.com\/en\/wp-content\/uploads\/sites\/2\/2016\/06\/Vincentian-Network-logo-big.png?fit=778%2C778&ssl=1","width":778,"height":778,"caption":"The Vincentian Network"},"image":{"@id":"https:\/\/vincentians.com\/en\/#\/schema\/logo\/image\/"},"sameAs":["https:\/\/www.facebook.com\/WeAreVincentians\/","https:\/\/x.com\/WeVincentians"]},{"@type":"Person","@id":"https:\/\/vincentians.com\/en\/#\/schema\/person\/9623ef4d9aa3b2dfb8c061f1499288f2","name":"Francisco Javier Fern\u00e1ndez Chento","image":{"@type":"ImageObject","inLanguage":"en-US","@id":"https:\/\/vincentians.com\/en\/#\/schema\/person\/image\/","url":"https:\/\/secure.gravatar.com\/avatar\/497d5cde87b4c3d097d0315953521681ba2cd523ee66e5077c3711f7021e65de?s=96&d=mm&r=g","contentUrl":"https:\/\/secure.gravatar.com\/avatar\/497d5cde87b4c3d097d0315953521681ba2cd523ee66e5077c3711f7021e65de?s=96&d=mm&r=g","caption":"Francisco Javier Fern\u00e1ndez Chento"},"description":"Director General y cofundador de La Red de Formaci\u00f3n Vicenciana. Javier es laico vicenciano, afiliado a la Congregaci\u00f3n de la Misi\u00f3n y miembro del Equipo de Misiones Populares de la provincia can\u00f3nica de Zaragoza (Espa\u00f1a) de la Congregaci\u00f3n de la Misi\u00f3n. Graduado en la Universidad Oberta de Catalunya con cuatro grados (Asistente de direcci\u00f3n, Gesti\u00f3n Administrativa, Recursos Humanos y Contabilidad Avanzada). Bil\u00edng\u00fce Espa\u00f1ol\/Ingl\u00e9s. gestiona y mantiene varias p\u00e1ginas web cristianas y vicencianas, incluida including La Red de Formaci\u00f3n Vicenciana, de la que es cofundador. Actualmente es responsable del \u00e1rea de Espa\u00f1ol de .famvin, la Red de Noticias de la Familia Vicenciana. Tambi\u00e9n es m\u00fasico cat\u00f3lico y ha editado varios discos. Es Director General y cofundador de Trovador, una reconocida compa\u00f1\u00eda discogr\u00e1fica critiana de Espa\u00f1a. Trabaja en las Tecnolog\u00edas de la Informaci\u00f3n, ofreciendo servicios de alojamiento, dise\u00f1o y mantenimiento Web, as\u00ed como asesoramiento, formaci\u00f3n y soluciones inform\u00e1ticas, gesti\u00f3n documental y digitalizaci\u00f3n de textos, edici\u00f3n y maquetaci\u00f3n de libros, revistas, flyers, etc.","sameAs":["http:\/\/chento.org","https:\/\/www.facebook.com\/JavierChento","https:\/\/x.com\/https:\/\/twitter.com\/javierchento"],"url":"http:\/\/vincentians.com\/en\/author\/chento\/"}]}},"jetpack_publicize_connections":[],"jetpack_featured_media_url":"https:\/\/i0.wp.com\/vincentians.com\/en\/wp-content\/uploads\/sites\/2\/2016\/06\/Society-at-the-time-of-Saint-Vincent-de-Paul.jpg?fit=1200%2C630","jetpack_sharing_enabled":true,"jetpack_shortlink":"https:\/\/wp.me\/p7K2Ow-dGc","jetpack-related-posts":[{"id":151798,"url":"http:\/\/vincentians.com\/en\/new-in-the-library-history-of-st-vincent-paul-vols-1-2-emile-bougaud\/","url_meta":{"origin":52588,"position":0},"title":"New in the Library: &#8220;History of St. Vincent de Paul&#8221; Vols. 1 &#038; 2 (\u00c9mile Bougaud)","author":"Francisco Javier Fern\u00e1ndez Chento","date":"July 19, 2016","format":false,"excerpt":"English translation of Monseigneur Bougaud, Histoire de saint Vincent de Paul, fondateur de la Congr\u00e9gation des Pr\u00eatres de la Mission et des Filles de la Charit\u00e9, Paris, Poussielgue fr\u00e8res Ch. Poussielgue, successeur, 1889, t. I, XII-487 p., t. II, 428 p. Louis-Victor-\u00c9mile Bougaud, (1823-1888), Bishop of Laval in France. He\u2026","rel":"","context":"In &quot;Vincent de Paul&quot;","block_context":{"text":"Vincent de Paul","link":"http:\/\/vincentians.com\/en\/category\/the-vincentian-family\/founders\/vincent-de-paul\/"},"img":{"alt_text":"","src":"https:\/\/i0.wp.com\/vincentians.com\/en\/wp-content\/uploads\/sites\/2\/2016\/07\/the-vincentian-digital-library-2.jpg?fit=1200%2C630&resize=350%2C200","width":350,"height":200,"srcset":"https:\/\/i0.wp.com\/vincentians.com\/en\/wp-content\/uploads\/sites\/2\/2016\/07\/the-vincentian-digital-library-2.jpg?fit=1200%2C630&resize=350%2C200 1x, https:\/\/i0.wp.com\/vincentians.com\/en\/wp-content\/uploads\/sites\/2\/2016\/07\/the-vincentian-digital-library-2.jpg?fit=1200%2C630&resize=525%2C300 1.5x, https:\/\/i0.wp.com\/vincentians.com\/en\/wp-content\/uploads\/sites\/2\/2016\/07\/the-vincentian-digital-library-2.jpg?fit=1200%2C630&resize=700%2C400 2x, https:\/\/i0.wp.com\/vincentians.com\/en\/wp-content\/uploads\/sites\/2\/2016\/07\/the-vincentian-digital-library-2.jpg?fit=1200%2C630&resize=1050%2C600 3x"},"classes":[]},{"id":149335,"url":"http:\/\/vincentians.com\/en\/new-in-the-library-the-society-of-st-vincent-paul-in-dublin-1926-1975\/","url_meta":{"origin":52588,"position":1},"title":"New in the Library: &#8220;The Society of St. Vincent de Paul in Dublin, 1926-1975&#8221;","author":"Francisco Javier Fern\u00e1ndez Chento","date":"July 4, 2016","format":false,"excerpt":"By: M\u00e1ire Brighid N\u00ed Chearbhaill Thesis for the Degree of PhD. Department of History. National University of Ireland, Maynooth September 2008","rel":"","context":"In &quot;Society of Saint Vincent de Paul&quot;","block_context":{"text":"Society of Saint Vincent de Paul","link":"http:\/\/vincentians.com\/en\/category\/the-vincentian-family\/branches\/society-of-saint-vincent-de-paul\/"},"img":{"alt_text":"","src":"https:\/\/i0.wp.com\/vincentians.com\/en\/wp-content\/uploads\/sites\/2\/2016\/07\/the-vincentian-digital-library-2.jpg?fit=1200%2C630&resize=350%2C200","width":350,"height":200,"srcset":"https:\/\/i0.wp.com\/vincentians.com\/en\/wp-content\/uploads\/sites\/2\/2016\/07\/the-vincentian-digital-library-2.jpg?fit=1200%2C630&resize=350%2C200 1x, https:\/\/i0.wp.com\/vincentians.com\/en\/wp-content\/uploads\/sites\/2\/2016\/07\/the-vincentian-digital-library-2.jpg?fit=1200%2C630&resize=525%2C300 1.5x, https:\/\/i0.wp.com\/vincentians.com\/en\/wp-content\/uploads\/sites\/2\/2016\/07\/the-vincentian-digital-library-2.jpg?fit=1200%2C630&resize=700%2C400 2x, https:\/\/i0.wp.com\/vincentians.com\/en\/wp-content\/uploads\/sites\/2\/2016\/07\/the-vincentian-digital-library-2.jpg?fit=1200%2C630&resize=1050%2C600 3x"},"classes":[]},{"id":150814,"url":"http:\/\/vincentians.com\/en\/passion-for-justice-social-justice-teaching-resource\/","url_meta":{"origin":52588,"position":2},"title":"Passion for Justice: a Social Justice Teaching Resource","author":"Francisco Javier Fern\u00e1ndez Chento","date":"July 10, 2016","format":false,"excerpt":"In this exceptional resource we will find 8 chapters with ideas and activities for teaching Social Justice: Contents: Frederic Ozanam 1813 \u2013 1853 Poverty Social Justice Catholic Social Teaching St Vincent de Paul St Vincent de Paul Society St Vincent de Paul Society in Australia Spirituality of the St Vincent\u2026","rel":"","context":"In &quot;Catholic Social Teaching&quot;","block_context":{"text":"Catholic Social Teaching","link":"http:\/\/vincentians.com\/en\/category\/christian-formation\/catholic-social-teaching\/"},"img":{"alt_text":"","src":"https:\/\/i0.wp.com\/vincentians.com\/en\/wp-content\/uploads\/sites\/2\/2016\/07\/passion-for-justice.jpg?fit=1200%2C630&resize=350%2C200","width":350,"height":200,"srcset":"https:\/\/i0.wp.com\/vincentians.com\/en\/wp-content\/uploads\/sites\/2\/2016\/07\/passion-for-justice.jpg?fit=1200%2C630&resize=350%2C200 1x, https:\/\/i0.wp.com\/vincentians.com\/en\/wp-content\/uploads\/sites\/2\/2016\/07\/passion-for-justice.jpg?fit=1200%2C630&resize=525%2C300 1.5x, https:\/\/i0.wp.com\/vincentians.com\/en\/wp-content\/uploads\/sites\/2\/2016\/07\/passion-for-justice.jpg?fit=1200%2C630&resize=700%2C400 2x, https:\/\/i0.wp.com\/vincentians.com\/en\/wp-content\/uploads\/sites\/2\/2016\/07\/passion-for-justice.jpg?fit=1200%2C630&resize=1050%2C600 3x"},"classes":[]},{"id":109178,"url":"http:\/\/vincentians.com\/en\/saint-vincent-paul-biography-00-introduction\/","url_meta":{"origin":52588,"position":3},"title":"Saint Vincent de Paul, a biography 00 &#8211; Introduction","author":"Francisco Javier Fern\u00e1ndez Chento","date":"December 20, 2016","format":false,"excerpt":"Foreword Forests and mists will always present a challenge to man's curiosity. It has been said of St. Vincent de Paul that his works encircle him like a forest and his humility envelops him like a mist. Father Jos\u00e9 Mar\u00eda Rom\u00e1n valiantly guides us through that forest and mist. His\u2026","rel":"","context":"In &quot;Vincent de Paul&quot;","block_context":{"text":"Vincent de Paul","link":"http:\/\/vincentians.com\/en\/category\/the-vincentian-family\/founders\/vincent-de-paul\/"},"img":{"alt_text":"","src":"https:\/\/i0.wp.com\/vincentians.com\/en\/wp-content\/uploads\/sites\/2\/2016\/07\/Saint-Vincent-de-Paul-a-biography.jpg?fit=1200%2C630&resize=350%2C200","width":350,"height":200,"srcset":"https:\/\/i0.wp.com\/vincentians.com\/en\/wp-content\/uploads\/sites\/2\/2016\/07\/Saint-Vincent-de-Paul-a-biography.jpg?fit=1200%2C630&resize=350%2C200 1x, https:\/\/i0.wp.com\/vincentians.com\/en\/wp-content\/uploads\/sites\/2\/2016\/07\/Saint-Vincent-de-Paul-a-biography.jpg?fit=1200%2C630&resize=525%2C300 1.5x, https:\/\/i0.wp.com\/vincentians.com\/en\/wp-content\/uploads\/sites\/2\/2016\/07\/Saint-Vincent-de-Paul-a-biography.jpg?fit=1200%2C630&resize=700%2C400 2x, https:\/\/i0.wp.com\/vincentians.com\/en\/wp-content\/uploads\/sites\/2\/2016\/07\/Saint-Vincent-de-Paul-a-biography.jpg?fit=1200%2C630&resize=1050%2C600 3x"},"classes":[]},{"id":108832,"url":"http:\/\/vincentians.com\/en\/the-litany-of-st-vincent-de-paul\/","url_meta":{"origin":52588,"position":4},"title":"The Litany of St. Vincent de Paul","author":"Francisco Javier Fern\u00e1ndez Chento","date":"January 1, 2016","format":false,"excerpt":"Lord, have mercy on us. Lord, have mercy on us. Christ, have mercy on us. Christ, have mercy on us. Christ, hear us. Christ, graciously hear us. God, the Father of Heaven, Have mercy on us. God, the Son, Redeemer of the world, Have mercy on us. God, the Holy\u2026","rel":"","context":"In &quot;Prayer&quot;","block_context":{"text":"Prayer","link":"http:\/\/vincentians.com\/en\/category\/spirituality\/prayer\/"},"img":{"alt_text":"","src":"https:\/\/i0.wp.com\/vincentians.com\/en\/wp-content\/uploads\/sites\/2\/2014\/01\/vicente-de-paul.jpg?fit=1200%2C630&resize=350%2C200","width":350,"height":200,"srcset":"https:\/\/i0.wp.com\/vincentians.com\/en\/wp-content\/uploads\/sites\/2\/2014\/01\/vicente-de-paul.jpg?fit=1200%2C630&resize=350%2C200 1x, https:\/\/i0.wp.com\/vincentians.com\/en\/wp-content\/uploads\/sites\/2\/2014\/01\/vicente-de-paul.jpg?fit=1200%2C630&resize=525%2C300 1.5x, https:\/\/i0.wp.com\/vincentians.com\/en\/wp-content\/uploads\/sites\/2\/2014\/01\/vicente-de-paul.jpg?fit=1200%2C630&resize=700%2C400 2x, https:\/\/i0.wp.com\/vincentians.com\/en\/wp-content\/uploads\/sites\/2\/2014\/01\/vicente-de-paul.jpg?fit=1200%2C630&resize=1050%2C600 3x"},"classes":[]},{"id":150798,"url":"http:\/\/vincentians.com\/en\/new-in-the-library-blessed-frederic-ozanam-life-in-outline-kevin-slattery\/","url_meta":{"origin":52588,"position":5},"title":"New in the Library: &#8220;Blessed Frederic Ozanam: A Life In Outline&#8221; (Kevin Slattery)","author":"Francisco Javier Fern\u00e1ndez Chento","date":"July 10, 2016","format":false,"excerpt":"History of Blessed Frederic Ozanam, the founder of the St Vincent de Paul Society written by Kevin Slattery | September 2003","rel":"","context":"In &quot;Fr\u00e9d\u00e9ric Ozanam&quot;","block_context":{"text":"Fr\u00e9d\u00e9ric Ozanam","link":"http:\/\/vincentians.com\/en\/category\/the-vincentian-family\/founders\/frederic-ozanam\/"},"img":{"alt_text":"","src":"https:\/\/i0.wp.com\/vincentians.com\/en\/wp-content\/uploads\/sites\/2\/2016\/07\/the-vincentian-digital-library-2.jpg?fit=1200%2C630&resize=350%2C200","width":350,"height":200,"srcset":"https:\/\/i0.wp.com\/vincentians.com\/en\/wp-content\/uploads\/sites\/2\/2016\/07\/the-vincentian-digital-library-2.jpg?fit=1200%2C630&resize=350%2C200 1x, https:\/\/i0.wp.com\/vincentians.com\/en\/wp-content\/uploads\/sites\/2\/2016\/07\/the-vincentian-digital-library-2.jpg?fit=1200%2C630&resize=525%2C300 1.5x, https:\/\/i0.wp.com\/vincentians.com\/en\/wp-content\/uploads\/sites\/2\/2016\/07\/the-vincentian-digital-library-2.jpg?fit=1200%2C630&resize=700%2C400 2x, https:\/\/i0.wp.com\/vincentians.com\/en\/wp-content\/uploads\/sites\/2\/2016\/07\/the-vincentian-digital-library-2.jpg?fit=1200%2C630&resize=1050%2C600 3x"},"classes":[]}],"_links":{"self":[{"href":"http:\/\/vincentians.com\/en\/wp-json\/wp\/v2\/posts\/52588","targetHints":{"allow":["GET"]}}],"collection":[{"href":"http:\/\/vincentians.com\/en\/wp-json\/wp\/v2\/posts"}],"about":[{"href":"http:\/\/vincentians.com\/en\/wp-json\/wp\/v2\/types\/post"}],"author":[{"embeddable":true,"href":"http:\/\/vincentians.com\/en\/wp-json\/wp\/v2\/users\/4"}],"replies":[{"embeddable":true,"href":"http:\/\/vincentians.com\/en\/wp-json\/wp\/v2\/comments?post=52588"}],"version-history":[{"count":0,"href":"http:\/\/vincentians.com\/en\/wp-json\/wp\/v2\/posts\/52588\/revisions"}],"wp:featuredmedia":[{"embeddable":true,"href":"http:\/\/vincentians.com\/en\/wp-json\/wp\/v2\/media\/149124"}],"wp:attachment":[{"href":"http:\/\/vincentians.com\/en\/wp-json\/wp\/v2\/media?parent=52588"}],"wp:term":[{"taxonomy":"category","embeddable":true,"href":"http:\/\/vincentians.com\/en\/wp-json\/wp\/v2\/categories?post=52588"},{"taxonomy":"post_tag","embeddable":true,"href":"http:\/\/vincentians.com\/en\/wp-json\/wp\/v2\/tags?post=52588"}],"curies":[{"name":"wp","href":"https:\/\/api.w.org\/{rel}","templated":true}]}}