{"id":51040,"date":"2016-07-17T20:00:48","date_gmt":"2016-07-17T18:00:48","guid":{"rendered":"http:\/\/somos.vicencianos.org\/?p=51040"},"modified":"2016-07-17T07:47:39","modified_gmt":"2016-07-17T05:47:39","slug":"vincent-and-contemplative-prayer","status":"publish","type":"post","link":"http:\/\/vincentians.com\/en\/vincent-and-contemplative-prayer\/","title":{"rendered":"Vincent and (Contemplative) Prayer"},"content":{"rendered":"<p>It is the year 2000, and an Australian Vincentian, (whom we shall call Harry), reflects upon words of St Vincent de Paul spoken many years before. <em>&#8220;Donnez-moi un homme d\u2019oraison, et il sera capable tout;.. &#8221; &#8220;Give me a man of prayer, and he will be capable of everything; ..&#8221;<\/em><span id='easy-footnote-1-51040' class='easy-footnote-margin-adjust'><\/span><span class='easy-footnote'><a href='http:\/\/vincentians.com\/en\/vincent-and-contemplative-prayer\/#easy-footnote-bottom-1-51040' title='&lt;em&gt;St Vincent de Paul: Conferences, entretiens, documents&lt;\/em&gt;, ed. Pierre Coste, CM, 14 vols. (Paris: 1920-1926) Extrait D\u2019Entretien \u2013 67, Abelly, Vie du venerable serviteur de Dieu, Vincent de Paul, L. III, chap. VII, p. 56.'><sup>1<\/sup><\/a><\/span> Some 50 years ago Harry first heard those words. Familiar, haunting, challenging words; if not constantly in his thoughts, at least a part of Harry\u2019s very being that they can often come to mind. This day Harry recalls them as he reads other more contemporary words.<\/p>\n<p style=\"padding-left: 30px;\"><em>&#8220;In the coming age we must all become mystics \u2013 or be nothing at all.&#8221;<\/em><span id='easy-footnote-2-51040' class='easy-footnote-margin-adjust'><\/span><span class='easy-footnote'><a href='http:\/\/vincentians.com\/en\/vincent-and-contemplative-prayer\/#easy-footnote-bottom-2-51040' title='Karl Rahner : [As quoted &lt;em&gt;in Why Not Be a Mystic?, &lt;\/em&gt;Frank X. Tuoti (Crossroad, NY, 1996 (Cover)] &lt;em&gt;Christian Living Formerly and&lt;\/em&gt;&lt;em&gt; Today : Theological Investigations VII : Further Theology of the Spiritual Life I &lt;\/em&gt;(New York, Crossroad, 1977) page 15. &amp;#8220;The devout Christian of the future will either be a \u2018mystic\u2019, one who has \u2018experienced\u2019 something, or he will cease to be anything at all.&amp;#8221;'><sup>2<\/sup><\/a><\/span>\n<p>These words also challenge, for they come from someone Harry admires and respects \u2013 the great theologian, Karl Rahner. They haunt him as do those other words \u2013 <em>&#8220;Donnez-moi un homme d\u2019oraison&#8230;&#8221;<\/em><\/p>\n<p style=\"padding-left: 30px;\">Harry, in his early sixties, has been a Vincentian priest for over 35 years. His ministry has been varied and generally fruitful, if not always satisfying or life-giving. Harry acknowledges that there is so much for which he is thankful, but his future is uncertain as he faces a possible change in ministry. Also, disappointments and hurts from the past have come back to haunt him, and he admits to occasional anxiety and fear about the unknown future, where changes, possible illness, and ultimately death await him. More recent plans and enterprises have suffered frustrating setbacks. He is not in charge or in control of what happens in his life, and he feels incapable of doing very much, let alone \u2018everything\u2019. Fear, sadness and frustration are there as Harry reflects upon the world, the church, his community, his life, and his future. &#8220;Give me a man of prayer;&#8230;&#8221; With much in his life that leaves him struggling, he concludes that he is not \u2018a man of prayer\u2019; and he is tempted to conclude \u2013 \u2018I am nothing at all!<\/p>\n<h2>&#8220;Donnez-moi un homme d\u2019oraison&#8230;&#8221;<\/h2>\n<div>\n<p style=\"padding-left: 30px;\"><em>&#8220;Donnez-moi un homme d\u2019oraison, &#8230;.&#8221; &#8220;Give me a man of prayer, and he will be capable of everything; he will be able to say with the apostle: \u2018I can do all things in him who strengthens me and gives me support\u2019. The Congregation of the Mission will continue in existence only as long as mental prayer shall be practiced. Mental prayer is the impregnable rampart which will protect the Missionaries from all sorts of attacks. It is like a mystical arsenal, a tower of David which will be the source of their arms, not only to defend themselves, but to attack and rout all the opponents of the glory of God and the salvation of souls.&#8221;<\/em><span id='easy-footnote-3-51040' class='easy-footnote-margin-adjust'><\/span><span class='easy-footnote'><a href='http:\/\/vincentians.com\/en\/vincent-and-contemplative-prayer\/#easy-footnote-bottom-3-51040' title='Louis Abelly : &lt;em&gt;The Life of the Venerable Servant of God Vincent de Paul&lt;\/em&gt;. Book Three. Translated and edited from the Pemartin edition of 1891 by Edward R. Udovic, CM. New City Press, New Rochelle, NY, 1993. Chapter VII, pages 62-63.'><sup>3<\/sup><\/a><\/span>\n<p>In the France of his time, Vincent is a significant person among other notable figures. A modern author includes him among the &#8220;saints and mystics&#8221; of his time.<\/p>\n<p style=\"padding-left: 30px;\"><em>&#8220;Mainstream Catholicism was well represented by a host of remarkable saints and mystics, including Francis de Sales, Jeanne Francoise de Chantal, Vincent de Paul, Louise de Marillac, and John Eudes. Other, nonmystical, currents were set in motion by the French Oratorians, Cardinal Berulle, Jean-Jacques Olier (the founder of the seminary of St. Sulpice), and Charles de Condren.&#8221;<\/em><span id='easy-footnote-4-51040' class='easy-footnote-margin-adjust'><\/span><span class='easy-footnote'><a href='http:\/\/vincentians.com\/en\/vincent-and-contemplative-prayer\/#easy-footnote-bottom-4-51040' title='Richard Woods : &lt;em&gt;Christian Spirituality &lt;\/em&gt;: God\u2019s Presence Through The Ages. Christian Classics (a division of Thomas More Publishing), Allen Texas, 1996. Page 294.'><sup>4<\/sup><\/a><\/span>\n<p>In 17<sup>th<\/sup> Century France many were drawn to mysticism, but were cautious, afraid of the mystical. Fear of the excesses of the great mystical movement of previous times led to the popularity of mental prayer, disciplined prayer, where the emphasis would be on method, and one would be warned about putting too much trust on feelings. The effects of Jansenism on the spirituality of this time were also evident. Strong sentiments of human unworthiness, a focus on the supreme holiness of God, and a preoccupation with acquiring religious virtues, especially humility and obedience, were common. These replaced the felt and habitual sense of the presence of God, which had animated the great mystics of previous times.<\/p>\n<p>It is at this time that the term &#8220;spirituality&#8221; came into prominence, <em>&#8220;a word sufficiently vague and encompassing to capture the widely disparate movements of the age. Safe from the implications of mystical prayer and contemplation, \u2018spirituality\u2019 came to suggest what had been known as \u2018devotion\u2019, a life of methodical prayer and active service distinct both from \u2018mere\u2019 theology or doctrine and also from fanaticism.&#8221;<\/em><span id='easy-footnote-5-51040' class='easy-footnote-margin-adjust'><\/span><span class='easy-footnote'><a href='http:\/\/vincentians.com\/en\/vincent-and-contemplative-prayer\/#easy-footnote-bottom-5-51040' title='Richard Woods : &lt;em&gt;Christian Spirituality &lt;\/em&gt;: God\u2019s Presence Through the Ages. op. cit, page 295'><sup>5<\/sup><\/a><\/span>\n<h2>&#8220;Mental prayer &#8230;. Is like a mystical arsenal,&#8230;&#8221;<\/h2>\n<p>When Vincent speaks of prayer during conferences, repetitions of prayer, and in his letters, he offers more than just guidelines for methodical prayer and active service. He reveals to us his spiritual way as a way of life, a mystical or contemplative way. He speaks of prayer, of his prayer, as relationship, his relationship with God. He speaks more of prayerfulness than of prayer.<\/p>\n<p>Mysticism is a <em>&#8220;..multifaceted term, which can bear a variety of meanings. In its most important sense, the term refers to the union with God which is seen as the ultimate goal of the Christian life. This union is not to be thought of in rational or intellectual terms, but more in terms of a direct consciousness or experience of God.&#8221;<\/em><span id='easy-footnote-6-51040' class='easy-footnote-margin-adjust'><\/span><span class='easy-footnote'><a href='http:\/\/vincentians.com\/en\/vincent-and-contemplative-prayer\/#easy-footnote-bottom-6-51040' title='Alister E. McGrath : &lt;em&gt;Christian Spirituality&lt;\/em&gt;. Blackwell Publishers, Malden, Mass. 1999. page 187.'><sup>6<\/sup><\/a><\/span>\n<p>In his words and in his life Vincent certainly reveals to us the importance of his relationship, of his union with God in prayer. How often did he speak of the things of God, not just because he should, but because God had become the centre of his life. Those who knew him well, as Abelly tells us, would speak of his spirit of recollection, and of those occasions at the end of a conference, or in a repetition of prayer, when he so easily and freely turned in prayer to his God.<span id='easy-footnote-7-51040' class='easy-footnote-margin-adjust'><\/span><span class='easy-footnote'><a href='http:\/\/vincentians.com\/en\/vincent-and-contemplative-prayer\/#easy-footnote-bottom-7-51040' title='Louis Abelly : &lt;em&gt;The Life of the Venerable Servant of God Vincent de Paul&lt;\/em&gt;: Book Three (New City Press, New Rochelle, New York, 1993) chapter six : \u2018His Constant Attention to the Presence of God\u2019, pages 56 \u2013 58.'><sup>7<\/sup><\/a><\/span>\n<p>Contemporary writers often speak of prayer as a personal relationship with God, suggesting that we see prayer not as performance but as encounter.<span id='easy-footnote-8-51040' class='easy-footnote-margin-adjust'><\/span><span class='easy-footnote'><a href='http:\/\/vincentians.com\/en\/vincent-and-contemplative-prayer\/#easy-footnote-bottom-8-51040' title='For example, William Barry, SJ : &lt;em&gt;God and You &lt;\/em&gt;: Prayer as Personal Relationship. Mahwah, NJ. Paulist Press, 1987. William Barry SJ : &lt;em&gt;Seek My Face&lt;\/em&gt;: Prayer as a Personal Relationship in Scripture. Mahwah, NJ, Paulist Press, 1989.'><sup>8<\/sup><\/a><\/span> When we reflect upon Vincent\u2019s life, we witness his encounter with God, his encounter with Christ. We notice how his relationship with God affected the way he responded to the challenges that he and his communities faced. Vincent is the contemplative, not just a \u2018contemplative in action\u2019, but the mystic who experiences God, and who responds out of his experience of God\u2019s love, desiring and striving to share that love with others.<\/p>\n<\/div>\n<div>\n<p style=\"padding-left: 30px;\"><em>&#8220;The balanced Christian enters into the very real world of which we are a part, seeing the pain and anguish there, and not denying it, but struggling to alleviate it. Yet at the same time and in the same place, we celebrate the life that is there too, see the beauty, accept the love, and constantly hope for the fulfillment of the promise that is present.. Our task is to hold the tension together, denying neither side of it. Put in other words, our Christian call is to rejoice in the constant, mystical presence of God in people, in events, in myself, in the whole of the world; yet at the same time, we speak, in some fashion, a prophetic word to that world where it is not yet fully redeemed.&#8221;<\/em><span id='easy-footnote-9-51040' class='easy-footnote-margin-adjust'><\/span><span class='easy-footnote'><a href='http:\/\/vincentians.com\/en\/vincent-and-contemplative-prayer\/#easy-footnote-bottom-9-51040' title='Katherine Marie Dyckman, SNJM, L. Patrick Carroll, SJ : &lt;em&gt;Inviting the Mystic Supporting the Prophet &lt;\/em&gt;: An Introduction to Spiritual Direction. Paulist Press, New York \/ Ramsey, 1981. pages 78-79.'><sup>9<\/sup><\/a><\/span>\n<p>Vincent\u2019s words and example are there to guide and challenge us as we face that call to be mystics and prophets today. Can we then look beyond his reference to &#8220;mental prayer&#8221; to see and hear him speak of that deeper reality to which &#8220;mental prayer&#8221; refers. Can we hear him speak, not just of a commitment to time spent in prayer, but of a way of life, an attitude, a spirit, a striving to be attentive to the presence and action of God in our lives. He speaks of being contemplative, of taking our God and our relationship with God seriously, as Thomas Merton would suggest : <em>&#8220;The contemplative is not one who takes his (or her) prayer seriously, but one who takes God seriously, .<\/em><em>..&#8221;<\/em><span id='easy-footnote-10-51040' class='easy-footnote-margin-adjust'><\/span><span class='easy-footnote'><a href='http:\/\/vincentians.com\/en\/vincent-and-contemplative-prayer\/#easy-footnote-bottom-10-51040' title='Thomas Merton : &lt;em&gt;Spiritual Direction and Meditation&lt;\/em&gt;. Liturgical Press, Collegeville, Minnesota. 1960. page 33. &amp;#8220;A contemplative is not one who takes his prayer seriously, but one who takes God seriously, who is famished for truth, who seeks to live in generous simplicity, in the spirit.&amp;#8221;'><sup>10<\/sup><\/a><\/span>\n<p>When Vincent urges us to place our trust and confidence in God, being attentive to the workings of God and God\u2019s Spirit in our lives, he offers us his own discovery of a God who is trustworthy. He reveals his experience of an ever-deepening relationship with Christ, developed as he discovered who Christ was for him. Within his heart was the experience of unconditional and faithful love in which he placed his confidence, his faith, his hope. United with his God in prayer, he sought to discern what came from God and what came from some other source, and he would urge us also to become discerning people in our lives.<\/p>\n<p style=\"padding-left: 30px;\"><em>&#8220;Prayer is a sermon we preach to ourselves, to convince ourselves of the need we have to turn to God, to cooperate with his grace, to root out vices from our souls, and to replace them with virtues. In mental prayer we must particularly apply ourselves to combating the passion or evil inclination to which we are especially addicted, and we must mortify this tendency, for when we do, the rest is easy. We must fight forcefully, but act calmly, not breaking our head in trying to force anything or to be too subtle. Though we have to lift our minds to God, we must above all listen to him speaking to us, for one single word from him is better than a thousand reasons and all the speculations of our minds. We must from time to time raise our hearts to God, conscious of our nothingness, awaiting his speaking to our heart, uttering a word which leads to eternal life. It is only what God inspires, what comes from him, that is useful for us. What we receive from God we must give to our neighbour after the example of Jesus Christ who, speaking of himself, said: \u2018I say only what the Father has taught me.\u2019&#8221;<\/em><span id='easy-footnote-11-51040' class='easy-footnote-margin-adjust'><\/span><span class='easy-footnote'><a href='http:\/\/vincentians.com\/en\/vincent-and-contemplative-prayer\/#easy-footnote-bottom-11-51040' title='Louis Abelly : &lt;em&gt;The Life of the Venerable Servant of God Vincent de Paul&lt;\/em&gt;. Book Three op cit. pages 63-64.'><sup>11<\/sup><\/a><\/span>\n<h2>&#8220;We must above all listen to (God) speaking to us,..&#8221;<\/h2>\n<p>Discernment may be for some a method or process for finding God\u2019s will among the many alternatives, the choices or decisions that are before us. But discernment is more a way of life, a developing relationship, where I am able to pay prayerful attention to the inner movements of my self, my spirit, as I confront the daily experience of living. Discernment is recognizing and coming to understand what happens when I take myself and God seriously in order to admit the impulses which lead me to God and reject those that would lead me away, so that I can choose more and more particularly to live according to God\u2019s will. Discerning people are those, then, who take their experience seriously growing to trust it as the forum in which God communicates; and a precondition for good discernment is a daily, living relationship with God.<\/p>\n<p style=\"padding-left: 30px;\"><em>&#8220;Its overall context is a covenant with God: an alliance by which God and God\u2019s people live in mutual love and fidelity. Everyday life poses a continuous succession of choices between two paths, the one leading to fullness of life in the love of God; the other leading in a direction that is ultimately dehumanizing and destructive. Discernment is the capacity in the changing circumstances of daily life to distinguish between these two paths, these two modes of living, and to \u2018choose life, so that you and your descendents may live in the love of Yahweh your God\u2019 (Dt. 30:15-20). Discernment is the capacity to life a fully and truly human life.&#8221;<\/em><span id='easy-footnote-12-51040' class='easy-footnote-margin-adjust'><\/span><span class='easy-footnote'><a href='http:\/\/vincentians.com\/en\/vincent-and-contemplative-prayer\/#easy-footnote-bottom-12-51040' title='David Lonsdale, SJ : &lt;em&gt;Listening to the Music of the Spirit &lt;\/em&gt;: The Art of Discernment. Ave Maria Press, Notre Dame, Indiana. 1992. pages 50-51.'><sup>12<\/sup><\/a><\/span>\n<\/div>\n<div>\n<p>To be contemplative, to be a mystic, is facing that call to be a discerning person, as Vincent was a discerning person. Being contemplative means being challenged to look at my attitudes to myself, to my God, and to my world. As Vincent challenges me by saying : &#8221; Give me a man of prayer and he will be capable of everything,..&#8221;, he also encourages me as he says with St Paul : &#8220;I can do all things in him who strengthens me and gives me support&#8221;. (Philip. 4:13)<\/p>\n<p>As I strive to become that &#8220;person of prayer&#8221;, perhaps I can ask myself these questions. What basic assumptions lie beneath my way of relating to God, to myself, and to my world? Do I believe that God acts concretely in our world? Do I believe that God is present in all human experience and that God can be experienced in my heart \/ mind \/ imagination \/ psyche \/ body? Do I believe that God always takes the initiative in coming to me? Have I experienced God as always giving God\u2019s self away in loving self-communication, and do I believe that this communication is always loving and for my good? Do I believe, also, that I can refuse this communication?<\/p>\n<h2>&#8220;&#8230;one single word from (God) is worth more than a thousand reasons&#8230;&#8221;<\/h2>\n<p>An opportunity arose for Harry, our contemporary Vincentian, to make a directed retreat. To reflect upon the story of the two disciples heading off to Emmaus was a welcome text for Harry. But, something unexpected happens, as Harry relates to Clare, his retreat director.<\/p>\n<p>Harry: I wasn\u2019t going to mention this. Clare: Mention what? Harry: Well, I guess I\u2019m not sure that it actually happened.<\/p>\n<p>Clare: Something happened you\u2019re not sure of? Can you talk about it?<\/p>\n<p>Harry: Well, it was when I was reflecting on the last part of the story \u2013 Jesus was about to move on and the other two were urging him to stay with them. It was strange.<\/p>\n<p>Clare: It was strange? What happened?<\/p>\n<p>Harry: Well, what happened seemed a little strange. The two disciples wanted Jesus to stay with them \u2013 that is how it is in the scene, in that passage from Luke \u2013 but somehow I seemed to hear something different.<\/p>\n<p>Clare: You heard something different?<\/p>\n<p>Harry: What I thought I heard was Jesus saying : \u2018I want to stay with you!\u2019<\/p>\n<p>Clare: \u2018I want to stay with you!\u2019 To whom was he speaking?<\/p>\n<p>Harry: This is where it seemed strange, and perhaps I imagined it. But, I had a sense that<br \/>\nJesus was speaking to me.<\/p>\n<p>Clare: Jesus was speaking to <span style=\"text-decoration: underline;\">you,<\/span> to Harry?<\/p>\n<p>Harry: Well, that\u2019s what it felt like.<\/p>\n<p>Clare: Felt like?<\/p>\n<p>Harry: Well it was more than just a thought \u2013 I didn\u2019t imagine Jesus speaking to me. Somehow that\u2019s what seemed to happen. I have never had anything like this happen to me before. It was strange, different from any other time of prayer, and I kind of came to the conclusion that I must have imagined it. That\u2019s why I almost didn\u2019t mention it. It\u2019s a bit weird, isn\u2019t it?<\/p>\n<p>Clare: Harry, obviously something happened for you. You said \u2018it felt like Jesus was speaking those words to you\u2019. If Jesus did say them to you, what was it like hearing him speak that way to you?<\/p>\n<p>Harry What was it like? Surprising, &#8230;.. yet . good to hear. I liked hearing them, although I didn\u2019t believe he would be saying that to me \u2013 that he would want to stay with me&#8230;<\/p>\n<p>Clare: That he would want to stay with you? You found that hard to believe, but you liked hearing what he said?<\/p>\n<p>Harry: Well, it wasn\u2019t like he was offering me something \u2013 you know when we say \u2018Help me forgive me! \u2013 so he assures me of forgiveness, of help when I need it \u2013 it wasn\u2019t like that.<\/p>\n<p>Clare: It wasn\u2019t like that? It was different to that?<\/p>\n<p>Harry: Yes, it was like he was saying &#8211; &#8220;I would enjoy just being with you&#8221;. It was like that, you know, just as a friend, someone close to you just enjoys your company, is relaxed and comfortable with you. That\u2019s probably why I said it felt like he said those words to me.<\/p>\n<p>Clare: Harry, what was it like having Jesus say it that way \u2013 just like a friend would say \u2018I like being with you\u2019?<\/p>\n<p>Harry: It was kind of like .. \u2018Wow!\u2019 Surprising &#8230;. But it was good, even though I found it hard to hear him say that. You know, &#8230;.. as I talk about it now, I\u2019m just realising how different Jesus was in that prayer. That&#8217;s not how I have seen him for most of my life.<\/p>\n<h2>&#8220;I can do all things in him who strengthens me&#8230;..&#8221;<\/h2>\n<p>To be discerning people we need to be attentive to the movements that lead us to God or take us away from God. As God appeared to Moses in a flame blazing from the middle of a bush, God also takes the initiative in my life, just as Jesus seemed to be there for Harry in a new, surprising way. Moses reflects, appeals to tradition, for it is not usual for a bush to burn and yet not be consumed. Harry also reflects, for this encounter with Jesus surprised him. This is different. Moses removes his sandals because where he stands, is holy ground, a place of mystery. Harry also becomes aware that he, too, stands within a place of mystery. He is invited to look at what is happening within him, to see how he feels when Jesus says, &#8220;I want to be with you&#8221;.<\/p>\n<p>Hearing Vincent\u2019s words as a call to be contemplative, to be discerning people who take ourselves and our God seriously, can we, like Harry, face the possibility of a new experience, perhaps a discovery that our image, our experience of ourselves and of our God could be different? As Thomas Merton would suggest : <em>&#8220;the only cure for the angst of modern man is mysticism.&#8221;.<\/em><span id='easy-footnote-13-51040' class='easy-footnote-margin-adjust'><\/span><span class='easy-footnote'><a href='http:\/\/vincentians.com\/en\/vincent-and-contemplative-prayer\/#easy-footnote-bottom-13-51040' title='Thomas Merton. As quoted in &lt;em&gt;Why Not Be a Mystic? &lt;\/em&gt;: Frank X. Tuoti. Crossroad : New York, 1995. page 32.'><sup>13<\/sup><\/a><\/span> Can we then accept the possibility for Harry and for ourselves of a developing and deepening relationship with our God that will enable us to hold in balance what our life and the lives of others provide \u2013 what we rejoice in and joyfully celebrate as well as what we struggle with and painfully endure? Can we be open to the mystical presence of God in ourselves, in people, in the events of life, and in our world? Can we then face what life brings, enduring what confronts us, letting go of what deserts us, and living peacefully with what remains unanswered, because the one who journeys with us helps us to live with the struggle, the tension and the questions? Like Vincent in his time, we might then speak a prophetic word to our world, because of our union with \u2018him who strengthens me and gives me support\u2019.<\/p>\n<p>To be contemplative, to be persons of prayer, is our call as Christians, as Vincentians. Contemplation is the indispensable, touchstone experience of discernment. Without it, there is only decision-making, or going, acting on our feelings. With it, we have the experience of fundamental truth in relationship with God, and it is to this relationship that we can return over and over again with our doubts, our questions, our struggles, our decisions. Striving to become a discerning person each day will enable us to say with St Paul and St Vincent : &#8220;I can do all things in him who strengthens me and gives me support.&#8221;<\/p>\n<\/div>\n","protected":false},"excerpt":{"rendered":"<p>It is the year 2000, and an Australian Vincentian, (whom we shall call Harry), reflects upon words of St Vincent de Paul spoken many years before. &#8220;Donnez-moi un homme d\u2019oraison, et il sera capable tout;.. &#8230; <a href=\"http:\/\/vincentians.com\/en\/vincent-and-contemplative-prayer\/\" class=\"more-link\">Read More<\/a><\/p>\n","protected":false},"author":4,"featured_media":150239,"comment_status":"open","ping_status":"open","sticky":false,"template":"","format":"standard","meta":{"jetpack_post_was_ever_published":false,"_jetpack_newsletter_access":"","_jetpack_dont_email_post_to_subs":false,"_jetpack_newsletter_tier_id":0,"_jetpack_memberships_contains_paywalled_content":false,"_jetpack_memberships_contains_paid_content":false,"footnotes":"","jetpack_publicize_message":"","jetpack_publicize_feature_enabled":true,"jetpack_social_post_already_shared":true,"jetpack_social_options":{"image_generator_settings":{"template":"highway","default_image_id":0,"font":"","enabled":false},"version":2}},"categories":[5],"tags":[],"class_list":["post-51040","post","type-post","status-publish","format-standard","has-post-thumbnail","hentry","category-vincent-de-paul"],"yoast_head":"<!-- This site is optimized with the Yoast SEO plugin v26.3 - https:\/\/yoast.com\/wordpress\/plugins\/seo\/ -->\n<title>Vincent and (Contemplative) Prayer - We are Vincentians<\/title>\n<meta name=\"robots\" content=\"index, follow, max-snippet:-1, max-image-preview:large, max-video-preview:-1\" \/>\n<link rel=\"canonical\" href=\"http:\/\/vincentians.com\/en\/vincent-and-contemplative-prayer\/\" \/>\n<meta property=\"og:locale\" content=\"en_US\" \/>\n<meta property=\"og:type\" content=\"article\" \/>\n<meta property=\"og:title\" content=\"Vincent and (Contemplative) Prayer - We are Vincentians\" \/>\n<meta property=\"og:description\" content=\"It is the year 2000, and an Australian Vincentian, (whom we shall call Harry), reflects upon words of St Vincent de Paul spoken many years before. &#8220;Donnez-moi un homme d\u2019oraison, et il sera capable tout;.. ... Read More\" \/>\n<meta property=\"og:url\" content=\"http:\/\/vincentians.com\/en\/vincent-and-contemplative-prayer\/\" \/>\n<meta property=\"og:site_name\" content=\"We are Vincentians\" \/>\n<meta property=\"article:publisher\" content=\"https:\/\/www.facebook.com\/WeAreVincentians\/\" \/>\n<meta property=\"article:author\" content=\"https:\/\/www.facebook.com\/JavierChento\" \/>\n<meta property=\"article:published_time\" content=\"2016-07-17T18:00:48+00:00\" \/>\n<meta property=\"og:image\" content=\"https:\/\/i0.wp.com\/vincentians.com\/en\/wp-content\/uploads\/sites\/2\/2013\/11\/Saint-Vincent-and-Discernment.jpg?fit=1200%2C630\" \/>\n\t<meta property=\"og:image:width\" content=\"1200\" \/>\n\t<meta property=\"og:image:height\" content=\"630\" \/>\n\t<meta property=\"og:image:type\" content=\"image\/jpeg\" \/>\n<meta name=\"author\" content=\"Francisco Javier Fern\u00e1ndez Chento\" \/>\n<meta name=\"twitter:card\" content=\"summary_large_image\" \/>\n<meta name=\"twitter:creator\" content=\"@https:\/\/twitter.com\/javierchento\" \/>\n<meta name=\"twitter:site\" content=\"@WeVincentians\" \/>\n<meta name=\"twitter:label1\" content=\"Written by\" \/>\n\t<meta name=\"twitter:data1\" content=\"Francisco Javier Fern\u00e1ndez Chento\" \/>\n\t<meta name=\"twitter:label2\" content=\"Est. reading time\" \/>\n\t<meta name=\"twitter:data2\" content=\"18 minutes\" \/>\n<script type=\"application\/ld+json\" class=\"yoast-schema-graph\">{\"@context\":\"https:\/\/schema.org\",\"@graph\":[{\"@type\":\"Article\",\"@id\":\"http:\/\/vincentians.com\/en\/vincent-and-contemplative-prayer\/#article\",\"isPartOf\":{\"@id\":\"http:\/\/vincentians.com\/en\/vincent-and-contemplative-prayer\/\"},\"author\":{\"name\":\"Francisco Javier Fern\u00e1ndez Chento\",\"@id\":\"https:\/\/vincentians.com\/en\/#\/schema\/person\/9623ef4d9aa3b2dfb8c061f1499288f2\"},\"headline\":\"Vincent and (Contemplative) Prayer\",\"datePublished\":\"2016-07-17T18:00:48+00:00\",\"mainEntityOfPage\":{\"@id\":\"http:\/\/vincentians.com\/en\/vincent-and-contemplative-prayer\/\"},\"wordCount\":3537,\"commentCount\":0,\"publisher\":{\"@id\":\"https:\/\/vincentians.com\/en\/#organization\"},\"image\":{\"@id\":\"http:\/\/vincentians.com\/en\/vincent-and-contemplative-prayer\/#primaryimage\"},\"thumbnailUrl\":\"https:\/\/i0.wp.com\/vincentians.com\/en\/wp-content\/uploads\/sites\/2\/2013\/11\/Saint-Vincent-and-Discernment.jpg?fit=1200%2C630\",\"articleSection\":[\"Vincent de Paul\"],\"inLanguage\":\"en-US\",\"potentialAction\":[{\"@type\":\"CommentAction\",\"name\":\"Comment\",\"target\":[\"http:\/\/vincentians.com\/en\/vincent-and-contemplative-prayer\/#respond\"]}]},{\"@type\":\"WebPage\",\"@id\":\"http:\/\/vincentians.com\/en\/vincent-and-contemplative-prayer\/\",\"url\":\"http:\/\/vincentians.com\/en\/vincent-and-contemplative-prayer\/\",\"name\":\"Vincent and (Contemplative) Prayer - We are Vincentians\",\"isPartOf\":{\"@id\":\"https:\/\/vincentians.com\/en\/#website\"},\"primaryImageOfPage\":{\"@id\":\"http:\/\/vincentians.com\/en\/vincent-and-contemplative-prayer\/#primaryimage\"},\"image\":{\"@id\":\"http:\/\/vincentians.com\/en\/vincent-and-contemplative-prayer\/#primaryimage\"},\"thumbnailUrl\":\"https:\/\/i0.wp.com\/vincentians.com\/en\/wp-content\/uploads\/sites\/2\/2013\/11\/Saint-Vincent-and-Discernment.jpg?fit=1200%2C630\",\"datePublished\":\"2016-07-17T18:00:48+00:00\",\"breadcrumb\":{\"@id\":\"http:\/\/vincentians.com\/en\/vincent-and-contemplative-prayer\/#breadcrumb\"},\"inLanguage\":\"en-US\",\"potentialAction\":[{\"@type\":\"ReadAction\",\"target\":[\"http:\/\/vincentians.com\/en\/vincent-and-contemplative-prayer\/\"]}]},{\"@type\":\"ImageObject\",\"inLanguage\":\"en-US\",\"@id\":\"http:\/\/vincentians.com\/en\/vincent-and-contemplative-prayer\/#primaryimage\",\"url\":\"https:\/\/i0.wp.com\/vincentians.com\/en\/wp-content\/uploads\/sites\/2\/2013\/11\/Saint-Vincent-and-Discernment.jpg?fit=1200%2C630\",\"contentUrl\":\"https:\/\/i0.wp.com\/vincentians.com\/en\/wp-content\/uploads\/sites\/2\/2013\/11\/Saint-Vincent-and-Discernment.jpg?fit=1200%2C630\",\"width\":1200,\"height\":630},{\"@type\":\"BreadcrumbList\",\"@id\":\"http:\/\/vincentians.com\/en\/vincent-and-contemplative-prayer\/#breadcrumb\",\"itemListElement\":[{\"@type\":\"ListItem\",\"position\":1,\"name\":\"Portada\",\"item\":\"https:\/\/vincentians.com\/en\/\"},{\"@type\":\"ListItem\",\"position\":2,\"name\":\"Vincent and (Contemplative) Prayer\"}]},{\"@type\":\"WebSite\",\"@id\":\"https:\/\/vincentians.com\/en\/#website\",\"url\":\"https:\/\/vincentians.com\/en\/\",\"name\":\"We are Vincentians\",\"description\":\"Know more to serve more\",\"publisher\":{\"@id\":\"https:\/\/vincentians.com\/en\/#organization\"},\"potentialAction\":[{\"@type\":\"SearchAction\",\"target\":{\"@type\":\"EntryPoint\",\"urlTemplate\":\"https:\/\/vincentians.com\/en\/?s={search_term_string}\"},\"query-input\":{\"@type\":\"PropertyValueSpecification\",\"valueRequired\":true,\"valueName\":\"search_term_string\"}}],\"inLanguage\":\"en-US\"},{\"@type\":\"Organization\",\"@id\":\"https:\/\/vincentians.com\/en\/#organization\",\"name\":\"The Vincentian Network\",\"url\":\"https:\/\/vincentians.com\/en\/\",\"logo\":{\"@type\":\"ImageObject\",\"inLanguage\":\"en-US\",\"@id\":\"https:\/\/vincentians.com\/en\/#\/schema\/logo\/image\/\",\"url\":\"https:\/\/i1.wp.com\/vincentians.com\/en\/wp-content\/uploads\/sites\/2\/2016\/06\/Vincentian-Network-logo-big.png?fit=778%2C778&ssl=1\",\"contentUrl\":\"https:\/\/i1.wp.com\/vincentians.com\/en\/wp-content\/uploads\/sites\/2\/2016\/06\/Vincentian-Network-logo-big.png?fit=778%2C778&ssl=1\",\"width\":778,\"height\":778,\"caption\":\"The Vincentian Network\"},\"image\":{\"@id\":\"https:\/\/vincentians.com\/en\/#\/schema\/logo\/image\/\"},\"sameAs\":[\"https:\/\/www.facebook.com\/WeAreVincentians\/\",\"https:\/\/x.com\/WeVincentians\"]},{\"@type\":\"Person\",\"@id\":\"https:\/\/vincentians.com\/en\/#\/schema\/person\/9623ef4d9aa3b2dfb8c061f1499288f2\",\"name\":\"Francisco Javier Fern\u00e1ndez Chento\",\"image\":{\"@type\":\"ImageObject\",\"inLanguage\":\"en-US\",\"@id\":\"https:\/\/vincentians.com\/en\/#\/schema\/person\/image\/\",\"url\":\"https:\/\/secure.gravatar.com\/avatar\/497d5cde87b4c3d097d0315953521681ba2cd523ee66e5077c3711f7021e65de?s=96&d=mm&r=g\",\"contentUrl\":\"https:\/\/secure.gravatar.com\/avatar\/497d5cde87b4c3d097d0315953521681ba2cd523ee66e5077c3711f7021e65de?s=96&d=mm&r=g\",\"caption\":\"Francisco Javier Fern\u00e1ndez Chento\"},\"description\":\"Director General y cofundador de La Red de Formaci\u00f3n Vicenciana. Javier es laico vicenciano, afiliado a la Congregaci\u00f3n de la Misi\u00f3n y miembro del Equipo de Misiones Populares de la provincia can\u00f3nica de Zaragoza (Espa\u00f1a) de la Congregaci\u00f3n de la Misi\u00f3n. Graduado en la Universidad Oberta de Catalunya con cuatro grados (Asistente de direcci\u00f3n, Gesti\u00f3n Administrativa, Recursos Humanos y Contabilidad Avanzada). Bil\u00edng\u00fce Espa\u00f1ol\/Ingl\u00e9s. gestiona y mantiene varias p\u00e1ginas web cristianas y vicencianas, incluida including La Red de Formaci\u00f3n Vicenciana, de la que es cofundador. Actualmente es responsable del \u00e1rea de Espa\u00f1ol de .famvin, la Red de Noticias de la Familia Vicenciana. Tambi\u00e9n es m\u00fasico cat\u00f3lico y ha editado varios discos. Es Director General y cofundador de Trovador, una reconocida compa\u00f1\u00eda discogr\u00e1fica critiana de Espa\u00f1a. Trabaja en las Tecnolog\u00edas de la Informaci\u00f3n, ofreciendo servicios de alojamiento, dise\u00f1o y mantenimiento Web, as\u00ed como asesoramiento, formaci\u00f3n y soluciones inform\u00e1ticas, gesti\u00f3n documental y digitalizaci\u00f3n de textos, edici\u00f3n y maquetaci\u00f3n de libros, revistas, flyers, etc.\",\"sameAs\":[\"http:\/\/chento.org\",\"https:\/\/www.facebook.com\/JavierChento\",\"https:\/\/x.com\/https:\/\/twitter.com\/javierchento\"],\"url\":\"http:\/\/vincentians.com\/en\/author\/chento\/\"}]}<\/script>\n<!-- \/ Yoast SEO plugin. -->","yoast_head_json":{"title":"Vincent and (Contemplative) Prayer - We are Vincentians","robots":{"index":"index","follow":"follow","max-snippet":"max-snippet:-1","max-image-preview":"max-image-preview:large","max-video-preview":"max-video-preview:-1"},"canonical":"http:\/\/vincentians.com\/en\/vincent-and-contemplative-prayer\/","og_locale":"en_US","og_type":"article","og_title":"Vincent and (Contemplative) Prayer - We are Vincentians","og_description":"It is the year 2000, and an Australian Vincentian, (whom we shall call Harry), reflects upon words of St Vincent de Paul spoken many years before. &#8220;Donnez-moi un homme d\u2019oraison, et il sera capable tout;.. ... Read More","og_url":"http:\/\/vincentians.com\/en\/vincent-and-contemplative-prayer\/","og_site_name":"We are Vincentians","article_publisher":"https:\/\/www.facebook.com\/WeAreVincentians\/","article_author":"https:\/\/www.facebook.com\/JavierChento","article_published_time":"2016-07-17T18:00:48+00:00","og_image":[{"width":1200,"height":630,"url":"https:\/\/i0.wp.com\/vincentians.com\/en\/wp-content\/uploads\/sites\/2\/2013\/11\/Saint-Vincent-and-Discernment.jpg?fit=1200%2C630","type":"image\/jpeg"}],"author":"Francisco Javier Fern\u00e1ndez Chento","twitter_card":"summary_large_image","twitter_creator":"@https:\/\/twitter.com\/javierchento","twitter_site":"@WeVincentians","twitter_misc":{"Written by":"Francisco Javier Fern\u00e1ndez Chento","Est. reading time":"18 minutes"},"schema":{"@context":"https:\/\/schema.org","@graph":[{"@type":"Article","@id":"http:\/\/vincentians.com\/en\/vincent-and-contemplative-prayer\/#article","isPartOf":{"@id":"http:\/\/vincentians.com\/en\/vincent-and-contemplative-prayer\/"},"author":{"name":"Francisco Javier Fern\u00e1ndez Chento","@id":"https:\/\/vincentians.com\/en\/#\/schema\/person\/9623ef4d9aa3b2dfb8c061f1499288f2"},"headline":"Vincent and (Contemplative) Prayer","datePublished":"2016-07-17T18:00:48+00:00","mainEntityOfPage":{"@id":"http:\/\/vincentians.com\/en\/vincent-and-contemplative-prayer\/"},"wordCount":3537,"commentCount":0,"publisher":{"@id":"https:\/\/vincentians.com\/en\/#organization"},"image":{"@id":"http:\/\/vincentians.com\/en\/vincent-and-contemplative-prayer\/#primaryimage"},"thumbnailUrl":"https:\/\/i0.wp.com\/vincentians.com\/en\/wp-content\/uploads\/sites\/2\/2013\/11\/Saint-Vincent-and-Discernment.jpg?fit=1200%2C630","articleSection":["Vincent de Paul"],"inLanguage":"en-US","potentialAction":[{"@type":"CommentAction","name":"Comment","target":["http:\/\/vincentians.com\/en\/vincent-and-contemplative-prayer\/#respond"]}]},{"@type":"WebPage","@id":"http:\/\/vincentians.com\/en\/vincent-and-contemplative-prayer\/","url":"http:\/\/vincentians.com\/en\/vincent-and-contemplative-prayer\/","name":"Vincent and (Contemplative) Prayer - We are Vincentians","isPartOf":{"@id":"https:\/\/vincentians.com\/en\/#website"},"primaryImageOfPage":{"@id":"http:\/\/vincentians.com\/en\/vincent-and-contemplative-prayer\/#primaryimage"},"image":{"@id":"http:\/\/vincentians.com\/en\/vincent-and-contemplative-prayer\/#primaryimage"},"thumbnailUrl":"https:\/\/i0.wp.com\/vincentians.com\/en\/wp-content\/uploads\/sites\/2\/2013\/11\/Saint-Vincent-and-Discernment.jpg?fit=1200%2C630","datePublished":"2016-07-17T18:00:48+00:00","breadcrumb":{"@id":"http:\/\/vincentians.com\/en\/vincent-and-contemplative-prayer\/#breadcrumb"},"inLanguage":"en-US","potentialAction":[{"@type":"ReadAction","target":["http:\/\/vincentians.com\/en\/vincent-and-contemplative-prayer\/"]}]},{"@type":"ImageObject","inLanguage":"en-US","@id":"http:\/\/vincentians.com\/en\/vincent-and-contemplative-prayer\/#primaryimage","url":"https:\/\/i0.wp.com\/vincentians.com\/en\/wp-content\/uploads\/sites\/2\/2013\/11\/Saint-Vincent-and-Discernment.jpg?fit=1200%2C630","contentUrl":"https:\/\/i0.wp.com\/vincentians.com\/en\/wp-content\/uploads\/sites\/2\/2013\/11\/Saint-Vincent-and-Discernment.jpg?fit=1200%2C630","width":1200,"height":630},{"@type":"BreadcrumbList","@id":"http:\/\/vincentians.com\/en\/vincent-and-contemplative-prayer\/#breadcrumb","itemListElement":[{"@type":"ListItem","position":1,"name":"Portada","item":"https:\/\/vincentians.com\/en\/"},{"@type":"ListItem","position":2,"name":"Vincent and (Contemplative) Prayer"}]},{"@type":"WebSite","@id":"https:\/\/vincentians.com\/en\/#website","url":"https:\/\/vincentians.com\/en\/","name":"We are Vincentians","description":"Know more to serve more","publisher":{"@id":"https:\/\/vincentians.com\/en\/#organization"},"potentialAction":[{"@type":"SearchAction","target":{"@type":"EntryPoint","urlTemplate":"https:\/\/vincentians.com\/en\/?s={search_term_string}"},"query-input":{"@type":"PropertyValueSpecification","valueRequired":true,"valueName":"search_term_string"}}],"inLanguage":"en-US"},{"@type":"Organization","@id":"https:\/\/vincentians.com\/en\/#organization","name":"The Vincentian Network","url":"https:\/\/vincentians.com\/en\/","logo":{"@type":"ImageObject","inLanguage":"en-US","@id":"https:\/\/vincentians.com\/en\/#\/schema\/logo\/image\/","url":"https:\/\/i1.wp.com\/vincentians.com\/en\/wp-content\/uploads\/sites\/2\/2016\/06\/Vincentian-Network-logo-big.png?fit=778%2C778&ssl=1","contentUrl":"https:\/\/i1.wp.com\/vincentians.com\/en\/wp-content\/uploads\/sites\/2\/2016\/06\/Vincentian-Network-logo-big.png?fit=778%2C778&ssl=1","width":778,"height":778,"caption":"The Vincentian Network"},"image":{"@id":"https:\/\/vincentians.com\/en\/#\/schema\/logo\/image\/"},"sameAs":["https:\/\/www.facebook.com\/WeAreVincentians\/","https:\/\/x.com\/WeVincentians"]},{"@type":"Person","@id":"https:\/\/vincentians.com\/en\/#\/schema\/person\/9623ef4d9aa3b2dfb8c061f1499288f2","name":"Francisco Javier Fern\u00e1ndez Chento","image":{"@type":"ImageObject","inLanguage":"en-US","@id":"https:\/\/vincentians.com\/en\/#\/schema\/person\/image\/","url":"https:\/\/secure.gravatar.com\/avatar\/497d5cde87b4c3d097d0315953521681ba2cd523ee66e5077c3711f7021e65de?s=96&d=mm&r=g","contentUrl":"https:\/\/secure.gravatar.com\/avatar\/497d5cde87b4c3d097d0315953521681ba2cd523ee66e5077c3711f7021e65de?s=96&d=mm&r=g","caption":"Francisco Javier Fern\u00e1ndez Chento"},"description":"Director General y cofundador de La Red de Formaci\u00f3n Vicenciana. Javier es laico vicenciano, afiliado a la Congregaci\u00f3n de la Misi\u00f3n y miembro del Equipo de Misiones Populares de la provincia can\u00f3nica de Zaragoza (Espa\u00f1a) de la Congregaci\u00f3n de la Misi\u00f3n. Graduado en la Universidad Oberta de Catalunya con cuatro grados (Asistente de direcci\u00f3n, Gesti\u00f3n Administrativa, Recursos Humanos y Contabilidad Avanzada). Bil\u00edng\u00fce Espa\u00f1ol\/Ingl\u00e9s. gestiona y mantiene varias p\u00e1ginas web cristianas y vicencianas, incluida including La Red de Formaci\u00f3n Vicenciana, de la que es cofundador. Actualmente es responsable del \u00e1rea de Espa\u00f1ol de .famvin, la Red de Noticias de la Familia Vicenciana. Tambi\u00e9n es m\u00fasico cat\u00f3lico y ha editado varios discos. Es Director General y cofundador de Trovador, una reconocida compa\u00f1\u00eda discogr\u00e1fica critiana de Espa\u00f1a. Trabaja en las Tecnolog\u00edas de la Informaci\u00f3n, ofreciendo servicios de alojamiento, dise\u00f1o y mantenimiento Web, as\u00ed como asesoramiento, formaci\u00f3n y soluciones inform\u00e1ticas, gesti\u00f3n documental y digitalizaci\u00f3n de textos, edici\u00f3n y maquetaci\u00f3n de libros, revistas, flyers, etc.","sameAs":["http:\/\/chento.org","https:\/\/www.facebook.com\/JavierChento","https:\/\/x.com\/https:\/\/twitter.com\/javierchento"],"url":"http:\/\/vincentians.com\/en\/author\/chento\/"}]}},"jetpack_publicize_connections":[],"jetpack_featured_media_url":"https:\/\/i0.wp.com\/vincentians.com\/en\/wp-content\/uploads\/sites\/2\/2013\/11\/Saint-Vincent-and-Discernment.jpg?fit=1200%2C630","jetpack_sharing_enabled":true,"jetpack_shortlink":"https:\/\/wp.me\/p7K2Ow-dhe","jetpack-related-posts":[{"id":108832,"url":"http:\/\/vincentians.com\/en\/the-litany-of-st-vincent-de-paul\/","url_meta":{"origin":51040,"position":0},"title":"The Litany of St. Vincent de Paul","author":"Francisco Javier Fern\u00e1ndez Chento","date":"January 1, 2016","format":false,"excerpt":"Lord, have mercy on us. Lord, have mercy on us. Christ, have mercy on us. Christ, have mercy on us. Christ, hear us. Christ, graciously hear us. God, the Father of Heaven, Have mercy on us. God, the Son, Redeemer of the world, Have mercy on us. God, the Holy\u2026","rel":"","context":"In &quot;Prayer&quot;","block_context":{"text":"Prayer","link":"http:\/\/vincentians.com\/en\/category\/spirituality\/prayer\/"},"img":{"alt_text":"","src":"https:\/\/i0.wp.com\/vincentians.com\/en\/wp-content\/uploads\/sites\/2\/2014\/01\/vicente-de-paul.jpg?fit=1200%2C630&resize=350%2C200","width":350,"height":200,"srcset":"https:\/\/i0.wp.com\/vincentians.com\/en\/wp-content\/uploads\/sites\/2\/2014\/01\/vicente-de-paul.jpg?fit=1200%2C630&resize=350%2C200 1x, https:\/\/i0.wp.com\/vincentians.com\/en\/wp-content\/uploads\/sites\/2\/2014\/01\/vicente-de-paul.jpg?fit=1200%2C630&resize=525%2C300 1.5x, https:\/\/i0.wp.com\/vincentians.com\/en\/wp-content\/uploads\/sites\/2\/2014\/01\/vicente-de-paul.jpg?fit=1200%2C630&resize=700%2C400 2x, https:\/\/i0.wp.com\/vincentians.com\/en\/wp-content\/uploads\/sites\/2\/2014\/01\/vicente-de-paul.jpg?fit=1200%2C630&resize=1050%2C600 3x"},"classes":[]},{"id":108145,"url":"http:\/\/vincentians.com\/en\/how-st-vincent-ferrer-influenced-st-vincent-de-paul\/","url_meta":{"origin":51040,"position":1},"title":"How St Vincent Ferrer influenced St Vincent de Paul","author":"Francisco Javier Fern\u00e1ndez Chento","date":"November 18, 2013","format":false,"excerpt":"When I was reading about the life and works of Vincent Ferrer, whom I admire enormously, I was surprised to find that some of his biographers mentioned that he had a significant influence on St Vincent de Paul. For instance, in his book, St Vincent Ferrer: The Angel of the\u2026","rel":"","context":"In &quot;Vincent de Paul&quot;","block_context":{"text":"Vincent de Paul","link":"http:\/\/vincentians.com\/en\/category\/the-vincentian-family\/founders\/vincent-de-paul\/"},"img":{"alt_text":"","src":"https:\/\/i0.wp.com\/vincentians.com\/en\/wp-content\/uploads\/sites\/2\/2013\/11\/st-vincent-ferrer.jpg?fit=1200%2C630&resize=350%2C200","width":350,"height":200,"srcset":"https:\/\/i0.wp.com\/vincentians.com\/en\/wp-content\/uploads\/sites\/2\/2013\/11\/st-vincent-ferrer.jpg?fit=1200%2C630&resize=350%2C200 1x, https:\/\/i0.wp.com\/vincentians.com\/en\/wp-content\/uploads\/sites\/2\/2013\/11\/st-vincent-ferrer.jpg?fit=1200%2C630&resize=525%2C300 1.5x, https:\/\/i0.wp.com\/vincentians.com\/en\/wp-content\/uploads\/sites\/2\/2013\/11\/st-vincent-ferrer.jpg?fit=1200%2C630&resize=700%2C400 2x, https:\/\/i0.wp.com\/vincentians.com\/en\/wp-content\/uploads\/sites\/2\/2013\/11\/st-vincent-ferrer.jpg?fit=1200%2C630&resize=1050%2C600 3x"},"classes":[]},{"id":100869,"url":"http:\/\/vincentians.com\/en\/where-was-vincent-de-paul-born\/","url_meta":{"origin":51040,"position":2},"title":"Where was Vincent de Paul Born?","author":"Francisco Javier Fern\u00e1ndez Chento","date":"August 4, 2016","format":false,"excerpt":"1. Documentation Vincent's Words Vincent: he states that he is French: \"they [the Italians] think that we French act too quickly\" (CCD:II:267). He is also a Gascon: \"I entreat you to help a poor Gascon to do so\" (CCD:II:82, note 20). He is from the Diocese of Dax: \"His Lordship\u2026","rel":"","context":"In &quot;Vincent de Paul&quot;","block_context":{"text":"Vincent de Paul","link":"http:\/\/vincentians.com\/en\/category\/the-vincentian-family\/founders\/vincent-de-paul\/"},"img":{"alt_text":"","src":"https:\/\/i0.wp.com\/vincentians.com\/en\/wp-content\/uploads\/sites\/2\/2012\/12\/vincent-de-paul-landes-background.jpg?fit=1200%2C630&resize=350%2C200","width":350,"height":200,"srcset":"https:\/\/i0.wp.com\/vincentians.com\/en\/wp-content\/uploads\/sites\/2\/2012\/12\/vincent-de-paul-landes-background.jpg?fit=1200%2C630&resize=350%2C200 1x, https:\/\/i0.wp.com\/vincentians.com\/en\/wp-content\/uploads\/sites\/2\/2012\/12\/vincent-de-paul-landes-background.jpg?fit=1200%2C630&resize=525%2C300 1.5x, https:\/\/i0.wp.com\/vincentians.com\/en\/wp-content\/uploads\/sites\/2\/2012\/12\/vincent-de-paul-landes-background.jpg?fit=1200%2C630&resize=700%2C400 2x, https:\/\/i0.wp.com\/vincentians.com\/en\/wp-content\/uploads\/sites\/2\/2012\/12\/vincent-de-paul-landes-background.jpg?fit=1200%2C630&resize=1050%2C600 3x"},"classes":[]},{"id":152394,"url":"http:\/\/vincentians.com\/en\/new-in-the-library-virtues-and-spiritual-doctrine-of-st-vincent-paul-abbe-maynard\/","url_meta":{"origin":51040,"position":3},"title":"New in the Library: &#8220;Virtues and Spiritual Doctrine of St. Vincent De Paul&#8221; (Abb\u00e9 Maynard)","author":"Francisco Javier Fern\u00e1ndez Chento","date":"July 21, 2016","format":false,"excerpt":"English translation of Abb\u00e9 Maynard, Vertus et doctrine spirituelle de Saint Vincent de Paul (1870). From the translator's preface: This work presents most completely the virtue of the saint, and marks most fully and clearly his ideas and teachings. It specifically treats, as its title indicates, of the virtues of\u2026","rel":"","context":"In &quot;Vincent de Paul&quot;","block_context":{"text":"Vincent de Paul","link":"http:\/\/vincentians.com\/en\/category\/the-vincentian-family\/founders\/vincent-de-paul\/"},"img":{"alt_text":"","src":"https:\/\/i0.wp.com\/vincentians.com\/en\/wp-content\/uploads\/sites\/2\/2016\/07\/the-vincentian-digital-library-2.jpg?fit=1200%2C630&resize=350%2C200","width":350,"height":200,"srcset":"https:\/\/i0.wp.com\/vincentians.com\/en\/wp-content\/uploads\/sites\/2\/2016\/07\/the-vincentian-digital-library-2.jpg?fit=1200%2C630&resize=350%2C200 1x, https:\/\/i0.wp.com\/vincentians.com\/en\/wp-content\/uploads\/sites\/2\/2016\/07\/the-vincentian-digital-library-2.jpg?fit=1200%2C630&resize=525%2C300 1.5x, https:\/\/i0.wp.com\/vincentians.com\/en\/wp-content\/uploads\/sites\/2\/2016\/07\/the-vincentian-digital-library-2.jpg?fit=1200%2C630&resize=700%2C400 2x, https:\/\/i0.wp.com\/vincentians.com\/en\/wp-content\/uploads\/sites\/2\/2016\/07\/the-vincentian-digital-library-2.jpg?fit=1200%2C630&resize=1050%2C600 3x"},"classes":[]},{"id":108748,"url":"http:\/\/vincentians.com\/en\/prayer-for-vocations-written-by-st-vincent-de-paul\/","url_meta":{"origin":51040,"position":4},"title":"Prayer for Vocations written by St. Vincent De Paul","author":"Francisco Javier Fern\u00e1ndez Chento","date":"December 24, 2015","format":false,"excerpt":"O Lord, send good workers to your Church, but may they be good! Send good missionaries to work in your vineyard, laborers, O my God, such as they ought to be: utterly detached from themselves, their own comfort, and worldly goods. Let them even be few in number, provided that\u2026","rel":"","context":"In &quot;Prayer&quot;","block_context":{"text":"Prayer","link":"http:\/\/vincentians.com\/en\/category\/spirituality\/prayer\/"},"img":{"alt_text":"","src":"https:\/\/i0.wp.com\/vincentians.com\/en\/wp-content\/uploads\/sites\/2\/2013\/12\/escudo-cm.jpg?fit=1200%2C630&resize=350%2C200","width":350,"height":200,"srcset":"https:\/\/i0.wp.com\/vincentians.com\/en\/wp-content\/uploads\/sites\/2\/2013\/12\/escudo-cm.jpg?fit=1200%2C630&resize=350%2C200 1x, https:\/\/i0.wp.com\/vincentians.com\/en\/wp-content\/uploads\/sites\/2\/2013\/12\/escudo-cm.jpg?fit=1200%2C630&resize=525%2C300 1.5x, https:\/\/i0.wp.com\/vincentians.com\/en\/wp-content\/uploads\/sites\/2\/2013\/12\/escudo-cm.jpg?fit=1200%2C630&resize=700%2C400 2x, https:\/\/i0.wp.com\/vincentians.com\/en\/wp-content\/uploads\/sites\/2\/2013\/12\/escudo-cm.jpg?fit=1200%2C630&resize=1050%2C600 3x"},"classes":[]},{"id":98234,"url":"http:\/\/vincentians.com\/en\/the-major-studies-on-vincent-de-paul\/","url_meta":{"origin":51040,"position":5},"title":"The Major Studies on Vincent de Paul","author":"Francisco Javier Fern\u00e1ndez Chento","date":"December 23, 2012","format":false,"excerpt":"There are two Vincent de Pauls who have come down to us: the Vincent of legend and the Vincent of history. The Vincent of legend is the Saint of popular piety. This is the Vincent with two chief virtues: humility and charity, whose works are reduced to three: the foundlings,\u2026","rel":"","context":"In &quot;Vincent de Paul&quot;","block_context":{"text":"Vincent de Paul","link":"http:\/\/vincentians.com\/en\/category\/the-vincentian-family\/founders\/vincent-de-paul\/"},"img":{"alt_text":"","src":"https:\/\/i0.wp.com\/vincentians.com\/en\/wp-content\/uploads\/sites\/2\/2012\/12\/vincent-de-paul-books.jpg?fit=1200%2C630&resize=350%2C200","width":350,"height":200,"srcset":"https:\/\/i0.wp.com\/vincentians.com\/en\/wp-content\/uploads\/sites\/2\/2012\/12\/vincent-de-paul-books.jpg?fit=1200%2C630&resize=350%2C200 1x, https:\/\/i0.wp.com\/vincentians.com\/en\/wp-content\/uploads\/sites\/2\/2012\/12\/vincent-de-paul-books.jpg?fit=1200%2C630&resize=525%2C300 1.5x, https:\/\/i0.wp.com\/vincentians.com\/en\/wp-content\/uploads\/sites\/2\/2012\/12\/vincent-de-paul-books.jpg?fit=1200%2C630&resize=700%2C400 2x, https:\/\/i0.wp.com\/vincentians.com\/en\/wp-content\/uploads\/sites\/2\/2012\/12\/vincent-de-paul-books.jpg?fit=1200%2C630&resize=1050%2C600 3x"},"classes":[]}],"_links":{"self":[{"href":"http:\/\/vincentians.com\/en\/wp-json\/wp\/v2\/posts\/51040","targetHints":{"allow":["GET"]}}],"collection":[{"href":"http:\/\/vincentians.com\/en\/wp-json\/wp\/v2\/posts"}],"about":[{"href":"http:\/\/vincentians.com\/en\/wp-json\/wp\/v2\/types\/post"}],"author":[{"embeddable":true,"href":"http:\/\/vincentians.com\/en\/wp-json\/wp\/v2\/users\/4"}],"replies":[{"embeddable":true,"href":"http:\/\/vincentians.com\/en\/wp-json\/wp\/v2\/comments?post=51040"}],"version-history":[{"count":0,"href":"http:\/\/vincentians.com\/en\/wp-json\/wp\/v2\/posts\/51040\/revisions"}],"wp:featuredmedia":[{"embeddable":true,"href":"http:\/\/vincentians.com\/en\/wp-json\/wp\/v2\/media\/150239"}],"wp:attachment":[{"href":"http:\/\/vincentians.com\/en\/wp-json\/wp\/v2\/media?parent=51040"}],"wp:term":[{"taxonomy":"category","embeddable":true,"href":"http:\/\/vincentians.com\/en\/wp-json\/wp\/v2\/categories?post=51040"},{"taxonomy":"post_tag","embeddable":true,"href":"http:\/\/vincentians.com\/en\/wp-json\/wp\/v2\/tags?post=51040"}],"curies":[{"name":"wp","href":"https:\/\/api.w.org\/{rel}","templated":true}]}}