{"id":47797,"date":"2016-01-15T05:18:46","date_gmt":"2016-01-15T04:18:46","guid":{"rendered":"http:\/\/somos.vicencianos.org\/?p=47797"},"modified":"2016-07-10T19:20:09","modified_gmt":"2016-07-10T17:20:09","slug":"saint-louise-de-marillacs-uncle-louis-xiiis-garde-des-sceaux-michel-de-marillac-1560-1632","status":"publish","type":"post","link":"http:\/\/vincentians.com\/en\/saint-louise-de-marillacs-uncle-louis-xiiis-garde-des-sceaux-michel-de-marillac-1560-1632\/","title":{"rendered":"Saint Louise de Marillac&#8217;s Uncle: Louis XIII&#8217;s Garde des Sceaux, Michel de Marillac (1560-1632)"},"content":{"rendered":"<p>The name Louise de Marillac, writes Louise Sullivan, D.C., \u201chas largely remained hidden\u201d in the \u201cshadow\u201d of her famous mentor and colleague, Vincent de Paul.<span id='easy-footnote-1-47797' class='easy-footnote-margin-adjust'><\/span><span class='easy-footnote'><a href='http:\/\/vincentians.com\/en\/saint-louise-de-marillacs-uncle-louis-xiiis-garde-des-sceaux-michel-de-marillac-1560-1632\/#easy-footnote-bottom-1-47797' title='Louise Sullivan, D.C., \u201cLouise de Marillac: A Spiritual Portrait,\u201d in &lt;em&gt;Vincent de Paul and Louise de Marillac: Rules, Conferences, and Writings&lt;\/em&gt;, ed. Frances Ryan, D.C., and John E. Rybolt, C.M. (New York: Paulist Press, 1995), 39. Last year, 2010, marks the 350th anniversary of the deaths of these partner saints, and the joint celebration of this date should help in shedding greater light upon Louise.'><sup>1<\/sup><\/a><\/span> A similar shadow has, until recently, hidden the reputation of Saint Louise\u2019s uncle, Michel de Marillac (1560-1632), despite being arguably among the half-dozen most important political figures during the reign of Louis XIII. But in her uncle\u2019s case the shadow was deliberately created by Cardinal Richelieu, who did his best to obscure the memory and anti-war sentiments of his sometime collaborator and ministerial colleague.<\/p>\n<p>At the time of his disgrace, Michel de Marillac was effectively what today we would call the Minister of Justice (in American terms, the Attorney General). He had served in the Royal Council since 1624, for two years as co-<em>Surintendant des Finances<\/em>, and during the following four-and-a-half years as <em>Garde des Sceaux <\/em>\u2014 that is, the Keeper of the Seals, appointed to take over all the responsibilities of drafting and adjudicating French law from an out-of-favor, but irremovable, Chancellor. To these posts he brought great intelligence, probity, financial integrity, courage, strong (but perhaps still vague) aspirations for government reform, and immense experience.<\/p>\n<p>He had spent almost a decade as a Councillor in the Parlement de Paris, over fifteen years as a Master of Requests (the king\u2019s principal bureaucratic team for administration and justice, reinforcing the royal will throughout the kingdom and reporting back with their on-site observations), and approximately twelve years as a Royal Councillor primarily focused on financial matters.<span id='easy-footnote-2-47797' class='easy-footnote-margin-adjust'><\/span><span class='easy-footnote'><a href='http:\/\/vincentians.com\/en\/saint-louise-de-marillacs-uncle-louis-xiiis-garde-des-sceaux-michel-de-marillac-1560-1632\/#easy-footnote-bottom-2-47797' title='Marillac\u2019s personal life and political career: birth, 28 August 1560; loss of mother, 1568, and of father, 1573; &lt;em&gt;conseiller lai au Parlement de Paris&lt;\/em&gt;, 3 September 1586; marriage to Nicole, &lt;em&gt;dite &lt;\/em&gt;Marguerite, Barbe de La Forterie (1561-1600), 12 July 1587; three surviving children; &lt;em&gt;ma\u00eetre des requ\u00eates &lt;\/em&gt;24\/5 January 1595; widowhood, 1600, then second marriage, to Marie de Saint-Germain (widow of Jean Amelot), September 1601; &lt;em&gt;conseiller d\u2019\u00c9tat&lt;\/em&gt;, 1612; enters &lt;em&gt;Conseil d\u2019\u00c9tat&lt;\/em&gt;, November 1612; a &lt;em&gt;conseiller des finances&lt;\/em&gt;, 1619; co-&lt;em&gt;surintendant des finances &lt;\/em&gt;(with Jean Bochart de Champigny), 27 August 1624; &lt;em&gt;garde des sceaux&lt;\/em&gt;, 1 June 1626; proclamation\/publication of the &lt;em&gt;Ordonnance du Roi Louis XIII&amp;#8230; &lt;\/em&gt;(the \u201cCode Michaud\u201d), January 1629; disgrace and arrest, 12 November 1630; death at Ch\u00e2teaudun, 7 August 1632.'><sup>2<\/sup><\/a><\/span> More remarkably, he had compiled two still unpublished, but often copied, treatises that were virtually archives \/ handbooks of the offices and functions of the Royal Council, with special attention given to questions of finance and justice. Two years before his disgrace, he wrote and edited the largest single codification of French law before (and even including) Napoleon\u2019s famous codes, and prepared yet another treatise to blunt the inevitable challenge he knew his code would face from the <em>Parlement de Paris<\/em>.<span id='easy-footnote-3-47797' class='easy-footnote-margin-adjust'><\/span><span class='easy-footnote'><a href='http:\/\/vincentians.com\/en\/saint-louise-de-marillacs-uncle-louis-xiiis-garde-des-sceaux-michel-de-marillac-1560-1632\/#easy-footnote-bottom-3-47797' title='These treatises bear the titles &lt;em&gt;Des Chanceliers et Gardes des sceaux de France, du pouvoir et usage de leurs charges et de leurs droitz des sceaux et de la cire&lt;\/em&gt;; &lt;em&gt;Recueil des Conseils du Roy, et l\u2019origine et r\u00e8glemens d\u2019iceux. Ce recueil contient seulement des exemples tirez de l\u2019antiquit\u00e9, de l\u2019histoire et des registres de Parlement et autres, de ce qui s\u2019est observ\u00e9 cy-devant en chacun des articles remarquez et contenus en iceluy&lt;\/em&gt;; and &lt;em&gt;M\u00e9moire dress\u00e9 par le garde des sceaux de Marillac, principalement contre l\u2019authorit\u00e9 du Parlement&lt;\/em&gt;. At least one copy of each can be found at the Biblioth\u00e8que nationale de France [BnF] (rue Richelieu site), with additional copies of the latter two, also elsewhere.'><sup>3<\/sup><\/a><\/span>\n<p>As we shall illustrate in a moment, Marillac was also a zealous, pious, and devout Catholic. But, not only was he a prominent and influential <em>d\u00e9vot<\/em>; he was the virtual leader of what was known as <em>le parti d\u00e9vot<\/em>, that is, the persons and aspirations of the French Catholic Reformation as it involved itself in domestic and foreign political affairs. Because of the all-pervasive intimacy of Church and State in Late- and Post-Medieval Europe, neither Church nor State could be much reformed or influenced without involvement in the other too. At least since the Concordat of 1516, royal appointments to all principal religious offices had been more at the discretion of the French king than under papal control; in addition, political and social affairs were administered as much through ecclesiastical channels as through governmental ones, whether municipal, provincial, or royal, and secular officials continually intruded upon religious and ecclesiastical matters.<\/p>\n<div id=\"attachment_149198\" style=\"width: 199px\" class=\"wp-caption aligncenter\"><a href=\"https:\/\/i0.wp.com\/vincentians.com\/en\/wp-content\/uploads\/sites\/2\/2016\/01\/Portrait_of_Louis_XIII_of_France_-_Engraving_17th_century.jpg\"><img data-recalc-dims=\"1\" loading=\"lazy\" decoding=\"async\" aria-describedby=\"caption-attachment-149198\" data-attachment-id=\"149198\" data-permalink=\"http:\/\/vincentians.com\/en\/saint-louise-de-marillacs-uncle-louis-xiiis-garde-des-sceaux-michel-de-marillac-1560-1632\/portrait_of_louis_xiii_of_france_-_engraving_17th_century\/\" data-orig-file=\"https:\/\/i0.wp.com\/vincentians.com\/en\/wp-content\/uploads\/sites\/2\/2016\/01\/Portrait_of_Louis_XIII_of_France_-_Engraving_17th_century.jpg?fit=2797%2C4451\" data-orig-size=\"2797,4451\" data-comments-opened=\"1\" data-image-meta=\"{&quot;aperture&quot;:&quot;0&quot;,&quot;credit&quot;:&quot;&quot;,&quot;camera&quot;:&quot;&quot;,&quot;caption&quot;:&quot;&quot;,&quot;created_timestamp&quot;:&quot;0&quot;,&quot;copyright&quot;:&quot;&quot;,&quot;focal_length&quot;:&quot;0&quot;,&quot;iso&quot;:&quot;0&quot;,&quot;shutter_speed&quot;:&quot;0&quot;,&quot;title&quot;:&quot;&quot;,&quot;orientation&quot;:&quot;0&quot;}\" data-image-title=\"Portrait_of_Louis_XIII_of_France_-_Engraving_17th_century\" data-image-description=\"\" data-image-caption=\"\" data-medium-file=\"https:\/\/i0.wp.com\/vincentians.com\/en\/wp-content\/uploads\/sites\/2\/2016\/01\/Portrait_of_Louis_XIII_of_France_-_Engraving_17th_century.jpg?fit=189%2C300\" data-large-file=\"https:\/\/i0.wp.com\/vincentians.com\/en\/wp-content\/uploads\/sites\/2\/2016\/01\/Portrait_of_Louis_XIII_of_France_-_Engraving_17th_century.jpg?fit=643%2C1024\" class=\"wp-image-149198 size-medium\" src=\"https:\/\/i0.wp.com\/vincentians.com\/en\/wp-content\/uploads\/sites\/2\/2016\/01\/Portrait_of_Louis_XIII_of_France_-_Engraving_17th_century.jpg?resize=189%2C300\" alt=\"Portrait_of_Louis_XIII_of_France_-_Engraving_17th_century\" width=\"189\" height=\"300\" srcset=\"https:\/\/i0.wp.com\/vincentians.com\/en\/wp-content\/uploads\/sites\/2\/2016\/01\/Portrait_of_Louis_XIII_of_France_-_Engraving_17th_century.jpg?resize=189%2C300 189w, https:\/\/i0.wp.com\/vincentians.com\/en\/wp-content\/uploads\/sites\/2\/2016\/01\/Portrait_of_Louis_XIII_of_France_-_Engraving_17th_century.jpg?resize=768%2C1222 768w, https:\/\/i0.wp.com\/vincentians.com\/en\/wp-content\/uploads\/sites\/2\/2016\/01\/Portrait_of_Louis_XIII_of_France_-_Engraving_17th_century.jpg?resize=643%2C1024 643w, https:\/\/i0.wp.com\/vincentians.com\/en\/wp-content\/uploads\/sites\/2\/2016\/01\/Portrait_of_Louis_XIII_of_France_-_Engraving_17th_century.jpg?resize=63%2C100 63w, https:\/\/i0.wp.com\/vincentians.com\/en\/wp-content\/uploads\/sites\/2\/2016\/01\/Portrait_of_Louis_XIII_of_France_-_Engraving_17th_century.jpg?resize=100%2C159 100w, https:\/\/i0.wp.com\/vincentians.com\/en\/wp-content\/uploads\/sites\/2\/2016\/01\/Portrait_of_Louis_XIII_of_France_-_Engraving_17th_century.jpg?resize=846%2C1346 846w, https:\/\/i0.wp.com\/vincentians.com\/en\/wp-content\/uploads\/sites\/2\/2016\/01\/Portrait_of_Louis_XIII_of_France_-_Engraving_17th_century.jpg?resize=1004%2C1598 1004w, https:\/\/i0.wp.com\/vincentians.com\/en\/wp-content\/uploads\/sites\/2\/2016\/01\/Portrait_of_Louis_XIII_of_France_-_Engraving_17th_century.jpg?w=1692 1692w, https:\/\/i0.wp.com\/vincentians.com\/en\/wp-content\/uploads\/sites\/2\/2016\/01\/Portrait_of_Louis_XIII_of_France_-_Engraving_17th_century.jpg?w=2538 2538w\" sizes=\"auto, (max-width: 189px) 100vw, 189px\" \/><\/a><p id=\"caption-attachment-149198\" class=\"wp-caption-text\">Engraving of Louis XIII (1601-1643).<\/p><\/div>\n<p>Marillac and his half-brother were both relatively close to Marie de Medici, wife, then widow, of Henry IV, and mother of Louis XIII. A secondary diplomatic and military figure, Louis de Marillac had, in fact, married a very distant cousin of the Queen\u2019s,<span id='easy-footnote-4-47797' class='easy-footnote-margin-adjust'><\/span><span class='easy-footnote'><a href='http:\/\/vincentians.com\/en\/saint-louise-de-marillacs-uncle-louis-xiiis-garde-des-sceaux-michel-de-marillac-1560-1632\/#easy-footnote-bottom-4-47797' title='This Catherine de Medici happened, in fact, to be a closer relative of the recent, third Florentine Medici pope, Leo XI (27 days in April 1605), than was the Queen herself. The marriage to Louis de Marillac took place in 1607.'><sup>4<\/sup><\/a><\/span> and was to play fairly prominent roles in all of the young Louis XIII\u2019s military campaigns against the French Calvinists (a.k.a. the \u201cHuguenots\u201d). He was eventually elevated to become one of the marshals (<em>mar\u00e9chaux<\/em>) of France. Both Marillacs helped Richelieu\u2019s return to power in early 1624, and were in turn raised to more prominent posts themselves. All three, as well as the Queen Mother, shared the king\u2019s desire to weaken, even eliminate, the Huguenot presence in France, to reform and strengthen the French Catholic Church, and \u2014 at least in the case of Cardinal Richelieu and Michel de Marillac \u2014 to reform diverse aspects of the financial, administrative, and judicial institutions and practices of royal government.<\/p>\n<p>Corruption, inefficiencies, incompetence, and insouciance towards royal authority were all objects of their reformist concerns \u2014 so many concrete examples, yet the myriad of impediments to reform meant that conceptualizing a real program necessarily remained frustratingly vague and erratic. With the 1620s came the gradual beginnings of change, dramatically in the case of Protestant heresy, more tentatively as regards the reshaping of government. Finance, administration, justice, social status, and family connections \u2014as well as the same ecclesiastical considerations\u2014 made it equally difficult to formulate and implement reform. But the place and security of France on the European stage was also of importance, and Spanish imperialism, even if considerably disguised as the agent of the Catholic Counter-Reformation, could not be ignored by French statesmen.<span id='easy-footnote-5-47797' class='easy-footnote-margin-adjust'><\/span><span class='easy-footnote'><a href='http:\/\/vincentians.com\/en\/saint-louise-de-marillacs-uncle-louis-xiiis-garde-des-sceaux-michel-de-marillac-1560-1632\/#easy-footnote-bottom-5-47797' title='An historian of true objectivity would not note the 20th-century parallel here to Soviet imperialism with its disguise of communism, without also noting the equally evident phenomenon of American imperialism disguised with capitalist-related democracy.'><sup>5<\/sup><\/a><\/span> Challenges from Spain and the Empire to the Mantuan inheritance by an Italian-descended French nobleman (Charles de Gonzague de Nevers) could not be ignored, especially since Mantua was strategically important in the upper Po valley.<\/p>\n<p>Richelieu and the king were also committed <em>d\u00e9vots<\/em>, but they allowed potential threats to French interests abroad to distract them from their domestic religious and political reform objectives. They tried to keep Michel de Marillac and the Oratorian founder, Pierre de B\u00e9rulle (who was to die in 1629), well informed about the realities of Spanish ambitions, but both men continued to minimize the danger from Spain while emphasizing the urgency of finishing off the Huguenots at home, and strengthening royal authority overall. It was Marillac\u2019s persistent objections to the war that led to his disgrace in early November 1630. Louis de Marillac, too, marshal since June 1629 (and one of three generals in command of this very Italian campaign), was summarily arrested, tried in a fixed court, and executed in 1632. Had the <em>d\u00e9vot<\/em>s\u2019 insistence on reform prevailed (and the Ordonnance of 1629 not been still-born), the French Revolution might have been avoided, but such speculation is off limits for the professional historian!<\/p>\n<p>Having briefly sketched Marillac\u2019s political involvements, we are now free to look at his intellectual and devotional activities, which were perhaps even more remarkable. All aspects of his life and career were thoroughly consistent with those of his ancestors, who \u2014 sometimes within the career of a single individual \u2014 were to be found in both the political and ecclesiastical arena. Tracing back five generations, a putative paternal ancestor is claimed to have married the equally problematic Antoinette de Beaufort de Canillac, the supposed niece of Pope Gregory XI and grand-niece of Pope Clement VI. Each of these popes played a central role in the history of the fourteenth-century Avignonese Papacy.<span id='easy-footnote-6-47797' class='easy-footnote-margin-adjust'><\/span><span class='easy-footnote'><a href='http:\/\/vincentians.com\/en\/saint-louise-de-marillacs-uncle-louis-xiiis-garde-des-sceaux-michel-de-marillac-1560-1632\/#easy-footnote-bottom-6-47797' title='Admittedly this takes us at least one generation further than where some Marillac genealogists are willing to be certain of the lineage, but the Marillacs themselves may well have embraced such claims, and so they form part of the family\u2019s self-understanding. Anne- Val\u00e9rie Solignat, \u201cLes g\u00e9n\u00e9alogies imaginaires des Marillac ou comment faire des siens des gentilshommes de noblesse imm\u00e9moriale,\u201d a paper presented to research colleagues at \u201cPenser l\u2019\u00e9dition num\u00e9rique critique: &lt;em&gt;La Vie de Michel de Marillac &lt;\/em&gt;par Nicolas Lefevre de Lezeau \u2014 Premi\u00e8re journ\u00e9e d\u2019\u00e9tudes \u2014 Nicolas Lefevre de Lezeau et l\u2019\u00e9criture\u201d (23 March 2011). It was Clement VI who in 1348 purchased Avignon outright from its previous &lt;em&gt;seignieur&lt;\/em&gt;, Queen Joan of Naples; and Gregory XI, who was in 1377 persuaded by Saint Catherine of Sienna to move the papacy back to Rome. Interestingly, the spirituality of this Catherine of Sienna was to appear in Louise de Marillac\u2019s mature writings.'><sup>6<\/sup><\/a><\/span> Over four generations, one or more Marillacs was either a secretary or financial official to various members of the Bourbon family \u2014 a fact which should not be overlooked in seeking to explain why a zealous Catholic Leaguer such as Michel de Marillac was eventually persuaded to embrace the not-yet-converted Henry of Bourbon- Navarre as his rightful king in 1593.<\/p>\n<p>Michel had nine uncles and two aunts, whose involvements in military, administrative and\/or religious careers ranged from noble service in the family\u2019s native Auvergne and other provinces to royal service in the Parisian capital or wherever else the king had need of them. To take but two examples: Charles de Marillac (ca. 1500-1560) was abbot of Saint-P\u00e8re-les-Melun, bishop of Vannes in Britanny, and then archbishop and count of Vienne in Dauphin\u00e9; but he had also undertaken diplomatic tasks in Constantinople, England, and the Holy Roman Empire, as well as eventually capping various judicial activities with membership in the king\u2019s Privy Council. His brother, Guillaume II (ca. 1518-1573), Michel\u2019s father, was knighted on the field of battle and capped a long career in royal administration by becoming Comptroller-General of Finances (<em>contr\u00f4leur g\u00e9n\u00e9ral des finances<\/em>) about five years before his death.<span id='easy-footnote-7-47797' class='easy-footnote-margin-adjust'><\/span><span class='easy-footnote'><a href='http:\/\/vincentians.com\/en\/saint-louise-de-marillacs-uncle-louis-xiiis-garde-des-sceaux-michel-de-marillac-1560-1632\/#easy-footnote-bottom-7-47797' title='It is remarkable how uncertain so much scholarship remains. A major concern for me during the fifteen or so years of working on the Marillacs\u2019 genealogy has been consistently turning up either nothing, or else approximate dates for these two important brothers: until recently \u201cca. 1510\u201d for Charles, and \u201cca. 1500\u201d for his \u201cyounger\u201d brother Guillaume II. Then, I found (without cited sources) that Charles\u2019 birth has been assigned ca. 1500, and Guillaume\u2019s ca. 1518. What to think?'><sup>7<\/sup><\/a><\/span> The religious commitments of this generation are further revealed in mentioning a third brother \u2019s becoming bishop of Rennes,<span id='easy-footnote-8-47797' class='easy-footnote-margin-adjust'><\/span><span class='easy-footnote'><a href='http:\/\/vincentians.com\/en\/saint-louise-de-marillacs-uncle-louis-xiiis-garde-des-sceaux-michel-de-marillac-1560-1632\/#easy-footnote-bottom-8-47797' title='This brother, Bertrand de Marillac, is among those \u201creforming bishops\u201d cited in J. Michael Hayden and Malcolm R. Greenshields, &lt;em&gt;Six Hundred Years of Reform; Bishops and the French Church, 1&lt;\/em&gt;&lt;em&gt;190-1789 &lt;\/em&gt;(Montreal &amp;amp; Kingston: McGill-Queen\u2019s UP, 2005), Appendix 4B-2, p. 379.'><sup>8<\/sup><\/a><\/span> an aunt\u2019s being a Dominican nun (and poet) at Poissy, and yet another brother \u2019s being disinherited on account of his conversion to Calvinism and subsequent flight to Geneva.<\/p>\n<p>With such a family history it is intriguing that not one of Michel\u2019s siblings entered the religious life, even if he himself made two futile attempts as an adolescent. Nonetheless, his own descendants did so in abundance, and at least one male in each generation followed the family tradition of a secular judicial\/administrative career too. His daughter, widowed daughter-in-law, three granddaughters, and a great-granddaughter all became Carmelites. Two brothers of this youngest Carmelite became priests, one of them gaining some prominence in intellectual and pious pursuits.<span id='easy-footnote-9-47797' class='easy-footnote-margin-adjust'><\/span><span class='easy-footnote'><a href='http:\/\/vincentians.com\/en\/saint-louise-de-marillacs-uncle-louis-xiiis-garde-des-sceaux-michel-de-marillac-1560-1632\/#easy-footnote-bottom-9-47797' title='This outstanding priest was Louis de Marillac (d. 25 February 1696), &lt;em&gt;docteur de Sorbonne&lt;\/em&gt;, &lt;em&gt;cur\u00e9 &lt;\/em&gt;of Saint-Germain-l\u2019Auxerrois (1670-94) and then of Saint-Jacques-la-Boucherie (1694-96). Also prior of Langeay (or Langey or Langeais), he opened two houses for young monks to meet together with ecclesiastics for pious exercises; in his home, he built a chapel and a cavern for devotions, and this home became a seminary under the name of Saint-Pierre and then Saint-Louis. Being made &lt;em&gt;Sup\u00e9rieur &lt;\/em&gt;of the Regular Clerks of Saint-Paul in 1669, he associated his community with that of the Pontoise Carmel. (For supporting references, see my edition of Nicolas Lef\u00e8vre de Lezeau, &lt;em&gt;La vie de Michel de Marillac (1560-1632) &lt;\/em&gt;[PU Laval, 2007], p. 517.).'><sup>9<\/sup><\/a><\/span> Marillac\u2019s younger son became a Capuchin (who was nominated to the see of St-M\u00e2lo at the time of his death) and his elder grandson, a Knight of Malta. Except for her prominence and sanctity, Saint Louise de Marillac must be seen as a thoroughly typical member of this extended family, especially when one considers other religious and several zealously pious laymen and -women among Michel\u2019s nieces, nephews, and cousins. Here, we find another bishop of relative prominence, as well as persons actively supporting the Company of the Holy Sacrament,<span id='easy-footnote-10-47797' class='easy-footnote-margin-adjust'><\/span><span class='easy-footnote'><a href='http:\/\/vincentians.com\/en\/saint-louise-de-marillacs-uncle-louis-xiiis-garde-des-sceaux-michel-de-marillac-1560-1632\/#easy-footnote-bottom-10-47797' title='These are children of Michel\u2019s half sister Valence de Marillac and her husband Octavien II Dony d\u2019Attichy (&lt;em&gt;surintendant des finances &lt;\/em&gt;for Marie de Medici): Louis Dony d\u2019Attichy (1598-1664), a friar of the Minim Order and then bishop of, first, Riez, then, Autun; and Anne Dony and her husband Louis de Rochechouart, count of Maure, both of whom actively supported the Company of the Holy Sacrament while never hiding their animosity towards Cardinal Richelieu, who had so brutally treated Anne\u2019s uncle, Marshal Louis de Marillac. Two other children of Valence and Octavien Dony give us another Carmelite and a Jesuit.'><sup>10<\/sup><\/a><\/span> a new group long dreamed of by Michel de Marillac and his <em>d\u00e9vot <\/em>associates, but only realized on the eve of his disgrace. Amongst several \u201czealous and effective assistants of Louise de Marillac,\u201d Louis Ch\u00e2tellier mentions a \u201cMademoiselle Hardy,\u201d<span id='easy-footnote-11-47797' class='easy-footnote-margin-adjust'><\/span><span class='easy-footnote'><a href='http:\/\/vincentians.com\/en\/saint-louise-de-marillacs-uncle-louis-xiiis-garde-des-sceaux-michel-de-marillac-1560-1632\/#easy-footnote-bottom-11-47797' title='Ch\u00e2tellier, &lt;em&gt;The Europe of the Devout; The Catholic Reformation and the Formation of a New Society&lt;\/em&gt;, trans. Jean Birrell (Cambridge: Cambridge University Press, 1989), p. 103.'><sup>11<\/sup><\/a><\/span> who may well be Fran\u00e7oise le Hardy, marquise de Flamarens, a granddaughter of Louis and Michel\u2019s elder sister Marie de Marillac Hennequin and thus actually a second cousin to Saint Louise herself. Mademoiselle Hardy was one of those who \u201cvigorously solicited Vincent de Paul on behalf of orphans.\u201d<\/p>\n<p>Before addressing the relationship between Michel and his niece, however, let us turn to the uncle\u2019s myriad devout activities. First, his personal zeal for prayer, discipline, and frequent communion. If I may be permitted to quote myself from a recent article:<\/p>\n<p style=\"padding-left: 30px;\">Well before his entry into high office, Marillac attended all matins in his parish on feast days and Sundays. He practiced the austerities and spiritual mortifications of the Catholic Reformation in France: sleeping on the tile floor of his <em>h\u00f4tel<\/em>\u2019s chapel, refusing a feather bed when deteriorating health forced him off the tiles, remaining up late into the night, frequent fasting, etc. He even wore \u201ca belt of small silver bow knots\u201d \u2014 that is, a sharply studded girdle around his waist, from which many zealous penitents occasionally sustained bloody wounds. And he often used the \u201cdiscipline\u201d \u2014 a short whip of cords or small chains with which extremely devout persons flagellated themselves.<span id='easy-footnote-12-47797' class='easy-footnote-margin-adjust'><\/span><span class='easy-footnote'><a href='http:\/\/vincentians.com\/en\/saint-louise-de-marillacs-uncle-louis-xiiis-garde-des-sceaux-michel-de-marillac-1560-1632\/#easy-footnote-bottom-12-47797' title='\u201cPower and Piety: The Religiosity of Michel de Marillac,\u201d &lt;em&gt;Canadian Journal of History \/ Annales canadiennes d\u2019histoire &lt;\/em&gt;42:1 (Spring-Summer \/ printemps-\u00e9t\u00e9 2007): 8. (The article was reprinted, slightly revised, in &lt;em&gt;Vincentian Heritage &lt;\/em&gt;28:1 [2008]: 33-56.).'><sup>12<\/sup><\/a><\/span>\n<p>Marillac had become a Grey Penitent around 1590 and was eventually successful, in 1594, in being elected church warden (<em>marguillier<\/em>) of his parish of Saint-Gervais. Already alluded to was his zeal in serving the Catholic League at the end of the French Religious Wars, before his preference for law and order, acceptance of the sincerity of Henry IV\u2019s promises to convert, and perhaps his family\u2019s long association with the House of Bourbon persuaded him to support the still beleaguered king.<\/p>\n<p>His principal achievements, however, were his extraordinary services on behalf of newly founded reform monastic orders in France and his meticulous, spiritually sensitive translations of Thomas \u00e0 Kempis\u2019s <em>Imitation <em>of Christ <\/em>and the biblical <em>Psalms<\/em>. Both of these translations enjoyed two or more editions, and the former was a virtual best seller for a good part of the century; it was even twice reprinted in the nineteenth century. Marillac also wrote a treatise on the extent of papal authority over the French Church, and a history of the founding and early years of the French Carmelites.<\/em><span id='easy-footnote-13-47797' class='easy-footnote-margin-adjust'><\/span><span class='easy-footnote'><a href='http:\/\/vincentians.com\/en\/saint-louise-de-marillacs-uncle-louis-xiiis-garde-des-sceaux-michel-de-marillac-1560-1632\/#easy-footnote-bottom-13-47797' title='The former work is &lt;em&gt;Examen du livre intitul\u00e9 Remonstrance et conclusions des gens du Roi, et arrest de la cour de Parlement du vingt-sixi\u00e8me novembre M.D.C.X., attribu\u00e9 faulsement \u00e0 M. Servin, conseiller du Roy en son Conseil, et son advocat en la cour de Parlement de Paris, comme ayant est\u00e9 faicte en ladicte cour sur le livre du cardinal Bellarmin, pour monstrer les ignorances, impertinences, faulset\u00e9s et pr\u00e9varications qui se treuvent presque en touttes les pages. &lt;\/em&gt;N.p.: N.p., 1611. For the latter work, see footnote 15.'><sup>13<\/sup><\/a><\/span> While under house arrest at Ch\u00e2teaudun, he translated the <em>Book of Job <\/em>and left unfinished his long-in-process \u201cTreatise of the Eternal Life.\u201d<\/p>\n<div id=\"attachment_149199\" style=\"width: 219px\" class=\"wp-caption aligncenter\"><a href=\"https:\/\/i0.wp.com\/vincentians.com\/en\/wp-content\/uploads\/sites\/2\/2016\/01\/michel-de-marillac.jpg\"><img data-recalc-dims=\"1\" loading=\"lazy\" decoding=\"async\" aria-describedby=\"caption-attachment-149199\" data-attachment-id=\"149199\" data-permalink=\"http:\/\/vincentians.com\/en\/saint-louise-de-marillacs-uncle-louis-xiiis-garde-des-sceaux-michel-de-marillac-1560-1632\/michel-de-marillac\/\" data-orig-file=\"https:\/\/i0.wp.com\/vincentians.com\/en\/wp-content\/uploads\/sites\/2\/2016\/01\/michel-de-marillac.jpg?fit=678%2C973\" data-orig-size=\"678,973\" data-comments-opened=\"1\" data-image-meta=\"{&quot;aperture&quot;:&quot;0&quot;,&quot;credit&quot;:&quot;&quot;,&quot;camera&quot;:&quot;&quot;,&quot;caption&quot;:&quot;&quot;,&quot;created_timestamp&quot;:&quot;0&quot;,&quot;copyright&quot;:&quot;&quot;,&quot;focal_length&quot;:&quot;0&quot;,&quot;iso&quot;:&quot;0&quot;,&quot;shutter_speed&quot;:&quot;0&quot;,&quot;title&quot;:&quot;&quot;,&quot;orientation&quot;:&quot;0&quot;}\" data-image-title=\"michel de marillac\" data-image-description=\"\" data-image-caption=\"\" data-medium-file=\"https:\/\/i0.wp.com\/vincentians.com\/en\/wp-content\/uploads\/sites\/2\/2016\/01\/michel-de-marillac.jpg?fit=209%2C300\" data-large-file=\"https:\/\/i0.wp.com\/vincentians.com\/en\/wp-content\/uploads\/sites\/2\/2016\/01\/michel-de-marillac.jpg?fit=678%2C973\" class=\"wp-image-149199 size-medium\" src=\"https:\/\/i0.wp.com\/vincentians.com\/en\/wp-content\/uploads\/sites\/2\/2016\/01\/michel-de-marillac.jpg?resize=209%2C300\" alt=\"michel de marillac\" width=\"209\" height=\"300\" srcset=\"https:\/\/i0.wp.com\/vincentians.com\/en\/wp-content\/uploads\/sites\/2\/2016\/01\/michel-de-marillac.jpg?resize=209%2C300 209w, https:\/\/i0.wp.com\/vincentians.com\/en\/wp-content\/uploads\/sites\/2\/2016\/01\/michel-de-marillac.jpg?resize=70%2C100 70w, https:\/\/i0.wp.com\/vincentians.com\/en\/wp-content\/uploads\/sites\/2\/2016\/01\/michel-de-marillac.jpg?resize=100%2C144 100w, https:\/\/i0.wp.com\/vincentians.com\/en\/wp-content\/uploads\/sites\/2\/2016\/01\/michel-de-marillac.jpg?w=678 678w\" sizes=\"auto, (max-width: 209px) 100vw, 209px\" \/><\/a><p id=\"caption-attachment-149199\" class=\"wp-caption-text\">Portrait of Michel de Marillac (1560-1632). Engraving by Michel Lasne.<\/p><\/div>\n<p>Just as the gestation of the reformed, Teresian Carmelites in France was budding, Marillac arrived to assist in the ultimate flowering of their establishment. At this point his fertile hands were everywhere. Beginning with the first convent in Paris in 1604, he handled or actually drafted the papers requiring royal and then papal approval for each new house. Both in Paris and in Pontoise, he helped locate the sites and supervised the workers effecting necessary renovations. He ordered furnishings and supplies, and at every stage provided financial guarantees, actual loans, and even generous gifts, these last sometimes involving dowries for worthy novices from modest backgrounds. Together with Barbe Acarie, he could even be found counselling young novices, a task in which his command of Spanish was often called upon to facilitate the direction expected from Teresian Carmelites recently arrived from Spain. In fact, the first prioress at Pontoise found the ubiquitous pair of Acarie-Marillac rather intrusive, despite her appreciation of their piety and dedication.<span id='easy-footnote-14-47797' class='easy-footnote-margin-adjust'><\/span><span class='easy-footnote'><a href='http:\/\/vincentians.com\/en\/saint-louise-de-marillacs-uncle-louis-xiiis-garde-des-sceaux-michel-de-marillac-1560-1632\/#easy-footnote-bottom-14-47797' title='This was Anne de Saint-Barth\u00e9lemy (1549-1626), one of the Spaniards who had been especially close to Saint Teresa of Avila herself. We hope for the imminent publication of the papers presented at the colloquium celebrating the 400th anniversary of the Monast\u00e8re de Saint- Joseph at Pontoise: \u201cLe Carmel: quatre si\u00e8cles \u00e0 Pontoise 1605-2005\u201d (19-20 Novembre 2004). My presentation was titled, \u201cMichel de Marillac et le Carmel de Pontoise\u201d (presented 19 November 2004).'><sup>14<\/sup><\/a><\/span>\n<p>By my count, in 1618 there were twenty-two reformed Carmelite convents in France, and it was becoming necessary to defend the future of their independence from the late-arriving (1611) Carmel Fathers. The Fathers oversaw Carmelite convents in some countries, but not in others, and from the beginning Marillac had sought their assurance that they would not try to interfere with the French establishments. Insisting upon this story was one reason, no doubt, for the book he wrote in 1622 on the Carmelites\u2019 earliest years in France.<span id='easy-footnote-15-47797' class='easy-footnote-margin-adjust'><\/span><span class='easy-footnote'><a href='http:\/\/vincentians.com\/en\/saint-louise-de-marillacs-uncle-louis-xiiis-garde-des-sceaux-michel-de-marillac-1560-1632\/#easy-footnote-bottom-15-47797' title='&lt;em&gt;De l\u2019\u00e9rection et institution de l\u2019Ordre des Religieuses de Nostre-Dame du Mont-Carmel; selon la R\u00e9formation de saincte T\u00e9r\u00e8se en France: des troubles &amp;amp; differends excitez en cet Ordre: &amp;amp; du jugement rendu par nostre sainct P\u00e8re le Pape sur iceux. &lt;\/em&gt;A Messeigneurs les illustrissimes &amp;amp; reverendissimes Cardinaux de La Rochefoucauld &amp;amp; de Retz. Par messire Michel de Marillac, conseiller du Roy en son Conseil d\u2019Estat (Paris: Edme Martin, 1622).'><sup>15<\/sup><\/a><\/span> In the meantime, he also collaborated with Madame Acarie and others in the foundation of the Ursulines in Paris in 1610, and with Pierre de B\u00e9rulle in founding the Oratorians in 1611.<span id='easy-footnote-16-47797' class='easy-footnote-margin-adjust'><\/span><span class='easy-footnote'><a href='http:\/\/vincentians.com\/en\/saint-louise-de-marillacs-uncle-louis-xiiis-garde-des-sceaux-michel-de-marillac-1560-1632\/#easy-footnote-bottom-16-47797' title='The extraordinarily saintly and energetic Barbe Avrillot (1566-1618) was beatified in 1791. Married in 1582 to Pierre Acarie, and widowed in 1613, she then followed three of their daughters into the Carmelite sisterhood, taking the name Marie de l\u2019Incarnation. Her cousin, Pierre de B\u00e9rulle (1575-1629), was named a cardinal two years before his death; ordained as a priest in 1599, he was appointed one of the original three Superiors for the French reformed Carmelites, along with Andr\u00e9 Duval and Jacques Gallemant.'><sup>16<\/sup><\/a><\/span>\n<p>We should note the outburst of new and reformed orders taking place in France and elsewhere during these years. To name but two, Saint Jeanne de Lestonnac (1556-1640), a niece of the famous essayist Michel de Montaigne and the widowed baroness of the fabled Ch\u00e2teau de Landiras, worked closely with Jesuits in Bordeaux to found the Sisters of Notre-Dame (or <em>La Compagnie de Marie Notre-Dame<\/em>) in 1607; and Saint Jeanne de Chantal (1572-1641), who worked alongside Saint Fran\u00e7ois de Sales in founding the Order of the Visitation (or <em>La Visitation Sainte-Marie<\/em>) in 1610. Fran\u00e7ois de Sales (1567-1622), the so-called bishop of Geneva, advised the Acarie circle during his lengthy visit to Paris in 1602. In 1609, he wrote the widely influential <em>Introduction \u00e0 la vie d\u00e9vote<\/em>. Jeanne de Chantal was initially attracted to the Carmel in Dijon, and it should be mentioned that Vincent de Paul knew her well and regarded her as \u201cone of the holiest people [he had] ever met on this earth.\u201d<span id='easy-footnote-17-47797' class='easy-footnote-margin-adjust'><\/span><span class='easy-footnote'><a href='http:\/\/vincentians.com\/en\/saint-louise-de-marillacs-uncle-louis-xiiis-garde-des-sceaux-michel-de-marillac-1560-1632\/#easy-footnote-bottom-17-47797' title='Quoted in Donald Attwater, &lt;em&gt;The Penguin Dictionary of Saints&lt;\/em&gt;, 2nd ed., rev. and updated by Catherine Rachel John (Harmondsworth, Middlesex: Penguin Books, 1983), p. 180.'><sup>17<\/sup><\/a><\/span>\n<p>I mention these two foundations in particular because of their resemblance to the Daughters of Charity, later founded by Louise de Marillac and Vincent de Paul. All three focussed on providing concrete aid, succor, and instruction in salvation to the sick, poor, and orphaned, as well as vocational education for girls aimed at facilitating their survival in the secular world. In contrast, Louise\u2019s uncle devoted his principal efforts to support of the Carmelites, a contemplative order seeking retreat from the world. While my studies have turned up virtually no evidence that Michel de Marillac was much concerned with questions of poverty or social suffering, except in the abstract or as broad political policy,<span id='easy-footnote-18-47797' class='easy-footnote-margin-adjust'><\/span><span class='easy-footnote'><a href='http:\/\/vincentians.com\/en\/saint-louise-de-marillacs-uncle-louis-xiiis-garde-des-sceaux-michel-de-marillac-1560-1632\/#easy-footnote-bottom-18-47797' title='For example, among Marillac\u2019s arguments in favoring political reform over an expanded war was a potential amelioration of the poor \u2019s tax burdens. Although some scholars have described this aspect of the &lt;em&gt;d\u00e9vot &lt;\/em&gt;program as a financial aspiration of the noble class, whose feudal due&lt;em&gt;s &lt;\/em&gt;could increase if taxes were reduced, I have found no evidence of such &lt;em&gt;d\u00e9vot &lt;\/em&gt;cynicism \/ calculation. The &lt;em&gt;d\u00e9vots\/d\u00e9votes &lt;\/em&gt;may have been naive and patronizing, but selfishness was not apparent in their activities.'><sup>18<\/sup><\/a><\/span> he does appear to have developed a capacity for mysticism through his frequent involvement with the pious Carmelites.<span id='easy-footnote-19-47797' class='easy-footnote-margin-adjust'><\/span><span class='easy-footnote'><a href='http:\/\/vincentians.com\/en\/saint-louise-de-marillacs-uncle-louis-xiiis-garde-des-sceaux-michel-de-marillac-1560-1632\/#easy-footnote-bottom-19-47797' title='Jean-Baptiste Eriau writes that the religiously observant life of the Carmelites (\u201cascetic and mystical\u201d) deepened the spiritual life of both Acarie and Marillac (his especially, as he had further to go). Marillac was rapidly initiated \u201cinto all the secrets of the interior life\u201d by them. He organized \u201chis household as a sort of monastery and communicated to his family and associates [aux siens] his own spiritual tastes.\u201d His letters to Mother Magdeleine de Saint-Joseph show an intense interior life. Eriau, &lt;em&gt;L\u2019Ancien Carmel du faubourg Saint-Jacques &lt;\/em&gt;(Paris: J. de Gigord &amp;amp; A. Picard, 1929), 465 + note 1.'><sup>19<\/sup><\/a><\/span> Whatever Louise may have learned from him, she significantly enhanced.<\/p>\n<p>So, now let us consider Louise de Marillac and her uncle together. It is obvious that the extended Marillac family made exceptional contributions to French society for well over a century, in both political and religious institutions and activities. The family context into which Louise was born would lead us to expect the same piety, energy, and administrative capacity that indeed we find in her. And yet, her life might well have missed such fulfillment, for her childhood and youth were hardly settled or secure. She may even have been troubled throughout her life with doubts concerning her own baptism.<span id='easy-footnote-20-47797' class='easy-footnote-margin-adjust'><\/span><span class='easy-footnote'><a href='http:\/\/vincentians.com\/en\/saint-louise-de-marillacs-uncle-louis-xiiis-garde-des-sceaux-michel-de-marillac-1560-1632\/#easy-footnote-bottom-20-47797' title='This possibility was related to me in a private conversation (9 March 1999) with Professor Bernard Barbiche of the \u00c9cole des Chartes. One must wonder, however, whether the two dates suggested for Louise\u2019s birth (15 March 1591, at Ferri\u00e8res-en-Brie, in the Marillac\u2019s native province of Auvergne, or 12 August, in Paris) suggest that the second was, rather, her date of baptism. Yet, it has been asserted that she was baptized in Ferri\u00e8res-en-Brie &lt;em&gt;before &lt;\/em&gt;being taken to Paris. See, &lt;a href=&quot;http:\/\/missel.free.fr\/Sanctoral\/03\/15.php&quot;&gt;http:\/\/missel.free.fr\/Sanctoral\/03\/15.php &lt;\/a&gt;(p. 2, accessed 12 July 2010). However, it remains possible that what scholars have claimed was not known to a girl whose early years were so unstable.'><sup>20<\/sup><\/a><\/span>\n<p>Scholars have largely cleared up the mysteries surrounding her birth, but an innocent search in genealogical reference works reveals a variety of sometimes rather wild claims.<span id='easy-footnote-21-47797' class='easy-footnote-margin-adjust'><\/span><span class='easy-footnote'><a href='http:\/\/vincentians.com\/en\/saint-louise-de-marillacs-uncle-louis-xiiis-garde-des-sceaux-michel-de-marillac-1560-1632\/#easy-footnote-bottom-21-47797' title='Most of both the established and fanciful details, and their sources, can be found in the Genealogical Appendix to my transcription \/ edition of Lezeau\u2019s &lt;em&gt;Vie de Marillac&lt;\/em&gt;. Although I have encountered more examples since, I shall not attempt to present them here.'><sup>21<\/sup><\/a><\/span> Her father was Michel\u2019s elder full brother, Louis de Marillac, <em>seigneur de Ferri\u00e8res-en-Brie<\/em>, <em>Capitaine des gendarmes de la Maison du Roi<\/em>, and \/ or <em>Conseiller au Parlement de Paris<\/em>. Her mother was Marguerite Le Camus, with whom Louis had a liaison between two marriages. Louis never denied his responsibility, but there is no mention of her mother \u2019s having remained in Louise\u2019s life at all, nor even any mention of step-mothering \u2014 a benefit her uncle Michel most likely had enjoyed himself. On the eve of his remarriage in 1595, her father placed the scarcely four-year-old Louise with the Dominican nuns at Poissy, among whom an aunt was a prominent member.<span id='easy-footnote-22-47797' class='easy-footnote-margin-adjust'><\/span><span class='easy-footnote'><a href='http:\/\/vincentians.com\/en\/saint-louise-de-marillacs-uncle-louis-xiiis-garde-des-sceaux-michel-de-marillac-1560-1632\/#easy-footnote-bottom-22-47797' title='Many genealogists designate the two Louises as aunt and niece, even though the elder was in fact the aunt of the younger \u2019s father. See, for example: &lt;a href=&quot;http:\/\/filles-de-la-charite.org\/es\/&quot;&gt;http:\/\/www.filles-de-la-charite.org\/ &lt;\/a&gt;fr\/st_louise_de_marillac.aspx (accessed 12 July 2010).'><sup>22<\/sup><\/a><\/span> Louis de Marillac moved his natural daughter to a more modest accommodation some seven years later, in 1602, and then, on 25 July 1604, he died. Uncle Michel now became the guardian of his approximately thirteen-year-old niece and her younger half-sister.<\/p>\n<p>Thus, in the opening decade of the new century, the royal bureaucrat and religious reformer Michel de Marillac found himself the guardian of at least three nieces: Saint Louise, her less than three-year-old half-sister Innocente de Marillac, and, perhaps a few years later, Catherine du Plessis, a niece of Marillac\u2019s through his second wife Marie de Saint-Germain (married 1601). Marillac had himself been orphaned at the same age as Louise, and so might have been expected to empathize with the fate of his nieces. On Innocente\u2019s sixth birthday (1607), Marillac put her, along with his own daughter Valence (now about eight years old) \u2014 no mention of Louise here! \u2014 into the newly established Ursuline convent in Paris.<span id='easy-footnote-23-47797' class='easy-footnote-margin-adjust'><\/span><span class='easy-footnote'><a href='http:\/\/vincentians.com\/en\/saint-louise-de-marillacs-uncle-louis-xiiis-garde-des-sceaux-michel-de-marillac-1560-1632\/#easy-footnote-bottom-23-47797' title='In 1617, Innocente married Jean d\u2019Aspremont, sgr de Vandy. They were to have one daughter, Catherine de Vandy (1620-1685), who became a &lt;em&gt;fille d\u2019honneur &lt;\/em&gt;to the \u201cGrande Mademoiselle.\u201d Marie-Andr\u00e9e J\u00e9gou, O.S.U., &lt;em&gt;Les Ursulines du Faubourg Saint-Jacques \u00e0 Paris (1607-1662). Origine d\u2019un monast\u00e8re apostolique &lt;\/em&gt;(Paris: Presses Universitaires de France, 1981), 19, and note 30; among others.'><sup>23<\/sup><\/a><\/span> I am not aware that we know very much about Michel and Louise\u2019s interactions during this period. But it may be instructive to note, that, once Louise achieved adulthood, their subsequent correspondence reveals very little personal interaction between uncle and niece.<span id='easy-footnote-24-47797' class='easy-footnote-margin-adjust'><\/span><span class='easy-footnote'><a href='http:\/\/vincentians.com\/en\/saint-louise-de-marillacs-uncle-louis-xiiis-garde-des-sceaux-michel-de-marillac-1560-1632\/#easy-footnote-bottom-24-47797' title='Jean-Dominique Mellot, &lt;em&gt;Histoire &lt;\/em&gt;&lt;em&gt;du Carmel de Pontoise, I, 1605-1792 &lt;\/em&gt;(Paris: Descl\u00e9e de Brouwer, 1994), 20, note 5. Nonetheless, if it is true that after 1619 Madame Le Gras (Louise) and her husband took charge of the seven orphans of her father \u2019s widowed half-sister,* Valence de Marillac-Dony (d. 1617), and her husband Octavien II Dony d\u2019Attichy (d. 1614), Louise would have shared this responsibility with her uncle Michel, who was also involved in their well-being and education. * See, &lt;a href=&quot;http:\/\/missel.free.fr\/Sanctoral\/03\/15.php&quot;&gt;http:\/\/missel.free.fr\/Sanctoral\/03\/15.php &lt;\/a&gt;(p. 2, accessed 12 July 2010). It should also be noted that Louise\u2019s marriage was proposed not only by her two uncles, but by the husband of this aunt, the same Octavien II Dony d\u2019Attichy, who was equally interested in strengthening his political connections.. However, he died the year after the marriage.'><sup>24<\/sup><\/a><\/span> What is known is that Saint Louise was erudite, devout, and spiritually quite sensitive, and in these respects she reflected her uncle\u2019s attributes at a similar age.<\/p>\n<p>The respectable marriage Louise entered into, despite her inclinations towards a religious life, probably served the ambitions of the half-brothers Michel and Louis de Marillac as much as it provided her social standing and security. Louise\u2019s proposed husband was Antoine Le Gras (ca. 1577- 1625), private secretary (<em>secr\u00e9taire des commandements<\/em>) of Marie de Medici, the Queen Mother. Nonetheless, on 18 October 1613, a son, Michel-Antoine, was born to the couple some eight months after their marriage, and they appear to have been happy. Madame Le Gras\u2019s spiritual crises, however, continued to torment her, despite the interventions of Fran\u00e7ois de Sales and others in 1619. Perhaps because of a pre-mature birth, Michel-Antoine was never robust, and then his father fell gravely ill in 1622. The latter died on 21 December 1625, leaving Louise a wealthy widow.<span id='easy-footnote-25-47797' class='easy-footnote-margin-adjust'><\/span><span class='easy-footnote'><a href='http:\/\/vincentians.com\/en\/saint-louise-de-marillacs-uncle-louis-xiiis-garde-des-sceaux-michel-de-marillac-1560-1632\/#easy-footnote-bottom-25-47797' title='Specific information about the marriage and family, some of which I had not previously encountered, comes from Comte de Lambel, &lt;em&gt;La Bienheureuse Louise de Marillac (Mademoiselle Le Gras) Co-fondatrice de la Compagnie des Filles de la Charit\u00e9 &lt;\/em&gt;(Paris-Lille: A. Taffin-Lefort, 1919), 218 p.: marriage on 5 February 1613 (p. 23); Michel-Antoine born on 19 October 1613 (Lambel says only \u201cd\u00e8s la fin de l\u2019ann\u00e9e,\u201d p. 32); widowed 21 December 1625 (p. 34); son\u2019s marriage in 1650 to Gabrielle le Clerc, daughter of sgr. de Chenevi\u00e8res, and one daughter born (pp. 32-3). Others, however, describe her financial position as \u201cprecarious,\u201d though perhaps to emphasize her saintly generosity in donating at least part of her wealth to Saint-Nicolas du Chardonnet.'><sup>25<\/sup><\/a><\/span> By this time, she had already encountered Vincent de Paul, who took over Louise\u2019s spiritual direction towards the end of 1624.<\/p>\n<p>Apart from providing context to Louise and Michel\u2019s interrelationships, it is not my concern, of course, to present Louise de Marillac\u2019s life, let alone the extraordinary partnership forged over the next 35 years with Vincent de Paul. It suffices, I hope, to reiterate that we know little about her direct interactions with her uncle. It is quite probable that he responsibly looked after her material needs, her educational and spiritual development, though without being any closer or warmer to her than he was to anyone else. In any case, during the period of her marriage and early widowhood Michel was phenomenally preoccupied with affairs of state.<\/p>\n<div id=\"attachment_149200\" style=\"width: 241px\" class=\"wp-caption aligncenter\"><a href=\"https:\/\/i0.wp.com\/vincentians.com\/en\/wp-content\/uploads\/sites\/2\/2016\/01\/richelieu.jpg\"><img data-recalc-dims=\"1\" loading=\"lazy\" decoding=\"async\" aria-describedby=\"caption-attachment-149200\" data-attachment-id=\"149200\" data-permalink=\"http:\/\/vincentians.com\/en\/saint-louise-de-marillacs-uncle-louis-xiiis-garde-des-sceaux-michel-de-marillac-1560-1632\/richelieu\/\" data-orig-file=\"https:\/\/i0.wp.com\/vincentians.com\/en\/wp-content\/uploads\/sites\/2\/2016\/01\/richelieu.jpg?fit=539%2C700\" data-orig-size=\"539,700\" data-comments-opened=\"1\" data-image-meta=\"{&quot;aperture&quot;:&quot;0&quot;,&quot;credit&quot;:&quot;&quot;,&quot;camera&quot;:&quot;&quot;,&quot;caption&quot;:&quot;&quot;,&quot;created_timestamp&quot;:&quot;0&quot;,&quot;copyright&quot;:&quot;&quot;,&quot;focal_length&quot;:&quot;0&quot;,&quot;iso&quot;:&quot;0&quot;,&quot;shutter_speed&quot;:&quot;0&quot;,&quot;title&quot;:&quot;&quot;,&quot;orientation&quot;:&quot;0&quot;}\" data-image-title=\"richelieu\" data-image-description=\"\" data-image-caption=\"&lt;p&gt;Engraving of Cardinal Richelieu (1582-1642) By Robert Nanteuil, 1657. Collection of the Yale University Art Gallery.&lt;\/p&gt;\n\" data-medium-file=\"https:\/\/i0.wp.com\/vincentians.com\/en\/wp-content\/uploads\/sites\/2\/2016\/01\/richelieu.jpg?fit=231%2C300\" data-large-file=\"https:\/\/i0.wp.com\/vincentians.com\/en\/wp-content\/uploads\/sites\/2\/2016\/01\/richelieu.jpg?fit=539%2C700\" class=\"size-medium wp-image-149200\" src=\"https:\/\/i0.wp.com\/vincentians.com\/en\/wp-content\/uploads\/sites\/2\/2016\/01\/richelieu.jpg?resize=231%2C300\" alt=\"Engraving of Cardinal Richelieu (1582-1642) By Robert Nanteuil, 1657. Collection of the Yale University Art Gallery.\" width=\"231\" height=\"300\" srcset=\"https:\/\/i0.wp.com\/vincentians.com\/en\/wp-content\/uploads\/sites\/2\/2016\/01\/richelieu.jpg?resize=231%2C300 231w, https:\/\/i0.wp.com\/vincentians.com\/en\/wp-content\/uploads\/sites\/2\/2016\/01\/richelieu.jpg?resize=77%2C100 77w, https:\/\/i0.wp.com\/vincentians.com\/en\/wp-content\/uploads\/sites\/2\/2016\/01\/richelieu.jpg?resize=100%2C130 100w, https:\/\/i0.wp.com\/vincentians.com\/en\/wp-content\/uploads\/sites\/2\/2016\/01\/richelieu.jpg?w=539 539w\" sizes=\"auto, (max-width: 231px) 100vw, 231px\" \/><\/a><p id=\"caption-attachment-149200\" class=\"wp-caption-text\">Engraving of Cardinal Richelieu (1582-1642) By Robert Nanteuil, 1657. Collection of the Yale University Art Gallery.<\/p><\/div>\n<p>One scholar does, however, speak of her \u201cretiring from Court\u201d in 1625.<span id='easy-footnote-26-47797' class='easy-footnote-margin-adjust'><\/span><span class='easy-footnote'><a href='http:\/\/vincentians.com\/en\/saint-louise-de-marillacs-uncle-louis-xiiis-garde-des-sceaux-michel-de-marillac-1560-1632\/#easy-footnote-bottom-26-47797' title='Jean-Fran\u00e7ois Dubost, \u201cUne Reine et une Capitale Catholiques,\u201d part of \u201cReine, R\u00e9gente, Reine M\u00e8re,\u201d in &lt;em&gt;Marie de M\u00e9dicis et le Palais de Luxembourg&lt;\/em&gt;, \u00e9d. Marie-No\u00eblle Baudouin-Matuszek (Paris: D\u00e9l\u00e9gation \u00e0 l\u2019Action Artistique de la Ville de Paris, 1991), p. 143.'><sup>26<\/sup><\/a><\/span> This suggests that, before widowhood, she had been participating in the social life expected of women of her status, a responsibility quite likely reinforced by her uncle\u2019s (and no doubt her husband\u2019s) political ambitions. With her uncle\u2019s disgrace and death during the fledgling years of the Daughters of Charity, both discretion and her own challenging preoccupations undoubtedly kept niece and uncle personally apart.<\/p>\n<p>Cardinal Richelieu, with royal sanction, treated the two Marillac half-brothers brutally after the Day of Dupes (10-11 November 1630); coincidentally, the wife of the <em>mar\u00e9chal<\/em>, and the Capuchin son of the <em>garde des sceaux <\/em>died at about the same time. The Queen Mother herself suffered exile from France. One has to wonder how this affected others closely attached to these rivals. It is thus noteworthy that Richelieu\u2019s own niece, Madame d\u2019Aiguillon (marquise de Combalet), a friend to both the Carmelites and later to the Daughters of Charity, helped Marillac\u2019s daughter-in-law circumvent the Cardinal\u2019s attempts to hinder funeral arrangements. Meanwhile Fran\u00e7ois Sublet des Noyers, a royal councilor close to both Marillac and the Carmelites, was soon to be made Minister of War on Richelieu\u2019s recommendation. Vincent de Paul himself seems not to have come under suspicion for his associations with other leading <em>d\u00e9vots<\/em>, nor was his work hindered in any way. It also appears that Louise de Marillac\u2019s life and activities in these crucial, fertile years similarly suffered no impediments that could be ascribed to Richelieu\u2019s suspicions or animosities. Nor do other Marillac relations appear to have had their careers interrupted.<span id='easy-footnote-27-47797' class='easy-footnote-margin-adjust'><\/span><span class='easy-footnote'><a href='http:\/\/vincentians.com\/en\/saint-louise-de-marillacs-uncle-louis-xiiis-garde-des-sceaux-michel-de-marillac-1560-1632\/#easy-footnote-bottom-27-47797' title='This fact contrasts strongly, for instance, with the fate of Nicolas Lef\u00e8vre de Lezeau\u2019s (Marillac biographer) grandnephews after their father had unexpectedly frustrated Louis XIV\u2019s desires for a quick and severe judgment against Nicolas Fouquet (1615-1680), his recently disgraced fi- nance minister. The vigorous defense of his former colleague by Olivier III Lef\u00e8vre d\u2019Ormesson (1616-1686) probably saved Fouquet\u2019s life \u2014 but it ended Ormesson\u2019s own career and delayed those of his sons. Jean-Fran\u00e7ois Solnon, &lt;em&gt;Les Ormesson au plaisir de l\u2019\u00c9tat &lt;\/em&gt;([Paris]: Fayard, 1992), pp. 103-31; also Solon\u2019s article in Fran\u00e7ois Bluche, &lt;em&gt;Dictionnaire du Grand Si\u00e8cle&lt;\/em&gt;. One must soften one\u2019s censure of Richelieu from time to time and admire his perspicacity in judging competence and loyalty.'><sup>27<\/sup><\/a><\/span>\n<p>What I hope has been both interesting and of use in this article, however, is a richer understanding of the extraordinary family from which Louise de Marillac emerged \u2014 and especially of the life and career of her equally noteworthy uncle. Despite the obscurity and dishonor surrounding her birth, Louise appears to have received the same sustenance and education as that of her legitimate half-sister and her cousins, and to have benefitted throughout her life and career from such advantages. These advantages both contrasted with those experienced by Vincent de Paul in his youth, yet complemented the capacities he brought to the enterprises of his later life. Furthermore, Michel de Marillac stood out from almost all his lay colleagues for his exceptional spiritual devotion, and for the energy and generosity he brought to the French Catholic Reformation. In her uncle and guardian, especially, and not simply the Marillac family in general, Louise de Marillac had a model of devout practice and spiritual commitment that undoubtedly contributed profoundly to her own. Perhaps it is appropriate that, today, they are both emerging from the shadows.<\/p>\n<p>The extraordinarily saintly and energetic Barbe Avrillot (1566-1618) was beatified in 1791. Married in 1582 to Pierre Acarie, and widowed in 1613, she then followed three of their daughters into the Carmelite sisterhood, taking the name Marie de l\u2019Incarnation. Her cousin, Pierre de B\u00e9rulle (1575-1629), was named a cardinal two years before his death; ordained as a priest in 1599, he was appointed one of the original three Superiors for the French reformed Carmelites, along with Andr\u00e9 Duval and Jacques Gallemant.<\/p>\n","protected":false},"excerpt":{"rendered":"<p>The name Louise de Marillac, writes Louise Sullivan, D.C., \u201chas largely remained hidden\u201d in the \u201cshadow\u201d of her famous mentor and colleague, Vincent de Paul. A similar shadow has, until recently, hidden the reputation of &#8230; <a href=\"http:\/\/vincentians.com\/en\/saint-louise-de-marillacs-uncle-louis-xiiis-garde-des-sceaux-michel-de-marillac-1560-1632\/\" class=\"more-link\">Read More<\/a><\/p>\n","protected":false},"author":4,"featured_media":149215,"comment_status":"open","ping_status":"open","sticky":false,"template":"","format":"standard","meta":{"jetpack_post_was_ever_published":false,"_jetpack_newsletter_access":"","_jetpack_dont_email_post_to_subs":false,"_jetpack_newsletter_tier_id":0,"_jetpack_memberships_contains_paywalled_content":false,"_jetpack_memberships_contains_paid_content":false,"footnotes":"","jetpack_publicize_message":"","jetpack_publicize_feature_enabled":true,"jetpack_social_post_already_shared":false,"jetpack_social_options":{"image_generator_settings":{"template":"highway","default_image_id":0,"font":"","enabled":false},"version":2}},"categories":[17,18],"tags":[],"class_list":["post-47797","post","type-post","status-publish","format-standard","has-post-thumbnail","hentry","category-at-the-time-of-vincent-de-paul","category-louise-de-marillac"],"yoast_head":"<!-- This site is optimized with the Yoast SEO plugin v26.3 - https:\/\/yoast.com\/wordpress\/plugins\/seo\/ -->\n<title>Saint Louise de Marillac&#039;s Uncle: Louis XIII&#039;s Garde des Sceaux, Michel de Marillac (1560-1632) - We are Vincentians<\/title>\n<meta name=\"robots\" content=\"index, follow, max-snippet:-1, max-image-preview:large, max-video-preview:-1\" \/>\n<link rel=\"canonical\" href=\"http:\/\/vincentians.com\/en\/saint-louise-de-marillacs-uncle-louis-xiiis-garde-des-sceaux-michel-de-marillac-1560-1632\/\" \/>\n<meta property=\"og:locale\" content=\"en_US\" \/>\n<meta property=\"og:type\" content=\"article\" \/>\n<meta property=\"og:title\" content=\"Saint Louise de Marillac&#039;s Uncle: Louis XIII&#039;s Garde des Sceaux, Michel de Marillac (1560-1632) - We are Vincentians\" \/>\n<meta property=\"og:description\" content=\"The name Louise de Marillac, writes Louise Sullivan, D.C., \u201chas largely remained hidden\u201d in the \u201cshadow\u201d of her famous mentor and colleague, Vincent de Paul. A similar shadow has, until recently, hidden the reputation of ... Read More\" \/>\n<meta property=\"og:url\" content=\"http:\/\/vincentians.com\/en\/saint-louise-de-marillacs-uncle-louis-xiiis-garde-des-sceaux-michel-de-marillac-1560-1632\/\" \/>\n<meta property=\"og:site_name\" content=\"We are Vincentians\" \/>\n<meta property=\"article:publisher\" content=\"https:\/\/www.facebook.com\/WeAreVincentians\/\" \/>\n<meta property=\"article:author\" content=\"https:\/\/www.facebook.com\/JavierChento\" \/>\n<meta property=\"article:published_time\" content=\"2016-01-15T04:18:46+00:00\" \/>\n<meta property=\"article:modified_time\" content=\"2016-07-10T17:20:09+00:00\" \/>\n<meta property=\"og:image\" content=\"https:\/\/i0.wp.com\/vincentians.com\/en\/wp-content\/uploads\/sites\/2\/2016\/01\/michel-de-marillac-1.jpg?fit=1200%2C630\" \/>\n\t<meta property=\"og:image:width\" content=\"1200\" \/>\n\t<meta property=\"og:image:height\" content=\"630\" \/>\n\t<meta property=\"og:image:type\" content=\"image\/jpeg\" \/>\n<meta name=\"author\" content=\"Francisco Javier Fern\u00e1ndez Chento\" \/>\n<meta name=\"twitter:card\" content=\"summary_large_image\" \/>\n<meta name=\"twitter:creator\" content=\"@https:\/\/twitter.com\/javierchento\" \/>\n<meta name=\"twitter:site\" content=\"@WeVincentians\" \/>\n<meta name=\"twitter:label1\" content=\"Written by\" \/>\n\t<meta name=\"twitter:data1\" content=\"Francisco Javier Fern\u00e1ndez Chento\" \/>\n\t<meta name=\"twitter:label2\" content=\"Est. reading time\" \/>\n\t<meta name=\"twitter:data2\" content=\"30 minutes\" \/>\n<script type=\"application\/ld+json\" class=\"yoast-schema-graph\">{\"@context\":\"https:\/\/schema.org\",\"@graph\":[{\"@type\":\"Article\",\"@id\":\"http:\/\/vincentians.com\/en\/saint-louise-de-marillacs-uncle-louis-xiiis-garde-des-sceaux-michel-de-marillac-1560-1632\/#article\",\"isPartOf\":{\"@id\":\"http:\/\/vincentians.com\/en\/saint-louise-de-marillacs-uncle-louis-xiiis-garde-des-sceaux-michel-de-marillac-1560-1632\/\"},\"author\":{\"name\":\"Francisco Javier Fern\u00e1ndez Chento\",\"@id\":\"https:\/\/vincentians.com\/en\/#\/schema\/person\/9623ef4d9aa3b2dfb8c061f1499288f2\"},\"headline\":\"Saint Louise de Marillac&#8217;s Uncle: Louis XIII&#8217;s Garde des Sceaux, Michel de Marillac (1560-1632)\",\"datePublished\":\"2016-01-15T04:18:46+00:00\",\"dateModified\":\"2016-07-10T17:20:09+00:00\",\"mainEntityOfPage\":{\"@id\":\"http:\/\/vincentians.com\/en\/saint-louise-de-marillacs-uncle-louis-xiiis-garde-des-sceaux-michel-de-marillac-1560-1632\/\"},\"wordCount\":5995,\"commentCount\":0,\"publisher\":{\"@id\":\"https:\/\/vincentians.com\/en\/#organization\"},\"image\":{\"@id\":\"http:\/\/vincentians.com\/en\/saint-louise-de-marillacs-uncle-louis-xiiis-garde-des-sceaux-michel-de-marillac-1560-1632\/#primaryimage\"},\"thumbnailUrl\":\"https:\/\/i0.wp.com\/vincentians.com\/en\/wp-content\/uploads\/sites\/2\/2016\/01\/michel-de-marillac-1.jpg?fit=1200%2C630\",\"articleSection\":[\"At the time of Vincent de Paul\",\"Louise de Marillac\"],\"inLanguage\":\"en-US\",\"potentialAction\":[{\"@type\":\"CommentAction\",\"name\":\"Comment\",\"target\":[\"http:\/\/vincentians.com\/en\/saint-louise-de-marillacs-uncle-louis-xiiis-garde-des-sceaux-michel-de-marillac-1560-1632\/#respond\"]}]},{\"@type\":\"WebPage\",\"@id\":\"http:\/\/vincentians.com\/en\/saint-louise-de-marillacs-uncle-louis-xiiis-garde-des-sceaux-michel-de-marillac-1560-1632\/\",\"url\":\"http:\/\/vincentians.com\/en\/saint-louise-de-marillacs-uncle-louis-xiiis-garde-des-sceaux-michel-de-marillac-1560-1632\/\",\"name\":\"Saint Louise de Marillac's Uncle: Louis XIII's Garde des Sceaux, Michel de Marillac (1560-1632) - We are Vincentians\",\"isPartOf\":{\"@id\":\"https:\/\/vincentians.com\/en\/#website\"},\"primaryImageOfPage\":{\"@id\":\"http:\/\/vincentians.com\/en\/saint-louise-de-marillacs-uncle-louis-xiiis-garde-des-sceaux-michel-de-marillac-1560-1632\/#primaryimage\"},\"image\":{\"@id\":\"http:\/\/vincentians.com\/en\/saint-louise-de-marillacs-uncle-louis-xiiis-garde-des-sceaux-michel-de-marillac-1560-1632\/#primaryimage\"},\"thumbnailUrl\":\"https:\/\/i0.wp.com\/vincentians.com\/en\/wp-content\/uploads\/sites\/2\/2016\/01\/michel-de-marillac-1.jpg?fit=1200%2C630\",\"datePublished\":\"2016-01-15T04:18:46+00:00\",\"dateModified\":\"2016-07-10T17:20:09+00:00\",\"breadcrumb\":{\"@id\":\"http:\/\/vincentians.com\/en\/saint-louise-de-marillacs-uncle-louis-xiiis-garde-des-sceaux-michel-de-marillac-1560-1632\/#breadcrumb\"},\"inLanguage\":\"en-US\",\"potentialAction\":[{\"@type\":\"ReadAction\",\"target\":[\"http:\/\/vincentians.com\/en\/saint-louise-de-marillacs-uncle-louis-xiiis-garde-des-sceaux-michel-de-marillac-1560-1632\/\"]}]},{\"@type\":\"ImageObject\",\"inLanguage\":\"en-US\",\"@id\":\"http:\/\/vincentians.com\/en\/saint-louise-de-marillacs-uncle-louis-xiiis-garde-des-sceaux-michel-de-marillac-1560-1632\/#primaryimage\",\"url\":\"https:\/\/i0.wp.com\/vincentians.com\/en\/wp-content\/uploads\/sites\/2\/2016\/01\/michel-de-marillac-1.jpg?fit=1200%2C630\",\"contentUrl\":\"https:\/\/i0.wp.com\/vincentians.com\/en\/wp-content\/uploads\/sites\/2\/2016\/01\/michel-de-marillac-1.jpg?fit=1200%2C630\",\"width\":1200,\"height\":630},{\"@type\":\"BreadcrumbList\",\"@id\":\"http:\/\/vincentians.com\/en\/saint-louise-de-marillacs-uncle-louis-xiiis-garde-des-sceaux-michel-de-marillac-1560-1632\/#breadcrumb\",\"itemListElement\":[{\"@type\":\"ListItem\",\"position\":1,\"name\":\"Portada\",\"item\":\"https:\/\/vincentians.com\/en\/\"},{\"@type\":\"ListItem\",\"position\":2,\"name\":\"Saint Louise de Marillac&#8217;s Uncle: Louis XIII&#8217;s Garde des Sceaux, Michel de Marillac (1560-1632)\"}]},{\"@type\":\"WebSite\",\"@id\":\"https:\/\/vincentians.com\/en\/#website\",\"url\":\"https:\/\/vincentians.com\/en\/\",\"name\":\"We are Vincentians\",\"description\":\"Know more to serve more\",\"publisher\":{\"@id\":\"https:\/\/vincentians.com\/en\/#organization\"},\"potentialAction\":[{\"@type\":\"SearchAction\",\"target\":{\"@type\":\"EntryPoint\",\"urlTemplate\":\"https:\/\/vincentians.com\/en\/?s={search_term_string}\"},\"query-input\":{\"@type\":\"PropertyValueSpecification\",\"valueRequired\":true,\"valueName\":\"search_term_string\"}}],\"inLanguage\":\"en-US\"},{\"@type\":\"Organization\",\"@id\":\"https:\/\/vincentians.com\/en\/#organization\",\"name\":\"The Vincentian Network\",\"url\":\"https:\/\/vincentians.com\/en\/\",\"logo\":{\"@type\":\"ImageObject\",\"inLanguage\":\"en-US\",\"@id\":\"https:\/\/vincentians.com\/en\/#\/schema\/logo\/image\/\",\"url\":\"https:\/\/i1.wp.com\/vincentians.com\/en\/wp-content\/uploads\/sites\/2\/2016\/06\/Vincentian-Network-logo-big.png?fit=778%2C778&ssl=1\",\"contentUrl\":\"https:\/\/i1.wp.com\/vincentians.com\/en\/wp-content\/uploads\/sites\/2\/2016\/06\/Vincentian-Network-logo-big.png?fit=778%2C778&ssl=1\",\"width\":778,\"height\":778,\"caption\":\"The Vincentian Network\"},\"image\":{\"@id\":\"https:\/\/vincentians.com\/en\/#\/schema\/logo\/image\/\"},\"sameAs\":[\"https:\/\/www.facebook.com\/WeAreVincentians\/\",\"https:\/\/x.com\/WeVincentians\"]},{\"@type\":\"Person\",\"@id\":\"https:\/\/vincentians.com\/en\/#\/schema\/person\/9623ef4d9aa3b2dfb8c061f1499288f2\",\"name\":\"Francisco Javier Fern\u00e1ndez Chento\",\"image\":{\"@type\":\"ImageObject\",\"inLanguage\":\"en-US\",\"@id\":\"https:\/\/vincentians.com\/en\/#\/schema\/person\/image\/\",\"url\":\"https:\/\/secure.gravatar.com\/avatar\/497d5cde87b4c3d097d0315953521681ba2cd523ee66e5077c3711f7021e65de?s=96&d=mm&r=g\",\"contentUrl\":\"https:\/\/secure.gravatar.com\/avatar\/497d5cde87b4c3d097d0315953521681ba2cd523ee66e5077c3711f7021e65de?s=96&d=mm&r=g\",\"caption\":\"Francisco Javier Fern\u00e1ndez Chento\"},\"description\":\"Director General y cofundador de La Red de Formaci\u00f3n Vicenciana. Javier es laico vicenciano, afiliado a la Congregaci\u00f3n de la Misi\u00f3n y miembro del Equipo de Misiones Populares de la provincia can\u00f3nica de Zaragoza (Espa\u00f1a) de la Congregaci\u00f3n de la Misi\u00f3n. Graduado en la Universidad Oberta de Catalunya con cuatro grados (Asistente de direcci\u00f3n, Gesti\u00f3n Administrativa, Recursos Humanos y Contabilidad Avanzada). Bil\u00edng\u00fce Espa\u00f1ol\/Ingl\u00e9s. gestiona y mantiene varias p\u00e1ginas web cristianas y vicencianas, incluida including La Red de Formaci\u00f3n Vicenciana, de la que es cofundador. Actualmente es responsable del \u00e1rea de Espa\u00f1ol de .famvin, la Red de Noticias de la Familia Vicenciana. Tambi\u00e9n es m\u00fasico cat\u00f3lico y ha editado varios discos. Es Director General y cofundador de Trovador, una reconocida compa\u00f1\u00eda discogr\u00e1fica critiana de Espa\u00f1a. Trabaja en las Tecnolog\u00edas de la Informaci\u00f3n, ofreciendo servicios de alojamiento, dise\u00f1o y mantenimiento Web, as\u00ed como asesoramiento, formaci\u00f3n y soluciones inform\u00e1ticas, gesti\u00f3n documental y digitalizaci\u00f3n de textos, edici\u00f3n y maquetaci\u00f3n de libros, revistas, flyers, etc.\",\"sameAs\":[\"http:\/\/chento.org\",\"https:\/\/www.facebook.com\/JavierChento\",\"https:\/\/x.com\/https:\/\/twitter.com\/javierchento\"],\"url\":\"http:\/\/vincentians.com\/en\/author\/chento\/\"}]}<\/script>\n<!-- \/ Yoast SEO plugin. -->","yoast_head_json":{"title":"Saint Louise de Marillac's Uncle: Louis XIII's Garde des Sceaux, Michel de Marillac (1560-1632) - We are Vincentians","robots":{"index":"index","follow":"follow","max-snippet":"max-snippet:-1","max-image-preview":"max-image-preview:large","max-video-preview":"max-video-preview:-1"},"canonical":"http:\/\/vincentians.com\/en\/saint-louise-de-marillacs-uncle-louis-xiiis-garde-des-sceaux-michel-de-marillac-1560-1632\/","og_locale":"en_US","og_type":"article","og_title":"Saint Louise de Marillac's Uncle: Louis XIII's Garde des Sceaux, Michel de Marillac (1560-1632) - We are Vincentians","og_description":"The name Louise de Marillac, writes Louise Sullivan, D.C., \u201chas largely remained hidden\u201d in the \u201cshadow\u201d of her famous mentor and colleague, Vincent de Paul. A similar shadow has, until recently, hidden the reputation of ... Read More","og_url":"http:\/\/vincentians.com\/en\/saint-louise-de-marillacs-uncle-louis-xiiis-garde-des-sceaux-michel-de-marillac-1560-1632\/","og_site_name":"We are Vincentians","article_publisher":"https:\/\/www.facebook.com\/WeAreVincentians\/","article_author":"https:\/\/www.facebook.com\/JavierChento","article_published_time":"2016-01-15T04:18:46+00:00","article_modified_time":"2016-07-10T17:20:09+00:00","og_image":[{"width":1200,"height":630,"url":"https:\/\/i0.wp.com\/vincentians.com\/en\/wp-content\/uploads\/sites\/2\/2016\/01\/michel-de-marillac-1.jpg?fit=1200%2C630","type":"image\/jpeg"}],"author":"Francisco Javier Fern\u00e1ndez Chento","twitter_card":"summary_large_image","twitter_creator":"@https:\/\/twitter.com\/javierchento","twitter_site":"@WeVincentians","twitter_misc":{"Written by":"Francisco Javier Fern\u00e1ndez Chento","Est. reading time":"30 minutes"},"schema":{"@context":"https:\/\/schema.org","@graph":[{"@type":"Article","@id":"http:\/\/vincentians.com\/en\/saint-louise-de-marillacs-uncle-louis-xiiis-garde-des-sceaux-michel-de-marillac-1560-1632\/#article","isPartOf":{"@id":"http:\/\/vincentians.com\/en\/saint-louise-de-marillacs-uncle-louis-xiiis-garde-des-sceaux-michel-de-marillac-1560-1632\/"},"author":{"name":"Francisco Javier Fern\u00e1ndez Chento","@id":"https:\/\/vincentians.com\/en\/#\/schema\/person\/9623ef4d9aa3b2dfb8c061f1499288f2"},"headline":"Saint Louise de Marillac&#8217;s Uncle: Louis XIII&#8217;s Garde des Sceaux, Michel de Marillac (1560-1632)","datePublished":"2016-01-15T04:18:46+00:00","dateModified":"2016-07-10T17:20:09+00:00","mainEntityOfPage":{"@id":"http:\/\/vincentians.com\/en\/saint-louise-de-marillacs-uncle-louis-xiiis-garde-des-sceaux-michel-de-marillac-1560-1632\/"},"wordCount":5995,"commentCount":0,"publisher":{"@id":"https:\/\/vincentians.com\/en\/#organization"},"image":{"@id":"http:\/\/vincentians.com\/en\/saint-louise-de-marillacs-uncle-louis-xiiis-garde-des-sceaux-michel-de-marillac-1560-1632\/#primaryimage"},"thumbnailUrl":"https:\/\/i0.wp.com\/vincentians.com\/en\/wp-content\/uploads\/sites\/2\/2016\/01\/michel-de-marillac-1.jpg?fit=1200%2C630","articleSection":["At the time of Vincent de Paul","Louise de Marillac"],"inLanguage":"en-US","potentialAction":[{"@type":"CommentAction","name":"Comment","target":["http:\/\/vincentians.com\/en\/saint-louise-de-marillacs-uncle-louis-xiiis-garde-des-sceaux-michel-de-marillac-1560-1632\/#respond"]}]},{"@type":"WebPage","@id":"http:\/\/vincentians.com\/en\/saint-louise-de-marillacs-uncle-louis-xiiis-garde-des-sceaux-michel-de-marillac-1560-1632\/","url":"http:\/\/vincentians.com\/en\/saint-louise-de-marillacs-uncle-louis-xiiis-garde-des-sceaux-michel-de-marillac-1560-1632\/","name":"Saint Louise de Marillac's Uncle: Louis XIII's Garde des Sceaux, Michel de Marillac (1560-1632) - We are Vincentians","isPartOf":{"@id":"https:\/\/vincentians.com\/en\/#website"},"primaryImageOfPage":{"@id":"http:\/\/vincentians.com\/en\/saint-louise-de-marillacs-uncle-louis-xiiis-garde-des-sceaux-michel-de-marillac-1560-1632\/#primaryimage"},"image":{"@id":"http:\/\/vincentians.com\/en\/saint-louise-de-marillacs-uncle-louis-xiiis-garde-des-sceaux-michel-de-marillac-1560-1632\/#primaryimage"},"thumbnailUrl":"https:\/\/i0.wp.com\/vincentians.com\/en\/wp-content\/uploads\/sites\/2\/2016\/01\/michel-de-marillac-1.jpg?fit=1200%2C630","datePublished":"2016-01-15T04:18:46+00:00","dateModified":"2016-07-10T17:20:09+00:00","breadcrumb":{"@id":"http:\/\/vincentians.com\/en\/saint-louise-de-marillacs-uncle-louis-xiiis-garde-des-sceaux-michel-de-marillac-1560-1632\/#breadcrumb"},"inLanguage":"en-US","potentialAction":[{"@type":"ReadAction","target":["http:\/\/vincentians.com\/en\/saint-louise-de-marillacs-uncle-louis-xiiis-garde-des-sceaux-michel-de-marillac-1560-1632\/"]}]},{"@type":"ImageObject","inLanguage":"en-US","@id":"http:\/\/vincentians.com\/en\/saint-louise-de-marillacs-uncle-louis-xiiis-garde-des-sceaux-michel-de-marillac-1560-1632\/#primaryimage","url":"https:\/\/i0.wp.com\/vincentians.com\/en\/wp-content\/uploads\/sites\/2\/2016\/01\/michel-de-marillac-1.jpg?fit=1200%2C630","contentUrl":"https:\/\/i0.wp.com\/vincentians.com\/en\/wp-content\/uploads\/sites\/2\/2016\/01\/michel-de-marillac-1.jpg?fit=1200%2C630","width":1200,"height":630},{"@type":"BreadcrumbList","@id":"http:\/\/vincentians.com\/en\/saint-louise-de-marillacs-uncle-louis-xiiis-garde-des-sceaux-michel-de-marillac-1560-1632\/#breadcrumb","itemListElement":[{"@type":"ListItem","position":1,"name":"Portada","item":"https:\/\/vincentians.com\/en\/"},{"@type":"ListItem","position":2,"name":"Saint Louise de Marillac&#8217;s Uncle: Louis XIII&#8217;s Garde des Sceaux, Michel de Marillac (1560-1632)"}]},{"@type":"WebSite","@id":"https:\/\/vincentians.com\/en\/#website","url":"https:\/\/vincentians.com\/en\/","name":"We are Vincentians","description":"Know more to serve more","publisher":{"@id":"https:\/\/vincentians.com\/en\/#organization"},"potentialAction":[{"@type":"SearchAction","target":{"@type":"EntryPoint","urlTemplate":"https:\/\/vincentians.com\/en\/?s={search_term_string}"},"query-input":{"@type":"PropertyValueSpecification","valueRequired":true,"valueName":"search_term_string"}}],"inLanguage":"en-US"},{"@type":"Organization","@id":"https:\/\/vincentians.com\/en\/#organization","name":"The Vincentian Network","url":"https:\/\/vincentians.com\/en\/","logo":{"@type":"ImageObject","inLanguage":"en-US","@id":"https:\/\/vincentians.com\/en\/#\/schema\/logo\/image\/","url":"https:\/\/i1.wp.com\/vincentians.com\/en\/wp-content\/uploads\/sites\/2\/2016\/06\/Vincentian-Network-logo-big.png?fit=778%2C778&ssl=1","contentUrl":"https:\/\/i1.wp.com\/vincentians.com\/en\/wp-content\/uploads\/sites\/2\/2016\/06\/Vincentian-Network-logo-big.png?fit=778%2C778&ssl=1","width":778,"height":778,"caption":"The Vincentian Network"},"image":{"@id":"https:\/\/vincentians.com\/en\/#\/schema\/logo\/image\/"},"sameAs":["https:\/\/www.facebook.com\/WeAreVincentians\/","https:\/\/x.com\/WeVincentians"]},{"@type":"Person","@id":"https:\/\/vincentians.com\/en\/#\/schema\/person\/9623ef4d9aa3b2dfb8c061f1499288f2","name":"Francisco Javier Fern\u00e1ndez Chento","image":{"@type":"ImageObject","inLanguage":"en-US","@id":"https:\/\/vincentians.com\/en\/#\/schema\/person\/image\/","url":"https:\/\/secure.gravatar.com\/avatar\/497d5cde87b4c3d097d0315953521681ba2cd523ee66e5077c3711f7021e65de?s=96&d=mm&r=g","contentUrl":"https:\/\/secure.gravatar.com\/avatar\/497d5cde87b4c3d097d0315953521681ba2cd523ee66e5077c3711f7021e65de?s=96&d=mm&r=g","caption":"Francisco Javier Fern\u00e1ndez Chento"},"description":"Director General y cofundador de La Red de Formaci\u00f3n Vicenciana. Javier es laico vicenciano, afiliado a la Congregaci\u00f3n de la Misi\u00f3n y miembro del Equipo de Misiones Populares de la provincia can\u00f3nica de Zaragoza (Espa\u00f1a) de la Congregaci\u00f3n de la Misi\u00f3n. Graduado en la Universidad Oberta de Catalunya con cuatro grados (Asistente de direcci\u00f3n, Gesti\u00f3n Administrativa, Recursos Humanos y Contabilidad Avanzada). Bil\u00edng\u00fce Espa\u00f1ol\/Ingl\u00e9s. gestiona y mantiene varias p\u00e1ginas web cristianas y vicencianas, incluida including La Red de Formaci\u00f3n Vicenciana, de la que es cofundador. Actualmente es responsable del \u00e1rea de Espa\u00f1ol de .famvin, la Red de Noticias de la Familia Vicenciana. Tambi\u00e9n es m\u00fasico cat\u00f3lico y ha editado varios discos. Es Director General y cofundador de Trovador, una reconocida compa\u00f1\u00eda discogr\u00e1fica critiana de Espa\u00f1a. Trabaja en las Tecnolog\u00edas de la Informaci\u00f3n, ofreciendo servicios de alojamiento, dise\u00f1o y mantenimiento Web, as\u00ed como asesoramiento, formaci\u00f3n y soluciones inform\u00e1ticas, gesti\u00f3n documental y digitalizaci\u00f3n de textos, edici\u00f3n y maquetaci\u00f3n de libros, revistas, flyers, etc.","sameAs":["http:\/\/chento.org","https:\/\/www.facebook.com\/JavierChento","https:\/\/x.com\/https:\/\/twitter.com\/javierchento"],"url":"http:\/\/vincentians.com\/en\/author\/chento\/"}]}},"jetpack_publicize_connections":[],"jetpack_featured_media_url":"https:\/\/i0.wp.com\/vincentians.com\/en\/wp-content\/uploads\/sites\/2\/2016\/01\/michel-de-marillac-1.jpg?fit=1200%2C630","jetpack_sharing_enabled":true,"jetpack_shortlink":"https:\/\/wp.me\/p7K2Ow-cqV","jetpack-related-posts":[{"id":37783,"url":"http:\/\/vincentians.com\/en\/life-of-saint-louise-de-marillac-1-a-stormy-childhood\/","url_meta":{"origin":47797,"position":0},"title":"Life Of Saint Louise De Marillac. 1: A stormy childhood","author":"Francisco Javier Fern\u00e1ndez Chento","date":"August 8, 2016","format":false,"excerpt":"Introduction: History speaks admirably about the great saint of charity. His prominence and importance has endured to the present century. Do we not say that those who incarnate the virtue of charity in the midst of the forgotten members of society and in the midst of those who die alone\u2026","rel":"","context":"In &quot;Louise de Marillac&quot;","block_context":{"text":"Louise de Marillac","link":"http:\/\/vincentians.com\/en\/category\/the-vincentian-family\/founders\/louise-de-marillac\/"},"img":{"alt_text":"","src":"https:\/\/i0.wp.com\/vincentians.com\/en\/wp-content\/uploads\/sites\/2\/2016\/07\/louise-de-marillac.jpg?fit=1200%2C630&resize=350%2C200","width":350,"height":200,"srcset":"https:\/\/i0.wp.com\/vincentians.com\/en\/wp-content\/uploads\/sites\/2\/2016\/07\/louise-de-marillac.jpg?fit=1200%2C630&resize=350%2C200 1x, https:\/\/i0.wp.com\/vincentians.com\/en\/wp-content\/uploads\/sites\/2\/2016\/07\/louise-de-marillac.jpg?fit=1200%2C630&resize=525%2C300 1.5x, https:\/\/i0.wp.com\/vincentians.com\/en\/wp-content\/uploads\/sites\/2\/2016\/07\/louise-de-marillac.jpg?fit=1200%2C630&resize=700%2C400 2x, https:\/\/i0.wp.com\/vincentians.com\/en\/wp-content\/uploads\/sites\/2\/2016\/07\/louise-de-marillac.jpg?fit=1200%2C630&resize=1050%2C600 3x"},"classes":[]},{"id":149858,"url":"http:\/\/vincentians.com\/en\/new-in-the-library-spiritual-writings-of-louise-marillac\/","url_meta":{"origin":47797,"position":1},"title":"New in the Library: Spiritual Writings  of Louise De Marillac","author":"Francisco Javier Fern\u00e1ndez Chento","date":"July 8, 2016","format":false,"excerpt":"Spiritual writings of Louise de Marillac. Edited and translated from the original French edition Sainte Louise de Marillac: Ecrits Spirituels by Louise Sullivan, D.C. Brooklyn, New York: New City Press, 1991.","rel":"","context":"In &quot;Louise de Marillac&quot;","block_context":{"text":"Louise de Marillac","link":"http:\/\/vincentians.com\/en\/category\/the-vincentian-family\/founders\/louise-de-marillac\/"},"img":{"alt_text":"","src":"https:\/\/i0.wp.com\/vincentians.com\/en\/wp-content\/uploads\/sites\/2\/2016\/07\/the-vincentian-digital-library-2.jpg?fit=1200%2C630&resize=350%2C200","width":350,"height":200,"srcset":"https:\/\/i0.wp.com\/vincentians.com\/en\/wp-content\/uploads\/sites\/2\/2016\/07\/the-vincentian-digital-library-2.jpg?fit=1200%2C630&resize=350%2C200 1x, https:\/\/i0.wp.com\/vincentians.com\/en\/wp-content\/uploads\/sites\/2\/2016\/07\/the-vincentian-digital-library-2.jpg?fit=1200%2C630&resize=525%2C300 1.5x, https:\/\/i0.wp.com\/vincentians.com\/en\/wp-content\/uploads\/sites\/2\/2016\/07\/the-vincentian-digital-library-2.jpg?fit=1200%2C630&resize=700%2C400 2x, https:\/\/i0.wp.com\/vincentians.com\/en\/wp-content\/uploads\/sites\/2\/2016\/07\/the-vincentian-digital-library-2.jpg?fit=1200%2C630&resize=1050%2C600 3x"},"classes":[]},{"id":42028,"url":"http:\/\/vincentians.com\/en\/the-ecclesial-and-charitable-experience-of-saint-louise-de-marillac-yesterday-and-today\/","url_meta":{"origin":47797,"position":2},"title":"The Ecclesial and Charitable Experience of Saint Louise de Marillac, Yesterday and Today","author":"Francisco Javier Fern\u00e1ndez Chento","date":"July 7, 2016","format":false,"excerpt":"Introduction We are going to conclude this Congress with a reflection on Saint Louise de Marillac as a woman of the church. Her contemplation of the mystery of the church and the ecclesial reality of that era led her to become a woman who was guided by the Spirit and\u2026","rel":"","context":"In &quot;Louise de Marillac&quot;","block_context":{"text":"Louise de Marillac","link":"http:\/\/vincentians.com\/en\/category\/the-vincentian-family\/founders\/louise-de-marillac\/"},"img":{"alt_text":"","src":"https:\/\/i0.wp.com\/vincentians.com\/en\/wp-content\/uploads\/sites\/2\/2012\/12\/marillac-charitative-experience.jpg?fit=1200%2C630&resize=350%2C200","width":350,"height":200,"srcset":"https:\/\/i0.wp.com\/vincentians.com\/en\/wp-content\/uploads\/sites\/2\/2012\/12\/marillac-charitative-experience.jpg?fit=1200%2C630&resize=350%2C200 1x, https:\/\/i0.wp.com\/vincentians.com\/en\/wp-content\/uploads\/sites\/2\/2012\/12\/marillac-charitative-experience.jpg?fit=1200%2C630&resize=525%2C300 1.5x, https:\/\/i0.wp.com\/vincentians.com\/en\/wp-content\/uploads\/sites\/2\/2012\/12\/marillac-charitative-experience.jpg?fit=1200%2C630&resize=700%2C400 2x, https:\/\/i0.wp.com\/vincentians.com\/en\/wp-content\/uploads\/sites\/2\/2012\/12\/marillac-charitative-experience.jpg?fit=1200%2C630&resize=1050%2C600 3x"},"classes":[]},{"id":105792,"url":"http:\/\/vincentians.com\/en\/life-of-saint-louise-de-marillac-2-a-fleeting-happiness\/","url_meta":{"origin":47797,"position":3},"title":"Life Of Saint Louise De Marillac. 2: A fleeting happiness","author":"Francisco Javier Fern\u00e1ndez Chento","date":"August 9, 2016","format":false,"excerpt":"2] A fleeting happiness. At her husband\u2019s side Louise experienced moments of true happiness. At the end of the year, their son, Michel, brought great joy to their house. Antoine and Louise set up their home on the rue Courteau-Villain where they met other young couples who were engaged in\u2026","rel":"","context":"In &quot;Louise de Marillac&quot;","block_context":{"text":"Louise de Marillac","link":"http:\/\/vincentians.com\/en\/category\/the-vincentian-family\/founders\/louise-de-marillac\/"},"img":{"alt_text":"","src":"https:\/\/i0.wp.com\/vincentians.com\/en\/wp-content\/uploads\/sites\/2\/2016\/07\/louise-de-marillac.jpg?fit=1200%2C630&resize=350%2C200","width":350,"height":200,"srcset":"https:\/\/i0.wp.com\/vincentians.com\/en\/wp-content\/uploads\/sites\/2\/2016\/07\/louise-de-marillac.jpg?fit=1200%2C630&resize=350%2C200 1x, https:\/\/i0.wp.com\/vincentians.com\/en\/wp-content\/uploads\/sites\/2\/2016\/07\/louise-de-marillac.jpg?fit=1200%2C630&resize=525%2C300 1.5x, https:\/\/i0.wp.com\/vincentians.com\/en\/wp-content\/uploads\/sites\/2\/2016\/07\/louise-de-marillac.jpg?fit=1200%2C630&resize=700%2C400 2x, https:\/\/i0.wp.com\/vincentians.com\/en\/wp-content\/uploads\/sites\/2\/2016\/07\/louise-de-marillac.jpg?fit=1200%2C630&resize=1050%2C600 3x"},"classes":[]},{"id":51189,"url":"http:\/\/vincentians.com\/en\/the-letters-of-louise-de-marillac-to-the-daughters-of-charity-i\/","url_meta":{"origin":47797,"position":4},"title":"The Letters of Louise de Marillac to the Daughters of Charity (I)","author":"Francisco Javier Fern\u00e1ndez Chento","date":"August 8, 2016","format":false,"excerpt":"Introduction On March 15th, 1660, between 11:00am and noon, after generously sharing her blessings with the Daughters of Charity, Louise de Marillac's life came to an end. She was almost sixty-nine years old. Thus the earthly life of this holy woman was completed. She was not a tall woman, but\u2026","rel":"","context":"In &quot;Louise de Marillac&quot;","block_context":{"text":"Louise de Marillac","link":"http:\/\/vincentians.com\/en\/category\/the-vincentian-family\/founders\/louise-de-marillac\/"},"img":{"alt_text":"","src":"https:\/\/i0.wp.com\/vincentians.com\/en\/wp-content\/uploads\/sites\/2\/2012\/11\/marillac-wrting.jpg?fit=1200%2C630&resize=350%2C200","width":350,"height":200,"srcset":"https:\/\/i0.wp.com\/vincentians.com\/en\/wp-content\/uploads\/sites\/2\/2012\/11\/marillac-wrting.jpg?fit=1200%2C630&resize=350%2C200 1x, https:\/\/i0.wp.com\/vincentians.com\/en\/wp-content\/uploads\/sites\/2\/2012\/11\/marillac-wrting.jpg?fit=1200%2C630&resize=525%2C300 1.5x, https:\/\/i0.wp.com\/vincentians.com\/en\/wp-content\/uploads\/sites\/2\/2012\/11\/marillac-wrting.jpg?fit=1200%2C630&resize=700%2C400 2x, https:\/\/i0.wp.com\/vincentians.com\/en\/wp-content\/uploads\/sites\/2\/2012\/11\/marillac-wrting.jpg?fit=1200%2C630&resize=1050%2C600 3x"},"classes":[]},{"id":106840,"url":"http:\/\/vincentians.com\/en\/louise-de-marillac-a-portrait-introduction\/","url_meta":{"origin":47797,"position":5},"title":"Louise de Marillac, a portrait. Introduction","author":"Francisco Javier Fern\u00e1ndez Chento","date":"November 18, 2013","format":false,"excerpt":"SOME SAINTS, although they lived perhaps centuries ago, are well known to us. Others are bound up inseparably with a great achievement in the Church in connection with which their names have become household words; it is impossible to think of theology, for example, without coupling it with the name\u2026","rel":"","context":"In &quot;Louise de Marillac&quot;","block_context":{"text":"Louise de Marillac","link":"http:\/\/vincentians.com\/en\/category\/the-vincentian-family\/founders\/louise-de-marillac\/"},"img":{"alt_text":"","src":"https:\/\/i0.wp.com\/vincentians.com\/en\/wp-content\/uploads\/sites\/2\/2016\/07\/louise-de-marillac2.jpg?fit=1200%2C630&resize=350%2C200","width":350,"height":200,"srcset":"https:\/\/i0.wp.com\/vincentians.com\/en\/wp-content\/uploads\/sites\/2\/2016\/07\/louise-de-marillac2.jpg?fit=1200%2C630&resize=350%2C200 1x, https:\/\/i0.wp.com\/vincentians.com\/en\/wp-content\/uploads\/sites\/2\/2016\/07\/louise-de-marillac2.jpg?fit=1200%2C630&resize=525%2C300 1.5x, https:\/\/i0.wp.com\/vincentians.com\/en\/wp-content\/uploads\/sites\/2\/2016\/07\/louise-de-marillac2.jpg?fit=1200%2C630&resize=700%2C400 2x, https:\/\/i0.wp.com\/vincentians.com\/en\/wp-content\/uploads\/sites\/2\/2016\/07\/louise-de-marillac2.jpg?fit=1200%2C630&resize=1050%2C600 3x"},"classes":[]}],"_links":{"self":[{"href":"http:\/\/vincentians.com\/en\/wp-json\/wp\/v2\/posts\/47797","targetHints":{"allow":["GET"]}}],"collection":[{"href":"http:\/\/vincentians.com\/en\/wp-json\/wp\/v2\/posts"}],"about":[{"href":"http:\/\/vincentians.com\/en\/wp-json\/wp\/v2\/types\/post"}],"author":[{"embeddable":true,"href":"http:\/\/vincentians.com\/en\/wp-json\/wp\/v2\/users\/4"}],"replies":[{"embeddable":true,"href":"http:\/\/vincentians.com\/en\/wp-json\/wp\/v2\/comments?post=47797"}],"version-history":[{"count":0,"href":"http:\/\/vincentians.com\/en\/wp-json\/wp\/v2\/posts\/47797\/revisions"}],"wp:featuredmedia":[{"embeddable":true,"href":"http:\/\/vincentians.com\/en\/wp-json\/wp\/v2\/media\/149215"}],"wp:attachment":[{"href":"http:\/\/vincentians.com\/en\/wp-json\/wp\/v2\/media?parent=47797"}],"wp:term":[{"taxonomy":"category","embeddable":true,"href":"http:\/\/vincentians.com\/en\/wp-json\/wp\/v2\/categories?post=47797"},{"taxonomy":"post_tag","embeddable":true,"href":"http:\/\/vincentians.com\/en\/wp-json\/wp\/v2\/tags?post=47797"}],"curies":[{"name":"wp","href":"https:\/\/api.w.org\/{rel}","templated":true}]}}