{"id":44158,"date":"2013-03-07T06:05:42","date_gmt":"2013-03-07T05:05:42","guid":{"rendered":"http:\/\/somos.vicencianos.org\/blog\/2011\/07\/life-of-felix-de-andreis-chapter-01\/"},"modified":"2016-07-10T08:11:20","modified_gmt":"2016-07-10T06:11:20","slug":"life-of-felix-de-andreis-chapter-01","status":"publish","type":"post","link":"http:\/\/vincentians.com\/en\/life-of-felix-de-andreis-chapter-01\/","title":{"rendered":"Life of Felix de Andreis. Chapter 01"},"content":{"rendered":"<p>THE Very Rev. Felix De Andreis was born of respectable and pious parents, on December i3th, 1778, at Demonte, a con\u00adsiderable hamlet in the present diocese, and former province, of Cuneo, Piedmont.<\/p>\n<p>We have not been able to ascertain any particulars respecting his early youth, but will relate what he himself mentions with candid simplicity in a manuscript found after his death, entitled, &#8220;Soliloquy No. 59, <em>Illuminare to mirabiliter a montibus aeter\u00adnis.&#8221;<\/em><\/p>\n<p>&#8220;I see very clearly, when I collect my thoughts, that Divine Bounty began to call me to the sweet intercourse of contempla\u00adtion from my very childhood ; and after\u00adwards, at different intervals, during the whole course of my most ungrateful life. I remember, and, even now, can very dis\u00adtinctly picture to myself the unspeakable delight which I once felt when a child, while listening to one of my aunts, on my mother&#8217;s side, who was singing some hymns on the love of God and the infancy of Mary, as we walked one evening in the gardens of Count Beranger. And I experienced this pleasure on many other similar occa\u00adsions ; once especially, as I was thinking of St. Aloysius while I was employed in com\u00adposing a hymn in which I spoke with my Angel Guardian of the joys of heaven and the sweets of the love of God. 0 ! how happy should I have been had I corre\u00adsponded to divine grace ! Even amidst the disorders of my youth, never did the Al\u00admighty cease to call me to Himself by in\u00adspiring me with a desire of entering the Congregation of the Mission, which desire, in spite of myself, impelled me to seek solitude. And when, through divine mercy, I had entered the novitiate, I remember that the dislike I felt for conversation was such, that I generally spent the time of re\u00adcreation without being able to utter a single word. I made known to the director the secret desire I felt of keeping aloof from all creatures, were it possible to do so ; and he told me that I should cultivate such feel\u00adings. I did not then foresee what would be the result, and, though I was somewhat acquainted with the writings of St. Theresa and St. John of the Cross, I had no precise idea of the treasures hidden in their mystic works. I passed through divers ordeals of scruples, anguish, and temptations, until the little book &#8220;God Alone&#8221; inspired me with a more earnest desire of suffering as they did. And, before I underwent those fearful trials, God mercifully ordained that suitable writings should fall into my hands, to enlighten me during the dark night through which I had to pass. I see, there\u00adfore, to my shame, how much I was favored by the blessings of divine mercy; though my conduct, being so different from the lights I received, dishonors, in some sort, the gifts of God, and gives me reason to fear that I am a consummate hypocrite. Oh ! what confusion is mine !&#8221;<\/p>\n<p>Having completed his first studies, in his native place, Felix De Andreis was sent to Cuneo, at the age of fifteen, to learn rhetoric and philosophy; while there, he was once in imminent danger of losing his life. It was a holiday, and he, and several of his companions went to take a walk beyond the river Stura ; on their return, in order to reach home more quickly, they endeavored to wade through its rapid waters. For the others, this proved an easy task \u2022 but, for him, who was rather small and delicate, it was a dangerous undertaking. The current carried him off a long way, and his com\u00adpanions, who were anxiously watching him from the bank, without being able to come to his relief, already believed him drowned. Such indeed he would have been but for a special intervention of Divine Provi\u00addence. While in the water, he raised his heart to Heaven, invoked the aid of St. Anthony, and, at the same moment, saw, or thought he saw, the saint handing him a rope, which, having grasped with all his might, he was conducted in safety to the shore. The fact is, he escaped unhurt, to the great astonishment of his fellow stu\u00addents.<\/p>\n<p>All who knew him admired his penitrat\u00ading intellect, his aptness to learn the most difficult things, his ready and retentive memory, his lofty imagination, and, what is more important, his determination in the pursuit of his studies, and his irreprehensi\u00adble moral conduct.<span id='easy-footnote-1-44158' class='easy-footnote-margin-adjust'><\/span><span class='easy-footnote'><a href='http:\/\/vincentians.com\/en\/life-of-felix-de-andreis-chapter-01\/#easy-footnote-bottom-1-44158' title='Memoirs of his life by Bishop Rosati and the Rev. Mr. Ugo, C. M.'><sup>1<\/sup><\/a><\/span>\n<p>His excellent qualities caused increasing wonder among his teachers, who incited him by their commendAions to still greater progress, promising him their assistance and predicting his brilliant success in literary pursuits, but especially in poetry, for which the young De Andreis felt a peculiar attrac\u00adtion.<span id='easy-footnote-2-44158' class='easy-footnote-margin-adjust'><\/span><span class='easy-footnote'><a href='http:\/\/vincentians.com\/en\/life-of-felix-de-andreis-chapter-01\/#easy-footnote-bottom-2-44158' title='Among the numerous manuscripts of F. De An\u00addreis, a considerable volume of sacred poetry was found after his death ; this he composed more to give vent to the pious sentiments which animated his heart, than to afford amusement to his mind. It was impossible to peruse them without, feeling the effects of that charity which inspired them. Un fortunately, this precious volume, with many others, has been lost.'><sup>2<\/sup><\/a><\/span>\n<p>But grace, meanwhile, was working in his heart, other and better dispositions ; he was not more than fifteen or sixteen when he felt within him an increasing desire of joining the Company of the Mission, founded by St. Vincent de Paul. This wish became so strong that he could no longer refrain from making it known, and accordingly mentioned it to Rev. Father Laugeri, Visitor of the province, entreating to be received into the Company as he felt con\u00advinced that such was his vocation. The prudent superior, well aware of the re\u00admarkable talents of the young candidate, and knowing particularly his poetical gen\u00adius, received his request very coldly, observ\u00ading that the Congregation of St. Vincent would never suit his views. &#8220;The employ\u00adments of our missionaries,&#8221; said Father Laugeri, &#8220;are far different from those to which you have hitherto devoted yourself in accordance with your natural inclination ; the principal object of our institute is to in\u00adstruct the poor in the country, and form good laborers for the vineyard of the Lord ; its duties, therefore, do not require brilliancy of thought, nor talent for poetry; but serious study, and discourses without pomp or orna\u00adment. How difficult it would be, fora young poet like yourself, to become accustomed to such things !&#8221;<\/p>\n<p>&#8220;And yet,&#8221; replied the undaunted youth, &#8220;I will do all this, if you will receive inc among your children.&#8221;<\/p>\n<p>&#8220;Be of good heart, then,&#8221; resumed the Visitor ; &#8220;take another year to reflect on your design ; give up your poetical compo\u00adsitions for that period, and apply your mind to other studies ; devote more time to prayer ; let your life be more recollected ; and then, having done all this, present yourself anew.&#8221;<\/p>\n<p>&#8220;I then entered into myself,&#8221; adds Mr. De Andreis, &#8220;and endeavored to correct what\u00adever I knew to be reprehensible in my con\u00adduct, but especially, that spirit of vanity which prompted me to wish to display my talents before the world ; I traced out the plan of a more serious life, having resolved to become a missionary, in order to atone for my sins, give glory to God, work out my own salvation, and, by the aid of Divine grace, promote that of others ; such was my intention, and I acknowledge it to be from Thee alone, 0 my God !&#8221;<span id='easy-footnote-3-44158' class='easy-footnote-margin-adjust'><\/span><span class='easy-footnote'><a href='http:\/\/vincentians.com\/en\/life-of-felix-de-andreis-chapter-01\/#easy-footnote-bottom-3-44158' title='From the MS. entitled &lt;em&gt;Ad Quid Venisti.&lt;\/em&gt;'><sup>3<\/sup><\/a><\/span>\n<p>Father Laugeri became acquainted with these excellent dispositions the following year ; and having, without any further difficulty, admitted him among his children, he sent him to begin his novitiate in the house of the Mission at Mondbvi. There, Mr. De Andreis took the habit of St. Vincent on the first of November, 1797, and after\u00adwards applied himself to correspond to his holy vocation, under the guidance of Rev. Joseph Giordano, subjecting himself to the most perfect obedience, mortifying his pas\u00adsions, and striving to become an interior man. About this time, namely, in January, 1799, the houses in Piedmont having been suppressed, by order of the Provisional Government, established by the French after the expulsion of the royal family of Savoy, he was obliged to return home, February 9th, 1799. Affairs being more settled towards the close of the same year, and the Missionaries having regained pos\u00adsession of the house of the Holy Martyrs at Turin, he was recalled there on the 12th of December following.<\/p>\n<p>His novitiate being ended, he made his vows with great interior delight, on the 21st of September, 1800 ; being most desir\u00adous of making progress in all the sacred sciences, in order to fit himself to be a good missionary. He was not vain of his talents, nor did he presume upon them, but always seemed little in his own eyes, though he was most fervent, regular and obedient, even in the smallest things. His superiors remarked all these excellent qualities, and, though they avoided any manifestation of the esteem in which they held him, it was nevertheless very great, for in him they already beheld a true disciple of St. &#8216;Vincent. No fault could they perceive in his deport\u00adment, and, if by chance some slight im\u00adprudence needed reprehension, they always found him docile in receiving correction, more circumspect for the future, never be\u00adtraying any ill-humor, but showing a smiling countenance and modest cheerful\u00adness.<\/p>\n<p>He prosecuted his studies in the same house at Turin, which, at the end of the last century, was adorned with many experienced men who spent their lives in the labors of the holy ministry. The young De Andreis, seeing in these venerable priests so many living portraits of St. Vin\u00adcent, endeavored, with ardor, to follow their holy example in the practice of every virtue. But it was not long granted him to enjoy their company, for fresh misfortunes having befallen the royal family of Savoy, the Mis\u00adsion of Turin was again suppressed. Mr. De Andreis was then sent to the house at Pla\u00adcentia, in order to continue his studies. He arrived there on the 26th of December, i800, and pursued them so extensively, and with so much success, that he became a profound philosopher, a learned theologi an, and an erudite historian ; besides being well versed in literature, chemistry, natural his\u00adtory, astronomy, mathematics, medicine, music, geography ; and skilled in the He\u00adbrew, Greek, French, and Spanish lan\u00adguages. As for Latin, lie spoke it fluently, and wrote it with elegance. It must not be thought that his knowledge of these sciences was merely superficial and only fit to dazzle the vulgar eye ; on the contrary, he was an adept in each one of them, and had accus\u00adtomed himself from the beginning to so much regularity and order in his ideas, that these different acquirements were never confused in his mind, and he could teach them all in a masterly manner.<\/p>\n<p>As to merely ornamental accomplish\u00adments, he possessed them without display, being very much averse to anything like ostentation ; he looked upon them as the spoils of Egypt, only fit to adorn the temple of the Lord. It may here be asked, how it was possible that a young missionary, whose hours of study were regulated with prudence, and were not dependent upon his own will, could thus acquire such vast and diversified knowledge. We will say, in reply, that Mr. De Andreis was gifted with so piercing an intellect that he penetrated, at the first glance, the most difficult questions and the most abstruse theories. His memory was so good, that, having once read a book, he never forgot its contents, and could repeat them many years afterwards ; and, so just and accurate, was his discernment, that he could distinguish, in an instant, truth from error ; correct reasoning from sophistry; the light that merely dazzles, from that which illumines the mind. It is not, therefore, a matter of surprise that he learned, in a few months, what, to an ordinary capacity, would have been the labor of years. And one thing, which appears worthy of par\u00adticular notice is, that his ardor in the pursuit of science was restrained within due bounds, and was ever subordinate to the zeal with which he sought to perfect himself in every virtue. Thus, while he was adorning his mind with so many different acquirements, his spiritual progress was no less rapid ; his attention to the Divine presence, and his desire to learn all the functions of his in\u00adstitute, never decreased. He consequently preferred to every other study, that one which tends to form holy and learned priests, namely: the Holy Scriptures, the works of the Fathers, the canonical deci\u00adsions of the Church, and the moral and ascetic books written by the most eminent doctors. St. Thomas was the theologian he preferred, but he also consulted St. Augustine, St. Bernard, and St. John Chrysostom ; and he retained by heart long passages from these Fathers, besides all their most remarkable dicta and most im\u00adportant quotations.<\/p>\n<p>Meanwhile the time approached when Mr. De Andreis was to be promoted to the priesthood ;<span id='easy-footnote-4-44158' class='easy-footnote-margin-adjust'><\/span><span class='easy-footnote'><a href='http:\/\/vincentians.com\/en\/life-of-felix-de-andreis-chapter-01\/#easy-footnote-bottom-4-44158' title='He was ordained subdeacon early in the year 1801, deacon at Pentecost, and completed his course of study, on the 14th of August, 1802.'><sup>4<\/sup><\/a><\/span> this event took place in Placentia, in the year i8oi. He prepared for it by the most efficient means : fervent prayer, austere mortification, continual in\u00adterior recollection; and useful reading. He had formed that exalted and true idea of the priesthood which is given of it in the Sacred Scriptures, and by the holy Fathers and Doctors of the Church ; and, having ob\u00adtained this incomparable dignity, his desire to discharge all its holy duties was propor\u00adtionally increased. Nothing was wanting to him for that purpose ; he had prepared everything requisite for a good missionary, such as catechetical instructions on the sacraments, the laws of God, and those of the Church ; spiritual retreats for those who were preparing for ordination, as also for the laity ; ecclesiastical conferences for priests, and other similar discourses.<\/p>\n<p>It is not, therefore, surprising that he was, immediately after his ordination, en\u00adtrusted with the complete exercise of the Apostolic ministry; the duties of which he discharged with uninterrupted fidelity. Pla\u00adcentia beheld him, at one period, employed in the country missions,<span id='easy-footnote-5-44158' class='easy-footnote-margin-adjust'><\/span><span class='easy-footnote'><a href='http:\/\/vincentians.com\/en\/life-of-felix-de-andreis-chapter-01\/#easy-footnote-bottom-5-44158' title='He gave several missions with Father Colucci, who was much venerated by the people on account of his sanctity; also, with Father Lucia, etc. In 1804 and 1805, he presided over the retreat for the can\u00addidates for ordination.'><sup>5<\/sup><\/a><\/span> at another, de\u00advoting himself to the ecclesiastical confer\u00adences ; again, as director of the collegiates, or filling among them the professor&#8217;s chair ; ever ready to supply the place of any one who was absent, either through illness or any other cause. And not only seculars and country people, professors and students, but even the most experienced clergymen of the city, marvelled, on hearing, from the lips of the young missionary, so much pro\u00adfound learning expressed with such dignity and grace ; such strength of argument, which never, in the heat of controversy, degen\u00aderated into vulgar ideas, rigorous doctrine, or relaxed opinions. They would scarcely have trusted their own eyes, had he not also made a deep impression upon their hearts ; his superiors themselves were struck with astonishment, and augured great things of him.<\/p>\n<p>Meanwhile Divine Providence was pre\u00adparing a new field for his evangelical labors, but, before we speak of it more fully, we must insert some reflections and resolutions which he found it requisite to take several years afterwards, and whereby will be seen how entirely he was devoted to study, while he was, at the same time, most careful to shun that knowledge which swells the heart and leads it away from God.<\/p>\n<p style=\"padding-left: 30px;\">&#8220;During the retreat of 181o, which I made amid many contradictions, in spite of my ardent desire to make it well ; I ex\u00adperienced, for the first few days, nothing but superficial lights and general emotions; but, having besought the Lord to discover to me the cause of my spiritual infirmities, during the night following the second day, I suddenly awoke, and received a Divine inspiration, which showed me clearly the diseases of my soul, the root whence they sprung, and the means which I should take for their removal.<\/p>\n<p style=\"padding-left: 30px;\">&#8220;I. The great origin of all my faults is, that I have fallen, without being aware of it, on that rock of which our holy father St. Vin\u00adcent speaks, in his Rules, chap. xii., art. 8, where he says : &#8216;All, but especially the students, shall continually watch lest an in\u00adordinate avidity of learning should insen\u00adsibly invade their hearts ; yet they shall not neglect applying themselves assiduously to the studies necessary to perform, as they ought, the functions of a missionary, pro\u00advided that their first care be to learn the science of the Saints, which is taught in the school of the Cross.&#8217; I was not aware that I had failed in this, but the result proves that such is the fact.<\/p>\n<p style=\"padding-left: 30px;\">&#8220;2. This immoderate ardor for study pro\u00adduces, in my soul, a kind of languor in my spiritual exercises, making me consider them as mere accessories ; filling them with distractions concerning my studies and caus\u00ading me to perform them hastily, in order to return the sooner to my occupations ; and, though it may appear to me that I act thus with the purest desire of knowing the source of all truth, which is God, and the better to be enabled to serve the Company, self-love is concealed beneath it.<\/p>\n<p style=\"padding-left: 30px;\">&#8220;3 This irregular passion also generates in me, (though I do not in the least per\u00adceive it, ) a certain self esteem on seeing so many others deprived of the knowledge that I possess, and this esteem is revealed by the thoughts that pass through my mind, the conversations which I hold, and my de\u00admeanor, as well in praise, as in humilia\u00adtions.<\/p>\n<p style=\"padding-left: 30px;\">&#8220;4 Besides the foregoing effects, this immoderate ardor for study produces in me another disorder which our holy founder has well foreseen in his rules, namely : a certain prudence of the flesh, which, under pretext of preserving health and strength, gives me a relish for the comforts of life, and produces disgust for all practices of mortification. I have noted it in little things only, but they may become great.<\/p>\n<p style=\"padding-left: 30px;\">&#8220;5 Finally, as a last consequence, I be\u00adgin to experience the truth of these words,<em> Deus sit perbis resistit, <\/em>by strong tempta\u00adtions which I never before experienced, and to which I am now liable. I begin to feel a certain reluctance to leave my studies when called upon to discharge any duty of my ministry, etc.<\/p>\n<p style=\"padding-left: 30px;\">&#8220;Hence I am spiritually wasting away, and becoming infected with many faults, without knowing why or wherefore.<\/p>\n<p style=\"padding-left: 30px;\">&#8220;I now resolve:<\/p>\n<p style=\"padding-left: 30px;\">&#8220;I. Considering, the axiom <em>scientia inflat, <\/em>that, however much I may study, my knowledge will never equal that of so many unfortunate men whom study has ruined, and who have also caused the loss of an infinite number of souls ; that I shall never be able to attain the knowledge of <em>omnem veritate\u00bbz, <\/em>which is reserved for paradise. I will remember then, while I apply my mind to study, those words of the Apostle : <em>Non plus sapere qua\u00bbz oportet, etc. ; perdam sapientiam sapientium, etc.; non existimavi me scire aliquid inter vos nisi Christum. <\/em>I will only give to study a stated portion of time, and, beyond that, will banish every thought of it.<\/p>\n<p style=\"padding-left: 30px;\">&#8220;2. Seeing, that study is not God, nor even the most direct road to Him, I will endeavor to be more assiduous in my ex\u00adercises of piety and the practice of virtue ; these being the surest means to lead me to the clear view of truth in paradise.<\/p>\n<p style=\"padding-left: 30px;\">&#8220;3 Bearing in mind, that humility is the gate of truth, my most ardent study shall be to overcome self-esteem, which I will combat on every occasion by contrary acts.<\/p>\n<p style=\"padding-left: 30px;\">&#8220;4 Remembering, also, that the pru\u00addence of the flesh kills the soul-, I will re\u00adsume the practice of my former mortifica\u00adtions, etc.<\/p>\n<p style=\"padding-left: 30px;\">&#8220;5 In fine, by fidelity, to these four points, I shall be enabled to find a remedy for the last mentioned evil. It seems to me, that by divine mercy, I am now thus disposed ; and if my God knows that there is, in my heart, a single fibre not entirely His own, I would wish to tear it out, were it even to cost me my life.<\/p>\n<p style=\"padding-left: 30px;\"><em>&#8220;Con firma Deus hanc voluntatem.&#8221;<\/em><\/p>\n<p>It was by such powerful means as these that rather De Andreis made such progress in science!<\/p>\n","protected":false},"excerpt":{"rendered":"<p>THE Very Rev. Felix De Andreis was born of respectable and pious parents, on December i3th, 1778, at Demonte, a con\u00adsiderable hamlet in the present diocese, and former province, of Cuneo, Piedmont. We have not &#8230; <a href=\"http:\/\/vincentians.com\/en\/life-of-felix-de-andreis-chapter-01\/\" class=\"more-link\">Read More<\/a><\/p>\n","protected":false},"author":4,"featured_media":150099,"comment_status":"open","ping_status":"open","sticky":false,"template":"","format":"standard","meta":{"jetpack_post_was_ever_published":false,"_jetpack_newsletter_access":"","_jetpack_dont_email_post_to_subs":false,"_jetpack_newsletter_tier_id":0,"_jetpack_memberships_contains_paywalled_content":false,"_jetpack_memberships_contains_paid_content":false,"footnotes":"","jetpack_publicize_message":"","jetpack_publicize_feature_enabled":true,"jetpack_social_post_already_shared":false,"jetpack_social_options":{"image_generator_settings":{"template":"highway","default_image_id":0,"font":"","enabled":false},"version":2}},"categories":[32],"tags":[],"class_list":["post-44158","post","type-post","status-publish","format-standard","has-post-thumbnail","hentry","category-felix-de-andreis"],"yoast_head":"<!-- This site is optimized with the Yoast SEO plugin v26.3 - https:\/\/yoast.com\/wordpress\/plugins\/seo\/ -->\n<title>Life of Felix de Andreis. Chapter 01 - We are Vincentians<\/title>\n<meta name=\"robots\" content=\"index, follow, max-snippet:-1, max-image-preview:large, max-video-preview:-1\" \/>\n<link rel=\"canonical\" href=\"https:\/\/vincentians.com\/en\/life-of-felix-de-andreis-chapter-01\/\" \/>\n<meta property=\"og:locale\" content=\"en_US\" \/>\n<meta property=\"og:type\" content=\"article\" \/>\n<meta property=\"og:title\" content=\"Life of Felix de Andreis. Chapter 01 - We are Vincentians\" \/>\n<meta property=\"og:description\" content=\"THE Very Rev. Felix De Andreis was born of respectable and pious parents, on December i3th, 1778, at Demonte, a con\u00adsiderable hamlet in the present diocese, and former province, of Cuneo, Piedmont. We have not ... Read More\" \/>\n<meta property=\"og:url\" content=\"https:\/\/vincentians.com\/en\/life-of-felix-de-andreis-chapter-01\/\" \/>\n<meta property=\"og:site_name\" content=\"We are Vincentians\" \/>\n<meta property=\"article:publisher\" content=\"https:\/\/www.facebook.com\/WeAreVincentians\/\" \/>\n<meta property=\"article:author\" content=\"https:\/\/www.facebook.com\/JavierChento\" \/>\n<meta property=\"article:published_time\" content=\"2013-03-07T05:05:42+00:00\" \/>\n<meta property=\"article:modified_time\" content=\"2016-07-10T06:11:20+00:00\" \/>\n<meta property=\"og:image\" content=\"https:\/\/i0.wp.com\/vincentians.com\/en\/wp-content\/uploads\/sites\/2\/2016\/07\/felix-de-andreis.jpg?fit=1200%2C630&ssl=1\" \/>\n\t<meta property=\"og:image:width\" content=\"1200\" \/>\n\t<meta property=\"og:image:height\" content=\"630\" \/>\n\t<meta property=\"og:image:type\" content=\"image\/jpeg\" \/>\n<meta name=\"author\" content=\"Francisco Javier Fern\u00e1ndez Chento\" \/>\n<meta name=\"twitter:card\" content=\"summary_large_image\" \/>\n<meta name=\"twitter:creator\" content=\"@https:\/\/twitter.com\/javierchento\" \/>\n<meta name=\"twitter:site\" content=\"@WeVincentians\" \/>\n<meta name=\"twitter:label1\" content=\"Written by\" \/>\n\t<meta name=\"twitter:data1\" content=\"Francisco Javier Fern\u00e1ndez Chento\" \/>\n\t<meta name=\"twitter:label2\" content=\"Est. reading time\" \/>\n\t<meta name=\"twitter:data2\" content=\"17 minutes\" \/>\n<script type=\"application\/ld+json\" class=\"yoast-schema-graph\">{\"@context\":\"https:\/\/schema.org\",\"@graph\":[{\"@type\":\"Article\",\"@id\":\"https:\/\/vincentians.com\/en\/life-of-felix-de-andreis-chapter-01\/#article\",\"isPartOf\":{\"@id\":\"https:\/\/vincentians.com\/en\/life-of-felix-de-andreis-chapter-01\/\"},\"author\":{\"name\":\"Francisco Javier Fern\u00e1ndez Chento\",\"@id\":\"https:\/\/vincentians.com\/en\/#\/schema\/person\/9623ef4d9aa3b2dfb8c061f1499288f2\"},\"headline\":\"Life of Felix de Andreis. Chapter 01\",\"datePublished\":\"2013-03-07T05:05:42+00:00\",\"dateModified\":\"2016-07-10T06:11:20+00:00\",\"mainEntityOfPage\":{\"@id\":\"https:\/\/vincentians.com\/en\/life-of-felix-de-andreis-chapter-01\/\"},\"wordCount\":3505,\"commentCount\":0,\"publisher\":{\"@id\":\"https:\/\/vincentians.com\/en\/#organization\"},\"image\":{\"@id\":\"https:\/\/vincentians.com\/en\/life-of-felix-de-andreis-chapter-01\/#primaryimage\"},\"thumbnailUrl\":\"https:\/\/i0.wp.com\/vincentians.com\/en\/wp-content\/uploads\/sites\/2\/2016\/07\/felix-de-andreis.jpg?fit=1200%2C630\",\"articleSection\":[\"Felix de Andreis\"],\"inLanguage\":\"en-US\",\"potentialAction\":[{\"@type\":\"CommentAction\",\"name\":\"Comment\",\"target\":[\"https:\/\/vincentians.com\/en\/life-of-felix-de-andreis-chapter-01\/#respond\"]}]},{\"@type\":\"WebPage\",\"@id\":\"https:\/\/vincentians.com\/en\/life-of-felix-de-andreis-chapter-01\/\",\"url\":\"https:\/\/vincentians.com\/en\/life-of-felix-de-andreis-chapter-01\/\",\"name\":\"Life of Felix de Andreis. Chapter 01 - We are Vincentians\",\"isPartOf\":{\"@id\":\"https:\/\/vincentians.com\/en\/#website\"},\"primaryImageOfPage\":{\"@id\":\"https:\/\/vincentians.com\/en\/life-of-felix-de-andreis-chapter-01\/#primaryimage\"},\"image\":{\"@id\":\"https:\/\/vincentians.com\/en\/life-of-felix-de-andreis-chapter-01\/#primaryimage\"},\"thumbnailUrl\":\"https:\/\/i0.wp.com\/vincentians.com\/en\/wp-content\/uploads\/sites\/2\/2016\/07\/felix-de-andreis.jpg?fit=1200%2C630\",\"datePublished\":\"2013-03-07T05:05:42+00:00\",\"dateModified\":\"2016-07-10T06:11:20+00:00\",\"breadcrumb\":{\"@id\":\"https:\/\/vincentians.com\/en\/life-of-felix-de-andreis-chapter-01\/#breadcrumb\"},\"inLanguage\":\"en-US\",\"potentialAction\":[{\"@type\":\"ReadAction\",\"target\":[\"https:\/\/vincentians.com\/en\/life-of-felix-de-andreis-chapter-01\/\"]}]},{\"@type\":\"ImageObject\",\"inLanguage\":\"en-US\",\"@id\":\"https:\/\/vincentians.com\/en\/life-of-felix-de-andreis-chapter-01\/#primaryimage\",\"url\":\"https:\/\/i0.wp.com\/vincentians.com\/en\/wp-content\/uploads\/sites\/2\/2016\/07\/felix-de-andreis.jpg?fit=1200%2C630\",\"contentUrl\":\"https:\/\/i0.wp.com\/vincentians.com\/en\/wp-content\/uploads\/sites\/2\/2016\/07\/felix-de-andreis.jpg?fit=1200%2C630\",\"width\":1200,\"height\":630},{\"@type\":\"BreadcrumbList\",\"@id\":\"https:\/\/vincentians.com\/en\/life-of-felix-de-andreis-chapter-01\/#breadcrumb\",\"itemListElement\":[{\"@type\":\"ListItem\",\"position\":1,\"name\":\"Portada\",\"item\":\"https:\/\/vincentians.com\/en\/\"},{\"@type\":\"ListItem\",\"position\":2,\"name\":\"Life of Felix de Andreis. Chapter 01\"}]},{\"@type\":\"WebSite\",\"@id\":\"https:\/\/vincentians.com\/en\/#website\",\"url\":\"https:\/\/vincentians.com\/en\/\",\"name\":\"We are Vincentians\",\"description\":\"Know more to serve more\",\"publisher\":{\"@id\":\"https:\/\/vincentians.com\/en\/#organization\"},\"potentialAction\":[{\"@type\":\"SearchAction\",\"target\":{\"@type\":\"EntryPoint\",\"urlTemplate\":\"https:\/\/vincentians.com\/en\/?s={search_term_string}\"},\"query-input\":{\"@type\":\"PropertyValueSpecification\",\"valueRequired\":true,\"valueName\":\"search_term_string\"}}],\"inLanguage\":\"en-US\"},{\"@type\":\"Organization\",\"@id\":\"https:\/\/vincentians.com\/en\/#organization\",\"name\":\"The Vincentian Network\",\"url\":\"https:\/\/vincentians.com\/en\/\",\"logo\":{\"@type\":\"ImageObject\",\"inLanguage\":\"en-US\",\"@id\":\"https:\/\/vincentians.com\/en\/#\/schema\/logo\/image\/\",\"url\":\"https:\/\/i1.wp.com\/vincentians.com\/en\/wp-content\/uploads\/sites\/2\/2016\/06\/Vincentian-Network-logo-big.png?fit=778%2C778&ssl=1\",\"contentUrl\":\"https:\/\/i1.wp.com\/vincentians.com\/en\/wp-content\/uploads\/sites\/2\/2016\/06\/Vincentian-Network-logo-big.png?fit=778%2C778&ssl=1\",\"width\":778,\"height\":778,\"caption\":\"The Vincentian Network\"},\"image\":{\"@id\":\"https:\/\/vincentians.com\/en\/#\/schema\/logo\/image\/\"},\"sameAs\":[\"https:\/\/www.facebook.com\/WeAreVincentians\/\",\"https:\/\/x.com\/WeVincentians\"]},{\"@type\":\"Person\",\"@id\":\"https:\/\/vincentians.com\/en\/#\/schema\/person\/9623ef4d9aa3b2dfb8c061f1499288f2\",\"name\":\"Francisco Javier Fern\u00e1ndez Chento\",\"image\":{\"@type\":\"ImageObject\",\"inLanguage\":\"en-US\",\"@id\":\"https:\/\/vincentians.com\/en\/#\/schema\/person\/image\/\",\"url\":\"https:\/\/secure.gravatar.com\/avatar\/497d5cde87b4c3d097d0315953521681ba2cd523ee66e5077c3711f7021e65de?s=96&d=mm&r=g\",\"contentUrl\":\"https:\/\/secure.gravatar.com\/avatar\/497d5cde87b4c3d097d0315953521681ba2cd523ee66e5077c3711f7021e65de?s=96&d=mm&r=g\",\"caption\":\"Francisco Javier Fern\u00e1ndez Chento\"},\"description\":\"Director General y cofundador de La Red de Formaci\u00f3n Vicenciana. Javier es laico vicenciano, afiliado a la Congregaci\u00f3n de la Misi\u00f3n y miembro del Equipo de Misiones Populares de la provincia can\u00f3nica de Zaragoza (Espa\u00f1a) de la Congregaci\u00f3n de la Misi\u00f3n. Graduado en la Universidad Oberta de Catalunya con cuatro grados (Asistente de direcci\u00f3n, Gesti\u00f3n Administrativa, Recursos Humanos y Contabilidad Avanzada). Bil\u00edng\u00fce Espa\u00f1ol\/Ingl\u00e9s. gestiona y mantiene varias p\u00e1ginas web cristianas y vicencianas, incluida including La Red de Formaci\u00f3n Vicenciana, de la que es cofundador. Actualmente es responsable del \u00e1rea de Espa\u00f1ol de .famvin, la Red de Noticias de la Familia Vicenciana. Tambi\u00e9n es m\u00fasico cat\u00f3lico y ha editado varios discos. Es Director General y cofundador de Trovador, una reconocida compa\u00f1\u00eda discogr\u00e1fica critiana de Espa\u00f1a. Trabaja en las Tecnolog\u00edas de la Informaci\u00f3n, ofreciendo servicios de alojamiento, dise\u00f1o y mantenimiento Web, as\u00ed como asesoramiento, formaci\u00f3n y soluciones inform\u00e1ticas, gesti\u00f3n documental y digitalizaci\u00f3n de textos, edici\u00f3n y maquetaci\u00f3n de libros, revistas, flyers, etc.\",\"sameAs\":[\"http:\/\/chento.org\",\"https:\/\/www.facebook.com\/JavierChento\",\"https:\/\/x.com\/https:\/\/twitter.com\/javierchento\"],\"url\":\"http:\/\/vincentians.com\/en\/author\/chento\/\"}]}<\/script>\n<!-- \/ Yoast SEO plugin. -->","yoast_head_json":{"title":"Life of Felix de Andreis. Chapter 01 - We are Vincentians","robots":{"index":"index","follow":"follow","max-snippet":"max-snippet:-1","max-image-preview":"max-image-preview:large","max-video-preview":"max-video-preview:-1"},"canonical":"https:\/\/vincentians.com\/en\/life-of-felix-de-andreis-chapter-01\/","og_locale":"en_US","og_type":"article","og_title":"Life of Felix de Andreis. Chapter 01 - We are Vincentians","og_description":"THE Very Rev. Felix De Andreis was born of respectable and pious parents, on December i3th, 1778, at Demonte, a con\u00adsiderable hamlet in the present diocese, and former province, of Cuneo, Piedmont. We have not ... Read More","og_url":"https:\/\/vincentians.com\/en\/life-of-felix-de-andreis-chapter-01\/","og_site_name":"We are Vincentians","article_publisher":"https:\/\/www.facebook.com\/WeAreVincentians\/","article_author":"https:\/\/www.facebook.com\/JavierChento","article_published_time":"2013-03-07T05:05:42+00:00","article_modified_time":"2016-07-10T06:11:20+00:00","og_image":[{"width":1200,"height":630,"url":"https:\/\/i0.wp.com\/vincentians.com\/en\/wp-content\/uploads\/sites\/2\/2016\/07\/felix-de-andreis.jpg?fit=1200%2C630&ssl=1","type":"image\/jpeg"}],"author":"Francisco Javier Fern\u00e1ndez Chento","twitter_card":"summary_large_image","twitter_creator":"@https:\/\/twitter.com\/javierchento","twitter_site":"@WeVincentians","twitter_misc":{"Written by":"Francisco Javier Fern\u00e1ndez Chento","Est. reading time":"17 minutes"},"schema":{"@context":"https:\/\/schema.org","@graph":[{"@type":"Article","@id":"https:\/\/vincentians.com\/en\/life-of-felix-de-andreis-chapter-01\/#article","isPartOf":{"@id":"https:\/\/vincentians.com\/en\/life-of-felix-de-andreis-chapter-01\/"},"author":{"name":"Francisco Javier Fern\u00e1ndez Chento","@id":"https:\/\/vincentians.com\/en\/#\/schema\/person\/9623ef4d9aa3b2dfb8c061f1499288f2"},"headline":"Life of Felix de Andreis. Chapter 01","datePublished":"2013-03-07T05:05:42+00:00","dateModified":"2016-07-10T06:11:20+00:00","mainEntityOfPage":{"@id":"https:\/\/vincentians.com\/en\/life-of-felix-de-andreis-chapter-01\/"},"wordCount":3505,"commentCount":0,"publisher":{"@id":"https:\/\/vincentians.com\/en\/#organization"},"image":{"@id":"https:\/\/vincentians.com\/en\/life-of-felix-de-andreis-chapter-01\/#primaryimage"},"thumbnailUrl":"https:\/\/i0.wp.com\/vincentians.com\/en\/wp-content\/uploads\/sites\/2\/2016\/07\/felix-de-andreis.jpg?fit=1200%2C630","articleSection":["Felix de Andreis"],"inLanguage":"en-US","potentialAction":[{"@type":"CommentAction","name":"Comment","target":["https:\/\/vincentians.com\/en\/life-of-felix-de-andreis-chapter-01\/#respond"]}]},{"@type":"WebPage","@id":"https:\/\/vincentians.com\/en\/life-of-felix-de-andreis-chapter-01\/","url":"https:\/\/vincentians.com\/en\/life-of-felix-de-andreis-chapter-01\/","name":"Life of Felix de Andreis. Chapter 01 - We are Vincentians","isPartOf":{"@id":"https:\/\/vincentians.com\/en\/#website"},"primaryImageOfPage":{"@id":"https:\/\/vincentians.com\/en\/life-of-felix-de-andreis-chapter-01\/#primaryimage"},"image":{"@id":"https:\/\/vincentians.com\/en\/life-of-felix-de-andreis-chapter-01\/#primaryimage"},"thumbnailUrl":"https:\/\/i0.wp.com\/vincentians.com\/en\/wp-content\/uploads\/sites\/2\/2016\/07\/felix-de-andreis.jpg?fit=1200%2C630","datePublished":"2013-03-07T05:05:42+00:00","dateModified":"2016-07-10T06:11:20+00:00","breadcrumb":{"@id":"https:\/\/vincentians.com\/en\/life-of-felix-de-andreis-chapter-01\/#breadcrumb"},"inLanguage":"en-US","potentialAction":[{"@type":"ReadAction","target":["https:\/\/vincentians.com\/en\/life-of-felix-de-andreis-chapter-01\/"]}]},{"@type":"ImageObject","inLanguage":"en-US","@id":"https:\/\/vincentians.com\/en\/life-of-felix-de-andreis-chapter-01\/#primaryimage","url":"https:\/\/i0.wp.com\/vincentians.com\/en\/wp-content\/uploads\/sites\/2\/2016\/07\/felix-de-andreis.jpg?fit=1200%2C630","contentUrl":"https:\/\/i0.wp.com\/vincentians.com\/en\/wp-content\/uploads\/sites\/2\/2016\/07\/felix-de-andreis.jpg?fit=1200%2C630","width":1200,"height":630},{"@type":"BreadcrumbList","@id":"https:\/\/vincentians.com\/en\/life-of-felix-de-andreis-chapter-01\/#breadcrumb","itemListElement":[{"@type":"ListItem","position":1,"name":"Portada","item":"https:\/\/vincentians.com\/en\/"},{"@type":"ListItem","position":2,"name":"Life of Felix de Andreis. Chapter 01"}]},{"@type":"WebSite","@id":"https:\/\/vincentians.com\/en\/#website","url":"https:\/\/vincentians.com\/en\/","name":"We are Vincentians","description":"Know more to serve more","publisher":{"@id":"https:\/\/vincentians.com\/en\/#organization"},"potentialAction":[{"@type":"SearchAction","target":{"@type":"EntryPoint","urlTemplate":"https:\/\/vincentians.com\/en\/?s={search_term_string}"},"query-input":{"@type":"PropertyValueSpecification","valueRequired":true,"valueName":"search_term_string"}}],"inLanguage":"en-US"},{"@type":"Organization","@id":"https:\/\/vincentians.com\/en\/#organization","name":"The Vincentian Network","url":"https:\/\/vincentians.com\/en\/","logo":{"@type":"ImageObject","inLanguage":"en-US","@id":"https:\/\/vincentians.com\/en\/#\/schema\/logo\/image\/","url":"https:\/\/i1.wp.com\/vincentians.com\/en\/wp-content\/uploads\/sites\/2\/2016\/06\/Vincentian-Network-logo-big.png?fit=778%2C778&ssl=1","contentUrl":"https:\/\/i1.wp.com\/vincentians.com\/en\/wp-content\/uploads\/sites\/2\/2016\/06\/Vincentian-Network-logo-big.png?fit=778%2C778&ssl=1","width":778,"height":778,"caption":"The Vincentian Network"},"image":{"@id":"https:\/\/vincentians.com\/en\/#\/schema\/logo\/image\/"},"sameAs":["https:\/\/www.facebook.com\/WeAreVincentians\/","https:\/\/x.com\/WeVincentians"]},{"@type":"Person","@id":"https:\/\/vincentians.com\/en\/#\/schema\/person\/9623ef4d9aa3b2dfb8c061f1499288f2","name":"Francisco Javier Fern\u00e1ndez Chento","image":{"@type":"ImageObject","inLanguage":"en-US","@id":"https:\/\/vincentians.com\/en\/#\/schema\/person\/image\/","url":"https:\/\/secure.gravatar.com\/avatar\/497d5cde87b4c3d097d0315953521681ba2cd523ee66e5077c3711f7021e65de?s=96&d=mm&r=g","contentUrl":"https:\/\/secure.gravatar.com\/avatar\/497d5cde87b4c3d097d0315953521681ba2cd523ee66e5077c3711f7021e65de?s=96&d=mm&r=g","caption":"Francisco Javier Fern\u00e1ndez Chento"},"description":"Director General y cofundador de La Red de Formaci\u00f3n Vicenciana. Javier es laico vicenciano, afiliado a la Congregaci\u00f3n de la Misi\u00f3n y miembro del Equipo de Misiones Populares de la provincia can\u00f3nica de Zaragoza (Espa\u00f1a) de la Congregaci\u00f3n de la Misi\u00f3n. Graduado en la Universidad Oberta de Catalunya con cuatro grados (Asistente de direcci\u00f3n, Gesti\u00f3n Administrativa, Recursos Humanos y Contabilidad Avanzada). Bil\u00edng\u00fce Espa\u00f1ol\/Ingl\u00e9s. gestiona y mantiene varias p\u00e1ginas web cristianas y vicencianas, incluida including La Red de Formaci\u00f3n Vicenciana, de la que es cofundador. Actualmente es responsable del \u00e1rea de Espa\u00f1ol de .famvin, la Red de Noticias de la Familia Vicenciana. Tambi\u00e9n es m\u00fasico cat\u00f3lico y ha editado varios discos. Es Director General y cofundador de Trovador, una reconocida compa\u00f1\u00eda discogr\u00e1fica critiana de Espa\u00f1a. Trabaja en las Tecnolog\u00edas de la Informaci\u00f3n, ofreciendo servicios de alojamiento, dise\u00f1o y mantenimiento Web, as\u00ed como asesoramiento, formaci\u00f3n y soluciones inform\u00e1ticas, gesti\u00f3n documental y digitalizaci\u00f3n de textos, edici\u00f3n y maquetaci\u00f3n de libros, revistas, flyers, etc.","sameAs":["http:\/\/chento.org","https:\/\/www.facebook.com\/JavierChento","https:\/\/x.com\/https:\/\/twitter.com\/javierchento"],"url":"http:\/\/vincentians.com\/en\/author\/chento\/"}]}},"jetpack_publicize_connections":[],"jetpack_featured_media_url":"https:\/\/i0.wp.com\/vincentians.com\/en\/wp-content\/uploads\/sites\/2\/2016\/07\/felix-de-andreis.jpg?fit=1200%2C630","jetpack_sharing_enabled":true,"jetpack_shortlink":"https:\/\/wp.me\/p7K2Ow-bue","jetpack-related-posts":[{"id":104373,"url":"http:\/\/vincentians.com\/en\/andreis-letter-001-to-felix-andreis-c-m\/","url_meta":{"origin":44158,"position":0},"title":"Andreis, Letter 001. To Felix de Andreis, C.M.","author":"Francisco Javier Fern\u00e1ndez Chento","date":"July 21, 2016","format":false,"excerpt":"(Between 1801 and 1803) Be prepared to leave for the mission you desire so much. You are destined for China, and you and your companions will be able to see in these circumstances the designs of divine providence. To accomplish its purposes it makes use of truly unforeseen means. (Francois\u2026","rel":"","context":"In &quot;Writings of Felix de Andreis&quot;","block_context":{"text":"Writings of Felix de Andreis","link":"http:\/\/vincentians.com\/en\/category\/writings\/writings-of-felix-de-andreis\/"},"img":{"alt_text":"","src":"https:\/\/i0.wp.com\/vincentians.com\/en\/wp-content\/uploads\/sites\/2\/2016\/06\/Writings-of-Felix-de-Andreis.jpg?fit=1200%2C630&resize=350%2C200","width":350,"height":200,"srcset":"https:\/\/i0.wp.com\/vincentians.com\/en\/wp-content\/uploads\/sites\/2\/2016\/06\/Writings-of-Felix-de-Andreis.jpg?fit=1200%2C630&resize=350%2C200 1x, https:\/\/i0.wp.com\/vincentians.com\/en\/wp-content\/uploads\/sites\/2\/2016\/06\/Writings-of-Felix-de-Andreis.jpg?fit=1200%2C630&resize=525%2C300 1.5x, https:\/\/i0.wp.com\/vincentians.com\/en\/wp-content\/uploads\/sites\/2\/2016\/06\/Writings-of-Felix-de-Andreis.jpg?fit=1200%2C630&resize=700%2C400 2x, https:\/\/i0.wp.com\/vincentians.com\/en\/wp-content\/uploads\/sites\/2\/2016\/06\/Writings-of-Felix-de-Andreis.jpg?fit=1200%2C630&resize=1050%2C600 3x"},"classes":[]},{"id":44054,"url":"http:\/\/vincentians.com\/en\/life-of-felix-andreis-chapter-00-introduction\/","url_meta":{"origin":44158,"position":1},"title":"Life of Felix de Andreis. Chapter 00 \u2014 Introduction","author":"Francisco Javier Fern\u00e1ndez Chento","date":"March 4, 2013","format":false,"excerpt":"TO the Right Rev. JOSEPH ROSATI, first bishop of St. Louis, we are principally indebted for the following life of his vener\u00adated Superior, the Very Rev. Felix De An\u00addreis, C. M. And no one else was as well qualified as Bishop Rosati, to describe the life and heroic virtues of\u2026","rel":"","context":"In &quot;Felix de Andreis&quot;","block_context":{"text":"Felix de Andreis","link":"http:\/\/vincentians.com\/en\/category\/the-vincentian-family\/the-vincentian-family-in-heaven\/venerable-and-servant-of-god\/felix-de-andreis\/"},"img":{"alt_text":"","src":"https:\/\/i0.wp.com\/vincentians.com\/en\/wp-content\/uploads\/sites\/2\/2016\/07\/felix-de-andreis.jpg?fit=1200%2C630&resize=350%2C200","width":350,"height":200,"srcset":"https:\/\/i0.wp.com\/vincentians.com\/en\/wp-content\/uploads\/sites\/2\/2016\/07\/felix-de-andreis.jpg?fit=1200%2C630&resize=350%2C200 1x, https:\/\/i0.wp.com\/vincentians.com\/en\/wp-content\/uploads\/sites\/2\/2016\/07\/felix-de-andreis.jpg?fit=1200%2C630&resize=525%2C300 1.5x, https:\/\/i0.wp.com\/vincentians.com\/en\/wp-content\/uploads\/sites\/2\/2016\/07\/felix-de-andreis.jpg?fit=1200%2C630&resize=700%2C400 2x, https:\/\/i0.wp.com\/vincentians.com\/en\/wp-content\/uploads\/sites\/2\/2016\/07\/felix-de-andreis.jpg?fit=1200%2C630&resize=1050%2C600 3x"},"classes":[]},{"id":105479,"url":"http:\/\/vincentians.com\/en\/ephemerides-december-13\/","url_meta":{"origin":44158,"position":2},"title":"Ephemerides: December, 13","author":"Francisco Javier Fern\u00e1ndez Chento","date":"December 13, 2016","format":false,"excerpt":"1778 In 1778, Felix de Andreis, an untiring missioner in the United States, is born in Demonte, a small town in Piamonte, Italy.","rel":"","context":"In &quot;Vincentian ephemerides&quot;","block_context":{"text":"Vincentian ephemerides","link":"http:\/\/vincentians.com\/en\/category\/history-of-the-vincentian-family\/vincentian-ephemerides\/"},"img":{"alt_text":"","src":"https:\/\/i0.wp.com\/vincentians.com\/en\/wp-content\/uploads\/sites\/2\/2016\/07\/ephemerides-fb.jpg?fit=1200%2C630&resize=350%2C200","width":350,"height":200,"srcset":"https:\/\/i0.wp.com\/vincentians.com\/en\/wp-content\/uploads\/sites\/2\/2016\/07\/ephemerides-fb.jpg?fit=1200%2C630&resize=350%2C200 1x, https:\/\/i0.wp.com\/vincentians.com\/en\/wp-content\/uploads\/sites\/2\/2016\/07\/ephemerides-fb.jpg?fit=1200%2C630&resize=525%2C300 1.5x, https:\/\/i0.wp.com\/vincentians.com\/en\/wp-content\/uploads\/sites\/2\/2016\/07\/ephemerides-fb.jpg?fit=1200%2C630&resize=700%2C400 2x, https:\/\/i0.wp.com\/vincentians.com\/en\/wp-content\/uploads\/sites\/2\/2016\/07\/ephemerides-fb.jpg?fit=1200%2C630&resize=1050%2C600 3x"},"classes":[]},{"id":104938,"url":"http:\/\/vincentians.com\/en\/ephemerides-november-19\/","url_meta":{"origin":44158,"position":3},"title":"Ephemerides: November, 19","author":"Francisco Javier Fern\u00e1ndez Chento","date":"November 19, 2016","format":false,"excerpt":"1929 In 1929, Sister Raymond tells of the importance of having baptized 35 catechumens in Jen-tse-tang but of greater importance was the inauguration of the Teaching School in the vicinity of the University which had been abandoned by the Dominicans. Of the first 7 graduates, 5 entered the DCs. 1930\u2026","rel":"","context":"In &quot;Vincentian ephemerides&quot;","block_context":{"text":"Vincentian ephemerides","link":"http:\/\/vincentians.com\/en\/category\/history-of-the-vincentian-family\/vincentian-ephemerides\/"},"img":{"alt_text":"","src":"https:\/\/i0.wp.com\/vincentians.com\/en\/wp-content\/uploads\/sites\/2\/2016\/07\/ephemerides-fb.jpg?fit=1200%2C630&resize=350%2C200","width":350,"height":200,"srcset":"https:\/\/i0.wp.com\/vincentians.com\/en\/wp-content\/uploads\/sites\/2\/2016\/07\/ephemerides-fb.jpg?fit=1200%2C630&resize=350%2C200 1x, https:\/\/i0.wp.com\/vincentians.com\/en\/wp-content\/uploads\/sites\/2\/2016\/07\/ephemerides-fb.jpg?fit=1200%2C630&resize=525%2C300 1.5x, https:\/\/i0.wp.com\/vincentians.com\/en\/wp-content\/uploads\/sites\/2\/2016\/07\/ephemerides-fb.jpg?fit=1200%2C630&resize=700%2C400 2x, https:\/\/i0.wp.com\/vincentians.com\/en\/wp-content\/uploads\/sites\/2\/2016\/07\/ephemerides-fb.jpg?fit=1200%2C630&resize=1050%2C600 3x"},"classes":[]},{"id":104386,"url":"http:\/\/vincentians.com\/en\/andreis-letter-004-to-vincenzo-andreis\/","url_meta":{"origin":44158,"position":4},"title":"Andreis, Letter 004. To Vincenzo De Andreis","author":"Francisco Javier Fern\u00e1ndez Chento","date":"August 11, 2016","format":false,"excerpt":"Rome 6 July 1814 My dearest brother, Last evening I received your fine letter with the enclosed bill of exchange, for which I thank you. Please relay my deepest thanks to our father. I already assumed that our father would receive back from the restored government his former office from\u2026","rel":"","context":"In &quot;Writings of Felix de Andreis&quot;","block_context":{"text":"Writings of Felix de Andreis","link":"http:\/\/vincentians.com\/en\/category\/writings\/writings-of-felix-de-andreis\/"},"img":{"alt_text":"","src":"https:\/\/i0.wp.com\/vincentians.com\/en\/wp-content\/uploads\/sites\/2\/2016\/06\/Writings-of-Felix-de-Andreis.jpg?fit=1200%2C630&resize=350%2C200","width":350,"height":200,"srcset":"https:\/\/i0.wp.com\/vincentians.com\/en\/wp-content\/uploads\/sites\/2\/2016\/06\/Writings-of-Felix-de-Andreis.jpg?fit=1200%2C630&resize=350%2C200 1x, https:\/\/i0.wp.com\/vincentians.com\/en\/wp-content\/uploads\/sites\/2\/2016\/06\/Writings-of-Felix-de-Andreis.jpg?fit=1200%2C630&resize=525%2C300 1.5x, https:\/\/i0.wp.com\/vincentians.com\/en\/wp-content\/uploads\/sites\/2\/2016\/06\/Writings-of-Felix-de-Andreis.jpg?fit=1200%2C630&resize=700%2C400 2x, https:\/\/i0.wp.com\/vincentians.com\/en\/wp-content\/uploads\/sites\/2\/2016\/06\/Writings-of-Felix-de-Andreis.jpg?fit=1200%2C630&resize=1050%2C600 3x"},"classes":[]},{"id":104389,"url":"http:\/\/vincentians.com\/en\/andreis-letter-005-to-vincenzo-andreis\/","url_meta":{"origin":44158,"position":5},"title":"Andreis, Letter 005. To Vincenzo De Andreis","author":"Francisco Javier Fern\u00e1ndez Chento","date":"August 18, 2016","format":false,"excerpt":"Rome 15 May 1815 My dear brother, So that you might have no further reason to complain of my epistolary silence, I now feel inspired to satisfy this duty since I have a bit of free time. Also the news I received from you just yesterday moved me to write.\u2026","rel":"","context":"In &quot;Writings of Felix de Andreis&quot;","block_context":{"text":"Writings of Felix de Andreis","link":"http:\/\/vincentians.com\/en\/category\/writings\/writings-of-felix-de-andreis\/"},"img":{"alt_text":"","src":"https:\/\/i0.wp.com\/vincentians.com\/en\/wp-content\/uploads\/sites\/2\/2016\/06\/Writings-of-Felix-de-Andreis.jpg?fit=1200%2C630&resize=350%2C200","width":350,"height":200,"srcset":"https:\/\/i0.wp.com\/vincentians.com\/en\/wp-content\/uploads\/sites\/2\/2016\/06\/Writings-of-Felix-de-Andreis.jpg?fit=1200%2C630&resize=350%2C200 1x, https:\/\/i0.wp.com\/vincentians.com\/en\/wp-content\/uploads\/sites\/2\/2016\/06\/Writings-of-Felix-de-Andreis.jpg?fit=1200%2C630&resize=525%2C300 1.5x, https:\/\/i0.wp.com\/vincentians.com\/en\/wp-content\/uploads\/sites\/2\/2016\/06\/Writings-of-Felix-de-Andreis.jpg?fit=1200%2C630&resize=700%2C400 2x, https:\/\/i0.wp.com\/vincentians.com\/en\/wp-content\/uploads\/sites\/2\/2016\/06\/Writings-of-Felix-de-Andreis.jpg?fit=1200%2C630&resize=1050%2C600 3x"},"classes":[]}],"_links":{"self":[{"href":"http:\/\/vincentians.com\/en\/wp-json\/wp\/v2\/posts\/44158","targetHints":{"allow":["GET"]}}],"collection":[{"href":"http:\/\/vincentians.com\/en\/wp-json\/wp\/v2\/posts"}],"about":[{"href":"http:\/\/vincentians.com\/en\/wp-json\/wp\/v2\/types\/post"}],"author":[{"embeddable":true,"href":"http:\/\/vincentians.com\/en\/wp-json\/wp\/v2\/users\/4"}],"replies":[{"embeddable":true,"href":"http:\/\/vincentians.com\/en\/wp-json\/wp\/v2\/comments?post=44158"}],"version-history":[{"count":0,"href":"http:\/\/vincentians.com\/en\/wp-json\/wp\/v2\/posts\/44158\/revisions"}],"wp:featuredmedia":[{"embeddable":true,"href":"http:\/\/vincentians.com\/en\/wp-json\/wp\/v2\/media\/150099"}],"wp:attachment":[{"href":"http:\/\/vincentians.com\/en\/wp-json\/wp\/v2\/media?parent=44158"}],"wp:term":[{"taxonomy":"category","embeddable":true,"href":"http:\/\/vincentians.com\/en\/wp-json\/wp\/v2\/categories?post=44158"},{"taxonomy":"post_tag","embeddable":true,"href":"http:\/\/vincentians.com\/en\/wp-json\/wp\/v2\/tags?post=44158"}],"curies":[{"name":"wp","href":"https:\/\/api.w.org\/{rel}","templated":true}]}}