{"id":37783,"date":"2016-08-08T18:00:45","date_gmt":"2016-08-08T16:00:45","guid":{"rendered":"http:\/\/somos.vicencianos.org\/?p=37783"},"modified":"2016-08-02T06:18:06","modified_gmt":"2016-08-02T04:18:06","slug":"life-of-saint-louise-de-marillac-1-a-stormy-childhood","status":"publish","type":"post","link":"http:\/\/vincentians.com\/en\/life-of-saint-louise-de-marillac-1-a-stormy-childhood\/","title":{"rendered":"Life Of Saint Louise De Marillac. 1: A stormy childhood"},"content":{"rendered":"<h2><strong>Introduction:<\/strong><\/h2>\n<p>History speaks admirably about the great saint of charity. His prominence and importance has endured to the present century. Do we not say that those who incarnate the virtue of charity in the midst of the forgotten members of society and in the midst of those who die alone \u2026 do we not say that those individuals are a modern embodiment of Vincent de Paul.<\/p>\n<p>Why is it that history seems to ignore the humble and discreet collaborator of Saint Vincent de Paul? Is it because this collaborator is a woman? Is it that she was the niece of Michele de Marillac who was the Keeper of the Seals in Richelieu\u2019s cabinet and who attempted to overthrow the established order which resulted in the \u201cDay of the Dupes? Is it that she was an illegitimate child? For a rather extended period of time the Church held such children in contempt, visible signs of their parents\u2019 sin. Louise was not canonized until the twentieth century, almost three hundred years after she had died.<\/p>\n<p>Yet without Louise would the Daughters of Charity (frequently referred to as the Sisters of Saint Vincent de Paul) have come into existence? Without Louise would the abandoned children have experienced love or received an education? would the galley slaves and the infirm have experienced the compassionate hands that assisted them during their difficult times? Without Louise would Vincent de Paul have become the popular saint that he is?<\/p>\n<p>Louise de Marillac was born on August 12, 1591. For thirty-five years she would remain at Vincent\u2019s side, sharing the same love for God and for the poor. On March 15, 1660 Louise died, a few months before the death of the humble peasant from Landes.<\/p>\n<h2><strong>1] A stormy childhood<\/strong><\/h2>\n<p>In our modern society Louise de Marillac would be one of those countless children classified as \u201csocial cases\u201d. Multiple problematic situations marked her personality. She did not know her mother. In 1595 her father, a very unpredictable man, married for a second time. He took as his wife a widow who was a mother of three children. This relationship, however, deteriorated very quickly.<\/p>\n<p>At the age of 12 Louise is an orphan. Louis de Marillac, her father, died on July 25, 1604. Her uncle, Michele, became her guardian but the de Marillac family wanted nothing to do with this child who, as an illegitimate child, had no legal claims on the family. The absence of a mother, lacking a home and brothers and sisters \u2026 all of these realities left a profound impression on the sensitivities of this child.<\/p>\n<p>Louise did not live with her father but was placed in the royal convent of Poissy. There she received the affection of her great-aunt, Mother Louise de Marillac, a Dominican Sister and a very human woman. She liked to share with Louise her love of culture and painting. With the other children who were members of prominent families in France Louise enjoyed the religious fervor which was very prominent in the monastery.<\/p>\n<p>At the age of twelve Louise was removed from Poissy and sent to a modest <em>pension <\/em>(boarding house) that was run by <em>a poor woman. <\/em> Historians have inquired about the reasons behind this change. Louise did not speak about this event even though at different times she recalled to the Sisters her stay at the modest boarding house. Did the financial situation of her father cause this change? In 1602 Louise\u2019s father was having problems with his wife who had squandered his possessions. Now that her father had died, did her guardian refuse to pay the costs of maintaining her at the convent in Poissy. At the time of his second marriage Louis de Marillac granted his daughter an income for the rest of her life. The eighty-three escudos that had to be paid every four months seemed to be more suited to the life in the modest boarding house. There Louise was initiated in the household chores that a mother normally teaches her daughter.<\/p>\n<p>How did this young woman react to these setbacks? Words that Louise wrote years later lead us to believe that she was perplexed and perhaps even rebellious as a result of so much suffering: <em>God \u2026 led me to understand that it was his holy will that I go to him by way of the cross. His goodness chose to mark me with it from my birth and he has hardly every left me, at any age, without some occasion of suffering. Since grace had many times enabled me to esteem and desire this state, I trust that his goodness would, again today, grant me a new grace to carry out his holy will. I begged him, with all my heart, to place me in this state no matter how painful I found it <\/em>(SWLM:711 [A.29]).<\/p>\n<p>The dawning of the seventeenth century was marked by the renewal that stemmed from the Council of Trent. Religious life flourished in France. The Company of Jesus was restored in 1603. The following year the Capuchins established a house in Saint-Honor\u00e9. Louise saw these women walking barefooted in a procession that was led by the Archbishop of Paris through the streets of Paris. As a young woman Louise felt attracted by their cloistered life of austerity and prayer. At different times Louise visited their monastery: <em>I was filled with joy at seeing the walls of the monastery <\/em>(Translator\u2019s Note: Unable to find the reference that is cited as: Document 923). She was initiated in the practice of prayer and curing certain fasts would eat roots (Translator\u2019s Note: Unable to find the reference that is cited as: Document 947). In a moment of fervor Louise promised God that she would enter the Capuchin Order. At that time, however, it was understood that parents decided the future of their children and a young woman could not decide anything by herself. Therefore with the help of her tutor\/guardian she initiated a process to enter the Capuchins. Michel de Marillac, surprised by the request of his niece, sent Louise to see the provincial of the Capuchins, Father Honor\u00e9 de Champigny. The negative response of the Provincial deeply wounded Louise. Was it really her fragile health that prevented her from becoming a Capuchin? Was she unable to live the rigorous lifestyle of these Sisters? Was this negative response due to the fact that the de Marillac family was unwilling to pay the dowry that was necessary in order to enter this religious order? The provincial, in an attempt to comfort Louise, told her: <em>I believe that God has other plans for you. <\/em>These words seemed to give some encouragement to Louise and yet for many years Louise was restless and impatient in her search for her vocation.<\/p>\n<p>The de Marillac family was concerned about marrying Louise. One of her uncles, Octavien d\u2019Attichy, superintendent of finances, proposed she marry Antoine La Gras, the secretary to the Queen Mother and Regent. Thus on February 5, 1613 in the church of Saint-Gervais, Antoine La Gras and Louise de Marillac were married. Since Louise married a simple gentlemen (not one who was a noble) she was not called Madame but rather Mademoiselle, like the other women of the bourgeois class. Now the family could rest comfortably since they had arranged the marriage of Louise and thus secured her future.<\/p>\n","protected":false},"excerpt":{"rendered":"<p>Introduction: History speaks admirably about the great saint of charity. His prominence and importance has endured to the present century. Do we not say that those who incarnate the virtue of charity in the midst &#8230; <a href=\"http:\/\/vincentians.com\/en\/life-of-saint-louise-de-marillac-1-a-stormy-childhood\/\" class=\"more-link\">Read More<\/a><\/p>\n","protected":false},"author":4,"featured_media":149292,"comment_status":"open","ping_status":"open","sticky":false,"template":"","format":"standard","meta":{"jetpack_post_was_ever_published":false,"_jetpack_newsletter_access":"","_jetpack_dont_email_post_to_subs":false,"_jetpack_newsletter_tier_id":0,"_jetpack_memberships_contains_paywalled_content":false,"_jetpack_memberships_contains_paid_content":false,"footnotes":"","jetpack_publicize_message":"","jetpack_publicize_feature_enabled":true,"jetpack_social_post_already_shared":true,"jetpack_social_options":{"image_generator_settings":{"template":"highway","default_image_id":0,"font":"","enabled":false},"version":2}},"categories":[18],"tags":[],"class_list":["post-37783","post","type-post","status-publish","format-standard","has-post-thumbnail","hentry","category-louise-de-marillac"],"yoast_head":"<!-- This site is optimized with the Yoast SEO plugin v26.3 - https:\/\/yoast.com\/wordpress\/plugins\/seo\/ -->\n<title>Life Of Saint Louise De Marillac. 1: A stormy childhood - We are Vincentians<\/title>\n<meta name=\"robots\" content=\"index, follow, max-snippet:-1, max-image-preview:large, max-video-preview:-1\" \/>\n<link rel=\"canonical\" href=\"http:\/\/vincentians.com\/en\/life-of-saint-louise-de-marillac-1-a-stormy-childhood\/\" \/>\n<meta property=\"og:locale\" content=\"en_US\" \/>\n<meta property=\"og:type\" content=\"article\" \/>\n<meta property=\"og:title\" content=\"Life Of Saint Louise De Marillac. 1: A stormy childhood - We are Vincentians\" \/>\n<meta property=\"og:description\" content=\"Introduction: History speaks admirably about the great saint of charity. His prominence and importance has endured to the present century. Do we not say that those who incarnate the virtue of charity in the midst ... Read More\" \/>\n<meta property=\"og:url\" content=\"http:\/\/vincentians.com\/en\/life-of-saint-louise-de-marillac-1-a-stormy-childhood\/\" \/>\n<meta property=\"og:site_name\" content=\"We are Vincentians\" \/>\n<meta property=\"article:publisher\" content=\"https:\/\/www.facebook.com\/WeAreVincentians\/\" \/>\n<meta property=\"article:author\" content=\"https:\/\/www.facebook.com\/JavierChento\" \/>\n<meta property=\"article:published_time\" content=\"2016-08-08T16:00:45+00:00\" \/>\n<meta property=\"og:image\" content=\"https:\/\/i0.wp.com\/vincentians.com\/en\/wp-content\/uploads\/sites\/2\/2016\/07\/louise-de-marillac.jpg?fit=1200%2C630\" \/>\n\t<meta property=\"og:image:width\" content=\"1200\" \/>\n\t<meta property=\"og:image:height\" content=\"630\" \/>\n\t<meta property=\"og:image:type\" content=\"image\/jpeg\" \/>\n<meta name=\"author\" content=\"Francisco Javier Fern\u00e1ndez Chento\" \/>\n<meta name=\"twitter:card\" content=\"summary_large_image\" \/>\n<meta name=\"twitter:creator\" content=\"@https:\/\/twitter.com\/javierchento\" \/>\n<meta name=\"twitter:site\" content=\"@WeVincentians\" \/>\n<meta name=\"twitter:label1\" content=\"Written by\" \/>\n\t<meta name=\"twitter:data1\" content=\"Francisco Javier Fern\u00e1ndez Chento\" \/>\n\t<meta name=\"twitter:label2\" content=\"Est. reading time\" \/>\n\t<meta name=\"twitter:data2\" content=\"6 minutes\" \/>\n<script type=\"application\/ld+json\" class=\"yoast-schema-graph\">{\"@context\":\"https:\/\/schema.org\",\"@graph\":[{\"@type\":\"Article\",\"@id\":\"http:\/\/vincentians.com\/en\/life-of-saint-louise-de-marillac-1-a-stormy-childhood\/#article\",\"isPartOf\":{\"@id\":\"http:\/\/vincentians.com\/en\/life-of-saint-louise-de-marillac-1-a-stormy-childhood\/\"},\"author\":{\"name\":\"Francisco Javier Fern\u00e1ndez Chento\",\"@id\":\"https:\/\/vincentians.com\/en\/#\/schema\/person\/9623ef4d9aa3b2dfb8c061f1499288f2\"},\"headline\":\"Life Of Saint Louise De Marillac. 1: A stormy childhood\",\"datePublished\":\"2016-08-08T16:00:45+00:00\",\"mainEntityOfPage\":{\"@id\":\"http:\/\/vincentians.com\/en\/life-of-saint-louise-de-marillac-1-a-stormy-childhood\/\"},\"wordCount\":1222,\"commentCount\":0,\"publisher\":{\"@id\":\"https:\/\/vincentians.com\/en\/#organization\"},\"image\":{\"@id\":\"http:\/\/vincentians.com\/en\/life-of-saint-louise-de-marillac-1-a-stormy-childhood\/#primaryimage\"},\"thumbnailUrl\":\"https:\/\/i0.wp.com\/vincentians.com\/en\/wp-content\/uploads\/sites\/2\/2016\/07\/louise-de-marillac.jpg?fit=1200%2C630\",\"articleSection\":[\"Louise de Marillac\"],\"inLanguage\":\"en-US\",\"potentialAction\":[{\"@type\":\"CommentAction\",\"name\":\"Comment\",\"target\":[\"http:\/\/vincentians.com\/en\/life-of-saint-louise-de-marillac-1-a-stormy-childhood\/#respond\"]}]},{\"@type\":\"WebPage\",\"@id\":\"http:\/\/vincentians.com\/en\/life-of-saint-louise-de-marillac-1-a-stormy-childhood\/\",\"url\":\"http:\/\/vincentians.com\/en\/life-of-saint-louise-de-marillac-1-a-stormy-childhood\/\",\"name\":\"Life Of Saint Louise De Marillac. 1: A stormy childhood - We are Vincentians\",\"isPartOf\":{\"@id\":\"https:\/\/vincentians.com\/en\/#website\"},\"primaryImageOfPage\":{\"@id\":\"http:\/\/vincentians.com\/en\/life-of-saint-louise-de-marillac-1-a-stormy-childhood\/#primaryimage\"},\"image\":{\"@id\":\"http:\/\/vincentians.com\/en\/life-of-saint-louise-de-marillac-1-a-stormy-childhood\/#primaryimage\"},\"thumbnailUrl\":\"https:\/\/i0.wp.com\/vincentians.com\/en\/wp-content\/uploads\/sites\/2\/2016\/07\/louise-de-marillac.jpg?fit=1200%2C630\",\"datePublished\":\"2016-08-08T16:00:45+00:00\",\"breadcrumb\":{\"@id\":\"http:\/\/vincentians.com\/en\/life-of-saint-louise-de-marillac-1-a-stormy-childhood\/#breadcrumb\"},\"inLanguage\":\"en-US\",\"potentialAction\":[{\"@type\":\"ReadAction\",\"target\":[\"http:\/\/vincentians.com\/en\/life-of-saint-louise-de-marillac-1-a-stormy-childhood\/\"]}]},{\"@type\":\"ImageObject\",\"inLanguage\":\"en-US\",\"@id\":\"http:\/\/vincentians.com\/en\/life-of-saint-louise-de-marillac-1-a-stormy-childhood\/#primaryimage\",\"url\":\"https:\/\/i0.wp.com\/vincentians.com\/en\/wp-content\/uploads\/sites\/2\/2016\/07\/louise-de-marillac.jpg?fit=1200%2C630\",\"contentUrl\":\"https:\/\/i0.wp.com\/vincentians.com\/en\/wp-content\/uploads\/sites\/2\/2016\/07\/louise-de-marillac.jpg?fit=1200%2C630\",\"width\":1200,\"height\":630},{\"@type\":\"BreadcrumbList\",\"@id\":\"http:\/\/vincentians.com\/en\/life-of-saint-louise-de-marillac-1-a-stormy-childhood\/#breadcrumb\",\"itemListElement\":[{\"@type\":\"ListItem\",\"position\":1,\"name\":\"Portada\",\"item\":\"https:\/\/vincentians.com\/en\/\"},{\"@type\":\"ListItem\",\"position\":2,\"name\":\"Life Of Saint Louise De Marillac. 1: A stormy childhood\"}]},{\"@type\":\"WebSite\",\"@id\":\"https:\/\/vincentians.com\/en\/#website\",\"url\":\"https:\/\/vincentians.com\/en\/\",\"name\":\"We are Vincentians\",\"description\":\"Know more to serve more\",\"publisher\":{\"@id\":\"https:\/\/vincentians.com\/en\/#organization\"},\"potentialAction\":[{\"@type\":\"SearchAction\",\"target\":{\"@type\":\"EntryPoint\",\"urlTemplate\":\"https:\/\/vincentians.com\/en\/?s={search_term_string}\"},\"query-input\":{\"@type\":\"PropertyValueSpecification\",\"valueRequired\":true,\"valueName\":\"search_term_string\"}}],\"inLanguage\":\"en-US\"},{\"@type\":\"Organization\",\"@id\":\"https:\/\/vincentians.com\/en\/#organization\",\"name\":\"The Vincentian Network\",\"url\":\"https:\/\/vincentians.com\/en\/\",\"logo\":{\"@type\":\"ImageObject\",\"inLanguage\":\"en-US\",\"@id\":\"https:\/\/vincentians.com\/en\/#\/schema\/logo\/image\/\",\"url\":\"https:\/\/i1.wp.com\/vincentians.com\/en\/wp-content\/uploads\/sites\/2\/2016\/06\/Vincentian-Network-logo-big.png?fit=778%2C778&ssl=1\",\"contentUrl\":\"https:\/\/i1.wp.com\/vincentians.com\/en\/wp-content\/uploads\/sites\/2\/2016\/06\/Vincentian-Network-logo-big.png?fit=778%2C778&ssl=1\",\"width\":778,\"height\":778,\"caption\":\"The Vincentian Network\"},\"image\":{\"@id\":\"https:\/\/vincentians.com\/en\/#\/schema\/logo\/image\/\"},\"sameAs\":[\"https:\/\/www.facebook.com\/WeAreVincentians\/\",\"https:\/\/x.com\/WeVincentians\"]},{\"@type\":\"Person\",\"@id\":\"https:\/\/vincentians.com\/en\/#\/schema\/person\/9623ef4d9aa3b2dfb8c061f1499288f2\",\"name\":\"Francisco Javier Fern\u00e1ndez Chento\",\"image\":{\"@type\":\"ImageObject\",\"inLanguage\":\"en-US\",\"@id\":\"https:\/\/vincentians.com\/en\/#\/schema\/person\/image\/\",\"url\":\"https:\/\/secure.gravatar.com\/avatar\/497d5cde87b4c3d097d0315953521681ba2cd523ee66e5077c3711f7021e65de?s=96&d=mm&r=g\",\"contentUrl\":\"https:\/\/secure.gravatar.com\/avatar\/497d5cde87b4c3d097d0315953521681ba2cd523ee66e5077c3711f7021e65de?s=96&d=mm&r=g\",\"caption\":\"Francisco Javier Fern\u00e1ndez Chento\"},\"description\":\"Director General y cofundador de La Red de Formaci\u00f3n Vicenciana. Javier es laico vicenciano, afiliado a la Congregaci\u00f3n de la Misi\u00f3n y miembro del Equipo de Misiones Populares de la provincia can\u00f3nica de Zaragoza (Espa\u00f1a) de la Congregaci\u00f3n de la Misi\u00f3n. Graduado en la Universidad Oberta de Catalunya con cuatro grados (Asistente de direcci\u00f3n, Gesti\u00f3n Administrativa, Recursos Humanos y Contabilidad Avanzada). Bil\u00edng\u00fce Espa\u00f1ol\/Ingl\u00e9s. gestiona y mantiene varias p\u00e1ginas web cristianas y vicencianas, incluida including La Red de Formaci\u00f3n Vicenciana, de la que es cofundador. Actualmente es responsable del \u00e1rea de Espa\u00f1ol de .famvin, la Red de Noticias de la Familia Vicenciana. Tambi\u00e9n es m\u00fasico cat\u00f3lico y ha editado varios discos. Es Director General y cofundador de Trovador, una reconocida compa\u00f1\u00eda discogr\u00e1fica critiana de Espa\u00f1a. Trabaja en las Tecnolog\u00edas de la Informaci\u00f3n, ofreciendo servicios de alojamiento, dise\u00f1o y mantenimiento Web, as\u00ed como asesoramiento, formaci\u00f3n y soluciones inform\u00e1ticas, gesti\u00f3n documental y digitalizaci\u00f3n de textos, edici\u00f3n y maquetaci\u00f3n de libros, revistas, flyers, etc.\",\"sameAs\":[\"http:\/\/chento.org\",\"https:\/\/www.facebook.com\/JavierChento\",\"https:\/\/x.com\/https:\/\/twitter.com\/javierchento\"],\"url\":\"http:\/\/vincentians.com\/en\/author\/chento\/\"}]}<\/script>\n<!-- \/ Yoast SEO plugin. -->","yoast_head_json":{"title":"Life Of Saint Louise De Marillac. 1: A stormy childhood - We are Vincentians","robots":{"index":"index","follow":"follow","max-snippet":"max-snippet:-1","max-image-preview":"max-image-preview:large","max-video-preview":"max-video-preview:-1"},"canonical":"http:\/\/vincentians.com\/en\/life-of-saint-louise-de-marillac-1-a-stormy-childhood\/","og_locale":"en_US","og_type":"article","og_title":"Life Of Saint Louise De Marillac. 1: A stormy childhood - We are Vincentians","og_description":"Introduction: History speaks admirably about the great saint of charity. His prominence and importance has endured to the present century. Do we not say that those who incarnate the virtue of charity in the midst ... Read More","og_url":"http:\/\/vincentians.com\/en\/life-of-saint-louise-de-marillac-1-a-stormy-childhood\/","og_site_name":"We are Vincentians","article_publisher":"https:\/\/www.facebook.com\/WeAreVincentians\/","article_author":"https:\/\/www.facebook.com\/JavierChento","article_published_time":"2016-08-08T16:00:45+00:00","og_image":[{"width":1200,"height":630,"url":"https:\/\/i0.wp.com\/vincentians.com\/en\/wp-content\/uploads\/sites\/2\/2016\/07\/louise-de-marillac.jpg?fit=1200%2C630","type":"image\/jpeg"}],"author":"Francisco Javier Fern\u00e1ndez Chento","twitter_card":"summary_large_image","twitter_creator":"@https:\/\/twitter.com\/javierchento","twitter_site":"@WeVincentians","twitter_misc":{"Written by":"Francisco Javier Fern\u00e1ndez Chento","Est. reading time":"6 minutes"},"schema":{"@context":"https:\/\/schema.org","@graph":[{"@type":"Article","@id":"http:\/\/vincentians.com\/en\/life-of-saint-louise-de-marillac-1-a-stormy-childhood\/#article","isPartOf":{"@id":"http:\/\/vincentians.com\/en\/life-of-saint-louise-de-marillac-1-a-stormy-childhood\/"},"author":{"name":"Francisco Javier Fern\u00e1ndez Chento","@id":"https:\/\/vincentians.com\/en\/#\/schema\/person\/9623ef4d9aa3b2dfb8c061f1499288f2"},"headline":"Life Of Saint Louise De Marillac. 1: A stormy childhood","datePublished":"2016-08-08T16:00:45+00:00","mainEntityOfPage":{"@id":"http:\/\/vincentians.com\/en\/life-of-saint-louise-de-marillac-1-a-stormy-childhood\/"},"wordCount":1222,"commentCount":0,"publisher":{"@id":"https:\/\/vincentians.com\/en\/#organization"},"image":{"@id":"http:\/\/vincentians.com\/en\/life-of-saint-louise-de-marillac-1-a-stormy-childhood\/#primaryimage"},"thumbnailUrl":"https:\/\/i0.wp.com\/vincentians.com\/en\/wp-content\/uploads\/sites\/2\/2016\/07\/louise-de-marillac.jpg?fit=1200%2C630","articleSection":["Louise de Marillac"],"inLanguage":"en-US","potentialAction":[{"@type":"CommentAction","name":"Comment","target":["http:\/\/vincentians.com\/en\/life-of-saint-louise-de-marillac-1-a-stormy-childhood\/#respond"]}]},{"@type":"WebPage","@id":"http:\/\/vincentians.com\/en\/life-of-saint-louise-de-marillac-1-a-stormy-childhood\/","url":"http:\/\/vincentians.com\/en\/life-of-saint-louise-de-marillac-1-a-stormy-childhood\/","name":"Life Of Saint Louise De Marillac. 1: A stormy childhood - We are Vincentians","isPartOf":{"@id":"https:\/\/vincentians.com\/en\/#website"},"primaryImageOfPage":{"@id":"http:\/\/vincentians.com\/en\/life-of-saint-louise-de-marillac-1-a-stormy-childhood\/#primaryimage"},"image":{"@id":"http:\/\/vincentians.com\/en\/life-of-saint-louise-de-marillac-1-a-stormy-childhood\/#primaryimage"},"thumbnailUrl":"https:\/\/i0.wp.com\/vincentians.com\/en\/wp-content\/uploads\/sites\/2\/2016\/07\/louise-de-marillac.jpg?fit=1200%2C630","datePublished":"2016-08-08T16:00:45+00:00","breadcrumb":{"@id":"http:\/\/vincentians.com\/en\/life-of-saint-louise-de-marillac-1-a-stormy-childhood\/#breadcrumb"},"inLanguage":"en-US","potentialAction":[{"@type":"ReadAction","target":["http:\/\/vincentians.com\/en\/life-of-saint-louise-de-marillac-1-a-stormy-childhood\/"]}]},{"@type":"ImageObject","inLanguage":"en-US","@id":"http:\/\/vincentians.com\/en\/life-of-saint-louise-de-marillac-1-a-stormy-childhood\/#primaryimage","url":"https:\/\/i0.wp.com\/vincentians.com\/en\/wp-content\/uploads\/sites\/2\/2016\/07\/louise-de-marillac.jpg?fit=1200%2C630","contentUrl":"https:\/\/i0.wp.com\/vincentians.com\/en\/wp-content\/uploads\/sites\/2\/2016\/07\/louise-de-marillac.jpg?fit=1200%2C630","width":1200,"height":630},{"@type":"BreadcrumbList","@id":"http:\/\/vincentians.com\/en\/life-of-saint-louise-de-marillac-1-a-stormy-childhood\/#breadcrumb","itemListElement":[{"@type":"ListItem","position":1,"name":"Portada","item":"https:\/\/vincentians.com\/en\/"},{"@type":"ListItem","position":2,"name":"Life Of Saint Louise De Marillac. 1: A stormy childhood"}]},{"@type":"WebSite","@id":"https:\/\/vincentians.com\/en\/#website","url":"https:\/\/vincentians.com\/en\/","name":"We are Vincentians","description":"Know more to serve more","publisher":{"@id":"https:\/\/vincentians.com\/en\/#organization"},"potentialAction":[{"@type":"SearchAction","target":{"@type":"EntryPoint","urlTemplate":"https:\/\/vincentians.com\/en\/?s={search_term_string}"},"query-input":{"@type":"PropertyValueSpecification","valueRequired":true,"valueName":"search_term_string"}}],"inLanguage":"en-US"},{"@type":"Organization","@id":"https:\/\/vincentians.com\/en\/#organization","name":"The Vincentian Network","url":"https:\/\/vincentians.com\/en\/","logo":{"@type":"ImageObject","inLanguage":"en-US","@id":"https:\/\/vincentians.com\/en\/#\/schema\/logo\/image\/","url":"https:\/\/i1.wp.com\/vincentians.com\/en\/wp-content\/uploads\/sites\/2\/2016\/06\/Vincentian-Network-logo-big.png?fit=778%2C778&ssl=1","contentUrl":"https:\/\/i1.wp.com\/vincentians.com\/en\/wp-content\/uploads\/sites\/2\/2016\/06\/Vincentian-Network-logo-big.png?fit=778%2C778&ssl=1","width":778,"height":778,"caption":"The Vincentian Network"},"image":{"@id":"https:\/\/vincentians.com\/en\/#\/schema\/logo\/image\/"},"sameAs":["https:\/\/www.facebook.com\/WeAreVincentians\/","https:\/\/x.com\/WeVincentians"]},{"@type":"Person","@id":"https:\/\/vincentians.com\/en\/#\/schema\/person\/9623ef4d9aa3b2dfb8c061f1499288f2","name":"Francisco Javier Fern\u00e1ndez Chento","image":{"@type":"ImageObject","inLanguage":"en-US","@id":"https:\/\/vincentians.com\/en\/#\/schema\/person\/image\/","url":"https:\/\/secure.gravatar.com\/avatar\/497d5cde87b4c3d097d0315953521681ba2cd523ee66e5077c3711f7021e65de?s=96&d=mm&r=g","contentUrl":"https:\/\/secure.gravatar.com\/avatar\/497d5cde87b4c3d097d0315953521681ba2cd523ee66e5077c3711f7021e65de?s=96&d=mm&r=g","caption":"Francisco Javier Fern\u00e1ndez Chento"},"description":"Director General y cofundador de La Red de Formaci\u00f3n Vicenciana. Javier es laico vicenciano, afiliado a la Congregaci\u00f3n de la Misi\u00f3n y miembro del Equipo de Misiones Populares de la provincia can\u00f3nica de Zaragoza (Espa\u00f1a) de la Congregaci\u00f3n de la Misi\u00f3n. Graduado en la Universidad Oberta de Catalunya con cuatro grados (Asistente de direcci\u00f3n, Gesti\u00f3n Administrativa, Recursos Humanos y Contabilidad Avanzada). Bil\u00edng\u00fce Espa\u00f1ol\/Ingl\u00e9s. gestiona y mantiene varias p\u00e1ginas web cristianas y vicencianas, incluida including La Red de Formaci\u00f3n Vicenciana, de la que es cofundador. Actualmente es responsable del \u00e1rea de Espa\u00f1ol de .famvin, la Red de Noticias de la Familia Vicenciana. Tambi\u00e9n es m\u00fasico cat\u00f3lico y ha editado varios discos. Es Director General y cofundador de Trovador, una reconocida compa\u00f1\u00eda discogr\u00e1fica critiana de Espa\u00f1a. Trabaja en las Tecnolog\u00edas de la Informaci\u00f3n, ofreciendo servicios de alojamiento, dise\u00f1o y mantenimiento Web, as\u00ed como asesoramiento, formaci\u00f3n y soluciones inform\u00e1ticas, gesti\u00f3n documental y digitalizaci\u00f3n de textos, edici\u00f3n y maquetaci\u00f3n de libros, revistas, flyers, etc.","sameAs":["http:\/\/chento.org","https:\/\/www.facebook.com\/JavierChento","https:\/\/x.com\/https:\/\/twitter.com\/javierchento"],"url":"http:\/\/vincentians.com\/en\/author\/chento\/"}]}},"jetpack_publicize_connections":[],"jetpack_featured_media_url":"https:\/\/i0.wp.com\/vincentians.com\/en\/wp-content\/uploads\/sites\/2\/2016\/07\/louise-de-marillac.jpg?fit=1200%2C630","jetpack_sharing_enabled":true,"jetpack_shortlink":"https:\/\/wp.me\/p7K2Ow-9Pp","jetpack-related-posts":[{"id":42028,"url":"http:\/\/vincentians.com\/en\/the-ecclesial-and-charitable-experience-of-saint-louise-de-marillac-yesterday-and-today\/","url_meta":{"origin":37783,"position":0},"title":"The Ecclesial and Charitable Experience of Saint Louise de Marillac, Yesterday and Today","author":"Francisco Javier Fern\u00e1ndez Chento","date":"July 7, 2016","format":false,"excerpt":"Introduction We are going to conclude this Congress with a reflection on Saint Louise de Marillac as a woman of the church. Her contemplation of the mystery of the church and the ecclesial reality of that era led her to become a woman who was guided by the Spirit and\u2026","rel":"","context":"In &quot;Louise de Marillac&quot;","block_context":{"text":"Louise de Marillac","link":"http:\/\/vincentians.com\/en\/category\/the-vincentian-family\/founders\/louise-de-marillac\/"},"img":{"alt_text":"","src":"https:\/\/i0.wp.com\/vincentians.com\/en\/wp-content\/uploads\/sites\/2\/2012\/12\/marillac-charitative-experience.jpg?fit=1200%2C630&resize=350%2C200","width":350,"height":200,"srcset":"https:\/\/i0.wp.com\/vincentians.com\/en\/wp-content\/uploads\/sites\/2\/2012\/12\/marillac-charitative-experience.jpg?fit=1200%2C630&resize=350%2C200 1x, https:\/\/i0.wp.com\/vincentians.com\/en\/wp-content\/uploads\/sites\/2\/2012\/12\/marillac-charitative-experience.jpg?fit=1200%2C630&resize=525%2C300 1.5x, https:\/\/i0.wp.com\/vincentians.com\/en\/wp-content\/uploads\/sites\/2\/2012\/12\/marillac-charitative-experience.jpg?fit=1200%2C630&resize=700%2C400 2x, https:\/\/i0.wp.com\/vincentians.com\/en\/wp-content\/uploads\/sites\/2\/2012\/12\/marillac-charitative-experience.jpg?fit=1200%2C630&resize=1050%2C600 3x"},"classes":[]},{"id":47797,"url":"http:\/\/vincentians.com\/en\/saint-louise-de-marillacs-uncle-louis-xiiis-garde-des-sceaux-michel-de-marillac-1560-1632\/","url_meta":{"origin":37783,"position":1},"title":"Saint Louise de Marillac&#8217;s Uncle: Louis XIII&#8217;s Garde des Sceaux, Michel de Marillac (1560-1632)","author":"Francisco Javier Fern\u00e1ndez Chento","date":"January 15, 2016","format":false,"excerpt":"The name Louise de Marillac, writes Louise Sullivan, D.C., \u201chas largely remained hidden\u201d in the \u201cshadow\u201d of her famous mentor and colleague, Vincent de Paul. A similar shadow has, until recently, hidden the reputation of Saint Louise\u2019s uncle, Michel de Marillac (1560-1632), despite being arguably among the half-dozen most important\u2026","rel":"","context":"In &quot;At the time of Vincent de Paul&quot;","block_context":{"text":"At the time of Vincent de Paul","link":"http:\/\/vincentians.com\/en\/category\/history-of-the-vincentian-family\/at-the-time-of-vincent-de-paul\/"},"img":{"alt_text":"","src":"https:\/\/i0.wp.com\/vincentians.com\/en\/wp-content\/uploads\/sites\/2\/2016\/01\/michel-de-marillac-1.jpg?fit=1200%2C630&resize=350%2C200","width":350,"height":200,"srcset":"https:\/\/i0.wp.com\/vincentians.com\/en\/wp-content\/uploads\/sites\/2\/2016\/01\/michel-de-marillac-1.jpg?fit=1200%2C630&resize=350%2C200 1x, https:\/\/i0.wp.com\/vincentians.com\/en\/wp-content\/uploads\/sites\/2\/2016\/01\/michel-de-marillac-1.jpg?fit=1200%2C630&resize=525%2C300 1.5x, https:\/\/i0.wp.com\/vincentians.com\/en\/wp-content\/uploads\/sites\/2\/2016\/01\/michel-de-marillac-1.jpg?fit=1200%2C630&resize=700%2C400 2x, https:\/\/i0.wp.com\/vincentians.com\/en\/wp-content\/uploads\/sites\/2\/2016\/01\/michel-de-marillac-1.jpg?fit=1200%2C630&resize=1050%2C600 3x"},"classes":[]},{"id":51189,"url":"http:\/\/vincentians.com\/en\/the-letters-of-louise-de-marillac-to-the-daughters-of-charity-i\/","url_meta":{"origin":37783,"position":2},"title":"The Letters of Louise de Marillac to the Daughters of Charity (I)","author":"Francisco Javier Fern\u00e1ndez Chento","date":"August 8, 2016","format":false,"excerpt":"Introduction On March 15th, 1660, between 11:00am and noon, after generously sharing her blessings with the Daughters of Charity, Louise de Marillac's life came to an end. She was almost sixty-nine years old. Thus the earthly life of this holy woman was completed. She was not a tall woman, but\u2026","rel":"","context":"In &quot;Louise de Marillac&quot;","block_context":{"text":"Louise de Marillac","link":"http:\/\/vincentians.com\/en\/category\/the-vincentian-family\/founders\/louise-de-marillac\/"},"img":{"alt_text":"","src":"https:\/\/i0.wp.com\/vincentians.com\/en\/wp-content\/uploads\/sites\/2\/2012\/11\/marillac-wrting.jpg?fit=1200%2C630&resize=350%2C200","width":350,"height":200,"srcset":"https:\/\/i0.wp.com\/vincentians.com\/en\/wp-content\/uploads\/sites\/2\/2012\/11\/marillac-wrting.jpg?fit=1200%2C630&resize=350%2C200 1x, https:\/\/i0.wp.com\/vincentians.com\/en\/wp-content\/uploads\/sites\/2\/2012\/11\/marillac-wrting.jpg?fit=1200%2C630&resize=525%2C300 1.5x, https:\/\/i0.wp.com\/vincentians.com\/en\/wp-content\/uploads\/sites\/2\/2012\/11\/marillac-wrting.jpg?fit=1200%2C630&resize=700%2C400 2x, https:\/\/i0.wp.com\/vincentians.com\/en\/wp-content\/uploads\/sites\/2\/2012\/11\/marillac-wrting.jpg?fit=1200%2C630&resize=1050%2C600 3x"},"classes":[]},{"id":106840,"url":"http:\/\/vincentians.com\/en\/louise-de-marillac-a-portrait-introduction\/","url_meta":{"origin":37783,"position":3},"title":"Louise de Marillac, a portrait. Introduction","author":"Francisco Javier Fern\u00e1ndez Chento","date":"November 18, 2013","format":false,"excerpt":"SOME SAINTS, although they lived perhaps centuries ago, are well known to us. Others are bound up inseparably with a great achievement in the Church in connection with which their names have become household words; it is impossible to think of theology, for example, without coupling it with the name\u2026","rel":"","context":"In &quot;Louise de Marillac&quot;","block_context":{"text":"Louise de Marillac","link":"http:\/\/vincentians.com\/en\/category\/the-vincentian-family\/founders\/louise-de-marillac\/"},"img":{"alt_text":"","src":"https:\/\/i0.wp.com\/vincentians.com\/en\/wp-content\/uploads\/sites\/2\/2016\/07\/louise-de-marillac2.jpg?fit=1200%2C630&resize=350%2C200","width":350,"height":200,"srcset":"https:\/\/i0.wp.com\/vincentians.com\/en\/wp-content\/uploads\/sites\/2\/2016\/07\/louise-de-marillac2.jpg?fit=1200%2C630&resize=350%2C200 1x, https:\/\/i0.wp.com\/vincentians.com\/en\/wp-content\/uploads\/sites\/2\/2016\/07\/louise-de-marillac2.jpg?fit=1200%2C630&resize=525%2C300 1.5x, https:\/\/i0.wp.com\/vincentians.com\/en\/wp-content\/uploads\/sites\/2\/2016\/07\/louise-de-marillac2.jpg?fit=1200%2C630&resize=700%2C400 2x, https:\/\/i0.wp.com\/vincentians.com\/en\/wp-content\/uploads\/sites\/2\/2016\/07\/louise-de-marillac2.jpg?fit=1200%2C630&resize=1050%2C600 3x"},"classes":[]},{"id":105798,"url":"http:\/\/vincentians.com\/en\/life-of-saint-louise-de-marillac-3-in-search-of-her-vocation\/","url_meta":{"origin":37783,"position":4},"title":"Life Of Saint Louise De Marillac. 3: In search of her vocation","author":"Francisco Javier Fern\u00e1ndez Chento","date":"August 10, 2016","format":false,"excerpt":"3] In search of her vocation Alone once again and overwhelmed by what she called the justice of God, Louise sought support. She wrote her cousin, Hilarion Rebours, Bishop Camus and her uncle, Michel. Their responses upset Louise and so she continued to experience a lack of peace in her\u2026","rel":"","context":"In &quot;Louise de Marillac&quot;","block_context":{"text":"Louise de Marillac","link":"http:\/\/vincentians.com\/en\/category\/the-vincentian-family\/founders\/louise-de-marillac\/"},"img":{"alt_text":"","src":"https:\/\/i0.wp.com\/vincentians.com\/en\/wp-content\/uploads\/sites\/2\/2016\/07\/louise-de-marillac.jpg?fit=1200%2C630&resize=350%2C200","width":350,"height":200,"srcset":"https:\/\/i0.wp.com\/vincentians.com\/en\/wp-content\/uploads\/sites\/2\/2016\/07\/louise-de-marillac.jpg?fit=1200%2C630&resize=350%2C200 1x, https:\/\/i0.wp.com\/vincentians.com\/en\/wp-content\/uploads\/sites\/2\/2016\/07\/louise-de-marillac.jpg?fit=1200%2C630&resize=525%2C300 1.5x, https:\/\/i0.wp.com\/vincentians.com\/en\/wp-content\/uploads\/sites\/2\/2016\/07\/louise-de-marillac.jpg?fit=1200%2C630&resize=700%2C400 2x, https:\/\/i0.wp.com\/vincentians.com\/en\/wp-content\/uploads\/sites\/2\/2016\/07\/louise-de-marillac.jpg?fit=1200%2C630&resize=1050%2C600 3x"},"classes":[]},{"id":148898,"url":"http:\/\/vincentians.com\/en\/the-contributions-of-the-vincentian-charism-to-the-mission-of-the-church-3\/","url_meta":{"origin":37783,"position":5},"title":"The Contributions of the Vincentian Charism to the Mission of the Church (3)","author":"Francisco Javier Fern\u00e1ndez Chento","date":"June 25, 2016","format":false,"excerpt":"3. Participation of the laity, especially women, in the mission of the Apostles The biographers of Vincent de Paul and Louise de Marillac highlight their important contribution to the promotion of the laity, especially women. They also point out the various ways in which Vincent and Louise promoted the laity\u2026","rel":"","context":"In &quot;Vincentian Formation&quot;","block_context":{"text":"Vincentian Formation","link":"http:\/\/vincentians.com\/en\/category\/vincentian-formation\/"},"img":{"alt_text":"","src":"https:\/\/i0.wp.com\/vincentians.com\/en\/wp-content\/uploads\/sites\/2\/2016\/06\/contributions-charism.jpg?fit=1200%2C630&resize=350%2C200","width":350,"height":200,"srcset":"https:\/\/i0.wp.com\/vincentians.com\/en\/wp-content\/uploads\/sites\/2\/2016\/06\/contributions-charism.jpg?fit=1200%2C630&resize=350%2C200 1x, https:\/\/i0.wp.com\/vincentians.com\/en\/wp-content\/uploads\/sites\/2\/2016\/06\/contributions-charism.jpg?fit=1200%2C630&resize=525%2C300 1.5x, https:\/\/i0.wp.com\/vincentians.com\/en\/wp-content\/uploads\/sites\/2\/2016\/06\/contributions-charism.jpg?fit=1200%2C630&resize=700%2C400 2x, https:\/\/i0.wp.com\/vincentians.com\/en\/wp-content\/uploads\/sites\/2\/2016\/06\/contributions-charism.jpg?fit=1200%2C630&resize=1050%2C600 3x"},"classes":[]}],"_links":{"self":[{"href":"http:\/\/vincentians.com\/en\/wp-json\/wp\/v2\/posts\/37783","targetHints":{"allow":["GET"]}}],"collection":[{"href":"http:\/\/vincentians.com\/en\/wp-json\/wp\/v2\/posts"}],"about":[{"href":"http:\/\/vincentians.com\/en\/wp-json\/wp\/v2\/types\/post"}],"author":[{"embeddable":true,"href":"http:\/\/vincentians.com\/en\/wp-json\/wp\/v2\/users\/4"}],"replies":[{"embeddable":true,"href":"http:\/\/vincentians.com\/en\/wp-json\/wp\/v2\/comments?post=37783"}],"version-history":[{"count":0,"href":"http:\/\/vincentians.com\/en\/wp-json\/wp\/v2\/posts\/37783\/revisions"}],"wp:featuredmedia":[{"embeddable":true,"href":"http:\/\/vincentians.com\/en\/wp-json\/wp\/v2\/media\/149292"}],"wp:attachment":[{"href":"http:\/\/vincentians.com\/en\/wp-json\/wp\/v2\/media?parent=37783"}],"wp:term":[{"taxonomy":"category","embeddable":true,"href":"http:\/\/vincentians.com\/en\/wp-json\/wp\/v2\/categories?post=37783"},{"taxonomy":"post_tag","embeddable":true,"href":"http:\/\/vincentians.com\/en\/wp-json\/wp\/v2\/tags?post=37783"}],"curies":[{"name":"wp","href":"https:\/\/api.w.org\/{rel}","templated":true}]}}