{"id":152587,"date":"2016-11-17T05:00:55","date_gmt":"2016-11-17T04:00:55","guid":{"rendered":"http:\/\/vincentians.com\/en\/?p=152587"},"modified":"2016-07-28T05:53:34","modified_gmt":"2016-07-28T03:53:34","slug":"the-solemnity-of-our-lord-jesus-christ-the-king-ssvp-usa","status":"publish","type":"post","link":"http:\/\/vincentians.com\/en\/the-solemnity-of-our-lord-jesus-christ-the-king-ssvp-usa\/","title":{"rendered":"The Solemnity of Our Lord Jesus Christ the King (SSVP USA)"},"content":{"rendered":"<p><strong>Gospel: (Luke 23: 35-43)<\/strong><\/p>\n<p>The rulers sneered at Jesus and said, \u201cHe saved others, let him save himself if he is the chosen one, the Christ of God.\u201d Even the soldiers jeered at him. As they approached to offer him wine they called out, \u201cIf you are the King of the Jews, save yourself.\u201d Above him there was an inscription that read, \u201cThis is the king of the Jews.\u201d Now one of the criminals hanging there reviled Jesus, saying, \u201cAre you not the Christ? Save yourself and us. The other, however, rebuking him said in reply, \u201c\u2026we have been condemned justly, for the sentence we received corresponds to our crimes, but this man has done nothing criminal.\u201d Then he said, \u201cJesus, remember me when you come into your kingdom.\u201d Jesus replied to him, <em>\u201cAmen, I say to you, today you will be with me in Paradise.\u201d<\/em><\/p>\n<p><strong>Reflection:<\/strong><\/p>\n<p>On this last Sunday of the liturgical year we celebrate Christ\u2019s kingship. The notion of \u201cking\u201d can conjure up images of power, wealth and self-serving rule. But here we have a King who has no power and wealth; his throne is a cross and his rule is suffering and death. Would we be like the thief crucified with Jesus who wishes Jesus to abuse his power to save himself and them? Or would we be like the thief who recognizes his own sinfulness and Jesus\u2019 goodness? Jesus demonstrates his kingship not by saving himself but by saving others. The reign of God is not in power but in mercy. The cross is where we least expect a king to be. Yet this is how God\u2019s kingdom is established and where our discipleship begins. Jesus demonstrates his kingship not by power but by loving reassurance that Paradise awaits faithful disciples. (Living Liturgy, p. 252)<\/p>\n<p><strong>Vincentian Meditation:<\/strong><\/p>\n<p>Devotion to Christ the King means loving those people whom, when he was a king on earth, Jesus liked to have close about him\u2014the poor. Devotion to Christ the King means loving and being servants of the poor in the way and in the spirit with which Jesus served them when he was on earth. Devotion to Christ the King means opposing and rejecting violence in all its forms. Devotion to Christ the King means working for peace and reconciliation in our society, for his kingdom is one of love and justice and peace. (McCullen, <em>Deep Down Things,<\/em> p.569)<\/p>\n<p><strong>Discussion: <\/strong><em>(Share thoughts on the readings after a moment of silence)<\/em><\/p>\n<p>How are we showing our devotion to Christ the King?<\/p>\n<p><strong>Closing Prayer:<\/strong><\/p>\n<p>Christ our King, source of compassion,<br \/>\n<strong>-may we bring peace to all who have lost hope.<\/strong><\/p>\n<p>Christ our King, source of reconciliation,<br \/>\n&#8211;<strong>may we reject violence in all its forms .<\/strong><\/p>\n<p>Christ our King, source of peace,<br \/>\n<strong>-may we have the courage to work for justice.<\/strong><\/p>\n<p><strong>Amen<\/strong><\/p>\n","protected":false},"excerpt":{"rendered":"<p>Gospel: (Luke 23: 35-43) The rulers sneered at Jesus and said, \u201cHe saved others, let him save himself if he is the chosen one, the Christ of God.\u201d Even the soldiers jeered at him. As &#8230; <a href=\"http:\/\/vincentians.com\/en\/the-solemnity-of-our-lord-jesus-christ-the-king-ssvp-usa\/\" class=\"more-link\">Read More<\/a><\/p>\n","protected":false},"author":4,"featured_media":152533,"comment_status":"open","ping_status":"open","sticky":false,"template":"","format":"standard","meta":{"jetpack_post_was_ever_published":false,"_jetpack_newsletter_access":"","_jetpack_dont_email_post_to_subs":false,"_jetpack_newsletter_tier_id":0,"_jetpack_memberships_contains_paywalled_content":false,"_jetpack_memberships_contains_paid_content":false,"footnotes":"","jetpack_publicize_message":"","jetpack_publicize_feature_enabled":true,"jetpack_social_post_already_shared":true,"jetpack_social_options":{"image_generator_settings":{"template":"highway","default_image_id":0,"font":"","enabled":false},"version":2}},"categories":[94],"tags":[],"class_list":["post-152587","post","type-post","status-publish","format-standard","has-post-thumbnail","hentry","category-homilies-and-reflections-year-c"],"yoast_head":"<!-- This site is optimized with the Yoast SEO plugin v26.3 - https:\/\/yoast.com\/wordpress\/plugins\/seo\/ -->\n<title>The Solemnity of Our Lord Jesus Christ the King (SSVP USA) - We are Vincentians<\/title>\n<meta name=\"description\" content=\"There is no trace of greed in Jesus, and he is, among humans, most rich in what matters to God. Are we like him in this regard?\" \/>\n<meta name=\"robots\" content=\"index, follow, max-snippet:-1, max-image-preview:large, max-video-preview:-1\" \/>\n<link rel=\"canonical\" href=\"https:\/\/vincentians.com\/en\/the-solemnity-of-our-lord-jesus-christ-the-king-ssvp-usa\/\" \/>\n<meta property=\"og:locale\" content=\"en_US\" \/>\n<meta property=\"og:type\" content=\"article\" \/>\n<meta property=\"og:title\" content=\"The Solemnity of Our Lord Jesus Christ the King (SSVP USA) - We are Vincentians\" \/>\n<meta property=\"og:description\" content=\"There is no trace of greed in Jesus, and he is, among humans, most rich in what matters to God. Are we like him in this regard?\" \/>\n<meta property=\"og:url\" content=\"https:\/\/vincentians.com\/en\/the-solemnity-of-our-lord-jesus-christ-the-king-ssvp-usa\/\" \/>\n<meta property=\"og:site_name\" content=\"We are Vincentians\" \/>\n<meta property=\"article:publisher\" content=\"https:\/\/www.facebook.com\/WeAreVincentians\/\" \/>\n<meta property=\"article:author\" content=\"https:\/\/www.facebook.com\/JavierChento\" \/>\n<meta property=\"article:published_time\" content=\"2016-11-17T04:00:55+00:00\" \/>\n<meta property=\"og:image\" content=\"https:\/\/i0.wp.com\/vincentians.com\/en\/wp-content\/uploads\/sites\/2\/2016\/07\/reflexiones-palabra-de-dios.jpg?fit=1200%2C630&ssl=1\" \/>\n\t<meta property=\"og:image:width\" content=\"1200\" \/>\n\t<meta property=\"og:image:height\" content=\"630\" \/>\n\t<meta property=\"og:image:type\" content=\"image\/jpeg\" \/>\n<meta name=\"author\" content=\"Francisco Javier Fern\u00e1ndez Chento\" \/>\n<meta name=\"twitter:card\" content=\"summary_large_image\" \/>\n<meta name=\"twitter:creator\" content=\"@https:\/\/twitter.com\/javierchento\" \/>\n<meta name=\"twitter:site\" content=\"@WeVincentians\" \/>\n<meta name=\"twitter:label1\" content=\"Written by\" \/>\n\t<meta name=\"twitter:data1\" content=\"Francisco Javier Fern\u00e1ndez Chento\" \/>\n\t<meta name=\"twitter:label2\" content=\"Est. reading time\" \/>\n\t<meta name=\"twitter:data2\" content=\"2 minutes\" \/>\n<script type=\"application\/ld+json\" class=\"yoast-schema-graph\">{\"@context\":\"https:\/\/schema.org\",\"@graph\":[{\"@type\":\"Article\",\"@id\":\"https:\/\/vincentians.com\/en\/the-solemnity-of-our-lord-jesus-christ-the-king-ssvp-usa\/#article\",\"isPartOf\":{\"@id\":\"https:\/\/vincentians.com\/en\/the-solemnity-of-our-lord-jesus-christ-the-king-ssvp-usa\/\"},\"author\":{\"name\":\"Francisco Javier Fern\u00e1ndez Chento\",\"@id\":\"https:\/\/vincentians.com\/en\/#\/schema\/person\/9623ef4d9aa3b2dfb8c061f1499288f2\"},\"headline\":\"The Solemnity of Our Lord Jesus Christ the King (SSVP USA)\",\"datePublished\":\"2016-11-17T04:00:55+00:00\",\"mainEntityOfPage\":{\"@id\":\"https:\/\/vincentians.com\/en\/the-solemnity-of-our-lord-jesus-christ-the-king-ssvp-usa\/\"},\"wordCount\":482,\"commentCount\":0,\"publisher\":{\"@id\":\"https:\/\/vincentians.com\/en\/#organization\"},\"image\":{\"@id\":\"https:\/\/vincentians.com\/en\/the-solemnity-of-our-lord-jesus-christ-the-king-ssvp-usa\/#primaryimage\"},\"thumbnailUrl\":\"https:\/\/i0.wp.com\/vincentians.com\/en\/wp-content\/uploads\/sites\/2\/2016\/07\/reflexiones-palabra-de-dios.jpg?fit=1200%2C630\",\"articleSection\":[\"Homilies and reflections, Year C\"],\"inLanguage\":\"en-US\",\"potentialAction\":[{\"@type\":\"CommentAction\",\"name\":\"Comment\",\"target\":[\"https:\/\/vincentians.com\/en\/the-solemnity-of-our-lord-jesus-christ-the-king-ssvp-usa\/#respond\"]}]},{\"@type\":\"WebPage\",\"@id\":\"https:\/\/vincentians.com\/en\/the-solemnity-of-our-lord-jesus-christ-the-king-ssvp-usa\/\",\"url\":\"https:\/\/vincentians.com\/en\/the-solemnity-of-our-lord-jesus-christ-the-king-ssvp-usa\/\",\"name\":\"The Solemnity of Our Lord Jesus Christ the King (SSVP USA) - We are Vincentians\",\"isPartOf\":{\"@id\":\"https:\/\/vincentians.com\/en\/#website\"},\"primaryImageOfPage\":{\"@id\":\"https:\/\/vincentians.com\/en\/the-solemnity-of-our-lord-jesus-christ-the-king-ssvp-usa\/#primaryimage\"},\"image\":{\"@id\":\"https:\/\/vincentians.com\/en\/the-solemnity-of-our-lord-jesus-christ-the-king-ssvp-usa\/#primaryimage\"},\"thumbnailUrl\":\"https:\/\/i0.wp.com\/vincentians.com\/en\/wp-content\/uploads\/sites\/2\/2016\/07\/reflexiones-palabra-de-dios.jpg?fit=1200%2C630\",\"datePublished\":\"2016-11-17T04:00:55+00:00\",\"description\":\"There is no trace of greed in Jesus, and he is, among humans, most rich in what matters to God. Are we like him in this regard?\",\"breadcrumb\":{\"@id\":\"https:\/\/vincentians.com\/en\/the-solemnity-of-our-lord-jesus-christ-the-king-ssvp-usa\/#breadcrumb\"},\"inLanguage\":\"en-US\",\"potentialAction\":[{\"@type\":\"ReadAction\",\"target\":[\"https:\/\/vincentians.com\/en\/the-solemnity-of-our-lord-jesus-christ-the-king-ssvp-usa\/\"]}]},{\"@type\":\"ImageObject\",\"inLanguage\":\"en-US\",\"@id\":\"https:\/\/vincentians.com\/en\/the-solemnity-of-our-lord-jesus-christ-the-king-ssvp-usa\/#primaryimage\",\"url\":\"https:\/\/i0.wp.com\/vincentians.com\/en\/wp-content\/uploads\/sites\/2\/2016\/07\/reflexiones-palabra-de-dios.jpg?fit=1200%2C630\",\"contentUrl\":\"https:\/\/i0.wp.com\/vincentians.com\/en\/wp-content\/uploads\/sites\/2\/2016\/07\/reflexiones-palabra-de-dios.jpg?fit=1200%2C630\",\"width\":1200,\"height\":630},{\"@type\":\"BreadcrumbList\",\"@id\":\"https:\/\/vincentians.com\/en\/the-solemnity-of-our-lord-jesus-christ-the-king-ssvp-usa\/#breadcrumb\",\"itemListElement\":[{\"@type\":\"ListItem\",\"position\":1,\"name\":\"Portada\",\"item\":\"https:\/\/vincentians.com\/en\/\"},{\"@type\":\"ListItem\",\"position\":2,\"name\":\"The Solemnity of Our Lord Jesus Christ the King (SSVP USA)\"}]},{\"@type\":\"WebSite\",\"@id\":\"https:\/\/vincentians.com\/en\/#website\",\"url\":\"https:\/\/vincentians.com\/en\/\",\"name\":\"We are Vincentians\",\"description\":\"Know more to serve more\",\"publisher\":{\"@id\":\"https:\/\/vincentians.com\/en\/#organization\"},\"potentialAction\":[{\"@type\":\"SearchAction\",\"target\":{\"@type\":\"EntryPoint\",\"urlTemplate\":\"https:\/\/vincentians.com\/en\/?s={search_term_string}\"},\"query-input\":{\"@type\":\"PropertyValueSpecification\",\"valueRequired\":true,\"valueName\":\"search_term_string\"}}],\"inLanguage\":\"en-US\"},{\"@type\":\"Organization\",\"@id\":\"https:\/\/vincentians.com\/en\/#organization\",\"name\":\"The Vincentian Network\",\"url\":\"https:\/\/vincentians.com\/en\/\",\"logo\":{\"@type\":\"ImageObject\",\"inLanguage\":\"en-US\",\"@id\":\"https:\/\/vincentians.com\/en\/#\/schema\/logo\/image\/\",\"url\":\"https:\/\/i1.wp.com\/vincentians.com\/en\/wp-content\/uploads\/sites\/2\/2016\/06\/Vincentian-Network-logo-big.png?fit=778%2C778&ssl=1\",\"contentUrl\":\"https:\/\/i1.wp.com\/vincentians.com\/en\/wp-content\/uploads\/sites\/2\/2016\/06\/Vincentian-Network-logo-big.png?fit=778%2C778&ssl=1\",\"width\":778,\"height\":778,\"caption\":\"The Vincentian Network\"},\"image\":{\"@id\":\"https:\/\/vincentians.com\/en\/#\/schema\/logo\/image\/\"},\"sameAs\":[\"https:\/\/www.facebook.com\/WeAreVincentians\/\",\"https:\/\/x.com\/WeVincentians\"]},{\"@type\":\"Person\",\"@id\":\"https:\/\/vincentians.com\/en\/#\/schema\/person\/9623ef4d9aa3b2dfb8c061f1499288f2\",\"name\":\"Francisco Javier Fern\u00e1ndez Chento\",\"image\":{\"@type\":\"ImageObject\",\"inLanguage\":\"en-US\",\"@id\":\"https:\/\/vincentians.com\/en\/#\/schema\/person\/image\/\",\"url\":\"https:\/\/secure.gravatar.com\/avatar\/497d5cde87b4c3d097d0315953521681ba2cd523ee66e5077c3711f7021e65de?s=96&d=mm&r=g\",\"contentUrl\":\"https:\/\/secure.gravatar.com\/avatar\/497d5cde87b4c3d097d0315953521681ba2cd523ee66e5077c3711f7021e65de?s=96&d=mm&r=g\",\"caption\":\"Francisco Javier Fern\u00e1ndez Chento\"},\"description\":\"Director General y cofundador de La Red de Formaci\u00f3n Vicenciana. Javier es laico vicenciano, afiliado a la Congregaci\u00f3n de la Misi\u00f3n y miembro del Equipo de Misiones Populares de la provincia can\u00f3nica de Zaragoza (Espa\u00f1a) de la Congregaci\u00f3n de la Misi\u00f3n. Graduado en la Universidad Oberta de Catalunya con cuatro grados (Asistente de direcci\u00f3n, Gesti\u00f3n Administrativa, Recursos Humanos y Contabilidad Avanzada). Bil\u00edng\u00fce Espa\u00f1ol\/Ingl\u00e9s. gestiona y mantiene varias p\u00e1ginas web cristianas y vicencianas, incluida including La Red de Formaci\u00f3n Vicenciana, de la que es cofundador. Actualmente es responsable del \u00e1rea de Espa\u00f1ol de .famvin, la Red de Noticias de la Familia Vicenciana. Tambi\u00e9n es m\u00fasico cat\u00f3lico y ha editado varios discos. Es Director General y cofundador de Trovador, una reconocida compa\u00f1\u00eda discogr\u00e1fica critiana de Espa\u00f1a. Trabaja en las Tecnolog\u00edas de la Informaci\u00f3n, ofreciendo servicios de alojamiento, dise\u00f1o y mantenimiento Web, as\u00ed como asesoramiento, formaci\u00f3n y soluciones inform\u00e1ticas, gesti\u00f3n documental y digitalizaci\u00f3n de textos, edici\u00f3n y maquetaci\u00f3n de libros, revistas, flyers, etc.\",\"sameAs\":[\"http:\/\/chento.org\",\"https:\/\/www.facebook.com\/JavierChento\",\"https:\/\/x.com\/https:\/\/twitter.com\/javierchento\"],\"url\":\"http:\/\/vincentians.com\/en\/author\/chento\/\"}]}<\/script>\n<!-- \/ Yoast SEO plugin. -->","yoast_head_json":{"title":"The Solemnity of Our Lord Jesus Christ the King (SSVP USA) - We are Vincentians","description":"There is no trace of greed in Jesus, and he is, among humans, most rich in what matters to God. Are we like him in this regard?","robots":{"index":"index","follow":"follow","max-snippet":"max-snippet:-1","max-image-preview":"max-image-preview:large","max-video-preview":"max-video-preview:-1"},"canonical":"https:\/\/vincentians.com\/en\/the-solemnity-of-our-lord-jesus-christ-the-king-ssvp-usa\/","og_locale":"en_US","og_type":"article","og_title":"The Solemnity of Our Lord Jesus Christ the King (SSVP USA) - We are Vincentians","og_description":"There is no trace of greed in Jesus, and he is, among humans, most rich in what matters to God. Are we like him in this regard?","og_url":"https:\/\/vincentians.com\/en\/the-solemnity-of-our-lord-jesus-christ-the-king-ssvp-usa\/","og_site_name":"We are Vincentians","article_publisher":"https:\/\/www.facebook.com\/WeAreVincentians\/","article_author":"https:\/\/www.facebook.com\/JavierChento","article_published_time":"2016-11-17T04:00:55+00:00","og_image":[{"width":1200,"height":630,"url":"https:\/\/i0.wp.com\/vincentians.com\/en\/wp-content\/uploads\/sites\/2\/2016\/07\/reflexiones-palabra-de-dios.jpg?fit=1200%2C630&ssl=1","type":"image\/jpeg"}],"author":"Francisco Javier Fern\u00e1ndez Chento","twitter_card":"summary_large_image","twitter_creator":"@https:\/\/twitter.com\/javierchento","twitter_site":"@WeVincentians","twitter_misc":{"Written by":"Francisco Javier Fern\u00e1ndez Chento","Est. reading time":"2 minutes"},"schema":{"@context":"https:\/\/schema.org","@graph":[{"@type":"Article","@id":"https:\/\/vincentians.com\/en\/the-solemnity-of-our-lord-jesus-christ-the-king-ssvp-usa\/#article","isPartOf":{"@id":"https:\/\/vincentians.com\/en\/the-solemnity-of-our-lord-jesus-christ-the-king-ssvp-usa\/"},"author":{"name":"Francisco Javier Fern\u00e1ndez Chento","@id":"https:\/\/vincentians.com\/en\/#\/schema\/person\/9623ef4d9aa3b2dfb8c061f1499288f2"},"headline":"The Solemnity of Our Lord Jesus Christ the King (SSVP USA)","datePublished":"2016-11-17T04:00:55+00:00","mainEntityOfPage":{"@id":"https:\/\/vincentians.com\/en\/the-solemnity-of-our-lord-jesus-christ-the-king-ssvp-usa\/"},"wordCount":482,"commentCount":0,"publisher":{"@id":"https:\/\/vincentians.com\/en\/#organization"},"image":{"@id":"https:\/\/vincentians.com\/en\/the-solemnity-of-our-lord-jesus-christ-the-king-ssvp-usa\/#primaryimage"},"thumbnailUrl":"https:\/\/i0.wp.com\/vincentians.com\/en\/wp-content\/uploads\/sites\/2\/2016\/07\/reflexiones-palabra-de-dios.jpg?fit=1200%2C630","articleSection":["Homilies and reflections, Year C"],"inLanguage":"en-US","potentialAction":[{"@type":"CommentAction","name":"Comment","target":["https:\/\/vincentians.com\/en\/the-solemnity-of-our-lord-jesus-christ-the-king-ssvp-usa\/#respond"]}]},{"@type":"WebPage","@id":"https:\/\/vincentians.com\/en\/the-solemnity-of-our-lord-jesus-christ-the-king-ssvp-usa\/","url":"https:\/\/vincentians.com\/en\/the-solemnity-of-our-lord-jesus-christ-the-king-ssvp-usa\/","name":"The Solemnity of Our Lord Jesus Christ the King (SSVP USA) - We are Vincentians","isPartOf":{"@id":"https:\/\/vincentians.com\/en\/#website"},"primaryImageOfPage":{"@id":"https:\/\/vincentians.com\/en\/the-solemnity-of-our-lord-jesus-christ-the-king-ssvp-usa\/#primaryimage"},"image":{"@id":"https:\/\/vincentians.com\/en\/the-solemnity-of-our-lord-jesus-christ-the-king-ssvp-usa\/#primaryimage"},"thumbnailUrl":"https:\/\/i0.wp.com\/vincentians.com\/en\/wp-content\/uploads\/sites\/2\/2016\/07\/reflexiones-palabra-de-dios.jpg?fit=1200%2C630","datePublished":"2016-11-17T04:00:55+00:00","description":"There is no trace of greed in Jesus, and he is, among humans, most rich in what matters to God. Are we like him in this regard?","breadcrumb":{"@id":"https:\/\/vincentians.com\/en\/the-solemnity-of-our-lord-jesus-christ-the-king-ssvp-usa\/#breadcrumb"},"inLanguage":"en-US","potentialAction":[{"@type":"ReadAction","target":["https:\/\/vincentians.com\/en\/the-solemnity-of-our-lord-jesus-christ-the-king-ssvp-usa\/"]}]},{"@type":"ImageObject","inLanguage":"en-US","@id":"https:\/\/vincentians.com\/en\/the-solemnity-of-our-lord-jesus-christ-the-king-ssvp-usa\/#primaryimage","url":"https:\/\/i0.wp.com\/vincentians.com\/en\/wp-content\/uploads\/sites\/2\/2016\/07\/reflexiones-palabra-de-dios.jpg?fit=1200%2C630","contentUrl":"https:\/\/i0.wp.com\/vincentians.com\/en\/wp-content\/uploads\/sites\/2\/2016\/07\/reflexiones-palabra-de-dios.jpg?fit=1200%2C630","width":1200,"height":630},{"@type":"BreadcrumbList","@id":"https:\/\/vincentians.com\/en\/the-solemnity-of-our-lord-jesus-christ-the-king-ssvp-usa\/#breadcrumb","itemListElement":[{"@type":"ListItem","position":1,"name":"Portada","item":"https:\/\/vincentians.com\/en\/"},{"@type":"ListItem","position":2,"name":"The Solemnity of Our Lord Jesus Christ the King (SSVP USA)"}]},{"@type":"WebSite","@id":"https:\/\/vincentians.com\/en\/#website","url":"https:\/\/vincentians.com\/en\/","name":"We are Vincentians","description":"Know more to serve more","publisher":{"@id":"https:\/\/vincentians.com\/en\/#organization"},"potentialAction":[{"@type":"SearchAction","target":{"@type":"EntryPoint","urlTemplate":"https:\/\/vincentians.com\/en\/?s={search_term_string}"},"query-input":{"@type":"PropertyValueSpecification","valueRequired":true,"valueName":"search_term_string"}}],"inLanguage":"en-US"},{"@type":"Organization","@id":"https:\/\/vincentians.com\/en\/#organization","name":"The Vincentian Network","url":"https:\/\/vincentians.com\/en\/","logo":{"@type":"ImageObject","inLanguage":"en-US","@id":"https:\/\/vincentians.com\/en\/#\/schema\/logo\/image\/","url":"https:\/\/i1.wp.com\/vincentians.com\/en\/wp-content\/uploads\/sites\/2\/2016\/06\/Vincentian-Network-logo-big.png?fit=778%2C778&ssl=1","contentUrl":"https:\/\/i1.wp.com\/vincentians.com\/en\/wp-content\/uploads\/sites\/2\/2016\/06\/Vincentian-Network-logo-big.png?fit=778%2C778&ssl=1","width":778,"height":778,"caption":"The Vincentian Network"},"image":{"@id":"https:\/\/vincentians.com\/en\/#\/schema\/logo\/image\/"},"sameAs":["https:\/\/www.facebook.com\/WeAreVincentians\/","https:\/\/x.com\/WeVincentians"]},{"@type":"Person","@id":"https:\/\/vincentians.com\/en\/#\/schema\/person\/9623ef4d9aa3b2dfb8c061f1499288f2","name":"Francisco Javier Fern\u00e1ndez Chento","image":{"@type":"ImageObject","inLanguage":"en-US","@id":"https:\/\/vincentians.com\/en\/#\/schema\/person\/image\/","url":"https:\/\/secure.gravatar.com\/avatar\/497d5cde87b4c3d097d0315953521681ba2cd523ee66e5077c3711f7021e65de?s=96&d=mm&r=g","contentUrl":"https:\/\/secure.gravatar.com\/avatar\/497d5cde87b4c3d097d0315953521681ba2cd523ee66e5077c3711f7021e65de?s=96&d=mm&r=g","caption":"Francisco Javier Fern\u00e1ndez Chento"},"description":"Director General y cofundador de La Red de Formaci\u00f3n Vicenciana. Javier es laico vicenciano, afiliado a la Congregaci\u00f3n de la Misi\u00f3n y miembro del Equipo de Misiones Populares de la provincia can\u00f3nica de Zaragoza (Espa\u00f1a) de la Congregaci\u00f3n de la Misi\u00f3n. Graduado en la Universidad Oberta de Catalunya con cuatro grados (Asistente de direcci\u00f3n, Gesti\u00f3n Administrativa, Recursos Humanos y Contabilidad Avanzada). Bil\u00edng\u00fce Espa\u00f1ol\/Ingl\u00e9s. gestiona y mantiene varias p\u00e1ginas web cristianas y vicencianas, incluida including La Red de Formaci\u00f3n Vicenciana, de la que es cofundador. Actualmente es responsable del \u00e1rea de Espa\u00f1ol de .famvin, la Red de Noticias de la Familia Vicenciana. Tambi\u00e9n es m\u00fasico cat\u00f3lico y ha editado varios discos. Es Director General y cofundador de Trovador, una reconocida compa\u00f1\u00eda discogr\u00e1fica critiana de Espa\u00f1a. Trabaja en las Tecnolog\u00edas de la Informaci\u00f3n, ofreciendo servicios de alojamiento, dise\u00f1o y mantenimiento Web, as\u00ed como asesoramiento, formaci\u00f3n y soluciones inform\u00e1ticas, gesti\u00f3n documental y digitalizaci\u00f3n de textos, edici\u00f3n y maquetaci\u00f3n de libros, revistas, flyers, etc.","sameAs":["http:\/\/chento.org","https:\/\/www.facebook.com\/JavierChento","https:\/\/x.com\/https:\/\/twitter.com\/javierchento"],"url":"http:\/\/vincentians.com\/en\/author\/chento\/"}]}},"jetpack_publicize_connections":[],"jetpack_featured_media_url":"https:\/\/i0.wp.com\/vincentians.com\/en\/wp-content\/uploads\/sites\/2\/2016\/07\/reflexiones-palabra-de-dios.jpg?fit=1200%2C630","jetpack_sharing_enabled":true,"jetpack_shortlink":"https:\/\/wp.me\/p7K2Ow-DH5","jetpack-related-posts":[{"id":108176,"url":"http:\/\/vincentians.com\/en\/jesus-christ-king-of-the-universe-jose-antonio-pagola\/","url_meta":{"origin":152587,"position":0},"title":"Jesus Christ, King of the Universe (Jos\u00e9 Antonio Pagola)","author":"Ross Reyes Dizon","date":"November 22, 2013","format":false,"excerpt":"Remember me According to Luke\u2019s account, Jesus is dying amid the mockery and scorn from those around him.\u00a0 No one appears to have understood his life.\u00a0 It seems nobody has grasped his dedication to those who suffer or his forgiveness of those who are guilty.\u00a0 No one has seen on\u2026","rel":"","context":"In &quot;Homilies and reflections, Year C&quot;","block_context":{"text":"Homilies and reflections, Year C","link":"http:\/\/vincentians.com\/en\/category\/homilies-and-reflections-on-the-word-of-god\/homilies-and-reflections-year-c\/"},"img":{"alt_text":"","src":"https:\/\/i0.wp.com\/vincentians.com\/en\/wp-content\/uploads\/sites\/2\/2016\/07\/pagola-feat.jpg?fit=1200%2C630&resize=350%2C200","width":350,"height":200,"srcset":"https:\/\/i0.wp.com\/vincentians.com\/en\/wp-content\/uploads\/sites\/2\/2016\/07\/pagola-feat.jpg?fit=1200%2C630&resize=350%2C200 1x, https:\/\/i0.wp.com\/vincentians.com\/en\/wp-content\/uploads\/sites\/2\/2016\/07\/pagola-feat.jpg?fit=1200%2C630&resize=525%2C300 1.5x, https:\/\/i0.wp.com\/vincentians.com\/en\/wp-content\/uploads\/sites\/2\/2016\/07\/pagola-feat.jpg?fit=1200%2C630&resize=700%2C400 2x, https:\/\/i0.wp.com\/vincentians.com\/en\/wp-content\/uploads\/sites\/2\/2016\/07\/pagola-feat.jpg?fit=1200%2C630&resize=1050%2C600 3x"},"classes":[]},{"id":153326,"url":"http:\/\/vincentians.com\/en\/34th-sunday-o-t-jesus-christ-king-universe-ross-reyes-dizon\/","url_meta":{"origin":152587,"position":1},"title":"34th Sunday O.T.  \u2013 Jesus Christ, King of the Universe (Ross Reyes Dizon)","author":"Ross Reyes Dizon","date":"November 15, 2016","format":false,"excerpt":"King unlike all other kings undoubtedly Jesus is King!\u00a0 How do we react to this proclamation? As an assembly, the elders of the people, the chief priests and the scribes bring Jesus before Pilate.\u00a0 After hearing the charges, the Roman prefect asks Jesus if he is the king of the\u2026","rel":"","context":"In &quot;Homilies and reflections, Year C&quot;","block_context":{"text":"Homilies and reflections, Year C","link":"http:\/\/vincentians.com\/en\/category\/homilies-and-reflections-on-the-word-of-god\/homilies-and-reflections-year-c\/"},"img":{"alt_text":"","src":"https:\/\/i0.wp.com\/vincentians.com\/en\/wp-content\/uploads\/sites\/2\/2016\/07\/ross-featured.jpg?fit=1200%2C630&resize=350%2C200","width":350,"height":200,"srcset":"https:\/\/i0.wp.com\/vincentians.com\/en\/wp-content\/uploads\/sites\/2\/2016\/07\/ross-featured.jpg?fit=1200%2C630&resize=350%2C200 1x, https:\/\/i0.wp.com\/vincentians.com\/en\/wp-content\/uploads\/sites\/2\/2016\/07\/ross-featured.jpg?fit=1200%2C630&resize=525%2C300 1.5x, https:\/\/i0.wp.com\/vincentians.com\/en\/wp-content\/uploads\/sites\/2\/2016\/07\/ross-featured.jpg?fit=1200%2C630&resize=700%2C400 2x, https:\/\/i0.wp.com\/vincentians.com\/en\/wp-content\/uploads\/sites\/2\/2016\/07\/ross-featured.jpg?fit=1200%2C630&resize=1050%2C600 3x"},"classes":[]},{"id":139225,"url":"http:\/\/vincentians.com\/en\/thirty-fourth-sunday-in-ordinary-time-jesus-christ-king-of-the-universe-jose-antonio-pagola\/","url_meta":{"origin":152587,"position":2},"title":"Thirty Fourth Sunday in Ordinary Time:  Jesus Christ, King of the Universe (Jos\u00e9 Antonio Pagola)","author":"Ross Reyes Dizon","date":"November 16, 2015","format":false,"excerpt":"Examining ourselves before the Witness to the Truth Within the process in which the execution of Jesus is going to be decided, the Gospel of John offers a surprising private dialogue between Pilate, the Empire\u2019s most powerful earthly representative, and Jesus, a bound criminal who is presented as a witness\u2026","rel":"","context":"In &quot;Homilies and reflections, Year B&quot;","block_context":{"text":"Homilies and reflections, Year B","link":"http:\/\/vincentians.com\/en\/category\/homilies-and-reflections-on-the-word-of-god\/homilies-and-reflections-year-b\/"},"img":{"alt_text":"","src":"https:\/\/i0.wp.com\/vincentians.com\/en\/wp-content\/uploads\/sites\/2\/2016\/07\/pagola-feat.jpg?fit=1200%2C630&resize=350%2C200","width":350,"height":200,"srcset":"https:\/\/i0.wp.com\/vincentians.com\/en\/wp-content\/uploads\/sites\/2\/2016\/07\/pagola-feat.jpg?fit=1200%2C630&resize=350%2C200 1x, https:\/\/i0.wp.com\/vincentians.com\/en\/wp-content\/uploads\/sites\/2\/2016\/07\/pagola-feat.jpg?fit=1200%2C630&resize=525%2C300 1.5x, https:\/\/i0.wp.com\/vincentians.com\/en\/wp-content\/uploads\/sites\/2\/2016\/07\/pagola-feat.jpg?fit=1200%2C630&resize=700%2C400 2x, https:\/\/i0.wp.com\/vincentians.com\/en\/wp-content\/uploads\/sites\/2\/2016\/07\/pagola-feat.jpg?fit=1200%2C630&resize=1050%2C600 3x"},"classes":[]},{"id":108178,"url":"http:\/\/vincentians.com\/en\/jesus-christ-king-of-the-universe-rosalino-reyes-dizon\/","url_meta":{"origin":152587,"position":3},"title":"Jesus Christ, King of the Universe (Rosalino Reyes Dizon)","author":"Ross Reyes Dizon","date":"November 22, 2013","format":false,"excerpt":"Did not God choose those who are poor to be heirs of the kingdom? (Jas 2, 5) The inscription announces Jesus the king of the Jews.\u00a0 But the rulers and the soldiers deny it.\u00a0 Joining them is one of the two criminals.\u00a0 Only the other gets it right.\u00a0 How about\u2026","rel":"","context":"In &quot;Homilies and reflections, Year C&quot;","block_context":{"text":"Homilies and reflections, Year C","link":"http:\/\/vincentians.com\/en\/category\/homilies-and-reflections-on-the-word-of-god\/homilies-and-reflections-year-c\/"},"img":{"alt_text":"","src":"https:\/\/i0.wp.com\/vincentians.com\/en\/wp-content\/uploads\/sites\/2\/2016\/07\/ross-featured.jpg?fit=1200%2C630&resize=350%2C200","width":350,"height":200,"srcset":"https:\/\/i0.wp.com\/vincentians.com\/en\/wp-content\/uploads\/sites\/2\/2016\/07\/ross-featured.jpg?fit=1200%2C630&resize=350%2C200 1x, https:\/\/i0.wp.com\/vincentians.com\/en\/wp-content\/uploads\/sites\/2\/2016\/07\/ross-featured.jpg?fit=1200%2C630&resize=525%2C300 1.5x, https:\/\/i0.wp.com\/vincentians.com\/en\/wp-content\/uploads\/sites\/2\/2016\/07\/ross-featured.jpg?fit=1200%2C630&resize=700%2C400 2x, https:\/\/i0.wp.com\/vincentians.com\/en\/wp-content\/uploads\/sites\/2\/2016\/07\/ross-featured.jpg?fit=1200%2C630&resize=1050%2C600 3x"},"classes":[]},{"id":152562,"url":"http:\/\/vincentians.com\/en\/28th-sunday-in-t-ssvp-usa\/","url_meta":{"origin":152587,"position":4},"title":"28th Sunday in O.T. (SSVP USA)","author":"Francisco Javier Fern\u00e1ndez Chento","date":"October 6, 2016","format":false,"excerpt":"Gospel: (Luke 17:11-19) As Jesus was entering a village, ten lepers met him. They stood at a distance from him and raised their voices, saying, \u201cJesus, Master! Have pity on us!\u201d And when he saw them, he said, \u201cGo show yourselves to the priests.\u201d As they were going they were\u2026","rel":"","context":"In &quot;Homilies and reflections, Year C&quot;","block_context":{"text":"Homilies and reflections, Year C","link":"http:\/\/vincentians.com\/en\/category\/homilies-and-reflections-on-the-word-of-god\/homilies-and-reflections-year-c\/"},"img":{"alt_text":"","src":"https:\/\/i0.wp.com\/vincentians.com\/en\/wp-content\/uploads\/sites\/2\/2016\/07\/reflexiones-palabra-de-dios.jpg?fit=1200%2C630&resize=350%2C200","width":350,"height":200,"srcset":"https:\/\/i0.wp.com\/vincentians.com\/en\/wp-content\/uploads\/sites\/2\/2016\/07\/reflexiones-palabra-de-dios.jpg?fit=1200%2C630&resize=350%2C200 1x, https:\/\/i0.wp.com\/vincentians.com\/en\/wp-content\/uploads\/sites\/2\/2016\/07\/reflexiones-palabra-de-dios.jpg?fit=1200%2C630&resize=525%2C300 1.5x, https:\/\/i0.wp.com\/vincentians.com\/en\/wp-content\/uploads\/sites\/2\/2016\/07\/reflexiones-palabra-de-dios.jpg?fit=1200%2C630&resize=700%2C400 2x, https:\/\/i0.wp.com\/vincentians.com\/en\/wp-content\/uploads\/sites\/2\/2016\/07\/reflexiones-palabra-de-dios.jpg?fit=1200%2C630&resize=1050%2C600 3x"},"classes":[]},{"id":105277,"url":"http:\/\/vincentians.com\/en\/christ-the-king-rosalino-dizon-reyes\/","url_meta":{"origin":152587,"position":5},"title":"Christ the King (Rosalino Reyes Dizon)","author":"Ross Reyes Dizon","date":"November 23, 2012","format":false,"excerpt":"Jesus, remember me when you come into your kingdom (Lk. 23:42) Pilate asks Jesus, \u201cWhat is truth.\u201d\u00a0 And just like that, he leaves and goes to the other side where the Jews are.\u00a0 He cannot bear the truth. Pilate does the same as the high priests and their followers among\u2026","rel":"","context":"In &quot;Homilies and reflections, Year B&quot;","block_context":{"text":"Homilies and reflections, Year B","link":"http:\/\/vincentians.com\/en\/category\/homilies-and-reflections-on-the-word-of-god\/homilies-and-reflections-year-b\/"},"img":{"alt_text":"","src":"https:\/\/i0.wp.com\/vincentians.com\/en\/wp-content\/uploads\/sites\/2\/2016\/07\/ross-featured.jpg?fit=1200%2C630&resize=350%2C200","width":350,"height":200,"srcset":"https:\/\/i0.wp.com\/vincentians.com\/en\/wp-content\/uploads\/sites\/2\/2016\/07\/ross-featured.jpg?fit=1200%2C630&resize=350%2C200 1x, https:\/\/i0.wp.com\/vincentians.com\/en\/wp-content\/uploads\/sites\/2\/2016\/07\/ross-featured.jpg?fit=1200%2C630&resize=525%2C300 1.5x, https:\/\/i0.wp.com\/vincentians.com\/en\/wp-content\/uploads\/sites\/2\/2016\/07\/ross-featured.jpg?fit=1200%2C630&resize=700%2C400 2x, https:\/\/i0.wp.com\/vincentians.com\/en\/wp-content\/uploads\/sites\/2\/2016\/07\/ross-featured.jpg?fit=1200%2C630&resize=1050%2C600 3x"},"classes":[]}],"_links":{"self":[{"href":"http:\/\/vincentians.com\/en\/wp-json\/wp\/v2\/posts\/152587","targetHints":{"allow":["GET"]}}],"collection":[{"href":"http:\/\/vincentians.com\/en\/wp-json\/wp\/v2\/posts"}],"about":[{"href":"http:\/\/vincentians.com\/en\/wp-json\/wp\/v2\/types\/post"}],"author":[{"embeddable":true,"href":"http:\/\/vincentians.com\/en\/wp-json\/wp\/v2\/users\/4"}],"replies":[{"embeddable":true,"href":"http:\/\/vincentians.com\/en\/wp-json\/wp\/v2\/comments?post=152587"}],"version-history":[{"count":0,"href":"http:\/\/vincentians.com\/en\/wp-json\/wp\/v2\/posts\/152587\/revisions"}],"wp:featuredmedia":[{"embeddable":true,"href":"http:\/\/vincentians.com\/en\/wp-json\/wp\/v2\/media\/152533"}],"wp:attachment":[{"href":"http:\/\/vincentians.com\/en\/wp-json\/wp\/v2\/media?parent=152587"}],"wp:term":[{"taxonomy":"category","embeddable":true,"href":"http:\/\/vincentians.com\/en\/wp-json\/wp\/v2\/categories?post=152587"},{"taxonomy":"post_tag","embeddable":true,"href":"http:\/\/vincentians.com\/en\/wp-json\/wp\/v2\/tags?post=152587"}],"curies":[{"name":"wp","href":"https:\/\/api.w.org\/{rel}","templated":true}]}}