{"id":152583,"date":"2016-11-02T05:00:52","date_gmt":"2016-11-02T04:00:52","guid":{"rendered":"http:\/\/vincentians.com\/en\/?p=152583"},"modified":"2016-07-28T05:53:34","modified_gmt":"2016-07-28T03:53:34","slug":"commemoration-of-all-the-faithful-departed-ssvp-usa","status":"publish","type":"post","link":"http:\/\/vincentians.com\/en\/commemoration-of-all-the-faithful-departed-ssvp-usa\/","title":{"rendered":"Commemoration of All the Faithful Departed (SSVP USA)"},"content":{"rendered":"<p><strong>Gospel: (John 17:24-26)<\/strong><\/p>\n<p>Jesus raised his eyes to heaven and said: <em>\u201cFather, those whom you gave me are your gift to me. I wish that where I am they also may be with me, that they may see my glory that you gave me, because you loved me before the foundation of the world. Righteous Father, the world also does not know you, but I know you, and they know that you sent me. I made known to them your name and I will make it known, that the love with which you loved me may be in them and I in them.\u201d<\/em><\/p>\n<p><strong>Reflection:<\/strong><\/p>\n<p>Remembering our departed loved ones in our prayers on this feast day of \u201cAll Souls\u201d is a way of keeping them close to us. Also, praying for the dead, and to the dead, is an important part of the grieving process. Just as we grew in our relationships with out loved ones during their lifetime, so do we continue to deepen our love for them as we remember them in prayer after their death. Praying for the dead reminds us that death isn\u2019t an end but a beginning of new life. Our prayers can be a concrete expression of our belief in everlasting life. (Living Liturgy, p.242)<\/p>\n<p><strong>Vincentian Meditation:<\/strong><\/p>\n<p>In reflecting on death, St. Vincent wrote: \u201cAll our life is but a moment which flies away and disappears quickly. Alas, the seventy years of my life which I have passed, seem to me but a dream and a moment. Nothing remains of them but regret for having so badly employed this time. Let us think of the dissatisfaction we will have at our death, if we do not use this time to be merciful. Let us then be merciful and let us exercise mercy towards all in a way that we will never find a poor man without consoling him\u2026.O Saviour, do not permit that we abuse our vocation. Do not take away from us the spirit of mercy, because what would become of us if You should withdraw your mercy from us. Give us, then, that mercy along with the spirit of gentleness and humility.\u201d (McCullen, <em>Deep Down Things<\/em>, p.137<em>)<\/em><\/p>\n<p><strong>Discussion: <\/strong><em>(Share your thoughts after a moment of silence)<\/em><\/p>\n<p>Who do you remember and pray for especially this \u201cAll Souls Day\u201d?<\/p>\n<p><strong>Closing Prayer:<\/strong><\/p>\n<p>Let us remember our friends and family who have gone before us,<br \/>\n&#8211;<strong>may they celebrate now in the feast of heaven.<\/strong><\/p>\n<p>Let us remember those who suffered death in violence and war,<br \/>\n<strong>-may they be gently received at the table of love.<\/strong><\/p>\n<p>Let us remember all the poor who have gone before us,<br \/>\n<strong>-may they receive the wine of peace and the bread of life.<\/strong><\/p>\n<p>Let us remember the members of our Conference who have died,<br \/>\n<strong>-may they rest in the mercy of God.<\/strong><\/p>\n<p><strong>Amen<\/strong><\/p>\n","protected":false},"excerpt":{"rendered":"<p>Gospel: (John 17:24-26) Jesus raised his eyes to heaven and said: \u201cFather, those whom you gave me are your gift to me. I wish that where I am they also may be with me, that &#8230; <a href=\"http:\/\/vincentians.com\/en\/commemoration-of-all-the-faithful-departed-ssvp-usa\/\" class=\"more-link\">Read More<\/a><\/p>\n","protected":false},"author":4,"featured_media":152533,"comment_status":"open","ping_status":"open","sticky":false,"template":"","format":"standard","meta":{"jetpack_post_was_ever_published":false,"_jetpack_newsletter_access":"","_jetpack_dont_email_post_to_subs":false,"_jetpack_newsletter_tier_id":0,"_jetpack_memberships_contains_paywalled_content":false,"_jetpack_memberships_contains_paid_content":false,"footnotes":"","jetpack_publicize_message":"","jetpack_publicize_feature_enabled":true,"jetpack_social_post_already_shared":true,"jetpack_social_options":{"image_generator_settings":{"template":"highway","default_image_id":0,"font":"","enabled":false},"version":2}},"categories":[94],"tags":[],"class_list":["post-152583","post","type-post","status-publish","format-standard","has-post-thumbnail","hentry","category-homilies-and-reflections-year-c"],"yoast_head":"<!-- This site is optimized with the Yoast SEO plugin v26.3 - https:\/\/yoast.com\/wordpress\/plugins\/seo\/ -->\n<title>Commemoration of All the Faithful Departed (SSVP USA) - We are Vincentians<\/title>\n<meta name=\"description\" content=\"There is no trace of greed in Jesus, and he is, among humans, most rich in what matters to God. Are we like him in this regard?\" \/>\n<meta name=\"robots\" content=\"index, follow, max-snippet:-1, max-image-preview:large, max-video-preview:-1\" \/>\n<link rel=\"canonical\" href=\"https:\/\/vincentians.com\/en\/commemoration-of-all-the-faithful-departed-ssvp-usa\/\" \/>\n<meta property=\"og:locale\" content=\"en_US\" \/>\n<meta property=\"og:type\" content=\"article\" \/>\n<meta property=\"og:title\" content=\"Commemoration of All the Faithful Departed (SSVP USA) - We are Vincentians\" \/>\n<meta property=\"og:description\" content=\"There is no trace of greed in Jesus, and he is, among humans, most rich in what matters to God. Are we like him in this regard?\" \/>\n<meta property=\"og:url\" content=\"https:\/\/vincentians.com\/en\/commemoration-of-all-the-faithful-departed-ssvp-usa\/\" \/>\n<meta property=\"og:site_name\" content=\"We are Vincentians\" \/>\n<meta property=\"article:publisher\" content=\"https:\/\/www.facebook.com\/WeAreVincentians\/\" \/>\n<meta property=\"article:author\" content=\"https:\/\/www.facebook.com\/JavierChento\" \/>\n<meta property=\"article:published_time\" content=\"2016-11-02T04:00:52+00:00\" \/>\n<meta property=\"og:image\" content=\"https:\/\/i0.wp.com\/vincentians.com\/en\/wp-content\/uploads\/sites\/2\/2016\/07\/reflexiones-palabra-de-dios.jpg?fit=1200%2C630&ssl=1\" \/>\n\t<meta property=\"og:image:width\" content=\"1200\" \/>\n\t<meta property=\"og:image:height\" content=\"630\" \/>\n\t<meta property=\"og:image:type\" content=\"image\/jpeg\" \/>\n<meta name=\"author\" content=\"Francisco Javier Fern\u00e1ndez Chento\" \/>\n<meta name=\"twitter:card\" content=\"summary_large_image\" \/>\n<meta name=\"twitter:creator\" content=\"@https:\/\/twitter.com\/javierchento\" \/>\n<meta name=\"twitter:site\" content=\"@WeVincentians\" \/>\n<meta name=\"twitter:label1\" content=\"Written by\" \/>\n\t<meta name=\"twitter:data1\" content=\"Francisco Javier Fern\u00e1ndez Chento\" \/>\n\t<meta name=\"twitter:label2\" content=\"Est. reading time\" \/>\n\t<meta name=\"twitter:data2\" content=\"2 minutes\" \/>\n<script type=\"application\/ld+json\" class=\"yoast-schema-graph\">{\"@context\":\"https:\/\/schema.org\",\"@graph\":[{\"@type\":\"Article\",\"@id\":\"https:\/\/vincentians.com\/en\/commemoration-of-all-the-faithful-departed-ssvp-usa\/#article\",\"isPartOf\":{\"@id\":\"https:\/\/vincentians.com\/en\/commemoration-of-all-the-faithful-departed-ssvp-usa\/\"},\"author\":{\"name\":\"Francisco Javier Fern\u00e1ndez Chento\",\"@id\":\"https:\/\/vincentians.com\/en\/#\/schema\/person\/9623ef4d9aa3b2dfb8c061f1499288f2\"},\"headline\":\"Commemoration of All the Faithful Departed (SSVP USA)\",\"datePublished\":\"2016-11-02T04:00:52+00:00\",\"mainEntityOfPage\":{\"@id\":\"https:\/\/vincentians.com\/en\/commemoration-of-all-the-faithful-departed-ssvp-usa\/\"},\"wordCount\":483,\"commentCount\":0,\"publisher\":{\"@id\":\"https:\/\/vincentians.com\/en\/#organization\"},\"image\":{\"@id\":\"https:\/\/vincentians.com\/en\/commemoration-of-all-the-faithful-departed-ssvp-usa\/#primaryimage\"},\"thumbnailUrl\":\"https:\/\/i0.wp.com\/vincentians.com\/en\/wp-content\/uploads\/sites\/2\/2016\/07\/reflexiones-palabra-de-dios.jpg?fit=1200%2C630\",\"articleSection\":[\"Homilies and reflections, Year C\"],\"inLanguage\":\"en-US\",\"potentialAction\":[{\"@type\":\"CommentAction\",\"name\":\"Comment\",\"target\":[\"https:\/\/vincentians.com\/en\/commemoration-of-all-the-faithful-departed-ssvp-usa\/#respond\"]}]},{\"@type\":\"WebPage\",\"@id\":\"https:\/\/vincentians.com\/en\/commemoration-of-all-the-faithful-departed-ssvp-usa\/\",\"url\":\"https:\/\/vincentians.com\/en\/commemoration-of-all-the-faithful-departed-ssvp-usa\/\",\"name\":\"Commemoration of All the Faithful Departed (SSVP USA) - We are Vincentians\",\"isPartOf\":{\"@id\":\"https:\/\/vincentians.com\/en\/#website\"},\"primaryImageOfPage\":{\"@id\":\"https:\/\/vincentians.com\/en\/commemoration-of-all-the-faithful-departed-ssvp-usa\/#primaryimage\"},\"image\":{\"@id\":\"https:\/\/vincentians.com\/en\/commemoration-of-all-the-faithful-departed-ssvp-usa\/#primaryimage\"},\"thumbnailUrl\":\"https:\/\/i0.wp.com\/vincentians.com\/en\/wp-content\/uploads\/sites\/2\/2016\/07\/reflexiones-palabra-de-dios.jpg?fit=1200%2C630\",\"datePublished\":\"2016-11-02T04:00:52+00:00\",\"description\":\"There is no trace of greed in Jesus, and he is, among humans, most rich in what matters to God. Are we like him in this regard?\",\"breadcrumb\":{\"@id\":\"https:\/\/vincentians.com\/en\/commemoration-of-all-the-faithful-departed-ssvp-usa\/#breadcrumb\"},\"inLanguage\":\"en-US\",\"potentialAction\":[{\"@type\":\"ReadAction\",\"target\":[\"https:\/\/vincentians.com\/en\/commemoration-of-all-the-faithful-departed-ssvp-usa\/\"]}]},{\"@type\":\"ImageObject\",\"inLanguage\":\"en-US\",\"@id\":\"https:\/\/vincentians.com\/en\/commemoration-of-all-the-faithful-departed-ssvp-usa\/#primaryimage\",\"url\":\"https:\/\/i0.wp.com\/vincentians.com\/en\/wp-content\/uploads\/sites\/2\/2016\/07\/reflexiones-palabra-de-dios.jpg?fit=1200%2C630\",\"contentUrl\":\"https:\/\/i0.wp.com\/vincentians.com\/en\/wp-content\/uploads\/sites\/2\/2016\/07\/reflexiones-palabra-de-dios.jpg?fit=1200%2C630\",\"width\":1200,\"height\":630},{\"@type\":\"BreadcrumbList\",\"@id\":\"https:\/\/vincentians.com\/en\/commemoration-of-all-the-faithful-departed-ssvp-usa\/#breadcrumb\",\"itemListElement\":[{\"@type\":\"ListItem\",\"position\":1,\"name\":\"Portada\",\"item\":\"https:\/\/vincentians.com\/en\/\"},{\"@type\":\"ListItem\",\"position\":2,\"name\":\"Commemoration of All the Faithful Departed (SSVP USA)\"}]},{\"@type\":\"WebSite\",\"@id\":\"https:\/\/vincentians.com\/en\/#website\",\"url\":\"https:\/\/vincentians.com\/en\/\",\"name\":\"We are Vincentians\",\"description\":\"Know more to serve more\",\"publisher\":{\"@id\":\"https:\/\/vincentians.com\/en\/#organization\"},\"potentialAction\":[{\"@type\":\"SearchAction\",\"target\":{\"@type\":\"EntryPoint\",\"urlTemplate\":\"https:\/\/vincentians.com\/en\/?s={search_term_string}\"},\"query-input\":{\"@type\":\"PropertyValueSpecification\",\"valueRequired\":true,\"valueName\":\"search_term_string\"}}],\"inLanguage\":\"en-US\"},{\"@type\":\"Organization\",\"@id\":\"https:\/\/vincentians.com\/en\/#organization\",\"name\":\"The Vincentian Network\",\"url\":\"https:\/\/vincentians.com\/en\/\",\"logo\":{\"@type\":\"ImageObject\",\"inLanguage\":\"en-US\",\"@id\":\"https:\/\/vincentians.com\/en\/#\/schema\/logo\/image\/\",\"url\":\"https:\/\/i1.wp.com\/vincentians.com\/en\/wp-content\/uploads\/sites\/2\/2016\/06\/Vincentian-Network-logo-big.png?fit=778%2C778&ssl=1\",\"contentUrl\":\"https:\/\/i1.wp.com\/vincentians.com\/en\/wp-content\/uploads\/sites\/2\/2016\/06\/Vincentian-Network-logo-big.png?fit=778%2C778&ssl=1\",\"width\":778,\"height\":778,\"caption\":\"The Vincentian Network\"},\"image\":{\"@id\":\"https:\/\/vincentians.com\/en\/#\/schema\/logo\/image\/\"},\"sameAs\":[\"https:\/\/www.facebook.com\/WeAreVincentians\/\",\"https:\/\/x.com\/WeVincentians\"]},{\"@type\":\"Person\",\"@id\":\"https:\/\/vincentians.com\/en\/#\/schema\/person\/9623ef4d9aa3b2dfb8c061f1499288f2\",\"name\":\"Francisco Javier Fern\u00e1ndez Chento\",\"image\":{\"@type\":\"ImageObject\",\"inLanguage\":\"en-US\",\"@id\":\"https:\/\/vincentians.com\/en\/#\/schema\/person\/image\/\",\"url\":\"https:\/\/secure.gravatar.com\/avatar\/497d5cde87b4c3d097d0315953521681ba2cd523ee66e5077c3711f7021e65de?s=96&d=mm&r=g\",\"contentUrl\":\"https:\/\/secure.gravatar.com\/avatar\/497d5cde87b4c3d097d0315953521681ba2cd523ee66e5077c3711f7021e65de?s=96&d=mm&r=g\",\"caption\":\"Francisco Javier Fern\u00e1ndez Chento\"},\"description\":\"Director General y cofundador de La Red de Formaci\u00f3n Vicenciana. Javier es laico vicenciano, afiliado a la Congregaci\u00f3n de la Misi\u00f3n y miembro del Equipo de Misiones Populares de la provincia can\u00f3nica de Zaragoza (Espa\u00f1a) de la Congregaci\u00f3n de la Misi\u00f3n. Graduado en la Universidad Oberta de Catalunya con cuatro grados (Asistente de direcci\u00f3n, Gesti\u00f3n Administrativa, Recursos Humanos y Contabilidad Avanzada). Bil\u00edng\u00fce Espa\u00f1ol\/Ingl\u00e9s. gestiona y mantiene varias p\u00e1ginas web cristianas y vicencianas, incluida including La Red de Formaci\u00f3n Vicenciana, de la que es cofundador. Actualmente es responsable del \u00e1rea de Espa\u00f1ol de .famvin, la Red de Noticias de la Familia Vicenciana. Tambi\u00e9n es m\u00fasico cat\u00f3lico y ha editado varios discos. Es Director General y cofundador de Trovador, una reconocida compa\u00f1\u00eda discogr\u00e1fica critiana de Espa\u00f1a. Trabaja en las Tecnolog\u00edas de la Informaci\u00f3n, ofreciendo servicios de alojamiento, dise\u00f1o y mantenimiento Web, as\u00ed como asesoramiento, formaci\u00f3n y soluciones inform\u00e1ticas, gesti\u00f3n documental y digitalizaci\u00f3n de textos, edici\u00f3n y maquetaci\u00f3n de libros, revistas, flyers, etc.\",\"sameAs\":[\"http:\/\/chento.org\",\"https:\/\/www.facebook.com\/JavierChento\",\"https:\/\/x.com\/https:\/\/twitter.com\/javierchento\"],\"url\":\"http:\/\/vincentians.com\/en\/author\/chento\/\"}]}<\/script>\n<!-- \/ Yoast SEO plugin. -->","yoast_head_json":{"title":"Commemoration of All the Faithful Departed (SSVP USA) - We are Vincentians","description":"There is no trace of greed in Jesus, and he is, among humans, most rich in what matters to God. Are we like him in this regard?","robots":{"index":"index","follow":"follow","max-snippet":"max-snippet:-1","max-image-preview":"max-image-preview:large","max-video-preview":"max-video-preview:-1"},"canonical":"https:\/\/vincentians.com\/en\/commemoration-of-all-the-faithful-departed-ssvp-usa\/","og_locale":"en_US","og_type":"article","og_title":"Commemoration of All the Faithful Departed (SSVP USA) - We are Vincentians","og_description":"There is no trace of greed in Jesus, and he is, among humans, most rich in what matters to God. Are we like him in this regard?","og_url":"https:\/\/vincentians.com\/en\/commemoration-of-all-the-faithful-departed-ssvp-usa\/","og_site_name":"We are Vincentians","article_publisher":"https:\/\/www.facebook.com\/WeAreVincentians\/","article_author":"https:\/\/www.facebook.com\/JavierChento","article_published_time":"2016-11-02T04:00:52+00:00","og_image":[{"width":1200,"height":630,"url":"https:\/\/i0.wp.com\/vincentians.com\/en\/wp-content\/uploads\/sites\/2\/2016\/07\/reflexiones-palabra-de-dios.jpg?fit=1200%2C630&ssl=1","type":"image\/jpeg"}],"author":"Francisco Javier Fern\u00e1ndez Chento","twitter_card":"summary_large_image","twitter_creator":"@https:\/\/twitter.com\/javierchento","twitter_site":"@WeVincentians","twitter_misc":{"Written by":"Francisco Javier Fern\u00e1ndez Chento","Est. reading time":"2 minutes"},"schema":{"@context":"https:\/\/schema.org","@graph":[{"@type":"Article","@id":"https:\/\/vincentians.com\/en\/commemoration-of-all-the-faithful-departed-ssvp-usa\/#article","isPartOf":{"@id":"https:\/\/vincentians.com\/en\/commemoration-of-all-the-faithful-departed-ssvp-usa\/"},"author":{"name":"Francisco Javier Fern\u00e1ndez Chento","@id":"https:\/\/vincentians.com\/en\/#\/schema\/person\/9623ef4d9aa3b2dfb8c061f1499288f2"},"headline":"Commemoration of All the Faithful Departed (SSVP USA)","datePublished":"2016-11-02T04:00:52+00:00","mainEntityOfPage":{"@id":"https:\/\/vincentians.com\/en\/commemoration-of-all-the-faithful-departed-ssvp-usa\/"},"wordCount":483,"commentCount":0,"publisher":{"@id":"https:\/\/vincentians.com\/en\/#organization"},"image":{"@id":"https:\/\/vincentians.com\/en\/commemoration-of-all-the-faithful-departed-ssvp-usa\/#primaryimage"},"thumbnailUrl":"https:\/\/i0.wp.com\/vincentians.com\/en\/wp-content\/uploads\/sites\/2\/2016\/07\/reflexiones-palabra-de-dios.jpg?fit=1200%2C630","articleSection":["Homilies and reflections, Year C"],"inLanguage":"en-US","potentialAction":[{"@type":"CommentAction","name":"Comment","target":["https:\/\/vincentians.com\/en\/commemoration-of-all-the-faithful-departed-ssvp-usa\/#respond"]}]},{"@type":"WebPage","@id":"https:\/\/vincentians.com\/en\/commemoration-of-all-the-faithful-departed-ssvp-usa\/","url":"https:\/\/vincentians.com\/en\/commemoration-of-all-the-faithful-departed-ssvp-usa\/","name":"Commemoration of All the Faithful Departed (SSVP USA) - We are Vincentians","isPartOf":{"@id":"https:\/\/vincentians.com\/en\/#website"},"primaryImageOfPage":{"@id":"https:\/\/vincentians.com\/en\/commemoration-of-all-the-faithful-departed-ssvp-usa\/#primaryimage"},"image":{"@id":"https:\/\/vincentians.com\/en\/commemoration-of-all-the-faithful-departed-ssvp-usa\/#primaryimage"},"thumbnailUrl":"https:\/\/i0.wp.com\/vincentians.com\/en\/wp-content\/uploads\/sites\/2\/2016\/07\/reflexiones-palabra-de-dios.jpg?fit=1200%2C630","datePublished":"2016-11-02T04:00:52+00:00","description":"There is no trace of greed in Jesus, and he is, among humans, most rich in what matters to God. Are we like him in this regard?","breadcrumb":{"@id":"https:\/\/vincentians.com\/en\/commemoration-of-all-the-faithful-departed-ssvp-usa\/#breadcrumb"},"inLanguage":"en-US","potentialAction":[{"@type":"ReadAction","target":["https:\/\/vincentians.com\/en\/commemoration-of-all-the-faithful-departed-ssvp-usa\/"]}]},{"@type":"ImageObject","inLanguage":"en-US","@id":"https:\/\/vincentians.com\/en\/commemoration-of-all-the-faithful-departed-ssvp-usa\/#primaryimage","url":"https:\/\/i0.wp.com\/vincentians.com\/en\/wp-content\/uploads\/sites\/2\/2016\/07\/reflexiones-palabra-de-dios.jpg?fit=1200%2C630","contentUrl":"https:\/\/i0.wp.com\/vincentians.com\/en\/wp-content\/uploads\/sites\/2\/2016\/07\/reflexiones-palabra-de-dios.jpg?fit=1200%2C630","width":1200,"height":630},{"@type":"BreadcrumbList","@id":"https:\/\/vincentians.com\/en\/commemoration-of-all-the-faithful-departed-ssvp-usa\/#breadcrumb","itemListElement":[{"@type":"ListItem","position":1,"name":"Portada","item":"https:\/\/vincentians.com\/en\/"},{"@type":"ListItem","position":2,"name":"Commemoration of All the Faithful Departed (SSVP USA)"}]},{"@type":"WebSite","@id":"https:\/\/vincentians.com\/en\/#website","url":"https:\/\/vincentians.com\/en\/","name":"We are Vincentians","description":"Know more to serve more","publisher":{"@id":"https:\/\/vincentians.com\/en\/#organization"},"potentialAction":[{"@type":"SearchAction","target":{"@type":"EntryPoint","urlTemplate":"https:\/\/vincentians.com\/en\/?s={search_term_string}"},"query-input":{"@type":"PropertyValueSpecification","valueRequired":true,"valueName":"search_term_string"}}],"inLanguage":"en-US"},{"@type":"Organization","@id":"https:\/\/vincentians.com\/en\/#organization","name":"The Vincentian Network","url":"https:\/\/vincentians.com\/en\/","logo":{"@type":"ImageObject","inLanguage":"en-US","@id":"https:\/\/vincentians.com\/en\/#\/schema\/logo\/image\/","url":"https:\/\/i1.wp.com\/vincentians.com\/en\/wp-content\/uploads\/sites\/2\/2016\/06\/Vincentian-Network-logo-big.png?fit=778%2C778&ssl=1","contentUrl":"https:\/\/i1.wp.com\/vincentians.com\/en\/wp-content\/uploads\/sites\/2\/2016\/06\/Vincentian-Network-logo-big.png?fit=778%2C778&ssl=1","width":778,"height":778,"caption":"The Vincentian Network"},"image":{"@id":"https:\/\/vincentians.com\/en\/#\/schema\/logo\/image\/"},"sameAs":["https:\/\/www.facebook.com\/WeAreVincentians\/","https:\/\/x.com\/WeVincentians"]},{"@type":"Person","@id":"https:\/\/vincentians.com\/en\/#\/schema\/person\/9623ef4d9aa3b2dfb8c061f1499288f2","name":"Francisco Javier Fern\u00e1ndez Chento","image":{"@type":"ImageObject","inLanguage":"en-US","@id":"https:\/\/vincentians.com\/en\/#\/schema\/person\/image\/","url":"https:\/\/secure.gravatar.com\/avatar\/497d5cde87b4c3d097d0315953521681ba2cd523ee66e5077c3711f7021e65de?s=96&d=mm&r=g","contentUrl":"https:\/\/secure.gravatar.com\/avatar\/497d5cde87b4c3d097d0315953521681ba2cd523ee66e5077c3711f7021e65de?s=96&d=mm&r=g","caption":"Francisco Javier Fern\u00e1ndez Chento"},"description":"Director General y cofundador de La Red de Formaci\u00f3n Vicenciana. Javier es laico vicenciano, afiliado a la Congregaci\u00f3n de la Misi\u00f3n y miembro del Equipo de Misiones Populares de la provincia can\u00f3nica de Zaragoza (Espa\u00f1a) de la Congregaci\u00f3n de la Misi\u00f3n. Graduado en la Universidad Oberta de Catalunya con cuatro grados (Asistente de direcci\u00f3n, Gesti\u00f3n Administrativa, Recursos Humanos y Contabilidad Avanzada). Bil\u00edng\u00fce Espa\u00f1ol\/Ingl\u00e9s. gestiona y mantiene varias p\u00e1ginas web cristianas y vicencianas, incluida including La Red de Formaci\u00f3n Vicenciana, de la que es cofundador. Actualmente es responsable del \u00e1rea de Espa\u00f1ol de .famvin, la Red de Noticias de la Familia Vicenciana. Tambi\u00e9n es m\u00fasico cat\u00f3lico y ha editado varios discos. Es Director General y cofundador de Trovador, una reconocida compa\u00f1\u00eda discogr\u00e1fica critiana de Espa\u00f1a. Trabaja en las Tecnolog\u00edas de la Informaci\u00f3n, ofreciendo servicios de alojamiento, dise\u00f1o y mantenimiento Web, as\u00ed como asesoramiento, formaci\u00f3n y soluciones inform\u00e1ticas, gesti\u00f3n documental y digitalizaci\u00f3n de textos, edici\u00f3n y maquetaci\u00f3n de libros, revistas, flyers, etc.","sameAs":["http:\/\/chento.org","https:\/\/www.facebook.com\/JavierChento","https:\/\/x.com\/https:\/\/twitter.com\/javierchento"],"url":"http:\/\/vincentians.com\/en\/author\/chento\/"}]}},"jetpack_publicize_connections":[],"jetpack_featured_media_url":"https:\/\/i0.wp.com\/vincentians.com\/en\/wp-content\/uploads\/sites\/2\/2016\/07\/reflexiones-palabra-de-dios.jpg?fit=1200%2C630","jetpack_sharing_enabled":true,"jetpack_shortlink":"https:\/\/wp.me\/p7K2Ow-DH1","jetpack-related-posts":[{"id":147743,"url":"http:\/\/vincentians.com\/en\/easter-sunday-jose-antonio-pagola-4\/","url_meta":{"origin":152583,"position":0},"title":"Easter Sunday (Jos\u00e9 Antonio Pagola)","author":"Ross Reyes Dizon","date":"March 22, 2016","format":false,"excerpt":"WHERE TO SEEK THE LIVING ONE? Faith in Jesus whom the Father raised from the dead did not spring up naturally and spontaneously in the hearts of the disciples. Before meeting him fully alive, the Gospel writers speak about their disorientation, their queries about the theme of the tomb, their\u2026","rel":"","context":"In &quot;Homilies and reflections, Year C&quot;","block_context":{"text":"Homilies and reflections, Year C","link":"http:\/\/vincentians.com\/en\/category\/homilies-and-reflections-on-the-word-of-god\/homilies-and-reflections-year-c\/"},"img":{"alt_text":"","src":"https:\/\/i0.wp.com\/vincentians.com\/en\/wp-content\/uploads\/sites\/2\/2016\/07\/pagola-feat.jpg?fit=1200%2C630&resize=350%2C200","width":350,"height":200,"srcset":"https:\/\/i0.wp.com\/vincentians.com\/en\/wp-content\/uploads\/sites\/2\/2016\/07\/pagola-feat.jpg?fit=1200%2C630&resize=350%2C200 1x, https:\/\/i0.wp.com\/vincentians.com\/en\/wp-content\/uploads\/sites\/2\/2016\/07\/pagola-feat.jpg?fit=1200%2C630&resize=525%2C300 1.5x, https:\/\/i0.wp.com\/vincentians.com\/en\/wp-content\/uploads\/sites\/2\/2016\/07\/pagola-feat.jpg?fit=1200%2C630&resize=700%2C400 2x, https:\/\/i0.wp.com\/vincentians.com\/en\/wp-content\/uploads\/sites\/2\/2016\/07\/pagola-feat.jpg?fit=1200%2C630&resize=1050%2C600 3x"},"classes":[]},{"id":153611,"url":"http:\/\/vincentians.com\/en\/14th-sunday-ot-rdizonreyes-image\/","url_meta":{"origin":152583,"position":1},"title":"14th Sunday in O.T. (Ross Reyes Dizon)","author":"Ross Reyes Dizon","date":"July 4, 2017","format":false,"excerpt":"Image of the invisible and inaccessible God Jesus is the very imprint of the being of God.\u00a0 He shows by words and deeds what it means to mirror faithfully the who God created us in his image. No one has ever seen God.\u00a0 Nor can we go near the light\u2026","rel":"","context":"In &quot;Homilies and reflections, Year A&quot;","block_context":{"text":"Homilies and reflections, Year A","link":"http:\/\/vincentians.com\/en\/category\/homilies-and-reflections-on-the-word-of-god\/homilies-and-reflections-year-a\/"},"img":{"alt_text":"","src":"https:\/\/i0.wp.com\/vincentians.com\/en\/wp-content\/uploads\/sites\/2\/2016\/07\/ross-featured.jpg?fit=1200%2C630&resize=350%2C200","width":350,"height":200,"srcset":"https:\/\/i0.wp.com\/vincentians.com\/en\/wp-content\/uploads\/sites\/2\/2016\/07\/ross-featured.jpg?fit=1200%2C630&resize=350%2C200 1x, https:\/\/i0.wp.com\/vincentians.com\/en\/wp-content\/uploads\/sites\/2\/2016\/07\/ross-featured.jpg?fit=1200%2C630&resize=525%2C300 1.5x, https:\/\/i0.wp.com\/vincentians.com\/en\/wp-content\/uploads\/sites\/2\/2016\/07\/ross-featured.jpg?fit=1200%2C630&resize=700%2C400 2x, https:\/\/i0.wp.com\/vincentians.com\/en\/wp-content\/uploads\/sites\/2\/2016\/07\/ross-featured.jpg?fit=1200%2C630&resize=1050%2C600 3x"},"classes":[]},{"id":152559,"url":"http:\/\/vincentians.com\/en\/26th-sunday-in-t-ssvp-usa\/","url_meta":{"origin":152583,"position":2},"title":"26th Sunday in O.T. (SSVP USA)","author":"Francisco Javier Fern\u00e1ndez Chento","date":"September 21, 2016","format":false,"excerpt":"Gospel: (Luke 16:19-31) Jesus said to the Pharisees: \u201cThere was a rich man who dressed in purple garments and fine linen and dined sumptuously each day. And lying at his door was a poor man Lazarus, covered with sores, who would gladly have eaten his fill of the scraps that\u2026","rel":"","context":"In &quot;Homilies and reflections, Year C&quot;","block_context":{"text":"Homilies and reflections, Year C","link":"http:\/\/vincentians.com\/en\/category\/homilies-and-reflections-on-the-word-of-god\/homilies-and-reflections-year-c\/"},"img":{"alt_text":"","src":"https:\/\/i0.wp.com\/vincentians.com\/en\/wp-content\/uploads\/sites\/2\/2016\/07\/reflexiones-palabra-de-dios.jpg?fit=1200%2C630&resize=350%2C200","width":350,"height":200,"srcset":"https:\/\/i0.wp.com\/vincentians.com\/en\/wp-content\/uploads\/sites\/2\/2016\/07\/reflexiones-palabra-de-dios.jpg?fit=1200%2C630&resize=350%2C200 1x, https:\/\/i0.wp.com\/vincentians.com\/en\/wp-content\/uploads\/sites\/2\/2016\/07\/reflexiones-palabra-de-dios.jpg?fit=1200%2C630&resize=525%2C300 1.5x, https:\/\/i0.wp.com\/vincentians.com\/en\/wp-content\/uploads\/sites\/2\/2016\/07\/reflexiones-palabra-de-dios.jpg?fit=1200%2C630&resize=700%2C400 2x, https:\/\/i0.wp.com\/vincentians.com\/en\/wp-content\/uploads\/sites\/2\/2016\/07\/reflexiones-palabra-de-dios.jpg?fit=1200%2C630&resize=1050%2C600 3x"},"classes":[]},{"id":106714,"url":"http:\/\/vincentians.com\/en\/fourth-sunday-in-lent-jose-antonio-pagola\/","url_meta":{"origin":152583,"position":3},"title":"Fourth Sunday in Lent (Jos\u00e9 Antonio Pagola)","author":"Ross Reyes Dizon","date":"March 8, 2013","format":false,"excerpt":"With arms always open For not a few people, God is anything but someone who is capable of bringing joy to their lives.\u00a0 Thinking of him brings them back bad memories: awakened within them is the idea of a threatening and demanding being who makes life more disgusting, uncomfortable and\u2026","rel":"","context":"In &quot;Homilies and reflections, Year C&quot;","block_context":{"text":"Homilies and reflections, Year C","link":"http:\/\/vincentians.com\/en\/category\/homilies-and-reflections-on-the-word-of-god\/homilies-and-reflections-year-c\/"},"img":{"alt_text":"","src":"https:\/\/i0.wp.com\/vincentians.com\/en\/wp-content\/uploads\/sites\/2\/2016\/07\/pagola-feat.jpg?fit=1200%2C630&resize=350%2C200","width":350,"height":200,"srcset":"https:\/\/i0.wp.com\/vincentians.com\/en\/wp-content\/uploads\/sites\/2\/2016\/07\/pagola-feat.jpg?fit=1200%2C630&resize=350%2C200 1x, https:\/\/i0.wp.com\/vincentians.com\/en\/wp-content\/uploads\/sites\/2\/2016\/07\/pagola-feat.jpg?fit=1200%2C630&resize=525%2C300 1.5x, https:\/\/i0.wp.com\/vincentians.com\/en\/wp-content\/uploads\/sites\/2\/2016\/07\/pagola-feat.jpg?fit=1200%2C630&resize=700%2C400 2x, https:\/\/i0.wp.com\/vincentians.com\/en\/wp-content\/uploads\/sites\/2\/2016\/07\/pagola-feat.jpg?fit=1200%2C630&resize=1050%2C600 3x"},"classes":[]},{"id":152102,"url":"http:\/\/vincentians.com\/en\/seventeenth-sunday-o-t-ross-reyes-dizon\/","url_meta":{"origin":152583,"position":4},"title":"Seventeenth Sunday in O.T. (Ross Reyes Dizon)","author":"Ross Reyes Dizon","date":"July 19, 2016","format":false,"excerpt":"\u00a0Prayer of faith that is shamelessly bold Jesus is \u201ca man of the greatest prayer\u201d (SV.EN IX:326).\u00a0 Because of him only, we try hard to be men and women of prayer. \u201cChrist is constantly before the Father in prayer.\u201d\u00a0 His good example prompts one of the disciples to ask, \u201cLord,\u2026","rel":"","context":"In &quot;Christian Formation&quot;","block_context":{"text":"Christian Formation","link":"http:\/\/vincentians.com\/en\/category\/christian-formation\/"},"img":{"alt_text":"","src":"https:\/\/i0.wp.com\/vincentians.com\/en\/wp-content\/uploads\/sites\/2\/2016\/07\/ross-featured.jpg?fit=1200%2C630&resize=350%2C200","width":350,"height":200,"srcset":"https:\/\/i0.wp.com\/vincentians.com\/en\/wp-content\/uploads\/sites\/2\/2016\/07\/ross-featured.jpg?fit=1200%2C630&resize=350%2C200 1x, https:\/\/i0.wp.com\/vincentians.com\/en\/wp-content\/uploads\/sites\/2\/2016\/07\/ross-featured.jpg?fit=1200%2C630&resize=525%2C300 1.5x, https:\/\/i0.wp.com\/vincentians.com\/en\/wp-content\/uploads\/sites\/2\/2016\/07\/ross-featured.jpg?fit=1200%2C630&resize=700%2C400 2x, https:\/\/i0.wp.com\/vincentians.com\/en\/wp-content\/uploads\/sites\/2\/2016\/07\/ross-featured.jpg?fit=1200%2C630&resize=1050%2C600 3x"},"classes":[]},{"id":109583,"url":"http:\/\/vincentians.com\/en\/easter-sunday-rosalino-reyes-dizon\/","url_meta":{"origin":152583,"position":5},"title":"Easter Sunday (Rosalino Reyes Dizon)","author":"Ross Reyes Dizon","date":"April 19, 2014","format":false,"excerpt":"Think of what is above (Col 3, 2) The least of us has risen from the dead and is seated at the right hand of God.\u00a0 Now we await his glorious coming and welcoming words, \u201cCome, you who are blessed by my Father.\u201d \u00a0And\u00a0 we recount his marvelous deeds, \u00a0striving\u2026","rel":"","context":"In &quot;Homilies and reflections, Year A&quot;","block_context":{"text":"Homilies and reflections, Year A","link":"http:\/\/vincentians.com\/en\/category\/homilies-and-reflections-on-the-word-of-god\/homilies-and-reflections-year-a\/"},"img":{"alt_text":"","src":"https:\/\/i0.wp.com\/vincentians.com\/en\/wp-content\/uploads\/sites\/2\/2016\/07\/ross-featured.jpg?fit=1200%2C630&resize=350%2C200","width":350,"height":200,"srcset":"https:\/\/i0.wp.com\/vincentians.com\/en\/wp-content\/uploads\/sites\/2\/2016\/07\/ross-featured.jpg?fit=1200%2C630&resize=350%2C200 1x, https:\/\/i0.wp.com\/vincentians.com\/en\/wp-content\/uploads\/sites\/2\/2016\/07\/ross-featured.jpg?fit=1200%2C630&resize=525%2C300 1.5x, https:\/\/i0.wp.com\/vincentians.com\/en\/wp-content\/uploads\/sites\/2\/2016\/07\/ross-featured.jpg?fit=1200%2C630&resize=700%2C400 2x, https:\/\/i0.wp.com\/vincentians.com\/en\/wp-content\/uploads\/sites\/2\/2016\/07\/ross-featured.jpg?fit=1200%2C630&resize=1050%2C600 3x"},"classes":[]}],"_links":{"self":[{"href":"http:\/\/vincentians.com\/en\/wp-json\/wp\/v2\/posts\/152583","targetHints":{"allow":["GET"]}}],"collection":[{"href":"http:\/\/vincentians.com\/en\/wp-json\/wp\/v2\/posts"}],"about":[{"href":"http:\/\/vincentians.com\/en\/wp-json\/wp\/v2\/types\/post"}],"author":[{"embeddable":true,"href":"http:\/\/vincentians.com\/en\/wp-json\/wp\/v2\/users\/4"}],"replies":[{"embeddable":true,"href":"http:\/\/vincentians.com\/en\/wp-json\/wp\/v2\/comments?post=152583"}],"version-history":[{"count":0,"href":"http:\/\/vincentians.com\/en\/wp-json\/wp\/v2\/posts\/152583\/revisions"}],"wp:featuredmedia":[{"embeddable":true,"href":"http:\/\/vincentians.com\/en\/wp-json\/wp\/v2\/media\/152533"}],"wp:attachment":[{"href":"http:\/\/vincentians.com\/en\/wp-json\/wp\/v2\/media?parent=152583"}],"wp:term":[{"taxonomy":"category","embeddable":true,"href":"http:\/\/vincentians.com\/en\/wp-json\/wp\/v2\/categories?post=152583"},{"taxonomy":"post_tag","embeddable":true,"href":"http:\/\/vincentians.com\/en\/wp-json\/wp\/v2\/tags?post=152583"}],"curies":[{"name":"wp","href":"https:\/\/api.w.org\/{rel}","templated":true}]}}