{"id":152424,"date":"2016-07-28T14:00:22","date_gmt":"2016-07-28T12:00:22","guid":{"rendered":"http:\/\/vincentians.com\/en\/?p=152424"},"modified":"2020-05-06T08:49:30","modified_gmt":"2020-05-06T06:49:30","slug":"who-was-felix-clave","status":"publish","type":"post","link":"http:\/\/vincentians.com\/en\/who-was-felix-clave\/","title":{"rendered":"Who was Felix Clav\u00e9?"},"content":{"rendered":"<p style=\"padding-left: 60px;\"><i>\u201cEven Algiers is answering our call, an association, of which Clav\u00e9 and several of our<\/i> old friends form the nucleus, is being formed under the auspices of its saintly bishop.\u201d<br \/>\n\u2013 letter from Ozanam to Pessoneaux, March 13, 1840<\/p>\n<div id=\"attachment_154047\" style=\"width: 232px\" class=\"wp-caption alignright\"><a href=\"https:\/\/i0.wp.com\/vincentians.com\/en\/wp-content\/uploads\/sites\/2\/2016\/07\/Felix-Clave-1.jpg\"><img data-recalc-dims=\"1\" loading=\"lazy\" decoding=\"async\" aria-describedby=\"caption-attachment-154047\" data-attachment-id=\"154047\" data-permalink=\"http:\/\/vincentians.com\/en\/who-was-felix-clave\/felix-clave-2\/\" data-orig-file=\"https:\/\/i0.wp.com\/vincentians.com\/en\/wp-content\/uploads\/sites\/2\/2016\/07\/Felix-Clave-1.jpg?fit=946%2C1280\" data-orig-size=\"946,1280\" data-comments-opened=\"1\" data-image-meta=\"{&quot;aperture&quot;:&quot;0&quot;,&quot;credit&quot;:&quot;&quot;,&quot;camera&quot;:&quot;&quot;,&quot;caption&quot;:&quot;&quot;,&quot;created_timestamp&quot;:&quot;0&quot;,&quot;copyright&quot;:&quot;&quot;,&quot;focal_length&quot;:&quot;0&quot;,&quot;iso&quot;:&quot;0&quot;,&quot;shutter_speed&quot;:&quot;0&quot;,&quot;title&quot;:&quot;&quot;,&quot;orientation&quot;:&quot;0&quot;}\" data-image-title=\"Felix Clave\" data-image-description=\"\" data-image-caption=\"\" data-medium-file=\"https:\/\/i0.wp.com\/vincentians.com\/en\/wp-content\/uploads\/sites\/2\/2016\/07\/Felix-Clave-1.jpg?fit=222%2C300\" data-large-file=\"https:\/\/i0.wp.com\/vincentians.com\/en\/wp-content\/uploads\/sites\/2\/2016\/07\/Felix-Clave-1.jpg?fit=757%2C1024\" class=\"wp-image-154047 size-medium\" src=\"https:\/\/i0.wp.com\/vincentians.com\/en\/wp-content\/uploads\/sites\/2\/2016\/07\/Felix-Clave-1.jpg?resize=222%2C300\" alt=\"\" width=\"222\" height=\"300\" srcset=\"https:\/\/i0.wp.com\/vincentians.com\/en\/wp-content\/uploads\/sites\/2\/2016\/07\/Felix-Clave-1.jpg?resize=222%2C300 222w, https:\/\/i0.wp.com\/vincentians.com\/en\/wp-content\/uploads\/sites\/2\/2016\/07\/Felix-Clave-1.jpg?resize=757%2C1024 757w, https:\/\/i0.wp.com\/vincentians.com\/en\/wp-content\/uploads\/sites\/2\/2016\/07\/Felix-Clave-1.jpg?resize=768%2C1039 768w, https:\/\/i0.wp.com\/vincentians.com\/en\/wp-content\/uploads\/sites\/2\/2016\/07\/Felix-Clave-1.jpg?resize=74%2C100 74w, https:\/\/i0.wp.com\/vincentians.com\/en\/wp-content\/uploads\/sites\/2\/2016\/07\/Felix-Clave-1.jpg?resize=100%2C135 100w, https:\/\/i0.wp.com\/vincentians.com\/en\/wp-content\/uploads\/sites\/2\/2016\/07\/Felix-Clave-1.jpg?resize=846%2C1145 846w, https:\/\/i0.wp.com\/vincentians.com\/en\/wp-content\/uploads\/sites\/2\/2016\/07\/Felix-Clave-1.jpg?w=946 946w\" sizes=\"auto, (max-width: 222px) 100vw, 222px\" \/><\/a><p id=\"caption-attachment-154047\" class=\"wp-caption-text\">Felix Clav\u00e9<\/p><\/div>\n<p>Felix Clav\u00e9 is said to be the least known of our Society&#8217;s founders. That is only partially true, however. He was born in southern France on July 8, 1811, probably in the Province of Haute-Pyrenees. Often he is described as being from Toulouse, but \u2013 if that is the case \u2013 he was there only a short time. His father, Guillaume Clav\u00e9, may have been from a noble family, but if so, the Clav\u00e9s had experienced setbacks. The elder Clav\u00e9 made his living operating a series of boarding schools. Before Felix\u2019s birth his father was teaching in Bordeaux. Because of Guillaume\u2019s loyalty to the monarchy, however, he lost this position and returned to the Pyrenees. His loyalty was rewarded with a position as Principal of the College of Dax, where he stayed for one year before opening his own boarding school in Bordeaux in 1821. Felix was undoubtedly one of his first students.<\/p>\n<p>This school became a well-regarded and successful institution, but after some unknown difficulties Guillaume chose to settle in Paris in May 1830. He experienced some obstacles in setting up his school in Paris because the education officials required him to have a Bachelor of Science degree in addition to his arts degree. He was admitted to the university and was allowed to open a school while he pursued his degree, which he received in 1838. His school, called the \u201cClav\u00e9 Institution,\u201d was located close to the Church of St. Philippe du Roule, and Guillaume taught the children of prosperous tradesman. About half of the students were boarders. The student body is largely young Spaniards and Mexicans. This may be explained by the likelihood that Guillaume spoke fluent Spanish and that the second of his daughters, Petronille Mary-Louise Celina, married a prosperous Mexican, Don Manuel Zulayeta, in Paris in February 1833.<\/p>\n<p>As a university student, Felix was an adherent of the utopian-socialist St. Simonian teachings, but he was won over by the arguments of Ozanam and the other Catholics who took part in the Conference of History. What course of study Clav\u00e9 pursued is unclear; many sources say it was law. Clav\u00e9 associated himself with Ozanam&#8217;s friends and was a present at the first meeting of the Conference of Charity. Clav\u00e9 remained an active member while he lived in Paris. When a new pastor, Fr. Faudet, came to St.-Etienne-du- Mont within a year of the founding of the Conference, Mr. Bailly gave an indication of his regard for Felix by choosing him to meet with and explain to the priest the nature and workings of the Conference of Charity that existed within his parish bounds. Fr. Faudet was a little uncertain about the novel group but accepted an invitation to attend a conference meeting. He left the meeting a dedicated supporter of the new Society.<\/p>\n<p>After the initial 1835 split of the first conference into two groups \u2013 one at St.-Etienne-du- Mont and one at St. Sulpice \u2013 Clav\u00e9 formed the third conference at St. Philippe du Roule with the help of the pastor, Fr. Maret. This parish was a distance from St. Sulpice and was close to where Clav\u00e9 and a number of other early members lived. This third conference was a significant step in the organization\u2019s development because it was more than just a division of the original group. It demonstrated that the structure could actually be duplicated in new parishes. Assistance in organizing this new conference was provided by a team of visitors consisting of Frederic Ozanam and Francois Lallier.<\/p>\n<p>Clav\u00e9\u2019s career seemed uncertain after university. Some of his writings were published, and he may have assisted his father by teaching at the boarding school. He regularly attended daily Mass at St. Philippe, and it was there around Easter of 1838 that he met an attractive woman, Marie de Nicolai, a woman above his social class. Their mutual attraction would come to an unhappy end when she discovered that he was the son of a mere schoolteacher and without wealth or position. It was this woman\u2019s close companion, Marie Capelle (after marriage to be known as Marie Lafarge), who would later destroy Felix\u2019s reputation and cause his name to be associated with the 19th century\u2019s most sensational criminal case.<\/p>\n<p>After a set of flirtatious encounters and poetic letters, Marie Nicolai wished to know :the identity of this handsome stranger. In her memoirs Marie Lafarge recalled,<\/p>\n<blockquote><p>\u201cI learned that his name was Felix Clav\u00e9; I learned that he was a Spaniard, and a literary man. These details were a shock to Mlle. de Nicolai. \u2018My God!\u2019 she cried, \u2018have you not observed, a few paces from St. Philippe, a large white house with a great black sign, on which are several immense yellow letters? \u2026 Well, that great sign and those large letters are without doubt the arms and blazon of our noble unknown. It is the Institution Clav\u00e9\u2026 My God! I love him still \u2013 I shall love him always; but I could never become Madame Clav\u00e9, the wife of a man who gets his money by writing! My mother, my father, would never consent.<\/p>\n<p>What part shall I do?\u2019<\/p>\n<p>\u2018Tell him you will courageously sacrifice him to a prejudice, and will see him no more, in order that he may forget you as speedily as you will forget him!\u2019\u201d<\/p><\/blockquote>\n<p>These details are without dispute, but within two years the story became extremely convoluted. Marie Capelle encouraged this relationship and acted as an intermediary who befriended Clav\u00e9 along the way. Marie Nicolai, however, put a definite end to the relationship in the fall of 1838 and pursued the courtship of another, the Marquis Leautaud.<\/p>\n<p>In October 1838 Felix Clav\u00e9 decided it was best to leave Paris and work in Algeria. Frederic Ozanam related in a letter of July 9, 1839, \u201cEven Algiers is answering our call, an association, of which Clav\u00e9 and several of our old friends form the nucleus, is being formed under the auspices of its saintly bishop.\u201d Clav\u00e9\u2019s presence there was known by Bishop Dupuch of Algeria, with whom Ozanam met in March 1840. The Bishop gave news of Clav\u00e9, \u201cfor whom he had boundless love,\u201d Ozanam wrote. These expressions of affirmation are of interest because they came just at the time when Felix Clav\u00e9 was dragged into a scandal and criminal trial of international interest. His old friends were undoubtedly dumbfounded.<\/p>\n<p>During Clav\u00e9\u2019s absence from France, Marie Cappelle was duped \u2013 to obtain comfort and status \u2013 into a loveless marriage with an older man who purportedly was a prosperous iron manufacturer. Discovering that the facts of his situation were incorrect, she allegedly poisoned him with arsenic. She was not very clever or cautious in committing the crime, however, and was immediately suspected by the family and police. She was soon arrested. Her arrest renewed suspicions of the Marquis Leautaud, \u2013 now the husband of her old friend Marie Nicolai \u2013 regarding a jewel theft that occurred when Lafarge had visited them the previous summer. The police were informed and found the diamonds in the Lafarge house. In order to justify this theft, Madame Lafarge invented a story in which Felix Clav\u00e9 was threatening to tell terrible tales about his romance with Marie Nicolai unless he would be paid off.<\/p>\n<p>The trial of the attractive Marie Lafarge, who declared she was innocent of the charges of both murder and theft, became one of the first truly international media spectacles. It was covered throughout Europe and was a source of conversation, as one source described it, \u201cfrom cottage to court.\u201d Marie Lafarge received thousands of letters and responded to them all. The scandal did great damage to Clav\u00e9\u2019s reputation. A Paris newspaper carried this statement of Lafarge as part of a front-page article: \u201cM. Felix Clav\u00e9, you are a coward. I have cried to you from the depth of my prison, I have demanded from everybody, from the world, from the Press, from your own remorse, to carry my voice to the interior of the desert where you hide yourself. Why do you delay to avenge your honor and that of her whom you ruin? You have crossed the seas to remake your fortune. Could not you cross them to remake your reputation?\u201d<\/p>\n<p>Clav\u00e9 never returned to testify, but around the time of the trial he traveled to Mexico and worked for several years for his sister\u2019s husband, Don Manuel Zulayeta. Back in France, people came from all over to attend the trial. According to witnesses on his behalf at the Lafarge trial, Clav\u00e9 was an honorable person who had good employment and no need of blackmail money. The woman allegedly being blackmailed also adamantly denied that the blackmail threats had any basis in fact.<\/p>\n<p>Marie Lafarge offered no defense at trial but maintained her innocence. She was convicted of theft. A later appeal upheld the verdict but raised many questions that were never satisfactorily answered. Lafarge went on to be convicted of murder in a trial that became an even bigger media circus. The case is notable for being the first in history in which scientific forensic testing for evidence was employed. The prosecution used the newly developed Marsh Test for arsenic in the corpse of Mr. Lafarge. The test having first been done improperly by local investigators occasioned the calling of Dr. Orfila, the most famous toxicologist of his day. He arrived \u2013 attended by great publicity \u2013 to redo the tests on the exhumed body of Mr. Lafarge and testified against Marie. Since the entire murder plot closely resembled a fictional murder case that had been serialized in French newspapers several years prior to the crime, the trial also provoked a series of social commentaries questioning the advisability of husbands allowing their wives to read newspapers or fiction. Such was the drama into which Felix Clav\u00e9 was unwittingly drawn.<\/p>\n<p>Even while in prison as a convicted murderer and jewel thief, Madame Lafarge continued to damage the reputation of Felix Clav\u00e9. Her well-written \u201cMemoirs of Madame Lafarge\u201d identified him on page after page and cast him as the least-sympathetic character in the entire saga. The work became an international bestseller and was translated into many languages. She continued to get thousands of supporting letters, many containing proposals of marriage.<\/p>\n<p>Clav\u00e9 returned to France but was deeply affected by these incidents. His health was damaged and his reason was affected. He nevertheless married and published several works, among which were collections of poetry and a book on Pius IX, published in 1848. His nervous troubles increased, and his wife resigned herself to committing him to an asylum in the Pyrenees. Felix Clav\u00e9 died at 42 in Pau on November 9, 1853 \u2013 two months after Frederic Ozanam&#8217;s death.<\/p>\n<p>It is not surprising that for a long time the Society refused to speak of this founder, whose portrait did not even appear in the gallery devoted to early members. It was not truly because Clav\u00e9 was the least-known among our founders, but rather because the scandal did not suit a fledgling society of devout Catholics dedicated to service of the poor.<\/p>\n","protected":false},"excerpt":{"rendered":"<p>\u201cEven Algiers is answering our call, an association, of which Clav\u00e9 and several of our old friends form the nucleus, is being formed under the auspices of its saintly bishop.\u201d \u2013 letter from Ozanam to &#8230; <a href=\"http:\/\/vincentians.com\/en\/who-was-felix-clave\/\" class=\"more-link\">Read More<\/a><\/p>\n","protected":false},"author":4,"featured_media":152431,"comment_status":"open","ping_status":"open","sticky":false,"template":"","format":"standard","meta":{"jetpack_post_was_ever_published":false,"_jetpack_newsletter_access":"","_jetpack_dont_email_post_to_subs":false,"_jetpack_newsletter_tier_id":0,"_jetpack_memberships_contains_paywalled_content":false,"_jetpack_memberships_contains_paid_content":false,"footnotes":"","jetpack_publicize_message":"","jetpack_publicize_feature_enabled":true,"jetpack_social_post_already_shared":true,"jetpack_social_options":{"image_generator_settings":{"template":"highway","default_image_id":0,"font":"","enabled":false},"version":2}},"categories":[105,114],"tags":[],"class_list":["post-152424","post","type-post","status-publish","format-standard","has-post-thumbnail","hentry","category-at-the-time-of-frederic-ozanam","category-lay-vincentians-biographies"],"yoast_head":"<!-- This site is optimized with the Yoast SEO plugin v26.3 - https:\/\/yoast.com\/wordpress\/plugins\/seo\/ -->\n<title>Who was Felix Clav\u00e9? - We are Vincentians<\/title>\n<meta name=\"robots\" content=\"index, follow, max-snippet:-1, max-image-preview:large, max-video-preview:-1\" \/>\n<link rel=\"canonical\" href=\"http:\/\/vincentians.com\/en\/who-was-felix-clave\/\" \/>\n<meta property=\"og:locale\" content=\"en_US\" \/>\n<meta property=\"og:type\" content=\"article\" \/>\n<meta property=\"og:title\" content=\"Who was Felix Clav\u00e9? - We are Vincentians\" \/>\n<meta property=\"og:description\" content=\"\u201cEven Algiers is answering our call, an association, of which Clav\u00e9 and several of our old friends form the nucleus, is being formed under the auspices of its saintly bishop.\u201d \u2013 letter from Ozanam to ... Read More\" \/>\n<meta property=\"og:url\" content=\"http:\/\/vincentians.com\/en\/who-was-felix-clave\/\" \/>\n<meta property=\"og:site_name\" content=\"We are Vincentians\" \/>\n<meta property=\"article:publisher\" content=\"https:\/\/www.facebook.com\/WeAreVincentians\/\" \/>\n<meta property=\"article:author\" content=\"https:\/\/www.facebook.com\/JavierChento\" \/>\n<meta property=\"article:published_time\" content=\"2016-07-28T12:00:22+00:00\" \/>\n<meta property=\"article:modified_time\" content=\"2020-05-06T06:49:30+00:00\" \/>\n<meta property=\"og:image\" content=\"https:\/\/i0.wp.com\/vincentians.com\/en\/wp-content\/uploads\/sites\/2\/2016\/07\/Felix-Clave.jpg?fit=1200%2C630\" \/>\n\t<meta property=\"og:image:width\" content=\"1200\" \/>\n\t<meta property=\"og:image:height\" content=\"630\" \/>\n\t<meta property=\"og:image:type\" content=\"image\/jpeg\" \/>\n<meta name=\"author\" content=\"Francisco Javier Fern\u00e1ndez Chento\" \/>\n<meta name=\"twitter:card\" content=\"summary_large_image\" \/>\n<meta name=\"twitter:creator\" content=\"@https:\/\/twitter.com\/javierchento\" \/>\n<meta name=\"twitter:site\" content=\"@WeVincentians\" \/>\n<meta name=\"twitter:label1\" content=\"Written by\" \/>\n\t<meta name=\"twitter:data1\" content=\"Francisco Javier Fern\u00e1ndez Chento\" \/>\n\t<meta name=\"twitter:label2\" content=\"Est. reading time\" \/>\n\t<meta name=\"twitter:data2\" content=\"9 minutes\" \/>\n<script type=\"application\/ld+json\" class=\"yoast-schema-graph\">{\"@context\":\"https:\/\/schema.org\",\"@graph\":[{\"@type\":\"Article\",\"@id\":\"http:\/\/vincentians.com\/en\/who-was-felix-clave\/#article\",\"isPartOf\":{\"@id\":\"http:\/\/vincentians.com\/en\/who-was-felix-clave\/\"},\"author\":{\"name\":\"Francisco Javier Fern\u00e1ndez Chento\",\"@id\":\"https:\/\/vincentians.com\/en\/#\/schema\/person\/9623ef4d9aa3b2dfb8c061f1499288f2\"},\"headline\":\"Who was Felix Clav\u00e9?\",\"datePublished\":\"2016-07-28T12:00:22+00:00\",\"dateModified\":\"2020-05-06T06:49:30+00:00\",\"mainEntityOfPage\":{\"@id\":\"http:\/\/vincentians.com\/en\/who-was-felix-clave\/\"},\"wordCount\":1882,\"commentCount\":0,\"publisher\":{\"@id\":\"https:\/\/vincentians.com\/en\/#organization\"},\"image\":{\"@id\":\"http:\/\/vincentians.com\/en\/who-was-felix-clave\/#primaryimage\"},\"thumbnailUrl\":\"https:\/\/i0.wp.com\/vincentians.com\/en\/wp-content\/uploads\/sites\/2\/2016\/07\/Felix-Clave.jpg?fit=1200%2C630\",\"articleSection\":[\"At the time of Fr\u00e9d\u00e9ric Ozanam\",\"Lay Vincentians Biographies\"],\"inLanguage\":\"en-US\",\"potentialAction\":[{\"@type\":\"CommentAction\",\"name\":\"Comment\",\"target\":[\"http:\/\/vincentians.com\/en\/who-was-felix-clave\/#respond\"]}]},{\"@type\":\"WebPage\",\"@id\":\"http:\/\/vincentians.com\/en\/who-was-felix-clave\/\",\"url\":\"http:\/\/vincentians.com\/en\/who-was-felix-clave\/\",\"name\":\"Who was Felix Clav\u00e9? - We are Vincentians\",\"isPartOf\":{\"@id\":\"https:\/\/vincentians.com\/en\/#website\"},\"primaryImageOfPage\":{\"@id\":\"http:\/\/vincentians.com\/en\/who-was-felix-clave\/#primaryimage\"},\"image\":{\"@id\":\"http:\/\/vincentians.com\/en\/who-was-felix-clave\/#primaryimage\"},\"thumbnailUrl\":\"https:\/\/i0.wp.com\/vincentians.com\/en\/wp-content\/uploads\/sites\/2\/2016\/07\/Felix-Clave.jpg?fit=1200%2C630\",\"datePublished\":\"2016-07-28T12:00:22+00:00\",\"dateModified\":\"2020-05-06T06:49:30+00:00\",\"breadcrumb\":{\"@id\":\"http:\/\/vincentians.com\/en\/who-was-felix-clave\/#breadcrumb\"},\"inLanguage\":\"en-US\",\"potentialAction\":[{\"@type\":\"ReadAction\",\"target\":[\"http:\/\/vincentians.com\/en\/who-was-felix-clave\/\"]}]},{\"@type\":\"ImageObject\",\"inLanguage\":\"en-US\",\"@id\":\"http:\/\/vincentians.com\/en\/who-was-felix-clave\/#primaryimage\",\"url\":\"https:\/\/i0.wp.com\/vincentians.com\/en\/wp-content\/uploads\/sites\/2\/2016\/07\/Felix-Clave.jpg?fit=1200%2C630\",\"contentUrl\":\"https:\/\/i0.wp.com\/vincentians.com\/en\/wp-content\/uploads\/sites\/2\/2016\/07\/Felix-Clave.jpg?fit=1200%2C630\",\"width\":1200,\"height\":630},{\"@type\":\"BreadcrumbList\",\"@id\":\"http:\/\/vincentians.com\/en\/who-was-felix-clave\/#breadcrumb\",\"itemListElement\":[{\"@type\":\"ListItem\",\"position\":1,\"name\":\"Portada\",\"item\":\"https:\/\/vincentians.com\/en\/\"},{\"@type\":\"ListItem\",\"position\":2,\"name\":\"Who was Felix Clav\u00e9?\"}]},{\"@type\":\"WebSite\",\"@id\":\"https:\/\/vincentians.com\/en\/#website\",\"url\":\"https:\/\/vincentians.com\/en\/\",\"name\":\"We are Vincentians\",\"description\":\"Know more to serve more\",\"publisher\":{\"@id\":\"https:\/\/vincentians.com\/en\/#organization\"},\"potentialAction\":[{\"@type\":\"SearchAction\",\"target\":{\"@type\":\"EntryPoint\",\"urlTemplate\":\"https:\/\/vincentians.com\/en\/?s={search_term_string}\"},\"query-input\":{\"@type\":\"PropertyValueSpecification\",\"valueRequired\":true,\"valueName\":\"search_term_string\"}}],\"inLanguage\":\"en-US\"},{\"@type\":\"Organization\",\"@id\":\"https:\/\/vincentians.com\/en\/#organization\",\"name\":\"The Vincentian Network\",\"url\":\"https:\/\/vincentians.com\/en\/\",\"logo\":{\"@type\":\"ImageObject\",\"inLanguage\":\"en-US\",\"@id\":\"https:\/\/vincentians.com\/en\/#\/schema\/logo\/image\/\",\"url\":\"https:\/\/i1.wp.com\/vincentians.com\/en\/wp-content\/uploads\/sites\/2\/2016\/06\/Vincentian-Network-logo-big.png?fit=778%2C778&ssl=1\",\"contentUrl\":\"https:\/\/i1.wp.com\/vincentians.com\/en\/wp-content\/uploads\/sites\/2\/2016\/06\/Vincentian-Network-logo-big.png?fit=778%2C778&ssl=1\",\"width\":778,\"height\":778,\"caption\":\"The Vincentian Network\"},\"image\":{\"@id\":\"https:\/\/vincentians.com\/en\/#\/schema\/logo\/image\/\"},\"sameAs\":[\"https:\/\/www.facebook.com\/WeAreVincentians\/\",\"https:\/\/x.com\/WeVincentians\"]},{\"@type\":\"Person\",\"@id\":\"https:\/\/vincentians.com\/en\/#\/schema\/person\/9623ef4d9aa3b2dfb8c061f1499288f2\",\"name\":\"Francisco Javier Fern\u00e1ndez Chento\",\"image\":{\"@type\":\"ImageObject\",\"inLanguage\":\"en-US\",\"@id\":\"https:\/\/vincentians.com\/en\/#\/schema\/person\/image\/\",\"url\":\"https:\/\/secure.gravatar.com\/avatar\/497d5cde87b4c3d097d0315953521681ba2cd523ee66e5077c3711f7021e65de?s=96&d=mm&r=g\",\"contentUrl\":\"https:\/\/secure.gravatar.com\/avatar\/497d5cde87b4c3d097d0315953521681ba2cd523ee66e5077c3711f7021e65de?s=96&d=mm&r=g\",\"caption\":\"Francisco Javier Fern\u00e1ndez Chento\"},\"description\":\"Director General y cofundador de La Red de Formaci\u00f3n Vicenciana. Javier es laico vicenciano, afiliado a la Congregaci\u00f3n de la Misi\u00f3n y miembro del Equipo de Misiones Populares de la provincia can\u00f3nica de Zaragoza (Espa\u00f1a) de la Congregaci\u00f3n de la Misi\u00f3n. Graduado en la Universidad Oberta de Catalunya con cuatro grados (Asistente de direcci\u00f3n, Gesti\u00f3n Administrativa, Recursos Humanos y Contabilidad Avanzada). Bil\u00edng\u00fce Espa\u00f1ol\/Ingl\u00e9s. gestiona y mantiene varias p\u00e1ginas web cristianas y vicencianas, incluida including La Red de Formaci\u00f3n Vicenciana, de la que es cofundador. Actualmente es responsable del \u00e1rea de Espa\u00f1ol de .famvin, la Red de Noticias de la Familia Vicenciana. Tambi\u00e9n es m\u00fasico cat\u00f3lico y ha editado varios discos. Es Director General y cofundador de Trovador, una reconocida compa\u00f1\u00eda discogr\u00e1fica critiana de Espa\u00f1a. Trabaja en las Tecnolog\u00edas de la Informaci\u00f3n, ofreciendo servicios de alojamiento, dise\u00f1o y mantenimiento Web, as\u00ed como asesoramiento, formaci\u00f3n y soluciones inform\u00e1ticas, gesti\u00f3n documental y digitalizaci\u00f3n de textos, edici\u00f3n y maquetaci\u00f3n de libros, revistas, flyers, etc.\",\"sameAs\":[\"http:\/\/chento.org\",\"https:\/\/www.facebook.com\/JavierChento\",\"https:\/\/x.com\/https:\/\/twitter.com\/javierchento\"],\"url\":\"http:\/\/vincentians.com\/en\/author\/chento\/\"}]}<\/script>\n<!-- \/ Yoast SEO plugin. -->","yoast_head_json":{"title":"Who was Felix Clav\u00e9? - We are Vincentians","robots":{"index":"index","follow":"follow","max-snippet":"max-snippet:-1","max-image-preview":"max-image-preview:large","max-video-preview":"max-video-preview:-1"},"canonical":"http:\/\/vincentians.com\/en\/who-was-felix-clave\/","og_locale":"en_US","og_type":"article","og_title":"Who was Felix Clav\u00e9? - We are Vincentians","og_description":"\u201cEven Algiers is answering our call, an association, of which Clav\u00e9 and several of our old friends form the nucleus, is being formed under the auspices of its saintly bishop.\u201d \u2013 letter from Ozanam to ... Read More","og_url":"http:\/\/vincentians.com\/en\/who-was-felix-clave\/","og_site_name":"We are Vincentians","article_publisher":"https:\/\/www.facebook.com\/WeAreVincentians\/","article_author":"https:\/\/www.facebook.com\/JavierChento","article_published_time":"2016-07-28T12:00:22+00:00","article_modified_time":"2020-05-06T06:49:30+00:00","og_image":[{"width":1200,"height":630,"url":"https:\/\/i0.wp.com\/vincentians.com\/en\/wp-content\/uploads\/sites\/2\/2016\/07\/Felix-Clave.jpg?fit=1200%2C630","type":"image\/jpeg"}],"author":"Francisco Javier Fern\u00e1ndez Chento","twitter_card":"summary_large_image","twitter_creator":"@https:\/\/twitter.com\/javierchento","twitter_site":"@WeVincentians","twitter_misc":{"Written by":"Francisco Javier Fern\u00e1ndez Chento","Est. reading time":"9 minutes"},"schema":{"@context":"https:\/\/schema.org","@graph":[{"@type":"Article","@id":"http:\/\/vincentians.com\/en\/who-was-felix-clave\/#article","isPartOf":{"@id":"http:\/\/vincentians.com\/en\/who-was-felix-clave\/"},"author":{"name":"Francisco Javier Fern\u00e1ndez Chento","@id":"https:\/\/vincentians.com\/en\/#\/schema\/person\/9623ef4d9aa3b2dfb8c061f1499288f2"},"headline":"Who was Felix Clav\u00e9?","datePublished":"2016-07-28T12:00:22+00:00","dateModified":"2020-05-06T06:49:30+00:00","mainEntityOfPage":{"@id":"http:\/\/vincentians.com\/en\/who-was-felix-clave\/"},"wordCount":1882,"commentCount":0,"publisher":{"@id":"https:\/\/vincentians.com\/en\/#organization"},"image":{"@id":"http:\/\/vincentians.com\/en\/who-was-felix-clave\/#primaryimage"},"thumbnailUrl":"https:\/\/i0.wp.com\/vincentians.com\/en\/wp-content\/uploads\/sites\/2\/2016\/07\/Felix-Clave.jpg?fit=1200%2C630","articleSection":["At the time of Fr\u00e9d\u00e9ric Ozanam","Lay Vincentians Biographies"],"inLanguage":"en-US","potentialAction":[{"@type":"CommentAction","name":"Comment","target":["http:\/\/vincentians.com\/en\/who-was-felix-clave\/#respond"]}]},{"@type":"WebPage","@id":"http:\/\/vincentians.com\/en\/who-was-felix-clave\/","url":"http:\/\/vincentians.com\/en\/who-was-felix-clave\/","name":"Who was Felix Clav\u00e9? - We are Vincentians","isPartOf":{"@id":"https:\/\/vincentians.com\/en\/#website"},"primaryImageOfPage":{"@id":"http:\/\/vincentians.com\/en\/who-was-felix-clave\/#primaryimage"},"image":{"@id":"http:\/\/vincentians.com\/en\/who-was-felix-clave\/#primaryimage"},"thumbnailUrl":"https:\/\/i0.wp.com\/vincentians.com\/en\/wp-content\/uploads\/sites\/2\/2016\/07\/Felix-Clave.jpg?fit=1200%2C630","datePublished":"2016-07-28T12:00:22+00:00","dateModified":"2020-05-06T06:49:30+00:00","breadcrumb":{"@id":"http:\/\/vincentians.com\/en\/who-was-felix-clave\/#breadcrumb"},"inLanguage":"en-US","potentialAction":[{"@type":"ReadAction","target":["http:\/\/vincentians.com\/en\/who-was-felix-clave\/"]}]},{"@type":"ImageObject","inLanguage":"en-US","@id":"http:\/\/vincentians.com\/en\/who-was-felix-clave\/#primaryimage","url":"https:\/\/i0.wp.com\/vincentians.com\/en\/wp-content\/uploads\/sites\/2\/2016\/07\/Felix-Clave.jpg?fit=1200%2C630","contentUrl":"https:\/\/i0.wp.com\/vincentians.com\/en\/wp-content\/uploads\/sites\/2\/2016\/07\/Felix-Clave.jpg?fit=1200%2C630","width":1200,"height":630},{"@type":"BreadcrumbList","@id":"http:\/\/vincentians.com\/en\/who-was-felix-clave\/#breadcrumb","itemListElement":[{"@type":"ListItem","position":1,"name":"Portada","item":"https:\/\/vincentians.com\/en\/"},{"@type":"ListItem","position":2,"name":"Who was Felix Clav\u00e9?"}]},{"@type":"WebSite","@id":"https:\/\/vincentians.com\/en\/#website","url":"https:\/\/vincentians.com\/en\/","name":"We are Vincentians","description":"Know more to serve more","publisher":{"@id":"https:\/\/vincentians.com\/en\/#organization"},"potentialAction":[{"@type":"SearchAction","target":{"@type":"EntryPoint","urlTemplate":"https:\/\/vincentians.com\/en\/?s={search_term_string}"},"query-input":{"@type":"PropertyValueSpecification","valueRequired":true,"valueName":"search_term_string"}}],"inLanguage":"en-US"},{"@type":"Organization","@id":"https:\/\/vincentians.com\/en\/#organization","name":"The Vincentian Network","url":"https:\/\/vincentians.com\/en\/","logo":{"@type":"ImageObject","inLanguage":"en-US","@id":"https:\/\/vincentians.com\/en\/#\/schema\/logo\/image\/","url":"https:\/\/i1.wp.com\/vincentians.com\/en\/wp-content\/uploads\/sites\/2\/2016\/06\/Vincentian-Network-logo-big.png?fit=778%2C778&ssl=1","contentUrl":"https:\/\/i1.wp.com\/vincentians.com\/en\/wp-content\/uploads\/sites\/2\/2016\/06\/Vincentian-Network-logo-big.png?fit=778%2C778&ssl=1","width":778,"height":778,"caption":"The Vincentian Network"},"image":{"@id":"https:\/\/vincentians.com\/en\/#\/schema\/logo\/image\/"},"sameAs":["https:\/\/www.facebook.com\/WeAreVincentians\/","https:\/\/x.com\/WeVincentians"]},{"@type":"Person","@id":"https:\/\/vincentians.com\/en\/#\/schema\/person\/9623ef4d9aa3b2dfb8c061f1499288f2","name":"Francisco Javier Fern\u00e1ndez Chento","image":{"@type":"ImageObject","inLanguage":"en-US","@id":"https:\/\/vincentians.com\/en\/#\/schema\/person\/image\/","url":"https:\/\/secure.gravatar.com\/avatar\/497d5cde87b4c3d097d0315953521681ba2cd523ee66e5077c3711f7021e65de?s=96&d=mm&r=g","contentUrl":"https:\/\/secure.gravatar.com\/avatar\/497d5cde87b4c3d097d0315953521681ba2cd523ee66e5077c3711f7021e65de?s=96&d=mm&r=g","caption":"Francisco Javier Fern\u00e1ndez Chento"},"description":"Director General y cofundador de La Red de Formaci\u00f3n Vicenciana. Javier es laico vicenciano, afiliado a la Congregaci\u00f3n de la Misi\u00f3n y miembro del Equipo de Misiones Populares de la provincia can\u00f3nica de Zaragoza (Espa\u00f1a) de la Congregaci\u00f3n de la Misi\u00f3n. Graduado en la Universidad Oberta de Catalunya con cuatro grados (Asistente de direcci\u00f3n, Gesti\u00f3n Administrativa, Recursos Humanos y Contabilidad Avanzada). Bil\u00edng\u00fce Espa\u00f1ol\/Ingl\u00e9s. gestiona y mantiene varias p\u00e1ginas web cristianas y vicencianas, incluida including La Red de Formaci\u00f3n Vicenciana, de la que es cofundador. Actualmente es responsable del \u00e1rea de Espa\u00f1ol de .famvin, la Red de Noticias de la Familia Vicenciana. Tambi\u00e9n es m\u00fasico cat\u00f3lico y ha editado varios discos. Es Director General y cofundador de Trovador, una reconocida compa\u00f1\u00eda discogr\u00e1fica critiana de Espa\u00f1a. Trabaja en las Tecnolog\u00edas de la Informaci\u00f3n, ofreciendo servicios de alojamiento, dise\u00f1o y mantenimiento Web, as\u00ed como asesoramiento, formaci\u00f3n y soluciones inform\u00e1ticas, gesti\u00f3n documental y digitalizaci\u00f3n de textos, edici\u00f3n y maquetaci\u00f3n de libros, revistas, flyers, etc.","sameAs":["http:\/\/chento.org","https:\/\/www.facebook.com\/JavierChento","https:\/\/x.com\/https:\/\/twitter.com\/javierchento"],"url":"http:\/\/vincentians.com\/en\/author\/chento\/"}]}},"jetpack_publicize_connections":[],"jetpack_featured_media_url":"https:\/\/i0.wp.com\/vincentians.com\/en\/wp-content\/uploads\/sites\/2\/2016\/07\/Felix-Clave.jpg?fit=1200%2C630","jetpack_sharing_enabled":true,"jetpack_shortlink":"https:\/\/wp.me\/p7K2Ow-DEs","jetpack-related-posts":[{"id":150957,"url":"http:\/\/vincentians.com\/en\/early-days-of-the-society-of-st-vincent-paul-difficult-decisions\/","url_meta":{"origin":152424,"position":0},"title":"Early Days of the Society of St. Vincent de Paul: Difficult Decisions","author":"Francisco Javier Fern\u00e1ndez Chento","date":"July 16, 2016","format":false,"excerpt":"The Society started by Ozanam and his friends on 23 April 1833 in the offices of La Tribune Catholique was set to grow and develop very quickly. Ozanam had a vision of expansion, but four of the original group of seven, Auguste Le Taillandier, Felix Clav\u00e9, Paul Lamache and Jules\u2026","rel":"","context":"In &quot;Fr\u00e9d\u00e9ric Ozanam&quot;","block_context":{"text":"Fr\u00e9d\u00e9ric Ozanam","link":"http:\/\/vincentians.com\/en\/category\/the-vincentian-family\/founders\/frederic-ozanam\/"},"img":{"alt_text":"","src":"https:\/\/i0.wp.com\/vincentians.com\/en\/wp-content\/uploads\/sites\/2\/2016\/07\/young-ozanam.jpg?fit=1200%2C630&resize=350%2C200","width":350,"height":200,"srcset":"https:\/\/i0.wp.com\/vincentians.com\/en\/wp-content\/uploads\/sites\/2\/2016\/07\/young-ozanam.jpg?fit=1200%2C630&resize=350%2C200 1x, https:\/\/i0.wp.com\/vincentians.com\/en\/wp-content\/uploads\/sites\/2\/2016\/07\/young-ozanam.jpg?fit=1200%2C630&resize=525%2C300 1.5x, https:\/\/i0.wp.com\/vincentians.com\/en\/wp-content\/uploads\/sites\/2\/2016\/07\/young-ozanam.jpg?fit=1200%2C630&resize=700%2C400 2x, https:\/\/i0.wp.com\/vincentians.com\/en\/wp-content\/uploads\/sites\/2\/2016\/07\/young-ozanam.jpg?fit=1200%2C630&resize=1050%2C600 3x"},"classes":[]},{"id":64828,"url":"http:\/\/vincentians.com\/en\/frederic-ozanam-a-layman-for-now-chapter-2\/","url_meta":{"origin":152424,"position":1},"title":"Fr\u00e9d\u00e9ric Ozanam, A Layman for Now. Chapter 2","author":"Francisco Javier Fern\u00e1ndez Chento","date":"September 10, 2016","format":false,"excerpt":"Chapter 2 - Biographical Sketch Frederic Ozanam was born on April 23, 1813 in Milan, Italy. He was the fifth child of fourteen born to Jean-Antoine- Francoise and Marie Nantas Ozanam, ardent French Catholics of middle-class circumstances. His father had served with distinction as an officer under Napoleon, retiring early\u2026","rel":"","context":"In &quot;Fr\u00e9d\u00e9ric Ozanam&quot;","block_context":{"text":"Fr\u00e9d\u00e9ric Ozanam","link":"http:\/\/vincentians.com\/en\/category\/the-vincentian-family\/founders\/frederic-ozanam\/"},"img":{"alt_text":"","src":"https:\/\/i0.wp.com\/vincentians.com\/en\/wp-content\/uploads\/sites\/2\/2016\/07\/frederic-ozanam-layman-for-now.jpg?fit=1200%2C630&resize=350%2C200","width":350,"height":200,"srcset":"https:\/\/i0.wp.com\/vincentians.com\/en\/wp-content\/uploads\/sites\/2\/2016\/07\/frederic-ozanam-layman-for-now.jpg?fit=1200%2C630&resize=350%2C200 1x, https:\/\/i0.wp.com\/vincentians.com\/en\/wp-content\/uploads\/sites\/2\/2016\/07\/frederic-ozanam-layman-for-now.jpg?fit=1200%2C630&resize=525%2C300 1.5x, https:\/\/i0.wp.com\/vincentians.com\/en\/wp-content\/uploads\/sites\/2\/2016\/07\/frederic-ozanam-layman-for-now.jpg?fit=1200%2C630&resize=700%2C400 2x, https:\/\/i0.wp.com\/vincentians.com\/en\/wp-content\/uploads\/sites\/2\/2016\/07\/frederic-ozanam-layman-for-now.jpg?fit=1200%2C630&resize=1050%2C600 3x"},"classes":[]},{"id":149866,"url":"http:\/\/vincentians.com\/en\/in-paris-winning-the-mind-of-intellectual-france-for-god\/","url_meta":{"origin":152424,"position":2},"title":"In Paris: Winning the mind of intellectual France for God","author":"Francisco Javier Fern\u00e1ndez Chento","date":"July 13, 2016","format":false,"excerpt":"Frederic Ozanam was eighteen when he left Lyons for Paris. He made the long journey by boat and carriage, and was exhausted when he eventually arrived at the house of Madame Marcel where his parents had made arrangements for him to lodge. He was glad to get to bed. Next\u2026","rel":"","context":"In &quot;Fr\u00e9d\u00e9ric Ozanam&quot;","block_context":{"text":"Fr\u00e9d\u00e9ric Ozanam","link":"http:\/\/vincentians.com\/en\/category\/the-vincentian-family\/founders\/frederic-ozanam\/"},"img":{"alt_text":"","src":"https:\/\/i0.wp.com\/vincentians.com\/en\/wp-content\/uploads\/sites\/2\/2016\/07\/young-ozanam.jpg?fit=1200%2C630&resize=350%2C200","width":350,"height":200,"srcset":"https:\/\/i0.wp.com\/vincentians.com\/en\/wp-content\/uploads\/sites\/2\/2016\/07\/young-ozanam.jpg?fit=1200%2C630&resize=350%2C200 1x, https:\/\/i0.wp.com\/vincentians.com\/en\/wp-content\/uploads\/sites\/2\/2016\/07\/young-ozanam.jpg?fit=1200%2C630&resize=525%2C300 1.5x, https:\/\/i0.wp.com\/vincentians.com\/en\/wp-content\/uploads\/sites\/2\/2016\/07\/young-ozanam.jpg?fit=1200%2C630&resize=700%2C400 2x, https:\/\/i0.wp.com\/vincentians.com\/en\/wp-content\/uploads\/sites\/2\/2016\/07\/young-ozanam.jpg?fit=1200%2C630&resize=1050%2C600 3x"},"classes":[]},{"id":104893,"url":"http:\/\/vincentians.com\/en\/blessed-frederic-ozanam-biography-iii\/","url_meta":{"origin":152424,"position":3},"title":"Blessed Frederic Ozanam Biography (III)","author":"Francisco Javier Fern\u00e1ndez Chento","date":"November 13, 2013","format":false,"excerpt":"Faith and Charity The poor: The face of Christ In Frederic Ozanam\u2019s eyes, faith without charity had no meaning. That is why his advice turned quickly into an entreaty when he spoke to his young friends: \u201cThe earth has become a chilly place. It is up to us Catholics to\u2026","rel":"","context":"In &quot;Fr\u00e9d\u00e9ric Ozanam&quot;","block_context":{"text":"Fr\u00e9d\u00e9ric Ozanam","link":"http:\/\/vincentians.com\/en\/category\/the-vincentian-family\/founders\/frederic-ozanam\/"},"img":{"alt_text":"","src":"https:\/\/i0.wp.com\/vincentians.com\/en\/wp-content\/uploads\/sites\/2\/2016\/06\/frederick-ozanam.jpg?fit=1200%2C630&resize=350%2C200","width":350,"height":200,"srcset":"https:\/\/i0.wp.com\/vincentians.com\/en\/wp-content\/uploads\/sites\/2\/2016\/06\/frederick-ozanam.jpg?fit=1200%2C630&resize=350%2C200 1x, https:\/\/i0.wp.com\/vincentians.com\/en\/wp-content\/uploads\/sites\/2\/2016\/06\/frederick-ozanam.jpg?fit=1200%2C630&resize=525%2C300 1.5x, https:\/\/i0.wp.com\/vincentians.com\/en\/wp-content\/uploads\/sites\/2\/2016\/06\/frederick-ozanam.jpg?fit=1200%2C630&resize=700%2C400 2x, https:\/\/i0.wp.com\/vincentians.com\/en\/wp-content\/uploads\/sites\/2\/2016\/06\/frederick-ozanam.jpg?fit=1200%2C630&resize=1050%2C600 3x"},"classes":[]},{"id":109080,"url":"http:\/\/vincentians.com\/en\/ozanam-in-his-correspondence-monsignor-baunard-07\/","url_meta":{"origin":152424,"position":4},"title":"Ozanam in his correspondence (Monsignor Baunard) 07","author":"Francisco Javier Fern\u00e1ndez Chento","date":"January 29, 2014","format":false,"excerpt":"Chapter VI: The Conference of Charity. The Society of St. Vincent de Paul Bailly, President \u2013 Ozanam, founder \u2013 The beginning \u2013 Sister Rosalie \u2013 Ozanam among his poor \u2013 The feast of Corpus Christi at Nanterre \u2013 Amp\u00e8re and Ozanam \u2013 Gustave de la Noue. M. Bailly had drunk\u2026","rel":"","context":"In &quot;Fr\u00e9d\u00e9ric Ozanam&quot;","block_context":{"text":"Fr\u00e9d\u00e9ric Ozanam","link":"http:\/\/vincentians.com\/en\/category\/the-vincentian-family\/founders\/frederic-ozanam\/"},"img":{"alt_text":"","src":"https:\/\/i0.wp.com\/vincentians.com\/en\/wp-content\/uploads\/sites\/2\/2016\/06\/ozanam_1.jpg?fit=1200%2C630&resize=350%2C200","width":350,"height":200,"srcset":"https:\/\/i0.wp.com\/vincentians.com\/en\/wp-content\/uploads\/sites\/2\/2016\/06\/ozanam_1.jpg?fit=1200%2C630&resize=350%2C200 1x, https:\/\/i0.wp.com\/vincentians.com\/en\/wp-content\/uploads\/sites\/2\/2016\/06\/ozanam_1.jpg?fit=1200%2C630&resize=525%2C300 1.5x, https:\/\/i0.wp.com\/vincentians.com\/en\/wp-content\/uploads\/sites\/2\/2016\/06\/ozanam_1.jpg?fit=1200%2C630&resize=700%2C400 2x, https:\/\/i0.wp.com\/vincentians.com\/en\/wp-content\/uploads\/sites\/2\/2016\/06\/ozanam_1.jpg?fit=1200%2C630&resize=1050%2C600 3x"},"classes":[]},{"id":150956,"url":"http:\/\/vincentians.com\/en\/frederic-ozanam-meets-rosalie-rendu-from-conference-of-history-to-society-of-st-vincent-paul\/","url_meta":{"origin":152424,"position":5},"title":"Frederic Ozanam meets Rosalie Rendu: From Conference of History to Society of St. Vincent de Paul","author":"Francisco Javier Fern\u00e1ndez Chento","date":"July 14, 2016","format":false,"excerpt":"The Conference of History, the student movement founded by Ozanam and his friends under the protection of Emmanuel Bailly, for the defence of the faith, had among its objectives to provide spiritual nourishment for young people coming to study in Paris. It formed a rallying-point and a place of shelter\u2026","rel":"","context":"In &quot;Fr\u00e9d\u00e9ric Ozanam&quot;","block_context":{"text":"Fr\u00e9d\u00e9ric Ozanam","link":"http:\/\/vincentians.com\/en\/category\/the-vincentian-family\/founders\/frederic-ozanam\/"},"img":{"alt_text":"","src":"https:\/\/i0.wp.com\/vincentians.com\/en\/wp-content\/uploads\/sites\/2\/2016\/07\/young-ozanam.jpg?fit=1200%2C630&resize=350%2C200","width":350,"height":200,"srcset":"https:\/\/i0.wp.com\/vincentians.com\/en\/wp-content\/uploads\/sites\/2\/2016\/07\/young-ozanam.jpg?fit=1200%2C630&resize=350%2C200 1x, https:\/\/i0.wp.com\/vincentians.com\/en\/wp-content\/uploads\/sites\/2\/2016\/07\/young-ozanam.jpg?fit=1200%2C630&resize=525%2C300 1.5x, https:\/\/i0.wp.com\/vincentians.com\/en\/wp-content\/uploads\/sites\/2\/2016\/07\/young-ozanam.jpg?fit=1200%2C630&resize=700%2C400 2x, https:\/\/i0.wp.com\/vincentians.com\/en\/wp-content\/uploads\/sites\/2\/2016\/07\/young-ozanam.jpg?fit=1200%2C630&resize=1050%2C600 3x"},"classes":[]}],"_links":{"self":[{"href":"http:\/\/vincentians.com\/en\/wp-json\/wp\/v2\/posts\/152424","targetHints":{"allow":["GET"]}}],"collection":[{"href":"http:\/\/vincentians.com\/en\/wp-json\/wp\/v2\/posts"}],"about":[{"href":"http:\/\/vincentians.com\/en\/wp-json\/wp\/v2\/types\/post"}],"author":[{"embeddable":true,"href":"http:\/\/vincentians.com\/en\/wp-json\/wp\/v2\/users\/4"}],"replies":[{"embeddable":true,"href":"http:\/\/vincentians.com\/en\/wp-json\/wp\/v2\/comments?post=152424"}],"version-history":[{"count":1,"href":"http:\/\/vincentians.com\/en\/wp-json\/wp\/v2\/posts\/152424\/revisions"}],"predecessor-version":[{"id":154048,"href":"http:\/\/vincentians.com\/en\/wp-json\/wp\/v2\/posts\/152424\/revisions\/154048"}],"wp:featuredmedia":[{"embeddable":true,"href":"http:\/\/vincentians.com\/en\/wp-json\/wp\/v2\/media\/152431"}],"wp:attachment":[{"href":"http:\/\/vincentians.com\/en\/wp-json\/wp\/v2\/media?parent=152424"}],"wp:term":[{"taxonomy":"category","embeddable":true,"href":"http:\/\/vincentians.com\/en\/wp-json\/wp\/v2\/categories?post=152424"},{"taxonomy":"post_tag","embeddable":true,"href":"http:\/\/vincentians.com\/en\/wp-json\/wp\/v2\/tags?post=152424"}],"curies":[{"name":"wp","href":"https:\/\/api.w.org\/{rel}","templated":true}]}}