{"id":151714,"date":"2016-07-18T21:00:35","date_gmt":"2016-07-18T19:00:35","guid":{"rendered":"http:\/\/vincentians.com\/en\/?p=151714"},"modified":"2016-07-18T21:01:06","modified_gmt":"2016-07-18T19:01:06","slug":"new-in-the-library-life-of-st-vincent-paul-pierre-collet","status":"publish","type":"post","link":"http:\/\/vincentians.com\/en\/new-in-the-library-life-of-st-vincent-paul-pierre-collet\/","title":{"rendered":"New in the Library: &#8220;Life of St. Vincent de Paul&#8221; (Pierre Collet)"},"content":{"rendered":"<p>Pierre Collet,<em> Life of St. Vincent de Paul: Founder of the Congregation of the Mission and the Sisters of Charity<\/em>, trans. by a Catholic Clergyman (Baltimore, Md: John Murphy and Co., 1850).<\/p>\n<div class=\"wpfilebase-file-default\" onclick=\"if('undefined' == typeof event.target.href) document.getElementById('wpfb-file-link-1').click();\">\r\n  <div class=\"icon\"><a href=\"http:\/\/vincentians.com\/en\/download\/vincentian_readings\/biographies_and_studies\/saint_vincent_de_paul\/Life-of-St-Vincent-de-Paul-founder-of-the-Congregation-of-the-Mission-and-of-the-Sisters-of-Charity.pdf\" target=\"_blank\" title=\"Download Life Of St Vincent De Paul, Founder Of The Congregation Of The Mission And Of The Sisters Of Charity\"><img data-recalc-dims=\"1\" decoding=\"async\" align=\"middle\" src=\"https:\/\/i0.wp.com\/vincentians.com\/en\/wp-includes\/images\/crystal\/document.png?w=846\" alt=\"Life Of St Vincent De Paul, Founder Of The Congregation Of The Mission And Of The Sisters Of Charity\" \/><\/a><\/div>\r\n  <div class=\"filetitle\">\r\n    <a href=\"http:\/\/vincentians.com\/en\/download\/vincentian_readings\/biographies_and_studies\/saint_vincent_de_paul\/Life-of-St-Vincent-de-Paul-founder-of-the-Congregation-of-the-Mission-and-of-the-Sisters-of-Charity.pdf\" title=\"Download Life Of St Vincent De Paul, Founder Of The Congregation Of The Mission And Of The Sisters Of Charity\" target=\"_blank\" id=\"wpfb-file-link-1\">Life Of St Vincent De Paul, Founder Of The Congregation Of The Mission And Of The Sisters Of Charity<\/a>\r\n    \r\n    <br \/>\r\n    Life-of-St-Vincent-de-Paul-founder-of-the-Congregation-of-the-Mission-and-of-the-Sisters-of-Charity.pdf<br \/>\r\n    \r\n  <\/div>\r\n  <div class=\"info\">\r\n    7.8 MiB<br \/>\r\n    175 Downloads<br \/>\r\n    <a href=\"#\" onclick=\"return wpfilebase_filedetails(1);\">Details<\/a>\r\n  <\/div>\r\n  <div class=\"details\" id=\"wpfilebase-filedetails1\" style=\"display: none;\">\r\n  \r\n  <table border=\"0\">\r\n   <tr><td><strong>Languages:<\/strong><\/td><td>English<\/td><\/tr>\r\n   <tr><td><strong>Author:<\/strong><\/td><td>Pierre Collet<\/td><\/tr>\r\n   \r\n   \r\n   <tr><td><strong>Category:<\/strong><\/td><td>Vincentian Readings \u2192 Biographies and Studies \u2192 Vincent De Paul<\/td><\/tr>\r\n   <tr><td><strong>License:<\/strong><\/td><td>Freeware<\/td><\/tr>\r\n   <tr><td><strong>Date:<\/strong><\/td><td>July 16, 2016<\/td><\/tr>\r\n  <\/table>\r\n  <\/div>\r\n <div style=\"clear: both;\"><\/div>\r\n<\/div>\n","protected":false},"excerpt":{"rendered":"<p>Pierre Collet, Life of St. Vincent de Paul: Founder of the Congregation of the Mission and the Sisters of Charity, trans. by a Catholic Clergyman (Baltimore, Md: John Murphy and Co., 1850).<\/p>\n","protected":false},"author":4,"featured_media":152097,"comment_status":"open","ping_status":"open","sticky":false,"template":"","format":"standard","meta":{"jetpack_post_was_ever_published":false,"_jetpack_newsletter_access":"","_jetpack_dont_email_post_to_subs":false,"_jetpack_newsletter_tier_id":0,"_jetpack_memberships_contains_paywalled_content":false,"_jetpack_memberships_contains_paid_content":false,"footnotes":"","jetpack_publicize_message":"","jetpack_publicize_feature_enabled":true,"jetpack_social_post_already_shared":true,"jetpack_social_options":{"image_generator_settings":{"template":"highway","default_image_id":0,"font":"","enabled":false},"version":2}},"categories":[5],"tags":[],"class_list":["post-151714","post","type-post","status-publish","format-standard","has-post-thumbnail","hentry","category-vincent-de-paul"],"yoast_head":"<!-- This site is optimized with the Yoast SEO plugin v26.3 - https:\/\/yoast.com\/wordpress\/plugins\/seo\/ -->\n<title>New in the Library: &quot;Life of St. Vincent de Paul&quot; (Pierre Collet) - We are Vincentians<\/title>\n<meta name=\"robots\" content=\"index, follow, max-snippet:-1, max-image-preview:large, max-video-preview:-1\" \/>\n<link rel=\"canonical\" href=\"http:\/\/vincentians.com\/en\/new-in-the-library-life-of-st-vincent-paul-pierre-collet\/\" \/>\n<meta property=\"og:locale\" content=\"en_US\" \/>\n<meta property=\"og:type\" content=\"article\" \/>\n<meta property=\"og:title\" content=\"New in the Library: &quot;Life of St. Vincent de Paul&quot; (Pierre Collet) - We are Vincentians\" \/>\n<meta property=\"og:description\" content=\"Pierre Collet, Life of St. Vincent de Paul: Founder of the Congregation of the Mission and the Sisters of Charity, trans. by a Catholic Clergyman (Baltimore, Md: John Murphy and Co., 1850).\" \/>\n<meta property=\"og:url\" content=\"http:\/\/vincentians.com\/en\/new-in-the-library-life-of-st-vincent-paul-pierre-collet\/\" \/>\n<meta property=\"og:site_name\" content=\"We are Vincentians\" \/>\n<meta property=\"article:publisher\" content=\"https:\/\/www.facebook.com\/WeAreVincentians\/\" \/>\n<meta property=\"article:author\" content=\"https:\/\/www.facebook.com\/JavierChento\" \/>\n<meta property=\"article:published_time\" content=\"2016-07-18T19:00:35+00:00\" \/>\n<meta property=\"article:modified_time\" content=\"2016-07-18T19:01:06+00:00\" \/>\n<meta property=\"og:image\" content=\"https:\/\/i0.wp.com\/vincentians.com\/en\/wp-content\/uploads\/sites\/2\/2016\/07\/the-vincentian-digital-library-2.jpg?fit=1200%2C630\" \/>\n\t<meta property=\"og:image:width\" content=\"1200\" \/>\n\t<meta property=\"og:image:height\" content=\"630\" \/>\n\t<meta property=\"og:image:type\" content=\"image\/jpeg\" \/>\n<meta name=\"author\" content=\"Francisco Javier Fern\u00e1ndez Chento\" \/>\n<meta name=\"twitter:card\" content=\"summary_large_image\" \/>\n<meta name=\"twitter:creator\" content=\"@https:\/\/twitter.com\/javierchento\" \/>\n<meta name=\"twitter:site\" content=\"@WeVincentians\" \/>\n<meta name=\"twitter:label1\" content=\"Written by\" \/>\n\t<meta name=\"twitter:data1\" content=\"Francisco Javier Fern\u00e1ndez Chento\" \/>\n<script type=\"application\/ld+json\" class=\"yoast-schema-graph\">{\"@context\":\"https:\/\/schema.org\",\"@graph\":[{\"@type\":\"Article\",\"@id\":\"http:\/\/vincentians.com\/en\/new-in-the-library-life-of-st-vincent-paul-pierre-collet\/#article\",\"isPartOf\":{\"@id\":\"http:\/\/vincentians.com\/en\/new-in-the-library-life-of-st-vincent-paul-pierre-collet\/\"},\"author\":{\"name\":\"Francisco Javier Fern\u00e1ndez Chento\",\"@id\":\"https:\/\/vincentians.com\/en\/#\/schema\/person\/9623ef4d9aa3b2dfb8c061f1499288f2\"},\"headline\":\"New in the Library: &#8220;Life of St. Vincent de Paul&#8221; (Pierre Collet)\",\"datePublished\":\"2016-07-18T19:00:35+00:00\",\"dateModified\":\"2016-07-18T19:01:06+00:00\",\"mainEntityOfPage\":{\"@id\":\"http:\/\/vincentians.com\/en\/new-in-the-library-life-of-st-vincent-paul-pierre-collet\/\"},\"wordCount\":47,\"commentCount\":0,\"publisher\":{\"@id\":\"https:\/\/vincentians.com\/en\/#organization\"},\"image\":{\"@id\":\"http:\/\/vincentians.com\/en\/new-in-the-library-life-of-st-vincent-paul-pierre-collet\/#primaryimage\"},\"thumbnailUrl\":\"https:\/\/i0.wp.com\/vincentians.com\/en\/wp-content\/uploads\/sites\/2\/2016\/07\/the-vincentian-digital-library-2.jpg?fit=1200%2C630\",\"articleSection\":[\"Vincent de Paul\"],\"inLanguage\":\"en-US\",\"potentialAction\":[{\"@type\":\"CommentAction\",\"name\":\"Comment\",\"target\":[\"http:\/\/vincentians.com\/en\/new-in-the-library-life-of-st-vincent-paul-pierre-collet\/#respond\"]}]},{\"@type\":\"WebPage\",\"@id\":\"http:\/\/vincentians.com\/en\/new-in-the-library-life-of-st-vincent-paul-pierre-collet\/\",\"url\":\"http:\/\/vincentians.com\/en\/new-in-the-library-life-of-st-vincent-paul-pierre-collet\/\",\"name\":\"New in the Library: \\\"Life of St. Vincent de Paul\\\" (Pierre Collet) - We are Vincentians\",\"isPartOf\":{\"@id\":\"https:\/\/vincentians.com\/en\/#website\"},\"primaryImageOfPage\":{\"@id\":\"http:\/\/vincentians.com\/en\/new-in-the-library-life-of-st-vincent-paul-pierre-collet\/#primaryimage\"},\"image\":{\"@id\":\"http:\/\/vincentians.com\/en\/new-in-the-library-life-of-st-vincent-paul-pierre-collet\/#primaryimage\"},\"thumbnailUrl\":\"https:\/\/i0.wp.com\/vincentians.com\/en\/wp-content\/uploads\/sites\/2\/2016\/07\/the-vincentian-digital-library-2.jpg?fit=1200%2C630\",\"datePublished\":\"2016-07-18T19:00:35+00:00\",\"dateModified\":\"2016-07-18T19:01:06+00:00\",\"breadcrumb\":{\"@id\":\"http:\/\/vincentians.com\/en\/new-in-the-library-life-of-st-vincent-paul-pierre-collet\/#breadcrumb\"},\"inLanguage\":\"en-US\",\"potentialAction\":[{\"@type\":\"ReadAction\",\"target\":[\"http:\/\/vincentians.com\/en\/new-in-the-library-life-of-st-vincent-paul-pierre-collet\/\"]}]},{\"@type\":\"ImageObject\",\"inLanguage\":\"en-US\",\"@id\":\"http:\/\/vincentians.com\/en\/new-in-the-library-life-of-st-vincent-paul-pierre-collet\/#primaryimage\",\"url\":\"https:\/\/i0.wp.com\/vincentians.com\/en\/wp-content\/uploads\/sites\/2\/2016\/07\/the-vincentian-digital-library-2.jpg?fit=1200%2C630\",\"contentUrl\":\"https:\/\/i0.wp.com\/vincentians.com\/en\/wp-content\/uploads\/sites\/2\/2016\/07\/the-vincentian-digital-library-2.jpg?fit=1200%2C630\",\"width\":1200,\"height\":630},{\"@type\":\"BreadcrumbList\",\"@id\":\"http:\/\/vincentians.com\/en\/new-in-the-library-life-of-st-vincent-paul-pierre-collet\/#breadcrumb\",\"itemListElement\":[{\"@type\":\"ListItem\",\"position\":1,\"name\":\"Portada\",\"item\":\"https:\/\/vincentians.com\/en\/\"},{\"@type\":\"ListItem\",\"position\":2,\"name\":\"New in the Library: &#8220;Life of St. Vincent de Paul&#8221; (Pierre Collet)\"}]},{\"@type\":\"WebSite\",\"@id\":\"https:\/\/vincentians.com\/en\/#website\",\"url\":\"https:\/\/vincentians.com\/en\/\",\"name\":\"We are Vincentians\",\"description\":\"Know more to serve more\",\"publisher\":{\"@id\":\"https:\/\/vincentians.com\/en\/#organization\"},\"potentialAction\":[{\"@type\":\"SearchAction\",\"target\":{\"@type\":\"EntryPoint\",\"urlTemplate\":\"https:\/\/vincentians.com\/en\/?s={search_term_string}\"},\"query-input\":{\"@type\":\"PropertyValueSpecification\",\"valueRequired\":true,\"valueName\":\"search_term_string\"}}],\"inLanguage\":\"en-US\"},{\"@type\":\"Organization\",\"@id\":\"https:\/\/vincentians.com\/en\/#organization\",\"name\":\"The Vincentian Network\",\"url\":\"https:\/\/vincentians.com\/en\/\",\"logo\":{\"@type\":\"ImageObject\",\"inLanguage\":\"en-US\",\"@id\":\"https:\/\/vincentians.com\/en\/#\/schema\/logo\/image\/\",\"url\":\"https:\/\/i1.wp.com\/vincentians.com\/en\/wp-content\/uploads\/sites\/2\/2016\/06\/Vincentian-Network-logo-big.png?fit=778%2C778&ssl=1\",\"contentUrl\":\"https:\/\/i1.wp.com\/vincentians.com\/en\/wp-content\/uploads\/sites\/2\/2016\/06\/Vincentian-Network-logo-big.png?fit=778%2C778&ssl=1\",\"width\":778,\"height\":778,\"caption\":\"The Vincentian Network\"},\"image\":{\"@id\":\"https:\/\/vincentians.com\/en\/#\/schema\/logo\/image\/\"},\"sameAs\":[\"https:\/\/www.facebook.com\/WeAreVincentians\/\",\"https:\/\/x.com\/WeVincentians\"]},{\"@type\":\"Person\",\"@id\":\"https:\/\/vincentians.com\/en\/#\/schema\/person\/9623ef4d9aa3b2dfb8c061f1499288f2\",\"name\":\"Francisco Javier Fern\u00e1ndez Chento\",\"image\":{\"@type\":\"ImageObject\",\"inLanguage\":\"en-US\",\"@id\":\"https:\/\/vincentians.com\/en\/#\/schema\/person\/image\/\",\"url\":\"https:\/\/secure.gravatar.com\/avatar\/497d5cde87b4c3d097d0315953521681ba2cd523ee66e5077c3711f7021e65de?s=96&d=mm&r=g\",\"contentUrl\":\"https:\/\/secure.gravatar.com\/avatar\/497d5cde87b4c3d097d0315953521681ba2cd523ee66e5077c3711f7021e65de?s=96&d=mm&r=g\",\"caption\":\"Francisco Javier Fern\u00e1ndez Chento\"},\"description\":\"Director General y cofundador de La Red de Formaci\u00f3n Vicenciana. Javier es laico vicenciano, afiliado a la Congregaci\u00f3n de la Misi\u00f3n y miembro del Equipo de Misiones Populares de la provincia can\u00f3nica de Zaragoza (Espa\u00f1a) de la Congregaci\u00f3n de la Misi\u00f3n. Graduado en la Universidad Oberta de Catalunya con cuatro grados (Asistente de direcci\u00f3n, Gesti\u00f3n Administrativa, Recursos Humanos y Contabilidad Avanzada). Bil\u00edng\u00fce Espa\u00f1ol\/Ingl\u00e9s. gestiona y mantiene varias p\u00e1ginas web cristianas y vicencianas, incluida including La Red de Formaci\u00f3n Vicenciana, de la que es cofundador. Actualmente es responsable del \u00e1rea de Espa\u00f1ol de .famvin, la Red de Noticias de la Familia Vicenciana. Tambi\u00e9n es m\u00fasico cat\u00f3lico y ha editado varios discos. Es Director General y cofundador de Trovador, una reconocida compa\u00f1\u00eda discogr\u00e1fica critiana de Espa\u00f1a. Trabaja en las Tecnolog\u00edas de la Informaci\u00f3n, ofreciendo servicios de alojamiento, dise\u00f1o y mantenimiento Web, as\u00ed como asesoramiento, formaci\u00f3n y soluciones inform\u00e1ticas, gesti\u00f3n documental y digitalizaci\u00f3n de textos, edici\u00f3n y maquetaci\u00f3n de libros, revistas, flyers, etc.\",\"sameAs\":[\"http:\/\/chento.org\",\"https:\/\/www.facebook.com\/JavierChento\",\"https:\/\/x.com\/https:\/\/twitter.com\/javierchento\"],\"url\":\"http:\/\/vincentians.com\/en\/author\/chento\/\"}]}<\/script>\n<!-- \/ Yoast SEO plugin. -->","yoast_head_json":{"title":"New in the Library: \"Life of St. Vincent de Paul\" (Pierre Collet) - We are Vincentians","robots":{"index":"index","follow":"follow","max-snippet":"max-snippet:-1","max-image-preview":"max-image-preview:large","max-video-preview":"max-video-preview:-1"},"canonical":"http:\/\/vincentians.com\/en\/new-in-the-library-life-of-st-vincent-paul-pierre-collet\/","og_locale":"en_US","og_type":"article","og_title":"New in the Library: \"Life of St. Vincent de Paul\" (Pierre Collet) - We are Vincentians","og_description":"Pierre Collet, Life of St. Vincent de Paul: Founder of the Congregation of the Mission and the Sisters of Charity, trans. by a Catholic Clergyman (Baltimore, Md: John Murphy and Co., 1850).","og_url":"http:\/\/vincentians.com\/en\/new-in-the-library-life-of-st-vincent-paul-pierre-collet\/","og_site_name":"We are Vincentians","article_publisher":"https:\/\/www.facebook.com\/WeAreVincentians\/","article_author":"https:\/\/www.facebook.com\/JavierChento","article_published_time":"2016-07-18T19:00:35+00:00","article_modified_time":"2016-07-18T19:01:06+00:00","og_image":[{"width":1200,"height":630,"url":"https:\/\/i0.wp.com\/vincentians.com\/en\/wp-content\/uploads\/sites\/2\/2016\/07\/the-vincentian-digital-library-2.jpg?fit=1200%2C630","type":"image\/jpeg"}],"author":"Francisco Javier Fern\u00e1ndez Chento","twitter_card":"summary_large_image","twitter_creator":"@https:\/\/twitter.com\/javierchento","twitter_site":"@WeVincentians","twitter_misc":{"Written by":"Francisco Javier Fern\u00e1ndez Chento"},"schema":{"@context":"https:\/\/schema.org","@graph":[{"@type":"Article","@id":"http:\/\/vincentians.com\/en\/new-in-the-library-life-of-st-vincent-paul-pierre-collet\/#article","isPartOf":{"@id":"http:\/\/vincentians.com\/en\/new-in-the-library-life-of-st-vincent-paul-pierre-collet\/"},"author":{"name":"Francisco Javier Fern\u00e1ndez Chento","@id":"https:\/\/vincentians.com\/en\/#\/schema\/person\/9623ef4d9aa3b2dfb8c061f1499288f2"},"headline":"New in the Library: &#8220;Life of St. Vincent de Paul&#8221; (Pierre Collet)","datePublished":"2016-07-18T19:00:35+00:00","dateModified":"2016-07-18T19:01:06+00:00","mainEntityOfPage":{"@id":"http:\/\/vincentians.com\/en\/new-in-the-library-life-of-st-vincent-paul-pierre-collet\/"},"wordCount":47,"commentCount":0,"publisher":{"@id":"https:\/\/vincentians.com\/en\/#organization"},"image":{"@id":"http:\/\/vincentians.com\/en\/new-in-the-library-life-of-st-vincent-paul-pierre-collet\/#primaryimage"},"thumbnailUrl":"https:\/\/i0.wp.com\/vincentians.com\/en\/wp-content\/uploads\/sites\/2\/2016\/07\/the-vincentian-digital-library-2.jpg?fit=1200%2C630","articleSection":["Vincent de Paul"],"inLanguage":"en-US","potentialAction":[{"@type":"CommentAction","name":"Comment","target":["http:\/\/vincentians.com\/en\/new-in-the-library-life-of-st-vincent-paul-pierre-collet\/#respond"]}]},{"@type":"WebPage","@id":"http:\/\/vincentians.com\/en\/new-in-the-library-life-of-st-vincent-paul-pierre-collet\/","url":"http:\/\/vincentians.com\/en\/new-in-the-library-life-of-st-vincent-paul-pierre-collet\/","name":"New in the Library: \"Life of St. Vincent de Paul\" (Pierre Collet) - We are Vincentians","isPartOf":{"@id":"https:\/\/vincentians.com\/en\/#website"},"primaryImageOfPage":{"@id":"http:\/\/vincentians.com\/en\/new-in-the-library-life-of-st-vincent-paul-pierre-collet\/#primaryimage"},"image":{"@id":"http:\/\/vincentians.com\/en\/new-in-the-library-life-of-st-vincent-paul-pierre-collet\/#primaryimage"},"thumbnailUrl":"https:\/\/i0.wp.com\/vincentians.com\/en\/wp-content\/uploads\/sites\/2\/2016\/07\/the-vincentian-digital-library-2.jpg?fit=1200%2C630","datePublished":"2016-07-18T19:00:35+00:00","dateModified":"2016-07-18T19:01:06+00:00","breadcrumb":{"@id":"http:\/\/vincentians.com\/en\/new-in-the-library-life-of-st-vincent-paul-pierre-collet\/#breadcrumb"},"inLanguage":"en-US","potentialAction":[{"@type":"ReadAction","target":["http:\/\/vincentians.com\/en\/new-in-the-library-life-of-st-vincent-paul-pierre-collet\/"]}]},{"@type":"ImageObject","inLanguage":"en-US","@id":"http:\/\/vincentians.com\/en\/new-in-the-library-life-of-st-vincent-paul-pierre-collet\/#primaryimage","url":"https:\/\/i0.wp.com\/vincentians.com\/en\/wp-content\/uploads\/sites\/2\/2016\/07\/the-vincentian-digital-library-2.jpg?fit=1200%2C630","contentUrl":"https:\/\/i0.wp.com\/vincentians.com\/en\/wp-content\/uploads\/sites\/2\/2016\/07\/the-vincentian-digital-library-2.jpg?fit=1200%2C630","width":1200,"height":630},{"@type":"BreadcrumbList","@id":"http:\/\/vincentians.com\/en\/new-in-the-library-life-of-st-vincent-paul-pierre-collet\/#breadcrumb","itemListElement":[{"@type":"ListItem","position":1,"name":"Portada","item":"https:\/\/vincentians.com\/en\/"},{"@type":"ListItem","position":2,"name":"New in the Library: &#8220;Life of St. Vincent de Paul&#8221; (Pierre Collet)"}]},{"@type":"WebSite","@id":"https:\/\/vincentians.com\/en\/#website","url":"https:\/\/vincentians.com\/en\/","name":"We are Vincentians","description":"Know more to serve more","publisher":{"@id":"https:\/\/vincentians.com\/en\/#organization"},"potentialAction":[{"@type":"SearchAction","target":{"@type":"EntryPoint","urlTemplate":"https:\/\/vincentians.com\/en\/?s={search_term_string}"},"query-input":{"@type":"PropertyValueSpecification","valueRequired":true,"valueName":"search_term_string"}}],"inLanguage":"en-US"},{"@type":"Organization","@id":"https:\/\/vincentians.com\/en\/#organization","name":"The Vincentian Network","url":"https:\/\/vincentians.com\/en\/","logo":{"@type":"ImageObject","inLanguage":"en-US","@id":"https:\/\/vincentians.com\/en\/#\/schema\/logo\/image\/","url":"https:\/\/i1.wp.com\/vincentians.com\/en\/wp-content\/uploads\/sites\/2\/2016\/06\/Vincentian-Network-logo-big.png?fit=778%2C778&ssl=1","contentUrl":"https:\/\/i1.wp.com\/vincentians.com\/en\/wp-content\/uploads\/sites\/2\/2016\/06\/Vincentian-Network-logo-big.png?fit=778%2C778&ssl=1","width":778,"height":778,"caption":"The Vincentian Network"},"image":{"@id":"https:\/\/vincentians.com\/en\/#\/schema\/logo\/image\/"},"sameAs":["https:\/\/www.facebook.com\/WeAreVincentians\/","https:\/\/x.com\/WeVincentians"]},{"@type":"Person","@id":"https:\/\/vincentians.com\/en\/#\/schema\/person\/9623ef4d9aa3b2dfb8c061f1499288f2","name":"Francisco Javier Fern\u00e1ndez Chento","image":{"@type":"ImageObject","inLanguage":"en-US","@id":"https:\/\/vincentians.com\/en\/#\/schema\/person\/image\/","url":"https:\/\/secure.gravatar.com\/avatar\/497d5cde87b4c3d097d0315953521681ba2cd523ee66e5077c3711f7021e65de?s=96&d=mm&r=g","contentUrl":"https:\/\/secure.gravatar.com\/avatar\/497d5cde87b4c3d097d0315953521681ba2cd523ee66e5077c3711f7021e65de?s=96&d=mm&r=g","caption":"Francisco Javier Fern\u00e1ndez Chento"},"description":"Director General y cofundador de La Red de Formaci\u00f3n Vicenciana. Javier es laico vicenciano, afiliado a la Congregaci\u00f3n de la Misi\u00f3n y miembro del Equipo de Misiones Populares de la provincia can\u00f3nica de Zaragoza (Espa\u00f1a) de la Congregaci\u00f3n de la Misi\u00f3n. Graduado en la Universidad Oberta de Catalunya con cuatro grados (Asistente de direcci\u00f3n, Gesti\u00f3n Administrativa, Recursos Humanos y Contabilidad Avanzada). Bil\u00edng\u00fce Espa\u00f1ol\/Ingl\u00e9s. gestiona y mantiene varias p\u00e1ginas web cristianas y vicencianas, incluida including La Red de Formaci\u00f3n Vicenciana, de la que es cofundador. Actualmente es responsable del \u00e1rea de Espa\u00f1ol de .famvin, la Red de Noticias de la Familia Vicenciana. Tambi\u00e9n es m\u00fasico cat\u00f3lico y ha editado varios discos. Es Director General y cofundador de Trovador, una reconocida compa\u00f1\u00eda discogr\u00e1fica critiana de Espa\u00f1a. Trabaja en las Tecnolog\u00edas de la Informaci\u00f3n, ofreciendo servicios de alojamiento, dise\u00f1o y mantenimiento Web, as\u00ed como asesoramiento, formaci\u00f3n y soluciones inform\u00e1ticas, gesti\u00f3n documental y digitalizaci\u00f3n de textos, edici\u00f3n y maquetaci\u00f3n de libros, revistas, flyers, etc.","sameAs":["http:\/\/chento.org","https:\/\/www.facebook.com\/JavierChento","https:\/\/x.com\/https:\/\/twitter.com\/javierchento"],"url":"http:\/\/vincentians.com\/en\/author\/chento\/"}]}},"jetpack_publicize_connections":[],"jetpack_featured_media_url":"https:\/\/i0.wp.com\/vincentians.com\/en\/wp-content\/uploads\/sites\/2\/2016\/07\/the-vincentian-digital-library-2.jpg?fit=1200%2C630","jetpack_sharing_enabled":true,"jetpack_shortlink":"https:\/\/wp.me\/p7K2Ow-Dt0","jetpack-related-posts":[{"id":98234,"url":"http:\/\/vincentians.com\/en\/the-major-studies-on-vincent-de-paul\/","url_meta":{"origin":151714,"position":0},"title":"The Major Studies on Vincent de Paul","author":"Francisco Javier Fern\u00e1ndez Chento","date":"December 23, 2012","format":false,"excerpt":"There are two Vincent de Pauls who have come down to us: the Vincent of legend and the Vincent of history. The Vincent of legend is the Saint of popular piety. This is the Vincent with two chief virtues: humility and charity, whose works are reduced to three: the foundlings,\u2026","rel":"","context":"In &quot;Vincent de Paul&quot;","block_context":{"text":"Vincent de Paul","link":"http:\/\/vincentians.com\/en\/category\/the-vincentian-family\/founders\/vincent-de-paul\/"},"img":{"alt_text":"","src":"https:\/\/i0.wp.com\/vincentians.com\/en\/wp-content\/uploads\/sites\/2\/2012\/12\/vincent-de-paul-books.jpg?fit=1200%2C630&resize=350%2C200","width":350,"height":200,"srcset":"https:\/\/i0.wp.com\/vincentians.com\/en\/wp-content\/uploads\/sites\/2\/2012\/12\/vincent-de-paul-books.jpg?fit=1200%2C630&resize=350%2C200 1x, https:\/\/i0.wp.com\/vincentians.com\/en\/wp-content\/uploads\/sites\/2\/2012\/12\/vincent-de-paul-books.jpg?fit=1200%2C630&resize=525%2C300 1.5x, https:\/\/i0.wp.com\/vincentians.com\/en\/wp-content\/uploads\/sites\/2\/2012\/12\/vincent-de-paul-books.jpg?fit=1200%2C630&resize=700%2C400 2x, https:\/\/i0.wp.com\/vincentians.com\/en\/wp-content\/uploads\/sites\/2\/2012\/12\/vincent-de-paul-books.jpg?fit=1200%2C630&resize=1050%2C600 3x"},"classes":[]},{"id":100870,"url":"http:\/\/vincentians.com\/en\/the-family-of-vincent-de-paul\/","url_meta":{"origin":151714,"position":1},"title":"The Family of Vincent de Paul","author":"Francisco Javier Fern\u00e1ndez Chento","date":"August 6, 2016","format":false,"excerpt":"1 Family Members Father: Jean de Paul (Abelly I:35 [English Edition]; Coste 1:6 [English Edition]), William de Paul (Collet p.9 [English Edition]); Jean or William (Maynard I:1 [French Edition], Roman 29 [English Edition]). Mother: Bertrande de Moras (all biographers). Brothers and Sisters: Jean: It seems that after he married he\u2026","rel":"","context":"In &quot;Vincent de Paul&quot;","block_context":{"text":"Vincent de Paul","link":"http:\/\/vincentians.com\/en\/category\/the-vincentian-family\/founders\/vincent-de-paul\/"},"img":{"alt_text":"","src":"https:\/\/i0.wp.com\/vincentians.com\/en\/wp-content\/uploads\/sites\/2\/2012\/12\/vincent-de-paul-family-background.jpg?fit=1200%2C630&resize=350%2C200","width":350,"height":200,"srcset":"https:\/\/i0.wp.com\/vincentians.com\/en\/wp-content\/uploads\/sites\/2\/2012\/12\/vincent-de-paul-family-background.jpg?fit=1200%2C630&resize=350%2C200 1x, https:\/\/i0.wp.com\/vincentians.com\/en\/wp-content\/uploads\/sites\/2\/2012\/12\/vincent-de-paul-family-background.jpg?fit=1200%2C630&resize=525%2C300 1.5x, https:\/\/i0.wp.com\/vincentians.com\/en\/wp-content\/uploads\/sites\/2\/2012\/12\/vincent-de-paul-family-background.jpg?fit=1200%2C630&resize=700%2C400 2x, https:\/\/i0.wp.com\/vincentians.com\/en\/wp-content\/uploads\/sites\/2\/2012\/12\/vincent-de-paul-family-background.jpg?fit=1200%2C630&resize=1050%2C600 3x"},"classes":[]},{"id":100869,"url":"http:\/\/vincentians.com\/en\/where-was-vincent-de-paul-born\/","url_meta":{"origin":151714,"position":2},"title":"Where was Vincent de Paul Born?","author":"Francisco Javier Fern\u00e1ndez Chento","date":"August 4, 2016","format":false,"excerpt":"1. Documentation Vincent's Words Vincent: he states that he is French: \"they [the Italians] think that we French act too quickly\" (CCD:II:267). He is also a Gascon: \"I entreat you to help a poor Gascon to do so\" (CCD:II:82, note 20). He is from the Diocese of Dax: \"His Lordship\u2026","rel":"","context":"In &quot;Vincent de Paul&quot;","block_context":{"text":"Vincent de Paul","link":"http:\/\/vincentians.com\/en\/category\/the-vincentian-family\/founders\/vincent-de-paul\/"},"img":{"alt_text":"","src":"https:\/\/i0.wp.com\/vincentians.com\/en\/wp-content\/uploads\/sites\/2\/2012\/12\/vincent-de-paul-landes-background.jpg?fit=1200%2C630&resize=350%2C200","width":350,"height":200,"srcset":"https:\/\/i0.wp.com\/vincentians.com\/en\/wp-content\/uploads\/sites\/2\/2012\/12\/vincent-de-paul-landes-background.jpg?fit=1200%2C630&resize=350%2C200 1x, https:\/\/i0.wp.com\/vincentians.com\/en\/wp-content\/uploads\/sites\/2\/2012\/12\/vincent-de-paul-landes-background.jpg?fit=1200%2C630&resize=525%2C300 1.5x, https:\/\/i0.wp.com\/vincentians.com\/en\/wp-content\/uploads\/sites\/2\/2012\/12\/vincent-de-paul-landes-background.jpg?fit=1200%2C630&resize=700%2C400 2x, https:\/\/i0.wp.com\/vincentians.com\/en\/wp-content\/uploads\/sites\/2\/2012\/12\/vincent-de-paul-landes-background.jpg?fit=1200%2C630&resize=1050%2C600 3x"},"classes":[]},{"id":149855,"url":"http:\/\/vincentians.com\/en\/new-in-the-library-correspondence-conferences-documents-of-vincent-paul\/","url_meta":{"origin":151714,"position":3},"title":"New in the Library: Correspondence, Conferences, Documents of Vincent de Paul","author":"Francisco Javier Fern\u00e1ndez Chento","date":"July 7, 2016","format":false,"excerpt":"English edition of Coste's 14-volume set of the writings os St. Vincent de Paul English translation of the writings of St. Vincent de Paul (1581-1660). Translated, edited, and annotated from the 1920 edition of Pierre Coste, C.M. \u00a0","rel":"","context":"In &quot;Vincent de Paul&quot;","block_context":{"text":"Vincent de Paul","link":"http:\/\/vincentians.com\/en\/category\/the-vincentian-family\/founders\/vincent-de-paul\/"},"img":{"alt_text":"","src":"https:\/\/i0.wp.com\/vincentians.com\/en\/wp-content\/uploads\/sites\/2\/2016\/07\/the-vincentian-digital-library-2.jpg?fit=1200%2C630&resize=350%2C200","width":350,"height":200,"srcset":"https:\/\/i0.wp.com\/vincentians.com\/en\/wp-content\/uploads\/sites\/2\/2016\/07\/the-vincentian-digital-library-2.jpg?fit=1200%2C630&resize=350%2C200 1x, https:\/\/i0.wp.com\/vincentians.com\/en\/wp-content\/uploads\/sites\/2\/2016\/07\/the-vincentian-digital-library-2.jpg?fit=1200%2C630&resize=525%2C300 1.5x, https:\/\/i0.wp.com\/vincentians.com\/en\/wp-content\/uploads\/sites\/2\/2016\/07\/the-vincentian-digital-library-2.jpg?fit=1200%2C630&resize=700%2C400 2x, https:\/\/i0.wp.com\/vincentians.com\/en\/wp-content\/uploads\/sites\/2\/2016\/07\/the-vincentian-digital-library-2.jpg?fit=1200%2C630&resize=1050%2C600 3x"},"classes":[]},{"id":109178,"url":"http:\/\/vincentians.com\/en\/saint-vincent-paul-biography-00-introduction\/","url_meta":{"origin":151714,"position":4},"title":"Saint Vincent de Paul, a biography 00 &#8211; Introduction","author":"Francisco Javier Fern\u00e1ndez Chento","date":"December 20, 2016","format":false,"excerpt":"Foreword Forests and mists will always present a challenge to man's curiosity. It has been said of St. Vincent de Paul that his works encircle him like a forest and his humility envelops him like a mist. Father Jos\u00e9 Mar\u00eda Rom\u00e1n valiantly guides us through that forest and mist. His\u2026","rel":"","context":"In &quot;Vincent de Paul&quot;","block_context":{"text":"Vincent de Paul","link":"http:\/\/vincentians.com\/en\/category\/the-vincentian-family\/founders\/vincent-de-paul\/"},"img":{"alt_text":"","src":"https:\/\/i0.wp.com\/vincentians.com\/en\/wp-content\/uploads\/sites\/2\/2016\/07\/Saint-Vincent-de-Paul-a-biography.jpg?fit=1200%2C630&resize=350%2C200","width":350,"height":200,"srcset":"https:\/\/i0.wp.com\/vincentians.com\/en\/wp-content\/uploads\/sites\/2\/2016\/07\/Saint-Vincent-de-Paul-a-biography.jpg?fit=1200%2C630&resize=350%2C200 1x, https:\/\/i0.wp.com\/vincentians.com\/en\/wp-content\/uploads\/sites\/2\/2016\/07\/Saint-Vincent-de-Paul-a-biography.jpg?fit=1200%2C630&resize=525%2C300 1.5x, https:\/\/i0.wp.com\/vincentians.com\/en\/wp-content\/uploads\/sites\/2\/2016\/07\/Saint-Vincent-de-Paul-a-biography.jpg?fit=1200%2C630&resize=700%2C400 2x, https:\/\/i0.wp.com\/vincentians.com\/en\/wp-content\/uploads\/sites\/2\/2016\/07\/Saint-Vincent-de-Paul-a-biography.jpg?fit=1200%2C630&resize=1050%2C600 3x"},"classes":[]},{"id":104117,"url":"http:\/\/vincentians.com\/en\/ephemerides-october-06\/","url_meta":{"origin":151714,"position":5},"title":"Ephemerides: October, 06","author":"Francisco Javier Fern\u00e1ndez Chento","date":"October 6, 2016","format":false,"excerpt":"1646 Lengthy letter of Vincent to Monsieur Portail which shows us the many problems that Vincent had to deal with on any given day. 1615 Louise writes to Julienne Loret at Chars and express of concern for the sisters. We are given of glimpse of their daily life in this\u2026","rel":"","context":"In &quot;Vincentian ephemerides&quot;","block_context":{"text":"Vincentian ephemerides","link":"http:\/\/vincentians.com\/en\/category\/history-of-the-vincentian-family\/vincentian-ephemerides\/"},"img":{"alt_text":"","src":"https:\/\/i0.wp.com\/vincentians.com\/en\/wp-content\/uploads\/sites\/2\/2016\/07\/ephemerides-fb.jpg?fit=1200%2C630&resize=350%2C200","width":350,"height":200,"srcset":"https:\/\/i0.wp.com\/vincentians.com\/en\/wp-content\/uploads\/sites\/2\/2016\/07\/ephemerides-fb.jpg?fit=1200%2C630&resize=350%2C200 1x, https:\/\/i0.wp.com\/vincentians.com\/en\/wp-content\/uploads\/sites\/2\/2016\/07\/ephemerides-fb.jpg?fit=1200%2C630&resize=525%2C300 1.5x, https:\/\/i0.wp.com\/vincentians.com\/en\/wp-content\/uploads\/sites\/2\/2016\/07\/ephemerides-fb.jpg?fit=1200%2C630&resize=700%2C400 2x, https:\/\/i0.wp.com\/vincentians.com\/en\/wp-content\/uploads\/sites\/2\/2016\/07\/ephemerides-fb.jpg?fit=1200%2C630&resize=1050%2C600 3x"},"classes":[]}],"_links":{"self":[{"href":"http:\/\/vincentians.com\/en\/wp-json\/wp\/v2\/posts\/151714","targetHints":{"allow":["GET"]}}],"collection":[{"href":"http:\/\/vincentians.com\/en\/wp-json\/wp\/v2\/posts"}],"about":[{"href":"http:\/\/vincentians.com\/en\/wp-json\/wp\/v2\/types\/post"}],"author":[{"embeddable":true,"href":"http:\/\/vincentians.com\/en\/wp-json\/wp\/v2\/users\/4"}],"replies":[{"embeddable":true,"href":"http:\/\/vincentians.com\/en\/wp-json\/wp\/v2\/comments?post=151714"}],"version-history":[{"count":0,"href":"http:\/\/vincentians.com\/en\/wp-json\/wp\/v2\/posts\/151714\/revisions"}],"wp:featuredmedia":[{"embeddable":true,"href":"http:\/\/vincentians.com\/en\/wp-json\/wp\/v2\/media\/152097"}],"wp:attachment":[{"href":"http:\/\/vincentians.com\/en\/wp-json\/wp\/v2\/media?parent=151714"}],"wp:term":[{"taxonomy":"category","embeddable":true,"href":"http:\/\/vincentians.com\/en\/wp-json\/wp\/v2\/categories?post=151714"},{"taxonomy":"post_tag","embeddable":true,"href":"http:\/\/vincentians.com\/en\/wp-json\/wp\/v2\/tags?post=151714"}],"curies":[{"name":"wp","href":"https:\/\/api.w.org\/{rel}","templated":true}]}}