{"id":150968,"date":"2016-07-20T16:00:21","date_gmt":"2016-07-20T14:00:21","guid":{"rendered":"http:\/\/vincentians.com\/en\/?p=150968"},"modified":"2016-07-20T09:02:42","modified_gmt":"2016-07-20T07:02:42","slug":"frederic-ozanam-in-his-own-words","status":"publish","type":"post","link":"http:\/\/vincentians.com\/en\/frederic-ozanam-in-his-own-words\/","title":{"rendered":"Frederic Ozanam: in His Own Words"},"content":{"rendered":"<div id=\"attachment_150383\" style=\"width: 266px\" class=\"wp-caption alignright\"><a href=\"https:\/\/i0.wp.com\/vincentians.com\/en\/wp-content\/uploads\/sites\/2\/2014\/12\/Frederic_Ozanam.jpg\"><img data-recalc-dims=\"1\" loading=\"lazy\" decoding=\"async\" aria-describedby=\"caption-attachment-150383\" data-attachment-id=\"150383\" data-permalink=\"http:\/\/vincentians.com\/en\/ozanam-in-his-correspondence-monsignor-baunard-22\/frederic_ozanam-2\/\" data-orig-file=\"https:\/\/i0.wp.com\/vincentians.com\/en\/wp-content\/uploads\/sites\/2\/2014\/12\/Frederic_Ozanam.jpg?fit=852%2C1000\" data-orig-size=\"852,1000\" data-comments-opened=\"1\" data-image-meta=\"{&quot;aperture&quot;:&quot;0&quot;,&quot;credit&quot;:&quot;&quot;,&quot;camera&quot;:&quot;&quot;,&quot;caption&quot;:&quot;&quot;,&quot;created_timestamp&quot;:&quot;0&quot;,&quot;copyright&quot;:&quot;&quot;,&quot;focal_length&quot;:&quot;0&quot;,&quot;iso&quot;:&quot;0&quot;,&quot;shutter_speed&quot;:&quot;0&quot;,&quot;title&quot;:&quot;&quot;,&quot;orientation&quot;:&quot;1&quot;}\" data-image-title=\"Frederic_Ozanam\" data-image-description=\"\" data-image-caption=\"&lt;p&gt;Portrait of Frederic Ozanam in 1852, miniature copy of the portrait by Janmot Louis (1814-1892), probably made by the artist himself.&lt;\/p&gt;\n\" data-medium-file=\"https:\/\/i0.wp.com\/vincentians.com\/en\/wp-content\/uploads\/sites\/2\/2014\/12\/Frederic_Ozanam.jpg?fit=256%2C300\" data-large-file=\"https:\/\/i0.wp.com\/vincentians.com\/en\/wp-content\/uploads\/sites\/2\/2014\/12\/Frederic_Ozanam.jpg?fit=846%2C993\" class=\"wp-image-150383 size-medium\" src=\"https:\/\/i0.wp.com\/vincentians.com\/en\/wp-content\/uploads\/sites\/2\/2014\/12\/Frederic_Ozanam.jpg?resize=256%2C300\" alt=\"Portrait of Frederic Ozanam in 1852, miniature copy of the portrait by Janmot Louis (1814-1892), probably made by the artist himself.\" width=\"256\" height=\"300\" srcset=\"https:\/\/i0.wp.com\/vincentians.com\/en\/wp-content\/uploads\/sites\/2\/2014\/12\/Frederic_Ozanam.jpg?resize=256%2C300 256w, https:\/\/i0.wp.com\/vincentians.com\/en\/wp-content\/uploads\/sites\/2\/2014\/12\/Frederic_Ozanam.jpg?resize=768%2C901 768w, https:\/\/i0.wp.com\/vincentians.com\/en\/wp-content\/uploads\/sites\/2\/2014\/12\/Frederic_Ozanam.jpg?resize=85%2C100 85w, https:\/\/i0.wp.com\/vincentians.com\/en\/wp-content\/uploads\/sites\/2\/2014\/12\/Frederic_Ozanam.jpg?resize=100%2C117 100w, https:\/\/i0.wp.com\/vincentians.com\/en\/wp-content\/uploads\/sites\/2\/2014\/12\/Frederic_Ozanam.jpg?resize=846%2C993 846w, https:\/\/i0.wp.com\/vincentians.com\/en\/wp-content\/uploads\/sites\/2\/2014\/12\/Frederic_Ozanam.jpg?w=852 852w\" sizes=\"auto, (max-width: 256px) 100vw, 256px\" \/><\/a><p id=\"caption-attachment-150383\" class=\"wp-caption-text\">Frederic Ozanam<\/p><\/div>\n<p>Frederic Ozanam was a person who spoke with passion about the things of God even when it was unpopular. He did this all through his life &#8211; as a student in Paris, as leader of the Society of St. Vincent de Paul, in his writings, and as professor at the Sorbonne. His great passions were his Catholic faith, Catholic social teaching, especially truth, justice and charity and of course his love of the poor. As advocate of the poor, Ozanam opted for the Vincentian way.<\/p>\n<p>The Vincentian way is the way of Incarnation where God is at the heart of life. Vincent de Paul focused on reality in a concrete way. The reality he brought to every experience was that God is in every person, in every event, in every circumstance. God is especially in the poor. To the Daughters of Charity St. Vincent said: \u2018Ten times a day a sister will go to visit the sick poor; ten times a day she will find God there.\u2019<span id='easy-footnote-1-150968' class='easy-footnote-margin-adjust'><\/span><span class='easy-footnote'><a href='http:\/\/vincentians.com\/en\/frederic-ozanam-in-his-own-words\/#easy-footnote-bottom-1-150968' title='Coste, Pierre, C.M., St. Vincent de Paul: Correspondence, Conferences, Documents, [translated by Sr. Marie Poole DC, IX, p.199'><sup>1<\/sup><\/a><\/span>\n<p>Frederic Ozanam, also a Frenchman, lived roughly 200 years after Vincent de Paul, but only for about half as long. Vincent was a Gascon from the south-west of France. (Gascons are sometimes likened to the people of the south west of Ireland). Ozanam was from Lyons in the south-east. While these two were fired by the same love and respect for people who were poor, Vincent and Ozanam had different personalities and different approaches.<\/p>\n<div id=\"attachment_150970\" style=\"width: 210px\" class=\"wp-caption alignleft\"><a href=\"https:\/\/i0.wp.com\/vincentians.com\/en\/wp-content\/uploads\/sites\/2\/2016\/07\/bl-rosalie1.jpg\"><img data-recalc-dims=\"1\" loading=\"lazy\" decoding=\"async\" aria-describedby=\"caption-attachment-150970\" data-attachment-id=\"150970\" data-permalink=\"http:\/\/vincentians.com\/en\/frederic-ozanam-in-his-own-words\/bl-rosalie1\/\" data-orig-file=\"https:\/\/i0.wp.com\/vincentians.com\/en\/wp-content\/uploads\/sites\/2\/2016\/07\/bl-rosalie1.jpg?fit=333%2C500\" data-orig-size=\"333,500\" data-comments-opened=\"1\" data-image-meta=\"{&quot;aperture&quot;:&quot;0&quot;,&quot;credit&quot;:&quot;&quot;,&quot;camera&quot;:&quot;&quot;,&quot;caption&quot;:&quot;&quot;,&quot;created_timestamp&quot;:&quot;0&quot;,&quot;copyright&quot;:&quot;&quot;,&quot;focal_length&quot;:&quot;0&quot;,&quot;iso&quot;:&quot;0&quot;,&quot;shutter_speed&quot;:&quot;0&quot;,&quot;title&quot;:&quot;&quot;,&quot;orientation&quot;:&quot;0&quot;}\" data-image-title=\"bl-rosalie1\" data-image-description=\"\" data-image-caption=\"&lt;p&gt;Rosalie Rendu&lt;\/p&gt;\n\" data-medium-file=\"https:\/\/i0.wp.com\/vincentians.com\/en\/wp-content\/uploads\/sites\/2\/2016\/07\/bl-rosalie1.jpg?fit=200%2C300\" data-large-file=\"https:\/\/i0.wp.com\/vincentians.com\/en\/wp-content\/uploads\/sites\/2\/2016\/07\/bl-rosalie1.jpg?fit=333%2C500\" class=\"size-medium wp-image-150970\" src=\"https:\/\/i0.wp.com\/vincentians.com\/en\/wp-content\/uploads\/sites\/2\/2016\/07\/bl-rosalie1.jpg?resize=200%2C300\" alt=\"Rosalie Rendu\" width=\"200\" height=\"300\" srcset=\"https:\/\/i0.wp.com\/vincentians.com\/en\/wp-content\/uploads\/sites\/2\/2016\/07\/bl-rosalie1.jpg?resize=200%2C300 200w, https:\/\/i0.wp.com\/vincentians.com\/en\/wp-content\/uploads\/sites\/2\/2016\/07\/bl-rosalie1.jpg?resize=67%2C100 67w, https:\/\/i0.wp.com\/vincentians.com\/en\/wp-content\/uploads\/sites\/2\/2016\/07\/bl-rosalie1.jpg?resize=100%2C150 100w, https:\/\/i0.wp.com\/vincentians.com\/en\/wp-content\/uploads\/sites\/2\/2016\/07\/bl-rosalie1.jpg?w=333 333w\" sizes=\"auto, (max-width: 200px) 100vw, 200px\" \/><\/a><p id=\"caption-attachment-150970\" class=\"wp-caption-text\">Rosalie Rendu<\/p><\/div>\n<p>It was Rosalie who introduced Ozanam and his friends to the Vincentian way. They had been brought to Rosalie for guidance by her good friend, Emmanuel Bailly. [It appears that Ozanam and Taillandier had tried bringing relief to some poor people before meeting Rosalie and were terrified by the experience]. Rosalie approached the matter of guiding them in an organised way. She wanted it to work well so that it would be a good experience for the young students and of real benefit for the people. She paid attention to the details: she chose the families for them to visit, arranged that they should go in pairs and visit three families only, provided them with vouchers, and perhaps most important of all, she met them before and after their visits to instruct them in the Vincentian way and to get them reflecting on their experience in the light of Vincentian teaching. She exhorted them to \u2018Be kind and love, for love is your first gift to the poor. They will appreciate your kindness and love more than all else you can bring them\u2019<span id='easy-footnote-2-150968' class='easy-footnote-margin-adjust'><\/span><span class='easy-footnote'><a href='http:\/\/vincentians.com\/en\/frederic-ozanam-in-his-own-words\/#easy-footnote-bottom-2-150968' title='Sister Francis Ryan: Notable Daughters of Charity: Sister Rosalie Rendu, Vincentian Heritage 10\/2\/5'><sup>2<\/sup><\/a><\/span>. Arnaud de Melun, Sister Rosalie\u2019s biographer and himself a member of the Society tells us: \u2018not a week passed without my going to the Mouffetard district \u2026 not only to visit the poor \u2026 but to listen to Sr. Rosalie\u2019s wisdom and advice on all I wanted to undertake\u2026. She always had time to listen, to adopt my works and to aid in their beginning and their progress.\u2019<span id='easy-footnote-3-150968' class='easy-footnote-margin-adjust'><\/span><span class='easy-footnote'><a href='http:\/\/vincentians.com\/en\/frederic-ozanam-in-his-own-words\/#easy-footnote-bottom-3-150968' title='Sullivan, Sister Louise DC, Sister Rosalie Rendu: A Daughter of Charity on Fire with Love for the Poor, Chicago, 2006, p.381'><sup>3<\/sup><\/a><\/span> Jules de Gossin who became the second president of the Society was struck by \u2018the intelligent way in which Sister Rosalie interested people of wealth in the misery of those of meagre means.\u2019<span id='easy-footnote-4-150968' class='easy-footnote-margin-adjust'><\/span><span class='easy-footnote'><a href='http:\/\/vincentians.com\/en\/frederic-ozanam-in-his-own-words\/#easy-footnote-bottom-4-150968' title='Ibid., p. 195'><sup>4<\/sup><\/a><\/span>\n<div id=\"attachment_150969\" style=\"width: 214px\" class=\"wp-caption alignright\"><a href=\"https:\/\/i0.wp.com\/vincentians.com\/en\/wp-content\/uploads\/sites\/2\/2016\/07\/Saint_Vincent_de_Paul-41.jpg\"><img data-recalc-dims=\"1\" loading=\"lazy\" decoding=\"async\" aria-describedby=\"caption-attachment-150969\" data-attachment-id=\"150969\" data-permalink=\"http:\/\/vincentians.com\/en\/frederic-ozanam-in-his-own-words\/saint_vincent_de_paul-41\/\" data-orig-file=\"https:\/\/i0.wp.com\/vincentians.com\/en\/wp-content\/uploads\/sites\/2\/2016\/07\/Saint_Vincent_de_Paul-41.jpg?fit=250%2C367\" data-orig-size=\"250,367\" data-comments-opened=\"1\" data-image-meta=\"{&quot;aperture&quot;:&quot;0&quot;,&quot;credit&quot;:&quot;&quot;,&quot;camera&quot;:&quot;&quot;,&quot;caption&quot;:&quot;&quot;,&quot;created_timestamp&quot;:&quot;0&quot;,&quot;copyright&quot;:&quot;&quot;,&quot;focal_length&quot;:&quot;0&quot;,&quot;iso&quot;:&quot;0&quot;,&quot;shutter_speed&quot;:&quot;0&quot;,&quot;title&quot;:&quot;&quot;,&quot;orientation&quot;:&quot;0&quot;}\" data-image-title=\"Saint_Vincent_de_Paul 4(1)\" data-image-description=\"\" data-image-caption=\"\" data-medium-file=\"https:\/\/i0.wp.com\/vincentians.com\/en\/wp-content\/uploads\/sites\/2\/2016\/07\/Saint_Vincent_de_Paul-41.jpg?fit=204%2C300\" data-large-file=\"https:\/\/i0.wp.com\/vincentians.com\/en\/wp-content\/uploads\/sites\/2\/2016\/07\/Saint_Vincent_de_Paul-41.jpg?fit=250%2C367\" class=\"wp-image-150969 size-medium\" src=\"https:\/\/i0.wp.com\/vincentians.com\/en\/wp-content\/uploads\/sites\/2\/2016\/07\/Saint_Vincent_de_Paul-41.jpg?resize=204%2C300\" alt=\"Saint_Vincent_de_Paul 4(1)\" width=\"204\" height=\"300\" srcset=\"https:\/\/i0.wp.com\/vincentians.com\/en\/wp-content\/uploads\/sites\/2\/2016\/07\/Saint_Vincent_de_Paul-41.jpg?resize=204%2C300 204w, https:\/\/i0.wp.com\/vincentians.com\/en\/wp-content\/uploads\/sites\/2\/2016\/07\/Saint_Vincent_de_Paul-41.jpg?resize=68%2C100 68w, https:\/\/i0.wp.com\/vincentians.com\/en\/wp-content\/uploads\/sites\/2\/2016\/07\/Saint_Vincent_de_Paul-41.jpg?resize=100%2C147 100w, https:\/\/i0.wp.com\/vincentians.com\/en\/wp-content\/uploads\/sites\/2\/2016\/07\/Saint_Vincent_de_Paul-41.jpg?w=250 250w\" sizes=\"auto, (max-width: 204px) 100vw, 204px\" \/><\/a><p id=\"caption-attachment-150969\" class=\"wp-caption-text\">Vincent de Paul<\/p><\/div>\n<p>Having been introduced to the Vincentian way, the little group of volunteers adopted Vincent de Paul as patron. For Ozanam to \u2018choose a patron saint does not mean simply adopting a figurehead \u2026 [but] a model whom we must try to imitate.\u2019<span id='easy-footnote-5-150968' class='easy-footnote-margin-adjust'><\/span><span class='easy-footnote'><a href='http:\/\/vincentians.com\/en\/frederic-ozanam-in-his-own-words\/#easy-footnote-bottom-5-150968' title='Dirvin, Joseph, C.M. Frederic Ozanam: A Life in Letters, (Society of St. Vincent de Paul, USA) Letter to Francois Lallier, 1838, p.143'><sup>5<\/sup><\/a><\/span> He wanted the members to be sincere in this as in all things. In 1838, he wrote to Francois Lallier: \u2018We are now reading the life of St. Vincent de Paul so as to be imbued with his example and traditions \u2026 His is a life we must continue, a heart where we must warm our hearts, an intelligence where we must seek light\u2019.<span id='easy-footnote-6-150968' class='easy-footnote-margin-adjust'><\/span><span class='easy-footnote'><a href='http:\/\/vincentians.com\/en\/frederic-ozanam-in-his-own-words\/#easy-footnote-bottom-6-150968' title='Ibid.'><sup>6<\/sup><\/a><\/span> Ozanam acknowledged the importance of St. Vincent de Paul both in his own personal life and also in the life of the Society: \u2018I do indeed owe much to the beloved patron who saved me from so many dangers, and who has showered such unexpected blessings on our little Conferences<span id='easy-footnote-7-150968' class='easy-footnote-margin-adjust'><\/span><span class='easy-footnote'><a href='http:\/\/vincentians.com\/en\/frederic-ozanam-in-his-own-words\/#easy-footnote-bottom-7-150968' title='Hess, Frederic Ozanam: Cahiers, translated by Mary Ann Garvey, p.125'><sup>7<\/sup><\/a><\/span>. In a word, Ozanam recognised the warmth of heart and the intelligence of Vincent de Paul. As we celebrate the 200th anniversary of his birth, let us endeavour to catch something of the warmth of Ozanam\u2019s heart and the depth of his passion, and attempt to catch something of his intelligence. His is also an intelligence where we can seek light and a life we must continue.<\/p>\n<p>Vincent de Paul had exhorted the Daughters of charity to \u2018remember that the poor are [your] masters. That is why we must treat them gently and kindly, reflecting that this is why God has brought you together\u2019<span id='easy-footnote-8-150968' class='easy-footnote-margin-adjust'><\/span><span class='easy-footnote'><a href='http:\/\/vincentians.com\/en\/frederic-ozanam-in-his-own-words\/#easy-footnote-bottom-8-150968' title='Coste, CCD, IX, p.97'><sup>8<\/sup><\/a><\/span>. Like Vincent, Ozanam had an extraordinary awareness of the presence of God in the poor and a great reverence for them. In 1836 he wrote: \u2018We should fall at their feet and say \u2026 \u201cYou are our masters, and we will be your servants. You are for us the sacred images of that God whom we do not see, and not knowing how to love Him otherwise shall we not love Him in your persons?\u201d\u2019<span id='easy-footnote-9-150968' class='easy-footnote-margin-adjust'><\/span><span class='easy-footnote'><a href='http:\/\/vincentians.com\/en\/frederic-ozanam-in-his-own-words\/#easy-footnote-bottom-9-150968' title='Dirvin, p.96, letter to Louis Janmot, Nov 1836'><sup>9<\/sup><\/a><\/span>\n<p>In comparing two artist\u2019s impressions, one of Vincent and one of Ozanam, [Vincent at table with the poor and Ozanam at the door of a poor home] it would seem that Vincent, the former Gascon shepherd and man of the countryside may have been more at home with the poor, whereas it might have been more of an effort for Ozanam, the Professor from the Sorbonne. Ozanam may have had to work harder at understanding and embracing the poor person. He knew that the only way to learn to respect poor people is through direct contact with them. In 1848 he said:<\/p>\n<p style=\"padding-left: 30px;\">The knowledge of social well-being and reform is to be learned, not from books, nor from the public platform, but in climbing the stairs to the poor man\u2019s garret, sitting by his bedside, feeling the same cold that pierces him, sharing the secret of his lonely heart and troubled mind<span id='easy-footnote-10-150968' class='easy-footnote-margin-adjust'><\/span><span class='easy-footnote'><a href='http:\/\/vincentians.com\/en\/frederic-ozanam-in-his-own-words\/#easy-footnote-bottom-10-150968' title='Baunard, Louis: Ozanam in his Correspondence, (Catholic Truth Society of Ireland, 1925) p.279'><sup>10<\/sup><\/a><\/span>.<\/p>\n<p>This insistence on regular face-to-face contact with poor people is surely one of Ozanam\u2019s greatest legacies. He engaged nineteenth-century society and its flaws very concretely, most especially in his up-close interaction with the people who benefited least from it. The knowledge he used as his baseline for the Society [and also in his writings and in his addresses] was not something abstract or fanciful, but rather that fleshy kind of knowing born of practical action and engagement. His was that fuller, denser wisdom that comes only from interpersonal contact with people: \u2018Those who know their way to the poor man\u2019s house never knock at his door without sentiments of respect.\u2019<span id='easy-footnote-11-150968' class='easy-footnote-margin-adjust'><\/span><span class='easy-footnote'><a href='http:\/\/vincentians.com\/en\/frederic-ozanam-in-his-own-words\/#easy-footnote-bottom-11-150968' title='O Meara, Kathleen, Frederic Ozanam, Professor at the Sorbonne, His Life and Works, p.30'><sup>11<\/sup><\/a><\/span> Ozanam knew that solidarity with the oppressed is attained only in the concrete recognition of their suffering, not in the abstract notion of their impoverishment. Interacting with people on a regular basis in their home-setting does not allow for disconnected theorizing about how to help them.<\/p>\n<p>Operating closely to them, we cannot romanticize the conditions of their world. Ozanam singled out the social problem as the most critical issue of his day:<\/p>\n<p style=\"padding-left: 30px;\">The problem which divides the people of our times is no longer one of political structures; it is a social problem: that of knowing whether the spirit of self-interest or the spirit of sacrifice will gain the upper hand; whether society is merely to be a great exploitation to the profit of the strongest, or a consecration of each individual for the good of all, and especially for the protection of the weak<span id='easy-footnote-12-150968' class='easy-footnote-margin-adjust'><\/span><span class='easy-footnote'><a href='http:\/\/vincentians.com\/en\/frederic-ozanam-in-his-own-words\/#easy-footnote-bottom-12-150968' title='Dirvin, p.96, Letter to Louis Janmot, Nov 1836'><sup>12<\/sup><\/a><\/span>.<\/p>\n<p>He could be speaking to us in 2013. Certainly now as then: \u2018There are a great many people who possess too much and want to possess even more; there are many others who do not possess enough\u2026.\u2019<span id='easy-footnote-13-150968' class='easy-footnote-margin-adjust'><\/span><span class='easy-footnote'><a href='http:\/\/vincentians.com\/en\/frederic-ozanam-in-his-own-words\/#easy-footnote-bottom-13-150968' title='Ibid.'><sup>13<\/sup><\/a><\/span> There are many who remember a time in Ireland when most people had a lot less than they have now but still were content with what they had. But that was before the age of consumerism. Consumerism or reliance on material possessions is one of the big challenges of this age. It is time to ask: \u2018Is the consumer culture defining humanness by credit card power? Are people being conditioned to value others by what they own? Does it doubt the humanness of people on the margins?\u2019 This subtle pervasive process is intricately bound up with the influences of global market values. It puts the emphasis on appearances. The deeper, more foundational instinct to look for solidity beyond appearances gets blurred. This process weakens the hold which traditions have on people. It drains the deeper meanings from a person&#8217;s world-view, especially from his or her religious world-view. We can see many of the effects of this all around us.<\/p>\n<p>Ozanam would have been distressed by the aggressive secularisation of society and by the exposure of the young to a culture of drugs, violence and sex. He who expended his energy on behalf of the young, so that \u2018Christian mothers may have a few less tears to shed, and that their children may return to them as they sent them out\u2026,\u2019 would have resisted this culture with every fibre of his being\u2019<span id='easy-footnote-14-150968' class='easy-footnote-margin-adjust'><\/span><span class='easy-footnote'><a href='http:\/\/vincentians.com\/en\/frederic-ozanam-in-his-own-words\/#easy-footnote-bottom-14-150968' title='Ibid., p.55, Letter to L\u00e9once Curnier, Nov 1834'><sup>14<\/sup><\/a><\/span>. He who was steeped in the Christian tradition and so keenly attuned to integral value, insisted on concrete encounter with those who are struggling to survive, and he did so in order to achieve depth and substance as well as to honour those who were poor.<\/p>\n<p>Ozanam brought another dimension to ministry. Of itself concrete encounter was not enough. He knew that it was essential to bring these encounters with poor people into dialogue with the gospel, with the attitudes and actions of Jesus. Practice and theory are woven tightly together for him, but precisely as expression and fruit of the overarching Christian story. Reflecting on encounter with people who are poor in the light of the gospel, which today we call Apostolic Reflection, was a core element of his practice. He had learned it from Rosalie Rendu.<\/p>\n<p>As a historian he had a great awareness of how important it is for us to connect with our roots. In January 1831, he wrote to Ernest Falconnet: \u2018In the same way as a flower contains in its bosom the innumerable germs of flowers which must succeed it, in the same way the present, which comes from the past, contains the future<span id='easy-footnote-15-150968' class='easy-footnote-margin-adjust'><\/span><span class='easy-footnote'><a href='http:\/\/vincentians.com\/en\/frederic-ozanam-in-his-own-words\/#easy-footnote-bottom-15-150968' title='Coates, Ainslie, Letters of Frederic Ozanam, p.25, Letter to Ernest Falconnet, 1831'><sup>15<\/sup><\/a><\/span>. I believe Ozanam would have the Irish dwell on their cultural heritage as well as on their Christian heritage so as to be inspired. Think of the elements of the Irish cultural heritage &#8211; resilience, hospitality, sharing and togetherness &#8211; gospel values expressed in phrases such as \u2018ar sc\u00e1th a ch\u00e9ile a mhaireann na daoine\u2019 and \u2018n\u00ed neart go cur le ch\u00e9ile\u2019, values that are being eroded through the pressures and the power of global market forces.<\/p>\n<p>Like Vincent de Paul, Ozanam saw the need to engage the rich on the side of the poor. In a post- revolution France which had seen the worst effects of class struggle, he warned: \u2018the precise wrong move would be to disengage from the class struggle, or to stand with only one side and cut off dialogue with the other.\u2019 His compassion was wide enough to embrace the oppressor as well as the oppressed: \u2018Let us weep for the misfortunes of our oppressed brothers; let us weep for the cruelty of our brothers the oppressors\u2019<span id='easy-footnote-16-150968' class='easy-footnote-margin-adjust'><\/span><span class='easy-footnote'><a href='http:\/\/vincentians.com\/en\/frederic-ozanam-in-his-own-words\/#easy-footnote-bottom-16-150968' title='Dirvin, p.6, Letter to Auguste Materne, Sept 1829'><sup>16<\/sup><\/a><\/span>. Above all, he saw the need for taking a stand on the side of justice, with respect for the oppressed:<\/p>\n<p style=\"padding-left: 30px;\">God forbid that we should belittle the poor whom the gospel blesses, or render the suffering classes responsible for their own misery, thus pandering to the hardness of heart of those who believe themselves exonerated from helping the poor when they have proved his wrongdoing<span id='easy-footnote-17-150968' class='easy-footnote-margin-adjust'><\/span><span class='easy-footnote'><a href='http:\/\/vincentians.com\/en\/frederic-ozanam-in-his-own-words\/#easy-footnote-bottom-17-150968' title='O\u2019 Meara, Kathleen, Frederic Ozanam, p.324'><sup>17<\/sup><\/a><\/span>.<\/p>\n<p>But he wanted to do this without losing the good will of the oppressor. He would have us keep all channels open: \u2018Let us principally learn to defend our convictions without hating our adversaries, to love those who think differently from us, to recognise that there are Christians in all camps and that God can be served today as always.\u2019<span id='easy-footnote-18-150968' class='easy-footnote-margin-adjust'><\/span><span class='easy-footnote'><a href='http:\/\/vincentians.com\/en\/frederic-ozanam-in-his-own-words\/#easy-footnote-bottom-18-150968' title='Baunard, Louis, Ozanam in His Correspondence, p.304, Letter to Alexandre Dufieux, April 1851'><sup>18<\/sup><\/a><\/span>\n<p>This attitude in Ozanam is reminiscent of what Gilles de Robien, French Minister for Transportation, said of Sister Rosalie Rendu at her beatification in 2003: \u2018She used every Bureau of Public Assistance but avoided all pointless disputes that might prevent her setting up and maintaining a movement to help those who were poor\u2026. She recognised only two categories of people, those who needed to receive help and those who can, should and above all need to give it. In bringing together two worlds that wished to ignore each other\u2026 Sister Rosalie was able to promote an experience that proved contagious.\u2019<span id='easy-footnote-19-150968' class='easy-footnote-margin-adjust'><\/span><span class='easy-footnote'><a href='http:\/\/vincentians.com\/en\/frederic-ozanam-in-his-own-words\/#easy-footnote-bottom-19-150968' title='Sullivan, Sister Louise D.C., Sister Rosalie Rendu, p.381'><sup>19<\/sup><\/a><\/span>\n<p>All through his writings, Ozanam promotes the rights of all people. He was constantly concerned that the poor were being exploited and badly treated. He is a strong advocate of liberty, fraternity and equality, seeing them as gospel values. On the exercise of authority he wrote to Ernest Falconnet: \u2018But I think that in the face of power there must also be the sacred principle of liberty, and I think the power which exploits rather than expends itself should be condemned with courageous and unyielding voice\u2019<span id='easy-footnote-20-150968' class='easy-footnote-margin-adjust'><\/span><span class='easy-footnote'><a href='http:\/\/vincentians.com\/en\/frederic-ozanam-in-his-own-words\/#easy-footnote-bottom-20-150968' title='Dirvin p.47, Letter to Ernest Falconnet, 1834'><sup>20<\/sup><\/a><\/span>. This remains a challenge for us too.<\/p>\n<p>Vincent de Paul, Louise de Marillac, Rosalie Rendu and Frederic Ozanam shared in the passionate love of Jesus for people who were poor. Speaking of Charity Vincent de Paul said: It\u2019s certain that when charity dwells in a soul, it takes full possession of all its powers; it gives it no rest; it\u2019s a fire that\u2019s constantly active; once a person is influenced by it, it holds him spellbound\u2019<span id='easy-footnote-21-150968' class='easy-footnote-margin-adjust'><\/span><span class='easy-footnote'><a href='http:\/\/vincentians.com\/en\/frederic-ozanam-in-his-own-words\/#easy-footnote-bottom-21-150968' title='Coste, XI p.203'><sup>21<\/sup><\/a><\/span>. Ozanam spoke of charity as: \u2018a tender mother who keeps her eyes fixed on the child she carries at the breast, who no longer thinks of herself, and who forgets her beauty for her love\u2019<span id='easy-footnote-22-150968' class='easy-footnote-margin-adjust'><\/span><span class='easy-footnote'><a href='http:\/\/vincentians.com\/en\/frederic-ozanam-in-his-own-words\/#easy-footnote-bottom-22-150968' title='Ibid., p.63, Letter to L\u00e9once Curnier, Feb 1835'><sup>22<\/sup><\/a><\/span>. The tenderness expressed by Ozanam, Vincent, Louise and Rosalie resonates with the exhortation of Pope Francis in his inaugural address: \u2018let us adopt tenderness, which is not the virtue of the weak but rather a sign of strength of spirit and a capacity for compassion\u2019<span id='easy-footnote-23-150968' class='easy-footnote-margin-adjust'><\/span><span class='easy-footnote'><a href='http:\/\/vincentians.com\/en\/frederic-ozanam-in-his-own-words\/#easy-footnote-bottom-23-150968' title='&lt;a href=&quot;http:\/\/www.ncregister.com\/blog\/edward-pentin\/pope-franciss-inaugural-mass-full-text&quot;&gt;http:\/\/www.ncregister.com\/blog\/edward-pentin\/pope-franciss-inaugural-mass-full-text,&lt;\/a&gt; accessed, 25 July, 2013'><sup>23<\/sup><\/a><\/span>. Ozanam was deeply touched by the sufferings of the poor: \u2018I can no longer resign myself to behold the evil which is allowed to go on\u2019<span id='easy-footnote-24-150968' class='easy-footnote-margin-adjust'><\/span><span class='easy-footnote'><a href='http:\/\/vincentians.com\/en\/frederic-ozanam-in-his-own-words\/#easy-footnote-bottom-24-150968' title='Dirvin, p.116, Letter to Francois Lallier Oct 1837'><sup>24<\/sup><\/a><\/span>. He who rarely spoke in praise of his own efforts, claimed: &#8216;I am habitually compassionate towards the poor\u2019<span id='easy-footnote-25-150968' class='easy-footnote-margin-adjust'><\/span><span class='easy-footnote'><a href='http:\/\/vincentians.com\/en\/frederic-ozanam-in-his-own-words\/#easy-footnote-bottom-25-150968' title='Ibid., p.12, Letter to Auguste Materne, June 1830'><sup>25<\/sup><\/a><\/span>.<\/p>\n<p>What of us? Do we have the reverential spirit of Jesus, of Vincent de Paul, of Louise de Marillac, of Rosalie Rendu or of Frederic Ozanam in the presence of poor people? How do we think about them? How do we feel about them? Are they touched by the mystery of God\u2019s love in our meetings with them? Are we? Do we let them touch our hearts? Ozanam did. Seeing the lack of justice for poor people at court in Lyons, he said: \u2018I come back almost always from the tribunal deeply wounded\u2019<span id='easy-footnote-26-150968' class='easy-footnote-margin-adjust'><\/span><span class='easy-footnote'><a href='http:\/\/vincentians.com\/en\/frederic-ozanam-in-his-own-words\/#easy-footnote-bottom-26-150968' title='Ibid., p.116, Letter to Francois Lallier, 1837'><sup>26<\/sup><\/a><\/span>. It was with a heart full of God&#8217;s incarnate compassion that he listened to the personal presence of those he met? His approach to them was full of unconditional positive regard? His way of being was an unconditional readiness. We too must pay attention to the experience and reality of the poor, to the mystery of God in the poor.<\/p>\n<p>Ozanam was above all a man of Hope. He believed that there was a better, a more just way. He believed he could make a difference. He believed the time is NOW! He believed in the people: \u2018It is in the people that I can see enough faith and morality left to save a society whose higher classes are lost&#8230;.\u201d In his controversial speech of 1848, \u2018Passons aux Barbares\u2019 [Let us go to the people] he claims that \u2018we should occupy ourselves with the people, whose wants are too many and whose rights are too few; who are crying out, and fairly, for a share in public affairs, for guarantees for work, and against distress ; who follow bad leaders, because they have no good ones\u2019<span id='easy-footnote-27-150968' class='easy-footnote-margin-adjust'><\/span><span class='easy-footnote'><a href='http:\/\/vincentians.com\/en\/frederic-ozanam-in-his-own-words\/#easy-footnote-bottom-27-150968' title='O\u2019Meara, Kathleen, Frederic Ozanam: Professor at the Sorbonne, &lt;a href=&quot;http:\/\/archive.org\/stream\/fredericozanamp01omegoog\/fredericozanamp01omegoog_djvu.txt&quot;&gt;http:\/\/archive.org\/stream\/fredericozanamp01omegoog\/fredericozanamp01omegoog_djvu.txt,&lt;\/a&gt; accessed 21 November 2013'><sup>27<\/sup><\/a><\/span>. This is a call that seems to have fallen on deaf ears. Maybe it is a call that will be heard in our time.<\/p>\n<p>Ozanam knew that help honours when it occupies itself with the things that set a person free, but he also knew that \u2018one does not help persons by detaching them from the bonds that paralyse them but rather by attaching them to their destiny\u2019<span id='easy-footnote-28-150968' class='easy-footnote-margin-adjust'><\/span><span class='easy-footnote'><a href='http:\/\/vincentians.com\/en\/frederic-ozanam-in-his-own-words\/#easy-footnote-bottom-28-150968' title='&lt;a href=&quot;http:\/\/today.duke.edu\/showcase\/mmedia\/features\/911site\/hauerwas.html&quot;&gt;http:\/\/today.duke.edu\/showcase\/mmedia\/features\/911site\/hauerwas.html,&lt;\/a&gt; accessed 24 July, 2013'><sup>28<\/sup><\/a><\/span>. Let us, also, respect the deepest longings of people who are poor. Let us help them access their destiny? God\u2019s loving tenderness for his people can be experienced only in the deepest desires of their hearts.<\/p>\n<p>I know of no person more on fire with zeal for the Kingdom of God than Frederic Ozanam, no one more moved by the poverty around him, no one more consumed with love of God, no one more effective in the legacy he left the world when he created a network of charity spreading all over. He was willing to give every drop of energy he had in order to promote the measures of justice that would alleviate the sufferings of the people. His earthly life was a mere forty years, but two hundred years later his legacy lives on. He would wish the members of the Vincentian family to \u2018humble [themselves] in gratitude for having been chosen \u2026 and to render [themselves] worthy \u2026 of so great an enterprise.\u2019<span id='easy-footnote-29-150968' class='easy-footnote-margin-adjust'><\/span><span class='easy-footnote'><a href='http:\/\/vincentians.com\/en\/frederic-ozanam-in-his-own-words\/#easy-footnote-bottom-29-150968' title='Dirvin, p. 163'><sup>29<\/sup><\/a><\/span>\n<p>It seems fitting to give the last words to W.B. Yeats, speaking on behalf of those who are poor in the beautiful short poem, \u2018He wishes for The Cloths of Heaven\u2019:<\/p>\n<p>\u2018But I being poor have only my dreams,<br \/>\nTread softly because you tread on my dreams\u2019.<span id='easy-footnote-30-150968' class='easy-footnote-margin-adjust'><\/span><span class='easy-footnote'><a href='http:\/\/vincentians.com\/en\/frederic-ozanam-in-his-own-words\/#easy-footnote-bottom-30-150968' title='&lt;a href=&quot;http:\/\/www.online-literature.com\/&quot;&gt;www.online-literature.com&lt;\/a&gt; \u203a William Butler Yeats, accessed 24th July, 2013'><sup>30<\/sup><\/a><\/span>\n","protected":false},"excerpt":{"rendered":"<p>Frederic Ozanam was a person who spoke with passion about the things of God even when it was unpopular. He did this all through his life &#8211; as a student in Paris, as leader of &#8230; <a href=\"http:\/\/vincentians.com\/en\/frederic-ozanam-in-his-own-words\/\" class=\"more-link\">Read More<\/a><\/p>\n","protected":false},"author":4,"featured_media":150976,"comment_status":"open","ping_status":"open","sticky":false,"template":"","format":"standard","meta":{"jetpack_post_was_ever_published":false,"_jetpack_newsletter_access":"","_jetpack_dont_email_post_to_subs":false,"_jetpack_newsletter_tier_id":0,"_jetpack_memberships_contains_paywalled_content":false,"_jetpack_memberships_contains_paid_content":false,"footnotes":"","jetpack_publicize_message":"","jetpack_publicize_feature_enabled":true,"jetpack_social_post_already_shared":true,"jetpack_social_options":{"image_generator_settings":{"template":"highway","default_image_id":0,"font":"","enabled":false},"version":2}},"categories":[11],"tags":[],"class_list":["post-150968","post","type-post","status-publish","format-standard","has-post-thumbnail","hentry","category-frederic-ozanam"],"yoast_head":"<!-- This site is optimized with the Yoast SEO plugin v26.3 - https:\/\/yoast.com\/wordpress\/plugins\/seo\/ -->\n<title>Frederic Ozanam: in His Own Words - We are Vincentians<\/title>\n<meta name=\"robots\" content=\"index, follow, max-snippet:-1, max-image-preview:large, max-video-preview:-1\" \/>\n<link rel=\"canonical\" href=\"https:\/\/vincentians.com\/en\/frederic-ozanam-in-his-own-words\/\" \/>\n<meta property=\"og:locale\" content=\"en_US\" \/>\n<meta property=\"og:type\" content=\"article\" \/>\n<meta property=\"og:title\" content=\"Frederic Ozanam: in His Own Words - We are Vincentians\" \/>\n<meta property=\"og:description\" content=\"Frederic Ozanam was a person who spoke with passion about the things of God even when it was unpopular. He did this all through his life &#8211; as a student in Paris, as leader of ... Read More\" \/>\n<meta property=\"og:url\" content=\"https:\/\/vincentians.com\/en\/frederic-ozanam-in-his-own-words\/\" \/>\n<meta property=\"og:site_name\" content=\"We are Vincentians\" \/>\n<meta property=\"article:publisher\" content=\"https:\/\/www.facebook.com\/WeAreVincentians\/\" \/>\n<meta property=\"article:author\" content=\"https:\/\/www.facebook.com\/JavierChento\" \/>\n<meta property=\"article:published_time\" content=\"2016-07-20T14:00:21+00:00\" \/>\n<meta property=\"og:image\" content=\"https:\/\/i0.wp.com\/vincentians.com\/en\/wp-content\/uploads\/sites\/2\/2016\/07\/ozanam-brazil.jpg?fit=1200%2C630&ssl=1\" \/>\n\t<meta property=\"og:image:width\" content=\"1200\" \/>\n\t<meta property=\"og:image:height\" content=\"630\" \/>\n\t<meta property=\"og:image:type\" content=\"image\/jpeg\" \/>\n<meta name=\"author\" content=\"Francisco Javier Fern\u00e1ndez Chento\" \/>\n<meta name=\"twitter:card\" content=\"summary_large_image\" \/>\n<meta name=\"twitter:creator\" content=\"@https:\/\/twitter.com\/javierchento\" \/>\n<meta name=\"twitter:site\" content=\"@WeVincentians\" \/>\n<meta name=\"twitter:label1\" content=\"Written by\" \/>\n\t<meta name=\"twitter:data1\" content=\"Francisco Javier Fern\u00e1ndez Chento\" \/>\n\t<meta name=\"twitter:label2\" content=\"Est. reading time\" \/>\n\t<meta name=\"twitter:data2\" content=\"17 minutes\" \/>\n<script type=\"application\/ld+json\" class=\"yoast-schema-graph\">{\"@context\":\"https:\/\/schema.org\",\"@graph\":[{\"@type\":\"Article\",\"@id\":\"https:\/\/vincentians.com\/en\/frederic-ozanam-in-his-own-words\/#article\",\"isPartOf\":{\"@id\":\"https:\/\/vincentians.com\/en\/frederic-ozanam-in-his-own-words\/\"},\"author\":{\"name\":\"Francisco Javier Fern\u00e1ndez Chento\",\"@id\":\"https:\/\/vincentians.com\/en\/#\/schema\/person\/9623ef4d9aa3b2dfb8c061f1499288f2\"},\"headline\":\"Frederic Ozanam: in His Own Words\",\"datePublished\":\"2016-07-20T14:00:21+00:00\",\"mainEntityOfPage\":{\"@id\":\"https:\/\/vincentians.com\/en\/frederic-ozanam-in-his-own-words\/\"},\"wordCount\":3346,\"commentCount\":0,\"publisher\":{\"@id\":\"https:\/\/vincentians.com\/en\/#organization\"},\"image\":{\"@id\":\"https:\/\/vincentians.com\/en\/frederic-ozanam-in-his-own-words\/#primaryimage\"},\"thumbnailUrl\":\"https:\/\/i0.wp.com\/vincentians.com\/en\/wp-content\/uploads\/sites\/2\/2016\/07\/ozanam-brazil.jpg?fit=1200%2C630\",\"articleSection\":[\"Fr\u00e9d\u00e9ric Ozanam\"],\"inLanguage\":\"en-US\",\"potentialAction\":[{\"@type\":\"CommentAction\",\"name\":\"Comment\",\"target\":[\"https:\/\/vincentians.com\/en\/frederic-ozanam-in-his-own-words\/#respond\"]}]},{\"@type\":\"WebPage\",\"@id\":\"https:\/\/vincentians.com\/en\/frederic-ozanam-in-his-own-words\/\",\"url\":\"https:\/\/vincentians.com\/en\/frederic-ozanam-in-his-own-words\/\",\"name\":\"Frederic Ozanam: in His Own Words - We are Vincentians\",\"isPartOf\":{\"@id\":\"https:\/\/vincentians.com\/en\/#website\"},\"primaryImageOfPage\":{\"@id\":\"https:\/\/vincentians.com\/en\/frederic-ozanam-in-his-own-words\/#primaryimage\"},\"image\":{\"@id\":\"https:\/\/vincentians.com\/en\/frederic-ozanam-in-his-own-words\/#primaryimage\"},\"thumbnailUrl\":\"https:\/\/i0.wp.com\/vincentians.com\/en\/wp-content\/uploads\/sites\/2\/2016\/07\/ozanam-brazil.jpg?fit=1200%2C630\",\"datePublished\":\"2016-07-20T14:00:21+00:00\",\"breadcrumb\":{\"@id\":\"https:\/\/vincentians.com\/en\/frederic-ozanam-in-his-own-words\/#breadcrumb\"},\"inLanguage\":\"en-US\",\"potentialAction\":[{\"@type\":\"ReadAction\",\"target\":[\"https:\/\/vincentians.com\/en\/frederic-ozanam-in-his-own-words\/\"]}]},{\"@type\":\"ImageObject\",\"inLanguage\":\"en-US\",\"@id\":\"https:\/\/vincentians.com\/en\/frederic-ozanam-in-his-own-words\/#primaryimage\",\"url\":\"https:\/\/i0.wp.com\/vincentians.com\/en\/wp-content\/uploads\/sites\/2\/2016\/07\/ozanam-brazil.jpg?fit=1200%2C630\",\"contentUrl\":\"https:\/\/i0.wp.com\/vincentians.com\/en\/wp-content\/uploads\/sites\/2\/2016\/07\/ozanam-brazil.jpg?fit=1200%2C630\",\"width\":1200,\"height\":630},{\"@type\":\"BreadcrumbList\",\"@id\":\"https:\/\/vincentians.com\/en\/frederic-ozanam-in-his-own-words\/#breadcrumb\",\"itemListElement\":[{\"@type\":\"ListItem\",\"position\":1,\"name\":\"Portada\",\"item\":\"https:\/\/vincentians.com\/en\/\"},{\"@type\":\"ListItem\",\"position\":2,\"name\":\"Frederic Ozanam: in His Own Words\"}]},{\"@type\":\"WebSite\",\"@id\":\"https:\/\/vincentians.com\/en\/#website\",\"url\":\"https:\/\/vincentians.com\/en\/\",\"name\":\"We are Vincentians\",\"description\":\"Know more to serve more\",\"publisher\":{\"@id\":\"https:\/\/vincentians.com\/en\/#organization\"},\"potentialAction\":[{\"@type\":\"SearchAction\",\"target\":{\"@type\":\"EntryPoint\",\"urlTemplate\":\"https:\/\/vincentians.com\/en\/?s={search_term_string}\"},\"query-input\":{\"@type\":\"PropertyValueSpecification\",\"valueRequired\":true,\"valueName\":\"search_term_string\"}}],\"inLanguage\":\"en-US\"},{\"@type\":\"Organization\",\"@id\":\"https:\/\/vincentians.com\/en\/#organization\",\"name\":\"The Vincentian Network\",\"url\":\"https:\/\/vincentians.com\/en\/\",\"logo\":{\"@type\":\"ImageObject\",\"inLanguage\":\"en-US\",\"@id\":\"https:\/\/vincentians.com\/en\/#\/schema\/logo\/image\/\",\"url\":\"https:\/\/i1.wp.com\/vincentians.com\/en\/wp-content\/uploads\/sites\/2\/2016\/06\/Vincentian-Network-logo-big.png?fit=778%2C778&ssl=1\",\"contentUrl\":\"https:\/\/i1.wp.com\/vincentians.com\/en\/wp-content\/uploads\/sites\/2\/2016\/06\/Vincentian-Network-logo-big.png?fit=778%2C778&ssl=1\",\"width\":778,\"height\":778,\"caption\":\"The Vincentian Network\"},\"image\":{\"@id\":\"https:\/\/vincentians.com\/en\/#\/schema\/logo\/image\/\"},\"sameAs\":[\"https:\/\/www.facebook.com\/WeAreVincentians\/\",\"https:\/\/x.com\/WeVincentians\"]},{\"@type\":\"Person\",\"@id\":\"https:\/\/vincentians.com\/en\/#\/schema\/person\/9623ef4d9aa3b2dfb8c061f1499288f2\",\"name\":\"Francisco Javier Fern\u00e1ndez Chento\",\"image\":{\"@type\":\"ImageObject\",\"inLanguage\":\"en-US\",\"@id\":\"https:\/\/vincentians.com\/en\/#\/schema\/person\/image\/\",\"url\":\"https:\/\/secure.gravatar.com\/avatar\/497d5cde87b4c3d097d0315953521681ba2cd523ee66e5077c3711f7021e65de?s=96&d=mm&r=g\",\"contentUrl\":\"https:\/\/secure.gravatar.com\/avatar\/497d5cde87b4c3d097d0315953521681ba2cd523ee66e5077c3711f7021e65de?s=96&d=mm&r=g\",\"caption\":\"Francisco Javier Fern\u00e1ndez Chento\"},\"description\":\"Director General y cofundador de La Red de Formaci\u00f3n Vicenciana. Javier es laico vicenciano, afiliado a la Congregaci\u00f3n de la Misi\u00f3n y miembro del Equipo de Misiones Populares de la provincia can\u00f3nica de Zaragoza (Espa\u00f1a) de la Congregaci\u00f3n de la Misi\u00f3n. Graduado en la Universidad Oberta de Catalunya con cuatro grados (Asistente de direcci\u00f3n, Gesti\u00f3n Administrativa, Recursos Humanos y Contabilidad Avanzada). Bil\u00edng\u00fce Espa\u00f1ol\/Ingl\u00e9s. gestiona y mantiene varias p\u00e1ginas web cristianas y vicencianas, incluida including La Red de Formaci\u00f3n Vicenciana, de la que es cofundador. Actualmente es responsable del \u00e1rea de Espa\u00f1ol de .famvin, la Red de Noticias de la Familia Vicenciana. Tambi\u00e9n es m\u00fasico cat\u00f3lico y ha editado varios discos. Es Director General y cofundador de Trovador, una reconocida compa\u00f1\u00eda discogr\u00e1fica critiana de Espa\u00f1a. Trabaja en las Tecnolog\u00edas de la Informaci\u00f3n, ofreciendo servicios de alojamiento, dise\u00f1o y mantenimiento Web, as\u00ed como asesoramiento, formaci\u00f3n y soluciones inform\u00e1ticas, gesti\u00f3n documental y digitalizaci\u00f3n de textos, edici\u00f3n y maquetaci\u00f3n de libros, revistas, flyers, etc.\",\"sameAs\":[\"http:\/\/chento.org\",\"https:\/\/www.facebook.com\/JavierChento\",\"https:\/\/x.com\/https:\/\/twitter.com\/javierchento\"],\"url\":\"http:\/\/vincentians.com\/en\/author\/chento\/\"}]}<\/script>\n<!-- \/ Yoast SEO plugin. -->","yoast_head_json":{"title":"Frederic Ozanam: in His Own Words - We are Vincentians","robots":{"index":"index","follow":"follow","max-snippet":"max-snippet:-1","max-image-preview":"max-image-preview:large","max-video-preview":"max-video-preview:-1"},"canonical":"https:\/\/vincentians.com\/en\/frederic-ozanam-in-his-own-words\/","og_locale":"en_US","og_type":"article","og_title":"Frederic Ozanam: in His Own Words - We are Vincentians","og_description":"Frederic Ozanam was a person who spoke with passion about the things of God even when it was unpopular. He did this all through his life &#8211; as a student in Paris, as leader of ... Read More","og_url":"https:\/\/vincentians.com\/en\/frederic-ozanam-in-his-own-words\/","og_site_name":"We are Vincentians","article_publisher":"https:\/\/www.facebook.com\/WeAreVincentians\/","article_author":"https:\/\/www.facebook.com\/JavierChento","article_published_time":"2016-07-20T14:00:21+00:00","og_image":[{"width":1200,"height":630,"url":"https:\/\/i0.wp.com\/vincentians.com\/en\/wp-content\/uploads\/sites\/2\/2016\/07\/ozanam-brazil.jpg?fit=1200%2C630&ssl=1","type":"image\/jpeg"}],"author":"Francisco Javier Fern\u00e1ndez Chento","twitter_card":"summary_large_image","twitter_creator":"@https:\/\/twitter.com\/javierchento","twitter_site":"@WeVincentians","twitter_misc":{"Written by":"Francisco Javier Fern\u00e1ndez Chento","Est. reading time":"17 minutes"},"schema":{"@context":"https:\/\/schema.org","@graph":[{"@type":"Article","@id":"https:\/\/vincentians.com\/en\/frederic-ozanam-in-his-own-words\/#article","isPartOf":{"@id":"https:\/\/vincentians.com\/en\/frederic-ozanam-in-his-own-words\/"},"author":{"name":"Francisco Javier Fern\u00e1ndez Chento","@id":"https:\/\/vincentians.com\/en\/#\/schema\/person\/9623ef4d9aa3b2dfb8c061f1499288f2"},"headline":"Frederic Ozanam: in His Own Words","datePublished":"2016-07-20T14:00:21+00:00","mainEntityOfPage":{"@id":"https:\/\/vincentians.com\/en\/frederic-ozanam-in-his-own-words\/"},"wordCount":3346,"commentCount":0,"publisher":{"@id":"https:\/\/vincentians.com\/en\/#organization"},"image":{"@id":"https:\/\/vincentians.com\/en\/frederic-ozanam-in-his-own-words\/#primaryimage"},"thumbnailUrl":"https:\/\/i0.wp.com\/vincentians.com\/en\/wp-content\/uploads\/sites\/2\/2016\/07\/ozanam-brazil.jpg?fit=1200%2C630","articleSection":["Fr\u00e9d\u00e9ric Ozanam"],"inLanguage":"en-US","potentialAction":[{"@type":"CommentAction","name":"Comment","target":["https:\/\/vincentians.com\/en\/frederic-ozanam-in-his-own-words\/#respond"]}]},{"@type":"WebPage","@id":"https:\/\/vincentians.com\/en\/frederic-ozanam-in-his-own-words\/","url":"https:\/\/vincentians.com\/en\/frederic-ozanam-in-his-own-words\/","name":"Frederic Ozanam: in His Own Words - We are Vincentians","isPartOf":{"@id":"https:\/\/vincentians.com\/en\/#website"},"primaryImageOfPage":{"@id":"https:\/\/vincentians.com\/en\/frederic-ozanam-in-his-own-words\/#primaryimage"},"image":{"@id":"https:\/\/vincentians.com\/en\/frederic-ozanam-in-his-own-words\/#primaryimage"},"thumbnailUrl":"https:\/\/i0.wp.com\/vincentians.com\/en\/wp-content\/uploads\/sites\/2\/2016\/07\/ozanam-brazil.jpg?fit=1200%2C630","datePublished":"2016-07-20T14:00:21+00:00","breadcrumb":{"@id":"https:\/\/vincentians.com\/en\/frederic-ozanam-in-his-own-words\/#breadcrumb"},"inLanguage":"en-US","potentialAction":[{"@type":"ReadAction","target":["https:\/\/vincentians.com\/en\/frederic-ozanam-in-his-own-words\/"]}]},{"@type":"ImageObject","inLanguage":"en-US","@id":"https:\/\/vincentians.com\/en\/frederic-ozanam-in-his-own-words\/#primaryimage","url":"https:\/\/i0.wp.com\/vincentians.com\/en\/wp-content\/uploads\/sites\/2\/2016\/07\/ozanam-brazil.jpg?fit=1200%2C630","contentUrl":"https:\/\/i0.wp.com\/vincentians.com\/en\/wp-content\/uploads\/sites\/2\/2016\/07\/ozanam-brazil.jpg?fit=1200%2C630","width":1200,"height":630},{"@type":"BreadcrumbList","@id":"https:\/\/vincentians.com\/en\/frederic-ozanam-in-his-own-words\/#breadcrumb","itemListElement":[{"@type":"ListItem","position":1,"name":"Portada","item":"https:\/\/vincentians.com\/en\/"},{"@type":"ListItem","position":2,"name":"Frederic Ozanam: in His Own Words"}]},{"@type":"WebSite","@id":"https:\/\/vincentians.com\/en\/#website","url":"https:\/\/vincentians.com\/en\/","name":"We are Vincentians","description":"Know more to serve more","publisher":{"@id":"https:\/\/vincentians.com\/en\/#organization"},"potentialAction":[{"@type":"SearchAction","target":{"@type":"EntryPoint","urlTemplate":"https:\/\/vincentians.com\/en\/?s={search_term_string}"},"query-input":{"@type":"PropertyValueSpecification","valueRequired":true,"valueName":"search_term_string"}}],"inLanguage":"en-US"},{"@type":"Organization","@id":"https:\/\/vincentians.com\/en\/#organization","name":"The Vincentian Network","url":"https:\/\/vincentians.com\/en\/","logo":{"@type":"ImageObject","inLanguage":"en-US","@id":"https:\/\/vincentians.com\/en\/#\/schema\/logo\/image\/","url":"https:\/\/i1.wp.com\/vincentians.com\/en\/wp-content\/uploads\/sites\/2\/2016\/06\/Vincentian-Network-logo-big.png?fit=778%2C778&ssl=1","contentUrl":"https:\/\/i1.wp.com\/vincentians.com\/en\/wp-content\/uploads\/sites\/2\/2016\/06\/Vincentian-Network-logo-big.png?fit=778%2C778&ssl=1","width":778,"height":778,"caption":"The Vincentian Network"},"image":{"@id":"https:\/\/vincentians.com\/en\/#\/schema\/logo\/image\/"},"sameAs":["https:\/\/www.facebook.com\/WeAreVincentians\/","https:\/\/x.com\/WeVincentians"]},{"@type":"Person","@id":"https:\/\/vincentians.com\/en\/#\/schema\/person\/9623ef4d9aa3b2dfb8c061f1499288f2","name":"Francisco Javier Fern\u00e1ndez Chento","image":{"@type":"ImageObject","inLanguage":"en-US","@id":"https:\/\/vincentians.com\/en\/#\/schema\/person\/image\/","url":"https:\/\/secure.gravatar.com\/avatar\/497d5cde87b4c3d097d0315953521681ba2cd523ee66e5077c3711f7021e65de?s=96&d=mm&r=g","contentUrl":"https:\/\/secure.gravatar.com\/avatar\/497d5cde87b4c3d097d0315953521681ba2cd523ee66e5077c3711f7021e65de?s=96&d=mm&r=g","caption":"Francisco Javier Fern\u00e1ndez Chento"},"description":"Director General y cofundador de La Red de Formaci\u00f3n Vicenciana. Javier es laico vicenciano, afiliado a la Congregaci\u00f3n de la Misi\u00f3n y miembro del Equipo de Misiones Populares de la provincia can\u00f3nica de Zaragoza (Espa\u00f1a) de la Congregaci\u00f3n de la Misi\u00f3n. Graduado en la Universidad Oberta de Catalunya con cuatro grados (Asistente de direcci\u00f3n, Gesti\u00f3n Administrativa, Recursos Humanos y Contabilidad Avanzada). Bil\u00edng\u00fce Espa\u00f1ol\/Ingl\u00e9s. gestiona y mantiene varias p\u00e1ginas web cristianas y vicencianas, incluida including La Red de Formaci\u00f3n Vicenciana, de la que es cofundador. Actualmente es responsable del \u00e1rea de Espa\u00f1ol de .famvin, la Red de Noticias de la Familia Vicenciana. Tambi\u00e9n es m\u00fasico cat\u00f3lico y ha editado varios discos. Es Director General y cofundador de Trovador, una reconocida compa\u00f1\u00eda discogr\u00e1fica critiana de Espa\u00f1a. Trabaja en las Tecnolog\u00edas de la Informaci\u00f3n, ofreciendo servicios de alojamiento, dise\u00f1o y mantenimiento Web, as\u00ed como asesoramiento, formaci\u00f3n y soluciones inform\u00e1ticas, gesti\u00f3n documental y digitalizaci\u00f3n de textos, edici\u00f3n y maquetaci\u00f3n de libros, revistas, flyers, etc.","sameAs":["http:\/\/chento.org","https:\/\/www.facebook.com\/JavierChento","https:\/\/x.com\/https:\/\/twitter.com\/javierchento"],"url":"http:\/\/vincentians.com\/en\/author\/chento\/"}]}},"jetpack_publicize_connections":[],"jetpack_featured_media_url":"https:\/\/i0.wp.com\/vincentians.com\/en\/wp-content\/uploads\/sites\/2\/2016\/07\/ozanam-brazil.jpg?fit=1200%2C630","jetpack_sharing_enabled":true,"jetpack_shortlink":"https:\/\/wp.me\/p7K2Ow-DgY","jetpack-related-posts":[{"id":65895,"url":"http:\/\/vincentians.com\/en\/frederic-ozanam-a-layman-for-now-chapter-6\/","url_meta":{"origin":150968,"position":0},"title":"Fr\u00e9d\u00e9ric Ozanam, A Layman for Now. Chapter 6","author":"Francisco Javier Fern\u00e1ndez Chento","date":"September 14, 2016","format":false,"excerpt":"Chapter 6 - A Model for Today In the on-going need for the Church to address the question of modernity and adaptation to a culture while yet confronting it with Gospel values, are there any insights to be gained from the life and work of Frederic Ozanam? Is he a\u2026","rel":"","context":"In &quot;Fr\u00e9d\u00e9ric Ozanam&quot;","block_context":{"text":"Fr\u00e9d\u00e9ric Ozanam","link":"http:\/\/vincentians.com\/en\/category\/the-vincentian-family\/founders\/frederic-ozanam\/"},"img":{"alt_text":"","src":"https:\/\/i0.wp.com\/vincentians.com\/en\/wp-content\/uploads\/sites\/2\/2016\/07\/frederic-ozanam-layman-for-now.jpg?fit=1200%2C630&resize=350%2C200","width":350,"height":200,"srcset":"https:\/\/i0.wp.com\/vincentians.com\/en\/wp-content\/uploads\/sites\/2\/2016\/07\/frederic-ozanam-layman-for-now.jpg?fit=1200%2C630&resize=350%2C200 1x, https:\/\/i0.wp.com\/vincentians.com\/en\/wp-content\/uploads\/sites\/2\/2016\/07\/frederic-ozanam-layman-for-now.jpg?fit=1200%2C630&resize=525%2C300 1.5x, https:\/\/i0.wp.com\/vincentians.com\/en\/wp-content\/uploads\/sites\/2\/2016\/07\/frederic-ozanam-layman-for-now.jpg?fit=1200%2C630&resize=700%2C400 2x, https:\/\/i0.wp.com\/vincentians.com\/en\/wp-content\/uploads\/sites\/2\/2016\/07\/frederic-ozanam-layman-for-now.jpg?fit=1200%2C630&resize=1050%2C600 3x"},"classes":[]},{"id":152542,"url":"http:\/\/vincentians.com\/en\/feast-of-blessed-frederic-ozanam-ssvp-usa\/","url_meta":{"origin":150968,"position":1},"title":"Feast of Blessed Frederic Ozanam (SSVP USA)","author":"Francisco Javier Fern\u00e1ndez Chento","date":"September 9, 2016","format":false,"excerpt":"Gospel: (Luke 10: 25-37) \u201cAnd who is my neighbor? Jesus replied: \u201cThere was a man going down from Jerusalem to Jericho who fell in with robbers. They stripped him, beat him, and then went off leaving him half-dead. A priest happened to be going down the same road; he saw\u2026","rel":"","context":"In &quot;Homilies and reflections, Year C&quot;","block_context":{"text":"Homilies and reflections, Year C","link":"http:\/\/vincentians.com\/en\/category\/homilies-and-reflections-on-the-word-of-god\/homilies-and-reflections-year-c\/"},"img":{"alt_text":"","src":"https:\/\/i0.wp.com\/vincentians.com\/en\/wp-content\/uploads\/sites\/2\/2016\/07\/reflexiones-palabra-de-dios.jpg?fit=1200%2C630&resize=350%2C200","width":350,"height":200,"srcset":"https:\/\/i0.wp.com\/vincentians.com\/en\/wp-content\/uploads\/sites\/2\/2016\/07\/reflexiones-palabra-de-dios.jpg?fit=1200%2C630&resize=350%2C200 1x, https:\/\/i0.wp.com\/vincentians.com\/en\/wp-content\/uploads\/sites\/2\/2016\/07\/reflexiones-palabra-de-dios.jpg?fit=1200%2C630&resize=525%2C300 1.5x, https:\/\/i0.wp.com\/vincentians.com\/en\/wp-content\/uploads\/sites\/2\/2016\/07\/reflexiones-palabra-de-dios.jpg?fit=1200%2C630&resize=700%2C400 2x, https:\/\/i0.wp.com\/vincentians.com\/en\/wp-content\/uploads\/sites\/2\/2016\/07\/reflexiones-palabra-de-dios.jpg?fit=1200%2C630&resize=1050%2C600 3x"},"classes":[]},{"id":150798,"url":"http:\/\/vincentians.com\/en\/new-in-the-library-blessed-frederic-ozanam-life-in-outline-kevin-slattery\/","url_meta":{"origin":150968,"position":2},"title":"New in the Library: &#8220;Blessed Frederic Ozanam: A Life In Outline&#8221; (Kevin Slattery)","author":"Francisco Javier Fern\u00e1ndez Chento","date":"July 10, 2016","format":false,"excerpt":"History of Blessed Frederic Ozanam, the founder of the St Vincent de Paul Society written by Kevin Slattery | September 2003","rel":"","context":"In &quot;Fr\u00e9d\u00e9ric Ozanam&quot;","block_context":{"text":"Fr\u00e9d\u00e9ric Ozanam","link":"http:\/\/vincentians.com\/en\/category\/the-vincentian-family\/founders\/frederic-ozanam\/"},"img":{"alt_text":"","src":"https:\/\/i0.wp.com\/vincentians.com\/en\/wp-content\/uploads\/sites\/2\/2016\/07\/the-vincentian-digital-library-2.jpg?fit=1200%2C630&resize=350%2C200","width":350,"height":200,"srcset":"https:\/\/i0.wp.com\/vincentians.com\/en\/wp-content\/uploads\/sites\/2\/2016\/07\/the-vincentian-digital-library-2.jpg?fit=1200%2C630&resize=350%2C200 1x, https:\/\/i0.wp.com\/vincentians.com\/en\/wp-content\/uploads\/sites\/2\/2016\/07\/the-vincentian-digital-library-2.jpg?fit=1200%2C630&resize=525%2C300 1.5x, https:\/\/i0.wp.com\/vincentians.com\/en\/wp-content\/uploads\/sites\/2\/2016\/07\/the-vincentian-digital-library-2.jpg?fit=1200%2C630&resize=700%2C400 2x, https:\/\/i0.wp.com\/vincentians.com\/en\/wp-content\/uploads\/sites\/2\/2016\/07\/the-vincentian-digital-library-2.jpg?fit=1200%2C630&resize=1050%2C600 3x"},"classes":[]},{"id":150959,"url":"http:\/\/vincentians.com\/en\/frederic-ozanam-and-the-way-of-st-vincent-paul\/","url_meta":{"origin":150968,"position":3},"title":"Frederic Ozanam and the way of St. Vincent de Paul","author":"Francisco Javier Fern\u00e1ndez Chento","date":"July 17, 2016","format":false,"excerpt":"Frederic Ozanam and his colleagues were quick to learn the way of St. Vincent de Paul or the Vincentian way of going to help people who were poor. The Vincentian way is the way of Incarnation. The reality that Vincent de Paul brought to every experience was: \u2018God is in\u2026","rel":"","context":"In &quot;Fr\u00e9d\u00e9ric Ozanam&quot;","block_context":{"text":"Fr\u00e9d\u00e9ric Ozanam","link":"http:\/\/vincentians.com\/en\/category\/the-vincentian-family\/founders\/frederic-ozanam\/"},"img":{"alt_text":"","src":"https:\/\/i0.wp.com\/vincentians.com\/en\/wp-content\/uploads\/sites\/2\/2016\/07\/young-ozanam.jpg?fit=1200%2C630&resize=350%2C200","width":350,"height":200,"srcset":"https:\/\/i0.wp.com\/vincentians.com\/en\/wp-content\/uploads\/sites\/2\/2016\/07\/young-ozanam.jpg?fit=1200%2C630&resize=350%2C200 1x, https:\/\/i0.wp.com\/vincentians.com\/en\/wp-content\/uploads\/sites\/2\/2016\/07\/young-ozanam.jpg?fit=1200%2C630&resize=525%2C300 1.5x, https:\/\/i0.wp.com\/vincentians.com\/en\/wp-content\/uploads\/sites\/2\/2016\/07\/young-ozanam.jpg?fit=1200%2C630&resize=700%2C400 2x, https:\/\/i0.wp.com\/vincentians.com\/en\/wp-content\/uploads\/sites\/2\/2016\/07\/young-ozanam.jpg?fit=1200%2C630&resize=1050%2C600 3x"},"classes":[]},{"id":149330,"url":"http:\/\/vincentians.com\/en\/new-in-the-library-life-worth-sharing-frederic-ozanam\/","url_meta":{"origin":150968,"position":4},"title":"New in the Library: &#8220;A life worth sharing: Frederic Ozanam&#8221; (Austin Fagan)","author":"Francisco Javier Fern\u00e1ndez Chento","date":"July 3, 2016","format":false,"excerpt":"From the Foreword: lt gives me great pleasure to introduce this new biography of Frederic Ozanam by one who is so steeped in the life and apostolate of the founder of the Society of St. Vincent de Paul. In commending this book, I thank Dr. Austin Fagan for bis profound\u2026","rel":"","context":"In &quot;Fr\u00e9d\u00e9ric Ozanam&quot;","block_context":{"text":"Fr\u00e9d\u00e9ric Ozanam","link":"http:\/\/vincentians.com\/en\/category\/the-vincentian-family\/founders\/frederic-ozanam\/"},"img":{"alt_text":"","src":"https:\/\/i0.wp.com\/vincentians.com\/en\/wp-content\/uploads\/sites\/2\/2016\/07\/the-vincentian-digital-library-2.jpg?fit=1200%2C630&resize=350%2C200","width":350,"height":200,"srcset":"https:\/\/i0.wp.com\/vincentians.com\/en\/wp-content\/uploads\/sites\/2\/2016\/07\/the-vincentian-digital-library-2.jpg?fit=1200%2C630&resize=350%2C200 1x, https:\/\/i0.wp.com\/vincentians.com\/en\/wp-content\/uploads\/sites\/2\/2016\/07\/the-vincentian-digital-library-2.jpg?fit=1200%2C630&resize=525%2C300 1.5x, https:\/\/i0.wp.com\/vincentians.com\/en\/wp-content\/uploads\/sites\/2\/2016\/07\/the-vincentian-digital-library-2.jpg?fit=1200%2C630&resize=700%2C400 2x, https:\/\/i0.wp.com\/vincentians.com\/en\/wp-content\/uploads\/sites\/2\/2016\/07\/the-vincentian-digital-library-2.jpg?fit=1200%2C630&resize=1050%2C600 3x"},"classes":[]},{"id":104893,"url":"http:\/\/vincentians.com\/en\/blessed-frederic-ozanam-biography-iii\/","url_meta":{"origin":150968,"position":5},"title":"Blessed Frederic Ozanam Biography (III)","author":"Francisco Javier Fern\u00e1ndez Chento","date":"November 13, 2013","format":false,"excerpt":"Faith and Charity The poor: The face of Christ In Frederic Ozanam\u2019s eyes, faith without charity had no meaning. That is why his advice turned quickly into an entreaty when he spoke to his young friends: \u201cThe earth has become a chilly place. It is up to us Catholics to\u2026","rel":"","context":"In &quot;Fr\u00e9d\u00e9ric Ozanam&quot;","block_context":{"text":"Fr\u00e9d\u00e9ric Ozanam","link":"http:\/\/vincentians.com\/en\/category\/the-vincentian-family\/founders\/frederic-ozanam\/"},"img":{"alt_text":"","src":"https:\/\/i0.wp.com\/vincentians.com\/en\/wp-content\/uploads\/sites\/2\/2016\/06\/frederick-ozanam.jpg?fit=1200%2C630&resize=350%2C200","width":350,"height":200,"srcset":"https:\/\/i0.wp.com\/vincentians.com\/en\/wp-content\/uploads\/sites\/2\/2016\/06\/frederick-ozanam.jpg?fit=1200%2C630&resize=350%2C200 1x, https:\/\/i0.wp.com\/vincentians.com\/en\/wp-content\/uploads\/sites\/2\/2016\/06\/frederick-ozanam.jpg?fit=1200%2C630&resize=525%2C300 1.5x, https:\/\/i0.wp.com\/vincentians.com\/en\/wp-content\/uploads\/sites\/2\/2016\/06\/frederick-ozanam.jpg?fit=1200%2C630&resize=700%2C400 2x, https:\/\/i0.wp.com\/vincentians.com\/en\/wp-content\/uploads\/sites\/2\/2016\/06\/frederick-ozanam.jpg?fit=1200%2C630&resize=1050%2C600 3x"},"classes":[]}],"_links":{"self":[{"href":"http:\/\/vincentians.com\/en\/wp-json\/wp\/v2\/posts\/150968","targetHints":{"allow":["GET"]}}],"collection":[{"href":"http:\/\/vincentians.com\/en\/wp-json\/wp\/v2\/posts"}],"about":[{"href":"http:\/\/vincentians.com\/en\/wp-json\/wp\/v2\/types\/post"}],"author":[{"embeddable":true,"href":"http:\/\/vincentians.com\/en\/wp-json\/wp\/v2\/users\/4"}],"replies":[{"embeddable":true,"href":"http:\/\/vincentians.com\/en\/wp-json\/wp\/v2\/comments?post=150968"}],"version-history":[{"count":0,"href":"http:\/\/vincentians.com\/en\/wp-json\/wp\/v2\/posts\/150968\/revisions"}],"wp:featuredmedia":[{"embeddable":true,"href":"http:\/\/vincentians.com\/en\/wp-json\/wp\/v2\/media\/150976"}],"wp:attachment":[{"href":"http:\/\/vincentians.com\/en\/wp-json\/wp\/v2\/media?parent=150968"}],"wp:term":[{"taxonomy":"category","embeddable":true,"href":"http:\/\/vincentians.com\/en\/wp-json\/wp\/v2\/categories?post=150968"},{"taxonomy":"post_tag","embeddable":true,"href":"http:\/\/vincentians.com\/en\/wp-json\/wp\/v2\/tags?post=150968"}],"curies":[{"name":"wp","href":"https:\/\/api.w.org\/{rel}","templated":true}]}}