{"id":150077,"date":"2016-07-17T02:00:23","date_gmt":"2016-07-17T00:00:23","guid":{"rendered":"http:\/\/vincentians.com\/en\/?p=150077"},"modified":"2016-07-10T05:53:41","modified_gmt":"2016-07-10T03:53:41","slug":"ozanam-pioneer-in-social-justice","status":"publish","type":"post","link":"http:\/\/vincentians.com\/en\/ozanam-pioneer-in-social-justice\/","title":{"rendered":"Ozanam: Pioneer in Social Justice"},"content":{"rendered":"<p>Frederick Ozanam was an outstanding pioneer in the renewed stress on social justice in the Church. Many church statements today reflect his views insisting that work for social justice is an essential aspect of evangelisation. As John Paul II reiterated after the 1998 Synod of Bishops of Oceania: \u2018It is certain that commitment to justice and peace is an integral part of the Church\u2019s mission\u2026\u2019 (<em>Ecclesia in Oceania<\/em>, 26). Ozanam clearly saw the duty of Christians being to transform society so that it might embody the values and aspirations of the Gospels.<\/p>\n<p>A man of profound belief, Ozanam urged his contemporaries boldly to address the critical social issues of his day, not to be silent or, even worse, to allow religious beliefs to be used as a conservative political ideology allied to injustice and social inequality. Ozanam strongly articulated what in recent times the Church terms the \u2018option for the poor\u2019.<\/p>\n<p>Basic to his belief was the conviction that God in Christ identified intensely with the poor, the distressed, the suffering and oppressed of the earth, and God expected his followers to do so also. Hence Ozanam rejected displays of religious piety that ignored or obscured this concern for the \u2018poor\u2019, the Bible\u2019s code word for disadvantage in all its forms.<\/p>\n<p>The whole point of the Last Judgement scene in Matthew\u2019s Gospel, \u2018When did we see you poor, hungry, naked\u2026\u2019, was that God vehemently rejects displays of piety that neglect genuine concern for the poor. Jesus\u2019 extremely strong words must have come as a great shock to his original listeners.<\/p>\n<p>We are familiar enough with Ozanam\u2019s role as founder of the Society of St Vincent de Paul to bring practical and personal relief to the poor. From its early days, the Society also had an international dimension, sending relief to the famine victims in Ireland in the 1840s.<\/p>\n<p>But it would be a mistake to think that Ozanam thought such charitable work was enough to bring about the transformation of society he advocated. He saw the Society also as a way to bring young middle class Catholics of his day into practical contact with the social distress of other classes, to expose them to social realities and energise them to draw on their skills and resources to reshape society. He aimed to build a wider constituency of opinion and activism for social reform.<\/p>\n<p>The St Vincent de Paul Society was one element in his vision for the transformation of European society so that it truly embodied the Gospel imperatives of social equity, freedom and solidarity. As a young academic, he had studied the writings of Dante closely, and traced the efforts of earlier generations to develop medieval civilisation on the basis of Christian values. He was clearly aware of the many failures and tragedies along the way, but was convinced that this was the task of the Church and of believers in every age.<\/p>\n<p>He saw parallels between the barbarian invasions at the close of the Roman Empire and the social, cultural and political upheavals of his time. In response he urged Catholics in France to engage more intelligently and forcefully in the struggle to reshape their country and society.<\/p>\n<p>He laboured to reform civil institutions and culture more adequately to meet the needs of all citizens. His ideas firmly supported the development of the modern welfare state.<\/p>\n<p>Ozanam was advanced in his social and political views. Against many Catholics of his day who continued to support the monarchy, Ozanam viewed democracy as providential, allowing for wider participation of the masses. Long before Pope Leo XIII in 1891 issued his great social encyclical, <em>Rerum Novarum<\/em>, Ozanam wrote passionately about what \u2018Christian democracy\u2019 entailed: justice in wage contracts; a more just distribution of wealth; humane working hours; legislation to protect children and women in the workplace; progressive taxation; extension of co-operative marketing and ownership; the right to form trade unions; income support for the sick and aged; adequate regulation of finance and the economy etc.<\/p>\n<p>He strove to draw French Catholics of his time beyond partisan political disputes to fresh visions of a renewed nation, more firmly incorporating the principles of human rights, equity, solidarity and social justice.<\/p>\n<p>Ozanam firmly rejected as unjust and inhumane the doctrines of \u2018Economic Liberalism\u2019, that the market alone should determine wage levels and living standards. He warned his readers: \u2018Do not be afraid if wicked men of wealth treat you as communists\u2019. He aimed to heighten the social conscience of his generation, and especially by uniting intelligence, science and religious belief in the task of social betterment.<\/p>\n<p>The work of Ozanam and his companions helped lay the foundations for the social teaching of the contemporary Church, and has inspired generations of Catholics in their struggles for social justice. It is intriguing how relevant Ozanam\u2019s concerns are to debates about public policy in Australia today.<\/p>\n<p>In Ozanam\u2019s day, hostile political forces greatly constrained the work of his colleagues. Today he would be delighted at the wider opportunities the Society of St Vincent de Paul has to improve the life opportunities of the disadvantaged, not just with immediate material help, but drawing on its experience and expertise to alert public opinion to better ways of doing things, and suggesting to governments how to improve social policies and service delivery.<\/p>\n<p>He did not see charitable work as opposed to advocacy on behalf of the poor, but where possible as <em>informing <\/em>advocacy. He knew well that private charity was limited. More effective social institutions and policies were also needed, and only governments could develop these. In our day particularly, the Society has an important role to play in the development of social policy, as a voice and advocate on behalf of the disadvantaged.<\/p>\n<p>Ozanam would undoubtedly be greatly enthused by the possibilities today of greatly reducing world hunger through programs like the UN Millennium Development Goals, making unprecedented efforts to enhance social justice and peace in every country. He would also share our concern about the growing threat from global warming.<\/p>\n<p>The Society of St Vincent de Paul, of course, cannot do everything. But it can encourage its members and associates on their own initiative as citizens to become better informed about these problems, and to do what they can in their work, professions and associations to tackle them. This is essential to the mission of lay people in the world.<\/p>\n<p>Like the Church itself, the Society avoids partisan involvement in politics, but it seeks to influence the political process by being a ferment in society, insisting that we can do better in the way we develop our world and societies, especially by looking to the key Gospel criterion: how fare the poor and distressed?<\/p>\n","protected":false},"excerpt":{"rendered":"<p>Frederick Ozanam was an outstanding pioneer in the renewed stress on social justice in the Church. Many church statements today reflect his views insisting that work for social justice is an essential aspect of evangelisation. &#8230; <a href=\"http:\/\/vincentians.com\/en\/ozanam-pioneer-in-social-justice\/\" class=\"more-link\">Read More<\/a><\/p>\n","protected":false},"author":4,"featured_media":149697,"comment_status":"open","ping_status":"open","sticky":false,"template":"","format":"standard","meta":{"jetpack_post_was_ever_published":false,"_jetpack_newsletter_access":"","_jetpack_dont_email_post_to_subs":false,"_jetpack_newsletter_tier_id":0,"_jetpack_memberships_contains_paywalled_content":false,"_jetpack_memberships_contains_paid_content":false,"footnotes":"","jetpack_publicize_message":"","jetpack_publicize_feature_enabled":true,"jetpack_social_post_already_shared":true,"jetpack_social_options":{"image_generator_settings":{"template":"highway","default_image_id":0,"font":"","enabled":false},"version":2}},"categories":[11],"tags":[],"class_list":["post-150077","post","type-post","status-publish","format-standard","has-post-thumbnail","hentry","category-frederic-ozanam"],"yoast_head":"<!-- This site is optimized with the Yoast SEO plugin v26.3 - https:\/\/yoast.com\/wordpress\/plugins\/seo\/ -->\n<title>Ozanam: Pioneer in Social Justice - We are Vincentians<\/title>\n<meta name=\"robots\" content=\"index, follow, max-snippet:-1, max-image-preview:large, max-video-preview:-1\" \/>\n<link rel=\"canonical\" href=\"http:\/\/vincentians.com\/en\/ozanam-pioneer-in-social-justice\/\" \/>\n<meta property=\"og:locale\" content=\"en_US\" \/>\n<meta property=\"og:type\" content=\"article\" \/>\n<meta property=\"og:title\" content=\"Ozanam: Pioneer in Social Justice - We are Vincentians\" \/>\n<meta property=\"og:description\" content=\"Frederick Ozanam was an outstanding pioneer in the renewed stress on social justice in the Church. Many church statements today reflect his views insisting that work for social justice is an essential aspect of evangelisation. ... Read More\" \/>\n<meta property=\"og:url\" content=\"http:\/\/vincentians.com\/en\/ozanam-pioneer-in-social-justice\/\" \/>\n<meta property=\"og:site_name\" content=\"We are Vincentians\" \/>\n<meta property=\"article:publisher\" content=\"https:\/\/www.facebook.com\/WeAreVincentians\/\" \/>\n<meta property=\"article:author\" content=\"https:\/\/www.facebook.com\/JavierChento\" \/>\n<meta property=\"article:published_time\" content=\"2016-07-17T00:00:23+00:00\" \/>\n<meta property=\"og:image\" content=\"https:\/\/i0.wp.com\/vincentians.com\/en\/wp-content\/uploads\/sites\/2\/2012\/12\/ozanam-charity.jpg?fit=1200%2C630\" \/>\n\t<meta property=\"og:image:width\" content=\"1200\" \/>\n\t<meta property=\"og:image:height\" content=\"630\" \/>\n\t<meta property=\"og:image:type\" content=\"image\/jpeg\" \/>\n<meta name=\"author\" content=\"Francisco Javier Fern\u00e1ndez Chento\" \/>\n<meta name=\"twitter:card\" content=\"summary_large_image\" \/>\n<meta name=\"twitter:creator\" content=\"@https:\/\/twitter.com\/javierchento\" \/>\n<meta name=\"twitter:site\" content=\"@WeVincentians\" \/>\n<meta name=\"twitter:label1\" content=\"Written by\" \/>\n\t<meta name=\"twitter:data1\" content=\"Francisco Javier Fern\u00e1ndez Chento\" \/>\n\t<meta name=\"twitter:label2\" content=\"Est. reading time\" \/>\n\t<meta name=\"twitter:data2\" content=\"6 minutes\" \/>\n<script type=\"application\/ld+json\" class=\"yoast-schema-graph\">{\"@context\":\"https:\/\/schema.org\",\"@graph\":[{\"@type\":\"Article\",\"@id\":\"http:\/\/vincentians.com\/en\/ozanam-pioneer-in-social-justice\/#article\",\"isPartOf\":{\"@id\":\"http:\/\/vincentians.com\/en\/ozanam-pioneer-in-social-justice\/\"},\"author\":{\"name\":\"Francisco Javier Fern\u00e1ndez Chento\",\"@id\":\"https:\/\/vincentians.com\/en\/#\/schema\/person\/9623ef4d9aa3b2dfb8c061f1499288f2\"},\"headline\":\"Ozanam: Pioneer in Social Justice\",\"datePublished\":\"2016-07-17T00:00:23+00:00\",\"mainEntityOfPage\":{\"@id\":\"http:\/\/vincentians.com\/en\/ozanam-pioneer-in-social-justice\/\"},\"wordCount\":1124,\"commentCount\":0,\"publisher\":{\"@id\":\"https:\/\/vincentians.com\/en\/#organization\"},\"image\":{\"@id\":\"http:\/\/vincentians.com\/en\/ozanam-pioneer-in-social-justice\/#primaryimage\"},\"thumbnailUrl\":\"https:\/\/i0.wp.com\/vincentians.com\/en\/wp-content\/uploads\/sites\/2\/2012\/12\/ozanam-charity.jpg?fit=1200%2C630\",\"articleSection\":[\"Fr\u00e9d\u00e9ric Ozanam\"],\"inLanguage\":\"en-US\",\"potentialAction\":[{\"@type\":\"CommentAction\",\"name\":\"Comment\",\"target\":[\"http:\/\/vincentians.com\/en\/ozanam-pioneer-in-social-justice\/#respond\"]}]},{\"@type\":\"WebPage\",\"@id\":\"http:\/\/vincentians.com\/en\/ozanam-pioneer-in-social-justice\/\",\"url\":\"http:\/\/vincentians.com\/en\/ozanam-pioneer-in-social-justice\/\",\"name\":\"Ozanam: Pioneer in Social Justice - We are Vincentians\",\"isPartOf\":{\"@id\":\"https:\/\/vincentians.com\/en\/#website\"},\"primaryImageOfPage\":{\"@id\":\"http:\/\/vincentians.com\/en\/ozanam-pioneer-in-social-justice\/#primaryimage\"},\"image\":{\"@id\":\"http:\/\/vincentians.com\/en\/ozanam-pioneer-in-social-justice\/#primaryimage\"},\"thumbnailUrl\":\"https:\/\/i0.wp.com\/vincentians.com\/en\/wp-content\/uploads\/sites\/2\/2012\/12\/ozanam-charity.jpg?fit=1200%2C630\",\"datePublished\":\"2016-07-17T00:00:23+00:00\",\"breadcrumb\":{\"@id\":\"http:\/\/vincentians.com\/en\/ozanam-pioneer-in-social-justice\/#breadcrumb\"},\"inLanguage\":\"en-US\",\"potentialAction\":[{\"@type\":\"ReadAction\",\"target\":[\"http:\/\/vincentians.com\/en\/ozanam-pioneer-in-social-justice\/\"]}]},{\"@type\":\"ImageObject\",\"inLanguage\":\"en-US\",\"@id\":\"http:\/\/vincentians.com\/en\/ozanam-pioneer-in-social-justice\/#primaryimage\",\"url\":\"https:\/\/i0.wp.com\/vincentians.com\/en\/wp-content\/uploads\/sites\/2\/2012\/12\/ozanam-charity.jpg?fit=1200%2C630\",\"contentUrl\":\"https:\/\/i0.wp.com\/vincentians.com\/en\/wp-content\/uploads\/sites\/2\/2012\/12\/ozanam-charity.jpg?fit=1200%2C630\",\"width\":1200,\"height\":630},{\"@type\":\"BreadcrumbList\",\"@id\":\"http:\/\/vincentians.com\/en\/ozanam-pioneer-in-social-justice\/#breadcrumb\",\"itemListElement\":[{\"@type\":\"ListItem\",\"position\":1,\"name\":\"Portada\",\"item\":\"https:\/\/vincentians.com\/en\/\"},{\"@type\":\"ListItem\",\"position\":2,\"name\":\"Ozanam: Pioneer in Social Justice\"}]},{\"@type\":\"WebSite\",\"@id\":\"https:\/\/vincentians.com\/en\/#website\",\"url\":\"https:\/\/vincentians.com\/en\/\",\"name\":\"We are Vincentians\",\"description\":\"Know more to serve more\",\"publisher\":{\"@id\":\"https:\/\/vincentians.com\/en\/#organization\"},\"potentialAction\":[{\"@type\":\"SearchAction\",\"target\":{\"@type\":\"EntryPoint\",\"urlTemplate\":\"https:\/\/vincentians.com\/en\/?s={search_term_string}\"},\"query-input\":{\"@type\":\"PropertyValueSpecification\",\"valueRequired\":true,\"valueName\":\"search_term_string\"}}],\"inLanguage\":\"en-US\"},{\"@type\":\"Organization\",\"@id\":\"https:\/\/vincentians.com\/en\/#organization\",\"name\":\"The Vincentian Network\",\"url\":\"https:\/\/vincentians.com\/en\/\",\"logo\":{\"@type\":\"ImageObject\",\"inLanguage\":\"en-US\",\"@id\":\"https:\/\/vincentians.com\/en\/#\/schema\/logo\/image\/\",\"url\":\"https:\/\/i1.wp.com\/vincentians.com\/en\/wp-content\/uploads\/sites\/2\/2016\/06\/Vincentian-Network-logo-big.png?fit=778%2C778&ssl=1\",\"contentUrl\":\"https:\/\/i1.wp.com\/vincentians.com\/en\/wp-content\/uploads\/sites\/2\/2016\/06\/Vincentian-Network-logo-big.png?fit=778%2C778&ssl=1\",\"width\":778,\"height\":778,\"caption\":\"The Vincentian Network\"},\"image\":{\"@id\":\"https:\/\/vincentians.com\/en\/#\/schema\/logo\/image\/\"},\"sameAs\":[\"https:\/\/www.facebook.com\/WeAreVincentians\/\",\"https:\/\/x.com\/WeVincentians\"]},{\"@type\":\"Person\",\"@id\":\"https:\/\/vincentians.com\/en\/#\/schema\/person\/9623ef4d9aa3b2dfb8c061f1499288f2\",\"name\":\"Francisco Javier Fern\u00e1ndez Chento\",\"image\":{\"@type\":\"ImageObject\",\"inLanguage\":\"en-US\",\"@id\":\"https:\/\/vincentians.com\/en\/#\/schema\/person\/image\/\",\"url\":\"https:\/\/secure.gravatar.com\/avatar\/497d5cde87b4c3d097d0315953521681ba2cd523ee66e5077c3711f7021e65de?s=96&d=mm&r=g\",\"contentUrl\":\"https:\/\/secure.gravatar.com\/avatar\/497d5cde87b4c3d097d0315953521681ba2cd523ee66e5077c3711f7021e65de?s=96&d=mm&r=g\",\"caption\":\"Francisco Javier Fern\u00e1ndez Chento\"},\"description\":\"Director General y cofundador de La Red de Formaci\u00f3n Vicenciana. Javier es laico vicenciano, afiliado a la Congregaci\u00f3n de la Misi\u00f3n y miembro del Equipo de Misiones Populares de la provincia can\u00f3nica de Zaragoza (Espa\u00f1a) de la Congregaci\u00f3n de la Misi\u00f3n. Graduado en la Universidad Oberta de Catalunya con cuatro grados (Asistente de direcci\u00f3n, Gesti\u00f3n Administrativa, Recursos Humanos y Contabilidad Avanzada). Bil\u00edng\u00fce Espa\u00f1ol\/Ingl\u00e9s. gestiona y mantiene varias p\u00e1ginas web cristianas y vicencianas, incluida including La Red de Formaci\u00f3n Vicenciana, de la que es cofundador. Actualmente es responsable del \u00e1rea de Espa\u00f1ol de .famvin, la Red de Noticias de la Familia Vicenciana. Tambi\u00e9n es m\u00fasico cat\u00f3lico y ha editado varios discos. Es Director General y cofundador de Trovador, una reconocida compa\u00f1\u00eda discogr\u00e1fica critiana de Espa\u00f1a. Trabaja en las Tecnolog\u00edas de la Informaci\u00f3n, ofreciendo servicios de alojamiento, dise\u00f1o y mantenimiento Web, as\u00ed como asesoramiento, formaci\u00f3n y soluciones inform\u00e1ticas, gesti\u00f3n documental y digitalizaci\u00f3n de textos, edici\u00f3n y maquetaci\u00f3n de libros, revistas, flyers, etc.\",\"sameAs\":[\"http:\/\/chento.org\",\"https:\/\/www.facebook.com\/JavierChento\",\"https:\/\/x.com\/https:\/\/twitter.com\/javierchento\"],\"url\":\"http:\/\/vincentians.com\/en\/author\/chento\/\"}]}<\/script>\n<!-- \/ Yoast SEO plugin. -->","yoast_head_json":{"title":"Ozanam: Pioneer in Social Justice - We are Vincentians","robots":{"index":"index","follow":"follow","max-snippet":"max-snippet:-1","max-image-preview":"max-image-preview:large","max-video-preview":"max-video-preview:-1"},"canonical":"http:\/\/vincentians.com\/en\/ozanam-pioneer-in-social-justice\/","og_locale":"en_US","og_type":"article","og_title":"Ozanam: Pioneer in Social Justice - We are Vincentians","og_description":"Frederick Ozanam was an outstanding pioneer in the renewed stress on social justice in the Church. Many church statements today reflect his views insisting that work for social justice is an essential aspect of evangelisation. ... Read More","og_url":"http:\/\/vincentians.com\/en\/ozanam-pioneer-in-social-justice\/","og_site_name":"We are Vincentians","article_publisher":"https:\/\/www.facebook.com\/WeAreVincentians\/","article_author":"https:\/\/www.facebook.com\/JavierChento","article_published_time":"2016-07-17T00:00:23+00:00","og_image":[{"width":1200,"height":630,"url":"https:\/\/i0.wp.com\/vincentians.com\/en\/wp-content\/uploads\/sites\/2\/2012\/12\/ozanam-charity.jpg?fit=1200%2C630","type":"image\/jpeg"}],"author":"Francisco Javier Fern\u00e1ndez Chento","twitter_card":"summary_large_image","twitter_creator":"@https:\/\/twitter.com\/javierchento","twitter_site":"@WeVincentians","twitter_misc":{"Written by":"Francisco Javier Fern\u00e1ndez Chento","Est. reading time":"6 minutes"},"schema":{"@context":"https:\/\/schema.org","@graph":[{"@type":"Article","@id":"http:\/\/vincentians.com\/en\/ozanam-pioneer-in-social-justice\/#article","isPartOf":{"@id":"http:\/\/vincentians.com\/en\/ozanam-pioneer-in-social-justice\/"},"author":{"name":"Francisco Javier Fern\u00e1ndez Chento","@id":"https:\/\/vincentians.com\/en\/#\/schema\/person\/9623ef4d9aa3b2dfb8c061f1499288f2"},"headline":"Ozanam: Pioneer in Social Justice","datePublished":"2016-07-17T00:00:23+00:00","mainEntityOfPage":{"@id":"http:\/\/vincentians.com\/en\/ozanam-pioneer-in-social-justice\/"},"wordCount":1124,"commentCount":0,"publisher":{"@id":"https:\/\/vincentians.com\/en\/#organization"},"image":{"@id":"http:\/\/vincentians.com\/en\/ozanam-pioneer-in-social-justice\/#primaryimage"},"thumbnailUrl":"https:\/\/i0.wp.com\/vincentians.com\/en\/wp-content\/uploads\/sites\/2\/2012\/12\/ozanam-charity.jpg?fit=1200%2C630","articleSection":["Fr\u00e9d\u00e9ric Ozanam"],"inLanguage":"en-US","potentialAction":[{"@type":"CommentAction","name":"Comment","target":["http:\/\/vincentians.com\/en\/ozanam-pioneer-in-social-justice\/#respond"]}]},{"@type":"WebPage","@id":"http:\/\/vincentians.com\/en\/ozanam-pioneer-in-social-justice\/","url":"http:\/\/vincentians.com\/en\/ozanam-pioneer-in-social-justice\/","name":"Ozanam: Pioneer in Social Justice - We are Vincentians","isPartOf":{"@id":"https:\/\/vincentians.com\/en\/#website"},"primaryImageOfPage":{"@id":"http:\/\/vincentians.com\/en\/ozanam-pioneer-in-social-justice\/#primaryimage"},"image":{"@id":"http:\/\/vincentians.com\/en\/ozanam-pioneer-in-social-justice\/#primaryimage"},"thumbnailUrl":"https:\/\/i0.wp.com\/vincentians.com\/en\/wp-content\/uploads\/sites\/2\/2012\/12\/ozanam-charity.jpg?fit=1200%2C630","datePublished":"2016-07-17T00:00:23+00:00","breadcrumb":{"@id":"http:\/\/vincentians.com\/en\/ozanam-pioneer-in-social-justice\/#breadcrumb"},"inLanguage":"en-US","potentialAction":[{"@type":"ReadAction","target":["http:\/\/vincentians.com\/en\/ozanam-pioneer-in-social-justice\/"]}]},{"@type":"ImageObject","inLanguage":"en-US","@id":"http:\/\/vincentians.com\/en\/ozanam-pioneer-in-social-justice\/#primaryimage","url":"https:\/\/i0.wp.com\/vincentians.com\/en\/wp-content\/uploads\/sites\/2\/2012\/12\/ozanam-charity.jpg?fit=1200%2C630","contentUrl":"https:\/\/i0.wp.com\/vincentians.com\/en\/wp-content\/uploads\/sites\/2\/2012\/12\/ozanam-charity.jpg?fit=1200%2C630","width":1200,"height":630},{"@type":"BreadcrumbList","@id":"http:\/\/vincentians.com\/en\/ozanam-pioneer-in-social-justice\/#breadcrumb","itemListElement":[{"@type":"ListItem","position":1,"name":"Portada","item":"https:\/\/vincentians.com\/en\/"},{"@type":"ListItem","position":2,"name":"Ozanam: Pioneer in Social Justice"}]},{"@type":"WebSite","@id":"https:\/\/vincentians.com\/en\/#website","url":"https:\/\/vincentians.com\/en\/","name":"We are Vincentians","description":"Know more to serve more","publisher":{"@id":"https:\/\/vincentians.com\/en\/#organization"},"potentialAction":[{"@type":"SearchAction","target":{"@type":"EntryPoint","urlTemplate":"https:\/\/vincentians.com\/en\/?s={search_term_string}"},"query-input":{"@type":"PropertyValueSpecification","valueRequired":true,"valueName":"search_term_string"}}],"inLanguage":"en-US"},{"@type":"Organization","@id":"https:\/\/vincentians.com\/en\/#organization","name":"The Vincentian Network","url":"https:\/\/vincentians.com\/en\/","logo":{"@type":"ImageObject","inLanguage":"en-US","@id":"https:\/\/vincentians.com\/en\/#\/schema\/logo\/image\/","url":"https:\/\/i1.wp.com\/vincentians.com\/en\/wp-content\/uploads\/sites\/2\/2016\/06\/Vincentian-Network-logo-big.png?fit=778%2C778&ssl=1","contentUrl":"https:\/\/i1.wp.com\/vincentians.com\/en\/wp-content\/uploads\/sites\/2\/2016\/06\/Vincentian-Network-logo-big.png?fit=778%2C778&ssl=1","width":778,"height":778,"caption":"The Vincentian Network"},"image":{"@id":"https:\/\/vincentians.com\/en\/#\/schema\/logo\/image\/"},"sameAs":["https:\/\/www.facebook.com\/WeAreVincentians\/","https:\/\/x.com\/WeVincentians"]},{"@type":"Person","@id":"https:\/\/vincentians.com\/en\/#\/schema\/person\/9623ef4d9aa3b2dfb8c061f1499288f2","name":"Francisco Javier Fern\u00e1ndez Chento","image":{"@type":"ImageObject","inLanguage":"en-US","@id":"https:\/\/vincentians.com\/en\/#\/schema\/person\/image\/","url":"https:\/\/secure.gravatar.com\/avatar\/497d5cde87b4c3d097d0315953521681ba2cd523ee66e5077c3711f7021e65de?s=96&d=mm&r=g","contentUrl":"https:\/\/secure.gravatar.com\/avatar\/497d5cde87b4c3d097d0315953521681ba2cd523ee66e5077c3711f7021e65de?s=96&d=mm&r=g","caption":"Francisco Javier Fern\u00e1ndez Chento"},"description":"Director General y cofundador de La Red de Formaci\u00f3n Vicenciana. Javier es laico vicenciano, afiliado a la Congregaci\u00f3n de la Misi\u00f3n y miembro del Equipo de Misiones Populares de la provincia can\u00f3nica de Zaragoza (Espa\u00f1a) de la Congregaci\u00f3n de la Misi\u00f3n. Graduado en la Universidad Oberta de Catalunya con cuatro grados (Asistente de direcci\u00f3n, Gesti\u00f3n Administrativa, Recursos Humanos y Contabilidad Avanzada). Bil\u00edng\u00fce Espa\u00f1ol\/Ingl\u00e9s. gestiona y mantiene varias p\u00e1ginas web cristianas y vicencianas, incluida including La Red de Formaci\u00f3n Vicenciana, de la que es cofundador. Actualmente es responsable del \u00e1rea de Espa\u00f1ol de .famvin, la Red de Noticias de la Familia Vicenciana. Tambi\u00e9n es m\u00fasico cat\u00f3lico y ha editado varios discos. Es Director General y cofundador de Trovador, una reconocida compa\u00f1\u00eda discogr\u00e1fica critiana de Espa\u00f1a. Trabaja en las Tecnolog\u00edas de la Informaci\u00f3n, ofreciendo servicios de alojamiento, dise\u00f1o y mantenimiento Web, as\u00ed como asesoramiento, formaci\u00f3n y soluciones inform\u00e1ticas, gesti\u00f3n documental y digitalizaci\u00f3n de textos, edici\u00f3n y maquetaci\u00f3n de libros, revistas, flyers, etc.","sameAs":["http:\/\/chento.org","https:\/\/www.facebook.com\/JavierChento","https:\/\/x.com\/https:\/\/twitter.com\/javierchento"],"url":"http:\/\/vincentians.com\/en\/author\/chento\/"}]}},"jetpack_publicize_connections":[],"jetpack_featured_media_url":"https:\/\/i0.wp.com\/vincentians.com\/en\/wp-content\/uploads\/sites\/2\/2012\/12\/ozanam-charity.jpg?fit=1200%2C630","jetpack_sharing_enabled":true,"jetpack_shortlink":"https:\/\/wp.me\/p7K2Ow-D2B","jetpack-related-posts":[{"id":65895,"url":"http:\/\/vincentians.com\/en\/frederic-ozanam-a-layman-for-now-chapter-6\/","url_meta":{"origin":150077,"position":0},"title":"Fr\u00e9d\u00e9ric Ozanam, A Layman for Now. Chapter 6","author":"Francisco Javier Fern\u00e1ndez Chento","date":"September 14, 2016","format":false,"excerpt":"Chapter 6 - A Model for Today In the on-going need for the Church to address the question of modernity and adaptation to a culture while yet confronting it with Gospel values, are there any insights to be gained from the life and work of Frederic Ozanam? Is he a\u2026","rel":"","context":"In &quot;Fr\u00e9d\u00e9ric Ozanam&quot;","block_context":{"text":"Fr\u00e9d\u00e9ric Ozanam","link":"http:\/\/vincentians.com\/en\/category\/the-vincentian-family\/founders\/frederic-ozanam\/"},"img":{"alt_text":"","src":"https:\/\/i0.wp.com\/vincentians.com\/en\/wp-content\/uploads\/sites\/2\/2016\/07\/frederic-ozanam-layman-for-now.jpg?fit=1200%2C630&resize=350%2C200","width":350,"height":200,"srcset":"https:\/\/i0.wp.com\/vincentians.com\/en\/wp-content\/uploads\/sites\/2\/2016\/07\/frederic-ozanam-layman-for-now.jpg?fit=1200%2C630&resize=350%2C200 1x, https:\/\/i0.wp.com\/vincentians.com\/en\/wp-content\/uploads\/sites\/2\/2016\/07\/frederic-ozanam-layman-for-now.jpg?fit=1200%2C630&resize=525%2C300 1.5x, https:\/\/i0.wp.com\/vincentians.com\/en\/wp-content\/uploads\/sites\/2\/2016\/07\/frederic-ozanam-layman-for-now.jpg?fit=1200%2C630&resize=700%2C400 2x, https:\/\/i0.wp.com\/vincentians.com\/en\/wp-content\/uploads\/sites\/2\/2016\/07\/frederic-ozanam-layman-for-now.jpg?fit=1200%2C630&resize=1050%2C600 3x"},"classes":[]},{"id":83924,"url":"http:\/\/vincentians.com\/en\/pioneer-and-prophet-frederic-ozanams-influence-on-modern-catholic-social-theory\/","url_meta":{"origin":150077,"position":1},"title":"Pioneer and Prophet: Fr\u00e9d\u00e9ric Ozanam\u2019s Influence on Modern Catholic Social Theory","author":"Francisco Javier Fern\u00e1ndez Chento","date":"July 10, 2016","format":false,"excerpt":"Dozens of books and articles recognize Antoine Fr\u00e9d\u00e9ric Ozanam as one of the earliest and most prolific influences on the body of literature known as Catholic social theory. Thomas A. Shannon credits Ozanam with being one of a number of Catholic social reformers appearing on the scene in France in\u2026","rel":"","context":"In &quot;Fr\u00e9d\u00e9ric Ozanam&quot;","block_context":{"text":"Fr\u00e9d\u00e9ric Ozanam","link":"http:\/\/vincentians.com\/en\/category\/the-vincentian-family\/founders\/frederic-ozanam\/"},"img":{"alt_text":"","src":"https:\/\/i0.wp.com\/vincentians.com\/en\/wp-content\/uploads\/sites\/2\/2012\/12\/ozanam-charity.jpg?fit=1200%2C630&resize=350%2C200","width":350,"height":200,"srcset":"https:\/\/i0.wp.com\/vincentians.com\/en\/wp-content\/uploads\/sites\/2\/2012\/12\/ozanam-charity.jpg?fit=1200%2C630&resize=350%2C200 1x, https:\/\/i0.wp.com\/vincentians.com\/en\/wp-content\/uploads\/sites\/2\/2012\/12\/ozanam-charity.jpg?fit=1200%2C630&resize=525%2C300 1.5x, https:\/\/i0.wp.com\/vincentians.com\/en\/wp-content\/uploads\/sites\/2\/2012\/12\/ozanam-charity.jpg?fit=1200%2C630&resize=700%2C400 2x, https:\/\/i0.wp.com\/vincentians.com\/en\/wp-content\/uploads\/sites\/2\/2012\/12\/ozanam-charity.jpg?fit=1200%2C630&resize=1050%2C600 3x"},"classes":[]},{"id":49483,"url":"http:\/\/vincentians.com\/en\/antoine-frederic-ozanam-building-the-good-society\/","url_meta":{"origin":150077,"position":2},"title":"Antoine Fr\u00e9d\u00e9ric Ozanam: Building the Good Society","author":"Francisco Javier Fern\u00e1ndez Chento","date":"July 24, 2016","format":false,"excerpt":"Introduction Antoine Fr\u00e9d\u00e9ric Ozanam embodies the best of the Catholic intellectual tradition. He earned doctorates in law and literature by the age of twenty-six. He translated intellectual insights into practice as he endeavored to help build the good society. As a twenty-year-old law student in Paris in 1833, he founded\u2026","rel":"","context":"In &quot;Fr\u00e9d\u00e9ric Ozanam&quot;","block_context":{"text":"Fr\u00e9d\u00e9ric Ozanam","link":"http:\/\/vincentians.com\/en\/category\/the-vincentian-family\/founders\/frederic-ozanam\/"},"img":{"alt_text":"","src":"https:\/\/i0.wp.com\/vincentians.com\/en\/wp-content\/uploads\/sites\/2\/2012\/12\/ozanam-charity.jpg?fit=1200%2C630&resize=350%2C200","width":350,"height":200,"srcset":"https:\/\/i0.wp.com\/vincentians.com\/en\/wp-content\/uploads\/sites\/2\/2012\/12\/ozanam-charity.jpg?fit=1200%2C630&resize=350%2C200 1x, https:\/\/i0.wp.com\/vincentians.com\/en\/wp-content\/uploads\/sites\/2\/2012\/12\/ozanam-charity.jpg?fit=1200%2C630&resize=525%2C300 1.5x, https:\/\/i0.wp.com\/vincentians.com\/en\/wp-content\/uploads\/sites\/2\/2012\/12\/ozanam-charity.jpg?fit=1200%2C630&resize=700%2C400 2x, https:\/\/i0.wp.com\/vincentians.com\/en\/wp-content\/uploads\/sites\/2\/2012\/12\/ozanam-charity.jpg?fit=1200%2C630&resize=1050%2C600 3x"},"classes":[]},{"id":64429,"url":"http:\/\/vincentians.com\/en\/frederic-ozanam-a-layman-for-now-chapter-1\/","url_meta":{"origin":150077,"position":3},"title":"Fr\u00e9d\u00e9ric Ozanam, A Layman for Now. Chapter 1","author":"Francisco Javier Fern\u00e1ndez Chento","date":"September 9, 2016","format":false,"excerpt":"Introduction The joys and the hopes, the griefs and the anxieties of the men of this age, especially those who are poor or in any way afflicted, these too are joys and hopes, the griefs and the anxieties of the followers of Christ. Indeed, nothing genuinely human fails to raise\u2026","rel":"","context":"In &quot;Fr\u00e9d\u00e9ric Ozanam&quot;","block_context":{"text":"Fr\u00e9d\u00e9ric Ozanam","link":"http:\/\/vincentians.com\/en\/category\/the-vincentian-family\/founders\/frederic-ozanam\/"},"img":{"alt_text":"","src":"https:\/\/i0.wp.com\/vincentians.com\/en\/wp-content\/uploads\/sites\/2\/2016\/07\/frederic-ozanam-layman-for-now.jpg?fit=1200%2C630&resize=350%2C200","width":350,"height":200,"srcset":"https:\/\/i0.wp.com\/vincentians.com\/en\/wp-content\/uploads\/sites\/2\/2016\/07\/frederic-ozanam-layman-for-now.jpg?fit=1200%2C630&resize=350%2C200 1x, https:\/\/i0.wp.com\/vincentians.com\/en\/wp-content\/uploads\/sites\/2\/2016\/07\/frederic-ozanam-layman-for-now.jpg?fit=1200%2C630&resize=525%2C300 1.5x, https:\/\/i0.wp.com\/vincentians.com\/en\/wp-content\/uploads\/sites\/2\/2016\/07\/frederic-ozanam-layman-for-now.jpg?fit=1200%2C630&resize=700%2C400 2x, https:\/\/i0.wp.com\/vincentians.com\/en\/wp-content\/uploads\/sites\/2\/2016\/07\/frederic-ozanam-layman-for-now.jpg?fit=1200%2C630&resize=1050%2C600 3x"},"classes":[]},{"id":64828,"url":"http:\/\/vincentians.com\/en\/frederic-ozanam-a-layman-for-now-chapter-2\/","url_meta":{"origin":150077,"position":4},"title":"Fr\u00e9d\u00e9ric Ozanam, A Layman for Now. Chapter 2","author":"Francisco Javier Fern\u00e1ndez Chento","date":"September 10, 2016","format":false,"excerpt":"Chapter 2 - Biographical Sketch Frederic Ozanam was born on April 23, 1813 in Milan, Italy. He was the fifth child of fourteen born to Jean-Antoine- Francoise and Marie Nantas Ozanam, ardent French Catholics of middle-class circumstances. His father had served with distinction as an officer under Napoleon, retiring early\u2026","rel":"","context":"In &quot;Fr\u00e9d\u00e9ric Ozanam&quot;","block_context":{"text":"Fr\u00e9d\u00e9ric Ozanam","link":"http:\/\/vincentians.com\/en\/category\/the-vincentian-family\/founders\/frederic-ozanam\/"},"img":{"alt_text":"","src":"https:\/\/i0.wp.com\/vincentians.com\/en\/wp-content\/uploads\/sites\/2\/2016\/07\/frederic-ozanam-layman-for-now.jpg?fit=1200%2C630&resize=350%2C200","width":350,"height":200,"srcset":"https:\/\/i0.wp.com\/vincentians.com\/en\/wp-content\/uploads\/sites\/2\/2016\/07\/frederic-ozanam-layman-for-now.jpg?fit=1200%2C630&resize=350%2C200 1x, https:\/\/i0.wp.com\/vincentians.com\/en\/wp-content\/uploads\/sites\/2\/2016\/07\/frederic-ozanam-layman-for-now.jpg?fit=1200%2C630&resize=525%2C300 1.5x, https:\/\/i0.wp.com\/vincentians.com\/en\/wp-content\/uploads\/sites\/2\/2016\/07\/frederic-ozanam-layman-for-now.jpg?fit=1200%2C630&resize=700%2C400 2x, https:\/\/i0.wp.com\/vincentians.com\/en\/wp-content\/uploads\/sites\/2\/2016\/07\/frederic-ozanam-layman-for-now.jpg?fit=1200%2C630&resize=1050%2C600 3x"},"classes":[]},{"id":65031,"url":"http:\/\/vincentians.com\/en\/frederic-ozanam-a-layman-for-now-chapter-3\/","url_meta":{"origin":150077,"position":5},"title":"Fr\u00e9d\u00e9ric Ozanam, A Layman for Now. Chapter 3","author":"Francisco Javier Fern\u00e1ndez Chento","date":"September 11, 2016","format":false,"excerpt":"Chapter 3 - The Spirit of Gospel and St. Vincent de Paul Frederic Ozanam is appropriately buried in the crypt of the Church of St. Joseph des Carmes which adjoins and serves the students attending the Institut Catholique in Paris. Above his tomb is a mural depicting the parable of\u2026","rel":"","context":"In &quot;Fr\u00e9d\u00e9ric Ozanam&quot;","block_context":{"text":"Fr\u00e9d\u00e9ric Ozanam","link":"http:\/\/vincentians.com\/en\/category\/the-vincentian-family\/founders\/frederic-ozanam\/"},"img":{"alt_text":"","src":"https:\/\/i0.wp.com\/vincentians.com\/en\/wp-content\/uploads\/sites\/2\/2016\/07\/frederic-ozanam-layman-for-now.jpg?fit=1200%2C630&resize=350%2C200","width":350,"height":200,"srcset":"https:\/\/i0.wp.com\/vincentians.com\/en\/wp-content\/uploads\/sites\/2\/2016\/07\/frederic-ozanam-layman-for-now.jpg?fit=1200%2C630&resize=350%2C200 1x, https:\/\/i0.wp.com\/vincentians.com\/en\/wp-content\/uploads\/sites\/2\/2016\/07\/frederic-ozanam-layman-for-now.jpg?fit=1200%2C630&resize=525%2C300 1.5x, https:\/\/i0.wp.com\/vincentians.com\/en\/wp-content\/uploads\/sites\/2\/2016\/07\/frederic-ozanam-layman-for-now.jpg?fit=1200%2C630&resize=700%2C400 2x, https:\/\/i0.wp.com\/vincentians.com\/en\/wp-content\/uploads\/sites\/2\/2016\/07\/frederic-ozanam-layman-for-now.jpg?fit=1200%2C630&resize=1050%2C600 3x"},"classes":[]}],"_links":{"self":[{"href":"http:\/\/vincentians.com\/en\/wp-json\/wp\/v2\/posts\/150077","targetHints":{"allow":["GET"]}}],"collection":[{"href":"http:\/\/vincentians.com\/en\/wp-json\/wp\/v2\/posts"}],"about":[{"href":"http:\/\/vincentians.com\/en\/wp-json\/wp\/v2\/types\/post"}],"author":[{"embeddable":true,"href":"http:\/\/vincentians.com\/en\/wp-json\/wp\/v2\/users\/4"}],"replies":[{"embeddable":true,"href":"http:\/\/vincentians.com\/en\/wp-json\/wp\/v2\/comments?post=150077"}],"version-history":[{"count":0,"href":"http:\/\/vincentians.com\/en\/wp-json\/wp\/v2\/posts\/150077\/revisions"}],"wp:featuredmedia":[{"embeddable":true,"href":"http:\/\/vincentians.com\/en\/wp-json\/wp\/v2\/media\/149697"}],"wp:attachment":[{"href":"http:\/\/vincentians.com\/en\/wp-json\/wp\/v2\/media?parent=150077"}],"wp:term":[{"taxonomy":"category","embeddable":true,"href":"http:\/\/vincentians.com\/en\/wp-json\/wp\/v2\/categories?post=150077"},{"taxonomy":"post_tag","embeddable":true,"href":"http:\/\/vincentians.com\/en\/wp-json\/wp\/v2\/tags?post=150077"}],"curies":[{"name":"wp","href":"https:\/\/api.w.org\/{rel}","templated":true}]}}