{"id":149860,"date":"2016-07-09T12:00:00","date_gmt":"2016-07-09T10:00:00","guid":{"rendered":"http:\/\/vincentians.com\/en\/?p=149860"},"modified":"2016-07-08T15:36:54","modified_gmt":"2016-07-08T13:36:54","slug":"new-in-the-library-history-of-civilization-in-the-fifth-century-frederic-ozanam","status":"publish","type":"post","link":"http:\/\/vincentians.com\/en\/new-in-the-library-history-of-civilization-in-the-fifth-century-frederic-ozanam\/","title":{"rendered":"New in the Library: &#8220;History Of Civilization In The Fifth Century&#8221; (Fr\u00e9d\u00e9ric Ozanam)"},"content":{"rendered":"<p>Two volumes published in 1896.<\/p>\n<p><em>From the preface:<\/em><\/p>\n<p style=\"padding-left: 30px;\">The following version in English, of an historical work which is well known and valued in France, is offered to a public which has welcomed the kindred writings of the Comte de Montalembert. It treats of a period which was the turning point in the history of Western civilization, and although the standpoint of the author may to a certain extent influence the method of treatment, and cause many in this country to take exception to details, yet it is submitted that all will agree to its main argument, the position of the Christian Church as the great the only civilizing force that survived the revolution which left the prostrate Empire face to face with the invading hordes. This fact, which is insisted on by the followers of Comte, will in these days surely not be controverted by any of those whose thought is governed by Christianity.<\/p>\n<p style=\"padding-left: 30px;\">A few words may be said as to the career of the author, Frederic Ozanam, whose name has not yet become widely known in this country. He was born August 23rd, 1813, at Milan, where his father, who had fallen into poverty, was residing and studying medicine. His mother, whose maiden name had been Marie Nantas, was daughter to a rich Lyonnese merchant, and it was to that city that his parents returned in 1816. The father obtained there a considerable reputation as a doctor, and died from the effects of an accident in 1837. His son pursued his studies at Paris with great success, and was destined for the Bar. He took a prominent place in the thoughtful and religious party among the students, and his published letters show how he became identified with the movement set on foot by Lacordaire and others. He was especially distinguished, however, by the foundation of an association of benevolence, called the Society of St. Vincent of Paul, which from its small beginnings in Paris spread over France, and has at the present time its conferences, composed of laymen, in all the larger towns of Europe. M. Ozanam showed, even during his student life, a leaning towards literary pursuits, and a distaste for the profession of the Bar, to which he was destined ; but he joined the Bar of Lyons, obtained some success as an advocate, and was chosen in 1839 as the first occupant of the professorial chair of Commercial Law which had just been established in that city. The courses of lectures given by him were well attended, the lectures themselves were eloquent and learned, and M. Ozanam seems to have preferred inculcating the science of jurisprudence to practising in the Courts. But in the course of the following year, 1840, he obtained an appointment which was still more suitable to his talent, the Professorship of Foreign Literature at Paris, and which gave him a perfect opportunity for the cultivation of his favourite pursuit, the philosophy of history. Shortly after his appointment, M. Ozanam married, and the remaining years of his life were spent in the duties of his calling; in travelling partly for the sake of health and pleasure, partly to gain information which might be woven into his lectures; and in visits to his many friends, chiefly those who had taken an active part with him in upholding the interests of religion in France. He never entered upon active political life, though he offered himself upon a requisition of his fellow-townsmen as representative of Lyons in the National Assembly of 1848. In politics M. Ozanam was a decided Liberal, in religion a fervent Catholic. His letters show a great dislike of any alliance between the Church and Absolutism, and a conviction that religion and an enlightened democracy might flourish together. He wrote in the &#8221; Correspondant&#8221; which embodied the newer ideas, and was frequently animadverted upon by the &#8220;Univers,&#8221; which represented the more conservative party in Church and State. His more important works were developed from lectures delivered at the Sorbonne : and his scheme was to embrace the history of civilization from the fall of the Eoman Empire to the time of Dante. But failing health, although much was completed, did not allow him entirely to achieve the great object which he had originally conceived when a mere boy ; and the touching words in which he expressed his resignation to an early death, when his already brilliant life promised an increase of success, and his cup of domestic happiness was entirely full, may be found among his published writings. M. Ozanam seems to have continued his literary labours as long as rapidly increasing weakness would permit, but after a stay in Italy, which did not avail to restore his broken health, he reached his native country only to die, September 8th, 1853, in the fortieth year of his age, and the heyday of a bright and useful career.<\/p>\n<p style=\"padding-left: 30px;\">He was lamented by troops of friends, old and young, rich and poor the latter indeed being under especial obligations to his memory. His friend M. Ampere became his literary executor, and undertook the task of giving his complete works to the public, for which end a subscription was quickly raised amongst those who had known and respected him at Lyons and elsewhere. From the lectures which he had completed and revised, from reports of others, and his own manuscript notes, an edition of his complete works was formed in nine volumes, comprising <em>La Civilization au Cinquieme Siecle, Etudes Germaniques, Les Poetes Franciscains, Dante et la Philosophic Catholique au Treizieme Siecle,<\/em> and <em>Melanges<\/em>, to which were added two volumes of his letters.<\/p>\n<p style=\"padding-left: 30px;\">The work which has now been translated forms the first two volumes of the above series, and was intended by the author as the opening of the grand historical treatise which he had designed. But it is also complete in itself, and seems well worthy of an introduction into England. As it was delivered originally in the shape of lectures, and preserves that form in the French edition, it has been necessary, in order to preserve the continuity of the historical narrative, to alter the construction occasionally, and to pass over a sentence here and there, which refers solely to the audience of students to which the lectures were originally addressed. The last chapter but one being based upon a lecture which the author had never revised, and which stands in the French in the shape of rough notes, has been rendered into connected English, regard being had to the general style of the completed lectures. With these exceptions the original form of the treatise has, as far as was compatible with the exigencies of our idiom, been steadily maintained, and every idea has, in accordance with the accepted canons of translation, been scrupulously preserved. But the translator is fully conscious of the defects of his work, and only trusts that some portion of the beauty and earnest eloquence of the original may show through the veil which has been cast upon it.<\/p>\n<div class=\"wpfilebase-file-default\" onclick=\"if('undefined' == typeof event.target.href) document.getElementById('wpfb-file-link-1').click();\">\r\n  <div class=\"icon\"><a href=\"http:\/\/vincentians.com\/en\/download\/vincentian_readings\/founders_writings\/frederic_ozanam\/History-Of-Civilization-In-The-Fifth-Century-Vol-01.pdf\" target=\"_blank\" title=\"Download History Of Civilization In The Fifth Century Vol 01 (ed 1868)\"><img data-recalc-dims=\"1\" decoding=\"async\" align=\"middle\" src=\"https:\/\/i0.wp.com\/vincentians.com\/en\/wp-includes\/images\/crystal\/document.png?w=846\" alt=\"History Of Civilization In The Fifth Century Vol 01 (ed 1868)\" \/><\/a><\/div>\r\n  <div class=\"filetitle\">\r\n    <a href=\"http:\/\/vincentians.com\/en\/download\/vincentian_readings\/founders_writings\/frederic_ozanam\/History-Of-Civilization-In-The-Fifth-Century-Vol-01.pdf\" title=\"Download History Of Civilization In The Fifth Century Vol 01 (ed 1868)\" target=\"_blank\" id=\"wpfb-file-link-1\">History Of Civilization In The Fifth Century Vol 01 (ed 1868)<\/a>\r\n    \r\n    <br \/>\r\n    History-Of-Civilization-In-The-Fifth-Century-Vol-01.pdf<br \/>\r\n    \r\n  <\/div>\r\n  <div class=\"info\">\r\n    25.1 MiB<br \/>\r\n    188 Downloads<br \/>\r\n    <a href=\"#\" onclick=\"return wpfilebase_filedetails(1);\">Details<\/a>\r\n  <\/div>\r\n  <div class=\"details\" id=\"wpfilebase-filedetails1\" style=\"display: none;\">\r\n  \r\n  <table border=\"0\">\r\n   <tr><td><strong>Languages:<\/strong><\/td><td>English<\/td><\/tr>\r\n   <tr><td><strong>Author:<\/strong><\/td><td>Fr\u00e9d\u00e9ric Ozanam<\/td><\/tr>\r\n   \r\n   <tr><td><strong>Requirements:<\/strong><\/td><td><a href=\"https:\/\/www.foxitsoftware.com\/products\/pdf-reader\/\" target=\"_blank\">PDF Reader<\/a><\/td><\/tr>\r\n   <tr><td><strong>Category:<\/strong><\/td><td>Vincentian Readings \u2192 Founders Writings \u2192 Fr\u00e9d\u00e9ric Ozanam<\/td><\/tr>\r\n   <tr><td><strong>License:<\/strong><\/td><td>Freeware<\/td><\/tr>\r\n   <tr><td><strong>Date:<\/strong><\/td><td>June 25, 2016<\/td><\/tr>\r\n  <\/table>\r\n  <\/div>\r\n <div style=\"clear: both;\"><\/div>\r\n<\/div>\n<div class=\"wpfilebase-file-default\" onclick=\"if('undefined' == typeof event.target.href) document.getElementById('wpfb-file-link-2').click();\">\r\n  <div class=\"icon\"><a href=\"http:\/\/vincentians.com\/en\/download\/vincentian_readings\/founders_writings\/frederic_ozanam\/History-Of-Civilization-In-The-Fifth-Century-Vol-02.pdf\" target=\"_blank\" title=\"Download History Of Civilization In The Fifth Century Vol 02 (ed 1868)\"><img data-recalc-dims=\"1\" decoding=\"async\" align=\"middle\" src=\"https:\/\/i0.wp.com\/vincentians.com\/en\/wp-includes\/images\/crystal\/document.png?w=846\" alt=\"History Of Civilization In The Fifth Century Vol 02 (ed 1868)\" \/><\/a><\/div>\r\n  <div class=\"filetitle\">\r\n    <a href=\"http:\/\/vincentians.com\/en\/download\/vincentian_readings\/founders_writings\/frederic_ozanam\/History-Of-Civilization-In-The-Fifth-Century-Vol-02.pdf\" title=\"Download History Of Civilization In The Fifth Century Vol 02 (ed 1868)\" target=\"_blank\" id=\"wpfb-file-link-2\">History Of Civilization In The Fifth Century Vol 02 (ed 1868)<\/a>\r\n    \r\n    <br \/>\r\n    History-Of-Civilization-In-The-Fifth-Century-Vol-02.pdf<br \/>\r\n    \r\n  <\/div>\r\n  <div class=\"info\">\r\n    14.2 MiB<br \/>\r\n    147 Downloads<br \/>\r\n    <a href=\"#\" onclick=\"return wpfilebase_filedetails(2);\">Details<\/a>\r\n  <\/div>\r\n  <div class=\"details\" id=\"wpfilebase-filedetails2\" style=\"display: none;\">\r\n  \r\n  <table border=\"0\">\r\n   <tr><td><strong>Languages:<\/strong><\/td><td>English<\/td><\/tr>\r\n   <tr><td><strong>Author:<\/strong><\/td><td>Fr\u00e9d\u00e9ric Ozanam<\/td><\/tr>\r\n   \r\n   <tr><td><strong>Requirements:<\/strong><\/td><td><a href=\"https:\/\/www.foxitsoftware.com\/products\/pdf-reader\/\" target=\"_blank\">PDF Reader<\/a><\/td><\/tr>\r\n   <tr><td><strong>Category:<\/strong><\/td><td>Vincentian Readings \u2192 Founders Writings \u2192 Fr\u00e9d\u00e9ric Ozanam<\/td><\/tr>\r\n   <tr><td><strong>License:<\/strong><\/td><td>Freeware<\/td><\/tr>\r\n   <tr><td><strong>Date:<\/strong><\/td><td>July 7, 2016<\/td><\/tr>\r\n  <\/table>\r\n  <\/div>\r\n <div style=\"clear: both;\"><\/div>\r\n<\/div>\n","protected":false},"excerpt":{"rendered":"<p>Two volumes published in 1896. From the preface: The following version in English, of an historical work which is well known and valued in France, is offered to a public which has welcomed the kindred &#8230; <a href=\"http:\/\/vincentians.com\/en\/new-in-the-library-history-of-civilization-in-the-fifth-century-frederic-ozanam\/\" class=\"more-link\">Read More<\/a><\/p>\n","protected":false},"author":4,"featured_media":152097,"comment_status":"open","ping_status":"open","sticky":false,"template":"","format":"standard","meta":{"jetpack_post_was_ever_published":false,"_jetpack_newsletter_access":"","_jetpack_dont_email_post_to_subs":false,"_jetpack_newsletter_tier_id":0,"_jetpack_memberships_contains_paywalled_content":false,"_jetpack_memberships_contains_paid_content":false,"footnotes":"","jetpack_publicize_message":"","jetpack_publicize_feature_enabled":true,"jetpack_social_post_already_shared":true,"jetpack_social_options":{"image_generator_settings":{"template":"highway","default_image_id":0,"font":"","enabled":false},"version":2}},"categories":[11],"tags":[],"class_list":["post-149860","post","type-post","status-publish","format-standard","has-post-thumbnail","hentry","category-frederic-ozanam"],"yoast_head":"<!-- This site is optimized with the Yoast SEO plugin v26.3 - https:\/\/yoast.com\/wordpress\/plugins\/seo\/ -->\n<title>New in the Library: &quot;History Of Civilization In The Fifth Century&quot; (Fr\u00e9d\u00e9ric Ozanam) - We are Vincentians<\/title>\n<meta name=\"robots\" content=\"index, follow, max-snippet:-1, max-image-preview:large, max-video-preview:-1\" \/>\n<link rel=\"canonical\" href=\"https:\/\/vincentians.com\/en\/new-in-the-library-history-of-civilization-in-the-fifth-century-frederic-ozanam\/\" \/>\n<meta property=\"og:locale\" content=\"en_US\" \/>\n<meta property=\"og:type\" content=\"article\" \/>\n<meta property=\"og:title\" content=\"New in the Library: &quot;History Of Civilization In The Fifth Century&quot; (Fr\u00e9d\u00e9ric Ozanam) - We are Vincentians\" \/>\n<meta property=\"og:description\" content=\"Two volumes published in 1896. From the preface: The following version in English, of an historical work which is well known and valued in France, is offered to a public which has welcomed the kindred ... Read More\" \/>\n<meta property=\"og:url\" content=\"https:\/\/vincentians.com\/en\/new-in-the-library-history-of-civilization-in-the-fifth-century-frederic-ozanam\/\" \/>\n<meta property=\"og:site_name\" content=\"We are Vincentians\" \/>\n<meta property=\"article:publisher\" content=\"https:\/\/www.facebook.com\/WeAreVincentians\/\" \/>\n<meta property=\"article:author\" content=\"https:\/\/www.facebook.com\/JavierChento\" \/>\n<meta property=\"article:published_time\" content=\"2016-07-09T10:00:00+00:00\" \/>\n<meta property=\"og:image\" content=\"https:\/\/i0.wp.com\/vincentians.com\/en\/wp-content\/uploads\/sites\/2\/2016\/07\/the-vincentian-digital-library-2.jpg?fit=1200%2C630&ssl=1\" \/>\n\t<meta property=\"og:image:width\" content=\"1200\" \/>\n\t<meta property=\"og:image:height\" content=\"630\" \/>\n\t<meta property=\"og:image:type\" content=\"image\/jpeg\" \/>\n<meta name=\"author\" content=\"Francisco Javier Fern\u00e1ndez Chento\" \/>\n<meta name=\"twitter:card\" content=\"summary_large_image\" \/>\n<meta name=\"twitter:creator\" content=\"@https:\/\/twitter.com\/javierchento\" \/>\n<meta name=\"twitter:site\" content=\"@WeVincentians\" \/>\n<meta name=\"twitter:label1\" content=\"Written by\" \/>\n\t<meta name=\"twitter:data1\" content=\"Francisco Javier Fern\u00e1ndez Chento\" \/>\n\t<meta name=\"twitter:label2\" content=\"Est. reading time\" \/>\n\t<meta name=\"twitter:data2\" content=\"6 minutes\" \/>\n<script type=\"application\/ld+json\" class=\"yoast-schema-graph\">{\"@context\":\"https:\/\/schema.org\",\"@graph\":[{\"@type\":\"Article\",\"@id\":\"https:\/\/vincentians.com\/en\/new-in-the-library-history-of-civilization-in-the-fifth-century-frederic-ozanam\/#article\",\"isPartOf\":{\"@id\":\"https:\/\/vincentians.com\/en\/new-in-the-library-history-of-civilization-in-the-fifth-century-frederic-ozanam\/\"},\"author\":{\"name\":\"Francisco Javier Fern\u00e1ndez Chento\",\"@id\":\"http:\/\/vincentians.com\/en\/#\/schema\/person\/9623ef4d9aa3b2dfb8c061f1499288f2\"},\"headline\":\"New in the Library: &#8220;History Of Civilization In The Fifth Century&#8221; (Fr\u00e9d\u00e9ric Ozanam)\",\"datePublished\":\"2016-07-09T10:00:00+00:00\",\"mainEntityOfPage\":{\"@id\":\"https:\/\/vincentians.com\/en\/new-in-the-library-history-of-civilization-in-the-fifth-century-frederic-ozanam\/\"},\"wordCount\":1183,\"commentCount\":0,\"publisher\":{\"@id\":\"http:\/\/vincentians.com\/en\/#organization\"},\"image\":{\"@id\":\"https:\/\/vincentians.com\/en\/new-in-the-library-history-of-civilization-in-the-fifth-century-frederic-ozanam\/#primaryimage\"},\"thumbnailUrl\":\"https:\/\/i0.wp.com\/vincentians.com\/en\/wp-content\/uploads\/sites\/2\/2016\/07\/the-vincentian-digital-library-2.jpg?fit=1200%2C630\",\"articleSection\":[\"Fr\u00e9d\u00e9ric Ozanam\"],\"inLanguage\":\"en-US\",\"potentialAction\":[{\"@type\":\"CommentAction\",\"name\":\"Comment\",\"target\":[\"https:\/\/vincentians.com\/en\/new-in-the-library-history-of-civilization-in-the-fifth-century-frederic-ozanam\/#respond\"]}]},{\"@type\":\"WebPage\",\"@id\":\"https:\/\/vincentians.com\/en\/new-in-the-library-history-of-civilization-in-the-fifth-century-frederic-ozanam\/\",\"url\":\"https:\/\/vincentians.com\/en\/new-in-the-library-history-of-civilization-in-the-fifth-century-frederic-ozanam\/\",\"name\":\"New in the Library: \\\"History Of Civilization In The Fifth Century\\\" (Fr\u00e9d\u00e9ric Ozanam) - We are Vincentians\",\"isPartOf\":{\"@id\":\"http:\/\/vincentians.com\/en\/#website\"},\"primaryImageOfPage\":{\"@id\":\"https:\/\/vincentians.com\/en\/new-in-the-library-history-of-civilization-in-the-fifth-century-frederic-ozanam\/#primaryimage\"},\"image\":{\"@id\":\"https:\/\/vincentians.com\/en\/new-in-the-library-history-of-civilization-in-the-fifth-century-frederic-ozanam\/#primaryimage\"},\"thumbnailUrl\":\"https:\/\/i0.wp.com\/vincentians.com\/en\/wp-content\/uploads\/sites\/2\/2016\/07\/the-vincentian-digital-library-2.jpg?fit=1200%2C630\",\"datePublished\":\"2016-07-09T10:00:00+00:00\",\"breadcrumb\":{\"@id\":\"https:\/\/vincentians.com\/en\/new-in-the-library-history-of-civilization-in-the-fifth-century-frederic-ozanam\/#breadcrumb\"},\"inLanguage\":\"en-US\",\"potentialAction\":[{\"@type\":\"ReadAction\",\"target\":[\"https:\/\/vincentians.com\/en\/new-in-the-library-history-of-civilization-in-the-fifth-century-frederic-ozanam\/\"]}]},{\"@type\":\"ImageObject\",\"inLanguage\":\"en-US\",\"@id\":\"https:\/\/vincentians.com\/en\/new-in-the-library-history-of-civilization-in-the-fifth-century-frederic-ozanam\/#primaryimage\",\"url\":\"https:\/\/i0.wp.com\/vincentians.com\/en\/wp-content\/uploads\/sites\/2\/2016\/07\/the-vincentian-digital-library-2.jpg?fit=1200%2C630\",\"contentUrl\":\"https:\/\/i0.wp.com\/vincentians.com\/en\/wp-content\/uploads\/sites\/2\/2016\/07\/the-vincentian-digital-library-2.jpg?fit=1200%2C630\",\"width\":1200,\"height\":630},{\"@type\":\"BreadcrumbList\",\"@id\":\"https:\/\/vincentians.com\/en\/new-in-the-library-history-of-civilization-in-the-fifth-century-frederic-ozanam\/#breadcrumb\",\"itemListElement\":[{\"@type\":\"ListItem\",\"position\":1,\"name\":\"Portada\",\"item\":\"http:\/\/vincentians.com\/en\/\"},{\"@type\":\"ListItem\",\"position\":2,\"name\":\"New in the Library: &#8220;History Of Civilization In The Fifth Century&#8221; (Fr\u00e9d\u00e9ric Ozanam)\"}]},{\"@type\":\"WebSite\",\"@id\":\"http:\/\/vincentians.com\/en\/#website\",\"url\":\"http:\/\/vincentians.com\/en\/\",\"name\":\"We are Vincentians\",\"description\":\"Know more to serve more\",\"publisher\":{\"@id\":\"http:\/\/vincentians.com\/en\/#organization\"},\"potentialAction\":[{\"@type\":\"SearchAction\",\"target\":{\"@type\":\"EntryPoint\",\"urlTemplate\":\"http:\/\/vincentians.com\/en\/?s={search_term_string}\"},\"query-input\":{\"@type\":\"PropertyValueSpecification\",\"valueRequired\":true,\"valueName\":\"search_term_string\"}}],\"inLanguage\":\"en-US\"},{\"@type\":\"Organization\",\"@id\":\"http:\/\/vincentians.com\/en\/#organization\",\"name\":\"The Vincentian Network\",\"url\":\"http:\/\/vincentians.com\/en\/\",\"logo\":{\"@type\":\"ImageObject\",\"inLanguage\":\"en-US\",\"@id\":\"http:\/\/vincentians.com\/en\/#\/schema\/logo\/image\/\",\"url\":\"https:\/\/i1.wp.com\/vincentians.com\/en\/wp-content\/uploads\/sites\/2\/2016\/06\/Vincentian-Network-logo-big.png?fit=778%2C778&ssl=1\",\"contentUrl\":\"https:\/\/i1.wp.com\/vincentians.com\/en\/wp-content\/uploads\/sites\/2\/2016\/06\/Vincentian-Network-logo-big.png?fit=778%2C778&ssl=1\",\"width\":778,\"height\":778,\"caption\":\"The Vincentian Network\"},\"image\":{\"@id\":\"http:\/\/vincentians.com\/en\/#\/schema\/logo\/image\/\"},\"sameAs\":[\"https:\/\/www.facebook.com\/WeAreVincentians\/\",\"https:\/\/x.com\/WeVincentians\"]},{\"@type\":\"Person\",\"@id\":\"http:\/\/vincentians.com\/en\/#\/schema\/person\/9623ef4d9aa3b2dfb8c061f1499288f2\",\"name\":\"Francisco Javier Fern\u00e1ndez Chento\",\"image\":{\"@type\":\"ImageObject\",\"inLanguage\":\"en-US\",\"@id\":\"http:\/\/vincentians.com\/en\/#\/schema\/person\/image\/\",\"url\":\"https:\/\/secure.gravatar.com\/avatar\/497d5cde87b4c3d097d0315953521681ba2cd523ee66e5077c3711f7021e65de?s=96&d=mm&r=g\",\"contentUrl\":\"https:\/\/secure.gravatar.com\/avatar\/497d5cde87b4c3d097d0315953521681ba2cd523ee66e5077c3711f7021e65de?s=96&d=mm&r=g\",\"caption\":\"Francisco Javier Fern\u00e1ndez Chento\"},\"description\":\"Director General y cofundador de La Red de Formaci\u00f3n Vicenciana. Javier es laico vicenciano, afiliado a la Congregaci\u00f3n de la Misi\u00f3n y miembro del Equipo de Misiones Populares de la provincia can\u00f3nica de Zaragoza (Espa\u00f1a) de la Congregaci\u00f3n de la Misi\u00f3n. Graduado en la Universidad Oberta de Catalunya con cuatro grados (Asistente de direcci\u00f3n, Gesti\u00f3n Administrativa, Recursos Humanos y Contabilidad Avanzada). Bil\u00edng\u00fce Espa\u00f1ol\/Ingl\u00e9s. gestiona y mantiene varias p\u00e1ginas web cristianas y vicencianas, incluida including La Red de Formaci\u00f3n Vicenciana, de la que es cofundador. Actualmente es responsable del \u00e1rea de Espa\u00f1ol de .famvin, la Red de Noticias de la Familia Vicenciana. Tambi\u00e9n es m\u00fasico cat\u00f3lico y ha editado varios discos. Es Director General y cofundador de Trovador, una reconocida compa\u00f1\u00eda discogr\u00e1fica critiana de Espa\u00f1a. Trabaja en las Tecnolog\u00edas de la Informaci\u00f3n, ofreciendo servicios de alojamiento, dise\u00f1o y mantenimiento Web, as\u00ed como asesoramiento, formaci\u00f3n y soluciones inform\u00e1ticas, gesti\u00f3n documental y digitalizaci\u00f3n de textos, edici\u00f3n y maquetaci\u00f3n de libros, revistas, flyers, etc.\",\"sameAs\":[\"http:\/\/chento.org\",\"https:\/\/www.facebook.com\/JavierChento\",\"https:\/\/x.com\/https:\/\/twitter.com\/javierchento\"],\"url\":\"http:\/\/vincentians.com\/en\/author\/chento\/\"}]}<\/script>\n<!-- \/ Yoast SEO plugin. -->","yoast_head_json":{"title":"New in the Library: \"History Of Civilization In The Fifth Century\" (Fr\u00e9d\u00e9ric Ozanam) - We are Vincentians","robots":{"index":"index","follow":"follow","max-snippet":"max-snippet:-1","max-image-preview":"max-image-preview:large","max-video-preview":"max-video-preview:-1"},"canonical":"https:\/\/vincentians.com\/en\/new-in-the-library-history-of-civilization-in-the-fifth-century-frederic-ozanam\/","og_locale":"en_US","og_type":"article","og_title":"New in the Library: \"History Of Civilization In The Fifth Century\" (Fr\u00e9d\u00e9ric Ozanam) - We are Vincentians","og_description":"Two volumes published in 1896. From the preface: The following version in English, of an historical work which is well known and valued in France, is offered to a public which has welcomed the kindred ... Read More","og_url":"https:\/\/vincentians.com\/en\/new-in-the-library-history-of-civilization-in-the-fifth-century-frederic-ozanam\/","og_site_name":"We are Vincentians","article_publisher":"https:\/\/www.facebook.com\/WeAreVincentians\/","article_author":"https:\/\/www.facebook.com\/JavierChento","article_published_time":"2016-07-09T10:00:00+00:00","og_image":[{"width":1200,"height":630,"url":"https:\/\/i0.wp.com\/vincentians.com\/en\/wp-content\/uploads\/sites\/2\/2016\/07\/the-vincentian-digital-library-2.jpg?fit=1200%2C630&ssl=1","type":"image\/jpeg"}],"author":"Francisco Javier Fern\u00e1ndez Chento","twitter_card":"summary_large_image","twitter_creator":"@https:\/\/twitter.com\/javierchento","twitter_site":"@WeVincentians","twitter_misc":{"Written by":"Francisco Javier Fern\u00e1ndez Chento","Est. reading time":"6 minutes"},"schema":{"@context":"https:\/\/schema.org","@graph":[{"@type":"Article","@id":"https:\/\/vincentians.com\/en\/new-in-the-library-history-of-civilization-in-the-fifth-century-frederic-ozanam\/#article","isPartOf":{"@id":"https:\/\/vincentians.com\/en\/new-in-the-library-history-of-civilization-in-the-fifth-century-frederic-ozanam\/"},"author":{"name":"Francisco Javier Fern\u00e1ndez Chento","@id":"http:\/\/vincentians.com\/en\/#\/schema\/person\/9623ef4d9aa3b2dfb8c061f1499288f2"},"headline":"New in the Library: &#8220;History Of Civilization In The Fifth Century&#8221; (Fr\u00e9d\u00e9ric Ozanam)","datePublished":"2016-07-09T10:00:00+00:00","mainEntityOfPage":{"@id":"https:\/\/vincentians.com\/en\/new-in-the-library-history-of-civilization-in-the-fifth-century-frederic-ozanam\/"},"wordCount":1183,"commentCount":0,"publisher":{"@id":"http:\/\/vincentians.com\/en\/#organization"},"image":{"@id":"https:\/\/vincentians.com\/en\/new-in-the-library-history-of-civilization-in-the-fifth-century-frederic-ozanam\/#primaryimage"},"thumbnailUrl":"https:\/\/i0.wp.com\/vincentians.com\/en\/wp-content\/uploads\/sites\/2\/2016\/07\/the-vincentian-digital-library-2.jpg?fit=1200%2C630","articleSection":["Fr\u00e9d\u00e9ric Ozanam"],"inLanguage":"en-US","potentialAction":[{"@type":"CommentAction","name":"Comment","target":["https:\/\/vincentians.com\/en\/new-in-the-library-history-of-civilization-in-the-fifth-century-frederic-ozanam\/#respond"]}]},{"@type":"WebPage","@id":"https:\/\/vincentians.com\/en\/new-in-the-library-history-of-civilization-in-the-fifth-century-frederic-ozanam\/","url":"https:\/\/vincentians.com\/en\/new-in-the-library-history-of-civilization-in-the-fifth-century-frederic-ozanam\/","name":"New in the Library: \"History Of Civilization In The Fifth Century\" (Fr\u00e9d\u00e9ric Ozanam) - We are Vincentians","isPartOf":{"@id":"http:\/\/vincentians.com\/en\/#website"},"primaryImageOfPage":{"@id":"https:\/\/vincentians.com\/en\/new-in-the-library-history-of-civilization-in-the-fifth-century-frederic-ozanam\/#primaryimage"},"image":{"@id":"https:\/\/vincentians.com\/en\/new-in-the-library-history-of-civilization-in-the-fifth-century-frederic-ozanam\/#primaryimage"},"thumbnailUrl":"https:\/\/i0.wp.com\/vincentians.com\/en\/wp-content\/uploads\/sites\/2\/2016\/07\/the-vincentian-digital-library-2.jpg?fit=1200%2C630","datePublished":"2016-07-09T10:00:00+00:00","breadcrumb":{"@id":"https:\/\/vincentians.com\/en\/new-in-the-library-history-of-civilization-in-the-fifth-century-frederic-ozanam\/#breadcrumb"},"inLanguage":"en-US","potentialAction":[{"@type":"ReadAction","target":["https:\/\/vincentians.com\/en\/new-in-the-library-history-of-civilization-in-the-fifth-century-frederic-ozanam\/"]}]},{"@type":"ImageObject","inLanguage":"en-US","@id":"https:\/\/vincentians.com\/en\/new-in-the-library-history-of-civilization-in-the-fifth-century-frederic-ozanam\/#primaryimage","url":"https:\/\/i0.wp.com\/vincentians.com\/en\/wp-content\/uploads\/sites\/2\/2016\/07\/the-vincentian-digital-library-2.jpg?fit=1200%2C630","contentUrl":"https:\/\/i0.wp.com\/vincentians.com\/en\/wp-content\/uploads\/sites\/2\/2016\/07\/the-vincentian-digital-library-2.jpg?fit=1200%2C630","width":1200,"height":630},{"@type":"BreadcrumbList","@id":"https:\/\/vincentians.com\/en\/new-in-the-library-history-of-civilization-in-the-fifth-century-frederic-ozanam\/#breadcrumb","itemListElement":[{"@type":"ListItem","position":1,"name":"Portada","item":"http:\/\/vincentians.com\/en\/"},{"@type":"ListItem","position":2,"name":"New in the Library: &#8220;History Of Civilization In The Fifth Century&#8221; (Fr\u00e9d\u00e9ric Ozanam)"}]},{"@type":"WebSite","@id":"http:\/\/vincentians.com\/en\/#website","url":"http:\/\/vincentians.com\/en\/","name":"We are Vincentians","description":"Know more to serve more","publisher":{"@id":"http:\/\/vincentians.com\/en\/#organization"},"potentialAction":[{"@type":"SearchAction","target":{"@type":"EntryPoint","urlTemplate":"http:\/\/vincentians.com\/en\/?s={search_term_string}"},"query-input":{"@type":"PropertyValueSpecification","valueRequired":true,"valueName":"search_term_string"}}],"inLanguage":"en-US"},{"@type":"Organization","@id":"http:\/\/vincentians.com\/en\/#organization","name":"The Vincentian Network","url":"http:\/\/vincentians.com\/en\/","logo":{"@type":"ImageObject","inLanguage":"en-US","@id":"http:\/\/vincentians.com\/en\/#\/schema\/logo\/image\/","url":"https:\/\/i1.wp.com\/vincentians.com\/en\/wp-content\/uploads\/sites\/2\/2016\/06\/Vincentian-Network-logo-big.png?fit=778%2C778&ssl=1","contentUrl":"https:\/\/i1.wp.com\/vincentians.com\/en\/wp-content\/uploads\/sites\/2\/2016\/06\/Vincentian-Network-logo-big.png?fit=778%2C778&ssl=1","width":778,"height":778,"caption":"The Vincentian Network"},"image":{"@id":"http:\/\/vincentians.com\/en\/#\/schema\/logo\/image\/"},"sameAs":["https:\/\/www.facebook.com\/WeAreVincentians\/","https:\/\/x.com\/WeVincentians"]},{"@type":"Person","@id":"http:\/\/vincentians.com\/en\/#\/schema\/person\/9623ef4d9aa3b2dfb8c061f1499288f2","name":"Francisco Javier Fern\u00e1ndez Chento","image":{"@type":"ImageObject","inLanguage":"en-US","@id":"http:\/\/vincentians.com\/en\/#\/schema\/person\/image\/","url":"https:\/\/secure.gravatar.com\/avatar\/497d5cde87b4c3d097d0315953521681ba2cd523ee66e5077c3711f7021e65de?s=96&d=mm&r=g","contentUrl":"https:\/\/secure.gravatar.com\/avatar\/497d5cde87b4c3d097d0315953521681ba2cd523ee66e5077c3711f7021e65de?s=96&d=mm&r=g","caption":"Francisco Javier Fern\u00e1ndez Chento"},"description":"Director General y cofundador de La Red de Formaci\u00f3n Vicenciana. Javier es laico vicenciano, afiliado a la Congregaci\u00f3n de la Misi\u00f3n y miembro del Equipo de Misiones Populares de la provincia can\u00f3nica de Zaragoza (Espa\u00f1a) de la Congregaci\u00f3n de la Misi\u00f3n. Graduado en la Universidad Oberta de Catalunya con cuatro grados (Asistente de direcci\u00f3n, Gesti\u00f3n Administrativa, Recursos Humanos y Contabilidad Avanzada). Bil\u00edng\u00fce Espa\u00f1ol\/Ingl\u00e9s. gestiona y mantiene varias p\u00e1ginas web cristianas y vicencianas, incluida including La Red de Formaci\u00f3n Vicenciana, de la que es cofundador. Actualmente es responsable del \u00e1rea de Espa\u00f1ol de .famvin, la Red de Noticias de la Familia Vicenciana. Tambi\u00e9n es m\u00fasico cat\u00f3lico y ha editado varios discos. Es Director General y cofundador de Trovador, una reconocida compa\u00f1\u00eda discogr\u00e1fica critiana de Espa\u00f1a. Trabaja en las Tecnolog\u00edas de la Informaci\u00f3n, ofreciendo servicios de alojamiento, dise\u00f1o y mantenimiento Web, as\u00ed como asesoramiento, formaci\u00f3n y soluciones inform\u00e1ticas, gesti\u00f3n documental y digitalizaci\u00f3n de textos, edici\u00f3n y maquetaci\u00f3n de libros, revistas, flyers, etc.","sameAs":["http:\/\/chento.org","https:\/\/www.facebook.com\/JavierChento","https:\/\/x.com\/https:\/\/twitter.com\/javierchento"],"url":"http:\/\/vincentians.com\/en\/author\/chento\/"}]}},"jetpack_publicize_connections":[],"jetpack_featured_media_url":"https:\/\/i0.wp.com\/vincentians.com\/en\/wp-content\/uploads\/sites\/2\/2016\/07\/the-vincentian-digital-library-2.jpg?fit=1200%2C630","jetpack_sharing_enabled":true,"jetpack_shortlink":"https:\/\/wp.me\/p7K2Ow-CZ6","jetpack-related-posts":[{"id":65895,"url":"http:\/\/vincentians.com\/en\/frederic-ozanam-a-layman-for-now-chapter-6\/","url_meta":{"origin":149860,"position":0},"title":"Fr\u00e9d\u00e9ric Ozanam, A Layman for Now. Chapter 6","author":"Francisco Javier Fern\u00e1ndez Chento","date":"September 14, 2016","format":false,"excerpt":"Chapter 6 - A Model for Today In the on-going need for the Church to address the question of modernity and adaptation to a culture while yet confronting it with Gospel values, are there any insights to be gained from the life and work of Frederic Ozanam? Is he a\u2026","rel":"","context":"In &quot;Fr\u00e9d\u00e9ric Ozanam&quot;","block_context":{"text":"Fr\u00e9d\u00e9ric Ozanam","link":"http:\/\/vincentians.com\/en\/category\/the-vincentian-family\/founders\/frederic-ozanam\/"},"img":{"alt_text":"","src":"https:\/\/i0.wp.com\/vincentians.com\/en\/wp-content\/uploads\/sites\/2\/2016\/07\/frederic-ozanam-layman-for-now.jpg?fit=1200%2C630&resize=350%2C200","width":350,"height":200,"srcset":"https:\/\/i0.wp.com\/vincentians.com\/en\/wp-content\/uploads\/sites\/2\/2016\/07\/frederic-ozanam-layman-for-now.jpg?fit=1200%2C630&resize=350%2C200 1x, https:\/\/i0.wp.com\/vincentians.com\/en\/wp-content\/uploads\/sites\/2\/2016\/07\/frederic-ozanam-layman-for-now.jpg?fit=1200%2C630&resize=525%2C300 1.5x, https:\/\/i0.wp.com\/vincentians.com\/en\/wp-content\/uploads\/sites\/2\/2016\/07\/frederic-ozanam-layman-for-now.jpg?fit=1200%2C630&resize=700%2C400 2x, https:\/\/i0.wp.com\/vincentians.com\/en\/wp-content\/uploads\/sites\/2\/2016\/07\/frederic-ozanam-layman-for-now.jpg?fit=1200%2C630&resize=1050%2C600 3x"},"classes":[]},{"id":64828,"url":"http:\/\/vincentians.com\/en\/frederic-ozanam-a-layman-for-now-chapter-2\/","url_meta":{"origin":149860,"position":1},"title":"Fr\u00e9d\u00e9ric Ozanam, A Layman for Now. Chapter 2","author":"Francisco Javier Fern\u00e1ndez Chento","date":"September 10, 2016","format":false,"excerpt":"Chapter 2 - Biographical Sketch Frederic Ozanam was born on April 23, 1813 in Milan, Italy. He was the fifth child of fourteen born to Jean-Antoine- Francoise and Marie Nantas Ozanam, ardent French Catholics of middle-class circumstances. His father had served with distinction as an officer under Napoleon, retiring early\u2026","rel":"","context":"In &quot;Fr\u00e9d\u00e9ric Ozanam&quot;","block_context":{"text":"Fr\u00e9d\u00e9ric Ozanam","link":"http:\/\/vincentians.com\/en\/category\/the-vincentian-family\/founders\/frederic-ozanam\/"},"img":{"alt_text":"","src":"https:\/\/i0.wp.com\/vincentians.com\/en\/wp-content\/uploads\/sites\/2\/2016\/07\/frederic-ozanam-layman-for-now.jpg?fit=1200%2C630&resize=350%2C200","width":350,"height":200,"srcset":"https:\/\/i0.wp.com\/vincentians.com\/en\/wp-content\/uploads\/sites\/2\/2016\/07\/frederic-ozanam-layman-for-now.jpg?fit=1200%2C630&resize=350%2C200 1x, https:\/\/i0.wp.com\/vincentians.com\/en\/wp-content\/uploads\/sites\/2\/2016\/07\/frederic-ozanam-layman-for-now.jpg?fit=1200%2C630&resize=525%2C300 1.5x, https:\/\/i0.wp.com\/vincentians.com\/en\/wp-content\/uploads\/sites\/2\/2016\/07\/frederic-ozanam-layman-for-now.jpg?fit=1200%2C630&resize=700%2C400 2x, https:\/\/i0.wp.com\/vincentians.com\/en\/wp-content\/uploads\/sites\/2\/2016\/07\/frederic-ozanam-layman-for-now.jpg?fit=1200%2C630&resize=1050%2C600 3x"},"classes":[]},{"id":63046,"url":"http:\/\/vincentians.com\/en\/the-brave-never-die-a-story-of-frederic-ozanam-chapter-6\/","url_meta":{"origin":149860,"position":2},"title":"The Brave Never Die: A Story of Frederic Ozanam. Chapter 6","author":"Francisco Javier Fern\u00e1ndez Chento","date":"August 7, 2016","format":false,"excerpt":"CHAPTER SIX A pleasant house was found in Paris and the lectures of the brilliant young professor soon began. His first one was probably the most painful. Always shy and clumsy, Ozanam feared going into the lecture hall. After he had done so, the first part of his talk was\u2026","rel":"","context":"In &quot;Fr\u00e9d\u00e9ric Ozanam&quot;","block_context":{"text":"Fr\u00e9d\u00e9ric Ozanam","link":"http:\/\/vincentians.com\/en\/category\/the-vincentian-family\/founders\/frederic-ozanam\/"},"img":{"alt_text":"","src":"https:\/\/i0.wp.com\/vincentians.com\/en\/wp-content\/uploads\/sites\/2\/2016\/07\/ozanam-stamp.jpg?fit=1200%2C630&resize=350%2C200","width":350,"height":200,"srcset":"https:\/\/i0.wp.com\/vincentians.com\/en\/wp-content\/uploads\/sites\/2\/2016\/07\/ozanam-stamp.jpg?fit=1200%2C630&resize=350%2C200 1x, https:\/\/i0.wp.com\/vincentians.com\/en\/wp-content\/uploads\/sites\/2\/2016\/07\/ozanam-stamp.jpg?fit=1200%2C630&resize=525%2C300 1.5x, https:\/\/i0.wp.com\/vincentians.com\/en\/wp-content\/uploads\/sites\/2\/2016\/07\/ozanam-stamp.jpg?fit=1200%2C630&resize=700%2C400 2x, https:\/\/i0.wp.com\/vincentians.com\/en\/wp-content\/uploads\/sites\/2\/2016\/07\/ozanam-stamp.jpg?fit=1200%2C630&resize=1050%2C600 3x"},"classes":[]},{"id":150798,"url":"http:\/\/vincentians.com\/en\/new-in-the-library-blessed-frederic-ozanam-life-in-outline-kevin-slattery\/","url_meta":{"origin":149860,"position":3},"title":"New in the Library: &#8220;Blessed Frederic Ozanam: A Life In Outline&#8221; (Kevin Slattery)","author":"Francisco Javier Fern\u00e1ndez Chento","date":"July 10, 2016","format":false,"excerpt":"History of Blessed Frederic Ozanam, the founder of the St Vincent de Paul Society written by Kevin Slattery | September 2003","rel":"","context":"In &quot;Fr\u00e9d\u00e9ric Ozanam&quot;","block_context":{"text":"Fr\u00e9d\u00e9ric Ozanam","link":"http:\/\/vincentians.com\/en\/category\/the-vincentian-family\/founders\/frederic-ozanam\/"},"img":{"alt_text":"","src":"https:\/\/i0.wp.com\/vincentians.com\/en\/wp-content\/uploads\/sites\/2\/2016\/07\/the-vincentian-digital-library-2.jpg?fit=1200%2C630&resize=350%2C200","width":350,"height":200,"srcset":"https:\/\/i0.wp.com\/vincentians.com\/en\/wp-content\/uploads\/sites\/2\/2016\/07\/the-vincentian-digital-library-2.jpg?fit=1200%2C630&resize=350%2C200 1x, https:\/\/i0.wp.com\/vincentians.com\/en\/wp-content\/uploads\/sites\/2\/2016\/07\/the-vincentian-digital-library-2.jpg?fit=1200%2C630&resize=525%2C300 1.5x, https:\/\/i0.wp.com\/vincentians.com\/en\/wp-content\/uploads\/sites\/2\/2016\/07\/the-vincentian-digital-library-2.jpg?fit=1200%2C630&resize=700%2C400 2x, https:\/\/i0.wp.com\/vincentians.com\/en\/wp-content\/uploads\/sites\/2\/2016\/07\/the-vincentian-digital-library-2.jpg?fit=1200%2C630&resize=1050%2C600 3x"},"classes":[]},{"id":99707,"url":"http:\/\/vincentians.com\/en\/blessed-frederic-ozanam\/","url_meta":{"origin":149860,"position":4},"title":"Blessed Frederic Ozanam","author":"Francisco Javier Fern\u00e1ndez Chento","date":"July 22, 2016","format":false,"excerpt":"Wow! What an inspirational experience this has been. I am in awe of the determination, great intellect and amazing faith of Blessed Frederic Ozanam. He has shown us how an \u2018ordinary\u2019 person can accomplish extraordinary things when the talents given by God are put to use in service of others.\u2026","rel":"","context":"In &quot;Fr\u00e9d\u00e9ric Ozanam&quot;","block_context":{"text":"Fr\u00e9d\u00e9ric Ozanam","link":"http:\/\/vincentians.com\/en\/category\/the-vincentian-family\/founders\/frederic-ozanam\/"},"img":{"alt_text":"","src":"https:\/\/i0.wp.com\/vincentians.com\/en\/wp-content\/uploads\/sites\/2\/2012\/11\/ozanam-bust.jpg?fit=1200%2C630&resize=350%2C200","width":350,"height":200,"srcset":"https:\/\/i0.wp.com\/vincentians.com\/en\/wp-content\/uploads\/sites\/2\/2012\/11\/ozanam-bust.jpg?fit=1200%2C630&resize=350%2C200 1x, https:\/\/i0.wp.com\/vincentians.com\/en\/wp-content\/uploads\/sites\/2\/2012\/11\/ozanam-bust.jpg?fit=1200%2C630&resize=525%2C300 1.5x, https:\/\/i0.wp.com\/vincentians.com\/en\/wp-content\/uploads\/sites\/2\/2012\/11\/ozanam-bust.jpg?fit=1200%2C630&resize=700%2C400 2x, https:\/\/i0.wp.com\/vincentians.com\/en\/wp-content\/uploads\/sites\/2\/2012\/11\/ozanam-bust.jpg?fit=1200%2C630&resize=1050%2C600 3x"},"classes":[]},{"id":49483,"url":"http:\/\/vincentians.com\/en\/antoine-frederic-ozanam-building-the-good-society\/","url_meta":{"origin":149860,"position":5},"title":"Antoine Fr\u00e9d\u00e9ric Ozanam: Building the Good Society","author":"Francisco Javier Fern\u00e1ndez Chento","date":"July 24, 2016","format":false,"excerpt":"Introduction Antoine Fr\u00e9d\u00e9ric Ozanam embodies the best of the Catholic intellectual tradition. He earned doctorates in law and literature by the age of twenty-six. He translated intellectual insights into practice as he endeavored to help build the good society. As a twenty-year-old law student in Paris in 1833, he founded\u2026","rel":"","context":"In &quot;Fr\u00e9d\u00e9ric Ozanam&quot;","block_context":{"text":"Fr\u00e9d\u00e9ric Ozanam","link":"http:\/\/vincentians.com\/en\/category\/the-vincentian-family\/founders\/frederic-ozanam\/"},"img":{"alt_text":"","src":"https:\/\/i0.wp.com\/vincentians.com\/en\/wp-content\/uploads\/sites\/2\/2012\/12\/ozanam-charity.jpg?fit=1200%2C630&resize=350%2C200","width":350,"height":200,"srcset":"https:\/\/i0.wp.com\/vincentians.com\/en\/wp-content\/uploads\/sites\/2\/2012\/12\/ozanam-charity.jpg?fit=1200%2C630&resize=350%2C200 1x, https:\/\/i0.wp.com\/vincentians.com\/en\/wp-content\/uploads\/sites\/2\/2012\/12\/ozanam-charity.jpg?fit=1200%2C630&resize=525%2C300 1.5x, https:\/\/i0.wp.com\/vincentians.com\/en\/wp-content\/uploads\/sites\/2\/2012\/12\/ozanam-charity.jpg?fit=1200%2C630&resize=700%2C400 2x, https:\/\/i0.wp.com\/vincentians.com\/en\/wp-content\/uploads\/sites\/2\/2012\/12\/ozanam-charity.jpg?fit=1200%2C630&resize=1050%2C600 3x"},"classes":[]}],"_links":{"self":[{"href":"http:\/\/vincentians.com\/en\/wp-json\/wp\/v2\/posts\/149860","targetHints":{"allow":["GET"]}}],"collection":[{"href":"http:\/\/vincentians.com\/en\/wp-json\/wp\/v2\/posts"}],"about":[{"href":"http:\/\/vincentians.com\/en\/wp-json\/wp\/v2\/types\/post"}],"author":[{"embeddable":true,"href":"http:\/\/vincentians.com\/en\/wp-json\/wp\/v2\/users\/4"}],"replies":[{"embeddable":true,"href":"http:\/\/vincentians.com\/en\/wp-json\/wp\/v2\/comments?post=149860"}],"version-history":[{"count":0,"href":"http:\/\/vincentians.com\/en\/wp-json\/wp\/v2\/posts\/149860\/revisions"}],"wp:featuredmedia":[{"embeddable":true,"href":"http:\/\/vincentians.com\/en\/wp-json\/wp\/v2\/media\/152097"}],"wp:attachment":[{"href":"http:\/\/vincentians.com\/en\/wp-json\/wp\/v2\/media?parent=149860"}],"wp:term":[{"taxonomy":"category","embeddable":true,"href":"http:\/\/vincentians.com\/en\/wp-json\/wp\/v2\/categories?post=149860"},{"taxonomy":"post_tag","embeddable":true,"href":"http:\/\/vincentians.com\/en\/wp-json\/wp\/v2\/tags?post=149860"}],"curies":[{"name":"wp","href":"https:\/\/api.w.org\/{rel}","templated":true}]}}