{"id":149855,"date":"2016-07-07T19:28:51","date_gmt":"2016-07-07T17:28:51","guid":{"rendered":"http:\/\/vincentians.com\/en\/?p=149855"},"modified":"2016-07-07T19:54:43","modified_gmt":"2016-07-07T17:54:43","slug":"new-in-the-library-correspondence-conferences-documents-of-vincent-paul","status":"publish","type":"post","link":"http:\/\/vincentians.com\/en\/new-in-the-library-correspondence-conferences-documents-of-vincent-paul\/","title":{"rendered":"New in the Library: Correspondence, Conferences, Documents of Vincent de Paul"},"content":{"rendered":"<p>English edition of Coste&#8217;s 14-volume set of the writings os St. Vincent de Paul<\/p>\n<p>English translation of the writings of St. Vincent de Paul (1581-1660). Translated, edited, and annotated from the 1920 edition of Pierre Coste, C.M.<\/p>\n<!-- WPFB searchform --><form role=\"search\" method=\"get\" id=\"searchform\" class=\"searchform\" action=\"\"> \t\t\t\t<div> \t\t\t\t\t<label class=\"screen-reader-text\" for=\"s\">Search for:<\/label> \t\t\t\t\t<input type=\"text\" value=\"\" name=\"wpfb_s\" id=\"s\" \/> \t\t\t\t\t<input type=\"submit\" id=\"searchsubmit\" value=\"Search\" \/> \t\t\t\t<\/div> \t\t\t<\/form><!-- \/WPFB searchform -->\r\n<table>\r\n<thead>\r\n\t<tr><th scope=\"col\"><a href=\"\/en\/wp-json\/wp\/v2\/posts\/149855?wpfb_file_sort=&lt;file_name\">Name<\/a><\/th><th scope=\"col\"><a href=\"\/en\/wp-json\/wp\/v2\/posts\/149855?wpfb_file_sort=&lt;file_author\">Author<\/a><\/th><th scope=\"col\"><a href=\"\/en\/wp-json\/wp\/v2\/posts\/149855?wpfb_file_sort=&lt;file_hits\">Hits<\/a><\/th><\/tr>\r\n<\/thead>\r\n<tfoot>\r\n\t<tr><th scope=\"col\"><a href=\"\/en\/wp-json\/wp\/v2\/posts\/149855?wpfb_file_sort=&lt;file_name\">Name<\/a><\/th><th scope=\"col\"><a href=\"\/en\/wp-json\/wp\/v2\/posts\/149855?wpfb_file_sort=&lt;file_author\">Author<\/a><\/th><th scope=\"col\"><a href=\"\/en\/wp-json\/wp\/v2\/posts\/149855?wpfb_file_sort=&lt;file_hits\">Hits<\/a><\/th><\/tr>\r\n<\/tfoot>\r\n<tbody><tr><td><a href=\"http:\/\/vincentians.com\/en\/download\/vincentian_readings\/founders_writings\/vincent_de_paul\/Correspondence-Conferences-Documents-Volume-I.-Correpsondence.pdf\">Correspondence, Conferences, Documents, Volume 01<\/a><\/td><td>Vincent de Paul<\/td><td>350<\/td><\/tr><tr><td><a href=\"http:\/\/vincentians.com\/en\/download\/vincentian_readings\/founders_writings\/vincent_de_paul\/Correspondence-Conferences-Documents-Volume-II.-Correspondence.pdf\">Correspondence, Conferences, Documents, Volume 02<\/a><\/td><td>Vincent de Paul<\/td><td>185<\/td><\/tr><tr><td><a href=\"http:\/\/vincentians.com\/en\/download\/vincentian_readings\/founders_writings\/vincent_de_paul\/Correspondence-Conferences-Documents-Volume-III.-Correspondenc.pdf\">Correspondence, Conferences, Documents, Volume 03<\/a><\/td><td>Vincent de Paul<\/td><td>272<\/td><\/tr><tr><td><a href=\"http:\/\/vincentians.com\/en\/download\/vincentian_readings\/founders_writings\/vincent_de_paul\/Correspondence-Conferences-Documents-Volume-IV.-Correspondence.pdf\">Correspondence, Conferences, Documents, Volume 04<\/a><\/td><td>Vincent de Paul<\/td><td>217<\/td><\/tr><tr><td><a href=\"http:\/\/vincentians.com\/en\/download\/vincentian_readings\/founders_writings\/vincent_de_paul\/Correspondence-Conferences-Documents-Volume-V.-Correspondence.pdf\">Correspondence, Conferences, Documents, Volume 05<\/a><\/td><td>Vincent de Paul<\/td><td>421<\/td><\/tr><tr><td><a href=\"http:\/\/vincentians.com\/en\/download\/vincentian_readings\/founders_writings\/vincent_de_paul\/Correspondence-Conferences-Documents-Volume-VI.-Correspondence.pdf\">Correspondence, Conferences, Documents, Volume 06<\/a><\/td><td>Vincent de Paul<\/td><td>241<\/td><\/tr><tr><td><a href=\"http:\/\/vincentians.com\/en\/download\/vincentian_readings\/founders_writings\/vincent_de_paul\/Correspondence-Conferences-Documents-Volume-VII.-Correspondenc.pdf\">Correspondence, Conferences, Documents, Volume 07<\/a><\/td><td>Vincent de Paul<\/td><td>309<\/td><\/tr><tr><td><a href=\"http:\/\/vincentians.com\/en\/download\/vincentian_readings\/founders_writings\/vincent_de_paul\/Correspondence-Conferences-Documents-Volume-VIII.-Corresponden.pdf\">Correspondence, Conferences, Documents, Volume 08<\/a><\/td><td>Vincent de Paul<\/td><td>229<\/td><\/tr><tr><td><a href=\"http:\/\/vincentians.com\/en\/download\/vincentian_readings\/founders_writings\/vincent_de_paul\/Correspondence-Conferences-Documents-Volume-IX.-Conferences-to.pdf\">Correspondence, Conferences, Documents, Volume 09<\/a><\/td><td>Vincent de Paul<\/td><td>196<\/td><\/tr><tr><td><a href=\"http:\/\/vincentians.com\/en\/download\/vincentian_readings\/founders_writings\/vincent_de_paul\/Correspondence-Conferences-Documents-Volume-X.-Conferences-to.pdf\">Correspondence, Conferences, Documents, Volume 10<\/a><\/td><td>Vincent de Paul<\/td><td>234<\/td><\/tr><tr><td><a href=\"http:\/\/vincentians.com\/en\/download\/vincentian_readings\/founders_writings\/vincent_de_paul\/Correspondence-Conferences-Documents-Volume-XI.-Conferences-to.pdf\">Correspondence, Conferences, Documents, Volume 11<\/a><\/td><td>Vincent de Paul<\/td><td>230<\/td><\/tr><tr><td><a href=\"http:\/\/vincentians.com\/en\/download\/vincentian_readings\/founders_writings\/vincent_de_paul\/Correspondence-Conferences-Documents-Volume-XII.-Conferences-t.pdf\">Correspondence, Conferences, Documents, Volume 12<\/a><\/td><td>Vincent de Paul<\/td><td>325<\/td><\/tr><tr><td><a href=\"http:\/\/vincentians.com\/en\/download\/vincentian_readings\/founders_writings\/vincent_de_paul\/Correspondence-Conferences-Documents-Volume-XIIIa.-Documents-v.pdf\">Correspondence, Conferences, Documents, Volume 13a<\/a><\/td><td>Vincent de Paul<\/td><td>210<\/td><\/tr><tr><td><a href=\"http:\/\/vincentians.com\/en\/download\/vincentian_readings\/founders_writings\/vincent_de_paul\/Correspondence-Conferences-Documents-Volume-XIIIb.-Documents-v.pdf\">Correspondence, Conferences, Documents, Volume 13b<\/a><\/td><td>Vincent de Paul<\/td><td>291<\/td><\/tr><\/tbody>\r\n<\/table>\r\n<div class=\"tablenav-pages\"><\/div>\n<p>&nbsp;<\/p>\n","protected":false},"excerpt":{"rendered":"<p>English edition of Coste&#8217;s 14-volume set of the writings os St. Vincent de Paul English translation of the writings of St. Vincent de Paul (1581-1660). Translated, edited, and annotated from the 1920 edition of Pierre &#8230; <a href=\"http:\/\/vincentians.com\/en\/new-in-the-library-correspondence-conferences-documents-of-vincent-paul\/\" class=\"more-link\">Read More<\/a><\/p>\n","protected":false},"author":4,"featured_media":152097,"comment_status":"open","ping_status":"open","sticky":false,"template":"","format":"standard","meta":{"jetpack_post_was_ever_published":false,"_jetpack_newsletter_access":"","_jetpack_dont_email_post_to_subs":false,"_jetpack_newsletter_tier_id":0,"_jetpack_memberships_contains_paywalled_content":false,"_jetpack_memberships_contains_paid_content":false,"footnotes":"","jetpack_publicize_message":"","jetpack_publicize_feature_enabled":true,"jetpack_social_post_already_shared":true,"jetpack_social_options":{"image_generator_settings":{"template":"highway","default_image_id":0,"font":"","enabled":false},"version":2}},"categories":[5],"tags":[],"class_list":["post-149855","post","type-post","status-publish","format-standard","has-post-thumbnail","hentry","category-vincent-de-paul"],"yoast_head":"<!-- This site is optimized with the Yoast SEO plugin v26.3 - https:\/\/yoast.com\/wordpress\/plugins\/seo\/ -->\n<title>New in the Library: Correspondence, Conferences, Documents of Vincent de Paul - We are Vincentians<\/title>\n<meta name=\"robots\" content=\"index, follow, max-snippet:-1, max-image-preview:large, max-video-preview:-1\" \/>\n<link rel=\"canonical\" href=\"https:\/\/vincentians.com\/en\/new-in-the-library-correspondence-conferences-documents-of-vincent-paul\/\" \/>\n<meta property=\"og:locale\" content=\"en_US\" \/>\n<meta property=\"og:type\" content=\"article\" \/>\n<meta property=\"og:title\" content=\"New in the Library: Correspondence, Conferences, Documents of Vincent de Paul - We are Vincentians\" \/>\n<meta property=\"og:description\" content=\"English edition of Coste&#8217;s 14-volume set of the writings os St. Vincent de Paul English translation of the writings of St. Vincent de Paul (1581-1660). Translated, edited, and annotated from the 1920 edition of Pierre ... Read More\" \/>\n<meta property=\"og:url\" content=\"https:\/\/vincentians.com\/en\/new-in-the-library-correspondence-conferences-documents-of-vincent-paul\/\" \/>\n<meta property=\"og:site_name\" content=\"We are Vincentians\" \/>\n<meta property=\"article:publisher\" content=\"https:\/\/www.facebook.com\/WeAreVincentians\/\" \/>\n<meta property=\"article:author\" content=\"https:\/\/www.facebook.com\/JavierChento\" \/>\n<meta property=\"article:published_time\" content=\"2016-07-07T17:28:51+00:00\" \/>\n<meta property=\"article:modified_time\" content=\"2016-07-07T17:54:43+00:00\" \/>\n<meta property=\"og:image\" content=\"https:\/\/i0.wp.com\/vincentians.com\/en\/wp-content\/uploads\/sites\/2\/2016\/07\/the-vincentian-digital-library-2.jpg?fit=1200%2C630&ssl=1\" \/>\n\t<meta property=\"og:image:width\" content=\"1200\" \/>\n\t<meta property=\"og:image:height\" content=\"630\" \/>\n\t<meta property=\"og:image:type\" content=\"image\/jpeg\" \/>\n<meta name=\"author\" content=\"Francisco Javier Fern\u00e1ndez Chento\" \/>\n<meta name=\"twitter:card\" content=\"summary_large_image\" \/>\n<meta name=\"twitter:creator\" content=\"@https:\/\/twitter.com\/javierchento\" \/>\n<meta name=\"twitter:site\" content=\"@WeVincentians\" \/>\n<meta name=\"twitter:label1\" content=\"Written by\" \/>\n\t<meta name=\"twitter:data1\" content=\"Francisco Javier Fern\u00e1ndez Chento\" \/>\n<script type=\"application\/ld+json\" class=\"yoast-schema-graph\">{\"@context\":\"https:\/\/schema.org\",\"@graph\":[{\"@type\":\"Article\",\"@id\":\"https:\/\/vincentians.com\/en\/new-in-the-library-correspondence-conferences-documents-of-vincent-paul\/#article\",\"isPartOf\":{\"@id\":\"https:\/\/vincentians.com\/en\/new-in-the-library-correspondence-conferences-documents-of-vincent-paul\/\"},\"author\":{\"name\":\"Francisco Javier Fern\u00e1ndez Chento\",\"@id\":\"http:\/\/vincentians.com\/en\/#\/schema\/person\/9623ef4d9aa3b2dfb8c061f1499288f2\"},\"headline\":\"New in the Library: Correspondence, Conferences, Documents of Vincent de Paul\",\"datePublished\":\"2016-07-07T17:28:51+00:00\",\"dateModified\":\"2016-07-07T17:54:43+00:00\",\"mainEntityOfPage\":{\"@id\":\"https:\/\/vincentians.com\/en\/new-in-the-library-correspondence-conferences-documents-of-vincent-paul\/\"},\"wordCount\":56,\"commentCount\":0,\"publisher\":{\"@id\":\"http:\/\/vincentians.com\/en\/#organization\"},\"image\":{\"@id\":\"https:\/\/vincentians.com\/en\/new-in-the-library-correspondence-conferences-documents-of-vincent-paul\/#primaryimage\"},\"thumbnailUrl\":\"https:\/\/i0.wp.com\/vincentians.com\/en\/wp-content\/uploads\/sites\/2\/2016\/07\/the-vincentian-digital-library-2.jpg?fit=1200%2C630\",\"articleSection\":[\"Vincent de Paul\"],\"inLanguage\":\"en-US\",\"potentialAction\":[{\"@type\":\"CommentAction\",\"name\":\"Comment\",\"target\":[\"https:\/\/vincentians.com\/en\/new-in-the-library-correspondence-conferences-documents-of-vincent-paul\/#respond\"]}]},{\"@type\":\"WebPage\",\"@id\":\"https:\/\/vincentians.com\/en\/new-in-the-library-correspondence-conferences-documents-of-vincent-paul\/\",\"url\":\"https:\/\/vincentians.com\/en\/new-in-the-library-correspondence-conferences-documents-of-vincent-paul\/\",\"name\":\"New in the Library: Correspondence, Conferences, Documents of Vincent de Paul - We are Vincentians\",\"isPartOf\":{\"@id\":\"http:\/\/vincentians.com\/en\/#website\"},\"primaryImageOfPage\":{\"@id\":\"https:\/\/vincentians.com\/en\/new-in-the-library-correspondence-conferences-documents-of-vincent-paul\/#primaryimage\"},\"image\":{\"@id\":\"https:\/\/vincentians.com\/en\/new-in-the-library-correspondence-conferences-documents-of-vincent-paul\/#primaryimage\"},\"thumbnailUrl\":\"https:\/\/i0.wp.com\/vincentians.com\/en\/wp-content\/uploads\/sites\/2\/2016\/07\/the-vincentian-digital-library-2.jpg?fit=1200%2C630\",\"datePublished\":\"2016-07-07T17:28:51+00:00\",\"dateModified\":\"2016-07-07T17:54:43+00:00\",\"breadcrumb\":{\"@id\":\"https:\/\/vincentians.com\/en\/new-in-the-library-correspondence-conferences-documents-of-vincent-paul\/#breadcrumb\"},\"inLanguage\":\"en-US\",\"potentialAction\":[{\"@type\":\"ReadAction\",\"target\":[\"https:\/\/vincentians.com\/en\/new-in-the-library-correspondence-conferences-documents-of-vincent-paul\/\"]}]},{\"@type\":\"ImageObject\",\"inLanguage\":\"en-US\",\"@id\":\"https:\/\/vincentians.com\/en\/new-in-the-library-correspondence-conferences-documents-of-vincent-paul\/#primaryimage\",\"url\":\"https:\/\/i0.wp.com\/vincentians.com\/en\/wp-content\/uploads\/sites\/2\/2016\/07\/the-vincentian-digital-library-2.jpg?fit=1200%2C630\",\"contentUrl\":\"https:\/\/i0.wp.com\/vincentians.com\/en\/wp-content\/uploads\/sites\/2\/2016\/07\/the-vincentian-digital-library-2.jpg?fit=1200%2C630\",\"width\":1200,\"height\":630},{\"@type\":\"BreadcrumbList\",\"@id\":\"https:\/\/vincentians.com\/en\/new-in-the-library-correspondence-conferences-documents-of-vincent-paul\/#breadcrumb\",\"itemListElement\":[{\"@type\":\"ListItem\",\"position\":1,\"name\":\"Portada\",\"item\":\"http:\/\/vincentians.com\/en\/\"},{\"@type\":\"ListItem\",\"position\":2,\"name\":\"New in the Library: Correspondence, Conferences, Documents of Vincent de Paul\"}]},{\"@type\":\"WebSite\",\"@id\":\"http:\/\/vincentians.com\/en\/#website\",\"url\":\"http:\/\/vincentians.com\/en\/\",\"name\":\"We are Vincentians\",\"description\":\"Know more to serve more\",\"publisher\":{\"@id\":\"http:\/\/vincentians.com\/en\/#organization\"},\"potentialAction\":[{\"@type\":\"SearchAction\",\"target\":{\"@type\":\"EntryPoint\",\"urlTemplate\":\"http:\/\/vincentians.com\/en\/?s={search_term_string}\"},\"query-input\":{\"@type\":\"PropertyValueSpecification\",\"valueRequired\":true,\"valueName\":\"search_term_string\"}}],\"inLanguage\":\"en-US\"},{\"@type\":\"Organization\",\"@id\":\"http:\/\/vincentians.com\/en\/#organization\",\"name\":\"The Vincentian Network\",\"url\":\"http:\/\/vincentians.com\/en\/\",\"logo\":{\"@type\":\"ImageObject\",\"inLanguage\":\"en-US\",\"@id\":\"http:\/\/vincentians.com\/en\/#\/schema\/logo\/image\/\",\"url\":\"https:\/\/i1.wp.com\/vincentians.com\/en\/wp-content\/uploads\/sites\/2\/2016\/06\/Vincentian-Network-logo-big.png?fit=778%2C778&ssl=1\",\"contentUrl\":\"https:\/\/i1.wp.com\/vincentians.com\/en\/wp-content\/uploads\/sites\/2\/2016\/06\/Vincentian-Network-logo-big.png?fit=778%2C778&ssl=1\",\"width\":778,\"height\":778,\"caption\":\"The Vincentian Network\"},\"image\":{\"@id\":\"http:\/\/vincentians.com\/en\/#\/schema\/logo\/image\/\"},\"sameAs\":[\"https:\/\/www.facebook.com\/WeAreVincentians\/\",\"https:\/\/x.com\/WeVincentians\"]},{\"@type\":\"Person\",\"@id\":\"http:\/\/vincentians.com\/en\/#\/schema\/person\/9623ef4d9aa3b2dfb8c061f1499288f2\",\"name\":\"Francisco Javier Fern\u00e1ndez Chento\",\"image\":{\"@type\":\"ImageObject\",\"inLanguage\":\"en-US\",\"@id\":\"http:\/\/vincentians.com\/en\/#\/schema\/person\/image\/\",\"url\":\"https:\/\/secure.gravatar.com\/avatar\/497d5cde87b4c3d097d0315953521681ba2cd523ee66e5077c3711f7021e65de?s=96&d=mm&r=g\",\"contentUrl\":\"https:\/\/secure.gravatar.com\/avatar\/497d5cde87b4c3d097d0315953521681ba2cd523ee66e5077c3711f7021e65de?s=96&d=mm&r=g\",\"caption\":\"Francisco Javier Fern\u00e1ndez Chento\"},\"description\":\"Director General y cofundador de La Red de Formaci\u00f3n Vicenciana. Javier es laico vicenciano, afiliado a la Congregaci\u00f3n de la Misi\u00f3n y miembro del Equipo de Misiones Populares de la provincia can\u00f3nica de Zaragoza (Espa\u00f1a) de la Congregaci\u00f3n de la Misi\u00f3n. Graduado en la Universidad Oberta de Catalunya con cuatro grados (Asistente de direcci\u00f3n, Gesti\u00f3n Administrativa, Recursos Humanos y Contabilidad Avanzada). Bil\u00edng\u00fce Espa\u00f1ol\/Ingl\u00e9s. gestiona y mantiene varias p\u00e1ginas web cristianas y vicencianas, incluida including La Red de Formaci\u00f3n Vicenciana, de la que es cofundador. Actualmente es responsable del \u00e1rea de Espa\u00f1ol de .famvin, la Red de Noticias de la Familia Vicenciana. Tambi\u00e9n es m\u00fasico cat\u00f3lico y ha editado varios discos. Es Director General y cofundador de Trovador, una reconocida compa\u00f1\u00eda discogr\u00e1fica critiana de Espa\u00f1a. Trabaja en las Tecnolog\u00edas de la Informaci\u00f3n, ofreciendo servicios de alojamiento, dise\u00f1o y mantenimiento Web, as\u00ed como asesoramiento, formaci\u00f3n y soluciones inform\u00e1ticas, gesti\u00f3n documental y digitalizaci\u00f3n de textos, edici\u00f3n y maquetaci\u00f3n de libros, revistas, flyers, etc.\",\"sameAs\":[\"http:\/\/chento.org\",\"https:\/\/www.facebook.com\/JavierChento\",\"https:\/\/x.com\/https:\/\/twitter.com\/javierchento\"],\"url\":\"http:\/\/vincentians.com\/en\/author\/chento\/\"}]}<\/script>\n<!-- \/ Yoast SEO plugin. -->","yoast_head_json":{"title":"New in the Library: Correspondence, Conferences, Documents of Vincent de Paul - We are Vincentians","robots":{"index":"index","follow":"follow","max-snippet":"max-snippet:-1","max-image-preview":"max-image-preview:large","max-video-preview":"max-video-preview:-1"},"canonical":"https:\/\/vincentians.com\/en\/new-in-the-library-correspondence-conferences-documents-of-vincent-paul\/","og_locale":"en_US","og_type":"article","og_title":"New in the Library: Correspondence, Conferences, Documents of Vincent de Paul - We are Vincentians","og_description":"English edition of Coste&#8217;s 14-volume set of the writings os St. Vincent de Paul English translation of the writings of St. Vincent de Paul (1581-1660). Translated, edited, and annotated from the 1920 edition of Pierre ... Read More","og_url":"https:\/\/vincentians.com\/en\/new-in-the-library-correspondence-conferences-documents-of-vincent-paul\/","og_site_name":"We are Vincentians","article_publisher":"https:\/\/www.facebook.com\/WeAreVincentians\/","article_author":"https:\/\/www.facebook.com\/JavierChento","article_published_time":"2016-07-07T17:28:51+00:00","article_modified_time":"2016-07-07T17:54:43+00:00","og_image":[{"width":1200,"height":630,"url":"https:\/\/i0.wp.com\/vincentians.com\/en\/wp-content\/uploads\/sites\/2\/2016\/07\/the-vincentian-digital-library-2.jpg?fit=1200%2C630&ssl=1","type":"image\/jpeg"}],"author":"Francisco Javier Fern\u00e1ndez Chento","twitter_card":"summary_large_image","twitter_creator":"@https:\/\/twitter.com\/javierchento","twitter_site":"@WeVincentians","twitter_misc":{"Written by":"Francisco Javier Fern\u00e1ndez Chento"},"schema":{"@context":"https:\/\/schema.org","@graph":[{"@type":"Article","@id":"https:\/\/vincentians.com\/en\/new-in-the-library-correspondence-conferences-documents-of-vincent-paul\/#article","isPartOf":{"@id":"https:\/\/vincentians.com\/en\/new-in-the-library-correspondence-conferences-documents-of-vincent-paul\/"},"author":{"name":"Francisco Javier Fern\u00e1ndez Chento","@id":"http:\/\/vincentians.com\/en\/#\/schema\/person\/9623ef4d9aa3b2dfb8c061f1499288f2"},"headline":"New in the Library: Correspondence, Conferences, Documents of Vincent de Paul","datePublished":"2016-07-07T17:28:51+00:00","dateModified":"2016-07-07T17:54:43+00:00","mainEntityOfPage":{"@id":"https:\/\/vincentians.com\/en\/new-in-the-library-correspondence-conferences-documents-of-vincent-paul\/"},"wordCount":56,"commentCount":0,"publisher":{"@id":"http:\/\/vincentians.com\/en\/#organization"},"image":{"@id":"https:\/\/vincentians.com\/en\/new-in-the-library-correspondence-conferences-documents-of-vincent-paul\/#primaryimage"},"thumbnailUrl":"https:\/\/i0.wp.com\/vincentians.com\/en\/wp-content\/uploads\/sites\/2\/2016\/07\/the-vincentian-digital-library-2.jpg?fit=1200%2C630","articleSection":["Vincent de Paul"],"inLanguage":"en-US","potentialAction":[{"@type":"CommentAction","name":"Comment","target":["https:\/\/vincentians.com\/en\/new-in-the-library-correspondence-conferences-documents-of-vincent-paul\/#respond"]}]},{"@type":"WebPage","@id":"https:\/\/vincentians.com\/en\/new-in-the-library-correspondence-conferences-documents-of-vincent-paul\/","url":"https:\/\/vincentians.com\/en\/new-in-the-library-correspondence-conferences-documents-of-vincent-paul\/","name":"New in the Library: Correspondence, Conferences, Documents of Vincent de Paul - We are Vincentians","isPartOf":{"@id":"http:\/\/vincentians.com\/en\/#website"},"primaryImageOfPage":{"@id":"https:\/\/vincentians.com\/en\/new-in-the-library-correspondence-conferences-documents-of-vincent-paul\/#primaryimage"},"image":{"@id":"https:\/\/vincentians.com\/en\/new-in-the-library-correspondence-conferences-documents-of-vincent-paul\/#primaryimage"},"thumbnailUrl":"https:\/\/i0.wp.com\/vincentians.com\/en\/wp-content\/uploads\/sites\/2\/2016\/07\/the-vincentian-digital-library-2.jpg?fit=1200%2C630","datePublished":"2016-07-07T17:28:51+00:00","dateModified":"2016-07-07T17:54:43+00:00","breadcrumb":{"@id":"https:\/\/vincentians.com\/en\/new-in-the-library-correspondence-conferences-documents-of-vincent-paul\/#breadcrumb"},"inLanguage":"en-US","potentialAction":[{"@type":"ReadAction","target":["https:\/\/vincentians.com\/en\/new-in-the-library-correspondence-conferences-documents-of-vincent-paul\/"]}]},{"@type":"ImageObject","inLanguage":"en-US","@id":"https:\/\/vincentians.com\/en\/new-in-the-library-correspondence-conferences-documents-of-vincent-paul\/#primaryimage","url":"https:\/\/i0.wp.com\/vincentians.com\/en\/wp-content\/uploads\/sites\/2\/2016\/07\/the-vincentian-digital-library-2.jpg?fit=1200%2C630","contentUrl":"https:\/\/i0.wp.com\/vincentians.com\/en\/wp-content\/uploads\/sites\/2\/2016\/07\/the-vincentian-digital-library-2.jpg?fit=1200%2C630","width":1200,"height":630},{"@type":"BreadcrumbList","@id":"https:\/\/vincentians.com\/en\/new-in-the-library-correspondence-conferences-documents-of-vincent-paul\/#breadcrumb","itemListElement":[{"@type":"ListItem","position":1,"name":"Portada","item":"http:\/\/vincentians.com\/en\/"},{"@type":"ListItem","position":2,"name":"New in the Library: Correspondence, Conferences, Documents of Vincent de Paul"}]},{"@type":"WebSite","@id":"http:\/\/vincentians.com\/en\/#website","url":"http:\/\/vincentians.com\/en\/","name":"We are Vincentians","description":"Know more to serve more","publisher":{"@id":"http:\/\/vincentians.com\/en\/#organization"},"potentialAction":[{"@type":"SearchAction","target":{"@type":"EntryPoint","urlTemplate":"http:\/\/vincentians.com\/en\/?s={search_term_string}"},"query-input":{"@type":"PropertyValueSpecification","valueRequired":true,"valueName":"search_term_string"}}],"inLanguage":"en-US"},{"@type":"Organization","@id":"http:\/\/vincentians.com\/en\/#organization","name":"The Vincentian Network","url":"http:\/\/vincentians.com\/en\/","logo":{"@type":"ImageObject","inLanguage":"en-US","@id":"http:\/\/vincentians.com\/en\/#\/schema\/logo\/image\/","url":"https:\/\/i1.wp.com\/vincentians.com\/en\/wp-content\/uploads\/sites\/2\/2016\/06\/Vincentian-Network-logo-big.png?fit=778%2C778&ssl=1","contentUrl":"https:\/\/i1.wp.com\/vincentians.com\/en\/wp-content\/uploads\/sites\/2\/2016\/06\/Vincentian-Network-logo-big.png?fit=778%2C778&ssl=1","width":778,"height":778,"caption":"The Vincentian Network"},"image":{"@id":"http:\/\/vincentians.com\/en\/#\/schema\/logo\/image\/"},"sameAs":["https:\/\/www.facebook.com\/WeAreVincentians\/","https:\/\/x.com\/WeVincentians"]},{"@type":"Person","@id":"http:\/\/vincentians.com\/en\/#\/schema\/person\/9623ef4d9aa3b2dfb8c061f1499288f2","name":"Francisco Javier Fern\u00e1ndez Chento","image":{"@type":"ImageObject","inLanguage":"en-US","@id":"http:\/\/vincentians.com\/en\/#\/schema\/person\/image\/","url":"https:\/\/secure.gravatar.com\/avatar\/497d5cde87b4c3d097d0315953521681ba2cd523ee66e5077c3711f7021e65de?s=96&d=mm&r=g","contentUrl":"https:\/\/secure.gravatar.com\/avatar\/497d5cde87b4c3d097d0315953521681ba2cd523ee66e5077c3711f7021e65de?s=96&d=mm&r=g","caption":"Francisco Javier Fern\u00e1ndez Chento"},"description":"Director General y cofundador de La Red de Formaci\u00f3n Vicenciana. Javier es laico vicenciano, afiliado a la Congregaci\u00f3n de la Misi\u00f3n y miembro del Equipo de Misiones Populares de la provincia can\u00f3nica de Zaragoza (Espa\u00f1a) de la Congregaci\u00f3n de la Misi\u00f3n. Graduado en la Universidad Oberta de Catalunya con cuatro grados (Asistente de direcci\u00f3n, Gesti\u00f3n Administrativa, Recursos Humanos y Contabilidad Avanzada). Bil\u00edng\u00fce Espa\u00f1ol\/Ingl\u00e9s. gestiona y mantiene varias p\u00e1ginas web cristianas y vicencianas, incluida including La Red de Formaci\u00f3n Vicenciana, de la que es cofundador. Actualmente es responsable del \u00e1rea de Espa\u00f1ol de .famvin, la Red de Noticias de la Familia Vicenciana. Tambi\u00e9n es m\u00fasico cat\u00f3lico y ha editado varios discos. Es Director General y cofundador de Trovador, una reconocida compa\u00f1\u00eda discogr\u00e1fica critiana de Espa\u00f1a. Trabaja en las Tecnolog\u00edas de la Informaci\u00f3n, ofreciendo servicios de alojamiento, dise\u00f1o y mantenimiento Web, as\u00ed como asesoramiento, formaci\u00f3n y soluciones inform\u00e1ticas, gesti\u00f3n documental y digitalizaci\u00f3n de textos, edici\u00f3n y maquetaci\u00f3n de libros, revistas, flyers, etc.","sameAs":["http:\/\/chento.org","https:\/\/www.facebook.com\/JavierChento","https:\/\/x.com\/https:\/\/twitter.com\/javierchento"],"url":"http:\/\/vincentians.com\/en\/author\/chento\/"}]}},"jetpack_publicize_connections":[],"jetpack_featured_media_url":"https:\/\/i0.wp.com\/vincentians.com\/en\/wp-content\/uploads\/sites\/2\/2016\/07\/the-vincentian-digital-library-2.jpg?fit=1200%2C630","jetpack_sharing_enabled":true,"jetpack_shortlink":"https:\/\/wp.me\/p7K2Ow-CZ1","jetpack-related-posts":[{"id":152394,"url":"http:\/\/vincentians.com\/en\/new-in-the-library-virtues-and-spiritual-doctrine-of-st-vincent-paul-abbe-maynard\/","url_meta":{"origin":149855,"position":0},"title":"New in the Library: &#8220;Virtues and Spiritual Doctrine of St. Vincent De Paul&#8221; (Abb\u00e9 Maynard)","author":"Francisco Javier Fern\u00e1ndez Chento","date":"July 21, 2016","format":false,"excerpt":"English translation of Abb\u00e9 Maynard, Vertus et doctrine spirituelle de Saint Vincent de Paul (1870). From the translator's preface: This work presents most completely the virtue of the saint, and marks most fully and clearly his ideas and teachings. It specifically treats, as its title indicates, of the virtues of\u2026","rel":"","context":"In &quot;Vincent de Paul&quot;","block_context":{"text":"Vincent de Paul","link":"http:\/\/vincentians.com\/en\/category\/the-vincentian-family\/founders\/vincent-de-paul\/"},"img":{"alt_text":"","src":"https:\/\/i0.wp.com\/vincentians.com\/en\/wp-content\/uploads\/sites\/2\/2016\/07\/the-vincentian-digital-library-2.jpg?fit=1200%2C630&resize=350%2C200","width":350,"height":200,"srcset":"https:\/\/i0.wp.com\/vincentians.com\/en\/wp-content\/uploads\/sites\/2\/2016\/07\/the-vincentian-digital-library-2.jpg?fit=1200%2C630&resize=350%2C200 1x, https:\/\/i0.wp.com\/vincentians.com\/en\/wp-content\/uploads\/sites\/2\/2016\/07\/the-vincentian-digital-library-2.jpg?fit=1200%2C630&resize=525%2C300 1.5x, https:\/\/i0.wp.com\/vincentians.com\/en\/wp-content\/uploads\/sites\/2\/2016\/07\/the-vincentian-digital-library-2.jpg?fit=1200%2C630&resize=700%2C400 2x, https:\/\/i0.wp.com\/vincentians.com\/en\/wp-content\/uploads\/sites\/2\/2016\/07\/the-vincentian-digital-library-2.jpg?fit=1200%2C630&resize=1050%2C600 3x"},"classes":[]},{"id":109178,"url":"http:\/\/vincentians.com\/en\/saint-vincent-paul-biography-00-introduction\/","url_meta":{"origin":149855,"position":1},"title":"Saint Vincent de Paul, a biography 00 &#8211; Introduction","author":"Francisco Javier Fern\u00e1ndez Chento","date":"December 20, 2016","format":false,"excerpt":"Foreword Forests and mists will always present a challenge to man's curiosity. It has been said of St. Vincent de Paul that his works encircle him like a forest and his humility envelops him like a mist. Father Jos\u00e9 Mar\u00eda Rom\u00e1n valiantly guides us through that forest and mist. His\u2026","rel":"","context":"In &quot;Vincent de Paul&quot;","block_context":{"text":"Vincent de Paul","link":"http:\/\/vincentians.com\/en\/category\/the-vincentian-family\/founders\/vincent-de-paul\/"},"img":{"alt_text":"","src":"https:\/\/i0.wp.com\/vincentians.com\/en\/wp-content\/uploads\/sites\/2\/2016\/07\/Saint-Vincent-de-Paul-a-biography.jpg?fit=1200%2C630&resize=350%2C200","width":350,"height":200,"srcset":"https:\/\/i0.wp.com\/vincentians.com\/en\/wp-content\/uploads\/sites\/2\/2016\/07\/Saint-Vincent-de-Paul-a-biography.jpg?fit=1200%2C630&resize=350%2C200 1x, https:\/\/i0.wp.com\/vincentians.com\/en\/wp-content\/uploads\/sites\/2\/2016\/07\/Saint-Vincent-de-Paul-a-biography.jpg?fit=1200%2C630&resize=525%2C300 1.5x, https:\/\/i0.wp.com\/vincentians.com\/en\/wp-content\/uploads\/sites\/2\/2016\/07\/Saint-Vincent-de-Paul-a-biography.jpg?fit=1200%2C630&resize=700%2C400 2x, https:\/\/i0.wp.com\/vincentians.com\/en\/wp-content\/uploads\/sites\/2\/2016\/07\/Saint-Vincent-de-Paul-a-biography.jpg?fit=1200%2C630&resize=1050%2C600 3x"},"classes":[]},{"id":100869,"url":"http:\/\/vincentians.com\/en\/where-was-vincent-de-paul-born\/","url_meta":{"origin":149855,"position":2},"title":"Where was Vincent de Paul Born?","author":"Francisco Javier Fern\u00e1ndez Chento","date":"August 4, 2016","format":false,"excerpt":"1. Documentation Vincent's Words Vincent: he states that he is French: \"they [the Italians] think that we French act too quickly\" (CCD:II:267). He is also a Gascon: \"I entreat you to help a poor Gascon to do so\" (CCD:II:82, note 20). He is from the Diocese of Dax: \"His Lordship\u2026","rel":"","context":"In &quot;Vincent de Paul&quot;","block_context":{"text":"Vincent de Paul","link":"http:\/\/vincentians.com\/en\/category\/the-vincentian-family\/founders\/vincent-de-paul\/"},"img":{"alt_text":"","src":"https:\/\/i0.wp.com\/vincentians.com\/en\/wp-content\/uploads\/sites\/2\/2012\/12\/vincent-de-paul-landes-background.jpg?fit=1200%2C630&resize=350%2C200","width":350,"height":200,"srcset":"https:\/\/i0.wp.com\/vincentians.com\/en\/wp-content\/uploads\/sites\/2\/2012\/12\/vincent-de-paul-landes-background.jpg?fit=1200%2C630&resize=350%2C200 1x, https:\/\/i0.wp.com\/vincentians.com\/en\/wp-content\/uploads\/sites\/2\/2012\/12\/vincent-de-paul-landes-background.jpg?fit=1200%2C630&resize=525%2C300 1.5x, https:\/\/i0.wp.com\/vincentians.com\/en\/wp-content\/uploads\/sites\/2\/2012\/12\/vincent-de-paul-landes-background.jpg?fit=1200%2C630&resize=700%2C400 2x, https:\/\/i0.wp.com\/vincentians.com\/en\/wp-content\/uploads\/sites\/2\/2012\/12\/vincent-de-paul-landes-background.jpg?fit=1200%2C630&resize=1050%2C600 3x"},"classes":[]},{"id":151710,"url":"http:\/\/vincentians.com\/en\/new-in-the-library-the-life-of-st-vincent-paul-charles-butler\/","url_meta":{"origin":149855,"position":3},"title":"New in the Library: The Life of St. Vincent de Paul (Charles Butler)","author":"Francisco Javier Fern\u00e1ndez Chento","date":"July 16, 2016","format":false,"excerpt":"Charles Butler (1750\u20131832) was an English Roman Catholic lawyer and writer. This Life of St. Vincent de Paul is taken from his book \"The life of Fenelon, archbishop of Cambray. To which are added, the Lives of St. Vincent of Paul, and Henri-Marie de Boudon: A letter on antient and\u2026","rel":"","context":"In &quot;Vincent de Paul&quot;","block_context":{"text":"Vincent de Paul","link":"http:\/\/vincentians.com\/en\/category\/the-vincentian-family\/founders\/vincent-de-paul\/"},"img":{"alt_text":"","src":"https:\/\/i0.wp.com\/vincentians.com\/en\/wp-content\/uploads\/sites\/2\/2016\/07\/the-vincentian-digital-library-2.jpg?fit=1200%2C630&resize=350%2C200","width":350,"height":200,"srcset":"https:\/\/i0.wp.com\/vincentians.com\/en\/wp-content\/uploads\/sites\/2\/2016\/07\/the-vincentian-digital-library-2.jpg?fit=1200%2C630&resize=350%2C200 1x, https:\/\/i0.wp.com\/vincentians.com\/en\/wp-content\/uploads\/sites\/2\/2016\/07\/the-vincentian-digital-library-2.jpg?fit=1200%2C630&resize=525%2C300 1.5x, https:\/\/i0.wp.com\/vincentians.com\/en\/wp-content\/uploads\/sites\/2\/2016\/07\/the-vincentian-digital-library-2.jpg?fit=1200%2C630&resize=700%2C400 2x, https:\/\/i0.wp.com\/vincentians.com\/en\/wp-content\/uploads\/sites\/2\/2016\/07\/the-vincentian-digital-library-2.jpg?fit=1200%2C630&resize=1050%2C600 3x"},"classes":[]},{"id":100870,"url":"http:\/\/vincentians.com\/en\/the-family-of-vincent-de-paul\/","url_meta":{"origin":149855,"position":4},"title":"The Family of Vincent de Paul","author":"Francisco Javier Fern\u00e1ndez Chento","date":"August 6, 2016","format":false,"excerpt":"1 Family Members Father: Jean de Paul (Abelly I:35 [English Edition]; Coste 1:6 [English Edition]), William de Paul (Collet p.9 [English Edition]); Jean or William (Maynard I:1 [French Edition], Roman 29 [English Edition]). Mother: Bertrande de Moras (all biographers). Brothers and Sisters: Jean: It seems that after he married he\u2026","rel":"","context":"In &quot;Vincent de Paul&quot;","block_context":{"text":"Vincent de Paul","link":"http:\/\/vincentians.com\/en\/category\/the-vincentian-family\/founders\/vincent-de-paul\/"},"img":{"alt_text":"","src":"https:\/\/i0.wp.com\/vincentians.com\/en\/wp-content\/uploads\/sites\/2\/2012\/12\/vincent-de-paul-family-background.jpg?fit=1200%2C630&resize=350%2C200","width":350,"height":200,"srcset":"https:\/\/i0.wp.com\/vincentians.com\/en\/wp-content\/uploads\/sites\/2\/2012\/12\/vincent-de-paul-family-background.jpg?fit=1200%2C630&resize=350%2C200 1x, https:\/\/i0.wp.com\/vincentians.com\/en\/wp-content\/uploads\/sites\/2\/2012\/12\/vincent-de-paul-family-background.jpg?fit=1200%2C630&resize=525%2C300 1.5x, https:\/\/i0.wp.com\/vincentians.com\/en\/wp-content\/uploads\/sites\/2\/2012\/12\/vincent-de-paul-family-background.jpg?fit=1200%2C630&resize=700%2C400 2x, https:\/\/i0.wp.com\/vincentians.com\/en\/wp-content\/uploads\/sites\/2\/2012\/12\/vincent-de-paul-family-background.jpg?fit=1200%2C630&resize=1050%2C600 3x"},"classes":[]},{"id":108832,"url":"http:\/\/vincentians.com\/en\/the-litany-of-st-vincent-de-paul\/","url_meta":{"origin":149855,"position":5},"title":"The Litany of St. Vincent de Paul","author":"Francisco Javier Fern\u00e1ndez Chento","date":"January 1, 2016","format":false,"excerpt":"Lord, have mercy on us. Lord, have mercy on us. Christ, have mercy on us. Christ, have mercy on us. Christ, hear us. Christ, graciously hear us. God, the Father of Heaven, Have mercy on us. God, the Son, Redeemer of the world, Have mercy on us. God, the Holy\u2026","rel":"","context":"In &quot;Prayer&quot;","block_context":{"text":"Prayer","link":"http:\/\/vincentians.com\/en\/category\/spirituality\/prayer\/"},"img":{"alt_text":"","src":"https:\/\/i0.wp.com\/vincentians.com\/en\/wp-content\/uploads\/sites\/2\/2014\/01\/vicente-de-paul.jpg?fit=1200%2C630&resize=350%2C200","width":350,"height":200,"srcset":"https:\/\/i0.wp.com\/vincentians.com\/en\/wp-content\/uploads\/sites\/2\/2014\/01\/vicente-de-paul.jpg?fit=1200%2C630&resize=350%2C200 1x, https:\/\/i0.wp.com\/vincentians.com\/en\/wp-content\/uploads\/sites\/2\/2014\/01\/vicente-de-paul.jpg?fit=1200%2C630&resize=525%2C300 1.5x, https:\/\/i0.wp.com\/vincentians.com\/en\/wp-content\/uploads\/sites\/2\/2014\/01\/vicente-de-paul.jpg?fit=1200%2C630&resize=700%2C400 2x, https:\/\/i0.wp.com\/vincentians.com\/en\/wp-content\/uploads\/sites\/2\/2014\/01\/vicente-de-paul.jpg?fit=1200%2C630&resize=1050%2C600 3x"},"classes":[]}],"_links":{"self":[{"href":"http:\/\/vincentians.com\/en\/wp-json\/wp\/v2\/posts\/149855","targetHints":{"allow":["GET"]}}],"collection":[{"href":"http:\/\/vincentians.com\/en\/wp-json\/wp\/v2\/posts"}],"about":[{"href":"http:\/\/vincentians.com\/en\/wp-json\/wp\/v2\/types\/post"}],"author":[{"embeddable":true,"href":"http:\/\/vincentians.com\/en\/wp-json\/wp\/v2\/users\/4"}],"replies":[{"embeddable":true,"href":"http:\/\/vincentians.com\/en\/wp-json\/wp\/v2\/comments?post=149855"}],"version-history":[{"count":0,"href":"http:\/\/vincentians.com\/en\/wp-json\/wp\/v2\/posts\/149855\/revisions"}],"wp:featuredmedia":[{"embeddable":true,"href":"http:\/\/vincentians.com\/en\/wp-json\/wp\/v2\/media\/152097"}],"wp:attachment":[{"href":"http:\/\/vincentians.com\/en\/wp-json\/wp\/v2\/media?parent=149855"}],"wp:term":[{"taxonomy":"category","embeddable":true,"href":"http:\/\/vincentians.com\/en\/wp-json\/wp\/v2\/categories?post=149855"},{"taxonomy":"post_tag","embeddable":true,"href":"http:\/\/vincentians.com\/en\/wp-json\/wp\/v2\/tags?post=149855"}],"curies":[{"name":"wp","href":"https:\/\/api.w.org\/{rel}","templated":true}]}}