{"id":149109,"date":"2016-06-28T06:37:38","date_gmt":"2016-06-28T04:37:38","guid":{"rendered":"http:\/\/vincentians.com\/en\/?p=149109"},"modified":"2016-06-28T06:37:38","modified_gmt":"2016-06-28T04:37:38","slug":"fourteenth-sunday-in-ordinary-time-rosalino-reyes-dizon-4","status":"publish","type":"post","link":"http:\/\/vincentians.com\/en\/fourteenth-sunday-in-ordinary-time-rosalino-reyes-dizon-4\/","title":{"rendered":"Fourteenth Sunday in Ordinary Time (Rosalino Reyes Dizon)"},"content":{"rendered":"<p><em>Credible witnesses of the Gospel<\/em><\/p>\n<h3>Jesus has the credible words of eternal life.\u00a0 We believe in him.\u00a0 Are we credible?<\/h3>\n<p>Those who hear Jesus proclaim the Good News are amazed at his credible words of grace.\u00a0 He teaches with authority.<\/p>\n<p>He wants us to be credible also.\u00a0 The phrase \u201cin pairs\u201d indicates perhaps that credibility is indispensable.\u00a0 Mosaic Law requires at least two witnesses for a testimony to be acceptable.<\/p>\n<p>More crucial, however, than having people corroborate our testimony is living according to our preaching.\u00a0 Nothing puts into question our credibility more than hypocrisy.\u00a0 Those who do not practice what they preach are hardly credible.<\/p>\n<p>We preach that the Lord is the Master of the harvest.\u00a0 He is the one who hires laborers and pays just wages.\u00a0 He brings growth to what we plant and water.\u00a0 To practice what we preach means we cannot dispense with prayer.<\/p>\n<p>We can do nothing at all without the Lord.\u00a0 Hence, we beg him humbly to give us \u201cthe power to tread upon the full force of the enemy,\u201d to equip us for the fight against the misery that reigns in the world.\u00a0 We are too few, besides, for the great harvest before us.\u00a0 We ask the Lord, therefore, to send out laborers for his harvest.<\/p>\n<p>To pray so supposes, of course, that we will not reject the co-workers\u2014of both sexes, of every race, tongue, people and nation\u2014that the Lord sends.\u00a0 Nor shall we act like John.\u00a0 He reported to Jesus, \u201cTeacher, we saw someone driving out demons in your name, and we tried to prevent him because he does not follow us.\u201d<\/p>\n<h4>Hardly credible likewise are those who lack consuming zeal for the Gospel and single-minded devotion to it.<\/h4>\n<p>They do not go on their way to announce and live up to the Good News courageously, meekly, simply and in a mortified way.\u00a0 They cannot leave their secure structures.\u00a0 They do not think as St. Vincent de Paul.\u00a0 The saint says to a missionary (<a href=\"http:\/\/via.library.depaul.edu\/cgi\/viewcontent.cgi?article=1027&amp;context=vincentian_ebooks\">SV.EN II:517-518<\/a>):<\/p>\n<blockquote><p>We are not sufficiently virtuous to be able to carry the burden of abundance and that of apostolic virtue and I fear we may never be, and that the former may ruin the latter.<\/p><\/blockquote>\n<p>And if the comfortably settled down have no choice but to go on their way, they will move about from one house to another.\u00a0 They are after the best accommodation. Hence, their \u201capostolate\u201d is one of convenience.\u00a0 They rejoice that even prominent people are subject to them.<\/p>\n<p>Unlike the one who offers himself as our nourishment, those installed in comfort would rather consume than be consumed.\u00a0 They do not so much seek to comfort as to be comforted.\u00a0\u00a0 They do not bear the marks of Jesus in their bodies<\/p>\n<p><em>Lord, make us credible witnesses of your justice, mercy and peace.<\/em><\/p>\n<p>July 3, 2016<br \/>\n14<sup>th<\/sup> Sunday in O.T. (C)<br \/>\nIs 66, 10-14c; Gal 6, 14-18; Lk 10, 1-12. 17-20<\/p>\n","protected":false},"excerpt":{"rendered":"<p>Credible witnesses of the Gospel Jesus has the credible words of eternal life.\u00a0 We believe in him.\u00a0 Are we credible? Those who hear Jesus proclaim the Good News are amazed at his credible words of &#8230; <a href=\"http:\/\/vincentians.com\/en\/fourteenth-sunday-in-ordinary-time-rosalino-reyes-dizon-4\/\" class=\"more-link\">Read More<\/a><\/p>\n","protected":false},"author":4,"featured_media":151052,"comment_status":"open","ping_status":"open","sticky":false,"template":"","format":"standard","meta":{"jetpack_post_was_ever_published":false,"_jetpack_newsletter_access":"","_jetpack_dont_email_post_to_subs":false,"_jetpack_newsletter_tier_id":0,"_jetpack_memberships_contains_paywalled_content":false,"_jetpack_memberships_contains_paid_content":false,"footnotes":"","jetpack_publicize_message":"","jetpack_publicize_feature_enabled":true,"jetpack_social_post_already_shared":true,"jetpack_social_options":{"image_generator_settings":{"template":"highway","default_image_id":0,"font":"","enabled":false},"version":2}},"categories":[94],"tags":[],"class_list":["post-149109","post","type-post","status-publish","format-standard","has-post-thumbnail","hentry","category-homilies-and-reflections-year-c"],"yoast_head":"<!-- This site is optimized with the Yoast SEO plugin v26.3 - https:\/\/yoast.com\/wordpress\/plugins\/seo\/ -->\n<title>Fourteenth Sunday in Ordinary Time (Rosalino Reyes Dizon) - We are Vincentians<\/title>\n<meta name=\"robots\" content=\"index, follow, max-snippet:-1, max-image-preview:large, max-video-preview:-1\" \/>\n<link rel=\"canonical\" href=\"https:\/\/vincentians.com\/en\/fourteenth-sunday-in-ordinary-time-rosalino-reyes-dizon-4\/\" \/>\n<meta property=\"og:locale\" content=\"en_US\" \/>\n<meta property=\"og:type\" content=\"article\" \/>\n<meta property=\"og:title\" content=\"Fourteenth Sunday in Ordinary Time (Rosalino Reyes Dizon) - We are Vincentians\" \/>\n<meta property=\"og:description\" content=\"Credible witnesses of the Gospel Jesus has the credible words of eternal life.\u00a0 We believe in him.\u00a0 Are we credible? Those who hear Jesus proclaim the Good News are amazed at his credible words of ... Read More\" \/>\n<meta property=\"og:url\" content=\"https:\/\/vincentians.com\/en\/fourteenth-sunday-in-ordinary-time-rosalino-reyes-dizon-4\/\" \/>\n<meta property=\"og:site_name\" content=\"We are Vincentians\" \/>\n<meta property=\"article:publisher\" content=\"https:\/\/www.facebook.com\/WeAreVincentians\/\" \/>\n<meta property=\"article:author\" content=\"https:\/\/www.facebook.com\/JavierChento\" \/>\n<meta property=\"article:published_time\" content=\"2016-06-28T04:37:38+00:00\" \/>\n<meta property=\"og:image\" content=\"https:\/\/i0.wp.com\/vincentians.com\/en\/wp-content\/uploads\/sites\/2\/2016\/07\/ross-featured.jpg?fit=1200%2C630&ssl=1\" \/>\n\t<meta property=\"og:image:width\" content=\"1200\" \/>\n\t<meta property=\"og:image:height\" content=\"630\" \/>\n\t<meta property=\"og:image:type\" content=\"image\/jpeg\" \/>\n<meta name=\"author\" content=\"Francisco Javier Fern\u00e1ndez Chento\" \/>\n<meta name=\"twitter:card\" content=\"summary_large_image\" \/>\n<meta name=\"twitter:creator\" content=\"@https:\/\/twitter.com\/javierchento\" \/>\n<meta name=\"twitter:site\" content=\"@WeVincentians\" \/>\n<meta name=\"twitter:label1\" content=\"Written by\" \/>\n\t<meta name=\"twitter:data1\" content=\"Francisco Javier Fern\u00e1ndez Chento\" \/>\n\t<meta name=\"twitter:label2\" content=\"Est. reading time\" \/>\n\t<meta name=\"twitter:data2\" content=\"2 minutes\" \/>\n<script type=\"application\/ld+json\" class=\"yoast-schema-graph\">{\"@context\":\"https:\/\/schema.org\",\"@graph\":[{\"@type\":\"Article\",\"@id\":\"https:\/\/vincentians.com\/en\/fourteenth-sunday-in-ordinary-time-rosalino-reyes-dizon-4\/#article\",\"isPartOf\":{\"@id\":\"https:\/\/vincentians.com\/en\/fourteenth-sunday-in-ordinary-time-rosalino-reyes-dizon-4\/\"},\"author\":{\"name\":\"Francisco Javier Fern\u00e1ndez Chento\",\"@id\":\"http:\/\/vincentians.com\/en\/#\/schema\/person\/9623ef4d9aa3b2dfb8c061f1499288f2\"},\"headline\":\"Fourteenth Sunday in Ordinary Time (Rosalino Reyes Dizon)\",\"datePublished\":\"2016-06-28T04:37:38+00:00\",\"mainEntityOfPage\":{\"@id\":\"https:\/\/vincentians.com\/en\/fourteenth-sunday-in-ordinary-time-rosalino-reyes-dizon-4\/\"},\"wordCount\":494,\"commentCount\":0,\"publisher\":{\"@id\":\"http:\/\/vincentians.com\/en\/#organization\"},\"image\":{\"@id\":\"https:\/\/vincentians.com\/en\/fourteenth-sunday-in-ordinary-time-rosalino-reyes-dizon-4\/#primaryimage\"},\"thumbnailUrl\":\"https:\/\/i0.wp.com\/vincentians.com\/en\/wp-content\/uploads\/sites\/2\/2016\/07\/ross-featured.jpg?fit=1200%2C630\",\"articleSection\":[\"Homilies and reflections, Year C\"],\"inLanguage\":\"en-US\",\"potentialAction\":[{\"@type\":\"CommentAction\",\"name\":\"Comment\",\"target\":[\"https:\/\/vincentians.com\/en\/fourteenth-sunday-in-ordinary-time-rosalino-reyes-dizon-4\/#respond\"]}]},{\"@type\":\"WebPage\",\"@id\":\"https:\/\/vincentians.com\/en\/fourteenth-sunday-in-ordinary-time-rosalino-reyes-dizon-4\/\",\"url\":\"https:\/\/vincentians.com\/en\/fourteenth-sunday-in-ordinary-time-rosalino-reyes-dizon-4\/\",\"name\":\"Fourteenth Sunday in Ordinary Time (Rosalino Reyes Dizon) - We are Vincentians\",\"isPartOf\":{\"@id\":\"http:\/\/vincentians.com\/en\/#website\"},\"primaryImageOfPage\":{\"@id\":\"https:\/\/vincentians.com\/en\/fourteenth-sunday-in-ordinary-time-rosalino-reyes-dizon-4\/#primaryimage\"},\"image\":{\"@id\":\"https:\/\/vincentians.com\/en\/fourteenth-sunday-in-ordinary-time-rosalino-reyes-dizon-4\/#primaryimage\"},\"thumbnailUrl\":\"https:\/\/i0.wp.com\/vincentians.com\/en\/wp-content\/uploads\/sites\/2\/2016\/07\/ross-featured.jpg?fit=1200%2C630\",\"datePublished\":\"2016-06-28T04:37:38+00:00\",\"breadcrumb\":{\"@id\":\"https:\/\/vincentians.com\/en\/fourteenth-sunday-in-ordinary-time-rosalino-reyes-dizon-4\/#breadcrumb\"},\"inLanguage\":\"en-US\",\"potentialAction\":[{\"@type\":\"ReadAction\",\"target\":[\"https:\/\/vincentians.com\/en\/fourteenth-sunday-in-ordinary-time-rosalino-reyes-dizon-4\/\"]}]},{\"@type\":\"ImageObject\",\"inLanguage\":\"en-US\",\"@id\":\"https:\/\/vincentians.com\/en\/fourteenth-sunday-in-ordinary-time-rosalino-reyes-dizon-4\/#primaryimage\",\"url\":\"https:\/\/i0.wp.com\/vincentians.com\/en\/wp-content\/uploads\/sites\/2\/2016\/07\/ross-featured.jpg?fit=1200%2C630\",\"contentUrl\":\"https:\/\/i0.wp.com\/vincentians.com\/en\/wp-content\/uploads\/sites\/2\/2016\/07\/ross-featured.jpg?fit=1200%2C630\",\"width\":1200,\"height\":630},{\"@type\":\"BreadcrumbList\",\"@id\":\"https:\/\/vincentians.com\/en\/fourteenth-sunday-in-ordinary-time-rosalino-reyes-dizon-4\/#breadcrumb\",\"itemListElement\":[{\"@type\":\"ListItem\",\"position\":1,\"name\":\"Portada\",\"item\":\"http:\/\/vincentians.com\/en\/\"},{\"@type\":\"ListItem\",\"position\":2,\"name\":\"Fourteenth Sunday in Ordinary Time (Rosalino Reyes Dizon)\"}]},{\"@type\":\"WebSite\",\"@id\":\"http:\/\/vincentians.com\/en\/#website\",\"url\":\"http:\/\/vincentians.com\/en\/\",\"name\":\"We are Vincentians\",\"description\":\"Know more to serve more\",\"publisher\":{\"@id\":\"http:\/\/vincentians.com\/en\/#organization\"},\"potentialAction\":[{\"@type\":\"SearchAction\",\"target\":{\"@type\":\"EntryPoint\",\"urlTemplate\":\"http:\/\/vincentians.com\/en\/?s={search_term_string}\"},\"query-input\":{\"@type\":\"PropertyValueSpecification\",\"valueRequired\":true,\"valueName\":\"search_term_string\"}}],\"inLanguage\":\"en-US\"},{\"@type\":\"Organization\",\"@id\":\"http:\/\/vincentians.com\/en\/#organization\",\"name\":\"The Vincentian Network\",\"url\":\"http:\/\/vincentians.com\/en\/\",\"logo\":{\"@type\":\"ImageObject\",\"inLanguage\":\"en-US\",\"@id\":\"http:\/\/vincentians.com\/en\/#\/schema\/logo\/image\/\",\"url\":\"https:\/\/i1.wp.com\/vincentians.com\/en\/wp-content\/uploads\/sites\/2\/2016\/06\/Vincentian-Network-logo-big.png?fit=778%2C778&ssl=1\",\"contentUrl\":\"https:\/\/i1.wp.com\/vincentians.com\/en\/wp-content\/uploads\/sites\/2\/2016\/06\/Vincentian-Network-logo-big.png?fit=778%2C778&ssl=1\",\"width\":778,\"height\":778,\"caption\":\"The Vincentian Network\"},\"image\":{\"@id\":\"http:\/\/vincentians.com\/en\/#\/schema\/logo\/image\/\"},\"sameAs\":[\"https:\/\/www.facebook.com\/WeAreVincentians\/\",\"https:\/\/x.com\/WeVincentians\"]},{\"@type\":\"Person\",\"@id\":\"http:\/\/vincentians.com\/en\/#\/schema\/person\/9623ef4d9aa3b2dfb8c061f1499288f2\",\"name\":\"Francisco Javier Fern\u00e1ndez Chento\",\"image\":{\"@type\":\"ImageObject\",\"inLanguage\":\"en-US\",\"@id\":\"http:\/\/vincentians.com\/en\/#\/schema\/person\/image\/\",\"url\":\"https:\/\/secure.gravatar.com\/avatar\/497d5cde87b4c3d097d0315953521681ba2cd523ee66e5077c3711f7021e65de?s=96&d=mm&r=g\",\"contentUrl\":\"https:\/\/secure.gravatar.com\/avatar\/497d5cde87b4c3d097d0315953521681ba2cd523ee66e5077c3711f7021e65de?s=96&d=mm&r=g\",\"caption\":\"Francisco Javier Fern\u00e1ndez Chento\"},\"description\":\"Director General y cofundador de La Red de Formaci\u00f3n Vicenciana. Javier es laico vicenciano, afiliado a la Congregaci\u00f3n de la Misi\u00f3n y miembro del Equipo de Misiones Populares de la provincia can\u00f3nica de Zaragoza (Espa\u00f1a) de la Congregaci\u00f3n de la Misi\u00f3n. Graduado en la Universidad Oberta de Catalunya con cuatro grados (Asistente de direcci\u00f3n, Gesti\u00f3n Administrativa, Recursos Humanos y Contabilidad Avanzada). Bil\u00edng\u00fce Espa\u00f1ol\/Ingl\u00e9s. gestiona y mantiene varias p\u00e1ginas web cristianas y vicencianas, incluida including La Red de Formaci\u00f3n Vicenciana, de la que es cofundador. Actualmente es responsable del \u00e1rea de Espa\u00f1ol de .famvin, la Red de Noticias de la Familia Vicenciana. Tambi\u00e9n es m\u00fasico cat\u00f3lico y ha editado varios discos. Es Director General y cofundador de Trovador, una reconocida compa\u00f1\u00eda discogr\u00e1fica critiana de Espa\u00f1a. Trabaja en las Tecnolog\u00edas de la Informaci\u00f3n, ofreciendo servicios de alojamiento, dise\u00f1o y mantenimiento Web, as\u00ed como asesoramiento, formaci\u00f3n y soluciones inform\u00e1ticas, gesti\u00f3n documental y digitalizaci\u00f3n de textos, edici\u00f3n y maquetaci\u00f3n de libros, revistas, flyers, etc.\",\"sameAs\":[\"http:\/\/chento.org\",\"https:\/\/www.facebook.com\/JavierChento\",\"https:\/\/x.com\/https:\/\/twitter.com\/javierchento\"],\"url\":\"http:\/\/vincentians.com\/en\/author\/chento\/\"}]}<\/script>\n<!-- \/ Yoast SEO plugin. -->","yoast_head_json":{"title":"Fourteenth Sunday in Ordinary Time (Rosalino Reyes Dizon) - We are Vincentians","robots":{"index":"index","follow":"follow","max-snippet":"max-snippet:-1","max-image-preview":"max-image-preview:large","max-video-preview":"max-video-preview:-1"},"canonical":"https:\/\/vincentians.com\/en\/fourteenth-sunday-in-ordinary-time-rosalino-reyes-dizon-4\/","og_locale":"en_US","og_type":"article","og_title":"Fourteenth Sunday in Ordinary Time (Rosalino Reyes Dizon) - We are Vincentians","og_description":"Credible witnesses of the Gospel Jesus has the credible words of eternal life.\u00a0 We believe in him.\u00a0 Are we credible? Those who hear Jesus proclaim the Good News are amazed at his credible words of ... Read More","og_url":"https:\/\/vincentians.com\/en\/fourteenth-sunday-in-ordinary-time-rosalino-reyes-dizon-4\/","og_site_name":"We are Vincentians","article_publisher":"https:\/\/www.facebook.com\/WeAreVincentians\/","article_author":"https:\/\/www.facebook.com\/JavierChento","article_published_time":"2016-06-28T04:37:38+00:00","og_image":[{"width":1200,"height":630,"url":"https:\/\/i0.wp.com\/vincentians.com\/en\/wp-content\/uploads\/sites\/2\/2016\/07\/ross-featured.jpg?fit=1200%2C630&ssl=1","type":"image\/jpeg"}],"author":"Francisco Javier Fern\u00e1ndez Chento","twitter_card":"summary_large_image","twitter_creator":"@https:\/\/twitter.com\/javierchento","twitter_site":"@WeVincentians","twitter_misc":{"Written by":"Francisco Javier Fern\u00e1ndez Chento","Est. reading time":"2 minutes"},"schema":{"@context":"https:\/\/schema.org","@graph":[{"@type":"Article","@id":"https:\/\/vincentians.com\/en\/fourteenth-sunday-in-ordinary-time-rosalino-reyes-dizon-4\/#article","isPartOf":{"@id":"https:\/\/vincentians.com\/en\/fourteenth-sunday-in-ordinary-time-rosalino-reyes-dizon-4\/"},"author":{"name":"Francisco Javier Fern\u00e1ndez Chento","@id":"http:\/\/vincentians.com\/en\/#\/schema\/person\/9623ef4d9aa3b2dfb8c061f1499288f2"},"headline":"Fourteenth Sunday in Ordinary Time (Rosalino Reyes Dizon)","datePublished":"2016-06-28T04:37:38+00:00","mainEntityOfPage":{"@id":"https:\/\/vincentians.com\/en\/fourteenth-sunday-in-ordinary-time-rosalino-reyes-dizon-4\/"},"wordCount":494,"commentCount":0,"publisher":{"@id":"http:\/\/vincentians.com\/en\/#organization"},"image":{"@id":"https:\/\/vincentians.com\/en\/fourteenth-sunday-in-ordinary-time-rosalino-reyes-dizon-4\/#primaryimage"},"thumbnailUrl":"https:\/\/i0.wp.com\/vincentians.com\/en\/wp-content\/uploads\/sites\/2\/2016\/07\/ross-featured.jpg?fit=1200%2C630","articleSection":["Homilies and reflections, Year C"],"inLanguage":"en-US","potentialAction":[{"@type":"CommentAction","name":"Comment","target":["https:\/\/vincentians.com\/en\/fourteenth-sunday-in-ordinary-time-rosalino-reyes-dizon-4\/#respond"]}]},{"@type":"WebPage","@id":"https:\/\/vincentians.com\/en\/fourteenth-sunday-in-ordinary-time-rosalino-reyes-dizon-4\/","url":"https:\/\/vincentians.com\/en\/fourteenth-sunday-in-ordinary-time-rosalino-reyes-dizon-4\/","name":"Fourteenth Sunday in Ordinary Time (Rosalino Reyes Dizon) - We are Vincentians","isPartOf":{"@id":"http:\/\/vincentians.com\/en\/#website"},"primaryImageOfPage":{"@id":"https:\/\/vincentians.com\/en\/fourteenth-sunday-in-ordinary-time-rosalino-reyes-dizon-4\/#primaryimage"},"image":{"@id":"https:\/\/vincentians.com\/en\/fourteenth-sunday-in-ordinary-time-rosalino-reyes-dizon-4\/#primaryimage"},"thumbnailUrl":"https:\/\/i0.wp.com\/vincentians.com\/en\/wp-content\/uploads\/sites\/2\/2016\/07\/ross-featured.jpg?fit=1200%2C630","datePublished":"2016-06-28T04:37:38+00:00","breadcrumb":{"@id":"https:\/\/vincentians.com\/en\/fourteenth-sunday-in-ordinary-time-rosalino-reyes-dizon-4\/#breadcrumb"},"inLanguage":"en-US","potentialAction":[{"@type":"ReadAction","target":["https:\/\/vincentians.com\/en\/fourteenth-sunday-in-ordinary-time-rosalino-reyes-dizon-4\/"]}]},{"@type":"ImageObject","inLanguage":"en-US","@id":"https:\/\/vincentians.com\/en\/fourteenth-sunday-in-ordinary-time-rosalino-reyes-dizon-4\/#primaryimage","url":"https:\/\/i0.wp.com\/vincentians.com\/en\/wp-content\/uploads\/sites\/2\/2016\/07\/ross-featured.jpg?fit=1200%2C630","contentUrl":"https:\/\/i0.wp.com\/vincentians.com\/en\/wp-content\/uploads\/sites\/2\/2016\/07\/ross-featured.jpg?fit=1200%2C630","width":1200,"height":630},{"@type":"BreadcrumbList","@id":"https:\/\/vincentians.com\/en\/fourteenth-sunday-in-ordinary-time-rosalino-reyes-dizon-4\/#breadcrumb","itemListElement":[{"@type":"ListItem","position":1,"name":"Portada","item":"http:\/\/vincentians.com\/en\/"},{"@type":"ListItem","position":2,"name":"Fourteenth Sunday in Ordinary Time (Rosalino Reyes Dizon)"}]},{"@type":"WebSite","@id":"http:\/\/vincentians.com\/en\/#website","url":"http:\/\/vincentians.com\/en\/","name":"We are Vincentians","description":"Know more to serve more","publisher":{"@id":"http:\/\/vincentians.com\/en\/#organization"},"potentialAction":[{"@type":"SearchAction","target":{"@type":"EntryPoint","urlTemplate":"http:\/\/vincentians.com\/en\/?s={search_term_string}"},"query-input":{"@type":"PropertyValueSpecification","valueRequired":true,"valueName":"search_term_string"}}],"inLanguage":"en-US"},{"@type":"Organization","@id":"http:\/\/vincentians.com\/en\/#organization","name":"The Vincentian Network","url":"http:\/\/vincentians.com\/en\/","logo":{"@type":"ImageObject","inLanguage":"en-US","@id":"http:\/\/vincentians.com\/en\/#\/schema\/logo\/image\/","url":"https:\/\/i1.wp.com\/vincentians.com\/en\/wp-content\/uploads\/sites\/2\/2016\/06\/Vincentian-Network-logo-big.png?fit=778%2C778&ssl=1","contentUrl":"https:\/\/i1.wp.com\/vincentians.com\/en\/wp-content\/uploads\/sites\/2\/2016\/06\/Vincentian-Network-logo-big.png?fit=778%2C778&ssl=1","width":778,"height":778,"caption":"The Vincentian Network"},"image":{"@id":"http:\/\/vincentians.com\/en\/#\/schema\/logo\/image\/"},"sameAs":["https:\/\/www.facebook.com\/WeAreVincentians\/","https:\/\/x.com\/WeVincentians"]},{"@type":"Person","@id":"http:\/\/vincentians.com\/en\/#\/schema\/person\/9623ef4d9aa3b2dfb8c061f1499288f2","name":"Francisco Javier Fern\u00e1ndez Chento","image":{"@type":"ImageObject","inLanguage":"en-US","@id":"http:\/\/vincentians.com\/en\/#\/schema\/person\/image\/","url":"https:\/\/secure.gravatar.com\/avatar\/497d5cde87b4c3d097d0315953521681ba2cd523ee66e5077c3711f7021e65de?s=96&d=mm&r=g","contentUrl":"https:\/\/secure.gravatar.com\/avatar\/497d5cde87b4c3d097d0315953521681ba2cd523ee66e5077c3711f7021e65de?s=96&d=mm&r=g","caption":"Francisco Javier Fern\u00e1ndez Chento"},"description":"Director General y cofundador de La Red de Formaci\u00f3n Vicenciana. Javier es laico vicenciano, afiliado a la Congregaci\u00f3n de la Misi\u00f3n y miembro del Equipo de Misiones Populares de la provincia can\u00f3nica de Zaragoza (Espa\u00f1a) de la Congregaci\u00f3n de la Misi\u00f3n. Graduado en la Universidad Oberta de Catalunya con cuatro grados (Asistente de direcci\u00f3n, Gesti\u00f3n Administrativa, Recursos Humanos y Contabilidad Avanzada). Bil\u00edng\u00fce Espa\u00f1ol\/Ingl\u00e9s. gestiona y mantiene varias p\u00e1ginas web cristianas y vicencianas, incluida including La Red de Formaci\u00f3n Vicenciana, de la que es cofundador. Actualmente es responsable del \u00e1rea de Espa\u00f1ol de .famvin, la Red de Noticias de la Familia Vicenciana. Tambi\u00e9n es m\u00fasico cat\u00f3lico y ha editado varios discos. Es Director General y cofundador de Trovador, una reconocida compa\u00f1\u00eda discogr\u00e1fica critiana de Espa\u00f1a. Trabaja en las Tecnolog\u00edas de la Informaci\u00f3n, ofreciendo servicios de alojamiento, dise\u00f1o y mantenimiento Web, as\u00ed como asesoramiento, formaci\u00f3n y soluciones inform\u00e1ticas, gesti\u00f3n documental y digitalizaci\u00f3n de textos, edici\u00f3n y maquetaci\u00f3n de libros, revistas, flyers, etc.","sameAs":["http:\/\/chento.org","https:\/\/www.facebook.com\/JavierChento","https:\/\/x.com\/https:\/\/twitter.com\/javierchento"],"url":"http:\/\/vincentians.com\/en\/author\/chento\/"}]}},"jetpack_publicize_connections":[],"jetpack_featured_media_url":"https:\/\/i0.wp.com\/vincentians.com\/en\/wp-content\/uploads\/sites\/2\/2016\/07\/ross-featured.jpg?fit=1200%2C630","jetpack_sharing_enabled":true,"jetpack_shortlink":"https:\/\/wp.me\/p7K2Ow-CMZ","jetpack-related-posts":[{"id":149659,"url":"http:\/\/vincentians.com\/en\/fourteenth-sunday-in-ordinary-time-rosalino-reyes-dizon-5\/","url_meta":{"origin":149109,"position":0},"title":"Fourteenth Sunday in Ordinary Time (Rosalino Reyes Dizon)","author":"Ross Reyes Dizon","date":"June 28, 2016","format":false,"excerpt":"Credible witnesses of the Gospel Jesus has the credible words of eternal life.\u00a0 We believe in him.\u00a0 Are we credible? Those who hear Jesus proclaim the Good News are amazed at his credible words of grace.\u00a0 He teaches with authority. He wants us to be credible also.\u00a0 The phrase \u201cin\u2026","rel":"","context":"In &quot;Homilies and reflections, Year C&quot;","block_context":{"text":"Homilies and reflections, Year C","link":"http:\/\/vincentians.com\/en\/category\/homilies-and-reflections-on-the-word-of-god\/homilies-and-reflections-year-c\/"},"img":{"alt_text":"","src":"https:\/\/i0.wp.com\/vincentians.com\/en\/wp-content\/uploads\/sites\/2\/2016\/07\/ross-featured.jpg?fit=1200%2C630&resize=350%2C200","width":350,"height":200,"srcset":"https:\/\/i0.wp.com\/vincentians.com\/en\/wp-content\/uploads\/sites\/2\/2016\/07\/ross-featured.jpg?fit=1200%2C630&resize=350%2C200 1x, https:\/\/i0.wp.com\/vincentians.com\/en\/wp-content\/uploads\/sites\/2\/2016\/07\/ross-featured.jpg?fit=1200%2C630&resize=525%2C300 1.5x, https:\/\/i0.wp.com\/vincentians.com\/en\/wp-content\/uploads\/sites\/2\/2016\/07\/ross-featured.jpg?fit=1200%2C630&resize=700%2C400 2x, https:\/\/i0.wp.com\/vincentians.com\/en\/wp-content\/uploads\/sites\/2\/2016\/07\/ross-featured.jpg?fit=1200%2C630&resize=1050%2C600 3x"},"classes":[]},{"id":147793,"url":"http:\/\/vincentians.com\/en\/ascension-of-the-lord-rosalino-reyes-dizon\/","url_meta":{"origin":149109,"position":1},"title":"Ascension of the Lord (Rosalino Reyes Dizon)","author":"Ross Reyes Dizon","date":"May 3, 2016","format":false,"excerpt":"Witnesses of Jesus throughout the world Jesus appoints his followers to be his witnesses.\u00a0 Are we so really and in a credible manner? Jesus tells the witnesses of his passion, death and resurrection: You will receive power when the Holy Spirit comes upon you, and you will be my witnesses\u2026","rel":"","context":"In &quot;Homilies and reflections, Year C&quot;","block_context":{"text":"Homilies and reflections, Year C","link":"http:\/\/vincentians.com\/en\/category\/homilies-and-reflections-on-the-word-of-god\/homilies-and-reflections-year-c\/"},"img":{"alt_text":"","src":"https:\/\/i0.wp.com\/vincentians.com\/en\/wp-content\/uploads\/sites\/2\/2016\/07\/ross-featured.jpg?fit=1200%2C630&resize=350%2C200","width":350,"height":200,"srcset":"https:\/\/i0.wp.com\/vincentians.com\/en\/wp-content\/uploads\/sites\/2\/2016\/07\/ross-featured.jpg?fit=1200%2C630&resize=350%2C200 1x, https:\/\/i0.wp.com\/vincentians.com\/en\/wp-content\/uploads\/sites\/2\/2016\/07\/ross-featured.jpg?fit=1200%2C630&resize=525%2C300 1.5x, https:\/\/i0.wp.com\/vincentians.com\/en\/wp-content\/uploads\/sites\/2\/2016\/07\/ross-featured.jpg?fit=1200%2C630&resize=700%2C400 2x, https:\/\/i0.wp.com\/vincentians.com\/en\/wp-content\/uploads\/sites\/2\/2016\/07\/ross-featured.jpg?fit=1200%2C630&resize=1050%2C600 3x"},"classes":[]},{"id":153310,"url":"http:\/\/vincentians.com\/en\/32nd-sunday-o-t-ross-reyes-dizon\/","url_meta":{"origin":149109,"position":2},"title":"32nd Sunday O.T. (Ross Reyes Dizon)","author":"Ross Reyes Dizon","date":"November 1, 2016","format":false,"excerpt":"Resurrection giving encouragement and hope Jesus is the resurrection and the life.\u00a0 That is why we should not lose hope. Some Sadducees try to show that, in view of levirate marriage, belief in the resurrection is absurd.\u00a0 In rebuttal, Jesus unmasks their lack of logic and their ignorance. First, he\u2026","rel":"","context":"In &quot;Homilies and reflections, Year C&quot;","block_context":{"text":"Homilies and reflections, Year C","link":"http:\/\/vincentians.com\/en\/category\/homilies-and-reflections-on-the-word-of-god\/homilies-and-reflections-year-c\/"},"img":{"alt_text":"","src":"https:\/\/i0.wp.com\/vincentians.com\/en\/wp-content\/uploads\/sites\/2\/2016\/07\/ross-featured.jpg?fit=1200%2C630&resize=350%2C200","width":350,"height":200,"srcset":"https:\/\/i0.wp.com\/vincentians.com\/en\/wp-content\/uploads\/sites\/2\/2016\/07\/ross-featured.jpg?fit=1200%2C630&resize=350%2C200 1x, https:\/\/i0.wp.com\/vincentians.com\/en\/wp-content\/uploads\/sites\/2\/2016\/07\/ross-featured.jpg?fit=1200%2C630&resize=525%2C300 1.5x, https:\/\/i0.wp.com\/vincentians.com\/en\/wp-content\/uploads\/sites\/2\/2016\/07\/ross-featured.jpg?fit=1200%2C630&resize=700%2C400 2x, https:\/\/i0.wp.com\/vincentians.com\/en\/wp-content\/uploads\/sites\/2\/2016\/07\/ross-featured.jpg?fit=1200%2C630&resize=1050%2C600 3x"},"classes":[]},{"id":153340,"url":"http:\/\/vincentians.com\/en\/2nd-sunday-advent-ross-voice\/","url_meta":{"origin":149109,"position":3},"title":"2nd Sunday of Advent (Ross Reyes Dizon)","author":"Ross Reyes Dizon","date":"November 29, 2016","format":false,"excerpt":"Voice demanding justice, mercy and peace The voice of Jesus is an invitation to the kingdom of God.\u00a0\u00a0 And the voice of the disciples should be but an echo of their Teacher\u2019s voice. The Forerunner considers himself as a voice shouting out the same message that the one he precedes\u2026","rel":"","context":"In &quot;Homilies and reflections, Year A&quot;","block_context":{"text":"Homilies and reflections, Year A","link":"http:\/\/vincentians.com\/en\/category\/homilies-and-reflections-on-the-word-of-god\/homilies-and-reflections-year-a\/"},"img":{"alt_text":"","src":"https:\/\/i0.wp.com\/vincentians.com\/en\/wp-content\/uploads\/sites\/2\/2016\/07\/ross-featured.jpg?fit=1200%2C630&resize=350%2C200","width":350,"height":200,"srcset":"https:\/\/i0.wp.com\/vincentians.com\/en\/wp-content\/uploads\/sites\/2\/2016\/07\/ross-featured.jpg?fit=1200%2C630&resize=350%2C200 1x, https:\/\/i0.wp.com\/vincentians.com\/en\/wp-content\/uploads\/sites\/2\/2016\/07\/ross-featured.jpg?fit=1200%2C630&resize=525%2C300 1.5x, https:\/\/i0.wp.com\/vincentians.com\/en\/wp-content\/uploads\/sites\/2\/2016\/07\/ross-featured.jpg?fit=1200%2C630&resize=700%2C400 2x, https:\/\/i0.wp.com\/vincentians.com\/en\/wp-content\/uploads\/sites\/2\/2016\/07\/ross-featured.jpg?fit=1200%2C630&resize=1050%2C600 3x"},"classes":[]},{"id":106350,"url":"http:\/\/vincentians.com\/en\/fifth-sunday-in-ordinary-time-jose-antonio-pagola\/","url_meta":{"origin":149109,"position":4},"title":"Fifth Sunday in Ordinary Time (Jos\u00e9 Antonio Pagola)","author":"Ross Reyes Dizon","date":"February 9, 2013","format":false,"excerpt":"The power of the Gospel The episode of a surprising and unexpected catch of fish in the Sea of Galilee has been edited by the evangelist Luke to encourage the Church when it experiences that all its efforts to communicate its message fail.\u00a0 What we are told is very clear:\u2026","rel":"","context":"In &quot;Homilies and reflections, Year C&quot;","block_context":{"text":"Homilies and reflections, Year C","link":"http:\/\/vincentians.com\/en\/category\/homilies-and-reflections-on-the-word-of-god\/homilies-and-reflections-year-c\/"},"img":{"alt_text":"","src":"https:\/\/i0.wp.com\/vincentians.com\/en\/wp-content\/uploads\/sites\/2\/2016\/07\/pagola-feat.jpg?fit=1200%2C630&resize=350%2C200","width":350,"height":200,"srcset":"https:\/\/i0.wp.com\/vincentians.com\/en\/wp-content\/uploads\/sites\/2\/2016\/07\/pagola-feat.jpg?fit=1200%2C630&resize=350%2C200 1x, https:\/\/i0.wp.com\/vincentians.com\/en\/wp-content\/uploads\/sites\/2\/2016\/07\/pagola-feat.jpg?fit=1200%2C630&resize=525%2C300 1.5x, https:\/\/i0.wp.com\/vincentians.com\/en\/wp-content\/uploads\/sites\/2\/2016\/07\/pagola-feat.jpg?fit=1200%2C630&resize=700%2C400 2x, https:\/\/i0.wp.com\/vincentians.com\/en\/wp-content\/uploads\/sites\/2\/2016\/07\/pagola-feat.jpg?fit=1200%2C630&resize=1050%2C600 3x"},"classes":[]},{"id":147740,"url":"http:\/\/vincentians.com\/en\/easter-sunday-rosalino-reyes-dizon-3\/","url_meta":{"origin":149109,"position":5},"title":"Easter Sunday (Rosalino Reyes Dizon)","author":"Ross Reyes Dizon","date":"March 22, 2016","format":false,"excerpt":"Faith working through love Jesus wants us to have a faith that is firm as a rock and immense as the sea. This faith, made alive by love, prompts Mary of Magdala to go to Jesus\u2019 tomb at the first opportunity.\u00a0 Due to the same faith, this female disciple stays\u2026","rel":"","context":"In &quot;Homilies and reflections, Year C&quot;","block_context":{"text":"Homilies and reflections, Year C","link":"http:\/\/vincentians.com\/en\/category\/homilies-and-reflections-on-the-word-of-god\/homilies-and-reflections-year-c\/"},"img":{"alt_text":"","src":"https:\/\/i0.wp.com\/vincentians.com\/en\/wp-content\/uploads\/sites\/2\/2016\/07\/ross-featured.jpg?fit=1200%2C630&resize=350%2C200","width":350,"height":200,"srcset":"https:\/\/i0.wp.com\/vincentians.com\/en\/wp-content\/uploads\/sites\/2\/2016\/07\/ross-featured.jpg?fit=1200%2C630&resize=350%2C200 1x, https:\/\/i0.wp.com\/vincentians.com\/en\/wp-content\/uploads\/sites\/2\/2016\/07\/ross-featured.jpg?fit=1200%2C630&resize=525%2C300 1.5x, https:\/\/i0.wp.com\/vincentians.com\/en\/wp-content\/uploads\/sites\/2\/2016\/07\/ross-featured.jpg?fit=1200%2C630&resize=700%2C400 2x, https:\/\/i0.wp.com\/vincentians.com\/en\/wp-content\/uploads\/sites\/2\/2016\/07\/ross-featured.jpg?fit=1200%2C630&resize=1050%2C600 3x"},"classes":[]}],"_links":{"self":[{"href":"http:\/\/vincentians.com\/en\/wp-json\/wp\/v2\/posts\/149109","targetHints":{"allow":["GET"]}}],"collection":[{"href":"http:\/\/vincentians.com\/en\/wp-json\/wp\/v2\/posts"}],"about":[{"href":"http:\/\/vincentians.com\/en\/wp-json\/wp\/v2\/types\/post"}],"author":[{"embeddable":true,"href":"http:\/\/vincentians.com\/en\/wp-json\/wp\/v2\/users\/4"}],"replies":[{"embeddable":true,"href":"http:\/\/vincentians.com\/en\/wp-json\/wp\/v2\/comments?post=149109"}],"version-history":[{"count":0,"href":"http:\/\/vincentians.com\/en\/wp-json\/wp\/v2\/posts\/149109\/revisions"}],"wp:featuredmedia":[{"embeddable":true,"href":"http:\/\/vincentians.com\/en\/wp-json\/wp\/v2\/media\/151052"}],"wp:attachment":[{"href":"http:\/\/vincentians.com\/en\/wp-json\/wp\/v2\/media?parent=149109"}],"wp:term":[{"taxonomy":"category","embeddable":true,"href":"http:\/\/vincentians.com\/en\/wp-json\/wp\/v2\/categories?post=149109"},{"taxonomy":"post_tag","embeddable":true,"href":"http:\/\/vincentians.com\/en\/wp-json\/wp\/v2\/tags?post=149109"}],"curies":[{"name":"wp","href":"https:\/\/api.w.org\/{rel}","templated":true}]}}