{"id":149107,"date":"2016-06-28T06:36:13","date_gmt":"2016-06-28T04:36:13","guid":{"rendered":"http:\/\/vincentians.com\/en\/?p=149107"},"modified":"2016-06-28T06:36:13","modified_gmt":"2016-06-28T04:36:13","slug":"fourteenth-sunday-in-ordinary-time-jose-antonio-pagola-3","status":"publish","type":"post","link":"http:\/\/vincentians.com\/en\/fourteenth-sunday-in-ordinary-time-jose-antonio-pagola-3\/","title":{"rendered":"Fourteenth Sunday in Ordinary Time (Jos\u00e9 Antonio Pagola)"},"content":{"rendered":"<h2><strong>Bearers of the Gospel<\/strong><\/h2>\n<p>There is an important discourse in Luke\u2019s Gospel that Jesus addresses not to the Twelve, but to another large group of disciples.\u00a0 He is sending this group to work with him in the project of the kingdom of God. Jesus\u2019 words constitute something like a foundational document that should nourish his followers for the task of evangelization. I will highlight some key aspects.<\/p>\n<p><em><strong>Go on your way<\/strong><\/em><\/p>\n<p>Though we repeatedly forget it, what distinguishes the Church is that Jesus sends her.\u00a0 That is why it is dangerous to think of her as an institution founded to take care of and develop her own religion. Corresponding better to Jesus\u2019 original intent is the image of a prophetic movement that travels through history.\u00a0 This image fits the logic of sending: she goes out of herself; she thinks of others; she serves to the world the Good News of God. <em>The Church is not for herself, but for humanity<\/em> (Benedict XVI).<\/p>\n<p>That is why what is so dangerous today is the temptation to enclose ourselves in our own interests, our past, our doctrinal acquisitions, our practices and customs. It is even more dangerous if we do so by hardening our relationship with the world. What kind of Church is one that is rigid, paralyzed, closed in on herself, without either Jesus\u2019 prophets or the bearers of the Gospel?<\/p>\n<p><strong><em>Whatever town you enter \u2026 cure the sick in it and say, \u201cGod\u2019s kingdom is at hand for you\u201d<\/em><\/strong><\/p>\n<p>This is the great news: God is near us, encouraging us to make life more human. Yet simply affirming the truth is not going to make it attractive and desirable. We have to examine our conduct. What is it that can bring people today to the Gospel? How can they grasp God as something new and good?<\/p>\n<p>Surely, we lack love for the world today and we do not know how to reach the hearts of today\u2019s men and women. Preaching sermons from the altar is not enough. We have to learn to listen more, welcome, heal the lives of those who suffer\u2026.\u00a0 It is only in this way that we will find humble and good words that will make people approach Jesus.\u00a0 His unfathomable kindness puts us in contact with God, the Good Father of all.<\/p>\n<p><em><strong>Into whatever house you enter, first say, \u201cPeace to this household\u201d<\/strong><\/em><\/p>\n<p>Spreading peace, we share Jesus\u2019 Good News with complete respect, with friendly and fraternal attitude. It is wrong to try to impose the Good News in the threatening and angry manner of those who deem themselves superior to others. It is against the Gospel not to treat people with love just because they do not accept our message. How will they accept it if they feel that those who come to them in Jesus\u2019 name do not understand them?<\/p>\n<p>July 3, 2016<br \/>\n14 Sunday O.T. (C)<br \/>\nLuke 10, 1-12. 17-20<\/p>\n","protected":false},"excerpt":{"rendered":"<p>Bearers of the Gospel There is an important discourse in Luke\u2019s Gospel that Jesus addresses not to the Twelve, but to another large group of disciples.\u00a0 He is sending this group to work with him &#8230; <a href=\"http:\/\/vincentians.com\/en\/fourteenth-sunday-in-ordinary-time-jose-antonio-pagola-3\/\" class=\"more-link\">Read More<\/a><\/p>\n","protected":false},"author":4,"featured_media":151051,"comment_status":"open","ping_status":"open","sticky":false,"template":"","format":"standard","meta":{"jetpack_post_was_ever_published":false,"_jetpack_newsletter_access":"","_jetpack_dont_email_post_to_subs":false,"_jetpack_newsletter_tier_id":0,"_jetpack_memberships_contains_paywalled_content":false,"_jetpack_memberships_contains_paid_content":false,"footnotes":"","jetpack_publicize_message":"","jetpack_publicize_feature_enabled":true,"jetpack_social_post_already_shared":true,"jetpack_social_options":{"image_generator_settings":{"template":"highway","default_image_id":0,"font":"","enabled":false},"version":2}},"categories":[94],"tags":[],"class_list":["post-149107","post","type-post","status-publish","format-standard","has-post-thumbnail","hentry","category-homilies-and-reflections-year-c"],"yoast_head":"<!-- This site is optimized with the Yoast SEO plugin v26.3 - https:\/\/yoast.com\/wordpress\/plugins\/seo\/ -->\n<title>Fourteenth Sunday in Ordinary Time (Jos\u00e9 Antonio Pagola) - We are Vincentians<\/title>\n<meta name=\"robots\" content=\"index, follow, max-snippet:-1, max-image-preview:large, max-video-preview:-1\" \/>\n<link rel=\"canonical\" href=\"https:\/\/vincentians.com\/en\/fourteenth-sunday-in-ordinary-time-jose-antonio-pagola-3\/\" \/>\n<meta property=\"og:locale\" content=\"en_US\" \/>\n<meta property=\"og:type\" content=\"article\" \/>\n<meta property=\"og:title\" content=\"Fourteenth Sunday in Ordinary Time (Jos\u00e9 Antonio Pagola) - We are Vincentians\" \/>\n<meta property=\"og:description\" content=\"Bearers of the Gospel There is an important discourse in Luke\u2019s Gospel that Jesus addresses not to the Twelve, but to another large group of disciples.\u00a0 He is sending this group to work with him ... Read More\" \/>\n<meta property=\"og:url\" content=\"https:\/\/vincentians.com\/en\/fourteenth-sunday-in-ordinary-time-jose-antonio-pagola-3\/\" \/>\n<meta property=\"og:site_name\" content=\"We are Vincentians\" \/>\n<meta property=\"article:publisher\" content=\"https:\/\/www.facebook.com\/WeAreVincentians\/\" \/>\n<meta property=\"article:author\" content=\"https:\/\/www.facebook.com\/JavierChento\" \/>\n<meta property=\"article:published_time\" content=\"2016-06-28T04:36:13+00:00\" \/>\n<meta property=\"og:image\" content=\"https:\/\/i0.wp.com\/vincentians.com\/en\/wp-content\/uploads\/sites\/2\/2016\/07\/pagola-feat.jpg?fit=1200%2C630&ssl=1\" \/>\n\t<meta property=\"og:image:width\" content=\"1200\" \/>\n\t<meta property=\"og:image:height\" content=\"630\" \/>\n\t<meta property=\"og:image:type\" content=\"image\/jpeg\" \/>\n<meta name=\"author\" content=\"Francisco Javier Fern\u00e1ndez Chento\" \/>\n<meta name=\"twitter:card\" content=\"summary_large_image\" \/>\n<meta name=\"twitter:creator\" content=\"@https:\/\/twitter.com\/javierchento\" \/>\n<meta name=\"twitter:site\" content=\"@WeVincentians\" \/>\n<meta name=\"twitter:label1\" content=\"Written by\" \/>\n\t<meta name=\"twitter:data1\" content=\"Francisco Javier Fern\u00e1ndez Chento\" \/>\n\t<meta name=\"twitter:label2\" content=\"Est. reading time\" \/>\n\t<meta name=\"twitter:data2\" content=\"2 minutes\" \/>\n<script type=\"application\/ld+json\" class=\"yoast-schema-graph\">{\"@context\":\"https:\/\/schema.org\",\"@graph\":[{\"@type\":\"Article\",\"@id\":\"https:\/\/vincentians.com\/en\/fourteenth-sunday-in-ordinary-time-jose-antonio-pagola-3\/#article\",\"isPartOf\":{\"@id\":\"https:\/\/vincentians.com\/en\/fourteenth-sunday-in-ordinary-time-jose-antonio-pagola-3\/\"},\"author\":{\"name\":\"Francisco Javier Fern\u00e1ndez Chento\",\"@id\":\"https:\/\/vincentians.com\/en\/#\/schema\/person\/9623ef4d9aa3b2dfb8c061f1499288f2\"},\"headline\":\"Fourteenth Sunday in Ordinary Time (Jos\u00e9 Antonio Pagola)\",\"datePublished\":\"2016-06-28T04:36:13+00:00\",\"mainEntityOfPage\":{\"@id\":\"https:\/\/vincentians.com\/en\/fourteenth-sunday-in-ordinary-time-jose-antonio-pagola-3\/\"},\"wordCount\":493,\"commentCount\":0,\"publisher\":{\"@id\":\"https:\/\/vincentians.com\/en\/#organization\"},\"image\":{\"@id\":\"https:\/\/vincentians.com\/en\/fourteenth-sunday-in-ordinary-time-jose-antonio-pagola-3\/#primaryimage\"},\"thumbnailUrl\":\"https:\/\/i0.wp.com\/vincentians.com\/en\/wp-content\/uploads\/sites\/2\/2016\/07\/pagola-feat.jpg?fit=1200%2C630\",\"articleSection\":[\"Homilies and reflections, Year C\"],\"inLanguage\":\"en-US\",\"potentialAction\":[{\"@type\":\"CommentAction\",\"name\":\"Comment\",\"target\":[\"https:\/\/vincentians.com\/en\/fourteenth-sunday-in-ordinary-time-jose-antonio-pagola-3\/#respond\"]}]},{\"@type\":\"WebPage\",\"@id\":\"https:\/\/vincentians.com\/en\/fourteenth-sunday-in-ordinary-time-jose-antonio-pagola-3\/\",\"url\":\"https:\/\/vincentians.com\/en\/fourteenth-sunday-in-ordinary-time-jose-antonio-pagola-3\/\",\"name\":\"Fourteenth Sunday in Ordinary Time (Jos\u00e9 Antonio Pagola) - We are Vincentians\",\"isPartOf\":{\"@id\":\"https:\/\/vincentians.com\/en\/#website\"},\"primaryImageOfPage\":{\"@id\":\"https:\/\/vincentians.com\/en\/fourteenth-sunday-in-ordinary-time-jose-antonio-pagola-3\/#primaryimage\"},\"image\":{\"@id\":\"https:\/\/vincentians.com\/en\/fourteenth-sunday-in-ordinary-time-jose-antonio-pagola-3\/#primaryimage\"},\"thumbnailUrl\":\"https:\/\/i0.wp.com\/vincentians.com\/en\/wp-content\/uploads\/sites\/2\/2016\/07\/pagola-feat.jpg?fit=1200%2C630\",\"datePublished\":\"2016-06-28T04:36:13+00:00\",\"breadcrumb\":{\"@id\":\"https:\/\/vincentians.com\/en\/fourteenth-sunday-in-ordinary-time-jose-antonio-pagola-3\/#breadcrumb\"},\"inLanguage\":\"en-US\",\"potentialAction\":[{\"@type\":\"ReadAction\",\"target\":[\"https:\/\/vincentians.com\/en\/fourteenth-sunday-in-ordinary-time-jose-antonio-pagola-3\/\"]}]},{\"@type\":\"ImageObject\",\"inLanguage\":\"en-US\",\"@id\":\"https:\/\/vincentians.com\/en\/fourteenth-sunday-in-ordinary-time-jose-antonio-pagola-3\/#primaryimage\",\"url\":\"https:\/\/i0.wp.com\/vincentians.com\/en\/wp-content\/uploads\/sites\/2\/2016\/07\/pagola-feat.jpg?fit=1200%2C630\",\"contentUrl\":\"https:\/\/i0.wp.com\/vincentians.com\/en\/wp-content\/uploads\/sites\/2\/2016\/07\/pagola-feat.jpg?fit=1200%2C630\",\"width\":1200,\"height\":630},{\"@type\":\"BreadcrumbList\",\"@id\":\"https:\/\/vincentians.com\/en\/fourteenth-sunday-in-ordinary-time-jose-antonio-pagola-3\/#breadcrumb\",\"itemListElement\":[{\"@type\":\"ListItem\",\"position\":1,\"name\":\"Portada\",\"item\":\"https:\/\/vincentians.com\/en\/\"},{\"@type\":\"ListItem\",\"position\":2,\"name\":\"Fourteenth Sunday in Ordinary Time (Jos\u00e9 Antonio Pagola)\"}]},{\"@type\":\"WebSite\",\"@id\":\"https:\/\/vincentians.com\/en\/#website\",\"url\":\"https:\/\/vincentians.com\/en\/\",\"name\":\"We are Vincentians\",\"description\":\"Know more to serve more\",\"publisher\":{\"@id\":\"https:\/\/vincentians.com\/en\/#organization\"},\"potentialAction\":[{\"@type\":\"SearchAction\",\"target\":{\"@type\":\"EntryPoint\",\"urlTemplate\":\"https:\/\/vincentians.com\/en\/?s={search_term_string}\"},\"query-input\":{\"@type\":\"PropertyValueSpecification\",\"valueRequired\":true,\"valueName\":\"search_term_string\"}}],\"inLanguage\":\"en-US\"},{\"@type\":\"Organization\",\"@id\":\"https:\/\/vincentians.com\/en\/#organization\",\"name\":\"The Vincentian Network\",\"url\":\"https:\/\/vincentians.com\/en\/\",\"logo\":{\"@type\":\"ImageObject\",\"inLanguage\":\"en-US\",\"@id\":\"https:\/\/vincentians.com\/en\/#\/schema\/logo\/image\/\",\"url\":\"https:\/\/i1.wp.com\/vincentians.com\/en\/wp-content\/uploads\/sites\/2\/2016\/06\/Vincentian-Network-logo-big.png?fit=778%2C778&ssl=1\",\"contentUrl\":\"https:\/\/i1.wp.com\/vincentians.com\/en\/wp-content\/uploads\/sites\/2\/2016\/06\/Vincentian-Network-logo-big.png?fit=778%2C778&ssl=1\",\"width\":778,\"height\":778,\"caption\":\"The Vincentian Network\"},\"image\":{\"@id\":\"https:\/\/vincentians.com\/en\/#\/schema\/logo\/image\/\"},\"sameAs\":[\"https:\/\/www.facebook.com\/WeAreVincentians\/\",\"https:\/\/x.com\/WeVincentians\"]},{\"@type\":\"Person\",\"@id\":\"https:\/\/vincentians.com\/en\/#\/schema\/person\/9623ef4d9aa3b2dfb8c061f1499288f2\",\"name\":\"Francisco Javier Fern\u00e1ndez Chento\",\"image\":{\"@type\":\"ImageObject\",\"inLanguage\":\"en-US\",\"@id\":\"https:\/\/vincentians.com\/en\/#\/schema\/person\/image\/\",\"url\":\"https:\/\/secure.gravatar.com\/avatar\/497d5cde87b4c3d097d0315953521681ba2cd523ee66e5077c3711f7021e65de?s=96&d=mm&r=g\",\"contentUrl\":\"https:\/\/secure.gravatar.com\/avatar\/497d5cde87b4c3d097d0315953521681ba2cd523ee66e5077c3711f7021e65de?s=96&d=mm&r=g\",\"caption\":\"Francisco Javier Fern\u00e1ndez Chento\"},\"description\":\"Director General y cofundador de La Red de Formaci\u00f3n Vicenciana. Javier es laico vicenciano, afiliado a la Congregaci\u00f3n de la Misi\u00f3n y miembro del Equipo de Misiones Populares de la provincia can\u00f3nica de Zaragoza (Espa\u00f1a) de la Congregaci\u00f3n de la Misi\u00f3n. Graduado en la Universidad Oberta de Catalunya con cuatro grados (Asistente de direcci\u00f3n, Gesti\u00f3n Administrativa, Recursos Humanos y Contabilidad Avanzada). Bil\u00edng\u00fce Espa\u00f1ol\/Ingl\u00e9s. gestiona y mantiene varias p\u00e1ginas web cristianas y vicencianas, incluida including La Red de Formaci\u00f3n Vicenciana, de la que es cofundador. Actualmente es responsable del \u00e1rea de Espa\u00f1ol de .famvin, la Red de Noticias de la Familia Vicenciana. Tambi\u00e9n es m\u00fasico cat\u00f3lico y ha editado varios discos. Es Director General y cofundador de Trovador, una reconocida compa\u00f1\u00eda discogr\u00e1fica critiana de Espa\u00f1a. Trabaja en las Tecnolog\u00edas de la Informaci\u00f3n, ofreciendo servicios de alojamiento, dise\u00f1o y mantenimiento Web, as\u00ed como asesoramiento, formaci\u00f3n y soluciones inform\u00e1ticas, gesti\u00f3n documental y digitalizaci\u00f3n de textos, edici\u00f3n y maquetaci\u00f3n de libros, revistas, flyers, etc.\",\"sameAs\":[\"http:\/\/chento.org\",\"https:\/\/www.facebook.com\/JavierChento\",\"https:\/\/x.com\/https:\/\/twitter.com\/javierchento\"],\"url\":\"http:\/\/vincentians.com\/en\/author\/chento\/\"}]}<\/script>\n<!-- \/ Yoast SEO plugin. -->","yoast_head_json":{"title":"Fourteenth Sunday in Ordinary Time (Jos\u00e9 Antonio Pagola) - We are Vincentians","robots":{"index":"index","follow":"follow","max-snippet":"max-snippet:-1","max-image-preview":"max-image-preview:large","max-video-preview":"max-video-preview:-1"},"canonical":"https:\/\/vincentians.com\/en\/fourteenth-sunday-in-ordinary-time-jose-antonio-pagola-3\/","og_locale":"en_US","og_type":"article","og_title":"Fourteenth Sunday in Ordinary Time (Jos\u00e9 Antonio Pagola) - We are Vincentians","og_description":"Bearers of the Gospel There is an important discourse in Luke\u2019s Gospel that Jesus addresses not to the Twelve, but to another large group of disciples.\u00a0 He is sending this group to work with him ... Read More","og_url":"https:\/\/vincentians.com\/en\/fourteenth-sunday-in-ordinary-time-jose-antonio-pagola-3\/","og_site_name":"We are Vincentians","article_publisher":"https:\/\/www.facebook.com\/WeAreVincentians\/","article_author":"https:\/\/www.facebook.com\/JavierChento","article_published_time":"2016-06-28T04:36:13+00:00","og_image":[{"width":1200,"height":630,"url":"https:\/\/i0.wp.com\/vincentians.com\/en\/wp-content\/uploads\/sites\/2\/2016\/07\/pagola-feat.jpg?fit=1200%2C630&ssl=1","type":"image\/jpeg"}],"author":"Francisco Javier Fern\u00e1ndez Chento","twitter_card":"summary_large_image","twitter_creator":"@https:\/\/twitter.com\/javierchento","twitter_site":"@WeVincentians","twitter_misc":{"Written by":"Francisco Javier Fern\u00e1ndez Chento","Est. reading time":"2 minutes"},"schema":{"@context":"https:\/\/schema.org","@graph":[{"@type":"Article","@id":"https:\/\/vincentians.com\/en\/fourteenth-sunday-in-ordinary-time-jose-antonio-pagola-3\/#article","isPartOf":{"@id":"https:\/\/vincentians.com\/en\/fourteenth-sunday-in-ordinary-time-jose-antonio-pagola-3\/"},"author":{"name":"Francisco Javier Fern\u00e1ndez Chento","@id":"https:\/\/vincentians.com\/en\/#\/schema\/person\/9623ef4d9aa3b2dfb8c061f1499288f2"},"headline":"Fourteenth Sunday in Ordinary Time (Jos\u00e9 Antonio Pagola)","datePublished":"2016-06-28T04:36:13+00:00","mainEntityOfPage":{"@id":"https:\/\/vincentians.com\/en\/fourteenth-sunday-in-ordinary-time-jose-antonio-pagola-3\/"},"wordCount":493,"commentCount":0,"publisher":{"@id":"https:\/\/vincentians.com\/en\/#organization"},"image":{"@id":"https:\/\/vincentians.com\/en\/fourteenth-sunday-in-ordinary-time-jose-antonio-pagola-3\/#primaryimage"},"thumbnailUrl":"https:\/\/i0.wp.com\/vincentians.com\/en\/wp-content\/uploads\/sites\/2\/2016\/07\/pagola-feat.jpg?fit=1200%2C630","articleSection":["Homilies and reflections, Year C"],"inLanguage":"en-US","potentialAction":[{"@type":"CommentAction","name":"Comment","target":["https:\/\/vincentians.com\/en\/fourteenth-sunday-in-ordinary-time-jose-antonio-pagola-3\/#respond"]}]},{"@type":"WebPage","@id":"https:\/\/vincentians.com\/en\/fourteenth-sunday-in-ordinary-time-jose-antonio-pagola-3\/","url":"https:\/\/vincentians.com\/en\/fourteenth-sunday-in-ordinary-time-jose-antonio-pagola-3\/","name":"Fourteenth Sunday in Ordinary Time (Jos\u00e9 Antonio Pagola) - We are Vincentians","isPartOf":{"@id":"https:\/\/vincentians.com\/en\/#website"},"primaryImageOfPage":{"@id":"https:\/\/vincentians.com\/en\/fourteenth-sunday-in-ordinary-time-jose-antonio-pagola-3\/#primaryimage"},"image":{"@id":"https:\/\/vincentians.com\/en\/fourteenth-sunday-in-ordinary-time-jose-antonio-pagola-3\/#primaryimage"},"thumbnailUrl":"https:\/\/i0.wp.com\/vincentians.com\/en\/wp-content\/uploads\/sites\/2\/2016\/07\/pagola-feat.jpg?fit=1200%2C630","datePublished":"2016-06-28T04:36:13+00:00","breadcrumb":{"@id":"https:\/\/vincentians.com\/en\/fourteenth-sunday-in-ordinary-time-jose-antonio-pagola-3\/#breadcrumb"},"inLanguage":"en-US","potentialAction":[{"@type":"ReadAction","target":["https:\/\/vincentians.com\/en\/fourteenth-sunday-in-ordinary-time-jose-antonio-pagola-3\/"]}]},{"@type":"ImageObject","inLanguage":"en-US","@id":"https:\/\/vincentians.com\/en\/fourteenth-sunday-in-ordinary-time-jose-antonio-pagola-3\/#primaryimage","url":"https:\/\/i0.wp.com\/vincentians.com\/en\/wp-content\/uploads\/sites\/2\/2016\/07\/pagola-feat.jpg?fit=1200%2C630","contentUrl":"https:\/\/i0.wp.com\/vincentians.com\/en\/wp-content\/uploads\/sites\/2\/2016\/07\/pagola-feat.jpg?fit=1200%2C630","width":1200,"height":630},{"@type":"BreadcrumbList","@id":"https:\/\/vincentians.com\/en\/fourteenth-sunday-in-ordinary-time-jose-antonio-pagola-3\/#breadcrumb","itemListElement":[{"@type":"ListItem","position":1,"name":"Portada","item":"https:\/\/vincentians.com\/en\/"},{"@type":"ListItem","position":2,"name":"Fourteenth Sunday in Ordinary Time (Jos\u00e9 Antonio Pagola)"}]},{"@type":"WebSite","@id":"https:\/\/vincentians.com\/en\/#website","url":"https:\/\/vincentians.com\/en\/","name":"We are Vincentians","description":"Know more to serve more","publisher":{"@id":"https:\/\/vincentians.com\/en\/#organization"},"potentialAction":[{"@type":"SearchAction","target":{"@type":"EntryPoint","urlTemplate":"https:\/\/vincentians.com\/en\/?s={search_term_string}"},"query-input":{"@type":"PropertyValueSpecification","valueRequired":true,"valueName":"search_term_string"}}],"inLanguage":"en-US"},{"@type":"Organization","@id":"https:\/\/vincentians.com\/en\/#organization","name":"The Vincentian Network","url":"https:\/\/vincentians.com\/en\/","logo":{"@type":"ImageObject","inLanguage":"en-US","@id":"https:\/\/vincentians.com\/en\/#\/schema\/logo\/image\/","url":"https:\/\/i1.wp.com\/vincentians.com\/en\/wp-content\/uploads\/sites\/2\/2016\/06\/Vincentian-Network-logo-big.png?fit=778%2C778&ssl=1","contentUrl":"https:\/\/i1.wp.com\/vincentians.com\/en\/wp-content\/uploads\/sites\/2\/2016\/06\/Vincentian-Network-logo-big.png?fit=778%2C778&ssl=1","width":778,"height":778,"caption":"The Vincentian Network"},"image":{"@id":"https:\/\/vincentians.com\/en\/#\/schema\/logo\/image\/"},"sameAs":["https:\/\/www.facebook.com\/WeAreVincentians\/","https:\/\/x.com\/WeVincentians"]},{"@type":"Person","@id":"https:\/\/vincentians.com\/en\/#\/schema\/person\/9623ef4d9aa3b2dfb8c061f1499288f2","name":"Francisco Javier Fern\u00e1ndez Chento","image":{"@type":"ImageObject","inLanguage":"en-US","@id":"https:\/\/vincentians.com\/en\/#\/schema\/person\/image\/","url":"https:\/\/secure.gravatar.com\/avatar\/497d5cde87b4c3d097d0315953521681ba2cd523ee66e5077c3711f7021e65de?s=96&d=mm&r=g","contentUrl":"https:\/\/secure.gravatar.com\/avatar\/497d5cde87b4c3d097d0315953521681ba2cd523ee66e5077c3711f7021e65de?s=96&d=mm&r=g","caption":"Francisco Javier Fern\u00e1ndez Chento"},"description":"Director General y cofundador de La Red de Formaci\u00f3n Vicenciana. Javier es laico vicenciano, afiliado a la Congregaci\u00f3n de la Misi\u00f3n y miembro del Equipo de Misiones Populares de la provincia can\u00f3nica de Zaragoza (Espa\u00f1a) de la Congregaci\u00f3n de la Misi\u00f3n. Graduado en la Universidad Oberta de Catalunya con cuatro grados (Asistente de direcci\u00f3n, Gesti\u00f3n Administrativa, Recursos Humanos y Contabilidad Avanzada). Bil\u00edng\u00fce Espa\u00f1ol\/Ingl\u00e9s. gestiona y mantiene varias p\u00e1ginas web cristianas y vicencianas, incluida including La Red de Formaci\u00f3n Vicenciana, de la que es cofundador. Actualmente es responsable del \u00e1rea de Espa\u00f1ol de .famvin, la Red de Noticias de la Familia Vicenciana. Tambi\u00e9n es m\u00fasico cat\u00f3lico y ha editado varios discos. Es Director General y cofundador de Trovador, una reconocida compa\u00f1\u00eda discogr\u00e1fica critiana de Espa\u00f1a. Trabaja en las Tecnolog\u00edas de la Informaci\u00f3n, ofreciendo servicios de alojamiento, dise\u00f1o y mantenimiento Web, as\u00ed como asesoramiento, formaci\u00f3n y soluciones inform\u00e1ticas, gesti\u00f3n documental y digitalizaci\u00f3n de textos, edici\u00f3n y maquetaci\u00f3n de libros, revistas, flyers, etc.","sameAs":["http:\/\/chento.org","https:\/\/www.facebook.com\/JavierChento","https:\/\/x.com\/https:\/\/twitter.com\/javierchento"],"url":"http:\/\/vincentians.com\/en\/author\/chento\/"}]}},"jetpack_publicize_connections":[],"jetpack_featured_media_url":"https:\/\/i0.wp.com\/vincentians.com\/en\/wp-content\/uploads\/sites\/2\/2016\/07\/pagola-feat.jpg?fit=1200%2C630","jetpack_sharing_enabled":true,"jetpack_shortlink":"https:\/\/wp.me\/p7K2Ow-CMX","jetpack-related-posts":[{"id":149658,"url":"http:\/\/vincentians.com\/en\/fourteenth-sunday-in-ordinary-time-jose-antonio-pagola-5\/","url_meta":{"origin":149107,"position":0},"title":"Fourteenth Sunday in Ordinary Time (Jos\u00e9 Antonio Pagola)","author":"Ross Reyes Dizon","date":"June 28, 2016","format":false,"excerpt":"BEARERS OF THE GOSPEL In Luke\u2019s Gospel we find an important discourse of Jesus, one directed not to the Twelve, but to another large group of disciples whom he sends out in order to collaborate with him on his project of God\u2019s reign. Jesus\u2019 words constitute a kind of foundational\u2026","rel":"","context":"In &quot;Homilies and reflections, Year C&quot;","block_context":{"text":"Homilies and reflections, Year C","link":"http:\/\/vincentians.com\/en\/category\/homilies-and-reflections-on-the-word-of-god\/homilies-and-reflections-year-c\/"},"img":{"alt_text":"","src":"https:\/\/i0.wp.com\/vincentians.com\/en\/wp-content\/uploads\/sites\/2\/2016\/07\/pagola-feat.jpg?fit=1200%2C630&resize=350%2C200","width":350,"height":200,"srcset":"https:\/\/i0.wp.com\/vincentians.com\/en\/wp-content\/uploads\/sites\/2\/2016\/07\/pagola-feat.jpg?fit=1200%2C630&resize=350%2C200 1x, https:\/\/i0.wp.com\/vincentians.com\/en\/wp-content\/uploads\/sites\/2\/2016\/07\/pagola-feat.jpg?fit=1200%2C630&resize=525%2C300 1.5x, https:\/\/i0.wp.com\/vincentians.com\/en\/wp-content\/uploads\/sites\/2\/2016\/07\/pagola-feat.jpg?fit=1200%2C630&resize=700%2C400 2x, https:\/\/i0.wp.com\/vincentians.com\/en\/wp-content\/uploads\/sites\/2\/2016\/07\/pagola-feat.jpg?fit=1200%2C630&resize=1050%2C600 3x"},"classes":[]},{"id":116998,"url":"http:\/\/vincentians.com\/en\/the-ascension-of-the-lord-jose-antonio-pagola-2\/","url_meta":{"origin":149107,"position":1},"title":"The Ascension of the Lord (Jos\u00e9 Antonio Pagola)","author":"Ross Reyes Dizon","date":"May 11, 2015","format":false,"excerpt":"Trust and responsibility Added at some point to Mark\u2019s original gospel was an appendix in which is recorded this final command of Jesus: \u00a0Go into the whole world and proclaim the gospel to every creature. The Gospel is not to remain within the small group of disciples. They have to\u2026","rel":"","context":"In &quot;Homilies and reflections, Year B&quot;","block_context":{"text":"Homilies and reflections, Year B","link":"http:\/\/vincentians.com\/en\/category\/homilies-and-reflections-on-the-word-of-god\/homilies-and-reflections-year-b\/"},"img":{"alt_text":"","src":"https:\/\/i0.wp.com\/vincentians.com\/en\/wp-content\/uploads\/sites\/2\/2016\/07\/pagola-feat.jpg?fit=1200%2C630&resize=350%2C200","width":350,"height":200,"srcset":"https:\/\/i0.wp.com\/vincentians.com\/en\/wp-content\/uploads\/sites\/2\/2016\/07\/pagola-feat.jpg?fit=1200%2C630&resize=350%2C200 1x, https:\/\/i0.wp.com\/vincentians.com\/en\/wp-content\/uploads\/sites\/2\/2016\/07\/pagola-feat.jpg?fit=1200%2C630&resize=525%2C300 1.5x, https:\/\/i0.wp.com\/vincentians.com\/en\/wp-content\/uploads\/sites\/2\/2016\/07\/pagola-feat.jpg?fit=1200%2C630&resize=700%2C400 2x, https:\/\/i0.wp.com\/vincentians.com\/en\/wp-content\/uploads\/sites\/2\/2016\/07\/pagola-feat.jpg?fit=1200%2C630&resize=1050%2C600 3x"},"classes":[]},{"id":107282,"url":"http:\/\/vincentians.com\/en\/sixth-sunday-of-easter-jose-antonio-pagola\/","url_meta":{"origin":149107,"position":2},"title":"Sixth Sunday of Easter (Jos\u00e9 Antonio Pagola)","author":"Ross Reyes Dizon","date":"May 3, 2013","format":false,"excerpt":"Jesus\u2019 last wishes Jesus is bidding his disciples farewell.\u00a0 He sees that they are sad and afraid. \u00a0They all know that they are\u00a0spending the last hours with their Teacher.\u00a0 What will happen when they need him? \u00a0To whom\u00a0will they go?\u00a0 Who will defend them?\u00a0 Jesus wants to give them encouragement\u2026","rel":"","context":"In &quot;Homilies and reflections, Year C&quot;","block_context":{"text":"Homilies and reflections, Year C","link":"http:\/\/vincentians.com\/en\/category\/homilies-and-reflections-on-the-word-of-god\/homilies-and-reflections-year-c\/"},"img":{"alt_text":"","src":"https:\/\/i0.wp.com\/vincentians.com\/en\/wp-content\/uploads\/sites\/2\/2016\/07\/pagola-feat.jpg?fit=1200%2C630&resize=350%2C200","width":350,"height":200,"srcset":"https:\/\/i0.wp.com\/vincentians.com\/en\/wp-content\/uploads\/sites\/2\/2016\/07\/pagola-feat.jpg?fit=1200%2C630&resize=350%2C200 1x, https:\/\/i0.wp.com\/vincentians.com\/en\/wp-content\/uploads\/sites\/2\/2016\/07\/pagola-feat.jpg?fit=1200%2C630&resize=525%2C300 1.5x, https:\/\/i0.wp.com\/vincentians.com\/en\/wp-content\/uploads\/sites\/2\/2016\/07\/pagola-feat.jpg?fit=1200%2C630&resize=700%2C400 2x, https:\/\/i0.wp.com\/vincentians.com\/en\/wp-content\/uploads\/sites\/2\/2016\/07\/pagola-feat.jpg?fit=1200%2C630&resize=1050%2C600 3x"},"classes":[]},{"id":67858,"url":"http:\/\/vincentians.com\/en\/vincent-de-paul-a-man-of-the-gospel\/","url_meta":{"origin":149107,"position":3},"title":"Vincent de Paul: a man of the Gospel","author":"Francisco Javier Fern\u00e1ndez Chento","date":"July 2, 2016","format":false,"excerpt":"Introduction Throughout the history of the Church many men and women who have followed Jesus Christ have been classified as men and women of the gospel. In reality all the saints could be referred to in the same manner because they took the gospel seriously and made the gospel a\u2026","rel":"","context":"In &quot;Vincent de Paul&quot;","block_context":{"text":"Vincent de Paul","link":"http:\/\/vincentians.com\/en\/category\/the-vincentian-family\/founders\/vincent-de-paul\/"},"img":{"alt_text":"","src":"https:\/\/i0.wp.com\/vincentians.com\/en\/wp-content\/uploads\/sites\/2\/2012\/12\/Vincent-de-Paul-a-man-of-the-gospel.jpg?fit=1200%2C630&resize=350%2C200","width":350,"height":200,"srcset":"https:\/\/i0.wp.com\/vincentians.com\/en\/wp-content\/uploads\/sites\/2\/2012\/12\/Vincent-de-Paul-a-man-of-the-gospel.jpg?fit=1200%2C630&resize=350%2C200 1x, https:\/\/i0.wp.com\/vincentians.com\/en\/wp-content\/uploads\/sites\/2\/2012\/12\/Vincent-de-Paul-a-man-of-the-gospel.jpg?fit=1200%2C630&resize=525%2C300 1.5x, https:\/\/i0.wp.com\/vincentians.com\/en\/wp-content\/uploads\/sites\/2\/2012\/12\/Vincent-de-Paul-a-man-of-the-gospel.jpg?fit=1200%2C630&resize=700%2C400 2x, https:\/\/i0.wp.com\/vincentians.com\/en\/wp-content\/uploads\/sites\/2\/2012\/12\/Vincent-de-Paul-a-man-of-the-gospel.jpg?fit=1200%2C630&resize=1050%2C600 3x"},"classes":[]},{"id":153858,"url":"http:\/\/vincentians.com\/en\/34th-ot-jesus-christ-king-universe-dizonreyes-evangelizer\/","url_meta":{"origin":149107,"position":4},"title":"34th Sunday in O.T. \u2013 Jesus Christ, King of the Universe (Ross Reyes Dizon)","author":"Ross Reyes Dizon","date":"November 21, 2017","format":false,"excerpt":"Evangelizer of all kinds of poor people Jesus is the Evangelizer of the poor.\u00a0 All those who live announcing the Good News to the poor belong to him and are heirs to the kingdom. Jesus goes around to all towns and villages.\u00a0 He teaches in the synagogues and proclaims the\u2026","rel":"","context":"In &quot;Homilies and reflections, Year B&quot;","block_context":{"text":"Homilies and reflections, Year B","link":"http:\/\/vincentians.com\/en\/category\/homilies-and-reflections-on-the-word-of-god\/homilies-and-reflections-year-b\/"},"img":{"alt_text":"","src":"https:\/\/i0.wp.com\/vincentians.com\/en\/wp-content\/uploads\/sites\/2\/2016\/07\/ross-featured.jpg?fit=1200%2C630&resize=350%2C200","width":350,"height":200,"srcset":"https:\/\/i0.wp.com\/vincentians.com\/en\/wp-content\/uploads\/sites\/2\/2016\/07\/ross-featured.jpg?fit=1200%2C630&resize=350%2C200 1x, https:\/\/i0.wp.com\/vincentians.com\/en\/wp-content\/uploads\/sites\/2\/2016\/07\/ross-featured.jpg?fit=1200%2C630&resize=525%2C300 1.5x, https:\/\/i0.wp.com\/vincentians.com\/en\/wp-content\/uploads\/sites\/2\/2016\/07\/ross-featured.jpg?fit=1200%2C630&resize=700%2C400 2x, https:\/\/i0.wp.com\/vincentians.com\/en\/wp-content\/uploads\/sites\/2\/2016\/07\/ross-featured.jpg?fit=1200%2C630&resize=1050%2C600 3x"},"classes":[]},{"id":149109,"url":"http:\/\/vincentians.com\/en\/fourteenth-sunday-in-ordinary-time-rosalino-reyes-dizon-4\/","url_meta":{"origin":149107,"position":5},"title":"Fourteenth Sunday in Ordinary Time (Rosalino Reyes Dizon)","author":"Francisco Javier Fern\u00e1ndez Chento","date":"June 28, 2016","format":false,"excerpt":"Credible witnesses of the Gospel Jesus has the credible words of eternal life.\u00a0 We believe in him.\u00a0 Are we credible? Those who hear Jesus proclaim the Good News are amazed at his credible words of grace.\u00a0 He teaches with authority. He wants us to be credible also.\u00a0 The phrase \u201cin\u2026","rel":"","context":"In &quot;Homilies and reflections, Year C&quot;","block_context":{"text":"Homilies and reflections, Year C","link":"http:\/\/vincentians.com\/en\/category\/homilies-and-reflections-on-the-word-of-god\/homilies-and-reflections-year-c\/"},"img":{"alt_text":"","src":"https:\/\/i0.wp.com\/vincentians.com\/en\/wp-content\/uploads\/sites\/2\/2016\/07\/ross-featured.jpg?fit=1200%2C630&resize=350%2C200","width":350,"height":200,"srcset":"https:\/\/i0.wp.com\/vincentians.com\/en\/wp-content\/uploads\/sites\/2\/2016\/07\/ross-featured.jpg?fit=1200%2C630&resize=350%2C200 1x, https:\/\/i0.wp.com\/vincentians.com\/en\/wp-content\/uploads\/sites\/2\/2016\/07\/ross-featured.jpg?fit=1200%2C630&resize=525%2C300 1.5x, https:\/\/i0.wp.com\/vincentians.com\/en\/wp-content\/uploads\/sites\/2\/2016\/07\/ross-featured.jpg?fit=1200%2C630&resize=700%2C400 2x, https:\/\/i0.wp.com\/vincentians.com\/en\/wp-content\/uploads\/sites\/2\/2016\/07\/ross-featured.jpg?fit=1200%2C630&resize=1050%2C600 3x"},"classes":[]}],"_links":{"self":[{"href":"http:\/\/vincentians.com\/en\/wp-json\/wp\/v2\/posts\/149107","targetHints":{"allow":["GET"]}}],"collection":[{"href":"http:\/\/vincentians.com\/en\/wp-json\/wp\/v2\/posts"}],"about":[{"href":"http:\/\/vincentians.com\/en\/wp-json\/wp\/v2\/types\/post"}],"author":[{"embeddable":true,"href":"http:\/\/vincentians.com\/en\/wp-json\/wp\/v2\/users\/4"}],"replies":[{"embeddable":true,"href":"http:\/\/vincentians.com\/en\/wp-json\/wp\/v2\/comments?post=149107"}],"version-history":[{"count":0,"href":"http:\/\/vincentians.com\/en\/wp-json\/wp\/v2\/posts\/149107\/revisions"}],"wp:featuredmedia":[{"embeddable":true,"href":"http:\/\/vincentians.com\/en\/wp-json\/wp\/v2\/media\/151051"}],"wp:attachment":[{"href":"http:\/\/vincentians.com\/en\/wp-json\/wp\/v2\/media?parent=149107"}],"wp:term":[{"taxonomy":"category","embeddable":true,"href":"http:\/\/vincentians.com\/en\/wp-json\/wp\/v2\/categories?post=149107"},{"taxonomy":"post_tag","embeddable":true,"href":"http:\/\/vincentians.com\/en\/wp-json\/wp\/v2\/tags?post=149107"}],"curies":[{"name":"wp","href":"https:\/\/api.w.org\/{rel}","templated":true}]}}