{"id":148905,"date":"2016-07-02T14:48:10","date_gmt":"2016-07-02T12:48:10","guid":{"rendered":"http:\/\/vincentians.com\/en\/?p=148905"},"modified":"2016-08-04T03:08:30","modified_gmt":"2016-08-04T01:08:30","slug":"the-contributions-of-the-vincentian-charism-to-the-mission-of-the-church-10-end","status":"publish","type":"post","link":"http:\/\/vincentians.com\/en\/the-contributions-of-the-vincentian-charism-to-the-mission-of-the-church-10-end\/","title":{"rendered":"The Contributions of the Vincentian Charism to the Mission of the Church (10 &#8211; End)"},"content":{"rendered":"<h2><strong>10. The Vincentian circular movement: from Christ to the poor and from the poor to Christ<\/strong><\/h2>\n<p>In concluding this reflection about the contributions of the Vincentian charism to the mission of the Church, it seems appropriate to refer to the circular movement of the Vincentian charism, that is, from Christ to the poor; from the poor to Christ<span id='easy-footnote-1-148905' class='easy-footnote-margin-adjust'><\/span><span class='easy-footnote'><a href='http:\/\/vincentians.com\/en\/the-contributions-of-the-vincentian-charism-to-the-mission-of-the-church-10-end\/#easy-footnote-bottom-1-148905' title='CPAG-80, \u201cLineas de fuerza de la experiencia espiritual del se\u00f1or Vicente: La experiencia spiritual del se\u00f1or Vicente y la nuestra\u201d in &lt;em&gt;Anales &lt;\/em&gt;(1977), p. 278-283; C. Fern\u00e1ndez, \u201cEl pobre en el coraz\u00f3n de San Vicente de Pa\u00fal\u201d in &lt;em&gt;La experiencia espiritual de San Vicente de Pa\u00fal, &lt;\/em&gt;Editorial CEME, Salamanca, 2011, p. 507-529; J. M. Ib\u00e1\u00f1ez, \u201cOpci\u00f3n Vicenciana por los pobres\u201d in &lt;em&gt;Respuesta vicenciana a las nuevas formas de pobreza,&lt;\/em&gt; Editorial CEME, Salamanca, 1988, p. 115-157; S. Barqu\u00edn, \u201cEl pobre, lugar teol\u00f3gico en el carisma vicenciano\u201d in &lt;em&gt;Carisma, vicenciano, memor\u00eda y profec\u00eda, &lt;\/em&gt;Editorial CEME, Salamanca, 2001, p. 127-204; J. Corera, \u201cEl pobre seg\u00fan san Vicente\u201d in &lt;em&gt;Vincentiana, &lt;\/em&gt;(1984), p. 578-586.'><sup>1<\/sup><\/a><\/span>.<\/p>\n<p>As Louise contemplated Christ hanging on the cross, she wrote,<em> let us love Love. <\/em>Thus she viewed service on behalf of the poor as response of love to Love (cf. SWLM:827-829 [A.27]): <em>Let us apply ourselves diligently to the corporal and spiritual service of the sick poor for the love of Jesus Crucified <\/em>(SWLM:515 [L.531b]).<\/p>\n<p>All acts of service should be filled with that love: <em>\u2026to serve your sick poor in a spirit of gentleness and great compassion, in imitation of Our Lord who acted this way with the most unfortunate <\/em>(SWLM:434 [L.383]).<\/p>\n<p>I have always been impressed with the close relationship that Louise established between union with God, service on behalf of the poor, between union and cordiality in living together in community. In Louise\u2019s view those realities are not distinct: prayer, service on behalf of the poor, concern for the salvation of the poor, fraternity \u2026 all of these flow from the same experience and are concretized in the following of Jesus Christ, the crucified Lord. In October 1646 Louise wrote to the Sisters in Nantes and stated: <em>Do you read your Rule and the obligations of your duties? Do you say your evening and morning prayers for the sick as well as the Benedicite and Grace at meals? Do you provide towels at the beds of the sick? Do you maintain their cleanliness? Especially, my dear Sisters, do you have a great love for their salvation. It is this in particular that our good God expects of you <\/em>(SWLM:182 [L.160)<\/p>\n<p>On numerous occasions Vincent formulated the circular movement of the Vincentian charism. Let us recall some of his words. First, on March 16<sup>th<\/sup>, 1642, Vincent spoke with the Daughters of Charity and stated: <em>poor persons have the honor of representing the members of Jesus Christ, who considers the services rendered to them as done to himself <\/em>(CCD:IX:51). Then, on February 13, 1646, Vincent stated: <em>in serving persons who are poor, we serve Jesus Christ. How true, Sisters! You are serving Jesus Christ in the person of the poor. And that is as true as that we are here. A Sister will go ten times a day to visit the sick, and ten times a day she&#8217;ll fmd God there &#8230; if God confers a blessed eternity on those who have given them only a cup ofwater, what will He not give to a Danghter of Charity who has left everything and makes the gift of herself to serve them all the days of her life? &#8230; She has reason to hope that she&#8217;ll be among those to whom He&#8217;ll say, \u201cCome, blessed of my Father, possess the kingdom which has been prepared for you.\u201d &#8230; the poor persons assisted by her will be her intercessors before God; they&#8217;ll come in a crowd ahead of her and say to God, \u201cMy God, this is the Sister who helped us for love of you; my God, this is the Sister who taught us to know you<\/em> (CCD:IX:199-200).<\/p>\n<p>This naturalness in moving from Christ to the poor and from the poor to Christ has been and continues to be a significant contribution of the Vincentian charism to the Church\u2019s mission.<\/p>\n<h2><strong>11. Conclusion<\/strong><\/h2>\n<p>In pointing out the contributions of the Vincentian charism to the church\u2019s mission, we do not want the members of the Vincentian Family to feel self-satisfied. Pope Francis has suggested the true meaning of the grateful looking back on the past: <em>So I trust that, rather than living in some utopia, you will find ways to create \u201calternate spaces\u201d, where the Gospel approach of self-giving, fraternity, embracing differences, and love of one another can thrive <\/em>(Apostolic letter to all Consecrated People, November 21, 2014, II:2).<\/p>\n<p>It seems to me that we are at a time when there are large structures at the service of the Church\u2019s mission. Therefore, the contribution of the Vincentian charism does not consist of encouraging people to live in some utopia<span id='easy-footnote-2-148905' class='easy-footnote-margin-adjust'><\/span><span class='easy-footnote'><a href='http:\/\/vincentians.com\/en\/the-contributions-of-the-vincentian-charism-to-the-mission-of-the-church-10-end\/#easy-footnote-bottom-2-148905' title='Etymologically the word \u201cutopia\u201d refers to no-place.'><sup>2<\/sup><\/a><\/span><a href=\"#_ftn37\" name=\"_ftnref37\"><\/a> but rather to create alternate spaces, spaces in which the poor can experience the joy of the gospel, spaces in which their wounds can be healed and spaces in which all people can live in accord with the Good News.<\/p>\n<p>We are those alternate spaces where the Vincentian charism continues to contribute to the church\u2019s mission.<\/p>\n<h3><strong><em>Download full article:<\/em><br \/>\n<\/strong><\/h3>\n<div class=\"wpfilebase-file-default\" onclick=\"if('undefined' == typeof event.target.href) document.getElementById('wpfb-file-link-1').click();\">\r\n  <div class=\"icon\"><a href=\"http:\/\/vincentians.com\/en\/download\/vincentian_readings\/issues\/charism\/DELGADO-CORPUS-Contributions-of-Vincentian-Charism-to-the-Mission-of-the-Church.pdf\" target=\"_blank\" title=\"Download Contributions Of Vincentian Charism To The Mission Of The Church\"><img data-recalc-dims=\"1\" decoding=\"async\" align=\"middle\" src=\"https:\/\/i0.wp.com\/vincentians.com\/en\/wp-includes\/images\/crystal\/document.png?w=846\" alt=\"Contributions Of Vincentian Charism To The Mission Of The Church\" \/><\/a><\/div>\r\n  <div class=\"filetitle\">\r\n    <a href=\"http:\/\/vincentians.com\/en\/download\/vincentian_readings\/issues\/charism\/DELGADO-CORPUS-Contributions-of-Vincentian-Charism-to-the-Mission-of-the-Church.pdf\" title=\"Download Contributions Of Vincentian Charism To The Mission Of The Church\" target=\"_blank\" id=\"wpfb-file-link-1\">Contributions Of Vincentian Charism To The Mission Of The Church<\/a>\r\n    \r\n    <br \/>\r\n    DELGADO-CORPUS-Contributions-of-Vincentian-Charism-to-the-Mission-of-the-Church.pdf<br \/>\r\n    Version: 1.0<br \/>\r\n  <\/div>\r\n  <div class=\"info\">\r\n    172.8 KiB<br \/>\r\n    787 Downloads<br \/>\r\n    <a href=\"#\" onclick=\"return wpfilebase_filedetails(1);\">Details<\/a>\r\n  <\/div>\r\n  <div class=\"details\" id=\"wpfilebase-filedetails1\" style=\"display: none;\">\r\n  <p>When we speak about the Vincentian charism, we are referring to the gift of the Spirit, a gift that God bestowed on the Church through the person of Vincent de Paul and Louise de Marillac, a gift of the Spirit which has been passed on to the followers of these two individuals (that is, persons who are members of the various institutions and associations that were inspired by them, men and women who make every effort to live, preserve, deepen and develop that gift in an on-going manner and in harmony with Body of Christ...<\/p>\r\n  <table border=\"0\">\r\n   <tr><td><strong>Languages:<\/strong><\/td><td>English<\/td><\/tr>\r\n   <tr><td><strong>Author:<\/strong><\/td><td>Corpus Juan Delgado, C.M.<\/td><\/tr>\r\n   \r\n   <tr><td><strong>Requirements:<\/strong><\/td><td><a href=\"https:\/\/www.foxitsoftware.com\/products\/pdf-reader\/\" target=\"_blank\">PDF Reader<\/a><\/td><\/tr>\r\n   <tr><td><strong>Category:<\/strong><\/td><td>Vincentian Readings \u2192 Issues \u2192 Charism<\/td><\/tr>\r\n   <tr><td><strong>License:<\/strong><\/td><td>Freeware<\/td><\/tr>\r\n   <tr><td><strong>Date:<\/strong><\/td><td>June 23, 2016<\/td><\/tr>\r\n  <\/table>\r\n  <\/div>\r\n <div style=\"clear: both;\"><\/div>\r\n<\/div>\n","protected":false},"excerpt":{"rendered":"<p>10. The Vincentian circular movement: from Christ to the poor and from the poor to Christ In concluding this reflection about the contributions of the Vincentian charism to the mission of the Church, it seems &#8230; <a href=\"http:\/\/vincentians.com\/en\/the-contributions-of-the-vincentian-charism-to-the-mission-of-the-church-10-end\/\" class=\"more-link\">Read More<\/a><\/p>\n","protected":false},"author":4,"featured_media":148885,"comment_status":"open","ping_status":"open","sticky":false,"template":"","format":"standard","meta":{"jetpack_post_was_ever_published":false,"_jetpack_newsletter_access":"","_jetpack_dont_email_post_to_subs":false,"_jetpack_newsletter_tier_id":0,"_jetpack_memberships_contains_paywalled_content":false,"_jetpack_memberships_contains_paid_content":false,"footnotes":"","jetpack_publicize_message":"","jetpack_publicize_feature_enabled":true,"jetpack_social_post_already_shared":true,"jetpack_social_options":{"image_generator_settings":{"template":"highway","default_image_id":0,"font":"","enabled":false},"version":2}},"categories":[28],"tags":[],"class_list":["post-148905","post","type-post","status-publish","format-standard","has-post-thumbnail","hentry","category-vincentian-formation"],"yoast_head":"<!-- This site is optimized with the Yoast SEO plugin v26.3 - https:\/\/yoast.com\/wordpress\/plugins\/seo\/ -->\n<title>The Contributions of the Vincentian Charism to the Mission of the Church (10 - End) - We are Vincentians<\/title>\n<meta name=\"robots\" content=\"index, follow, max-snippet:-1, max-image-preview:large, max-video-preview:-1\" \/>\n<link rel=\"canonical\" href=\"http:\/\/vincentians.com\/en\/the-contributions-of-the-vincentian-charism-to-the-mission-of-the-church-10-end\/\" \/>\n<meta property=\"og:locale\" content=\"en_US\" \/>\n<meta property=\"og:type\" content=\"article\" \/>\n<meta property=\"og:title\" content=\"The Contributions of the Vincentian Charism to the Mission of the Church (10 - End) - We are Vincentians\" \/>\n<meta property=\"og:description\" content=\"10. The Vincentian circular movement: from Christ to the poor and from the poor to Christ In concluding this reflection about the contributions of the Vincentian charism to the mission of the Church, it seems ... Read More\" \/>\n<meta property=\"og:url\" content=\"http:\/\/vincentians.com\/en\/the-contributions-of-the-vincentian-charism-to-the-mission-of-the-church-10-end\/\" \/>\n<meta property=\"og:site_name\" content=\"We are Vincentians\" \/>\n<meta property=\"article:publisher\" content=\"https:\/\/www.facebook.com\/WeAreVincentians\/\" \/>\n<meta property=\"article:author\" content=\"https:\/\/www.facebook.com\/JavierChento\" \/>\n<meta property=\"article:published_time\" content=\"2016-07-02T12:48:10+00:00\" \/>\n<meta property=\"article:modified_time\" content=\"2016-08-04T01:08:30+00:00\" \/>\n<meta property=\"og:image\" content=\"https:\/\/i0.wp.com\/vincentians.com\/en\/wp-content\/uploads\/sites\/2\/2016\/06\/contributions-charism.jpg?fit=1200%2C630\" \/>\n\t<meta property=\"og:image:width\" content=\"1200\" \/>\n\t<meta property=\"og:image:height\" content=\"630\" \/>\n\t<meta property=\"og:image:type\" content=\"image\/jpeg\" \/>\n<meta name=\"author\" content=\"Francisco Javier Fern\u00e1ndez Chento\" \/>\n<meta name=\"twitter:card\" content=\"summary_large_image\" \/>\n<meta name=\"twitter:creator\" content=\"@https:\/\/twitter.com\/javierchento\" \/>\n<meta name=\"twitter:site\" content=\"@WeVincentians\" \/>\n<meta name=\"twitter:label1\" content=\"Written by\" \/>\n\t<meta name=\"twitter:data1\" content=\"Francisco Javier Fern\u00e1ndez Chento\" \/>\n\t<meta name=\"twitter:label2\" content=\"Est. reading time\" \/>\n\t<meta name=\"twitter:data2\" content=\"5 minutes\" \/>\n<script type=\"application\/ld+json\" class=\"yoast-schema-graph\">{\"@context\":\"https:\/\/schema.org\",\"@graph\":[{\"@type\":\"Article\",\"@id\":\"http:\/\/vincentians.com\/en\/the-contributions-of-the-vincentian-charism-to-the-mission-of-the-church-10-end\/#article\",\"isPartOf\":{\"@id\":\"http:\/\/vincentians.com\/en\/the-contributions-of-the-vincentian-charism-to-the-mission-of-the-church-10-end\/\"},\"author\":{\"name\":\"Francisco Javier Fern\u00e1ndez Chento\",\"@id\":\"https:\/\/vincentians.com\/en\/#\/schema\/person\/9623ef4d9aa3b2dfb8c061f1499288f2\"},\"headline\":\"The Contributions of the Vincentian Charism to the Mission of the Church (10 &#8211; End)\",\"datePublished\":\"2016-07-02T12:48:10+00:00\",\"dateModified\":\"2016-08-04T01:08:30+00:00\",\"mainEntityOfPage\":{\"@id\":\"http:\/\/vincentians.com\/en\/the-contributions-of-the-vincentian-charism-to-the-mission-of-the-church-10-end\/\"},\"wordCount\":918,\"commentCount\":0,\"publisher\":{\"@id\":\"https:\/\/vincentians.com\/en\/#organization\"},\"image\":{\"@id\":\"http:\/\/vincentians.com\/en\/the-contributions-of-the-vincentian-charism-to-the-mission-of-the-church-10-end\/#primaryimage\"},\"thumbnailUrl\":\"https:\/\/i0.wp.com\/vincentians.com\/en\/wp-content\/uploads\/sites\/2\/2016\/06\/contributions-charism.jpg?fit=1200%2C630\",\"articleSection\":[\"Vincentian Formation\"],\"inLanguage\":\"en-US\",\"potentialAction\":[{\"@type\":\"CommentAction\",\"name\":\"Comment\",\"target\":[\"http:\/\/vincentians.com\/en\/the-contributions-of-the-vincentian-charism-to-the-mission-of-the-church-10-end\/#respond\"]}]},{\"@type\":\"WebPage\",\"@id\":\"http:\/\/vincentians.com\/en\/the-contributions-of-the-vincentian-charism-to-the-mission-of-the-church-10-end\/\",\"url\":\"http:\/\/vincentians.com\/en\/the-contributions-of-the-vincentian-charism-to-the-mission-of-the-church-10-end\/\",\"name\":\"The Contributions of the Vincentian Charism to the Mission of the Church (10 - End) - We are Vincentians\",\"isPartOf\":{\"@id\":\"https:\/\/vincentians.com\/en\/#website\"},\"primaryImageOfPage\":{\"@id\":\"http:\/\/vincentians.com\/en\/the-contributions-of-the-vincentian-charism-to-the-mission-of-the-church-10-end\/#primaryimage\"},\"image\":{\"@id\":\"http:\/\/vincentians.com\/en\/the-contributions-of-the-vincentian-charism-to-the-mission-of-the-church-10-end\/#primaryimage\"},\"thumbnailUrl\":\"https:\/\/i0.wp.com\/vincentians.com\/en\/wp-content\/uploads\/sites\/2\/2016\/06\/contributions-charism.jpg?fit=1200%2C630\",\"datePublished\":\"2016-07-02T12:48:10+00:00\",\"dateModified\":\"2016-08-04T01:08:30+00:00\",\"breadcrumb\":{\"@id\":\"http:\/\/vincentians.com\/en\/the-contributions-of-the-vincentian-charism-to-the-mission-of-the-church-10-end\/#breadcrumb\"},\"inLanguage\":\"en-US\",\"potentialAction\":[{\"@type\":\"ReadAction\",\"target\":[\"http:\/\/vincentians.com\/en\/the-contributions-of-the-vincentian-charism-to-the-mission-of-the-church-10-end\/\"]}]},{\"@type\":\"ImageObject\",\"inLanguage\":\"en-US\",\"@id\":\"http:\/\/vincentians.com\/en\/the-contributions-of-the-vincentian-charism-to-the-mission-of-the-church-10-end\/#primaryimage\",\"url\":\"https:\/\/i0.wp.com\/vincentians.com\/en\/wp-content\/uploads\/sites\/2\/2016\/06\/contributions-charism.jpg?fit=1200%2C630\",\"contentUrl\":\"https:\/\/i0.wp.com\/vincentians.com\/en\/wp-content\/uploads\/sites\/2\/2016\/06\/contributions-charism.jpg?fit=1200%2C630\",\"width\":1200,\"height\":630},{\"@type\":\"BreadcrumbList\",\"@id\":\"http:\/\/vincentians.com\/en\/the-contributions-of-the-vincentian-charism-to-the-mission-of-the-church-10-end\/#breadcrumb\",\"itemListElement\":[{\"@type\":\"ListItem\",\"position\":1,\"name\":\"Portada\",\"item\":\"https:\/\/vincentians.com\/en\/\"},{\"@type\":\"ListItem\",\"position\":2,\"name\":\"The Contributions of the Vincentian Charism to the Mission of the Church (10 &#8211; End)\"}]},{\"@type\":\"WebSite\",\"@id\":\"https:\/\/vincentians.com\/en\/#website\",\"url\":\"https:\/\/vincentians.com\/en\/\",\"name\":\"We are Vincentians\",\"description\":\"Know more to serve more\",\"publisher\":{\"@id\":\"https:\/\/vincentians.com\/en\/#organization\"},\"potentialAction\":[{\"@type\":\"SearchAction\",\"target\":{\"@type\":\"EntryPoint\",\"urlTemplate\":\"https:\/\/vincentians.com\/en\/?s={search_term_string}\"},\"query-input\":{\"@type\":\"PropertyValueSpecification\",\"valueRequired\":true,\"valueName\":\"search_term_string\"}}],\"inLanguage\":\"en-US\"},{\"@type\":\"Organization\",\"@id\":\"https:\/\/vincentians.com\/en\/#organization\",\"name\":\"The Vincentian Network\",\"url\":\"https:\/\/vincentians.com\/en\/\",\"logo\":{\"@type\":\"ImageObject\",\"inLanguage\":\"en-US\",\"@id\":\"https:\/\/vincentians.com\/en\/#\/schema\/logo\/image\/\",\"url\":\"https:\/\/i1.wp.com\/vincentians.com\/en\/wp-content\/uploads\/sites\/2\/2016\/06\/Vincentian-Network-logo-big.png?fit=778%2C778&ssl=1\",\"contentUrl\":\"https:\/\/i1.wp.com\/vincentians.com\/en\/wp-content\/uploads\/sites\/2\/2016\/06\/Vincentian-Network-logo-big.png?fit=778%2C778&ssl=1\",\"width\":778,\"height\":778,\"caption\":\"The Vincentian Network\"},\"image\":{\"@id\":\"https:\/\/vincentians.com\/en\/#\/schema\/logo\/image\/\"},\"sameAs\":[\"https:\/\/www.facebook.com\/WeAreVincentians\/\",\"https:\/\/x.com\/WeVincentians\"]},{\"@type\":\"Person\",\"@id\":\"https:\/\/vincentians.com\/en\/#\/schema\/person\/9623ef4d9aa3b2dfb8c061f1499288f2\",\"name\":\"Francisco Javier Fern\u00e1ndez Chento\",\"image\":{\"@type\":\"ImageObject\",\"inLanguage\":\"en-US\",\"@id\":\"https:\/\/vincentians.com\/en\/#\/schema\/person\/image\/\",\"url\":\"https:\/\/secure.gravatar.com\/avatar\/497d5cde87b4c3d097d0315953521681ba2cd523ee66e5077c3711f7021e65de?s=96&d=mm&r=g\",\"contentUrl\":\"https:\/\/secure.gravatar.com\/avatar\/497d5cde87b4c3d097d0315953521681ba2cd523ee66e5077c3711f7021e65de?s=96&d=mm&r=g\",\"caption\":\"Francisco Javier Fern\u00e1ndez Chento\"},\"description\":\"Director General y cofundador de La Red de Formaci\u00f3n Vicenciana. Javier es laico vicenciano, afiliado a la Congregaci\u00f3n de la Misi\u00f3n y miembro del Equipo de Misiones Populares de la provincia can\u00f3nica de Zaragoza (Espa\u00f1a) de la Congregaci\u00f3n de la Misi\u00f3n. Graduado en la Universidad Oberta de Catalunya con cuatro grados (Asistente de direcci\u00f3n, Gesti\u00f3n Administrativa, Recursos Humanos y Contabilidad Avanzada). Bil\u00edng\u00fce Espa\u00f1ol\/Ingl\u00e9s. gestiona y mantiene varias p\u00e1ginas web cristianas y vicencianas, incluida including La Red de Formaci\u00f3n Vicenciana, de la que es cofundador. Actualmente es responsable del \u00e1rea de Espa\u00f1ol de .famvin, la Red de Noticias de la Familia Vicenciana. Tambi\u00e9n es m\u00fasico cat\u00f3lico y ha editado varios discos. Es Director General y cofundador de Trovador, una reconocida compa\u00f1\u00eda discogr\u00e1fica critiana de Espa\u00f1a. Trabaja en las Tecnolog\u00edas de la Informaci\u00f3n, ofreciendo servicios de alojamiento, dise\u00f1o y mantenimiento Web, as\u00ed como asesoramiento, formaci\u00f3n y soluciones inform\u00e1ticas, gesti\u00f3n documental y digitalizaci\u00f3n de textos, edici\u00f3n y maquetaci\u00f3n de libros, revistas, flyers, etc.\",\"sameAs\":[\"http:\/\/chento.org\",\"https:\/\/www.facebook.com\/JavierChento\",\"https:\/\/x.com\/https:\/\/twitter.com\/javierchento\"],\"url\":\"http:\/\/vincentians.com\/en\/author\/chento\/\"}]}<\/script>\n<!-- \/ Yoast SEO plugin. -->","yoast_head_json":{"title":"The Contributions of the Vincentian Charism to the Mission of the Church (10 - End) - We are Vincentians","robots":{"index":"index","follow":"follow","max-snippet":"max-snippet:-1","max-image-preview":"max-image-preview:large","max-video-preview":"max-video-preview:-1"},"canonical":"http:\/\/vincentians.com\/en\/the-contributions-of-the-vincentian-charism-to-the-mission-of-the-church-10-end\/","og_locale":"en_US","og_type":"article","og_title":"The Contributions of the Vincentian Charism to the Mission of the Church (10 - End) - We are Vincentians","og_description":"10. The Vincentian circular movement: from Christ to the poor and from the poor to Christ In concluding this reflection about the contributions of the Vincentian charism to the mission of the Church, it seems ... Read More","og_url":"http:\/\/vincentians.com\/en\/the-contributions-of-the-vincentian-charism-to-the-mission-of-the-church-10-end\/","og_site_name":"We are Vincentians","article_publisher":"https:\/\/www.facebook.com\/WeAreVincentians\/","article_author":"https:\/\/www.facebook.com\/JavierChento","article_published_time":"2016-07-02T12:48:10+00:00","article_modified_time":"2016-08-04T01:08:30+00:00","og_image":[{"width":1200,"height":630,"url":"https:\/\/i0.wp.com\/vincentians.com\/en\/wp-content\/uploads\/sites\/2\/2016\/06\/contributions-charism.jpg?fit=1200%2C630","type":"image\/jpeg"}],"author":"Francisco Javier Fern\u00e1ndez Chento","twitter_card":"summary_large_image","twitter_creator":"@https:\/\/twitter.com\/javierchento","twitter_site":"@WeVincentians","twitter_misc":{"Written by":"Francisco Javier Fern\u00e1ndez Chento","Est. reading time":"5 minutes"},"schema":{"@context":"https:\/\/schema.org","@graph":[{"@type":"Article","@id":"http:\/\/vincentians.com\/en\/the-contributions-of-the-vincentian-charism-to-the-mission-of-the-church-10-end\/#article","isPartOf":{"@id":"http:\/\/vincentians.com\/en\/the-contributions-of-the-vincentian-charism-to-the-mission-of-the-church-10-end\/"},"author":{"name":"Francisco Javier Fern\u00e1ndez Chento","@id":"https:\/\/vincentians.com\/en\/#\/schema\/person\/9623ef4d9aa3b2dfb8c061f1499288f2"},"headline":"The Contributions of the Vincentian Charism to the Mission of the Church (10 &#8211; End)","datePublished":"2016-07-02T12:48:10+00:00","dateModified":"2016-08-04T01:08:30+00:00","mainEntityOfPage":{"@id":"http:\/\/vincentians.com\/en\/the-contributions-of-the-vincentian-charism-to-the-mission-of-the-church-10-end\/"},"wordCount":918,"commentCount":0,"publisher":{"@id":"https:\/\/vincentians.com\/en\/#organization"},"image":{"@id":"http:\/\/vincentians.com\/en\/the-contributions-of-the-vincentian-charism-to-the-mission-of-the-church-10-end\/#primaryimage"},"thumbnailUrl":"https:\/\/i0.wp.com\/vincentians.com\/en\/wp-content\/uploads\/sites\/2\/2016\/06\/contributions-charism.jpg?fit=1200%2C630","articleSection":["Vincentian Formation"],"inLanguage":"en-US","potentialAction":[{"@type":"CommentAction","name":"Comment","target":["http:\/\/vincentians.com\/en\/the-contributions-of-the-vincentian-charism-to-the-mission-of-the-church-10-end\/#respond"]}]},{"@type":"WebPage","@id":"http:\/\/vincentians.com\/en\/the-contributions-of-the-vincentian-charism-to-the-mission-of-the-church-10-end\/","url":"http:\/\/vincentians.com\/en\/the-contributions-of-the-vincentian-charism-to-the-mission-of-the-church-10-end\/","name":"The Contributions of the Vincentian Charism to the Mission of the Church (10 - End) - We are Vincentians","isPartOf":{"@id":"https:\/\/vincentians.com\/en\/#website"},"primaryImageOfPage":{"@id":"http:\/\/vincentians.com\/en\/the-contributions-of-the-vincentian-charism-to-the-mission-of-the-church-10-end\/#primaryimage"},"image":{"@id":"http:\/\/vincentians.com\/en\/the-contributions-of-the-vincentian-charism-to-the-mission-of-the-church-10-end\/#primaryimage"},"thumbnailUrl":"https:\/\/i0.wp.com\/vincentians.com\/en\/wp-content\/uploads\/sites\/2\/2016\/06\/contributions-charism.jpg?fit=1200%2C630","datePublished":"2016-07-02T12:48:10+00:00","dateModified":"2016-08-04T01:08:30+00:00","breadcrumb":{"@id":"http:\/\/vincentians.com\/en\/the-contributions-of-the-vincentian-charism-to-the-mission-of-the-church-10-end\/#breadcrumb"},"inLanguage":"en-US","potentialAction":[{"@type":"ReadAction","target":["http:\/\/vincentians.com\/en\/the-contributions-of-the-vincentian-charism-to-the-mission-of-the-church-10-end\/"]}]},{"@type":"ImageObject","inLanguage":"en-US","@id":"http:\/\/vincentians.com\/en\/the-contributions-of-the-vincentian-charism-to-the-mission-of-the-church-10-end\/#primaryimage","url":"https:\/\/i0.wp.com\/vincentians.com\/en\/wp-content\/uploads\/sites\/2\/2016\/06\/contributions-charism.jpg?fit=1200%2C630","contentUrl":"https:\/\/i0.wp.com\/vincentians.com\/en\/wp-content\/uploads\/sites\/2\/2016\/06\/contributions-charism.jpg?fit=1200%2C630","width":1200,"height":630},{"@type":"BreadcrumbList","@id":"http:\/\/vincentians.com\/en\/the-contributions-of-the-vincentian-charism-to-the-mission-of-the-church-10-end\/#breadcrumb","itemListElement":[{"@type":"ListItem","position":1,"name":"Portada","item":"https:\/\/vincentians.com\/en\/"},{"@type":"ListItem","position":2,"name":"The Contributions of the Vincentian Charism to the Mission of the Church (10 &#8211; End)"}]},{"@type":"WebSite","@id":"https:\/\/vincentians.com\/en\/#website","url":"https:\/\/vincentians.com\/en\/","name":"We are Vincentians","description":"Know more to serve more","publisher":{"@id":"https:\/\/vincentians.com\/en\/#organization"},"potentialAction":[{"@type":"SearchAction","target":{"@type":"EntryPoint","urlTemplate":"https:\/\/vincentians.com\/en\/?s={search_term_string}"},"query-input":{"@type":"PropertyValueSpecification","valueRequired":true,"valueName":"search_term_string"}}],"inLanguage":"en-US"},{"@type":"Organization","@id":"https:\/\/vincentians.com\/en\/#organization","name":"The Vincentian Network","url":"https:\/\/vincentians.com\/en\/","logo":{"@type":"ImageObject","inLanguage":"en-US","@id":"https:\/\/vincentians.com\/en\/#\/schema\/logo\/image\/","url":"https:\/\/i1.wp.com\/vincentians.com\/en\/wp-content\/uploads\/sites\/2\/2016\/06\/Vincentian-Network-logo-big.png?fit=778%2C778&ssl=1","contentUrl":"https:\/\/i1.wp.com\/vincentians.com\/en\/wp-content\/uploads\/sites\/2\/2016\/06\/Vincentian-Network-logo-big.png?fit=778%2C778&ssl=1","width":778,"height":778,"caption":"The Vincentian Network"},"image":{"@id":"https:\/\/vincentians.com\/en\/#\/schema\/logo\/image\/"},"sameAs":["https:\/\/www.facebook.com\/WeAreVincentians\/","https:\/\/x.com\/WeVincentians"]},{"@type":"Person","@id":"https:\/\/vincentians.com\/en\/#\/schema\/person\/9623ef4d9aa3b2dfb8c061f1499288f2","name":"Francisco Javier Fern\u00e1ndez Chento","image":{"@type":"ImageObject","inLanguage":"en-US","@id":"https:\/\/vincentians.com\/en\/#\/schema\/person\/image\/","url":"https:\/\/secure.gravatar.com\/avatar\/497d5cde87b4c3d097d0315953521681ba2cd523ee66e5077c3711f7021e65de?s=96&d=mm&r=g","contentUrl":"https:\/\/secure.gravatar.com\/avatar\/497d5cde87b4c3d097d0315953521681ba2cd523ee66e5077c3711f7021e65de?s=96&d=mm&r=g","caption":"Francisco Javier Fern\u00e1ndez Chento"},"description":"Director General y cofundador de La Red de Formaci\u00f3n Vicenciana. Javier es laico vicenciano, afiliado a la Congregaci\u00f3n de la Misi\u00f3n y miembro del Equipo de Misiones Populares de la provincia can\u00f3nica de Zaragoza (Espa\u00f1a) de la Congregaci\u00f3n de la Misi\u00f3n. Graduado en la Universidad Oberta de Catalunya con cuatro grados (Asistente de direcci\u00f3n, Gesti\u00f3n Administrativa, Recursos Humanos y Contabilidad Avanzada). Bil\u00edng\u00fce Espa\u00f1ol\/Ingl\u00e9s. gestiona y mantiene varias p\u00e1ginas web cristianas y vicencianas, incluida including La Red de Formaci\u00f3n Vicenciana, de la que es cofundador. Actualmente es responsable del \u00e1rea de Espa\u00f1ol de .famvin, la Red de Noticias de la Familia Vicenciana. Tambi\u00e9n es m\u00fasico cat\u00f3lico y ha editado varios discos. Es Director General y cofundador de Trovador, una reconocida compa\u00f1\u00eda discogr\u00e1fica critiana de Espa\u00f1a. Trabaja en las Tecnolog\u00edas de la Informaci\u00f3n, ofreciendo servicios de alojamiento, dise\u00f1o y mantenimiento Web, as\u00ed como asesoramiento, formaci\u00f3n y soluciones inform\u00e1ticas, gesti\u00f3n documental y digitalizaci\u00f3n de textos, edici\u00f3n y maquetaci\u00f3n de libros, revistas, flyers, etc.","sameAs":["http:\/\/chento.org","https:\/\/www.facebook.com\/JavierChento","https:\/\/x.com\/https:\/\/twitter.com\/javierchento"],"url":"http:\/\/vincentians.com\/en\/author\/chento\/"}]}},"jetpack_publicize_connections":[],"jetpack_featured_media_url":"https:\/\/i0.wp.com\/vincentians.com\/en\/wp-content\/uploads\/sites\/2\/2016\/06\/contributions-charism.jpg?fit=1200%2C630","jetpack_sharing_enabled":true,"jetpack_shortlink":"https:\/\/wp.me\/p7K2Ow-CJH","jetpack-related-posts":[{"id":148898,"url":"http:\/\/vincentians.com\/en\/the-contributions-of-the-vincentian-charism-to-the-mission-of-the-church-3\/","url_meta":{"origin":148905,"position":0},"title":"The Contributions of the Vincentian Charism to the Mission of the Church (3)","author":"Francisco Javier Fern\u00e1ndez Chento","date":"June 25, 2016","format":false,"excerpt":"3. Participation of the laity, especially women, in the mission of the Apostles The biographers of Vincent de Paul and Louise de Marillac highlight their important contribution to the promotion of the laity, especially women. They also point out the various ways in which Vincent and Louise promoted the laity\u2026","rel":"","context":"In &quot;Vincentian Formation&quot;","block_context":{"text":"Vincentian Formation","link":"http:\/\/vincentians.com\/en\/category\/vincentian-formation\/"},"img":{"alt_text":"","src":"https:\/\/i0.wp.com\/vincentians.com\/en\/wp-content\/uploads\/sites\/2\/2016\/06\/contributions-charism.jpg?fit=1200%2C630&resize=350%2C200","width":350,"height":200,"srcset":"https:\/\/i0.wp.com\/vincentians.com\/en\/wp-content\/uploads\/sites\/2\/2016\/06\/contributions-charism.jpg?fit=1200%2C630&resize=350%2C200 1x, https:\/\/i0.wp.com\/vincentians.com\/en\/wp-content\/uploads\/sites\/2\/2016\/06\/contributions-charism.jpg?fit=1200%2C630&resize=525%2C300 1.5x, https:\/\/i0.wp.com\/vincentians.com\/en\/wp-content\/uploads\/sites\/2\/2016\/06\/contributions-charism.jpg?fit=1200%2C630&resize=700%2C400 2x, https:\/\/i0.wp.com\/vincentians.com\/en\/wp-content\/uploads\/sites\/2\/2016\/06\/contributions-charism.jpg?fit=1200%2C630&resize=1050%2C600 3x"},"classes":[]},{"id":148904,"url":"http:\/\/vincentians.com\/en\/the-contributions-of-the-vincentian-charism-to-the-mission-of-the-church-9\/","url_meta":{"origin":148905,"position":1},"title":"The Contributions of the Vincentian Charism to the Mission of the Church (9)","author":"Francisco Javier Fern\u00e1ndez Chento","date":"July 1, 2016","format":false,"excerpt":"9. Creativity Previously, we recalled the fact that Vincent viewed events as a sign from God and, in the case of the poor, such signs are privileged. Vincent viewed events as revealing God, as revealing the will of God. Creativity, as a contribution of the Vincentian charism to the church\u2019s\u2026","rel":"","context":"In &quot;Vincentian Formation&quot;","block_context":{"text":"Vincentian Formation","link":"http:\/\/vincentians.com\/en\/category\/vincentian-formation\/"},"img":{"alt_text":"","src":"https:\/\/i0.wp.com\/vincentians.com\/en\/wp-content\/uploads\/sites\/2\/2016\/06\/contributions-charism.jpg?fit=1200%2C630&resize=350%2C200","width":350,"height":200,"srcset":"https:\/\/i0.wp.com\/vincentians.com\/en\/wp-content\/uploads\/sites\/2\/2016\/06\/contributions-charism.jpg?fit=1200%2C630&resize=350%2C200 1x, https:\/\/i0.wp.com\/vincentians.com\/en\/wp-content\/uploads\/sites\/2\/2016\/06\/contributions-charism.jpg?fit=1200%2C630&resize=525%2C300 1.5x, https:\/\/i0.wp.com\/vincentians.com\/en\/wp-content\/uploads\/sites\/2\/2016\/06\/contributions-charism.jpg?fit=1200%2C630&resize=700%2C400 2x, https:\/\/i0.wp.com\/vincentians.com\/en\/wp-content\/uploads\/sites\/2\/2016\/06\/contributions-charism.jpg?fit=1200%2C630&resize=1050%2C600 3x"},"classes":[]},{"id":148900,"url":"http:\/\/vincentians.com\/en\/the-contributions-of-the-vincentian-charism-to-the-mission-of-the-church-5\/","url_meta":{"origin":148905,"position":2},"title":"The Contributions of the Vincentian Charism to the Mission of the Church (5)","author":"Francisco Javier Fern\u00e1ndez Chento","date":"June 27, 2016","format":false,"excerpt":"5. The world, as seen and desired by God, is the environment in which the mission of the Church is accomplished In order to describe the Vincentian vision of the world and history, Father Morin has utilized the comparison of a person who beholds some aspect of reality. Thus, he\u2026","rel":"","context":"In &quot;Vincentian Formation&quot;","block_context":{"text":"Vincentian Formation","link":"http:\/\/vincentians.com\/en\/category\/vincentian-formation\/"},"img":{"alt_text":"","src":"https:\/\/i0.wp.com\/vincentians.com\/en\/wp-content\/uploads\/sites\/2\/2016\/06\/contributions-charism.jpg?fit=1200%2C630&resize=350%2C200","width":350,"height":200,"srcset":"https:\/\/i0.wp.com\/vincentians.com\/en\/wp-content\/uploads\/sites\/2\/2016\/06\/contributions-charism.jpg?fit=1200%2C630&resize=350%2C200 1x, https:\/\/i0.wp.com\/vincentians.com\/en\/wp-content\/uploads\/sites\/2\/2016\/06\/contributions-charism.jpg?fit=1200%2C630&resize=525%2C300 1.5x, https:\/\/i0.wp.com\/vincentians.com\/en\/wp-content\/uploads\/sites\/2\/2016\/06\/contributions-charism.jpg?fit=1200%2C630&resize=700%2C400 2x, https:\/\/i0.wp.com\/vincentians.com\/en\/wp-content\/uploads\/sites\/2\/2016\/06\/contributions-charism.jpg?fit=1200%2C630&resize=1050%2C600 3x"},"classes":[]},{"id":108999,"url":"http:\/\/vincentians.com\/en\/the-liberation-of-the-poor-the-vincentian-rule-to-make-the-gospel-of-jesus-christ-effective-6\/","url_meta":{"origin":148905,"position":3},"title":"The Liberation of the poor: the Vincentian Rule to Make the Gospel of Jesus Christ Effective (6)","author":"Francisco Javier Fern\u00e1ndez Chento","date":"January 19, 2014","format":false,"excerpt":"Conclusion It is time to conclude. We have spoken about the urgent need to free the poor from slavery and marginalization. We have stated thus such liberation is only possible if we return to the process of evangelization that is presented to us in the synoptic gospels, that is, the\u2026","rel":"","context":"In &quot;Vincentian Formation&quot;","block_context":{"text":"Vincentian Formation","link":"http:\/\/vincentians.com\/en\/category\/vincentian-formation\/"},"img":{"alt_text":"","src":"https:\/\/i0.wp.com\/vincentians.com\/en\/wp-content\/uploads\/sites\/2\/2016\/06\/liberation-of-the-poor.jpg?fit=1200%2C630&resize=350%2C200","width":350,"height":200,"srcset":"https:\/\/i0.wp.com\/vincentians.com\/en\/wp-content\/uploads\/sites\/2\/2016\/06\/liberation-of-the-poor.jpg?fit=1200%2C630&resize=350%2C200 1x, https:\/\/i0.wp.com\/vincentians.com\/en\/wp-content\/uploads\/sites\/2\/2016\/06\/liberation-of-the-poor.jpg?fit=1200%2C630&resize=525%2C300 1.5x, https:\/\/i0.wp.com\/vincentians.com\/en\/wp-content\/uploads\/sites\/2\/2016\/06\/liberation-of-the-poor.jpg?fit=1200%2C630&resize=700%2C400 2x, https:\/\/i0.wp.com\/vincentians.com\/en\/wp-content\/uploads\/sites\/2\/2016\/06\/liberation-of-the-poor.jpg?fit=1200%2C630&resize=1050%2C600 3x"},"classes":[]},{"id":147282,"url":"http:\/\/vincentians.com\/en\/the-contributions-of-the-vincentian-charism-to-the-mission-of-the-church-1\/","url_meta":{"origin":148905,"position":4},"title":"The Contributions of the Vincentian Charism to the Mission of the Church (1)","author":"Francisco Javier Fern\u00e1ndez Chento","date":"June 23, 2016","format":false,"excerpt":"Introduction As we reflect on the contribution of the Vincentian charism to the mission of the Church, it seems necessary to begin with some precisions on this matter. When we speak about the Vincentian charism, we are referring to the gift of the Spirit, a gift that God bestowed on\u2026","rel":"","context":"In &quot;Vincentian Formation&quot;","block_context":{"text":"Vincentian Formation","link":"http:\/\/vincentians.com\/en\/category\/vincentian-formation\/"},"img":{"alt_text":"","src":"https:\/\/i0.wp.com\/vincentians.com\/en\/wp-content\/uploads\/sites\/2\/2016\/06\/contributions-charism.jpg?fit=1200%2C630&resize=350%2C200","width":350,"height":200,"srcset":"https:\/\/i0.wp.com\/vincentians.com\/en\/wp-content\/uploads\/sites\/2\/2016\/06\/contributions-charism.jpg?fit=1200%2C630&resize=350%2C200 1x, https:\/\/i0.wp.com\/vincentians.com\/en\/wp-content\/uploads\/sites\/2\/2016\/06\/contributions-charism.jpg?fit=1200%2C630&resize=525%2C300 1.5x, https:\/\/i0.wp.com\/vincentians.com\/en\/wp-content\/uploads\/sites\/2\/2016\/06\/contributions-charism.jpg?fit=1200%2C630&resize=700%2C400 2x, https:\/\/i0.wp.com\/vincentians.com\/en\/wp-content\/uploads\/sites\/2\/2016\/06\/contributions-charism.jpg?fit=1200%2C630&resize=1050%2C600 3x"},"classes":[]},{"id":148899,"url":"http:\/\/vincentians.com\/en\/the-contributions-of-the-vincentian-charism-to-the-mission-of-the-church-4\/","url_meta":{"origin":148905,"position":5},"title":"The Contributions of the Vincentian Charism to the Mission of the Church (4)","author":"Francisco Javier Fern\u00e1ndez Chento","date":"June 26, 2016","format":false,"excerpt":"4. The salvation of the poor at the center of the Church\u2019s mission Vincent de Paul and Louise de Marillac shared the same experience: the poor are members of Christ and as such, are members of the Church. In the Church, the Body of Christ, the poor occupy the most\u2026","rel":"","context":"In &quot;Vincentian Formation&quot;","block_context":{"text":"Vincentian Formation","link":"http:\/\/vincentians.com\/en\/category\/vincentian-formation\/"},"img":{"alt_text":"","src":"https:\/\/i0.wp.com\/vincentians.com\/en\/wp-content\/uploads\/sites\/2\/2016\/06\/contributions-charism.jpg?fit=1200%2C630&resize=350%2C200","width":350,"height":200,"srcset":"https:\/\/i0.wp.com\/vincentians.com\/en\/wp-content\/uploads\/sites\/2\/2016\/06\/contributions-charism.jpg?fit=1200%2C630&resize=350%2C200 1x, https:\/\/i0.wp.com\/vincentians.com\/en\/wp-content\/uploads\/sites\/2\/2016\/06\/contributions-charism.jpg?fit=1200%2C630&resize=525%2C300 1.5x, https:\/\/i0.wp.com\/vincentians.com\/en\/wp-content\/uploads\/sites\/2\/2016\/06\/contributions-charism.jpg?fit=1200%2C630&resize=700%2C400 2x, https:\/\/i0.wp.com\/vincentians.com\/en\/wp-content\/uploads\/sites\/2\/2016\/06\/contributions-charism.jpg?fit=1200%2C630&resize=1050%2C600 3x"},"classes":[]}],"_links":{"self":[{"href":"http:\/\/vincentians.com\/en\/wp-json\/wp\/v2\/posts\/148905","targetHints":{"allow":["GET"]}}],"collection":[{"href":"http:\/\/vincentians.com\/en\/wp-json\/wp\/v2\/posts"}],"about":[{"href":"http:\/\/vincentians.com\/en\/wp-json\/wp\/v2\/types\/post"}],"author":[{"embeddable":true,"href":"http:\/\/vincentians.com\/en\/wp-json\/wp\/v2\/users\/4"}],"replies":[{"embeddable":true,"href":"http:\/\/vincentians.com\/en\/wp-json\/wp\/v2\/comments?post=148905"}],"version-history":[{"count":0,"href":"http:\/\/vincentians.com\/en\/wp-json\/wp\/v2\/posts\/148905\/revisions"}],"wp:featuredmedia":[{"embeddable":true,"href":"http:\/\/vincentians.com\/en\/wp-json\/wp\/v2\/media\/148885"}],"wp:attachment":[{"href":"http:\/\/vincentians.com\/en\/wp-json\/wp\/v2\/media?parent=148905"}],"wp:term":[{"taxonomy":"category","embeddable":true,"href":"http:\/\/vincentians.com\/en\/wp-json\/wp\/v2\/categories?post=148905"},{"taxonomy":"post_tag","embeddable":true,"href":"http:\/\/vincentians.com\/en\/wp-json\/wp\/v2\/tags?post=148905"}],"curies":[{"name":"wp","href":"https:\/\/api.w.org\/{rel}","templated":true}]}}