{"id":148902,"date":"2016-06-29T14:48:00","date_gmt":"2016-06-29T12:48:00","guid":{"rendered":"http:\/\/vincentians.com\/en\/?p=148902"},"modified":"2016-08-04T03:07:55","modified_gmt":"2016-08-04T01:07:55","slug":"the-contributions-of-the-vincentian-charism-to-the-mission-of-the-church-7","status":"publish","type":"post","link":"http:\/\/vincentians.com\/en\/the-contributions-of-the-vincentian-charism-to-the-mission-of-the-church-7\/","title":{"rendered":"The Contributions of the Vincentian Charism to the Mission of the Church (7)"},"content":{"rendered":"<h2><strong>7. The poor are protagonists and not simply the beneficiaries of the Church\u2019s mission<\/strong><\/h2>\n<p>We have recalled the fact that <em>the salvation of the poor is constituted as the center of the Church\u2019s mission. <\/em>We now want to highlight another important contribution of the Vincentian charism, namely, the poor are protagonists and not simply the beneficiaries of the Church\u2019s mission.<\/p>\n<p>Jean Anouilh has given a literary form to this contribution of the Vincentian charism as he places on the lips of Monsieur Vincent the often repeated words, <em>only the poor can save the poor<a href=\"#_ftn25\" name=\"_ftnref25\"><\/a><\/em><span id='easy-footnote-1-148902' class='easy-footnote-margin-adjust'><\/span><span class='easy-footnote'><a href='http:\/\/vincentians.com\/en\/the-contributions-of-the-vincentian-charism-to-the-mission-of-the-church-7\/#easy-footnote-bottom-1-148902' title='Jean Anouilh, &lt;em&gt;Monsieur Vincent, &lt;\/em&gt;[Translator\u2019s Note: the English translation of the script of this film was given to me sometime ago but I have never been able to find that script online]. The film was directed by Maurice Cloche and Pierre Fr3esnay played the role of Vincent de Paul. According to the script, Vincent said: &lt;em&gt;the poor will help me save the poor. &lt;\/em&gt;According to the script, Vincent stated: &lt;em&gt;the poor will help me save the poor.&lt;\/em&gt;'><sup>1<\/sup><\/a><\/span>.<\/p>\n<p>The majority of the Daughters of Charity have been chosen from among the poor in order to serve God in the person of the poor: <em>The spirit of the Company consists in giving yourselves to God to love Our Lord and to serve Him corporally and spiritually in the person of the poor in their homes or elsewhere; to instruct poor young women, children, and generally all those whom Divine Providence may send you. You see, dear Sisters, this Company of Daughters of Charity is composed, for the most part, of poor young women. How excellent is this characteristic of poor young women &#8212; poor in their clothing and poor in their food<\/em>! (CCD:IX:465).<\/p>\n<p>In turn, the young women became exemplary ministers as evangelizers of the poor: <em>Do you know, Sisters, that I&#8217;ve heard that those poor men are so grateful for the grace God is giving them that, when they see how we come to help them and consider that those Sisters have no other interest in doing this than the love of God, they say that it&#8217; s quite clear to them that God is the protector of the poor. See what a blessing it is to help poor people recognize the Goodness of God! For they see plainly that He&#8217;s the one who&#8217;s having this service rendered to them. Thus, they experience deep feelings of piety and say, \u201cO my God, now we acknowledge that what we formerly heard preached is true, that You are mindful of all those who need help and never abandon us when we&#8217;re in danger, since You take care of poor wretches who have so greatly offended Your Goodness\u201d. I&#8217;ve heard from the very persons who were nursed by our Sisters and from many others that they were edified at seeing the trouble those Sisters took to go to visit them, that they recognized the Goodness of God in it and saw that they were obliged to praise and thank Him. <\/em>(CCD:X:411)<\/p>\n<p>The poor should not be viewed as passive beneficiaries of the evangelization process, rather, in accord with their abilities, they should be actively involved in the process: <em>I can tell you that their original intention was to assist only those who cannot work nor earn their living and would be in danger of dying of starvation if someone did not assist them. In fact, as soon as anyone is strong enough to work, tools of his trade are bought for him and nothing more is given to him. Accordingly, the alms are not for those able to work, but for seriously sill sick persons, orphans, or the elderly <\/em>(CCD:IV:188)<\/p>\n<p>A concrete expression of that reality is found in the organization of the Hospice du Nom-de-J\u00e9sus. An individual, with a high ranking position, made a donation to Vincent that he was free to utilize for any good work of his choosing. Thus with that money Vincent bought a house in the neighborhood of Saint-Laurent, a house that became known as Nom-de-J\u00e9sus. In accord with the conditions of the contract, the donation was used <em>to house, feed and clothe forty persons of both sexes and to teach them the things necessary for salvation, to make them live in the fear of God and His love, and also to occupy them in some work, thus causing them to avoid begging and idleness which are the mother of all vices<a href=\"#_ftn26\" name=\"_ftnref26\"><\/a><\/em><span id='easy-footnote-2-148902' class='easy-footnote-margin-adjust'><\/span><span class='easy-footnote'><a href='http:\/\/vincentians.com\/en\/the-contributions-of-the-vincentian-charism-to-the-mission-of-the-church-7\/#easy-footnote-bottom-2-148902' title='Margaret Flinton, DC, &lt;em&gt;Louise de Marillac: Social Aspect of Her Work&lt;\/em&gt;, translated from the original French edition by the author, New City Press, New Rochelle, NY, 1992, p. 122.'><sup>2<\/sup><\/a><\/span>.<\/p>\n<p>In 1653 Louise began to prepare for the opening of the Hospice du Nom-de J\u00e9sus and then, with the help of the other Sisters, put her plan into action: <em>Another end is that persons sheltered there will be helped to become participants in the merits of the life and death of Jesus Christ and thereby to gain eternal salvation \u2026 as much by the instruction they receive as by the good use they make of their time \u2026 Since one of the greatest assets of this project is the work which it provides, it is necessary to assign tasks which are useful and productive. An acceptable one would be that of cloth-maker. Apart from being productive &#8212; the cloth could be used in the house and in other places &#8212; it employs many persons and requires little equipment. Bootmakers and shoemakers would also be most useful. Any button-makers and muslin workers who are skilled in their trade can put the finishing touches on the products before they are put into use. Other useful workers are: lace-makers, glove-makers who know how to trim, seamstresses who can take in work from the dressmakers of the city and of other places, and pin-makers. Having quite enough workers to get the project underway and to keep it going, there is no need to consider the expense that will be incurred for tools and building supplies, nor is there need to be concerned about the difficulty of the skills involved or the problem of securing a location cheaply and easily. Divine Providence provides for all, and skills will be discovered through experience. Rest assured that there will be very little progress during the first year <\/em>(SWLM:794 [A.99]).<\/p>\n<p>The Hospice functioned so well that many other places requested Louise and Vincent to establish similar institutions for single people, for homeless persons, as well as for people with few or no resources<span id='easy-footnote-3-148902' class='easy-footnote-margin-adjust'><\/span><span class='easy-footnote'><a href='http:\/\/vincentians.com\/en\/the-contributions-of-the-vincentian-charism-to-the-mission-of-the-church-7\/#easy-footnote-bottom-3-148902' title='Louise created a family environment in the Hospice and we know that Vincent himself went there to instruct the residents in the catechism.'><sup>3<\/sup><\/a><\/span>.<\/p>\n<p>When speaking about the poor being protagonists with regard to the Church\u2019s mission, we should not forget the following Vincentian affirmation: <em>It\u2019s among the poor that true religion and a living faith are preserved <\/em>(CCD:XI:190). Jaime Corera has stated: <em>in the eyes of Vincent the poor are the sacrament of faith and only in the poor will one encounter Jesus Christ \u2026 and in encountering Jesus Christ, one encounters the living God<\/em><span id='easy-footnote-4-148902' class='easy-footnote-margin-adjust'><\/span><span class='easy-footnote'><a href='http:\/\/vincentians.com\/en\/the-contributions-of-the-vincentian-charism-to-the-mission-of-the-church-7\/#easy-footnote-bottom-4-148902' title='Jaime Corera, &lt;em&gt;Diez Estudios Vicencianos, &lt;\/em&gt;Editorial CEME, Salamanca, 1983, p. 39.'><sup>4<\/sup><\/a><\/span>.<\/p>\n<p>Near the end of his life Vincent told his followers: <em>Some day the poor people will vie with us for paradise and will carry it off because there is a great difference between their manner of loving God and ours. Their love, like that of Our Lord, is practiced in suffering, humiliations, work, and conformity to God\u2019s good pleasure. And how is our shown &#8212; if we have any? <\/em>(CCD:XII:88).<\/p>\n<p>Vincent de Paul (and the members of the Vincentian Family) have had the experience of being evangelized by the poor \u2026 through the instrumentality of the poor they have learned the true gospel and the true faith. They have no greater security in their life than to dedicate themselves to service on behalf of the poor and through the poor they await their own definitive salvation (cf. CCD:IX:199-200): <em>we cannot better assure our eternal happiness than by living and dying in the service of the poor <\/em>(CCD:III:384).<\/p>\n<p>Pope Francis refers to Paul VI and reminds us that <em>popular piety manifests a thirst for God which only the simple and the poor can know and it makes people capable of generosity and sacrifice even to the point of heroism, when it is a question of bearing witness to belief <\/em>(<em>Evangelii Gaudium, <\/em>#123). He goes on to say: <em>This is why I want a Church which is poor and for the poor. They have much to teach us. Not only do they share in the sensus fidei, but in their difficulties they know the sufferings of Christ. We need to let ourselves be evangelized by them. The new evangelization is an invitation to acknowledge the saving power at work in their lives and to put them at the centre of the Church\u2019s pilgrim way. We are called to find Christ in them, to lend our voice to their causes, but also to be their friends, to listen to them, to speak for them and to embrace the mysterious wisdom which God wishes to share with us through them <\/em>(<em>Evangelii Gaudium, <\/em>#198)<em>.<\/em><\/p>\n<p>The mission becomes truly universal when the poor become protagonists and sharers in the blessings of the Kingdom<span id='easy-footnote-5-148902' class='easy-footnote-margin-adjust'><\/span><span class='easy-footnote'><a href='http:\/\/vincentians.com\/en\/the-contributions-of-the-vincentian-charism-to-the-mission-of-the-church-7\/#easy-footnote-bottom-5-148902' title='&lt;em&gt;One of the central purposes of mission is to bring people together in hearing the Gospel, in fraternal communion, in prayer and in the Eucharist. To live in &amp;#8220;fraternal communion&amp;#8221; (koinonia) means to be &amp;#8220;of one heart and soul&amp;#8221; (Acts 4:32), establishing fellowship from every point of view: human, spiritual and material. Indeed, a true Christian community is also committed to distributing earthly goods, so that no one is in want, and all can receive such goods &amp;#8220;as they need&amp;#8221; (cf. Acts 2:45; 4:35) &lt;\/em&gt;(John Paul II, &lt;em&gt;Redemptoris Missio, &lt;\/em&gt;#26).'><sup>5<\/sup><\/a><\/span>.<\/p>\n<h3><strong><em>Download full article:<\/em><br \/>\n<\/strong><\/h3>\n<div class=\"wpfilebase-file-default\" onclick=\"if('undefined' == typeof event.target.href) document.getElementById('wpfb-file-link-1').click();\">\r\n  <div class=\"icon\"><a href=\"http:\/\/vincentians.com\/en\/download\/vincentian_readings\/issues\/charism\/DELGADO-CORPUS-Contributions-of-Vincentian-Charism-to-the-Mission-of-the-Church.pdf\" target=\"_blank\" title=\"Download Contributions Of Vincentian Charism To The Mission Of The Church\"><img data-recalc-dims=\"1\" decoding=\"async\" align=\"middle\" src=\"https:\/\/i0.wp.com\/vincentians.com\/en\/wp-includes\/images\/crystal\/document.png?w=846\" alt=\"Contributions Of Vincentian Charism To The Mission Of The Church\" \/><\/a><\/div>\r\n  <div class=\"filetitle\">\r\n    <a href=\"http:\/\/vincentians.com\/en\/download\/vincentian_readings\/issues\/charism\/DELGADO-CORPUS-Contributions-of-Vincentian-Charism-to-the-Mission-of-the-Church.pdf\" title=\"Download Contributions Of Vincentian Charism To The Mission Of The Church\" target=\"_blank\" id=\"wpfb-file-link-1\">Contributions Of Vincentian Charism To The Mission Of The Church<\/a>\r\n    \r\n    <br \/>\r\n    DELGADO-CORPUS-Contributions-of-Vincentian-Charism-to-the-Mission-of-the-Church.pdf<br \/>\r\n    Version: 1.0<br \/>\r\n  <\/div>\r\n  <div class=\"info\">\r\n    172.8 KiB<br \/>\r\n    773 Downloads<br \/>\r\n    <a href=\"#\" onclick=\"return wpfilebase_filedetails(1);\">Details<\/a>\r\n  <\/div>\r\n  <div class=\"details\" id=\"wpfilebase-filedetails1\" style=\"display: none;\">\r\n  <p>When we speak about the Vincentian charism, we are referring to the gift of the Spirit, a gift that God bestowed on the Church through the person of Vincent de Paul and Louise de Marillac, a gift of the Spirit which has been passed on to the followers of these two individuals (that is, persons who are members of the various institutions and associations that were inspired by them, men and women who make every effort to live, preserve, deepen and develop that gift in an on-going manner and in harmony with Body of Christ...<\/p>\r\n  <table border=\"0\">\r\n   <tr><td><strong>Languages:<\/strong><\/td><td>English<\/td><\/tr>\r\n   <tr><td><strong>Author:<\/strong><\/td><td>Corpus Juan Delgado, C.M.<\/td><\/tr>\r\n   \r\n   <tr><td><strong>Requirements:<\/strong><\/td><td><a href=\"https:\/\/www.foxitsoftware.com\/products\/pdf-reader\/\" target=\"_blank\">PDF Reader<\/a><\/td><\/tr>\r\n   <tr><td><strong>Category:<\/strong><\/td><td>Vincentian Readings \u2192 Issues \u2192 Charism<\/td><\/tr>\r\n   <tr><td><strong>License:<\/strong><\/td><td>Freeware<\/td><\/tr>\r\n   <tr><td><strong>Date:<\/strong><\/td><td>June 23, 2016<\/td><\/tr>\r\n  <\/table>\r\n  <\/div>\r\n <div style=\"clear: both;\"><\/div>\r\n<\/div>\n","protected":false},"excerpt":{"rendered":"<p>7. The poor are protagonists and not simply the beneficiaries of the Church\u2019s mission We have recalled the fact that the salvation of the poor is constituted as the center of the Church\u2019s mission. We &#8230; <a href=\"http:\/\/vincentians.com\/en\/the-contributions-of-the-vincentian-charism-to-the-mission-of-the-church-7\/\" class=\"more-link\">Read More<\/a><\/p>\n","protected":false},"author":4,"featured_media":148885,"comment_status":"open","ping_status":"open","sticky":false,"template":"","format":"standard","meta":{"jetpack_post_was_ever_published":false,"_jetpack_newsletter_access":"","_jetpack_dont_email_post_to_subs":false,"_jetpack_newsletter_tier_id":0,"_jetpack_memberships_contains_paywalled_content":false,"_jetpack_memberships_contains_paid_content":false,"footnotes":"","jetpack_publicize_message":"","jetpack_publicize_feature_enabled":true,"jetpack_social_post_already_shared":true,"jetpack_social_options":{"image_generator_settings":{"template":"highway","default_image_id":0,"font":"","enabled":false},"version":2}},"categories":[28],"tags":[],"class_list":["post-148902","post","type-post","status-publish","format-standard","has-post-thumbnail","hentry","category-vincentian-formation"],"yoast_head":"<!-- This site is optimized with the Yoast SEO plugin v26.3 - https:\/\/yoast.com\/wordpress\/plugins\/seo\/ -->\n<title>The Contributions of the Vincentian Charism to the Mission of the Church (7) - We are Vincentians<\/title>\n<meta name=\"robots\" content=\"index, follow, max-snippet:-1, max-image-preview:large, max-video-preview:-1\" \/>\n<link rel=\"canonical\" href=\"https:\/\/vincentians.com\/en\/the-contributions-of-the-vincentian-charism-to-the-mission-of-the-church-7\/\" \/>\n<meta property=\"og:locale\" content=\"en_US\" \/>\n<meta property=\"og:type\" content=\"article\" \/>\n<meta property=\"og:title\" content=\"The Contributions of the Vincentian Charism to the Mission of the Church (7) - We are Vincentians\" \/>\n<meta property=\"og:description\" content=\"7. The poor are protagonists and not simply the beneficiaries of the Church\u2019s mission We have recalled the fact that the salvation of the poor is constituted as the center of the Church\u2019s mission. We ... Read More\" \/>\n<meta property=\"og:url\" content=\"https:\/\/vincentians.com\/en\/the-contributions-of-the-vincentian-charism-to-the-mission-of-the-church-7\/\" \/>\n<meta property=\"og:site_name\" content=\"We are Vincentians\" \/>\n<meta property=\"article:publisher\" content=\"https:\/\/www.facebook.com\/WeAreVincentians\/\" \/>\n<meta property=\"article:author\" content=\"https:\/\/www.facebook.com\/JavierChento\" \/>\n<meta property=\"article:published_time\" content=\"2016-06-29T12:48:00+00:00\" \/>\n<meta property=\"article:modified_time\" content=\"2016-08-04T01:07:55+00:00\" \/>\n<meta property=\"og:image\" content=\"https:\/\/i0.wp.com\/vincentians.com\/en\/wp-content\/uploads\/sites\/2\/2016\/06\/contributions-charism.jpg?fit=1200%2C630&ssl=1\" \/>\n\t<meta property=\"og:image:width\" content=\"1200\" \/>\n\t<meta property=\"og:image:height\" content=\"630\" \/>\n\t<meta property=\"og:image:type\" content=\"image\/jpeg\" \/>\n<meta name=\"author\" content=\"Francisco Javier Fern\u00e1ndez Chento\" \/>\n<meta name=\"twitter:card\" content=\"summary_large_image\" \/>\n<meta name=\"twitter:creator\" content=\"@https:\/\/twitter.com\/javierchento\" \/>\n<meta name=\"twitter:site\" content=\"@WeVincentians\" \/>\n<meta name=\"twitter:label1\" content=\"Written by\" \/>\n\t<meta name=\"twitter:data1\" content=\"Francisco Javier Fern\u00e1ndez Chento\" \/>\n\t<meta name=\"twitter:label2\" content=\"Est. reading time\" \/>\n\t<meta name=\"twitter:data2\" content=\"8 minutes\" \/>\n<script type=\"application\/ld+json\" class=\"yoast-schema-graph\">{\"@context\":\"https:\/\/schema.org\",\"@graph\":[{\"@type\":\"Article\",\"@id\":\"https:\/\/vincentians.com\/en\/the-contributions-of-the-vincentian-charism-to-the-mission-of-the-church-7\/#article\",\"isPartOf\":{\"@id\":\"https:\/\/vincentians.com\/en\/the-contributions-of-the-vincentian-charism-to-the-mission-of-the-church-7\/\"},\"author\":{\"name\":\"Francisco Javier Fern\u00e1ndez Chento\",\"@id\":\"http:\/\/vincentians.com\/en\/#\/schema\/person\/9623ef4d9aa3b2dfb8c061f1499288f2\"},\"headline\":\"The Contributions of the Vincentian Charism to the Mission of the Church (7)\",\"datePublished\":\"2016-06-29T12:48:00+00:00\",\"dateModified\":\"2016-08-04T01:07:55+00:00\",\"mainEntityOfPage\":{\"@id\":\"https:\/\/vincentians.com\/en\/the-contributions-of-the-vincentian-charism-to-the-mission-of-the-church-7\/\"},\"wordCount\":1667,\"commentCount\":0,\"publisher\":{\"@id\":\"http:\/\/vincentians.com\/en\/#organization\"},\"image\":{\"@id\":\"https:\/\/vincentians.com\/en\/the-contributions-of-the-vincentian-charism-to-the-mission-of-the-church-7\/#primaryimage\"},\"thumbnailUrl\":\"https:\/\/i0.wp.com\/vincentians.com\/en\/wp-content\/uploads\/sites\/2\/2016\/06\/contributions-charism.jpg?fit=1200%2C630\",\"articleSection\":[\"Vincentian Formation\"],\"inLanguage\":\"en-US\",\"potentialAction\":[{\"@type\":\"CommentAction\",\"name\":\"Comment\",\"target\":[\"https:\/\/vincentians.com\/en\/the-contributions-of-the-vincentian-charism-to-the-mission-of-the-church-7\/#respond\"]}]},{\"@type\":\"WebPage\",\"@id\":\"https:\/\/vincentians.com\/en\/the-contributions-of-the-vincentian-charism-to-the-mission-of-the-church-7\/\",\"url\":\"https:\/\/vincentians.com\/en\/the-contributions-of-the-vincentian-charism-to-the-mission-of-the-church-7\/\",\"name\":\"The Contributions of the Vincentian Charism to the Mission of the Church (7) - We are Vincentians\",\"isPartOf\":{\"@id\":\"http:\/\/vincentians.com\/en\/#website\"},\"primaryImageOfPage\":{\"@id\":\"https:\/\/vincentians.com\/en\/the-contributions-of-the-vincentian-charism-to-the-mission-of-the-church-7\/#primaryimage\"},\"image\":{\"@id\":\"https:\/\/vincentians.com\/en\/the-contributions-of-the-vincentian-charism-to-the-mission-of-the-church-7\/#primaryimage\"},\"thumbnailUrl\":\"https:\/\/i0.wp.com\/vincentians.com\/en\/wp-content\/uploads\/sites\/2\/2016\/06\/contributions-charism.jpg?fit=1200%2C630\",\"datePublished\":\"2016-06-29T12:48:00+00:00\",\"dateModified\":\"2016-08-04T01:07:55+00:00\",\"breadcrumb\":{\"@id\":\"https:\/\/vincentians.com\/en\/the-contributions-of-the-vincentian-charism-to-the-mission-of-the-church-7\/#breadcrumb\"},\"inLanguage\":\"en-US\",\"potentialAction\":[{\"@type\":\"ReadAction\",\"target\":[\"https:\/\/vincentians.com\/en\/the-contributions-of-the-vincentian-charism-to-the-mission-of-the-church-7\/\"]}]},{\"@type\":\"ImageObject\",\"inLanguage\":\"en-US\",\"@id\":\"https:\/\/vincentians.com\/en\/the-contributions-of-the-vincentian-charism-to-the-mission-of-the-church-7\/#primaryimage\",\"url\":\"https:\/\/i0.wp.com\/vincentians.com\/en\/wp-content\/uploads\/sites\/2\/2016\/06\/contributions-charism.jpg?fit=1200%2C630\",\"contentUrl\":\"https:\/\/i0.wp.com\/vincentians.com\/en\/wp-content\/uploads\/sites\/2\/2016\/06\/contributions-charism.jpg?fit=1200%2C630\",\"width\":1200,\"height\":630},{\"@type\":\"BreadcrumbList\",\"@id\":\"https:\/\/vincentians.com\/en\/the-contributions-of-the-vincentian-charism-to-the-mission-of-the-church-7\/#breadcrumb\",\"itemListElement\":[{\"@type\":\"ListItem\",\"position\":1,\"name\":\"Portada\",\"item\":\"http:\/\/vincentians.com\/en\/\"},{\"@type\":\"ListItem\",\"position\":2,\"name\":\"The Contributions of the Vincentian Charism to the Mission of the Church (7)\"}]},{\"@type\":\"WebSite\",\"@id\":\"http:\/\/vincentians.com\/en\/#website\",\"url\":\"http:\/\/vincentians.com\/en\/\",\"name\":\"We are Vincentians\",\"description\":\"Know more to serve more\",\"publisher\":{\"@id\":\"http:\/\/vincentians.com\/en\/#organization\"},\"potentialAction\":[{\"@type\":\"SearchAction\",\"target\":{\"@type\":\"EntryPoint\",\"urlTemplate\":\"http:\/\/vincentians.com\/en\/?s={search_term_string}\"},\"query-input\":{\"@type\":\"PropertyValueSpecification\",\"valueRequired\":true,\"valueName\":\"search_term_string\"}}],\"inLanguage\":\"en-US\"},{\"@type\":\"Organization\",\"@id\":\"http:\/\/vincentians.com\/en\/#organization\",\"name\":\"The Vincentian Network\",\"url\":\"http:\/\/vincentians.com\/en\/\",\"logo\":{\"@type\":\"ImageObject\",\"inLanguage\":\"en-US\",\"@id\":\"http:\/\/vincentians.com\/en\/#\/schema\/logo\/image\/\",\"url\":\"https:\/\/i1.wp.com\/vincentians.com\/en\/wp-content\/uploads\/sites\/2\/2016\/06\/Vincentian-Network-logo-big.png?fit=778%2C778&ssl=1\",\"contentUrl\":\"https:\/\/i1.wp.com\/vincentians.com\/en\/wp-content\/uploads\/sites\/2\/2016\/06\/Vincentian-Network-logo-big.png?fit=778%2C778&ssl=1\",\"width\":778,\"height\":778,\"caption\":\"The Vincentian Network\"},\"image\":{\"@id\":\"http:\/\/vincentians.com\/en\/#\/schema\/logo\/image\/\"},\"sameAs\":[\"https:\/\/www.facebook.com\/WeAreVincentians\/\",\"https:\/\/x.com\/WeVincentians\"]},{\"@type\":\"Person\",\"@id\":\"http:\/\/vincentians.com\/en\/#\/schema\/person\/9623ef4d9aa3b2dfb8c061f1499288f2\",\"name\":\"Francisco Javier Fern\u00e1ndez Chento\",\"image\":{\"@type\":\"ImageObject\",\"inLanguage\":\"en-US\",\"@id\":\"http:\/\/vincentians.com\/en\/#\/schema\/person\/image\/\",\"url\":\"https:\/\/secure.gravatar.com\/avatar\/497d5cde87b4c3d097d0315953521681ba2cd523ee66e5077c3711f7021e65de?s=96&d=mm&r=g\",\"contentUrl\":\"https:\/\/secure.gravatar.com\/avatar\/497d5cde87b4c3d097d0315953521681ba2cd523ee66e5077c3711f7021e65de?s=96&d=mm&r=g\",\"caption\":\"Francisco Javier Fern\u00e1ndez Chento\"},\"description\":\"Director General y cofundador de La Red de Formaci\u00f3n Vicenciana. Javier es laico vicenciano, afiliado a la Congregaci\u00f3n de la Misi\u00f3n y miembro del Equipo de Misiones Populares de la provincia can\u00f3nica de Zaragoza (Espa\u00f1a) de la Congregaci\u00f3n de la Misi\u00f3n. Graduado en la Universidad Oberta de Catalunya con cuatro grados (Asistente de direcci\u00f3n, Gesti\u00f3n Administrativa, Recursos Humanos y Contabilidad Avanzada). Bil\u00edng\u00fce Espa\u00f1ol\/Ingl\u00e9s. gestiona y mantiene varias p\u00e1ginas web cristianas y vicencianas, incluida including La Red de Formaci\u00f3n Vicenciana, de la que es cofundador. Actualmente es responsable del \u00e1rea de Espa\u00f1ol de .famvin, la Red de Noticias de la Familia Vicenciana. Tambi\u00e9n es m\u00fasico cat\u00f3lico y ha editado varios discos. Es Director General y cofundador de Trovador, una reconocida compa\u00f1\u00eda discogr\u00e1fica critiana de Espa\u00f1a. Trabaja en las Tecnolog\u00edas de la Informaci\u00f3n, ofreciendo servicios de alojamiento, dise\u00f1o y mantenimiento Web, as\u00ed como asesoramiento, formaci\u00f3n y soluciones inform\u00e1ticas, gesti\u00f3n documental y digitalizaci\u00f3n de textos, edici\u00f3n y maquetaci\u00f3n de libros, revistas, flyers, etc.\",\"sameAs\":[\"http:\/\/chento.org\",\"https:\/\/www.facebook.com\/JavierChento\",\"https:\/\/x.com\/https:\/\/twitter.com\/javierchento\"],\"url\":\"http:\/\/vincentians.com\/en\/author\/chento\/\"}]}<\/script>\n<!-- \/ Yoast SEO plugin. -->","yoast_head_json":{"title":"The Contributions of the Vincentian Charism to the Mission of the Church (7) - We are Vincentians","robots":{"index":"index","follow":"follow","max-snippet":"max-snippet:-1","max-image-preview":"max-image-preview:large","max-video-preview":"max-video-preview:-1"},"canonical":"https:\/\/vincentians.com\/en\/the-contributions-of-the-vincentian-charism-to-the-mission-of-the-church-7\/","og_locale":"en_US","og_type":"article","og_title":"The Contributions of the Vincentian Charism to the Mission of the Church (7) - We are Vincentians","og_description":"7. The poor are protagonists and not simply the beneficiaries of the Church\u2019s mission We have recalled the fact that the salvation of the poor is constituted as the center of the Church\u2019s mission. We ... Read More","og_url":"https:\/\/vincentians.com\/en\/the-contributions-of-the-vincentian-charism-to-the-mission-of-the-church-7\/","og_site_name":"We are Vincentians","article_publisher":"https:\/\/www.facebook.com\/WeAreVincentians\/","article_author":"https:\/\/www.facebook.com\/JavierChento","article_published_time":"2016-06-29T12:48:00+00:00","article_modified_time":"2016-08-04T01:07:55+00:00","og_image":[{"width":1200,"height":630,"url":"https:\/\/i0.wp.com\/vincentians.com\/en\/wp-content\/uploads\/sites\/2\/2016\/06\/contributions-charism.jpg?fit=1200%2C630&ssl=1","type":"image\/jpeg"}],"author":"Francisco Javier Fern\u00e1ndez Chento","twitter_card":"summary_large_image","twitter_creator":"@https:\/\/twitter.com\/javierchento","twitter_site":"@WeVincentians","twitter_misc":{"Written by":"Francisco Javier Fern\u00e1ndez Chento","Est. reading time":"8 minutes"},"schema":{"@context":"https:\/\/schema.org","@graph":[{"@type":"Article","@id":"https:\/\/vincentians.com\/en\/the-contributions-of-the-vincentian-charism-to-the-mission-of-the-church-7\/#article","isPartOf":{"@id":"https:\/\/vincentians.com\/en\/the-contributions-of-the-vincentian-charism-to-the-mission-of-the-church-7\/"},"author":{"name":"Francisco Javier Fern\u00e1ndez Chento","@id":"http:\/\/vincentians.com\/en\/#\/schema\/person\/9623ef4d9aa3b2dfb8c061f1499288f2"},"headline":"The Contributions of the Vincentian Charism to the Mission of the Church (7)","datePublished":"2016-06-29T12:48:00+00:00","dateModified":"2016-08-04T01:07:55+00:00","mainEntityOfPage":{"@id":"https:\/\/vincentians.com\/en\/the-contributions-of-the-vincentian-charism-to-the-mission-of-the-church-7\/"},"wordCount":1667,"commentCount":0,"publisher":{"@id":"http:\/\/vincentians.com\/en\/#organization"},"image":{"@id":"https:\/\/vincentians.com\/en\/the-contributions-of-the-vincentian-charism-to-the-mission-of-the-church-7\/#primaryimage"},"thumbnailUrl":"https:\/\/i0.wp.com\/vincentians.com\/en\/wp-content\/uploads\/sites\/2\/2016\/06\/contributions-charism.jpg?fit=1200%2C630","articleSection":["Vincentian Formation"],"inLanguage":"en-US","potentialAction":[{"@type":"CommentAction","name":"Comment","target":["https:\/\/vincentians.com\/en\/the-contributions-of-the-vincentian-charism-to-the-mission-of-the-church-7\/#respond"]}]},{"@type":"WebPage","@id":"https:\/\/vincentians.com\/en\/the-contributions-of-the-vincentian-charism-to-the-mission-of-the-church-7\/","url":"https:\/\/vincentians.com\/en\/the-contributions-of-the-vincentian-charism-to-the-mission-of-the-church-7\/","name":"The Contributions of the Vincentian Charism to the Mission of the Church (7) - We are Vincentians","isPartOf":{"@id":"http:\/\/vincentians.com\/en\/#website"},"primaryImageOfPage":{"@id":"https:\/\/vincentians.com\/en\/the-contributions-of-the-vincentian-charism-to-the-mission-of-the-church-7\/#primaryimage"},"image":{"@id":"https:\/\/vincentians.com\/en\/the-contributions-of-the-vincentian-charism-to-the-mission-of-the-church-7\/#primaryimage"},"thumbnailUrl":"https:\/\/i0.wp.com\/vincentians.com\/en\/wp-content\/uploads\/sites\/2\/2016\/06\/contributions-charism.jpg?fit=1200%2C630","datePublished":"2016-06-29T12:48:00+00:00","dateModified":"2016-08-04T01:07:55+00:00","breadcrumb":{"@id":"https:\/\/vincentians.com\/en\/the-contributions-of-the-vincentian-charism-to-the-mission-of-the-church-7\/#breadcrumb"},"inLanguage":"en-US","potentialAction":[{"@type":"ReadAction","target":["https:\/\/vincentians.com\/en\/the-contributions-of-the-vincentian-charism-to-the-mission-of-the-church-7\/"]}]},{"@type":"ImageObject","inLanguage":"en-US","@id":"https:\/\/vincentians.com\/en\/the-contributions-of-the-vincentian-charism-to-the-mission-of-the-church-7\/#primaryimage","url":"https:\/\/i0.wp.com\/vincentians.com\/en\/wp-content\/uploads\/sites\/2\/2016\/06\/contributions-charism.jpg?fit=1200%2C630","contentUrl":"https:\/\/i0.wp.com\/vincentians.com\/en\/wp-content\/uploads\/sites\/2\/2016\/06\/contributions-charism.jpg?fit=1200%2C630","width":1200,"height":630},{"@type":"BreadcrumbList","@id":"https:\/\/vincentians.com\/en\/the-contributions-of-the-vincentian-charism-to-the-mission-of-the-church-7\/#breadcrumb","itemListElement":[{"@type":"ListItem","position":1,"name":"Portada","item":"http:\/\/vincentians.com\/en\/"},{"@type":"ListItem","position":2,"name":"The Contributions of the Vincentian Charism to the Mission of the Church (7)"}]},{"@type":"WebSite","@id":"http:\/\/vincentians.com\/en\/#website","url":"http:\/\/vincentians.com\/en\/","name":"We are Vincentians","description":"Know more to serve more","publisher":{"@id":"http:\/\/vincentians.com\/en\/#organization"},"potentialAction":[{"@type":"SearchAction","target":{"@type":"EntryPoint","urlTemplate":"http:\/\/vincentians.com\/en\/?s={search_term_string}"},"query-input":{"@type":"PropertyValueSpecification","valueRequired":true,"valueName":"search_term_string"}}],"inLanguage":"en-US"},{"@type":"Organization","@id":"http:\/\/vincentians.com\/en\/#organization","name":"The Vincentian Network","url":"http:\/\/vincentians.com\/en\/","logo":{"@type":"ImageObject","inLanguage":"en-US","@id":"http:\/\/vincentians.com\/en\/#\/schema\/logo\/image\/","url":"https:\/\/i1.wp.com\/vincentians.com\/en\/wp-content\/uploads\/sites\/2\/2016\/06\/Vincentian-Network-logo-big.png?fit=778%2C778&ssl=1","contentUrl":"https:\/\/i1.wp.com\/vincentians.com\/en\/wp-content\/uploads\/sites\/2\/2016\/06\/Vincentian-Network-logo-big.png?fit=778%2C778&ssl=1","width":778,"height":778,"caption":"The Vincentian Network"},"image":{"@id":"http:\/\/vincentians.com\/en\/#\/schema\/logo\/image\/"},"sameAs":["https:\/\/www.facebook.com\/WeAreVincentians\/","https:\/\/x.com\/WeVincentians"]},{"@type":"Person","@id":"http:\/\/vincentians.com\/en\/#\/schema\/person\/9623ef4d9aa3b2dfb8c061f1499288f2","name":"Francisco Javier Fern\u00e1ndez Chento","image":{"@type":"ImageObject","inLanguage":"en-US","@id":"http:\/\/vincentians.com\/en\/#\/schema\/person\/image\/","url":"https:\/\/secure.gravatar.com\/avatar\/497d5cde87b4c3d097d0315953521681ba2cd523ee66e5077c3711f7021e65de?s=96&d=mm&r=g","contentUrl":"https:\/\/secure.gravatar.com\/avatar\/497d5cde87b4c3d097d0315953521681ba2cd523ee66e5077c3711f7021e65de?s=96&d=mm&r=g","caption":"Francisco Javier Fern\u00e1ndez Chento"},"description":"Director General y cofundador de La Red de Formaci\u00f3n Vicenciana. Javier es laico vicenciano, afiliado a la Congregaci\u00f3n de la Misi\u00f3n y miembro del Equipo de Misiones Populares de la provincia can\u00f3nica de Zaragoza (Espa\u00f1a) de la Congregaci\u00f3n de la Misi\u00f3n. Graduado en la Universidad Oberta de Catalunya con cuatro grados (Asistente de direcci\u00f3n, Gesti\u00f3n Administrativa, Recursos Humanos y Contabilidad Avanzada). Bil\u00edng\u00fce Espa\u00f1ol\/Ingl\u00e9s. gestiona y mantiene varias p\u00e1ginas web cristianas y vicencianas, incluida including La Red de Formaci\u00f3n Vicenciana, de la que es cofundador. Actualmente es responsable del \u00e1rea de Espa\u00f1ol de .famvin, la Red de Noticias de la Familia Vicenciana. Tambi\u00e9n es m\u00fasico cat\u00f3lico y ha editado varios discos. Es Director General y cofundador de Trovador, una reconocida compa\u00f1\u00eda discogr\u00e1fica critiana de Espa\u00f1a. Trabaja en las Tecnolog\u00edas de la Informaci\u00f3n, ofreciendo servicios de alojamiento, dise\u00f1o y mantenimiento Web, as\u00ed como asesoramiento, formaci\u00f3n y soluciones inform\u00e1ticas, gesti\u00f3n documental y digitalizaci\u00f3n de textos, edici\u00f3n y maquetaci\u00f3n de libros, revistas, flyers, etc.","sameAs":["http:\/\/chento.org","https:\/\/www.facebook.com\/JavierChento","https:\/\/x.com\/https:\/\/twitter.com\/javierchento"],"url":"http:\/\/vincentians.com\/en\/author\/chento\/"}]}},"jetpack_publicize_connections":[],"jetpack_featured_media_url":"https:\/\/i0.wp.com\/vincentians.com\/en\/wp-content\/uploads\/sites\/2\/2016\/06\/contributions-charism.jpg?fit=1200%2C630","jetpack_sharing_enabled":true,"jetpack_shortlink":"https:\/\/wp.me\/p7K2Ow-CJE","jetpack-related-posts":[{"id":148905,"url":"http:\/\/vincentians.com\/en\/the-contributions-of-the-vincentian-charism-to-the-mission-of-the-church-10-end\/","url_meta":{"origin":148902,"position":0},"title":"The Contributions of the Vincentian Charism to the Mission of the Church (10 &#8211; End)","author":"Francisco Javier Fern\u00e1ndez Chento","date":"July 2, 2016","format":false,"excerpt":"10. The Vincentian circular movement: from Christ to the poor and from the poor to Christ In concluding this reflection about the contributions of the Vincentian charism to the mission of the Church, it seems appropriate to refer to the circular movement of the Vincentian charism, that is, from Christ\u2026","rel":"","context":"In &quot;Vincentian Formation&quot;","block_context":{"text":"Vincentian Formation","link":"http:\/\/vincentians.com\/en\/category\/vincentian-formation\/"},"img":{"alt_text":"","src":"https:\/\/i0.wp.com\/vincentians.com\/en\/wp-content\/uploads\/sites\/2\/2016\/06\/contributions-charism.jpg?fit=1200%2C630&resize=350%2C200","width":350,"height":200,"srcset":"https:\/\/i0.wp.com\/vincentians.com\/en\/wp-content\/uploads\/sites\/2\/2016\/06\/contributions-charism.jpg?fit=1200%2C630&resize=350%2C200 1x, https:\/\/i0.wp.com\/vincentians.com\/en\/wp-content\/uploads\/sites\/2\/2016\/06\/contributions-charism.jpg?fit=1200%2C630&resize=525%2C300 1.5x, https:\/\/i0.wp.com\/vincentians.com\/en\/wp-content\/uploads\/sites\/2\/2016\/06\/contributions-charism.jpg?fit=1200%2C630&resize=700%2C400 2x, https:\/\/i0.wp.com\/vincentians.com\/en\/wp-content\/uploads\/sites\/2\/2016\/06\/contributions-charism.jpg?fit=1200%2C630&resize=1050%2C600 3x"},"classes":[]},{"id":148904,"url":"http:\/\/vincentians.com\/en\/the-contributions-of-the-vincentian-charism-to-the-mission-of-the-church-9\/","url_meta":{"origin":148902,"position":1},"title":"The Contributions of the Vincentian Charism to the Mission of the Church (9)","author":"Francisco Javier Fern\u00e1ndez Chento","date":"July 1, 2016","format":false,"excerpt":"9. Creativity Previously, we recalled the fact that Vincent viewed events as a sign from God and, in the case of the poor, such signs are privileged. Vincent viewed events as revealing God, as revealing the will of God. Creativity, as a contribution of the Vincentian charism to the church\u2019s\u2026","rel":"","context":"In &quot;Vincentian Formation&quot;","block_context":{"text":"Vincentian Formation","link":"http:\/\/vincentians.com\/en\/category\/vincentian-formation\/"},"img":{"alt_text":"","src":"https:\/\/i0.wp.com\/vincentians.com\/en\/wp-content\/uploads\/sites\/2\/2016\/06\/contributions-charism.jpg?fit=1200%2C630&resize=350%2C200","width":350,"height":200,"srcset":"https:\/\/i0.wp.com\/vincentians.com\/en\/wp-content\/uploads\/sites\/2\/2016\/06\/contributions-charism.jpg?fit=1200%2C630&resize=350%2C200 1x, https:\/\/i0.wp.com\/vincentians.com\/en\/wp-content\/uploads\/sites\/2\/2016\/06\/contributions-charism.jpg?fit=1200%2C630&resize=525%2C300 1.5x, https:\/\/i0.wp.com\/vincentians.com\/en\/wp-content\/uploads\/sites\/2\/2016\/06\/contributions-charism.jpg?fit=1200%2C630&resize=700%2C400 2x, https:\/\/i0.wp.com\/vincentians.com\/en\/wp-content\/uploads\/sites\/2\/2016\/06\/contributions-charism.jpg?fit=1200%2C630&resize=1050%2C600 3x"},"classes":[]},{"id":109119,"url":"http:\/\/vincentians.com\/en\/vincentian-contributions-to-the-new-evangelization\/","url_meta":{"origin":148902,"position":2},"title":"Vincentian Contributions to the New Evangelization","author":"Francisco Javier Fern\u00e1ndez Chento","date":"January 21, 2014","format":false,"excerpt":"Introduction For some time in the Congregation of the Mission and in many circles of the Vincentian Family we have listened to people speak about the Vincentian manner of \u201cbeing\u201d and \u201cdoing\u201d. On the one hand, we are in full accord with the fact that the charism, the being, the\u2026","rel":"","context":"In &quot;Missions&quot;","block_context":{"text":"Missions","link":"http:\/\/vincentians.com\/en\/category\/ministries\/missions\/"},"img":{"alt_text":"","src":"https:\/\/i0.wp.com\/vincentians.com\/en\/wp-content\/uploads\/sites\/2\/2014\/01\/Vincentian-Family-leaders-meeting-in-Paris.jpg?fit=1200%2C630&resize=350%2C200","width":350,"height":200,"srcset":"https:\/\/i0.wp.com\/vincentians.com\/en\/wp-content\/uploads\/sites\/2\/2014\/01\/Vincentian-Family-leaders-meeting-in-Paris.jpg?fit=1200%2C630&resize=350%2C200 1x, https:\/\/i0.wp.com\/vincentians.com\/en\/wp-content\/uploads\/sites\/2\/2014\/01\/Vincentian-Family-leaders-meeting-in-Paris.jpg?fit=1200%2C630&resize=525%2C300 1.5x, https:\/\/i0.wp.com\/vincentians.com\/en\/wp-content\/uploads\/sites\/2\/2014\/01\/Vincentian-Family-leaders-meeting-in-Paris.jpg?fit=1200%2C630&resize=700%2C400 2x, https:\/\/i0.wp.com\/vincentians.com\/en\/wp-content\/uploads\/sites\/2\/2014\/01\/Vincentian-Family-leaders-meeting-in-Paris.jpg?fit=1200%2C630&resize=1050%2C600 3x"},"classes":[]},{"id":148901,"url":"http:\/\/vincentians.com\/en\/the-contributions-of-the-vincentian-charism-to-the-mission-of-the-church-6\/","url_meta":{"origin":148902,"position":3},"title":"The Contributions of the Vincentian Charism to the Mission of the Church (6)","author":"Francisco Javier Fern\u00e1ndez Chento","date":"June 28, 2016","format":false,"excerpt":"6. The mission of the Church and those who evangelize When Pope Francis referred to the urgency of the evangelizing mission of the church in the midst of today\u2019s world, he exclaimed: How I long to find the right words to stir up enthusiasm for a new chapter of evangelization\u2026","rel":"","context":"In &quot;Vincentian Formation&quot;","block_context":{"text":"Vincentian Formation","link":"http:\/\/vincentians.com\/en\/category\/vincentian-formation\/"},"img":{"alt_text":"","src":"https:\/\/i0.wp.com\/vincentians.com\/en\/wp-content\/uploads\/sites\/2\/2016\/06\/contributions-charism.jpg?fit=1200%2C630&resize=350%2C200","width":350,"height":200,"srcset":"https:\/\/i0.wp.com\/vincentians.com\/en\/wp-content\/uploads\/sites\/2\/2016\/06\/contributions-charism.jpg?fit=1200%2C630&resize=350%2C200 1x, https:\/\/i0.wp.com\/vincentians.com\/en\/wp-content\/uploads\/sites\/2\/2016\/06\/contributions-charism.jpg?fit=1200%2C630&resize=525%2C300 1.5x, https:\/\/i0.wp.com\/vincentians.com\/en\/wp-content\/uploads\/sites\/2\/2016\/06\/contributions-charism.jpg?fit=1200%2C630&resize=700%2C400 2x, https:\/\/i0.wp.com\/vincentians.com\/en\/wp-content\/uploads\/sites\/2\/2016\/06\/contributions-charism.jpg?fit=1200%2C630&resize=1050%2C600 3x"},"classes":[]},{"id":148899,"url":"http:\/\/vincentians.com\/en\/the-contributions-of-the-vincentian-charism-to-the-mission-of-the-church-4\/","url_meta":{"origin":148902,"position":4},"title":"The Contributions of the Vincentian Charism to the Mission of the Church (4)","author":"Francisco Javier Fern\u00e1ndez Chento","date":"June 26, 2016","format":false,"excerpt":"4. The salvation of the poor at the center of the Church\u2019s mission Vincent de Paul and Louise de Marillac shared the same experience: the poor are members of Christ and as such, are members of the Church. In the Church, the Body of Christ, the poor occupy the most\u2026","rel":"","context":"In &quot;Vincentian Formation&quot;","block_context":{"text":"Vincentian Formation","link":"http:\/\/vincentians.com\/en\/category\/vincentian-formation\/"},"img":{"alt_text":"","src":"https:\/\/i0.wp.com\/vincentians.com\/en\/wp-content\/uploads\/sites\/2\/2016\/06\/contributions-charism.jpg?fit=1200%2C630&resize=350%2C200","width":350,"height":200,"srcset":"https:\/\/i0.wp.com\/vincentians.com\/en\/wp-content\/uploads\/sites\/2\/2016\/06\/contributions-charism.jpg?fit=1200%2C630&resize=350%2C200 1x, https:\/\/i0.wp.com\/vincentians.com\/en\/wp-content\/uploads\/sites\/2\/2016\/06\/contributions-charism.jpg?fit=1200%2C630&resize=525%2C300 1.5x, https:\/\/i0.wp.com\/vincentians.com\/en\/wp-content\/uploads\/sites\/2\/2016\/06\/contributions-charism.jpg?fit=1200%2C630&resize=700%2C400 2x, https:\/\/i0.wp.com\/vincentians.com\/en\/wp-content\/uploads\/sites\/2\/2016\/06\/contributions-charism.jpg?fit=1200%2C630&resize=1050%2C600 3x"},"classes":[]},{"id":148898,"url":"http:\/\/vincentians.com\/en\/the-contributions-of-the-vincentian-charism-to-the-mission-of-the-church-3\/","url_meta":{"origin":148902,"position":5},"title":"The Contributions of the Vincentian Charism to the Mission of the Church (3)","author":"Francisco Javier Fern\u00e1ndez Chento","date":"June 25, 2016","format":false,"excerpt":"3. Participation of the laity, especially women, in the mission of the Apostles The biographers of Vincent de Paul and Louise de Marillac highlight their important contribution to the promotion of the laity, especially women. They also point out the various ways in which Vincent and Louise promoted the laity\u2026","rel":"","context":"In &quot;Vincentian Formation&quot;","block_context":{"text":"Vincentian Formation","link":"http:\/\/vincentians.com\/en\/category\/vincentian-formation\/"},"img":{"alt_text":"","src":"https:\/\/i0.wp.com\/vincentians.com\/en\/wp-content\/uploads\/sites\/2\/2016\/06\/contributions-charism.jpg?fit=1200%2C630&resize=350%2C200","width":350,"height":200,"srcset":"https:\/\/i0.wp.com\/vincentians.com\/en\/wp-content\/uploads\/sites\/2\/2016\/06\/contributions-charism.jpg?fit=1200%2C630&resize=350%2C200 1x, https:\/\/i0.wp.com\/vincentians.com\/en\/wp-content\/uploads\/sites\/2\/2016\/06\/contributions-charism.jpg?fit=1200%2C630&resize=525%2C300 1.5x, https:\/\/i0.wp.com\/vincentians.com\/en\/wp-content\/uploads\/sites\/2\/2016\/06\/contributions-charism.jpg?fit=1200%2C630&resize=700%2C400 2x, https:\/\/i0.wp.com\/vincentians.com\/en\/wp-content\/uploads\/sites\/2\/2016\/06\/contributions-charism.jpg?fit=1200%2C630&resize=1050%2C600 3x"},"classes":[]}],"_links":{"self":[{"href":"http:\/\/vincentians.com\/en\/wp-json\/wp\/v2\/posts\/148902","targetHints":{"allow":["GET"]}}],"collection":[{"href":"http:\/\/vincentians.com\/en\/wp-json\/wp\/v2\/posts"}],"about":[{"href":"http:\/\/vincentians.com\/en\/wp-json\/wp\/v2\/types\/post"}],"author":[{"embeddable":true,"href":"http:\/\/vincentians.com\/en\/wp-json\/wp\/v2\/users\/4"}],"replies":[{"embeddable":true,"href":"http:\/\/vincentians.com\/en\/wp-json\/wp\/v2\/comments?post=148902"}],"version-history":[{"count":0,"href":"http:\/\/vincentians.com\/en\/wp-json\/wp\/v2\/posts\/148902\/revisions"}],"wp:featuredmedia":[{"embeddable":true,"href":"http:\/\/vincentians.com\/en\/wp-json\/wp\/v2\/media\/148885"}],"wp:attachment":[{"href":"http:\/\/vincentians.com\/en\/wp-json\/wp\/v2\/media?parent=148902"}],"wp:term":[{"taxonomy":"category","embeddable":true,"href":"http:\/\/vincentians.com\/en\/wp-json\/wp\/v2\/categories?post=148902"},{"taxonomy":"post_tag","embeddable":true,"href":"http:\/\/vincentians.com\/en\/wp-json\/wp\/v2\/tags?post=148902"}],"curies":[{"name":"wp","href":"https:\/\/api.w.org\/{rel}","templated":true}]}}