{"id":148901,"date":"2016-06-28T14:47:59","date_gmt":"2016-06-28T12:47:59","guid":{"rendered":"http:\/\/vincentians.com\/en\/?p=148901"},"modified":"2016-08-04T03:07:42","modified_gmt":"2016-08-04T01:07:42","slug":"the-contributions-of-the-vincentian-charism-to-the-mission-of-the-church-6","status":"publish","type":"post","link":"http:\/\/vincentians.com\/en\/the-contributions-of-the-vincentian-charism-to-the-mission-of-the-church-6\/","title":{"rendered":"The Contributions of the Vincentian Charism to the Mission of the Church (6)"},"content":{"rendered":"<h2><strong>6. The mission of the Church and those who evangelize<\/strong><\/h2>\n<p>When Pope Francis referred to the urgency of the evangelizing mission of the church in the midst of today\u2019s world, he exclaimed: <em>How I long to find the right words to stir up enthusiasm for a new chapter of evangelization full of fervor, joy, generosity, courage, boundless love and attraction <\/em>(<em>Evangelii Gaudium<\/em>, #261).<\/p>\n<p>The Pope called upon the Holy Spirit to inspire that new evangelizing process: <em>I implore the Spirit to come and renew the Church, to stir and impel her to go forth boldly to evangelize all people <\/em>(<em>Evangelii Gaudium, <\/em>#261). He then describes evangelizers as: <em>spirit-filled evangelizers who are fearlessly open to the working of the Holy Spirit <\/em>(<em>Evangelii Gaudium, <\/em>#259), <em>evangelizers who work and pray <\/em>(<em>Evangelii Gaudium, <\/em>#262), <em>evangelizers who proclaim the good news not only with words, but above all by a life transfigured by God\u2019s presence <\/em>(<em>Evangelii Gaudium, <\/em>#259).<\/p>\n<p>As Vincent contemplated the situation of the Church in Europe as well as when he received news about the Missionaries and the Daughters of Charity who had departed for foreign lands, he insisted on the church\u2019s need for \u201cworkers\u201d, for persons who would continue the mission of Jesus Christ, for true Apostles:<\/p>\n<ul>\n<li><em>Alas! the Church has enough solitaries \u2026 and too many useless ones, and even more who tear her apart. Her great need is evangelical men who work to purge, enlighten, and unite her to her Divine Spouse &#8230; to go and proclaim Jesus Christ to the poor people, and work at training priests. I beg you, Monsieur, let us labor at that with all our might, confident that Our Lord, who has called us to His manner of life, will give us a greater share in His Spirit and, in the end, in His glory <\/em>(CCD:III:204-205).<\/li>\n<li><em>We have just sent three priests and three Daughters of Charity to Narbonne, two hundred leagues from here; we need even more of them for a few new establishments that are still to be made. Some men are preparing for the voyage to Madagascar, which will take place at the end of this month. We are being asked for workers on all sides. The harvest is abundant; we must pray that God will raise up apostolic men to gather it in<\/em> (CCD:VIII:145).<\/li>\n<\/ul>\n<p>With great emotion Vincent recalled the apostolic ministry of the Missionaries in Madagascar and Barbary: <em>What have our Missioners in Barbary and Madagascar undertaken? What have they carried out? What have they accomplished? What have they suffered? &#8230; In Madagascar the Missioners preach, hear confessions, and teach catechism constantly from four in the morning until ten, and from two in the afternoon until nightfall; the rest of the time is spent praying the Office and visiting the sick. Those men are workers, they\u2019re true Missioners! May God in His goodness be pleased to give us the spirit that animates them, a big heart, vast and ample!<\/em> (CCD:XI:191-192, 192-193).<\/p>\n<p>\u201cWorkers\u201d, \u201capostolic men\u201d, are the words that Vincent used when referring to those who were privileged to be called in order <em>to cooperate in extending the Church elsewhere <\/em>(CCD:III:41), in order to go, <em>not just to one parish, not just to one diocese, but all over the world <\/em>(CCD:XII:215).<\/p>\n<p>When speaking to his confreres, Vincent referred to the authority of M. Duval in order to highlight the importance of priests as tireless workers: <em>M. Duval, a great theologian of the Church, used to say that a priest must have more work than he can do; for, as soon as idleness and sloth get hold of a priest, every vice rushes in from all sides \u2026 O Savior! O my good Savior, may it please Your Divine Goodness to keep the Mission free of that spirit of laziness and of seeking its own comforts, and give it an ardent zeal for Your glory, which will make it accept everything joyfully and never refuse an opportunity to serve You<\/em> (CCD:XI:191)<\/p>\n<p>The greatest blessing of the Vincentian Family is to be able to minister as Jesus ministered: <em>Oh! what a happiness for you to work at doing what He did! He came to bring the good news to the poor, and that is your lot and your occupation, too. If our perfection lies in charity, as is certain, there is none greater than to give oneself to save souls and to sacrifice oneself for them as Jesus Christ did. This is what you are called to do<\/em> (CCD:VII:356).<\/p>\n<p>Since the evangelization of the poor does not simply consist of proclaiming the truths of faith but rather consists of acting in the way that Jesus acted, the process of evangelization must also involve making visible the signs foretold by the prophets: the blind see, the lame walk, lepers are cleansed and the poor have the good news proclaimed to them (Luke 4:18). <em>We can say that coming to evangelize the poor does not simply mean to teach them the mysteries necessary for their salvation, but also to do what was foretold and prefigured by the prophets to make the gospel effective <\/em>(CCD:XII:75)<\/p>\n<p>Louise de Marillac addressed the first Sisters and pointed out that it would be impossible to accept into the Company anyone who was unwilling to work (SWLM:241 [L.241], 508-509 [L.479], 586-587 [L.565]). Indeed, service on behalf of the poor requires good workers (SWLM:569 [L.545], 667-669 [L.647b]). The Daughters of Charity ought to earn their bread through their work (SWLM:239-239 [L.169]); they ought to seek out the sick poor in the neighboring villages and should not be satisfied with serving the infirm who come to their place of residence (SWLM:227-228 [L.126], 239-240 [L.208]).<\/p>\n<p>Vincent and Louise referred to the relationship between masters and servants when describing the life of the Daughters of Charity as that of being servants of the poor, their lords and masters.<\/p>\n<p>Mother Rog\u00e9 summarized this contribution of the Vincentian charism to the church\u2019s mission when she stated: <em>When one reads the instructions that Vincent and Louise gave to the first Daughters, we can see that they wanted the Sisters to take on the role of servants on behalf of the poor, our lords and masters. It has often been said that the Daughters of Charity, Servants of the Poor, in their coming and going, were viewed as revolutionary with regard to the manner in which they lived out their consecrated life in the Church. The Daughters, however, were also seen as revolutionary when viewed from the perspective of their ministry among the people<\/em><span id='easy-footnote-1-148901' class='easy-footnote-margin-adjust'><\/span><span class='easy-footnote'><a href='http:\/\/vincentians.com\/en\/the-contributions-of-the-vincentian-charism-to-the-mission-of-the-church-6\/#easy-footnote-bottom-1-148901' title='Mother L. Rog\u00e9, \u201cAttitudes of the Daughters of Charity with regard to service: total gift of self for service\u201d, Conference given during the Meeting of the Provincial Councils in Avila (1981), Editorial CEME, Salamanca, 1982, 231-241.'><sup>1<\/sup><\/a><\/span>.<\/p>\n<p>At the beginning of his Pontificate, Pope Benedict XVI presented himself as <em>a simple and humble labourer in the vineyard of the Lord<a href=\"#_ftn24\" name=\"_ftnref24\"><\/a><\/em><span id='easy-footnote-2-148901' class='easy-footnote-margin-adjust'><\/span><span class='easy-footnote'><a href='http:\/\/vincentians.com\/en\/the-contributions-of-the-vincentian-charism-to-the-mission-of-the-church-6\/#easy-footnote-bottom-2-148901' title='Benedict XVI, &amp;#8220;URBI ET ORBI&amp;#8221; APOSTOLIC BLESSING, FIRST GREETING OF HIS HOLINESS BENEDICT XVI Central loggia of St. Peter&amp;#8217;s Basilica Tuesday, 19 April 2005, &lt;a href=&quot;http:\/\/w2.vatican.va\/content\/benedict-xvi\/en\/speeches\/2005\/april\/documents\/hf_ben-xvi_spe_20050419_first-speech.html&quot;&gt;http:\/\/w2.vatican.va\/content\/benedict-xvi\/en\/speeches\/2005\/april\/documents\/hf_ben-xvi_spe_20050419_first-speech.html&lt;\/a&gt;.'><sup>2<\/sup><\/a><\/span>. \u201cWorkers\u201d \u201capostolic workers\u201d \u201cservants\u201d \u2026 all of these are significant contributions of the Vincentian charism to the church\u2019s mission, contributions to their self-understanding as evangelizers.<\/p>\n<h3><strong><em>Download full article:<\/em><br \/>\n<\/strong><\/h3>\n<div class=\"wpfilebase-file-default\" onclick=\"if('undefined' == typeof event.target.href) document.getElementById('wpfb-file-link-1').click();\">\r\n  <div class=\"icon\"><a href=\"http:\/\/vincentians.com\/en\/download\/vincentian_readings\/issues\/charism\/DELGADO-CORPUS-Contributions-of-Vincentian-Charism-to-the-Mission-of-the-Church.pdf\" target=\"_blank\" title=\"Download Contributions Of Vincentian Charism To The Mission Of The Church\"><img data-recalc-dims=\"1\" decoding=\"async\" align=\"middle\" src=\"https:\/\/i0.wp.com\/vincentians.com\/en\/wp-includes\/images\/crystal\/document.png?w=846\" alt=\"Contributions Of Vincentian Charism To The Mission Of The Church\" \/><\/a><\/div>\r\n  <div class=\"filetitle\">\r\n    <a href=\"http:\/\/vincentians.com\/en\/download\/vincentian_readings\/issues\/charism\/DELGADO-CORPUS-Contributions-of-Vincentian-Charism-to-the-Mission-of-the-Church.pdf\" title=\"Download Contributions Of Vincentian Charism To The Mission Of The Church\" target=\"_blank\" id=\"wpfb-file-link-1\">Contributions Of Vincentian Charism To The Mission Of The Church<\/a>\r\n    \r\n    <br \/>\r\n    DELGADO-CORPUS-Contributions-of-Vincentian-Charism-to-the-Mission-of-the-Church.pdf<br \/>\r\n    Version: 1.0<br \/>\r\n  <\/div>\r\n  <div class=\"info\">\r\n    172.8 KiB<br \/>\r\n    773 Downloads<br \/>\r\n    <a href=\"#\" onclick=\"return wpfilebase_filedetails(1);\">Details<\/a>\r\n  <\/div>\r\n  <div class=\"details\" id=\"wpfilebase-filedetails1\" style=\"display: none;\">\r\n  <p>When we speak about the Vincentian charism, we are referring to the gift of the Spirit, a gift that God bestowed on the Church through the person of Vincent de Paul and Louise de Marillac, a gift of the Spirit which has been passed on to the followers of these two individuals (that is, persons who are members of the various institutions and associations that were inspired by them, men and women who make every effort to live, preserve, deepen and develop that gift in an on-going manner and in harmony with Body of Christ...<\/p>\r\n  <table border=\"0\">\r\n   <tr><td><strong>Languages:<\/strong><\/td><td>English<\/td><\/tr>\r\n   <tr><td><strong>Author:<\/strong><\/td><td>Corpus Juan Delgado, C.M.<\/td><\/tr>\r\n   \r\n   <tr><td><strong>Requirements:<\/strong><\/td><td><a href=\"https:\/\/www.foxitsoftware.com\/products\/pdf-reader\/\" target=\"_blank\">PDF Reader<\/a><\/td><\/tr>\r\n   <tr><td><strong>Category:<\/strong><\/td><td>Vincentian Readings \u2192 Issues \u2192 Charism<\/td><\/tr>\r\n   <tr><td><strong>License:<\/strong><\/td><td>Freeware<\/td><\/tr>\r\n   <tr><td><strong>Date:<\/strong><\/td><td>June 23, 2016<\/td><\/tr>\r\n  <\/table>\r\n  <\/div>\r\n <div style=\"clear: both;\"><\/div>\r\n<\/div>\n","protected":false},"excerpt":{"rendered":"<p>6. The mission of the Church and those who evangelize When Pope Francis referred to the urgency of the evangelizing mission of the church in the midst of today\u2019s world, he exclaimed: How I long &#8230; <a href=\"http:\/\/vincentians.com\/en\/the-contributions-of-the-vincentian-charism-to-the-mission-of-the-church-6\/\" class=\"more-link\">Read More<\/a><\/p>\n","protected":false},"author":4,"featured_media":148885,"comment_status":"open","ping_status":"open","sticky":false,"template":"","format":"standard","meta":{"jetpack_post_was_ever_published":false,"_jetpack_newsletter_access":"","_jetpack_dont_email_post_to_subs":false,"_jetpack_newsletter_tier_id":0,"_jetpack_memberships_contains_paywalled_content":false,"_jetpack_memberships_contains_paid_content":false,"footnotes":"","jetpack_publicize_message":"","jetpack_publicize_feature_enabled":true,"jetpack_social_post_already_shared":true,"jetpack_social_options":{"image_generator_settings":{"template":"highway","default_image_id":0,"font":"","enabled":false},"version":2}},"categories":[28],"tags":[],"class_list":["post-148901","post","type-post","status-publish","format-standard","has-post-thumbnail","hentry","category-vincentian-formation"],"yoast_head":"<!-- This site is optimized with the Yoast SEO plugin v26.3 - https:\/\/yoast.com\/wordpress\/plugins\/seo\/ -->\n<title>The Contributions of the Vincentian Charism to the Mission of the Church (6) - We are Vincentians<\/title>\n<meta name=\"robots\" content=\"index, follow, max-snippet:-1, max-image-preview:large, max-video-preview:-1\" \/>\n<link rel=\"canonical\" href=\"https:\/\/vincentians.com\/en\/the-contributions-of-the-vincentian-charism-to-the-mission-of-the-church-6\/\" \/>\n<meta property=\"og:locale\" content=\"en_US\" \/>\n<meta property=\"og:type\" content=\"article\" \/>\n<meta property=\"og:title\" content=\"The Contributions of the Vincentian Charism to the Mission of the Church (6) - We are Vincentians\" \/>\n<meta property=\"og:description\" content=\"6. The mission of the Church and those who evangelize When Pope Francis referred to the urgency of the evangelizing mission of the church in the midst of today\u2019s world, he exclaimed: How I long ... Read More\" \/>\n<meta property=\"og:url\" content=\"https:\/\/vincentians.com\/en\/the-contributions-of-the-vincentian-charism-to-the-mission-of-the-church-6\/\" \/>\n<meta property=\"og:site_name\" content=\"We are Vincentians\" \/>\n<meta property=\"article:publisher\" content=\"https:\/\/www.facebook.com\/WeAreVincentians\/\" \/>\n<meta property=\"article:author\" content=\"https:\/\/www.facebook.com\/JavierChento\" \/>\n<meta property=\"article:published_time\" content=\"2016-06-28T12:47:59+00:00\" \/>\n<meta property=\"article:modified_time\" content=\"2016-08-04T01:07:42+00:00\" \/>\n<meta property=\"og:image\" content=\"https:\/\/i0.wp.com\/vincentians.com\/en\/wp-content\/uploads\/sites\/2\/2016\/06\/contributions-charism.jpg?fit=1200%2C630&ssl=1\" \/>\n\t<meta property=\"og:image:width\" content=\"1200\" \/>\n\t<meta property=\"og:image:height\" content=\"630\" \/>\n\t<meta property=\"og:image:type\" content=\"image\/jpeg\" \/>\n<meta name=\"author\" content=\"Francisco Javier Fern\u00e1ndez Chento\" \/>\n<meta name=\"twitter:card\" content=\"summary_large_image\" \/>\n<meta name=\"twitter:creator\" content=\"@https:\/\/twitter.com\/javierchento\" \/>\n<meta name=\"twitter:site\" content=\"@WeVincentians\" \/>\n<meta name=\"twitter:label1\" content=\"Written by\" \/>\n\t<meta name=\"twitter:data1\" content=\"Francisco Javier Fern\u00e1ndez Chento\" \/>\n\t<meta name=\"twitter:label2\" content=\"Est. reading time\" \/>\n\t<meta name=\"twitter:data2\" content=\"6 minutes\" \/>\n<script type=\"application\/ld+json\" class=\"yoast-schema-graph\">{\"@context\":\"https:\/\/schema.org\",\"@graph\":[{\"@type\":\"Article\",\"@id\":\"https:\/\/vincentians.com\/en\/the-contributions-of-the-vincentian-charism-to-the-mission-of-the-church-6\/#article\",\"isPartOf\":{\"@id\":\"https:\/\/vincentians.com\/en\/the-contributions-of-the-vincentian-charism-to-the-mission-of-the-church-6\/\"},\"author\":{\"name\":\"Francisco Javier Fern\u00e1ndez Chento\",\"@id\":\"http:\/\/vincentians.com\/en\/#\/schema\/person\/9623ef4d9aa3b2dfb8c061f1499288f2\"},\"headline\":\"The Contributions of the Vincentian Charism to the Mission of the Church (6)\",\"datePublished\":\"2016-06-28T12:47:59+00:00\",\"dateModified\":\"2016-08-04T01:07:42+00:00\",\"mainEntityOfPage\":{\"@id\":\"https:\/\/vincentians.com\/en\/the-contributions-of-the-vincentian-charism-to-the-mission-of-the-church-6\/\"},\"wordCount\":1235,\"commentCount\":0,\"publisher\":{\"@id\":\"http:\/\/vincentians.com\/en\/#organization\"},\"image\":{\"@id\":\"https:\/\/vincentians.com\/en\/the-contributions-of-the-vincentian-charism-to-the-mission-of-the-church-6\/#primaryimage\"},\"thumbnailUrl\":\"https:\/\/i0.wp.com\/vincentians.com\/en\/wp-content\/uploads\/sites\/2\/2016\/06\/contributions-charism.jpg?fit=1200%2C630\",\"articleSection\":[\"Vincentian Formation\"],\"inLanguage\":\"en-US\",\"potentialAction\":[{\"@type\":\"CommentAction\",\"name\":\"Comment\",\"target\":[\"https:\/\/vincentians.com\/en\/the-contributions-of-the-vincentian-charism-to-the-mission-of-the-church-6\/#respond\"]}]},{\"@type\":\"WebPage\",\"@id\":\"https:\/\/vincentians.com\/en\/the-contributions-of-the-vincentian-charism-to-the-mission-of-the-church-6\/\",\"url\":\"https:\/\/vincentians.com\/en\/the-contributions-of-the-vincentian-charism-to-the-mission-of-the-church-6\/\",\"name\":\"The Contributions of the Vincentian Charism to the Mission of the Church (6) - We are Vincentians\",\"isPartOf\":{\"@id\":\"http:\/\/vincentians.com\/en\/#website\"},\"primaryImageOfPage\":{\"@id\":\"https:\/\/vincentians.com\/en\/the-contributions-of-the-vincentian-charism-to-the-mission-of-the-church-6\/#primaryimage\"},\"image\":{\"@id\":\"https:\/\/vincentians.com\/en\/the-contributions-of-the-vincentian-charism-to-the-mission-of-the-church-6\/#primaryimage\"},\"thumbnailUrl\":\"https:\/\/i0.wp.com\/vincentians.com\/en\/wp-content\/uploads\/sites\/2\/2016\/06\/contributions-charism.jpg?fit=1200%2C630\",\"datePublished\":\"2016-06-28T12:47:59+00:00\",\"dateModified\":\"2016-08-04T01:07:42+00:00\",\"breadcrumb\":{\"@id\":\"https:\/\/vincentians.com\/en\/the-contributions-of-the-vincentian-charism-to-the-mission-of-the-church-6\/#breadcrumb\"},\"inLanguage\":\"en-US\",\"potentialAction\":[{\"@type\":\"ReadAction\",\"target\":[\"https:\/\/vincentians.com\/en\/the-contributions-of-the-vincentian-charism-to-the-mission-of-the-church-6\/\"]}]},{\"@type\":\"ImageObject\",\"inLanguage\":\"en-US\",\"@id\":\"https:\/\/vincentians.com\/en\/the-contributions-of-the-vincentian-charism-to-the-mission-of-the-church-6\/#primaryimage\",\"url\":\"https:\/\/i0.wp.com\/vincentians.com\/en\/wp-content\/uploads\/sites\/2\/2016\/06\/contributions-charism.jpg?fit=1200%2C630\",\"contentUrl\":\"https:\/\/i0.wp.com\/vincentians.com\/en\/wp-content\/uploads\/sites\/2\/2016\/06\/contributions-charism.jpg?fit=1200%2C630\",\"width\":1200,\"height\":630},{\"@type\":\"BreadcrumbList\",\"@id\":\"https:\/\/vincentians.com\/en\/the-contributions-of-the-vincentian-charism-to-the-mission-of-the-church-6\/#breadcrumb\",\"itemListElement\":[{\"@type\":\"ListItem\",\"position\":1,\"name\":\"Portada\",\"item\":\"http:\/\/vincentians.com\/en\/\"},{\"@type\":\"ListItem\",\"position\":2,\"name\":\"The Contributions of the Vincentian Charism to the Mission of the Church (6)\"}]},{\"@type\":\"WebSite\",\"@id\":\"http:\/\/vincentians.com\/en\/#website\",\"url\":\"http:\/\/vincentians.com\/en\/\",\"name\":\"We are Vincentians\",\"description\":\"Know more to serve more\",\"publisher\":{\"@id\":\"http:\/\/vincentians.com\/en\/#organization\"},\"potentialAction\":[{\"@type\":\"SearchAction\",\"target\":{\"@type\":\"EntryPoint\",\"urlTemplate\":\"http:\/\/vincentians.com\/en\/?s={search_term_string}\"},\"query-input\":{\"@type\":\"PropertyValueSpecification\",\"valueRequired\":true,\"valueName\":\"search_term_string\"}}],\"inLanguage\":\"en-US\"},{\"@type\":\"Organization\",\"@id\":\"http:\/\/vincentians.com\/en\/#organization\",\"name\":\"The Vincentian Network\",\"url\":\"http:\/\/vincentians.com\/en\/\",\"logo\":{\"@type\":\"ImageObject\",\"inLanguage\":\"en-US\",\"@id\":\"http:\/\/vincentians.com\/en\/#\/schema\/logo\/image\/\",\"url\":\"https:\/\/i1.wp.com\/vincentians.com\/en\/wp-content\/uploads\/sites\/2\/2016\/06\/Vincentian-Network-logo-big.png?fit=778%2C778&ssl=1\",\"contentUrl\":\"https:\/\/i1.wp.com\/vincentians.com\/en\/wp-content\/uploads\/sites\/2\/2016\/06\/Vincentian-Network-logo-big.png?fit=778%2C778&ssl=1\",\"width\":778,\"height\":778,\"caption\":\"The Vincentian Network\"},\"image\":{\"@id\":\"http:\/\/vincentians.com\/en\/#\/schema\/logo\/image\/\"},\"sameAs\":[\"https:\/\/www.facebook.com\/WeAreVincentians\/\",\"https:\/\/x.com\/WeVincentians\"]},{\"@type\":\"Person\",\"@id\":\"http:\/\/vincentians.com\/en\/#\/schema\/person\/9623ef4d9aa3b2dfb8c061f1499288f2\",\"name\":\"Francisco Javier Fern\u00e1ndez Chento\",\"image\":{\"@type\":\"ImageObject\",\"inLanguage\":\"en-US\",\"@id\":\"http:\/\/vincentians.com\/en\/#\/schema\/person\/image\/\",\"url\":\"https:\/\/secure.gravatar.com\/avatar\/497d5cde87b4c3d097d0315953521681ba2cd523ee66e5077c3711f7021e65de?s=96&d=mm&r=g\",\"contentUrl\":\"https:\/\/secure.gravatar.com\/avatar\/497d5cde87b4c3d097d0315953521681ba2cd523ee66e5077c3711f7021e65de?s=96&d=mm&r=g\",\"caption\":\"Francisco Javier Fern\u00e1ndez Chento\"},\"description\":\"Director General y cofundador de La Red de Formaci\u00f3n Vicenciana. Javier es laico vicenciano, afiliado a la Congregaci\u00f3n de la Misi\u00f3n y miembro del Equipo de Misiones Populares de la provincia can\u00f3nica de Zaragoza (Espa\u00f1a) de la Congregaci\u00f3n de la Misi\u00f3n. Graduado en la Universidad Oberta de Catalunya con cuatro grados (Asistente de direcci\u00f3n, Gesti\u00f3n Administrativa, Recursos Humanos y Contabilidad Avanzada). Bil\u00edng\u00fce Espa\u00f1ol\/Ingl\u00e9s. gestiona y mantiene varias p\u00e1ginas web cristianas y vicencianas, incluida including La Red de Formaci\u00f3n Vicenciana, de la que es cofundador. Actualmente es responsable del \u00e1rea de Espa\u00f1ol de .famvin, la Red de Noticias de la Familia Vicenciana. Tambi\u00e9n es m\u00fasico cat\u00f3lico y ha editado varios discos. Es Director General y cofundador de Trovador, una reconocida compa\u00f1\u00eda discogr\u00e1fica critiana de Espa\u00f1a. Trabaja en las Tecnolog\u00edas de la Informaci\u00f3n, ofreciendo servicios de alojamiento, dise\u00f1o y mantenimiento Web, as\u00ed como asesoramiento, formaci\u00f3n y soluciones inform\u00e1ticas, gesti\u00f3n documental y digitalizaci\u00f3n de textos, edici\u00f3n y maquetaci\u00f3n de libros, revistas, flyers, etc.\",\"sameAs\":[\"http:\/\/chento.org\",\"https:\/\/www.facebook.com\/JavierChento\",\"https:\/\/x.com\/https:\/\/twitter.com\/javierchento\"],\"url\":\"http:\/\/vincentians.com\/en\/author\/chento\/\"}]}<\/script>\n<!-- \/ Yoast SEO plugin. -->","yoast_head_json":{"title":"The Contributions of the Vincentian Charism to the Mission of the Church (6) - We are Vincentians","robots":{"index":"index","follow":"follow","max-snippet":"max-snippet:-1","max-image-preview":"max-image-preview:large","max-video-preview":"max-video-preview:-1"},"canonical":"https:\/\/vincentians.com\/en\/the-contributions-of-the-vincentian-charism-to-the-mission-of-the-church-6\/","og_locale":"en_US","og_type":"article","og_title":"The Contributions of the Vincentian Charism to the Mission of the Church (6) - We are Vincentians","og_description":"6. The mission of the Church and those who evangelize When Pope Francis referred to the urgency of the evangelizing mission of the church in the midst of today\u2019s world, he exclaimed: How I long ... Read More","og_url":"https:\/\/vincentians.com\/en\/the-contributions-of-the-vincentian-charism-to-the-mission-of-the-church-6\/","og_site_name":"We are Vincentians","article_publisher":"https:\/\/www.facebook.com\/WeAreVincentians\/","article_author":"https:\/\/www.facebook.com\/JavierChento","article_published_time":"2016-06-28T12:47:59+00:00","article_modified_time":"2016-08-04T01:07:42+00:00","og_image":[{"width":1200,"height":630,"url":"https:\/\/i0.wp.com\/vincentians.com\/en\/wp-content\/uploads\/sites\/2\/2016\/06\/contributions-charism.jpg?fit=1200%2C630&ssl=1","type":"image\/jpeg"}],"author":"Francisco Javier Fern\u00e1ndez Chento","twitter_card":"summary_large_image","twitter_creator":"@https:\/\/twitter.com\/javierchento","twitter_site":"@WeVincentians","twitter_misc":{"Written by":"Francisco Javier Fern\u00e1ndez Chento","Est. reading time":"6 minutes"},"schema":{"@context":"https:\/\/schema.org","@graph":[{"@type":"Article","@id":"https:\/\/vincentians.com\/en\/the-contributions-of-the-vincentian-charism-to-the-mission-of-the-church-6\/#article","isPartOf":{"@id":"https:\/\/vincentians.com\/en\/the-contributions-of-the-vincentian-charism-to-the-mission-of-the-church-6\/"},"author":{"name":"Francisco Javier Fern\u00e1ndez Chento","@id":"http:\/\/vincentians.com\/en\/#\/schema\/person\/9623ef4d9aa3b2dfb8c061f1499288f2"},"headline":"The Contributions of the Vincentian Charism to the Mission of the Church (6)","datePublished":"2016-06-28T12:47:59+00:00","dateModified":"2016-08-04T01:07:42+00:00","mainEntityOfPage":{"@id":"https:\/\/vincentians.com\/en\/the-contributions-of-the-vincentian-charism-to-the-mission-of-the-church-6\/"},"wordCount":1235,"commentCount":0,"publisher":{"@id":"http:\/\/vincentians.com\/en\/#organization"},"image":{"@id":"https:\/\/vincentians.com\/en\/the-contributions-of-the-vincentian-charism-to-the-mission-of-the-church-6\/#primaryimage"},"thumbnailUrl":"https:\/\/i0.wp.com\/vincentians.com\/en\/wp-content\/uploads\/sites\/2\/2016\/06\/contributions-charism.jpg?fit=1200%2C630","articleSection":["Vincentian Formation"],"inLanguage":"en-US","potentialAction":[{"@type":"CommentAction","name":"Comment","target":["https:\/\/vincentians.com\/en\/the-contributions-of-the-vincentian-charism-to-the-mission-of-the-church-6\/#respond"]}]},{"@type":"WebPage","@id":"https:\/\/vincentians.com\/en\/the-contributions-of-the-vincentian-charism-to-the-mission-of-the-church-6\/","url":"https:\/\/vincentians.com\/en\/the-contributions-of-the-vincentian-charism-to-the-mission-of-the-church-6\/","name":"The Contributions of the Vincentian Charism to the Mission of the Church (6) - We are Vincentians","isPartOf":{"@id":"http:\/\/vincentians.com\/en\/#website"},"primaryImageOfPage":{"@id":"https:\/\/vincentians.com\/en\/the-contributions-of-the-vincentian-charism-to-the-mission-of-the-church-6\/#primaryimage"},"image":{"@id":"https:\/\/vincentians.com\/en\/the-contributions-of-the-vincentian-charism-to-the-mission-of-the-church-6\/#primaryimage"},"thumbnailUrl":"https:\/\/i0.wp.com\/vincentians.com\/en\/wp-content\/uploads\/sites\/2\/2016\/06\/contributions-charism.jpg?fit=1200%2C630","datePublished":"2016-06-28T12:47:59+00:00","dateModified":"2016-08-04T01:07:42+00:00","breadcrumb":{"@id":"https:\/\/vincentians.com\/en\/the-contributions-of-the-vincentian-charism-to-the-mission-of-the-church-6\/#breadcrumb"},"inLanguage":"en-US","potentialAction":[{"@type":"ReadAction","target":["https:\/\/vincentians.com\/en\/the-contributions-of-the-vincentian-charism-to-the-mission-of-the-church-6\/"]}]},{"@type":"ImageObject","inLanguage":"en-US","@id":"https:\/\/vincentians.com\/en\/the-contributions-of-the-vincentian-charism-to-the-mission-of-the-church-6\/#primaryimage","url":"https:\/\/i0.wp.com\/vincentians.com\/en\/wp-content\/uploads\/sites\/2\/2016\/06\/contributions-charism.jpg?fit=1200%2C630","contentUrl":"https:\/\/i0.wp.com\/vincentians.com\/en\/wp-content\/uploads\/sites\/2\/2016\/06\/contributions-charism.jpg?fit=1200%2C630","width":1200,"height":630},{"@type":"BreadcrumbList","@id":"https:\/\/vincentians.com\/en\/the-contributions-of-the-vincentian-charism-to-the-mission-of-the-church-6\/#breadcrumb","itemListElement":[{"@type":"ListItem","position":1,"name":"Portada","item":"http:\/\/vincentians.com\/en\/"},{"@type":"ListItem","position":2,"name":"The Contributions of the Vincentian Charism to the Mission of the Church (6)"}]},{"@type":"WebSite","@id":"http:\/\/vincentians.com\/en\/#website","url":"http:\/\/vincentians.com\/en\/","name":"We are Vincentians","description":"Know more to serve more","publisher":{"@id":"http:\/\/vincentians.com\/en\/#organization"},"potentialAction":[{"@type":"SearchAction","target":{"@type":"EntryPoint","urlTemplate":"http:\/\/vincentians.com\/en\/?s={search_term_string}"},"query-input":{"@type":"PropertyValueSpecification","valueRequired":true,"valueName":"search_term_string"}}],"inLanguage":"en-US"},{"@type":"Organization","@id":"http:\/\/vincentians.com\/en\/#organization","name":"The Vincentian Network","url":"http:\/\/vincentians.com\/en\/","logo":{"@type":"ImageObject","inLanguage":"en-US","@id":"http:\/\/vincentians.com\/en\/#\/schema\/logo\/image\/","url":"https:\/\/i1.wp.com\/vincentians.com\/en\/wp-content\/uploads\/sites\/2\/2016\/06\/Vincentian-Network-logo-big.png?fit=778%2C778&ssl=1","contentUrl":"https:\/\/i1.wp.com\/vincentians.com\/en\/wp-content\/uploads\/sites\/2\/2016\/06\/Vincentian-Network-logo-big.png?fit=778%2C778&ssl=1","width":778,"height":778,"caption":"The Vincentian Network"},"image":{"@id":"http:\/\/vincentians.com\/en\/#\/schema\/logo\/image\/"},"sameAs":["https:\/\/www.facebook.com\/WeAreVincentians\/","https:\/\/x.com\/WeVincentians"]},{"@type":"Person","@id":"http:\/\/vincentians.com\/en\/#\/schema\/person\/9623ef4d9aa3b2dfb8c061f1499288f2","name":"Francisco Javier Fern\u00e1ndez Chento","image":{"@type":"ImageObject","inLanguage":"en-US","@id":"http:\/\/vincentians.com\/en\/#\/schema\/person\/image\/","url":"https:\/\/secure.gravatar.com\/avatar\/497d5cde87b4c3d097d0315953521681ba2cd523ee66e5077c3711f7021e65de?s=96&d=mm&r=g","contentUrl":"https:\/\/secure.gravatar.com\/avatar\/497d5cde87b4c3d097d0315953521681ba2cd523ee66e5077c3711f7021e65de?s=96&d=mm&r=g","caption":"Francisco Javier Fern\u00e1ndez Chento"},"description":"Director General y cofundador de La Red de Formaci\u00f3n Vicenciana. Javier es laico vicenciano, afiliado a la Congregaci\u00f3n de la Misi\u00f3n y miembro del Equipo de Misiones Populares de la provincia can\u00f3nica de Zaragoza (Espa\u00f1a) de la Congregaci\u00f3n de la Misi\u00f3n. Graduado en la Universidad Oberta de Catalunya con cuatro grados (Asistente de direcci\u00f3n, Gesti\u00f3n Administrativa, Recursos Humanos y Contabilidad Avanzada). Bil\u00edng\u00fce Espa\u00f1ol\/Ingl\u00e9s. gestiona y mantiene varias p\u00e1ginas web cristianas y vicencianas, incluida including La Red de Formaci\u00f3n Vicenciana, de la que es cofundador. Actualmente es responsable del \u00e1rea de Espa\u00f1ol de .famvin, la Red de Noticias de la Familia Vicenciana. Tambi\u00e9n es m\u00fasico cat\u00f3lico y ha editado varios discos. Es Director General y cofundador de Trovador, una reconocida compa\u00f1\u00eda discogr\u00e1fica critiana de Espa\u00f1a. Trabaja en las Tecnolog\u00edas de la Informaci\u00f3n, ofreciendo servicios de alojamiento, dise\u00f1o y mantenimiento Web, as\u00ed como asesoramiento, formaci\u00f3n y soluciones inform\u00e1ticas, gesti\u00f3n documental y digitalizaci\u00f3n de textos, edici\u00f3n y maquetaci\u00f3n de libros, revistas, flyers, etc.","sameAs":["http:\/\/chento.org","https:\/\/www.facebook.com\/JavierChento","https:\/\/x.com\/https:\/\/twitter.com\/javierchento"],"url":"http:\/\/vincentians.com\/en\/author\/chento\/"}]}},"jetpack_publicize_connections":[],"jetpack_featured_media_url":"https:\/\/i0.wp.com\/vincentians.com\/en\/wp-content\/uploads\/sites\/2\/2016\/06\/contributions-charism.jpg?fit=1200%2C630","jetpack_sharing_enabled":true,"jetpack_shortlink":"https:\/\/wp.me\/p7K2Ow-CJD","jetpack-related-posts":[{"id":108462,"url":"http:\/\/vincentians.com\/en\/apostolic-exhortation-evangelii-gaudium\/","url_meta":{"origin":148901,"position":0},"title":"Apostolic exhortation \u201cEvangelii gaudium\u201d","author":"Francisco Javier Fern\u00e1ndez Chento","date":"November 26, 2013","format":false,"excerpt":"Apostolic exhortation \u201cEvangelii gaudium\u201d of the Holy Father Francis to the Bishops, Clergy, Consecrated persons and the Lay faithful on the proclamation of the Gospel in today\u2019s World The joy of the Gospel fills the hearts and lives of all who encounter Jesus. Those who accept his offer of salvation\u2026","rel":"","context":"In &quot;Papal Documents&quot;","block_context":{"text":"Papal Documents","link":"http:\/\/vincentians.com\/en\/category\/christian-formation\/papal-documents\/"},"img":{"alt_text":"","src":"https:\/\/i0.wp.com\/vincentians.com\/en\/wp-content\/uploads\/sites\/2\/2013\/11\/evangelii-gaudium.jpg?fit=1200%2C630&resize=350%2C200","width":350,"height":200,"srcset":"https:\/\/i0.wp.com\/vincentians.com\/en\/wp-content\/uploads\/sites\/2\/2013\/11\/evangelii-gaudium.jpg?fit=1200%2C630&resize=350%2C200 1x, https:\/\/i0.wp.com\/vincentians.com\/en\/wp-content\/uploads\/sites\/2\/2013\/11\/evangelii-gaudium.jpg?fit=1200%2C630&resize=525%2C300 1.5x, https:\/\/i0.wp.com\/vincentians.com\/en\/wp-content\/uploads\/sites\/2\/2013\/11\/evangelii-gaudium.jpg?fit=1200%2C630&resize=700%2C400 2x, https:\/\/i0.wp.com\/vincentians.com\/en\/wp-content\/uploads\/sites\/2\/2013\/11\/evangelii-gaudium.jpg?fit=1200%2C630&resize=1050%2C600 3x"},"classes":[]},{"id":109119,"url":"http:\/\/vincentians.com\/en\/vincentian-contributions-to-the-new-evangelization\/","url_meta":{"origin":148901,"position":1},"title":"Vincentian Contributions to the New Evangelization","author":"Francisco Javier Fern\u00e1ndez Chento","date":"January 21, 2014","format":false,"excerpt":"Introduction For some time in the Congregation of the Mission and in many circles of the Vincentian Family we have listened to people speak about the Vincentian manner of \u201cbeing\u201d and \u201cdoing\u201d. On the one hand, we are in full accord with the fact that the charism, the being, the\u2026","rel":"","context":"In &quot;Missions&quot;","block_context":{"text":"Missions","link":"http:\/\/vincentians.com\/en\/category\/ministries\/missions\/"},"img":{"alt_text":"","src":"https:\/\/i0.wp.com\/vincentians.com\/en\/wp-content\/uploads\/sites\/2\/2014\/01\/Vincentian-Family-leaders-meeting-in-Paris.jpg?fit=1200%2C630&resize=350%2C200","width":350,"height":200,"srcset":"https:\/\/i0.wp.com\/vincentians.com\/en\/wp-content\/uploads\/sites\/2\/2014\/01\/Vincentian-Family-leaders-meeting-in-Paris.jpg?fit=1200%2C630&resize=350%2C200 1x, https:\/\/i0.wp.com\/vincentians.com\/en\/wp-content\/uploads\/sites\/2\/2014\/01\/Vincentian-Family-leaders-meeting-in-Paris.jpg?fit=1200%2C630&resize=525%2C300 1.5x, https:\/\/i0.wp.com\/vincentians.com\/en\/wp-content\/uploads\/sites\/2\/2014\/01\/Vincentian-Family-leaders-meeting-in-Paris.jpg?fit=1200%2C630&resize=700%2C400 2x, https:\/\/i0.wp.com\/vincentians.com\/en\/wp-content\/uploads\/sites\/2\/2014\/01\/Vincentian-Family-leaders-meeting-in-Paris.jpg?fit=1200%2C630&resize=1050%2C600 3x"},"classes":[]},{"id":153195,"url":"http:\/\/vincentians.com\/en\/the-vincentian-charism-and-the-new-evangelization-some-significant-vincentian-elements-for-the-present-day-process-of-evangelization\/","url_meta":{"origin":148901,"position":2},"title":"The Vincentian Charism and the New Evangelization: Some significant Vincentian elements for the present day process of evangelization","author":"Francisco Javier Fern\u00e1ndez Chento","date":"September 16, 2016","format":false,"excerpt":"Starting Point: Confrontation between being and doing Frequently in our meetings, gatherings and assemblies, we ask many questions with regard to Vincentian being and doing. We have two perceptions: on the one hand, we agree on the fact that the charism, the being, the identity, the characteristic mark of Vincentians\u2026","rel":"","context":"In &quot;Vincentian Formation&quot;","block_context":{"text":"Vincentian Formation","link":"http:\/\/vincentians.com\/en\/category\/vincentian-formation\/"},"img":{"alt_text":"","src":"https:\/\/i0.wp.com\/vincentians.com\/en\/wp-content\/uploads\/sites\/2\/2016\/09\/evangelizar-celestino-fb.jpg?fit=1200%2C630&resize=350%2C200","width":350,"height":200,"srcset":"https:\/\/i0.wp.com\/vincentians.com\/en\/wp-content\/uploads\/sites\/2\/2016\/09\/evangelizar-celestino-fb.jpg?fit=1200%2C630&resize=350%2C200 1x, https:\/\/i0.wp.com\/vincentians.com\/en\/wp-content\/uploads\/sites\/2\/2016\/09\/evangelizar-celestino-fb.jpg?fit=1200%2C630&resize=525%2C300 1.5x, https:\/\/i0.wp.com\/vincentians.com\/en\/wp-content\/uploads\/sites\/2\/2016\/09\/evangelizar-celestino-fb.jpg?fit=1200%2C630&resize=700%2C400 2x, https:\/\/i0.wp.com\/vincentians.com\/en\/wp-content\/uploads\/sites\/2\/2016\/09\/evangelizar-celestino-fb.jpg?fit=1200%2C630&resize=1050%2C600 3x"},"classes":[]},{"id":149119,"url":"http:\/\/vincentians.com\/en\/the-vincentian-charism-and-the-new-evangelization\/","url_meta":{"origin":148901,"position":3},"title":"The Vincentian Charism and the New Evangelization","author":"Francisco Javier Fern\u00e1ndez Chento","date":"June 30, 2016","format":false,"excerpt":"Some significant Vincentian elements for the present day process of evangelization [1] Introduction When Father Joseph Agostino invited me to make this presentation, I was flattered and experienced a certain pride. After all, not just anyone is invited to address the esteemed delegates of a General Assembly of the Congregation\u2026","rel":"","context":"In &quot;Charism&quot;","block_context":{"text":"Charism","link":"http:\/\/vincentians.com\/en\/category\/spirituality\/charism\/"},"img":{"alt_text":"","src":"https:\/\/i0.wp.com\/vincentians.com\/en\/wp-content\/uploads\/sites\/2\/2016\/06\/new-evangelization.jpg?fit=1200%2C630&resize=350%2C200","width":350,"height":200,"srcset":"https:\/\/i0.wp.com\/vincentians.com\/en\/wp-content\/uploads\/sites\/2\/2016\/06\/new-evangelization.jpg?fit=1200%2C630&resize=350%2C200 1x, https:\/\/i0.wp.com\/vincentians.com\/en\/wp-content\/uploads\/sites\/2\/2016\/06\/new-evangelization.jpg?fit=1200%2C630&resize=525%2C300 1.5x, https:\/\/i0.wp.com\/vincentians.com\/en\/wp-content\/uploads\/sites\/2\/2016\/06\/new-evangelization.jpg?fit=1200%2C630&resize=700%2C400 2x, https:\/\/i0.wp.com\/vincentians.com\/en\/wp-content\/uploads\/sites\/2\/2016\/06\/new-evangelization.jpg?fit=1200%2C630&resize=1050%2C600 3x"},"classes":[]},{"id":148903,"url":"http:\/\/vincentians.com\/en\/the-contributions-of-the-vincentian-charism-to-the-mission-of-the-church-8\/","url_meta":{"origin":148901,"position":4},"title":"The Contributions of the Vincentian Charism to the Mission of the Church (8)","author":"Francisco Javier Fern\u00e1ndez Chento","date":"June 30, 2016","format":false,"excerpt":"8. Charity animates the mission and the mission is charity Jesus, in the synagogue at Nazareth and as he proclaimed the text from the prophet Isaiah (The Spirit of the Lord is upon me, because he has anointed me to bring glad tidings to the poor. He has sent me\u2026","rel":"","context":"In &quot;Vincentian Formation&quot;","block_context":{"text":"Vincentian Formation","link":"http:\/\/vincentians.com\/en\/category\/vincentian-formation\/"},"img":{"alt_text":"","src":"https:\/\/i0.wp.com\/vincentians.com\/en\/wp-content\/uploads\/sites\/2\/2016\/06\/contributions-charism.jpg?fit=1200%2C630&resize=350%2C200","width":350,"height":200,"srcset":"https:\/\/i0.wp.com\/vincentians.com\/en\/wp-content\/uploads\/sites\/2\/2016\/06\/contributions-charism.jpg?fit=1200%2C630&resize=350%2C200 1x, https:\/\/i0.wp.com\/vincentians.com\/en\/wp-content\/uploads\/sites\/2\/2016\/06\/contributions-charism.jpg?fit=1200%2C630&resize=525%2C300 1.5x, https:\/\/i0.wp.com\/vincentians.com\/en\/wp-content\/uploads\/sites\/2\/2016\/06\/contributions-charism.jpg?fit=1200%2C630&resize=700%2C400 2x, https:\/\/i0.wp.com\/vincentians.com\/en\/wp-content\/uploads\/sites\/2\/2016\/06\/contributions-charism.jpg?fit=1200%2C630&resize=1050%2C600 3x"},"classes":[]},{"id":148899,"url":"http:\/\/vincentians.com\/en\/the-contributions-of-the-vincentian-charism-to-the-mission-of-the-church-4\/","url_meta":{"origin":148901,"position":5},"title":"The Contributions of the Vincentian Charism to the Mission of the Church (4)","author":"Francisco Javier Fern\u00e1ndez Chento","date":"June 26, 2016","format":false,"excerpt":"4. The salvation of the poor at the center of the Church\u2019s mission Vincent de Paul and Louise de Marillac shared the same experience: the poor are members of Christ and as such, are members of the Church. In the Church, the Body of Christ, the poor occupy the most\u2026","rel":"","context":"In &quot;Vincentian Formation&quot;","block_context":{"text":"Vincentian Formation","link":"http:\/\/vincentians.com\/en\/category\/vincentian-formation\/"},"img":{"alt_text":"","src":"https:\/\/i0.wp.com\/vincentians.com\/en\/wp-content\/uploads\/sites\/2\/2016\/06\/contributions-charism.jpg?fit=1200%2C630&resize=350%2C200","width":350,"height":200,"srcset":"https:\/\/i0.wp.com\/vincentians.com\/en\/wp-content\/uploads\/sites\/2\/2016\/06\/contributions-charism.jpg?fit=1200%2C630&resize=350%2C200 1x, https:\/\/i0.wp.com\/vincentians.com\/en\/wp-content\/uploads\/sites\/2\/2016\/06\/contributions-charism.jpg?fit=1200%2C630&resize=525%2C300 1.5x, https:\/\/i0.wp.com\/vincentians.com\/en\/wp-content\/uploads\/sites\/2\/2016\/06\/contributions-charism.jpg?fit=1200%2C630&resize=700%2C400 2x, https:\/\/i0.wp.com\/vincentians.com\/en\/wp-content\/uploads\/sites\/2\/2016\/06\/contributions-charism.jpg?fit=1200%2C630&resize=1050%2C600 3x"},"classes":[]}],"_links":{"self":[{"href":"http:\/\/vincentians.com\/en\/wp-json\/wp\/v2\/posts\/148901","targetHints":{"allow":["GET"]}}],"collection":[{"href":"http:\/\/vincentians.com\/en\/wp-json\/wp\/v2\/posts"}],"about":[{"href":"http:\/\/vincentians.com\/en\/wp-json\/wp\/v2\/types\/post"}],"author":[{"embeddable":true,"href":"http:\/\/vincentians.com\/en\/wp-json\/wp\/v2\/users\/4"}],"replies":[{"embeddable":true,"href":"http:\/\/vincentians.com\/en\/wp-json\/wp\/v2\/comments?post=148901"}],"version-history":[{"count":0,"href":"http:\/\/vincentians.com\/en\/wp-json\/wp\/v2\/posts\/148901\/revisions"}],"wp:featuredmedia":[{"embeddable":true,"href":"http:\/\/vincentians.com\/en\/wp-json\/wp\/v2\/media\/148885"}],"wp:attachment":[{"href":"http:\/\/vincentians.com\/en\/wp-json\/wp\/v2\/media?parent=148901"}],"wp:term":[{"taxonomy":"category","embeddable":true,"href":"http:\/\/vincentians.com\/en\/wp-json\/wp\/v2\/categories?post=148901"},{"taxonomy":"post_tag","embeddable":true,"href":"http:\/\/vincentians.com\/en\/wp-json\/wp\/v2\/tags?post=148901"}],"curies":[{"name":"wp","href":"https:\/\/api.w.org\/{rel}","templated":true}]}}