{"id":148900,"date":"2016-06-27T14:47:58","date_gmt":"2016-06-27T12:47:58","guid":{"rendered":"http:\/\/vincentians.com\/en\/?p=148900"},"modified":"2016-08-04T03:07:30","modified_gmt":"2016-08-04T01:07:30","slug":"the-contributions-of-the-vincentian-charism-to-the-mission-of-the-church-5","status":"publish","type":"post","link":"http:\/\/vincentians.com\/en\/the-contributions-of-the-vincentian-charism-to-the-mission-of-the-church-5\/","title":{"rendered":"The Contributions of the Vincentian Charism to the Mission of the Church (5)"},"content":{"rendered":"<h2><strong>5. The world, as seen and desired by God, is the environment in which the mission of the Church is accomplished<\/strong><\/h2>\n<p>In order to describe the Vincentian vision of the world and history, Father Morin has utilized the comparison of a person who beholds some aspect of reality. Thus, he describes the spiritual journey of Vincent de Paul as a history of beholding the poor: beholding the poor in a manner that expanded as he encountered the poor, beholding the poor in a manner that took in all those who were poor, beholding the poor in such a manner that from the little parish in Ch\u00e2tillon his vision became universal (eventually extending to Madagascar), beholding the poor in a manner that was deepened with the passing of time (from beholding the poor to beholding Jesus Christ, from beholding Jesus Christ to beholding the poor)<span id='easy-footnote-1-148900' class='easy-footnote-margin-adjust'><\/span><span class='easy-footnote'><a href='http:\/\/vincentians.com\/en\/the-contributions-of-the-vincentian-charism-to-the-mission-of-the-church-5\/#easy-footnote-bottom-1-148900' title='J. MORIN, \u201cHistor\u00eda de una Mirada sobre el pobre\u201d in &lt;em&gt;En tiempos de San Vicente de Pa\u00fal y hoy, &lt;\/em&gt;CEME, Salamanca, 1997, volumen I, p. 377-401.'><sup>1<\/sup><\/a><\/span>.<\/p>\n<p>Wanting to see the world as Jesus saw it and as Jesus desired it, Vincent came to understand that his works and establishments were not of his doing but rather, were founded and established by God: <em>The good which God desires is accomplished almost by itself, without our even thinking of it. That is how our Congregation came into being, that missions and retreats for the ordinands began, that the Company of the Daughters of Charity was formed, that the Ladies of Charity for the assistance of the poor at the Hotel Dieu of Paris and the sick in the parishes were established. That is also how the care of the foundlings began and, in a word, how all the works for which we are now responsible came into existence. None of the above was deliberately undertaken by us, but God Himself, who wanted to be served in such circumstances, brought them imperceptibly into being. If He made use of us, we had no idea, however, where that was leading <\/em>(CCD:IV:128-129).<\/p>\n<p>In the prophetic writings we frequently find the expression: <em>what do you see? <\/em>(Amos 8:1; Jeremiah 1:11), following by the words: <em>then the Lord showed me <\/em>or <em>then the Lord said to me <\/em>(thus, the clay in the hands of the potter, the vineyard with sour grapes, the fig tree). Reality is transformed by the glance of the prophet, that is, God allows the prophet to see the world and history not in the manner that their contemporaries viewed those realities, but as God saw them, as God desired them. Father Renouard states that in the eyes of Vincent de Paul <em>events are a sign from God and, in the case of the poor, such signs are privileged. Vincent viewed events as revealing God, as revealing the will of God<\/em><span id='easy-footnote-2-148900' class='easy-footnote-margin-adjust'><\/span><span class='easy-footnote'><a href='http:\/\/vincentians.com\/en\/the-contributions-of-the-vincentian-charism-to-the-mission-of-the-church-5\/#easy-footnote-bottom-2-148900' title='J. P. Renouard, \u201cLa atenci\u00f3n a los acontecimientos\u201d in &lt;em&gt;En teimpos de San Vicente de Pa\u00fal y hoy, &lt;\/em&gt;CEME, Salamanca, 1997, volume II, p.395.'><sup>2<\/sup><\/a><\/span>.<\/p>\n<p>The ability to see the world as God sees it and desires it led Vincent de Paul to state: <em>the poor, who do not know where to go and what to do, who are suffering already and who increase daily, are my burden and my sorrow <\/em>(CCD:III:492). At the same time Vincent denounced the reality that <em>the great ones of this world think only of honors and wealth <\/em>(CCD:XI:20). He made every effort to advance the liberation and the salvation of the poor because <em>the Son of God became man like us in order that we might not only be saved, but, like him, saviors, which means cooperating with him in the salvation of souls <\/em>(CCD:XII:97). Vincent was so convinced of this fact that he was able to say: <em>It is not enough for me to love God, if my neighbor does not love him <\/em>(CCD:XII:215).<\/p>\n<p>Again we find Vincent encouraging people to see things as God sees them: <em>I ask Our Lord to grant us the grace of considering those matters as they are in God and not as they appear apart from him; otherwise we might deceive ourselves and act other than he wishes <\/em>(CCD:VII:403).<\/p>\n<ul>\n<li>\u2026<em>Conforming ourselves to God\u2019s judgment of things \u2026 so then, like Our Lord, let us bring our judgment into harmony with God\u2019s judgment, made known to us through Holy Scripture \u2026 So then in nomine Domini, we can form our reasoning on what is most conformable to the spirit of the gospel <\/em>(CCD:XII:175, 176).<\/li>\n<\/ul>\n<p>During the April 27<sup>th<\/sup>, 1657 conference Vincent stated: <em>I must not judge a poor peasant man or woman by their appearance or their apparent intelligence, especially since very often they scarcely have the expression or the mind of rational persons, so crude and vulgar they are. But turn the medal, and you will see by the light of faith that the Son of God, who willed to be poor, is represented to us by these poor people \u2026 How beautiful it is to see poor people if we consider them in God and with the esteem in which Jesus Christ held them! If, however, we look on them according to the sentiments of the flesh and a worldly spirit, they will seem contemptible <\/em>(CCD:XI:26).<\/p>\n<p>Viewing the world as God sees it and desires it explains the Vincentian commitment to the cause of the poor because seeing things with God\u2019s eyes allows the members of the Vincentian Family to see the poor as representatives of Jesus Christ (the poor are the suffering members of Christ\u2019s body).<\/p>\n<p>In the writings of Louise de Marillac we find many different expressions that describe the poor as viewed and desired by God: <em>members of Jesus <\/em>(SWLM:6 [L.1]), <em>our masters <\/em>(SWLM:12 [L.43]), <em>poor creatures that [God] in his goodness wills to look upon as his members <\/em>(SWLM:18 [L.9]), <em>our dear masters <\/em>(SWLM:36 [L.426]), <em>souls redeemed by the blood of the Son of God <\/em>(SWLM:50 [L.41]), <em>our masters, the dear members of Christ <\/em>(SWLM:81 [L.547]), <em>members of Jesus Christ <\/em>(SWLM:113 [L.104b]), 409 [L.389]), <em>creatures redeemed by the blood of the Son of God <\/em>(SWLM:421 [L.367]), <em>members of Jesus Christ and our masters <\/em>(SWLM:468 [L.424]).<\/p>\n<p>The world, as God sees it and desires it, is the place where the mission of the Church is carried out, and this is done in such a way that when service on behalf of the poor requires it, one is willing to put aside prayer and even the Eucharist \u2026 ministering in such a way one does not neglect the duties of religion but rather <em>one is leaving God for God. <\/em>Vincent stated: <em>if the good pleasure of God were that you should go on a Sunday to nurse a sick person instead of going to Mass, even though that is a matter of obligation, you should do it. That is called leaving God for God <\/em>(CCD:X:76).<\/p>\n<p>In this same regard, Louise de Marillac states: <em>Do not scruple to omit one or other of your exercises either to assist your Sisters or for the service of the poor. You do this for the love of God and this is what he asks of you <\/em>(SWLM:526 [L.547b).<\/p>\n<p>To go out in order to serve the poor is to go out to encounter God: <em>Go to visit a chain gang, you will find God there. Look after those little children, you will find God there, How delightful Sisters! You go into poor homes, but you find God there <\/em>(CCD:IX:199).<\/p>\n<p>The Vincentian charism has contributed to the Church\u2019s mission in the sense that the followers of Jesus Christ are attentive to the world that surrounds them, especially the world of the poor \u2026 they see the world as God sees it and as God desires it and thus, they commit themselves to the transformation of the world.<\/p>\n<h3><strong><em>Download full article:<\/em><br \/>\n<\/strong><\/h3>\n<div class=\"wpfilebase-file-default\" onclick=\"if('undefined' == typeof event.target.href) document.getElementById('wpfb-file-link-1').click();\">\r\n  <div class=\"icon\"><a href=\"http:\/\/vincentians.com\/en\/download\/vincentian_readings\/issues\/charism\/DELGADO-CORPUS-Contributions-of-Vincentian-Charism-to-the-Mission-of-the-Church.pdf\" target=\"_blank\" title=\"Download Contributions Of Vincentian Charism To The Mission Of The Church\"><img data-recalc-dims=\"1\" decoding=\"async\" align=\"middle\" src=\"https:\/\/i0.wp.com\/vincentians.com\/en\/wp-includes\/images\/crystal\/document.png?w=846\" alt=\"Contributions Of Vincentian Charism To The Mission Of The Church\" \/><\/a><\/div>\r\n  <div class=\"filetitle\">\r\n    <a href=\"http:\/\/vincentians.com\/en\/download\/vincentian_readings\/issues\/charism\/DELGADO-CORPUS-Contributions-of-Vincentian-Charism-to-the-Mission-of-the-Church.pdf\" title=\"Download Contributions Of Vincentian Charism To The Mission Of The Church\" target=\"_blank\" id=\"wpfb-file-link-1\">Contributions Of Vincentian Charism To The Mission Of The Church<\/a>\r\n    \r\n    <br \/>\r\n    DELGADO-CORPUS-Contributions-of-Vincentian-Charism-to-the-Mission-of-the-Church.pdf<br \/>\r\n    Version: 1.0<br \/>\r\n  <\/div>\r\n  <div class=\"info\">\r\n    172.8 KiB<br \/>\r\n    773 Downloads<br \/>\r\n    <a href=\"#\" onclick=\"return wpfilebase_filedetails(1);\">Details<\/a>\r\n  <\/div>\r\n  <div class=\"details\" id=\"wpfilebase-filedetails1\" style=\"display: none;\">\r\n  <p>When we speak about the Vincentian charism, we are referring to the gift of the Spirit, a gift that God bestowed on the Church through the person of Vincent de Paul and Louise de Marillac, a gift of the Spirit which has been passed on to the followers of these two individuals (that is, persons who are members of the various institutions and associations that were inspired by them, men and women who make every effort to live, preserve, deepen and develop that gift in an on-going manner and in harmony with Body of Christ...<\/p>\r\n  <table border=\"0\">\r\n   <tr><td><strong>Languages:<\/strong><\/td><td>English<\/td><\/tr>\r\n   <tr><td><strong>Author:<\/strong><\/td><td>Corpus Juan Delgado, C.M.<\/td><\/tr>\r\n   \r\n   <tr><td><strong>Requirements:<\/strong><\/td><td><a href=\"https:\/\/www.foxitsoftware.com\/products\/pdf-reader\/\" target=\"_blank\">PDF Reader<\/a><\/td><\/tr>\r\n   <tr><td><strong>Category:<\/strong><\/td><td>Vincentian Readings \u2192 Issues \u2192 Charism<\/td><\/tr>\r\n   <tr><td><strong>License:<\/strong><\/td><td>Freeware<\/td><\/tr>\r\n   <tr><td><strong>Date:<\/strong><\/td><td>June 23, 2016<\/td><\/tr>\r\n  <\/table>\r\n  <\/div>\r\n <div style=\"clear: both;\"><\/div>\r\n<\/div>\n","protected":false},"excerpt":{"rendered":"<p>5. The world, as seen and desired by God, is the environment in which the mission of the Church is accomplished In order to describe the Vincentian vision of the world and history, Father Morin &#8230; <a href=\"http:\/\/vincentians.com\/en\/the-contributions-of-the-vincentian-charism-to-the-mission-of-the-church-5\/\" class=\"more-link\">Read More<\/a><\/p>\n","protected":false},"author":4,"featured_media":148885,"comment_status":"open","ping_status":"open","sticky":false,"template":"","format":"standard","meta":{"jetpack_post_was_ever_published":false,"_jetpack_newsletter_access":"","_jetpack_dont_email_post_to_subs":false,"_jetpack_newsletter_tier_id":0,"_jetpack_memberships_contains_paywalled_content":false,"_jetpack_memberships_contains_paid_content":false,"footnotes":"","jetpack_publicize_message":"","jetpack_publicize_feature_enabled":true,"jetpack_social_post_already_shared":true,"jetpack_social_options":{"image_generator_settings":{"template":"highway","default_image_id":0,"font":"","enabled":false},"version":2}},"categories":[28],"tags":[],"class_list":["post-148900","post","type-post","status-publish","format-standard","has-post-thumbnail","hentry","category-vincentian-formation"],"yoast_head":"<!-- This site is optimized with the Yoast SEO plugin v26.3 - https:\/\/yoast.com\/wordpress\/plugins\/seo\/ -->\n<title>The Contributions of the Vincentian Charism to the Mission of the Church (5) - We are Vincentians<\/title>\n<meta name=\"robots\" content=\"index, follow, max-snippet:-1, max-image-preview:large, max-video-preview:-1\" \/>\n<link rel=\"canonical\" href=\"http:\/\/vincentians.com\/en\/the-contributions-of-the-vincentian-charism-to-the-mission-of-the-church-5\/\" \/>\n<meta property=\"og:locale\" content=\"en_US\" \/>\n<meta property=\"og:type\" content=\"article\" \/>\n<meta property=\"og:title\" content=\"The Contributions of the Vincentian Charism to the Mission of the Church (5) - We are Vincentians\" \/>\n<meta property=\"og:description\" content=\"5. The world, as seen and desired by God, is the environment in which the mission of the Church is accomplished In order to describe the Vincentian vision of the world and history, Father Morin ... Read More\" \/>\n<meta property=\"og:url\" content=\"http:\/\/vincentians.com\/en\/the-contributions-of-the-vincentian-charism-to-the-mission-of-the-church-5\/\" \/>\n<meta property=\"og:site_name\" content=\"We are Vincentians\" \/>\n<meta property=\"article:publisher\" content=\"https:\/\/www.facebook.com\/WeAreVincentians\/\" \/>\n<meta property=\"article:author\" content=\"https:\/\/www.facebook.com\/JavierChento\" \/>\n<meta property=\"article:published_time\" content=\"2016-06-27T12:47:58+00:00\" \/>\n<meta property=\"article:modified_time\" content=\"2016-08-04T01:07:30+00:00\" \/>\n<meta property=\"og:image\" content=\"https:\/\/i0.wp.com\/vincentians.com\/en\/wp-content\/uploads\/sites\/2\/2016\/06\/contributions-charism.jpg?fit=1200%2C630\" \/>\n\t<meta property=\"og:image:width\" content=\"1200\" \/>\n\t<meta property=\"og:image:height\" content=\"630\" \/>\n\t<meta property=\"og:image:type\" content=\"image\/jpeg\" \/>\n<meta name=\"author\" content=\"Francisco Javier Fern\u00e1ndez Chento\" \/>\n<meta name=\"twitter:card\" content=\"summary_large_image\" \/>\n<meta name=\"twitter:creator\" content=\"@https:\/\/twitter.com\/javierchento\" \/>\n<meta name=\"twitter:site\" content=\"@WeVincentians\" \/>\n<meta name=\"twitter:label1\" content=\"Written by\" \/>\n\t<meta name=\"twitter:data1\" content=\"Francisco Javier Fern\u00e1ndez Chento\" \/>\n\t<meta name=\"twitter:label2\" content=\"Est. reading time\" \/>\n\t<meta name=\"twitter:data2\" content=\"7 minutes\" \/>\n<script type=\"application\/ld+json\" class=\"yoast-schema-graph\">{\"@context\":\"https:\/\/schema.org\",\"@graph\":[{\"@type\":\"Article\",\"@id\":\"http:\/\/vincentians.com\/en\/the-contributions-of-the-vincentian-charism-to-the-mission-of-the-church-5\/#article\",\"isPartOf\":{\"@id\":\"http:\/\/vincentians.com\/en\/the-contributions-of-the-vincentian-charism-to-the-mission-of-the-church-5\/\"},\"author\":{\"name\":\"Francisco Javier Fern\u00e1ndez Chento\",\"@id\":\"http:\/\/vincentians.com\/en\/#\/schema\/person\/9623ef4d9aa3b2dfb8c061f1499288f2\"},\"headline\":\"The Contributions of the Vincentian Charism to the Mission of the Church (5)\",\"datePublished\":\"2016-06-27T12:47:58+00:00\",\"dateModified\":\"2016-08-04T01:07:30+00:00\",\"mainEntityOfPage\":{\"@id\":\"http:\/\/vincentians.com\/en\/the-contributions-of-the-vincentian-charism-to-the-mission-of-the-church-5\/\"},\"wordCount\":1331,\"commentCount\":0,\"publisher\":{\"@id\":\"http:\/\/vincentians.com\/en\/#organization\"},\"image\":{\"@id\":\"http:\/\/vincentians.com\/en\/the-contributions-of-the-vincentian-charism-to-the-mission-of-the-church-5\/#primaryimage\"},\"thumbnailUrl\":\"https:\/\/i0.wp.com\/vincentians.com\/en\/wp-content\/uploads\/sites\/2\/2016\/06\/contributions-charism.jpg?fit=1200%2C630\",\"articleSection\":[\"Vincentian Formation\"],\"inLanguage\":\"en-US\",\"potentialAction\":[{\"@type\":\"CommentAction\",\"name\":\"Comment\",\"target\":[\"http:\/\/vincentians.com\/en\/the-contributions-of-the-vincentian-charism-to-the-mission-of-the-church-5\/#respond\"]}]},{\"@type\":\"WebPage\",\"@id\":\"http:\/\/vincentians.com\/en\/the-contributions-of-the-vincentian-charism-to-the-mission-of-the-church-5\/\",\"url\":\"http:\/\/vincentians.com\/en\/the-contributions-of-the-vincentian-charism-to-the-mission-of-the-church-5\/\",\"name\":\"The Contributions of the Vincentian Charism to the Mission of the Church (5) - We are Vincentians\",\"isPartOf\":{\"@id\":\"http:\/\/vincentians.com\/en\/#website\"},\"primaryImageOfPage\":{\"@id\":\"http:\/\/vincentians.com\/en\/the-contributions-of-the-vincentian-charism-to-the-mission-of-the-church-5\/#primaryimage\"},\"image\":{\"@id\":\"http:\/\/vincentians.com\/en\/the-contributions-of-the-vincentian-charism-to-the-mission-of-the-church-5\/#primaryimage\"},\"thumbnailUrl\":\"https:\/\/i0.wp.com\/vincentians.com\/en\/wp-content\/uploads\/sites\/2\/2016\/06\/contributions-charism.jpg?fit=1200%2C630\",\"datePublished\":\"2016-06-27T12:47:58+00:00\",\"dateModified\":\"2016-08-04T01:07:30+00:00\",\"breadcrumb\":{\"@id\":\"http:\/\/vincentians.com\/en\/the-contributions-of-the-vincentian-charism-to-the-mission-of-the-church-5\/#breadcrumb\"},\"inLanguage\":\"en-US\",\"potentialAction\":[{\"@type\":\"ReadAction\",\"target\":[\"http:\/\/vincentians.com\/en\/the-contributions-of-the-vincentian-charism-to-the-mission-of-the-church-5\/\"]}]},{\"@type\":\"ImageObject\",\"inLanguage\":\"en-US\",\"@id\":\"http:\/\/vincentians.com\/en\/the-contributions-of-the-vincentian-charism-to-the-mission-of-the-church-5\/#primaryimage\",\"url\":\"https:\/\/i0.wp.com\/vincentians.com\/en\/wp-content\/uploads\/sites\/2\/2016\/06\/contributions-charism.jpg?fit=1200%2C630\",\"contentUrl\":\"https:\/\/i0.wp.com\/vincentians.com\/en\/wp-content\/uploads\/sites\/2\/2016\/06\/contributions-charism.jpg?fit=1200%2C630\",\"width\":1200,\"height\":630},{\"@type\":\"BreadcrumbList\",\"@id\":\"http:\/\/vincentians.com\/en\/the-contributions-of-the-vincentian-charism-to-the-mission-of-the-church-5\/#breadcrumb\",\"itemListElement\":[{\"@type\":\"ListItem\",\"position\":1,\"name\":\"Portada\",\"item\":\"http:\/\/vincentians.com\/en\/\"},{\"@type\":\"ListItem\",\"position\":2,\"name\":\"The Contributions of the Vincentian Charism to the Mission of the Church (5)\"}]},{\"@type\":\"WebSite\",\"@id\":\"http:\/\/vincentians.com\/en\/#website\",\"url\":\"http:\/\/vincentians.com\/en\/\",\"name\":\"We are Vincentians\",\"description\":\"Know more to serve more\",\"publisher\":{\"@id\":\"http:\/\/vincentians.com\/en\/#organization\"},\"potentialAction\":[{\"@type\":\"SearchAction\",\"target\":{\"@type\":\"EntryPoint\",\"urlTemplate\":\"http:\/\/vincentians.com\/en\/?s={search_term_string}\"},\"query-input\":{\"@type\":\"PropertyValueSpecification\",\"valueRequired\":true,\"valueName\":\"search_term_string\"}}],\"inLanguage\":\"en-US\"},{\"@type\":\"Organization\",\"@id\":\"http:\/\/vincentians.com\/en\/#organization\",\"name\":\"The Vincentian Network\",\"url\":\"http:\/\/vincentians.com\/en\/\",\"logo\":{\"@type\":\"ImageObject\",\"inLanguage\":\"en-US\",\"@id\":\"http:\/\/vincentians.com\/en\/#\/schema\/logo\/image\/\",\"url\":\"https:\/\/i1.wp.com\/vincentians.com\/en\/wp-content\/uploads\/sites\/2\/2016\/06\/Vincentian-Network-logo-big.png?fit=778%2C778&ssl=1\",\"contentUrl\":\"https:\/\/i1.wp.com\/vincentians.com\/en\/wp-content\/uploads\/sites\/2\/2016\/06\/Vincentian-Network-logo-big.png?fit=778%2C778&ssl=1\",\"width\":778,\"height\":778,\"caption\":\"The Vincentian Network\"},\"image\":{\"@id\":\"http:\/\/vincentians.com\/en\/#\/schema\/logo\/image\/\"},\"sameAs\":[\"https:\/\/www.facebook.com\/WeAreVincentians\/\",\"https:\/\/x.com\/WeVincentians\"]},{\"@type\":\"Person\",\"@id\":\"http:\/\/vincentians.com\/en\/#\/schema\/person\/9623ef4d9aa3b2dfb8c061f1499288f2\",\"name\":\"Francisco Javier Fern\u00e1ndez Chento\",\"image\":{\"@type\":\"ImageObject\",\"inLanguage\":\"en-US\",\"@id\":\"http:\/\/vincentians.com\/en\/#\/schema\/person\/image\/\",\"url\":\"https:\/\/secure.gravatar.com\/avatar\/497d5cde87b4c3d097d0315953521681ba2cd523ee66e5077c3711f7021e65de?s=96&d=mm&r=g\",\"contentUrl\":\"https:\/\/secure.gravatar.com\/avatar\/497d5cde87b4c3d097d0315953521681ba2cd523ee66e5077c3711f7021e65de?s=96&d=mm&r=g\",\"caption\":\"Francisco Javier Fern\u00e1ndez Chento\"},\"description\":\"Director General y cofundador de La Red de Formaci\u00f3n Vicenciana. Javier es laico vicenciano, afiliado a la Congregaci\u00f3n de la Misi\u00f3n y miembro del Equipo de Misiones Populares de la provincia can\u00f3nica de Zaragoza (Espa\u00f1a) de la Congregaci\u00f3n de la Misi\u00f3n. Graduado en la Universidad Oberta de Catalunya con cuatro grados (Asistente de direcci\u00f3n, Gesti\u00f3n Administrativa, Recursos Humanos y Contabilidad Avanzada). Bil\u00edng\u00fce Espa\u00f1ol\/Ingl\u00e9s. gestiona y mantiene varias p\u00e1ginas web cristianas y vicencianas, incluida including La Red de Formaci\u00f3n Vicenciana, de la que es cofundador. Actualmente es responsable del \u00e1rea de Espa\u00f1ol de .famvin, la Red de Noticias de la Familia Vicenciana. Tambi\u00e9n es m\u00fasico cat\u00f3lico y ha editado varios discos. Es Director General y cofundador de Trovador, una reconocida compa\u00f1\u00eda discogr\u00e1fica critiana de Espa\u00f1a. Trabaja en las Tecnolog\u00edas de la Informaci\u00f3n, ofreciendo servicios de alojamiento, dise\u00f1o y mantenimiento Web, as\u00ed como asesoramiento, formaci\u00f3n y soluciones inform\u00e1ticas, gesti\u00f3n documental y digitalizaci\u00f3n de textos, edici\u00f3n y maquetaci\u00f3n de libros, revistas, flyers, etc.\",\"sameAs\":[\"http:\/\/chento.org\",\"https:\/\/www.facebook.com\/JavierChento\",\"https:\/\/x.com\/https:\/\/twitter.com\/javierchento\"],\"url\":\"http:\/\/vincentians.com\/en\/author\/chento\/\"}]}<\/script>\n<!-- \/ Yoast SEO plugin. -->","yoast_head_json":{"title":"The Contributions of the Vincentian Charism to the Mission of the Church (5) - We are Vincentians","robots":{"index":"index","follow":"follow","max-snippet":"max-snippet:-1","max-image-preview":"max-image-preview:large","max-video-preview":"max-video-preview:-1"},"canonical":"http:\/\/vincentians.com\/en\/the-contributions-of-the-vincentian-charism-to-the-mission-of-the-church-5\/","og_locale":"en_US","og_type":"article","og_title":"The Contributions of the Vincentian Charism to the Mission of the Church (5) - We are Vincentians","og_description":"5. The world, as seen and desired by God, is the environment in which the mission of the Church is accomplished In order to describe the Vincentian vision of the world and history, Father Morin ... Read More","og_url":"http:\/\/vincentians.com\/en\/the-contributions-of-the-vincentian-charism-to-the-mission-of-the-church-5\/","og_site_name":"We are Vincentians","article_publisher":"https:\/\/www.facebook.com\/WeAreVincentians\/","article_author":"https:\/\/www.facebook.com\/JavierChento","article_published_time":"2016-06-27T12:47:58+00:00","article_modified_time":"2016-08-04T01:07:30+00:00","og_image":[{"width":1200,"height":630,"url":"https:\/\/i0.wp.com\/vincentians.com\/en\/wp-content\/uploads\/sites\/2\/2016\/06\/contributions-charism.jpg?fit=1200%2C630","type":"image\/jpeg"}],"author":"Francisco Javier Fern\u00e1ndez Chento","twitter_card":"summary_large_image","twitter_creator":"@https:\/\/twitter.com\/javierchento","twitter_site":"@WeVincentians","twitter_misc":{"Written by":"Francisco Javier Fern\u00e1ndez Chento","Est. reading time":"7 minutes"},"schema":{"@context":"https:\/\/schema.org","@graph":[{"@type":"Article","@id":"http:\/\/vincentians.com\/en\/the-contributions-of-the-vincentian-charism-to-the-mission-of-the-church-5\/#article","isPartOf":{"@id":"http:\/\/vincentians.com\/en\/the-contributions-of-the-vincentian-charism-to-the-mission-of-the-church-5\/"},"author":{"name":"Francisco Javier Fern\u00e1ndez Chento","@id":"http:\/\/vincentians.com\/en\/#\/schema\/person\/9623ef4d9aa3b2dfb8c061f1499288f2"},"headline":"The Contributions of the Vincentian Charism to the Mission of the Church (5)","datePublished":"2016-06-27T12:47:58+00:00","dateModified":"2016-08-04T01:07:30+00:00","mainEntityOfPage":{"@id":"http:\/\/vincentians.com\/en\/the-contributions-of-the-vincentian-charism-to-the-mission-of-the-church-5\/"},"wordCount":1331,"commentCount":0,"publisher":{"@id":"http:\/\/vincentians.com\/en\/#organization"},"image":{"@id":"http:\/\/vincentians.com\/en\/the-contributions-of-the-vincentian-charism-to-the-mission-of-the-church-5\/#primaryimage"},"thumbnailUrl":"https:\/\/i0.wp.com\/vincentians.com\/en\/wp-content\/uploads\/sites\/2\/2016\/06\/contributions-charism.jpg?fit=1200%2C630","articleSection":["Vincentian Formation"],"inLanguage":"en-US","potentialAction":[{"@type":"CommentAction","name":"Comment","target":["http:\/\/vincentians.com\/en\/the-contributions-of-the-vincentian-charism-to-the-mission-of-the-church-5\/#respond"]}]},{"@type":"WebPage","@id":"http:\/\/vincentians.com\/en\/the-contributions-of-the-vincentian-charism-to-the-mission-of-the-church-5\/","url":"http:\/\/vincentians.com\/en\/the-contributions-of-the-vincentian-charism-to-the-mission-of-the-church-5\/","name":"The Contributions of the Vincentian Charism to the Mission of the Church (5) - We are Vincentians","isPartOf":{"@id":"http:\/\/vincentians.com\/en\/#website"},"primaryImageOfPage":{"@id":"http:\/\/vincentians.com\/en\/the-contributions-of-the-vincentian-charism-to-the-mission-of-the-church-5\/#primaryimage"},"image":{"@id":"http:\/\/vincentians.com\/en\/the-contributions-of-the-vincentian-charism-to-the-mission-of-the-church-5\/#primaryimage"},"thumbnailUrl":"https:\/\/i0.wp.com\/vincentians.com\/en\/wp-content\/uploads\/sites\/2\/2016\/06\/contributions-charism.jpg?fit=1200%2C630","datePublished":"2016-06-27T12:47:58+00:00","dateModified":"2016-08-04T01:07:30+00:00","breadcrumb":{"@id":"http:\/\/vincentians.com\/en\/the-contributions-of-the-vincentian-charism-to-the-mission-of-the-church-5\/#breadcrumb"},"inLanguage":"en-US","potentialAction":[{"@type":"ReadAction","target":["http:\/\/vincentians.com\/en\/the-contributions-of-the-vincentian-charism-to-the-mission-of-the-church-5\/"]}]},{"@type":"ImageObject","inLanguage":"en-US","@id":"http:\/\/vincentians.com\/en\/the-contributions-of-the-vincentian-charism-to-the-mission-of-the-church-5\/#primaryimage","url":"https:\/\/i0.wp.com\/vincentians.com\/en\/wp-content\/uploads\/sites\/2\/2016\/06\/contributions-charism.jpg?fit=1200%2C630","contentUrl":"https:\/\/i0.wp.com\/vincentians.com\/en\/wp-content\/uploads\/sites\/2\/2016\/06\/contributions-charism.jpg?fit=1200%2C630","width":1200,"height":630},{"@type":"BreadcrumbList","@id":"http:\/\/vincentians.com\/en\/the-contributions-of-the-vincentian-charism-to-the-mission-of-the-church-5\/#breadcrumb","itemListElement":[{"@type":"ListItem","position":1,"name":"Portada","item":"http:\/\/vincentians.com\/en\/"},{"@type":"ListItem","position":2,"name":"The Contributions of the Vincentian Charism to the Mission of the Church (5)"}]},{"@type":"WebSite","@id":"http:\/\/vincentians.com\/en\/#website","url":"http:\/\/vincentians.com\/en\/","name":"We are Vincentians","description":"Know more to serve more","publisher":{"@id":"http:\/\/vincentians.com\/en\/#organization"},"potentialAction":[{"@type":"SearchAction","target":{"@type":"EntryPoint","urlTemplate":"http:\/\/vincentians.com\/en\/?s={search_term_string}"},"query-input":{"@type":"PropertyValueSpecification","valueRequired":true,"valueName":"search_term_string"}}],"inLanguage":"en-US"},{"@type":"Organization","@id":"http:\/\/vincentians.com\/en\/#organization","name":"The Vincentian Network","url":"http:\/\/vincentians.com\/en\/","logo":{"@type":"ImageObject","inLanguage":"en-US","@id":"http:\/\/vincentians.com\/en\/#\/schema\/logo\/image\/","url":"https:\/\/i1.wp.com\/vincentians.com\/en\/wp-content\/uploads\/sites\/2\/2016\/06\/Vincentian-Network-logo-big.png?fit=778%2C778&ssl=1","contentUrl":"https:\/\/i1.wp.com\/vincentians.com\/en\/wp-content\/uploads\/sites\/2\/2016\/06\/Vincentian-Network-logo-big.png?fit=778%2C778&ssl=1","width":778,"height":778,"caption":"The Vincentian Network"},"image":{"@id":"http:\/\/vincentians.com\/en\/#\/schema\/logo\/image\/"},"sameAs":["https:\/\/www.facebook.com\/WeAreVincentians\/","https:\/\/x.com\/WeVincentians"]},{"@type":"Person","@id":"http:\/\/vincentians.com\/en\/#\/schema\/person\/9623ef4d9aa3b2dfb8c061f1499288f2","name":"Francisco Javier Fern\u00e1ndez Chento","image":{"@type":"ImageObject","inLanguage":"en-US","@id":"http:\/\/vincentians.com\/en\/#\/schema\/person\/image\/","url":"https:\/\/secure.gravatar.com\/avatar\/497d5cde87b4c3d097d0315953521681ba2cd523ee66e5077c3711f7021e65de?s=96&d=mm&r=g","contentUrl":"https:\/\/secure.gravatar.com\/avatar\/497d5cde87b4c3d097d0315953521681ba2cd523ee66e5077c3711f7021e65de?s=96&d=mm&r=g","caption":"Francisco Javier Fern\u00e1ndez Chento"},"description":"Director General y cofundador de La Red de Formaci\u00f3n Vicenciana. Javier es laico vicenciano, afiliado a la Congregaci\u00f3n de la Misi\u00f3n y miembro del Equipo de Misiones Populares de la provincia can\u00f3nica de Zaragoza (Espa\u00f1a) de la Congregaci\u00f3n de la Misi\u00f3n. Graduado en la Universidad Oberta de Catalunya con cuatro grados (Asistente de direcci\u00f3n, Gesti\u00f3n Administrativa, Recursos Humanos y Contabilidad Avanzada). Bil\u00edng\u00fce Espa\u00f1ol\/Ingl\u00e9s. gestiona y mantiene varias p\u00e1ginas web cristianas y vicencianas, incluida including La Red de Formaci\u00f3n Vicenciana, de la que es cofundador. Actualmente es responsable del \u00e1rea de Espa\u00f1ol de .famvin, la Red de Noticias de la Familia Vicenciana. Tambi\u00e9n es m\u00fasico cat\u00f3lico y ha editado varios discos. Es Director General y cofundador de Trovador, una reconocida compa\u00f1\u00eda discogr\u00e1fica critiana de Espa\u00f1a. Trabaja en las Tecnolog\u00edas de la Informaci\u00f3n, ofreciendo servicios de alojamiento, dise\u00f1o y mantenimiento Web, as\u00ed como asesoramiento, formaci\u00f3n y soluciones inform\u00e1ticas, gesti\u00f3n documental y digitalizaci\u00f3n de textos, edici\u00f3n y maquetaci\u00f3n de libros, revistas, flyers, etc.","sameAs":["http:\/\/chento.org","https:\/\/www.facebook.com\/JavierChento","https:\/\/x.com\/https:\/\/twitter.com\/javierchento"],"url":"http:\/\/vincentians.com\/en\/author\/chento\/"}]}},"jetpack_publicize_connections":[],"jetpack_featured_media_url":"https:\/\/i0.wp.com\/vincentians.com\/en\/wp-content\/uploads\/sites\/2\/2016\/06\/contributions-charism.jpg?fit=1200%2C630","jetpack_sharing_enabled":true,"jetpack_shortlink":"https:\/\/wp.me\/p7K2Ow-CJC","jetpack-related-posts":[{"id":46037,"url":"http:\/\/vincentians.com\/en\/reflections-on-the-renewal-of-vincentian-spirituality\/","url_meta":{"origin":148900,"position":0},"title":"Reflections on the renewal of Vincentian Spirituality","author":"Francisco Javier Fern\u00e1ndez Chento","date":"June 24, 2016","format":false,"excerpt":"For a long time, I have wanted to write this article. For many reasons, however, I have had a certain reticence about putting these thoughts on paper. What gives me most cause for hesitation is that my own doesn't adequately reflect the values presented here. Nonetheless, I would like to\u2026","rel":"","context":"In &quot;Charism&quot;","block_context":{"text":"Charism","link":"http:\/\/vincentians.com\/en\/category\/spirituality\/charism\/"},"img":{"alt_text":"","src":"https:\/\/i0.wp.com\/vincentians.com\/en\/wp-content\/uploads\/sites\/2\/2016\/01\/reserva-2.jpg?fit=1200%2C630&resize=350%2C200","width":350,"height":200,"srcset":"https:\/\/i0.wp.com\/vincentians.com\/en\/wp-content\/uploads\/sites\/2\/2016\/01\/reserva-2.jpg?fit=1200%2C630&resize=350%2C200 1x, https:\/\/i0.wp.com\/vincentians.com\/en\/wp-content\/uploads\/sites\/2\/2016\/01\/reserva-2.jpg?fit=1200%2C630&resize=525%2C300 1.5x, https:\/\/i0.wp.com\/vincentians.com\/en\/wp-content\/uploads\/sites\/2\/2016\/01\/reserva-2.jpg?fit=1200%2C630&resize=700%2C400 2x, https:\/\/i0.wp.com\/vincentians.com\/en\/wp-content\/uploads\/sites\/2\/2016\/01\/reserva-2.jpg?fit=1200%2C630&resize=1050%2C600 3x"},"classes":[]},{"id":41963,"url":"http:\/\/vincentians.com\/en\/responding-together-to-the-cry-of-the-poor\/","url_meta":{"origin":148900,"position":1},"title":"Responding Together to the Cry of the Poor","author":"Francisco Javier Fern\u00e1ndez Chento","date":"July 16, 2016","format":false,"excerpt":"\"The history of all societies which have existed until today is a history of class struggle\" stated the Communist Manifesto in 1848. In a note to the English edition of the Manifesto in 1888, Engels clarified that the written history of class struggles was possible only after the investigations of\u2026","rel":"","context":"In &quot;Vincentian Formation&quot;","block_context":{"text":"Vincentian Formation","link":"http:\/\/vincentians.com\/en\/category\/vincentian-formation\/"},"img":{"alt_text":"","src":"https:\/\/i0.wp.com\/vincentians.com\/en\/wp-content\/uploads\/sites\/2\/2015\/05\/Responding-Together-to-the-Cry-of-the-Poor.jpg?fit=1200%2C630&resize=350%2C200","width":350,"height":200,"srcset":"https:\/\/i0.wp.com\/vincentians.com\/en\/wp-content\/uploads\/sites\/2\/2015\/05\/Responding-Together-to-the-Cry-of-the-Poor.jpg?fit=1200%2C630&resize=350%2C200 1x, https:\/\/i0.wp.com\/vincentians.com\/en\/wp-content\/uploads\/sites\/2\/2015\/05\/Responding-Together-to-the-Cry-of-the-Poor.jpg?fit=1200%2C630&resize=525%2C300 1.5x, https:\/\/i0.wp.com\/vincentians.com\/en\/wp-content\/uploads\/sites\/2\/2015\/05\/Responding-Together-to-the-Cry-of-the-Poor.jpg?fit=1200%2C630&resize=700%2C400 2x, https:\/\/i0.wp.com\/vincentians.com\/en\/wp-content\/uploads\/sites\/2\/2015\/05\/Responding-Together-to-the-Cry-of-the-Poor.jpg?fit=1200%2C630&resize=1050%2C600 3x"},"classes":[]},{"id":152609,"url":"http:\/\/vincentians.com\/en\/4th-sunday-of-advent-ssvp-usa\/","url_meta":{"origin":148900,"position":2},"title":"4th Sunday of Advent (SSVP USA)","author":"Francisco Javier Fern\u00e1ndez Chento","date":"December 15, 2016","format":false,"excerpt":"Gospel: (Matthew 1:18-24) This is how the birth of Jesus Christ came about. When his mother Mary was betrothed to Joseph, but before they lived together, she was found with child through the Holy Spirit. Joseph, her husband, since he was a righteous man, yet unwilling to expose her to\u2026","rel":"","context":"In &quot;Homilies and reflections, Year A&quot;","block_context":{"text":"Homilies and reflections, Year A","link":"http:\/\/vincentians.com\/en\/category\/homilies-and-reflections-on-the-word-of-god\/homilies-and-reflections-year-a\/"},"img":{"alt_text":"","src":"https:\/\/i0.wp.com\/vincentians.com\/en\/wp-content\/uploads\/sites\/2\/2016\/07\/reflexiones-palabra-de-dios.jpg?fit=1200%2C630&resize=350%2C200","width":350,"height":200,"srcset":"https:\/\/i0.wp.com\/vincentians.com\/en\/wp-content\/uploads\/sites\/2\/2016\/07\/reflexiones-palabra-de-dios.jpg?fit=1200%2C630&resize=350%2C200 1x, https:\/\/i0.wp.com\/vincentians.com\/en\/wp-content\/uploads\/sites\/2\/2016\/07\/reflexiones-palabra-de-dios.jpg?fit=1200%2C630&resize=525%2C300 1.5x, https:\/\/i0.wp.com\/vincentians.com\/en\/wp-content\/uploads\/sites\/2\/2016\/07\/reflexiones-palabra-de-dios.jpg?fit=1200%2C630&resize=700%2C400 2x, https:\/\/i0.wp.com\/vincentians.com\/en\/wp-content\/uploads\/sites\/2\/2016\/07\/reflexiones-palabra-de-dios.jpg?fit=1200%2C630&resize=1050%2C600 3x"},"classes":[]},{"id":41990,"url":"http:\/\/vincentians.com\/en\/vincentian-family-tree\/","url_meta":{"origin":148900,"position":3},"title":"Vincentian Family Tree","author":"Francisco Javier Fern\u00e1ndez Chento","date":"January 6, 2016","format":false,"excerpt":"Catholic Institutes of Consecrated Life And Societies of Apostolic Life 1.1 Institutes founded by Vincent de Paul. FRANCE Congregation of the Mission (Lazarists or Vincentian Fathers and Brothers) Company of the Daughters of Charity of Saint Vincent de Paul, Servants of the Sick Poor (Grey Sisters) 1.2 Institutes which adopted\u2026","rel":"","context":"In &quot;Branches&quot;","block_context":{"text":"Branches","link":"http:\/\/vincentians.com\/en\/category\/the-vincentian-family\/branches\/"},"img":{"alt_text":"","src":"https:\/\/i0.wp.com\/vincentians.com\/en\/wp-content\/uploads\/sites\/2\/2016\/01\/family-tree.jpg?fit=1200%2C630&resize=350%2C200","width":350,"height":200,"srcset":"https:\/\/i0.wp.com\/vincentians.com\/en\/wp-content\/uploads\/sites\/2\/2016\/01\/family-tree.jpg?fit=1200%2C630&resize=350%2C200 1x, https:\/\/i0.wp.com\/vincentians.com\/en\/wp-content\/uploads\/sites\/2\/2016\/01\/family-tree.jpg?fit=1200%2C630&resize=525%2C300 1.5x, https:\/\/i0.wp.com\/vincentians.com\/en\/wp-content\/uploads\/sites\/2\/2016\/01\/family-tree.jpg?fit=1200%2C630&resize=700%2C400 2x, https:\/\/i0.wp.com\/vincentians.com\/en\/wp-content\/uploads\/sites\/2\/2016\/01\/family-tree.jpg?fit=1200%2C630&resize=1050%2C600 3x"},"classes":[]},{"id":53677,"url":"http:\/\/vincentians.com\/en\/itinerary-and-elements-of-vincentian-spirituality\/","url_meta":{"origin":148900,"position":4},"title":"Itinerary and elements of Vincentian Spirituality","author":"Francisco Javier Fern\u00e1ndez Chento","date":"December 4, 2014","format":false,"excerpt":"We cannot separate Vincentian spirituality from the person of Saint Vincent. We should enter first through the door of the spiritual experience of Saint Vincent. This is an absolute prerequisite. But, conscious of the time element, I am inviting you, therefore, to visualize his journey, in outline form, from what\u2026","rel":"","context":"In &quot;Vincentian Formation&quot;","block_context":{"text":"Vincentian Formation","link":"http:\/\/vincentians.com\/en\/category\/vincentian-formation\/"},"img":{"alt_text":"","src":"https:\/\/i0.wp.com\/vincentians.com\/en\/wp-content\/uploads\/sites\/2\/2016\/06\/vincentian-spirituality.jpg?fit=1200%2C630&resize=350%2C200","width":350,"height":200,"srcset":"https:\/\/i0.wp.com\/vincentians.com\/en\/wp-content\/uploads\/sites\/2\/2016\/06\/vincentian-spirituality.jpg?fit=1200%2C630&resize=350%2C200 1x, https:\/\/i0.wp.com\/vincentians.com\/en\/wp-content\/uploads\/sites\/2\/2016\/06\/vincentian-spirituality.jpg?fit=1200%2C630&resize=525%2C300 1.5x, https:\/\/i0.wp.com\/vincentians.com\/en\/wp-content\/uploads\/sites\/2\/2016\/06\/vincentian-spirituality.jpg?fit=1200%2C630&resize=700%2C400 2x, https:\/\/i0.wp.com\/vincentians.com\/en\/wp-content\/uploads\/sites\/2\/2016\/06\/vincentian-spirituality.jpg?fit=1200%2C630&resize=1050%2C600 3x"},"classes":[]},{"id":153195,"url":"http:\/\/vincentians.com\/en\/the-vincentian-charism-and-the-new-evangelization-some-significant-vincentian-elements-for-the-present-day-process-of-evangelization\/","url_meta":{"origin":148900,"position":5},"title":"The Vincentian Charism and the New Evangelization: Some significant Vincentian elements for the present day process of evangelization","author":"Francisco Javier Fern\u00e1ndez Chento","date":"September 16, 2016","format":false,"excerpt":"Starting Point: Confrontation between being and doing Frequently in our meetings, gatherings and assemblies, we ask many questions with regard to Vincentian being and doing. We have two perceptions: on the one hand, we agree on the fact that the charism, the being, the identity, the characteristic mark of Vincentians\u2026","rel":"","context":"In &quot;Vincentian Formation&quot;","block_context":{"text":"Vincentian Formation","link":"http:\/\/vincentians.com\/en\/category\/vincentian-formation\/"},"img":{"alt_text":"","src":"https:\/\/i0.wp.com\/vincentians.com\/en\/wp-content\/uploads\/sites\/2\/2016\/09\/evangelizar-celestino-fb.jpg?fit=1200%2C630&resize=350%2C200","width":350,"height":200,"srcset":"https:\/\/i0.wp.com\/vincentians.com\/en\/wp-content\/uploads\/sites\/2\/2016\/09\/evangelizar-celestino-fb.jpg?fit=1200%2C630&resize=350%2C200 1x, https:\/\/i0.wp.com\/vincentians.com\/en\/wp-content\/uploads\/sites\/2\/2016\/09\/evangelizar-celestino-fb.jpg?fit=1200%2C630&resize=525%2C300 1.5x, https:\/\/i0.wp.com\/vincentians.com\/en\/wp-content\/uploads\/sites\/2\/2016\/09\/evangelizar-celestino-fb.jpg?fit=1200%2C630&resize=700%2C400 2x, https:\/\/i0.wp.com\/vincentians.com\/en\/wp-content\/uploads\/sites\/2\/2016\/09\/evangelizar-celestino-fb.jpg?fit=1200%2C630&resize=1050%2C600 3x"},"classes":[]}],"_links":{"self":[{"href":"http:\/\/vincentians.com\/en\/wp-json\/wp\/v2\/posts\/148900","targetHints":{"allow":["GET"]}}],"collection":[{"href":"http:\/\/vincentians.com\/en\/wp-json\/wp\/v2\/posts"}],"about":[{"href":"http:\/\/vincentians.com\/en\/wp-json\/wp\/v2\/types\/post"}],"author":[{"embeddable":true,"href":"http:\/\/vincentians.com\/en\/wp-json\/wp\/v2\/users\/4"}],"replies":[{"embeddable":true,"href":"http:\/\/vincentians.com\/en\/wp-json\/wp\/v2\/comments?post=148900"}],"version-history":[{"count":0,"href":"http:\/\/vincentians.com\/en\/wp-json\/wp\/v2\/posts\/148900\/revisions"}],"wp:featuredmedia":[{"embeddable":true,"href":"http:\/\/vincentians.com\/en\/wp-json\/wp\/v2\/media\/148885"}],"wp:attachment":[{"href":"http:\/\/vincentians.com\/en\/wp-json\/wp\/v2\/media?parent=148900"}],"wp:term":[{"taxonomy":"category","embeddable":true,"href":"http:\/\/vincentians.com\/en\/wp-json\/wp\/v2\/categories?post=148900"},{"taxonomy":"post_tag","embeddable":true,"href":"http:\/\/vincentians.com\/en\/wp-json\/wp\/v2\/tags?post=148900"}],"curies":[{"name":"wp","href":"https:\/\/api.w.org\/{rel}","templated":true}]}}