{"id":109294,"date":"2014-04-10T21:25:52","date_gmt":"2014-04-10T19:25:52","guid":{"rendered":"http:\/\/vincentians.com\/?p=109294"},"modified":"2016-07-10T20:10:52","modified_gmt":"2016-07-10T18:10:52","slug":"vincent-de-paul-priest-and-philanthropist-22","status":"publish","type":"post","link":"http:\/\/vincentians.com\/en\/vincent-de-paul-priest-and-philanthropist-22\/","title":{"rendered":"Vincent de Paul, priest and philanthropist 22"},"content":{"rendered":"<h2>Appendices<\/h2>\n<h3>Note I. to Part I, Chapter III<\/h3>\n<p>ACTE D&#8217;ASSOCIATION PASSE ENTRE S. VINCENT DE PAUL ET SES TROIS PREMIERS COMPAGNONS<\/p>\n<p>Nous Vincent de Paul p&#8217;bre et principal du Coll\u00e8ge des Bons Enfans fond\u00e9 \u00e0 Paris, joignant la Porte St. Victor, faisons foy \u00e0 tous qu&#8217;il appartiendra : que selon la fondation faicte par Mgr. Philippe-Emmanuel de Gondy, Conte de Toigny, G\u00e9n\u00e9ral des Gal\u00e8res de France, et de feue Dame Fran\u00e7oise-Marguerite de Silly, Baronne de Montmirail et d&#8217;autres lieux, son espouse; pour l&#8217;entretien de quelques eccl\u00e9siastiques quy se tient et unissent ensembles pour s&#8217;employer en mani\u00e8re de mission, \u00e0 cat\u00e9chiser, prescher, et faire faire confession gen\u00e9rale au pauvre peuple des champs, selon qu&#8217;il est port\u00e9 par le contract de fondation, passe pardevant Jean du Puis et Nicolas le Boucher, notaires et garde-nottes du Roi au Chastelet de Paris le dixseptiesme avril mil six (cent) vingt cincq. La dicte fondation approuv\u00e9e et autoris\u00e9e par Mgr. l&#8217;illustrissime et r\u00e9v\u00e9rendissime Jean Fran\u00e7ois de Gondy, Archevesque de Paris, du vingt quatriesme du dit mois mil six cent vingt six; par lequel contract il nous est donn\u00e9 pouvoir de faire choix de tels eccl\u00e9siastiques que nous trouverrons propres \u00e0 l&#8217;employ de ce bon \u0153uvre. Nous, en vertu de ce que dessus apr\u00e8s avoir fait preuve, un temps assez notable, de la vertu et suffisance de Fran\u00e7ois du Coudray, p&#8217;bre du dioc\u00e8se d&#8217;Amyens, de M. Antoine Portail, prestre du dioc\u00e8se d&#8217;Arles, et de M. Jean de la Salle, aussy p&#8217;bre dudit dioc\u00e8se d&#8217;Amyens; avons iceux choisy, \u00e9leu, aggreg\u00e9 et associ\u00e9, choisissons, \u00e9lisons, aggregeons et asso\u00adcions \u00e0 nous et au dit \u0153uvre, pour ensemblement vivre en mani\u00e8re de congr\u00e9gation, compagnie ou confrairie; et nous employer au salut du dit pauvre peuple des champs, conform\u00e9ment \u00e0 ladite fondation, le tout selon la pri\u00e8re que les dits du Coudray, Portail et la Salle nous en ont faict. avec promesse d&#8217;observer la dite fondation et le r\u00e8glement particulier quy selon iceluy sera dress\u00e9 ; et d&#8217;ob\u00e9ir taut \u00e0 nous qu&#8217;\u00e0 nos successeurs Sup\u00e9rieurs comme estant sous nostre direction, conduite et jurisdiction. Ce que nous susnommez, du Coudray, Portail, et de la Salle aggreons, promettons et nous soumettons garder inviolablement. En foy de quoy nous avons r\u00e9ciproquement sign\u00e9 la pr\u00e9sente de nostre propre main ; et faict mettre le certificat des notaires.<\/p>\n<p>Faict \u00e0 Paris, au Coll\u00e8ge des Bons Enfans ce quatri\u00e9sme jour de septembre mil six cent vingt six.<\/p>\n<p><i>Signe. <\/i>Vincent de Paul, Du Coudray, Portail. de la Salle.<\/p>\n<p>(The original document is preserved in the Archives of the Mission, Rue du Seine.)<\/p>\n<h3>Note II to Part I, Chapter III<b><\/b><\/h3>\n<p>AVIS POUR LES ORDINAND \u2014 1628<\/p>\n<p><i>I. Avant les Ordres.<\/i><\/p>\n<p>I. Reconnaitre si l&#8217;on a vocation \u00e0 l&#8217;\u00e9tat eccl\u00e9siastique.<\/p>\n<ol>\n<li>Prier Dieu et le faire prier pour conna\u00eetre cette vocation.<\/li>\n<li>Consulter son confesseur ou quelque notable personnage pour cela.<\/li>\n<li>La vocation reconnue, l&#8217;embrasser avec puret\u00e9 d&#8217;intention de la gloire de Dieu et de son salut.<\/li>\n<li>Avoir un titre qui ne soit ri feint ni faux.<\/li>\n<li>Faire publier les bans un mois avant l&#8217;ordination, porter le certificat de la publication, et de ses vie et moeurs.<\/li>\n<li>Se pr\u00e9senter \u00e0 l&#8217;examen, avec l&#8217;esprit d&#8217;indiff\u00e9rence soit \u00e0 l&#8217;admission ou \u00e0 l&#8217;exclusion.<\/li>\n<li>Approchant le temps des exercises, produire quantit\u00e9s d&#8217;actes de renoncement au monde et de d\u00e9sir de se donner \u00e0 Dieu.<\/li>\n<\/ol>\n<p><i>II. Durant les Exercices.<\/i><\/p>\n<ol>\n<li>Entrer aux exercices avec grand d\u00e9sir d&#8217;apprendre les fonctions et les vertus propres de chaque Ordre, et celles qui sont convenables et communes \u00e0 tout l&#8217;\u00e9tat eccl\u00e9siastique.<\/li>\n<li>Les Ordinands prieront Dieu chaque jour qu&#8217;il leur donne un coeur docile pour bien apprendre ce qui sera enseign\u00e9.<\/li>\n<li>Feront chaque jour des notes de ce qu&#8217;ils auront appris de plus remarquable.<\/li>\n<li>Emploieront fid\u00e8lement tout le temps pour faire tous les exercices.<\/li>\n<li>Demanderont quelque temps opportun \u00e0 celui qui dirige les exercices pour penser et \u00e9crire leur confession g\u00e9n\u00e9rale.<\/li>\n<li>Demanderont au m\u00eame permission de faire quelques humilia\u00adtions, comme de servir \u00e0 table ou balayer.<\/li>\n<li>Pendant qu&#8217;ils recevront les Saints Ordres, ils s&#8217;offrirent et consacreront \u00e0 Dieu, sans r\u00e9serve ni exception aucune en la mani\u00e8re qui leur sera enseign\u00e9e.<\/li>\n<\/ol>\n<p><i>III. Apr\u00e8s le Exercices.<\/i><\/p>\n<ol>\n<li>Rendre actions de gr\u00e2ces de l&#8217;Ordre qu&#8217;ils ont re\u00e7u et des instructions qu&#8217;ils ont eues pour cela, \u00e0 l&#8217;exclusion d&#8217;un millier d&#8217;eccl\u00e9siastiques qui ont re\u00e7us les Ordres en divers quartiers du monde sans cette pr\u00e9paration.<\/li>\n<li>Se proposer de bien pratiquer les dites instructions qu&#8217;ils ont re\u00e7ues.<\/li>\n<li>De dire ou d&#8217;ouir tous les jours la sainte messe.<\/li>\n<li>Se confesser deux fois tous les huit jours \u00e0 un m\u00eame con\u00adfesseur.<\/li>\n<li>Avoir un emploi de la journ\u00e9e et l&#8217;observer.<\/li>\n<li>\u00c9tudier de sorte qu&#8217;on puisse faire tous les dimanches une pr\u00e9dication ou un cat\u00e9chisme.<\/li>\n<li>Avoir un directeur auquel l&#8217;on communique les difficult\u00e9s de son int\u00e9rieur.<\/li>\n<li>Accepter les charges et conditions auxquelles le pr\u00e9lat emploiera, et y demeurer en attendant un autre emploi, tel que le pr\u00e9lat le voudra donner.<\/li>\n<li>Faire son possible pour entrer dans les Conferences qui se feront, pour conserver la d\u00e9votion qu&#8217;on a re\u00e7ue de Dieu pendant les exercices.<\/li>\n<\/ol>\n<h3>Note III to Part I, Chapter IX<\/h3>\n<p>ORDONNANCE DU ROI FAIT \u00c2 PARIS, 14 F\u00c9VRIER, 165I).<\/p>\n<p><i>De par le roi:<\/i><\/p>\n<p>Sa Majest\u00e9 \u00e9tant bien inform\u00e9e que les habitants de la plu\u00adpart des villages de ses fronti\u00e8res de Picardie et de Champagne sont r\u00e9duits \u00e0 la mendicit\u00e9 et \u00e0 une enti\u00e8re mis\u00e8re, pour avoir\u00e9t\u00e9 expos\u00e9s aux pillages et hostilit\u00e9s des ennemis et aux passages et logements de toutes les arm\u00e9es; que plusieurs \u00e9glises ont \u00e9t\u00e9 pill\u00e9es et d\u00e9pouill\u00e9es de leurs ornements, et que pour sustenter et nourrir les pauvres et r\u00e9parer les \u00e9glises, plusieurs personnes de sa bonne ville de Paris font de grandes et abondantes aum\u00f4nes qui sont fort utilement employ\u00e9es par les pr\u00eatres de la Mission de M. Vin\u00adcent et autres personnes charitables envoy\u00e9es sur les lieux o\u00f9 il y a eu le plus de ruines et le plus de mal, en sorte qu&#8217;un grand nombre de ces pauvres gens a \u00e9t\u00e9 soulag\u00e9 dans la n\u00e9cessit\u00e9 et maladie. Mais qu&#8217;en ce faisant, les gens de guerre passant ou sejournant dans les lieux o\u00f9 lesolits missionnaires se sont trouv\u00e9s, ont pris et d\u00e9trouss\u00e9 les ornements d&#8217;\u00e9glise et les provisions de vivres, d&#8217;habits et d&#8217;autres choses qui \u00e9taient destin\u00e9s pour les pauvres, en sorte que s&#8217;ils n&#8217;ont s\u00e9ret\u00e9 de la part de Sa Majest\u00e9, il leur serait impossible de continuer une oeuvre si charitable et si importante \u00e0 la gloire de Dieu et au soulagement des sujets de Sa Majest\u00e9. D\u00e9sirant y contribuer de tout ce qui peut \u00eatre en son pouvoir, Sa Majest\u00e9 de l&#8217;avis de la reine r\u00e9gente, d\u00e9fend tr\u00e8s-express\u00e9ment aux gouverneurs et ses lieutenants-g\u00e9n\u00e9raux en ses provinces et arm\u00e9es, mar\u00e9chaux et ma\u00eetres de camp, colonels, capitaines et autres chefs et officiers commandant ses troupes, tant de cheval que de pied, Fran\u00e7ais, et \u00e9trangers, de quelque nation qu&#8217;elles soient, de loger ni souffrir qu&#8217;il soit log\u00e9 aucuns gens de guerre dans les villages desdites fronti\u00e8res de Picardie et de Champagne, pour lesquels lesdits pr\u00eatres de la Mission leur demanderont sauvegarde pour assister les pauvres et les malades, et y faire la distribution des provisions qu&#8217;ils y porteront, en sorte qu&#8217;ils soient en pleine et enti\u00e8re libert\u00e9 d&#8217;y exercer leur charit\u00e9 en la mani\u00e8re et \u00e0 ceux que bon leur semblera. Defend en outre Sa Majest\u00e9 \u00e0 tous gens de guerre de prendre aucune chose aux pr\u00eatres de la Mission et aux personnes employ\u00e9es avec eux ou par eux, \u00e0 peine de la vie, les prenant en sa protection et sauvegarde sp\u00e9ciale, en enjoignant tr\u00e8s express\u00e9ment \u00e0 tous les bai tifs, s\u00e9n\u00e9 chaux, juges, pr\u00e9v\u00f4ts des mar\u00e9chaux et autres offi\u00adciers qu&#8217;il appartiendra, de tenir la main \u00e0 l&#8217;ex\u00e9cution et publica\u00adtion de la pr\u00e9sente, et de poursuivre les contrevenants, en sorte que la punition en serve d&#8217;exemple. Veux Sa Majest\u00e9 qu&#8217;aux copies de la pr\u00e9sente duement collationn\u00e9es foi soit ajout\u00e9e comme \u00e0 l&#8217;original.<\/p>\n<p>(&#8221; R\u00e9cueil Cang\u00e9, Ordonnances Militaires,&#8221; vol. xxviii.)<\/p>\n<h3>Note IV to Part II, Chapter VI<\/h3>\n<p>ESTABLISHMENTS OF THE COMPANY OF MISSION PRIESTS DURING THE LIFE OF VINCENT DE PAUL<\/p>\n<p>1625.<\/p>\n<ul>\n<li>Paris : College des Bons Enfants.<\/li>\n<\/ul>\n<p>1632.<\/p>\n<ul>\n<li>Paris : S. Lazare.<\/li>\n<\/ul>\n<p>1635.<\/p>\n<ul>\n<li>Toul.<\/li>\n<\/ul>\n<p>1637.<\/p>\n<ul>\n<li>Notre Dame de la Rose.<\/li>\n<\/ul>\n<p>1638.<\/p>\n<ul>\n<li>Richelieu.<\/li>\n<li>Lu\u00e7on.<\/li>\n<li>Troyes.<\/li>\n<\/ul>\n<p>1639.<\/p>\n<ul>\n<li>Annecy.<\/li>\n<\/ul>\n<p>1641.<\/p>\n<ul>\n<li>Cr\u00e9cy.<\/li>\n<\/ul>\n<p>1642.<\/p>\n<ul>\n<li>Rome : Monte Citorio.<\/li>\n<\/ul>\n<p>1643.<\/p>\n<ul>\n<li>Marseilles.<\/li>\n<li>Cahors.<\/li>\n<li>Sedan.<\/li>\n<li>Montmirail.<\/li>\n<\/ul>\n<p>1644.<\/p>\n<ul>\n<li>Saintes.<\/li>\n<\/ul>\n<p>1645.<\/p>\n<ul>\n<li>Le Mans.<\/li>\n<li>Saint M\u00e9en.<\/li>\n<li>Paris : S. Charles.<\/li>\n<li>Genoa.<\/li>\n<li>Algiers.<\/li>\n<li>Tunis.<\/li>\n<\/ul>\n<p>1648.<\/p>\n<ul>\n<li>Tr\u00e9guier.<\/li>\n<\/ul>\n<p>1649.<\/p>\n<ul>\n<li>Madagascar.<\/li>\n<\/ul>\n<p>165o.<\/p>\n<ul>\n<li>Agen.<\/li>\n<\/ul>\n<p>1651.<\/p>\n<ul>\n<li>Warsaw.<\/li>\n<\/ul>\n<p>1652.<\/p>\n<ul>\n<li>Montauban.<\/li>\n<li>Turin.<\/li>\n<\/ul>\n","protected":false},"excerpt":{"rendered":"<p>Appendices Note I. to Part I, Chapter III ACTE D&#8217;ASSOCIATION PASSE ENTRE S. VINCENT DE PAUL ET SES TROIS PREMIERS COMPAGNONS Nous Vincent de Paul p&#8217;bre et principal du Coll\u00e8ge des Bons Enfans fond\u00e9 \u00e0 &#8230; <a href=\"http:\/\/vincentians.com\/en\/vincent-de-paul-priest-and-philanthropist-22\/\" class=\"more-link\">Read More<\/a><\/p>\n","protected":false},"author":4,"featured_media":149529,"comment_status":"open","ping_status":"open","sticky":false,"template":"","format":"standard","meta":{"jetpack_post_was_ever_published":false,"_jetpack_newsletter_access":"","_jetpack_dont_email_post_to_subs":false,"_jetpack_newsletter_tier_id":0,"_jetpack_memberships_contains_paywalled_content":false,"_jetpack_memberships_contains_paid_content":false,"footnotes":"","jetpack_publicize_message":"","jetpack_publicize_feature_enabled":true,"jetpack_social_post_already_shared":false,"jetpack_social_options":{"image_generator_settings":{"template":"highway","default_image_id":0,"font":"","enabled":false},"version":2}},"categories":[5],"tags":[],"class_list":["post-109294","post","type-post","status-publish","format-standard","has-post-thumbnail","hentry","category-vincent-de-paul"],"yoast_head":"<!-- This site is optimized with the Yoast SEO plugin v26.3 - https:\/\/yoast.com\/wordpress\/plugins\/seo\/ -->\n<title>Vincent de Paul, priest and philanthropist 22 - We are Vincentians<\/title>\n<meta name=\"robots\" content=\"index, follow, max-snippet:-1, max-image-preview:large, max-video-preview:-1\" \/>\n<link rel=\"canonical\" href=\"http:\/\/vincentians.com\/en\/vincent-de-paul-priest-and-philanthropist-22\/\" \/>\n<meta property=\"og:locale\" content=\"en_US\" \/>\n<meta property=\"og:type\" content=\"article\" \/>\n<meta property=\"og:title\" content=\"Vincent de Paul, priest and philanthropist 22 - We are Vincentians\" \/>\n<meta property=\"og:description\" content=\"Appendices Note I. to Part I, Chapter III ACTE D&#8217;ASSOCIATION PASSE ENTRE S. VINCENT DE PAUL ET SES TROIS PREMIERS COMPAGNONS Nous Vincent de Paul p&#8217;bre et principal du Coll\u00e8ge des Bons Enfans fond\u00e9 \u00e0 ... Read More\" \/>\n<meta property=\"og:url\" content=\"http:\/\/vincentians.com\/en\/vincent-de-paul-priest-and-philanthropist-22\/\" \/>\n<meta property=\"og:site_name\" content=\"We are Vincentians\" \/>\n<meta property=\"article:publisher\" content=\"https:\/\/www.facebook.com\/WeAreVincentians\/\" \/>\n<meta property=\"article:author\" content=\"https:\/\/www.facebook.com\/JavierChento\" \/>\n<meta property=\"article:published_time\" content=\"2014-04-10T19:25:52+00:00\" \/>\n<meta property=\"article:modified_time\" content=\"2016-07-10T18:10:52+00:00\" \/>\n<meta property=\"og:image\" content=\"https:\/\/i0.wp.com\/vincentians.com\/en\/wp-content\/uploads\/sites\/2\/2016\/07\/Vincent-de-Paul-priest-and-philanthropist.jpg?fit=1200%2C630\" \/>\n\t<meta property=\"og:image:width\" content=\"1200\" \/>\n\t<meta property=\"og:image:height\" content=\"630\" \/>\n\t<meta property=\"og:image:type\" content=\"image\/jpeg\" \/>\n<meta name=\"author\" content=\"Francisco Javier Fern\u00e1ndez Chento\" \/>\n<meta name=\"twitter:card\" content=\"summary_large_image\" \/>\n<meta name=\"twitter:creator\" content=\"@https:\/\/twitter.com\/javierchento\" \/>\n<meta name=\"twitter:site\" content=\"@WeVincentians\" \/>\n<meta name=\"twitter:label1\" content=\"Written by\" \/>\n\t<meta name=\"twitter:data1\" content=\"Francisco Javier Fern\u00e1ndez Chento\" \/>\n\t<meta name=\"twitter:label2\" content=\"Est. reading time\" \/>\n\t<meta name=\"twitter:data2\" content=\"7 minutes\" \/>\n<script type=\"application\/ld+json\" class=\"yoast-schema-graph\">{\"@context\":\"https:\/\/schema.org\",\"@graph\":[{\"@type\":\"Article\",\"@id\":\"http:\/\/vincentians.com\/en\/vincent-de-paul-priest-and-philanthropist-22\/#article\",\"isPartOf\":{\"@id\":\"http:\/\/vincentians.com\/en\/vincent-de-paul-priest-and-philanthropist-22\/\"},\"author\":{\"name\":\"Francisco Javier Fern\u00e1ndez Chento\",\"@id\":\"https:\/\/vincentians.com\/en\/#\/schema\/person\/9623ef4d9aa3b2dfb8c061f1499288f2\"},\"headline\":\"Vincent de Paul, priest and philanthropist 22\",\"datePublished\":\"2014-04-10T19:25:52+00:00\",\"dateModified\":\"2016-07-10T18:10:52+00:00\",\"mainEntityOfPage\":{\"@id\":\"http:\/\/vincentians.com\/en\/vincent-de-paul-priest-and-philanthropist-22\/\"},\"wordCount\":1472,\"commentCount\":0,\"publisher\":{\"@id\":\"https:\/\/vincentians.com\/en\/#organization\"},\"image\":{\"@id\":\"http:\/\/vincentians.com\/en\/vincent-de-paul-priest-and-philanthropist-22\/#primaryimage\"},\"thumbnailUrl\":\"https:\/\/i0.wp.com\/vincentians.com\/en\/wp-content\/uploads\/sites\/2\/2016\/07\/Vincent-de-Paul-priest-and-philanthropist.jpg?fit=1200%2C630\",\"articleSection\":[\"Vincent de Paul\"],\"inLanguage\":\"en-US\",\"potentialAction\":[{\"@type\":\"CommentAction\",\"name\":\"Comment\",\"target\":[\"http:\/\/vincentians.com\/en\/vincent-de-paul-priest-and-philanthropist-22\/#respond\"]}]},{\"@type\":\"WebPage\",\"@id\":\"http:\/\/vincentians.com\/en\/vincent-de-paul-priest-and-philanthropist-22\/\",\"url\":\"http:\/\/vincentians.com\/en\/vincent-de-paul-priest-and-philanthropist-22\/\",\"name\":\"Vincent de Paul, priest and philanthropist 22 - We are Vincentians\",\"isPartOf\":{\"@id\":\"https:\/\/vincentians.com\/en\/#website\"},\"primaryImageOfPage\":{\"@id\":\"http:\/\/vincentians.com\/en\/vincent-de-paul-priest-and-philanthropist-22\/#primaryimage\"},\"image\":{\"@id\":\"http:\/\/vincentians.com\/en\/vincent-de-paul-priest-and-philanthropist-22\/#primaryimage\"},\"thumbnailUrl\":\"https:\/\/i0.wp.com\/vincentians.com\/en\/wp-content\/uploads\/sites\/2\/2016\/07\/Vincent-de-Paul-priest-and-philanthropist.jpg?fit=1200%2C630\",\"datePublished\":\"2014-04-10T19:25:52+00:00\",\"dateModified\":\"2016-07-10T18:10:52+00:00\",\"breadcrumb\":{\"@id\":\"http:\/\/vincentians.com\/en\/vincent-de-paul-priest-and-philanthropist-22\/#breadcrumb\"},\"inLanguage\":\"en-US\",\"potentialAction\":[{\"@type\":\"ReadAction\",\"target\":[\"http:\/\/vincentians.com\/en\/vincent-de-paul-priest-and-philanthropist-22\/\"]}]},{\"@type\":\"ImageObject\",\"inLanguage\":\"en-US\",\"@id\":\"http:\/\/vincentians.com\/en\/vincent-de-paul-priest-and-philanthropist-22\/#primaryimage\",\"url\":\"https:\/\/i0.wp.com\/vincentians.com\/en\/wp-content\/uploads\/sites\/2\/2016\/07\/Vincent-de-Paul-priest-and-philanthropist.jpg?fit=1200%2C630\",\"contentUrl\":\"https:\/\/i0.wp.com\/vincentians.com\/en\/wp-content\/uploads\/sites\/2\/2016\/07\/Vincent-de-Paul-priest-and-philanthropist.jpg?fit=1200%2C630\",\"width\":1200,\"height\":630},{\"@type\":\"BreadcrumbList\",\"@id\":\"http:\/\/vincentians.com\/en\/vincent-de-paul-priest-and-philanthropist-22\/#breadcrumb\",\"itemListElement\":[{\"@type\":\"ListItem\",\"position\":1,\"name\":\"Portada\",\"item\":\"https:\/\/vincentians.com\/en\/\"},{\"@type\":\"ListItem\",\"position\":2,\"name\":\"Vincent de Paul, priest and philanthropist 22\"}]},{\"@type\":\"WebSite\",\"@id\":\"https:\/\/vincentians.com\/en\/#website\",\"url\":\"https:\/\/vincentians.com\/en\/\",\"name\":\"We are Vincentians\",\"description\":\"Know more to serve more\",\"publisher\":{\"@id\":\"https:\/\/vincentians.com\/en\/#organization\"},\"potentialAction\":[{\"@type\":\"SearchAction\",\"target\":{\"@type\":\"EntryPoint\",\"urlTemplate\":\"https:\/\/vincentians.com\/en\/?s={search_term_string}\"},\"query-input\":{\"@type\":\"PropertyValueSpecification\",\"valueRequired\":true,\"valueName\":\"search_term_string\"}}],\"inLanguage\":\"en-US\"},{\"@type\":\"Organization\",\"@id\":\"https:\/\/vincentians.com\/en\/#organization\",\"name\":\"The Vincentian Network\",\"url\":\"https:\/\/vincentians.com\/en\/\",\"logo\":{\"@type\":\"ImageObject\",\"inLanguage\":\"en-US\",\"@id\":\"https:\/\/vincentians.com\/en\/#\/schema\/logo\/image\/\",\"url\":\"https:\/\/i1.wp.com\/vincentians.com\/en\/wp-content\/uploads\/sites\/2\/2016\/06\/Vincentian-Network-logo-big.png?fit=778%2C778&ssl=1\",\"contentUrl\":\"https:\/\/i1.wp.com\/vincentians.com\/en\/wp-content\/uploads\/sites\/2\/2016\/06\/Vincentian-Network-logo-big.png?fit=778%2C778&ssl=1\",\"width\":778,\"height\":778,\"caption\":\"The Vincentian Network\"},\"image\":{\"@id\":\"https:\/\/vincentians.com\/en\/#\/schema\/logo\/image\/\"},\"sameAs\":[\"https:\/\/www.facebook.com\/WeAreVincentians\/\",\"https:\/\/x.com\/WeVincentians\"]},{\"@type\":\"Person\",\"@id\":\"https:\/\/vincentians.com\/en\/#\/schema\/person\/9623ef4d9aa3b2dfb8c061f1499288f2\",\"name\":\"Francisco Javier Fern\u00e1ndez Chento\",\"image\":{\"@type\":\"ImageObject\",\"inLanguage\":\"en-US\",\"@id\":\"https:\/\/vincentians.com\/en\/#\/schema\/person\/image\/\",\"url\":\"https:\/\/secure.gravatar.com\/avatar\/497d5cde87b4c3d097d0315953521681ba2cd523ee66e5077c3711f7021e65de?s=96&d=mm&r=g\",\"contentUrl\":\"https:\/\/secure.gravatar.com\/avatar\/497d5cde87b4c3d097d0315953521681ba2cd523ee66e5077c3711f7021e65de?s=96&d=mm&r=g\",\"caption\":\"Francisco Javier Fern\u00e1ndez Chento\"},\"description\":\"Director General y cofundador de La Red de Formaci\u00f3n Vicenciana. Javier es laico vicenciano, afiliado a la Congregaci\u00f3n de la Misi\u00f3n y miembro del Equipo de Misiones Populares de la provincia can\u00f3nica de Zaragoza (Espa\u00f1a) de la Congregaci\u00f3n de la Misi\u00f3n. Graduado en la Universidad Oberta de Catalunya con cuatro grados (Asistente de direcci\u00f3n, Gesti\u00f3n Administrativa, Recursos Humanos y Contabilidad Avanzada). Bil\u00edng\u00fce Espa\u00f1ol\/Ingl\u00e9s. gestiona y mantiene varias p\u00e1ginas web cristianas y vicencianas, incluida including La Red de Formaci\u00f3n Vicenciana, de la que es cofundador. Actualmente es responsable del \u00e1rea de Espa\u00f1ol de .famvin, la Red de Noticias de la Familia Vicenciana. Tambi\u00e9n es m\u00fasico cat\u00f3lico y ha editado varios discos. Es Director General y cofundador de Trovador, una reconocida compa\u00f1\u00eda discogr\u00e1fica critiana de Espa\u00f1a. Trabaja en las Tecnolog\u00edas de la Informaci\u00f3n, ofreciendo servicios de alojamiento, dise\u00f1o y mantenimiento Web, as\u00ed como asesoramiento, formaci\u00f3n y soluciones inform\u00e1ticas, gesti\u00f3n documental y digitalizaci\u00f3n de textos, edici\u00f3n y maquetaci\u00f3n de libros, revistas, flyers, etc.\",\"sameAs\":[\"http:\/\/chento.org\",\"https:\/\/www.facebook.com\/JavierChento\",\"https:\/\/x.com\/https:\/\/twitter.com\/javierchento\"],\"url\":\"http:\/\/vincentians.com\/en\/author\/chento\/\"}]}<\/script>\n<!-- \/ Yoast SEO plugin. -->","yoast_head_json":{"title":"Vincent de Paul, priest and philanthropist 22 - We are Vincentians","robots":{"index":"index","follow":"follow","max-snippet":"max-snippet:-1","max-image-preview":"max-image-preview:large","max-video-preview":"max-video-preview:-1"},"canonical":"http:\/\/vincentians.com\/en\/vincent-de-paul-priest-and-philanthropist-22\/","og_locale":"en_US","og_type":"article","og_title":"Vincent de Paul, priest and philanthropist 22 - We are Vincentians","og_description":"Appendices Note I. to Part I, Chapter III ACTE D&#8217;ASSOCIATION PASSE ENTRE S. VINCENT DE PAUL ET SES TROIS PREMIERS COMPAGNONS Nous Vincent de Paul p&#8217;bre et principal du Coll\u00e8ge des Bons Enfans fond\u00e9 \u00e0 ... Read More","og_url":"http:\/\/vincentians.com\/en\/vincent-de-paul-priest-and-philanthropist-22\/","og_site_name":"We are Vincentians","article_publisher":"https:\/\/www.facebook.com\/WeAreVincentians\/","article_author":"https:\/\/www.facebook.com\/JavierChento","article_published_time":"2014-04-10T19:25:52+00:00","article_modified_time":"2016-07-10T18:10:52+00:00","og_image":[{"width":1200,"height":630,"url":"https:\/\/i0.wp.com\/vincentians.com\/en\/wp-content\/uploads\/sites\/2\/2016\/07\/Vincent-de-Paul-priest-and-philanthropist.jpg?fit=1200%2C630","type":"image\/jpeg"}],"author":"Francisco Javier Fern\u00e1ndez Chento","twitter_card":"summary_large_image","twitter_creator":"@https:\/\/twitter.com\/javierchento","twitter_site":"@WeVincentians","twitter_misc":{"Written by":"Francisco Javier Fern\u00e1ndez Chento","Est. reading time":"7 minutes"},"schema":{"@context":"https:\/\/schema.org","@graph":[{"@type":"Article","@id":"http:\/\/vincentians.com\/en\/vincent-de-paul-priest-and-philanthropist-22\/#article","isPartOf":{"@id":"http:\/\/vincentians.com\/en\/vincent-de-paul-priest-and-philanthropist-22\/"},"author":{"name":"Francisco Javier Fern\u00e1ndez Chento","@id":"https:\/\/vincentians.com\/en\/#\/schema\/person\/9623ef4d9aa3b2dfb8c061f1499288f2"},"headline":"Vincent de Paul, priest and philanthropist 22","datePublished":"2014-04-10T19:25:52+00:00","dateModified":"2016-07-10T18:10:52+00:00","mainEntityOfPage":{"@id":"http:\/\/vincentians.com\/en\/vincent-de-paul-priest-and-philanthropist-22\/"},"wordCount":1472,"commentCount":0,"publisher":{"@id":"https:\/\/vincentians.com\/en\/#organization"},"image":{"@id":"http:\/\/vincentians.com\/en\/vincent-de-paul-priest-and-philanthropist-22\/#primaryimage"},"thumbnailUrl":"https:\/\/i0.wp.com\/vincentians.com\/en\/wp-content\/uploads\/sites\/2\/2016\/07\/Vincent-de-Paul-priest-and-philanthropist.jpg?fit=1200%2C630","articleSection":["Vincent de Paul"],"inLanguage":"en-US","potentialAction":[{"@type":"CommentAction","name":"Comment","target":["http:\/\/vincentians.com\/en\/vincent-de-paul-priest-and-philanthropist-22\/#respond"]}]},{"@type":"WebPage","@id":"http:\/\/vincentians.com\/en\/vincent-de-paul-priest-and-philanthropist-22\/","url":"http:\/\/vincentians.com\/en\/vincent-de-paul-priest-and-philanthropist-22\/","name":"Vincent de Paul, priest and philanthropist 22 - We are Vincentians","isPartOf":{"@id":"https:\/\/vincentians.com\/en\/#website"},"primaryImageOfPage":{"@id":"http:\/\/vincentians.com\/en\/vincent-de-paul-priest-and-philanthropist-22\/#primaryimage"},"image":{"@id":"http:\/\/vincentians.com\/en\/vincent-de-paul-priest-and-philanthropist-22\/#primaryimage"},"thumbnailUrl":"https:\/\/i0.wp.com\/vincentians.com\/en\/wp-content\/uploads\/sites\/2\/2016\/07\/Vincent-de-Paul-priest-and-philanthropist.jpg?fit=1200%2C630","datePublished":"2014-04-10T19:25:52+00:00","dateModified":"2016-07-10T18:10:52+00:00","breadcrumb":{"@id":"http:\/\/vincentians.com\/en\/vincent-de-paul-priest-and-philanthropist-22\/#breadcrumb"},"inLanguage":"en-US","potentialAction":[{"@type":"ReadAction","target":["http:\/\/vincentians.com\/en\/vincent-de-paul-priest-and-philanthropist-22\/"]}]},{"@type":"ImageObject","inLanguage":"en-US","@id":"http:\/\/vincentians.com\/en\/vincent-de-paul-priest-and-philanthropist-22\/#primaryimage","url":"https:\/\/i0.wp.com\/vincentians.com\/en\/wp-content\/uploads\/sites\/2\/2016\/07\/Vincent-de-Paul-priest-and-philanthropist.jpg?fit=1200%2C630","contentUrl":"https:\/\/i0.wp.com\/vincentians.com\/en\/wp-content\/uploads\/sites\/2\/2016\/07\/Vincent-de-Paul-priest-and-philanthropist.jpg?fit=1200%2C630","width":1200,"height":630},{"@type":"BreadcrumbList","@id":"http:\/\/vincentians.com\/en\/vincent-de-paul-priest-and-philanthropist-22\/#breadcrumb","itemListElement":[{"@type":"ListItem","position":1,"name":"Portada","item":"https:\/\/vincentians.com\/en\/"},{"@type":"ListItem","position":2,"name":"Vincent de Paul, priest and philanthropist 22"}]},{"@type":"WebSite","@id":"https:\/\/vincentians.com\/en\/#website","url":"https:\/\/vincentians.com\/en\/","name":"We are Vincentians","description":"Know more to serve more","publisher":{"@id":"https:\/\/vincentians.com\/en\/#organization"},"potentialAction":[{"@type":"SearchAction","target":{"@type":"EntryPoint","urlTemplate":"https:\/\/vincentians.com\/en\/?s={search_term_string}"},"query-input":{"@type":"PropertyValueSpecification","valueRequired":true,"valueName":"search_term_string"}}],"inLanguage":"en-US"},{"@type":"Organization","@id":"https:\/\/vincentians.com\/en\/#organization","name":"The Vincentian Network","url":"https:\/\/vincentians.com\/en\/","logo":{"@type":"ImageObject","inLanguage":"en-US","@id":"https:\/\/vincentians.com\/en\/#\/schema\/logo\/image\/","url":"https:\/\/i1.wp.com\/vincentians.com\/en\/wp-content\/uploads\/sites\/2\/2016\/06\/Vincentian-Network-logo-big.png?fit=778%2C778&ssl=1","contentUrl":"https:\/\/i1.wp.com\/vincentians.com\/en\/wp-content\/uploads\/sites\/2\/2016\/06\/Vincentian-Network-logo-big.png?fit=778%2C778&ssl=1","width":778,"height":778,"caption":"The Vincentian Network"},"image":{"@id":"https:\/\/vincentians.com\/en\/#\/schema\/logo\/image\/"},"sameAs":["https:\/\/www.facebook.com\/WeAreVincentians\/","https:\/\/x.com\/WeVincentians"]},{"@type":"Person","@id":"https:\/\/vincentians.com\/en\/#\/schema\/person\/9623ef4d9aa3b2dfb8c061f1499288f2","name":"Francisco Javier Fern\u00e1ndez Chento","image":{"@type":"ImageObject","inLanguage":"en-US","@id":"https:\/\/vincentians.com\/en\/#\/schema\/person\/image\/","url":"https:\/\/secure.gravatar.com\/avatar\/497d5cde87b4c3d097d0315953521681ba2cd523ee66e5077c3711f7021e65de?s=96&d=mm&r=g","contentUrl":"https:\/\/secure.gravatar.com\/avatar\/497d5cde87b4c3d097d0315953521681ba2cd523ee66e5077c3711f7021e65de?s=96&d=mm&r=g","caption":"Francisco Javier Fern\u00e1ndez Chento"},"description":"Director General y cofundador de La Red de Formaci\u00f3n Vicenciana. Javier es laico vicenciano, afiliado a la Congregaci\u00f3n de la Misi\u00f3n y miembro del Equipo de Misiones Populares de la provincia can\u00f3nica de Zaragoza (Espa\u00f1a) de la Congregaci\u00f3n de la Misi\u00f3n. Graduado en la Universidad Oberta de Catalunya con cuatro grados (Asistente de direcci\u00f3n, Gesti\u00f3n Administrativa, Recursos Humanos y Contabilidad Avanzada). Bil\u00edng\u00fce Espa\u00f1ol\/Ingl\u00e9s. gestiona y mantiene varias p\u00e1ginas web cristianas y vicencianas, incluida including La Red de Formaci\u00f3n Vicenciana, de la que es cofundador. Actualmente es responsable del \u00e1rea de Espa\u00f1ol de .famvin, la Red de Noticias de la Familia Vicenciana. Tambi\u00e9n es m\u00fasico cat\u00f3lico y ha editado varios discos. Es Director General y cofundador de Trovador, una reconocida compa\u00f1\u00eda discogr\u00e1fica critiana de Espa\u00f1a. Trabaja en las Tecnolog\u00edas de la Informaci\u00f3n, ofreciendo servicios de alojamiento, dise\u00f1o y mantenimiento Web, as\u00ed como asesoramiento, formaci\u00f3n y soluciones inform\u00e1ticas, gesti\u00f3n documental y digitalizaci\u00f3n de textos, edici\u00f3n y maquetaci\u00f3n de libros, revistas, flyers, etc.","sameAs":["http:\/\/chento.org","https:\/\/www.facebook.com\/JavierChento","https:\/\/x.com\/https:\/\/twitter.com\/javierchento"],"url":"http:\/\/vincentians.com\/en\/author\/chento\/"}]}},"jetpack_publicize_connections":[],"jetpack_featured_media_url":"https:\/\/i0.wp.com\/vincentians.com\/en\/wp-content\/uploads\/sites\/2\/2016\/07\/Vincent-de-Paul-priest-and-philanthropist.jpg?fit=1200%2C630","jetpack_sharing_enabled":true,"jetpack_shortlink":"https:\/\/wp.me\/p7K2Ow-sqO","jetpack-related-posts":[{"id":109178,"url":"http:\/\/vincentians.com\/en\/saint-vincent-paul-biography-00-introduction\/","url_meta":{"origin":109294,"position":0},"title":"Saint Vincent de Paul, a biography 00 &#8211; Introduction","author":"Francisco Javier Fern\u00e1ndez Chento","date":"December 20, 2016","format":false,"excerpt":"Foreword Forests and mists will always present a challenge to man's curiosity. It has been said of St. Vincent de Paul that his works encircle him like a forest and his humility envelops him like a mist. Father Jos\u00e9 Mar\u00eda Rom\u00e1n valiantly guides us through that forest and mist. His\u2026","rel":"","context":"In &quot;Vincent de Paul&quot;","block_context":{"text":"Vincent de Paul","link":"http:\/\/vincentians.com\/en\/category\/the-vincentian-family\/founders\/vincent-de-paul\/"},"img":{"alt_text":"","src":"https:\/\/i0.wp.com\/vincentians.com\/en\/wp-content\/uploads\/sites\/2\/2016\/07\/Saint-Vincent-de-Paul-a-biography.jpg?fit=1200%2C630&resize=350%2C200","width":350,"height":200,"srcset":"https:\/\/i0.wp.com\/vincentians.com\/en\/wp-content\/uploads\/sites\/2\/2016\/07\/Saint-Vincent-de-Paul-a-biography.jpg?fit=1200%2C630&resize=350%2C200 1x, https:\/\/i0.wp.com\/vincentians.com\/en\/wp-content\/uploads\/sites\/2\/2016\/07\/Saint-Vincent-de-Paul-a-biography.jpg?fit=1200%2C630&resize=525%2C300 1.5x, https:\/\/i0.wp.com\/vincentians.com\/en\/wp-content\/uploads\/sites\/2\/2016\/07\/Saint-Vincent-de-Paul-a-biography.jpg?fit=1200%2C630&resize=700%2C400 2x, https:\/\/i0.wp.com\/vincentians.com\/en\/wp-content\/uploads\/sites\/2\/2016\/07\/Saint-Vincent-de-Paul-a-biography.jpg?fit=1200%2C630&resize=1050%2C600 3x"},"classes":[]},{"id":108349,"url":"http:\/\/vincentians.com\/en\/vincent-letter-0010-to-charles-du-fresne-secretary-of-philippe-emmanuel-gondi\/","url_meta":{"origin":109294,"position":1},"title":"Vincent, Letter 0010. To Charles du Fresne, secretary of Philippe-Emmanuel de Gondi","author":"Francisco Javier Fern\u00e1ndez Chento","date":"September 19, 2016","format":false,"excerpt":"[October 1617] Saint Vincent informs his friend that he hopes to take a trip to Paris in two months. There, according to the enlightenment that God gives him, he will make a final decision concerning his return to Ch\u00e2tillon-les-Dombes or to the De Gondi family.","rel":"","context":"In &quot;Writings of Vincent de Paul&quot;","block_context":{"text":"Writings of Vincent de Paul","link":"http:\/\/vincentians.com\/en\/category\/writings\/writings-of-vincent-de-paul\/"},"img":{"alt_text":"","src":"https:\/\/i0.wp.com\/vincentians.com\/en\/wp-content\/uploads\/sites\/2\/2016\/06\/Writings-of-Vincent-de-Paul.jpg?fit=1200%2C630&resize=350%2C200","width":350,"height":200,"srcset":"https:\/\/i0.wp.com\/vincentians.com\/en\/wp-content\/uploads\/sites\/2\/2016\/06\/Writings-of-Vincent-de-Paul.jpg?fit=1200%2C630&resize=350%2C200 1x, https:\/\/i0.wp.com\/vincentians.com\/en\/wp-content\/uploads\/sites\/2\/2016\/06\/Writings-of-Vincent-de-Paul.jpg?fit=1200%2C630&resize=525%2C300 1.5x, https:\/\/i0.wp.com\/vincentians.com\/en\/wp-content\/uploads\/sites\/2\/2016\/06\/Writings-of-Vincent-de-Paul.jpg?fit=1200%2C630&resize=700%2C400 2x, https:\/\/i0.wp.com\/vincentians.com\/en\/wp-content\/uploads\/sites\/2\/2016\/06\/Writings-of-Vincent-de-Paul.jpg?fit=1200%2C630&resize=1050%2C600 3x"},"classes":[]},{"id":108832,"url":"http:\/\/vincentians.com\/en\/the-litany-of-st-vincent-de-paul\/","url_meta":{"origin":109294,"position":2},"title":"The Litany of St. Vincent de Paul","author":"Francisco Javier Fern\u00e1ndez Chento","date":"January 1, 2016","format":false,"excerpt":"Lord, have mercy on us. Lord, have mercy on us. Christ, have mercy on us. Christ, have mercy on us. Christ, hear us. Christ, graciously hear us. God, the Father of Heaven, Have mercy on us. God, the Son, Redeemer of the world, Have mercy on us. God, the Holy\u2026","rel":"","context":"In &quot;Prayer&quot;","block_context":{"text":"Prayer","link":"http:\/\/vincentians.com\/en\/category\/spirituality\/prayer\/"},"img":{"alt_text":"","src":"https:\/\/i0.wp.com\/vincentians.com\/en\/wp-content\/uploads\/sites\/2\/2014\/01\/vicente-de-paul.jpg?fit=1200%2C630&resize=350%2C200","width":350,"height":200,"srcset":"https:\/\/i0.wp.com\/vincentians.com\/en\/wp-content\/uploads\/sites\/2\/2014\/01\/vicente-de-paul.jpg?fit=1200%2C630&resize=350%2C200 1x, https:\/\/i0.wp.com\/vincentians.com\/en\/wp-content\/uploads\/sites\/2\/2014\/01\/vicente-de-paul.jpg?fit=1200%2C630&resize=525%2C300 1.5x, https:\/\/i0.wp.com\/vincentians.com\/en\/wp-content\/uploads\/sites\/2\/2014\/01\/vicente-de-paul.jpg?fit=1200%2C630&resize=700%2C400 2x, https:\/\/i0.wp.com\/vincentians.com\/en\/wp-content\/uploads\/sites\/2\/2014\/01\/vicente-de-paul.jpg?fit=1200%2C630&resize=1050%2C600 3x"},"classes":[]},{"id":151798,"url":"http:\/\/vincentians.com\/en\/new-in-the-library-history-of-st-vincent-paul-vols-1-2-emile-bougaud\/","url_meta":{"origin":109294,"position":3},"title":"New in the Library: &#8220;History of St. Vincent de Paul&#8221; Vols. 1 &#038; 2 (\u00c9mile Bougaud)","author":"Francisco Javier Fern\u00e1ndez Chento","date":"July 19, 2016","format":false,"excerpt":"English translation of Monseigneur Bougaud, Histoire de saint Vincent de Paul, fondateur de la Congr\u00e9gation des Pr\u00eatres de la Mission et des Filles de la Charit\u00e9, Paris, Poussielgue fr\u00e8res Ch. Poussielgue, successeur, 1889, t. I, XII-487 p., t. II, 428 p. Louis-Victor-\u00c9mile Bougaud, (1823-1888), Bishop of Laval in France. He\u2026","rel":"","context":"In &quot;Vincent de Paul&quot;","block_context":{"text":"Vincent de Paul","link":"http:\/\/vincentians.com\/en\/category\/the-vincentian-family\/founders\/vincent-de-paul\/"},"img":{"alt_text":"","src":"https:\/\/i0.wp.com\/vincentians.com\/en\/wp-content\/uploads\/sites\/2\/2016\/07\/the-vincentian-digital-library-2.jpg?fit=1200%2C630&resize=350%2C200","width":350,"height":200,"srcset":"https:\/\/i0.wp.com\/vincentians.com\/en\/wp-content\/uploads\/sites\/2\/2016\/07\/the-vincentian-digital-library-2.jpg?fit=1200%2C630&resize=350%2C200 1x, https:\/\/i0.wp.com\/vincentians.com\/en\/wp-content\/uploads\/sites\/2\/2016\/07\/the-vincentian-digital-library-2.jpg?fit=1200%2C630&resize=525%2C300 1.5x, https:\/\/i0.wp.com\/vincentians.com\/en\/wp-content\/uploads\/sites\/2\/2016\/07\/the-vincentian-digital-library-2.jpg?fit=1200%2C630&resize=700%2C400 2x, https:\/\/i0.wp.com\/vincentians.com\/en\/wp-content\/uploads\/sites\/2\/2016\/07\/the-vincentian-digital-library-2.jpg?fit=1200%2C630&resize=1050%2C600 3x"},"classes":[]},{"id":105029,"url":"http:\/\/vincentians.com\/en\/society-at-the-time-of-saint-vincent-de-paul-v\/","url_meta":{"origin":109294,"position":4},"title":"Society at the time of Saint Vincent de Paul (V)","author":"Francisco Javier Fern\u00e1ndez Chento","date":"May 20, 2015","format":false,"excerpt":"Attitudes and behaviour towards poor people The mental and social attitudes towards poor people on the part of those living in 17th century society at times forgot and at other times perceived the paradoxical reconciliation of the scandal of the experience of misery (real poverty) and the spiritual esteem of\u2026","rel":"","context":"In &quot;At the time of Vincent de Paul&quot;","block_context":{"text":"At the time of Vincent de Paul","link":"http:\/\/vincentians.com\/en\/category\/history-of-the-vincentian-family\/at-the-time-of-vincent-de-paul\/"},"img":{"alt_text":"","src":"https:\/\/i0.wp.com\/vincentians.com\/en\/wp-content\/uploads\/sites\/2\/2016\/06\/Society-at-the-time-of-Saint-Vincent-de-Paul.jpg?fit=1200%2C630&resize=350%2C200","width":350,"height":200,"srcset":"https:\/\/i0.wp.com\/vincentians.com\/en\/wp-content\/uploads\/sites\/2\/2016\/06\/Society-at-the-time-of-Saint-Vincent-de-Paul.jpg?fit=1200%2C630&resize=350%2C200 1x, https:\/\/i0.wp.com\/vincentians.com\/en\/wp-content\/uploads\/sites\/2\/2016\/06\/Society-at-the-time-of-Saint-Vincent-de-Paul.jpg?fit=1200%2C630&resize=525%2C300 1.5x, https:\/\/i0.wp.com\/vincentians.com\/en\/wp-content\/uploads\/sites\/2\/2016\/06\/Society-at-the-time-of-Saint-Vincent-de-Paul.jpg?fit=1200%2C630&resize=700%2C400 2x, https:\/\/i0.wp.com\/vincentians.com\/en\/wp-content\/uploads\/sites\/2\/2016\/06\/Society-at-the-time-of-Saint-Vincent-de-Paul.jpg?fit=1200%2C630&resize=1050%2C600 3x"},"classes":[]},{"id":149855,"url":"http:\/\/vincentians.com\/en\/new-in-the-library-correspondence-conferences-documents-of-vincent-paul\/","url_meta":{"origin":109294,"position":5},"title":"New in the Library: Correspondence, Conferences, Documents of Vincent de Paul","author":"Francisco Javier Fern\u00e1ndez Chento","date":"July 7, 2016","format":false,"excerpt":"English edition of Coste's 14-volume set of the writings os St. Vincent de Paul English translation of the writings of St. Vincent de Paul (1581-1660). Translated, edited, and annotated from the 1920 edition of Pierre Coste, C.M. \u00a0","rel":"","context":"In &quot;Vincent de Paul&quot;","block_context":{"text":"Vincent de Paul","link":"http:\/\/vincentians.com\/en\/category\/the-vincentian-family\/founders\/vincent-de-paul\/"},"img":{"alt_text":"","src":"https:\/\/i0.wp.com\/vincentians.com\/en\/wp-content\/uploads\/sites\/2\/2016\/07\/the-vincentian-digital-library-2.jpg?fit=1200%2C630&resize=350%2C200","width":350,"height":200,"srcset":"https:\/\/i0.wp.com\/vincentians.com\/en\/wp-content\/uploads\/sites\/2\/2016\/07\/the-vincentian-digital-library-2.jpg?fit=1200%2C630&resize=350%2C200 1x, https:\/\/i0.wp.com\/vincentians.com\/en\/wp-content\/uploads\/sites\/2\/2016\/07\/the-vincentian-digital-library-2.jpg?fit=1200%2C630&resize=525%2C300 1.5x, https:\/\/i0.wp.com\/vincentians.com\/en\/wp-content\/uploads\/sites\/2\/2016\/07\/the-vincentian-digital-library-2.jpg?fit=1200%2C630&resize=700%2C400 2x, https:\/\/i0.wp.com\/vincentians.com\/en\/wp-content\/uploads\/sites\/2\/2016\/07\/the-vincentian-digital-library-2.jpg?fit=1200%2C630&resize=1050%2C600 3x"},"classes":[]}],"_links":{"self":[{"href":"http:\/\/vincentians.com\/en\/wp-json\/wp\/v2\/posts\/109294","targetHints":{"allow":["GET"]}}],"collection":[{"href":"http:\/\/vincentians.com\/en\/wp-json\/wp\/v2\/posts"}],"about":[{"href":"http:\/\/vincentians.com\/en\/wp-json\/wp\/v2\/types\/post"}],"author":[{"embeddable":true,"href":"http:\/\/vincentians.com\/en\/wp-json\/wp\/v2\/users\/4"}],"replies":[{"embeddable":true,"href":"http:\/\/vincentians.com\/en\/wp-json\/wp\/v2\/comments?post=109294"}],"version-history":[{"count":0,"href":"http:\/\/vincentians.com\/en\/wp-json\/wp\/v2\/posts\/109294\/revisions"}],"wp:featuredmedia":[{"embeddable":true,"href":"http:\/\/vincentians.com\/en\/wp-json\/wp\/v2\/media\/149529"}],"wp:attachment":[{"href":"http:\/\/vincentians.com\/en\/wp-json\/wp\/v2\/media?parent=109294"}],"wp:term":[{"taxonomy":"category","embeddable":true,"href":"http:\/\/vincentians.com\/en\/wp-json\/wp\/v2\/categories?post=109294"},{"taxonomy":"post_tag","embeddable":true,"href":"http:\/\/vincentians.com\/en\/wp-json\/wp\/v2\/tags?post=109294"}],"curies":[{"name":"wp","href":"https:\/\/api.w.org\/{rel}","templated":true}]}}