{"id":109013,"date":"2014-01-18T10:06:56","date_gmt":"2014-01-18T09:06:56","guid":{"rendered":"http:\/\/vincentians.com\/?p=109013"},"modified":"2016-07-10T18:45:38","modified_gmt":"2016-07-10T16:45:38","slug":"the-maternal-face-of-jesus-a-note-on-vincent-de-paul","status":"publish","type":"post","link":"http:\/\/vincentians.com\/en\/the-maternal-face-of-jesus-a-note-on-vincent-de-paul\/","title":{"rendered":"The Maternal Face of Jesus. A Note on Vincent de Paul"},"content":{"rendered":"<p>There is much that one could say about Vincent de Paul&#8217;s relationship with women. Among his closest friends and collaborators were two women saints, Jane Frances de Chantal and Louise de Marillac. Other women played a very significant role in his life, and he in theirs: from the unlettered peasant girl, Marguerite Naseau, to the Queen of France, Anne of Austria.<\/p>\n<p>Some have even suggested tentatively that, in his role as a leader, Saint Vincent related better to, and had a more significant influence on, women than men<span id='easy-footnote-1-109013' class='easy-footnote-margin-adjust'><\/span><span class='easy-footnote'><a href='http:\/\/vincentians.com\/en\/the-maternal-face-of-jesus-a-note-on-vincent-de-paul\/#easy-footnote-bottom-1-109013' title='Cf. Jaime Corera, &amp;#8220;St. Vincent and Human Formation,&amp;#8221; &lt;i&gt;Vincentian Heritage &lt;\/i&gt;9 (#1; 1988) 79.'><sup>1<\/sup><\/a><\/span>. While that judgment may be difficult to sustain, given Saint Vincent&#8217;s formidable array of male friends and counselees, he surely did have an impressive list of female admirers and collaborators: Madame de Gondi, Jane Frances de Chantal, Louise de Marillac, Madame Goussault, Mademoiselle du Fay, Anne of Austria, Marie de Gonzague\u2014just to name a few.<\/p>\n<p>It would be a mistake to think that his relationship with these women was &#8220;purely business.&#8221; He related to them with warmth and affection, without, as he might put it, &#8220;the slightest suspicion of unchastity&#8221; (CR IV, 1).<\/p>\n<p>His letters contain some lovely passages filled with human warmth. In October 1627 he tells Louise de Marillac: &#8220;I am writing to you at about midnight and am a little tired. Forgive my heart if it is not a little more expansive in this letter. Be faithful to your faithful lover who is our Lord. Also be very simple and humble. And I shall be in the love of our Lord and his holy mother&#8230;&#8221; (SV I, 30). On New Year&#8217;s Day 1638, he concludes his letter to her: &#8220;I wish you a young heart and a love in its first bloom for him who loves us unceasingly and as tenderly as if He were just beginning to love us. For all God&#8217;s pleasures are ever new and full of variety, although he never changes. I am in his love, with an affection such as his goodness desires and which I owe him out of love for him, Mademoiselle, your most humble servant &#8230; &#8221; (SV 1,417-18).<\/p>\n<p>To Jane Frances de Chantal, he writes: &#8220;And now, my dear Mother, permit me to ask if your incomparable kindness still allows me the happiness of enjoying the place you have given me in your dear and most amiable heart? I certainly hope so, although my miseries make me unworthy of it&#8221; (SV I, 566). In another letter to her, he describes Saint Jane Frances as someone who is &#8220;so much our honored Mother that she is mine alone, and whom I honor and cherish more tenderly than any child ever honored and loved its mother since our Lord; and it seems to me that I do so to such an extent that I have sufficient esteem and love to be able to share it with the whole world; and that, in truth, without exaggeration&#8221; (SV II, 86-87).<\/p>\n<p>From his writings, it is evident that Vincent&#8217;s esteem for women was very\u2022 high. He was inclined to think, for instance, that women are apt to be better administrators than men (cf. SV IV, 71), He had no doubts that God wanted them to have an equal role in the service of the poor. In his famous conference on &#8220;The End of the Congregation of the Mission,&#8221; given on December 6, 1658, he states: &#8220;Did the Lord not agree that women should enter his company? Yes. Did he not lead them to perfection and to the assistance of the poor? Yes. If, therefore, our Lord did that, he who did everything for our instruction, should we not consider it right to do the same thing? .. . So God is served equally by both sexes&#8221; (SV XII, 86-87).<\/p>\n<p>But the purpose of this brief note is to focus not so much on Saint Vincent&#8217;s way of relating to women as on one of his ways of relating to Jesus. To put it simply: While he comes among us as a man, Jesus, for Vincent, also has a maternal face.<\/p>\n<p>Vincent writes to Nicolas Etienne, a cleric, on January 30, 1656: &#8220;May it please God to grant the Company to which you belong the grace .. . to have a deep love of Jesus Christ, who is our father, our mother and our all&#8221; (SV V, 534).<\/p>\n<p>The following year, he writes to a priest of the Mission whose mother had died, saying that he has recommended to the prayers of the Commu\u00adnity &#8220;not only the deceased mother, but also her living son so that the Lord himself might take the place of his father and mother and might be his consolation&#8221; (SV VI, 444).<\/p>\n<p>In 1659, upon the death of the mother of Mann Baucher, a brother in the Congregation, he writes: &#8220;I ask our Lord to take the place of your father and mother&#8221; (SV VIII, 55).<\/p>\n<p>The most striking passage of all appears in a letter to Mathurine Guerin, written on March 3, 1660, just after the death of Monsieur Portail and just before that of Louise de Marillac:<\/p>\n<p style=\"padding-left: 30px;\">Certainly it is the great secret of the spiritual life to abandon to him all whom we love, while abandoning ourselves to whatever he wishes, with perfect confidence that everything will go better in that way. It is for that reason that it is said that everything works for the good of those who serve God. Let us serve him, therefore, my Sister, but let us serve him according to his pleasure, allowing him to do as he wishes. He will take the role of father and mother for us. He will be your consolation and your strength and finally the reward of your love. (SV VIII, 256)<\/p>\n<p>Two ideas emerge from these texts:<\/p>\n<h2><i>I. Vincent sees the maternal face of Jesus<\/i><\/h2>\n<p>Saint Vincent wrote to the Vincentians and the Daughters of Charity, with his characteristic simplicity, about both the father and the mother in the human personality in Jesus. In doing so, he makes it evident that he had appropriated into his own spirituality a basic scriptural truth.<\/p>\n<p>The Old Testament unabashedly depicts God as a mother. &#8220;Can a mother forget her infant, be without tenderness for the child of her womb? Even should she forget, I will never forget you&#8221; (Is 49:15). Yahweh complains: &#8220;I have looked away, and kept silence, I have said nothing, holding myself in. But now, I cry out as a woman in labor, gasping and panting&#8221; (Is 42:14). The Psalmist rests in God with deep confidence: &#8220;I have stilled and quieted my soul like a weaned child. Like a weaned child on its mother&#8217;s lap, so is my soul within me&#8221; (Ps 131:2).<\/p>\n<p>In the New Testament, Luke&#8217;s gospel likewise does not hesitate to use the image of a mother in describing Jesus&#8217; deep sorrow over the infidelity of Jerusalem. Jesus laments: &#8220;How often I wanted to gather your children together as a mother bird collects her young under her wings, but you refused&#8221; (Lk 13:34).<\/p>\n<p>In reflecting on the scriptures and seeing Jesus as a mother, Vincent was surely not alone among the saints. One is reminded of the striking words of Anselm of Canterbury:<\/p>\n<p style=\"padding-left: 30px;\">But you too, good Jesus, are you not also a mother?<br \/>\nAre you not a mother who like a hen gathers her chicks beneath her wings? , . .<br \/>\nAnd you, my soul, dead in yourself,<br \/>\nrun under the wings of Jesus your mother<br \/>\nand lament your griefs under his feathers.<br \/>\nAsk that your wounds may be healed<br \/>\nand that, comforted you may live again.<br \/>\nChrist, my mother, you gather your chickens under your wings;<br \/>\nThis dead chicken of yours puts himself under those wings. . .<br \/>\nWarm your chicken, give <i>life <\/i>to your dead one, justify your sinner.<span id='easy-footnote-2-109013' class='easy-footnote-margin-adjust'><\/span><span class='easy-footnote'><a href='http:\/\/vincentians.com\/en\/the-maternal-face-of-jesus-a-note-on-vincent-de-paul\/#easy-footnote-bottom-2-109013' title='Cf. &lt;i&gt;The Prayers and Meditations of Saint Anselm, &lt;\/i&gt;translated by S. Benedicta Ward (New York: Penguin, 1973), 153-56, as quoted &lt;i&gt;in &lt;\/i&gt;Elizabeih Johnson, &lt;i&gt;She Who Is &lt;\/i&gt;(New York: Crossroad, 1992), 150.'><sup>2<\/sup><\/a><\/span>\n<p>In this age, when, under Jungian influence, people often speak of the <i>animus <\/i>and the <i>anima <\/i>within us<span id='easy-footnote-3-109013' class='easy-footnote-margin-adjust'><\/span><span class='easy-footnote'><a href='http:\/\/vincentians.com\/en\/the-maternal-face-of-jesus-a-note-on-vincent-de-paul\/#easy-footnote-bottom-3-109013' title='While commonly employed, Jung&amp;#8217;s analysis is much disputed today. Cf. Sandra Schneiders, &lt;i&gt;Beyond Parching &lt;\/i&gt;(Mahwah: Pa ul ist Press, 1991), 85.89; also, John Carmody, &lt;i&gt;Toward a Male Spirituality &lt;\/i&gt;(Mystic: Twenty-Third Publications. 1989)94-108. Carmody wisely comments that &amp;#8220;no single formula will set the sexes into tidy traffic patterns&amp;#8221; (p. 94). So far, it seems lo me, we have not come up with a proper analytical tool for speaking of masculine and feminine qualities, since it is not easy to discern what is in us &amp;#8220;by nature&amp;#8221; and what is &amp;#8220;learned.&amp;#8221; Nonetheless, almost everyone continues to use some conceptual framework for discussing this question. Non-scientific frameworks are usually based on our concrete experience of the persons we know. For a very interesting discussion of these issues, cf. E. Johnson, &lt;i&gt;Consider Jesus &lt;\/i&gt;47-57.'><sup>3<\/sup><\/a><\/span>, and when there is considerable writing on a male and female spirituality<span id='easy-footnote-4-109013' class='easy-footnote-margin-adjust'><\/span><span class='easy-footnote'><a href='http:\/\/vincentians.com\/en\/the-maternal-face-of-jesus-a-note-on-vincent-de-paul\/#easy-footnote-bottom-4-109013' title='In addition to the works cited in the note above, cf. also William O&amp;#8217;Malley, &amp;#8220;The Grail Quest: Male Spirituality,&amp;#8221; &lt;i&gt;America, &lt;\/i&gt;vol. 166. n. 16 (May 9, 1992), 402-06; O&amp;#8217;Malley, &amp;#8220;A Male&amp;#8217;s View of Female Spirituality,&amp;#8221; &lt;i&gt;Human Development, &lt;\/i&gt;vol. 14, n. 3 (Fall 1993), 33-3S; Sally Cunneen, &amp;#8220;What if the Church is a Mother?&amp;#8221; &lt;i&gt;America, &lt;\/i&gt;vol. 165, n. 17 (November 30, 1991), 407-10. Cf. also Patrick Arnold, &lt;i&gt;Wildmrn, Warriors, and Kings. Masculine Spirituality and the Bible &lt;\/i&gt;(New York: Crossroad, 1992).'><sup>4<\/sup><\/a><\/span>, it is interesting to note how naturally Saint Vincent wrote of both the father and the mother in Jesus.<\/p>\n<h2><i>2. Vincent&#8217;s view of providence has a maternal face<\/i><\/h2>\n<p>All of the letters cited above in which Vincent describes Jesus as a mother deal with tragic events. In some of them he appeals explicitly to the need to trust in providence; in others, the appeal is implicit. In each case, he is saying basically to his correspondent: God reveals, in Christ, that he loves you like a father, but also like a mother\u2014like your own mother or like Louise de Marillac, the &#8220;mother&#8221; of the Daughters of Charity.<\/p>\n<p>He is concerned to assure the readers of these letters that God accom\u00adpanies them, in Christ, as a mother accompanies her child, that he is concerned about their future, and that his love is warm and ever present.<\/p>\n<p>In a conference given on June 9, 1658, he tells the Daughters: &#8220;To have confidence in providence means that we should hope that God takes care of those who serve him, as a husband takes care of his wife or a father of his child. That is how\u2014and far more truly\u2014God takes care of us. We have only to abandon ourselves to his guidance, as the Rule says, just as &#8216;a little child does to its nurse,&#8217; If she puts it on her right arm, the child is quite content; if she moves him over to her left, he doesn&#8217;t care, he is quite satisfied provided he has her breast. We should then have the same confidence in divine providence, seeing that it takes care of all that concerns us, just as a nursing mother takes care of her baby&#8221; (SV X.503).<\/p>\n<p>Reflecting on the texts cited in this brief note, one might suggest that Saint Vincent&#8217;s recognition of the father and mother in Jesus enabled him to develop both the father and the mother within himself. Like the Jesus he meditated on, he had a full share of the qualities usually associated<span id='easy-footnote-5-109013' class='easy-footnote-margin-adjust'><\/span><span class='easy-footnote'><a href='http:\/\/vincentians.com\/en\/the-maternal-face-of-jesus-a-note-on-vincent-de-paul\/#easy-footnote-bottom-5-109013' title='As stated in note 4 above, I use the terminology &amp;#8220;qualities usually associated&amp;#8221; with being male or female purposely, since such attribution is quite culturally conditioned.'><sup>5<\/sup><\/a><\/span> with the &#8220;fatherly&#8221; side of the human personality (showing anger in the face of injustice, demonstrating formidable organizational skills in the service of the poor), but like him too, he could turn a warm, compassion\u00adate, provident &#8220;maternal face&#8221; toward the members of his congregations and toward the poor.<\/p>\n","protected":false},"excerpt":{"rendered":"<p>There is much that one could say about Vincent de Paul&#8217;s relationship with women. Among his closest friends and collaborators were two women saints, Jane Frances de Chantal and Louise de Marillac. Other women played &#8230; <a href=\"http:\/\/vincentians.com\/en\/the-maternal-face-of-jesus-a-note-on-vincent-de-paul\/\" class=\"more-link\">Read More<\/a><\/p>\n","protected":false},"author":4,"featured_media":150631,"comment_status":"open","ping_status":"open","sticky":false,"template":"","format":"standard","meta":{"jetpack_post_was_ever_published":false,"_jetpack_newsletter_access":"","_jetpack_dont_email_post_to_subs":false,"_jetpack_newsletter_tier_id":0,"_jetpack_memberships_contains_paywalled_content":false,"_jetpack_memberships_contains_paid_content":false,"footnotes":"","jetpack_publicize_message":"","jetpack_publicize_feature_enabled":true,"jetpack_social_post_already_shared":false,"jetpack_social_options":{"image_generator_settings":{"template":"highway","default_image_id":0,"font":"","enabled":false},"version":2}},"categories":[28],"tags":[],"class_list":["post-109013","post","type-post","status-publish","format-standard","has-post-thumbnail","hentry","category-vincentian-formation"],"yoast_head":"<!-- This site is optimized with the Yoast SEO plugin v26.3 - https:\/\/yoast.com\/wordpress\/plugins\/seo\/ -->\n<title>The Maternal Face of Jesus. A Note on Vincent de Paul - We are Vincentians<\/title>\n<meta name=\"robots\" content=\"index, follow, max-snippet:-1, max-image-preview:large, max-video-preview:-1\" \/>\n<link rel=\"canonical\" href=\"https:\/\/vincentians.com\/en\/the-maternal-face-of-jesus-a-note-on-vincent-de-paul\/\" \/>\n<meta property=\"og:locale\" content=\"en_US\" \/>\n<meta property=\"og:type\" content=\"article\" \/>\n<meta property=\"og:title\" content=\"The Maternal Face of Jesus. A Note on Vincent de Paul - We are Vincentians\" \/>\n<meta property=\"og:description\" content=\"There is much that one could say about Vincent de Paul&#8217;s relationship with women. Among his closest friends and collaborators were two women saints, Jane Frances de Chantal and Louise de Marillac. Other women played ... Read More\" \/>\n<meta property=\"og:url\" content=\"https:\/\/vincentians.com\/en\/the-maternal-face-of-jesus-a-note-on-vincent-de-paul\/\" \/>\n<meta property=\"og:site_name\" content=\"We are Vincentians\" \/>\n<meta property=\"article:publisher\" content=\"https:\/\/www.facebook.com\/WeAreVincentians\/\" \/>\n<meta property=\"article:author\" content=\"https:\/\/www.facebook.com\/JavierChento\" \/>\n<meta property=\"article:published_time\" content=\"2014-01-18T09:06:56+00:00\" \/>\n<meta property=\"article:modified_time\" content=\"2016-07-10T16:45:38+00:00\" \/>\n<meta property=\"og:image\" content=\"https:\/\/i0.wp.com\/vincentians.com\/en\/wp-content\/uploads\/sites\/2\/2014\/01\/maternal-face-of-jesus.jpg?fit=1200%2C630&ssl=1\" \/>\n\t<meta property=\"og:image:width\" content=\"1200\" \/>\n\t<meta property=\"og:image:height\" content=\"630\" \/>\n\t<meta property=\"og:image:type\" content=\"image\/jpeg\" \/>\n<meta name=\"author\" content=\"Francisco Javier Fern\u00e1ndez Chento\" \/>\n<meta name=\"twitter:card\" content=\"summary_large_image\" \/>\n<meta name=\"twitter:creator\" content=\"@https:\/\/twitter.com\/javierchento\" \/>\n<meta name=\"twitter:site\" content=\"@WeVincentians\" \/>\n<meta name=\"twitter:label1\" content=\"Written by\" \/>\n\t<meta name=\"twitter:data1\" content=\"Francisco Javier Fern\u00e1ndez Chento\" \/>\n\t<meta name=\"twitter:label2\" content=\"Est. reading time\" \/>\n\t<meta name=\"twitter:data2\" content=\"10 minutes\" \/>\n<script type=\"application\/ld+json\" class=\"yoast-schema-graph\">{\"@context\":\"https:\/\/schema.org\",\"@graph\":[{\"@type\":\"Article\",\"@id\":\"https:\/\/vincentians.com\/en\/the-maternal-face-of-jesus-a-note-on-vincent-de-paul\/#article\",\"isPartOf\":{\"@id\":\"https:\/\/vincentians.com\/en\/the-maternal-face-of-jesus-a-note-on-vincent-de-paul\/\"},\"author\":{\"name\":\"Francisco Javier Fern\u00e1ndez Chento\",\"@id\":\"https:\/\/vincentians.com\/en\/#\/schema\/person\/9623ef4d9aa3b2dfb8c061f1499288f2\"},\"headline\":\"The Maternal Face of Jesus. A Note on Vincent de Paul\",\"datePublished\":\"2014-01-18T09:06:56+00:00\",\"dateModified\":\"2016-07-10T16:45:38+00:00\",\"mainEntityOfPage\":{\"@id\":\"https:\/\/vincentians.com\/en\/the-maternal-face-of-jesus-a-note-on-vincent-de-paul\/\"},\"wordCount\":1967,\"commentCount\":0,\"publisher\":{\"@id\":\"https:\/\/vincentians.com\/en\/#organization\"},\"image\":{\"@id\":\"https:\/\/vincentians.com\/en\/the-maternal-face-of-jesus-a-note-on-vincent-de-paul\/#primaryimage\"},\"thumbnailUrl\":\"https:\/\/i0.wp.com\/vincentians.com\/en\/wp-content\/uploads\/sites\/2\/2014\/01\/maternal-face-of-jesus.jpg?fit=1200%2C630\",\"articleSection\":[\"Vincentian Formation\"],\"inLanguage\":\"en-US\",\"potentialAction\":[{\"@type\":\"CommentAction\",\"name\":\"Comment\",\"target\":[\"https:\/\/vincentians.com\/en\/the-maternal-face-of-jesus-a-note-on-vincent-de-paul\/#respond\"]}]},{\"@type\":\"WebPage\",\"@id\":\"https:\/\/vincentians.com\/en\/the-maternal-face-of-jesus-a-note-on-vincent-de-paul\/\",\"url\":\"https:\/\/vincentians.com\/en\/the-maternal-face-of-jesus-a-note-on-vincent-de-paul\/\",\"name\":\"The Maternal Face of Jesus. A Note on Vincent de Paul - We are Vincentians\",\"isPartOf\":{\"@id\":\"https:\/\/vincentians.com\/en\/#website\"},\"primaryImageOfPage\":{\"@id\":\"https:\/\/vincentians.com\/en\/the-maternal-face-of-jesus-a-note-on-vincent-de-paul\/#primaryimage\"},\"image\":{\"@id\":\"https:\/\/vincentians.com\/en\/the-maternal-face-of-jesus-a-note-on-vincent-de-paul\/#primaryimage\"},\"thumbnailUrl\":\"https:\/\/i0.wp.com\/vincentians.com\/en\/wp-content\/uploads\/sites\/2\/2014\/01\/maternal-face-of-jesus.jpg?fit=1200%2C630\",\"datePublished\":\"2014-01-18T09:06:56+00:00\",\"dateModified\":\"2016-07-10T16:45:38+00:00\",\"breadcrumb\":{\"@id\":\"https:\/\/vincentians.com\/en\/the-maternal-face-of-jesus-a-note-on-vincent-de-paul\/#breadcrumb\"},\"inLanguage\":\"en-US\",\"potentialAction\":[{\"@type\":\"ReadAction\",\"target\":[\"https:\/\/vincentians.com\/en\/the-maternal-face-of-jesus-a-note-on-vincent-de-paul\/\"]}]},{\"@type\":\"ImageObject\",\"inLanguage\":\"en-US\",\"@id\":\"https:\/\/vincentians.com\/en\/the-maternal-face-of-jesus-a-note-on-vincent-de-paul\/#primaryimage\",\"url\":\"https:\/\/i0.wp.com\/vincentians.com\/en\/wp-content\/uploads\/sites\/2\/2014\/01\/maternal-face-of-jesus.jpg?fit=1200%2C630\",\"contentUrl\":\"https:\/\/i0.wp.com\/vincentians.com\/en\/wp-content\/uploads\/sites\/2\/2014\/01\/maternal-face-of-jesus.jpg?fit=1200%2C630\",\"width\":1200,\"height\":630},{\"@type\":\"BreadcrumbList\",\"@id\":\"https:\/\/vincentians.com\/en\/the-maternal-face-of-jesus-a-note-on-vincent-de-paul\/#breadcrumb\",\"itemListElement\":[{\"@type\":\"ListItem\",\"position\":1,\"name\":\"Portada\",\"item\":\"https:\/\/vincentians.com\/en\/\"},{\"@type\":\"ListItem\",\"position\":2,\"name\":\"The Maternal Face of Jesus. A Note on Vincent de Paul\"}]},{\"@type\":\"WebSite\",\"@id\":\"https:\/\/vincentians.com\/en\/#website\",\"url\":\"https:\/\/vincentians.com\/en\/\",\"name\":\"We are Vincentians\",\"description\":\"Know more to serve more\",\"publisher\":{\"@id\":\"https:\/\/vincentians.com\/en\/#organization\"},\"potentialAction\":[{\"@type\":\"SearchAction\",\"target\":{\"@type\":\"EntryPoint\",\"urlTemplate\":\"https:\/\/vincentians.com\/en\/?s={search_term_string}\"},\"query-input\":{\"@type\":\"PropertyValueSpecification\",\"valueRequired\":true,\"valueName\":\"search_term_string\"}}],\"inLanguage\":\"en-US\"},{\"@type\":\"Organization\",\"@id\":\"https:\/\/vincentians.com\/en\/#organization\",\"name\":\"The Vincentian Network\",\"url\":\"https:\/\/vincentians.com\/en\/\",\"logo\":{\"@type\":\"ImageObject\",\"inLanguage\":\"en-US\",\"@id\":\"https:\/\/vincentians.com\/en\/#\/schema\/logo\/image\/\",\"url\":\"https:\/\/i1.wp.com\/vincentians.com\/en\/wp-content\/uploads\/sites\/2\/2016\/06\/Vincentian-Network-logo-big.png?fit=778%2C778&ssl=1\",\"contentUrl\":\"https:\/\/i1.wp.com\/vincentians.com\/en\/wp-content\/uploads\/sites\/2\/2016\/06\/Vincentian-Network-logo-big.png?fit=778%2C778&ssl=1\",\"width\":778,\"height\":778,\"caption\":\"The Vincentian Network\"},\"image\":{\"@id\":\"https:\/\/vincentians.com\/en\/#\/schema\/logo\/image\/\"},\"sameAs\":[\"https:\/\/www.facebook.com\/WeAreVincentians\/\",\"https:\/\/x.com\/WeVincentians\"]},{\"@type\":\"Person\",\"@id\":\"https:\/\/vincentians.com\/en\/#\/schema\/person\/9623ef4d9aa3b2dfb8c061f1499288f2\",\"name\":\"Francisco Javier Fern\u00e1ndez Chento\",\"image\":{\"@type\":\"ImageObject\",\"inLanguage\":\"en-US\",\"@id\":\"https:\/\/vincentians.com\/en\/#\/schema\/person\/image\/\",\"url\":\"https:\/\/secure.gravatar.com\/avatar\/497d5cde87b4c3d097d0315953521681ba2cd523ee66e5077c3711f7021e65de?s=96&d=mm&r=g\",\"contentUrl\":\"https:\/\/secure.gravatar.com\/avatar\/497d5cde87b4c3d097d0315953521681ba2cd523ee66e5077c3711f7021e65de?s=96&d=mm&r=g\",\"caption\":\"Francisco Javier Fern\u00e1ndez Chento\"},\"description\":\"Director General y cofundador de La Red de Formaci\u00f3n Vicenciana. Javier es laico vicenciano, afiliado a la Congregaci\u00f3n de la Misi\u00f3n y miembro del Equipo de Misiones Populares de la provincia can\u00f3nica de Zaragoza (Espa\u00f1a) de la Congregaci\u00f3n de la Misi\u00f3n. Graduado en la Universidad Oberta de Catalunya con cuatro grados (Asistente de direcci\u00f3n, Gesti\u00f3n Administrativa, Recursos Humanos y Contabilidad Avanzada). Bil\u00edng\u00fce Espa\u00f1ol\/Ingl\u00e9s. gestiona y mantiene varias p\u00e1ginas web cristianas y vicencianas, incluida including La Red de Formaci\u00f3n Vicenciana, de la que es cofundador. Actualmente es responsable del \u00e1rea de Espa\u00f1ol de .famvin, la Red de Noticias de la Familia Vicenciana. Tambi\u00e9n es m\u00fasico cat\u00f3lico y ha editado varios discos. Es Director General y cofundador de Trovador, una reconocida compa\u00f1\u00eda discogr\u00e1fica critiana de Espa\u00f1a. Trabaja en las Tecnolog\u00edas de la Informaci\u00f3n, ofreciendo servicios de alojamiento, dise\u00f1o y mantenimiento Web, as\u00ed como asesoramiento, formaci\u00f3n y soluciones inform\u00e1ticas, gesti\u00f3n documental y digitalizaci\u00f3n de textos, edici\u00f3n y maquetaci\u00f3n de libros, revistas, flyers, etc.\",\"sameAs\":[\"http:\/\/chento.org\",\"https:\/\/www.facebook.com\/JavierChento\",\"https:\/\/x.com\/https:\/\/twitter.com\/javierchento\"],\"url\":\"http:\/\/vincentians.com\/en\/author\/chento\/\"}]}<\/script>\n<!-- \/ Yoast SEO plugin. -->","yoast_head_json":{"title":"The Maternal Face of Jesus. A Note on Vincent de Paul - We are Vincentians","robots":{"index":"index","follow":"follow","max-snippet":"max-snippet:-1","max-image-preview":"max-image-preview:large","max-video-preview":"max-video-preview:-1"},"canonical":"https:\/\/vincentians.com\/en\/the-maternal-face-of-jesus-a-note-on-vincent-de-paul\/","og_locale":"en_US","og_type":"article","og_title":"The Maternal Face of Jesus. A Note on Vincent de Paul - We are Vincentians","og_description":"There is much that one could say about Vincent de Paul&#8217;s relationship with women. Among his closest friends and collaborators were two women saints, Jane Frances de Chantal and Louise de Marillac. Other women played ... Read More","og_url":"https:\/\/vincentians.com\/en\/the-maternal-face-of-jesus-a-note-on-vincent-de-paul\/","og_site_name":"We are Vincentians","article_publisher":"https:\/\/www.facebook.com\/WeAreVincentians\/","article_author":"https:\/\/www.facebook.com\/JavierChento","article_published_time":"2014-01-18T09:06:56+00:00","article_modified_time":"2016-07-10T16:45:38+00:00","og_image":[{"width":1200,"height":630,"url":"https:\/\/i0.wp.com\/vincentians.com\/en\/wp-content\/uploads\/sites\/2\/2014\/01\/maternal-face-of-jesus.jpg?fit=1200%2C630&ssl=1","type":"image\/jpeg"}],"author":"Francisco Javier Fern\u00e1ndez Chento","twitter_card":"summary_large_image","twitter_creator":"@https:\/\/twitter.com\/javierchento","twitter_site":"@WeVincentians","twitter_misc":{"Written by":"Francisco Javier Fern\u00e1ndez Chento","Est. reading time":"10 minutes"},"schema":{"@context":"https:\/\/schema.org","@graph":[{"@type":"Article","@id":"https:\/\/vincentians.com\/en\/the-maternal-face-of-jesus-a-note-on-vincent-de-paul\/#article","isPartOf":{"@id":"https:\/\/vincentians.com\/en\/the-maternal-face-of-jesus-a-note-on-vincent-de-paul\/"},"author":{"name":"Francisco Javier Fern\u00e1ndez Chento","@id":"https:\/\/vincentians.com\/en\/#\/schema\/person\/9623ef4d9aa3b2dfb8c061f1499288f2"},"headline":"The Maternal Face of Jesus. A Note on Vincent de Paul","datePublished":"2014-01-18T09:06:56+00:00","dateModified":"2016-07-10T16:45:38+00:00","mainEntityOfPage":{"@id":"https:\/\/vincentians.com\/en\/the-maternal-face-of-jesus-a-note-on-vincent-de-paul\/"},"wordCount":1967,"commentCount":0,"publisher":{"@id":"https:\/\/vincentians.com\/en\/#organization"},"image":{"@id":"https:\/\/vincentians.com\/en\/the-maternal-face-of-jesus-a-note-on-vincent-de-paul\/#primaryimage"},"thumbnailUrl":"https:\/\/i0.wp.com\/vincentians.com\/en\/wp-content\/uploads\/sites\/2\/2014\/01\/maternal-face-of-jesus.jpg?fit=1200%2C630","articleSection":["Vincentian Formation"],"inLanguage":"en-US","potentialAction":[{"@type":"CommentAction","name":"Comment","target":["https:\/\/vincentians.com\/en\/the-maternal-face-of-jesus-a-note-on-vincent-de-paul\/#respond"]}]},{"@type":"WebPage","@id":"https:\/\/vincentians.com\/en\/the-maternal-face-of-jesus-a-note-on-vincent-de-paul\/","url":"https:\/\/vincentians.com\/en\/the-maternal-face-of-jesus-a-note-on-vincent-de-paul\/","name":"The Maternal Face of Jesus. A Note on Vincent de Paul - We are Vincentians","isPartOf":{"@id":"https:\/\/vincentians.com\/en\/#website"},"primaryImageOfPage":{"@id":"https:\/\/vincentians.com\/en\/the-maternal-face-of-jesus-a-note-on-vincent-de-paul\/#primaryimage"},"image":{"@id":"https:\/\/vincentians.com\/en\/the-maternal-face-of-jesus-a-note-on-vincent-de-paul\/#primaryimage"},"thumbnailUrl":"https:\/\/i0.wp.com\/vincentians.com\/en\/wp-content\/uploads\/sites\/2\/2014\/01\/maternal-face-of-jesus.jpg?fit=1200%2C630","datePublished":"2014-01-18T09:06:56+00:00","dateModified":"2016-07-10T16:45:38+00:00","breadcrumb":{"@id":"https:\/\/vincentians.com\/en\/the-maternal-face-of-jesus-a-note-on-vincent-de-paul\/#breadcrumb"},"inLanguage":"en-US","potentialAction":[{"@type":"ReadAction","target":["https:\/\/vincentians.com\/en\/the-maternal-face-of-jesus-a-note-on-vincent-de-paul\/"]}]},{"@type":"ImageObject","inLanguage":"en-US","@id":"https:\/\/vincentians.com\/en\/the-maternal-face-of-jesus-a-note-on-vincent-de-paul\/#primaryimage","url":"https:\/\/i0.wp.com\/vincentians.com\/en\/wp-content\/uploads\/sites\/2\/2014\/01\/maternal-face-of-jesus.jpg?fit=1200%2C630","contentUrl":"https:\/\/i0.wp.com\/vincentians.com\/en\/wp-content\/uploads\/sites\/2\/2014\/01\/maternal-face-of-jesus.jpg?fit=1200%2C630","width":1200,"height":630},{"@type":"BreadcrumbList","@id":"https:\/\/vincentians.com\/en\/the-maternal-face-of-jesus-a-note-on-vincent-de-paul\/#breadcrumb","itemListElement":[{"@type":"ListItem","position":1,"name":"Portada","item":"https:\/\/vincentians.com\/en\/"},{"@type":"ListItem","position":2,"name":"The Maternal Face of Jesus. A Note on Vincent de Paul"}]},{"@type":"WebSite","@id":"https:\/\/vincentians.com\/en\/#website","url":"https:\/\/vincentians.com\/en\/","name":"We are Vincentians","description":"Know more to serve more","publisher":{"@id":"https:\/\/vincentians.com\/en\/#organization"},"potentialAction":[{"@type":"SearchAction","target":{"@type":"EntryPoint","urlTemplate":"https:\/\/vincentians.com\/en\/?s={search_term_string}"},"query-input":{"@type":"PropertyValueSpecification","valueRequired":true,"valueName":"search_term_string"}}],"inLanguage":"en-US"},{"@type":"Organization","@id":"https:\/\/vincentians.com\/en\/#organization","name":"The Vincentian Network","url":"https:\/\/vincentians.com\/en\/","logo":{"@type":"ImageObject","inLanguage":"en-US","@id":"https:\/\/vincentians.com\/en\/#\/schema\/logo\/image\/","url":"https:\/\/i1.wp.com\/vincentians.com\/en\/wp-content\/uploads\/sites\/2\/2016\/06\/Vincentian-Network-logo-big.png?fit=778%2C778&ssl=1","contentUrl":"https:\/\/i1.wp.com\/vincentians.com\/en\/wp-content\/uploads\/sites\/2\/2016\/06\/Vincentian-Network-logo-big.png?fit=778%2C778&ssl=1","width":778,"height":778,"caption":"The Vincentian Network"},"image":{"@id":"https:\/\/vincentians.com\/en\/#\/schema\/logo\/image\/"},"sameAs":["https:\/\/www.facebook.com\/WeAreVincentians\/","https:\/\/x.com\/WeVincentians"]},{"@type":"Person","@id":"https:\/\/vincentians.com\/en\/#\/schema\/person\/9623ef4d9aa3b2dfb8c061f1499288f2","name":"Francisco Javier Fern\u00e1ndez Chento","image":{"@type":"ImageObject","inLanguage":"en-US","@id":"https:\/\/vincentians.com\/en\/#\/schema\/person\/image\/","url":"https:\/\/secure.gravatar.com\/avatar\/497d5cde87b4c3d097d0315953521681ba2cd523ee66e5077c3711f7021e65de?s=96&d=mm&r=g","contentUrl":"https:\/\/secure.gravatar.com\/avatar\/497d5cde87b4c3d097d0315953521681ba2cd523ee66e5077c3711f7021e65de?s=96&d=mm&r=g","caption":"Francisco Javier Fern\u00e1ndez Chento"},"description":"Director General y cofundador de La Red de Formaci\u00f3n Vicenciana. Javier es laico vicenciano, afiliado a la Congregaci\u00f3n de la Misi\u00f3n y miembro del Equipo de Misiones Populares de la provincia can\u00f3nica de Zaragoza (Espa\u00f1a) de la Congregaci\u00f3n de la Misi\u00f3n. Graduado en la Universidad Oberta de Catalunya con cuatro grados (Asistente de direcci\u00f3n, Gesti\u00f3n Administrativa, Recursos Humanos y Contabilidad Avanzada). Bil\u00edng\u00fce Espa\u00f1ol\/Ingl\u00e9s. gestiona y mantiene varias p\u00e1ginas web cristianas y vicencianas, incluida including La Red de Formaci\u00f3n Vicenciana, de la que es cofundador. Actualmente es responsable del \u00e1rea de Espa\u00f1ol de .famvin, la Red de Noticias de la Familia Vicenciana. Tambi\u00e9n es m\u00fasico cat\u00f3lico y ha editado varios discos. Es Director General y cofundador de Trovador, una reconocida compa\u00f1\u00eda discogr\u00e1fica critiana de Espa\u00f1a. Trabaja en las Tecnolog\u00edas de la Informaci\u00f3n, ofreciendo servicios de alojamiento, dise\u00f1o y mantenimiento Web, as\u00ed como asesoramiento, formaci\u00f3n y soluciones inform\u00e1ticas, gesti\u00f3n documental y digitalizaci\u00f3n de textos, edici\u00f3n y maquetaci\u00f3n de libros, revistas, flyers, etc.","sameAs":["http:\/\/chento.org","https:\/\/www.facebook.com\/JavierChento","https:\/\/x.com\/https:\/\/twitter.com\/javierchento"],"url":"http:\/\/vincentians.com\/en\/author\/chento\/"}]}},"jetpack_publicize_connections":[],"jetpack_featured_media_url":"https:\/\/i0.wp.com\/vincentians.com\/en\/wp-content\/uploads\/sites\/2\/2014\/01\/maternal-face-of-jesus.jpg?fit=1200%2C630","jetpack_sharing_enabled":true,"jetpack_shortlink":"https:\/\/wp.me\/p7K2Ow-smh","jetpack-related-posts":[{"id":41990,"url":"http:\/\/vincentians.com\/en\/vincentian-family-tree\/","url_meta":{"origin":109013,"position":0},"title":"Vincentian Family Tree","author":"Francisco Javier Fern\u00e1ndez Chento","date":"January 6, 2016","format":false,"excerpt":"Catholic Institutes of Consecrated Life And Societies of Apostolic Life 1.1 Institutes founded by Vincent de Paul. FRANCE Congregation of the Mission (Lazarists or Vincentian Fathers and Brothers) Company of the Daughters of Charity of Saint Vincent de Paul, Servants of the Sick Poor (Grey Sisters) 1.2 Institutes which adopted\u2026","rel":"","context":"In &quot;Branches&quot;","block_context":{"text":"Branches","link":"http:\/\/vincentians.com\/en\/category\/the-vincentian-family\/branches\/"},"img":{"alt_text":"","src":"https:\/\/i0.wp.com\/vincentians.com\/en\/wp-content\/uploads\/sites\/2\/2016\/01\/family-tree.jpg?fit=1200%2C630&resize=350%2C200","width":350,"height":200,"srcset":"https:\/\/i0.wp.com\/vincentians.com\/en\/wp-content\/uploads\/sites\/2\/2016\/01\/family-tree.jpg?fit=1200%2C630&resize=350%2C200 1x, https:\/\/i0.wp.com\/vincentians.com\/en\/wp-content\/uploads\/sites\/2\/2016\/01\/family-tree.jpg?fit=1200%2C630&resize=525%2C300 1.5x, https:\/\/i0.wp.com\/vincentians.com\/en\/wp-content\/uploads\/sites\/2\/2016\/01\/family-tree.jpg?fit=1200%2C630&resize=700%2C400 2x, https:\/\/i0.wp.com\/vincentians.com\/en\/wp-content\/uploads\/sites\/2\/2016\/01\/family-tree.jpg?fit=1200%2C630&resize=1050%2C600 3x"},"classes":[]},{"id":148898,"url":"http:\/\/vincentians.com\/en\/the-contributions-of-the-vincentian-charism-to-the-mission-of-the-church-3\/","url_meta":{"origin":109013,"position":1},"title":"The Contributions of the Vincentian Charism to the Mission of the Church (3)","author":"Francisco Javier Fern\u00e1ndez Chento","date":"June 25, 2016","format":false,"excerpt":"3. Participation of the laity, especially women, in the mission of the Apostles The biographers of Vincent de Paul and Louise de Marillac highlight their important contribution to the promotion of the laity, especially women. They also point out the various ways in which Vincent and Louise promoted the laity\u2026","rel":"","context":"In &quot;Vincentian Formation&quot;","block_context":{"text":"Vincentian Formation","link":"http:\/\/vincentians.com\/en\/category\/vincentian-formation\/"},"img":{"alt_text":"","src":"https:\/\/i0.wp.com\/vincentians.com\/en\/wp-content\/uploads\/sites\/2\/2016\/06\/contributions-charism.jpg?fit=1200%2C630&resize=350%2C200","width":350,"height":200,"srcset":"https:\/\/i0.wp.com\/vincentians.com\/en\/wp-content\/uploads\/sites\/2\/2016\/06\/contributions-charism.jpg?fit=1200%2C630&resize=350%2C200 1x, https:\/\/i0.wp.com\/vincentians.com\/en\/wp-content\/uploads\/sites\/2\/2016\/06\/contributions-charism.jpg?fit=1200%2C630&resize=525%2C300 1.5x, https:\/\/i0.wp.com\/vincentians.com\/en\/wp-content\/uploads\/sites\/2\/2016\/06\/contributions-charism.jpg?fit=1200%2C630&resize=700%2C400 2x, https:\/\/i0.wp.com\/vincentians.com\/en\/wp-content\/uploads\/sites\/2\/2016\/06\/contributions-charism.jpg?fit=1200%2C630&resize=1050%2C600 3x"},"classes":[]},{"id":54086,"url":"http:\/\/vincentians.com\/en\/saint-vincent-and-the-laity\/","url_meta":{"origin":109013,"position":2},"title":"Saint Vincent and the laity","author":"Francisco Javier Fern\u00e1ndez Chento","date":"May 17, 2015","format":false,"excerpt":"While preparing for this conference, I was about to change the title for one that I thought corresponded more to the reality. I thought that, instead of \"Saint Vincent and the Laity\" I should entitle it \"Saint Vincent or the Laity\" for both titles are implied in each other. But\u2026","rel":"","context":"In &quot;Vincentian Formation&quot;","block_context":{"text":"Vincentian Formation","link":"http:\/\/vincentians.com\/en\/category\/vincentian-formation\/"},"img":{"alt_text":"","src":"https:\/\/i0.wp.com\/vincentians.com\/en\/wp-content\/uploads\/sites\/2\/2012\/12\/vincent-de-paul-family-background.jpg?fit=1200%2C630&resize=350%2C200","width":350,"height":200,"srcset":"https:\/\/i0.wp.com\/vincentians.com\/en\/wp-content\/uploads\/sites\/2\/2012\/12\/vincent-de-paul-family-background.jpg?fit=1200%2C630&resize=350%2C200 1x, https:\/\/i0.wp.com\/vincentians.com\/en\/wp-content\/uploads\/sites\/2\/2012\/12\/vincent-de-paul-family-background.jpg?fit=1200%2C630&resize=525%2C300 1.5x, https:\/\/i0.wp.com\/vincentians.com\/en\/wp-content\/uploads\/sites\/2\/2012\/12\/vincent-de-paul-family-background.jpg?fit=1200%2C630&resize=700%2C400 2x, https:\/\/i0.wp.com\/vincentians.com\/en\/wp-content\/uploads\/sites\/2\/2012\/12\/vincent-de-paul-family-background.jpg?fit=1200%2C630&resize=1050%2C600 3x"},"classes":[]},{"id":53677,"url":"http:\/\/vincentians.com\/en\/itinerary-and-elements-of-vincentian-spirituality\/","url_meta":{"origin":109013,"position":3},"title":"Itinerary and elements of Vincentian Spirituality","author":"Francisco Javier Fern\u00e1ndez Chento","date":"December 4, 2014","format":false,"excerpt":"We cannot separate Vincentian spirituality from the person of Saint Vincent. We should enter first through the door of the spiritual experience of Saint Vincent. This is an absolute prerequisite. But, conscious of the time element, I am inviting you, therefore, to visualize his journey, in outline form, from what\u2026","rel":"","context":"In &quot;Vincentian Formation&quot;","block_context":{"text":"Vincentian Formation","link":"http:\/\/vincentians.com\/en\/category\/vincentian-formation\/"},"img":{"alt_text":"","src":"https:\/\/i0.wp.com\/vincentians.com\/en\/wp-content\/uploads\/sites\/2\/2016\/06\/vincentian-spirituality.jpg?fit=1200%2C630&resize=350%2C200","width":350,"height":200,"srcset":"https:\/\/i0.wp.com\/vincentians.com\/en\/wp-content\/uploads\/sites\/2\/2016\/06\/vincentian-spirituality.jpg?fit=1200%2C630&resize=350%2C200 1x, https:\/\/i0.wp.com\/vincentians.com\/en\/wp-content\/uploads\/sites\/2\/2016\/06\/vincentian-spirituality.jpg?fit=1200%2C630&resize=525%2C300 1.5x, https:\/\/i0.wp.com\/vincentians.com\/en\/wp-content\/uploads\/sites\/2\/2016\/06\/vincentian-spirituality.jpg?fit=1200%2C630&resize=700%2C400 2x, https:\/\/i0.wp.com\/vincentians.com\/en\/wp-content\/uploads\/sites\/2\/2016\/06\/vincentian-spirituality.jpg?fit=1200%2C630&resize=1050%2C600 3x"},"classes":[]},{"id":108353,"url":"http:\/\/vincentians.com\/en\/vincent-letter-0005-edmond-mauljean-to-saint-vincent\/","url_meta":{"origin":109013,"position":4},"title":"Vincent, Letter 0005. Edmond Mauljean to Saint Vincent","author":"Francisco Javier Fern\u00e1ndez Chento","date":"August 15, 2016","format":false,"excerpt":"Monsieur, I have such great assurance of your competence, prudence, capability, and other merits that I most willingly grant you what you ask. May God give you the grace to acquit yourself worthily of it, as I trust you shall. In token of the above, I have signed this note\u2026","rel":"","context":"In &quot;Writings of Vincent de Paul&quot;","block_context":{"text":"Writings of Vincent de Paul","link":"http:\/\/vincentians.com\/en\/category\/writings\/writings-of-vincent-de-paul\/"},"img":{"alt_text":"","src":"https:\/\/i0.wp.com\/vincentians.com\/en\/wp-content\/uploads\/sites\/2\/2016\/06\/Writings-of-Vincent-de-Paul.jpg?fit=1200%2C630&resize=350%2C200","width":350,"height":200,"srcset":"https:\/\/i0.wp.com\/vincentians.com\/en\/wp-content\/uploads\/sites\/2\/2016\/06\/Writings-of-Vincent-de-Paul.jpg?fit=1200%2C630&resize=350%2C200 1x, https:\/\/i0.wp.com\/vincentians.com\/en\/wp-content\/uploads\/sites\/2\/2016\/06\/Writings-of-Vincent-de-Paul.jpg?fit=1200%2C630&resize=525%2C300 1.5x, https:\/\/i0.wp.com\/vincentians.com\/en\/wp-content\/uploads\/sites\/2\/2016\/06\/Writings-of-Vincent-de-Paul.jpg?fit=1200%2C630&resize=700%2C400 2x, https:\/\/i0.wp.com\/vincentians.com\/en\/wp-content\/uploads\/sites\/2\/2016\/06\/Writings-of-Vincent-de-Paul.jpg?fit=1200%2C630&resize=1050%2C600 3x"},"classes":[]},{"id":108351,"url":"http:\/\/vincentians.com\/en\/vincent-letter-0008-to-madame-gondi\/","url_meta":{"origin":109013,"position":5},"title":"Vincent, Letter 0008. To Madame de Gondi","author":"Francisco Javier Fern\u00e1ndez Chento","date":"September 5, 2016","format":false,"excerpt":"[September or October 1617] Vincent de Paul consoles and encourages Mme de Gondi, while exhorting her to be submissive to the good pleasure of God.","rel":"","context":"In &quot;Writings of Vincent de Paul&quot;","block_context":{"text":"Writings of Vincent de Paul","link":"http:\/\/vincentians.com\/en\/category\/writings\/writings-of-vincent-de-paul\/"},"img":{"alt_text":"","src":"https:\/\/i0.wp.com\/vincentians.com\/en\/wp-content\/uploads\/sites\/2\/2016\/06\/Writings-of-Vincent-de-Paul.jpg?fit=1200%2C630&resize=350%2C200","width":350,"height":200,"srcset":"https:\/\/i0.wp.com\/vincentians.com\/en\/wp-content\/uploads\/sites\/2\/2016\/06\/Writings-of-Vincent-de-Paul.jpg?fit=1200%2C630&resize=350%2C200 1x, https:\/\/i0.wp.com\/vincentians.com\/en\/wp-content\/uploads\/sites\/2\/2016\/06\/Writings-of-Vincent-de-Paul.jpg?fit=1200%2C630&resize=525%2C300 1.5x, https:\/\/i0.wp.com\/vincentians.com\/en\/wp-content\/uploads\/sites\/2\/2016\/06\/Writings-of-Vincent-de-Paul.jpg?fit=1200%2C630&resize=700%2C400 2x, https:\/\/i0.wp.com\/vincentians.com\/en\/wp-content\/uploads\/sites\/2\/2016\/06\/Writings-of-Vincent-de-Paul.jpg?fit=1200%2C630&resize=1050%2C600 3x"},"classes":[]}],"_links":{"self":[{"href":"http:\/\/vincentians.com\/en\/wp-json\/wp\/v2\/posts\/109013","targetHints":{"allow":["GET"]}}],"collection":[{"href":"http:\/\/vincentians.com\/en\/wp-json\/wp\/v2\/posts"}],"about":[{"href":"http:\/\/vincentians.com\/en\/wp-json\/wp\/v2\/types\/post"}],"author":[{"embeddable":true,"href":"http:\/\/vincentians.com\/en\/wp-json\/wp\/v2\/users\/4"}],"replies":[{"embeddable":true,"href":"http:\/\/vincentians.com\/en\/wp-json\/wp\/v2\/comments?post=109013"}],"version-history":[{"count":0,"href":"http:\/\/vincentians.com\/en\/wp-json\/wp\/v2\/posts\/109013\/revisions"}],"wp:featuredmedia":[{"embeddable":true,"href":"http:\/\/vincentians.com\/en\/wp-json\/wp\/v2\/media\/150631"}],"wp:attachment":[{"href":"http:\/\/vincentians.com\/en\/wp-json\/wp\/v2\/media?parent=109013"}],"wp:term":[{"taxonomy":"category","embeddable":true,"href":"http:\/\/vincentians.com\/en\/wp-json\/wp\/v2\/categories?post=109013"},{"taxonomy":"post_tag","embeddable":true,"href":"http:\/\/vincentians.com\/en\/wp-json\/wp\/v2\/tags?post=109013"}],"curies":[{"name":"wp","href":"https:\/\/api.w.org\/{rel}","templated":true}]}}