{"id":108882,"date":"2017-05-23T03:00:40","date_gmt":"2017-05-23T01:00:40","guid":{"rendered":"http:\/\/vincentians.com\/?p=108882"},"modified":"2016-07-19T07:30:34","modified_gmt":"2016-07-19T05:30:34","slug":"louise-letter-0037-to-monsieur-labbe-vaux","status":"publish","type":"post","link":"http:\/\/vincentians.com\/en\/louise-letter-0037-to-monsieur-labbe-vaux\/","title":{"rendered":"Louise, Letter 0037. To Monsieur l\u2019Abb\u00e9 de Vaux"},"content":{"rendered":"<p>April 22 (1641)<\/p>\n<p>Monsieur,<\/p>\n<p>At the very time that I received the letter that you did me the honor of sending to me, I was reflecting on a directive which your Charity had given me. This confirmed the thought I expressed to you the last time I had the honor of seeing you and of discussing the subject treated in your letter. Therefore, since you wish it, I shall write to our sisters for Wednesday. I will leave the name blank so that God may make known which of our sisters, Sister C\u00e9cile or Sister Madeleine<span id='easy-footnote-1-108882' class='easy-footnote-margin-adjust'><\/span><span class='easy-footnote'><a href='http:\/\/vincentians.com\/en\/louise-letter-0037-to-monsieur-labbe-vaux\/#easy-footnote-bottom-1-108882' title='C\u00e9cile Angiboust or Madeleine Mongert. It is the latter who was chosen to replace Elisabeth Martin, who left to rest.'><sup>1<\/sup><\/a><\/span>, He wills to take the place of our dear Sister Elisabeth, whose departure has touched me very deeply. I believe her to be a good and true servant of God. I ask your Charity please to be so good as to fill in the name. I am astonished that the good gentlemen of the administration said nothing about her illness when they sent me the documents concerning the establishment, which I received last week<span id='easy-footnote-2-108882' class='easy-footnote-margin-adjust'><\/span><span class='easy-footnote'><a href='http:\/\/vincentians.com\/en\/louise-letter-0037-to-monsieur-labbe-vaux\/#easy-footnote-bottom-2-108882' title='The contract with the hospital and the Rule of the Daughters of Charity were recorded on March 18, 1641 by the civil clerk of the seneschal\u2019s court at Angers.'><sup>2<\/sup><\/a><\/span>. This led me to believe that you had not returned, since they were not sent to you. May God will that the business that is keeping you here in the city succeed for His glory. I would be distressed, Monsieur, to cause you to waste your precious time. The knowledge that God has given me of your charity suffices to make me confident that you will exercise it for the needs of her who is truly, in the love of Jesus Crucified, Monsieur, your least worthy and most obedient daughter and servant.<\/p>\n","protected":false},"excerpt":{"rendered":"<p>April 22 (1641) Monsieur, At the very time that I received the letter that you did me the honor of sending to me, I was reflecting on a directive which your Charity had given me. &#8230; <a href=\"http:\/\/vincentians.com\/en\/louise-letter-0037-to-monsieur-labbe-vaux\/\" class=\"more-link\">Read More<\/a><\/p>\n","protected":false},"author":4,"featured_media":147300,"comment_status":"open","ping_status":"open","sticky":false,"template":"","format":"standard","meta":{"jetpack_post_was_ever_published":false,"_jetpack_newsletter_access":"","_jetpack_dont_email_post_to_subs":false,"_jetpack_newsletter_tier_id":0,"_jetpack_memberships_contains_paywalled_content":false,"_jetpack_memberships_contains_paid_content":false,"footnotes":"","jetpack_publicize_message":"","jetpack_publicize_feature_enabled":true,"jetpack_social_post_already_shared":true,"jetpack_social_options":{"image_generator_settings":{"template":"highway","default_image_id":0,"font":"","enabled":false},"version":2}},"categories":[67],"tags":[],"class_list":["post-108882","post","type-post","status-publish","format-standard","has-post-thumbnail","hentry","category-writings-of-louise-de-marillac"],"yoast_head":"<!-- This site is optimized with the Yoast SEO plugin v26.3 - https:\/\/yoast.com\/wordpress\/plugins\/seo\/ -->\n<title>Louise, Letter 0037. To Monsieur l\u2019Abb\u00e9 de Vaux - We are Vincentians<\/title>\n<meta name=\"robots\" content=\"index, follow, max-snippet:-1, max-image-preview:large, max-video-preview:-1\" \/>\n<link rel=\"canonical\" href=\"http:\/\/vincentians.com\/en\/louise-letter-0037-to-monsieur-labbe-vaux\/\" \/>\n<meta property=\"og:locale\" content=\"en_US\" \/>\n<meta property=\"og:type\" content=\"article\" \/>\n<meta property=\"og:title\" content=\"Louise, Letter 0037. To Monsieur l\u2019Abb\u00e9 de Vaux - We are Vincentians\" \/>\n<meta property=\"og:description\" content=\"April 22 (1641) Monsieur, At the very time that I received the letter that you did me the honor of sending to me, I was reflecting on a directive which your Charity had given me. ... Read More\" \/>\n<meta property=\"og:url\" content=\"http:\/\/vincentians.com\/en\/louise-letter-0037-to-monsieur-labbe-vaux\/\" \/>\n<meta property=\"og:site_name\" content=\"We are Vincentians\" \/>\n<meta property=\"article:publisher\" content=\"https:\/\/www.facebook.com\/WeAreVincentians\/\" \/>\n<meta property=\"article:author\" content=\"https:\/\/www.facebook.com\/JavierChento\" \/>\n<meta property=\"article:published_time\" content=\"2017-05-23T01:00:40+00:00\" \/>\n<meta property=\"og:image\" content=\"https:\/\/i0.wp.com\/vincentians.com\/en\/wp-content\/uploads\/sites\/2\/2016\/06\/Writings-of-Louise-de-Marillac.jpg?fit=1200%2C630\" \/>\n\t<meta property=\"og:image:width\" content=\"1200\" \/>\n\t<meta property=\"og:image:height\" content=\"630\" \/>\n\t<meta property=\"og:image:type\" content=\"image\/jpeg\" \/>\n<meta name=\"author\" content=\"Francisco Javier Fern\u00e1ndez Chento\" \/>\n<meta name=\"twitter:card\" content=\"summary_large_image\" \/>\n<meta name=\"twitter:creator\" content=\"@https:\/\/twitter.com\/javierchento\" \/>\n<meta name=\"twitter:site\" content=\"@WeVincentians\" \/>\n<meta name=\"twitter:label1\" content=\"Written by\" \/>\n\t<meta name=\"twitter:data1\" content=\"Francisco Javier Fern\u00e1ndez Chento\" \/>\n\t<meta name=\"twitter:label2\" content=\"Est. reading time\" \/>\n\t<meta name=\"twitter:data2\" content=\"2 minutes\" \/>\n<script type=\"application\/ld+json\" class=\"yoast-schema-graph\">{\"@context\":\"https:\/\/schema.org\",\"@graph\":[{\"@type\":\"Article\",\"@id\":\"http:\/\/vincentians.com\/en\/louise-letter-0037-to-monsieur-labbe-vaux\/#article\",\"isPartOf\":{\"@id\":\"http:\/\/vincentians.com\/en\/louise-letter-0037-to-monsieur-labbe-vaux\/\"},\"author\":{\"name\":\"Francisco Javier Fern\u00e1ndez Chento\",\"@id\":\"https:\/\/vincentians.com\/en\/#\/schema\/person\/9623ef4d9aa3b2dfb8c061f1499288f2\"},\"headline\":\"Louise, Letter 0037. To Monsieur l\u2019Abb\u00e9 de Vaux\",\"datePublished\":\"2017-05-23T01:00:40+00:00\",\"mainEntityOfPage\":{\"@id\":\"http:\/\/vincentians.com\/en\/louise-letter-0037-to-monsieur-labbe-vaux\/\"},\"wordCount\":322,\"commentCount\":0,\"publisher\":{\"@id\":\"https:\/\/vincentians.com\/en\/#organization\"},\"image\":{\"@id\":\"http:\/\/vincentians.com\/en\/louise-letter-0037-to-monsieur-labbe-vaux\/#primaryimage\"},\"thumbnailUrl\":\"https:\/\/i0.wp.com\/vincentians.com\/en\/wp-content\/uploads\/sites\/2\/2016\/06\/Writings-of-Louise-de-Marillac.jpg?fit=1200%2C630\",\"articleSection\":[\"Writings of Louise de Marillac\"],\"inLanguage\":\"en-US\",\"potentialAction\":[{\"@type\":\"CommentAction\",\"name\":\"Comment\",\"target\":[\"http:\/\/vincentians.com\/en\/louise-letter-0037-to-monsieur-labbe-vaux\/#respond\"]}]},{\"@type\":\"WebPage\",\"@id\":\"http:\/\/vincentians.com\/en\/louise-letter-0037-to-monsieur-labbe-vaux\/\",\"url\":\"http:\/\/vincentians.com\/en\/louise-letter-0037-to-monsieur-labbe-vaux\/\",\"name\":\"Louise, Letter 0037. To Monsieur l\u2019Abb\u00e9 de Vaux - We are Vincentians\",\"isPartOf\":{\"@id\":\"https:\/\/vincentians.com\/en\/#website\"},\"primaryImageOfPage\":{\"@id\":\"http:\/\/vincentians.com\/en\/louise-letter-0037-to-monsieur-labbe-vaux\/#primaryimage\"},\"image\":{\"@id\":\"http:\/\/vincentians.com\/en\/louise-letter-0037-to-monsieur-labbe-vaux\/#primaryimage\"},\"thumbnailUrl\":\"https:\/\/i0.wp.com\/vincentians.com\/en\/wp-content\/uploads\/sites\/2\/2016\/06\/Writings-of-Louise-de-Marillac.jpg?fit=1200%2C630\",\"datePublished\":\"2017-05-23T01:00:40+00:00\",\"breadcrumb\":{\"@id\":\"http:\/\/vincentians.com\/en\/louise-letter-0037-to-monsieur-labbe-vaux\/#breadcrumb\"},\"inLanguage\":\"en-US\",\"potentialAction\":[{\"@type\":\"ReadAction\",\"target\":[\"http:\/\/vincentians.com\/en\/louise-letter-0037-to-monsieur-labbe-vaux\/\"]}]},{\"@type\":\"ImageObject\",\"inLanguage\":\"en-US\",\"@id\":\"http:\/\/vincentians.com\/en\/louise-letter-0037-to-monsieur-labbe-vaux\/#primaryimage\",\"url\":\"https:\/\/i0.wp.com\/vincentians.com\/en\/wp-content\/uploads\/sites\/2\/2016\/06\/Writings-of-Louise-de-Marillac.jpg?fit=1200%2C630\",\"contentUrl\":\"https:\/\/i0.wp.com\/vincentians.com\/en\/wp-content\/uploads\/sites\/2\/2016\/06\/Writings-of-Louise-de-Marillac.jpg?fit=1200%2C630\",\"width\":1200,\"height\":630},{\"@type\":\"BreadcrumbList\",\"@id\":\"http:\/\/vincentians.com\/en\/louise-letter-0037-to-monsieur-labbe-vaux\/#breadcrumb\",\"itemListElement\":[{\"@type\":\"ListItem\",\"position\":1,\"name\":\"Portada\",\"item\":\"https:\/\/vincentians.com\/en\/\"},{\"@type\":\"ListItem\",\"position\":2,\"name\":\"Louise, Letter 0037. To Monsieur l\u2019Abb\u00e9 de Vaux\"}]},{\"@type\":\"WebSite\",\"@id\":\"https:\/\/vincentians.com\/en\/#website\",\"url\":\"https:\/\/vincentians.com\/en\/\",\"name\":\"We are Vincentians\",\"description\":\"Know more to serve more\",\"publisher\":{\"@id\":\"https:\/\/vincentians.com\/en\/#organization\"},\"potentialAction\":[{\"@type\":\"SearchAction\",\"target\":{\"@type\":\"EntryPoint\",\"urlTemplate\":\"https:\/\/vincentians.com\/en\/?s={search_term_string}\"},\"query-input\":{\"@type\":\"PropertyValueSpecification\",\"valueRequired\":true,\"valueName\":\"search_term_string\"}}],\"inLanguage\":\"en-US\"},{\"@type\":\"Organization\",\"@id\":\"https:\/\/vincentians.com\/en\/#organization\",\"name\":\"The Vincentian Network\",\"url\":\"https:\/\/vincentians.com\/en\/\",\"logo\":{\"@type\":\"ImageObject\",\"inLanguage\":\"en-US\",\"@id\":\"https:\/\/vincentians.com\/en\/#\/schema\/logo\/image\/\",\"url\":\"https:\/\/i1.wp.com\/vincentians.com\/en\/wp-content\/uploads\/sites\/2\/2016\/06\/Vincentian-Network-logo-big.png?fit=778%2C778&ssl=1\",\"contentUrl\":\"https:\/\/i1.wp.com\/vincentians.com\/en\/wp-content\/uploads\/sites\/2\/2016\/06\/Vincentian-Network-logo-big.png?fit=778%2C778&ssl=1\",\"width\":778,\"height\":778,\"caption\":\"The Vincentian Network\"},\"image\":{\"@id\":\"https:\/\/vincentians.com\/en\/#\/schema\/logo\/image\/\"},\"sameAs\":[\"https:\/\/www.facebook.com\/WeAreVincentians\/\",\"https:\/\/x.com\/WeVincentians\"]},{\"@type\":\"Person\",\"@id\":\"https:\/\/vincentians.com\/en\/#\/schema\/person\/9623ef4d9aa3b2dfb8c061f1499288f2\",\"name\":\"Francisco Javier Fern\u00e1ndez Chento\",\"image\":{\"@type\":\"ImageObject\",\"inLanguage\":\"en-US\",\"@id\":\"https:\/\/vincentians.com\/en\/#\/schema\/person\/image\/\",\"url\":\"https:\/\/secure.gravatar.com\/avatar\/497d5cde87b4c3d097d0315953521681ba2cd523ee66e5077c3711f7021e65de?s=96&d=mm&r=g\",\"contentUrl\":\"https:\/\/secure.gravatar.com\/avatar\/497d5cde87b4c3d097d0315953521681ba2cd523ee66e5077c3711f7021e65de?s=96&d=mm&r=g\",\"caption\":\"Francisco Javier Fern\u00e1ndez Chento\"},\"description\":\"Director General y cofundador de La Red de Formaci\u00f3n Vicenciana. Javier es laico vicenciano, afiliado a la Congregaci\u00f3n de la Misi\u00f3n y miembro del Equipo de Misiones Populares de la provincia can\u00f3nica de Zaragoza (Espa\u00f1a) de la Congregaci\u00f3n de la Misi\u00f3n. Graduado en la Universidad Oberta de Catalunya con cuatro grados (Asistente de direcci\u00f3n, Gesti\u00f3n Administrativa, Recursos Humanos y Contabilidad Avanzada). Bil\u00edng\u00fce Espa\u00f1ol\/Ingl\u00e9s. gestiona y mantiene varias p\u00e1ginas web cristianas y vicencianas, incluida including La Red de Formaci\u00f3n Vicenciana, de la que es cofundador. Actualmente es responsable del \u00e1rea de Espa\u00f1ol de .famvin, la Red de Noticias de la Familia Vicenciana. Tambi\u00e9n es m\u00fasico cat\u00f3lico y ha editado varios discos. Es Director General y cofundador de Trovador, una reconocida compa\u00f1\u00eda discogr\u00e1fica critiana de Espa\u00f1a. Trabaja en las Tecnolog\u00edas de la Informaci\u00f3n, ofreciendo servicios de alojamiento, dise\u00f1o y mantenimiento Web, as\u00ed como asesoramiento, formaci\u00f3n y soluciones inform\u00e1ticas, gesti\u00f3n documental y digitalizaci\u00f3n de textos, edici\u00f3n y maquetaci\u00f3n de libros, revistas, flyers, etc.\",\"sameAs\":[\"http:\/\/chento.org\",\"https:\/\/www.facebook.com\/JavierChento\",\"https:\/\/x.com\/https:\/\/twitter.com\/javierchento\"],\"url\":\"http:\/\/vincentians.com\/en\/author\/chento\/\"}]}<\/script>\n<!-- \/ Yoast SEO plugin. -->","yoast_head_json":{"title":"Louise, Letter 0037. To Monsieur l\u2019Abb\u00e9 de Vaux - We are Vincentians","robots":{"index":"index","follow":"follow","max-snippet":"max-snippet:-1","max-image-preview":"max-image-preview:large","max-video-preview":"max-video-preview:-1"},"canonical":"http:\/\/vincentians.com\/en\/louise-letter-0037-to-monsieur-labbe-vaux\/","og_locale":"en_US","og_type":"article","og_title":"Louise, Letter 0037. To Monsieur l\u2019Abb\u00e9 de Vaux - We are Vincentians","og_description":"April 22 (1641) Monsieur, At the very time that I received the letter that you did me the honor of sending to me, I was reflecting on a directive which your Charity had given me. ... Read More","og_url":"http:\/\/vincentians.com\/en\/louise-letter-0037-to-monsieur-labbe-vaux\/","og_site_name":"We are Vincentians","article_publisher":"https:\/\/www.facebook.com\/WeAreVincentians\/","article_author":"https:\/\/www.facebook.com\/JavierChento","article_published_time":"2017-05-23T01:00:40+00:00","og_image":[{"width":1200,"height":630,"url":"https:\/\/i0.wp.com\/vincentians.com\/en\/wp-content\/uploads\/sites\/2\/2016\/06\/Writings-of-Louise-de-Marillac.jpg?fit=1200%2C630","type":"image\/jpeg"}],"author":"Francisco Javier Fern\u00e1ndez Chento","twitter_card":"summary_large_image","twitter_creator":"@https:\/\/twitter.com\/javierchento","twitter_site":"@WeVincentians","twitter_misc":{"Written by":"Francisco Javier Fern\u00e1ndez Chento","Est. reading time":"2 minutes"},"schema":{"@context":"https:\/\/schema.org","@graph":[{"@type":"Article","@id":"http:\/\/vincentians.com\/en\/louise-letter-0037-to-monsieur-labbe-vaux\/#article","isPartOf":{"@id":"http:\/\/vincentians.com\/en\/louise-letter-0037-to-monsieur-labbe-vaux\/"},"author":{"name":"Francisco Javier Fern\u00e1ndez Chento","@id":"https:\/\/vincentians.com\/en\/#\/schema\/person\/9623ef4d9aa3b2dfb8c061f1499288f2"},"headline":"Louise, Letter 0037. To Monsieur l\u2019Abb\u00e9 de Vaux","datePublished":"2017-05-23T01:00:40+00:00","mainEntityOfPage":{"@id":"http:\/\/vincentians.com\/en\/louise-letter-0037-to-monsieur-labbe-vaux\/"},"wordCount":322,"commentCount":0,"publisher":{"@id":"https:\/\/vincentians.com\/en\/#organization"},"image":{"@id":"http:\/\/vincentians.com\/en\/louise-letter-0037-to-monsieur-labbe-vaux\/#primaryimage"},"thumbnailUrl":"https:\/\/i0.wp.com\/vincentians.com\/en\/wp-content\/uploads\/sites\/2\/2016\/06\/Writings-of-Louise-de-Marillac.jpg?fit=1200%2C630","articleSection":["Writings of Louise de Marillac"],"inLanguage":"en-US","potentialAction":[{"@type":"CommentAction","name":"Comment","target":["http:\/\/vincentians.com\/en\/louise-letter-0037-to-monsieur-labbe-vaux\/#respond"]}]},{"@type":"WebPage","@id":"http:\/\/vincentians.com\/en\/louise-letter-0037-to-monsieur-labbe-vaux\/","url":"http:\/\/vincentians.com\/en\/louise-letter-0037-to-monsieur-labbe-vaux\/","name":"Louise, Letter 0037. To Monsieur l\u2019Abb\u00e9 de Vaux - We are Vincentians","isPartOf":{"@id":"https:\/\/vincentians.com\/en\/#website"},"primaryImageOfPage":{"@id":"http:\/\/vincentians.com\/en\/louise-letter-0037-to-monsieur-labbe-vaux\/#primaryimage"},"image":{"@id":"http:\/\/vincentians.com\/en\/louise-letter-0037-to-monsieur-labbe-vaux\/#primaryimage"},"thumbnailUrl":"https:\/\/i0.wp.com\/vincentians.com\/en\/wp-content\/uploads\/sites\/2\/2016\/06\/Writings-of-Louise-de-Marillac.jpg?fit=1200%2C630","datePublished":"2017-05-23T01:00:40+00:00","breadcrumb":{"@id":"http:\/\/vincentians.com\/en\/louise-letter-0037-to-monsieur-labbe-vaux\/#breadcrumb"},"inLanguage":"en-US","potentialAction":[{"@type":"ReadAction","target":["http:\/\/vincentians.com\/en\/louise-letter-0037-to-monsieur-labbe-vaux\/"]}]},{"@type":"ImageObject","inLanguage":"en-US","@id":"http:\/\/vincentians.com\/en\/louise-letter-0037-to-monsieur-labbe-vaux\/#primaryimage","url":"https:\/\/i0.wp.com\/vincentians.com\/en\/wp-content\/uploads\/sites\/2\/2016\/06\/Writings-of-Louise-de-Marillac.jpg?fit=1200%2C630","contentUrl":"https:\/\/i0.wp.com\/vincentians.com\/en\/wp-content\/uploads\/sites\/2\/2016\/06\/Writings-of-Louise-de-Marillac.jpg?fit=1200%2C630","width":1200,"height":630},{"@type":"BreadcrumbList","@id":"http:\/\/vincentians.com\/en\/louise-letter-0037-to-monsieur-labbe-vaux\/#breadcrumb","itemListElement":[{"@type":"ListItem","position":1,"name":"Portada","item":"https:\/\/vincentians.com\/en\/"},{"@type":"ListItem","position":2,"name":"Louise, Letter 0037. To Monsieur l\u2019Abb\u00e9 de Vaux"}]},{"@type":"WebSite","@id":"https:\/\/vincentians.com\/en\/#website","url":"https:\/\/vincentians.com\/en\/","name":"We are Vincentians","description":"Know more to serve more","publisher":{"@id":"https:\/\/vincentians.com\/en\/#organization"},"potentialAction":[{"@type":"SearchAction","target":{"@type":"EntryPoint","urlTemplate":"https:\/\/vincentians.com\/en\/?s={search_term_string}"},"query-input":{"@type":"PropertyValueSpecification","valueRequired":true,"valueName":"search_term_string"}}],"inLanguage":"en-US"},{"@type":"Organization","@id":"https:\/\/vincentians.com\/en\/#organization","name":"The Vincentian Network","url":"https:\/\/vincentians.com\/en\/","logo":{"@type":"ImageObject","inLanguage":"en-US","@id":"https:\/\/vincentians.com\/en\/#\/schema\/logo\/image\/","url":"https:\/\/i1.wp.com\/vincentians.com\/en\/wp-content\/uploads\/sites\/2\/2016\/06\/Vincentian-Network-logo-big.png?fit=778%2C778&ssl=1","contentUrl":"https:\/\/i1.wp.com\/vincentians.com\/en\/wp-content\/uploads\/sites\/2\/2016\/06\/Vincentian-Network-logo-big.png?fit=778%2C778&ssl=1","width":778,"height":778,"caption":"The Vincentian Network"},"image":{"@id":"https:\/\/vincentians.com\/en\/#\/schema\/logo\/image\/"},"sameAs":["https:\/\/www.facebook.com\/WeAreVincentians\/","https:\/\/x.com\/WeVincentians"]},{"@type":"Person","@id":"https:\/\/vincentians.com\/en\/#\/schema\/person\/9623ef4d9aa3b2dfb8c061f1499288f2","name":"Francisco Javier Fern\u00e1ndez Chento","image":{"@type":"ImageObject","inLanguage":"en-US","@id":"https:\/\/vincentians.com\/en\/#\/schema\/person\/image\/","url":"https:\/\/secure.gravatar.com\/avatar\/497d5cde87b4c3d097d0315953521681ba2cd523ee66e5077c3711f7021e65de?s=96&d=mm&r=g","contentUrl":"https:\/\/secure.gravatar.com\/avatar\/497d5cde87b4c3d097d0315953521681ba2cd523ee66e5077c3711f7021e65de?s=96&d=mm&r=g","caption":"Francisco Javier Fern\u00e1ndez Chento"},"description":"Director General y cofundador de La Red de Formaci\u00f3n Vicenciana. Javier es laico vicenciano, afiliado a la Congregaci\u00f3n de la Misi\u00f3n y miembro del Equipo de Misiones Populares de la provincia can\u00f3nica de Zaragoza (Espa\u00f1a) de la Congregaci\u00f3n de la Misi\u00f3n. Graduado en la Universidad Oberta de Catalunya con cuatro grados (Asistente de direcci\u00f3n, Gesti\u00f3n Administrativa, Recursos Humanos y Contabilidad Avanzada). Bil\u00edng\u00fce Espa\u00f1ol\/Ingl\u00e9s. gestiona y mantiene varias p\u00e1ginas web cristianas y vicencianas, incluida including La Red de Formaci\u00f3n Vicenciana, de la que es cofundador. Actualmente es responsable del \u00e1rea de Espa\u00f1ol de .famvin, la Red de Noticias de la Familia Vicenciana. Tambi\u00e9n es m\u00fasico cat\u00f3lico y ha editado varios discos. Es Director General y cofundador de Trovador, una reconocida compa\u00f1\u00eda discogr\u00e1fica critiana de Espa\u00f1a. Trabaja en las Tecnolog\u00edas de la Informaci\u00f3n, ofreciendo servicios de alojamiento, dise\u00f1o y mantenimiento Web, as\u00ed como asesoramiento, formaci\u00f3n y soluciones inform\u00e1ticas, gesti\u00f3n documental y digitalizaci\u00f3n de textos, edici\u00f3n y maquetaci\u00f3n de libros, revistas, flyers, etc.","sameAs":["http:\/\/chento.org","https:\/\/www.facebook.com\/JavierChento","https:\/\/x.com\/https:\/\/twitter.com\/javierchento"],"url":"http:\/\/vincentians.com\/en\/author\/chento\/"}]}},"jetpack_publicize_connections":[],"jetpack_featured_media_url":"https:\/\/i0.wp.com\/vincentians.com\/en\/wp-content\/uploads\/sites\/2\/2016\/06\/Writings-of-Louise-de-Marillac.jpg?fit=1200%2C630","jetpack_sharing_enabled":true,"jetpack_shortlink":"https:\/\/wp.me\/p7K2Ow-ska","jetpack-related-posts":[{"id":108886,"url":"http:\/\/vincentians.com\/en\/louise-letter-0057-to-monsieur-labbe-vaux\/","url_meta":{"origin":108882,"position":0},"title":"Louise, Letter 0057. To Monsieur l\u2019Abb\u00e9 de Vaux","author":"Francisco Javier Fern\u00e1ndez Chento","date":"April 25, 2017","format":false,"excerpt":"(at Angers) January 28, 1641 Monsieur, Accept my very humble thanks for the goodness which your Charity has shown by sending me news of our sisters and by informing me of their faults. This is one of the greatest proofs I could have that you honor us by seeking our\u2026","rel":"","context":"In &quot;Writings of Louise de Marillac&quot;","block_context":{"text":"Writings of Louise de Marillac","link":"http:\/\/vincentians.com\/en\/category\/writings\/writings-of-louise-de-marillac\/"},"img":{"alt_text":"","src":"https:\/\/i0.wp.com\/vincentians.com\/en\/wp-content\/uploads\/sites\/2\/2016\/06\/Writings-of-Louise-de-Marillac.jpg?fit=1200%2C630&resize=350%2C200","width":350,"height":200,"srcset":"https:\/\/i0.wp.com\/vincentians.com\/en\/wp-content\/uploads\/sites\/2\/2016\/06\/Writings-of-Louise-de-Marillac.jpg?fit=1200%2C630&resize=350%2C200 1x, https:\/\/i0.wp.com\/vincentians.com\/en\/wp-content\/uploads\/sites\/2\/2016\/06\/Writings-of-Louise-de-Marillac.jpg?fit=1200%2C630&resize=525%2C300 1.5x, https:\/\/i0.wp.com\/vincentians.com\/en\/wp-content\/uploads\/sites\/2\/2016\/06\/Writings-of-Louise-de-Marillac.jpg?fit=1200%2C630&resize=700%2C400 2x, https:\/\/i0.wp.com\/vincentians.com\/en\/wp-content\/uploads\/sites\/2\/2016\/06\/Writings-of-Louise-de-Marillac.jpg?fit=1200%2C630&resize=1050%2C600 3x"},"classes":[]},{"id":108881,"url":"http:\/\/vincentians.com\/en\/louise-letter-0056b-to-monsieur-labbe-vaux\/","url_meta":{"origin":108882,"position":1},"title":"Louise, Letter 0056b. To Monsieur l\u2019Abb\u00e9 de Vaux","author":"Francisco Javier Fern\u00e1ndez Chento","date":"May 30, 2017","format":false,"excerpt":"(at Paris) Wednesday (April 23, 1641) Monsieur, I no longer have the letter from our sisters which I confided to someone yesterday to bring to you. I think that it is essential, regardless of the state of health of our good sick sister, that she select someone to replace her.\u2026","rel":"","context":"In &quot;Writings of Louise de Marillac&quot;","block_context":{"text":"Writings of Louise de Marillac","link":"http:\/\/vincentians.com\/en\/category\/writings\/writings-of-louise-de-marillac\/"},"img":{"alt_text":"","src":"https:\/\/i0.wp.com\/vincentians.com\/en\/wp-content\/uploads\/sites\/2\/2016\/06\/Writings-of-Louise-de-Marillac.jpg?fit=1200%2C630&resize=350%2C200","width":350,"height":200,"srcset":"https:\/\/i0.wp.com\/vincentians.com\/en\/wp-content\/uploads\/sites\/2\/2016\/06\/Writings-of-Louise-de-Marillac.jpg?fit=1200%2C630&resize=350%2C200 1x, https:\/\/i0.wp.com\/vincentians.com\/en\/wp-content\/uploads\/sites\/2\/2016\/06\/Writings-of-Louise-de-Marillac.jpg?fit=1200%2C630&resize=525%2C300 1.5x, https:\/\/i0.wp.com\/vincentians.com\/en\/wp-content\/uploads\/sites\/2\/2016\/06\/Writings-of-Louise-de-Marillac.jpg?fit=1200%2C630&resize=700%2C400 2x, https:\/\/i0.wp.com\/vincentians.com\/en\/wp-content\/uploads\/sites\/2\/2016\/06\/Writings-of-Louise-de-Marillac.jpg?fit=1200%2C630&resize=1050%2C600 3x"},"classes":[]},{"id":108857,"url":"http:\/\/vincentians.com\/en\/louise-letter-0108-to-monsieur-labbe-vaux\/","url_meta":{"origin":108882,"position":2},"title":"Louise, Letter 0108. To Monsieur l\u2019Abb\u00e9 de Vaux","author":"Francisco Javier Fern\u00e1ndez Chento","date":"March 14, 2017","format":false,"excerpt":"September 19 (1640) Monsieur, You are justified in complaining of my laziness which apparently has kept me for so long from thanking you most humbly for all the trouble your Charity has taken for our daughters. I do not know how I let this day go by without sending the\u2026","rel":"","context":"In &quot;Writings of Louise de Marillac&quot;","block_context":{"text":"Writings of Louise de Marillac","link":"http:\/\/vincentians.com\/en\/category\/writings\/writings-of-louise-de-marillac\/"},"img":{"alt_text":"","src":"https:\/\/i0.wp.com\/vincentians.com\/en\/wp-content\/uploads\/sites\/2\/2016\/06\/Writings-of-Louise-de-Marillac.jpg?fit=1200%2C630&resize=350%2C200","width":350,"height":200,"srcset":"https:\/\/i0.wp.com\/vincentians.com\/en\/wp-content\/uploads\/sites\/2\/2016\/06\/Writings-of-Louise-de-Marillac.jpg?fit=1200%2C630&resize=350%2C200 1x, https:\/\/i0.wp.com\/vincentians.com\/en\/wp-content\/uploads\/sites\/2\/2016\/06\/Writings-of-Louise-de-Marillac.jpg?fit=1200%2C630&resize=525%2C300 1.5x, https:\/\/i0.wp.com\/vincentians.com\/en\/wp-content\/uploads\/sites\/2\/2016\/06\/Writings-of-Louise-de-Marillac.jpg?fit=1200%2C630&resize=700%2C400 2x, https:\/\/i0.wp.com\/vincentians.com\/en\/wp-content\/uploads\/sites\/2\/2016\/06\/Writings-of-Louise-de-Marillac.jpg?fit=1200%2C630&resize=1050%2C600 3x"},"classes":[]},{"id":108869,"url":"http:\/\/vincentians.com\/en\/louise-letter-0030-to-monsieur-labbe-vaux\/","url_meta":{"origin":108882,"position":3},"title":"Louise, Letter 0030. (To Monsieur l\u2019Abb\u00e9 de Vaux)","author":"Francisco Javier Fern\u00e1ndez Chento","date":"March 28, 2017","format":false,"excerpt":"House of the Foundlings, October 3, 1640 Monsieur, 1 am very annoyed with Sister Turgis for leaving this good girl behind. I had told her not to be deterred by the cost of the journey if that were the only obstacle and that, should an occasion present itself, she should\u2026","rel":"","context":"In &quot;Writings of Louise de Marillac&quot;","block_context":{"text":"Writings of Louise de Marillac","link":"http:\/\/vincentians.com\/en\/category\/writings\/writings-of-louise-de-marillac\/"},"img":{"alt_text":"","src":"https:\/\/i0.wp.com\/vincentians.com\/en\/wp-content\/uploads\/sites\/2\/2016\/06\/Writings-of-Louise-de-Marillac.jpg?fit=1200%2C630&resize=350%2C200","width":350,"height":200,"srcset":"https:\/\/i0.wp.com\/vincentians.com\/en\/wp-content\/uploads\/sites\/2\/2016\/06\/Writings-of-Louise-de-Marillac.jpg?fit=1200%2C630&resize=350%2C200 1x, https:\/\/i0.wp.com\/vincentians.com\/en\/wp-content\/uploads\/sites\/2\/2016\/06\/Writings-of-Louise-de-Marillac.jpg?fit=1200%2C630&resize=525%2C300 1.5x, https:\/\/i0.wp.com\/vincentians.com\/en\/wp-content\/uploads\/sites\/2\/2016\/06\/Writings-of-Louise-de-Marillac.jpg?fit=1200%2C630&resize=700%2C400 2x, https:\/\/i0.wp.com\/vincentians.com\/en\/wp-content\/uploads\/sites\/2\/2016\/06\/Writings-of-Louise-de-Marillac.jpg?fit=1200%2C630&resize=1050%2C600 3x"},"classes":[]},{"id":108858,"url":"http:\/\/vincentians.com\/en\/louise-letter-0107-to-monsieur-labbe-vaux\/","url_meta":{"origin":108882,"position":4},"title":"Louise, Letter 0107. To Monsieur l\u2019Abb\u00e9 de Vaux","author":"Francisco Javier Fern\u00e1ndez Chento","date":"March 7, 2017","format":false,"excerpt":"September 6 (1640) Monsieur, I believe that the honorable Administrators and Fathers of the Poor will not object if we withdraw Sister Elisabeth Turgis. I assure you we have great need of her here and, had the sisters not been ill, we would have asked for her return long ago.\u2026","rel":"","context":"In &quot;Writings of Louise de Marillac&quot;","block_context":{"text":"Writings of Louise de Marillac","link":"http:\/\/vincentians.com\/en\/category\/writings\/writings-of-louise-de-marillac\/"},"img":{"alt_text":"","src":"https:\/\/i0.wp.com\/vincentians.com\/en\/wp-content\/uploads\/sites\/2\/2016\/06\/Writings-of-Louise-de-Marillac.jpg?fit=1200%2C630&resize=350%2C200","width":350,"height":200,"srcset":"https:\/\/i0.wp.com\/vincentians.com\/en\/wp-content\/uploads\/sites\/2\/2016\/06\/Writings-of-Louise-de-Marillac.jpg?fit=1200%2C630&resize=350%2C200 1x, https:\/\/i0.wp.com\/vincentians.com\/en\/wp-content\/uploads\/sites\/2\/2016\/06\/Writings-of-Louise-de-Marillac.jpg?fit=1200%2C630&resize=525%2C300 1.5x, https:\/\/i0.wp.com\/vincentians.com\/en\/wp-content\/uploads\/sites\/2\/2016\/06\/Writings-of-Louise-de-Marillac.jpg?fit=1200%2C630&resize=700%2C400 2x, https:\/\/i0.wp.com\/vincentians.com\/en\/wp-content\/uploads\/sites\/2\/2016\/06\/Writings-of-Louise-de-Marillac.jpg?fit=1200%2C630&resize=1050%2C600 3x"},"classes":[]},{"id":108864,"url":"http:\/\/vincentians.com\/en\/louise-letter-0021-to-monsieur-labbe-vaux\/","url_meta":{"origin":108882,"position":5},"title":"Louise, Letter 0021. To Monsieur l\u2019Abb\u00e9 de Vaux","author":"Francisco Javier Fern\u00e1ndez Chento","date":"December 27, 2016","format":false,"excerpt":"at Angers Paris, May 26, 1640 Monsieur, The seriousness of my illness forces me to ask someone else to write to you for me to express my profound gratitude for the honor of your last two letters and to recommend me to your prayers. I have great need of them\u2026","rel":"","context":"In &quot;Writings of Louise de Marillac&quot;","block_context":{"text":"Writings of Louise de Marillac","link":"http:\/\/vincentians.com\/en\/category\/writings\/writings-of-louise-de-marillac\/"},"img":{"alt_text":"","src":"https:\/\/i0.wp.com\/vincentians.com\/en\/wp-content\/uploads\/sites\/2\/2016\/06\/Writings-of-Louise-de-Marillac.jpg?fit=1200%2C630&resize=350%2C200","width":350,"height":200,"srcset":"https:\/\/i0.wp.com\/vincentians.com\/en\/wp-content\/uploads\/sites\/2\/2016\/06\/Writings-of-Louise-de-Marillac.jpg?fit=1200%2C630&resize=350%2C200 1x, https:\/\/i0.wp.com\/vincentians.com\/en\/wp-content\/uploads\/sites\/2\/2016\/06\/Writings-of-Louise-de-Marillac.jpg?fit=1200%2C630&resize=525%2C300 1.5x, https:\/\/i0.wp.com\/vincentians.com\/en\/wp-content\/uploads\/sites\/2\/2016\/06\/Writings-of-Louise-de-Marillac.jpg?fit=1200%2C630&resize=700%2C400 2x, https:\/\/i0.wp.com\/vincentians.com\/en\/wp-content\/uploads\/sites\/2\/2016\/06\/Writings-of-Louise-de-Marillac.jpg?fit=1200%2C630&resize=1050%2C600 3x"},"classes":[]}],"_links":{"self":[{"href":"http:\/\/vincentians.com\/en\/wp-json\/wp\/v2\/posts\/108882","targetHints":{"allow":["GET"]}}],"collection":[{"href":"http:\/\/vincentians.com\/en\/wp-json\/wp\/v2\/posts"}],"about":[{"href":"http:\/\/vincentians.com\/en\/wp-json\/wp\/v2\/types\/post"}],"author":[{"embeddable":true,"href":"http:\/\/vincentians.com\/en\/wp-json\/wp\/v2\/users\/4"}],"replies":[{"embeddable":true,"href":"http:\/\/vincentians.com\/en\/wp-json\/wp\/v2\/comments?post=108882"}],"version-history":[{"count":0,"href":"http:\/\/vincentians.com\/en\/wp-json\/wp\/v2\/posts\/108882\/revisions"}],"wp:featuredmedia":[{"embeddable":true,"href":"http:\/\/vincentians.com\/en\/wp-json\/wp\/v2\/media\/147300"}],"wp:attachment":[{"href":"http:\/\/vincentians.com\/en\/wp-json\/wp\/v2\/media?parent=108882"}],"wp:term":[{"taxonomy":"category","embeddable":true,"href":"http:\/\/vincentians.com\/en\/wp-json\/wp\/v2\/categories?post=108882"},{"taxonomy":"post_tag","embeddable":true,"href":"http:\/\/vincentians.com\/en\/wp-json\/wp\/v2\/tags?post=108882"}],"curies":[{"name":"wp","href":"https:\/\/api.w.org\/{rel}","templated":true}]}}