{"id":108835,"date":"2013-01-02T08:38:15","date_gmt":"2013-01-02T07:38:15","guid":{"rendered":"http:\/\/vincentians.com\/?p=108835"},"modified":"2016-07-10T11:25:31","modified_gmt":"2016-07-10T09:25:31","slug":"origin-of-the-brothers-of-s-vincent-de-paul-now-called-religious-of-s-vincent-de-paul","status":"publish","type":"post","link":"http:\/\/vincentians.com\/en\/origin-of-the-brothers-of-s-vincent-de-paul-now-called-religious-of-s-vincent-de-paul\/","title":{"rendered":"Origin of the Brothers of S. Vincent de Paul (now called Religious of S. Vincent de Paul)"},"content":{"rendered":"<p>The Congregation of the <i>Brothers of St Vincent de Paul<\/i> was begun in 1845 by a few simple laymen, whom a great love for works of piety and mercy had drawn together, and into whose minds, one thought simultaneously entered, that these different works sprung up in our days through charity in order to allure and gain souls (popular institutions, patronages, circles, conferences, pious reunions) appear to be really according to the views of the divine wisdom, but because these lack, as a general rule, free and disengaged agents to sustain them they would soon become powerless, if God did not raise up souls severed from every earthly tie, to apply themselves solely to develop and strengthen them.<\/p>\n<p>This conviction fortified by prayer and meditations often repeated before the relics of the great apostle of charity, St Vincent de Paul, forced them to unbosom themselves to the Bishop who then governed the diocese of Paris, Mgr Affre, of venerable memory.<\/p>\n<p>This prelate received them with kindness, declared that their project was surely inspired by God, and authorized them to put the same into execution, offering them for the purpose a home in the house of the Carmelites, where the Superior ecclesiastical School occupied only a small space.<\/p>\n<p>Deeply touched by this encouragement but distrusting themselves on account of their means and their small number, they preferred to take their domicile in a humble house of <i>the Patronage of Apprentices,<\/i> rented recently by the Society of St Vincent de Paul.<\/p>\n<p>(The first members were Cl\u00e9ment Myionnet, Jean-L\u00e9on Le Prevost, Maurice Maignen. Louis Pailler came a little later, all members of the lay <i>Society of S. Vincent de Paul<\/i>).<\/p>\n<p>In their first moments, in the very beginning of their existence they had received from God a precious benediction in the person of Mgr Angebault, bishop of Angers, Dean of the Bishops of France, who being diocesan and spiritual of one of the first branches of the rising institute (Myionnet) became a valuable counselor, we may venture to say, the first father of the little family. His support, his great experience, his most amiable condescension, directed it and assured its progress, without interruption till 1870.<\/p>\n<p>This venerable Bishop benignly came to Paris to consecrate the first foundation stones. He obtained permission from the Superior General of St-Lazarus, to unveil the shrine of St Vincent de Paul, he offered the holy Sacrifice and communicated the first Brothers of St Vincent de Paul.<\/p>\n<p>They were three in number, one of them, M. Le Prevost ordained priest afterwards, remained from that time head of the family, the two others are still at the head of the two oldest houses founded by the Congregation.<\/p>\n<p>In the court of this year the three new brothers, discovering that their residence in the midst of active work, attracting a\u00a0 constant concourse of children and persons of every class, would not leave them any liberty for pious exercises withdrew to a small house which was providentially offered them at Grenelle, near Paris<\/p>\n<p>There without abandoning the work to which they gave their daily attention they were able morning and evening to initiate themselves in that recollection and regularity the want of which they so greatly felt.<\/p>\n<p>Afterwards when\u00a0 two new members had joined them, Mgr Sibour, successor of Mgr Affre authorized them to erect a chapel and granted them the invaluable favor to preserve therein the most holy Sacrement.<\/p>\n<p>From that instant they felt sure of success and regarded themselves as founded. They became more convinced of it from the fact that at that time the first priest of the Community was sent to them by God (the Servant of God, Henry Planchat, the cause of which is being studied in Rome as a presumed martyr)<\/p>\n<p>After 1851 the institute was so numerous as to enable them to take a large house at Paris and establish an Orphanage to which they admitted for a very moderate pension boys of the working class who had been deprived of father and mother. This establisment, since greatly enlarged, has been transferred through a local purchase by the Congregation to Vaugirard and in the prescints the Mother House is now situated.<\/p>\n<p>About this time Mgr Sibour (of his own accord) appointed M. Dedoue, Vicar General and his private Secretary as counsellor and protector of the Congregation for the Diocese.<\/p>\n<p>This venerable Prelate encouraged from time to time during two or three years the efforts of the small Congregation enlightening it with his advice, presiding at times over its Solennities, especially when vows were to be made.<\/p>\n<p>After some time when called to the Canony, and having on account of his health ceased to partecipate in the diocesan administration, his visits necessarily ceased. No successor was given him near the Institute as the council as the Archbishop judged as far as appearances went that the Congregation was now sufficiently well constituted so as to be able to pursue steadily its course.<\/p>\n<p>The relations subsisting between the diocesan administration and the Congregation never ceased to be stamped with the most paternal kindness on the one side, and the most sincere deference on the other.<\/p>\n<p>His Eminence Cardinal Morlot in particular proved himself an illustrious benefactor to the Congregation. On several occasions he gave his most cordial approbation to the Congregation and its works. From his own funds he\u00a0 contributed considerable sums for the erection of a chapel attached to one of the houses of the Institute and often gave public testimony of his affectionate and sincere interest. The same kindness exhibited by the bishops of Amiens, Arras, Metz and Versailles, encouraged at this time the humble efforts of the Congregation in the province where they founded successively eight establishments for the evangelization of the working classes. In the meantime our Brothers were established wardens over the French military Circles at Rome. And the Archbishop Vincenzo Tizzani, Chief Almoner of the Pontifical Army, loaded them with tokens of kindness.<\/p>\n<p>Such were the encouragements of these venerable prelates together with the Archbishop of Paris and the bishop of Angers, that the reverend Father Le Prevost, Superior General, determined in 1869 to go to Rome and submit to the Sovereign Pontiff the plan of the Institute and its Constitutions. He had the consolation of hearing Pius IX heartily bless the little family and of obtaining for it a first decree of approbation.<\/p>\n<p>The tempest of France-German war and the invasion of Rome in 1870 dispersed a portion of the little flock, but did not destroy it. In less than 18 months four of our Senior brothers succumbed to the fatigues of the Apostleship and as if our Good God wished to add to our sorrows, he sent us a new trial, which was at the same time a supreme consolation. Father Henry Planchat was seized as a hostage by the revolutionists of Paris and shed his blood in the massacre of <i>Haxo<\/i> street in the cause of Religion.<\/p>\n<p>In the meantime Providence was strengthening the Congregation in order to establish a small community of our brothers at Tournai in Belgium.<\/p>\n<p>Then peace was restored to France; there was an opportunity of reconstituting at Chaville (Seine et Oise) the preparatory novitiate and at Paris adjoining the Mother house, the novitiate and scholasticate.<\/p>\n<p>These two works, thanks to the paternal assistance of the Society of Jesus, who during two years lent one of its houses to our small family, were soon able to make a happy and solid development.<\/p>\n<p>Whilst interiorly God fertilized in humility and poverty these germs of consoling prosperity, exteriorly he made use of the institute to begin two important works in favor of the working classes,\u201d the Union of the Catholic workmen Classes association\u201d and the work of \u201cthe Catholic Circles of Working Men\u201d. The promotion to the See of Paris of Mgr Guibert, the friend of Mgr Angebault, was a signal<b> <\/b>favor for the little Congregation whose object he had approved during his 25 previous years and whose founder he had highly praised. His paternal testimony and that of 16 other Bishops of France encouraged us to solicit for the institute the solemn approbation of the Sovereign Pontiff in 1874.<\/p>\n<p>His Holiness Pius IX replied to this humble prayer by a decree, accompanied by several other favors.<\/p>\n<p>In a short time the hand of the Holy Father was raised again to bless not the small army, but its well beloved Chief who was dying. This amiable and modest founder, this tender father who in the foundation of the institute had been to his first companions the man of God. The Reverend Father John Leo Le Prevost expired 30th October 1874, surrounded by his spiritual family, after a life of 72 years during which time he had realized in humility the word which he left as a moto: \u201cOmnibus omnia factus sum ut omnes facerem salvos\u201d (I have become all things to all, to save all).<\/p>\n<p><b>Foundations out of France<\/b><\/p>\n<ul>\n<li>Belgium (1871 &#8211; 1969)<\/li>\n<li>England (1880 &#8211; 1882)<\/li>\n<li>Ireland (1882 &#8211; 1895)<\/li>\n<li>Canada (1884 &#8211;\u00a0\u00a0\u00a0\u00a0\u00a0 \u00a0\u00a0)<\/li>\n<li>Italy (1893 &#8211;\u00a0\u00a0\u00a0\u00a0\u00a0\u00a0\u00a0 )<\/li>\n<li>Burkina Faso (1957 &#8211;\u00a0\u00a0\u00a0\u00a0\u00a0\u00a0\u00a0 )<\/li>\n<li>Brazil (1958 &#8211;\u00a0\u00a0\u00a0\u00a0\u00a0\u00a0\u00a0 )<\/li>\n<li>Ivory Coast (1968\u2026\u2026\u2026)<\/li>\n<li>R.D. Congo (1985 &#8211;\u00a0\u00a0\u00a0\u00a0\u00a0\u00a0\u00a0 )<\/li>\n<\/ul>\n","protected":false},"excerpt":{"rendered":"<p>The Congregation of the Brothers of St Vincent de Paul was begun in 1845 by a few simple laymen, whom a great love for works of piety and mercy had drawn together, and into whose &#8230; <a href=\"http:\/\/vincentians.com\/en\/origin-of-the-brothers-of-s-vincent-de-paul-now-called-religious-of-s-vincent-de-paul\/\" class=\"more-link\">Read More<\/a><\/p>\n","protected":false},"author":4,"featured_media":150295,"comment_status":"open","ping_status":"open","sticky":false,"template":"","format":"standard","meta":{"jetpack_post_was_ever_published":false,"_jetpack_newsletter_access":"","_jetpack_dont_email_post_to_subs":false,"_jetpack_newsletter_tier_id":0,"_jetpack_memberships_contains_paywalled_content":false,"_jetpack_memberships_contains_paid_content":false,"footnotes":"","jetpack_publicize_message":"","jetpack_publicize_feature_enabled":true,"jetpack_social_post_already_shared":false,"jetpack_social_options":{"image_generator_settings":{"template":"highway","default_image_id":0,"font":"","enabled":false},"version":2}},"categories":[31],"tags":[],"class_list":["post-108835","post","type-post","status-publish","format-standard","has-post-thumbnail","hentry","category-religious-of-saint-vincent-de-paul"],"yoast_head":"<!-- This site is optimized with the Yoast SEO plugin v26.3 - https:\/\/yoast.com\/wordpress\/plugins\/seo\/ -->\n<title>Origin of the Brothers of S. Vincent de Paul (now called Religious of S. Vincent de Paul) - We are Vincentians<\/title>\n<meta name=\"robots\" content=\"index, follow, max-snippet:-1, max-image-preview:large, max-video-preview:-1\" \/>\n<link rel=\"canonical\" href=\"http:\/\/vincentians.com\/en\/origin-of-the-brothers-of-s-vincent-de-paul-now-called-religious-of-s-vincent-de-paul\/\" \/>\n<meta property=\"og:locale\" content=\"en_US\" \/>\n<meta property=\"og:type\" content=\"article\" \/>\n<meta property=\"og:title\" content=\"Origin of the Brothers of S. Vincent de Paul (now called Religious of S. Vincent de Paul) - We are Vincentians\" \/>\n<meta property=\"og:description\" content=\"The Congregation of the Brothers of St Vincent de Paul was begun in 1845 by a few simple laymen, whom a great love for works of piety and mercy had drawn together, and into whose ... Read More\" \/>\n<meta property=\"og:url\" content=\"http:\/\/vincentians.com\/en\/origin-of-the-brothers-of-s-vincent-de-paul-now-called-religious-of-s-vincent-de-paul\/\" \/>\n<meta property=\"og:site_name\" content=\"We are Vincentians\" \/>\n<meta property=\"article:publisher\" content=\"https:\/\/www.facebook.com\/WeAreVincentians\/\" \/>\n<meta property=\"article:author\" content=\"https:\/\/www.facebook.com\/JavierChento\" \/>\n<meta property=\"article:published_time\" content=\"2013-01-02T07:38:15+00:00\" \/>\n<meta property=\"article:modified_time\" content=\"2016-07-10T09:25:31+00:00\" \/>\n<meta property=\"og:image\" content=\"https:\/\/i0.wp.com\/vincentians.com\/en\/wp-content\/uploads\/sites\/2\/2013\/01\/vincent-de-paul.jpg?fit=1200%2C630\" \/>\n\t<meta property=\"og:image:width\" content=\"1200\" \/>\n\t<meta property=\"og:image:height\" content=\"630\" \/>\n\t<meta property=\"og:image:type\" content=\"image\/jpeg\" \/>\n<meta name=\"author\" content=\"Francisco Javier Fern\u00e1ndez Chento\" \/>\n<meta name=\"twitter:card\" content=\"summary_large_image\" \/>\n<meta name=\"twitter:creator\" content=\"@https:\/\/twitter.com\/javierchento\" \/>\n<meta name=\"twitter:site\" content=\"@WeVincentians\" \/>\n<meta name=\"twitter:label1\" content=\"Written by\" \/>\n\t<meta name=\"twitter:data1\" content=\"Francisco Javier Fern\u00e1ndez Chento\" \/>\n\t<meta name=\"twitter:label2\" content=\"Est. reading time\" \/>\n\t<meta name=\"twitter:data2\" content=\"8 minutes\" \/>\n<script type=\"application\/ld+json\" class=\"yoast-schema-graph\">{\"@context\":\"https:\/\/schema.org\",\"@graph\":[{\"@type\":\"Article\",\"@id\":\"http:\/\/vincentians.com\/en\/origin-of-the-brothers-of-s-vincent-de-paul-now-called-religious-of-s-vincent-de-paul\/#article\",\"isPartOf\":{\"@id\":\"http:\/\/vincentians.com\/en\/origin-of-the-brothers-of-s-vincent-de-paul-now-called-religious-of-s-vincent-de-paul\/\"},\"author\":{\"name\":\"Francisco Javier Fern\u00e1ndez Chento\",\"@id\":\"https:\/\/vincentians.com\/en\/#\/schema\/person\/9623ef4d9aa3b2dfb8c061f1499288f2\"},\"headline\":\"Origin of the Brothers of S. Vincent de Paul (now called Religious of S. Vincent de Paul)\",\"datePublished\":\"2013-01-02T07:38:15+00:00\",\"dateModified\":\"2016-07-10T09:25:31+00:00\",\"mainEntityOfPage\":{\"@id\":\"http:\/\/vincentians.com\/en\/origin-of-the-brothers-of-s-vincent-de-paul-now-called-religious-of-s-vincent-de-paul\/\"},\"wordCount\":1521,\"commentCount\":0,\"publisher\":{\"@id\":\"https:\/\/vincentians.com\/en\/#organization\"},\"image\":{\"@id\":\"http:\/\/vincentians.com\/en\/origin-of-the-brothers-of-s-vincent-de-paul-now-called-religious-of-s-vincent-de-paul\/#primaryimage\"},\"thumbnailUrl\":\"https:\/\/i0.wp.com\/vincentians.com\/en\/wp-content\/uploads\/sites\/2\/2013\/01\/vincent-de-paul.jpg?fit=1200%2C630\",\"articleSection\":[\"Religious of Saint Vincent de Paul\"],\"inLanguage\":\"en-US\",\"potentialAction\":[{\"@type\":\"CommentAction\",\"name\":\"Comment\",\"target\":[\"http:\/\/vincentians.com\/en\/origin-of-the-brothers-of-s-vincent-de-paul-now-called-religious-of-s-vincent-de-paul\/#respond\"]}]},{\"@type\":\"WebPage\",\"@id\":\"http:\/\/vincentians.com\/en\/origin-of-the-brothers-of-s-vincent-de-paul-now-called-religious-of-s-vincent-de-paul\/\",\"url\":\"http:\/\/vincentians.com\/en\/origin-of-the-brothers-of-s-vincent-de-paul-now-called-religious-of-s-vincent-de-paul\/\",\"name\":\"Origin of the Brothers of S. Vincent de Paul (now called Religious of S. Vincent de Paul) - We are Vincentians\",\"isPartOf\":{\"@id\":\"https:\/\/vincentians.com\/en\/#website\"},\"primaryImageOfPage\":{\"@id\":\"http:\/\/vincentians.com\/en\/origin-of-the-brothers-of-s-vincent-de-paul-now-called-religious-of-s-vincent-de-paul\/#primaryimage\"},\"image\":{\"@id\":\"http:\/\/vincentians.com\/en\/origin-of-the-brothers-of-s-vincent-de-paul-now-called-religious-of-s-vincent-de-paul\/#primaryimage\"},\"thumbnailUrl\":\"https:\/\/i0.wp.com\/vincentians.com\/en\/wp-content\/uploads\/sites\/2\/2013\/01\/vincent-de-paul.jpg?fit=1200%2C630\",\"datePublished\":\"2013-01-02T07:38:15+00:00\",\"dateModified\":\"2016-07-10T09:25:31+00:00\",\"breadcrumb\":{\"@id\":\"http:\/\/vincentians.com\/en\/origin-of-the-brothers-of-s-vincent-de-paul-now-called-religious-of-s-vincent-de-paul\/#breadcrumb\"},\"inLanguage\":\"en-US\",\"potentialAction\":[{\"@type\":\"ReadAction\",\"target\":[\"http:\/\/vincentians.com\/en\/origin-of-the-brothers-of-s-vincent-de-paul-now-called-religious-of-s-vincent-de-paul\/\"]}]},{\"@type\":\"ImageObject\",\"inLanguage\":\"en-US\",\"@id\":\"http:\/\/vincentians.com\/en\/origin-of-the-brothers-of-s-vincent-de-paul-now-called-religious-of-s-vincent-de-paul\/#primaryimage\",\"url\":\"https:\/\/i0.wp.com\/vincentians.com\/en\/wp-content\/uploads\/sites\/2\/2013\/01\/vincent-de-paul.jpg?fit=1200%2C630\",\"contentUrl\":\"https:\/\/i0.wp.com\/vincentians.com\/en\/wp-content\/uploads\/sites\/2\/2013\/01\/vincent-de-paul.jpg?fit=1200%2C630\",\"width\":1200,\"height\":630},{\"@type\":\"BreadcrumbList\",\"@id\":\"http:\/\/vincentians.com\/en\/origin-of-the-brothers-of-s-vincent-de-paul-now-called-religious-of-s-vincent-de-paul\/#breadcrumb\",\"itemListElement\":[{\"@type\":\"ListItem\",\"position\":1,\"name\":\"Portada\",\"item\":\"https:\/\/vincentians.com\/en\/\"},{\"@type\":\"ListItem\",\"position\":2,\"name\":\"Origin of the Brothers of S. Vincent de Paul (now called Religious of S. Vincent de Paul)\"}]},{\"@type\":\"WebSite\",\"@id\":\"https:\/\/vincentians.com\/en\/#website\",\"url\":\"https:\/\/vincentians.com\/en\/\",\"name\":\"We are Vincentians\",\"description\":\"Know more to serve more\",\"publisher\":{\"@id\":\"https:\/\/vincentians.com\/en\/#organization\"},\"potentialAction\":[{\"@type\":\"SearchAction\",\"target\":{\"@type\":\"EntryPoint\",\"urlTemplate\":\"https:\/\/vincentians.com\/en\/?s={search_term_string}\"},\"query-input\":{\"@type\":\"PropertyValueSpecification\",\"valueRequired\":true,\"valueName\":\"search_term_string\"}}],\"inLanguage\":\"en-US\"},{\"@type\":\"Organization\",\"@id\":\"https:\/\/vincentians.com\/en\/#organization\",\"name\":\"The Vincentian Network\",\"url\":\"https:\/\/vincentians.com\/en\/\",\"logo\":{\"@type\":\"ImageObject\",\"inLanguage\":\"en-US\",\"@id\":\"https:\/\/vincentians.com\/en\/#\/schema\/logo\/image\/\",\"url\":\"https:\/\/i1.wp.com\/vincentians.com\/en\/wp-content\/uploads\/sites\/2\/2016\/06\/Vincentian-Network-logo-big.png?fit=778%2C778&ssl=1\",\"contentUrl\":\"https:\/\/i1.wp.com\/vincentians.com\/en\/wp-content\/uploads\/sites\/2\/2016\/06\/Vincentian-Network-logo-big.png?fit=778%2C778&ssl=1\",\"width\":778,\"height\":778,\"caption\":\"The Vincentian Network\"},\"image\":{\"@id\":\"https:\/\/vincentians.com\/en\/#\/schema\/logo\/image\/\"},\"sameAs\":[\"https:\/\/www.facebook.com\/WeAreVincentians\/\",\"https:\/\/x.com\/WeVincentians\"]},{\"@type\":\"Person\",\"@id\":\"https:\/\/vincentians.com\/en\/#\/schema\/person\/9623ef4d9aa3b2dfb8c061f1499288f2\",\"name\":\"Francisco Javier Fern\u00e1ndez Chento\",\"image\":{\"@type\":\"ImageObject\",\"inLanguage\":\"en-US\",\"@id\":\"https:\/\/vincentians.com\/en\/#\/schema\/person\/image\/\",\"url\":\"https:\/\/secure.gravatar.com\/avatar\/497d5cde87b4c3d097d0315953521681ba2cd523ee66e5077c3711f7021e65de?s=96&d=mm&r=g\",\"contentUrl\":\"https:\/\/secure.gravatar.com\/avatar\/497d5cde87b4c3d097d0315953521681ba2cd523ee66e5077c3711f7021e65de?s=96&d=mm&r=g\",\"caption\":\"Francisco Javier Fern\u00e1ndez Chento\"},\"description\":\"Director General y cofundador de La Red de Formaci\u00f3n Vicenciana. Javier es laico vicenciano, afiliado a la Congregaci\u00f3n de la Misi\u00f3n y miembro del Equipo de Misiones Populares de la provincia can\u00f3nica de Zaragoza (Espa\u00f1a) de la Congregaci\u00f3n de la Misi\u00f3n. Graduado en la Universidad Oberta de Catalunya con cuatro grados (Asistente de direcci\u00f3n, Gesti\u00f3n Administrativa, Recursos Humanos y Contabilidad Avanzada). Bil\u00edng\u00fce Espa\u00f1ol\/Ingl\u00e9s. gestiona y mantiene varias p\u00e1ginas web cristianas y vicencianas, incluida including La Red de Formaci\u00f3n Vicenciana, de la que es cofundador. Actualmente es responsable del \u00e1rea de Espa\u00f1ol de .famvin, la Red de Noticias de la Familia Vicenciana. Tambi\u00e9n es m\u00fasico cat\u00f3lico y ha editado varios discos. Es Director General y cofundador de Trovador, una reconocida compa\u00f1\u00eda discogr\u00e1fica critiana de Espa\u00f1a. Trabaja en las Tecnolog\u00edas de la Informaci\u00f3n, ofreciendo servicios de alojamiento, dise\u00f1o y mantenimiento Web, as\u00ed como asesoramiento, formaci\u00f3n y soluciones inform\u00e1ticas, gesti\u00f3n documental y digitalizaci\u00f3n de textos, edici\u00f3n y maquetaci\u00f3n de libros, revistas, flyers, etc.\",\"sameAs\":[\"http:\/\/chento.org\",\"https:\/\/www.facebook.com\/JavierChento\",\"https:\/\/x.com\/https:\/\/twitter.com\/javierchento\"],\"url\":\"http:\/\/vincentians.com\/en\/author\/chento\/\"}]}<\/script>\n<!-- \/ Yoast SEO plugin. -->","yoast_head_json":{"title":"Origin of the Brothers of S. Vincent de Paul (now called Religious of S. Vincent de Paul) - We are Vincentians","robots":{"index":"index","follow":"follow","max-snippet":"max-snippet:-1","max-image-preview":"max-image-preview:large","max-video-preview":"max-video-preview:-1"},"canonical":"http:\/\/vincentians.com\/en\/origin-of-the-brothers-of-s-vincent-de-paul-now-called-religious-of-s-vincent-de-paul\/","og_locale":"en_US","og_type":"article","og_title":"Origin of the Brothers of S. Vincent de Paul (now called Religious of S. Vincent de Paul) - We are Vincentians","og_description":"The Congregation of the Brothers of St Vincent de Paul was begun in 1845 by a few simple laymen, whom a great love for works of piety and mercy had drawn together, and into whose ... Read More","og_url":"http:\/\/vincentians.com\/en\/origin-of-the-brothers-of-s-vincent-de-paul-now-called-religious-of-s-vincent-de-paul\/","og_site_name":"We are Vincentians","article_publisher":"https:\/\/www.facebook.com\/WeAreVincentians\/","article_author":"https:\/\/www.facebook.com\/JavierChento","article_published_time":"2013-01-02T07:38:15+00:00","article_modified_time":"2016-07-10T09:25:31+00:00","og_image":[{"width":1200,"height":630,"url":"https:\/\/i0.wp.com\/vincentians.com\/en\/wp-content\/uploads\/sites\/2\/2013\/01\/vincent-de-paul.jpg?fit=1200%2C630","type":"image\/jpeg"}],"author":"Francisco Javier Fern\u00e1ndez Chento","twitter_card":"summary_large_image","twitter_creator":"@https:\/\/twitter.com\/javierchento","twitter_site":"@WeVincentians","twitter_misc":{"Written by":"Francisco Javier Fern\u00e1ndez Chento","Est. reading time":"8 minutes"},"schema":{"@context":"https:\/\/schema.org","@graph":[{"@type":"Article","@id":"http:\/\/vincentians.com\/en\/origin-of-the-brothers-of-s-vincent-de-paul-now-called-religious-of-s-vincent-de-paul\/#article","isPartOf":{"@id":"http:\/\/vincentians.com\/en\/origin-of-the-brothers-of-s-vincent-de-paul-now-called-religious-of-s-vincent-de-paul\/"},"author":{"name":"Francisco Javier Fern\u00e1ndez Chento","@id":"https:\/\/vincentians.com\/en\/#\/schema\/person\/9623ef4d9aa3b2dfb8c061f1499288f2"},"headline":"Origin of the Brothers of S. Vincent de Paul (now called Religious of S. Vincent de Paul)","datePublished":"2013-01-02T07:38:15+00:00","dateModified":"2016-07-10T09:25:31+00:00","mainEntityOfPage":{"@id":"http:\/\/vincentians.com\/en\/origin-of-the-brothers-of-s-vincent-de-paul-now-called-religious-of-s-vincent-de-paul\/"},"wordCount":1521,"commentCount":0,"publisher":{"@id":"https:\/\/vincentians.com\/en\/#organization"},"image":{"@id":"http:\/\/vincentians.com\/en\/origin-of-the-brothers-of-s-vincent-de-paul-now-called-religious-of-s-vincent-de-paul\/#primaryimage"},"thumbnailUrl":"https:\/\/i0.wp.com\/vincentians.com\/en\/wp-content\/uploads\/sites\/2\/2013\/01\/vincent-de-paul.jpg?fit=1200%2C630","articleSection":["Religious of Saint Vincent de Paul"],"inLanguage":"en-US","potentialAction":[{"@type":"CommentAction","name":"Comment","target":["http:\/\/vincentians.com\/en\/origin-of-the-brothers-of-s-vincent-de-paul-now-called-religious-of-s-vincent-de-paul\/#respond"]}]},{"@type":"WebPage","@id":"http:\/\/vincentians.com\/en\/origin-of-the-brothers-of-s-vincent-de-paul-now-called-religious-of-s-vincent-de-paul\/","url":"http:\/\/vincentians.com\/en\/origin-of-the-brothers-of-s-vincent-de-paul-now-called-religious-of-s-vincent-de-paul\/","name":"Origin of the Brothers of S. Vincent de Paul (now called Religious of S. Vincent de Paul) - We are Vincentians","isPartOf":{"@id":"https:\/\/vincentians.com\/en\/#website"},"primaryImageOfPage":{"@id":"http:\/\/vincentians.com\/en\/origin-of-the-brothers-of-s-vincent-de-paul-now-called-religious-of-s-vincent-de-paul\/#primaryimage"},"image":{"@id":"http:\/\/vincentians.com\/en\/origin-of-the-brothers-of-s-vincent-de-paul-now-called-religious-of-s-vincent-de-paul\/#primaryimage"},"thumbnailUrl":"https:\/\/i0.wp.com\/vincentians.com\/en\/wp-content\/uploads\/sites\/2\/2013\/01\/vincent-de-paul.jpg?fit=1200%2C630","datePublished":"2013-01-02T07:38:15+00:00","dateModified":"2016-07-10T09:25:31+00:00","breadcrumb":{"@id":"http:\/\/vincentians.com\/en\/origin-of-the-brothers-of-s-vincent-de-paul-now-called-religious-of-s-vincent-de-paul\/#breadcrumb"},"inLanguage":"en-US","potentialAction":[{"@type":"ReadAction","target":["http:\/\/vincentians.com\/en\/origin-of-the-brothers-of-s-vincent-de-paul-now-called-religious-of-s-vincent-de-paul\/"]}]},{"@type":"ImageObject","inLanguage":"en-US","@id":"http:\/\/vincentians.com\/en\/origin-of-the-brothers-of-s-vincent-de-paul-now-called-religious-of-s-vincent-de-paul\/#primaryimage","url":"https:\/\/i0.wp.com\/vincentians.com\/en\/wp-content\/uploads\/sites\/2\/2013\/01\/vincent-de-paul.jpg?fit=1200%2C630","contentUrl":"https:\/\/i0.wp.com\/vincentians.com\/en\/wp-content\/uploads\/sites\/2\/2013\/01\/vincent-de-paul.jpg?fit=1200%2C630","width":1200,"height":630},{"@type":"BreadcrumbList","@id":"http:\/\/vincentians.com\/en\/origin-of-the-brothers-of-s-vincent-de-paul-now-called-religious-of-s-vincent-de-paul\/#breadcrumb","itemListElement":[{"@type":"ListItem","position":1,"name":"Portada","item":"https:\/\/vincentians.com\/en\/"},{"@type":"ListItem","position":2,"name":"Origin of the Brothers of S. Vincent de Paul (now called Religious of S. Vincent de Paul)"}]},{"@type":"WebSite","@id":"https:\/\/vincentians.com\/en\/#website","url":"https:\/\/vincentians.com\/en\/","name":"We are Vincentians","description":"Know more to serve more","publisher":{"@id":"https:\/\/vincentians.com\/en\/#organization"},"potentialAction":[{"@type":"SearchAction","target":{"@type":"EntryPoint","urlTemplate":"https:\/\/vincentians.com\/en\/?s={search_term_string}"},"query-input":{"@type":"PropertyValueSpecification","valueRequired":true,"valueName":"search_term_string"}}],"inLanguage":"en-US"},{"@type":"Organization","@id":"https:\/\/vincentians.com\/en\/#organization","name":"The Vincentian Network","url":"https:\/\/vincentians.com\/en\/","logo":{"@type":"ImageObject","inLanguage":"en-US","@id":"https:\/\/vincentians.com\/en\/#\/schema\/logo\/image\/","url":"https:\/\/i1.wp.com\/vincentians.com\/en\/wp-content\/uploads\/sites\/2\/2016\/06\/Vincentian-Network-logo-big.png?fit=778%2C778&ssl=1","contentUrl":"https:\/\/i1.wp.com\/vincentians.com\/en\/wp-content\/uploads\/sites\/2\/2016\/06\/Vincentian-Network-logo-big.png?fit=778%2C778&ssl=1","width":778,"height":778,"caption":"The Vincentian Network"},"image":{"@id":"https:\/\/vincentians.com\/en\/#\/schema\/logo\/image\/"},"sameAs":["https:\/\/www.facebook.com\/WeAreVincentians\/","https:\/\/x.com\/WeVincentians"]},{"@type":"Person","@id":"https:\/\/vincentians.com\/en\/#\/schema\/person\/9623ef4d9aa3b2dfb8c061f1499288f2","name":"Francisco Javier Fern\u00e1ndez Chento","image":{"@type":"ImageObject","inLanguage":"en-US","@id":"https:\/\/vincentians.com\/en\/#\/schema\/person\/image\/","url":"https:\/\/secure.gravatar.com\/avatar\/497d5cde87b4c3d097d0315953521681ba2cd523ee66e5077c3711f7021e65de?s=96&d=mm&r=g","contentUrl":"https:\/\/secure.gravatar.com\/avatar\/497d5cde87b4c3d097d0315953521681ba2cd523ee66e5077c3711f7021e65de?s=96&d=mm&r=g","caption":"Francisco Javier Fern\u00e1ndez Chento"},"description":"Director General y cofundador de La Red de Formaci\u00f3n Vicenciana. Javier es laico vicenciano, afiliado a la Congregaci\u00f3n de la Misi\u00f3n y miembro del Equipo de Misiones Populares de la provincia can\u00f3nica de Zaragoza (Espa\u00f1a) de la Congregaci\u00f3n de la Misi\u00f3n. Graduado en la Universidad Oberta de Catalunya con cuatro grados (Asistente de direcci\u00f3n, Gesti\u00f3n Administrativa, Recursos Humanos y Contabilidad Avanzada). Bil\u00edng\u00fce Espa\u00f1ol\/Ingl\u00e9s. gestiona y mantiene varias p\u00e1ginas web cristianas y vicencianas, incluida including La Red de Formaci\u00f3n Vicenciana, de la que es cofundador. Actualmente es responsable del \u00e1rea de Espa\u00f1ol de .famvin, la Red de Noticias de la Familia Vicenciana. Tambi\u00e9n es m\u00fasico cat\u00f3lico y ha editado varios discos. Es Director General y cofundador de Trovador, una reconocida compa\u00f1\u00eda discogr\u00e1fica critiana de Espa\u00f1a. Trabaja en las Tecnolog\u00edas de la Informaci\u00f3n, ofreciendo servicios de alojamiento, dise\u00f1o y mantenimiento Web, as\u00ed como asesoramiento, formaci\u00f3n y soluciones inform\u00e1ticas, gesti\u00f3n documental y digitalizaci\u00f3n de textos, edici\u00f3n y maquetaci\u00f3n de libros, revistas, flyers, etc.","sameAs":["http:\/\/chento.org","https:\/\/www.facebook.com\/JavierChento","https:\/\/x.com\/https:\/\/twitter.com\/javierchento"],"url":"http:\/\/vincentians.com\/en\/author\/chento\/"}]}},"jetpack_publicize_connections":[],"jetpack_featured_media_url":"https:\/\/i0.wp.com\/vincentians.com\/en\/wp-content\/uploads\/sites\/2\/2013\/01\/vincent-de-paul.jpg?fit=1200%2C630","jetpack_sharing_enabled":true,"jetpack_shortlink":"https:\/\/wp.me\/p7K2Ow-sjp","jetpack-related-posts":[{"id":41990,"url":"http:\/\/vincentians.com\/en\/vincentian-family-tree\/","url_meta":{"origin":108835,"position":0},"title":"Vincentian Family Tree","author":"Francisco Javier Fern\u00e1ndez Chento","date":"January 6, 2016","format":false,"excerpt":"Catholic Institutes of Consecrated Life And Societies of Apostolic Life 1.1 Institutes founded by Vincent de Paul. FRANCE Congregation of the Mission (Lazarists or Vincentian Fathers and Brothers) Company of the Daughters of Charity of Saint Vincent de Paul, Servants of the Sick Poor (Grey Sisters) 1.2 Institutes which adopted\u2026","rel":"","context":"In &quot;Branches&quot;","block_context":{"text":"Branches","link":"http:\/\/vincentians.com\/en\/category\/the-vincentian-family\/branches\/"},"img":{"alt_text":"","src":"https:\/\/i0.wp.com\/vincentians.com\/en\/wp-content\/uploads\/sites\/2\/2016\/01\/family-tree.jpg?fit=1200%2C630&resize=350%2C200","width":350,"height":200,"srcset":"https:\/\/i0.wp.com\/vincentians.com\/en\/wp-content\/uploads\/sites\/2\/2016\/01\/family-tree.jpg?fit=1200%2C630&resize=350%2C200 1x, https:\/\/i0.wp.com\/vincentians.com\/en\/wp-content\/uploads\/sites\/2\/2016\/01\/family-tree.jpg?fit=1200%2C630&resize=525%2C300 1.5x, https:\/\/i0.wp.com\/vincentians.com\/en\/wp-content\/uploads\/sites\/2\/2016\/01\/family-tree.jpg?fit=1200%2C630&resize=700%2C400 2x, https:\/\/i0.wp.com\/vincentians.com\/en\/wp-content\/uploads\/sites\/2\/2016\/01\/family-tree.jpg?fit=1200%2C630&resize=1050%2C600 3x"},"classes":[]},{"id":108832,"url":"http:\/\/vincentians.com\/en\/the-litany-of-st-vincent-de-paul\/","url_meta":{"origin":108835,"position":1},"title":"The Litany of St. Vincent de Paul","author":"Francisco Javier Fern\u00e1ndez Chento","date":"January 1, 2016","format":false,"excerpt":"Lord, have mercy on us. Lord, have mercy on us. Christ, have mercy on us. Christ, have mercy on us. Christ, hear us. Christ, graciously hear us. God, the Father of Heaven, Have mercy on us. God, the Son, Redeemer of the world, Have mercy on us. God, the Holy\u2026","rel":"","context":"In &quot;Prayer&quot;","block_context":{"text":"Prayer","link":"http:\/\/vincentians.com\/en\/category\/spirituality\/prayer\/"},"img":{"alt_text":"","src":"https:\/\/i0.wp.com\/vincentians.com\/en\/wp-content\/uploads\/sites\/2\/2014\/01\/vicente-de-paul.jpg?fit=1200%2C630&resize=350%2C200","width":350,"height":200,"srcset":"https:\/\/i0.wp.com\/vincentians.com\/en\/wp-content\/uploads\/sites\/2\/2014\/01\/vicente-de-paul.jpg?fit=1200%2C630&resize=350%2C200 1x, https:\/\/i0.wp.com\/vincentians.com\/en\/wp-content\/uploads\/sites\/2\/2014\/01\/vicente-de-paul.jpg?fit=1200%2C630&resize=525%2C300 1.5x, https:\/\/i0.wp.com\/vincentians.com\/en\/wp-content\/uploads\/sites\/2\/2014\/01\/vicente-de-paul.jpg?fit=1200%2C630&resize=700%2C400 2x, https:\/\/i0.wp.com\/vincentians.com\/en\/wp-content\/uploads\/sites\/2\/2014\/01\/vicente-de-paul.jpg?fit=1200%2C630&resize=1050%2C600 3x"},"classes":[]},{"id":38353,"url":"http:\/\/vincentians.com\/en\/francoise-marguerite-de-silly-founding-patroness-of-the-congregation-of-the-mission\/","url_meta":{"origin":108835,"position":2},"title":"Fran\u00e7oise Margu\u00e9rite De Silly, Founding Patroness of the Congregation of the Mission","author":"Francisco Javier Fern\u00e1ndez Chento","date":"July 9, 2016","format":false,"excerpt":"Fran\u00e7oise Margu\u00e9rite de Silly was born in 1584 in the province of Picardy in northern France. Her parents were Antoine de Silly, Compte de La Rochepot, and Marie de Lannoy, Dame de Folleville. Margu\u00e9rite had one sister, Magdelaine. Marie de Lannoy died when her two children were very young, After\u2026","rel":"","context":"In &quot;At the time of Vincent de Paul&quot;","block_context":{"text":"At the time of Vincent de Paul","link":"http:\/\/vincentians.com\/en\/category\/history-of-the-vincentian-family\/at-the-time-of-vincent-de-paul\/"},"img":{"alt_text":"","src":"https:\/\/i0.wp.com\/vincentians.com\/en\/wp-content\/uploads\/sites\/2\/2014\/12\/Francoise-Marguerite-De-Silly.jpg?fit=1200%2C630&resize=350%2C200","width":350,"height":200,"srcset":"https:\/\/i0.wp.com\/vincentians.com\/en\/wp-content\/uploads\/sites\/2\/2014\/12\/Francoise-Marguerite-De-Silly.jpg?fit=1200%2C630&resize=350%2C200 1x, https:\/\/i0.wp.com\/vincentians.com\/en\/wp-content\/uploads\/sites\/2\/2014\/12\/Francoise-Marguerite-De-Silly.jpg?fit=1200%2C630&resize=525%2C300 1.5x, https:\/\/i0.wp.com\/vincentians.com\/en\/wp-content\/uploads\/sites\/2\/2014\/12\/Francoise-Marguerite-De-Silly.jpg?fit=1200%2C630&resize=700%2C400 2x, https:\/\/i0.wp.com\/vincentians.com\/en\/wp-content\/uploads\/sites\/2\/2014\/12\/Francoise-Marguerite-De-Silly.jpg?fit=1200%2C630&resize=1050%2C600 3x"},"classes":[]},{"id":150814,"url":"http:\/\/vincentians.com\/en\/passion-for-justice-social-justice-teaching-resource\/","url_meta":{"origin":108835,"position":3},"title":"Passion for Justice: a Social Justice Teaching Resource","author":"Francisco Javier Fern\u00e1ndez Chento","date":"July 10, 2016","format":false,"excerpt":"In this exceptional resource we will find 8 chapters with ideas and activities for teaching Social Justice: Contents: Frederic Ozanam 1813 \u2013 1853 Poverty Social Justice Catholic Social Teaching St Vincent de Paul St Vincent de Paul Society St Vincent de Paul Society in Australia Spirituality of the St Vincent\u2026","rel":"","context":"In &quot;Catholic Social Teaching&quot;","block_context":{"text":"Catholic Social Teaching","link":"http:\/\/vincentians.com\/en\/category\/christian-formation\/catholic-social-teaching\/"},"img":{"alt_text":"","src":"https:\/\/i0.wp.com\/vincentians.com\/en\/wp-content\/uploads\/sites\/2\/2016\/07\/passion-for-justice.jpg?fit=1200%2C630&resize=350%2C200","width":350,"height":200,"srcset":"https:\/\/i0.wp.com\/vincentians.com\/en\/wp-content\/uploads\/sites\/2\/2016\/07\/passion-for-justice.jpg?fit=1200%2C630&resize=350%2C200 1x, https:\/\/i0.wp.com\/vincentians.com\/en\/wp-content\/uploads\/sites\/2\/2016\/07\/passion-for-justice.jpg?fit=1200%2C630&resize=525%2C300 1.5x, https:\/\/i0.wp.com\/vincentians.com\/en\/wp-content\/uploads\/sites\/2\/2016\/07\/passion-for-justice.jpg?fit=1200%2C630&resize=700%2C400 2x, https:\/\/i0.wp.com\/vincentians.com\/en\/wp-content\/uploads\/sites\/2\/2016\/07\/passion-for-justice.jpg?fit=1200%2C630&resize=1050%2C600 3x"},"classes":[]},{"id":107318,"url":"http:\/\/vincentians.com\/en\/ephemerides-may-17th\/","url_meta":{"origin":108835,"position":4},"title":"Ephemerides: May, 17th","author":"Francisco Javier Fern\u00e1ndez Chento","date":"May 17, 2017","format":false,"excerpt":"1610: In Paris, Mr Vincent who recently was chaplain of the Queen Marguerite, received a profit, that, as he said ead him to discomfort. The archbishop of Aix, Hurault de l'H\u00f4pital, ceded to Vincent the abbey of Saint-L\u00e9onard de Chaumes, in the Diocese of Saintes. On paper, the income from\u2026","rel":"","context":"In &quot;Vincentian ephemerides&quot;","block_context":{"text":"Vincentian ephemerides","link":"http:\/\/vincentians.com\/en\/category\/history-of-the-vincentian-family\/vincentian-ephemerides\/"},"img":{"alt_text":"","src":"https:\/\/i0.wp.com\/vincentians.com\/en\/wp-content\/uploads\/sites\/2\/2016\/07\/ephemerides-fb.jpg?fit=1200%2C630&resize=350%2C200","width":350,"height":200,"srcset":"https:\/\/i0.wp.com\/vincentians.com\/en\/wp-content\/uploads\/sites\/2\/2016\/07\/ephemerides-fb.jpg?fit=1200%2C630&resize=350%2C200 1x, https:\/\/i0.wp.com\/vincentians.com\/en\/wp-content\/uploads\/sites\/2\/2016\/07\/ephemerides-fb.jpg?fit=1200%2C630&resize=525%2C300 1.5x, https:\/\/i0.wp.com\/vincentians.com\/en\/wp-content\/uploads\/sites\/2\/2016\/07\/ephemerides-fb.jpg?fit=1200%2C630&resize=700%2C400 2x, https:\/\/i0.wp.com\/vincentians.com\/en\/wp-content\/uploads\/sites\/2\/2016\/07\/ephemerides-fb.jpg?fit=1200%2C630&resize=1050%2C600 3x"},"classes":[]},{"id":104727,"url":"http:\/\/vincentians.com\/en\/the-life-of-vincent-de-paul-abelly-book-i-chapter-xvi\/","url_meta":{"origin":108835,"position":5},"title":"The Life of Vincent de Paul (Abelly): Book I, Chapter XVI","author":"Francisco Javier Fern\u00e1ndez Chento","date":"July 18, 2016","format":false,"excerpt":"He is Chosen by the Blessed Francis de Sales, Bishop of Geneva, and by Mother de Chantal as the First Spiritual Father and Superior of the Religious of the Visitation of Saint Mary in Paris It had been several years since God had brought into being the saintly order of\u2026","rel":"","context":"In &quot;Vincent de Paul&quot;","block_context":{"text":"Vincent de Paul","link":"http:\/\/vincentians.com\/en\/category\/the-vincentian-family\/founders\/vincent-de-paul\/"},"img":{"alt_text":"","src":"https:\/\/i0.wp.com\/vincentians.com\/en\/wp-content\/uploads\/sites\/2\/2016\/07\/abelly-feat.jpg?fit=1200%2C630&resize=350%2C200","width":350,"height":200,"srcset":"https:\/\/i0.wp.com\/vincentians.com\/en\/wp-content\/uploads\/sites\/2\/2016\/07\/abelly-feat.jpg?fit=1200%2C630&resize=350%2C200 1x, https:\/\/i0.wp.com\/vincentians.com\/en\/wp-content\/uploads\/sites\/2\/2016\/07\/abelly-feat.jpg?fit=1200%2C630&resize=525%2C300 1.5x, https:\/\/i0.wp.com\/vincentians.com\/en\/wp-content\/uploads\/sites\/2\/2016\/07\/abelly-feat.jpg?fit=1200%2C630&resize=700%2C400 2x, https:\/\/i0.wp.com\/vincentians.com\/en\/wp-content\/uploads\/sites\/2\/2016\/07\/abelly-feat.jpg?fit=1200%2C630&resize=1050%2C600 3x"},"classes":[]}],"_links":{"self":[{"href":"http:\/\/vincentians.com\/en\/wp-json\/wp\/v2\/posts\/108835","targetHints":{"allow":["GET"]}}],"collection":[{"href":"http:\/\/vincentians.com\/en\/wp-json\/wp\/v2\/posts"}],"about":[{"href":"http:\/\/vincentians.com\/en\/wp-json\/wp\/v2\/types\/post"}],"author":[{"embeddable":true,"href":"http:\/\/vincentians.com\/en\/wp-json\/wp\/v2\/users\/4"}],"replies":[{"embeddable":true,"href":"http:\/\/vincentians.com\/en\/wp-json\/wp\/v2\/comments?post=108835"}],"version-history":[{"count":0,"href":"http:\/\/vincentians.com\/en\/wp-json\/wp\/v2\/posts\/108835\/revisions"}],"wp:featuredmedia":[{"embeddable":true,"href":"http:\/\/vincentians.com\/en\/wp-json\/wp\/v2\/media\/150295"}],"wp:attachment":[{"href":"http:\/\/vincentians.com\/en\/wp-json\/wp\/v2\/media?parent=108835"}],"wp:term":[{"taxonomy":"category","embeddable":true,"href":"http:\/\/vincentians.com\/en\/wp-json\/wp\/v2\/categories?post=108835"},{"taxonomy":"post_tag","embeddable":true,"href":"http:\/\/vincentians.com\/en\/wp-json\/wp\/v2\/tags?post=108835"}],"curies":[{"name":"wp","href":"https:\/\/api.w.org\/{rel}","templated":true}]}}