{"id":108788,"date":"2013-12-27T07:31:26","date_gmt":"2013-12-27T06:31:26","guid":{"rendered":"http:\/\/vincentians.com\/?p=108788"},"modified":"2016-06-23T09:07:01","modified_gmt":"2016-06-23T09:07:01","slug":"louise-de-marillac-a-portrait-part-iv-the-interior-life-of-louise-de-marillac-3","status":"publish","type":"post","link":"http:\/\/vincentians.com\/en\/louise-de-marillac-a-portrait-part-iv-the-interior-life-of-louise-de-marillac-3\/","title":{"rendered":"Louise de Marillac, a portrait. Part IV: The interior life of Louise de Marillac (3)"},"content":{"rendered":"<h2>Her prayer<\/h2>\n<p>After a certain date the interior life of Louise de Marillac consisted of nothing but prayer. Verbal prayer had always occupied an important place in her life. The confraternities to which she belonged, and the particular devotions she undertook, imposed upon her the recital of long offices, such as those thirty-three daily acts of devotion by which she com\u00admemorated the years of our Lord\u2019s life on earth. These prayers formed part of the universal prayer of adoration which is due to God from his creatures. But they were just as much a way of giving expression to the overflowing abund\u00adance of her life, which circumstances had forced her to bottle up within herself; whenever she had sought to break her bonds, something had gone awry. Her prayer is therefore one way, and perhaps the best way, of getting to know her.<\/p>\n<p>Her prayer was never sentimental. Love, of course, animated it, but love restrained in its manifestations by humility, as though it were astonished that it had the audacity to show itself. Her prayer is fairly intellectual, seeking as it advances new foundations in doctrine. It is theological, which may seem surprising in a woman, but it need no longer astonish us when we recall her love of philosophy and the scriptures, rare gifts even among the devout of those days. Her prayer is obviously saturated in the Scriptures, and especially of the Gospels, which impart to it a special resonance, different even from that of Monsieur Vincent, which runs in a more familiar vein and springs more immediately from his daily activities and needs.<\/p>\n<p>She addresses her prayer spontaneously to the Trinity. When she begs for a spirit of unity in the members of her Congregation, she does so in the name and image of the unity of the Most Holy Trinity, to which all things must return since all things have their source there. Man is made in the image of the Trinity: he is threefold by virtue of his memory, his intelligence and his will. It is interesting to notice this Augustinian attitude in Louise and to note the importance she gives to memory, which is the reservoir from which we draw the materials of prayer, which we always bring to an end by invoking the Trinity, Father, Son and Holy Ghost.<\/p>\n<p>The movement of admiration and love which the mystery of the Resurrection inspired in her is an original feature of her devotion which I have not encountered in other spiritual writers. What exchanges of love, what effusions must have taken place between Father and Son on Easter morning, when, having shown himself to Mary Magdalen, the Son appeared before the Father. We recall the great phrase of St Augustine: \u2018We will know only in heaven with what fulness the Son this day dwells with his Father.\u2019 The intimate life of the three Divine Persons is the great source of our Paschal joy, which is genuine in proportion as our joy is associated with the joy of the Trinity.<\/p>\n<p>I have given the example of the Resurrection. Louise\u2019s prayer follows the rhythm of the liturgy, and here again she is theological, since the liturgy is the visible face of theology.<\/p>\n<p>Her prayer increased in intensity with the beginning of Lent, when in the feastings of Mardi Gras men seemed to lose their reason. Her fervour deepened also in Passiontide, as she lived through the sorrow of our Lord. She prayed to Christ tormented throughout the night of his agony, in the strictly theological statement: \u2018You .suffered as Man because you were offended as God.\u2019<sup>1<\/sup> Pilate, knowing him to be innocent, condemned him through self-interest, the most insidious of temptations. \u2018I beg God for the grace to be entirely delivered from this tcmptadon, and never for any consideration let me be separated from jusdee.\u2019 The Good Thief was certainly a criminal with a great many misdeeds upon his conscience, but it sufficed that he should turn his heart to God for him to gain Paradise: \u2018My Jesus, how easy it is to win you!\u2019<\/p>\n<p>Jesus cried out with thirst, but willed not to quench it: \u2018You willed to die without any quenching of your thirst, to show us that after your death you would always be athirst for our deliverance.\u2019<\/p>\n<p>Mary, on Calvary, said \u2018Yes\u2019 to the Crucifixion, just as she did to the Incarnation. \u2018You desired that Mary should acquiesce in your death, which was in a sense a tearing asunder, as though you were no longer her Son.\u2019<\/p>\n<p>The prayer of Jesus Crucified rose spontaneously from her heart: \u2018I no longer desire anything but to be the subject of this despised King. O Cross, how much you are to be loved! I take refuge in you as in my cloister!\u2019 This taste for the retired and hidden life, which she had always had, joined the Blood of the Redemption with the radiance of the Annunciation, and with the hidden life of Jesus in the womb of his Mother. The Feast of the Annunciation occurs about the time of Easter, and is not to be separated from it.<\/p>\n<p>This is a feast which, in her life and the early years of her community, marked some very important stages. She returned to this festival again and again, by a natural inclination of her heart, to adore the Infant Jesus in his hidden life. If it is the mystic who speaks here, we note that this is a mother who has known the joys of maternity, and her voice carries inflexions of genuine tenderness. She says to Mary: \u2018You were happy because at least for that hour, he was entirely your own.\u2019 And to Jesus she said, as to a familiar Friend: \u2018What were you doing while you were in her womb, little Child? And what secrets did you reveal to her?\u2019 Here is a thought which opens up the way to a \u2018Berullian\u2019 meditation which might indeed lead the fervent soul far along the road to contemplation. But Louise, a woman \u2018lost and absorbed in truth and justice\u2019, as she herself said, could never allow herself to be led away by tenderness in prayer, and at the height of her fervour and desire for the hidden life she made this declaration: \u2018It is true that I would prefer to appear no more to human eyes, but should I not in such a case be afraid, that I had escaped from sight in order to be the more esteemed?\u2019 It was always thus with her: her eyes were raised to heaven, but her feet were on the earth.<\/p>\n<p>Sometimes in her prayers she had moments of elation, moments when she stood on the summit, as she put it. She also had her moments of dryness, and of calm level going. There were other moments when she came down from the heights of theology to take refuge in that secret life of hers, like a little girl. Here were memories of her troubled child\u00adhood\u2014or is it that each of us has a private corner of the mind, where both great and small become again like a little child?<\/p>\n<p>She had prayers of her own composition, original and long, to which she adhered because they were not common property. These she said a fixed number of times and she could not do without them. Monsieur Vincent disapproved this habit, not because the prayers were not correct, but because he held that no one should load liimself with unnecessary obligations, formulas or practices. Such things fatigue the soul, and take up time which ought to be given to work or sleep. He ordered his penitent to lay aside these superfluous prayers, but she set such a value on them that he had to allow her to say them in times of anxiety, as, for example, when her son was ill. In one of her letters she admits that she has preferences of this kind:<\/p>\n<p style=\"padding-left: 30px\">\u2018I think I should also say to your charity that I once had, and still do have, a certain amount of sorrow that I must leave out these little prayers. My thought was, that the Holy Virgin desired me to do her this little service of gratitude, and that I should find comfort with her by telling her of the things which hinder me, with the resolve to please her in some other way, and to serve her with more fervour; but that my resolutions are feebly carried out, and often neglected.<\/p>\n<p style=\"padding-left: 30px\">\u2018Help me, of your charity, and give me your blessing often, and present me to God, all unworthy as I am, as a good father does with his prodigal children, for you well know that is what I am, and that I am, my much honoured Father, your very obedient servant.\u2019<\/p>\n<p>She had another private prayer, and this was most secret, for it was locked up in a casket which was not to be opened till after her death. This was a specially-blessed rosary which she never omitted to say throughout her life. Of this rosary she had several copies made, until there was one for each of her Sisters.<\/p>\n<p style=\"padding-left: 30px\">\u2018The little rosary is the one which three years ago I asked permission of your charity to say for my private intentions. I have in a casket a number of these rosaries, with some thoughts on the subject written down, to be left to all my Sisters after my death, if your charity permits. None of the Sisters knows anything about it. This rosary is in honour of the hidden life of our Saviour in his state of imprisonment in the womb of his Mother, to congratulate her on her happiness during those nine months; and the three little grains are to honour her by her three wonderful tides of Daughter of the Father, Mother of the Son, and Bride of the Holy Ghost. That is the principle of this little devotion, which by the grace of God, all unworthy as I am, I have never discontinued, since the time indicated, and which I hope to carry out in full, by the aid of the same grace of God, if your charity so commands. And this little exercise, in my intention, is to ask of God, by the Incarnation of his Son and the prayers of the Holy Virgin, the purity necessary to the Company of the Sisters of Charity, and the stability of the said Company, according to his good pleasure.\u2019<\/p>\n<p>We do not find that Monsieur Vincent paid any attention to this chaplet as there is no further mention of it in the correspondence.<\/p>\n<p>It is necessary to mention these subsidiary devotions because they allow us to enter into familiar communion with Louise de Marillac. But they are far from characteristic of her prayer, which is anchored to more solid things: to the will of God, as manifested to her at each moment in the Rule; to God\u2019s Providence, which protects her at every moment, keeping at a distance every danger, as on that memorable day when the floor collapsed, and which shows itself the whole time in all the houses of the institute, in all sorts of w-ays which could never be publicly known, but which her heart stores up with careful love.<\/p>\n<p>Let us pause a moment to consider some of her \u2018summits\u2019, which mark her out among the spiritual leaders of her time. Not all of the theologians contemporary with her held the belief in the Immaculate Conception, and devotion to our Lady at that time did not stress this mystery. But Louise de Marillac returned to it again and again, and founded all her thoughts about Mary on it. She said herself, with more brevity than w-c could wish, that she had meditated on the subject before the Christmas crib, and that she was sorry her mind was not capable of showing the w\u2019orld the beautiful things God had let her sec. She goes on to say that the Immaculate Conception was strictly not so much a miracu\u00adlous privilege as an act of justice, since by the Incarnation Mary consented to become the Mother of God. Her Immacu\u00adlate Conception had far-reaching consequences for Mary\u2019s consciousness, from which w\u2019as excluded that instinct for sin which afflicts us all; for her judgment, which was always upright and sound; and for her will, which was always strong. We have to admire the tone of this reasoned medita\u00adtion, which passes from the traditional doctrine of preserva\u00adtion from original sin to a generalisation, almost modern in tone, which links up the mystery of Mary Immaculate with the concepts of thinking and judgment.<\/p>\n<p>It was to this pure source that Louise desired to attach her Congregation, w<sup>r<\/sup>hich could become the first religious society consecrated to the Immaculate Conception of Mary. On December 7th, 1658, she asked Vincent de Paul so to dedicate her community during the Mass of the feast day, which he joyfully consented to do. Mademoiselle composed the Act of Consecration, and read it in the name of all her Daughters. In it, she declared that the community took Mary Immaculate as the sole Mother of the Congregation, and gave itself to her irrevocably.<\/p>\n<p>December 8th, 1658, is a date of particular splendour in the spiritual history of the Congregation. Every year the Act of Consecration, first read by the Foundress, is read and ratified. The Act therefore has its place in the history of the dogma, which, by way of the Miraculous Medal, gradually developed to its culmination with the solemn Definition, and the reply of the Virgin herself at Lourdes: \u2018I am the Im\u00admaculate Conception.\u2019<\/p>\n<p>Still more important in the Foundress\u2019s prayer was her devotion to the Holy Spirit. This had its basis in an attitude of her mind, which was constantly leading her by the path\u00adways of theology back to the Trinity. And it sprang too from a chance happening in her spiritual life. We recall that, from the feast of the Ascension to Pentecost of the year 1623, she was tormented by a spiritual night of anguish, in which her understanding and her heart were darkened. From this trial she was delivered on the feast of Pentecost by an infusion of the Holy Spirit, and by the gift of his graces of light and strength. She was healed, or to use a better expression, she was conquered. Henceforward, the anniversary of this day was sacred to her. Every year, at Ascensiontide, she went into retreat to prepare herself to receive the Holy Spirit. She spent ten days in union and communion with the Apostles. It was a waiting period, at once quiet and active, in which she prepared her soul to receive a great visitor. She used the time to remove from mind and heart every obstacle that could oppose his coming, or his full possession upon arrival\u2014not only sin, but every attachment that was not to God, and\u2014note this carefully\u2014every attachment to spiritual consolations, which the Presence of Jesus Christ brings with it. Louise took literally the mysterious text of St John XVI, 7-11, where Jesus, taking leave of his disciples, told them he was leaving because of his love for them: \u2018But I tell you the truth: it is expedient to you that I go: for if I go not, the Paraclete will not come to you; but if I go, I will send him to you. And when he is come, he will convince the world of sin, and of justice, and of judgment. Of sin: because they believed not in me. And of justice: because I go to the Father; and you shall see me no longer. And of judgment: because the price of this world is already judged. I have yet many things to say to you: but you cannot bear them now. But when he, the Spirit of truth, is come, lie will teach you all truth.\u2019 Louise\u2019s reaction to these words was remarkable: to receive the Spirit, we must be totally detached from all which is not Jesus Christ, \u2018and even from the tendernesses of his presence, so that, our soul being empty of all the hind\u00adrances which could present an obstacle to him, the Divine Spirit can fill it\u2019. In one of her hours of elation, when she was caught up by the love of Christ, she had said to him: \u2018Take away from me your consolations and your tenderness, for I desire but you alone.\u2019 But now she said to him, trembling, \u2018Withdraw yourself, leave me empty and alone, for you have said that you must leave me for the Spirit to take possession of me\u2019. Here is a singular development, when mystical asceticism goes so far as to deny itself love and the Divine Presence.<\/p>\n<p>When the Spirit had thus taken hold of a soul, provided it does not resist his activity, he will do great things in it and for it. If we want to know what these great things arc, we only have to consider the power of his gifts and the trans\u00adformation which each one of them could work in us. And Louise, the moral theologian, takes this view of the mystery of the predestined: she holds that the obvious differences between one man and another arise from the varying use which each one makes of the Gifts of the Spirit: under\u00adstanding, counsel, wisdom, strength These gifts strengthen our Christian life. They give vitality to the Mystical Body of the Church, and make of us witnesses to Christ in a world which knows him not.<\/p>\n<p>This lofty doctrine was not just an idea but a conviction of her mind and heart. It became part of herself and whenever she wrote, whenever she prayed, she referred to \u2018the Spirit\u2019 as other spiritual writers refer to God or to Jesus Christ. More precisely, her thought tended always towards the Trinity and most willingly towards the Third Person, as towards that love which would make her worthy of the Father by making her more like the Son. This preoccupation absorbed her even at the moment of Communion. She clearly saw that the Communion is food, and that the purpose of food is that it should transform our substance. She besought the Holy Spirit, before and after Communion, that this transformation might take place in her, so that she might come to resemble him by whom she was fed. I care very little for the high-sounding terminology of science; but spiritual writers speak of theocentric and christocentric souls. I venture to use the word \u2018pneumatocentric\u2019, to characterise the spirituality of Louise de Marillac. She is the disciple of the Holy Ghost. She is the mystic of the Holy Ghost. Let me quote here a short saying: \u2018The Spirit who fills us with the pure love of God. . . . The Spirit makes us obedient to God, so that we may share the divine life.\u2019<\/p>\n<p>This raises another question. Can it be said that Louise de Marillac was a mystic? If so, she came to mysticism by a spiritual way, whose stages we must now mark out.<\/p>\n","protected":false},"excerpt":{"rendered":"<p>Her prayer After a certain date the interior life of Louise de Marillac consisted of nothing but prayer. Verbal prayer had always occupied an important place in her life. The confraternities to which she belonged, &#8230; <a href=\"http:\/\/vincentians.com\/en\/louise-de-marillac-a-portrait-part-iv-the-interior-life-of-louise-de-marillac-3\/\" class=\"more-link\">Read More<\/a><\/p>\n","protected":false},"author":4,"featured_media":149291,"comment_status":"open","ping_status":"open","sticky":false,"template":"","format":"standard","meta":{"jetpack_post_was_ever_published":false,"_jetpack_newsletter_access":"","_jetpack_dont_email_post_to_subs":false,"_jetpack_newsletter_tier_id":0,"_jetpack_memberships_contains_paywalled_content":false,"_jetpack_memberships_contains_paid_content":false,"footnotes":"","jetpack_publicize_message":"","jetpack_publicize_feature_enabled":true,"jetpack_social_post_already_shared":false,"jetpack_social_options":{"image_generator_settings":{"template":"highway","default_image_id":0,"font":"","enabled":false},"version":2}},"categories":[18],"tags":[],"class_list":["post-108788","post","type-post","status-publish","format-standard","has-post-thumbnail","hentry","category-louise-de-marillac"],"yoast_head":"<!-- This site is optimized with the Yoast SEO plugin v26.3 - https:\/\/yoast.com\/wordpress\/plugins\/seo\/ -->\n<title>Louise de Marillac, a portrait. Part IV: The interior life of Louise de Marillac (3) - We are Vincentians<\/title>\n<meta name=\"robots\" content=\"index, follow, max-snippet:-1, max-image-preview:large, max-video-preview:-1\" \/>\n<link rel=\"canonical\" href=\"https:\/\/vincentians.com\/en\/louise-de-marillac-a-portrait-part-iv-the-interior-life-of-louise-de-marillac-3\/\" \/>\n<meta property=\"og:locale\" content=\"en_US\" \/>\n<meta property=\"og:type\" content=\"article\" \/>\n<meta property=\"og:title\" content=\"Louise de Marillac, a portrait. Part IV: The interior life of Louise de Marillac (3) - We are Vincentians\" \/>\n<meta property=\"og:description\" content=\"Her prayer After a certain date the interior life of Louise de Marillac consisted of nothing but prayer. Verbal prayer had always occupied an important place in her life. The confraternities to which she belonged, ... Read More\" \/>\n<meta property=\"og:url\" content=\"https:\/\/vincentians.com\/en\/louise-de-marillac-a-portrait-part-iv-the-interior-life-of-louise-de-marillac-3\/\" \/>\n<meta property=\"og:site_name\" content=\"We are Vincentians\" \/>\n<meta property=\"article:publisher\" content=\"https:\/\/www.facebook.com\/WeAreVincentians\/\" \/>\n<meta property=\"article:author\" content=\"https:\/\/www.facebook.com\/JavierChento\" \/>\n<meta property=\"article:published_time\" content=\"2013-12-27T06:31:26+00:00\" \/>\n<meta property=\"article:modified_time\" content=\"2016-06-23T09:07:01+00:00\" \/>\n<meta property=\"og:image\" content=\"https:\/\/i0.wp.com\/vincentians.com\/en\/wp-content\/uploads\/sites\/2\/2016\/07\/louise-de-marillac2.jpg?fit=1200%2C630&ssl=1\" \/>\n\t<meta property=\"og:image:width\" content=\"1200\" \/>\n\t<meta property=\"og:image:height\" content=\"630\" \/>\n\t<meta property=\"og:image:type\" content=\"image\/jpeg\" \/>\n<meta name=\"author\" content=\"Francisco Javier Fern\u00e1ndez Chento\" \/>\n<meta name=\"twitter:card\" content=\"summary_large_image\" \/>\n<meta name=\"twitter:creator\" content=\"@https:\/\/twitter.com\/javierchento\" \/>\n<meta name=\"twitter:site\" content=\"@WeVincentians\" \/>\n<meta name=\"twitter:label1\" content=\"Written by\" \/>\n\t<meta name=\"twitter:data1\" content=\"Francisco Javier Fern\u00e1ndez Chento\" \/>\n\t<meta name=\"twitter:label2\" content=\"Est. reading time\" \/>\n\t<meta name=\"twitter:data2\" content=\"16 minutes\" \/>\n<script type=\"application\/ld+json\" class=\"yoast-schema-graph\">{\"@context\":\"https:\/\/schema.org\",\"@graph\":[{\"@type\":\"Article\",\"@id\":\"https:\/\/vincentians.com\/en\/louise-de-marillac-a-portrait-part-iv-the-interior-life-of-louise-de-marillac-3\/#article\",\"isPartOf\":{\"@id\":\"https:\/\/vincentians.com\/en\/louise-de-marillac-a-portrait-part-iv-the-interior-life-of-louise-de-marillac-3\/\"},\"author\":{\"name\":\"Francisco Javier Fern\u00e1ndez Chento\",\"@id\":\"https:\/\/vincentians.com\/en\/#\/schema\/person\/9623ef4d9aa3b2dfb8c061f1499288f2\"},\"headline\":\"Louise de Marillac, a portrait. Part IV: The interior life of Louise de Marillac (3)\",\"datePublished\":\"2013-12-27T06:31:26+00:00\",\"dateModified\":\"2016-06-23T09:07:01+00:00\",\"mainEntityOfPage\":{\"@id\":\"https:\/\/vincentians.com\/en\/louise-de-marillac-a-portrait-part-iv-the-interior-life-of-louise-de-marillac-3\/\"},\"wordCount\":3221,\"commentCount\":0,\"publisher\":{\"@id\":\"https:\/\/vincentians.com\/en\/#organization\"},\"image\":{\"@id\":\"https:\/\/vincentians.com\/en\/louise-de-marillac-a-portrait-part-iv-the-interior-life-of-louise-de-marillac-3\/#primaryimage\"},\"thumbnailUrl\":\"https:\/\/i0.wp.com\/vincentians.com\/en\/wp-content\/uploads\/sites\/2\/2016\/07\/louise-de-marillac2.jpg?fit=1200%2C630\",\"articleSection\":[\"Louise de Marillac\"],\"inLanguage\":\"en-US\",\"potentialAction\":[{\"@type\":\"CommentAction\",\"name\":\"Comment\",\"target\":[\"https:\/\/vincentians.com\/en\/louise-de-marillac-a-portrait-part-iv-the-interior-life-of-louise-de-marillac-3\/#respond\"]}]},{\"@type\":\"WebPage\",\"@id\":\"https:\/\/vincentians.com\/en\/louise-de-marillac-a-portrait-part-iv-the-interior-life-of-louise-de-marillac-3\/\",\"url\":\"https:\/\/vincentians.com\/en\/louise-de-marillac-a-portrait-part-iv-the-interior-life-of-louise-de-marillac-3\/\",\"name\":\"Louise de Marillac, a portrait. Part IV: The interior life of Louise de Marillac (3) - We are Vincentians\",\"isPartOf\":{\"@id\":\"https:\/\/vincentians.com\/en\/#website\"},\"primaryImageOfPage\":{\"@id\":\"https:\/\/vincentians.com\/en\/louise-de-marillac-a-portrait-part-iv-the-interior-life-of-louise-de-marillac-3\/#primaryimage\"},\"image\":{\"@id\":\"https:\/\/vincentians.com\/en\/louise-de-marillac-a-portrait-part-iv-the-interior-life-of-louise-de-marillac-3\/#primaryimage\"},\"thumbnailUrl\":\"https:\/\/i0.wp.com\/vincentians.com\/en\/wp-content\/uploads\/sites\/2\/2016\/07\/louise-de-marillac2.jpg?fit=1200%2C630\",\"datePublished\":\"2013-12-27T06:31:26+00:00\",\"dateModified\":\"2016-06-23T09:07:01+00:00\",\"breadcrumb\":{\"@id\":\"https:\/\/vincentians.com\/en\/louise-de-marillac-a-portrait-part-iv-the-interior-life-of-louise-de-marillac-3\/#breadcrumb\"},\"inLanguage\":\"en-US\",\"potentialAction\":[{\"@type\":\"ReadAction\",\"target\":[\"https:\/\/vincentians.com\/en\/louise-de-marillac-a-portrait-part-iv-the-interior-life-of-louise-de-marillac-3\/\"]}]},{\"@type\":\"ImageObject\",\"inLanguage\":\"en-US\",\"@id\":\"https:\/\/vincentians.com\/en\/louise-de-marillac-a-portrait-part-iv-the-interior-life-of-louise-de-marillac-3\/#primaryimage\",\"url\":\"https:\/\/i0.wp.com\/vincentians.com\/en\/wp-content\/uploads\/sites\/2\/2016\/07\/louise-de-marillac2.jpg?fit=1200%2C630\",\"contentUrl\":\"https:\/\/i0.wp.com\/vincentians.com\/en\/wp-content\/uploads\/sites\/2\/2016\/07\/louise-de-marillac2.jpg?fit=1200%2C630\",\"width\":1200,\"height\":630},{\"@type\":\"BreadcrumbList\",\"@id\":\"https:\/\/vincentians.com\/en\/louise-de-marillac-a-portrait-part-iv-the-interior-life-of-louise-de-marillac-3\/#breadcrumb\",\"itemListElement\":[{\"@type\":\"ListItem\",\"position\":1,\"name\":\"Portada\",\"item\":\"https:\/\/vincentians.com\/en\/\"},{\"@type\":\"ListItem\",\"position\":2,\"name\":\"Louise de Marillac, a portrait. Part IV: The interior life of Louise de Marillac (3)\"}]},{\"@type\":\"WebSite\",\"@id\":\"https:\/\/vincentians.com\/en\/#website\",\"url\":\"https:\/\/vincentians.com\/en\/\",\"name\":\"We are Vincentians\",\"description\":\"Know more to serve more\",\"publisher\":{\"@id\":\"https:\/\/vincentians.com\/en\/#organization\"},\"potentialAction\":[{\"@type\":\"SearchAction\",\"target\":{\"@type\":\"EntryPoint\",\"urlTemplate\":\"https:\/\/vincentians.com\/en\/?s={search_term_string}\"},\"query-input\":{\"@type\":\"PropertyValueSpecification\",\"valueRequired\":true,\"valueName\":\"search_term_string\"}}],\"inLanguage\":\"en-US\"},{\"@type\":\"Organization\",\"@id\":\"https:\/\/vincentians.com\/en\/#organization\",\"name\":\"The Vincentian Network\",\"url\":\"https:\/\/vincentians.com\/en\/\",\"logo\":{\"@type\":\"ImageObject\",\"inLanguage\":\"en-US\",\"@id\":\"https:\/\/vincentians.com\/en\/#\/schema\/logo\/image\/\",\"url\":\"https:\/\/i1.wp.com\/vincentians.com\/en\/wp-content\/uploads\/sites\/2\/2016\/06\/Vincentian-Network-logo-big.png?fit=778%2C778&ssl=1\",\"contentUrl\":\"https:\/\/i1.wp.com\/vincentians.com\/en\/wp-content\/uploads\/sites\/2\/2016\/06\/Vincentian-Network-logo-big.png?fit=778%2C778&ssl=1\",\"width\":778,\"height\":778,\"caption\":\"The Vincentian Network\"},\"image\":{\"@id\":\"https:\/\/vincentians.com\/en\/#\/schema\/logo\/image\/\"},\"sameAs\":[\"https:\/\/www.facebook.com\/WeAreVincentians\/\",\"https:\/\/x.com\/WeVincentians\"]},{\"@type\":\"Person\",\"@id\":\"https:\/\/vincentians.com\/en\/#\/schema\/person\/9623ef4d9aa3b2dfb8c061f1499288f2\",\"name\":\"Francisco Javier Fern\u00e1ndez Chento\",\"image\":{\"@type\":\"ImageObject\",\"inLanguage\":\"en-US\",\"@id\":\"https:\/\/vincentians.com\/en\/#\/schema\/person\/image\/\",\"url\":\"https:\/\/secure.gravatar.com\/avatar\/497d5cde87b4c3d097d0315953521681ba2cd523ee66e5077c3711f7021e65de?s=96&d=mm&r=g\",\"contentUrl\":\"https:\/\/secure.gravatar.com\/avatar\/497d5cde87b4c3d097d0315953521681ba2cd523ee66e5077c3711f7021e65de?s=96&d=mm&r=g\",\"caption\":\"Francisco Javier Fern\u00e1ndez Chento\"},\"description\":\"Director General y cofundador de La Red de Formaci\u00f3n Vicenciana. Javier es laico vicenciano, afiliado a la Congregaci\u00f3n de la Misi\u00f3n y miembro del Equipo de Misiones Populares de la provincia can\u00f3nica de Zaragoza (Espa\u00f1a) de la Congregaci\u00f3n de la Misi\u00f3n. Graduado en la Universidad Oberta de Catalunya con cuatro grados (Asistente de direcci\u00f3n, Gesti\u00f3n Administrativa, Recursos Humanos y Contabilidad Avanzada). Bil\u00edng\u00fce Espa\u00f1ol\/Ingl\u00e9s. gestiona y mantiene varias p\u00e1ginas web cristianas y vicencianas, incluida including La Red de Formaci\u00f3n Vicenciana, de la que es cofundador. Actualmente es responsable del \u00e1rea de Espa\u00f1ol de .famvin, la Red de Noticias de la Familia Vicenciana. Tambi\u00e9n es m\u00fasico cat\u00f3lico y ha editado varios discos. Es Director General y cofundador de Trovador, una reconocida compa\u00f1\u00eda discogr\u00e1fica critiana de Espa\u00f1a. Trabaja en las Tecnolog\u00edas de la Informaci\u00f3n, ofreciendo servicios de alojamiento, dise\u00f1o y mantenimiento Web, as\u00ed como asesoramiento, formaci\u00f3n y soluciones inform\u00e1ticas, gesti\u00f3n documental y digitalizaci\u00f3n de textos, edici\u00f3n y maquetaci\u00f3n de libros, revistas, flyers, etc.\",\"sameAs\":[\"http:\/\/chento.org\",\"https:\/\/www.facebook.com\/JavierChento\",\"https:\/\/x.com\/https:\/\/twitter.com\/javierchento\"],\"url\":\"http:\/\/vincentians.com\/en\/author\/chento\/\"}]}<\/script>\n<!-- \/ Yoast SEO plugin. -->","yoast_head_json":{"title":"Louise de Marillac, a portrait. Part IV: The interior life of Louise de Marillac (3) - We are Vincentians","robots":{"index":"index","follow":"follow","max-snippet":"max-snippet:-1","max-image-preview":"max-image-preview:large","max-video-preview":"max-video-preview:-1"},"canonical":"https:\/\/vincentians.com\/en\/louise-de-marillac-a-portrait-part-iv-the-interior-life-of-louise-de-marillac-3\/","og_locale":"en_US","og_type":"article","og_title":"Louise de Marillac, a portrait. Part IV: The interior life of Louise de Marillac (3) - We are Vincentians","og_description":"Her prayer After a certain date the interior life of Louise de Marillac consisted of nothing but prayer. Verbal prayer had always occupied an important place in her life. The confraternities to which she belonged, ... Read More","og_url":"https:\/\/vincentians.com\/en\/louise-de-marillac-a-portrait-part-iv-the-interior-life-of-louise-de-marillac-3\/","og_site_name":"We are Vincentians","article_publisher":"https:\/\/www.facebook.com\/WeAreVincentians\/","article_author":"https:\/\/www.facebook.com\/JavierChento","article_published_time":"2013-12-27T06:31:26+00:00","article_modified_time":"2016-06-23T09:07:01+00:00","og_image":[{"width":1200,"height":630,"url":"https:\/\/i0.wp.com\/vincentians.com\/en\/wp-content\/uploads\/sites\/2\/2016\/07\/louise-de-marillac2.jpg?fit=1200%2C630&ssl=1","type":"image\/jpeg"}],"author":"Francisco Javier Fern\u00e1ndez Chento","twitter_card":"summary_large_image","twitter_creator":"@https:\/\/twitter.com\/javierchento","twitter_site":"@WeVincentians","twitter_misc":{"Written by":"Francisco Javier Fern\u00e1ndez Chento","Est. reading time":"16 minutes"},"schema":{"@context":"https:\/\/schema.org","@graph":[{"@type":"Article","@id":"https:\/\/vincentians.com\/en\/louise-de-marillac-a-portrait-part-iv-the-interior-life-of-louise-de-marillac-3\/#article","isPartOf":{"@id":"https:\/\/vincentians.com\/en\/louise-de-marillac-a-portrait-part-iv-the-interior-life-of-louise-de-marillac-3\/"},"author":{"name":"Francisco Javier Fern\u00e1ndez Chento","@id":"https:\/\/vincentians.com\/en\/#\/schema\/person\/9623ef4d9aa3b2dfb8c061f1499288f2"},"headline":"Louise de Marillac, a portrait. Part IV: The interior life of Louise de Marillac (3)","datePublished":"2013-12-27T06:31:26+00:00","dateModified":"2016-06-23T09:07:01+00:00","mainEntityOfPage":{"@id":"https:\/\/vincentians.com\/en\/louise-de-marillac-a-portrait-part-iv-the-interior-life-of-louise-de-marillac-3\/"},"wordCount":3221,"commentCount":0,"publisher":{"@id":"https:\/\/vincentians.com\/en\/#organization"},"image":{"@id":"https:\/\/vincentians.com\/en\/louise-de-marillac-a-portrait-part-iv-the-interior-life-of-louise-de-marillac-3\/#primaryimage"},"thumbnailUrl":"https:\/\/i0.wp.com\/vincentians.com\/en\/wp-content\/uploads\/sites\/2\/2016\/07\/louise-de-marillac2.jpg?fit=1200%2C630","articleSection":["Louise de Marillac"],"inLanguage":"en-US","potentialAction":[{"@type":"CommentAction","name":"Comment","target":["https:\/\/vincentians.com\/en\/louise-de-marillac-a-portrait-part-iv-the-interior-life-of-louise-de-marillac-3\/#respond"]}]},{"@type":"WebPage","@id":"https:\/\/vincentians.com\/en\/louise-de-marillac-a-portrait-part-iv-the-interior-life-of-louise-de-marillac-3\/","url":"https:\/\/vincentians.com\/en\/louise-de-marillac-a-portrait-part-iv-the-interior-life-of-louise-de-marillac-3\/","name":"Louise de Marillac, a portrait. Part IV: The interior life of Louise de Marillac (3) - We are Vincentians","isPartOf":{"@id":"https:\/\/vincentians.com\/en\/#website"},"primaryImageOfPage":{"@id":"https:\/\/vincentians.com\/en\/louise-de-marillac-a-portrait-part-iv-the-interior-life-of-louise-de-marillac-3\/#primaryimage"},"image":{"@id":"https:\/\/vincentians.com\/en\/louise-de-marillac-a-portrait-part-iv-the-interior-life-of-louise-de-marillac-3\/#primaryimage"},"thumbnailUrl":"https:\/\/i0.wp.com\/vincentians.com\/en\/wp-content\/uploads\/sites\/2\/2016\/07\/louise-de-marillac2.jpg?fit=1200%2C630","datePublished":"2013-12-27T06:31:26+00:00","dateModified":"2016-06-23T09:07:01+00:00","breadcrumb":{"@id":"https:\/\/vincentians.com\/en\/louise-de-marillac-a-portrait-part-iv-the-interior-life-of-louise-de-marillac-3\/#breadcrumb"},"inLanguage":"en-US","potentialAction":[{"@type":"ReadAction","target":["https:\/\/vincentians.com\/en\/louise-de-marillac-a-portrait-part-iv-the-interior-life-of-louise-de-marillac-3\/"]}]},{"@type":"ImageObject","inLanguage":"en-US","@id":"https:\/\/vincentians.com\/en\/louise-de-marillac-a-portrait-part-iv-the-interior-life-of-louise-de-marillac-3\/#primaryimage","url":"https:\/\/i0.wp.com\/vincentians.com\/en\/wp-content\/uploads\/sites\/2\/2016\/07\/louise-de-marillac2.jpg?fit=1200%2C630","contentUrl":"https:\/\/i0.wp.com\/vincentians.com\/en\/wp-content\/uploads\/sites\/2\/2016\/07\/louise-de-marillac2.jpg?fit=1200%2C630","width":1200,"height":630},{"@type":"BreadcrumbList","@id":"https:\/\/vincentians.com\/en\/louise-de-marillac-a-portrait-part-iv-the-interior-life-of-louise-de-marillac-3\/#breadcrumb","itemListElement":[{"@type":"ListItem","position":1,"name":"Portada","item":"https:\/\/vincentians.com\/en\/"},{"@type":"ListItem","position":2,"name":"Louise de Marillac, a portrait. Part IV: The interior life of Louise de Marillac (3)"}]},{"@type":"WebSite","@id":"https:\/\/vincentians.com\/en\/#website","url":"https:\/\/vincentians.com\/en\/","name":"We are Vincentians","description":"Know more to serve more","publisher":{"@id":"https:\/\/vincentians.com\/en\/#organization"},"potentialAction":[{"@type":"SearchAction","target":{"@type":"EntryPoint","urlTemplate":"https:\/\/vincentians.com\/en\/?s={search_term_string}"},"query-input":{"@type":"PropertyValueSpecification","valueRequired":true,"valueName":"search_term_string"}}],"inLanguage":"en-US"},{"@type":"Organization","@id":"https:\/\/vincentians.com\/en\/#organization","name":"The Vincentian Network","url":"https:\/\/vincentians.com\/en\/","logo":{"@type":"ImageObject","inLanguage":"en-US","@id":"https:\/\/vincentians.com\/en\/#\/schema\/logo\/image\/","url":"https:\/\/i1.wp.com\/vincentians.com\/en\/wp-content\/uploads\/sites\/2\/2016\/06\/Vincentian-Network-logo-big.png?fit=778%2C778&ssl=1","contentUrl":"https:\/\/i1.wp.com\/vincentians.com\/en\/wp-content\/uploads\/sites\/2\/2016\/06\/Vincentian-Network-logo-big.png?fit=778%2C778&ssl=1","width":778,"height":778,"caption":"The Vincentian Network"},"image":{"@id":"https:\/\/vincentians.com\/en\/#\/schema\/logo\/image\/"},"sameAs":["https:\/\/www.facebook.com\/WeAreVincentians\/","https:\/\/x.com\/WeVincentians"]},{"@type":"Person","@id":"https:\/\/vincentians.com\/en\/#\/schema\/person\/9623ef4d9aa3b2dfb8c061f1499288f2","name":"Francisco Javier Fern\u00e1ndez Chento","image":{"@type":"ImageObject","inLanguage":"en-US","@id":"https:\/\/vincentians.com\/en\/#\/schema\/person\/image\/","url":"https:\/\/secure.gravatar.com\/avatar\/497d5cde87b4c3d097d0315953521681ba2cd523ee66e5077c3711f7021e65de?s=96&d=mm&r=g","contentUrl":"https:\/\/secure.gravatar.com\/avatar\/497d5cde87b4c3d097d0315953521681ba2cd523ee66e5077c3711f7021e65de?s=96&d=mm&r=g","caption":"Francisco Javier Fern\u00e1ndez Chento"},"description":"Director General y cofundador de La Red de Formaci\u00f3n Vicenciana. Javier es laico vicenciano, afiliado a la Congregaci\u00f3n de la Misi\u00f3n y miembro del Equipo de Misiones Populares de la provincia can\u00f3nica de Zaragoza (Espa\u00f1a) de la Congregaci\u00f3n de la Misi\u00f3n. Graduado en la Universidad Oberta de Catalunya con cuatro grados (Asistente de direcci\u00f3n, Gesti\u00f3n Administrativa, Recursos Humanos y Contabilidad Avanzada). Bil\u00edng\u00fce Espa\u00f1ol\/Ingl\u00e9s. gestiona y mantiene varias p\u00e1ginas web cristianas y vicencianas, incluida including La Red de Formaci\u00f3n Vicenciana, de la que es cofundador. Actualmente es responsable del \u00e1rea de Espa\u00f1ol de .famvin, la Red de Noticias de la Familia Vicenciana. Tambi\u00e9n es m\u00fasico cat\u00f3lico y ha editado varios discos. Es Director General y cofundador de Trovador, una reconocida compa\u00f1\u00eda discogr\u00e1fica critiana de Espa\u00f1a. Trabaja en las Tecnolog\u00edas de la Informaci\u00f3n, ofreciendo servicios de alojamiento, dise\u00f1o y mantenimiento Web, as\u00ed como asesoramiento, formaci\u00f3n y soluciones inform\u00e1ticas, gesti\u00f3n documental y digitalizaci\u00f3n de textos, edici\u00f3n y maquetaci\u00f3n de libros, revistas, flyers, etc.","sameAs":["http:\/\/chento.org","https:\/\/www.facebook.com\/JavierChento","https:\/\/x.com\/https:\/\/twitter.com\/javierchento"],"url":"http:\/\/vincentians.com\/en\/author\/chento\/"}]}},"jetpack_publicize_connections":[],"jetpack_featured_media_url":"https:\/\/i0.wp.com\/vincentians.com\/en\/wp-content\/uploads\/sites\/2\/2016\/07\/louise-de-marillac2.jpg?fit=1200%2C630","jetpack_sharing_enabled":true,"jetpack_shortlink":"https:\/\/wp.me\/p7K2Ow-siE","jetpack-related-posts":[{"id":37783,"url":"http:\/\/vincentians.com\/en\/life-of-saint-louise-de-marillac-1-a-stormy-childhood\/","url_meta":{"origin":108788,"position":0},"title":"Life Of Saint Louise De Marillac. 1: A stormy childhood","author":"Francisco Javier Fern\u00e1ndez Chento","date":"August 8, 2016","format":false,"excerpt":"Introduction: History speaks admirably about the great saint of charity. His prominence and importance has endured to the present century. Do we not say that those who incarnate the virtue of charity in the midst of the forgotten members of society and in the midst of those who die alone\u2026","rel":"","context":"In &quot;Louise de Marillac&quot;","block_context":{"text":"Louise de Marillac","link":"http:\/\/vincentians.com\/en\/category\/the-vincentian-family\/founders\/louise-de-marillac\/"},"img":{"alt_text":"","src":"https:\/\/i0.wp.com\/vincentians.com\/en\/wp-content\/uploads\/sites\/2\/2016\/07\/louise-de-marillac.jpg?fit=1200%2C630&resize=350%2C200","width":350,"height":200,"srcset":"https:\/\/i0.wp.com\/vincentians.com\/en\/wp-content\/uploads\/sites\/2\/2016\/07\/louise-de-marillac.jpg?fit=1200%2C630&resize=350%2C200 1x, https:\/\/i0.wp.com\/vincentians.com\/en\/wp-content\/uploads\/sites\/2\/2016\/07\/louise-de-marillac.jpg?fit=1200%2C630&resize=525%2C300 1.5x, https:\/\/i0.wp.com\/vincentians.com\/en\/wp-content\/uploads\/sites\/2\/2016\/07\/louise-de-marillac.jpg?fit=1200%2C630&resize=700%2C400 2x, https:\/\/i0.wp.com\/vincentians.com\/en\/wp-content\/uploads\/sites\/2\/2016\/07\/louise-de-marillac.jpg?fit=1200%2C630&resize=1050%2C600 3x"},"classes":[]},{"id":47797,"url":"http:\/\/vincentians.com\/en\/saint-louise-de-marillacs-uncle-louis-xiiis-garde-des-sceaux-michel-de-marillac-1560-1632\/","url_meta":{"origin":108788,"position":1},"title":"Saint Louise de Marillac&#8217;s Uncle: Louis XIII&#8217;s Garde des Sceaux, Michel de Marillac (1560-1632)","author":"Francisco Javier Fern\u00e1ndez Chento","date":"January 15, 2016","format":false,"excerpt":"The name Louise de Marillac, writes Louise Sullivan, D.C., \u201chas largely remained hidden\u201d in the \u201cshadow\u201d of her famous mentor and colleague, Vincent de Paul. A similar shadow has, until recently, hidden the reputation of Saint Louise\u2019s uncle, Michel de Marillac (1560-1632), despite being arguably among the half-dozen most important\u2026","rel":"","context":"In &quot;At the time of Vincent de Paul&quot;","block_context":{"text":"At the time of Vincent de Paul","link":"http:\/\/vincentians.com\/en\/category\/history-of-the-vincentian-family\/at-the-time-of-vincent-de-paul\/"},"img":{"alt_text":"","src":"https:\/\/i0.wp.com\/vincentians.com\/en\/wp-content\/uploads\/sites\/2\/2016\/01\/michel-de-marillac-1.jpg?fit=1200%2C630&resize=350%2C200","width":350,"height":200,"srcset":"https:\/\/i0.wp.com\/vincentians.com\/en\/wp-content\/uploads\/sites\/2\/2016\/01\/michel-de-marillac-1.jpg?fit=1200%2C630&resize=350%2C200 1x, https:\/\/i0.wp.com\/vincentians.com\/en\/wp-content\/uploads\/sites\/2\/2016\/01\/michel-de-marillac-1.jpg?fit=1200%2C630&resize=525%2C300 1.5x, https:\/\/i0.wp.com\/vincentians.com\/en\/wp-content\/uploads\/sites\/2\/2016\/01\/michel-de-marillac-1.jpg?fit=1200%2C630&resize=700%2C400 2x, https:\/\/i0.wp.com\/vincentians.com\/en\/wp-content\/uploads\/sites\/2\/2016\/01\/michel-de-marillac-1.jpg?fit=1200%2C630&resize=1050%2C600 3x"},"classes":[]},{"id":42028,"url":"http:\/\/vincentians.com\/en\/the-ecclesial-and-charitable-experience-of-saint-louise-de-marillac-yesterday-and-today\/","url_meta":{"origin":108788,"position":2},"title":"The Ecclesial and Charitable Experience of Saint Louise de Marillac, Yesterday and Today","author":"Francisco Javier Fern\u00e1ndez Chento","date":"July 7, 2016","format":false,"excerpt":"Introduction We are going to conclude this Congress with a reflection on Saint Louise de Marillac as a woman of the church. Her contemplation of the mystery of the church and the ecclesial reality of that era led her to become a woman who was guided by the Spirit and\u2026","rel":"","context":"In &quot;Louise de Marillac&quot;","block_context":{"text":"Louise de Marillac","link":"http:\/\/vincentians.com\/en\/category\/the-vincentian-family\/founders\/louise-de-marillac\/"},"img":{"alt_text":"","src":"https:\/\/i0.wp.com\/vincentians.com\/en\/wp-content\/uploads\/sites\/2\/2012\/12\/marillac-charitative-experience.jpg?fit=1200%2C630&resize=350%2C200","width":350,"height":200,"srcset":"https:\/\/i0.wp.com\/vincentians.com\/en\/wp-content\/uploads\/sites\/2\/2012\/12\/marillac-charitative-experience.jpg?fit=1200%2C630&resize=350%2C200 1x, https:\/\/i0.wp.com\/vincentians.com\/en\/wp-content\/uploads\/sites\/2\/2012\/12\/marillac-charitative-experience.jpg?fit=1200%2C630&resize=525%2C300 1.5x, https:\/\/i0.wp.com\/vincentians.com\/en\/wp-content\/uploads\/sites\/2\/2012\/12\/marillac-charitative-experience.jpg?fit=1200%2C630&resize=700%2C400 2x, https:\/\/i0.wp.com\/vincentians.com\/en\/wp-content\/uploads\/sites\/2\/2012\/12\/marillac-charitative-experience.jpg?fit=1200%2C630&resize=1050%2C600 3x"},"classes":[]},{"id":149858,"url":"http:\/\/vincentians.com\/en\/new-in-the-library-spiritual-writings-of-louise-marillac\/","url_meta":{"origin":108788,"position":3},"title":"New in the Library: Spiritual Writings  of Louise De Marillac","author":"Francisco Javier Fern\u00e1ndez Chento","date":"July 8, 2016","format":false,"excerpt":"Spiritual writings of Louise de Marillac. Edited and translated from the original French edition Sainte Louise de Marillac: Ecrits Spirituels by Louise Sullivan, D.C. Brooklyn, New York: New City Press, 1991.","rel":"","context":"In &quot;Louise de Marillac&quot;","block_context":{"text":"Louise de Marillac","link":"http:\/\/vincentians.com\/en\/category\/the-vincentian-family\/founders\/louise-de-marillac\/"},"img":{"alt_text":"","src":"https:\/\/i0.wp.com\/vincentians.com\/en\/wp-content\/uploads\/sites\/2\/2016\/07\/the-vincentian-digital-library-2.jpg?fit=1200%2C630&resize=350%2C200","width":350,"height":200,"srcset":"https:\/\/i0.wp.com\/vincentians.com\/en\/wp-content\/uploads\/sites\/2\/2016\/07\/the-vincentian-digital-library-2.jpg?fit=1200%2C630&resize=350%2C200 1x, https:\/\/i0.wp.com\/vincentians.com\/en\/wp-content\/uploads\/sites\/2\/2016\/07\/the-vincentian-digital-library-2.jpg?fit=1200%2C630&resize=525%2C300 1.5x, https:\/\/i0.wp.com\/vincentians.com\/en\/wp-content\/uploads\/sites\/2\/2016\/07\/the-vincentian-digital-library-2.jpg?fit=1200%2C630&resize=700%2C400 2x, https:\/\/i0.wp.com\/vincentians.com\/en\/wp-content\/uploads\/sites\/2\/2016\/07\/the-vincentian-digital-library-2.jpg?fit=1200%2C630&resize=1050%2C600 3x"},"classes":[]},{"id":108786,"url":"http:\/\/vincentians.com\/en\/louise-de-marillac-a-portrait-appendix\/","url_meta":{"origin":108788,"position":4},"title":"Louise de Marillac, a portrait. Appendix","author":"Francisco Javier Fern\u00e1ndez Chento","date":"December 30, 2013","format":false,"excerpt":"Appendix: Details of the careers of members of the Marillac family. The careers of Michel de Marillac and Louise, Comte de Beaumont, held glory, but also great misfortune. We are told that Michelwas a mystic, melancholy, passionate and impetuous. At the age of twenty-two he was Advocate to the Parlement\u2026","rel":"","context":"In &quot;Louise de Marillac&quot;","block_context":{"text":"Louise de Marillac","link":"http:\/\/vincentians.com\/en\/category\/the-vincentian-family\/founders\/louise-de-marillac\/"},"img":{"alt_text":"","src":"https:\/\/i0.wp.com\/vincentians.com\/en\/wp-content\/uploads\/sites\/2\/2016\/07\/louise-de-marillac2.jpg?fit=1200%2C630&resize=350%2C200","width":350,"height":200,"srcset":"https:\/\/i0.wp.com\/vincentians.com\/en\/wp-content\/uploads\/sites\/2\/2016\/07\/louise-de-marillac2.jpg?fit=1200%2C630&resize=350%2C200 1x, https:\/\/i0.wp.com\/vincentians.com\/en\/wp-content\/uploads\/sites\/2\/2016\/07\/louise-de-marillac2.jpg?fit=1200%2C630&resize=525%2C300 1.5x, https:\/\/i0.wp.com\/vincentians.com\/en\/wp-content\/uploads\/sites\/2\/2016\/07\/louise-de-marillac2.jpg?fit=1200%2C630&resize=700%2C400 2x, https:\/\/i0.wp.com\/vincentians.com\/en\/wp-content\/uploads\/sites\/2\/2016\/07\/louise-de-marillac2.jpg?fit=1200%2C630&resize=1050%2C600 3x"},"classes":[]},{"id":51189,"url":"http:\/\/vincentians.com\/en\/the-letters-of-louise-de-marillac-to-the-daughters-of-charity-i\/","url_meta":{"origin":108788,"position":5},"title":"The Letters of Louise de Marillac to the Daughters of Charity (I)","author":"Francisco Javier Fern\u00e1ndez Chento","date":"August 8, 2016","format":false,"excerpt":"Introduction On March 15th, 1660, between 11:00am and noon, after generously sharing her blessings with the Daughters of Charity, Louise de Marillac's life came to an end. She was almost sixty-nine years old. Thus the earthly life of this holy woman was completed. She was not a tall woman, but\u2026","rel":"","context":"In &quot;Louise de Marillac&quot;","block_context":{"text":"Louise de Marillac","link":"http:\/\/vincentians.com\/en\/category\/the-vincentian-family\/founders\/louise-de-marillac\/"},"img":{"alt_text":"","src":"https:\/\/i0.wp.com\/vincentians.com\/en\/wp-content\/uploads\/sites\/2\/2012\/11\/marillac-wrting.jpg?fit=1200%2C630&resize=350%2C200","width":350,"height":200,"srcset":"https:\/\/i0.wp.com\/vincentians.com\/en\/wp-content\/uploads\/sites\/2\/2012\/11\/marillac-wrting.jpg?fit=1200%2C630&resize=350%2C200 1x, https:\/\/i0.wp.com\/vincentians.com\/en\/wp-content\/uploads\/sites\/2\/2012\/11\/marillac-wrting.jpg?fit=1200%2C630&resize=525%2C300 1.5x, https:\/\/i0.wp.com\/vincentians.com\/en\/wp-content\/uploads\/sites\/2\/2012\/11\/marillac-wrting.jpg?fit=1200%2C630&resize=700%2C400 2x, https:\/\/i0.wp.com\/vincentians.com\/en\/wp-content\/uploads\/sites\/2\/2012\/11\/marillac-wrting.jpg?fit=1200%2C630&resize=1050%2C600 3x"},"classes":[]}],"_links":{"self":[{"href":"http:\/\/vincentians.com\/en\/wp-json\/wp\/v2\/posts\/108788","targetHints":{"allow":["GET"]}}],"collection":[{"href":"http:\/\/vincentians.com\/en\/wp-json\/wp\/v2\/posts"}],"about":[{"href":"http:\/\/vincentians.com\/en\/wp-json\/wp\/v2\/types\/post"}],"author":[{"embeddable":true,"href":"http:\/\/vincentians.com\/en\/wp-json\/wp\/v2\/users\/4"}],"replies":[{"embeddable":true,"href":"http:\/\/vincentians.com\/en\/wp-json\/wp\/v2\/comments?post=108788"}],"version-history":[{"count":0,"href":"http:\/\/vincentians.com\/en\/wp-json\/wp\/v2\/posts\/108788\/revisions"}],"wp:featuredmedia":[{"embeddable":true,"href":"http:\/\/vincentians.com\/en\/wp-json\/wp\/v2\/media\/149291"}],"wp:attachment":[{"href":"http:\/\/vincentians.com\/en\/wp-json\/wp\/v2\/media?parent=108788"}],"wp:term":[{"taxonomy":"category","embeddable":true,"href":"http:\/\/vincentians.com\/en\/wp-json\/wp\/v2\/categories?post=108788"},{"taxonomy":"post_tag","embeddable":true,"href":"http:\/\/vincentians.com\/en\/wp-json\/wp\/v2\/tags?post=108788"}],"curies":[{"name":"wp","href":"https:\/\/api.w.org\/{rel}","templated":true}]}}