{"id":108785,"date":"2013-12-28T07:31:26","date_gmt":"2013-12-28T06:31:26","guid":{"rendered":"http:\/\/vincentians.com\/?p=108785"},"modified":"2016-06-23T09:07:01","modified_gmt":"2016-06-23T09:07:01","slug":"louise-de-marillac-a-portrait-part-iv-the-interior-life-of-louise-de-marillac-4","status":"publish","type":"post","link":"http:\/\/vincentians.com\/en\/louise-de-marillac-a-portrait-part-iv-the-interior-life-of-louise-de-marillac-4\/","title":{"rendered":"Louise de Marillac, a portrait. Part IV: The interior life of Louise de Marillac (4)"},"content":{"rendered":"<h2>The stages in her spiritual course<\/h2>\n<p>The editors of the four-volume private edition of the writings of Louise de Marillac were confronted with a prob\u00adlem very difficult of solution, but of which they well under\u00adstood the importance.<\/p>\n<p>Many of her letters arc not dated; her meditations and thoughts are never dated; this is a serious drawback when one wishes to use them in a study of her spiritual develop\u00adment. We propose to base our remarks upon the provisional classifications adopted by the editors, and to give special attention to papers which may be assigned to five decisive periods in the life of Louise. As indicated by all her bio\u00adgraphers, these years are 1623, 1629, 1644 and 1651. These dates need not be rigorously adhered to: they are simply times when feelings, resolutions, and the effects of grace converge.<\/p>\n<p>On the feast of Pentecost, 1623, she had been delivered by the Holy Spirit from a condition of neurasthenia, due to a long series of trials which arose out of the circumstances of her birth. Psychologists may attempt to determine the nature and the causes of this malady by comparing it to similar cases of psychic disorder; but in the supernatural order, this was probably also one of those severe trials or temptations to which reference is made in the Our Father, a crisis in which a Christian stands with his back to the wall, a trial similar to the one which began the ministry of our Lord. From this trial she did not emerge to enter into the fullness of divine peace, for she still had no strength, no capacity to take the right road, no idea how to do so. She fell back again upon herself, no doubt a little closer to God, yet in a colloquy somewhat limited, in which her powers could only find employment in a love of God still largely selfish. This imperfect love, which suffered from a knowledge of its own imperfection, drove her to raise herself up by following the lessons and example of Vincent de Paul and giving herself to the relief of the poor.<\/p>\n<p>It was thus that, by 1629, she had begun the ascent of the holy mountain; as she herself said, she went to God by means of others.<\/p>\n<p>This next stage, like all those which follow, began with a retreat, in strictly classic form laid down by her director. He induced her to rely once more upon herself, and as it were try out her working tools, before undertaking a labour which would draw her out and away from herself and give to her love for God a source of nourishment external to herself. During the next four or five years, with an astonishing strength, she co-operated in this expanding life of love. Thus she found herself on the right road; it is in the love of others that God is most truly found; and it was her vocation to find God in such love. It only remained that she should be fixed and settled in the right way by some precise undertaking or commitment of herself, to which she could give the form of that vow of religion which in earlier days she had so earnestly desired and attempted, and which had then tormented her for years after, because she believed she had broken her word. This was the stage which centred around the year 1634. It corresponded to her entering religion. Henceforth she was no longer seeking. She had completely broken with what we call \u2018the world\u2019.<\/p>\n<p>It is noteworthy that during this stage\u2014and, for the matter of that, in the succeeding stage also\u2014-just when she was pressing forward so eagerly towards the accomplishment of love, it was as if her path were rhythmically punctuated by the blows of suffering; the illnesses which attacked her delicate body, the anxieties caused by the escapades of her son, the tragic events which distracted her father\u2019s family, and the anxious scruples welling up from a conscience never entirely at rest. The consequent suffering was mingled, as her director expressed it, with the caresses of God, with the resulting hi ttcr-sweetness which is the true flavour ofChristian perfection.<\/p>\n<p>Between 1634 and 1644 she reached full spiritual develop\u00adment and bloom. Delivered from her hesitations, sure of her way, for she had entered upon it under the care of a guide sent to her by God, she was able to bring all her powers into play for the service of God in the persons of God\u2019s poor.<\/p>\n<p>Now at last she was borne along by grace and by the action of grace, though still liable to overwhelming attacks of spiritual anxiety. Her fundamental humility still some\u00adtimes brought her to the brink of despair, as when she had to stand by and see all her efforts thwarted by the rough pressure of worldly interests. But this was only by the way. The important thing, not very much in evidence, was the establishment and triumph of her personality, which was to achieve much that was new in the domain of charity and lend its colour to her inner life. She became increasingly aware of this, though she did not dare say so even when the house at Nantes was founded. On that memorable day she felt the joy of working in full accord with the promptings of grace and of being strong enough for her work, which would achieve something real and lasting for the poor. To have come so far was a considerable achievement, and it would rank in the eyes of the world as a new glory in the annals of a great family. It would be entered by God to the credit of a staunch Christian woman, whose love had borne fruit.<\/p>\n<p>On the supernatural plane, where things are not measured to human scale, there is something nobler than the high eminence of the Marillac family; there is renunciation, the resolve to forgo grandeur, and sacrifice, the annihilation of everything that goes to make earthly greatness, the sacrifice of all, even if the gold be pure. I had almost said that, having attained a summit, Louise de Marillac turned right-about and began to descend again into abnegation and self\u00addestruction. But to put it this way is still to measure by human values. To strip oneself, to deny oneself, to annihilate oneself, is not to descend; it is a process of self-emptying, a shedding of loads, so as to rise ever higher towards summits inaccessible to him who is bowed down by the weight of his own humanity.<\/p>\n<p>For Louise, this flight to new renunciations began with a Pentecost retreat in 1643 or 1644, when she was suffering from shock following on the collapse of the floor at the mother-house. She herself noted the significance of this event in her spiritual life: it was a sign, a warning that God was especially concerned for her, and therefore expected of her some special offering, and not just the works of a love which showed itself in charitable deeds.<\/p>\n<p>In the course of this retreat, the theme of her meditations was Jesus in his Mother\u2019s womb. There, he was most intimately united with our human nature; he was one with it, in virtue of a fleshly continuity of our flesh with his own. Louise gave much thought to this hidden state of the Son of God, and tells us that she received singular graces, by which she means, I suppose, moments of pure and divine love. Ever practical, she drew from these graces the following conclusion: \u2018I have to learn to stay continually hidden in God, in the desire to serve him, without seeking any more the approbation of creatures, or my own satisfaction in communication with others; being content that God should know that I desire to be his\u2019.<\/p>\n<p>This was confession. In the past she had been gratified by the general approval of her activity, and she had taken delight\u2014which was certainly legitimate\u2014in conversation with like-minded persons, with her Daughters, with Monsieur Vincent, with the Ladies. All this she now undertook utterly to renounce, that she might dwell alone with God only. This was the beginning of abnegation.<\/p>\n<p>She was conscious forthwith that this form of self-denial is a painful exercise. She desired to be forgotten by her fellow- creatures\u2014yet when they passed her by, she would be hurt. It even seemed to her that it was unjust when she was ignored; no one understood her: \u2018Formerly, I did not like it when others took the credit for something I thought I had done myself.\u2019 This remark is an admission of a secret wound. The Ladies did their work in their own way, not with ostentation, but drawing up generous plans, which could not but bring their activities into the limelight, though the execution of these plans was left, as often as not, to Mademoiselle and her Daughters. In the eyes of the world and perhaps in their own sight the Ladies obtained prestige for the idea and merit for the result. Louise, who knew what the scheme had cost in terms of day-to-day toil, had no desire to make her share in it known, but she was not pleased that the credit should go elsewhere. Now, however, by a most grievous cfTort, she renounced all desire to keep account of the distribution of merit and effort, provided God was served. So long as God knew that Louise had desired to serve him for himself alone, what did all the rest matter?<\/p>\n<p>There was one sphere in which she was unique, and need not fear that any one else would claim the credit: this was the direction of her Daughters. We know with what love and passionate watchfulness she devoted herself to their forma\u00adtion and daily direction. In leadership that is inspired by reason and the desire for the good, and that is acceptable to subordinates, there is a very subtle joy. The best and most disinterested of men and women cannot but be conscious of it, and Louise had certainly relished it to the full, looking upon it as a gift from God. She renounced it now\u2014and she must have found it difficult to do so, since, unable to give up her command, she could not prevent herself finding joy in it. She does, however, record some little progress along this road: \u2018I may say that I have renounced the ambition to be a leader.\u2019 She continued to lead, as a matter of duty\u2014 and we now begin to understand what is meant by interior abnegation.<\/p>\n<p>This self-abnegation of hers extended to every part of her life. We have already noticed some of its manifestations. She renounced her dominating love for her son and schooled herself to treat him as she would any other child of God. She renounced certain prayers and pious habits to which she had been much attached. She felt that in this way she was advancing towards God, and that grace was inviting her to quicken her step. Searching for words to express what she felt, but falteringly, as if she scarcely dared claim that she was making progress, she wrote to Monsieur Vincent: \u2018I feel within me an indescribable disposition, by which, as it seems, I desire to draw near to God, but I know not how to do it.\u2019<\/p>\n<p>In this new way, which she had entered with the sanction of her director, she felt the difficulties which are inherent in such an advance, when considered in conjunction with the external activities in which she was engaged. At the very moment when she was absorbed in her work of spiritual denudation, someone would pluck her by the sleeve to say that the Enfant Trouvis had not a scrap of bread left in the house, or that Sister Marie had done something silly. This was during the Pentecost retreat of 1647. But now, and this was a new feature in her character, she found herself absorb\u00ading all these daily difficulties and being nourished by them: she built them into the framework of her abnegations. In a letter to Vincent de Paul, she said:<\/p>\n<p style=\"padding-left: 30px\">\u2018I believe God does not wish me to taste his sweetness to the full. I have reason to confess, and I acknowledge, that I do nothing of any value. My heart is not becoming embittered on this account, although there is reason to fear that the mercy of God may grow weary of pouring itself out on a creature who so regularly displeases him.\u2019<\/p>\n<p>She was not embittered, she was not complaining. She accepted the will of God, even though it seemed to be turning her away from him. She had stripped herself of spiritual impatience.<\/p>\n<p>She began again, for she was always having to begin again; and as she did so, she could remark that she had made a little real progress, and that from now on she might look upon certain weaknesses as done with for ever. On the Ascension Day of her 1649 retreat, she realised that, at the moment of his triumph as he ascended to glory, Jesus declared that he was still under obedience, as he had always been.<\/p>\n<p style=\"padding-left: 30px\">\u2018What has caused me so much confusion is, that formerly I was very much vexed that other people should take the credit for work I thought I had done myself. I have renewed a resolution which I have often made, that I will not trouble myself, but let people believe what they will, provided that God be served, no matter by whom.\u2019<\/p>\n<p>She also understood as though by direct revelation that Jesus, in his obedience to his Father, showed in his life a true union of the life of action with the life of prayer. So the spirit of detachment by which she feels herself to be beset and almost absorbed could be reconciled with her active service to the sick poor and to the servants of the sick poor. There was in her a most true love of God, which previously she had had to renew from time to time by positive contacts and concrete acts; now, this love had become a state, under\u00adlying all she did, which would effect her total abnegation without upsetting her active life. It was about the year 1651 that she entered upon this accelerated detachment, and she did it, as usual, in her Pentecost retreat, of which the plan was drawn up by Monsieur Vincent. One of her bio\u00adgraphers, Collet, has given us a <em>r\u00e9sum\u00e9<\/em> of this retreat, though without quoting his authority. The new features in this plan of retreat seem to be as follows: the retrcatant passed very rapidly through the exercises of the purgative and the illuminative way, the secrets of both of which she well knew, to reach the stage of abandonment to God and deliver herself to him to do his will with her. From this point, she no longer had control of the retreat: it was God who guided her. The director and the retrcatant were of too great a humility to suppose that they could thus enter the way of mystical union; but the fact is that they had arrived at it, and we shall shortly see that Louise de Marillac made further progress along it. For the moment she believed that her abnegations should still be related to external things, that she would go on and achieve her detachment in this way, yet in reality she was already at work on interior detachment.<\/p>\n<p style=\"padding-left: 30px\">&#8216;I do not hear that the kingdom of Heaven lies in any\u00adthing other than thyself, O my God! What then ? Thou belongest to those who possess nothing. O truly, thou art the only All! To have thee, I desire to renounce all things. O, pure Love, how I love thee! Thou art strong as death! Separate me from all things contrary to thee!\u2019<\/p>\n<p>All those things which create obstacles to pure love because they form no part of him, she stubbornly enumerates, probing into the remotest recesses of her being. She begins by rejecting her very being, as a whole and totally: \u2018I desire to be absolutely extinguished by the annihilation of my whole inner life.\u2019 Here we have a genuine realisation of mystic union. But these are only words, and must be put into practice.<\/p>\n<p>She fell back upon the graces she had received; and here we begin to understand that she must indeed have been almost encumbered with graces, so frequently does she mention them. Now she asks that they be taken away, that she be delivered from them\u2014she wants God only. But God caused her to understand that she had not received them for herself alone. She then began to grasp the meaning of one of Vincent de Paul\u2019s golden rules: that she was but an instrument in the hands of God, the hatchet in the hands of the woodcutter, the reed in the hands of the basket-maker. This was to be the summing-up of her own personality, and she accepted the verdict. \u2018I ask of God that he should not subsist in me.\u2019<\/p>\n<p>God alone is. She was never to forget the revelation received in one of her retreats. She had been troubled by a page in the Memorial of Luis of Granada, which spoke of predestination; and she received her consolation when she read, in the same author\u2019s Guide, that God is he who is. She had not been unaware of it, but now she understood it as truth, and laid hold of it for ever. Because of this, she could hope to lose her own being in the Being of God. But, as though alarmed at the ambition of her desire, she cut it down to more humane and precise limits; to die essential sacrifice of her own liberty: \u2018Since I do not desire ownership in my freewill, I resign it into the hand of God, and of my director.\u2019<\/p>\n<p>It will be of interest to note the form taken by this detach\u00adment, this mystic procedure, when the Foundress came to apply it, as sooner or later she had to do, in the course of her duty in the direction of her Daughters. Writing in 1658 to Marguerite Chetif, one of the most advanced in spirituality, she said:<\/p>\n<p style=\"padding-left: 30px\">\u2018I am not astonished that our Saviour has made you a partner in his interior sufferings. Would you have supposed yourself to be thus honoured before God and his angels, if the honour had cost you notliing? I have not the slightest doubt that his grace bears you up very strongly in your renunciations and your states of in\u00addifference. Do you not know, my dear Sister, that these arc trials to which the holy Bridegroom of our souls takes his delight, when they are used with loving patience and tranquil acquiescence, without falling into scruple about what we suffer when we are in such a state? I know well that you are careful not to lose these occasions of showing your fidelity, and that your heart will never allow itself to listen to the reasonings of the natural sense, which cause us to look at tilings from outside the control of Divine Providence, and as though they were not the accomplishment of the most holy will of God.<\/p>\n<p style=\"padding-left: 30px\">\u2018I know also that you will turn a deaf car to any mourning for the garlic and onions of Egypt, to any desire for the satisfaction of being in one\u2019s own homeland and among one\u2019s acquaintance. These will sometimes speak us fair and seem to do us good, because our feelings are engaged and our minds take pleasure for a-time in thinking of such things; but we do not in the end find that we are any the more virtuous for that. If we are being tried by mortification and temptation, we are at once defeated and in a deplorable state! And indeed, we should be so if we did not hold fast to God by a leaping forward of the mind, saying to him from the bottom of of our heart: My God! in all that pleases thee, I am thine! working all our actions, despite temptations, purely and simply for the love of God, contenting our\u00adselves with what his will desires we should be, in that state in which he puts us, whether by the ordering of his own Providence or through his creatures.<\/p>\n<p style=\"padding-left: 30px\">\u2018Have you never noted, my dear Sister, what we can learn from St John the Baptist, who knew and loved our Lord so well that he bore witness to him in the ways that you know? Yet the Baptist withdrew himself from our Lord, or rather God separated him from him, by his vocation to penance, although he had not been bom in sin. Do you not think that God wished to give this example to those souls which he desires to separate from all earthly affections, that he may fill their hearts with holy love ? What consolation, when a soul sees itself thus entirely dependent on his particular guidance! It is sufficient that I should rejoice with you in this depen\u00addence.\u2019<\/p>\n<p>The confidence is veiled, that it may come within the little Sister\u2019s range and grasp; but we can feel the loving vibration underneath the words.<\/p>\n","protected":false},"excerpt":{"rendered":"<p>The stages in her spiritual course The editors of the four-volume private edition of the writings of Louise de Marillac were confronted with a prob\u00adlem very difficult of solution, but of which they well under\u00adstood &#8230; <a href=\"http:\/\/vincentians.com\/en\/louise-de-marillac-a-portrait-part-iv-the-interior-life-of-louise-de-marillac-4\/\" class=\"more-link\">Read More<\/a><\/p>\n","protected":false},"author":4,"featured_media":149291,"comment_status":"open","ping_status":"open","sticky":false,"template":"","format":"standard","meta":{"jetpack_post_was_ever_published":false,"_jetpack_newsletter_access":"","_jetpack_dont_email_post_to_subs":false,"_jetpack_newsletter_tier_id":0,"_jetpack_memberships_contains_paywalled_content":false,"_jetpack_memberships_contains_paid_content":false,"footnotes":"","jetpack_publicize_message":"","jetpack_publicize_feature_enabled":true,"jetpack_social_post_already_shared":false,"jetpack_social_options":{"image_generator_settings":{"template":"highway","default_image_id":0,"font":"","enabled":false},"version":2}},"categories":[18],"tags":[],"class_list":["post-108785","post","type-post","status-publish","format-standard","has-post-thumbnail","hentry","category-louise-de-marillac"],"yoast_head":"<!-- This site is optimized with the Yoast SEO plugin v26.3 - https:\/\/yoast.com\/wordpress\/plugins\/seo\/ -->\n<title>Louise de Marillac, a portrait. Part IV: The interior life of Louise de Marillac (4) - We are Vincentians<\/title>\n<meta name=\"robots\" content=\"index, follow, max-snippet:-1, max-image-preview:large, max-video-preview:-1\" \/>\n<link rel=\"canonical\" href=\"https:\/\/vincentians.com\/en\/louise-de-marillac-a-portrait-part-iv-the-interior-life-of-louise-de-marillac-4\/\" \/>\n<meta property=\"og:locale\" content=\"en_US\" \/>\n<meta property=\"og:type\" content=\"article\" \/>\n<meta property=\"og:title\" content=\"Louise de Marillac, a portrait. Part IV: The interior life of Louise de Marillac (4) - We are Vincentians\" \/>\n<meta property=\"og:description\" content=\"The stages in her spiritual course The editors of the four-volume private edition of the writings of Louise de Marillac were confronted with a prob\u00adlem very difficult of solution, but of which they well under\u00adstood ... Read More\" \/>\n<meta property=\"og:url\" content=\"https:\/\/vincentians.com\/en\/louise-de-marillac-a-portrait-part-iv-the-interior-life-of-louise-de-marillac-4\/\" \/>\n<meta property=\"og:site_name\" content=\"We are Vincentians\" \/>\n<meta property=\"article:publisher\" content=\"https:\/\/www.facebook.com\/WeAreVincentians\/\" \/>\n<meta property=\"article:author\" content=\"https:\/\/www.facebook.com\/JavierChento\" \/>\n<meta property=\"article:published_time\" content=\"2013-12-28T06:31:26+00:00\" \/>\n<meta property=\"article:modified_time\" content=\"2016-06-23T09:07:01+00:00\" \/>\n<meta property=\"og:image\" content=\"https:\/\/i0.wp.com\/vincentians.com\/en\/wp-content\/uploads\/sites\/2\/2016\/07\/louise-de-marillac2.jpg?fit=1200%2C630&ssl=1\" \/>\n\t<meta property=\"og:image:width\" content=\"1200\" \/>\n\t<meta property=\"og:image:height\" content=\"630\" \/>\n\t<meta property=\"og:image:type\" content=\"image\/jpeg\" \/>\n<meta name=\"author\" content=\"Francisco Javier Fern\u00e1ndez Chento\" \/>\n<meta name=\"twitter:card\" content=\"summary_large_image\" \/>\n<meta name=\"twitter:creator\" content=\"@https:\/\/twitter.com\/javierchento\" \/>\n<meta name=\"twitter:site\" content=\"@WeVincentians\" \/>\n<meta name=\"twitter:label1\" content=\"Written by\" \/>\n\t<meta name=\"twitter:data1\" content=\"Francisco Javier Fern\u00e1ndez Chento\" \/>\n\t<meta name=\"twitter:label2\" content=\"Est. reading time\" \/>\n\t<meta name=\"twitter:data2\" content=\"18 minutes\" \/>\n<script type=\"application\/ld+json\" class=\"yoast-schema-graph\">{\"@context\":\"https:\/\/schema.org\",\"@graph\":[{\"@type\":\"Article\",\"@id\":\"https:\/\/vincentians.com\/en\/louise-de-marillac-a-portrait-part-iv-the-interior-life-of-louise-de-marillac-4\/#article\",\"isPartOf\":{\"@id\":\"https:\/\/vincentians.com\/en\/louise-de-marillac-a-portrait-part-iv-the-interior-life-of-louise-de-marillac-4\/\"},\"author\":{\"name\":\"Francisco Javier Fern\u00e1ndez Chento\",\"@id\":\"https:\/\/vincentians.com\/en\/#\/schema\/person\/9623ef4d9aa3b2dfb8c061f1499288f2\"},\"headline\":\"Louise de Marillac, a portrait. Part IV: The interior life of Louise de Marillac (4)\",\"datePublished\":\"2013-12-28T06:31:26+00:00\",\"dateModified\":\"2016-06-23T09:07:01+00:00\",\"mainEntityOfPage\":{\"@id\":\"https:\/\/vincentians.com\/en\/louise-de-marillac-a-portrait-part-iv-the-interior-life-of-louise-de-marillac-4\/\"},\"wordCount\":3584,\"commentCount\":0,\"publisher\":{\"@id\":\"https:\/\/vincentians.com\/en\/#organization\"},\"image\":{\"@id\":\"https:\/\/vincentians.com\/en\/louise-de-marillac-a-portrait-part-iv-the-interior-life-of-louise-de-marillac-4\/#primaryimage\"},\"thumbnailUrl\":\"https:\/\/i0.wp.com\/vincentians.com\/en\/wp-content\/uploads\/sites\/2\/2016\/07\/louise-de-marillac2.jpg?fit=1200%2C630\",\"articleSection\":[\"Louise de Marillac\"],\"inLanguage\":\"en-US\",\"potentialAction\":[{\"@type\":\"CommentAction\",\"name\":\"Comment\",\"target\":[\"https:\/\/vincentians.com\/en\/louise-de-marillac-a-portrait-part-iv-the-interior-life-of-louise-de-marillac-4\/#respond\"]}]},{\"@type\":\"WebPage\",\"@id\":\"https:\/\/vincentians.com\/en\/louise-de-marillac-a-portrait-part-iv-the-interior-life-of-louise-de-marillac-4\/\",\"url\":\"https:\/\/vincentians.com\/en\/louise-de-marillac-a-portrait-part-iv-the-interior-life-of-louise-de-marillac-4\/\",\"name\":\"Louise de Marillac, a portrait. Part IV: The interior life of Louise de Marillac (4) - We are Vincentians\",\"isPartOf\":{\"@id\":\"https:\/\/vincentians.com\/en\/#website\"},\"primaryImageOfPage\":{\"@id\":\"https:\/\/vincentians.com\/en\/louise-de-marillac-a-portrait-part-iv-the-interior-life-of-louise-de-marillac-4\/#primaryimage\"},\"image\":{\"@id\":\"https:\/\/vincentians.com\/en\/louise-de-marillac-a-portrait-part-iv-the-interior-life-of-louise-de-marillac-4\/#primaryimage\"},\"thumbnailUrl\":\"https:\/\/i0.wp.com\/vincentians.com\/en\/wp-content\/uploads\/sites\/2\/2016\/07\/louise-de-marillac2.jpg?fit=1200%2C630\",\"datePublished\":\"2013-12-28T06:31:26+00:00\",\"dateModified\":\"2016-06-23T09:07:01+00:00\",\"breadcrumb\":{\"@id\":\"https:\/\/vincentians.com\/en\/louise-de-marillac-a-portrait-part-iv-the-interior-life-of-louise-de-marillac-4\/#breadcrumb\"},\"inLanguage\":\"en-US\",\"potentialAction\":[{\"@type\":\"ReadAction\",\"target\":[\"https:\/\/vincentians.com\/en\/louise-de-marillac-a-portrait-part-iv-the-interior-life-of-louise-de-marillac-4\/\"]}]},{\"@type\":\"ImageObject\",\"inLanguage\":\"en-US\",\"@id\":\"https:\/\/vincentians.com\/en\/louise-de-marillac-a-portrait-part-iv-the-interior-life-of-louise-de-marillac-4\/#primaryimage\",\"url\":\"https:\/\/i0.wp.com\/vincentians.com\/en\/wp-content\/uploads\/sites\/2\/2016\/07\/louise-de-marillac2.jpg?fit=1200%2C630\",\"contentUrl\":\"https:\/\/i0.wp.com\/vincentians.com\/en\/wp-content\/uploads\/sites\/2\/2016\/07\/louise-de-marillac2.jpg?fit=1200%2C630\",\"width\":1200,\"height\":630},{\"@type\":\"BreadcrumbList\",\"@id\":\"https:\/\/vincentians.com\/en\/louise-de-marillac-a-portrait-part-iv-the-interior-life-of-louise-de-marillac-4\/#breadcrumb\",\"itemListElement\":[{\"@type\":\"ListItem\",\"position\":1,\"name\":\"Portada\",\"item\":\"https:\/\/vincentians.com\/en\/\"},{\"@type\":\"ListItem\",\"position\":2,\"name\":\"Louise de Marillac, a portrait. Part IV: The interior life of Louise de Marillac (4)\"}]},{\"@type\":\"WebSite\",\"@id\":\"https:\/\/vincentians.com\/en\/#website\",\"url\":\"https:\/\/vincentians.com\/en\/\",\"name\":\"We are Vincentians\",\"description\":\"Know more to serve more\",\"publisher\":{\"@id\":\"https:\/\/vincentians.com\/en\/#organization\"},\"potentialAction\":[{\"@type\":\"SearchAction\",\"target\":{\"@type\":\"EntryPoint\",\"urlTemplate\":\"https:\/\/vincentians.com\/en\/?s={search_term_string}\"},\"query-input\":{\"@type\":\"PropertyValueSpecification\",\"valueRequired\":true,\"valueName\":\"search_term_string\"}}],\"inLanguage\":\"en-US\"},{\"@type\":\"Organization\",\"@id\":\"https:\/\/vincentians.com\/en\/#organization\",\"name\":\"The Vincentian Network\",\"url\":\"https:\/\/vincentians.com\/en\/\",\"logo\":{\"@type\":\"ImageObject\",\"inLanguage\":\"en-US\",\"@id\":\"https:\/\/vincentians.com\/en\/#\/schema\/logo\/image\/\",\"url\":\"https:\/\/i1.wp.com\/vincentians.com\/en\/wp-content\/uploads\/sites\/2\/2016\/06\/Vincentian-Network-logo-big.png?fit=778%2C778&ssl=1\",\"contentUrl\":\"https:\/\/i1.wp.com\/vincentians.com\/en\/wp-content\/uploads\/sites\/2\/2016\/06\/Vincentian-Network-logo-big.png?fit=778%2C778&ssl=1\",\"width\":778,\"height\":778,\"caption\":\"The Vincentian Network\"},\"image\":{\"@id\":\"https:\/\/vincentians.com\/en\/#\/schema\/logo\/image\/\"},\"sameAs\":[\"https:\/\/www.facebook.com\/WeAreVincentians\/\",\"https:\/\/x.com\/WeVincentians\"]},{\"@type\":\"Person\",\"@id\":\"https:\/\/vincentians.com\/en\/#\/schema\/person\/9623ef4d9aa3b2dfb8c061f1499288f2\",\"name\":\"Francisco Javier Fern\u00e1ndez Chento\",\"image\":{\"@type\":\"ImageObject\",\"inLanguage\":\"en-US\",\"@id\":\"https:\/\/vincentians.com\/en\/#\/schema\/person\/image\/\",\"url\":\"https:\/\/secure.gravatar.com\/avatar\/497d5cde87b4c3d097d0315953521681ba2cd523ee66e5077c3711f7021e65de?s=96&d=mm&r=g\",\"contentUrl\":\"https:\/\/secure.gravatar.com\/avatar\/497d5cde87b4c3d097d0315953521681ba2cd523ee66e5077c3711f7021e65de?s=96&d=mm&r=g\",\"caption\":\"Francisco Javier Fern\u00e1ndez Chento\"},\"description\":\"Director General y cofundador de La Red de Formaci\u00f3n Vicenciana. Javier es laico vicenciano, afiliado a la Congregaci\u00f3n de la Misi\u00f3n y miembro del Equipo de Misiones Populares de la provincia can\u00f3nica de Zaragoza (Espa\u00f1a) de la Congregaci\u00f3n de la Misi\u00f3n. Graduado en la Universidad Oberta de Catalunya con cuatro grados (Asistente de direcci\u00f3n, Gesti\u00f3n Administrativa, Recursos Humanos y Contabilidad Avanzada). Bil\u00edng\u00fce Espa\u00f1ol\/Ingl\u00e9s. gestiona y mantiene varias p\u00e1ginas web cristianas y vicencianas, incluida including La Red de Formaci\u00f3n Vicenciana, de la que es cofundador. Actualmente es responsable del \u00e1rea de Espa\u00f1ol de .famvin, la Red de Noticias de la Familia Vicenciana. Tambi\u00e9n es m\u00fasico cat\u00f3lico y ha editado varios discos. Es Director General y cofundador de Trovador, una reconocida compa\u00f1\u00eda discogr\u00e1fica critiana de Espa\u00f1a. Trabaja en las Tecnolog\u00edas de la Informaci\u00f3n, ofreciendo servicios de alojamiento, dise\u00f1o y mantenimiento Web, as\u00ed como asesoramiento, formaci\u00f3n y soluciones inform\u00e1ticas, gesti\u00f3n documental y digitalizaci\u00f3n de textos, edici\u00f3n y maquetaci\u00f3n de libros, revistas, flyers, etc.\",\"sameAs\":[\"http:\/\/chento.org\",\"https:\/\/www.facebook.com\/JavierChento\",\"https:\/\/x.com\/https:\/\/twitter.com\/javierchento\"],\"url\":\"http:\/\/vincentians.com\/en\/author\/chento\/\"}]}<\/script>\n<!-- \/ Yoast SEO plugin. -->","yoast_head_json":{"title":"Louise de Marillac, a portrait. Part IV: The interior life of Louise de Marillac (4) - We are Vincentians","robots":{"index":"index","follow":"follow","max-snippet":"max-snippet:-1","max-image-preview":"max-image-preview:large","max-video-preview":"max-video-preview:-1"},"canonical":"https:\/\/vincentians.com\/en\/louise-de-marillac-a-portrait-part-iv-the-interior-life-of-louise-de-marillac-4\/","og_locale":"en_US","og_type":"article","og_title":"Louise de Marillac, a portrait. Part IV: The interior life of Louise de Marillac (4) - We are Vincentians","og_description":"The stages in her spiritual course The editors of the four-volume private edition of the writings of Louise de Marillac were confronted with a prob\u00adlem very difficult of solution, but of which they well under\u00adstood ... Read More","og_url":"https:\/\/vincentians.com\/en\/louise-de-marillac-a-portrait-part-iv-the-interior-life-of-louise-de-marillac-4\/","og_site_name":"We are Vincentians","article_publisher":"https:\/\/www.facebook.com\/WeAreVincentians\/","article_author":"https:\/\/www.facebook.com\/JavierChento","article_published_time":"2013-12-28T06:31:26+00:00","article_modified_time":"2016-06-23T09:07:01+00:00","og_image":[{"width":1200,"height":630,"url":"https:\/\/i0.wp.com\/vincentians.com\/en\/wp-content\/uploads\/sites\/2\/2016\/07\/louise-de-marillac2.jpg?fit=1200%2C630&ssl=1","type":"image\/jpeg"}],"author":"Francisco Javier Fern\u00e1ndez Chento","twitter_card":"summary_large_image","twitter_creator":"@https:\/\/twitter.com\/javierchento","twitter_site":"@WeVincentians","twitter_misc":{"Written by":"Francisco Javier Fern\u00e1ndez Chento","Est. reading time":"18 minutes"},"schema":{"@context":"https:\/\/schema.org","@graph":[{"@type":"Article","@id":"https:\/\/vincentians.com\/en\/louise-de-marillac-a-portrait-part-iv-the-interior-life-of-louise-de-marillac-4\/#article","isPartOf":{"@id":"https:\/\/vincentians.com\/en\/louise-de-marillac-a-portrait-part-iv-the-interior-life-of-louise-de-marillac-4\/"},"author":{"name":"Francisco Javier Fern\u00e1ndez Chento","@id":"https:\/\/vincentians.com\/en\/#\/schema\/person\/9623ef4d9aa3b2dfb8c061f1499288f2"},"headline":"Louise de Marillac, a portrait. Part IV: The interior life of Louise de Marillac (4)","datePublished":"2013-12-28T06:31:26+00:00","dateModified":"2016-06-23T09:07:01+00:00","mainEntityOfPage":{"@id":"https:\/\/vincentians.com\/en\/louise-de-marillac-a-portrait-part-iv-the-interior-life-of-louise-de-marillac-4\/"},"wordCount":3584,"commentCount":0,"publisher":{"@id":"https:\/\/vincentians.com\/en\/#organization"},"image":{"@id":"https:\/\/vincentians.com\/en\/louise-de-marillac-a-portrait-part-iv-the-interior-life-of-louise-de-marillac-4\/#primaryimage"},"thumbnailUrl":"https:\/\/i0.wp.com\/vincentians.com\/en\/wp-content\/uploads\/sites\/2\/2016\/07\/louise-de-marillac2.jpg?fit=1200%2C630","articleSection":["Louise de Marillac"],"inLanguage":"en-US","potentialAction":[{"@type":"CommentAction","name":"Comment","target":["https:\/\/vincentians.com\/en\/louise-de-marillac-a-portrait-part-iv-the-interior-life-of-louise-de-marillac-4\/#respond"]}]},{"@type":"WebPage","@id":"https:\/\/vincentians.com\/en\/louise-de-marillac-a-portrait-part-iv-the-interior-life-of-louise-de-marillac-4\/","url":"https:\/\/vincentians.com\/en\/louise-de-marillac-a-portrait-part-iv-the-interior-life-of-louise-de-marillac-4\/","name":"Louise de Marillac, a portrait. Part IV: The interior life of Louise de Marillac (4) - We are Vincentians","isPartOf":{"@id":"https:\/\/vincentians.com\/en\/#website"},"primaryImageOfPage":{"@id":"https:\/\/vincentians.com\/en\/louise-de-marillac-a-portrait-part-iv-the-interior-life-of-louise-de-marillac-4\/#primaryimage"},"image":{"@id":"https:\/\/vincentians.com\/en\/louise-de-marillac-a-portrait-part-iv-the-interior-life-of-louise-de-marillac-4\/#primaryimage"},"thumbnailUrl":"https:\/\/i0.wp.com\/vincentians.com\/en\/wp-content\/uploads\/sites\/2\/2016\/07\/louise-de-marillac2.jpg?fit=1200%2C630","datePublished":"2013-12-28T06:31:26+00:00","dateModified":"2016-06-23T09:07:01+00:00","breadcrumb":{"@id":"https:\/\/vincentians.com\/en\/louise-de-marillac-a-portrait-part-iv-the-interior-life-of-louise-de-marillac-4\/#breadcrumb"},"inLanguage":"en-US","potentialAction":[{"@type":"ReadAction","target":["https:\/\/vincentians.com\/en\/louise-de-marillac-a-portrait-part-iv-the-interior-life-of-louise-de-marillac-4\/"]}]},{"@type":"ImageObject","inLanguage":"en-US","@id":"https:\/\/vincentians.com\/en\/louise-de-marillac-a-portrait-part-iv-the-interior-life-of-louise-de-marillac-4\/#primaryimage","url":"https:\/\/i0.wp.com\/vincentians.com\/en\/wp-content\/uploads\/sites\/2\/2016\/07\/louise-de-marillac2.jpg?fit=1200%2C630","contentUrl":"https:\/\/i0.wp.com\/vincentians.com\/en\/wp-content\/uploads\/sites\/2\/2016\/07\/louise-de-marillac2.jpg?fit=1200%2C630","width":1200,"height":630},{"@type":"BreadcrumbList","@id":"https:\/\/vincentians.com\/en\/louise-de-marillac-a-portrait-part-iv-the-interior-life-of-louise-de-marillac-4\/#breadcrumb","itemListElement":[{"@type":"ListItem","position":1,"name":"Portada","item":"https:\/\/vincentians.com\/en\/"},{"@type":"ListItem","position":2,"name":"Louise de Marillac, a portrait. Part IV: The interior life of Louise de Marillac (4)"}]},{"@type":"WebSite","@id":"https:\/\/vincentians.com\/en\/#website","url":"https:\/\/vincentians.com\/en\/","name":"We are Vincentians","description":"Know more to serve more","publisher":{"@id":"https:\/\/vincentians.com\/en\/#organization"},"potentialAction":[{"@type":"SearchAction","target":{"@type":"EntryPoint","urlTemplate":"https:\/\/vincentians.com\/en\/?s={search_term_string}"},"query-input":{"@type":"PropertyValueSpecification","valueRequired":true,"valueName":"search_term_string"}}],"inLanguage":"en-US"},{"@type":"Organization","@id":"https:\/\/vincentians.com\/en\/#organization","name":"The Vincentian Network","url":"https:\/\/vincentians.com\/en\/","logo":{"@type":"ImageObject","inLanguage":"en-US","@id":"https:\/\/vincentians.com\/en\/#\/schema\/logo\/image\/","url":"https:\/\/i1.wp.com\/vincentians.com\/en\/wp-content\/uploads\/sites\/2\/2016\/06\/Vincentian-Network-logo-big.png?fit=778%2C778&ssl=1","contentUrl":"https:\/\/i1.wp.com\/vincentians.com\/en\/wp-content\/uploads\/sites\/2\/2016\/06\/Vincentian-Network-logo-big.png?fit=778%2C778&ssl=1","width":778,"height":778,"caption":"The Vincentian Network"},"image":{"@id":"https:\/\/vincentians.com\/en\/#\/schema\/logo\/image\/"},"sameAs":["https:\/\/www.facebook.com\/WeAreVincentians\/","https:\/\/x.com\/WeVincentians"]},{"@type":"Person","@id":"https:\/\/vincentians.com\/en\/#\/schema\/person\/9623ef4d9aa3b2dfb8c061f1499288f2","name":"Francisco Javier Fern\u00e1ndez Chento","image":{"@type":"ImageObject","inLanguage":"en-US","@id":"https:\/\/vincentians.com\/en\/#\/schema\/person\/image\/","url":"https:\/\/secure.gravatar.com\/avatar\/497d5cde87b4c3d097d0315953521681ba2cd523ee66e5077c3711f7021e65de?s=96&d=mm&r=g","contentUrl":"https:\/\/secure.gravatar.com\/avatar\/497d5cde87b4c3d097d0315953521681ba2cd523ee66e5077c3711f7021e65de?s=96&d=mm&r=g","caption":"Francisco Javier Fern\u00e1ndez Chento"},"description":"Director General y cofundador de La Red de Formaci\u00f3n Vicenciana. Javier es laico vicenciano, afiliado a la Congregaci\u00f3n de la Misi\u00f3n y miembro del Equipo de Misiones Populares de la provincia can\u00f3nica de Zaragoza (Espa\u00f1a) de la Congregaci\u00f3n de la Misi\u00f3n. Graduado en la Universidad Oberta de Catalunya con cuatro grados (Asistente de direcci\u00f3n, Gesti\u00f3n Administrativa, Recursos Humanos y Contabilidad Avanzada). Bil\u00edng\u00fce Espa\u00f1ol\/Ingl\u00e9s. gestiona y mantiene varias p\u00e1ginas web cristianas y vicencianas, incluida including La Red de Formaci\u00f3n Vicenciana, de la que es cofundador. Actualmente es responsable del \u00e1rea de Espa\u00f1ol de .famvin, la Red de Noticias de la Familia Vicenciana. Tambi\u00e9n es m\u00fasico cat\u00f3lico y ha editado varios discos. Es Director General y cofundador de Trovador, una reconocida compa\u00f1\u00eda discogr\u00e1fica critiana de Espa\u00f1a. Trabaja en las Tecnolog\u00edas de la Informaci\u00f3n, ofreciendo servicios de alojamiento, dise\u00f1o y mantenimiento Web, as\u00ed como asesoramiento, formaci\u00f3n y soluciones inform\u00e1ticas, gesti\u00f3n documental y digitalizaci\u00f3n de textos, edici\u00f3n y maquetaci\u00f3n de libros, revistas, flyers, etc.","sameAs":["http:\/\/chento.org","https:\/\/www.facebook.com\/JavierChento","https:\/\/x.com\/https:\/\/twitter.com\/javierchento"],"url":"http:\/\/vincentians.com\/en\/author\/chento\/"}]}},"jetpack_publicize_connections":[],"jetpack_featured_media_url":"https:\/\/i0.wp.com\/vincentians.com\/en\/wp-content\/uploads\/sites\/2\/2016\/07\/louise-de-marillac2.jpg?fit=1200%2C630","jetpack_sharing_enabled":true,"jetpack_shortlink":"https:\/\/wp.me\/p7K2Ow-siB","jetpack-related-posts":[{"id":37783,"url":"http:\/\/vincentians.com\/en\/life-of-saint-louise-de-marillac-1-a-stormy-childhood\/","url_meta":{"origin":108785,"position":0},"title":"Life Of Saint Louise De Marillac. 1: A stormy childhood","author":"Francisco Javier Fern\u00e1ndez Chento","date":"August 8, 2016","format":false,"excerpt":"Introduction: History speaks admirably about the great saint of charity. His prominence and importance has endured to the present century. Do we not say that those who incarnate the virtue of charity in the midst of the forgotten members of society and in the midst of those who die alone\u2026","rel":"","context":"In &quot;Louise de Marillac&quot;","block_context":{"text":"Louise de Marillac","link":"http:\/\/vincentians.com\/en\/category\/the-vincentian-family\/founders\/louise-de-marillac\/"},"img":{"alt_text":"","src":"https:\/\/i0.wp.com\/vincentians.com\/en\/wp-content\/uploads\/sites\/2\/2016\/07\/louise-de-marillac.jpg?fit=1200%2C630&resize=350%2C200","width":350,"height":200,"srcset":"https:\/\/i0.wp.com\/vincentians.com\/en\/wp-content\/uploads\/sites\/2\/2016\/07\/louise-de-marillac.jpg?fit=1200%2C630&resize=350%2C200 1x, https:\/\/i0.wp.com\/vincentians.com\/en\/wp-content\/uploads\/sites\/2\/2016\/07\/louise-de-marillac.jpg?fit=1200%2C630&resize=525%2C300 1.5x, https:\/\/i0.wp.com\/vincentians.com\/en\/wp-content\/uploads\/sites\/2\/2016\/07\/louise-de-marillac.jpg?fit=1200%2C630&resize=700%2C400 2x, https:\/\/i0.wp.com\/vincentians.com\/en\/wp-content\/uploads\/sites\/2\/2016\/07\/louise-de-marillac.jpg?fit=1200%2C630&resize=1050%2C600 3x"},"classes":[]},{"id":47797,"url":"http:\/\/vincentians.com\/en\/saint-louise-de-marillacs-uncle-louis-xiiis-garde-des-sceaux-michel-de-marillac-1560-1632\/","url_meta":{"origin":108785,"position":1},"title":"Saint Louise de Marillac&#8217;s Uncle: Louis XIII&#8217;s Garde des Sceaux, Michel de Marillac (1560-1632)","author":"Francisco Javier Fern\u00e1ndez Chento","date":"January 15, 2016","format":false,"excerpt":"The name Louise de Marillac, writes Louise Sullivan, D.C., \u201chas largely remained hidden\u201d in the \u201cshadow\u201d of her famous mentor and colleague, Vincent de Paul. A similar shadow has, until recently, hidden the reputation of Saint Louise\u2019s uncle, Michel de Marillac (1560-1632), despite being arguably among the half-dozen most important\u2026","rel":"","context":"In &quot;At the time of Vincent de Paul&quot;","block_context":{"text":"At the time of Vincent de Paul","link":"http:\/\/vincentians.com\/en\/category\/history-of-the-vincentian-family\/at-the-time-of-vincent-de-paul\/"},"img":{"alt_text":"","src":"https:\/\/i0.wp.com\/vincentians.com\/en\/wp-content\/uploads\/sites\/2\/2016\/01\/michel-de-marillac-1.jpg?fit=1200%2C630&resize=350%2C200","width":350,"height":200,"srcset":"https:\/\/i0.wp.com\/vincentians.com\/en\/wp-content\/uploads\/sites\/2\/2016\/01\/michel-de-marillac-1.jpg?fit=1200%2C630&resize=350%2C200 1x, https:\/\/i0.wp.com\/vincentians.com\/en\/wp-content\/uploads\/sites\/2\/2016\/01\/michel-de-marillac-1.jpg?fit=1200%2C630&resize=525%2C300 1.5x, https:\/\/i0.wp.com\/vincentians.com\/en\/wp-content\/uploads\/sites\/2\/2016\/01\/michel-de-marillac-1.jpg?fit=1200%2C630&resize=700%2C400 2x, https:\/\/i0.wp.com\/vincentians.com\/en\/wp-content\/uploads\/sites\/2\/2016\/01\/michel-de-marillac-1.jpg?fit=1200%2C630&resize=1050%2C600 3x"},"classes":[]},{"id":42028,"url":"http:\/\/vincentians.com\/en\/the-ecclesial-and-charitable-experience-of-saint-louise-de-marillac-yesterday-and-today\/","url_meta":{"origin":108785,"position":2},"title":"The Ecclesial and Charitable Experience of Saint Louise de Marillac, Yesterday and Today","author":"Francisco Javier Fern\u00e1ndez Chento","date":"July 7, 2016","format":false,"excerpt":"Introduction We are going to conclude this Congress with a reflection on Saint Louise de Marillac as a woman of the church. Her contemplation of the mystery of the church and the ecclesial reality of that era led her to become a woman who was guided by the Spirit and\u2026","rel":"","context":"In &quot;Louise de Marillac&quot;","block_context":{"text":"Louise de Marillac","link":"http:\/\/vincentians.com\/en\/category\/the-vincentian-family\/founders\/louise-de-marillac\/"},"img":{"alt_text":"","src":"https:\/\/i0.wp.com\/vincentians.com\/en\/wp-content\/uploads\/sites\/2\/2012\/12\/marillac-charitative-experience.jpg?fit=1200%2C630&resize=350%2C200","width":350,"height":200,"srcset":"https:\/\/i0.wp.com\/vincentians.com\/en\/wp-content\/uploads\/sites\/2\/2012\/12\/marillac-charitative-experience.jpg?fit=1200%2C630&resize=350%2C200 1x, https:\/\/i0.wp.com\/vincentians.com\/en\/wp-content\/uploads\/sites\/2\/2012\/12\/marillac-charitative-experience.jpg?fit=1200%2C630&resize=525%2C300 1.5x, https:\/\/i0.wp.com\/vincentians.com\/en\/wp-content\/uploads\/sites\/2\/2012\/12\/marillac-charitative-experience.jpg?fit=1200%2C630&resize=700%2C400 2x, https:\/\/i0.wp.com\/vincentians.com\/en\/wp-content\/uploads\/sites\/2\/2012\/12\/marillac-charitative-experience.jpg?fit=1200%2C630&resize=1050%2C600 3x"},"classes":[]},{"id":149858,"url":"http:\/\/vincentians.com\/en\/new-in-the-library-spiritual-writings-of-louise-marillac\/","url_meta":{"origin":108785,"position":3},"title":"New in the Library: Spiritual Writings  of Louise De Marillac","author":"Francisco Javier Fern\u00e1ndez Chento","date":"July 8, 2016","format":false,"excerpt":"Spiritual writings of Louise de Marillac. Edited and translated from the original French edition Sainte Louise de Marillac: Ecrits Spirituels by Louise Sullivan, D.C. Brooklyn, New York: New City Press, 1991.","rel":"","context":"In &quot;Louise de Marillac&quot;","block_context":{"text":"Louise de Marillac","link":"http:\/\/vincentians.com\/en\/category\/the-vincentian-family\/founders\/louise-de-marillac\/"},"img":{"alt_text":"","src":"https:\/\/i0.wp.com\/vincentians.com\/en\/wp-content\/uploads\/sites\/2\/2016\/07\/the-vincentian-digital-library-2.jpg?fit=1200%2C630&resize=350%2C200","width":350,"height":200,"srcset":"https:\/\/i0.wp.com\/vincentians.com\/en\/wp-content\/uploads\/sites\/2\/2016\/07\/the-vincentian-digital-library-2.jpg?fit=1200%2C630&resize=350%2C200 1x, https:\/\/i0.wp.com\/vincentians.com\/en\/wp-content\/uploads\/sites\/2\/2016\/07\/the-vincentian-digital-library-2.jpg?fit=1200%2C630&resize=525%2C300 1.5x, https:\/\/i0.wp.com\/vincentians.com\/en\/wp-content\/uploads\/sites\/2\/2016\/07\/the-vincentian-digital-library-2.jpg?fit=1200%2C630&resize=700%2C400 2x, https:\/\/i0.wp.com\/vincentians.com\/en\/wp-content\/uploads\/sites\/2\/2016\/07\/the-vincentian-digital-library-2.jpg?fit=1200%2C630&resize=1050%2C600 3x"},"classes":[]},{"id":51189,"url":"http:\/\/vincentians.com\/en\/the-letters-of-louise-de-marillac-to-the-daughters-of-charity-i\/","url_meta":{"origin":108785,"position":4},"title":"The Letters of Louise de Marillac to the Daughters of Charity (I)","author":"Francisco Javier Fern\u00e1ndez Chento","date":"August 8, 2016","format":false,"excerpt":"Introduction On March 15th, 1660, between 11:00am and noon, after generously sharing her blessings with the Daughters of Charity, Louise de Marillac's life came to an end. She was almost sixty-nine years old. Thus the earthly life of this holy woman was completed. She was not a tall woman, but\u2026","rel":"","context":"In &quot;Louise de Marillac&quot;","block_context":{"text":"Louise de Marillac","link":"http:\/\/vincentians.com\/en\/category\/the-vincentian-family\/founders\/louise-de-marillac\/"},"img":{"alt_text":"","src":"https:\/\/i0.wp.com\/vincentians.com\/en\/wp-content\/uploads\/sites\/2\/2012\/11\/marillac-wrting.jpg?fit=1200%2C630&resize=350%2C200","width":350,"height":200,"srcset":"https:\/\/i0.wp.com\/vincentians.com\/en\/wp-content\/uploads\/sites\/2\/2012\/11\/marillac-wrting.jpg?fit=1200%2C630&resize=350%2C200 1x, https:\/\/i0.wp.com\/vincentians.com\/en\/wp-content\/uploads\/sites\/2\/2012\/11\/marillac-wrting.jpg?fit=1200%2C630&resize=525%2C300 1.5x, https:\/\/i0.wp.com\/vincentians.com\/en\/wp-content\/uploads\/sites\/2\/2012\/11\/marillac-wrting.jpg?fit=1200%2C630&resize=700%2C400 2x, https:\/\/i0.wp.com\/vincentians.com\/en\/wp-content\/uploads\/sites\/2\/2012\/11\/marillac-wrting.jpg?fit=1200%2C630&resize=1050%2C600 3x"},"classes":[]},{"id":69104,"url":"http:\/\/vincentians.com\/en\/louise-de-marillac-and-education\/","url_meta":{"origin":108785,"position":5},"title":"Louise de Marillac and Education","author":"Francisco Javier Fern\u00e1ndez Chento","date":"November 30, 2012","format":false,"excerpt":"Introduction Louise de Marillac, a courageous, bold and enterprising woman, has become that \u201cburied treasure\u201d that today shines brightly in our midst. Throughout this week her life has been presented to us as a light that illuminates our mission as Vincentians that that enables us, like Louise, to go forth\u2026","rel":"","context":"In &quot;Louise de Marillac&quot;","block_context":{"text":"Louise de Marillac","link":"http:\/\/vincentians.com\/en\/category\/the-vincentian-family\/founders\/louise-de-marillac\/"},"img":{"alt_text":"","src":"https:\/\/i0.wp.com\/vincentians.com\/en\/wp-content\/uploads\/sites\/2\/2012\/11\/louise-and-education.jpg?fit=1200%2C630&resize=350%2C200","width":350,"height":200,"srcset":"https:\/\/i0.wp.com\/vincentians.com\/en\/wp-content\/uploads\/sites\/2\/2012\/11\/louise-and-education.jpg?fit=1200%2C630&resize=350%2C200 1x, https:\/\/i0.wp.com\/vincentians.com\/en\/wp-content\/uploads\/sites\/2\/2012\/11\/louise-and-education.jpg?fit=1200%2C630&resize=525%2C300 1.5x, https:\/\/i0.wp.com\/vincentians.com\/en\/wp-content\/uploads\/sites\/2\/2012\/11\/louise-and-education.jpg?fit=1200%2C630&resize=700%2C400 2x, https:\/\/i0.wp.com\/vincentians.com\/en\/wp-content\/uploads\/sites\/2\/2012\/11\/louise-and-education.jpg?fit=1200%2C630&resize=1050%2C600 3x"},"classes":[]}],"_links":{"self":[{"href":"http:\/\/vincentians.com\/en\/wp-json\/wp\/v2\/posts\/108785","targetHints":{"allow":["GET"]}}],"collection":[{"href":"http:\/\/vincentians.com\/en\/wp-json\/wp\/v2\/posts"}],"about":[{"href":"http:\/\/vincentians.com\/en\/wp-json\/wp\/v2\/types\/post"}],"author":[{"embeddable":true,"href":"http:\/\/vincentians.com\/en\/wp-json\/wp\/v2\/users\/4"}],"replies":[{"embeddable":true,"href":"http:\/\/vincentians.com\/en\/wp-json\/wp\/v2\/comments?post=108785"}],"version-history":[{"count":0,"href":"http:\/\/vincentians.com\/en\/wp-json\/wp\/v2\/posts\/108785\/revisions"}],"wp:featuredmedia":[{"embeddable":true,"href":"http:\/\/vincentians.com\/en\/wp-json\/wp\/v2\/media\/149291"}],"wp:attachment":[{"href":"http:\/\/vincentians.com\/en\/wp-json\/wp\/v2\/media?parent=108785"}],"wp:term":[{"taxonomy":"category","embeddable":true,"href":"http:\/\/vincentians.com\/en\/wp-json\/wp\/v2\/categories?post=108785"},{"taxonomy":"post_tag","embeddable":true,"href":"http:\/\/vincentians.com\/en\/wp-json\/wp\/v2\/tags?post=108785"}],"curies":[{"name":"wp","href":"https:\/\/api.w.org\/{rel}","templated":true}]}}