{"id":108652,"date":"2016-12-18T06:00:35","date_gmt":"2016-12-18T05:00:35","guid":{"rendered":"http:\/\/vincentians.com\/?p=108652"},"modified":"2016-07-13T18:58:21","modified_gmt":"2016-07-13T16:58:21","slug":"the-life-of-vincent-de-paul-abelly-book-iii-chapter-xxiv-section-iii","status":"publish","type":"post","link":"http:\/\/vincentians.com\/en\/the-life-of-vincent-de-paul-abelly-book-iii-chapter-xxiv-section-iii\/","title":{"rendered":"The Life of Vincent de Paul (Abelly): Book III, Chapter XXIV, Section III"},"content":{"rendered":"<h2>SECTION THREE: Advice Given by Monsieur Vincent to a Priest of the Congregation Before Sending Him to Assume the Direction of One of the Houses<\/h2>\n<p>O Monsieur, how great it is to be called by God to the task of directing souls. What other vocation can compare with that of a priest of the Mission, to direct and lead others, whose interior movements are known to God alone? Ars artium, regimen animarum [&#8220;The art of arts, the direction of souls&#8221;].<span id='easy-footnote-1-108652' class='easy-footnote-margin-adjust'><\/span><span class='easy-footnote'><a href='http:\/\/vincentians.com\/en\/the-life-of-vincent-de-paul-abelly-book-iii-chapter-xxiv-section-iii\/#easy-footnote-bottom-1-108652' title='PL 77:14.'><sup>1<\/sup><\/a><\/span> This was the task of the Son of God on earth. This is why he descended from heaven, was born of a virgin, gave all his attention during life, and finally suffered a most painful death. This is why you must have a high regard for the work you are about to take up.<\/p>\n<p>What means should you use to fulfill this task of leading souls to God? This, in the face of the torrent of vices among the people, or in meeting the challenge of poor seminary training. You must inspire those confided to you with Christian and priestly sentiments, to ensure their salvation and their perfection. Certainly, Monsieur, there is nothing human in this. This is not man&#8217;s work, but God&#8217;s. Grande opus [&#8220;A great work&#8221;].<span id='easy-footnote-2-108652' class='easy-footnote-margin-adjust'><\/span><span class='easy-footnote'><a href='http:\/\/vincentians.com\/en\/the-life-of-vincent-de-paul-abelly-book-iii-chapter-xxiv-section-iii\/#easy-footnote-bottom-2-108652' title='Neh 6:3.'><sup>2<\/sup><\/a><\/span> It is a continuation of the work of Jesus Christ, which human effort can only destroy, if God does not have his place in it. No, Monsieur, neither philosophy nor theology, nor learned talks influence souls. Jesus Christ must be united with us and we with him. We must work in him, and he in us, to speak as he did and with his spirit, just as he was in the Father. We must teach the doctrine he taught, as the Scriptures constantly tell us.<\/p>\n<p>You must strip yourself, Monsieur, to be clothed with Jesus Christ. You are aware that things ordinarily reproduce their own kind: a sheep creates a sheep, and a human another human. In the same way, he who would lead others, form them, and speak to them with mere human ideas and ideals, will give birth merely to the purely human in those who hear him. Despite all appearances to the contrary, he will engender merely the show of virtue, and not the reality. He will create in them the same spirit that moves him, as we see in the teachers in the schools who bequeath their maxims and mannerisms to their disciples.<\/p>\n<p>On the other hand, if a superior is filled with God and with the maxims of our Lord, all that he says will be fruitful. A power will go forth from him that will build up, and all his actions will serve as incentives for creating good in those who become aware of them.<\/p>\n<p>To achieve this, Monsieur, our Lord himself must mark you with his own character. It is the same as we see when a cultivated stock is grafted on to a wild stock, and the wild then carries on the natural results of the cultivated. We too, miserable creatures, who are but flesh, thorns, and briars, are sealed by our Lord with his own seal. We receive, so to speak, his own spirit and grace, so that united to him as the vine is to the branch, we accomplish through him what he himself did upon earth. I mean to say we perform divine actions, engendering children to our Lord, as Saint Paul said, filled as he was with this same holy spirit.<\/p>\n<p>An important task is that you should apply yourself carefully to is to remain in close touch with our Lord by mental prayer. This is the storehouse where you will find all you need, to accomplish the task you are about to assume. When you have a doubt, have recourse to God, and say to him: &#8220;Lord, the Father of Lights, reveal to me what I must do in this case.&#8221;<\/p>\n<p>I not only give you this advice for the difficulties you may experience, but to teach you what you are to say to those under your care. In imitation of Moses, you must hear from God what is to be communicated to his people. Haec dicit Dominus. [&#8220;Thus says the Lord.&#8221;]\n<p>Monsieur, you should have recourse to God in mental prayer to preserve your soul in his holy fear, and in his love. Alas, Monsieur, I must tell you and you should know that often those who work for the salvation of others are in the end lost themselves. This could happen to anyone who is so taken up with others that he forgets himself. Saul was worthy of being appointed king because of his life in his father&#8217;s house. Yet after being raised to the throne he fell miserably from God&#8217;s grace. Saint Paul chastised his body, lest after preaching to others and showing them the way of salvation, he himself should become a castaway.<\/p>\n<p>To keep from falling into the unhappy state of Saul or Judas, we must commit ourselves inseparably to Jesus Christ our Lord. We should lift our minds and heart to him and say: &#8220;O Lord, do not allow me, after preaching to others, to be lost myself. Be my shepherd, and do not withhold from me the graces you bestow on others through my intercession and my ministry.&#8221;<\/p>\n<p>You ought to be devoted to mental prayer to beseech from the Lord the graces needed by those you direct. You will achieve more lasting good this way than by any other practice. Jesus Christ, who ought to be your model in everything, was not satisfied by his preachings, his works, his fasts, his blood, and even his death. To all these he added his prayer. He had no need of prayer for himself. It was strictly for us, for whom he prayed so often. It was to teach us to do the same for our own needs and for those we seek to save, with his help.<\/p>\n<p>Another thing I recommend to you is our Lord&#8217;s humility. Say to him often, &#8220;Lord, what have I done to merit such a vocation? What works of mine have merited the task you assign to me? Ah, my God, I shall spoil everything if you do not direct my words and all my actions.&#8221; Just recall all that remains in us of what is human and imperfect, and we will find enough there to humble ourselves. This will be not only before God but before others as well, and in the presence of those whom we call our inferiors.<\/p>\n<p>Above all, do not take any pains to appear as being the superior and master. I do not agree with the opinion of someone who recently said that to lead others and maintain one&#8217;s authority you must make it clear that you alone are the superior. O my God, our Lord Jesus Christ did not speak in this way. He taught us exactly the opposite, both in word and example. He told us that he had come not to be served, but to serve, and that he who would be the master must first become the servant of all.<\/p>\n<p>Accept this holy maxim that you should live among your confreres quasi unus ex illis [&#8220;like one of them&#8221;].<span id='easy-footnote-3-108652' class='easy-footnote-margin-adjust'><\/span><span class='easy-footnote'><a href='http:\/\/vincentians.com\/en\/the-life-of-vincent-de-paul-abelly-book-iii-chapter-xxiv-section-iii\/#easy-footnote-bottom-3-108652' title='1 Sam 17:36.'><sup>3<\/sup><\/a><\/span> Let them know that you did not come to rule over them but to serve them. If you act this way both within the community and outside of it, you will find that all will go well.<\/p>\n<p>What is more, we should always credit to God any good that we do. On the other hand, we should attribute to ourselves all the ills which the community may suffer. Yes, remember that the disorders which arise in communities come mainly from the superior, who by his negligence or bad example allows laxity to creep in, so that in the end all the members suffer because the head is not in good order.<\/p>\n<p>Humility ought to lead you to avoid the complacency that slips in, chiefly in works that have a certain glamour to them. Oh, Monsieur, realize how vanity is the dangerous poison even of good works. It is an evil that ruins even the holiest of actions, and causes people to forget God. In the name of God, be on your guard against this fault, one of the greatest dangers I know of to the spiritual life and to advancement in perfection.<\/p>\n<p>To avoid this vice, give yourself to God to speak in the humble spirit of Jesus Christ. Make it known that your teaching does not come from yourself but from the Gospel. Use the simple words and comparisons our Lord used in the sacred scriptures when you speak to the people. What marvels he could have revealed! What secrets of the divinity he could have made known, of the admirable perfections of God, since he was the Eternal Wisdom of his Father! Yet, notice how he spoke in an understandable language, using the simple comparisons of a farmer, a field, a vine, a grain of mustard seed. This is how you must speak if you want to be understood by the people to whom you announce the word of God.<\/p>\n<p>Another thing you should pay particular attention to is to allow yourself to be guided by the Son of God. When you must act, you should ask yourself, &#8220;Does this conform to the teachings of the Son of God?&#8221; If you find that it does, fine, then do it. If it does not, then have nothing to do with it.<\/p>\n<p>Besides, when there is question of doing some good work, say to the Son of God: &#8220;Lord, if you were in my place, what would you do on this occasion? How would you teach the people? How would you deal with this sickness of mind or of body?&#8221;<\/p>\n<p>This dependence should extend to those who represent our Lord for you, your superiors. Believe me, their experience and the grace given them by Jesus Christ because of their office has given them much insight for leadership. I tell you this to alert you to do nothing of importance, nor undertake anything extraordinary without alerting us. If you are pressed for time, and cannot await our reply, seek the advice of the nearest superior, asking him, &#8220;Monsieur, what would you suggest in this situation?&#8221; We know from experience that God blesses those who act in this way. On the other hand, those who act independently not only have fallen into difficulties, but have embarrassed us greatly.<\/p>\n<p>I would ask you to be careful not to introduce anything singular in your direction. Nothing should be peculiar to yourself, but you should walk the viam regiam [&#8220;royal road&#8221;], the main highway, so as to proceed surely and without reproach. What I mean by this is that you should follow the rules and customs of the Congregation. Do not introduce anything new, but follow the suggestions drawn up for those in charge of one of our houses. Do not omit anything of what we do in our Company.<\/p>\n<p>Be careful in the observance of the rules, but also, see that the others follow them, for otherwise all will go badly. Since you hold the place of our Lord, you should be, in imitation of him, a source of light and warmth. &#8220;Jesus Christ,&#8221; says Saint Paul, &#8220;is the splendor of the Father,&#8221;<span id='easy-footnote-4-108652' class='easy-footnote-margin-adjust'><\/span><span class='easy-footnote'><a href='http:\/\/vincentians.com\/en\/the-life-of-vincent-de-paul-abelly-book-iii-chapter-xxiv-section-iii\/#easy-footnote-bottom-4-108652' title='Based on Heb 1:3.'><sup>4<\/sup><\/a><\/span> and Saint John says, &#8220;he is the light which enlightens all those who come into the world.&#8221;<span id='easy-footnote-5-108652' class='easy-footnote-margin-adjust'><\/span><span class='easy-footnote'><a href='http:\/\/vincentians.com\/en\/the-life-of-vincent-de-paul-abelly-book-iii-chapter-xxiv-section-iii\/#easy-footnote-bottom-5-108652' title='John 1:9.'><sup>5<\/sup><\/a><\/span>\n<p>We notice that higher causes influence the lower, as for example, the angels who are in a superior hierarchy brighten, illumine, and perfect the intelligences of the lower hierarchy. The same thing applies to a superior. The pastor and director ought to cleanse, enlighten, and unite to God the souls who have been confided to his care by God himself.<\/p>\n<p>Just as the heavens shed their blessings upon the earth, those placed over others should extend to those others the same spirit which moves them. For this to happen you must be full of grace, light, and good deeds, just as you see the sun giving its full light to the other stars.<\/p>\n<p>Finally, you must be the salt of the earth, Vos estis sal terrae, preventing corruption from creeping into the flock you shepherd.<span id='easy-footnote-6-108652' class='easy-footnote-margin-adjust'><\/span><span class='easy-footnote'><a href='http:\/\/vincentians.com\/en\/the-life-of-vincent-de-paul-abelly-book-iii-chapter-xxiv-section-iii\/#easy-footnote-bottom-6-108652' title='Matt 5:13.'><sup>6<\/sup><\/a><\/span>\n<p>After Monsieur Vincent had spoken in this way, with a zeal and charity that I cannot express, a brother of the Company interrupted him. He came to discuss some matters about the house of Saint Lazare. After the brother left, he took the opportunity to give me the following advice:<\/p>\n<p>You see, Monsieur, how we have to go from considering the things of God to temporal matters. You must understand that a superior must be concerned not only with spiritual matters but with the temporal as well. Since those he has charge of are creatures both of body and soul, he must look after the needs of both. In this, he follows the example of God himself. From all eternity he engenders the Son, and the Father and the Son give rise through their mutual love to the Holy Spirit, but besides these operations ad intra [&#8220;internally&#8221;], I say, he created the world ad extra [&#8220;externally&#8221;]. He is continually concerned for his creation. Every year he provides new crops from the fields, and new fruit from the trees. His adorable Providence extends to the least things, so that not a leaf falls from a tree without his consent. He counts the hairs of our head, and feeds the insects, even to the smallest mite. This thought seems strong to me. It makes us realize that he must be concerned not only with spiritual things, but also since he in some way represents the power of God, he must attend to temporal things too. Nothing should be too small to be unworthy of his attention. Give yourself to God to obtain the temporal good of the house where you are going.<\/p>\n<p>The Son of God when he first sent his apostles out on mission, told them to carry no money. Later, however, when the number of disciples increased, he willed that there would be one of his band, qui loculos haberet [&#8220;who would have the purse&#8221;].<span id='easy-footnote-7-108652' class='easy-footnote-margin-adjust'><\/span><span class='easy-footnote'><a href='http:\/\/vincentians.com\/en\/the-life-of-vincent-de-paul-abelly-book-iii-chapter-xxiv-section-iii\/#easy-footnote-bottom-7-108652' title='Based on John 13:29.'><sup>7<\/sup><\/a><\/span> He would not only give to the poor, but would look after the needs of the group. Besides that, he allowed some women to accompany him, quae ministrabant ei [&#8220;who used to minister to him&#8221;].<span id='easy-footnote-8-108652' class='easy-footnote-margin-adjust'><\/span><span class='easy-footnote'><a href='http:\/\/vincentians.com\/en\/the-life-of-vincent-de-paul-abelly-book-iii-chapter-xxiv-section-iii\/#easy-footnote-bottom-8-108652' title='Based on Mark 15:41.'><sup>8<\/sup><\/a><\/span> He told us in the Gospel that we should not be concerned with tomorrow. By this we understand that we should not be too worried or solicitous about the goods of the earth. He did not absolutely counsel us to neglect the means of life and care for our clothing, otherwise, we would never sow any seed.<\/p>\n<p>I have finished what I wanted to say. That is enough for today. I repeat what I already said, that what you are about to undertake is a great work, grande opus. I pray that our Lord will bless your leadership. Please join me in praying he will forgive me all the faults which I have committed in the position I now hold.<span id='easy-footnote-9-108652' class='easy-footnote-margin-adjust'><\/span><span class='easy-footnote'><a href='http:\/\/vincentians.com\/en\/the-life-of-vincent-de-paul-abelly-book-iii-chapter-xxiv-section-iii\/#easy-footnote-bottom-9-108652' title='CED XI:342-51; the recipient of the advice was Antoine Durand, named superior of the seminary of Agde.'><sup>9<\/sup><\/a><\/span>\n","protected":false},"excerpt":{"rendered":"<p>SECTION THREE: Advice Given by Monsieur Vincent to a Priest of the Congregation Before Sending Him to Assume the Direction of One of the Houses O Monsieur, how great it is to be called by &#8230; <a href=\"http:\/\/vincentians.com\/en\/the-life-of-vincent-de-paul-abelly-book-iii-chapter-xxiv-section-iii\/\" class=\"more-link\">Read More<\/a><\/p>\n","protected":false},"author":4,"featured_media":149583,"comment_status":"open","ping_status":"open","sticky":false,"template":"","format":"standard","meta":{"jetpack_post_was_ever_published":false,"_jetpack_newsletter_access":"","_jetpack_dont_email_post_to_subs":false,"_jetpack_newsletter_tier_id":0,"_jetpack_memberships_contains_paywalled_content":false,"_jetpack_memberships_contains_paid_content":false,"footnotes":"","jetpack_publicize_message":"","jetpack_publicize_feature_enabled":true,"jetpack_social_post_already_shared":true,"jetpack_social_options":{"image_generator_settings":{"template":"highway","default_image_id":0,"font":"","enabled":false},"version":2}},"categories":[5],"tags":[],"class_list":["post-108652","post","type-post","status-publish","format-standard","has-post-thumbnail","hentry","category-vincent-de-paul"],"yoast_head":"<!-- This site is optimized with the Yoast SEO plugin v26.3 - https:\/\/yoast.com\/wordpress\/plugins\/seo\/ -->\n<title>The Life of Vincent de Paul (Abelly): Book III, Chapter XXIV, Section III - We are Vincentians<\/title>\n<meta name=\"robots\" content=\"index, follow, max-snippet:-1, max-image-preview:large, max-video-preview:-1\" \/>\n<link rel=\"canonical\" href=\"http:\/\/vincentians.com\/en\/the-life-of-vincent-de-paul-abelly-book-iii-chapter-xxiv-section-iii\/\" \/>\n<meta property=\"og:locale\" content=\"en_US\" \/>\n<meta property=\"og:type\" content=\"article\" \/>\n<meta property=\"og:title\" content=\"The Life of Vincent de Paul (Abelly): Book III, Chapter XXIV, Section III - We are Vincentians\" \/>\n<meta property=\"og:description\" content=\"SECTION THREE: Advice Given by Monsieur Vincent to a Priest of the Congregation Before Sending Him to Assume the Direction of One of the Houses O Monsieur, how great it is to be called by ... Read More\" \/>\n<meta property=\"og:url\" content=\"http:\/\/vincentians.com\/en\/the-life-of-vincent-de-paul-abelly-book-iii-chapter-xxiv-section-iii\/\" \/>\n<meta property=\"og:site_name\" content=\"We are Vincentians\" \/>\n<meta property=\"article:publisher\" content=\"https:\/\/www.facebook.com\/WeAreVincentians\/\" \/>\n<meta property=\"article:author\" content=\"https:\/\/www.facebook.com\/JavierChento\" \/>\n<meta property=\"article:published_time\" content=\"2016-12-18T05:00:35+00:00\" \/>\n<meta property=\"og:image\" content=\"https:\/\/i0.wp.com\/vincentians.com\/en\/wp-content\/uploads\/sites\/2\/2016\/07\/abelly-feat.jpg?fit=1200%2C630\" \/>\n\t<meta property=\"og:image:width\" content=\"1200\" \/>\n\t<meta property=\"og:image:height\" content=\"630\" \/>\n\t<meta property=\"og:image:type\" content=\"image\/jpeg\" \/>\n<meta name=\"author\" content=\"Francisco Javier Fern\u00e1ndez Chento\" \/>\n<meta name=\"twitter:card\" content=\"summary_large_image\" \/>\n<meta name=\"twitter:creator\" content=\"@https:\/\/twitter.com\/javierchento\" \/>\n<meta name=\"twitter:site\" content=\"@WeVincentians\" \/>\n<meta name=\"twitter:label1\" content=\"Written by\" \/>\n\t<meta name=\"twitter:data1\" content=\"Francisco Javier Fern\u00e1ndez Chento\" \/>\n\t<meta name=\"twitter:label2\" content=\"Est. reading time\" \/>\n\t<meta name=\"twitter:data2\" content=\"13 minutes\" \/>\n<script type=\"application\/ld+json\" class=\"yoast-schema-graph\">{\"@context\":\"https:\/\/schema.org\",\"@graph\":[{\"@type\":\"Article\",\"@id\":\"http:\/\/vincentians.com\/en\/the-life-of-vincent-de-paul-abelly-book-iii-chapter-xxiv-section-iii\/#article\",\"isPartOf\":{\"@id\":\"http:\/\/vincentians.com\/en\/the-life-of-vincent-de-paul-abelly-book-iii-chapter-xxiv-section-iii\/\"},\"author\":{\"name\":\"Francisco Javier Fern\u00e1ndez Chento\",\"@id\":\"https:\/\/vincentians.com\/en\/#\/schema\/person\/9623ef4d9aa3b2dfb8c061f1499288f2\"},\"headline\":\"The Life of Vincent de Paul (Abelly): Book III, Chapter XXIV, Section III\",\"datePublished\":\"2016-12-18T05:00:35+00:00\",\"mainEntityOfPage\":{\"@id\":\"http:\/\/vincentians.com\/en\/the-life-of-vincent-de-paul-abelly-book-iii-chapter-xxiv-section-iii\/\"},\"wordCount\":2595,\"commentCount\":0,\"publisher\":{\"@id\":\"https:\/\/vincentians.com\/en\/#organization\"},\"image\":{\"@id\":\"http:\/\/vincentians.com\/en\/the-life-of-vincent-de-paul-abelly-book-iii-chapter-xxiv-section-iii\/#primaryimage\"},\"thumbnailUrl\":\"https:\/\/i0.wp.com\/vincentians.com\/en\/wp-content\/uploads\/sites\/2\/2016\/07\/abelly-feat.jpg?fit=1200%2C630\",\"articleSection\":[\"Vincent de Paul\"],\"inLanguage\":\"en-US\",\"potentialAction\":[{\"@type\":\"CommentAction\",\"name\":\"Comment\",\"target\":[\"http:\/\/vincentians.com\/en\/the-life-of-vincent-de-paul-abelly-book-iii-chapter-xxiv-section-iii\/#respond\"]}]},{\"@type\":\"WebPage\",\"@id\":\"http:\/\/vincentians.com\/en\/the-life-of-vincent-de-paul-abelly-book-iii-chapter-xxiv-section-iii\/\",\"url\":\"http:\/\/vincentians.com\/en\/the-life-of-vincent-de-paul-abelly-book-iii-chapter-xxiv-section-iii\/\",\"name\":\"The Life of Vincent de Paul (Abelly): Book III, Chapter XXIV, Section III - We are Vincentians\",\"isPartOf\":{\"@id\":\"https:\/\/vincentians.com\/en\/#website\"},\"primaryImageOfPage\":{\"@id\":\"http:\/\/vincentians.com\/en\/the-life-of-vincent-de-paul-abelly-book-iii-chapter-xxiv-section-iii\/#primaryimage\"},\"image\":{\"@id\":\"http:\/\/vincentians.com\/en\/the-life-of-vincent-de-paul-abelly-book-iii-chapter-xxiv-section-iii\/#primaryimage\"},\"thumbnailUrl\":\"https:\/\/i0.wp.com\/vincentians.com\/en\/wp-content\/uploads\/sites\/2\/2016\/07\/abelly-feat.jpg?fit=1200%2C630\",\"datePublished\":\"2016-12-18T05:00:35+00:00\",\"breadcrumb\":{\"@id\":\"http:\/\/vincentians.com\/en\/the-life-of-vincent-de-paul-abelly-book-iii-chapter-xxiv-section-iii\/#breadcrumb\"},\"inLanguage\":\"en-US\",\"potentialAction\":[{\"@type\":\"ReadAction\",\"target\":[\"http:\/\/vincentians.com\/en\/the-life-of-vincent-de-paul-abelly-book-iii-chapter-xxiv-section-iii\/\"]}]},{\"@type\":\"ImageObject\",\"inLanguage\":\"en-US\",\"@id\":\"http:\/\/vincentians.com\/en\/the-life-of-vincent-de-paul-abelly-book-iii-chapter-xxiv-section-iii\/#primaryimage\",\"url\":\"https:\/\/i0.wp.com\/vincentians.com\/en\/wp-content\/uploads\/sites\/2\/2016\/07\/abelly-feat.jpg?fit=1200%2C630\",\"contentUrl\":\"https:\/\/i0.wp.com\/vincentians.com\/en\/wp-content\/uploads\/sites\/2\/2016\/07\/abelly-feat.jpg?fit=1200%2C630\",\"width\":1200,\"height\":630},{\"@type\":\"BreadcrumbList\",\"@id\":\"http:\/\/vincentians.com\/en\/the-life-of-vincent-de-paul-abelly-book-iii-chapter-xxiv-section-iii\/#breadcrumb\",\"itemListElement\":[{\"@type\":\"ListItem\",\"position\":1,\"name\":\"Portada\",\"item\":\"https:\/\/vincentians.com\/en\/\"},{\"@type\":\"ListItem\",\"position\":2,\"name\":\"The Life of Vincent de Paul (Abelly): Book III, Chapter XXIV, Section III\"}]},{\"@type\":\"WebSite\",\"@id\":\"https:\/\/vincentians.com\/en\/#website\",\"url\":\"https:\/\/vincentians.com\/en\/\",\"name\":\"We are Vincentians\",\"description\":\"Know more to serve more\",\"publisher\":{\"@id\":\"https:\/\/vincentians.com\/en\/#organization\"},\"potentialAction\":[{\"@type\":\"SearchAction\",\"target\":{\"@type\":\"EntryPoint\",\"urlTemplate\":\"https:\/\/vincentians.com\/en\/?s={search_term_string}\"},\"query-input\":{\"@type\":\"PropertyValueSpecification\",\"valueRequired\":true,\"valueName\":\"search_term_string\"}}],\"inLanguage\":\"en-US\"},{\"@type\":\"Organization\",\"@id\":\"https:\/\/vincentians.com\/en\/#organization\",\"name\":\"The Vincentian Network\",\"url\":\"https:\/\/vincentians.com\/en\/\",\"logo\":{\"@type\":\"ImageObject\",\"inLanguage\":\"en-US\",\"@id\":\"https:\/\/vincentians.com\/en\/#\/schema\/logo\/image\/\",\"url\":\"https:\/\/i1.wp.com\/vincentians.com\/en\/wp-content\/uploads\/sites\/2\/2016\/06\/Vincentian-Network-logo-big.png?fit=778%2C778&ssl=1\",\"contentUrl\":\"https:\/\/i1.wp.com\/vincentians.com\/en\/wp-content\/uploads\/sites\/2\/2016\/06\/Vincentian-Network-logo-big.png?fit=778%2C778&ssl=1\",\"width\":778,\"height\":778,\"caption\":\"The Vincentian Network\"},\"image\":{\"@id\":\"https:\/\/vincentians.com\/en\/#\/schema\/logo\/image\/\"},\"sameAs\":[\"https:\/\/www.facebook.com\/WeAreVincentians\/\",\"https:\/\/x.com\/WeVincentians\"]},{\"@type\":\"Person\",\"@id\":\"https:\/\/vincentians.com\/en\/#\/schema\/person\/9623ef4d9aa3b2dfb8c061f1499288f2\",\"name\":\"Francisco Javier Fern\u00e1ndez Chento\",\"image\":{\"@type\":\"ImageObject\",\"inLanguage\":\"en-US\",\"@id\":\"https:\/\/vincentians.com\/en\/#\/schema\/person\/image\/\",\"url\":\"https:\/\/secure.gravatar.com\/avatar\/497d5cde87b4c3d097d0315953521681ba2cd523ee66e5077c3711f7021e65de?s=96&d=mm&r=g\",\"contentUrl\":\"https:\/\/secure.gravatar.com\/avatar\/497d5cde87b4c3d097d0315953521681ba2cd523ee66e5077c3711f7021e65de?s=96&d=mm&r=g\",\"caption\":\"Francisco Javier Fern\u00e1ndez Chento\"},\"description\":\"Director General y cofundador de La Red de Formaci\u00f3n Vicenciana. Javier es laico vicenciano, afiliado a la Congregaci\u00f3n de la Misi\u00f3n y miembro del Equipo de Misiones Populares de la provincia can\u00f3nica de Zaragoza (Espa\u00f1a) de la Congregaci\u00f3n de la Misi\u00f3n. Graduado en la Universidad Oberta de Catalunya con cuatro grados (Asistente de direcci\u00f3n, Gesti\u00f3n Administrativa, Recursos Humanos y Contabilidad Avanzada). Bil\u00edng\u00fce Espa\u00f1ol\/Ingl\u00e9s. gestiona y mantiene varias p\u00e1ginas web cristianas y vicencianas, incluida including La Red de Formaci\u00f3n Vicenciana, de la que es cofundador. Actualmente es responsable del \u00e1rea de Espa\u00f1ol de .famvin, la Red de Noticias de la Familia Vicenciana. Tambi\u00e9n es m\u00fasico cat\u00f3lico y ha editado varios discos. Es Director General y cofundador de Trovador, una reconocida compa\u00f1\u00eda discogr\u00e1fica critiana de Espa\u00f1a. Trabaja en las Tecnolog\u00edas de la Informaci\u00f3n, ofreciendo servicios de alojamiento, dise\u00f1o y mantenimiento Web, as\u00ed como asesoramiento, formaci\u00f3n y soluciones inform\u00e1ticas, gesti\u00f3n documental y digitalizaci\u00f3n de textos, edici\u00f3n y maquetaci\u00f3n de libros, revistas, flyers, etc.\",\"sameAs\":[\"http:\/\/chento.org\",\"https:\/\/www.facebook.com\/JavierChento\",\"https:\/\/x.com\/https:\/\/twitter.com\/javierchento\"],\"url\":\"http:\/\/vincentians.com\/en\/author\/chento\/\"}]}<\/script>\n<!-- \/ Yoast SEO plugin. -->","yoast_head_json":{"title":"The Life of Vincent de Paul (Abelly): Book III, Chapter XXIV, Section III - We are Vincentians","robots":{"index":"index","follow":"follow","max-snippet":"max-snippet:-1","max-image-preview":"max-image-preview:large","max-video-preview":"max-video-preview:-1"},"canonical":"http:\/\/vincentians.com\/en\/the-life-of-vincent-de-paul-abelly-book-iii-chapter-xxiv-section-iii\/","og_locale":"en_US","og_type":"article","og_title":"The Life of Vincent de Paul (Abelly): Book III, Chapter XXIV, Section III - We are Vincentians","og_description":"SECTION THREE: Advice Given by Monsieur Vincent to a Priest of the Congregation Before Sending Him to Assume the Direction of One of the Houses O Monsieur, how great it is to be called by ... Read More","og_url":"http:\/\/vincentians.com\/en\/the-life-of-vincent-de-paul-abelly-book-iii-chapter-xxiv-section-iii\/","og_site_name":"We are Vincentians","article_publisher":"https:\/\/www.facebook.com\/WeAreVincentians\/","article_author":"https:\/\/www.facebook.com\/JavierChento","article_published_time":"2016-12-18T05:00:35+00:00","og_image":[{"width":1200,"height":630,"url":"https:\/\/i0.wp.com\/vincentians.com\/en\/wp-content\/uploads\/sites\/2\/2016\/07\/abelly-feat.jpg?fit=1200%2C630","type":"image\/jpeg"}],"author":"Francisco Javier Fern\u00e1ndez Chento","twitter_card":"summary_large_image","twitter_creator":"@https:\/\/twitter.com\/javierchento","twitter_site":"@WeVincentians","twitter_misc":{"Written by":"Francisco Javier Fern\u00e1ndez Chento","Est. reading time":"13 minutes"},"schema":{"@context":"https:\/\/schema.org","@graph":[{"@type":"Article","@id":"http:\/\/vincentians.com\/en\/the-life-of-vincent-de-paul-abelly-book-iii-chapter-xxiv-section-iii\/#article","isPartOf":{"@id":"http:\/\/vincentians.com\/en\/the-life-of-vincent-de-paul-abelly-book-iii-chapter-xxiv-section-iii\/"},"author":{"name":"Francisco Javier Fern\u00e1ndez Chento","@id":"https:\/\/vincentians.com\/en\/#\/schema\/person\/9623ef4d9aa3b2dfb8c061f1499288f2"},"headline":"The Life of Vincent de Paul (Abelly): Book III, Chapter XXIV, Section III","datePublished":"2016-12-18T05:00:35+00:00","mainEntityOfPage":{"@id":"http:\/\/vincentians.com\/en\/the-life-of-vincent-de-paul-abelly-book-iii-chapter-xxiv-section-iii\/"},"wordCount":2595,"commentCount":0,"publisher":{"@id":"https:\/\/vincentians.com\/en\/#organization"},"image":{"@id":"http:\/\/vincentians.com\/en\/the-life-of-vincent-de-paul-abelly-book-iii-chapter-xxiv-section-iii\/#primaryimage"},"thumbnailUrl":"https:\/\/i0.wp.com\/vincentians.com\/en\/wp-content\/uploads\/sites\/2\/2016\/07\/abelly-feat.jpg?fit=1200%2C630","articleSection":["Vincent de Paul"],"inLanguage":"en-US","potentialAction":[{"@type":"CommentAction","name":"Comment","target":["http:\/\/vincentians.com\/en\/the-life-of-vincent-de-paul-abelly-book-iii-chapter-xxiv-section-iii\/#respond"]}]},{"@type":"WebPage","@id":"http:\/\/vincentians.com\/en\/the-life-of-vincent-de-paul-abelly-book-iii-chapter-xxiv-section-iii\/","url":"http:\/\/vincentians.com\/en\/the-life-of-vincent-de-paul-abelly-book-iii-chapter-xxiv-section-iii\/","name":"The Life of Vincent de Paul (Abelly): Book III, Chapter XXIV, Section III - We are Vincentians","isPartOf":{"@id":"https:\/\/vincentians.com\/en\/#website"},"primaryImageOfPage":{"@id":"http:\/\/vincentians.com\/en\/the-life-of-vincent-de-paul-abelly-book-iii-chapter-xxiv-section-iii\/#primaryimage"},"image":{"@id":"http:\/\/vincentians.com\/en\/the-life-of-vincent-de-paul-abelly-book-iii-chapter-xxiv-section-iii\/#primaryimage"},"thumbnailUrl":"https:\/\/i0.wp.com\/vincentians.com\/en\/wp-content\/uploads\/sites\/2\/2016\/07\/abelly-feat.jpg?fit=1200%2C630","datePublished":"2016-12-18T05:00:35+00:00","breadcrumb":{"@id":"http:\/\/vincentians.com\/en\/the-life-of-vincent-de-paul-abelly-book-iii-chapter-xxiv-section-iii\/#breadcrumb"},"inLanguage":"en-US","potentialAction":[{"@type":"ReadAction","target":["http:\/\/vincentians.com\/en\/the-life-of-vincent-de-paul-abelly-book-iii-chapter-xxiv-section-iii\/"]}]},{"@type":"ImageObject","inLanguage":"en-US","@id":"http:\/\/vincentians.com\/en\/the-life-of-vincent-de-paul-abelly-book-iii-chapter-xxiv-section-iii\/#primaryimage","url":"https:\/\/i0.wp.com\/vincentians.com\/en\/wp-content\/uploads\/sites\/2\/2016\/07\/abelly-feat.jpg?fit=1200%2C630","contentUrl":"https:\/\/i0.wp.com\/vincentians.com\/en\/wp-content\/uploads\/sites\/2\/2016\/07\/abelly-feat.jpg?fit=1200%2C630","width":1200,"height":630},{"@type":"BreadcrumbList","@id":"http:\/\/vincentians.com\/en\/the-life-of-vincent-de-paul-abelly-book-iii-chapter-xxiv-section-iii\/#breadcrumb","itemListElement":[{"@type":"ListItem","position":1,"name":"Portada","item":"https:\/\/vincentians.com\/en\/"},{"@type":"ListItem","position":2,"name":"The Life of Vincent de Paul (Abelly): Book III, Chapter XXIV, Section III"}]},{"@type":"WebSite","@id":"https:\/\/vincentians.com\/en\/#website","url":"https:\/\/vincentians.com\/en\/","name":"We are Vincentians","description":"Know more to serve more","publisher":{"@id":"https:\/\/vincentians.com\/en\/#organization"},"potentialAction":[{"@type":"SearchAction","target":{"@type":"EntryPoint","urlTemplate":"https:\/\/vincentians.com\/en\/?s={search_term_string}"},"query-input":{"@type":"PropertyValueSpecification","valueRequired":true,"valueName":"search_term_string"}}],"inLanguage":"en-US"},{"@type":"Organization","@id":"https:\/\/vincentians.com\/en\/#organization","name":"The Vincentian Network","url":"https:\/\/vincentians.com\/en\/","logo":{"@type":"ImageObject","inLanguage":"en-US","@id":"https:\/\/vincentians.com\/en\/#\/schema\/logo\/image\/","url":"https:\/\/i1.wp.com\/vincentians.com\/en\/wp-content\/uploads\/sites\/2\/2016\/06\/Vincentian-Network-logo-big.png?fit=778%2C778&ssl=1","contentUrl":"https:\/\/i1.wp.com\/vincentians.com\/en\/wp-content\/uploads\/sites\/2\/2016\/06\/Vincentian-Network-logo-big.png?fit=778%2C778&ssl=1","width":778,"height":778,"caption":"The Vincentian Network"},"image":{"@id":"https:\/\/vincentians.com\/en\/#\/schema\/logo\/image\/"},"sameAs":["https:\/\/www.facebook.com\/WeAreVincentians\/","https:\/\/x.com\/WeVincentians"]},{"@type":"Person","@id":"https:\/\/vincentians.com\/en\/#\/schema\/person\/9623ef4d9aa3b2dfb8c061f1499288f2","name":"Francisco Javier Fern\u00e1ndez Chento","image":{"@type":"ImageObject","inLanguage":"en-US","@id":"https:\/\/vincentians.com\/en\/#\/schema\/person\/image\/","url":"https:\/\/secure.gravatar.com\/avatar\/497d5cde87b4c3d097d0315953521681ba2cd523ee66e5077c3711f7021e65de?s=96&d=mm&r=g","contentUrl":"https:\/\/secure.gravatar.com\/avatar\/497d5cde87b4c3d097d0315953521681ba2cd523ee66e5077c3711f7021e65de?s=96&d=mm&r=g","caption":"Francisco Javier Fern\u00e1ndez Chento"},"description":"Director General y cofundador de La Red de Formaci\u00f3n Vicenciana. Javier es laico vicenciano, afiliado a la Congregaci\u00f3n de la Misi\u00f3n y miembro del Equipo de Misiones Populares de la provincia can\u00f3nica de Zaragoza (Espa\u00f1a) de la Congregaci\u00f3n de la Misi\u00f3n. Graduado en la Universidad Oberta de Catalunya con cuatro grados (Asistente de direcci\u00f3n, Gesti\u00f3n Administrativa, Recursos Humanos y Contabilidad Avanzada). Bil\u00edng\u00fce Espa\u00f1ol\/Ingl\u00e9s. gestiona y mantiene varias p\u00e1ginas web cristianas y vicencianas, incluida including La Red de Formaci\u00f3n Vicenciana, de la que es cofundador. Actualmente es responsable del \u00e1rea de Espa\u00f1ol de .famvin, la Red de Noticias de la Familia Vicenciana. Tambi\u00e9n es m\u00fasico cat\u00f3lico y ha editado varios discos. Es Director General y cofundador de Trovador, una reconocida compa\u00f1\u00eda discogr\u00e1fica critiana de Espa\u00f1a. Trabaja en las Tecnolog\u00edas de la Informaci\u00f3n, ofreciendo servicios de alojamiento, dise\u00f1o y mantenimiento Web, as\u00ed como asesoramiento, formaci\u00f3n y soluciones inform\u00e1ticas, gesti\u00f3n documental y digitalizaci\u00f3n de textos, edici\u00f3n y maquetaci\u00f3n de libros, revistas, flyers, etc.","sameAs":["http:\/\/chento.org","https:\/\/www.facebook.com\/JavierChento","https:\/\/x.com\/https:\/\/twitter.com\/javierchento"],"url":"http:\/\/vincentians.com\/en\/author\/chento\/"}]}},"jetpack_publicize_connections":[],"jetpack_featured_media_url":"https:\/\/i0.wp.com\/vincentians.com\/en\/wp-content\/uploads\/sites\/2\/2016\/07\/abelly-feat.jpg?fit=1200%2C630","jetpack_sharing_enabled":true,"jetpack_shortlink":"https:\/\/wp.me\/p7K2Ow-sgs","jetpack-related-posts":[{"id":106963,"url":"http:\/\/vincentians.com\/en\/the-life-of-vincent-de-paul-abelly-book-ii-chapter-i-section-vii-part-i\/","url_meta":{"origin":108652,"position":0},"title":"The Life of Vincent de Paul (Abelly): Book II, Chapter I, Section VII, Part I","author":"Francisco Javier Fern\u00e1ndez Chento","date":"September 13, 2016","format":false,"excerpt":"SECTION SEVEN: The More Remarkable Events in the Missions of the Barbary States Although the missions authorized by Monsieur Vincent in France, Italy, and surrounding areas were greatly blessed, as we have seen in the preceding sections, we must affirm that the ones given in more distant regions have also\u2026","rel":"","context":"In &quot;Vincent de Paul&quot;","block_context":{"text":"Vincent de Paul","link":"http:\/\/vincentians.com\/en\/category\/the-vincentian-family\/founders\/vincent-de-paul\/"},"img":{"alt_text":"","src":"https:\/\/i0.wp.com\/vincentians.com\/en\/wp-content\/uploads\/sites\/2\/2016\/07\/abelly-feat.jpg?fit=1200%2C630&resize=350%2C200","width":350,"height":200,"srcset":"https:\/\/i0.wp.com\/vincentians.com\/en\/wp-content\/uploads\/sites\/2\/2016\/07\/abelly-feat.jpg?fit=1200%2C630&resize=350%2C200 1x, https:\/\/i0.wp.com\/vincentians.com\/en\/wp-content\/uploads\/sites\/2\/2016\/07\/abelly-feat.jpg?fit=1200%2C630&resize=525%2C300 1.5x, https:\/\/i0.wp.com\/vincentians.com\/en\/wp-content\/uploads\/sites\/2\/2016\/07\/abelly-feat.jpg?fit=1200%2C630&resize=700%2C400 2x, https:\/\/i0.wp.com\/vincentians.com\/en\/wp-content\/uploads\/sites\/2\/2016\/07\/abelly-feat.jpg?fit=1200%2C630&resize=1050%2C600 3x"},"classes":[]},{"id":106550,"url":"http:\/\/vincentians.com\/en\/the-life-of-vincent-de-paul-abelly-book-ii-chapter-i-section-ii-part-iii\/","url_meta":{"origin":108652,"position":1},"title":"The Life of Vincent de Paul (Abelly): Book II, Chapter I, Section II, Part III","author":"Francisco Javier Fern\u00e1ndez Chento","date":"September 2, 2016","format":false,"excerpt":"PART THREE: The Dioceses of Mende and Saint Flour The diocese of Mende in the Cevennes was overrun by heretics. On several occasions Monsieur Vincent had sent his missionaries, either to attempt to bring the heretics back to the faith or to strengthen the Catholics and prevent them from falling\u2026","rel":"","context":"In &quot;Vincent de Paul&quot;","block_context":{"text":"Vincent de Paul","link":"http:\/\/vincentians.com\/en\/category\/the-vincentian-family\/founders\/vincent-de-paul\/"},"img":{"alt_text":"","src":"https:\/\/i0.wp.com\/vincentians.com\/en\/wp-content\/uploads\/sites\/2\/2016\/07\/abelly-feat.jpg?fit=1200%2C630&resize=350%2C200","width":350,"height":200,"srcset":"https:\/\/i0.wp.com\/vincentians.com\/en\/wp-content\/uploads\/sites\/2\/2016\/07\/abelly-feat.jpg?fit=1200%2C630&resize=350%2C200 1x, https:\/\/i0.wp.com\/vincentians.com\/en\/wp-content\/uploads\/sites\/2\/2016\/07\/abelly-feat.jpg?fit=1200%2C630&resize=525%2C300 1.5x, https:\/\/i0.wp.com\/vincentians.com\/en\/wp-content\/uploads\/sites\/2\/2016\/07\/abelly-feat.jpg?fit=1200%2C630&resize=700%2C400 2x, https:\/\/i0.wp.com\/vincentians.com\/en\/wp-content\/uploads\/sites\/2\/2016\/07\/abelly-feat.jpg?fit=1200%2C630&resize=1050%2C600 3x"},"classes":[]},{"id":107397,"url":"http:\/\/vincentians.com\/en\/the-life-of-vincent-de-paul-abelly-book-ii-chapter-iii-section-ii\/","url_meta":{"origin":108652,"position":2},"title":"The Life of Vincent de Paul (Abelly): Book II, Chapter III, Section II","author":"Francisco Javier Fern\u00e1ndez Chento","date":"October 12, 2016","format":false,"excerpt":"SECTION TWO: The Progress of This Company, and the Successes It Enjoyed This Company, begun so well under the wise guidance of Monsieur Vincent, continued to enjoy new blessings, which God conferred upon it through the hands of his faithful servant. Among the first fruits was the growth of the\u2026","rel":"","context":"In &quot;Vincent de Paul&quot;","block_context":{"text":"Vincent de Paul","link":"http:\/\/vincentians.com\/en\/category\/the-vincentian-family\/founders\/vincent-de-paul\/"},"img":{"alt_text":"","src":"https:\/\/i0.wp.com\/vincentians.com\/en\/wp-content\/uploads\/sites\/2\/2016\/07\/abelly-feat.jpg?fit=1200%2C630&resize=350%2C200","width":350,"height":200,"srcset":"https:\/\/i0.wp.com\/vincentians.com\/en\/wp-content\/uploads\/sites\/2\/2016\/07\/abelly-feat.jpg?fit=1200%2C630&resize=350%2C200 1x, https:\/\/i0.wp.com\/vincentians.com\/en\/wp-content\/uploads\/sites\/2\/2016\/07\/abelly-feat.jpg?fit=1200%2C630&resize=525%2C300 1.5x, https:\/\/i0.wp.com\/vincentians.com\/en\/wp-content\/uploads\/sites\/2\/2016\/07\/abelly-feat.jpg?fit=1200%2C630&resize=700%2C400 2x, https:\/\/i0.wp.com\/vincentians.com\/en\/wp-content\/uploads\/sites\/2\/2016\/07\/abelly-feat.jpg?fit=1200%2C630&resize=1050%2C600 3x"},"classes":[]},{"id":107386,"url":"http:\/\/vincentians.com\/en\/the-life-of-vincent-de-paul-abelly-book-ii-chapter-ii-section-i\/","url_meta":{"origin":108652,"position":3},"title":"The Life of Vincent de Paul (Abelly): Book II, Chapter II, Section I","author":"Francisco Javier Fern\u00e1ndez Chento","date":"October 5, 2016","format":false,"excerpt":"CHAPTER TWO: The Spiritual Exercises to Prepare for the Proper Reception of Holy Orders SECTION ONE: The Pressing Need of Clergy Reform at the Time Monsieur Vincent Established the Ordination Retreats In the previous chapter we have seen the abundant blessings God had poured forth on the missions of Monsieur\u2026","rel":"","context":"In &quot;Vincent de Paul&quot;","block_context":{"text":"Vincent de Paul","link":"http:\/\/vincentians.com\/en\/category\/the-vincentian-family\/founders\/vincent-de-paul\/"},"img":{"alt_text":"","src":"https:\/\/i0.wp.com\/vincentians.com\/en\/wp-content\/uploads\/sites\/2\/2016\/07\/abelly-feat.jpg?fit=1200%2C630&resize=350%2C200","width":350,"height":200,"srcset":"https:\/\/i0.wp.com\/vincentians.com\/en\/wp-content\/uploads\/sites\/2\/2016\/07\/abelly-feat.jpg?fit=1200%2C630&resize=350%2C200 1x, https:\/\/i0.wp.com\/vincentians.com\/en\/wp-content\/uploads\/sites\/2\/2016\/07\/abelly-feat.jpg?fit=1200%2C630&resize=525%2C300 1.5x, https:\/\/i0.wp.com\/vincentians.com\/en\/wp-content\/uploads\/sites\/2\/2016\/07\/abelly-feat.jpg?fit=1200%2C630&resize=700%2C400 2x, https:\/\/i0.wp.com\/vincentians.com\/en\/wp-content\/uploads\/sites\/2\/2016\/07\/abelly-feat.jpg?fit=1200%2C630&resize=1050%2C600 3x"},"classes":[]},{"id":105309,"url":"http:\/\/vincentians.com\/en\/the-life-of-vincent-de-paul-abelly-book-i-chapter-xxxi-bis\/","url_meta":{"origin":108652,"position":4},"title":"The Life of Vincent de Paul (Abelly): Book I, Chapter XXXI bis","author":"Francisco Javier Fern\u00e1ndez Chento","date":"August 3, 2016","format":false,"excerpt":"Note: This chapter was intended for inclusion by Abelly, but was published only in 1841 after it was recovered from the Sulpician archives. Monsieur Vincent's Collaboration with Father Olier in Various Pious Works Great servants of God, animated by the same spirit, should be fittingly associated with each other and\u2026","rel":"","context":"In &quot;Vincent de Paul&quot;","block_context":{"text":"Vincent de Paul","link":"http:\/\/vincentians.com\/en\/category\/the-vincentian-family\/founders\/vincent-de-paul\/"},"img":{"alt_text":"","src":"https:\/\/i0.wp.com\/vincentians.com\/en\/wp-content\/uploads\/sites\/2\/2016\/07\/abelly-feat.jpg?fit=1200%2C630&resize=350%2C200","width":350,"height":200,"srcset":"https:\/\/i0.wp.com\/vincentians.com\/en\/wp-content\/uploads\/sites\/2\/2016\/07\/abelly-feat.jpg?fit=1200%2C630&resize=350%2C200 1x, https:\/\/i0.wp.com\/vincentians.com\/en\/wp-content\/uploads\/sites\/2\/2016\/07\/abelly-feat.jpg?fit=1200%2C630&resize=525%2C300 1.5x, https:\/\/i0.wp.com\/vincentians.com\/en\/wp-content\/uploads\/sites\/2\/2016\/07\/abelly-feat.jpg?fit=1200%2C630&resize=700%2C400 2x, https:\/\/i0.wp.com\/vincentians.com\/en\/wp-content\/uploads\/sites\/2\/2016\/07\/abelly-feat.jpg?fit=1200%2C630&resize=1050%2C600 3x"},"classes":[]},{"id":107398,"url":"http:\/\/vincentians.com\/en\/the-life-of-vincent-de-paul-abelly-book-ii-chapter-iii-section-iii\/","url_meta":{"origin":108652,"position":5},"title":"The Life of Vincent de Paul (Abelly): Book II, Chapter III, Section III","author":"Francisco Javier Fern\u00e1ndez Chento","date":"October 13, 2016","format":false,"excerpt":"SECTION THREE: Missions Given by the Priests of This Company in Several Hospitals and Other Places in Paris Among all the possible services which the ecclesiastics might render, the missions were always thought of as the most useful and advantageous for the salvation of souls. Monsieur Vincent willingly accepted the\u2026","rel":"","context":"In &quot;Vincent de Paul&quot;","block_context":{"text":"Vincent de Paul","link":"http:\/\/vincentians.com\/en\/category\/the-vincentian-family\/founders\/vincent-de-paul\/"},"img":{"alt_text":"","src":"https:\/\/i0.wp.com\/vincentians.com\/en\/wp-content\/uploads\/sites\/2\/2016\/07\/abelly-feat.jpg?fit=1200%2C630&resize=350%2C200","width":350,"height":200,"srcset":"https:\/\/i0.wp.com\/vincentians.com\/en\/wp-content\/uploads\/sites\/2\/2016\/07\/abelly-feat.jpg?fit=1200%2C630&resize=350%2C200 1x, https:\/\/i0.wp.com\/vincentians.com\/en\/wp-content\/uploads\/sites\/2\/2016\/07\/abelly-feat.jpg?fit=1200%2C630&resize=525%2C300 1.5x, https:\/\/i0.wp.com\/vincentians.com\/en\/wp-content\/uploads\/sites\/2\/2016\/07\/abelly-feat.jpg?fit=1200%2C630&resize=700%2C400 2x, https:\/\/i0.wp.com\/vincentians.com\/en\/wp-content\/uploads\/sites\/2\/2016\/07\/abelly-feat.jpg?fit=1200%2C630&resize=1050%2C600 3x"},"classes":[]}],"_links":{"self":[{"href":"http:\/\/vincentians.com\/en\/wp-json\/wp\/v2\/posts\/108652","targetHints":{"allow":["GET"]}}],"collection":[{"href":"http:\/\/vincentians.com\/en\/wp-json\/wp\/v2\/posts"}],"about":[{"href":"http:\/\/vincentians.com\/en\/wp-json\/wp\/v2\/types\/post"}],"author":[{"embeddable":true,"href":"http:\/\/vincentians.com\/en\/wp-json\/wp\/v2\/users\/4"}],"replies":[{"embeddable":true,"href":"http:\/\/vincentians.com\/en\/wp-json\/wp\/v2\/comments?post=108652"}],"version-history":[{"count":0,"href":"http:\/\/vincentians.com\/en\/wp-json\/wp\/v2\/posts\/108652\/revisions"}],"wp:featuredmedia":[{"embeddable":true,"href":"http:\/\/vincentians.com\/en\/wp-json\/wp\/v2\/media\/149583"}],"wp:attachment":[{"href":"http:\/\/vincentians.com\/en\/wp-json\/wp\/v2\/media?parent=108652"}],"wp:term":[{"taxonomy":"category","embeddable":true,"href":"http:\/\/vincentians.com\/en\/wp-json\/wp\/v2\/categories?post=108652"},{"taxonomy":"post_tag","embeddable":true,"href":"http:\/\/vincentians.com\/en\/wp-json\/wp\/v2\/tags?post=108652"}],"curies":[{"name":"wp","href":"https:\/\/api.w.org\/{rel}","templated":true}]}}