{"id":108562,"date":"2013-12-14T00:17:20","date_gmt":"2013-12-13T23:17:20","guid":{"rendered":"http:\/\/vincentians.com\/?p=108562"},"modified":"2016-07-11T18:36:52","modified_gmt":"2016-07-11T16:36:52","slug":"third-sunday-of-advent-rosalino-reyes-dizon","status":"publish","type":"post","link":"http:\/\/vincentians.com\/en\/third-sunday-of-advent-rosalino-reyes-dizon\/","title":{"rendered":"Third Sunday of Advent (Rosalino Reyes Dizon)"},"content":{"rendered":"<p><i>Let your yes mean yes and your no mean no<\/i><i> (Jas 5, 12)<\/i><\/p>\n<p>Jesus and his co-workers attend to the needs of people of all kinds.\u00a0 This proves that Isaiah\u2019s prophecy about the messianic kingdom is being fulfilled.\u00a0 Do we participate in the mission of the Evangelizer of the poor?<\/p>\n<p>How we treat the most vulnerable is the measure of our Christian collaboration.\u00a0 If we turn our backs on them, then we are more brute animals than human beings, settling for the law of the jungle.\u00a0 According to St. Vincent de Paul, not to have pity on the afflicted is to be a caricature of a Christian, to lack humanity, to be worse than beasts (Coste XII, 271).<\/p>\n<p>Those who are truly human find loathsome that the greatest and the strongest isolate and target, as easy prey, the least and the weakest.\u00a0 No Christian can refuse compassion to present-day Lazarus lying helpless on the ground.<\/p>\n<p>Nor are disciples like a reed swayed by the wind.\u00a0 Firm, and with the known patience of farmers, faithful followers of Jesus proclaim the Good News to the poor.\u00a0 They are persistent in season and out of season; they convince, reprimand, encourage with great patience and careful instruction (2 Tim 4, 2).\u00a0 They bear in mind that Jesus did not choose those who wore fine clothing and lived in palaces for the reestablishment of Israel and the turning back of the temple, converted into center of commerce, into a house of prayer, or for the rebuilding of his Church in ruins.\u00a0 Hence, authentic disciples want a Church that is poor and for the poor (<i>Evangelii Gaudium<\/i> 198), at the same time that they denounce the causes of poverty.<\/p>\n<p>Those worthy of the name Christian condemn by deed and word, yes, all selfishness; they say no to an economy of exclusion, to the new idolatry of money which rules rather than serves, to the inequality which spawns violence, questioning even trickle-down theories (54).\u00a0 They do not fear accusers who may label them communists or socialists.<\/p>\n<p>And the reason for their strength and courage, similar to Nelson Mandela\u2019s, is the same faith in Christ, who became poor, and was always close to the poor and the outcast, which is the basis of our yes to the integral development of society\u2019s most neglected members (186).\u00a0 As joyful as someone who is witnessing the desert bloom, practicing Christians take it for certain that the inclusion of the poor in society, which is demanded by the Eucharist, will be fully realized when the Lord returns.\u00a0 Meanwhile, they partner with him in helping the poor in every way, and see to it that others help them likewise (Coste XII, 87).<\/p>\n","protected":false},"excerpt":{"rendered":"<p>Let your yes mean yes and your no mean no (Jas 5, 12) Jesus and his co-workers attend to the needs of people of all kinds.\u00a0 This proves that Isaiah\u2019s prophecy about the messianic kingdom &#8230; <a href=\"http:\/\/vincentians.com\/en\/third-sunday-of-advent-rosalino-reyes-dizon\/\" class=\"more-link\">Read More<\/a><\/p>\n","protected":false},"author":3,"featured_media":151052,"comment_status":"open","ping_status":"open","sticky":false,"template":"","format":"standard","meta":{"jetpack_post_was_ever_published":false,"_jetpack_newsletter_access":"","_jetpack_dont_email_post_to_subs":false,"_jetpack_newsletter_tier_id":0,"_jetpack_memberships_contains_paywalled_content":false,"_jetpack_memberships_contains_paid_content":false,"footnotes":"","jetpack_publicize_message":"","jetpack_publicize_feature_enabled":true,"jetpack_social_post_already_shared":true,"jetpack_social_options":{"image_generator_settings":{"template":"highway","default_image_id":0,"font":"","enabled":false},"version":2}},"categories":[95],"tags":[],"class_list":["post-108562","post","type-post","status-publish","format-standard","has-post-thumbnail","hentry","category-homilies-and-reflections-year-a"],"yoast_head":"<!-- This site is optimized with the Yoast SEO plugin v26.3 - https:\/\/yoast.com\/wordpress\/plugins\/seo\/ -->\n<title>Third Sunday of Advent (Rosalino Reyes Dizon) - We are Vincentians<\/title>\n<meta name=\"robots\" content=\"index, follow, max-snippet:-1, max-image-preview:large, max-video-preview:-1\" \/>\n<link rel=\"canonical\" href=\"http:\/\/vincentians.com\/en\/third-sunday-of-advent-rosalino-reyes-dizon\/\" \/>\n<meta property=\"og:locale\" content=\"en_US\" \/>\n<meta property=\"og:type\" content=\"article\" \/>\n<meta property=\"og:title\" content=\"Third Sunday of Advent (Rosalino Reyes Dizon) - We are Vincentians\" \/>\n<meta property=\"og:description\" content=\"Let your yes mean yes and your no mean no (Jas 5, 12) Jesus and his co-workers attend to the needs of people of all kinds.\u00a0 This proves that Isaiah\u2019s prophecy about the messianic kingdom ... Read More\" \/>\n<meta property=\"og:url\" content=\"http:\/\/vincentians.com\/en\/third-sunday-of-advent-rosalino-reyes-dizon\/\" \/>\n<meta property=\"og:site_name\" content=\"We are Vincentians\" \/>\n<meta property=\"article:publisher\" content=\"https:\/\/www.facebook.com\/WeAreVincentians\/\" \/>\n<meta property=\"article:published_time\" content=\"2013-12-13T23:17:20+00:00\" \/>\n<meta property=\"article:modified_time\" content=\"2016-07-11T16:36:52+00:00\" \/>\n<meta property=\"og:image\" content=\"https:\/\/i0.wp.com\/vincentians.com\/en\/wp-content\/uploads\/sites\/2\/2016\/07\/ross-featured.jpg?fit=1200%2C630\" \/>\n\t<meta property=\"og:image:width\" content=\"1200\" \/>\n\t<meta property=\"og:image:height\" content=\"630\" \/>\n\t<meta property=\"og:image:type\" content=\"image\/jpeg\" \/>\n<meta name=\"author\" content=\"Ross Reyes Dizon\" \/>\n<meta name=\"twitter:card\" content=\"summary_large_image\" \/>\n<meta name=\"twitter:creator\" content=\"@WeVincentians\" \/>\n<meta name=\"twitter:site\" content=\"@WeVincentians\" \/>\n<meta name=\"twitter:label1\" content=\"Written by\" \/>\n\t<meta name=\"twitter:data1\" content=\"Ross Reyes Dizon\" \/>\n\t<meta name=\"twitter:label2\" content=\"Est. reading time\" \/>\n\t<meta name=\"twitter:data2\" content=\"2 minutes\" \/>\n<script type=\"application\/ld+json\" class=\"yoast-schema-graph\">{\"@context\":\"https:\/\/schema.org\",\"@graph\":[{\"@type\":\"Article\",\"@id\":\"http:\/\/vincentians.com\/en\/third-sunday-of-advent-rosalino-reyes-dizon\/#article\",\"isPartOf\":{\"@id\":\"http:\/\/vincentians.com\/en\/third-sunday-of-advent-rosalino-reyes-dizon\/\"},\"author\":{\"name\":\"Ross Reyes Dizon\",\"@id\":\"https:\/\/vincentians.com\/en\/#\/schema\/person\/6b250b52a52e7af2128e08c36145865d\"},\"headline\":\"Third Sunday of Advent (Rosalino Reyes Dizon)\",\"datePublished\":\"2013-12-13T23:17:20+00:00\",\"dateModified\":\"2016-07-11T16:36:52+00:00\",\"mainEntityOfPage\":{\"@id\":\"http:\/\/vincentians.com\/en\/third-sunday-of-advent-rosalino-reyes-dizon\/\"},\"wordCount\":449,\"commentCount\":0,\"publisher\":{\"@id\":\"https:\/\/vincentians.com\/en\/#organization\"},\"image\":{\"@id\":\"http:\/\/vincentians.com\/en\/third-sunday-of-advent-rosalino-reyes-dizon\/#primaryimage\"},\"thumbnailUrl\":\"https:\/\/i0.wp.com\/vincentians.com\/en\/wp-content\/uploads\/sites\/2\/2016\/07\/ross-featured.jpg?fit=1200%2C630\",\"articleSection\":[\"Homilies and reflections, Year A\"],\"inLanguage\":\"en-US\",\"potentialAction\":[{\"@type\":\"CommentAction\",\"name\":\"Comment\",\"target\":[\"http:\/\/vincentians.com\/en\/third-sunday-of-advent-rosalino-reyes-dizon\/#respond\"]}]},{\"@type\":\"WebPage\",\"@id\":\"http:\/\/vincentians.com\/en\/third-sunday-of-advent-rosalino-reyes-dizon\/\",\"url\":\"http:\/\/vincentians.com\/en\/third-sunday-of-advent-rosalino-reyes-dizon\/\",\"name\":\"Third Sunday of Advent (Rosalino Reyes Dizon) - We are Vincentians\",\"isPartOf\":{\"@id\":\"https:\/\/vincentians.com\/en\/#website\"},\"primaryImageOfPage\":{\"@id\":\"http:\/\/vincentians.com\/en\/third-sunday-of-advent-rosalino-reyes-dizon\/#primaryimage\"},\"image\":{\"@id\":\"http:\/\/vincentians.com\/en\/third-sunday-of-advent-rosalino-reyes-dizon\/#primaryimage\"},\"thumbnailUrl\":\"https:\/\/i0.wp.com\/vincentians.com\/en\/wp-content\/uploads\/sites\/2\/2016\/07\/ross-featured.jpg?fit=1200%2C630\",\"datePublished\":\"2013-12-13T23:17:20+00:00\",\"dateModified\":\"2016-07-11T16:36:52+00:00\",\"breadcrumb\":{\"@id\":\"http:\/\/vincentians.com\/en\/third-sunday-of-advent-rosalino-reyes-dizon\/#breadcrumb\"},\"inLanguage\":\"en-US\",\"potentialAction\":[{\"@type\":\"ReadAction\",\"target\":[\"http:\/\/vincentians.com\/en\/third-sunday-of-advent-rosalino-reyes-dizon\/\"]}]},{\"@type\":\"ImageObject\",\"inLanguage\":\"en-US\",\"@id\":\"http:\/\/vincentians.com\/en\/third-sunday-of-advent-rosalino-reyes-dizon\/#primaryimage\",\"url\":\"https:\/\/i0.wp.com\/vincentians.com\/en\/wp-content\/uploads\/sites\/2\/2016\/07\/ross-featured.jpg?fit=1200%2C630\",\"contentUrl\":\"https:\/\/i0.wp.com\/vincentians.com\/en\/wp-content\/uploads\/sites\/2\/2016\/07\/ross-featured.jpg?fit=1200%2C630\",\"width\":1200,\"height\":630},{\"@type\":\"BreadcrumbList\",\"@id\":\"http:\/\/vincentians.com\/en\/third-sunday-of-advent-rosalino-reyes-dizon\/#breadcrumb\",\"itemListElement\":[{\"@type\":\"ListItem\",\"position\":1,\"name\":\"Portada\",\"item\":\"https:\/\/vincentians.com\/en\/\"},{\"@type\":\"ListItem\",\"position\":2,\"name\":\"Third Sunday of Advent (Rosalino Reyes Dizon)\"}]},{\"@type\":\"WebSite\",\"@id\":\"https:\/\/vincentians.com\/en\/#website\",\"url\":\"https:\/\/vincentians.com\/en\/\",\"name\":\"We are Vincentians\",\"description\":\"Know more to serve more\",\"publisher\":{\"@id\":\"https:\/\/vincentians.com\/en\/#organization\"},\"potentialAction\":[{\"@type\":\"SearchAction\",\"target\":{\"@type\":\"EntryPoint\",\"urlTemplate\":\"https:\/\/vincentians.com\/en\/?s={search_term_string}\"},\"query-input\":{\"@type\":\"PropertyValueSpecification\",\"valueRequired\":true,\"valueName\":\"search_term_string\"}}],\"inLanguage\":\"en-US\"},{\"@type\":\"Organization\",\"@id\":\"https:\/\/vincentians.com\/en\/#organization\",\"name\":\"The Vincentian Network\",\"url\":\"https:\/\/vincentians.com\/en\/\",\"logo\":{\"@type\":\"ImageObject\",\"inLanguage\":\"en-US\",\"@id\":\"https:\/\/vincentians.com\/en\/#\/schema\/logo\/image\/\",\"url\":\"https:\/\/i1.wp.com\/vincentians.com\/en\/wp-content\/uploads\/sites\/2\/2016\/06\/Vincentian-Network-logo-big.png?fit=778%2C778&ssl=1\",\"contentUrl\":\"https:\/\/i1.wp.com\/vincentians.com\/en\/wp-content\/uploads\/sites\/2\/2016\/06\/Vincentian-Network-logo-big.png?fit=778%2C778&ssl=1\",\"width\":778,\"height\":778,\"caption\":\"The Vincentian Network\"},\"image\":{\"@id\":\"https:\/\/vincentians.com\/en\/#\/schema\/logo\/image\/\"},\"sameAs\":[\"https:\/\/www.facebook.com\/WeAreVincentians\/\",\"https:\/\/x.com\/WeVincentians\"]},{\"@type\":\"Person\",\"@id\":\"https:\/\/vincentians.com\/en\/#\/schema\/person\/6b250b52a52e7af2128e08c36145865d\",\"name\":\"Ross Reyes Dizon\",\"image\":{\"@type\":\"ImageObject\",\"inLanguage\":\"en-US\",\"@id\":\"https:\/\/vincentians.com\/en\/#\/schema\/person\/image\/\",\"url\":\"https:\/\/secure.gravatar.com\/avatar\/84437f3208f798bde5b9b066b0f340b70134675aa8c7b7ec4464b9808a05c195?s=96&d=mm&r=g\",\"contentUrl\":\"https:\/\/secure.gravatar.com\/avatar\/84437f3208f798bde5b9b066b0f340b70134675aa8c7b7ec4464b9808a05c195?s=96&d=mm&r=g\",\"caption\":\"Ross Reyes Dizon\"},\"description\":\"Ross owes his formation to Filipino, Spanish and U.S. Vincentian missionaries. A native of the Philippines, he now lives in Vallejo, California, with his wife Melody. They have two grown-up sons, Vincent and Justin, and are full-time babysitters to grandchildren, Maximilian Fr\u00e9d\u00e9ric and Vivianna Louise. Ross volunteers at Margaret Todd Senior Center, Novato, California, teaching a free weekly citizenship class for mostly Spanish-speakers.\",\"url\":\"http:\/\/vincentians.com\/en\/author\/rosalino\/\"}]}<\/script>\n<!-- \/ Yoast SEO plugin. -->","yoast_head_json":{"title":"Third Sunday of Advent (Rosalino Reyes Dizon) - We are Vincentians","robots":{"index":"index","follow":"follow","max-snippet":"max-snippet:-1","max-image-preview":"max-image-preview:large","max-video-preview":"max-video-preview:-1"},"canonical":"http:\/\/vincentians.com\/en\/third-sunday-of-advent-rosalino-reyes-dizon\/","og_locale":"en_US","og_type":"article","og_title":"Third Sunday of Advent (Rosalino Reyes Dizon) - We are Vincentians","og_description":"Let your yes mean yes and your no mean no (Jas 5, 12) Jesus and his co-workers attend to the needs of people of all kinds.\u00a0 This proves that Isaiah\u2019s prophecy about the messianic kingdom ... Read More","og_url":"http:\/\/vincentians.com\/en\/third-sunday-of-advent-rosalino-reyes-dizon\/","og_site_name":"We are Vincentians","article_publisher":"https:\/\/www.facebook.com\/WeAreVincentians\/","article_published_time":"2013-12-13T23:17:20+00:00","article_modified_time":"2016-07-11T16:36:52+00:00","og_image":[{"width":1200,"height":630,"url":"https:\/\/i0.wp.com\/vincentians.com\/en\/wp-content\/uploads\/sites\/2\/2016\/07\/ross-featured.jpg?fit=1200%2C630","type":"image\/jpeg"}],"author":"Ross Reyes Dizon","twitter_card":"summary_large_image","twitter_creator":"@WeVincentians","twitter_site":"@WeVincentians","twitter_misc":{"Written by":"Ross Reyes Dizon","Est. reading time":"2 minutes"},"schema":{"@context":"https:\/\/schema.org","@graph":[{"@type":"Article","@id":"http:\/\/vincentians.com\/en\/third-sunday-of-advent-rosalino-reyes-dizon\/#article","isPartOf":{"@id":"http:\/\/vincentians.com\/en\/third-sunday-of-advent-rosalino-reyes-dizon\/"},"author":{"name":"Ross Reyes Dizon","@id":"https:\/\/vincentians.com\/en\/#\/schema\/person\/6b250b52a52e7af2128e08c36145865d"},"headline":"Third Sunday of Advent (Rosalino Reyes Dizon)","datePublished":"2013-12-13T23:17:20+00:00","dateModified":"2016-07-11T16:36:52+00:00","mainEntityOfPage":{"@id":"http:\/\/vincentians.com\/en\/third-sunday-of-advent-rosalino-reyes-dizon\/"},"wordCount":449,"commentCount":0,"publisher":{"@id":"https:\/\/vincentians.com\/en\/#organization"},"image":{"@id":"http:\/\/vincentians.com\/en\/third-sunday-of-advent-rosalino-reyes-dizon\/#primaryimage"},"thumbnailUrl":"https:\/\/i0.wp.com\/vincentians.com\/en\/wp-content\/uploads\/sites\/2\/2016\/07\/ross-featured.jpg?fit=1200%2C630","articleSection":["Homilies and reflections, Year A"],"inLanguage":"en-US","potentialAction":[{"@type":"CommentAction","name":"Comment","target":["http:\/\/vincentians.com\/en\/third-sunday-of-advent-rosalino-reyes-dizon\/#respond"]}]},{"@type":"WebPage","@id":"http:\/\/vincentians.com\/en\/third-sunday-of-advent-rosalino-reyes-dizon\/","url":"http:\/\/vincentians.com\/en\/third-sunday-of-advent-rosalino-reyes-dizon\/","name":"Third Sunday of Advent (Rosalino Reyes Dizon) - We are Vincentians","isPartOf":{"@id":"https:\/\/vincentians.com\/en\/#website"},"primaryImageOfPage":{"@id":"http:\/\/vincentians.com\/en\/third-sunday-of-advent-rosalino-reyes-dizon\/#primaryimage"},"image":{"@id":"http:\/\/vincentians.com\/en\/third-sunday-of-advent-rosalino-reyes-dizon\/#primaryimage"},"thumbnailUrl":"https:\/\/i0.wp.com\/vincentians.com\/en\/wp-content\/uploads\/sites\/2\/2016\/07\/ross-featured.jpg?fit=1200%2C630","datePublished":"2013-12-13T23:17:20+00:00","dateModified":"2016-07-11T16:36:52+00:00","breadcrumb":{"@id":"http:\/\/vincentians.com\/en\/third-sunday-of-advent-rosalino-reyes-dizon\/#breadcrumb"},"inLanguage":"en-US","potentialAction":[{"@type":"ReadAction","target":["http:\/\/vincentians.com\/en\/third-sunday-of-advent-rosalino-reyes-dizon\/"]}]},{"@type":"ImageObject","inLanguage":"en-US","@id":"http:\/\/vincentians.com\/en\/third-sunday-of-advent-rosalino-reyes-dizon\/#primaryimage","url":"https:\/\/i0.wp.com\/vincentians.com\/en\/wp-content\/uploads\/sites\/2\/2016\/07\/ross-featured.jpg?fit=1200%2C630","contentUrl":"https:\/\/i0.wp.com\/vincentians.com\/en\/wp-content\/uploads\/sites\/2\/2016\/07\/ross-featured.jpg?fit=1200%2C630","width":1200,"height":630},{"@type":"BreadcrumbList","@id":"http:\/\/vincentians.com\/en\/third-sunday-of-advent-rosalino-reyes-dizon\/#breadcrumb","itemListElement":[{"@type":"ListItem","position":1,"name":"Portada","item":"https:\/\/vincentians.com\/en\/"},{"@type":"ListItem","position":2,"name":"Third Sunday of Advent (Rosalino Reyes Dizon)"}]},{"@type":"WebSite","@id":"https:\/\/vincentians.com\/en\/#website","url":"https:\/\/vincentians.com\/en\/","name":"We are Vincentians","description":"Know more to serve more","publisher":{"@id":"https:\/\/vincentians.com\/en\/#organization"},"potentialAction":[{"@type":"SearchAction","target":{"@type":"EntryPoint","urlTemplate":"https:\/\/vincentians.com\/en\/?s={search_term_string}"},"query-input":{"@type":"PropertyValueSpecification","valueRequired":true,"valueName":"search_term_string"}}],"inLanguage":"en-US"},{"@type":"Organization","@id":"https:\/\/vincentians.com\/en\/#organization","name":"The Vincentian Network","url":"https:\/\/vincentians.com\/en\/","logo":{"@type":"ImageObject","inLanguage":"en-US","@id":"https:\/\/vincentians.com\/en\/#\/schema\/logo\/image\/","url":"https:\/\/i1.wp.com\/vincentians.com\/en\/wp-content\/uploads\/sites\/2\/2016\/06\/Vincentian-Network-logo-big.png?fit=778%2C778&ssl=1","contentUrl":"https:\/\/i1.wp.com\/vincentians.com\/en\/wp-content\/uploads\/sites\/2\/2016\/06\/Vincentian-Network-logo-big.png?fit=778%2C778&ssl=1","width":778,"height":778,"caption":"The Vincentian Network"},"image":{"@id":"https:\/\/vincentians.com\/en\/#\/schema\/logo\/image\/"},"sameAs":["https:\/\/www.facebook.com\/WeAreVincentians\/","https:\/\/x.com\/WeVincentians"]},{"@type":"Person","@id":"https:\/\/vincentians.com\/en\/#\/schema\/person\/6b250b52a52e7af2128e08c36145865d","name":"Ross Reyes Dizon","image":{"@type":"ImageObject","inLanguage":"en-US","@id":"https:\/\/vincentians.com\/en\/#\/schema\/person\/image\/","url":"https:\/\/secure.gravatar.com\/avatar\/84437f3208f798bde5b9b066b0f340b70134675aa8c7b7ec4464b9808a05c195?s=96&d=mm&r=g","contentUrl":"https:\/\/secure.gravatar.com\/avatar\/84437f3208f798bde5b9b066b0f340b70134675aa8c7b7ec4464b9808a05c195?s=96&d=mm&r=g","caption":"Ross Reyes Dizon"},"description":"Ross owes his formation to Filipino, Spanish and U.S. Vincentian missionaries. A native of the Philippines, he now lives in Vallejo, California, with his wife Melody. They have two grown-up sons, Vincent and Justin, and are full-time babysitters to grandchildren, Maximilian Fr\u00e9d\u00e9ric and Vivianna Louise. Ross volunteers at Margaret Todd Senior Center, Novato, California, teaching a free weekly citizenship class for mostly Spanish-speakers.","url":"http:\/\/vincentians.com\/en\/author\/rosalino\/"}]}},"jetpack_publicize_connections":[],"jetpack_featured_media_url":"https:\/\/i0.wp.com\/vincentians.com\/en\/wp-content\/uploads\/sites\/2\/2016\/07\/ross-featured.jpg?fit=1200%2C630","jetpack_sharing_enabled":true,"jetpack_shortlink":"https:\/\/wp.me\/p7K2Ow-sf0","jetpack-related-posts":[{"id":109645,"url":"http:\/\/vincentians.com\/en\/ascension-jose-antonio-pagola\/","url_meta":{"origin":108562,"position":0},"title":"The Ascension of the Lord (Jos\u00e9 Antonio Pagola)","author":"Ross Reyes Dizon","date":"May 29, 2014","format":false,"excerpt":"Not closing the horizon Busy only with the immediate acquisition of greater comfort in life, and drawn by small aspirations and hopes, we run the risk of impoverishing the horizon of our existence and losing the longing for the eternal. Is this progress? Is it a mistake?\u00a0 There are two\u2026","rel":"","context":"In &quot;Homilies and reflections, Year A&quot;","block_context":{"text":"Homilies and reflections, Year A","link":"http:\/\/vincentians.com\/en\/category\/homilies-and-reflections-on-the-word-of-god\/homilies-and-reflections-year-a\/"},"img":{"alt_text":"","src":"https:\/\/i0.wp.com\/vincentians.com\/en\/wp-content\/uploads\/sites\/2\/2016\/07\/pagola-feat.jpg?fit=1200%2C630&resize=350%2C200","width":350,"height":200,"srcset":"https:\/\/i0.wp.com\/vincentians.com\/en\/wp-content\/uploads\/sites\/2\/2016\/07\/pagola-feat.jpg?fit=1200%2C630&resize=350%2C200 1x, https:\/\/i0.wp.com\/vincentians.com\/en\/wp-content\/uploads\/sites\/2\/2016\/07\/pagola-feat.jpg?fit=1200%2C630&resize=525%2C300 1.5x, https:\/\/i0.wp.com\/vincentians.com\/en\/wp-content\/uploads\/sites\/2\/2016\/07\/pagola-feat.jpg?fit=1200%2C630&resize=700%2C400 2x, https:\/\/i0.wp.com\/vincentians.com\/en\/wp-content\/uploads\/sites\/2\/2016\/07\/pagola-feat.jpg?fit=1200%2C630&resize=1050%2C600 3x"},"classes":[]},{"id":116045,"url":"http:\/\/vincentians.com\/en\/fifth-sunday-of-easter-jose-antonio-pagola-3\/","url_meta":{"origin":108562,"position":1},"title":"Fifth Sunday of Easter (Jos\u00e9 Antonio Pagola)","author":"Ross Reyes Dizon","date":"April 27, 2015","format":false,"excerpt":"Let us not stray from Jesus The image is simple but powerfully expressive. Jesus is the true vine, full of life, and the disciples are the branches who live off of the sap that flows from Jesus to them; the Father is the vine grower who personally takes care of\u2026","rel":"","context":"In &quot;Homilies and reflections, Year B&quot;","block_context":{"text":"Homilies and reflections, Year B","link":"http:\/\/vincentians.com\/en\/category\/homilies-and-reflections-on-the-word-of-god\/homilies-and-reflections-year-b\/"},"img":{"alt_text":"","src":"https:\/\/i0.wp.com\/vincentians.com\/en\/wp-content\/uploads\/sites\/2\/2016\/07\/pagola-feat.jpg?fit=1200%2C630&resize=350%2C200","width":350,"height":200,"srcset":"https:\/\/i0.wp.com\/vincentians.com\/en\/wp-content\/uploads\/sites\/2\/2016\/07\/pagola-feat.jpg?fit=1200%2C630&resize=350%2C200 1x, https:\/\/i0.wp.com\/vincentians.com\/en\/wp-content\/uploads\/sites\/2\/2016\/07\/pagola-feat.jpg?fit=1200%2C630&resize=525%2C300 1.5x, https:\/\/i0.wp.com\/vincentians.com\/en\/wp-content\/uploads\/sites\/2\/2016\/07\/pagola-feat.jpg?fit=1200%2C630&resize=700%2C400 2x, https:\/\/i0.wp.com\/vincentians.com\/en\/wp-content\/uploads\/sites\/2\/2016\/07\/pagola-feat.jpg?fit=1200%2C630&resize=1050%2C600 3x"},"classes":[]},{"id":64429,"url":"http:\/\/vincentians.com\/en\/frederic-ozanam-a-layman-for-now-chapter-1\/","url_meta":{"origin":108562,"position":2},"title":"Fr\u00e9d\u00e9ric Ozanam, A Layman for Now. Chapter 1","author":"Francisco Javier Fern\u00e1ndez Chento","date":"September 9, 2016","format":false,"excerpt":"Introduction The joys and the hopes, the griefs and the anxieties of the men of this age, especially those who are poor or in any way afflicted, these too are joys and hopes, the griefs and the anxieties of the followers of Christ. Indeed, nothing genuinely human fails to raise\u2026","rel":"","context":"In &quot;Fr\u00e9d\u00e9ric Ozanam&quot;","block_context":{"text":"Fr\u00e9d\u00e9ric Ozanam","link":"http:\/\/vincentians.com\/en\/category\/the-vincentian-family\/founders\/frederic-ozanam\/"},"img":{"alt_text":"","src":"https:\/\/i0.wp.com\/vincentians.com\/en\/wp-content\/uploads\/sites\/2\/2016\/07\/frederic-ozanam-layman-for-now.jpg?fit=1200%2C630&resize=350%2C200","width":350,"height":200,"srcset":"https:\/\/i0.wp.com\/vincentians.com\/en\/wp-content\/uploads\/sites\/2\/2016\/07\/frederic-ozanam-layman-for-now.jpg?fit=1200%2C630&resize=350%2C200 1x, https:\/\/i0.wp.com\/vincentians.com\/en\/wp-content\/uploads\/sites\/2\/2016\/07\/frederic-ozanam-layman-for-now.jpg?fit=1200%2C630&resize=525%2C300 1.5x, https:\/\/i0.wp.com\/vincentians.com\/en\/wp-content\/uploads\/sites\/2\/2016\/07\/frederic-ozanam-layman-for-now.jpg?fit=1200%2C630&resize=700%2C400 2x, https:\/\/i0.wp.com\/vincentians.com\/en\/wp-content\/uploads\/sites\/2\/2016\/07\/frederic-ozanam-layman-for-now.jpg?fit=1200%2C630&resize=1050%2C600 3x"},"classes":[]},{"id":109710,"url":"http:\/\/vincentians.com\/en\/seventeenth-sunday-in-ordinary-time-jose-antonio-pagola-2\/","url_meta":{"origin":108562,"position":3},"title":"Seventeenth Sunday in Ordinary Time (Jos\u00e9 Antonio Pagola)","author":"Ross Reyes Dizon","date":"July 26, 2014","format":false,"excerpt":"The most important decision The gospel records two short parables with the same message. In both accounts the main character discovers an enormously valuable treasure or a pearl of incalculable value. And both main characters react in the same way: they decide gladly to sell what they have to acquire\u2026","rel":"","context":"In &quot;Homilies and reflections, Year A&quot;","block_context":{"text":"Homilies and reflections, Year A","link":"http:\/\/vincentians.com\/en\/category\/homilies-and-reflections-on-the-word-of-god\/homilies-and-reflections-year-a\/"},"img":{"alt_text":"","src":"https:\/\/i0.wp.com\/vincentians.com\/en\/wp-content\/uploads\/sites\/2\/2016\/07\/pagola-feat.jpg?fit=1200%2C630&resize=350%2C200","width":350,"height":200,"srcset":"https:\/\/i0.wp.com\/vincentians.com\/en\/wp-content\/uploads\/sites\/2\/2016\/07\/pagola-feat.jpg?fit=1200%2C630&resize=350%2C200 1x, https:\/\/i0.wp.com\/vincentians.com\/en\/wp-content\/uploads\/sites\/2\/2016\/07\/pagola-feat.jpg?fit=1200%2C630&resize=525%2C300 1.5x, https:\/\/i0.wp.com\/vincentians.com\/en\/wp-content\/uploads\/sites\/2\/2016\/07\/pagola-feat.jpg?fit=1200%2C630&resize=700%2C400 2x, https:\/\/i0.wp.com\/vincentians.com\/en\/wp-content\/uploads\/sites\/2\/2016\/07\/pagola-feat.jpg?fit=1200%2C630&resize=1050%2C600 3x"},"classes":[]},{"id":107629,"url":"http:\/\/vincentians.com\/en\/twenty-third-sunday-in-ordinary-time-jose-antonio-pagola\/","url_meta":{"origin":108562,"position":4},"title":"Twenty-Third Sunday in Ordinary Time (Jos\u00e9 Antonio Pagola)","author":"Ross Reyes Dizon","date":"September 6, 2013","format":false,"excerpt":"In not just any way Jesus is on his way to Jerusalem.\u00a0 The Evangelist tells us that \u201cgreat crowds were traveling\u201d with him.\u00a0 Jesus, however, has no illusions.\u00a0 He does not let himself be fooled by the populace\u2019s facile enthusiasm. \u00a0What worries many people today is how the number of\u2026","rel":"","context":"In &quot;Homilies and reflections, Year C&quot;","block_context":{"text":"Homilies and reflections, Year C","link":"http:\/\/vincentians.com\/en\/category\/homilies-and-reflections-on-the-word-of-god\/homilies-and-reflections-year-c\/"},"img":{"alt_text":"","src":"https:\/\/i0.wp.com\/vincentians.com\/en\/wp-content\/uploads\/sites\/2\/2016\/07\/pagola-feat.jpg?fit=1200%2C630&resize=350%2C200","width":350,"height":200,"srcset":"https:\/\/i0.wp.com\/vincentians.com\/en\/wp-content\/uploads\/sites\/2\/2016\/07\/pagola-feat.jpg?fit=1200%2C630&resize=350%2C200 1x, https:\/\/i0.wp.com\/vincentians.com\/en\/wp-content\/uploads\/sites\/2\/2016\/07\/pagola-feat.jpg?fit=1200%2C630&resize=525%2C300 1.5x, https:\/\/i0.wp.com\/vincentians.com\/en\/wp-content\/uploads\/sites\/2\/2016\/07\/pagola-feat.jpg?fit=1200%2C630&resize=700%2C400 2x, https:\/\/i0.wp.com\/vincentians.com\/en\/wp-content\/uploads\/sites\/2\/2016\/07\/pagola-feat.jpg?fit=1200%2C630&resize=1050%2C600 3x"},"classes":[]},{"id":107470,"url":"http:\/\/vincentians.com\/en\/most-holy-body-and-blood-of-christ-jose-antonio-pagola\/","url_meta":{"origin":108562,"position":5},"title":"Most Holy Body and Blood of Christ (Jos\u00e9 Antonio Pagola)","author":"Ross Reyes Dizon","date":"May 30, 2013","format":false,"excerpt":"In the midst of crisis The economic crisis is going to be long and difficult.\u00a0 We should not\u00a0fool ourselves.\u00a0 We will not need to look elsewhere.\u00a0 In our more or less immediate surroundings, we will be running into families forced to live on charity, persons threatened with eviction, neighbors hit\u2026","rel":"","context":"In &quot;Homilies and reflections, Year C&quot;","block_context":{"text":"Homilies and reflections, Year C","link":"http:\/\/vincentians.com\/en\/category\/homilies-and-reflections-on-the-word-of-god\/homilies-and-reflections-year-c\/"},"img":{"alt_text":"","src":"https:\/\/i0.wp.com\/vincentians.com\/en\/wp-content\/uploads\/sites\/2\/2016\/07\/pagola-feat.jpg?fit=1200%2C630&resize=350%2C200","width":350,"height":200,"srcset":"https:\/\/i0.wp.com\/vincentians.com\/en\/wp-content\/uploads\/sites\/2\/2016\/07\/pagola-feat.jpg?fit=1200%2C630&resize=350%2C200 1x, https:\/\/i0.wp.com\/vincentians.com\/en\/wp-content\/uploads\/sites\/2\/2016\/07\/pagola-feat.jpg?fit=1200%2C630&resize=525%2C300 1.5x, https:\/\/i0.wp.com\/vincentians.com\/en\/wp-content\/uploads\/sites\/2\/2016\/07\/pagola-feat.jpg?fit=1200%2C630&resize=700%2C400 2x, https:\/\/i0.wp.com\/vincentians.com\/en\/wp-content\/uploads\/sites\/2\/2016\/07\/pagola-feat.jpg?fit=1200%2C630&resize=1050%2C600 3x"},"classes":[]}],"_links":{"self":[{"href":"http:\/\/vincentians.com\/en\/wp-json\/wp\/v2\/posts\/108562","targetHints":{"allow":["GET"]}}],"collection":[{"href":"http:\/\/vincentians.com\/en\/wp-json\/wp\/v2\/posts"}],"about":[{"href":"http:\/\/vincentians.com\/en\/wp-json\/wp\/v2\/types\/post"}],"author":[{"embeddable":true,"href":"http:\/\/vincentians.com\/en\/wp-json\/wp\/v2\/users\/3"}],"replies":[{"embeddable":true,"href":"http:\/\/vincentians.com\/en\/wp-json\/wp\/v2\/comments?post=108562"}],"version-history":[{"count":0,"href":"http:\/\/vincentians.com\/en\/wp-json\/wp\/v2\/posts\/108562\/revisions"}],"wp:featuredmedia":[{"embeddable":true,"href":"http:\/\/vincentians.com\/en\/wp-json\/wp\/v2\/media\/151052"}],"wp:attachment":[{"href":"http:\/\/vincentians.com\/en\/wp-json\/wp\/v2\/media?parent=108562"}],"wp:term":[{"taxonomy":"category","embeddable":true,"href":"http:\/\/vincentians.com\/en\/wp-json\/wp\/v2\/categories?post=108562"},{"taxonomy":"post_tag","embeddable":true,"href":"http:\/\/vincentians.com\/en\/wp-json\/wp\/v2\/tags?post=108562"}],"curies":[{"name":"wp","href":"https:\/\/api.w.org\/{rel}","templated":true}]}}